{"id":53123,"date":"2021-12-16T12:02:27","date_gmt":"2021-12-16T11:02:27","guid":{"rendered":"https:\/\/conversesacatalunya.cat\/?p=53123"},"modified":"2021-12-16T12:02:27","modified_gmt":"2021-12-16T11:02:27","slug":"silencio-y-reflexion","status":"publish","type":"post","link":"https:\/\/conversesacatalunya.cat\/es\/silencio-y-reflexion\/","title":{"rendered":"Silencio y reflexi\u00f3n"},"content":{"rendered":"<p>En un mundo lleno de ruido, con una realidad a menudo dura y deshumanizada, es importante saber encontrar algunos momentos para el silencio y la reflexi\u00f3n.<\/p>\n<p><strong>Los expertos reconocen que estos espacios favorecen la salud f\u00edsica y mental<\/strong>. Los ejecutivos que por su trabajo sufren un fuerte estr\u00e9s, encuentran en el silencio, un b\u00e1lsamo que suaviza la tensi\u00f3n. Llama la atenci\u00f3n que en las escuelas de Econom\u00eda y Empresa se ofrecen espacios de meditaci\u00f3n y silencio. Esto que para algunos les parecer\u00e1 una p\u00e9rdida de tiempo, es, en cambio, una forma magn\u00edfica de salir de la mara\u00f1a en la que a menudo nos encontramos.<\/p>\n<p>El espacio de silencio puede estar en medio de la jornada, o con tranquilidad y con m\u00e1s tiempo, por la noche. O bien dedicarle una jornada entera para <strong>profundizar en el gusto por el silencio, por la soledad y por la contemplaci\u00f3n<\/strong>. Ser\u00eda como el perfil de una m\u00edstica de nuestro tiempo. Una m\u00edstica que carece de fractura entre interioridad y exterioridad, que no tiene fractura entre lo espiritual y lo material. Lo que pod\u00edamos llamar una m\u00edstica fuertemente encarnada, que nos lleva a estar muy despiertos en la realidad en la que vivimos, para ver claro lo fundamental y lo superfluo, y eso hacerlo como un instrumento de reflexi\u00f3n sobre el sentido de nuestra existencia.<\/p>\n<p>Y podr\u00edamos preguntarnos: \u00bfEn el mundo de hoy, a menudo angustioso y conflictivo, hay lugar para una dimensi\u00f3n m\u00edstica de la vida? Seguramente muchos dir\u00e1n que no, <strong>que la m\u00edstica es una reliquia del pasado<\/strong>. Pero es evidente que la m\u00edstica tendr\u00e1 connotaciones diferentes, seg\u00fan la \u00e9poca y seg\u00fan la situaci\u00f3n que vivamos. Lo que cuenta, es ese tipo de v\u00ednculo existencial entre el yo personal y el Misterio, de modo que cuanto m\u00e1s fuerte es este v\u00ednculo, m\u00e1s fuerte es la comuni\u00f3n con la realidad.<\/p>\n<p>Se trata de todo lo que hago en mi vida diaria, verlo de otra forma. <strong>Convertir cada momento presente, en un momento sagrado, especialmente cuando me encuentro con los dem\u00e1s,<\/strong> mejorando y positivizando las relaciones, pacificando los conflictos empezando por nosotros mismos. Si hacemos esto, ya hacemos mucho, porque colaboramos en algo tan noble como es humanizar la vida y el mundo.<\/p>\n<span class='bctt-click-to-tweet'><span class='bctt-ctt-text'><a href='https:\/\/twitter.com\/intent\/tweet?url=https%3A%2F%2Fconversesacatalunya.cat%2Fes%2Fsilencio-y-reflexion%2F&#038;text=Llama%20la%20atenci%C3%B3n%20que%20en%20las%20escuelas%20de%20Econom%C3%ADa%20y%20Empresa%20se%20ofrecen%20espacios%20de%20meditaci%C3%B3n%20y%20silencio&#038;via=conversesacat&#038;related=conversesacat' target='_blank'rel=\"noopener noreferrer\">Llama la atenci\u00f3n que en las escuelas de Econom\u00eda y Empresa se ofrecen espacios de meditaci\u00f3n y silencio <\/a><\/span><a href='https:\/\/twitter.com\/intent\/tweet?url=https%3A%2F%2Fconversesacatalunya.cat%2Fes%2Fsilencio-y-reflexion%2F&#038;text=Llama%20la%20atenci%C3%B3n%20que%20en%20las%20escuelas%20de%20Econom%C3%ADa%20y%20Empresa%20se%20ofrecen%20espacios%20de%20meditaci%C3%B3n%20y%20silencio&#038;via=conversesacat&#038;related=conversesacat' target='_blank' class='bctt-ctt-btn'rel=\"noopener noreferrer\">Compartir en X<\/a><\/span>\n<div id=\"polls-129\" class=\"wp-polls\">\n\t<form id=\"polls_form_129\" class=\"wp-polls-form\" action=\"\/index.php\" method=\"post\">\n\t\t<p style=\"display: none;\"><input type=\"hidden\" id=\"poll_129_nonce\" name=\"wp-polls-nonce\" value=\"c08c5a2bf3\" \/><\/p>\n\t\t<p style=\"display: none;\"><input type=\"hidden\" name=\"poll_id\" value=\"129\" \/><\/p>\n\t\t<p style=\"text-align: center\"><strong>Est\u00e0s d'acord que el govern espanyol ens digui quines s\u00f3n les joguines que hem de regalar als nostres fills?<\/strong><\/p><div id=\"polls-129-ans\" class=\"wp-polls-ans\"><ul class=\"wp-polls-ul\">\n\t\t<li><input type=\"radio\" id=\"poll-answer-315\" name=\"poll_129\" value=\"315\" \/> <label for=\"poll-answer-315\">S\u00ed<\/label><\/li>\n\t\t<li><input type=\"radio\" id=\"poll-answer-316\" name=\"poll_129\" value=\"316\" \/> <label for=\"poll-answer-316\">No<\/label><\/li>\n\t\t<li><input type=\"radio\" id=\"poll-answer-317\" name=\"poll_129\" value=\"317\" \/> <label for=\"poll-answer-317\">No ho s\u00e9<\/label><\/li>\n\t\t<\/ul><p style=\"text-align: center\"><input type=\"button\" name=\"vote\" value=\"   Vota   \" class=\"Buttons\" onclick=\"poll_vote(129);\" \/><\/p><p style=\"text-align: center\"><a href=\"#ViewPollResults\" onclick=\"poll_result(129); return false;\" title=\"View Results Of This Poll\">Mira els resultats<\/a><\/p><\/div>\n\t<\/form>\n<\/div>\n<div id=\"polls-129-loading\" class=\"wp-polls-loading\"><img decoding=\"async\" data-src=\"https:\/\/conversesacatalunya.cat\/wp-content\/plugins\/wp-polls\/images\/loading.gif\" width=\"16\" height=\"16\" alt=\"Cargando ...\" title=\"Cargando ...\" class=\"wp-polls-image lazyload\" src=\"data:image\/svg+xml;base64,PHN2ZyB3aWR0aD0iMSIgaGVpZ2h0PSIxIiB4bWxucz0iaHR0cDovL3d3dy53My5vcmcvMjAwMC9zdmciPjwvc3ZnPg==\" style=\"--smush-placeholder-width: 16px; --smush-placeholder-aspect-ratio: 16\/16;\" \/>&nbsp;Cargando ...<\/div>\n\n<p>&nbsp;<\/p>\n","protected":false},"excerpt":{"rendered":"<p>En un mundo lleno de ruido, con una realidad a menudo dura y deshumanizada, es importante saber encontrar algunos momentos para el silencio y la reflexi\u00f3n. Los expertos reconocen que estos espacios favorecen la salud f\u00edsica y mental. Los ejecutivos que por su trabajo sufren un fuerte estr\u00e9s, encuentran en el silencio, un b\u00e1lsamo que suaviza la tensi\u00f3n. Llama la atenci\u00f3n que en las escuelas de Econom\u00eda y Empresa se ofrecen espacios de meditaci\u00f3n y silencio. Esto que para algunos les parecer\u00e1 una p\u00e9rdida de tiempo, es, en cambio, una forma magn\u00edfica de salir de la mara\u00f1a en la que a menudo nos encontramos. El espacio de silencio puede estar en medio de la jornada, o con tranquilidad y con m\u00e1s tiempo, por la noche. O bien dedicarle una jornada entera para profundizar en el gusto por el silencio, por la soledad y por la contemplaci\u00f3n. Ser\u00eda como el perfil de una m\u00edstica de nuestro tiempo. Una m\u00edstica que carece de fractura entre interioridad y exterioridad, que no tiene fractura entre lo espiritual y lo material. Lo que pod\u00edamos llamar una m\u00edstica fuertemente encarnada, que nos lleva a estar muy despiertos en la realidad en la que vivimos, para ver claro lo fundamental y lo superfluo, y eso hacerlo como un instrumento de reflexi\u00f3n sobre el sentido de nuestra existencia. Y podr\u00edamos preguntarnos: \u00bfEn el mundo de hoy, a menudo angustioso y conflictivo, hay lugar para una dimensi\u00f3n m\u00edstica de la vida? Seguramente muchos dir\u00e1n que no, que la m\u00edstica es una reliquia del pasado. Pero es evidente que la m\u00edstica tendr\u00e1 connotaciones diferentes, seg\u00fan la \u00e9poca y seg\u00fan la situaci\u00f3n que vivamos. Lo que cuenta, es ese tipo de v\u00ednculo existencial entre el yo personal y el Misterio, de modo que cuanto m\u00e1s fuerte es este v\u00ednculo, m\u00e1s fuerte es la comuni\u00f3n con la realidad. Se trata de todo lo que hago en mi vida diaria, verlo de otra forma. Convertir cada momento presente, en un momento sagrado, especialmente cuando me encuentro con los dem\u00e1s, mejorando y positivizando las relaciones, pacificando los conflictos empezando por nosotros mismos. Si hacemos esto, ya hacemos mucho, porque colaboramos en algo tan noble como es humanizar la vida y el mundo. &nbsp;<\/p>\n","protected":false},"author":16,"featured_media":53116,"comment_status":"open","ping_status":"open","sticky":false,"template":"","format":"standard","meta":{"_FSMCFIC_featured_image_caption":"","_FSMCFIC_featured_image_nocaption":"","_FSMCFIC_featured_image_hide":"","footnotes":""},"categories":[804],"tags":[2124,2126,4290],"class_list":["post-53123","post","type-post","status-publish","format-standard","has-post-thumbnail","hentry","category-opinem-es","tag-reflexio-es","tag-reflexion","tag-silencio"],"yoast_head":"<!-- This site is optimized with the Yoast SEO plugin v26.8 - https:\/\/yoast.com\/product\/yoast-seo-wordpress\/ -->\n<title>Silencio y reflexi\u00f3n - Converses a Catalunya<\/title>\n<meta name=\"description\" content=\"En un m\u00f3n ple de soroll, amb una realitat sovint dura i deshumanitzada, \u00e9s important saber trobar alguns moments pel silenci i la reflexi\u00f3.\" \/>\n<meta name=\"robots\" content=\"index, follow, max-snippet:-1, max-image-preview:large, max-video-preview:-1\" \/>\n<link rel=\"canonical\" href=\"https:\/\/conversesacatalunya.cat\/es\/silencio-y-reflexion\/\" \/>\n<meta property=\"og:locale\" content=\"es_ES\" \/>\n<meta property=\"og:type\" content=\"article\" \/>\n<meta property=\"og:title\" content=\"Silencio y reflexi\u00f3n - Converses a Catalunya\" \/>\n<meta property=\"og:description\" content=\"En un m\u00f3n ple de soroll, amb una realitat sovint dura i deshumanitzada, \u00e9s important saber trobar alguns moments pel silenci i la reflexi\u00f3.\" \/>\n<meta property=\"og:url\" content=\"https:\/\/conversesacatalunya.cat\/es\/silencio-y-reflexion\/\" \/>\n<meta property=\"og:site_name\" content=\"Converses a Catalunya\" \/>\n<meta property=\"article:published_time\" content=\"2021-12-16T11:02:27+00:00\" \/>\n<meta property=\"og:image\" content=\"https:\/\/conversesacatalunya.cat\/wp-content\/uploads\/2021\/12\/silenci.jpg\" \/>\n\t<meta property=\"og:image:width\" content=\"640\" \/>\n\t<meta property=\"og:image:height\" content=\"426\" \/>\n\t<meta property=\"og:image:type\" content=\"image\/jpeg\" \/>\n<meta name=\"author\" content=\"Antoni Pedragosa\" \/>\n<meta name=\"twitter:card\" content=\"summary_large_image\" \/>\n<meta name=\"twitter:label1\" content=\"Escrito por\" \/>\n\t<meta name=\"twitter:data1\" content=\"Antoni Pedragosa\" \/>\n\t<meta name=\"twitter:label2\" content=\"Tiempo de lectura\" \/>\n\t<meta name=\"twitter:data2\" content=\"3 minutos\" \/>\n<script type=\"application\/ld+json\" class=\"yoast-schema-graph\">{\"@context\":\"https:\/\/schema.org\",\"@graph\":[{\"@type\":\"Article\",\"@id\":\"https:\/\/conversesacatalunya.cat\/es\/silencio-y-reflexion\/#article\",\"isPartOf\":{\"@id\":\"https:\/\/conversesacatalunya.cat\/es\/silencio-y-reflexion\/\"},\"author\":{\"name\":\"Antoni Pedragosa\",\"@id\":\"https:\/\/conversesacatalunya.cat\/#\/schema\/person\/c7d367ce5cf939081390b9cff82b9efa\"},\"headline\":\"Silencio y reflexi\u00f3n\",\"datePublished\":\"2021-12-16T11:02:27+00:00\",\"mainEntityOfPage\":{\"@id\":\"https:\/\/conversesacatalunya.cat\/es\/silencio-y-reflexion\/\"},\"wordCount\":434,\"commentCount\":0,\"image\":{\"@id\":\"https:\/\/conversesacatalunya.cat\/es\/silencio-y-reflexion\/#primaryimage\"},\"thumbnailUrl\":\"https:\/\/conversesacatalunya.cat\/wp-content\/uploads\/2021\/12\/silenci.jpg\",\"keywords\":[\"reflexi\u00f3\",\"reflexi\u00f3n\",\"silencio\"],\"articleSection\":[\"Opinem (ES)\"],\"inLanguage\":\"es\",\"potentialAction\":[{\"@type\":\"CommentAction\",\"name\":\"Comment\",\"target\":[\"https:\/\/conversesacatalunya.cat\/es\/silencio-y-reflexion\/#respond\"]}]},{\"@type\":\"WebPage\",\"@id\":\"https:\/\/conversesacatalunya.cat\/es\/silencio-y-reflexion\/\",\"url\":\"https:\/\/conversesacatalunya.cat\/es\/silencio-y-reflexion\/\",\"name\":\"Silencio y reflexi\u00f3n - Converses a Catalunya\",\"isPartOf\":{\"@id\":\"https:\/\/conversesacatalunya.cat\/#website\"},\"primaryImageOfPage\":{\"@id\":\"https:\/\/conversesacatalunya.cat\/es\/silencio-y-reflexion\/#primaryimage\"},\"image\":{\"@id\":\"https:\/\/conversesacatalunya.cat\/es\/silencio-y-reflexion\/#primaryimage\"},\"thumbnailUrl\":\"https:\/\/conversesacatalunya.cat\/wp-content\/uploads\/2021\/12\/silenci.jpg\",\"datePublished\":\"2021-12-16T11:02:27+00:00\",\"author\":{\"@id\":\"https:\/\/conversesacatalunya.cat\/#\/schema\/person\/c7d367ce5cf939081390b9cff82b9efa\"},\"description\":\"En un m\u00f3n ple de soroll, amb una realitat sovint dura i deshumanitzada, \u00e9s important saber trobar alguns moments pel silenci i la reflexi\u00f3.\",\"breadcrumb\":{\"@id\":\"https:\/\/conversesacatalunya.cat\/es\/silencio-y-reflexion\/#breadcrumb\"},\"inLanguage\":\"es\",\"potentialAction\":[{\"@type\":\"ReadAction\",\"target\":[\"https:\/\/conversesacatalunya.cat\/es\/silencio-y-reflexion\/\"]}]},{\"@type\":\"ImageObject\",\"inLanguage\":\"es\",\"@id\":\"https:\/\/conversesacatalunya.cat\/es\/silencio-y-reflexion\/#primaryimage\",\"url\":\"https:\/\/conversesacatalunya.cat\/wp-content\/uploads\/2021\/12\/silenci.jpg\",\"contentUrl\":\"https:\/\/conversesacatalunya.cat\/wp-content\/uploads\/2021\/12\/silenci.jpg\",\"width\":640,\"height\":426,\"caption\":\"silencio\"},{\"@type\":\"BreadcrumbList\",\"@id\":\"https:\/\/conversesacatalunya.cat\/es\/silencio-y-reflexion\/#breadcrumb\",\"itemListElement\":[{\"@type\":\"ListItem\",\"position\":1,\"name\":\"Inici\",\"item\":\"https:\/\/conversesacatalunya.cat\/es\/\"},{\"@type\":\"ListItem\",\"position\":2,\"name\":\"Silencio y reflexi\u00f3n\"}]},{\"@type\":\"WebSite\",\"@id\":\"https:\/\/conversesacatalunya.cat\/#website\",\"url\":\"https:\/\/conversesacatalunya.cat\/\",\"name\":\"Converses a Catalunya\",\"description\":\"\",\"potentialAction\":[{\"@type\":\"SearchAction\",\"target\":{\"@type\":\"EntryPoint\",\"urlTemplate\":\"https:\/\/conversesacatalunya.cat\/?s={search_term_string}\"},\"query-input\":{\"@type\":\"PropertyValueSpecification\",\"valueRequired\":true,\"valueName\":\"search_term_string\"}}],\"inLanguage\":\"es\"},{\"@type\":\"Person\",\"@id\":\"https:\/\/conversesacatalunya.cat\/#\/schema\/person\/c7d367ce5cf939081390b9cff82b9efa\",\"name\":\"Antoni Pedragosa\",\"image\":{\"@type\":\"ImageObject\",\"inLanguage\":\"es\",\"@id\":\"https:\/\/conversesacatalunya.cat\/#\/schema\/person\/image\/\",\"url\":\"https:\/\/conversesacatalunya.cat\/wp-content\/litespeed\/avatar\/a65bdd7b7b57e4f85109aaf65843a0eb.jpg?ver=1777376633\",\"contentUrl\":\"https:\/\/conversesacatalunya.cat\/wp-content\/litespeed\/avatar\/a65bdd7b7b57e4f85109aaf65843a0eb.jpg?ver=1777376633\",\"caption\":\"Antoni Pedragosa\"},\"url\":\"https:\/\/conversesacatalunya.cat\/es\/author\/antoni-pedragosa\/\"}]}<\/script>\n<!-- \/ Yoast SEO plugin. -->","yoast_head_json":{"title":"Silencio y reflexi\u00f3n - Converses a Catalunya","description":"En un m\u00f3n ple de soroll, amb una realitat sovint dura i deshumanitzada, \u00e9s important saber trobar alguns moments pel silenci i la reflexi\u00f3.","robots":{"index":"index","follow":"follow","max-snippet":"max-snippet:-1","max-image-preview":"max-image-preview:large","max-video-preview":"max-video-preview:-1"},"canonical":"https:\/\/conversesacatalunya.cat\/es\/silencio-y-reflexion\/","og_locale":"es_ES","og_type":"article","og_title":"Silencio y reflexi\u00f3n - Converses a Catalunya","og_description":"En un m\u00f3n ple de soroll, amb una realitat sovint dura i deshumanitzada, \u00e9s important saber trobar alguns moments pel silenci i la reflexi\u00f3.","og_url":"https:\/\/conversesacatalunya.cat\/es\/silencio-y-reflexion\/","og_site_name":"Converses a Catalunya","article_published_time":"2021-12-16T11:02:27+00:00","og_image":[{"width":640,"height":426,"url":"https:\/\/conversesacatalunya.cat\/wp-content\/uploads\/2021\/12\/silenci.jpg","type":"image\/jpeg"}],"author":"Antoni Pedragosa","twitter_card":"summary_large_image","twitter_misc":{"Escrito por":"Antoni Pedragosa","Tiempo de lectura":"3 minutos"},"schema":{"@context":"https:\/\/schema.org","@graph":[{"@type":"Article","@id":"https:\/\/conversesacatalunya.cat\/es\/silencio-y-reflexion\/#article","isPartOf":{"@id":"https:\/\/conversesacatalunya.cat\/es\/silencio-y-reflexion\/"},"author":{"name":"Antoni Pedragosa","@id":"https:\/\/conversesacatalunya.cat\/#\/schema\/person\/c7d367ce5cf939081390b9cff82b9efa"},"headline":"Silencio y reflexi\u00f3n","datePublished":"2021-12-16T11:02:27+00:00","mainEntityOfPage":{"@id":"https:\/\/conversesacatalunya.cat\/es\/silencio-y-reflexion\/"},"wordCount":434,"commentCount":0,"image":{"@id":"https:\/\/conversesacatalunya.cat\/es\/silencio-y-reflexion\/#primaryimage"},"thumbnailUrl":"https:\/\/conversesacatalunya.cat\/wp-content\/uploads\/2021\/12\/silenci.jpg","keywords":["reflexi\u00f3","reflexi\u00f3n","silencio"],"articleSection":["Opinem (ES)"],"inLanguage":"es","potentialAction":[{"@type":"CommentAction","name":"Comment","target":["https:\/\/conversesacatalunya.cat\/es\/silencio-y-reflexion\/#respond"]}]},{"@type":"WebPage","@id":"https:\/\/conversesacatalunya.cat\/es\/silencio-y-reflexion\/","url":"https:\/\/conversesacatalunya.cat\/es\/silencio-y-reflexion\/","name":"Silencio y reflexi\u00f3n - Converses a Catalunya","isPartOf":{"@id":"https:\/\/conversesacatalunya.cat\/#website"},"primaryImageOfPage":{"@id":"https:\/\/conversesacatalunya.cat\/es\/silencio-y-reflexion\/#primaryimage"},"image":{"@id":"https:\/\/conversesacatalunya.cat\/es\/silencio-y-reflexion\/#primaryimage"},"thumbnailUrl":"https:\/\/conversesacatalunya.cat\/wp-content\/uploads\/2021\/12\/silenci.jpg","datePublished":"2021-12-16T11:02:27+00:00","author":{"@id":"https:\/\/conversesacatalunya.cat\/#\/schema\/person\/c7d367ce5cf939081390b9cff82b9efa"},"description":"En un m\u00f3n ple de soroll, amb una realitat sovint dura i deshumanitzada, \u00e9s important saber trobar alguns moments pel silenci i la reflexi\u00f3.","breadcrumb":{"@id":"https:\/\/conversesacatalunya.cat\/es\/silencio-y-reflexion\/#breadcrumb"},"inLanguage":"es","potentialAction":[{"@type":"ReadAction","target":["https:\/\/conversesacatalunya.cat\/es\/silencio-y-reflexion\/"]}]},{"@type":"ImageObject","inLanguage":"es","@id":"https:\/\/conversesacatalunya.cat\/es\/silencio-y-reflexion\/#primaryimage","url":"https:\/\/conversesacatalunya.cat\/wp-content\/uploads\/2021\/12\/silenci.jpg","contentUrl":"https:\/\/conversesacatalunya.cat\/wp-content\/uploads\/2021\/12\/silenci.jpg","width":640,"height":426,"caption":"silencio"},{"@type":"BreadcrumbList","@id":"https:\/\/conversesacatalunya.cat\/es\/silencio-y-reflexion\/#breadcrumb","itemListElement":[{"@type":"ListItem","position":1,"name":"Inici","item":"https:\/\/conversesacatalunya.cat\/es\/"},{"@type":"ListItem","position":2,"name":"Silencio y reflexi\u00f3n"}]},{"@type":"WebSite","@id":"https:\/\/conversesacatalunya.cat\/#website","url":"https:\/\/conversesacatalunya.cat\/","name":"Converses a Catalunya","description":"","potentialAction":[{"@type":"SearchAction","target":{"@type":"EntryPoint","urlTemplate":"https:\/\/conversesacatalunya.cat\/?s={search_term_string}"},"query-input":{"@type":"PropertyValueSpecification","valueRequired":true,"valueName":"search_term_string"}}],"inLanguage":"es"},{"@type":"Person","@id":"https:\/\/conversesacatalunya.cat\/#\/schema\/person\/c7d367ce5cf939081390b9cff82b9efa","name":"Antoni Pedragosa","image":{"@type":"ImageObject","inLanguage":"es","@id":"https:\/\/conversesacatalunya.cat\/#\/schema\/person\/image\/","url":"https:\/\/conversesacatalunya.cat\/wp-content\/litespeed\/avatar\/a65bdd7b7b57e4f85109aaf65843a0eb.jpg?ver=1777376633","contentUrl":"https:\/\/conversesacatalunya.cat\/wp-content\/litespeed\/avatar\/a65bdd7b7b57e4f85109aaf65843a0eb.jpg?ver=1777376633","caption":"Antoni Pedragosa"},"url":"https:\/\/conversesacatalunya.cat\/es\/author\/antoni-pedragosa\/"}]}},"wps_subtitle":"Los expertos reconocen que estos espacios favorecen la salud f\u00edsica y mental","_links":{"self":[{"href":"https:\/\/conversesacatalunya.cat\/es\/wp-json\/wp\/v2\/posts\/53123","targetHints":{"allow":["GET"]}}],"collection":[{"href":"https:\/\/conversesacatalunya.cat\/es\/wp-json\/wp\/v2\/posts"}],"about":[{"href":"https:\/\/conversesacatalunya.cat\/es\/wp-json\/wp\/v2\/types\/post"}],"author":[{"embeddable":true,"href":"https:\/\/conversesacatalunya.cat\/es\/wp-json\/wp\/v2\/users\/16"}],"replies":[{"embeddable":true,"href":"https:\/\/conversesacatalunya.cat\/es\/wp-json\/wp\/v2\/comments?post=53123"}],"version-history":[{"count":3,"href":"https:\/\/conversesacatalunya.cat\/es\/wp-json\/wp\/v2\/posts\/53123\/revisions"}],"predecessor-version":[{"id":53124,"href":"https:\/\/conversesacatalunya.cat\/es\/wp-json\/wp\/v2\/posts\/53123\/revisions\/53124"}],"wp:featuredmedia":[{"embeddable":true,"href":"https:\/\/conversesacatalunya.cat\/es\/wp-json\/wp\/v2\/media\/53116"}],"wp:attachment":[{"href":"https:\/\/conversesacatalunya.cat\/es\/wp-json\/wp\/v2\/media?parent=53123"}],"wp:term":[{"taxonomy":"category","embeddable":true,"href":"https:\/\/conversesacatalunya.cat\/es\/wp-json\/wp\/v2\/categories?post=53123"},{"taxonomy":"post_tag","embeddable":true,"href":"https:\/\/conversesacatalunya.cat\/es\/wp-json\/wp\/v2\/tags?post=53123"}],"curies":[{"name":"wp","href":"https:\/\/api.w.org\/{rel}","templated":true}]}}