{"id":53102,"date":"2021-12-15T13:14:22","date_gmt":"2021-12-15T12:14:22","guid":{"rendered":"https:\/\/conversesacatalunya.cat\/crisi-leticia-dolera-i-asimov\/"},"modified":"2021-12-15T13:26:19","modified_gmt":"2021-12-15T12:26:19","slug":"crisis-leticia-dolera-y-asimov","status":"publish","type":"post","link":"https:\/\/conversesacatalunya.cat\/es\/crisis-leticia-dolera-y-asimov\/","title":{"rendered":"Crisis, Leticia Dolera y Asimov"},"content":{"rendered":"<p><em>Publicado en La Vanguardia el 13-12-2021<\/em><\/p>\n<p>Qu\u00e9 relaci\u00f3n puede haber entre las tesis que expon\u00eda Daniel Innerarity en su art\u00edculo en este peri\u00f3dico \u201c\u00bfQu\u00e9 crisis?\u201d (27\/XI\/2021), la serie de televisi\u00f3n dirigida y protagonizada por Leticia Dolera,<em>\u00a0Vida perfecta<\/em>, y<em>\u00a0La Fundaci\u00f3n,\u00a0<\/em>la novela magna de Isaac Asimov?<\/p>\n<p>Creo no traicionar el texto de Innerarity si resumo su visi\u00f3n en estos t\u00e9rminos: las crisis que vivimos no son transitorias, ni afectan solo a algunos aspectos. \u201cEs el propio mundo el que se encuentra en crisis\u201d. Vivimos en un estado de crisis permanente, y nuestras instituciones se encuentran con una inestabilidad que no saben c\u00f3mo gestionar. No existe unanimidad en el diagn\u00f3stico, que se caracteriza por las dudas sobre la naturaleza de las crisis y de las soluciones para abordarlas. Sabemos que exigen cambios en nuestra forma de vivir, pero desconocemos c\u00f3mo hacerlo, y las instituciones pol\u00edticas de las que disponemos son impotentes para realizarlos. Ni tan siquiera sabemos si buscamos \u201cuna recuperaci\u00f3n del momento anterior a la crisis o un cambio transformador\u201d. Pero lo decisivamente grave es que \u201clas crisis las producimos con unas pr\u00e1cticas y unas instituciones, que a su vez deben resolverlas. El problema radica en que los mismos que las originan son los responsables de resolverlas\u201d. Y apostilla un dictamen sabio: \u201cLa debilidad de la cr\u00edtica se manifiesta cuando sus apelaciones no terminan de modi\u00adficar los h\u00e1bitos que nos llevan a tales situaciones\u00ad de crisis\u201d. Quiz\u00e1s \u2013apunto yo\u2013, porque no tienen ninguna motivaci\u00f3n para comprometer seriamente sus vidas, porque no hay nada m\u00e1s grande que ellas. \u00a1Carpe diem!<\/p>\n<p>El resultado es que \u201ctenemos que atender a tal cantidad de factores que nuestra capacidad de comprensi\u00f3n y gesti\u00f3n se ve sobrepasada\u201d. Conclusi\u00f3n de Innerarity: \u201cLa agenda de una sociedad del riesgo es una agenda de locos\u201d. Cuesti\u00f3n: \u00bfpuede gobernarse una sociedad en la que impera la locura?<\/p>\n<p>La interpretaci\u00f3n de Innerarity es para mi gusto l\u00facida y exacta. Solo discrepo en un punto crucial. Se trata del concepto de \u201cmundo\u201d, cuando afirma que todo est\u00e1 en crisis. No, solo es \u201cun mundo\u201d, es decir, una determinada cultura y moral, el autor de las crisis y nos arrastra a todos con \u00e9l. Es la cultura que hoy nos domina, la misma que provoca en la Comisi\u00f3n Europea el intento de evitar la felicitaci\u00f3n de la Navidad para no herir sensibilidades.<\/p>\n<p>Es su sistema de valores y su falta de virtudes, el sentido que han querido dar a la vida humana y a sus relaciones, la antropolog\u00eda que han construido \u2013y toda econom\u00eda es una antropolog\u00eda\u2013, la que est\u00e1 en crisis. Es, en definitiva, la de la sociedad desvinculada, que ha expulsado la raz\u00f3n objetiva de la vida social, y destruido los acuerdos fundamentales, sin capacidad para sustituirlos por nada. Es la crisis de la raz\u00f3n subjetiva y su individualismo hedonista de la realizaci\u00f3n mediante la satisfacci\u00f3n de las pulsiones del deseo: antes que todo, mi Yo. Es la crisis moral que significa la insolvencia para identificar el bien; tambi\u00e9n el bien com\u00fan, practicar la justicia y diferenciar lo superfluo de lo necesario. Es la p\u00e9rdida de la capacidad para el deber y el compromiso fuerte, para el perd\u00f3n, la reconciliaci\u00f3n y la misericordia.<\/p>\n<p>El problema radica en que esta forma de hacer es promovida por la cultura oficial. Y es aqu\u00ed donde entra en juego la<em>\u00a0Vida perfecta\u00a0<\/em>y Leticia Dolera, porque describe aspectos b\u00e1sicos de esta cultura y la muestra como el escenario normal de la vida, y as\u00ed es aceptada por muchos de sus seguidores. Unos personajes sin otro horizonte de sentido que ellos mismos, sus deseos y frustraciones, y la forma como los encaran. Es la pecera en la que nos hacen vivir y sentir.<\/p>\n<p>Pero no, la vida realizada en el bien es otra cosa, y solo la disidencia y la alternativa radical nos sacar\u00e1n de la pecera.<\/p>\n<p>En 1981, cuarenta a\u00f1os ya, Alasdair MacIntyre expon\u00eda en la \u00faltima p\u00e1gina de<em>\u00a0Tras la virtud\u00a0<\/em>una alternativa. Asimov\u00ad la presenta en los t\u00e9rminos novelados de la ciencia ficci\u00f3n: ante un imperio\u00ad en crisis solo cabe crear una fuerza regeneradora al margen, la Fundaci\u00f3n<em>\u00ad.\u00a0<\/em>El trasfondo com\u00fan es id\u00e9ntico\u00ad: solo desde fuera de esta cultura podemos construir la alternativa que nos libere de las crisis. Primero cultural, por tanto, tambi\u00e9n \u00e9tica, virtuosa; despu\u00e9s pol\u00edtica.<\/p>\n<div id=\"polls-129\" class=\"wp-polls\">\n\t<form id=\"polls_form_129\" class=\"wp-polls-form\" action=\"\/index.php\" method=\"post\">\n\t\t<p style=\"display: none;\"><input type=\"hidden\" id=\"poll_129_nonce\" name=\"wp-polls-nonce\" value=\"813348e330\" \/><\/p>\n\t\t<p style=\"display: none;\"><input type=\"hidden\" name=\"poll_id\" value=\"129\" \/><\/p>\n\t\t<p style=\"text-align: center\"><strong>Est\u00e0s d'acord que el govern espanyol ens digui quines s\u00f3n les joguines que hem de regalar als nostres fills?<\/strong><\/p><div id=\"polls-129-ans\" class=\"wp-polls-ans\"><ul class=\"wp-polls-ul\">\n\t\t<li><input type=\"radio\" id=\"poll-answer-315\" name=\"poll_129\" value=\"315\" \/> <label for=\"poll-answer-315\">S\u00ed<\/label><\/li>\n\t\t<li><input type=\"radio\" id=\"poll-answer-316\" name=\"poll_129\" value=\"316\" \/> <label for=\"poll-answer-316\">No<\/label><\/li>\n\t\t<li><input type=\"radio\" id=\"poll-answer-317\" name=\"poll_129\" value=\"317\" \/> <label for=\"poll-answer-317\">No ho s\u00e9<\/label><\/li>\n\t\t<\/ul><p style=\"text-align: center\"><input type=\"button\" name=\"vote\" value=\"   Vota   \" class=\"Buttons\" onclick=\"poll_vote(129);\" \/><\/p><p style=\"text-align: center\"><a href=\"#ViewPollResults\" onclick=\"poll_result(129); return false;\" title=\"View Results Of This Poll\">Mira els resultats<\/a><\/p><\/div>\n\t<\/form>\n<\/div>\n<div id=\"polls-129-loading\" class=\"wp-polls-loading\"><img decoding=\"async\" data-src=\"https:\/\/conversesacatalunya.cat\/wp-content\/plugins\/wp-polls\/images\/loading.gif\" width=\"16\" height=\"16\" alt=\"Cargando ...\" title=\"Cargando ...\" class=\"wp-polls-image lazyload\" src=\"data:image\/svg+xml;base64,PHN2ZyB3aWR0aD0iMSIgaGVpZ2h0PSIxIiB4bWxucz0iaHR0cDovL3d3dy53My5vcmcvMjAwMC9zdmciPjwvc3ZnPg==\" style=\"--smush-placeholder-width: 16px; --smush-placeholder-aspect-ratio: 16\/16;\" \/>&nbsp;Cargando ...<\/div>\n\n","protected":false},"excerpt":{"rendered":"<p>Publicado en La Vanguardia el 13-12-2021 Qu\u00e9 relaci\u00f3n puede haber entre las tesis que expon\u00eda Daniel Innerarity en su art\u00edculo en este peri\u00f3dico \u201c\u00bfQu\u00e9 crisis?\u201d (27\/XI\/2021), la serie de televisi\u00f3n dirigida y protagonizada por Leticia Dolera,\u00a0Vida perfecta, y\u00a0La Fundaci\u00f3n,\u00a0la novela magna de Isaac Asimov? Creo no traicionar el texto de Innerarity si resumo su visi\u00f3n en estos t\u00e9rminos: las crisis que vivimos no son transitorias, ni afectan solo a algunos aspectos. \u201cEs el propio mundo el que se encuentra en crisis\u201d. Vivimos en un estado de crisis permanente, y nuestras instituciones se encuentran con una inestabilidad que no saben c\u00f3mo gestionar. No existe unanimidad en el diagn\u00f3stico, que se caracteriza por las dudas sobre la naturaleza de las crisis y de las soluciones para abordarlas. Sabemos que exigen cambios en nuestra forma de vivir, pero desconocemos c\u00f3mo hacerlo, y las instituciones pol\u00edticas de las que disponemos son impotentes para realizarlos. Ni tan siquiera sabemos si buscamos \u201cuna recuperaci\u00f3n del momento anterior a la crisis o un cambio transformador\u201d. Pero lo decisivamente grave es que \u201clas crisis las producimos con unas pr\u00e1cticas y unas instituciones, que a su vez deben resolverlas. El problema radica en que los mismos que las originan son los responsables de resolverlas\u201d. Y apostilla un dictamen sabio: \u201cLa debilidad de la cr\u00edtica se manifiesta cuando sus apelaciones no terminan de modi\u00adficar los h\u00e1bitos que nos llevan a tales situaciones\u00ad de crisis\u201d. Quiz\u00e1s \u2013apunto yo\u2013, porque no tienen ninguna motivaci\u00f3n para comprometer seriamente sus vidas, porque no hay nada m\u00e1s grande que ellas. \u00a1Carpe diem! El resultado es que \u201ctenemos que atender a tal cantidad de factores que nuestra capacidad de comprensi\u00f3n y gesti\u00f3n se ve sobrepasada\u201d. Conclusi\u00f3n de Innerarity: \u201cLa agenda de una sociedad del riesgo es una agenda de locos\u201d. Cuesti\u00f3n: \u00bfpuede gobernarse una sociedad en la que impera la locura? La interpretaci\u00f3n de Innerarity es para mi gusto l\u00facida y exacta. Solo discrepo en un punto crucial. Se trata del concepto de \u201cmundo\u201d, cuando afirma que todo est\u00e1 en crisis. No, solo es \u201cun mundo\u201d, es decir, una determinada cultura y moral, el autor de las crisis y nos arrastra a todos con \u00e9l. Es la cultura que hoy nos domina, la misma que provoca en la Comisi\u00f3n Europea el intento de evitar la felicitaci\u00f3n de la Navidad para no herir sensibilidades. Es su sistema de valores y su falta de virtudes, el sentido que han querido dar a la vida humana y a sus relaciones, la antropolog\u00eda que han construido \u2013y toda econom\u00eda es una antropolog\u00eda\u2013, la que est\u00e1 en crisis. Es, en definitiva, la de la sociedad desvinculada, que ha expulsado la raz\u00f3n objetiva de la vida social, y destruido los acuerdos fundamentales, sin capacidad para sustituirlos por nada. Es la crisis de la raz\u00f3n subjetiva y su individualismo hedonista de la realizaci\u00f3n mediante la satisfacci\u00f3n de las pulsiones del deseo: antes que todo, mi Yo. Es la crisis moral que significa la insolvencia para identificar el bien; tambi\u00e9n el bien com\u00fan, practicar la justicia y diferenciar lo superfluo de lo necesario. Es la p\u00e9rdida de la capacidad para el deber y el compromiso fuerte, para el perd\u00f3n, la reconciliaci\u00f3n y la misericordia. El problema radica en que esta forma de hacer es promovida por la cultura oficial. Y es aqu\u00ed donde entra en juego la\u00a0Vida perfecta\u00a0y Leticia Dolera, porque describe aspectos b\u00e1sicos de esta cultura y la muestra como el escenario normal de la vida, y as\u00ed es aceptada por muchos de sus seguidores. Unos personajes sin otro horizonte de sentido que ellos mismos, sus deseos y frustraciones, y la forma como los encaran. Es la pecera en la que nos hacen vivir y sentir. Pero no, la vida realizada en el bien es otra cosa, y solo la disidencia y la alternativa radical nos sacar\u00e1n de la pecera. En 1981, cuarenta a\u00f1os ya, Alasdair MacIntyre expon\u00eda en la \u00faltima p\u00e1gina de\u00a0Tras la virtud\u00a0una alternativa. Asimov\u00ad la presenta en los t\u00e9rminos novelados de la ciencia ficci\u00f3n: ante un imperio\u00ad en crisis solo cabe crear una fuerza regeneradora al margen, la Fundaci\u00f3n\u00ad.\u00a0El trasfondo com\u00fan es id\u00e9ntico\u00ad: solo desde fuera de esta cultura podemos construir la alternativa que nos libere de las crisis. Primero cultural, por tanto, tambi\u00e9n \u00e9tica, virtuosa; despu\u00e9s pol\u00edtica.<\/p>\n","protected":false},"author":19,"featured_media":53099,"comment_status":"open","ping_status":"open","sticky":false,"template":"","format":"standard","meta":{"_FSMCFIC_featured_image_caption":"","_FSMCFIC_featured_image_nocaption":"","_FSMCFIC_featured_image_hide":"","footnotes":""},"categories":[796,806],"tags":[],"class_list":["post-53102","post","type-post","status-publish","format-standard","has-post-thumbnail","hentry","category-el-blog-de-josep-miro-i-ardevol-es","category-punts-claus-del-dia-es"],"yoast_head":"<!-- This site is optimized with the Yoast SEO plugin v26.8 - https:\/\/yoast.com\/product\/yoast-seo-wordpress\/ -->\n<title>Crisis, Leticia Dolera y Asimov - Converses a Catalunya<\/title>\n<meta name=\"robots\" content=\"noindex, nofollow\" \/>\n<meta property=\"og:locale\" content=\"es_ES\" \/>\n<meta property=\"og:type\" content=\"article\" \/>\n<meta property=\"og:title\" content=\"Crisis, Leticia Dolera y Asimov - Converses a Catalunya\" \/>\n<meta property=\"og:description\" content=\"Publicado en La Vanguardia el 13-12-2021 Qu\u00e9 relaci\u00f3n puede haber entre las tesis que expon\u00eda Daniel Innerarity en su art\u00edculo en este peri\u00f3dico \u201c\u00bfQu\u00e9 crisis?\u201d (27\/XI\/2021), la serie de televisi\u00f3n dirigida y protagonizada por Leticia Dolera,\u00a0Vida perfecta, y\u00a0La Fundaci\u00f3n,\u00a0la novela magna de Isaac Asimov? Creo no traicionar el texto de Innerarity si resumo su visi\u00f3n en estos t\u00e9rminos: las crisis que vivimos no son transitorias, ni afectan solo a algunos aspectos. \u201cEs el propio mundo el que se encuentra en crisis\u201d. Vivimos en un estado de crisis permanente, y nuestras instituciones se encuentran con una inestabilidad que no saben c\u00f3mo gestionar. No existe unanimidad en el diagn\u00f3stico, que se caracteriza por las dudas sobre la naturaleza de las crisis y de las soluciones para abordarlas. Sabemos que exigen cambios en nuestra forma de vivir, pero desconocemos c\u00f3mo hacerlo, y las instituciones pol\u00edticas de las que disponemos son impotentes para realizarlos. Ni tan siquiera sabemos si buscamos \u201cuna recuperaci\u00f3n del momento anterior a la crisis o un cambio transformador\u201d. Pero lo decisivamente grave es que \u201clas crisis las producimos con unas pr\u00e1cticas y unas instituciones, que a su vez deben resolverlas. El problema radica en que los mismos que las originan son los responsables de resolverlas\u201d. Y apostilla un dictamen sabio: \u201cLa debilidad de la cr\u00edtica se manifiesta cuando sus apelaciones no terminan de modi\u00adficar los h\u00e1bitos que nos llevan a tales situaciones\u00ad de crisis\u201d. Quiz\u00e1s \u2013apunto yo\u2013, porque no tienen ninguna motivaci\u00f3n para comprometer seriamente sus vidas, porque no hay nada m\u00e1s grande que ellas. \u00a1Carpe diem! El resultado es que \u201ctenemos que atender a tal cantidad de factores que nuestra capacidad de comprensi\u00f3n y gesti\u00f3n se ve sobrepasada\u201d. Conclusi\u00f3n de Innerarity: \u201cLa agenda de una sociedad del riesgo es una agenda de locos\u201d. Cuesti\u00f3n: \u00bfpuede gobernarse una sociedad en la que impera la locura? La interpretaci\u00f3n de Innerarity es para mi gusto l\u00facida y exacta. Solo discrepo en un punto crucial. Se trata del concepto de \u201cmundo\u201d, cuando afirma que todo est\u00e1 en crisis. No, solo es \u201cun mundo\u201d, es decir, una determinada cultura y moral, el autor de las crisis y nos arrastra a todos con \u00e9l. Es la cultura que hoy nos domina, la misma que provoca en la Comisi\u00f3n Europea el intento de evitar la felicitaci\u00f3n de la Navidad para no herir sensibilidades. Es su sistema de valores y su falta de virtudes, el sentido que han querido dar a la vida humana y a sus relaciones, la antropolog\u00eda que han construido \u2013y toda econom\u00eda es una antropolog\u00eda\u2013, la que est\u00e1 en crisis. Es, en definitiva, la de la sociedad desvinculada, que ha expulsado la raz\u00f3n objetiva de la vida social, y destruido los acuerdos fundamentales, sin capacidad para sustituirlos por nada. Es la crisis de la raz\u00f3n subjetiva y su individualismo hedonista de la realizaci\u00f3n mediante la satisfacci\u00f3n de las pulsiones del deseo: antes que todo, mi Yo. Es la crisis moral que significa la insolvencia para identificar el bien; tambi\u00e9n el bien com\u00fan, practicar la justicia y diferenciar lo superfluo de lo necesario. Es la p\u00e9rdida de la capacidad para el deber y el compromiso fuerte, para el perd\u00f3n, la reconciliaci\u00f3n y la misericordia. El problema radica en que esta forma de hacer es promovida por la cultura oficial. Y es aqu\u00ed donde entra en juego la\u00a0Vida perfecta\u00a0y Leticia Dolera, porque describe aspectos b\u00e1sicos de esta cultura y la muestra como el escenario normal de la vida, y as\u00ed es aceptada por muchos de sus seguidores. Unos personajes sin otro horizonte de sentido que ellos mismos, sus deseos y frustraciones, y la forma como los encaran. Es la pecera en la que nos hacen vivir y sentir. Pero no, la vida realizada en el bien es otra cosa, y solo la disidencia y la alternativa radical nos sacar\u00e1n de la pecera. En 1981, cuarenta a\u00f1os ya, Alasdair MacIntyre expon\u00eda en la \u00faltima p\u00e1gina de\u00a0Tras la virtud\u00a0una alternativa. Asimov\u00ad la presenta en los t\u00e9rminos novelados de la ciencia ficci\u00f3n: ante un imperio\u00ad en crisis solo cabe crear una fuerza regeneradora al margen, la Fundaci\u00f3n\u00ad.\u00a0El trasfondo com\u00fan es id\u00e9ntico\u00ad: solo desde fuera de esta cultura podemos construir la alternativa que nos libere de las crisis. Primero cultural, por tanto, tambi\u00e9n \u00e9tica, virtuosa; despu\u00e9s pol\u00edtica.\" \/>\n<meta property=\"og:url\" content=\"https:\/\/conversesacatalunya.cat\/es\/crisis-leticia-dolera-y-asimov\/\" \/>\n<meta property=\"og:site_name\" content=\"Converses a Catalunya\" \/>\n<meta property=\"article:published_time\" content=\"2021-12-15T12:14:22+00:00\" \/>\n<meta property=\"article:modified_time\" content=\"2021-12-15T12:26:19+00:00\" \/>\n<meta property=\"og:image\" content=\"https:\/\/conversesacatalunya.cat\/wp-content\/uploads\/2021\/12\/leticia-dolera.jpg\" \/>\n\t<meta property=\"og:image:width\" content=\"1024\" \/>\n\t<meta property=\"og:image:height\" content=\"576\" \/>\n\t<meta property=\"og:image:type\" content=\"image\/jpeg\" \/>\n<meta name=\"author\" content=\"Josep Mir\u00f3 i Ard\u00e8vol\" \/>\n<meta name=\"twitter:card\" content=\"summary_large_image\" \/>\n<meta name=\"twitter:label1\" content=\"Escrito por\" \/>\n\t<meta name=\"twitter:data1\" content=\"Josep Mir\u00f3 i Ard\u00e8vol\" \/>\n\t<meta name=\"twitter:label2\" content=\"Tiempo de lectura\" \/>\n\t<meta name=\"twitter:data2\" content=\"4 minutos\" \/>\n<script type=\"application\/ld+json\" class=\"yoast-schema-graph\">{\"@context\":\"https:\/\/schema.org\",\"@graph\":[{\"@type\":\"Article\",\"@id\":\"https:\/\/conversesacatalunya.cat\/es\/crisis-leticia-dolera-y-asimov\/#article\",\"isPartOf\":{\"@id\":\"https:\/\/conversesacatalunya.cat\/es\/crisis-leticia-dolera-y-asimov\/\"},\"author\":{\"name\":\"Josep Mir\u00f3 i Ard\u00e8vol\",\"@id\":\"https:\/\/conversesacatalunya.cat\/#\/schema\/person\/a9598a6786ba7d3d1c5e0de477b79370\"},\"headline\":\"Crisis, Leticia Dolera y Asimov\",\"datePublished\":\"2021-12-15T12:14:22+00:00\",\"dateModified\":\"2021-12-15T12:26:19+00:00\",\"mainEntityOfPage\":{\"@id\":\"https:\/\/conversesacatalunya.cat\/es\/crisis-leticia-dolera-y-asimov\/\"},\"wordCount\":776,\"commentCount\":0,\"image\":{\"@id\":\"https:\/\/conversesacatalunya.cat\/es\/crisis-leticia-dolera-y-asimov\/#primaryimage\"},\"thumbnailUrl\":\"https:\/\/conversesacatalunya.cat\/wp-content\/uploads\/2021\/12\/leticia-dolera.jpg\",\"articleSection\":[\"El Blog de Josep Mir\u00f3 i Ard\u00e8vol (ES)\",\"Punts clau del dia (ES)\"],\"inLanguage\":\"es\",\"potentialAction\":[{\"@type\":\"CommentAction\",\"name\":\"Comment\",\"target\":[\"https:\/\/conversesacatalunya.cat\/es\/crisis-leticia-dolera-y-asimov\/#respond\"]}]},{\"@type\":\"WebPage\",\"@id\":\"https:\/\/conversesacatalunya.cat\/es\/crisis-leticia-dolera-y-asimov\/\",\"url\":\"https:\/\/conversesacatalunya.cat\/es\/crisis-leticia-dolera-y-asimov\/\",\"name\":\"Crisis, Leticia Dolera y Asimov - Converses a Catalunya\",\"isPartOf\":{\"@id\":\"https:\/\/conversesacatalunya.cat\/#website\"},\"primaryImageOfPage\":{\"@id\":\"https:\/\/conversesacatalunya.cat\/es\/crisis-leticia-dolera-y-asimov\/#primaryimage\"},\"image\":{\"@id\":\"https:\/\/conversesacatalunya.cat\/es\/crisis-leticia-dolera-y-asimov\/#primaryimage\"},\"thumbnailUrl\":\"https:\/\/conversesacatalunya.cat\/wp-content\/uploads\/2021\/12\/leticia-dolera.jpg\",\"datePublished\":\"2021-12-15T12:14:22+00:00\",\"dateModified\":\"2021-12-15T12:26:19+00:00\",\"author\":{\"@id\":\"https:\/\/conversesacatalunya.cat\/#\/schema\/person\/a9598a6786ba7d3d1c5e0de477b79370\"},\"breadcrumb\":{\"@id\":\"https:\/\/conversesacatalunya.cat\/es\/crisis-leticia-dolera-y-asimov\/#breadcrumb\"},\"inLanguage\":\"es\",\"potentialAction\":[{\"@type\":\"ReadAction\",\"target\":[\"https:\/\/conversesacatalunya.cat\/es\/crisis-leticia-dolera-y-asimov\/\"]}]},{\"@type\":\"ImageObject\",\"inLanguage\":\"es\",\"@id\":\"https:\/\/conversesacatalunya.cat\/es\/crisis-leticia-dolera-y-asimov\/#primaryimage\",\"url\":\"https:\/\/conversesacatalunya.cat\/wp-content\/uploads\/2021\/12\/leticia-dolera.jpg\",\"contentUrl\":\"https:\/\/conversesacatalunya.cat\/wp-content\/uploads\/2021\/12\/leticia-dolera.jpg\",\"width\":1024,\"height\":576},{\"@type\":\"BreadcrumbList\",\"@id\":\"https:\/\/conversesacatalunya.cat\/es\/crisis-leticia-dolera-y-asimov\/#breadcrumb\",\"itemListElement\":[{\"@type\":\"ListItem\",\"position\":1,\"name\":\"Inici\",\"item\":\"https:\/\/conversesacatalunya.cat\/es\/\"},{\"@type\":\"ListItem\",\"position\":2,\"name\":\"Crisis, Leticia Dolera y Asimov\"}]},{\"@type\":\"WebSite\",\"@id\":\"https:\/\/conversesacatalunya.cat\/#website\",\"url\":\"https:\/\/conversesacatalunya.cat\/\",\"name\":\"Converses a Catalunya\",\"description\":\"\",\"potentialAction\":[{\"@type\":\"SearchAction\",\"target\":{\"@type\":\"EntryPoint\",\"urlTemplate\":\"https:\/\/conversesacatalunya.cat\/?s={search_term_string}\"},\"query-input\":{\"@type\":\"PropertyValueSpecification\",\"valueRequired\":true,\"valueName\":\"search_term_string\"}}],\"inLanguage\":\"es\"},{\"@type\":\"Person\",\"@id\":\"https:\/\/conversesacatalunya.cat\/#\/schema\/person\/a9598a6786ba7d3d1c5e0de477b79370\",\"name\":\"Josep Mir\u00f3 i Ard\u00e8vol\",\"image\":{\"@type\":\"ImageObject\",\"inLanguage\":\"es\",\"@id\":\"https:\/\/conversesacatalunya.cat\/#\/schema\/person\/image\/\",\"url\":\"https:\/\/conversesacatalunya.cat\/wp-content\/litespeed\/avatar\/c37e3dc881857483d6694cdf98fdedea.jpg?ver=1777270381\",\"contentUrl\":\"https:\/\/conversesacatalunya.cat\/wp-content\/litespeed\/avatar\/c37e3dc881857483d6694cdf98fdedea.jpg?ver=1777270381\",\"caption\":\"Josep Mir\u00f3 i Ard\u00e8vol\"},\"url\":\"https:\/\/conversesacatalunya.cat\/es\/author\/josep-miro-i-ardevol\/\"}]}<\/script>\n<!-- \/ Yoast SEO plugin. -->","yoast_head_json":{"title":"Crisis, Leticia Dolera y Asimov - Converses a Catalunya","robots":{"index":"noindex","follow":"nofollow"},"og_locale":"es_ES","og_type":"article","og_title":"Crisis, Leticia Dolera y Asimov - Converses a Catalunya","og_description":"Publicado en La Vanguardia el 13-12-2021 Qu\u00e9 relaci\u00f3n puede haber entre las tesis que expon\u00eda Daniel Innerarity en su art\u00edculo en este peri\u00f3dico \u201c\u00bfQu\u00e9 crisis?\u201d (27\/XI\/2021), la serie de televisi\u00f3n dirigida y protagonizada por Leticia Dolera,\u00a0Vida perfecta, y\u00a0La Fundaci\u00f3n,\u00a0la novela magna de Isaac Asimov? Creo no traicionar el texto de Innerarity si resumo su visi\u00f3n en estos t\u00e9rminos: las crisis que vivimos no son transitorias, ni afectan solo a algunos aspectos. \u201cEs el propio mundo el que se encuentra en crisis\u201d. Vivimos en un estado de crisis permanente, y nuestras instituciones se encuentran con una inestabilidad que no saben c\u00f3mo gestionar. No existe unanimidad en el diagn\u00f3stico, que se caracteriza por las dudas sobre la naturaleza de las crisis y de las soluciones para abordarlas. Sabemos que exigen cambios en nuestra forma de vivir, pero desconocemos c\u00f3mo hacerlo, y las instituciones pol\u00edticas de las que disponemos son impotentes para realizarlos. Ni tan siquiera sabemos si buscamos \u201cuna recuperaci\u00f3n del momento anterior a la crisis o un cambio transformador\u201d. Pero lo decisivamente grave es que \u201clas crisis las producimos con unas pr\u00e1cticas y unas instituciones, que a su vez deben resolverlas. El problema radica en que los mismos que las originan son los responsables de resolverlas\u201d. Y apostilla un dictamen sabio: \u201cLa debilidad de la cr\u00edtica se manifiesta cuando sus apelaciones no terminan de modi\u00adficar los h\u00e1bitos que nos llevan a tales situaciones\u00ad de crisis\u201d. Quiz\u00e1s \u2013apunto yo\u2013, porque no tienen ninguna motivaci\u00f3n para comprometer seriamente sus vidas, porque no hay nada m\u00e1s grande que ellas. \u00a1Carpe diem! El resultado es que \u201ctenemos que atender a tal cantidad de factores que nuestra capacidad de comprensi\u00f3n y gesti\u00f3n se ve sobrepasada\u201d. Conclusi\u00f3n de Innerarity: \u201cLa agenda de una sociedad del riesgo es una agenda de locos\u201d. Cuesti\u00f3n: \u00bfpuede gobernarse una sociedad en la que impera la locura? La interpretaci\u00f3n de Innerarity es para mi gusto l\u00facida y exacta. Solo discrepo en un punto crucial. Se trata del concepto de \u201cmundo\u201d, cuando afirma que todo est\u00e1 en crisis. No, solo es \u201cun mundo\u201d, es decir, una determinada cultura y moral, el autor de las crisis y nos arrastra a todos con \u00e9l. Es la cultura que hoy nos domina, la misma que provoca en la Comisi\u00f3n Europea el intento de evitar la felicitaci\u00f3n de la Navidad para no herir sensibilidades. Es su sistema de valores y su falta de virtudes, el sentido que han querido dar a la vida humana y a sus relaciones, la antropolog\u00eda que han construido \u2013y toda econom\u00eda es una antropolog\u00eda\u2013, la que est\u00e1 en crisis. Es, en definitiva, la de la sociedad desvinculada, que ha expulsado la raz\u00f3n objetiva de la vida social, y destruido los acuerdos fundamentales, sin capacidad para sustituirlos por nada. Es la crisis de la raz\u00f3n subjetiva y su individualismo hedonista de la realizaci\u00f3n mediante la satisfacci\u00f3n de las pulsiones del deseo: antes que todo, mi Yo. Es la crisis moral que significa la insolvencia para identificar el bien; tambi\u00e9n el bien com\u00fan, practicar la justicia y diferenciar lo superfluo de lo necesario. Es la p\u00e9rdida de la capacidad para el deber y el compromiso fuerte, para el perd\u00f3n, la reconciliaci\u00f3n y la misericordia. El problema radica en que esta forma de hacer es promovida por la cultura oficial. Y es aqu\u00ed donde entra en juego la\u00a0Vida perfecta\u00a0y Leticia Dolera, porque describe aspectos b\u00e1sicos de esta cultura y la muestra como el escenario normal de la vida, y as\u00ed es aceptada por muchos de sus seguidores. Unos personajes sin otro horizonte de sentido que ellos mismos, sus deseos y frustraciones, y la forma como los encaran. Es la pecera en la que nos hacen vivir y sentir. Pero no, la vida realizada en el bien es otra cosa, y solo la disidencia y la alternativa radical nos sacar\u00e1n de la pecera. En 1981, cuarenta a\u00f1os ya, Alasdair MacIntyre expon\u00eda en la \u00faltima p\u00e1gina de\u00a0Tras la virtud\u00a0una alternativa. Asimov\u00ad la presenta en los t\u00e9rminos novelados de la ciencia ficci\u00f3n: ante un imperio\u00ad en crisis solo cabe crear una fuerza regeneradora al margen, la Fundaci\u00f3n\u00ad.\u00a0El trasfondo com\u00fan es id\u00e9ntico\u00ad: solo desde fuera de esta cultura podemos construir la alternativa que nos libere de las crisis. Primero cultural, por tanto, tambi\u00e9n \u00e9tica, virtuosa; despu\u00e9s pol\u00edtica.","og_url":"https:\/\/conversesacatalunya.cat\/es\/crisis-leticia-dolera-y-asimov\/","og_site_name":"Converses a Catalunya","article_published_time":"2021-12-15T12:14:22+00:00","article_modified_time":"2021-12-15T12:26:19+00:00","og_image":[{"width":1024,"height":576,"url":"https:\/\/conversesacatalunya.cat\/wp-content\/uploads\/2021\/12\/leticia-dolera.jpg","type":"image\/jpeg"}],"author":"Josep Mir\u00f3 i Ard\u00e8vol","twitter_card":"summary_large_image","twitter_misc":{"Escrito por":"Josep Mir\u00f3 i Ard\u00e8vol","Tiempo de lectura":"4 minutos"},"schema":{"@context":"https:\/\/schema.org","@graph":[{"@type":"Article","@id":"https:\/\/conversesacatalunya.cat\/es\/crisis-leticia-dolera-y-asimov\/#article","isPartOf":{"@id":"https:\/\/conversesacatalunya.cat\/es\/crisis-leticia-dolera-y-asimov\/"},"author":{"name":"Josep Mir\u00f3 i Ard\u00e8vol","@id":"https:\/\/conversesacatalunya.cat\/#\/schema\/person\/a9598a6786ba7d3d1c5e0de477b79370"},"headline":"Crisis, Leticia Dolera y Asimov","datePublished":"2021-12-15T12:14:22+00:00","dateModified":"2021-12-15T12:26:19+00:00","mainEntityOfPage":{"@id":"https:\/\/conversesacatalunya.cat\/es\/crisis-leticia-dolera-y-asimov\/"},"wordCount":776,"commentCount":0,"image":{"@id":"https:\/\/conversesacatalunya.cat\/es\/crisis-leticia-dolera-y-asimov\/#primaryimage"},"thumbnailUrl":"https:\/\/conversesacatalunya.cat\/wp-content\/uploads\/2021\/12\/leticia-dolera.jpg","articleSection":["El Blog de Josep Mir\u00f3 i Ard\u00e8vol (ES)","Punts clau del dia (ES)"],"inLanguage":"es","potentialAction":[{"@type":"CommentAction","name":"Comment","target":["https:\/\/conversesacatalunya.cat\/es\/crisis-leticia-dolera-y-asimov\/#respond"]}]},{"@type":"WebPage","@id":"https:\/\/conversesacatalunya.cat\/es\/crisis-leticia-dolera-y-asimov\/","url":"https:\/\/conversesacatalunya.cat\/es\/crisis-leticia-dolera-y-asimov\/","name":"Crisis, Leticia Dolera y Asimov - Converses a Catalunya","isPartOf":{"@id":"https:\/\/conversesacatalunya.cat\/#website"},"primaryImageOfPage":{"@id":"https:\/\/conversesacatalunya.cat\/es\/crisis-leticia-dolera-y-asimov\/#primaryimage"},"image":{"@id":"https:\/\/conversesacatalunya.cat\/es\/crisis-leticia-dolera-y-asimov\/#primaryimage"},"thumbnailUrl":"https:\/\/conversesacatalunya.cat\/wp-content\/uploads\/2021\/12\/leticia-dolera.jpg","datePublished":"2021-12-15T12:14:22+00:00","dateModified":"2021-12-15T12:26:19+00:00","author":{"@id":"https:\/\/conversesacatalunya.cat\/#\/schema\/person\/a9598a6786ba7d3d1c5e0de477b79370"},"breadcrumb":{"@id":"https:\/\/conversesacatalunya.cat\/es\/crisis-leticia-dolera-y-asimov\/#breadcrumb"},"inLanguage":"es","potentialAction":[{"@type":"ReadAction","target":["https:\/\/conversesacatalunya.cat\/es\/crisis-leticia-dolera-y-asimov\/"]}]},{"@type":"ImageObject","inLanguage":"es","@id":"https:\/\/conversesacatalunya.cat\/es\/crisis-leticia-dolera-y-asimov\/#primaryimage","url":"https:\/\/conversesacatalunya.cat\/wp-content\/uploads\/2021\/12\/leticia-dolera.jpg","contentUrl":"https:\/\/conversesacatalunya.cat\/wp-content\/uploads\/2021\/12\/leticia-dolera.jpg","width":1024,"height":576},{"@type":"BreadcrumbList","@id":"https:\/\/conversesacatalunya.cat\/es\/crisis-leticia-dolera-y-asimov\/#breadcrumb","itemListElement":[{"@type":"ListItem","position":1,"name":"Inici","item":"https:\/\/conversesacatalunya.cat\/es\/"},{"@type":"ListItem","position":2,"name":"Crisis, Leticia Dolera y Asimov"}]},{"@type":"WebSite","@id":"https:\/\/conversesacatalunya.cat\/#website","url":"https:\/\/conversesacatalunya.cat\/","name":"Converses a Catalunya","description":"","potentialAction":[{"@type":"SearchAction","target":{"@type":"EntryPoint","urlTemplate":"https:\/\/conversesacatalunya.cat\/?s={search_term_string}"},"query-input":{"@type":"PropertyValueSpecification","valueRequired":true,"valueName":"search_term_string"}}],"inLanguage":"es"},{"@type":"Person","@id":"https:\/\/conversesacatalunya.cat\/#\/schema\/person\/a9598a6786ba7d3d1c5e0de477b79370","name":"Josep Mir\u00f3 i Ard\u00e8vol","image":{"@type":"ImageObject","inLanguage":"es","@id":"https:\/\/conversesacatalunya.cat\/#\/schema\/person\/image\/","url":"https:\/\/conversesacatalunya.cat\/wp-content\/litespeed\/avatar\/c37e3dc881857483d6694cdf98fdedea.jpg?ver=1777270381","contentUrl":"https:\/\/conversesacatalunya.cat\/wp-content\/litespeed\/avatar\/c37e3dc881857483d6694cdf98fdedea.jpg?ver=1777270381","caption":"Josep Mir\u00f3 i Ard\u00e8vol"},"url":"https:\/\/conversesacatalunya.cat\/es\/author\/josep-miro-i-ardevol\/"}]}},"wps_subtitle":"","_links":{"self":[{"href":"https:\/\/conversesacatalunya.cat\/es\/wp-json\/wp\/v2\/posts\/53102","targetHints":{"allow":["GET"]}}],"collection":[{"href":"https:\/\/conversesacatalunya.cat\/es\/wp-json\/wp\/v2\/posts"}],"about":[{"href":"https:\/\/conversesacatalunya.cat\/es\/wp-json\/wp\/v2\/types\/post"}],"author":[{"embeddable":true,"href":"https:\/\/conversesacatalunya.cat\/es\/wp-json\/wp\/v2\/users\/19"}],"replies":[{"embeddable":true,"href":"https:\/\/conversesacatalunya.cat\/es\/wp-json\/wp\/v2\/comments?post=53102"}],"version-history":[{"count":2,"href":"https:\/\/conversesacatalunya.cat\/es\/wp-json\/wp\/v2\/posts\/53102\/revisions"}],"predecessor-version":[{"id":53104,"href":"https:\/\/conversesacatalunya.cat\/es\/wp-json\/wp\/v2\/posts\/53102\/revisions\/53104"}],"wp:featuredmedia":[{"embeddable":true,"href":"https:\/\/conversesacatalunya.cat\/es\/wp-json\/wp\/v2\/media\/53099"}],"wp:attachment":[{"href":"https:\/\/conversesacatalunya.cat\/es\/wp-json\/wp\/v2\/media?parent=53102"}],"wp:term":[{"taxonomy":"category","embeddable":true,"href":"https:\/\/conversesacatalunya.cat\/es\/wp-json\/wp\/v2\/categories?post=53102"},{"taxonomy":"post_tag","embeddable":true,"href":"https:\/\/conversesacatalunya.cat\/es\/wp-json\/wp\/v2\/tags?post=53102"}],"curies":[{"name":"wp","href":"https:\/\/api.w.org\/{rel}","templated":true}]}}