{"id":52915,"date":"2021-12-09T12:11:44","date_gmt":"2021-12-09T11:11:44","guid":{"rendered":"https:\/\/conversesacatalunya.cat\/de-la-sagrada-familia-al-pessebre-un-nou-fracas-dada-colau\/"},"modified":"2021-12-09T15:09:02","modified_gmt":"2021-12-09T14:09:02","slug":"de-la-sagrada-familia-al-pesebre-un-nuevo-fracaso-de-ada-colau","status":"publish","type":"post","link":"https:\/\/conversesacatalunya.cat\/es\/de-la-sagrada-familia-al-pesebre-un-nuevo-fracaso-de-ada-colau\/","title":{"rendered":"De la Sagrada Familia al Pesebre: un nuevo fracaso de Ada Colau"},"content":{"rendered":"<p><span><span class=\"\">Situemos antes de nada un dato: para estas fiestas la ocupaci\u00f3n hotelera en Madrid se situar\u00e1 cerca del 100%. <\/span>En Barcelona apenas llegar\u00e1 a la mitad.\u00a0Nuestra ciudad no acaba de remontar la ca\u00edda de 2020 y sus gestores municipales demuestran una gran incapacidad para conseguirlo.<\/span><\/p>\n<p><span>Estas fiestas de Navidad el Ayuntamiento las hab\u00eda planteado como una\u00a0<\/span><strong><span>operaci\u00f3n de recuperaci\u00f3n<\/span><\/strong><span>. Esta es la raz\u00f3n por la que, en contra de la ideolog\u00eda que ha estado presente a lo largo del mandato de Colau, de no dar especial relevancia a la Navidad, este a\u00f1o se quer\u00eda jugar a fondo la carta de la iluminaci\u00f3n. En este contexto es evidente que el pesebre era una cuesti\u00f3n central, porque el \u00e1rea m\u00e1s deprimida de la ciudad es precisamente la del Barrio G\u00f3tico que nota de forma brutal el vac\u00edo del turismo internacional.<\/span><\/p>\n<p><span>Pero, he aqu\u00ed, que una vez m\u00e1s la\u00a0<\/span><strong><span>ideolog\u00eda ha castigado a la ciudad<\/span><\/strong><span> y se ha encargado la realizaci\u00f3n del pesebre a Jordi Darder, que ya cometi\u00f3 una chapuza m\u00e1s moderada, en un anterior intento pesebrista. Darder, arquitecto de profesi\u00f3n, se presenta como pesebrista, pero lo es en t\u00e9rminos muy sui generis. En unas declaraciones en La Vanguardia no se estaba de decir que hab\u00eda querido \u201cinvertir el papel de los personajes del pesebre\u201d y dar m\u00e1s relieve a los animales dom\u00e9sticos para que adquirieran protagonismo. Una relevancia que consiste en hacer pr\u00e1cticamente <\/span><strong><span>desaparecer <\/span><\/strong><span>lo que es el pesebre propiamente dicho: el nacimiento, el ni\u00f1o Jes\u00fas, la Virgen y San Jos\u00e9.\u00a0<span class=\"goog-text-highlight\">\u00c9ste es el pesebre.\u00a0<\/span>Cuando esto desaparece estamos ante una ficci\u00f3n m\u00e1s de la conocida ideolog\u00eda \u00abdel paisaje de invierno\u00bb, que como ha fracasado ante la tradici\u00f3n, ahora lo introducen con el nombre de pesebre, pero evidentemente no lo es, porque no se trata de reunir un conjunto de animales para que re\u00fana esa condici\u00f3n.<\/span><\/p>\n<p><span><span class=\"\">El propio Jordi Darder lo afirma sin tapujos cuando dice que el pesebre lo entiende m\u00e1s dentro de una\u00a0<\/span><\/span><strong><span><span class=\"\">tradici\u00f3n antropol\u00f3gica <\/span><\/span><\/strong><span>que de una tradici\u00f3n cristiana.\u00a0Es una frase muy misteriosa, porque la antropolog\u00eda del pesebre est\u00e1 formada como su nombre indica por personas, no por animales y el fundamento de estas personas es obviamente el nacimiento de Jes\u00fas.\u00a0Una vez m\u00e1s, las palabras sirven para todo y quieren darnos gato por liebre.\u00a0Sencillamente el Ayuntamiento no quiere un pesebre en la plaza Sant Jaume, y finalmente lo ha logrado.\u00a0Lo que han hecho es invisible de d\u00eda y pobre, disperso y confuso de noche con unas figuras dispersas por balcones y azoteas que nadie sabe lo que quieren decir.\u00a0El resultado es un fracaso no s\u00f3lo para el Ayuntamiento, sino para la propia econom\u00eda de la ciudad.\u00a0Eso s\u00ed, es un fracaso que ha costado 200.000 euros.<\/span><\/p>\n<p><span>Junto a esto resplandece el impacto extraordinario de\u00a0<\/span><strong><span>la estrella de la Sagrada Familia <\/span><\/strong><span><span class=\"\">que concentr\u00f3 a miles y miles de personas que aguantaron, a pesar del fr\u00edo y el viento, durante horas para poder ver su encendido. El hecho de que la misa que acompa\u00f1aba al encendido tuviera el acompa\u00f1amiento de un mensaje del Papa, contribuy\u00f3 a dar un relevo internacional al hecho. En realidad, el evento de la estrella de 12 puntas que corona la torre de la Sagrada Familia se ha convertido y ser\u00e1 a lo largo de estos d\u00edas un evento de la televisi\u00f3n mundial y un foco de atenci\u00f3n internacional para la ciudad . El centro de Barcelona en estas fiestas no es la desangelada plaza Sant Jaume, que expresa muy bien la imagen de lo que es capaz de hacer este consistorio, sino la vibraci\u00f3n humana y espiritual que aporta la Sagrada Fam\u00edlia y su espect\u00e1culo de luces y colores. Todo un ejemplo de lo que hace falta para volver a situar a Barcelona en el primer plano.<\/span><\/span><\/p>\n<div id=\"polls-128\" class=\"wp-polls\">\n\t<form id=\"polls_form_128\" class=\"wp-polls-form\" action=\"\/index.php\" method=\"post\">\n\t\t<p style=\"display: none;\"><input type=\"hidden\" id=\"poll_128_nonce\" name=\"wp-polls-nonce\" value=\"a37c731646\" \/><\/p>\n\t\t<p style=\"display: none;\"><input type=\"hidden\" name=\"poll_id\" value=\"128\" \/><\/p>\n\t\t<p style=\"text-align: center\"><strong>Si heu anat a la pla\u00e7a Sant Jaume de Barcelona per veure el pessebre d'enguany, heu aconseguit trobar-lo?<\/strong><\/p><div id=\"polls-128-ans\" class=\"wp-polls-ans\"><ul class=\"wp-polls-ul\">\n\t\t<li><input type=\"radio\" id=\"poll-answer-313\" name=\"poll_128\" value=\"313\" \/> <label for=\"poll-answer-313\">S\u00ed<\/label><\/li>\n\t\t<li><input type=\"radio\" id=\"poll-answer-314\" name=\"poll_128\" value=\"314\" \/> <label for=\"poll-answer-314\">No<\/label><\/li>\n\t\t<\/ul><p style=\"text-align: center\"><input type=\"button\" name=\"vote\" value=\"   Vota   \" class=\"Buttons\" onclick=\"poll_vote(128);\" \/><\/p><p style=\"text-align: center\"><a href=\"#ViewPollResults\" onclick=\"poll_result(128); return false;\" title=\"View Results Of This Poll\">Mira els resultats<\/a><\/p><\/div>\n\t<\/form>\n<\/div>\n<div id=\"polls-128-loading\" class=\"wp-polls-loading\"><img decoding=\"async\" data-src=\"https:\/\/conversesacatalunya.cat\/wp-content\/plugins\/wp-polls\/images\/loading.gif\" width=\"16\" height=\"16\" alt=\"Cargando ...\" title=\"Cargando ...\" class=\"wp-polls-image lazyload\" src=\"data:image\/svg+xml;base64,PHN2ZyB3aWR0aD0iMSIgaGVpZ2h0PSIxIiB4bWxucz0iaHR0cDovL3d3dy53My5vcmcvMjAwMC9zdmciPjwvc3ZnPg==\" style=\"--smush-placeholder-width: 16px; --smush-placeholder-aspect-ratio: 16\/16;\" \/>&nbsp;Cargando ...<\/div>\n\n","protected":false},"excerpt":{"rendered":"<p>Situemos antes de nada un dato: para estas fiestas la ocupaci\u00f3n hotelera en Madrid se situar\u00e1 cerca del 100%. En Barcelona apenas llegar\u00e1 a la mitad.\u00a0Nuestra ciudad no acaba de remontar la ca\u00edda de 2020 y sus gestores municipales demuestran una gran incapacidad para conseguirlo. Estas fiestas de Navidad el Ayuntamiento las hab\u00eda planteado como una\u00a0operaci\u00f3n de recuperaci\u00f3n. Esta es la raz\u00f3n por la que, en contra de la ideolog\u00eda que ha estado presente a lo largo del mandato de Colau, de no dar especial relevancia a la Navidad, este a\u00f1o se quer\u00eda jugar a fondo la carta de la iluminaci\u00f3n. En este contexto es evidente que el pesebre era una cuesti\u00f3n central, porque el \u00e1rea m\u00e1s deprimida de la ciudad es precisamente la del Barrio G\u00f3tico que nota de forma brutal el vac\u00edo del turismo internacional. Pero, he aqu\u00ed, que una vez m\u00e1s la\u00a0ideolog\u00eda ha castigado a la ciudad y se ha encargado la realizaci\u00f3n del pesebre a Jordi Darder, que ya cometi\u00f3 una chapuza m\u00e1s moderada, en un anterior intento pesebrista. Darder, arquitecto de profesi\u00f3n, se presenta como pesebrista, pero lo es en t\u00e9rminos muy sui generis. En unas declaraciones en La Vanguardia no se estaba de decir que hab\u00eda querido \u201cinvertir el papel de los personajes del pesebre\u201d y dar m\u00e1s relieve a los animales dom\u00e9sticos para que adquirieran protagonismo. Una relevancia que consiste en hacer pr\u00e1cticamente desaparecer lo que es el pesebre propiamente dicho: el nacimiento, el ni\u00f1o Jes\u00fas, la Virgen y San Jos\u00e9.\u00a0\u00c9ste es el pesebre.\u00a0Cuando esto desaparece estamos ante una ficci\u00f3n m\u00e1s de la conocida ideolog\u00eda \u00abdel paisaje de invierno\u00bb, que como ha fracasado ante la tradici\u00f3n, ahora lo introducen con el nombre de pesebre, pero evidentemente no lo es, porque no se trata de reunir un conjunto de animales para que re\u00fana esa condici\u00f3n. El propio Jordi Darder lo afirma sin tapujos cuando dice que el pesebre lo entiende m\u00e1s dentro de una\u00a0tradici\u00f3n antropol\u00f3gica que de una tradici\u00f3n cristiana.\u00a0Es una frase muy misteriosa, porque la antropolog\u00eda del pesebre est\u00e1 formada como su nombre indica por personas, no por animales y el fundamento de estas personas es obviamente el nacimiento de Jes\u00fas.\u00a0Una vez m\u00e1s, las palabras sirven para todo y quieren darnos gato por liebre.\u00a0Sencillamente el Ayuntamiento no quiere un pesebre en la plaza Sant Jaume, y finalmente lo ha logrado.\u00a0Lo que han hecho es invisible de d\u00eda y pobre, disperso y confuso de noche con unas figuras dispersas por balcones y azoteas que nadie sabe lo que quieren decir.\u00a0El resultado es un fracaso no s\u00f3lo para el Ayuntamiento, sino para la propia econom\u00eda de la ciudad.\u00a0Eso s\u00ed, es un fracaso que ha costado 200.000 euros. Junto a esto resplandece el impacto extraordinario de\u00a0la estrella de la Sagrada Familia que concentr\u00f3 a miles y miles de personas que aguantaron, a pesar del fr\u00edo y el viento, durante horas para poder ver su encendido. El hecho de que la misa que acompa\u00f1aba al encendido tuviera el acompa\u00f1amiento de un mensaje del Papa, contribuy\u00f3 a dar un relevo internacional al hecho. En realidad, el evento de la estrella de 12 puntas que corona la torre de la Sagrada Familia se ha convertido y ser\u00e1 a lo largo de estos d\u00edas un evento de la televisi\u00f3n mundial y un foco de atenci\u00f3n internacional para la ciudad . El centro de Barcelona en estas fiestas no es la desangelada plaza Sant Jaume, que expresa muy bien la imagen de lo que es capaz de hacer este consistorio, sino la vibraci\u00f3n humana y espiritual que aporta la Sagrada Fam\u00edlia y su espect\u00e1culo de luces y colores. Todo un ejemplo de lo que hace falta para volver a situar a Barcelona en el primer plano.<\/p>\n","protected":false},"author":2,"featured_media":52904,"comment_status":"open","ping_status":"open","sticky":false,"template":"","format":"standard","meta":{"_FSMCFIC_featured_image_caption":"","_FSMCFIC_featured_image_nocaption":"","_FSMCFIC_featured_image_hide":"","footnotes":""},"categories":[806],"tags":[3194,890,4255],"class_list":["post-52915","post","type-post","status-publish","format-standard","has-post-thumbnail","hentry","category-punts-claus-del-dia-es","tag-pesebre","tag-sagrada-familia-es","tag-torre-sagrada-familia-es"],"yoast_head":"<!-- This site is optimized with the Yoast SEO plugin v26.8 - https:\/\/yoast.com\/product\/yoast-seo-wordpress\/ -->\n<title>De la Sagrada Familia al Pesebre: un nuevo fracaso de Ada Colau - Converses a Catalunya<\/title>\n<meta name=\"description\" content=\"El propio Jordi Darder lo afirma sin tapujos cuando dice que el pesebre lo entiende m\u00e1s dentro de una tradici\u00f3n antropol\u00f3gica que de una tradici\u00f3n cristiana.\" \/>\n<meta name=\"robots\" content=\"index, follow, max-snippet:-1, max-image-preview:large, max-video-preview:-1\" \/>\n<link rel=\"canonical\" href=\"https:\/\/conversesacatalunya.cat\/es\/de-la-sagrada-familia-al-pesebre-un-nuevo-fracaso-de-ada-colau\/\" \/>\n<meta property=\"og:locale\" content=\"es_ES\" \/>\n<meta property=\"og:type\" content=\"article\" \/>\n<meta property=\"og:title\" content=\"De la Sagrada Familia al Pesebre: un nuevo fracaso de Ada Colau - Converses a Catalunya\" \/>\n<meta property=\"og:description\" content=\"El propio Jordi Darder lo afirma sin tapujos cuando dice que el pesebre lo entiende m\u00e1s dentro de una tradici\u00f3n antropol\u00f3gica que de una tradici\u00f3n cristiana.\" \/>\n<meta property=\"og:url\" content=\"https:\/\/conversesacatalunya.cat\/es\/de-la-sagrada-familia-al-pesebre-un-nuevo-fracaso-de-ada-colau\/\" \/>\n<meta property=\"og:site_name\" content=\"Converses a Catalunya\" \/>\n<meta property=\"article:published_time\" content=\"2021-12-09T11:11:44+00:00\" \/>\n<meta property=\"article:modified_time\" content=\"2021-12-09T14:09:02+00:00\" \/>\n<meta property=\"og:image\" content=\"https:\/\/conversesacatalunya.cat\/wp-content\/uploads\/2021\/12\/Torre-Maria-Basilica-Sagrada-Familia.jpg\" \/>\n\t<meta property=\"og:image:width\" content=\"1030\" \/>\n\t<meta property=\"og:image:height\" content=\"600\" \/>\n\t<meta property=\"og:image:type\" content=\"image\/jpeg\" \/>\n<meta name=\"author\" content=\"conversesacatalunya\" \/>\n<meta name=\"twitter:card\" content=\"summary_large_image\" \/>\n<meta name=\"twitter:label1\" content=\"Escrito por\" \/>\n\t<meta name=\"twitter:data1\" content=\"conversesacatalunya\" \/>\n\t<meta name=\"twitter:label2\" content=\"Tiempo de lectura\" \/>\n\t<meta name=\"twitter:data2\" content=\"3 minutos\" \/>\n<script type=\"application\/ld+json\" class=\"yoast-schema-graph\">{\"@context\":\"https:\/\/schema.org\",\"@graph\":[{\"@type\":\"Article\",\"@id\":\"https:\/\/conversesacatalunya.cat\/es\/de-la-sagrada-familia-al-pesebre-un-nuevo-fracaso-de-ada-colau\/#article\",\"isPartOf\":{\"@id\":\"https:\/\/conversesacatalunya.cat\/es\/de-la-sagrada-familia-al-pesebre-un-nuevo-fracaso-de-ada-colau\/\"},\"author\":{\"name\":\"conversesacatalunya\",\"@id\":\"https:\/\/conversesacatalunya.cat\/#\/schema\/person\/7e24d1e54a2785373ddcb275eae5ed99\"},\"headline\":\"De la Sagrada Familia al Pesebre: un nuevo fracaso de Ada Colau\",\"datePublished\":\"2021-12-09T11:11:44+00:00\",\"dateModified\":\"2021-12-09T14:09:02+00:00\",\"mainEntityOfPage\":{\"@id\":\"https:\/\/conversesacatalunya.cat\/es\/de-la-sagrada-familia-al-pesebre-un-nuevo-fracaso-de-ada-colau\/\"},\"wordCount\":688,\"commentCount\":0,\"image\":{\"@id\":\"https:\/\/conversesacatalunya.cat\/es\/de-la-sagrada-familia-al-pesebre-un-nuevo-fracaso-de-ada-colau\/#primaryimage\"},\"thumbnailUrl\":\"https:\/\/conversesacatalunya.cat\/wp-content\/uploads\/2021\/12\/Torre-Maria-Basilica-Sagrada-Familia.jpg\",\"keywords\":[\"Pesebre\",\"Sagrada Fam\u00edlia\",\"Torre Sagrada Fam\u00edlia\"],\"articleSection\":[\"Punts clau del dia (ES)\"],\"inLanguage\":\"es\",\"potentialAction\":[{\"@type\":\"CommentAction\",\"name\":\"Comment\",\"target\":[\"https:\/\/conversesacatalunya.cat\/es\/de-la-sagrada-familia-al-pesebre-un-nuevo-fracaso-de-ada-colau\/#respond\"]}]},{\"@type\":\"WebPage\",\"@id\":\"https:\/\/conversesacatalunya.cat\/es\/de-la-sagrada-familia-al-pesebre-un-nuevo-fracaso-de-ada-colau\/\",\"url\":\"https:\/\/conversesacatalunya.cat\/es\/de-la-sagrada-familia-al-pesebre-un-nuevo-fracaso-de-ada-colau\/\",\"name\":\"De la Sagrada Familia al Pesebre: un nuevo fracaso de Ada Colau - Converses a Catalunya\",\"isPartOf\":{\"@id\":\"https:\/\/conversesacatalunya.cat\/#website\"},\"primaryImageOfPage\":{\"@id\":\"https:\/\/conversesacatalunya.cat\/es\/de-la-sagrada-familia-al-pesebre-un-nuevo-fracaso-de-ada-colau\/#primaryimage\"},\"image\":{\"@id\":\"https:\/\/conversesacatalunya.cat\/es\/de-la-sagrada-familia-al-pesebre-un-nuevo-fracaso-de-ada-colau\/#primaryimage\"},\"thumbnailUrl\":\"https:\/\/conversesacatalunya.cat\/wp-content\/uploads\/2021\/12\/Torre-Maria-Basilica-Sagrada-Familia.jpg\",\"datePublished\":\"2021-12-09T11:11:44+00:00\",\"dateModified\":\"2021-12-09T14:09:02+00:00\",\"author\":{\"@id\":\"https:\/\/conversesacatalunya.cat\/#\/schema\/person\/7e24d1e54a2785373ddcb275eae5ed99\"},\"description\":\"El propio Jordi Darder lo afirma sin tapujos cuando dice que el pesebre lo entiende m\u00e1s dentro de una tradici\u00f3n antropol\u00f3gica que de una tradici\u00f3n cristiana.\",\"breadcrumb\":{\"@id\":\"https:\/\/conversesacatalunya.cat\/es\/de-la-sagrada-familia-al-pesebre-un-nuevo-fracaso-de-ada-colau\/#breadcrumb\"},\"inLanguage\":\"es\",\"potentialAction\":[{\"@type\":\"ReadAction\",\"target\":[\"https:\/\/conversesacatalunya.cat\/es\/de-la-sagrada-familia-al-pesebre-un-nuevo-fracaso-de-ada-colau\/\"]}]},{\"@type\":\"ImageObject\",\"inLanguage\":\"es\",\"@id\":\"https:\/\/conversesacatalunya.cat\/es\/de-la-sagrada-familia-al-pesebre-un-nuevo-fracaso-de-ada-colau\/#primaryimage\",\"url\":\"https:\/\/conversesacatalunya.cat\/wp-content\/uploads\/2021\/12\/Torre-Maria-Basilica-Sagrada-Familia.jpg\",\"contentUrl\":\"https:\/\/conversesacatalunya.cat\/wp-content\/uploads\/2021\/12\/Torre-Maria-Basilica-Sagrada-Familia.jpg\",\"width\":1030,\"height\":600},{\"@type\":\"BreadcrumbList\",\"@id\":\"https:\/\/conversesacatalunya.cat\/es\/de-la-sagrada-familia-al-pesebre-un-nuevo-fracaso-de-ada-colau\/#breadcrumb\",\"itemListElement\":[{\"@type\":\"ListItem\",\"position\":1,\"name\":\"Inici\",\"item\":\"https:\/\/conversesacatalunya.cat\/es\/\"},{\"@type\":\"ListItem\",\"position\":2,\"name\":\"De la Sagrada Familia al Pesebre: un nuevo fracaso de Ada Colau\"}]},{\"@type\":\"WebSite\",\"@id\":\"https:\/\/conversesacatalunya.cat\/#website\",\"url\":\"https:\/\/conversesacatalunya.cat\/\",\"name\":\"Converses a Catalunya\",\"description\":\"\",\"potentialAction\":[{\"@type\":\"SearchAction\",\"target\":{\"@type\":\"EntryPoint\",\"urlTemplate\":\"https:\/\/conversesacatalunya.cat\/?s={search_term_string}\"},\"query-input\":{\"@type\":\"PropertyValueSpecification\",\"valueRequired\":true,\"valueName\":\"search_term_string\"}}],\"inLanguage\":\"es\"},{\"@type\":\"Person\",\"@id\":\"https:\/\/conversesacatalunya.cat\/#\/schema\/person\/7e24d1e54a2785373ddcb275eae5ed99\",\"name\":\"conversesacatalunya\",\"image\":{\"@type\":\"ImageObject\",\"inLanguage\":\"es\",\"@id\":\"https:\/\/conversesacatalunya.cat\/#\/schema\/person\/image\/\",\"url\":\"https:\/\/conversesacatalunya.cat\/wp-content\/litespeed\/avatar\/febdfeeec89d950f01c748045a981dd2.jpg?ver=1777314535\",\"contentUrl\":\"https:\/\/conversesacatalunya.cat\/wp-content\/litespeed\/avatar\/febdfeeec89d950f01c748045a981dd2.jpg?ver=1777314535\",\"caption\":\"conversesacatalunya\"},\"url\":\"https:\/\/conversesacatalunya.cat\/es\/author\/carme_catala\/\"}]}<\/script>\n<!-- \/ Yoast SEO plugin. -->","yoast_head_json":{"title":"De la Sagrada Familia al Pesebre: un nuevo fracaso de Ada Colau - Converses a Catalunya","description":"El propio Jordi Darder lo afirma sin tapujos cuando dice que el pesebre lo entiende m\u00e1s dentro de una tradici\u00f3n antropol\u00f3gica que de una tradici\u00f3n cristiana.","robots":{"index":"index","follow":"follow","max-snippet":"max-snippet:-1","max-image-preview":"max-image-preview:large","max-video-preview":"max-video-preview:-1"},"canonical":"https:\/\/conversesacatalunya.cat\/es\/de-la-sagrada-familia-al-pesebre-un-nuevo-fracaso-de-ada-colau\/","og_locale":"es_ES","og_type":"article","og_title":"De la Sagrada Familia al Pesebre: un nuevo fracaso de Ada Colau - Converses a Catalunya","og_description":"El propio Jordi Darder lo afirma sin tapujos cuando dice que el pesebre lo entiende m\u00e1s dentro de una tradici\u00f3n antropol\u00f3gica que de una tradici\u00f3n cristiana.","og_url":"https:\/\/conversesacatalunya.cat\/es\/de-la-sagrada-familia-al-pesebre-un-nuevo-fracaso-de-ada-colau\/","og_site_name":"Converses a Catalunya","article_published_time":"2021-12-09T11:11:44+00:00","article_modified_time":"2021-12-09T14:09:02+00:00","og_image":[{"width":1030,"height":600,"url":"https:\/\/conversesacatalunya.cat\/wp-content\/uploads\/2021\/12\/Torre-Maria-Basilica-Sagrada-Familia.jpg","type":"image\/jpeg"}],"author":"conversesacatalunya","twitter_card":"summary_large_image","twitter_misc":{"Escrito por":"conversesacatalunya","Tiempo de lectura":"3 minutos"},"schema":{"@context":"https:\/\/schema.org","@graph":[{"@type":"Article","@id":"https:\/\/conversesacatalunya.cat\/es\/de-la-sagrada-familia-al-pesebre-un-nuevo-fracaso-de-ada-colau\/#article","isPartOf":{"@id":"https:\/\/conversesacatalunya.cat\/es\/de-la-sagrada-familia-al-pesebre-un-nuevo-fracaso-de-ada-colau\/"},"author":{"name":"conversesacatalunya","@id":"https:\/\/conversesacatalunya.cat\/#\/schema\/person\/7e24d1e54a2785373ddcb275eae5ed99"},"headline":"De la Sagrada Familia al Pesebre: un nuevo fracaso de Ada Colau","datePublished":"2021-12-09T11:11:44+00:00","dateModified":"2021-12-09T14:09:02+00:00","mainEntityOfPage":{"@id":"https:\/\/conversesacatalunya.cat\/es\/de-la-sagrada-familia-al-pesebre-un-nuevo-fracaso-de-ada-colau\/"},"wordCount":688,"commentCount":0,"image":{"@id":"https:\/\/conversesacatalunya.cat\/es\/de-la-sagrada-familia-al-pesebre-un-nuevo-fracaso-de-ada-colau\/#primaryimage"},"thumbnailUrl":"https:\/\/conversesacatalunya.cat\/wp-content\/uploads\/2021\/12\/Torre-Maria-Basilica-Sagrada-Familia.jpg","keywords":["Pesebre","Sagrada Fam\u00edlia","Torre Sagrada Fam\u00edlia"],"articleSection":["Punts clau del dia (ES)"],"inLanguage":"es","potentialAction":[{"@type":"CommentAction","name":"Comment","target":["https:\/\/conversesacatalunya.cat\/es\/de-la-sagrada-familia-al-pesebre-un-nuevo-fracaso-de-ada-colau\/#respond"]}]},{"@type":"WebPage","@id":"https:\/\/conversesacatalunya.cat\/es\/de-la-sagrada-familia-al-pesebre-un-nuevo-fracaso-de-ada-colau\/","url":"https:\/\/conversesacatalunya.cat\/es\/de-la-sagrada-familia-al-pesebre-un-nuevo-fracaso-de-ada-colau\/","name":"De la Sagrada Familia al Pesebre: un nuevo fracaso de Ada Colau - Converses a Catalunya","isPartOf":{"@id":"https:\/\/conversesacatalunya.cat\/#website"},"primaryImageOfPage":{"@id":"https:\/\/conversesacatalunya.cat\/es\/de-la-sagrada-familia-al-pesebre-un-nuevo-fracaso-de-ada-colau\/#primaryimage"},"image":{"@id":"https:\/\/conversesacatalunya.cat\/es\/de-la-sagrada-familia-al-pesebre-un-nuevo-fracaso-de-ada-colau\/#primaryimage"},"thumbnailUrl":"https:\/\/conversesacatalunya.cat\/wp-content\/uploads\/2021\/12\/Torre-Maria-Basilica-Sagrada-Familia.jpg","datePublished":"2021-12-09T11:11:44+00:00","dateModified":"2021-12-09T14:09:02+00:00","author":{"@id":"https:\/\/conversesacatalunya.cat\/#\/schema\/person\/7e24d1e54a2785373ddcb275eae5ed99"},"description":"El propio Jordi Darder lo afirma sin tapujos cuando dice que el pesebre lo entiende m\u00e1s dentro de una tradici\u00f3n antropol\u00f3gica que de una tradici\u00f3n cristiana.","breadcrumb":{"@id":"https:\/\/conversesacatalunya.cat\/es\/de-la-sagrada-familia-al-pesebre-un-nuevo-fracaso-de-ada-colau\/#breadcrumb"},"inLanguage":"es","potentialAction":[{"@type":"ReadAction","target":["https:\/\/conversesacatalunya.cat\/es\/de-la-sagrada-familia-al-pesebre-un-nuevo-fracaso-de-ada-colau\/"]}]},{"@type":"ImageObject","inLanguage":"es","@id":"https:\/\/conversesacatalunya.cat\/es\/de-la-sagrada-familia-al-pesebre-un-nuevo-fracaso-de-ada-colau\/#primaryimage","url":"https:\/\/conversesacatalunya.cat\/wp-content\/uploads\/2021\/12\/Torre-Maria-Basilica-Sagrada-Familia.jpg","contentUrl":"https:\/\/conversesacatalunya.cat\/wp-content\/uploads\/2021\/12\/Torre-Maria-Basilica-Sagrada-Familia.jpg","width":1030,"height":600},{"@type":"BreadcrumbList","@id":"https:\/\/conversesacatalunya.cat\/es\/de-la-sagrada-familia-al-pesebre-un-nuevo-fracaso-de-ada-colau\/#breadcrumb","itemListElement":[{"@type":"ListItem","position":1,"name":"Inici","item":"https:\/\/conversesacatalunya.cat\/es\/"},{"@type":"ListItem","position":2,"name":"De la Sagrada Familia al Pesebre: un nuevo fracaso de Ada Colau"}]},{"@type":"WebSite","@id":"https:\/\/conversesacatalunya.cat\/#website","url":"https:\/\/conversesacatalunya.cat\/","name":"Converses a Catalunya","description":"","potentialAction":[{"@type":"SearchAction","target":{"@type":"EntryPoint","urlTemplate":"https:\/\/conversesacatalunya.cat\/?s={search_term_string}"},"query-input":{"@type":"PropertyValueSpecification","valueRequired":true,"valueName":"search_term_string"}}],"inLanguage":"es"},{"@type":"Person","@id":"https:\/\/conversesacatalunya.cat\/#\/schema\/person\/7e24d1e54a2785373ddcb275eae5ed99","name":"conversesacatalunya","image":{"@type":"ImageObject","inLanguage":"es","@id":"https:\/\/conversesacatalunya.cat\/#\/schema\/person\/image\/","url":"https:\/\/conversesacatalunya.cat\/wp-content\/litespeed\/avatar\/febdfeeec89d950f01c748045a981dd2.jpg?ver=1777314535","contentUrl":"https:\/\/conversesacatalunya.cat\/wp-content\/litespeed\/avatar\/febdfeeec89d950f01c748045a981dd2.jpg?ver=1777314535","caption":"conversesacatalunya"},"url":"https:\/\/conversesacatalunya.cat\/es\/author\/carme_catala\/"}]}},"wps_subtitle":"El propio Jordi Darder lo afirma sin tapujos cuando dice que el pesebre lo entiende m\u00e1s dentro de una tradici\u00f3n antropol\u00f3gica que de una tradici\u00f3n cristiana.","_links":{"self":[{"href":"https:\/\/conversesacatalunya.cat\/es\/wp-json\/wp\/v2\/posts\/52915","targetHints":{"allow":["GET"]}}],"collection":[{"href":"https:\/\/conversesacatalunya.cat\/es\/wp-json\/wp\/v2\/posts"}],"about":[{"href":"https:\/\/conversesacatalunya.cat\/es\/wp-json\/wp\/v2\/types\/post"}],"author":[{"embeddable":true,"href":"https:\/\/conversesacatalunya.cat\/es\/wp-json\/wp\/v2\/users\/2"}],"replies":[{"embeddable":true,"href":"https:\/\/conversesacatalunya.cat\/es\/wp-json\/wp\/v2\/comments?post=52915"}],"version-history":[{"count":2,"href":"https:\/\/conversesacatalunya.cat\/es\/wp-json\/wp\/v2\/posts\/52915\/revisions"}],"predecessor-version":[{"id":52917,"href":"https:\/\/conversesacatalunya.cat\/es\/wp-json\/wp\/v2\/posts\/52915\/revisions\/52917"}],"wp:featuredmedia":[{"embeddable":true,"href":"https:\/\/conversesacatalunya.cat\/es\/wp-json\/wp\/v2\/media\/52904"}],"wp:attachment":[{"href":"https:\/\/conversesacatalunya.cat\/es\/wp-json\/wp\/v2\/media?parent=52915"}],"wp:term":[{"taxonomy":"category","embeddable":true,"href":"https:\/\/conversesacatalunya.cat\/es\/wp-json\/wp\/v2\/categories?post=52915"},{"taxonomy":"post_tag","embeddable":true,"href":"https:\/\/conversesacatalunya.cat\/es\/wp-json\/wp\/v2\/tags?post=52915"}],"curies":[{"name":"wp","href":"https:\/\/api.w.org\/{rel}","templated":true}]}}