{"id":52717,"date":"2021-12-02T08:42:38","date_gmt":"2021-12-02T07:42:38","guid":{"rendered":"https:\/\/conversesacatalunya.cat\/el-musical-el-guardaespaldas-al-coliseum\/"},"modified":"2021-12-02T08:56:11","modified_gmt":"2021-12-02T07:56:11","slug":"musical-el-guardaespaldas-coliseum","status":"publish","type":"post","link":"https:\/\/conversesacatalunya.cat\/es\/musical-el-guardaespaldas-coliseum\/","title":{"rendered":"\u00a1El musical \u201cEl Guardaespaldas\u201d en el Coliseum!"},"content":{"rendered":"<p>El musical \u00abEl Guardaespaldas\u00bb, la historia protagonizada por el icono de la m\u00fasica <strong>Whitney Houston<\/strong> y del actor <strong>Kevin Costner<\/strong> en 1992, aterriza por primera vez en Barcelona.<\/p>\n<p>Mireia Mambo y Octavi Pujades son los encargados de dar vida a los protagonistas: Frank Farmer, ex agente del servicio secreto, contratado para proteger de un acosador desconocido en la superestrella musical Rachel Marron. Una relaci\u00f3n intensa que acaba haciendo que los protagonistas se enamoren entre ellos.<\/p>\n<p><strong>Un drama rom\u00e1ntico acompa\u00f1ado de m\u00fasica y danza<\/strong> que alberga la sala de teatro Coliseum de Barcelona hasta el pr\u00f3ximo 9 de enero. Aprovecha la oportunidad de vivir en directo un cl\u00e1sico del cine americano.<\/p>\n<table>\n<thead>\n<tr>\n<th class=\"content-info\" scope=\"col\">Dias<\/th>\n<th class=\"content-info\" scope=\"col\">Horas<\/th>\n<th class=\"content-info\" scope=\"col\">Precios<\/th>\n<th class=\"content-info\" scope=\"col\">Observaciones<\/th>\n<\/tr>\n<\/thead>\n<tbody>\n<tr>\n<td class=\"content-info\">\n<div>Viernes y s\u00e1bados excepto 25 diciembre, 24 diciembre, 31 diciembre y 1 enero<\/div>\n<\/td>\n<td class=\"content-info\">\n<div>a las 18.00 h i<br \/>\na las 21.30 h<\/div>\n<\/td>\n<td class=\"content-info\" rowspan=\"6\">\n<div>\n<p>Entrada general: 28 \u20ac(+ gastos de gesti\u00f3n)<\/p>\n<\/div>\n<\/td>\n<td class=\"content-info\" rowspan=\"6\">\n<div>\n<p>Durada: 1 hora 40 minutos.<\/p>\n<\/div>\n<\/td>\n<\/tr>\n<tr>\n<td class=\"content-info\">\n<div>31 diciembre<\/div>\n<\/td>\n<td class=\"content-info\">\n<div>a las 22.00 h<\/div>\n<\/td>\n<\/tr>\n<tr>\n<td class=\"content-info\">\n<div>7 diciembre,<br \/>\n15 diciembre,<br \/>\n16 diciembre,<br \/>\n21 diciembre,<br \/>\n22 diciembre,<br \/>\n23 diciembre y<br \/>\n25 diciembre<\/div>\n<\/td>\n<td class=\"content-info\">\n<div>a las 21.30 h<\/div>\n<\/td>\n<\/tr>\n<tr>\n<td class=\"content-info\">\n<div>Domingo, 6 diciembre,<br \/>\n8 diciembre y<br \/>\n6 enero<\/div>\n<\/td>\n<td class=\"content-info\">\n<div>a las 18.00 h<\/div>\n<\/td>\n<\/tr>\n<tr>\n<td class=\"content-info\">\n<div>28 noviembre<\/div>\n<\/td>\n<td class=\"content-info\">\n<div>a las 17.00 h<\/div>\n<\/td>\n<\/tr>\n<tr>\n<td class=\"content-info\">\n<div>1 diciembre,<br \/>\n7 diciembre,<br \/>\n1 enero y<br \/>\n4 enero<\/div>\n<\/td>\n<td class=\"content-info\">\n<div>a las 20.30 h<\/div>\n<\/td>\n<\/tr>\n<\/tbody>\n<\/table>\n<p>Se celebra y es venden las entradas en: <a href=\"https:\/\/guia.barcelona.cat\/es\/detall\/teatre-coliseum_75990147320.html\" target=\"_blank\" rel=\"noopener\">Teatre Coliseum<\/a>.<\/p>\n<p>Direcci\u00f3n: G.V. Corts Catalanes, 595 (Barcelona)<\/p>\n<div id=\"polls-127\" class=\"wp-polls\">\n\t<form id=\"polls_form_127\" class=\"wp-polls-form\" action=\"\/index.php\" method=\"post\">\n\t\t<p style=\"display: none;\"><input type=\"hidden\" id=\"poll_127_nonce\" name=\"wp-polls-nonce\" value=\"65e28e0650\" \/><\/p>\n\t\t<p style=\"display: none;\"><input type=\"hidden\" name=\"poll_id\" value=\"127\" \/><\/p>\n\t\t<p style=\"text-align: center\"><strong>Creus que pot ser perillosa la nova variant del coronavirus \u00d2micron i cal prendre mesures de control immediates?<\/strong><\/p><div id=\"polls-127-ans\" class=\"wp-polls-ans\"><ul class=\"wp-polls-ul\">\n\t\t<li><input type=\"radio\" id=\"poll-answer-310\" name=\"poll_127\" value=\"310\" \/> <label for=\"poll-answer-310\">S\u00ed<\/label><\/li>\n\t\t<li><input type=\"radio\" id=\"poll-answer-311\" name=\"poll_127\" value=\"311\" \/> <label for=\"poll-answer-311\">No<\/label><\/li>\n\t\t<li><input type=\"radio\" id=\"poll-answer-312\" name=\"poll_127\" value=\"312\" \/> <label for=\"poll-answer-312\">No ho s\u00e9<\/label><\/li>\n\t\t<\/ul><p style=\"text-align: center\"><input type=\"button\" name=\"vote\" value=\"   Vota   \" class=\"Buttons\" onclick=\"poll_vote(127);\" \/><\/p><p style=\"text-align: center\"><a href=\"#ViewPollResults\" onclick=\"poll_result(127); return false;\" title=\"View Results Of This Poll\">Mira els resultats<\/a><\/p><\/div>\n\t<\/form>\n<\/div>\n<div id=\"polls-127-loading\" class=\"wp-polls-loading\"><img decoding=\"async\" data-src=\"https:\/\/conversesacatalunya.cat\/wp-content\/plugins\/wp-polls\/images\/loading.gif\" width=\"16\" height=\"16\" alt=\"Cargando ...\" title=\"Cargando ...\" class=\"wp-polls-image lazyload\" src=\"data:image\/svg+xml;base64,PHN2ZyB3aWR0aD0iMSIgaGVpZ2h0PSIxIiB4bWxucz0iaHR0cDovL3d3dy53My5vcmcvMjAwMC9zdmciPjwvc3ZnPg==\" style=\"--smush-placeholder-width: 16px; --smush-placeholder-aspect-ratio: 16\/16;\" \/>&nbsp;Cargando ...<\/div>\n\n","protected":false},"excerpt":{"rendered":"<p>El musical \u00abEl Guardaespaldas\u00bb, la historia protagonizada por el icono de la m\u00fasica Whitney Houston y del actor Kevin Costner en 1992, aterriza por primera vez en Barcelona. Mireia Mambo y Octavi Pujades son los encargados de dar vida a los protagonistas: Frank Farmer, ex agente del servicio secreto, contratado para proteger de un acosador desconocido en la superestrella musical Rachel Marron. Una relaci\u00f3n intensa que acaba haciendo que los protagonistas se enamoren entre ellos. Un drama rom\u00e1ntico acompa\u00f1ado de m\u00fasica y danza que alberga la sala de teatro Coliseum de Barcelona hasta el pr\u00f3ximo 9 de enero. Aprovecha la oportunidad de vivir en directo un cl\u00e1sico del cine americano. Dias Horas Precios Observaciones Viernes y s\u00e1bados excepto 25 diciembre, 24 diciembre, 31 diciembre y 1 enero a las 18.00 h i a las 21.30 h Entrada general: 28 \u20ac(+ gastos de gesti\u00f3n) Durada: 1 hora 40 minutos. 31 diciembre a las 22.00 h 7 diciembre, 15 diciembre, 16 diciembre, 21 diciembre, 22 diciembre, 23 diciembre y 25 diciembre a las 21.30 h Domingo, 6 diciembre, 8 diciembre y 6 enero a las 18.00 h 28 noviembre a las 17.00 h 1 diciembre, 7 diciembre, 1 enero y 4 enero a las 20.30 h Se celebra y es venden las entradas en: Teatre Coliseum. Direcci\u00f3n: G.V. Corts Catalanes, 595 (Barcelona)<\/p>\n","protected":false},"author":3,"featured_media":52714,"comment_status":"open","ping_status":"open","sticky":false,"template":"","format":"standard","meta":{"_FSMCFIC_featured_image_caption":"","_FSMCFIC_featured_image_nocaption":"","_FSMCFIC_featured_image_hide":"","footnotes":""},"categories":[786],"tags":[],"class_list":["post-52717","post","type-post","status-publish","format-standard","has-post-thumbnail","hentry","category-agenda-es"],"yoast_head":"<!-- This site is optimized with the Yoast SEO plugin v26.8 - https:\/\/yoast.com\/product\/yoast-seo-wordpress\/ -->\n<title>\u00a1El musical \u201cEl Guardaespaldas\u201d en el Coliseum! - Converses a Catalunya<\/title>\n<meta name=\"description\" content=\"El musical &quot;El Guardaespaldas&quot;, la hist\u00f2ria protagonitzada per Whitney Houston i l&#039;actor Kevin Costner l&#039;any 1992, aterra a Barcelona\" \/>\n<meta name=\"robots\" content=\"index, follow, max-snippet:-1, max-image-preview:large, max-video-preview:-1\" \/>\n<link rel=\"canonical\" href=\"https:\/\/conversesacatalunya.cat\/es\/musical-el-guardaespaldas-coliseum\/\" \/>\n<meta property=\"og:locale\" content=\"es_ES\" \/>\n<meta property=\"og:type\" content=\"article\" \/>\n<meta property=\"og:title\" content=\"\u00a1El musical \u201cEl Guardaespaldas\u201d en el Coliseum! - Converses a Catalunya\" \/>\n<meta property=\"og:description\" content=\"El musical &quot;El Guardaespaldas&quot;, la hist\u00f2ria protagonitzada per Whitney Houston i l&#039;actor Kevin Costner l&#039;any 1992, aterra a Barcelona\" \/>\n<meta property=\"og:url\" content=\"https:\/\/conversesacatalunya.cat\/es\/musical-el-guardaespaldas-coliseum\/\" \/>\n<meta property=\"og:site_name\" content=\"Converses a Catalunya\" \/>\n<meta property=\"article:published_time\" content=\"2021-12-02T07:42:38+00:00\" \/>\n<meta property=\"article:modified_time\" content=\"2021-12-02T07:56:11+00:00\" \/>\n<meta property=\"og:image\" content=\"https:\/\/conversesacatalunya.cat\/wp-content\/uploads\/2021\/12\/teatre-coliseum.jpeg\" \/>\n\t<meta property=\"og:image:width\" content=\"1200\" \/>\n\t<meta property=\"og:image:height\" content=\"800\" \/>\n\t<meta property=\"og:image:type\" content=\"image\/jpeg\" \/>\n<meta name=\"author\" content=\"conversesacatalunya\" \/>\n<meta name=\"twitter:card\" content=\"summary_large_image\" \/>\n<meta name=\"twitter:label1\" content=\"Escrito por\" \/>\n\t<meta name=\"twitter:data1\" content=\"conversesacatalunya\" \/>\n\t<meta name=\"twitter:label2\" content=\"Tiempo de lectura\" \/>\n\t<meta name=\"twitter:data2\" content=\"1 minuto\" \/>\n<script type=\"application\/ld+json\" class=\"yoast-schema-graph\">{\"@context\":\"https:\/\/schema.org\",\"@graph\":[{\"@type\":\"Article\",\"@id\":\"https:\/\/conversesacatalunya.cat\/es\/musical-el-guardaespaldas-coliseum\/#article\",\"isPartOf\":{\"@id\":\"https:\/\/conversesacatalunya.cat\/es\/musical-el-guardaespaldas-coliseum\/\"},\"author\":{\"name\":\"conversesacatalunya\",\"@id\":\"https:\/\/conversesacatalunya.cat\/#\/schema\/person\/982274792508d804a0821b413c9ac076\"},\"headline\":\"\u00a1El musical \u201cEl Guardaespaldas\u201d en el Coliseum!\",\"datePublished\":\"2021-12-02T07:42:38+00:00\",\"dateModified\":\"2021-12-02T07:56:11+00:00\",\"mainEntityOfPage\":{\"@id\":\"https:\/\/conversesacatalunya.cat\/es\/musical-el-guardaespaldas-coliseum\/\"},\"wordCount\":206,\"commentCount\":0,\"image\":{\"@id\":\"https:\/\/conversesacatalunya.cat\/es\/musical-el-guardaespaldas-coliseum\/#primaryimage\"},\"thumbnailUrl\":\"https:\/\/conversesacatalunya.cat\/wp-content\/uploads\/2021\/12\/teatre-coliseum.jpeg\",\"articleSection\":[\"Agenda (ES)\"],\"inLanguage\":\"es\",\"potentialAction\":[{\"@type\":\"CommentAction\",\"name\":\"Comment\",\"target\":[\"https:\/\/conversesacatalunya.cat\/es\/musical-el-guardaespaldas-coliseum\/#respond\"]}]},{\"@type\":\"WebPage\",\"@id\":\"https:\/\/conversesacatalunya.cat\/es\/musical-el-guardaespaldas-coliseum\/\",\"url\":\"https:\/\/conversesacatalunya.cat\/es\/musical-el-guardaespaldas-coliseum\/\",\"name\":\"\u00a1El musical \u201cEl Guardaespaldas\u201d en el Coliseum! - Converses a Catalunya\",\"isPartOf\":{\"@id\":\"https:\/\/conversesacatalunya.cat\/#website\"},\"primaryImageOfPage\":{\"@id\":\"https:\/\/conversesacatalunya.cat\/es\/musical-el-guardaespaldas-coliseum\/#primaryimage\"},\"image\":{\"@id\":\"https:\/\/conversesacatalunya.cat\/es\/musical-el-guardaespaldas-coliseum\/#primaryimage\"},\"thumbnailUrl\":\"https:\/\/conversesacatalunya.cat\/wp-content\/uploads\/2021\/12\/teatre-coliseum.jpeg\",\"datePublished\":\"2021-12-02T07:42:38+00:00\",\"dateModified\":\"2021-12-02T07:56:11+00:00\",\"author\":{\"@id\":\"https:\/\/conversesacatalunya.cat\/#\/schema\/person\/982274792508d804a0821b413c9ac076\"},\"description\":\"El musical \\\"El Guardaespaldas\\\", la hist\u00f2ria protagonitzada per Whitney Houston i l'actor Kevin Costner l'any 1992, aterra a Barcelona\",\"breadcrumb\":{\"@id\":\"https:\/\/conversesacatalunya.cat\/es\/musical-el-guardaespaldas-coliseum\/#breadcrumb\"},\"inLanguage\":\"es\",\"potentialAction\":[{\"@type\":\"ReadAction\",\"target\":[\"https:\/\/conversesacatalunya.cat\/es\/musical-el-guardaespaldas-coliseum\/\"]}]},{\"@type\":\"ImageObject\",\"inLanguage\":\"es\",\"@id\":\"https:\/\/conversesacatalunya.cat\/es\/musical-el-guardaespaldas-coliseum\/#primaryimage\",\"url\":\"https:\/\/conversesacatalunya.cat\/wp-content\/uploads\/2021\/12\/teatre-coliseum.jpeg\",\"contentUrl\":\"https:\/\/conversesacatalunya.cat\/wp-content\/uploads\/2021\/12\/teatre-coliseum.jpeg\",\"width\":1200,\"height\":800,\"caption\":\"El guardaspaldas\"},{\"@type\":\"BreadcrumbList\",\"@id\":\"https:\/\/conversesacatalunya.cat\/es\/musical-el-guardaespaldas-coliseum\/#breadcrumb\",\"itemListElement\":[{\"@type\":\"ListItem\",\"position\":1,\"name\":\"Inici\",\"item\":\"https:\/\/conversesacatalunya.cat\/es\/\"},{\"@type\":\"ListItem\",\"position\":2,\"name\":\"\u00a1El musical \u201cEl Guardaespaldas\u201d en el Coliseum!\"}]},{\"@type\":\"WebSite\",\"@id\":\"https:\/\/conversesacatalunya.cat\/#website\",\"url\":\"https:\/\/conversesacatalunya.cat\/\",\"name\":\"Converses a Catalunya\",\"description\":\"\",\"potentialAction\":[{\"@type\":\"SearchAction\",\"target\":{\"@type\":\"EntryPoint\",\"urlTemplate\":\"https:\/\/conversesacatalunya.cat\/?s={search_term_string}\"},\"query-input\":{\"@type\":\"PropertyValueSpecification\",\"valueRequired\":true,\"valueName\":\"search_term_string\"}}],\"inLanguage\":\"es\"},{\"@type\":\"Person\",\"@id\":\"https:\/\/conversesacatalunya.cat\/#\/schema\/person\/982274792508d804a0821b413c9ac076\",\"name\":\"conversesacatalunya\",\"image\":{\"@type\":\"ImageObject\",\"inLanguage\":\"es\",\"@id\":\"https:\/\/conversesacatalunya.cat\/#\/schema\/person\/image\/\",\"url\":\"https:\/\/conversesacatalunya.cat\/wp-content\/litespeed\/avatar\/f04b47eeffd9637c7cf7869e217fb9ec.jpg?ver=1777370077\",\"contentUrl\":\"https:\/\/conversesacatalunya.cat\/wp-content\/litespeed\/avatar\/f04b47eeffd9637c7cf7869e217fb9ec.jpg?ver=1777370077\",\"caption\":\"conversesacatalunya\"},\"url\":\"https:\/\/conversesacatalunya.cat\/es\/author\/muntsa_escola\/\"}]}<\/script>\n<!-- \/ Yoast SEO plugin. -->","yoast_head_json":{"title":"\u00a1El musical \u201cEl Guardaespaldas\u201d en el Coliseum! - Converses a Catalunya","description":"El musical \"El Guardaespaldas\", la hist\u00f2ria protagonitzada per Whitney Houston i l'actor Kevin Costner l'any 1992, aterra a Barcelona","robots":{"index":"index","follow":"follow","max-snippet":"max-snippet:-1","max-image-preview":"max-image-preview:large","max-video-preview":"max-video-preview:-1"},"canonical":"https:\/\/conversesacatalunya.cat\/es\/musical-el-guardaespaldas-coliseum\/","og_locale":"es_ES","og_type":"article","og_title":"\u00a1El musical \u201cEl Guardaespaldas\u201d en el Coliseum! - Converses a Catalunya","og_description":"El musical \"El Guardaespaldas\", la hist\u00f2ria protagonitzada per Whitney Houston i l'actor Kevin Costner l'any 1992, aterra a Barcelona","og_url":"https:\/\/conversesacatalunya.cat\/es\/musical-el-guardaespaldas-coliseum\/","og_site_name":"Converses a Catalunya","article_published_time":"2021-12-02T07:42:38+00:00","article_modified_time":"2021-12-02T07:56:11+00:00","og_image":[{"width":1200,"height":800,"url":"https:\/\/conversesacatalunya.cat\/wp-content\/uploads\/2021\/12\/teatre-coliseum.jpeg","type":"image\/jpeg"}],"author":"conversesacatalunya","twitter_card":"summary_large_image","twitter_misc":{"Escrito por":"conversesacatalunya","Tiempo de lectura":"1 minuto"},"schema":{"@context":"https:\/\/schema.org","@graph":[{"@type":"Article","@id":"https:\/\/conversesacatalunya.cat\/es\/musical-el-guardaespaldas-coliseum\/#article","isPartOf":{"@id":"https:\/\/conversesacatalunya.cat\/es\/musical-el-guardaespaldas-coliseum\/"},"author":{"name":"conversesacatalunya","@id":"https:\/\/conversesacatalunya.cat\/#\/schema\/person\/982274792508d804a0821b413c9ac076"},"headline":"\u00a1El musical \u201cEl Guardaespaldas\u201d en el Coliseum!","datePublished":"2021-12-02T07:42:38+00:00","dateModified":"2021-12-02T07:56:11+00:00","mainEntityOfPage":{"@id":"https:\/\/conversesacatalunya.cat\/es\/musical-el-guardaespaldas-coliseum\/"},"wordCount":206,"commentCount":0,"image":{"@id":"https:\/\/conversesacatalunya.cat\/es\/musical-el-guardaespaldas-coliseum\/#primaryimage"},"thumbnailUrl":"https:\/\/conversesacatalunya.cat\/wp-content\/uploads\/2021\/12\/teatre-coliseum.jpeg","articleSection":["Agenda (ES)"],"inLanguage":"es","potentialAction":[{"@type":"CommentAction","name":"Comment","target":["https:\/\/conversesacatalunya.cat\/es\/musical-el-guardaespaldas-coliseum\/#respond"]}]},{"@type":"WebPage","@id":"https:\/\/conversesacatalunya.cat\/es\/musical-el-guardaespaldas-coliseum\/","url":"https:\/\/conversesacatalunya.cat\/es\/musical-el-guardaespaldas-coliseum\/","name":"\u00a1El musical \u201cEl Guardaespaldas\u201d en el Coliseum! - Converses a Catalunya","isPartOf":{"@id":"https:\/\/conversesacatalunya.cat\/#website"},"primaryImageOfPage":{"@id":"https:\/\/conversesacatalunya.cat\/es\/musical-el-guardaespaldas-coliseum\/#primaryimage"},"image":{"@id":"https:\/\/conversesacatalunya.cat\/es\/musical-el-guardaespaldas-coliseum\/#primaryimage"},"thumbnailUrl":"https:\/\/conversesacatalunya.cat\/wp-content\/uploads\/2021\/12\/teatre-coliseum.jpeg","datePublished":"2021-12-02T07:42:38+00:00","dateModified":"2021-12-02T07:56:11+00:00","author":{"@id":"https:\/\/conversesacatalunya.cat\/#\/schema\/person\/982274792508d804a0821b413c9ac076"},"description":"El musical \"El Guardaespaldas\", la hist\u00f2ria protagonitzada per Whitney Houston i l'actor Kevin Costner l'any 1992, aterra a Barcelona","breadcrumb":{"@id":"https:\/\/conversesacatalunya.cat\/es\/musical-el-guardaespaldas-coliseum\/#breadcrumb"},"inLanguage":"es","potentialAction":[{"@type":"ReadAction","target":["https:\/\/conversesacatalunya.cat\/es\/musical-el-guardaespaldas-coliseum\/"]}]},{"@type":"ImageObject","inLanguage":"es","@id":"https:\/\/conversesacatalunya.cat\/es\/musical-el-guardaespaldas-coliseum\/#primaryimage","url":"https:\/\/conversesacatalunya.cat\/wp-content\/uploads\/2021\/12\/teatre-coliseum.jpeg","contentUrl":"https:\/\/conversesacatalunya.cat\/wp-content\/uploads\/2021\/12\/teatre-coliseum.jpeg","width":1200,"height":800,"caption":"El guardaspaldas"},{"@type":"BreadcrumbList","@id":"https:\/\/conversesacatalunya.cat\/es\/musical-el-guardaespaldas-coliseum\/#breadcrumb","itemListElement":[{"@type":"ListItem","position":1,"name":"Inici","item":"https:\/\/conversesacatalunya.cat\/es\/"},{"@type":"ListItem","position":2,"name":"\u00a1El musical \u201cEl Guardaespaldas\u201d en el Coliseum!"}]},{"@type":"WebSite","@id":"https:\/\/conversesacatalunya.cat\/#website","url":"https:\/\/conversesacatalunya.cat\/","name":"Converses a Catalunya","description":"","potentialAction":[{"@type":"SearchAction","target":{"@type":"EntryPoint","urlTemplate":"https:\/\/conversesacatalunya.cat\/?s={search_term_string}"},"query-input":{"@type":"PropertyValueSpecification","valueRequired":true,"valueName":"search_term_string"}}],"inLanguage":"es"},{"@type":"Person","@id":"https:\/\/conversesacatalunya.cat\/#\/schema\/person\/982274792508d804a0821b413c9ac076","name":"conversesacatalunya","image":{"@type":"ImageObject","inLanguage":"es","@id":"https:\/\/conversesacatalunya.cat\/#\/schema\/person\/image\/","url":"https:\/\/conversesacatalunya.cat\/wp-content\/litespeed\/avatar\/f04b47eeffd9637c7cf7869e217fb9ec.jpg?ver=1777370077","contentUrl":"https:\/\/conversesacatalunya.cat\/wp-content\/litespeed\/avatar\/f04b47eeffd9637c7cf7869e217fb9ec.jpg?ver=1777370077","caption":"conversesacatalunya"},"url":"https:\/\/conversesacatalunya.cat\/es\/author\/muntsa_escola\/"}]}},"wps_subtitle":"","_links":{"self":[{"href":"https:\/\/conversesacatalunya.cat\/es\/wp-json\/wp\/v2\/posts\/52717","targetHints":{"allow":["GET"]}}],"collection":[{"href":"https:\/\/conversesacatalunya.cat\/es\/wp-json\/wp\/v2\/posts"}],"about":[{"href":"https:\/\/conversesacatalunya.cat\/es\/wp-json\/wp\/v2\/types\/post"}],"author":[{"embeddable":true,"href":"https:\/\/conversesacatalunya.cat\/es\/wp-json\/wp\/v2\/users\/3"}],"replies":[{"embeddable":true,"href":"https:\/\/conversesacatalunya.cat\/es\/wp-json\/wp\/v2\/comments?post=52717"}],"version-history":[{"count":5,"href":"https:\/\/conversesacatalunya.cat\/es\/wp-json\/wp\/v2\/posts\/52717\/revisions"}],"predecessor-version":[{"id":52722,"href":"https:\/\/conversesacatalunya.cat\/es\/wp-json\/wp\/v2\/posts\/52717\/revisions\/52722"}],"wp:featuredmedia":[{"embeddable":true,"href":"https:\/\/conversesacatalunya.cat\/es\/wp-json\/wp\/v2\/media\/52714"}],"wp:attachment":[{"href":"https:\/\/conversesacatalunya.cat\/es\/wp-json\/wp\/v2\/media?parent=52717"}],"wp:term":[{"taxonomy":"category","embeddable":true,"href":"https:\/\/conversesacatalunya.cat\/es\/wp-json\/wp\/v2\/categories?post=52717"},{"taxonomy":"post_tag","embeddable":true,"href":"https:\/\/conversesacatalunya.cat\/es\/wp-json\/wp\/v2\/tags?post=52717"}],"curies":[{"name":"wp","href":"https:\/\/api.w.org\/{rel}","templated":true}]}}