{"id":52600,"date":"2021-11-26T10:48:48","date_gmt":"2021-11-26T09:48:48","guid":{"rendered":"https:\/\/conversesacatalunya.cat\/marihuana-austeritat-estranya-coalicio-alemanya\/"},"modified":"2021-11-26T13:39:33","modified_gmt":"2021-11-26T12:39:33","slug":"marihuana-molinos-de-viento-y-austeridad-la-extrana-coalicion-alemana","status":"publish","type":"post","link":"https:\/\/conversesacatalunya.cat\/es\/marihuana-molinos-de-viento-y-austeridad-la-extrana-coalicion-alemana\/","title":{"rendered":"Marihuana, molinos de viento y austeridad: la extra\u00f1a coalici\u00f3n alemana"},"content":{"rendered":"<p><span>Parece un chiste pero no pretende serlo. <\/span>Cannabis recreativo, energ\u00eda verde y rigidez presupuestaria son tres de los elementos que\u00a0 la prensa internacional m\u00e1s ha destacado del programa de gobierno acordado esta semana por los <strong>socialdem\u00f3cratas con los ecologistas y los liberales<\/strong>\u00a0para gobernar la Rep\u00fablica Federal de Alemania.<\/p>\n<p><span>Con este c\u00f3ctel el l\u00edder socialdem\u00f3crata\u00a0<\/span><strong><span>Olaf Scholz<\/span><\/strong><span>, hasta ahora ministro de finanzas del gobierno de gran coalici\u00f3n de Angela Merkel, espera ser formalmente elegido canciller dentro de dos semanas. Ser\u00e1 pues un miembro del SPD y no de los democristianos de Merkel quien recoger\u00e1 el relevo de una l\u00edder a la que muchos ven una leyenda viva.<\/span><\/p>\n<p><span>Es la primera vez desde la fundaci\u00f3n de la Rep\u00fablica Federal en los a\u00f1os 50 que Alemania estar\u00e1 gobernada por una coalici\u00f3n de tres partidos.\u00a0Tres grupos que, adem\u00e1s, est\u00e1n particularmente\u00a0<\/span><a href=\"https:\/\/conversesacatalunya-cat.translate.goog\/inestabilitat-politica-amenaca-alemanya\/?_x_tr_sl=ca&amp;_x_tr_tl=es&amp;_x_tr_hl=es&amp;_x_tr_pto=nui\" target=\"_blank\" rel=\"noopener\"><span>alejados ideol\u00f3gicamente<\/span><\/a><span>.\u00a0El apodo de \u00ab<\/span><strong><span>coalici\u00f3n sem\u00e1foro<\/span><\/strong><span>\u00bb con que se ha llamado su triple alianza ya deja entrever las posibles contradicciones internas de los socios de gobierno.<\/span><\/p>\n<blockquote><p><span>Las zonas donde pueden aparecer obst\u00e1culos que paralicen el gobierno son numerosas: pol\u00edtica fiscal interna, estabilidad presupuestaria de la zona euro, la forma en que se impulsar\u00e1 la transici\u00f3n ecol\u00f3gica o pol\u00edtica exterior<\/span><\/p><\/blockquote>\n<p><span>Las zonas donde pueden aparecer\u00a0<\/span><strong><span>obst\u00e1culos que paralicen el gobierno de Scholz<\/span><\/strong><span>\u00a0son numerosas: pol\u00edtica fiscal interna, estabilidad presupuestaria de la zona euro, la forma en que se impulsar\u00e1 la transici\u00f3n ecol\u00f3gica o pol\u00edtica exterior son s\u00f3lo algunos ejemplos. Y no se trata de aspectos precisamente menores.<\/span><\/p>\n<p><span>Empecemos por lo m\u00e1s evidente: el programa de gobierno presentado por Scholz incluye numerosas pol\u00edticas de izquierdas de toda la vida (de aquellas que implican m\u00e1s gastos), como la congelaci\u00f3n de la edad de jubilaci\u00f3n y de los recortes en las pensiones (pese al demencial problema demogr\u00e1fico alem\u00e1n), el aumento del sueldo m\u00ednimo, la construcci\u00f3n de 100.000 viviendas sociales o inversiones por el sistema de salud p\u00fablico. Todo ello deber\u00e1 hacerse <\/span><strong><span>sin ampliar el techo de endeudamiento<\/span><\/strong><span>, una condici\u00f3n que el socio liberal ha conseguido imponer.<\/span><\/p>\n<p><span><span class=\"goog-text-highlight\">Es precisamente el l\u00edder liberal Christian Lindner,\u00a0<\/span><\/span><strong><span><span class=\"goog-text-highlight\">un halc\u00f3n de la rigidez presupuestaria<\/span><\/span><\/strong><span><span class=\"goog-text-highlight\">, quien ostentar\u00e1 el cargo de ministro de finanzas de un gobierno mucho m\u00e1s de izquierdas que el de Merkel.\u00a0<\/span>Con Lindner, conocido por sus recelos a los fondos de recuperaci\u00f3n post-Covid europeos y prisas por volver a un control fiscal estricto, se espera que la posici\u00f3n germ\u00e1nica respecto a la eurozona se endurezca.<\/span><\/p>\n<p><span>En t\u00e9rminos de transici\u00f3n ecol\u00f3gica, el espect\u00e1culo tambi\u00e9n est\u00e1 servido: los verdes han logrado\u00a0<\/span><strong><span>rebajar la cuenta atr\u00e1s para dejar de utilizar el carb\u00f3n de 2038 a 2030<\/span><\/strong><span>.\u00a0No ser\u00e1 nada f\u00e1cil ya que estamos hablando de 8 a\u00f1os para suprimir una fuente de energ\u00eda que en el primer semestre de 2021 fue todav\u00eda el\u00a0<\/span><a href=\"https:\/\/www.dw.com\/en\/germany-coal-tops-wind-as-primary-electricity-source\/a-59168105\" target=\"_blank\" rel=\"noopener\"><span>principal origen<\/span><\/a><span>\u00a0de la electricidad alemana.<\/span><\/p>\n<p><span><span class=\"goog-text-highlight\">Claro que mientras quede el\u00a0<\/span><\/span><a href=\"https:\/\/conversesacatalunya-cat.translate.goog\/alemanya-no-hauria-de-cedir-a-la-pressio-dels-estats-units-a-lgasoducte-amb-russia\/?_x_tr_sl=ca&amp;_x_tr_tl=es&amp;_x_tr_hl=es&amp;_x_tr_pto=nui\" target=\"_blank\" rel=\"noopener\"><span><span class=\"goog-text-highlight\">gas ruso<\/span><\/span><\/a><span><span class=\"goog-text-highlight\">, quiz\u00e1s sea posible, pero tampoco es esa la intenci\u00f3n de la coalici\u00f3n sem\u00e1foro, sino invertir a\u00fan m\u00e1s masivamente en\u00a0<\/span><\/span><strong><span><span class=\"goog-text-highlight\">energ\u00edas renovables<\/span><\/span><\/strong><span><span class=\"goog-text-highlight\">.\u00a0<\/span>Algo que significa m\u00e1s gasto p\u00fablico y probablemente electricidad m\u00e1s cara para los alemanes.<\/span><\/p>\n<p><span>Y hablando de Rusia, la pol\u00edtica exterior podr\u00eda tambi\u00e9n plantear problemas a la triple coalici\u00f3n.\u00a0<\/span><strong><span>Verdes y liberales piden mano dura con Vladimir Putin<\/span><\/strong><span>, mientras los socialdem\u00f3cratas han mantenido un tono m\u00e1s conciliador con el Kremlin al formar parte de la coalici\u00f3n de gobierno saliente.<\/span><\/p>\n<p><span>Lo cierto es que\u00a0<\/span><strong><span>Alemania tiene important\u00edsimos intereses comerciales con Rusia<\/span><\/strong><span>, y un enfoque demasiado ideol\u00f3gico podr\u00eda pasar factura a la econom\u00eda.\u00a0<span class=\"\">El hecho de que la cartera de exteriores haya ido a parar a los verdes genera a\u00fan m\u00e1s incertidumbres en este \u00e1mbito.<\/span><\/span><\/p>\n<p><span>Todos estos puntos dif\u00edcilmente conciliables, el acuerdo de la coalici\u00f3n los ali\u00f1a con\u00a0<\/span><strong><span>pol\u00edticas destinadas a contentar el progresismo m\u00e1s ideologizado<\/span><\/strong><span>, como sufragar con dinero p\u00fablico las operaciones de cambio de sexo o legalizar la venta de cannabis para usos recreativos (que los liberales promueven por los beneficios fiscales, unos 5.000 millones de euros seg\u00fan se calcula).<\/span><\/p>\n<p><span><span class=\"goog-text-highlight\">Otros, como\u00a0<\/span><\/span><strong><span><span class=\"goog-text-highlight\">rebajar la edad de voto a los 16 a\u00f1os<\/span><\/span><\/strong><span><span class=\"goog-text-highlight\">, medida que se explica por la chapucera raz\u00f3n que verdes y liberales han arrasado entre los votantes m\u00e1s j\u00f3venes, tachan el populismo.<\/span><\/span><\/p>\n<p><span>Sorprende que el pa\u00eds m\u00e1s venerado de Europa incluya medidas tan poco serias en un programa de gobierno.<\/span><\/p>\n<span class='bctt-click-to-tweet'><span class='bctt-ctt-text'><a href='https:\/\/twitter.com\/intent\/tweet?url=https%3A%2F%2Fconversesacatalunya.cat%2Fes%2Fmarihuana-molinos-de-viento-y-austeridad-la-extrana-coalicion-alemana%2F&#038;text=Sorprende%20que%20el%20pa%C3%ADs%20m%C3%A1s%20venerado%20de%20Europa%20incluya%20medidas%20tan%20poco%20serias%20en%20un%20programa%20de%20gobierno%20&#038;via=conversesacat&#038;related=conversesacat' target='_blank'rel=\"noopener noreferrer\">Sorprende que el pa\u00eds m\u00e1s venerado de Europa incluya medidas tan poco serias en un programa de gobierno  <\/a><\/span><a href='https:\/\/twitter.com\/intent\/tweet?url=https%3A%2F%2Fconversesacatalunya.cat%2Fes%2Fmarihuana-molinos-de-viento-y-austeridad-la-extrana-coalicion-alemana%2F&#038;text=Sorprende%20que%20el%20pa%C3%ADs%20m%C3%A1s%20venerado%20de%20Europa%20incluya%20medidas%20tan%20poco%20serias%20en%20un%20programa%20de%20gobierno%20&#038;via=conversesacat&#038;related=conversesacat' target='_blank' class='bctt-ctt-btn'rel=\"noopener noreferrer\">Compartir en X<\/a><\/span>\n<div id=\"polls-126\" class=\"wp-polls\">\n\t<form id=\"polls_form_126\" class=\"wp-polls-form\" action=\"\/index.php\" method=\"post\">\n\t\t<p style=\"display: none;\"><input type=\"hidden\" id=\"poll_126_nonce\" name=\"wp-polls-nonce\" value=\"984fbeaea0\" \/><\/p>\n\t\t<p style=\"display: none;\"><input type=\"hidden\" name=\"poll_id\" value=\"126\" \/><\/p>\n\t\t<p style=\"text-align: center\"><strong>Despr\u00e9s que Pere Aragon\u00e8s hagi aprovat els pressupostos de la Generalitat amb els Comuns i contra la voluntat de JuntsxCat i l'oposici\u00f3 de la CUP. El proc\u00e9s cap a la independ\u00e8ncia ha quedat liquidat?<\/strong><\/p><div id=\"polls-126-ans\" class=\"wp-polls-ans\"><ul class=\"wp-polls-ul\">\n\t\t<li><input type=\"radio\" id=\"poll-answer-307\" name=\"poll_126\" value=\"307\" \/> <label for=\"poll-answer-307\">S\u00ed<\/label><\/li>\n\t\t<li><input type=\"radio\" id=\"poll-answer-308\" name=\"poll_126\" value=\"308\" \/> <label for=\"poll-answer-308\">No<\/label><\/li>\n\t\t<li><input type=\"radio\" id=\"poll-answer-309\" name=\"poll_126\" value=\"309\" \/> <label for=\"poll-answer-309\">No ho s\u00e9<\/label><\/li>\n\t\t<\/ul><p style=\"text-align: center\"><input type=\"button\" name=\"vote\" value=\"   Vota   \" class=\"Buttons\" onclick=\"poll_vote(126);\" \/><\/p><p style=\"text-align: center\"><a href=\"#ViewPollResults\" onclick=\"poll_result(126); return false;\" title=\"View Results Of This Poll\">Mira els resultats<\/a><\/p><\/div>\n\t<\/form>\n<\/div>\n<div id=\"polls-126-loading\" class=\"wp-polls-loading\"><img decoding=\"async\" data-src=\"https:\/\/conversesacatalunya.cat\/wp-content\/plugins\/wp-polls\/images\/loading.gif\" width=\"16\" height=\"16\" alt=\"Cargando ...\" title=\"Cargando ...\" class=\"wp-polls-image lazyload\" src=\"data:image\/svg+xml;base64,PHN2ZyB3aWR0aD0iMSIgaGVpZ2h0PSIxIiB4bWxucz0iaHR0cDovL3d3dy53My5vcmcvMjAwMC9zdmciPjwvc3ZnPg==\" style=\"--smush-placeholder-width: 16px; --smush-placeholder-aspect-ratio: 16\/16;\" \/>&nbsp;Cargando ...<\/div>\n\n","protected":false},"excerpt":{"rendered":"<p>Parece un chiste pero no pretende serlo. Cannabis recreativo, energ\u00eda verde y rigidez presupuestaria son tres de los elementos que\u00a0 la prensa internacional m\u00e1s ha destacado del programa de gobierno acordado esta semana por los socialdem\u00f3cratas con los ecologistas y los liberales\u00a0para gobernar la Rep\u00fablica Federal de Alemania. Con este c\u00f3ctel el l\u00edder socialdem\u00f3crata\u00a0Olaf Scholz, hasta ahora ministro de finanzas del gobierno de gran coalici\u00f3n de Angela Merkel, espera ser formalmente elegido canciller dentro de dos semanas. Ser\u00e1 pues un miembro del SPD y no de los democristianos de Merkel quien recoger\u00e1 el relevo de una l\u00edder a la que muchos ven una leyenda viva. Es la primera vez desde la fundaci\u00f3n de la Rep\u00fablica Federal en los a\u00f1os 50 que Alemania estar\u00e1 gobernada por una coalici\u00f3n de tres partidos.\u00a0Tres grupos que, adem\u00e1s, est\u00e1n particularmente\u00a0alejados ideol\u00f3gicamente.\u00a0El apodo de \u00abcoalici\u00f3n sem\u00e1foro\u00bb con que se ha llamado su triple alianza ya deja entrever las posibles contradicciones internas de los socios de gobierno. Las zonas donde pueden aparecer obst\u00e1culos que paralicen el gobierno son numerosas: pol\u00edtica fiscal interna, estabilidad presupuestaria de la zona euro, la forma en que se impulsar\u00e1 la transici\u00f3n ecol\u00f3gica o pol\u00edtica exterior Las zonas donde pueden aparecer\u00a0obst\u00e1culos que paralicen el gobierno de Scholz\u00a0son numerosas: pol\u00edtica fiscal interna, estabilidad presupuestaria de la zona euro, la forma en que se impulsar\u00e1 la transici\u00f3n ecol\u00f3gica o pol\u00edtica exterior son s\u00f3lo algunos ejemplos. Y no se trata de aspectos precisamente menores. Empecemos por lo m\u00e1s evidente: el programa de gobierno presentado por Scholz incluye numerosas pol\u00edticas de izquierdas de toda la vida (de aquellas que implican m\u00e1s gastos), como la congelaci\u00f3n de la edad de jubilaci\u00f3n y de los recortes en las pensiones (pese al demencial problema demogr\u00e1fico alem\u00e1n), el aumento del sueldo m\u00ednimo, la construcci\u00f3n de 100.000 viviendas sociales o inversiones por el sistema de salud p\u00fablico. Todo ello deber\u00e1 hacerse sin ampliar el techo de endeudamiento, una condici\u00f3n que el socio liberal ha conseguido imponer. Es precisamente el l\u00edder liberal Christian Lindner,\u00a0un halc\u00f3n de la rigidez presupuestaria, quien ostentar\u00e1 el cargo de ministro de finanzas de un gobierno mucho m\u00e1s de izquierdas que el de Merkel.\u00a0Con Lindner, conocido por sus recelos a los fondos de recuperaci\u00f3n post-Covid europeos y prisas por volver a un control fiscal estricto, se espera que la posici\u00f3n germ\u00e1nica respecto a la eurozona se endurezca. En t\u00e9rminos de transici\u00f3n ecol\u00f3gica, el espect\u00e1culo tambi\u00e9n est\u00e1 servido: los verdes han logrado\u00a0rebajar la cuenta atr\u00e1s para dejar de utilizar el carb\u00f3n de 2038 a 2030.\u00a0No ser\u00e1 nada f\u00e1cil ya que estamos hablando de 8 a\u00f1os para suprimir una fuente de energ\u00eda que en el primer semestre de 2021 fue todav\u00eda el\u00a0principal origen\u00a0de la electricidad alemana. Claro que mientras quede el\u00a0gas ruso, quiz\u00e1s sea posible, pero tampoco es esa la intenci\u00f3n de la coalici\u00f3n sem\u00e1foro, sino invertir a\u00fan m\u00e1s masivamente en\u00a0energ\u00edas renovables.\u00a0Algo que significa m\u00e1s gasto p\u00fablico y probablemente electricidad m\u00e1s cara para los alemanes. Y hablando de Rusia, la pol\u00edtica exterior podr\u00eda tambi\u00e9n plantear problemas a la triple coalici\u00f3n.\u00a0Verdes y liberales piden mano dura con Vladimir Putin, mientras los socialdem\u00f3cratas han mantenido un tono m\u00e1s conciliador con el Kremlin al formar parte de la coalici\u00f3n de gobierno saliente. Lo cierto es que\u00a0Alemania tiene important\u00edsimos intereses comerciales con Rusia, y un enfoque demasiado ideol\u00f3gico podr\u00eda pasar factura a la econom\u00eda.\u00a0El hecho de que la cartera de exteriores haya ido a parar a los verdes genera a\u00fan m\u00e1s incertidumbres en este \u00e1mbito. Todos estos puntos dif\u00edcilmente conciliables, el acuerdo de la coalici\u00f3n los ali\u00f1a con\u00a0pol\u00edticas destinadas a contentar el progresismo m\u00e1s ideologizado, como sufragar con dinero p\u00fablico las operaciones de cambio de sexo o legalizar la venta de cannabis para usos recreativos (que los liberales promueven por los beneficios fiscales, unos 5.000 millones de euros seg\u00fan se calcula). Otros, como\u00a0rebajar la edad de voto a los 16 a\u00f1os, medida que se explica por la chapucera raz\u00f3n que verdes y liberales han arrasado entre los votantes m\u00e1s j\u00f3venes, tachan el populismo. Sorprende que el pa\u00eds m\u00e1s venerado de Europa incluya medidas tan poco serias en un programa de gobierno.<\/p>\n","protected":false},"author":67,"featured_media":52541,"comment_status":"open","ping_status":"open","sticky":false,"template":"","format":"standard","meta":{"_FSMCFIC_featured_image_caption":"","_FSMCFIC_featured_image_nocaption":"","_FSMCFIC_featured_image_hide":"","footnotes":""},"categories":[806],"tags":[1586,2974,875,1192,2104,1748],"class_list":["post-52600","post","type-post","status-publish","format-standard","has-post-thumbnail","hentry","category-punts-claus-del-dia-es","tag-alemanya-es","tag-ecologia-es","tag-europa-es","tag-fiscalitat-es","tag-fons-de-recuperacio-es","tag-pressupostos-es"],"yoast_head":"<!-- This site is optimized with the Yoast SEO plugin v26.8 - https:\/\/yoast.com\/product\/yoast-seo-wordpress\/ -->\n<title>Marihuana, molinos de viento y austeridad: la extra\u00f1a coalici\u00f3n alemana - Converses a Catalunya<\/title>\n<meta name=\"robots\" content=\"index, follow, max-snippet:-1, max-image-preview:large, max-video-preview:-1\" \/>\n<link rel=\"canonical\" href=\"https:\/\/conversesacatalunya.cat\/es\/marihuana-molinos-de-viento-y-austeridad-la-extrana-coalicion-alemana\/\" \/>\n<meta property=\"og:locale\" content=\"es_ES\" \/>\n<meta property=\"og:type\" content=\"article\" \/>\n<meta property=\"og:title\" content=\"Marihuana, molinos de viento y austeridad: la extra\u00f1a coalici\u00f3n alemana - Converses a Catalunya\" \/>\n<meta property=\"og:description\" content=\"Parece un chiste pero no pretende serlo. Cannabis recreativo, energ\u00eda verde y rigidez presupuestaria son tres de los elementos que\u00a0 la prensa internacional m\u00e1s ha destacado del programa de gobierno acordado esta semana por los socialdem\u00f3cratas con los ecologistas y los liberales\u00a0para gobernar la Rep\u00fablica Federal de Alemania. Con este c\u00f3ctel el l\u00edder socialdem\u00f3crata\u00a0Olaf Scholz, hasta ahora ministro de finanzas del gobierno de gran coalici\u00f3n de Angela Merkel, espera ser formalmente elegido canciller dentro de dos semanas. Ser\u00e1 pues un miembro del SPD y no de los democristianos de Merkel quien recoger\u00e1 el relevo de una l\u00edder a la que muchos ven una leyenda viva. Es la primera vez desde la fundaci\u00f3n de la Rep\u00fablica Federal en los a\u00f1os 50 que Alemania estar\u00e1 gobernada por una coalici\u00f3n de tres partidos.\u00a0Tres grupos que, adem\u00e1s, est\u00e1n particularmente\u00a0alejados ideol\u00f3gicamente.\u00a0El apodo de \u00abcoalici\u00f3n sem\u00e1foro\u00bb con que se ha llamado su triple alianza ya deja entrever las posibles contradicciones internas de los socios de gobierno. Las zonas donde pueden aparecer obst\u00e1culos que paralicen el gobierno son numerosas: pol\u00edtica fiscal interna, estabilidad presupuestaria de la zona euro, la forma en que se impulsar\u00e1 la transici\u00f3n ecol\u00f3gica o pol\u00edtica exterior Las zonas donde pueden aparecer\u00a0obst\u00e1culos que paralicen el gobierno de Scholz\u00a0son numerosas: pol\u00edtica fiscal interna, estabilidad presupuestaria de la zona euro, la forma en que se impulsar\u00e1 la transici\u00f3n ecol\u00f3gica o pol\u00edtica exterior son s\u00f3lo algunos ejemplos. Y no se trata de aspectos precisamente menores. Empecemos por lo m\u00e1s evidente: el programa de gobierno presentado por Scholz incluye numerosas pol\u00edticas de izquierdas de toda la vida (de aquellas que implican m\u00e1s gastos), como la congelaci\u00f3n de la edad de jubilaci\u00f3n y de los recortes en las pensiones (pese al demencial problema demogr\u00e1fico alem\u00e1n), el aumento del sueldo m\u00ednimo, la construcci\u00f3n de 100.000 viviendas sociales o inversiones por el sistema de salud p\u00fablico. Todo ello deber\u00e1 hacerse sin ampliar el techo de endeudamiento, una condici\u00f3n que el socio liberal ha conseguido imponer. Es precisamente el l\u00edder liberal Christian Lindner,\u00a0un halc\u00f3n de la rigidez presupuestaria, quien ostentar\u00e1 el cargo de ministro de finanzas de un gobierno mucho m\u00e1s de izquierdas que el de Merkel.\u00a0Con Lindner, conocido por sus recelos a los fondos de recuperaci\u00f3n post-Covid europeos y prisas por volver a un control fiscal estricto, se espera que la posici\u00f3n germ\u00e1nica respecto a la eurozona se endurezca. En t\u00e9rminos de transici\u00f3n ecol\u00f3gica, el espect\u00e1culo tambi\u00e9n est\u00e1 servido: los verdes han logrado\u00a0rebajar la cuenta atr\u00e1s para dejar de utilizar el carb\u00f3n de 2038 a 2030.\u00a0No ser\u00e1 nada f\u00e1cil ya que estamos hablando de 8 a\u00f1os para suprimir una fuente de energ\u00eda que en el primer semestre de 2021 fue todav\u00eda el\u00a0principal origen\u00a0de la electricidad alemana. Claro que mientras quede el\u00a0gas ruso, quiz\u00e1s sea posible, pero tampoco es esa la intenci\u00f3n de la coalici\u00f3n sem\u00e1foro, sino invertir a\u00fan m\u00e1s masivamente en\u00a0energ\u00edas renovables.\u00a0Algo que significa m\u00e1s gasto p\u00fablico y probablemente electricidad m\u00e1s cara para los alemanes. Y hablando de Rusia, la pol\u00edtica exterior podr\u00eda tambi\u00e9n plantear problemas a la triple coalici\u00f3n.\u00a0Verdes y liberales piden mano dura con Vladimir Putin, mientras los socialdem\u00f3cratas han mantenido un tono m\u00e1s conciliador con el Kremlin al formar parte de la coalici\u00f3n de gobierno saliente. Lo cierto es que\u00a0Alemania tiene important\u00edsimos intereses comerciales con Rusia, y un enfoque demasiado ideol\u00f3gico podr\u00eda pasar factura a la econom\u00eda.\u00a0El hecho de que la cartera de exteriores haya ido a parar a los verdes genera a\u00fan m\u00e1s incertidumbres en este \u00e1mbito. Todos estos puntos dif\u00edcilmente conciliables, el acuerdo de la coalici\u00f3n los ali\u00f1a con\u00a0pol\u00edticas destinadas a contentar el progresismo m\u00e1s ideologizado, como sufragar con dinero p\u00fablico las operaciones de cambio de sexo o legalizar la venta de cannabis para usos recreativos (que los liberales promueven por los beneficios fiscales, unos 5.000 millones de euros seg\u00fan se calcula). Otros, como\u00a0rebajar la edad de voto a los 16 a\u00f1os, medida que se explica por la chapucera raz\u00f3n que verdes y liberales han arrasado entre los votantes m\u00e1s j\u00f3venes, tachan el populismo. Sorprende que el pa\u00eds m\u00e1s venerado de Europa incluya medidas tan poco serias en un programa de gobierno.\" \/>\n<meta property=\"og:url\" content=\"https:\/\/conversesacatalunya.cat\/es\/marihuana-molinos-de-viento-y-austeridad-la-extrana-coalicion-alemana\/\" \/>\n<meta property=\"og:site_name\" content=\"Converses a Catalunya\" \/>\n<meta property=\"article:published_time\" content=\"2021-11-26T09:48:48+00:00\" \/>\n<meta property=\"article:modified_time\" content=\"2021-11-26T12:39:33+00:00\" \/>\n<meta property=\"og:image\" content=\"https:\/\/conversesacatalunya.cat\/wp-content\/uploads\/2021\/11\/membres-coalition-Annalene-Baerbock-Robert-Habeck-Alliance-90-Verts-Olaf-Scholz-SPD-Christian-Lindner-FDP-24-novembre-Berlin_0.webp\" \/>\n\t<meta property=\"og:image:width\" content=\"729\" \/>\n\t<meta property=\"og:image:height\" content=\"486\" \/>\n\t<meta property=\"og:image:type\" content=\"image\/webp\" \/>\n<meta name=\"author\" content=\"conversesacatalunya\" \/>\n<meta name=\"twitter:card\" content=\"summary_large_image\" \/>\n<meta name=\"twitter:label1\" content=\"Escrito por\" \/>\n\t<meta name=\"twitter:data1\" content=\"conversesacatalunya\" \/>\n\t<meta name=\"twitter:label2\" content=\"Tiempo de lectura\" \/>\n\t<meta name=\"twitter:data2\" content=\"4 minutos\" \/>\n<script type=\"application\/ld+json\" class=\"yoast-schema-graph\">{\"@context\":\"https:\/\/schema.org\",\"@graph\":[{\"@type\":\"Article\",\"@id\":\"https:\/\/conversesacatalunya.cat\/es\/marihuana-molinos-de-viento-y-austeridad-la-extrana-coalicion-alemana\/#article\",\"isPartOf\":{\"@id\":\"https:\/\/conversesacatalunya.cat\/es\/marihuana-molinos-de-viento-y-austeridad-la-extrana-coalicion-alemana\/\"},\"author\":{\"name\":\"conversesacatalunya\",\"@id\":\"https:\/\/conversesacatalunya.cat\/#\/schema\/person\/c5a8ffe796b1512764aeb6d6d6fa0fc7\"},\"headline\":\"Marihuana, molinos de viento y austeridad: la extra\u00f1a coalici\u00f3n alemana\",\"datePublished\":\"2021-11-26T09:48:48+00:00\",\"dateModified\":\"2021-11-26T12:39:33+00:00\",\"mainEntityOfPage\":{\"@id\":\"https:\/\/conversesacatalunya.cat\/es\/marihuana-molinos-de-viento-y-austeridad-la-extrana-coalicion-alemana\/\"},\"wordCount\":820,\"commentCount\":0,\"image\":{\"@id\":\"https:\/\/conversesacatalunya.cat\/es\/marihuana-molinos-de-viento-y-austeridad-la-extrana-coalicion-alemana\/#primaryimage\"},\"thumbnailUrl\":\"https:\/\/conversesacatalunya.cat\/wp-content\/uploads\/2021\/11\/membres-coalition-Annalene-Baerbock-Robert-Habeck-Alliance-90-Verts-Olaf-Scholz-SPD-Christian-Lindner-FDP-24-novembre-Berlin_0.webp\",\"keywords\":[\"Alemanya\",\"Ecologia\",\"Europa\",\"Fiscalitat\",\"fons de recuperaci\u00f3\",\"pressupostos\"],\"articleSection\":[\"Punts clau del dia (ES)\"],\"inLanguage\":\"es\",\"potentialAction\":[{\"@type\":\"CommentAction\",\"name\":\"Comment\",\"target\":[\"https:\/\/conversesacatalunya.cat\/es\/marihuana-molinos-de-viento-y-austeridad-la-extrana-coalicion-alemana\/#respond\"]}]},{\"@type\":\"WebPage\",\"@id\":\"https:\/\/conversesacatalunya.cat\/es\/marihuana-molinos-de-viento-y-austeridad-la-extrana-coalicion-alemana\/\",\"url\":\"https:\/\/conversesacatalunya.cat\/es\/marihuana-molinos-de-viento-y-austeridad-la-extrana-coalicion-alemana\/\",\"name\":\"Marihuana, molinos de viento y austeridad: la extra\u00f1a coalici\u00f3n alemana - Converses a Catalunya\",\"isPartOf\":{\"@id\":\"https:\/\/conversesacatalunya.cat\/#website\"},\"primaryImageOfPage\":{\"@id\":\"https:\/\/conversesacatalunya.cat\/es\/marihuana-molinos-de-viento-y-austeridad-la-extrana-coalicion-alemana\/#primaryimage\"},\"image\":{\"@id\":\"https:\/\/conversesacatalunya.cat\/es\/marihuana-molinos-de-viento-y-austeridad-la-extrana-coalicion-alemana\/#primaryimage\"},\"thumbnailUrl\":\"https:\/\/conversesacatalunya.cat\/wp-content\/uploads\/2021\/11\/membres-coalition-Annalene-Baerbock-Robert-Habeck-Alliance-90-Verts-Olaf-Scholz-SPD-Christian-Lindner-FDP-24-novembre-Berlin_0.webp\",\"datePublished\":\"2021-11-26T09:48:48+00:00\",\"dateModified\":\"2021-11-26T12:39:33+00:00\",\"author\":{\"@id\":\"https:\/\/conversesacatalunya.cat\/#\/schema\/person\/c5a8ffe796b1512764aeb6d6d6fa0fc7\"},\"breadcrumb\":{\"@id\":\"https:\/\/conversesacatalunya.cat\/es\/marihuana-molinos-de-viento-y-austeridad-la-extrana-coalicion-alemana\/#breadcrumb\"},\"inLanguage\":\"es\",\"potentialAction\":[{\"@type\":\"ReadAction\",\"target\":[\"https:\/\/conversesacatalunya.cat\/es\/marihuana-molinos-de-viento-y-austeridad-la-extrana-coalicion-alemana\/\"]}]},{\"@type\":\"ImageObject\",\"inLanguage\":\"es\",\"@id\":\"https:\/\/conversesacatalunya.cat\/es\/marihuana-molinos-de-viento-y-austeridad-la-extrana-coalicion-alemana\/#primaryimage\",\"url\":\"https:\/\/conversesacatalunya.cat\/wp-content\/uploads\/2021\/11\/membres-coalition-Annalene-Baerbock-Robert-Habeck-Alliance-90-Verts-Olaf-Scholz-SPD-Christian-Lindner-FDP-24-novembre-Berlin_0.webp\",\"contentUrl\":\"https:\/\/conversesacatalunya.cat\/wp-content\/uploads\/2021\/11\/membres-coalition-Annalene-Baerbock-Robert-Habeck-Alliance-90-Verts-Olaf-Scholz-SPD-Christian-Lindner-FDP-24-novembre-Berlin_0.webp\",\"width\":729,\"height\":486},{\"@type\":\"BreadcrumbList\",\"@id\":\"https:\/\/conversesacatalunya.cat\/es\/marihuana-molinos-de-viento-y-austeridad-la-extrana-coalicion-alemana\/#breadcrumb\",\"itemListElement\":[{\"@type\":\"ListItem\",\"position\":1,\"name\":\"Inici\",\"item\":\"https:\/\/conversesacatalunya.cat\/es\/\"},{\"@type\":\"ListItem\",\"position\":2,\"name\":\"Marihuana, molinos de viento y austeridad: la extra\u00f1a coalici\u00f3n alemana\"}]},{\"@type\":\"WebSite\",\"@id\":\"https:\/\/conversesacatalunya.cat\/#website\",\"url\":\"https:\/\/conversesacatalunya.cat\/\",\"name\":\"Converses a Catalunya\",\"description\":\"\",\"potentialAction\":[{\"@type\":\"SearchAction\",\"target\":{\"@type\":\"EntryPoint\",\"urlTemplate\":\"https:\/\/conversesacatalunya.cat\/?s={search_term_string}\"},\"query-input\":{\"@type\":\"PropertyValueSpecification\",\"valueRequired\":true,\"valueName\":\"search_term_string\"}}],\"inLanguage\":\"es\"},{\"@type\":\"Person\",\"@id\":\"https:\/\/conversesacatalunya.cat\/#\/schema\/person\/c5a8ffe796b1512764aeb6d6d6fa0fc7\",\"name\":\"conversesacatalunya\",\"image\":{\"@type\":\"ImageObject\",\"inLanguage\":\"es\",\"@id\":\"https:\/\/conversesacatalunya.cat\/#\/schema\/person\/image\/\",\"url\":\"https:\/\/conversesacatalunya.cat\/wp-content\/litespeed\/avatar\/02659ee938034c59a151ae106ade943e.jpg?ver=1777051754\",\"contentUrl\":\"https:\/\/conversesacatalunya.cat\/wp-content\/litespeed\/avatar\/02659ee938034c59a151ae106ade943e.jpg?ver=1777051754\",\"caption\":\"conversesacatalunya\"},\"url\":\"https:\/\/conversesacatalunya.cat\/es\/author\/carles_lopez\/\"}]}<\/script>\n<!-- \/ Yoast SEO plugin. -->","yoast_head_json":{"title":"Marihuana, molinos de viento y austeridad: la extra\u00f1a coalici\u00f3n alemana - Converses a Catalunya","robots":{"index":"index","follow":"follow","max-snippet":"max-snippet:-1","max-image-preview":"max-image-preview:large","max-video-preview":"max-video-preview:-1"},"canonical":"https:\/\/conversesacatalunya.cat\/es\/marihuana-molinos-de-viento-y-austeridad-la-extrana-coalicion-alemana\/","og_locale":"es_ES","og_type":"article","og_title":"Marihuana, molinos de viento y austeridad: la extra\u00f1a coalici\u00f3n alemana - Converses a Catalunya","og_description":"Parece un chiste pero no pretende serlo. Cannabis recreativo, energ\u00eda verde y rigidez presupuestaria son tres de los elementos que\u00a0 la prensa internacional m\u00e1s ha destacado del programa de gobierno acordado esta semana por los socialdem\u00f3cratas con los ecologistas y los liberales\u00a0para gobernar la Rep\u00fablica Federal de Alemania. Con este c\u00f3ctel el l\u00edder socialdem\u00f3crata\u00a0Olaf Scholz, hasta ahora ministro de finanzas del gobierno de gran coalici\u00f3n de Angela Merkel, espera ser formalmente elegido canciller dentro de dos semanas. Ser\u00e1 pues un miembro del SPD y no de los democristianos de Merkel quien recoger\u00e1 el relevo de una l\u00edder a la que muchos ven una leyenda viva. Es la primera vez desde la fundaci\u00f3n de la Rep\u00fablica Federal en los a\u00f1os 50 que Alemania estar\u00e1 gobernada por una coalici\u00f3n de tres partidos.\u00a0Tres grupos que, adem\u00e1s, est\u00e1n particularmente\u00a0alejados ideol\u00f3gicamente.\u00a0El apodo de \u00abcoalici\u00f3n sem\u00e1foro\u00bb con que se ha llamado su triple alianza ya deja entrever las posibles contradicciones internas de los socios de gobierno. Las zonas donde pueden aparecer obst\u00e1culos que paralicen el gobierno son numerosas: pol\u00edtica fiscal interna, estabilidad presupuestaria de la zona euro, la forma en que se impulsar\u00e1 la transici\u00f3n ecol\u00f3gica o pol\u00edtica exterior Las zonas donde pueden aparecer\u00a0obst\u00e1culos que paralicen el gobierno de Scholz\u00a0son numerosas: pol\u00edtica fiscal interna, estabilidad presupuestaria de la zona euro, la forma en que se impulsar\u00e1 la transici\u00f3n ecol\u00f3gica o pol\u00edtica exterior son s\u00f3lo algunos ejemplos. Y no se trata de aspectos precisamente menores. Empecemos por lo m\u00e1s evidente: el programa de gobierno presentado por Scholz incluye numerosas pol\u00edticas de izquierdas de toda la vida (de aquellas que implican m\u00e1s gastos), como la congelaci\u00f3n de la edad de jubilaci\u00f3n y de los recortes en las pensiones (pese al demencial problema demogr\u00e1fico alem\u00e1n), el aumento del sueldo m\u00ednimo, la construcci\u00f3n de 100.000 viviendas sociales o inversiones por el sistema de salud p\u00fablico. Todo ello deber\u00e1 hacerse sin ampliar el techo de endeudamiento, una condici\u00f3n que el socio liberal ha conseguido imponer. Es precisamente el l\u00edder liberal Christian Lindner,\u00a0un halc\u00f3n de la rigidez presupuestaria, quien ostentar\u00e1 el cargo de ministro de finanzas de un gobierno mucho m\u00e1s de izquierdas que el de Merkel.\u00a0Con Lindner, conocido por sus recelos a los fondos de recuperaci\u00f3n post-Covid europeos y prisas por volver a un control fiscal estricto, se espera que la posici\u00f3n germ\u00e1nica respecto a la eurozona se endurezca. En t\u00e9rminos de transici\u00f3n ecol\u00f3gica, el espect\u00e1culo tambi\u00e9n est\u00e1 servido: los verdes han logrado\u00a0rebajar la cuenta atr\u00e1s para dejar de utilizar el carb\u00f3n de 2038 a 2030.\u00a0No ser\u00e1 nada f\u00e1cil ya que estamos hablando de 8 a\u00f1os para suprimir una fuente de energ\u00eda que en el primer semestre de 2021 fue todav\u00eda el\u00a0principal origen\u00a0de la electricidad alemana. Claro que mientras quede el\u00a0gas ruso, quiz\u00e1s sea posible, pero tampoco es esa la intenci\u00f3n de la coalici\u00f3n sem\u00e1foro, sino invertir a\u00fan m\u00e1s masivamente en\u00a0energ\u00edas renovables.\u00a0Algo que significa m\u00e1s gasto p\u00fablico y probablemente electricidad m\u00e1s cara para los alemanes. Y hablando de Rusia, la pol\u00edtica exterior podr\u00eda tambi\u00e9n plantear problemas a la triple coalici\u00f3n.\u00a0Verdes y liberales piden mano dura con Vladimir Putin, mientras los socialdem\u00f3cratas han mantenido un tono m\u00e1s conciliador con el Kremlin al formar parte de la coalici\u00f3n de gobierno saliente. Lo cierto es que\u00a0Alemania tiene important\u00edsimos intereses comerciales con Rusia, y un enfoque demasiado ideol\u00f3gico podr\u00eda pasar factura a la econom\u00eda.\u00a0El hecho de que la cartera de exteriores haya ido a parar a los verdes genera a\u00fan m\u00e1s incertidumbres en este \u00e1mbito. Todos estos puntos dif\u00edcilmente conciliables, el acuerdo de la coalici\u00f3n los ali\u00f1a con\u00a0pol\u00edticas destinadas a contentar el progresismo m\u00e1s ideologizado, como sufragar con dinero p\u00fablico las operaciones de cambio de sexo o legalizar la venta de cannabis para usos recreativos (que los liberales promueven por los beneficios fiscales, unos 5.000 millones de euros seg\u00fan se calcula). Otros, como\u00a0rebajar la edad de voto a los 16 a\u00f1os, medida que se explica por la chapucera raz\u00f3n que verdes y liberales han arrasado entre los votantes m\u00e1s j\u00f3venes, tachan el populismo. Sorprende que el pa\u00eds m\u00e1s venerado de Europa incluya medidas tan poco serias en un programa de gobierno.","og_url":"https:\/\/conversesacatalunya.cat\/es\/marihuana-molinos-de-viento-y-austeridad-la-extrana-coalicion-alemana\/","og_site_name":"Converses a Catalunya","article_published_time":"2021-11-26T09:48:48+00:00","article_modified_time":"2021-11-26T12:39:33+00:00","og_image":[{"width":729,"height":486,"url":"https:\/\/conversesacatalunya.cat\/wp-content\/uploads\/2021\/11\/membres-coalition-Annalene-Baerbock-Robert-Habeck-Alliance-90-Verts-Olaf-Scholz-SPD-Christian-Lindner-FDP-24-novembre-Berlin_0.webp","type":"image\/webp"}],"author":"conversesacatalunya","twitter_card":"summary_large_image","twitter_misc":{"Escrito por":"conversesacatalunya","Tiempo de lectura":"4 minutos"},"schema":{"@context":"https:\/\/schema.org","@graph":[{"@type":"Article","@id":"https:\/\/conversesacatalunya.cat\/es\/marihuana-molinos-de-viento-y-austeridad-la-extrana-coalicion-alemana\/#article","isPartOf":{"@id":"https:\/\/conversesacatalunya.cat\/es\/marihuana-molinos-de-viento-y-austeridad-la-extrana-coalicion-alemana\/"},"author":{"name":"conversesacatalunya","@id":"https:\/\/conversesacatalunya.cat\/#\/schema\/person\/c5a8ffe796b1512764aeb6d6d6fa0fc7"},"headline":"Marihuana, molinos de viento y austeridad: la extra\u00f1a coalici\u00f3n alemana","datePublished":"2021-11-26T09:48:48+00:00","dateModified":"2021-11-26T12:39:33+00:00","mainEntityOfPage":{"@id":"https:\/\/conversesacatalunya.cat\/es\/marihuana-molinos-de-viento-y-austeridad-la-extrana-coalicion-alemana\/"},"wordCount":820,"commentCount":0,"image":{"@id":"https:\/\/conversesacatalunya.cat\/es\/marihuana-molinos-de-viento-y-austeridad-la-extrana-coalicion-alemana\/#primaryimage"},"thumbnailUrl":"https:\/\/conversesacatalunya.cat\/wp-content\/uploads\/2021\/11\/membres-coalition-Annalene-Baerbock-Robert-Habeck-Alliance-90-Verts-Olaf-Scholz-SPD-Christian-Lindner-FDP-24-novembre-Berlin_0.webp","keywords":["Alemanya","Ecologia","Europa","Fiscalitat","fons de recuperaci\u00f3","pressupostos"],"articleSection":["Punts clau del dia (ES)"],"inLanguage":"es","potentialAction":[{"@type":"CommentAction","name":"Comment","target":["https:\/\/conversesacatalunya.cat\/es\/marihuana-molinos-de-viento-y-austeridad-la-extrana-coalicion-alemana\/#respond"]}]},{"@type":"WebPage","@id":"https:\/\/conversesacatalunya.cat\/es\/marihuana-molinos-de-viento-y-austeridad-la-extrana-coalicion-alemana\/","url":"https:\/\/conversesacatalunya.cat\/es\/marihuana-molinos-de-viento-y-austeridad-la-extrana-coalicion-alemana\/","name":"Marihuana, molinos de viento y austeridad: la extra\u00f1a coalici\u00f3n alemana - Converses a Catalunya","isPartOf":{"@id":"https:\/\/conversesacatalunya.cat\/#website"},"primaryImageOfPage":{"@id":"https:\/\/conversesacatalunya.cat\/es\/marihuana-molinos-de-viento-y-austeridad-la-extrana-coalicion-alemana\/#primaryimage"},"image":{"@id":"https:\/\/conversesacatalunya.cat\/es\/marihuana-molinos-de-viento-y-austeridad-la-extrana-coalicion-alemana\/#primaryimage"},"thumbnailUrl":"https:\/\/conversesacatalunya.cat\/wp-content\/uploads\/2021\/11\/membres-coalition-Annalene-Baerbock-Robert-Habeck-Alliance-90-Verts-Olaf-Scholz-SPD-Christian-Lindner-FDP-24-novembre-Berlin_0.webp","datePublished":"2021-11-26T09:48:48+00:00","dateModified":"2021-11-26T12:39:33+00:00","author":{"@id":"https:\/\/conversesacatalunya.cat\/#\/schema\/person\/c5a8ffe796b1512764aeb6d6d6fa0fc7"},"breadcrumb":{"@id":"https:\/\/conversesacatalunya.cat\/es\/marihuana-molinos-de-viento-y-austeridad-la-extrana-coalicion-alemana\/#breadcrumb"},"inLanguage":"es","potentialAction":[{"@type":"ReadAction","target":["https:\/\/conversesacatalunya.cat\/es\/marihuana-molinos-de-viento-y-austeridad-la-extrana-coalicion-alemana\/"]}]},{"@type":"ImageObject","inLanguage":"es","@id":"https:\/\/conversesacatalunya.cat\/es\/marihuana-molinos-de-viento-y-austeridad-la-extrana-coalicion-alemana\/#primaryimage","url":"https:\/\/conversesacatalunya.cat\/wp-content\/uploads\/2021\/11\/membres-coalition-Annalene-Baerbock-Robert-Habeck-Alliance-90-Verts-Olaf-Scholz-SPD-Christian-Lindner-FDP-24-novembre-Berlin_0.webp","contentUrl":"https:\/\/conversesacatalunya.cat\/wp-content\/uploads\/2021\/11\/membres-coalition-Annalene-Baerbock-Robert-Habeck-Alliance-90-Verts-Olaf-Scholz-SPD-Christian-Lindner-FDP-24-novembre-Berlin_0.webp","width":729,"height":486},{"@type":"BreadcrumbList","@id":"https:\/\/conversesacatalunya.cat\/es\/marihuana-molinos-de-viento-y-austeridad-la-extrana-coalicion-alemana\/#breadcrumb","itemListElement":[{"@type":"ListItem","position":1,"name":"Inici","item":"https:\/\/conversesacatalunya.cat\/es\/"},{"@type":"ListItem","position":2,"name":"Marihuana, molinos de viento y austeridad: la extra\u00f1a coalici\u00f3n alemana"}]},{"@type":"WebSite","@id":"https:\/\/conversesacatalunya.cat\/#website","url":"https:\/\/conversesacatalunya.cat\/","name":"Converses a Catalunya","description":"","potentialAction":[{"@type":"SearchAction","target":{"@type":"EntryPoint","urlTemplate":"https:\/\/conversesacatalunya.cat\/?s={search_term_string}"},"query-input":{"@type":"PropertyValueSpecification","valueRequired":true,"valueName":"search_term_string"}}],"inLanguage":"es"},{"@type":"Person","@id":"https:\/\/conversesacatalunya.cat\/#\/schema\/person\/c5a8ffe796b1512764aeb6d6d6fa0fc7","name":"conversesacatalunya","image":{"@type":"ImageObject","inLanguage":"es","@id":"https:\/\/conversesacatalunya.cat\/#\/schema\/person\/image\/","url":"https:\/\/conversesacatalunya.cat\/wp-content\/litespeed\/avatar\/02659ee938034c59a151ae106ade943e.jpg?ver=1777051754","contentUrl":"https:\/\/conversesacatalunya.cat\/wp-content\/litespeed\/avatar\/02659ee938034c59a151ae106ade943e.jpg?ver=1777051754","caption":"conversesacatalunya"},"url":"https:\/\/conversesacatalunya.cat\/es\/author\/carles_lopez\/"}]}},"wps_subtitle":"El apodo de \"coalici\u00f3n sem\u00e1foro\" con que se ha llamado la alianza entre socialdem\u00f3cratas, verdes y liberales deja entrever las tensiones que esperan en el nuevo gobierno federal. Algunas de sus medidas son contradictorias, otras sorprenden por su poca seriedad","_links":{"self":[{"href":"https:\/\/conversesacatalunya.cat\/es\/wp-json\/wp\/v2\/posts\/52600","targetHints":{"allow":["GET"]}}],"collection":[{"href":"https:\/\/conversesacatalunya.cat\/es\/wp-json\/wp\/v2\/posts"}],"about":[{"href":"https:\/\/conversesacatalunya.cat\/es\/wp-json\/wp\/v2\/types\/post"}],"author":[{"embeddable":true,"href":"https:\/\/conversesacatalunya.cat\/es\/wp-json\/wp\/v2\/users\/67"}],"replies":[{"embeddable":true,"href":"https:\/\/conversesacatalunya.cat\/es\/wp-json\/wp\/v2\/comments?post=52600"}],"version-history":[{"count":2,"href":"https:\/\/conversesacatalunya.cat\/es\/wp-json\/wp\/v2\/posts\/52600\/revisions"}],"predecessor-version":[{"id":52602,"href":"https:\/\/conversesacatalunya.cat\/es\/wp-json\/wp\/v2\/posts\/52600\/revisions\/52602"}],"wp:featuredmedia":[{"embeddable":true,"href":"https:\/\/conversesacatalunya.cat\/es\/wp-json\/wp\/v2\/media\/52541"}],"wp:attachment":[{"href":"https:\/\/conversesacatalunya.cat\/es\/wp-json\/wp\/v2\/media?parent=52600"}],"wp:term":[{"taxonomy":"category","embeddable":true,"href":"https:\/\/conversesacatalunya.cat\/es\/wp-json\/wp\/v2\/categories?post=52600"},{"taxonomy":"post_tag","embeddable":true,"href":"https:\/\/conversesacatalunya.cat\/es\/wp-json\/wp\/v2\/tags?post=52600"}],"curies":[{"name":"wp","href":"https:\/\/api.w.org\/{rel}","templated":true}]}}