{"id":52590,"date":"2021-11-26T12:43:16","date_gmt":"2021-11-26T11:43:16","guid":{"rendered":"https:\/\/conversesacatalunya.cat\/violencia-contra-la-dona-saturacio-i-males-maneres-lofensiu-anunci-de-la-generalitat\/"},"modified":"2021-11-26T13:01:08","modified_gmt":"2021-11-26T12:01:08","slug":"violencia-contra-la-mujer-saturacion-y-malos-modos-el-ofensivo-anuncio-de-la-generalitat","status":"publish","type":"post","link":"https:\/\/conversesacatalunya.cat\/es\/violencia-contra-la-mujer-saturacion-y-malos-modos-el-ofensivo-anuncio-de-la-generalitat\/","title":{"rendered":"Violencia contra la mujer. Saturaci\u00f3n y malos modos. El ofensivo anuncio de la Generalitat"},"content":{"rendered":"<p><span>El d\u00eda 25, d\u00eda internacional para la eliminaci\u00f3n de la\u00a0<\/span><strong><span>violencia hacia las mujeres<\/span><\/strong><span>, se produjo una saturaci\u00f3n en los medios de comunicaci\u00f3n que dif\u00edcilmente puede ser positiva para lo que se quiere comunicar. No se trata s\u00f3lo de las p\u00e1ginas y p\u00e1ginas y del tiempo de edici\u00f3n en los telediarios, sino de la abundancia de publicidad de organismos oficiales en este mismo sentido. La consideraci\u00f3n adicional es que, adem\u00e1s, este tipo de informaci\u00f3n ya es pr\u00e1cticamente cotidiana en todos los medios y, por tanto, la existencia del d\u00eda conmemorativo de una determinada efem\u00e9rides\u00a0en la que se quiere situar la atenci\u00f3n, es en ese caso menos necesaria que otros, porque ni mucho menos est\u00e1 fuera de foco.<\/span><\/p>\n<p><span>En el caso de los anuncios, fue espectacular. La Vanguardia, por ejemplo, llevaba 4 p\u00e1ginas y media enteras de publicidad oficial con estilos muy distintos. La peor de todas, por el car\u00e1cter violento de la expresi\u00f3n y falta de respeto por las creencias de buena parte de los catalanes era precisamente la de la Generalitat \u201cNi biolog\u00eda, ni cultura, ni prejuicio, ni broma, <\/span><strong><span>ni hostias<\/span><\/strong><span>\u00a0\u201d. La carencia de sensibilidad del gobierno de Catalu\u00f1a hacia los cat\u00f3licos se manifiesta una vez m\u00e1s. El cuidado con el lenguaje inclusivo y pol\u00edticamente correcto se acaba all\u00e1 donde comienza el cristianismo, para nuestro gobierno.<\/span><\/p>\n<p><span><span class=\"goog-text-highlight\">El anuncio del Ayuntamiento de Barcelona era de est\u00e9tica fallera con dibujos y colores llamativos y sin duda agresivos.\u00a0<\/span>Era el anuncio de \u00abBCN antimachista\u00bb.\u00a0La iron\u00eda, y no fina, es que al mismo tiempo los datos demuestran que Barcelona es la capital espa\u00f1ola de abusos sexuales con penetraci\u00f3n.\u00a0Mucha carteler\u00eda y publicidad y pocos resultados pr\u00e1cticos.<\/span><\/p>\n<p><span>TMB, que vive en un d\u00e9ficit permanente, no pod\u00eda ser menos y se gast\u00f3 el dinero en un anuncio que dec\u00eda \u201cBasta.\u00a0Denuncia el acoso sexual\u201d con la caricatura de una mujer malcarada y enfadada, y se\u00f1alaba \u201cSi alguien se acerca m\u00e1s de la cuenta, den\u00fancialo\u201d.\u00a0Poca broma con los autobuses.<\/span><\/p>\n<p><span>Y lo m\u00e1s positivo de todos con diferencia el del ministerio de Igualdad del gobierno de Espa\u00f1a: \u201cPractica los buenos tratos por una vida libre de violencias machistas\u201d y la imagen de dos personas mayores que reposaban pl\u00e1cidamente en una cama cogidas de la mano y debajo el n\u00famero de tel\u00e9fono de atenci\u00f3n a v\u00edctimas de violencia contra las mujeres, el <\/span><strong><span>016<\/span><\/strong><span>\u00a0. Esta publicidad s\u00ed tiene sentido, porque contiene una informaci\u00f3n \u00fatil, la del tel\u00e9fono, y predica por el lado positivo en lugar de la exclamaci\u00f3n mal sonante y la publicidad agresiva.<\/span><\/p>\n<p><span>Para redondearlo, tambi\u00e9n ayer todos los partidos, excepto Vox, acordaron un nuevo pacto de estado contra este tipo de violencia. Ya hemos perdido la cuenta de los pactos de este tipo que se van produciendo a\u00f1o tras a\u00f1o y cada vez aumentan el gasto. Nadie lleva la contabilidad y no se sabe el dinero que todo este tipo de actuaciones conlleva. Se gasta y no se pasan cuentas. Porque la pregunta es: \u00bfde qu\u00e9 sirven tantos pactos de estado y tanto dinero, si el problema permanece igual o peor? Peor, porque se multiplican las graves agresiones sexuales. Peor, porque es evidente, como se\u00f1alan las encuestas, que los j\u00f3venes son cada vez m\u00e1s refractarios a toda esta presi\u00f3n medi\u00e1tica y en una parte creciente\u00a0<\/span><strong><span>rechazan que este fen\u00f3meno de la violencia exista<\/span><\/strong><span>.<\/span><\/p>\n<div class=\"code-block code-block-5\">\n<div class=\"a-single a-17\">Es evidente que hay que luchar contra la violencia, pero tambi\u00e9n lo es que hay que velar para que el dinero se aplique de forma que <strong>obtenga resultados<\/strong>, porque, si lo que se hace acaba siendo contraproducente, es peor el remedio que la enfermedad. Pero es que adem\u00e1s debe existir una proporcionalidad entre los recursos, que por definici\u00f3n siempre son limitados, y el da\u00f1o que se intenta evitar. Existe una gran concentraci\u00f3n de recursos, por razones ideol\u00f3gicas, sobre este hecho. Pero al mismo tiempo el <strong>suicidio<\/strong>, que ya es una lacra que mata a miles de personas cada a\u00f1o, sigue careciendo de cualquier plan de prevenci\u00f3n y atenci\u00f3n, aunque es la violencia m\u00e1s grave de todas. La de la desesperaci\u00f3n, la que se comete con uno mismo. O tambi\u00e9n la violencia contra los menores y la gente mayor que ocasionalmente son objeto de noticia, pero que no tienen ninguna previsi\u00f3n presupuestaria espec\u00edfica que permita adoptar medidas reales.<\/div>\n<div><\/div>\n<div class=\"a-single a-17\">Existe un exceso en las cifras y un fracaso en las pol\u00edticas en relaci\u00f3n con la violencia contra la mujer, y en lugar de continuar por el mismo camino lo que hace falta es revisar las causas y las pol\u00edticas y definir nuevas v\u00edas que no excluyan como hasta ahora la atenci\u00f3n a otros fen\u00f3menos de violencia tanto o mayores que crecen en nuestra sociedad.<\/div>\n<div><\/div>\n<\/div>\n<div id=\"polls-126\" class=\"wp-polls\">\n\t<form id=\"polls_form_126\" class=\"wp-polls-form\" action=\"\/index.php\" method=\"post\">\n\t\t<p style=\"display: none;\"><input type=\"hidden\" id=\"poll_126_nonce\" name=\"wp-polls-nonce\" value=\"2710775d74\" \/><\/p>\n\t\t<p style=\"display: none;\"><input type=\"hidden\" name=\"poll_id\" value=\"126\" \/><\/p>\n\t\t<p style=\"text-align: center\"><strong>Despr\u00e9s que Pere Aragon\u00e8s hagi aprovat els pressupostos de la Generalitat amb els Comuns i contra la voluntat de JuntsxCat i l'oposici\u00f3 de la CUP. El proc\u00e9s cap a la independ\u00e8ncia ha quedat liquidat?<\/strong><\/p><div id=\"polls-126-ans\" class=\"wp-polls-ans\"><ul class=\"wp-polls-ul\">\n\t\t<li><input type=\"radio\" id=\"poll-answer-307\" name=\"poll_126\" value=\"307\" \/> <label for=\"poll-answer-307\">S\u00ed<\/label><\/li>\n\t\t<li><input type=\"radio\" id=\"poll-answer-308\" name=\"poll_126\" value=\"308\" \/> <label for=\"poll-answer-308\">No<\/label><\/li>\n\t\t<li><input type=\"radio\" id=\"poll-answer-309\" name=\"poll_126\" value=\"309\" \/> <label for=\"poll-answer-309\">No ho s\u00e9<\/label><\/li>\n\t\t<\/ul><p style=\"text-align: center\"><input type=\"button\" name=\"vote\" value=\"   Vota   \" class=\"Buttons\" onclick=\"poll_vote(126);\" \/><\/p><p style=\"text-align: center\"><a href=\"#ViewPollResults\" onclick=\"poll_result(126); return false;\" title=\"View Results Of This Poll\">Mira els resultats<\/a><\/p><\/div>\n\t<\/form>\n<\/div>\n<div id=\"polls-126-loading\" class=\"wp-polls-loading\"><img decoding=\"async\" data-src=\"https:\/\/conversesacatalunya.cat\/wp-content\/plugins\/wp-polls\/images\/loading.gif\" width=\"16\" height=\"16\" alt=\"Cargando ...\" title=\"Cargando ...\" class=\"wp-polls-image lazyload\" src=\"data:image\/svg+xml;base64,PHN2ZyB3aWR0aD0iMSIgaGVpZ2h0PSIxIiB4bWxucz0iaHR0cDovL3d3dy53My5vcmcvMjAwMC9zdmciPjwvc3ZnPg==\" style=\"--smush-placeholder-width: 16px; --smush-placeholder-aspect-ratio: 16\/16;\" \/>&nbsp;Cargando ...<\/div>\n\n","protected":false},"excerpt":{"rendered":"<p>El d\u00eda 25, d\u00eda internacional para la eliminaci\u00f3n de la\u00a0violencia hacia las mujeres, se produjo una saturaci\u00f3n en los medios de comunicaci\u00f3n que dif\u00edcilmente puede ser positiva para lo que se quiere comunicar. No se trata s\u00f3lo de las p\u00e1ginas y p\u00e1ginas y del tiempo de edici\u00f3n en los telediarios, sino de la abundancia de publicidad de organismos oficiales en este mismo sentido. La consideraci\u00f3n adicional es que, adem\u00e1s, este tipo de informaci\u00f3n ya es pr\u00e1cticamente cotidiana en todos los medios y, por tanto, la existencia del d\u00eda conmemorativo de una determinada efem\u00e9rides\u00a0en la que se quiere situar la atenci\u00f3n, es en ese caso menos necesaria que otros, porque ni mucho menos est\u00e1 fuera de foco. En el caso de los anuncios, fue espectacular. La Vanguardia, por ejemplo, llevaba 4 p\u00e1ginas y media enteras de publicidad oficial con estilos muy distintos. La peor de todas, por el car\u00e1cter violento de la expresi\u00f3n y falta de respeto por las creencias de buena parte de los catalanes era precisamente la de la Generalitat \u201cNi biolog\u00eda, ni cultura, ni prejuicio, ni broma, ni hostias\u00a0\u201d. La carencia de sensibilidad del gobierno de Catalu\u00f1a hacia los cat\u00f3licos se manifiesta una vez m\u00e1s. El cuidado con el lenguaje inclusivo y pol\u00edticamente correcto se acaba all\u00e1 donde comienza el cristianismo, para nuestro gobierno. El anuncio del Ayuntamiento de Barcelona era de est\u00e9tica fallera con dibujos y colores llamativos y sin duda agresivos.\u00a0Era el anuncio de \u00abBCN antimachista\u00bb.\u00a0La iron\u00eda, y no fina, es que al mismo tiempo los datos demuestran que Barcelona es la capital espa\u00f1ola de abusos sexuales con penetraci\u00f3n.\u00a0Mucha carteler\u00eda y publicidad y pocos resultados pr\u00e1cticos. TMB, que vive en un d\u00e9ficit permanente, no pod\u00eda ser menos y se gast\u00f3 el dinero en un anuncio que dec\u00eda \u201cBasta.\u00a0Denuncia el acoso sexual\u201d con la caricatura de una mujer malcarada y enfadada, y se\u00f1alaba \u201cSi alguien se acerca m\u00e1s de la cuenta, den\u00fancialo\u201d.\u00a0Poca broma con los autobuses. Y lo m\u00e1s positivo de todos con diferencia el del ministerio de Igualdad del gobierno de Espa\u00f1a: \u201cPractica los buenos tratos por una vida libre de violencias machistas\u201d y la imagen de dos personas mayores que reposaban pl\u00e1cidamente en una cama cogidas de la mano y debajo el n\u00famero de tel\u00e9fono de atenci\u00f3n a v\u00edctimas de violencia contra las mujeres, el 016\u00a0. Esta publicidad s\u00ed tiene sentido, porque contiene una informaci\u00f3n \u00fatil, la del tel\u00e9fono, y predica por el lado positivo en lugar de la exclamaci\u00f3n mal sonante y la publicidad agresiva. Para redondearlo, tambi\u00e9n ayer todos los partidos, excepto Vox, acordaron un nuevo pacto de estado contra este tipo de violencia. Ya hemos perdido la cuenta de los pactos de este tipo que se van produciendo a\u00f1o tras a\u00f1o y cada vez aumentan el gasto. Nadie lleva la contabilidad y no se sabe el dinero que todo este tipo de actuaciones conlleva. Se gasta y no se pasan cuentas. Porque la pregunta es: \u00bfde qu\u00e9 sirven tantos pactos de estado y tanto dinero, si el problema permanece igual o peor? Peor, porque se multiplican las graves agresiones sexuales. Peor, porque es evidente, como se\u00f1alan las encuestas, que los j\u00f3venes son cada vez m\u00e1s refractarios a toda esta presi\u00f3n medi\u00e1tica y en una parte creciente\u00a0rechazan que este fen\u00f3meno de la violencia exista. Es evidente que hay que luchar contra la violencia, pero tambi\u00e9n lo es que hay que velar para que el dinero se aplique de forma que obtenga resultados, porque, si lo que se hace acaba siendo contraproducente, es peor el remedio que la enfermedad. Pero es que adem\u00e1s debe existir una proporcionalidad entre los recursos, que por definici\u00f3n siempre son limitados, y el da\u00f1o que se intenta evitar. Existe una gran concentraci\u00f3n de recursos, por razones ideol\u00f3gicas, sobre este hecho. Pero al mismo tiempo el suicidio, que ya es una lacra que mata a miles de personas cada a\u00f1o, sigue careciendo de cualquier plan de prevenci\u00f3n y atenci\u00f3n, aunque es la violencia m\u00e1s grave de todas. La de la desesperaci\u00f3n, la que se comete con uno mismo. O tambi\u00e9n la violencia contra los menores y la gente mayor que ocasionalmente son objeto de noticia, pero que no tienen ninguna previsi\u00f3n presupuestaria espec\u00edfica que permita adoptar medidas reales. Existe un exceso en las cifras y un fracaso en las pol\u00edticas en relaci\u00f3n con la violencia contra la mujer, y en lugar de continuar por el mismo camino lo que hace falta es revisar las causas y las pol\u00edticas y definir nuevas v\u00edas que no excluyan como hasta ahora la atenci\u00f3n a otros fen\u00f3menos de violencia tanto o mayores que crecen en nuestra sociedad.<\/p>\n","protected":false},"author":2,"featured_media":52586,"comment_status":"open","ping_status":"open","sticky":false,"template":"","format":"standard","meta":{"_FSMCFIC_featured_image_caption":"","_FSMCFIC_featured_image_nocaption":"","_FSMCFIC_featured_image_hide":"","footnotes":""},"categories":[806],"tags":[3605,4222,4221],"class_list":["post-52590","post","type-post","status-publish","format-standard","has-post-thumbnail","hentry","category-punts-claus-del-dia-es","tag-abusos-sexuals-es","tag-violencia-mujer","tag-violencia-sexual-es"],"yoast_head":"<!-- This site is optimized with the Yoast SEO plugin v26.8 - https:\/\/yoast.com\/product\/yoast-seo-wordpress\/ -->\n<title>Violencia contra la mujer. Saturaci\u00f3n y malos modos. El ofensivo anuncio de la Generalitat - Converses a Catalunya<\/title>\n<meta name=\"robots\" content=\"index, follow, max-snippet:-1, max-image-preview:large, max-video-preview:-1\" \/>\n<link rel=\"canonical\" href=\"https:\/\/conversesacatalunya.cat\/es\/violencia-contra-la-mujer-saturacion-y-malos-modos-el-ofensivo-anuncio-de-la-generalitat\/\" \/>\n<meta property=\"og:locale\" content=\"es_ES\" \/>\n<meta property=\"og:type\" content=\"article\" \/>\n<meta property=\"og:title\" content=\"Violencia contra la mujer. Saturaci\u00f3n y malos modos. El ofensivo anuncio de la Generalitat - Converses a Catalunya\" \/>\n<meta property=\"og:description\" content=\"El d\u00eda 25, d\u00eda internacional para la eliminaci\u00f3n de la\u00a0violencia hacia las mujeres, se produjo una saturaci\u00f3n en los medios de comunicaci\u00f3n que dif\u00edcilmente puede ser positiva para lo que se quiere comunicar. No se trata s\u00f3lo de las p\u00e1ginas y p\u00e1ginas y del tiempo de edici\u00f3n en los telediarios, sino de la abundancia de publicidad de organismos oficiales en este mismo sentido. La consideraci\u00f3n adicional es que, adem\u00e1s, este tipo de informaci\u00f3n ya es pr\u00e1cticamente cotidiana en todos los medios y, por tanto, la existencia del d\u00eda conmemorativo de una determinada efem\u00e9rides\u00a0en la que se quiere situar la atenci\u00f3n, es en ese caso menos necesaria que otros, porque ni mucho menos est\u00e1 fuera de foco. En el caso de los anuncios, fue espectacular. La Vanguardia, por ejemplo, llevaba 4 p\u00e1ginas y media enteras de publicidad oficial con estilos muy distintos. La peor de todas, por el car\u00e1cter violento de la expresi\u00f3n y falta de respeto por las creencias de buena parte de los catalanes era precisamente la de la Generalitat \u201cNi biolog\u00eda, ni cultura, ni prejuicio, ni broma, ni hostias\u00a0\u201d. La carencia de sensibilidad del gobierno de Catalu\u00f1a hacia los cat\u00f3licos se manifiesta una vez m\u00e1s. El cuidado con el lenguaje inclusivo y pol\u00edticamente correcto se acaba all\u00e1 donde comienza el cristianismo, para nuestro gobierno. El anuncio del Ayuntamiento de Barcelona era de est\u00e9tica fallera con dibujos y colores llamativos y sin duda agresivos.\u00a0Era el anuncio de \u00abBCN antimachista\u00bb.\u00a0La iron\u00eda, y no fina, es que al mismo tiempo los datos demuestran que Barcelona es la capital espa\u00f1ola de abusos sexuales con penetraci\u00f3n.\u00a0Mucha carteler\u00eda y publicidad y pocos resultados pr\u00e1cticos. TMB, que vive en un d\u00e9ficit permanente, no pod\u00eda ser menos y se gast\u00f3 el dinero en un anuncio que dec\u00eda \u201cBasta.\u00a0Denuncia el acoso sexual\u201d con la caricatura de una mujer malcarada y enfadada, y se\u00f1alaba \u201cSi alguien se acerca m\u00e1s de la cuenta, den\u00fancialo\u201d.\u00a0Poca broma con los autobuses. Y lo m\u00e1s positivo de todos con diferencia el del ministerio de Igualdad del gobierno de Espa\u00f1a: \u201cPractica los buenos tratos por una vida libre de violencias machistas\u201d y la imagen de dos personas mayores que reposaban pl\u00e1cidamente en una cama cogidas de la mano y debajo el n\u00famero de tel\u00e9fono de atenci\u00f3n a v\u00edctimas de violencia contra las mujeres, el 016\u00a0. Esta publicidad s\u00ed tiene sentido, porque contiene una informaci\u00f3n \u00fatil, la del tel\u00e9fono, y predica por el lado positivo en lugar de la exclamaci\u00f3n mal sonante y la publicidad agresiva. Para redondearlo, tambi\u00e9n ayer todos los partidos, excepto Vox, acordaron un nuevo pacto de estado contra este tipo de violencia. Ya hemos perdido la cuenta de los pactos de este tipo que se van produciendo a\u00f1o tras a\u00f1o y cada vez aumentan el gasto. Nadie lleva la contabilidad y no se sabe el dinero que todo este tipo de actuaciones conlleva. Se gasta y no se pasan cuentas. Porque la pregunta es: \u00bfde qu\u00e9 sirven tantos pactos de estado y tanto dinero, si el problema permanece igual o peor? Peor, porque se multiplican las graves agresiones sexuales. Peor, porque es evidente, como se\u00f1alan las encuestas, que los j\u00f3venes son cada vez m\u00e1s refractarios a toda esta presi\u00f3n medi\u00e1tica y en una parte creciente\u00a0rechazan que este fen\u00f3meno de la violencia exista. Es evidente que hay que luchar contra la violencia, pero tambi\u00e9n lo es que hay que velar para que el dinero se aplique de forma que obtenga resultados, porque, si lo que se hace acaba siendo contraproducente, es peor el remedio que la enfermedad. Pero es que adem\u00e1s debe existir una proporcionalidad entre los recursos, que por definici\u00f3n siempre son limitados, y el da\u00f1o que se intenta evitar. Existe una gran concentraci\u00f3n de recursos, por razones ideol\u00f3gicas, sobre este hecho. Pero al mismo tiempo el suicidio, que ya es una lacra que mata a miles de personas cada a\u00f1o, sigue careciendo de cualquier plan de prevenci\u00f3n y atenci\u00f3n, aunque es la violencia m\u00e1s grave de todas. La de la desesperaci\u00f3n, la que se comete con uno mismo. O tambi\u00e9n la violencia contra los menores y la gente mayor que ocasionalmente son objeto de noticia, pero que no tienen ninguna previsi\u00f3n presupuestaria espec\u00edfica que permita adoptar medidas reales. Existe un exceso en las cifras y un fracaso en las pol\u00edticas en relaci\u00f3n con la violencia contra la mujer, y en lugar de continuar por el mismo camino lo que hace falta es revisar las causas y las pol\u00edticas y definir nuevas v\u00edas que no excluyan como hasta ahora la atenci\u00f3n a otros fen\u00f3menos de violencia tanto o mayores que crecen en nuestra sociedad.\" \/>\n<meta property=\"og:url\" content=\"https:\/\/conversesacatalunya.cat\/es\/violencia-contra-la-mujer-saturacion-y-malos-modos-el-ofensivo-anuncio-de-la-generalitat\/\" \/>\n<meta property=\"og:site_name\" content=\"Converses a Catalunya\" \/>\n<meta property=\"article:published_time\" content=\"2021-11-26T11:43:16+00:00\" \/>\n<meta property=\"article:modified_time\" content=\"2021-11-26T12:01:08+00:00\" \/>\n<meta property=\"og:image\" content=\"https:\/\/conversesacatalunya.cat\/wp-content\/uploads\/2021\/11\/20211125_110122.jpg\" \/>\n\t<meta property=\"og:image:width\" content=\"720\" \/>\n\t<meta property=\"og:image:height\" content=\"1048\" \/>\n\t<meta property=\"og:image:type\" content=\"image\/jpeg\" \/>\n<meta name=\"author\" content=\"conversesacatalunya\" \/>\n<meta name=\"twitter:card\" content=\"summary_large_image\" \/>\n<meta name=\"twitter:label1\" content=\"Escrito por\" \/>\n\t<meta name=\"twitter:data1\" content=\"conversesacatalunya\" \/>\n\t<meta name=\"twitter:label2\" content=\"Tiempo de lectura\" \/>\n\t<meta name=\"twitter:data2\" content=\"4 minutos\" \/>\n<script type=\"application\/ld+json\" class=\"yoast-schema-graph\">{\"@context\":\"https:\/\/schema.org\",\"@graph\":[{\"@type\":\"Article\",\"@id\":\"https:\/\/conversesacatalunya.cat\/es\/violencia-contra-la-mujer-saturacion-y-malos-modos-el-ofensivo-anuncio-de-la-generalitat\/#article\",\"isPartOf\":{\"@id\":\"https:\/\/conversesacatalunya.cat\/es\/violencia-contra-la-mujer-saturacion-y-malos-modos-el-ofensivo-anuncio-de-la-generalitat\/\"},\"author\":{\"name\":\"conversesacatalunya\",\"@id\":\"https:\/\/conversesacatalunya.cat\/#\/schema\/person\/7e24d1e54a2785373ddcb275eae5ed99\"},\"headline\":\"Violencia contra la mujer. Saturaci\u00f3n y malos modos. El ofensivo anuncio de la Generalitat\",\"datePublished\":\"2021-11-26T11:43:16+00:00\",\"dateModified\":\"2021-11-26T12:01:08+00:00\",\"mainEntityOfPage\":{\"@id\":\"https:\/\/conversesacatalunya.cat\/es\/violencia-contra-la-mujer-saturacion-y-malos-modos-el-ofensivo-anuncio-de-la-generalitat\/\"},\"wordCount\":861,\"commentCount\":0,\"image\":{\"@id\":\"https:\/\/conversesacatalunya.cat\/es\/violencia-contra-la-mujer-saturacion-y-malos-modos-el-ofensivo-anuncio-de-la-generalitat\/#primaryimage\"},\"thumbnailUrl\":\"https:\/\/conversesacatalunya.cat\/wp-content\/uploads\/2021\/11\/20211125_110122.jpg\",\"keywords\":[\"abusos sexuals\",\"violencia mujer\",\"viol\u00e8ncia sexual\"],\"articleSection\":[\"Punts clau del dia (ES)\"],\"inLanguage\":\"es\",\"potentialAction\":[{\"@type\":\"CommentAction\",\"name\":\"Comment\",\"target\":[\"https:\/\/conversesacatalunya.cat\/es\/violencia-contra-la-mujer-saturacion-y-malos-modos-el-ofensivo-anuncio-de-la-generalitat\/#respond\"]}]},{\"@type\":\"WebPage\",\"@id\":\"https:\/\/conversesacatalunya.cat\/es\/violencia-contra-la-mujer-saturacion-y-malos-modos-el-ofensivo-anuncio-de-la-generalitat\/\",\"url\":\"https:\/\/conversesacatalunya.cat\/es\/violencia-contra-la-mujer-saturacion-y-malos-modos-el-ofensivo-anuncio-de-la-generalitat\/\",\"name\":\"Violencia contra la mujer. Saturaci\u00f3n y malos modos. El ofensivo anuncio de la Generalitat - Converses a Catalunya\",\"isPartOf\":{\"@id\":\"https:\/\/conversesacatalunya.cat\/#website\"},\"primaryImageOfPage\":{\"@id\":\"https:\/\/conversesacatalunya.cat\/es\/violencia-contra-la-mujer-saturacion-y-malos-modos-el-ofensivo-anuncio-de-la-generalitat\/#primaryimage\"},\"image\":{\"@id\":\"https:\/\/conversesacatalunya.cat\/es\/violencia-contra-la-mujer-saturacion-y-malos-modos-el-ofensivo-anuncio-de-la-generalitat\/#primaryimage\"},\"thumbnailUrl\":\"https:\/\/conversesacatalunya.cat\/wp-content\/uploads\/2021\/11\/20211125_110122.jpg\",\"datePublished\":\"2021-11-26T11:43:16+00:00\",\"dateModified\":\"2021-11-26T12:01:08+00:00\",\"author\":{\"@id\":\"https:\/\/conversesacatalunya.cat\/#\/schema\/person\/7e24d1e54a2785373ddcb275eae5ed99\"},\"breadcrumb\":{\"@id\":\"https:\/\/conversesacatalunya.cat\/es\/violencia-contra-la-mujer-saturacion-y-malos-modos-el-ofensivo-anuncio-de-la-generalitat\/#breadcrumb\"},\"inLanguage\":\"es\",\"potentialAction\":[{\"@type\":\"ReadAction\",\"target\":[\"https:\/\/conversesacatalunya.cat\/es\/violencia-contra-la-mujer-saturacion-y-malos-modos-el-ofensivo-anuncio-de-la-generalitat\/\"]}]},{\"@type\":\"ImageObject\",\"inLanguage\":\"es\",\"@id\":\"https:\/\/conversesacatalunya.cat\/es\/violencia-contra-la-mujer-saturacion-y-malos-modos-el-ofensivo-anuncio-de-la-generalitat\/#primaryimage\",\"url\":\"https:\/\/conversesacatalunya.cat\/wp-content\/uploads\/2021\/11\/20211125_110122.jpg\",\"contentUrl\":\"https:\/\/conversesacatalunya.cat\/wp-content\/uploads\/2021\/11\/20211125_110122.jpg\",\"width\":720,\"height\":1048},{\"@type\":\"BreadcrumbList\",\"@id\":\"https:\/\/conversesacatalunya.cat\/es\/violencia-contra-la-mujer-saturacion-y-malos-modos-el-ofensivo-anuncio-de-la-generalitat\/#breadcrumb\",\"itemListElement\":[{\"@type\":\"ListItem\",\"position\":1,\"name\":\"Inici\",\"item\":\"https:\/\/conversesacatalunya.cat\/es\/\"},{\"@type\":\"ListItem\",\"position\":2,\"name\":\"Violencia contra la mujer. Saturaci\u00f3n y malos modos. El ofensivo anuncio de la Generalitat\"}]},{\"@type\":\"WebSite\",\"@id\":\"https:\/\/conversesacatalunya.cat\/#website\",\"url\":\"https:\/\/conversesacatalunya.cat\/\",\"name\":\"Converses a Catalunya\",\"description\":\"\",\"potentialAction\":[{\"@type\":\"SearchAction\",\"target\":{\"@type\":\"EntryPoint\",\"urlTemplate\":\"https:\/\/conversesacatalunya.cat\/?s={search_term_string}\"},\"query-input\":{\"@type\":\"PropertyValueSpecification\",\"valueRequired\":true,\"valueName\":\"search_term_string\"}}],\"inLanguage\":\"es\"},{\"@type\":\"Person\",\"@id\":\"https:\/\/conversesacatalunya.cat\/#\/schema\/person\/7e24d1e54a2785373ddcb275eae5ed99\",\"name\":\"conversesacatalunya\",\"image\":{\"@type\":\"ImageObject\",\"inLanguage\":\"es\",\"@id\":\"https:\/\/conversesacatalunya.cat\/#\/schema\/person\/image\/\",\"url\":\"https:\/\/conversesacatalunya.cat\/wp-content\/litespeed\/avatar\/febdfeeec89d950f01c748045a981dd2.jpg?ver=1777314535\",\"contentUrl\":\"https:\/\/conversesacatalunya.cat\/wp-content\/litespeed\/avatar\/febdfeeec89d950f01c748045a981dd2.jpg?ver=1777314535\",\"caption\":\"conversesacatalunya\"},\"url\":\"https:\/\/conversesacatalunya.cat\/es\/author\/carme_catala\/\"}]}<\/script>\n<!-- \/ Yoast SEO plugin. -->","yoast_head_json":{"title":"Violencia contra la mujer. Saturaci\u00f3n y malos modos. El ofensivo anuncio de la Generalitat - Converses a Catalunya","robots":{"index":"index","follow":"follow","max-snippet":"max-snippet:-1","max-image-preview":"max-image-preview:large","max-video-preview":"max-video-preview:-1"},"canonical":"https:\/\/conversesacatalunya.cat\/es\/violencia-contra-la-mujer-saturacion-y-malos-modos-el-ofensivo-anuncio-de-la-generalitat\/","og_locale":"es_ES","og_type":"article","og_title":"Violencia contra la mujer. Saturaci\u00f3n y malos modos. El ofensivo anuncio de la Generalitat - Converses a Catalunya","og_description":"El d\u00eda 25, d\u00eda internacional para la eliminaci\u00f3n de la\u00a0violencia hacia las mujeres, se produjo una saturaci\u00f3n en los medios de comunicaci\u00f3n que dif\u00edcilmente puede ser positiva para lo que se quiere comunicar. No se trata s\u00f3lo de las p\u00e1ginas y p\u00e1ginas y del tiempo de edici\u00f3n en los telediarios, sino de la abundancia de publicidad de organismos oficiales en este mismo sentido. La consideraci\u00f3n adicional es que, adem\u00e1s, este tipo de informaci\u00f3n ya es pr\u00e1cticamente cotidiana en todos los medios y, por tanto, la existencia del d\u00eda conmemorativo de una determinada efem\u00e9rides\u00a0en la que se quiere situar la atenci\u00f3n, es en ese caso menos necesaria que otros, porque ni mucho menos est\u00e1 fuera de foco. En el caso de los anuncios, fue espectacular. La Vanguardia, por ejemplo, llevaba 4 p\u00e1ginas y media enteras de publicidad oficial con estilos muy distintos. La peor de todas, por el car\u00e1cter violento de la expresi\u00f3n y falta de respeto por las creencias de buena parte de los catalanes era precisamente la de la Generalitat \u201cNi biolog\u00eda, ni cultura, ni prejuicio, ni broma, ni hostias\u00a0\u201d. La carencia de sensibilidad del gobierno de Catalu\u00f1a hacia los cat\u00f3licos se manifiesta una vez m\u00e1s. El cuidado con el lenguaje inclusivo y pol\u00edticamente correcto se acaba all\u00e1 donde comienza el cristianismo, para nuestro gobierno. El anuncio del Ayuntamiento de Barcelona era de est\u00e9tica fallera con dibujos y colores llamativos y sin duda agresivos.\u00a0Era el anuncio de \u00abBCN antimachista\u00bb.\u00a0La iron\u00eda, y no fina, es que al mismo tiempo los datos demuestran que Barcelona es la capital espa\u00f1ola de abusos sexuales con penetraci\u00f3n.\u00a0Mucha carteler\u00eda y publicidad y pocos resultados pr\u00e1cticos. TMB, que vive en un d\u00e9ficit permanente, no pod\u00eda ser menos y se gast\u00f3 el dinero en un anuncio que dec\u00eda \u201cBasta.\u00a0Denuncia el acoso sexual\u201d con la caricatura de una mujer malcarada y enfadada, y se\u00f1alaba \u201cSi alguien se acerca m\u00e1s de la cuenta, den\u00fancialo\u201d.\u00a0Poca broma con los autobuses. Y lo m\u00e1s positivo de todos con diferencia el del ministerio de Igualdad del gobierno de Espa\u00f1a: \u201cPractica los buenos tratos por una vida libre de violencias machistas\u201d y la imagen de dos personas mayores que reposaban pl\u00e1cidamente en una cama cogidas de la mano y debajo el n\u00famero de tel\u00e9fono de atenci\u00f3n a v\u00edctimas de violencia contra las mujeres, el 016\u00a0. Esta publicidad s\u00ed tiene sentido, porque contiene una informaci\u00f3n \u00fatil, la del tel\u00e9fono, y predica por el lado positivo en lugar de la exclamaci\u00f3n mal sonante y la publicidad agresiva. Para redondearlo, tambi\u00e9n ayer todos los partidos, excepto Vox, acordaron un nuevo pacto de estado contra este tipo de violencia. Ya hemos perdido la cuenta de los pactos de este tipo que se van produciendo a\u00f1o tras a\u00f1o y cada vez aumentan el gasto. Nadie lleva la contabilidad y no se sabe el dinero que todo este tipo de actuaciones conlleva. Se gasta y no se pasan cuentas. Porque la pregunta es: \u00bfde qu\u00e9 sirven tantos pactos de estado y tanto dinero, si el problema permanece igual o peor? Peor, porque se multiplican las graves agresiones sexuales. Peor, porque es evidente, como se\u00f1alan las encuestas, que los j\u00f3venes son cada vez m\u00e1s refractarios a toda esta presi\u00f3n medi\u00e1tica y en una parte creciente\u00a0rechazan que este fen\u00f3meno de la violencia exista. Es evidente que hay que luchar contra la violencia, pero tambi\u00e9n lo es que hay que velar para que el dinero se aplique de forma que obtenga resultados, porque, si lo que se hace acaba siendo contraproducente, es peor el remedio que la enfermedad. Pero es que adem\u00e1s debe existir una proporcionalidad entre los recursos, que por definici\u00f3n siempre son limitados, y el da\u00f1o que se intenta evitar. Existe una gran concentraci\u00f3n de recursos, por razones ideol\u00f3gicas, sobre este hecho. Pero al mismo tiempo el suicidio, que ya es una lacra que mata a miles de personas cada a\u00f1o, sigue careciendo de cualquier plan de prevenci\u00f3n y atenci\u00f3n, aunque es la violencia m\u00e1s grave de todas. La de la desesperaci\u00f3n, la que se comete con uno mismo. O tambi\u00e9n la violencia contra los menores y la gente mayor que ocasionalmente son objeto de noticia, pero que no tienen ninguna previsi\u00f3n presupuestaria espec\u00edfica que permita adoptar medidas reales. Existe un exceso en las cifras y un fracaso en las pol\u00edticas en relaci\u00f3n con la violencia contra la mujer, y en lugar de continuar por el mismo camino lo que hace falta es revisar las causas y las pol\u00edticas y definir nuevas v\u00edas que no excluyan como hasta ahora la atenci\u00f3n a otros fen\u00f3menos de violencia tanto o mayores que crecen en nuestra sociedad.","og_url":"https:\/\/conversesacatalunya.cat\/es\/violencia-contra-la-mujer-saturacion-y-malos-modos-el-ofensivo-anuncio-de-la-generalitat\/","og_site_name":"Converses a Catalunya","article_published_time":"2021-11-26T11:43:16+00:00","article_modified_time":"2021-11-26T12:01:08+00:00","og_image":[{"width":720,"height":1048,"url":"https:\/\/conversesacatalunya.cat\/wp-content\/uploads\/2021\/11\/20211125_110122.jpg","type":"image\/jpeg"}],"author":"conversesacatalunya","twitter_card":"summary_large_image","twitter_misc":{"Escrito por":"conversesacatalunya","Tiempo de lectura":"4 minutos"},"schema":{"@context":"https:\/\/schema.org","@graph":[{"@type":"Article","@id":"https:\/\/conversesacatalunya.cat\/es\/violencia-contra-la-mujer-saturacion-y-malos-modos-el-ofensivo-anuncio-de-la-generalitat\/#article","isPartOf":{"@id":"https:\/\/conversesacatalunya.cat\/es\/violencia-contra-la-mujer-saturacion-y-malos-modos-el-ofensivo-anuncio-de-la-generalitat\/"},"author":{"name":"conversesacatalunya","@id":"https:\/\/conversesacatalunya.cat\/#\/schema\/person\/7e24d1e54a2785373ddcb275eae5ed99"},"headline":"Violencia contra la mujer. Saturaci\u00f3n y malos modos. El ofensivo anuncio de la Generalitat","datePublished":"2021-11-26T11:43:16+00:00","dateModified":"2021-11-26T12:01:08+00:00","mainEntityOfPage":{"@id":"https:\/\/conversesacatalunya.cat\/es\/violencia-contra-la-mujer-saturacion-y-malos-modos-el-ofensivo-anuncio-de-la-generalitat\/"},"wordCount":861,"commentCount":0,"image":{"@id":"https:\/\/conversesacatalunya.cat\/es\/violencia-contra-la-mujer-saturacion-y-malos-modos-el-ofensivo-anuncio-de-la-generalitat\/#primaryimage"},"thumbnailUrl":"https:\/\/conversesacatalunya.cat\/wp-content\/uploads\/2021\/11\/20211125_110122.jpg","keywords":["abusos sexuals","violencia mujer","viol\u00e8ncia sexual"],"articleSection":["Punts clau del dia (ES)"],"inLanguage":"es","potentialAction":[{"@type":"CommentAction","name":"Comment","target":["https:\/\/conversesacatalunya.cat\/es\/violencia-contra-la-mujer-saturacion-y-malos-modos-el-ofensivo-anuncio-de-la-generalitat\/#respond"]}]},{"@type":"WebPage","@id":"https:\/\/conversesacatalunya.cat\/es\/violencia-contra-la-mujer-saturacion-y-malos-modos-el-ofensivo-anuncio-de-la-generalitat\/","url":"https:\/\/conversesacatalunya.cat\/es\/violencia-contra-la-mujer-saturacion-y-malos-modos-el-ofensivo-anuncio-de-la-generalitat\/","name":"Violencia contra la mujer. Saturaci\u00f3n y malos modos. El ofensivo anuncio de la Generalitat - Converses a Catalunya","isPartOf":{"@id":"https:\/\/conversesacatalunya.cat\/#website"},"primaryImageOfPage":{"@id":"https:\/\/conversesacatalunya.cat\/es\/violencia-contra-la-mujer-saturacion-y-malos-modos-el-ofensivo-anuncio-de-la-generalitat\/#primaryimage"},"image":{"@id":"https:\/\/conversesacatalunya.cat\/es\/violencia-contra-la-mujer-saturacion-y-malos-modos-el-ofensivo-anuncio-de-la-generalitat\/#primaryimage"},"thumbnailUrl":"https:\/\/conversesacatalunya.cat\/wp-content\/uploads\/2021\/11\/20211125_110122.jpg","datePublished":"2021-11-26T11:43:16+00:00","dateModified":"2021-11-26T12:01:08+00:00","author":{"@id":"https:\/\/conversesacatalunya.cat\/#\/schema\/person\/7e24d1e54a2785373ddcb275eae5ed99"},"breadcrumb":{"@id":"https:\/\/conversesacatalunya.cat\/es\/violencia-contra-la-mujer-saturacion-y-malos-modos-el-ofensivo-anuncio-de-la-generalitat\/#breadcrumb"},"inLanguage":"es","potentialAction":[{"@type":"ReadAction","target":["https:\/\/conversesacatalunya.cat\/es\/violencia-contra-la-mujer-saturacion-y-malos-modos-el-ofensivo-anuncio-de-la-generalitat\/"]}]},{"@type":"ImageObject","inLanguage":"es","@id":"https:\/\/conversesacatalunya.cat\/es\/violencia-contra-la-mujer-saturacion-y-malos-modos-el-ofensivo-anuncio-de-la-generalitat\/#primaryimage","url":"https:\/\/conversesacatalunya.cat\/wp-content\/uploads\/2021\/11\/20211125_110122.jpg","contentUrl":"https:\/\/conversesacatalunya.cat\/wp-content\/uploads\/2021\/11\/20211125_110122.jpg","width":720,"height":1048},{"@type":"BreadcrumbList","@id":"https:\/\/conversesacatalunya.cat\/es\/violencia-contra-la-mujer-saturacion-y-malos-modos-el-ofensivo-anuncio-de-la-generalitat\/#breadcrumb","itemListElement":[{"@type":"ListItem","position":1,"name":"Inici","item":"https:\/\/conversesacatalunya.cat\/es\/"},{"@type":"ListItem","position":2,"name":"Violencia contra la mujer. Saturaci\u00f3n y malos modos. El ofensivo anuncio de la Generalitat"}]},{"@type":"WebSite","@id":"https:\/\/conversesacatalunya.cat\/#website","url":"https:\/\/conversesacatalunya.cat\/","name":"Converses a Catalunya","description":"","potentialAction":[{"@type":"SearchAction","target":{"@type":"EntryPoint","urlTemplate":"https:\/\/conversesacatalunya.cat\/?s={search_term_string}"},"query-input":{"@type":"PropertyValueSpecification","valueRequired":true,"valueName":"search_term_string"}}],"inLanguage":"es"},{"@type":"Person","@id":"https:\/\/conversesacatalunya.cat\/#\/schema\/person\/7e24d1e54a2785373ddcb275eae5ed99","name":"conversesacatalunya","image":{"@type":"ImageObject","inLanguage":"es","@id":"https:\/\/conversesacatalunya.cat\/#\/schema\/person\/image\/","url":"https:\/\/conversesacatalunya.cat\/wp-content\/litespeed\/avatar\/febdfeeec89d950f01c748045a981dd2.jpg?ver=1777314535","contentUrl":"https:\/\/conversesacatalunya.cat\/wp-content\/litespeed\/avatar\/febdfeeec89d950f01c748045a981dd2.jpg?ver=1777314535","caption":"conversesacatalunya"},"url":"https:\/\/conversesacatalunya.cat\/es\/author\/carme_catala\/"}]}},"wps_subtitle":"Existe un exceso en las cifras y un fracaso en las pol\u00edticas en relaci\u00f3n con la violencia contra la mujer, y en lugar de continuar por el mismo camino lo que hace falta es revisar las causas y las pol\u00edticas y definir nuevas v\u00edas que no excluyan como hasta ahora la atenci\u00f3n a otros fen\u00f3menos de violencia tanto o mayores que crecen en nuestra sociedad","_links":{"self":[{"href":"https:\/\/conversesacatalunya.cat\/es\/wp-json\/wp\/v2\/posts\/52590","targetHints":{"allow":["GET"]}}],"collection":[{"href":"https:\/\/conversesacatalunya.cat\/es\/wp-json\/wp\/v2\/posts"}],"about":[{"href":"https:\/\/conversesacatalunya.cat\/es\/wp-json\/wp\/v2\/types\/post"}],"author":[{"embeddable":true,"href":"https:\/\/conversesacatalunya.cat\/es\/wp-json\/wp\/v2\/users\/2"}],"replies":[{"embeddable":true,"href":"https:\/\/conversesacatalunya.cat\/es\/wp-json\/wp\/v2\/comments?post=52590"}],"version-history":[{"count":2,"href":"https:\/\/conversesacatalunya.cat\/es\/wp-json\/wp\/v2\/posts\/52590\/revisions"}],"predecessor-version":[{"id":52593,"href":"https:\/\/conversesacatalunya.cat\/es\/wp-json\/wp\/v2\/posts\/52590\/revisions\/52593"}],"wp:featuredmedia":[{"embeddable":true,"href":"https:\/\/conversesacatalunya.cat\/es\/wp-json\/wp\/v2\/media\/52586"}],"wp:attachment":[{"href":"https:\/\/conversesacatalunya.cat\/es\/wp-json\/wp\/v2\/media?parent=52590"}],"wp:term":[{"taxonomy":"category","embeddable":true,"href":"https:\/\/conversesacatalunya.cat\/es\/wp-json\/wp\/v2\/categories?post=52590"},{"taxonomy":"post_tag","embeddable":true,"href":"https:\/\/conversesacatalunya.cat\/es\/wp-json\/wp\/v2\/tags?post=52590"}],"curies":[{"name":"wp","href":"https:\/\/api.w.org\/{rel}","templated":true}]}}