{"id":52534,"date":"2021-11-25T11:55:48","date_gmt":"2021-11-25T10:55:48","guid":{"rendered":"https:\/\/conversesacatalunya.cat\/erc-i-els-pressupostos-de-lestat\/"},"modified":"2021-11-25T15:06:03","modified_gmt":"2021-11-25T14:06:03","slug":"erc-y-los-presupuestos-del-estado-por-un-plato-de-lentejas","status":"publish","type":"post","link":"https:\/\/conversesacatalunya.cat\/es\/erc-y-los-presupuestos-del-estado-por-un-plato-de-lentejas\/","title":{"rendered":"ERC y los presupuestos del estado, por un plato de lentejas"},"content":{"rendered":"<p><span><span class=\"\">Pese a que ERC es con diferencia, dado sus trece votos en el Congreso, el partido que tiene\u00a0<\/span><\/span><strong><span><span class=\"\">mayor capacidad<\/span><\/span><\/strong><span><span class=\"\">\u00a0de determinar las pol\u00edticas del gobierno, cabe decir que sus negociaciones son pobres en planteamientos y resultados.\u00a0<\/span>Incluso en una negociaci\u00f3n tan decisiva para S\u00e1nchez como la de los\u00a0<\/span><strong><span>presupuestos del estado<\/span><\/strong><span>, el balance es realmente muy pobre.\u00a0Constat\u00e9moslo.<\/span><\/p>\n<p><span>Los principales puntos de cesi\u00f3n han sido estos: por una parte se ha blindado una cuota para el catal\u00e1n en la futura <\/span><strong><span>ley del audiovisual<\/span><\/strong><span> que regular\u00e1 las grandes plataformas digitales. La idea es bastante buena, pero el planteamiento muy triste. Primero porque la cuota establecida sienta un mal precedente. Solo un 6% para el catal\u00e1n. \u00bfDe d\u00f3nde sale esa cifra? ERC deber\u00eda explicarlo, porque como poblaci\u00f3n total, Catalu\u00f1a representa del orden del 16%; si consideramos a los catalanohablantes, nos situamos por encima del 7%. Pero el \u00e1mbito ling\u00fc\u00edstico del catal\u00e1n es mayor y tambi\u00e9n hay que tener presente la poblaci\u00f3n catalanohablante de Baleares y la que habla valenciano, que constituye, que nosotros sepamos y la ciencia lo reconozca, la misma lengua, y eso nos sit\u00faa en torno al\u00a0<\/span><strong><span>11-12%<\/span><\/strong><span>.\u00a0No, no tiene sentido haber aceptado ese cupo que puede representar un l\u00edmite de cara al futuro.<\/span><\/p>\n<p><span>Tambi\u00e9n, porque no era necesario limitarse s\u00f3lo a la ley del audiovisual, sino a otros aspectos del\u00a0<\/span><strong><span>mundo de internet<\/span><\/strong><span>.\u00a0Por ejemplo, cada d\u00eda m\u00e1s importantes son los programas que ya vienen incorporados a los diversos softwares de dictado.\u00a0En castellano y en otras lenguas son gratuitos, el catal\u00e1n no figura.<\/span><\/p>\n<p><span><span class=\"\">Un segundo aspecto pactado es la\u00a0<\/span><\/span><strong><span><span class=\"\">auditor\u00eda en las cuentas de la Seguridad Social<\/span><\/span><\/strong><span><span class=\"\">.\u00a0<\/span>M\u00e1s que una ganancia de ERC parece que sea una concesi\u00f3n del PSOE para poder hervir la olla, porque el gobierno debe disponer de esta auditor\u00eda de cara a Europa y las cuentas de la Seguridad Social.<\/span><\/p>\n<p><span>Bien positivo es en contrapartida la equiparaci\u00f3n de la edad de jubilaci\u00f3n a los 60 a\u00f1os de los Mossos d&#8217;Esquadra y de los Agentes Rurales.<\/span><\/p>\n<p><span>Rid\u00edcula resulta la partida de 8 millones de euros para\u00a0<\/span><strong><span>evitar que se hagan obras de reforma en la comisar\u00eda de la Via Laietana<\/span><\/strong><span>.\u00a0<span class=\"goog-text-highlight\">Parece m\u00e1s bien una pataleta, y adem\u00e1s hay que a\u00f1adir que, por el tipo de obras a realizar, se pueden enmascarar en partidas menores de muchas otras formas.<\/span><\/span><\/p>\n<div class=\"code-block code-block-5\">\n<div class=\"a-single a-17\">\n<p><span><span class=\"\">Y finalmente los 1,6 millones para compensar la\u00a0<\/span><\/span><strong><span><span class=\"\">eliminaci\u00f3n de los peajes<\/span><\/span><\/strong><span><span class=\"\">\u00a0de la AP-7 y AP-2, y 10 millones para\u00a0<\/span><\/span><strong><span><span class=\"\">vivienda social.\u00a0<\/span><\/span><\/strong><span>Son, dig\u00e1moslo claro, calderilla ante la magnitud de las deudas que el gobierno espa\u00f1ol tiene con Catalu\u00f1a.<\/span><\/p>\n<p><span><span class=\"goog-text-highlight\">Una cuesti\u00f3n que podr\u00eda haber sido trascendente, el\u00a0<\/span><\/span><strong><span><span class=\"goog-text-highlight\">traspaso de Renfe<\/span><\/span><\/strong><span><span class=\"goog-text-highlight\">, ha quedado bloqueada y limitada a un acuerdo para \u00abiniciar los tr\u00e1mites\u00bb para el traspaso de las infraestructuras, es decir de ADIF, pero de los servicios de ferrocarriles propiamente dicho.<\/span><\/span><\/p>\n<p><span>Al fin y al cabo, no digamos que ni cinco de caj\u00f3n, pero s\u00ed muy pobre.\u00a0Bien pobres son los resultados que llevan necesariamente al interrogante de \u00bfpara qu\u00e9 sirven los diputados de ERC en Madrid?<\/span><\/p>\n<div id=\"polls-126\" class=\"wp-polls\">\n\t<form id=\"polls_form_126\" class=\"wp-polls-form\" action=\"\/index.php\" method=\"post\">\n\t\t<p style=\"display: none;\"><input type=\"hidden\" id=\"poll_126_nonce\" name=\"wp-polls-nonce\" value=\"2710775d74\" \/><\/p>\n\t\t<p style=\"display: none;\"><input type=\"hidden\" name=\"poll_id\" value=\"126\" \/><\/p>\n\t\t<p style=\"text-align: center\"><strong>Despr\u00e9s que Pere Aragon\u00e8s hagi aprovat els pressupostos de la Generalitat amb els Comuns i contra la voluntat de JuntsxCat i l'oposici\u00f3 de la CUP. El proc\u00e9s cap a la independ\u00e8ncia ha quedat liquidat?<\/strong><\/p><div id=\"polls-126-ans\" class=\"wp-polls-ans\"><ul class=\"wp-polls-ul\">\n\t\t<li><input type=\"radio\" id=\"poll-answer-307\" name=\"poll_126\" value=\"307\" \/> <label for=\"poll-answer-307\">S\u00ed<\/label><\/li>\n\t\t<li><input type=\"radio\" id=\"poll-answer-308\" name=\"poll_126\" value=\"308\" \/> <label for=\"poll-answer-308\">No<\/label><\/li>\n\t\t<li><input type=\"radio\" id=\"poll-answer-309\" name=\"poll_126\" value=\"309\" \/> <label for=\"poll-answer-309\">No ho s\u00e9<\/label><\/li>\n\t\t<\/ul><p style=\"text-align: center\"><input type=\"button\" name=\"vote\" value=\"   Vota   \" class=\"Buttons\" onclick=\"poll_vote(126);\" \/><\/p><p style=\"text-align: center\"><a href=\"#ViewPollResults\" onclick=\"poll_result(126); return false;\" title=\"View Results Of This Poll\">Mira els resultats<\/a><\/p><\/div>\n\t<\/form>\n<\/div>\n<div id=\"polls-126-loading\" class=\"wp-polls-loading\"><img decoding=\"async\" data-src=\"https:\/\/conversesacatalunya.cat\/wp-content\/plugins\/wp-polls\/images\/loading.gif\" width=\"16\" height=\"16\" alt=\"Cargando ...\" title=\"Cargando ...\" class=\"wp-polls-image lazyload\" src=\"data:image\/svg+xml;base64,PHN2ZyB3aWR0aD0iMSIgaGVpZ2h0PSIxIiB4bWxucz0iaHR0cDovL3d3dy53My5vcmcvMjAwMC9zdmciPjwvc3ZnPg==\" style=\"--smush-placeholder-width: 16px; --smush-placeholder-aspect-ratio: 16\/16;\" \/>&nbsp;Cargando ...<\/div>\n\n<\/div>\n<\/div>\n","protected":false},"excerpt":{"rendered":"<p>Pese a que ERC es con diferencia, dado sus trece votos en el Congreso, el partido que tiene\u00a0mayor capacidad\u00a0de determinar las pol\u00edticas del gobierno, cabe decir que sus negociaciones son pobres en planteamientos y resultados.\u00a0Incluso en una negociaci\u00f3n tan decisiva para S\u00e1nchez como la de los\u00a0presupuestos del estado, el balance es realmente muy pobre.\u00a0Constat\u00e9moslo. Los principales puntos de cesi\u00f3n han sido estos: por una parte se ha blindado una cuota para el catal\u00e1n en la futura ley del audiovisual que regular\u00e1 las grandes plataformas digitales. La idea es bastante buena, pero el planteamiento muy triste. Primero porque la cuota establecida sienta un mal precedente. Solo un 6% para el catal\u00e1n. \u00bfDe d\u00f3nde sale esa cifra? ERC deber\u00eda explicarlo, porque como poblaci\u00f3n total, Catalu\u00f1a representa del orden del 16%; si consideramos a los catalanohablantes, nos situamos por encima del 7%. Pero el \u00e1mbito ling\u00fc\u00edstico del catal\u00e1n es mayor y tambi\u00e9n hay que tener presente la poblaci\u00f3n catalanohablante de Baleares y la que habla valenciano, que constituye, que nosotros sepamos y la ciencia lo reconozca, la misma lengua, y eso nos sit\u00faa en torno al\u00a011-12%.\u00a0No, no tiene sentido haber aceptado ese cupo que puede representar un l\u00edmite de cara al futuro. Tambi\u00e9n, porque no era necesario limitarse s\u00f3lo a la ley del audiovisual, sino a otros aspectos del\u00a0mundo de internet.\u00a0Por ejemplo, cada d\u00eda m\u00e1s importantes son los programas que ya vienen incorporados a los diversos softwares de dictado.\u00a0En castellano y en otras lenguas son gratuitos, el catal\u00e1n no figura. Un segundo aspecto pactado es la\u00a0auditor\u00eda en las cuentas de la Seguridad Social.\u00a0M\u00e1s que una ganancia de ERC parece que sea una concesi\u00f3n del PSOE para poder hervir la olla, porque el gobierno debe disponer de esta auditor\u00eda de cara a Europa y las cuentas de la Seguridad Social. Bien positivo es en contrapartida la equiparaci\u00f3n de la edad de jubilaci\u00f3n a los 60 a\u00f1os de los Mossos d&#8217;Esquadra y de los Agentes Rurales. Rid\u00edcula resulta la partida de 8 millones de euros para\u00a0evitar que se hagan obras de reforma en la comisar\u00eda de la Via Laietana.\u00a0Parece m\u00e1s bien una pataleta, y adem\u00e1s hay que a\u00f1adir que, por el tipo de obras a realizar, se pueden enmascarar en partidas menores de muchas otras formas. Y finalmente los 1,6 millones para compensar la\u00a0eliminaci\u00f3n de los peajes\u00a0de la AP-7 y AP-2, y 10 millones para\u00a0vivienda social.\u00a0Son, dig\u00e1moslo claro, calderilla ante la magnitud de las deudas que el gobierno espa\u00f1ol tiene con Catalu\u00f1a. Una cuesti\u00f3n que podr\u00eda haber sido trascendente, el\u00a0traspaso de Renfe, ha quedado bloqueada y limitada a un acuerdo para \u00abiniciar los tr\u00e1mites\u00bb para el traspaso de las infraestructuras, es decir de ADIF, pero de los servicios de ferrocarriles propiamente dicho. Al fin y al cabo, no digamos que ni cinco de caj\u00f3n, pero s\u00ed muy pobre.\u00a0Bien pobres son los resultados que llevan necesariamente al interrogante de \u00bfpara qu\u00e9 sirven los diputados de ERC en Madrid?<\/p>\n","protected":false},"author":2,"featured_media":52511,"comment_status":"open","ping_status":"open","sticky":false,"template":"","format":"standard","meta":{"_FSMCFIC_featured_image_caption":"","_FSMCFIC_featured_image_nocaption":"","_FSMCFIC_featured_image_hide":"","footnotes":""},"categories":[806],"tags":[1108,1808],"class_list":["post-52534","post","type-post","status-publish","format-standard","has-post-thumbnail","hentry","category-punts-claus-del-dia-es","tag-erc-es","tag-presupuestos-generales"],"yoast_head":"<!-- This site is optimized with the Yoast SEO plugin v26.8 - https:\/\/yoast.com\/product\/yoast-seo-wordpress\/ -->\n<title>ERC y los presupuestos del estado, por un plato de lentejas - Converses a Catalunya<\/title>\n<meta name=\"robots\" content=\"index, follow, max-snippet:-1, max-image-preview:large, max-video-preview:-1\" \/>\n<link rel=\"canonical\" href=\"https:\/\/conversesacatalunya.cat\/es\/erc-y-los-presupuestos-del-estado-por-un-plato-de-lentejas\/\" \/>\n<meta property=\"og:locale\" content=\"es_ES\" \/>\n<meta property=\"og:type\" content=\"article\" \/>\n<meta property=\"og:title\" content=\"ERC y los presupuestos del estado, por un plato de lentejas - Converses a Catalunya\" \/>\n<meta property=\"og:description\" content=\"Pese a que ERC es con diferencia, dado sus trece votos en el Congreso, el partido que tiene\u00a0mayor capacidad\u00a0de determinar las pol\u00edticas del gobierno, cabe decir que sus negociaciones son pobres en planteamientos y resultados.\u00a0Incluso en una negociaci\u00f3n tan decisiva para S\u00e1nchez como la de los\u00a0presupuestos del estado, el balance es realmente muy pobre.\u00a0Constat\u00e9moslo. Los principales puntos de cesi\u00f3n han sido estos: por una parte se ha blindado una cuota para el catal\u00e1n en la futura ley del audiovisual que regular\u00e1 las grandes plataformas digitales. La idea es bastante buena, pero el planteamiento muy triste. Primero porque la cuota establecida sienta un mal precedente. Solo un 6% para el catal\u00e1n. \u00bfDe d\u00f3nde sale esa cifra? ERC deber\u00eda explicarlo, porque como poblaci\u00f3n total, Catalu\u00f1a representa del orden del 16%; si consideramos a los catalanohablantes, nos situamos por encima del 7%. Pero el \u00e1mbito ling\u00fc\u00edstico del catal\u00e1n es mayor y tambi\u00e9n hay que tener presente la poblaci\u00f3n catalanohablante de Baleares y la que habla valenciano, que constituye, que nosotros sepamos y la ciencia lo reconozca, la misma lengua, y eso nos sit\u00faa en torno al\u00a011-12%.\u00a0No, no tiene sentido haber aceptado ese cupo que puede representar un l\u00edmite de cara al futuro. Tambi\u00e9n, porque no era necesario limitarse s\u00f3lo a la ley del audiovisual, sino a otros aspectos del\u00a0mundo de internet.\u00a0Por ejemplo, cada d\u00eda m\u00e1s importantes son los programas que ya vienen incorporados a los diversos softwares de dictado.\u00a0En castellano y en otras lenguas son gratuitos, el catal\u00e1n no figura. Un segundo aspecto pactado es la\u00a0auditor\u00eda en las cuentas de la Seguridad Social.\u00a0M\u00e1s que una ganancia de ERC parece que sea una concesi\u00f3n del PSOE para poder hervir la olla, porque el gobierno debe disponer de esta auditor\u00eda de cara a Europa y las cuentas de la Seguridad Social. Bien positivo es en contrapartida la equiparaci\u00f3n de la edad de jubilaci\u00f3n a los 60 a\u00f1os de los Mossos d&#8217;Esquadra y de los Agentes Rurales. Rid\u00edcula resulta la partida de 8 millones de euros para\u00a0evitar que se hagan obras de reforma en la comisar\u00eda de la Via Laietana.\u00a0Parece m\u00e1s bien una pataleta, y adem\u00e1s hay que a\u00f1adir que, por el tipo de obras a realizar, se pueden enmascarar en partidas menores de muchas otras formas. Y finalmente los 1,6 millones para compensar la\u00a0eliminaci\u00f3n de los peajes\u00a0de la AP-7 y AP-2, y 10 millones para\u00a0vivienda social.\u00a0Son, dig\u00e1moslo claro, calderilla ante la magnitud de las deudas que el gobierno espa\u00f1ol tiene con Catalu\u00f1a. Una cuesti\u00f3n que podr\u00eda haber sido trascendente, el\u00a0traspaso de Renfe, ha quedado bloqueada y limitada a un acuerdo para \u00abiniciar los tr\u00e1mites\u00bb para el traspaso de las infraestructuras, es decir de ADIF, pero de los servicios de ferrocarriles propiamente dicho. Al fin y al cabo, no digamos que ni cinco de caj\u00f3n, pero s\u00ed muy pobre.\u00a0Bien pobres son los resultados que llevan necesariamente al interrogante de \u00bfpara qu\u00e9 sirven los diputados de ERC en Madrid?\" \/>\n<meta property=\"og:url\" content=\"https:\/\/conversesacatalunya.cat\/es\/erc-y-los-presupuestos-del-estado-por-un-plato-de-lentejas\/\" \/>\n<meta property=\"og:site_name\" content=\"Converses a Catalunya\" \/>\n<meta property=\"article:published_time\" content=\"2021-11-25T10:55:48+00:00\" \/>\n<meta property=\"article:modified_time\" content=\"2021-11-25T14:06:03+00:00\" \/>\n<meta property=\"og:image\" content=\"https:\/\/conversesacatalunya.cat\/wp-content\/uploads\/2021\/11\/erc.jpg\" \/>\n\t<meta property=\"og:image:width\" content=\"880\" \/>\n\t<meta property=\"og:image:height\" content=\"495\" \/>\n\t<meta property=\"og:image:type\" content=\"image\/jpeg\" \/>\n<meta name=\"author\" content=\"conversesacatalunya\" \/>\n<meta name=\"twitter:card\" content=\"summary_large_image\" \/>\n<meta name=\"twitter:label1\" content=\"Escrito por\" \/>\n\t<meta name=\"twitter:data1\" content=\"conversesacatalunya\" \/>\n\t<meta name=\"twitter:label2\" content=\"Tiempo de lectura\" \/>\n\t<meta name=\"twitter:data2\" content=\"3 minutos\" \/>\n<script type=\"application\/ld+json\" class=\"yoast-schema-graph\">{\"@context\":\"https:\/\/schema.org\",\"@graph\":[{\"@type\":\"Article\",\"@id\":\"https:\/\/conversesacatalunya.cat\/es\/erc-y-los-presupuestos-del-estado-por-un-plato-de-lentejas\/#article\",\"isPartOf\":{\"@id\":\"https:\/\/conversesacatalunya.cat\/es\/erc-y-los-presupuestos-del-estado-por-un-plato-de-lentejas\/\"},\"author\":{\"name\":\"conversesacatalunya\",\"@id\":\"https:\/\/conversesacatalunya.cat\/#\/schema\/person\/7e24d1e54a2785373ddcb275eae5ed99\"},\"headline\":\"ERC y los presupuestos del estado, por un plato de lentejas\",\"datePublished\":\"2021-11-25T10:55:48+00:00\",\"dateModified\":\"2021-11-25T14:06:03+00:00\",\"mainEntityOfPage\":{\"@id\":\"https:\/\/conversesacatalunya.cat\/es\/erc-y-los-presupuestos-del-estado-por-un-plato-de-lentejas\/\"},\"wordCount\":551,\"commentCount\":0,\"image\":{\"@id\":\"https:\/\/conversesacatalunya.cat\/es\/erc-y-los-presupuestos-del-estado-por-un-plato-de-lentejas\/#primaryimage\"},\"thumbnailUrl\":\"https:\/\/conversesacatalunya.cat\/wp-content\/uploads\/2021\/11\/erc.jpg\",\"keywords\":[\"ERC\",\"Presupuestos generales\"],\"articleSection\":[\"Punts clau del dia (ES)\"],\"inLanguage\":\"es\",\"potentialAction\":[{\"@type\":\"CommentAction\",\"name\":\"Comment\",\"target\":[\"https:\/\/conversesacatalunya.cat\/es\/erc-y-los-presupuestos-del-estado-por-un-plato-de-lentejas\/#respond\"]}]},{\"@type\":\"WebPage\",\"@id\":\"https:\/\/conversesacatalunya.cat\/es\/erc-y-los-presupuestos-del-estado-por-un-plato-de-lentejas\/\",\"url\":\"https:\/\/conversesacatalunya.cat\/es\/erc-y-los-presupuestos-del-estado-por-un-plato-de-lentejas\/\",\"name\":\"ERC y los presupuestos del estado, por un plato de lentejas - Converses a Catalunya\",\"isPartOf\":{\"@id\":\"https:\/\/conversesacatalunya.cat\/#website\"},\"primaryImageOfPage\":{\"@id\":\"https:\/\/conversesacatalunya.cat\/es\/erc-y-los-presupuestos-del-estado-por-un-plato-de-lentejas\/#primaryimage\"},\"image\":{\"@id\":\"https:\/\/conversesacatalunya.cat\/es\/erc-y-los-presupuestos-del-estado-por-un-plato-de-lentejas\/#primaryimage\"},\"thumbnailUrl\":\"https:\/\/conversesacatalunya.cat\/wp-content\/uploads\/2021\/11\/erc.jpg\",\"datePublished\":\"2021-11-25T10:55:48+00:00\",\"dateModified\":\"2021-11-25T14:06:03+00:00\",\"author\":{\"@id\":\"https:\/\/conversesacatalunya.cat\/#\/schema\/person\/7e24d1e54a2785373ddcb275eae5ed99\"},\"breadcrumb\":{\"@id\":\"https:\/\/conversesacatalunya.cat\/es\/erc-y-los-presupuestos-del-estado-por-un-plato-de-lentejas\/#breadcrumb\"},\"inLanguage\":\"es\",\"potentialAction\":[{\"@type\":\"ReadAction\",\"target\":[\"https:\/\/conversesacatalunya.cat\/es\/erc-y-los-presupuestos-del-estado-por-un-plato-de-lentejas\/\"]}]},{\"@type\":\"ImageObject\",\"inLanguage\":\"es\",\"@id\":\"https:\/\/conversesacatalunya.cat\/es\/erc-y-los-presupuestos-del-estado-por-un-plato-de-lentejas\/#primaryimage\",\"url\":\"https:\/\/conversesacatalunya.cat\/wp-content\/uploads\/2021\/11\/erc.jpg\",\"contentUrl\":\"https:\/\/conversesacatalunya.cat\/wp-content\/uploads\/2021\/11\/erc.jpg\",\"width\":880,\"height\":495,\"caption\":\"pressupostos de l'estat\"},{\"@type\":\"BreadcrumbList\",\"@id\":\"https:\/\/conversesacatalunya.cat\/es\/erc-y-los-presupuestos-del-estado-por-un-plato-de-lentejas\/#breadcrumb\",\"itemListElement\":[{\"@type\":\"ListItem\",\"position\":1,\"name\":\"Inici\",\"item\":\"https:\/\/conversesacatalunya.cat\/es\/\"},{\"@type\":\"ListItem\",\"position\":2,\"name\":\"ERC y los presupuestos del estado, por un plato de lentejas\"}]},{\"@type\":\"WebSite\",\"@id\":\"https:\/\/conversesacatalunya.cat\/#website\",\"url\":\"https:\/\/conversesacatalunya.cat\/\",\"name\":\"Converses a Catalunya\",\"description\":\"\",\"potentialAction\":[{\"@type\":\"SearchAction\",\"target\":{\"@type\":\"EntryPoint\",\"urlTemplate\":\"https:\/\/conversesacatalunya.cat\/?s={search_term_string}\"},\"query-input\":{\"@type\":\"PropertyValueSpecification\",\"valueRequired\":true,\"valueName\":\"search_term_string\"}}],\"inLanguage\":\"es\"},{\"@type\":\"Person\",\"@id\":\"https:\/\/conversesacatalunya.cat\/#\/schema\/person\/7e24d1e54a2785373ddcb275eae5ed99\",\"name\":\"conversesacatalunya\",\"image\":{\"@type\":\"ImageObject\",\"inLanguage\":\"es\",\"@id\":\"https:\/\/conversesacatalunya.cat\/#\/schema\/person\/image\/\",\"url\":\"https:\/\/conversesacatalunya.cat\/wp-content\/litespeed\/avatar\/febdfeeec89d950f01c748045a981dd2.jpg?ver=1777314535\",\"contentUrl\":\"https:\/\/conversesacatalunya.cat\/wp-content\/litespeed\/avatar\/febdfeeec89d950f01c748045a981dd2.jpg?ver=1777314535\",\"caption\":\"conversesacatalunya\"},\"url\":\"https:\/\/conversesacatalunya.cat\/es\/author\/carme_catala\/\"}]}<\/script>\n<!-- \/ Yoast SEO plugin. -->","yoast_head_json":{"title":"ERC y los presupuestos del estado, por un plato de lentejas - Converses a Catalunya","robots":{"index":"index","follow":"follow","max-snippet":"max-snippet:-1","max-image-preview":"max-image-preview:large","max-video-preview":"max-video-preview:-1"},"canonical":"https:\/\/conversesacatalunya.cat\/es\/erc-y-los-presupuestos-del-estado-por-un-plato-de-lentejas\/","og_locale":"es_ES","og_type":"article","og_title":"ERC y los presupuestos del estado, por un plato de lentejas - Converses a Catalunya","og_description":"Pese a que ERC es con diferencia, dado sus trece votos en el Congreso, el partido que tiene\u00a0mayor capacidad\u00a0de determinar las pol\u00edticas del gobierno, cabe decir que sus negociaciones son pobres en planteamientos y resultados.\u00a0Incluso en una negociaci\u00f3n tan decisiva para S\u00e1nchez como la de los\u00a0presupuestos del estado, el balance es realmente muy pobre.\u00a0Constat\u00e9moslo. Los principales puntos de cesi\u00f3n han sido estos: por una parte se ha blindado una cuota para el catal\u00e1n en la futura ley del audiovisual que regular\u00e1 las grandes plataformas digitales. La idea es bastante buena, pero el planteamiento muy triste. Primero porque la cuota establecida sienta un mal precedente. Solo un 6% para el catal\u00e1n. \u00bfDe d\u00f3nde sale esa cifra? ERC deber\u00eda explicarlo, porque como poblaci\u00f3n total, Catalu\u00f1a representa del orden del 16%; si consideramos a los catalanohablantes, nos situamos por encima del 7%. Pero el \u00e1mbito ling\u00fc\u00edstico del catal\u00e1n es mayor y tambi\u00e9n hay que tener presente la poblaci\u00f3n catalanohablante de Baleares y la que habla valenciano, que constituye, que nosotros sepamos y la ciencia lo reconozca, la misma lengua, y eso nos sit\u00faa en torno al\u00a011-12%.\u00a0No, no tiene sentido haber aceptado ese cupo que puede representar un l\u00edmite de cara al futuro. Tambi\u00e9n, porque no era necesario limitarse s\u00f3lo a la ley del audiovisual, sino a otros aspectos del\u00a0mundo de internet.\u00a0Por ejemplo, cada d\u00eda m\u00e1s importantes son los programas que ya vienen incorporados a los diversos softwares de dictado.\u00a0En castellano y en otras lenguas son gratuitos, el catal\u00e1n no figura. Un segundo aspecto pactado es la\u00a0auditor\u00eda en las cuentas de la Seguridad Social.\u00a0M\u00e1s que una ganancia de ERC parece que sea una concesi\u00f3n del PSOE para poder hervir la olla, porque el gobierno debe disponer de esta auditor\u00eda de cara a Europa y las cuentas de la Seguridad Social. Bien positivo es en contrapartida la equiparaci\u00f3n de la edad de jubilaci\u00f3n a los 60 a\u00f1os de los Mossos d&#8217;Esquadra y de los Agentes Rurales. Rid\u00edcula resulta la partida de 8 millones de euros para\u00a0evitar que se hagan obras de reforma en la comisar\u00eda de la Via Laietana.\u00a0Parece m\u00e1s bien una pataleta, y adem\u00e1s hay que a\u00f1adir que, por el tipo de obras a realizar, se pueden enmascarar en partidas menores de muchas otras formas. Y finalmente los 1,6 millones para compensar la\u00a0eliminaci\u00f3n de los peajes\u00a0de la AP-7 y AP-2, y 10 millones para\u00a0vivienda social.\u00a0Son, dig\u00e1moslo claro, calderilla ante la magnitud de las deudas que el gobierno espa\u00f1ol tiene con Catalu\u00f1a. Una cuesti\u00f3n que podr\u00eda haber sido trascendente, el\u00a0traspaso de Renfe, ha quedado bloqueada y limitada a un acuerdo para \u00abiniciar los tr\u00e1mites\u00bb para el traspaso de las infraestructuras, es decir de ADIF, pero de los servicios de ferrocarriles propiamente dicho. Al fin y al cabo, no digamos que ni cinco de caj\u00f3n, pero s\u00ed muy pobre.\u00a0Bien pobres son los resultados que llevan necesariamente al interrogante de \u00bfpara qu\u00e9 sirven los diputados de ERC en Madrid?","og_url":"https:\/\/conversesacatalunya.cat\/es\/erc-y-los-presupuestos-del-estado-por-un-plato-de-lentejas\/","og_site_name":"Converses a Catalunya","article_published_time":"2021-11-25T10:55:48+00:00","article_modified_time":"2021-11-25T14:06:03+00:00","og_image":[{"width":880,"height":495,"url":"https:\/\/conversesacatalunya.cat\/wp-content\/uploads\/2021\/11\/erc.jpg","type":"image\/jpeg"}],"author":"conversesacatalunya","twitter_card":"summary_large_image","twitter_misc":{"Escrito por":"conversesacatalunya","Tiempo de lectura":"3 minutos"},"schema":{"@context":"https:\/\/schema.org","@graph":[{"@type":"Article","@id":"https:\/\/conversesacatalunya.cat\/es\/erc-y-los-presupuestos-del-estado-por-un-plato-de-lentejas\/#article","isPartOf":{"@id":"https:\/\/conversesacatalunya.cat\/es\/erc-y-los-presupuestos-del-estado-por-un-plato-de-lentejas\/"},"author":{"name":"conversesacatalunya","@id":"https:\/\/conversesacatalunya.cat\/#\/schema\/person\/7e24d1e54a2785373ddcb275eae5ed99"},"headline":"ERC y los presupuestos del estado, por un plato de lentejas","datePublished":"2021-11-25T10:55:48+00:00","dateModified":"2021-11-25T14:06:03+00:00","mainEntityOfPage":{"@id":"https:\/\/conversesacatalunya.cat\/es\/erc-y-los-presupuestos-del-estado-por-un-plato-de-lentejas\/"},"wordCount":551,"commentCount":0,"image":{"@id":"https:\/\/conversesacatalunya.cat\/es\/erc-y-los-presupuestos-del-estado-por-un-plato-de-lentejas\/#primaryimage"},"thumbnailUrl":"https:\/\/conversesacatalunya.cat\/wp-content\/uploads\/2021\/11\/erc.jpg","keywords":["ERC","Presupuestos generales"],"articleSection":["Punts clau del dia (ES)"],"inLanguage":"es","potentialAction":[{"@type":"CommentAction","name":"Comment","target":["https:\/\/conversesacatalunya.cat\/es\/erc-y-los-presupuestos-del-estado-por-un-plato-de-lentejas\/#respond"]}]},{"@type":"WebPage","@id":"https:\/\/conversesacatalunya.cat\/es\/erc-y-los-presupuestos-del-estado-por-un-plato-de-lentejas\/","url":"https:\/\/conversesacatalunya.cat\/es\/erc-y-los-presupuestos-del-estado-por-un-plato-de-lentejas\/","name":"ERC y los presupuestos del estado, por un plato de lentejas - Converses a Catalunya","isPartOf":{"@id":"https:\/\/conversesacatalunya.cat\/#website"},"primaryImageOfPage":{"@id":"https:\/\/conversesacatalunya.cat\/es\/erc-y-los-presupuestos-del-estado-por-un-plato-de-lentejas\/#primaryimage"},"image":{"@id":"https:\/\/conversesacatalunya.cat\/es\/erc-y-los-presupuestos-del-estado-por-un-plato-de-lentejas\/#primaryimage"},"thumbnailUrl":"https:\/\/conversesacatalunya.cat\/wp-content\/uploads\/2021\/11\/erc.jpg","datePublished":"2021-11-25T10:55:48+00:00","dateModified":"2021-11-25T14:06:03+00:00","author":{"@id":"https:\/\/conversesacatalunya.cat\/#\/schema\/person\/7e24d1e54a2785373ddcb275eae5ed99"},"breadcrumb":{"@id":"https:\/\/conversesacatalunya.cat\/es\/erc-y-los-presupuestos-del-estado-por-un-plato-de-lentejas\/#breadcrumb"},"inLanguage":"es","potentialAction":[{"@type":"ReadAction","target":["https:\/\/conversesacatalunya.cat\/es\/erc-y-los-presupuestos-del-estado-por-un-plato-de-lentejas\/"]}]},{"@type":"ImageObject","inLanguage":"es","@id":"https:\/\/conversesacatalunya.cat\/es\/erc-y-los-presupuestos-del-estado-por-un-plato-de-lentejas\/#primaryimage","url":"https:\/\/conversesacatalunya.cat\/wp-content\/uploads\/2021\/11\/erc.jpg","contentUrl":"https:\/\/conversesacatalunya.cat\/wp-content\/uploads\/2021\/11\/erc.jpg","width":880,"height":495,"caption":"pressupostos de l'estat"},{"@type":"BreadcrumbList","@id":"https:\/\/conversesacatalunya.cat\/es\/erc-y-los-presupuestos-del-estado-por-un-plato-de-lentejas\/#breadcrumb","itemListElement":[{"@type":"ListItem","position":1,"name":"Inici","item":"https:\/\/conversesacatalunya.cat\/es\/"},{"@type":"ListItem","position":2,"name":"ERC y los presupuestos del estado, por un plato de lentejas"}]},{"@type":"WebSite","@id":"https:\/\/conversesacatalunya.cat\/#website","url":"https:\/\/conversesacatalunya.cat\/","name":"Converses a Catalunya","description":"","potentialAction":[{"@type":"SearchAction","target":{"@type":"EntryPoint","urlTemplate":"https:\/\/conversesacatalunya.cat\/?s={search_term_string}"},"query-input":{"@type":"PropertyValueSpecification","valueRequired":true,"valueName":"search_term_string"}}],"inLanguage":"es"},{"@type":"Person","@id":"https:\/\/conversesacatalunya.cat\/#\/schema\/person\/7e24d1e54a2785373ddcb275eae5ed99","name":"conversesacatalunya","image":{"@type":"ImageObject","inLanguage":"es","@id":"https:\/\/conversesacatalunya.cat\/#\/schema\/person\/image\/","url":"https:\/\/conversesacatalunya.cat\/wp-content\/litespeed\/avatar\/febdfeeec89d950f01c748045a981dd2.jpg?ver=1777314535","contentUrl":"https:\/\/conversesacatalunya.cat\/wp-content\/litespeed\/avatar\/febdfeeec89d950f01c748045a981dd2.jpg?ver=1777314535","caption":"conversesacatalunya"},"url":"https:\/\/conversesacatalunya.cat\/es\/author\/carme_catala\/"}]}},"wps_subtitle":"\u00bfPara qu\u00e9 sirven los diputados de ERC en Madrid.","_links":{"self":[{"href":"https:\/\/conversesacatalunya.cat\/es\/wp-json\/wp\/v2\/posts\/52534","targetHints":{"allow":["GET"]}}],"collection":[{"href":"https:\/\/conversesacatalunya.cat\/es\/wp-json\/wp\/v2\/posts"}],"about":[{"href":"https:\/\/conversesacatalunya.cat\/es\/wp-json\/wp\/v2\/types\/post"}],"author":[{"embeddable":true,"href":"https:\/\/conversesacatalunya.cat\/es\/wp-json\/wp\/v2\/users\/2"}],"replies":[{"embeddable":true,"href":"https:\/\/conversesacatalunya.cat\/es\/wp-json\/wp\/v2\/comments?post=52534"}],"version-history":[{"count":2,"href":"https:\/\/conversesacatalunya.cat\/es\/wp-json\/wp\/v2\/posts\/52534\/revisions"}],"predecessor-version":[{"id":52536,"href":"https:\/\/conversesacatalunya.cat\/es\/wp-json\/wp\/v2\/posts\/52534\/revisions\/52536"}],"wp:featuredmedia":[{"embeddable":true,"href":"https:\/\/conversesacatalunya.cat\/es\/wp-json\/wp\/v2\/media\/52511"}],"wp:attachment":[{"href":"https:\/\/conversesacatalunya.cat\/es\/wp-json\/wp\/v2\/media?parent=52534"}],"wp:term":[{"taxonomy":"category","embeddable":true,"href":"https:\/\/conversesacatalunya.cat\/es\/wp-json\/wp\/v2\/categories?post=52534"},{"taxonomy":"post_tag","embeddable":true,"href":"https:\/\/conversesacatalunya.cat\/es\/wp-json\/wp\/v2\/tags?post=52534"}],"curies":[{"name":"wp","href":"https:\/\/api.w.org\/{rel}","templated":true}]}}