{"id":52526,"date":"2021-11-25T13:30:44","date_gmt":"2021-11-25T12:30:44","guid":{"rendered":"https:\/\/conversesacatalunya.cat\/adeu-superilles-adeu\/"},"modified":"2021-11-25T14:51:22","modified_gmt":"2021-11-25T13:51:22","slug":"adios-supermanzanas-adios","status":"publish","type":"post","link":"https:\/\/conversesacatalunya.cat\/es\/adios-supermanzanas-adios\/","title":{"rendered":"Adi\u00f3s supermanzanas, adi\u00f3s"},"content":{"rendered":"<p><span><span class=\"\">La supermanzana del Eixample sale por la puerta trasera del Ayuntamiento y sin voluntad de reconocerlo.\u00a0<\/span>Siguen habiendo peque\u00f1as acciones puntuales en este cruce o en aquella calle, pero el proyecto que nos han vendido y que tanta pol\u00e9mica ha llevado\u00a0<\/span><strong><span>ha pasado a la historia<\/span><\/strong><span>.\u00a0\u00bfPor qu\u00e9 esa afirmaci\u00f3n tan rotunda si nadie se ha hecho eco de ello?<\/span><\/p>\n<p><span>Por una raz\u00f3n muy concreta, la\u00a0<\/span><strong><span>supermanzana del Eixample<\/span><\/strong><span> s\u00f3lo es factible, en las condiciones actuales, si la circulaci\u00f3n de veh\u00edculos se reduce en una tercera parte, y eso evidentemente no est\u00e1 en la voluntad de ninguno de los usuarios y s\u00f3lo una prohibici\u00f3n radical permitir\u00eda hacerlo. Pero naturalmente esta acci\u00f3n es terriblemente dificultosa en manos del Ayuntamiento adem\u00e1s de muy perjudicial en t\u00e9rminos econ\u00f3micos. Esto lo saben incluso Ada Colau y los Comuns.<\/span><\/p>\n<p><span>Entonces, \u00bfc\u00f3mo pod\u00eda pensar que estos coches desaparecer\u00edan? Tambi\u00e9n la respuesta est\u00e1 clara, y ya ense\u00f1\u00f3 la pata cuando el Ayuntamiento hace unas semanas retras\u00f3 con fecha indefinida las limitaciones que quer\u00eda imponer a la circulaci\u00f3n de veh\u00edculos con etiqueta amarilla, que son precisamente una tercera parte de quienes actualmente circulan. Ahora ya sabemos desde mediados de noviembre, por qu\u00e9 el Ayuntamiento se cur\u00f3 en salud y dio marcha atr\u00e1s. La raz\u00f3n se debe a que el gobierno espa\u00f1ol ha decidido\u00a0<\/span><strong><span>aparcar sin fecha el cambio de etiquetas <\/span><\/strong><span>que quer\u00eda realizar la Direcci\u00f3n General de Tr\u00e1fico y que habr\u00eda comportado la liquidaci\u00f3n de la etiqueta amarilla o su gran limitaci\u00f3n. Pero las dificultades que est\u00e1 pasado el sector del autom\u00f3vil han hecho que en la \u00faltima reuni\u00f3n de la patronal de los fabricantes (ANFAC) que se celebr\u00f3 en Barcelona en octubre con motivo del Sal\u00f3n del Autom\u00f3vil, Pedro S\u00e1nchez se comprometi\u00f3 a no llevar a cabo ese cambio que a\u00fan dificultar\u00eda m\u00e1s la venta de veh\u00edculos. La idea era modificar las etiquetas para hacer m\u00e1s exigente el sistema. No afectaba s\u00f3lo al distintivo amarillo, tambi\u00e9n a los h\u00edbridos enchufables, que habr\u00edan perdido la etiqueta Cero.<\/span><\/p>\n<p><span><span class=\"\">Por tanto, sin situar a fecha fija la liquidaci\u00f3n de veh\u00edculos con distintivo amarillo y aumentar la penalizaci\u00f3n a los h\u00edbridos enchufables, cualquier perspectiva de\u00a0<\/span><\/span><strong><span><span class=\"\">reducci\u00f3n del veh\u00edculo privado,<\/span><\/span><\/strong><span><span class=\"\">\u00a0v\u00eda norma general del estado, es inviable. Y no s\u00f3lo eso, la\u00a0<\/span><\/span><strong><span><span class=\"\">crisis del sector del autom\u00f3vil<\/span><\/span><\/strong><span><span class=\"\"> es tan importante y al mismo tiempo esta actividad es tan decisiva para Espa\u00f1a, y en particular para Catalu\u00f1a, que el futuro a corto plazo m\u00e1s bien lleva a incentivar la compra de veh\u00edculos, y esto es contrario a una pol\u00edtica en una gran ciudad como Barcelona que lo que quiere hacer es sacarlos de la circulaci\u00f3n.<\/span><\/span><\/p>\n<p><span>Recordemos, como\u00a0<\/span><a href=\"https:\/\/conversesacatalunya.cat\/es\/y-si-cerrara-seat\/\"><span>se\u00f1alaba Converses<\/span><\/a><span>\u00a0que si las cosas van baldadas, la continuidad de Seat no est\u00e1 ni mucho menos garantizada y \u00e9ste ser\u00eda un golpe demoledor para nuestra econom\u00eda, porque su sustituto, el Cupra, pese a ser cualitativamente m\u00e1s valioso, tendr\u00e1 siempre una producci\u00f3n mucho menor.\u00a0<span class=\"\">Y si a este hecho se le une la progresiva expansi\u00f3n del coche el\u00e9ctrico, que necesita menos mano de obra, la posibilidad de un escenario muy desfavorable salta a la vista. <\/span>Por tanto, Colau, que ya tiene una mala papeleta electoral, se guardar\u00e1 mucho de impulsar la supermanzana.<\/span><\/p>\n<div id=\"polls-126\" class=\"wp-polls\">\n\t<form id=\"polls_form_126\" class=\"wp-polls-form\" action=\"\/index.php\" method=\"post\">\n\t\t<p style=\"display: none;\"><input type=\"hidden\" id=\"poll_126_nonce\" name=\"wp-polls-nonce\" value=\"2710775d74\" \/><\/p>\n\t\t<p style=\"display: none;\"><input type=\"hidden\" name=\"poll_id\" value=\"126\" \/><\/p>\n\t\t<p style=\"text-align: center\"><strong>Despr\u00e9s que Pere Aragon\u00e8s hagi aprovat els pressupostos de la Generalitat amb els Comuns i contra la voluntat de JuntsxCat i l'oposici\u00f3 de la CUP. El proc\u00e9s cap a la independ\u00e8ncia ha quedat liquidat?<\/strong><\/p><div id=\"polls-126-ans\" class=\"wp-polls-ans\"><ul class=\"wp-polls-ul\">\n\t\t<li><input type=\"radio\" id=\"poll-answer-307\" name=\"poll_126\" value=\"307\" \/> <label for=\"poll-answer-307\">S\u00ed<\/label><\/li>\n\t\t<li><input type=\"radio\" id=\"poll-answer-308\" name=\"poll_126\" value=\"308\" \/> <label for=\"poll-answer-308\">No<\/label><\/li>\n\t\t<li><input type=\"radio\" id=\"poll-answer-309\" name=\"poll_126\" value=\"309\" \/> <label for=\"poll-answer-309\">No ho s\u00e9<\/label><\/li>\n\t\t<\/ul><p style=\"text-align: center\"><input type=\"button\" name=\"vote\" value=\"   Vota   \" class=\"Buttons\" onclick=\"poll_vote(126);\" \/><\/p><p style=\"text-align: center\"><a href=\"#ViewPollResults\" onclick=\"poll_result(126); return false;\" title=\"View Results Of This Poll\">Mira els resultats<\/a><\/p><\/div>\n\t<\/form>\n<\/div>\n<div id=\"polls-126-loading\" class=\"wp-polls-loading\"><img decoding=\"async\" data-src=\"https:\/\/conversesacatalunya.cat\/wp-content\/plugins\/wp-polls\/images\/loading.gif\" width=\"16\" height=\"16\" alt=\"Cargando ...\" title=\"Cargando ...\" class=\"wp-polls-image lazyload\" src=\"data:image\/svg+xml;base64,PHN2ZyB3aWR0aD0iMSIgaGVpZ2h0PSIxIiB4bWxucz0iaHR0cDovL3d3dy53My5vcmcvMjAwMC9zdmciPjwvc3ZnPg==\" style=\"--smush-placeholder-width: 16px; --smush-placeholder-aspect-ratio: 16\/16;\" \/>&nbsp;Cargando ...<\/div>\n\n","protected":false},"excerpt":{"rendered":"<p>La supermanzana del Eixample sale por la puerta trasera del Ayuntamiento y sin voluntad de reconocerlo.\u00a0Siguen habiendo peque\u00f1as acciones puntuales en este cruce o en aquella calle, pero el proyecto que nos han vendido y que tanta pol\u00e9mica ha llevado\u00a0ha pasado a la historia.\u00a0\u00bfPor qu\u00e9 esa afirmaci\u00f3n tan rotunda si nadie se ha hecho eco de ello? Por una raz\u00f3n muy concreta, la\u00a0supermanzana del Eixample s\u00f3lo es factible, en las condiciones actuales, si la circulaci\u00f3n de veh\u00edculos se reduce en una tercera parte, y eso evidentemente no est\u00e1 en la voluntad de ninguno de los usuarios y s\u00f3lo una prohibici\u00f3n radical permitir\u00eda hacerlo. Pero naturalmente esta acci\u00f3n es terriblemente dificultosa en manos del Ayuntamiento adem\u00e1s de muy perjudicial en t\u00e9rminos econ\u00f3micos. Esto lo saben incluso Ada Colau y los Comuns. Entonces, \u00bfc\u00f3mo pod\u00eda pensar que estos coches desaparecer\u00edan? Tambi\u00e9n la respuesta est\u00e1 clara, y ya ense\u00f1\u00f3 la pata cuando el Ayuntamiento hace unas semanas retras\u00f3 con fecha indefinida las limitaciones que quer\u00eda imponer a la circulaci\u00f3n de veh\u00edculos con etiqueta amarilla, que son precisamente una tercera parte de quienes actualmente circulan. Ahora ya sabemos desde mediados de noviembre, por qu\u00e9 el Ayuntamiento se cur\u00f3 en salud y dio marcha atr\u00e1s. La raz\u00f3n se debe a que el gobierno espa\u00f1ol ha decidido\u00a0aparcar sin fecha el cambio de etiquetas que quer\u00eda realizar la Direcci\u00f3n General de Tr\u00e1fico y que habr\u00eda comportado la liquidaci\u00f3n de la etiqueta amarilla o su gran limitaci\u00f3n. Pero las dificultades que est\u00e1 pasado el sector del autom\u00f3vil han hecho que en la \u00faltima reuni\u00f3n de la patronal de los fabricantes (ANFAC) que se celebr\u00f3 en Barcelona en octubre con motivo del Sal\u00f3n del Autom\u00f3vil, Pedro S\u00e1nchez se comprometi\u00f3 a no llevar a cabo ese cambio que a\u00fan dificultar\u00eda m\u00e1s la venta de veh\u00edculos. La idea era modificar las etiquetas para hacer m\u00e1s exigente el sistema. No afectaba s\u00f3lo al distintivo amarillo, tambi\u00e9n a los h\u00edbridos enchufables, que habr\u00edan perdido la etiqueta Cero. Por tanto, sin situar a fecha fija la liquidaci\u00f3n de veh\u00edculos con distintivo amarillo y aumentar la penalizaci\u00f3n a los h\u00edbridos enchufables, cualquier perspectiva de\u00a0reducci\u00f3n del veh\u00edculo privado,\u00a0v\u00eda norma general del estado, es inviable. Y no s\u00f3lo eso, la\u00a0crisis del sector del autom\u00f3vil es tan importante y al mismo tiempo esta actividad es tan decisiva para Espa\u00f1a, y en particular para Catalu\u00f1a, que el futuro a corto plazo m\u00e1s bien lleva a incentivar la compra de veh\u00edculos, y esto es contrario a una pol\u00edtica en una gran ciudad como Barcelona que lo que quiere hacer es sacarlos de la circulaci\u00f3n. Recordemos, como\u00a0se\u00f1alaba Converses\u00a0que si las cosas van baldadas, la continuidad de Seat no est\u00e1 ni mucho menos garantizada y \u00e9ste ser\u00eda un golpe demoledor para nuestra econom\u00eda, porque su sustituto, el Cupra, pese a ser cualitativamente m\u00e1s valioso, tendr\u00e1 siempre una producci\u00f3n mucho menor.\u00a0Y si a este hecho se le une la progresiva expansi\u00f3n del coche el\u00e9ctrico, que necesita menos mano de obra, la posibilidad de un escenario muy desfavorable salta a la vista. Por tanto, Colau, que ya tiene una mala papeleta electoral, se guardar\u00e1 mucho de impulsar la supermanzana.<\/p>\n","protected":false},"author":2,"featured_media":52523,"comment_status":"open","ping_status":"open","sticky":false,"template":"","format":"standard","meta":{"_FSMCFIC_featured_image_caption":"","_FSMCFIC_featured_image_nocaption":"","_FSMCFIC_featured_image_hide":"","footnotes":""},"categories":[3787,806],"tags":[1070,1349,4217,1069],"class_list":["post-52526","post","type-post","status-publish","format-standard","has-post-thumbnail","hentry","category-expedient-barcelona-es","category-punts-claus-del-dia-es","tag-automovil","tag-seat-es","tag-supermanzanas","tag-zbe-es"],"yoast_head":"<!-- This site is optimized with the Yoast SEO plugin v26.8 - https:\/\/yoast.com\/product\/yoast-seo-wordpress\/ -->\n<title>Adi\u00f3s supermanzanas, adi\u00f3s - Converses a Catalunya<\/title>\n<meta name=\"robots\" content=\"index, follow, max-snippet:-1, max-image-preview:large, max-video-preview:-1\" \/>\n<link rel=\"canonical\" href=\"https:\/\/conversesacatalunya.cat\/es\/adios-supermanzanas-adios\/\" \/>\n<meta property=\"og:locale\" content=\"es_ES\" \/>\n<meta property=\"og:type\" content=\"article\" \/>\n<meta property=\"og:title\" content=\"Adi\u00f3s supermanzanas, adi\u00f3s - Converses a Catalunya\" \/>\n<meta property=\"og:description\" content=\"La supermanzana del Eixample sale por la puerta trasera del Ayuntamiento y sin voluntad de reconocerlo.\u00a0Siguen habiendo peque\u00f1as acciones puntuales en este cruce o en aquella calle, pero el proyecto que nos han vendido y que tanta pol\u00e9mica ha llevado\u00a0ha pasado a la historia.\u00a0\u00bfPor qu\u00e9 esa afirmaci\u00f3n tan rotunda si nadie se ha hecho eco de ello? Por una raz\u00f3n muy concreta, la\u00a0supermanzana del Eixample s\u00f3lo es factible, en las condiciones actuales, si la circulaci\u00f3n de veh\u00edculos se reduce en una tercera parte, y eso evidentemente no est\u00e1 en la voluntad de ninguno de los usuarios y s\u00f3lo una prohibici\u00f3n radical permitir\u00eda hacerlo. Pero naturalmente esta acci\u00f3n es terriblemente dificultosa en manos del Ayuntamiento adem\u00e1s de muy perjudicial en t\u00e9rminos econ\u00f3micos. Esto lo saben incluso Ada Colau y los Comuns. Entonces, \u00bfc\u00f3mo pod\u00eda pensar que estos coches desaparecer\u00edan? Tambi\u00e9n la respuesta est\u00e1 clara, y ya ense\u00f1\u00f3 la pata cuando el Ayuntamiento hace unas semanas retras\u00f3 con fecha indefinida las limitaciones que quer\u00eda imponer a la circulaci\u00f3n de veh\u00edculos con etiqueta amarilla, que son precisamente una tercera parte de quienes actualmente circulan. Ahora ya sabemos desde mediados de noviembre, por qu\u00e9 el Ayuntamiento se cur\u00f3 en salud y dio marcha atr\u00e1s. La raz\u00f3n se debe a que el gobierno espa\u00f1ol ha decidido\u00a0aparcar sin fecha el cambio de etiquetas que quer\u00eda realizar la Direcci\u00f3n General de Tr\u00e1fico y que habr\u00eda comportado la liquidaci\u00f3n de la etiqueta amarilla o su gran limitaci\u00f3n. Pero las dificultades que est\u00e1 pasado el sector del autom\u00f3vil han hecho que en la \u00faltima reuni\u00f3n de la patronal de los fabricantes (ANFAC) que se celebr\u00f3 en Barcelona en octubre con motivo del Sal\u00f3n del Autom\u00f3vil, Pedro S\u00e1nchez se comprometi\u00f3 a no llevar a cabo ese cambio que a\u00fan dificultar\u00eda m\u00e1s la venta de veh\u00edculos. La idea era modificar las etiquetas para hacer m\u00e1s exigente el sistema. No afectaba s\u00f3lo al distintivo amarillo, tambi\u00e9n a los h\u00edbridos enchufables, que habr\u00edan perdido la etiqueta Cero. Por tanto, sin situar a fecha fija la liquidaci\u00f3n de veh\u00edculos con distintivo amarillo y aumentar la penalizaci\u00f3n a los h\u00edbridos enchufables, cualquier perspectiva de\u00a0reducci\u00f3n del veh\u00edculo privado,\u00a0v\u00eda norma general del estado, es inviable. Y no s\u00f3lo eso, la\u00a0crisis del sector del autom\u00f3vil es tan importante y al mismo tiempo esta actividad es tan decisiva para Espa\u00f1a, y en particular para Catalu\u00f1a, que el futuro a corto plazo m\u00e1s bien lleva a incentivar la compra de veh\u00edculos, y esto es contrario a una pol\u00edtica en una gran ciudad como Barcelona que lo que quiere hacer es sacarlos de la circulaci\u00f3n. Recordemos, como\u00a0se\u00f1alaba Converses\u00a0que si las cosas van baldadas, la continuidad de Seat no est\u00e1 ni mucho menos garantizada y \u00e9ste ser\u00eda un golpe demoledor para nuestra econom\u00eda, porque su sustituto, el Cupra, pese a ser cualitativamente m\u00e1s valioso, tendr\u00e1 siempre una producci\u00f3n mucho menor.\u00a0Y si a este hecho se le une la progresiva expansi\u00f3n del coche el\u00e9ctrico, que necesita menos mano de obra, la posibilidad de un escenario muy desfavorable salta a la vista. Por tanto, Colau, que ya tiene una mala papeleta electoral, se guardar\u00e1 mucho de impulsar la supermanzana.\" \/>\n<meta property=\"og:url\" content=\"https:\/\/conversesacatalunya.cat\/es\/adios-supermanzanas-adios\/\" \/>\n<meta property=\"og:site_name\" content=\"Converses a Catalunya\" \/>\n<meta property=\"article:published_time\" content=\"2021-11-25T12:30:44+00:00\" \/>\n<meta property=\"article:modified_time\" content=\"2021-11-25T13:51:22+00:00\" \/>\n<meta property=\"og:image\" content=\"https:\/\/conversesacatalunya.cat\/wp-content\/uploads\/2021\/11\/superilles.jpg\" \/>\n\t<meta property=\"og:image:width\" content=\"1200\" \/>\n\t<meta property=\"og:image:height\" content=\"675\" \/>\n\t<meta property=\"og:image:type\" content=\"image\/jpeg\" \/>\n<meta name=\"author\" content=\"conversesacatalunya\" \/>\n<meta name=\"twitter:card\" content=\"summary_large_image\" \/>\n<meta name=\"twitter:label1\" content=\"Escrito por\" \/>\n\t<meta name=\"twitter:data1\" content=\"conversesacatalunya\" \/>\n\t<meta name=\"twitter:label2\" content=\"Tiempo de lectura\" \/>\n\t<meta name=\"twitter:data2\" content=\"3 minutos\" \/>\n<script type=\"application\/ld+json\" class=\"yoast-schema-graph\">{\"@context\":\"https:\/\/schema.org\",\"@graph\":[{\"@type\":\"Article\",\"@id\":\"https:\/\/conversesacatalunya.cat\/es\/adios-supermanzanas-adios\/#article\",\"isPartOf\":{\"@id\":\"https:\/\/conversesacatalunya.cat\/es\/adios-supermanzanas-adios\/\"},\"author\":{\"name\":\"conversesacatalunya\",\"@id\":\"https:\/\/conversesacatalunya.cat\/#\/schema\/person\/7e24d1e54a2785373ddcb275eae5ed99\"},\"headline\":\"Adi\u00f3s supermanzanas, adi\u00f3s\",\"datePublished\":\"2021-11-25T12:30:44+00:00\",\"dateModified\":\"2021-11-25T13:51:22+00:00\",\"mainEntityOfPage\":{\"@id\":\"https:\/\/conversesacatalunya.cat\/es\/adios-supermanzanas-adios\/\"},\"wordCount\":599,\"commentCount\":0,\"image\":{\"@id\":\"https:\/\/conversesacatalunya.cat\/es\/adios-supermanzanas-adios\/#primaryimage\"},\"thumbnailUrl\":\"https:\/\/conversesacatalunya.cat\/wp-content\/uploads\/2021\/11\/superilles.jpg\",\"keywords\":[\"autom\u00f3vil\",\"Seat\",\"supermanzanas\",\"ZBE\"],\"articleSection\":[\"Expedient Barcelona (ES)\",\"Punts clau del dia (ES)\"],\"inLanguage\":\"es\",\"potentialAction\":[{\"@type\":\"CommentAction\",\"name\":\"Comment\",\"target\":[\"https:\/\/conversesacatalunya.cat\/es\/adios-supermanzanas-adios\/#respond\"]}]},{\"@type\":\"WebPage\",\"@id\":\"https:\/\/conversesacatalunya.cat\/es\/adios-supermanzanas-adios\/\",\"url\":\"https:\/\/conversesacatalunya.cat\/es\/adios-supermanzanas-adios\/\",\"name\":\"Adi\u00f3s supermanzanas, adi\u00f3s - Converses a Catalunya\",\"isPartOf\":{\"@id\":\"https:\/\/conversesacatalunya.cat\/#website\"},\"primaryImageOfPage\":{\"@id\":\"https:\/\/conversesacatalunya.cat\/es\/adios-supermanzanas-adios\/#primaryimage\"},\"image\":{\"@id\":\"https:\/\/conversesacatalunya.cat\/es\/adios-supermanzanas-adios\/#primaryimage\"},\"thumbnailUrl\":\"https:\/\/conversesacatalunya.cat\/wp-content\/uploads\/2021\/11\/superilles.jpg\",\"datePublished\":\"2021-11-25T12:30:44+00:00\",\"dateModified\":\"2021-11-25T13:51:22+00:00\",\"author\":{\"@id\":\"https:\/\/conversesacatalunya.cat\/#\/schema\/person\/7e24d1e54a2785373ddcb275eae5ed99\"},\"breadcrumb\":{\"@id\":\"https:\/\/conversesacatalunya.cat\/es\/adios-supermanzanas-adios\/#breadcrumb\"},\"inLanguage\":\"es\",\"potentialAction\":[{\"@type\":\"ReadAction\",\"target\":[\"https:\/\/conversesacatalunya.cat\/es\/adios-supermanzanas-adios\/\"]}]},{\"@type\":\"ImageObject\",\"inLanguage\":\"es\",\"@id\":\"https:\/\/conversesacatalunya.cat\/es\/adios-supermanzanas-adios\/#primaryimage\",\"url\":\"https:\/\/conversesacatalunya.cat\/wp-content\/uploads\/2021\/11\/superilles.jpg\",\"contentUrl\":\"https:\/\/conversesacatalunya.cat\/wp-content\/uploads\/2021\/11\/superilles.jpg\",\"width\":1200,\"height\":675,\"caption\":\"SUPERILLES\"},{\"@type\":\"BreadcrumbList\",\"@id\":\"https:\/\/conversesacatalunya.cat\/es\/adios-supermanzanas-adios\/#breadcrumb\",\"itemListElement\":[{\"@type\":\"ListItem\",\"position\":1,\"name\":\"Inici\",\"item\":\"https:\/\/conversesacatalunya.cat\/es\/\"},{\"@type\":\"ListItem\",\"position\":2,\"name\":\"Adi\u00f3s supermanzanas, adi\u00f3s\"}]},{\"@type\":\"WebSite\",\"@id\":\"https:\/\/conversesacatalunya.cat\/#website\",\"url\":\"https:\/\/conversesacatalunya.cat\/\",\"name\":\"Converses a Catalunya\",\"description\":\"\",\"potentialAction\":[{\"@type\":\"SearchAction\",\"target\":{\"@type\":\"EntryPoint\",\"urlTemplate\":\"https:\/\/conversesacatalunya.cat\/?s={search_term_string}\"},\"query-input\":{\"@type\":\"PropertyValueSpecification\",\"valueRequired\":true,\"valueName\":\"search_term_string\"}}],\"inLanguage\":\"es\"},{\"@type\":\"Person\",\"@id\":\"https:\/\/conversesacatalunya.cat\/#\/schema\/person\/7e24d1e54a2785373ddcb275eae5ed99\",\"name\":\"conversesacatalunya\",\"image\":{\"@type\":\"ImageObject\",\"inLanguage\":\"es\",\"@id\":\"https:\/\/conversesacatalunya.cat\/#\/schema\/person\/image\/\",\"url\":\"https:\/\/conversesacatalunya.cat\/wp-content\/litespeed\/avatar\/febdfeeec89d950f01c748045a981dd2.jpg?ver=1777314535\",\"contentUrl\":\"https:\/\/conversesacatalunya.cat\/wp-content\/litespeed\/avatar\/febdfeeec89d950f01c748045a981dd2.jpg?ver=1777314535\",\"caption\":\"conversesacatalunya\"},\"url\":\"https:\/\/conversesacatalunya.cat\/es\/author\/carme_catala\/\"}]}<\/script>\n<!-- \/ Yoast SEO plugin. -->","yoast_head_json":{"title":"Adi\u00f3s supermanzanas, adi\u00f3s - Converses a Catalunya","robots":{"index":"index","follow":"follow","max-snippet":"max-snippet:-1","max-image-preview":"max-image-preview:large","max-video-preview":"max-video-preview:-1"},"canonical":"https:\/\/conversesacatalunya.cat\/es\/adios-supermanzanas-adios\/","og_locale":"es_ES","og_type":"article","og_title":"Adi\u00f3s supermanzanas, adi\u00f3s - Converses a Catalunya","og_description":"La supermanzana del Eixample sale por la puerta trasera del Ayuntamiento y sin voluntad de reconocerlo.\u00a0Siguen habiendo peque\u00f1as acciones puntuales en este cruce o en aquella calle, pero el proyecto que nos han vendido y que tanta pol\u00e9mica ha llevado\u00a0ha pasado a la historia.\u00a0\u00bfPor qu\u00e9 esa afirmaci\u00f3n tan rotunda si nadie se ha hecho eco de ello? Por una raz\u00f3n muy concreta, la\u00a0supermanzana del Eixample s\u00f3lo es factible, en las condiciones actuales, si la circulaci\u00f3n de veh\u00edculos se reduce en una tercera parte, y eso evidentemente no est\u00e1 en la voluntad de ninguno de los usuarios y s\u00f3lo una prohibici\u00f3n radical permitir\u00eda hacerlo. Pero naturalmente esta acci\u00f3n es terriblemente dificultosa en manos del Ayuntamiento adem\u00e1s de muy perjudicial en t\u00e9rminos econ\u00f3micos. Esto lo saben incluso Ada Colau y los Comuns. Entonces, \u00bfc\u00f3mo pod\u00eda pensar que estos coches desaparecer\u00edan? Tambi\u00e9n la respuesta est\u00e1 clara, y ya ense\u00f1\u00f3 la pata cuando el Ayuntamiento hace unas semanas retras\u00f3 con fecha indefinida las limitaciones que quer\u00eda imponer a la circulaci\u00f3n de veh\u00edculos con etiqueta amarilla, que son precisamente una tercera parte de quienes actualmente circulan. Ahora ya sabemos desde mediados de noviembre, por qu\u00e9 el Ayuntamiento se cur\u00f3 en salud y dio marcha atr\u00e1s. La raz\u00f3n se debe a que el gobierno espa\u00f1ol ha decidido\u00a0aparcar sin fecha el cambio de etiquetas que quer\u00eda realizar la Direcci\u00f3n General de Tr\u00e1fico y que habr\u00eda comportado la liquidaci\u00f3n de la etiqueta amarilla o su gran limitaci\u00f3n. Pero las dificultades que est\u00e1 pasado el sector del autom\u00f3vil han hecho que en la \u00faltima reuni\u00f3n de la patronal de los fabricantes (ANFAC) que se celebr\u00f3 en Barcelona en octubre con motivo del Sal\u00f3n del Autom\u00f3vil, Pedro S\u00e1nchez se comprometi\u00f3 a no llevar a cabo ese cambio que a\u00fan dificultar\u00eda m\u00e1s la venta de veh\u00edculos. La idea era modificar las etiquetas para hacer m\u00e1s exigente el sistema. No afectaba s\u00f3lo al distintivo amarillo, tambi\u00e9n a los h\u00edbridos enchufables, que habr\u00edan perdido la etiqueta Cero. Por tanto, sin situar a fecha fija la liquidaci\u00f3n de veh\u00edculos con distintivo amarillo y aumentar la penalizaci\u00f3n a los h\u00edbridos enchufables, cualquier perspectiva de\u00a0reducci\u00f3n del veh\u00edculo privado,\u00a0v\u00eda norma general del estado, es inviable. Y no s\u00f3lo eso, la\u00a0crisis del sector del autom\u00f3vil es tan importante y al mismo tiempo esta actividad es tan decisiva para Espa\u00f1a, y en particular para Catalu\u00f1a, que el futuro a corto plazo m\u00e1s bien lleva a incentivar la compra de veh\u00edculos, y esto es contrario a una pol\u00edtica en una gran ciudad como Barcelona que lo que quiere hacer es sacarlos de la circulaci\u00f3n. Recordemos, como\u00a0se\u00f1alaba Converses\u00a0que si las cosas van baldadas, la continuidad de Seat no est\u00e1 ni mucho menos garantizada y \u00e9ste ser\u00eda un golpe demoledor para nuestra econom\u00eda, porque su sustituto, el Cupra, pese a ser cualitativamente m\u00e1s valioso, tendr\u00e1 siempre una producci\u00f3n mucho menor.\u00a0Y si a este hecho se le une la progresiva expansi\u00f3n del coche el\u00e9ctrico, que necesita menos mano de obra, la posibilidad de un escenario muy desfavorable salta a la vista. Por tanto, Colau, que ya tiene una mala papeleta electoral, se guardar\u00e1 mucho de impulsar la supermanzana.","og_url":"https:\/\/conversesacatalunya.cat\/es\/adios-supermanzanas-adios\/","og_site_name":"Converses a Catalunya","article_published_time":"2021-11-25T12:30:44+00:00","article_modified_time":"2021-11-25T13:51:22+00:00","og_image":[{"width":1200,"height":675,"url":"https:\/\/conversesacatalunya.cat\/wp-content\/uploads\/2021\/11\/superilles.jpg","type":"image\/jpeg"}],"author":"conversesacatalunya","twitter_card":"summary_large_image","twitter_misc":{"Escrito por":"conversesacatalunya","Tiempo de lectura":"3 minutos"},"schema":{"@context":"https:\/\/schema.org","@graph":[{"@type":"Article","@id":"https:\/\/conversesacatalunya.cat\/es\/adios-supermanzanas-adios\/#article","isPartOf":{"@id":"https:\/\/conversesacatalunya.cat\/es\/adios-supermanzanas-adios\/"},"author":{"name":"conversesacatalunya","@id":"https:\/\/conversesacatalunya.cat\/#\/schema\/person\/7e24d1e54a2785373ddcb275eae5ed99"},"headline":"Adi\u00f3s supermanzanas, adi\u00f3s","datePublished":"2021-11-25T12:30:44+00:00","dateModified":"2021-11-25T13:51:22+00:00","mainEntityOfPage":{"@id":"https:\/\/conversesacatalunya.cat\/es\/adios-supermanzanas-adios\/"},"wordCount":599,"commentCount":0,"image":{"@id":"https:\/\/conversesacatalunya.cat\/es\/adios-supermanzanas-adios\/#primaryimage"},"thumbnailUrl":"https:\/\/conversesacatalunya.cat\/wp-content\/uploads\/2021\/11\/superilles.jpg","keywords":["autom\u00f3vil","Seat","supermanzanas","ZBE"],"articleSection":["Expedient Barcelona (ES)","Punts clau del dia (ES)"],"inLanguage":"es","potentialAction":[{"@type":"CommentAction","name":"Comment","target":["https:\/\/conversesacatalunya.cat\/es\/adios-supermanzanas-adios\/#respond"]}]},{"@type":"WebPage","@id":"https:\/\/conversesacatalunya.cat\/es\/adios-supermanzanas-adios\/","url":"https:\/\/conversesacatalunya.cat\/es\/adios-supermanzanas-adios\/","name":"Adi\u00f3s supermanzanas, adi\u00f3s - Converses a Catalunya","isPartOf":{"@id":"https:\/\/conversesacatalunya.cat\/#website"},"primaryImageOfPage":{"@id":"https:\/\/conversesacatalunya.cat\/es\/adios-supermanzanas-adios\/#primaryimage"},"image":{"@id":"https:\/\/conversesacatalunya.cat\/es\/adios-supermanzanas-adios\/#primaryimage"},"thumbnailUrl":"https:\/\/conversesacatalunya.cat\/wp-content\/uploads\/2021\/11\/superilles.jpg","datePublished":"2021-11-25T12:30:44+00:00","dateModified":"2021-11-25T13:51:22+00:00","author":{"@id":"https:\/\/conversesacatalunya.cat\/#\/schema\/person\/7e24d1e54a2785373ddcb275eae5ed99"},"breadcrumb":{"@id":"https:\/\/conversesacatalunya.cat\/es\/adios-supermanzanas-adios\/#breadcrumb"},"inLanguage":"es","potentialAction":[{"@type":"ReadAction","target":["https:\/\/conversesacatalunya.cat\/es\/adios-supermanzanas-adios\/"]}]},{"@type":"ImageObject","inLanguage":"es","@id":"https:\/\/conversesacatalunya.cat\/es\/adios-supermanzanas-adios\/#primaryimage","url":"https:\/\/conversesacatalunya.cat\/wp-content\/uploads\/2021\/11\/superilles.jpg","contentUrl":"https:\/\/conversesacatalunya.cat\/wp-content\/uploads\/2021\/11\/superilles.jpg","width":1200,"height":675,"caption":"SUPERILLES"},{"@type":"BreadcrumbList","@id":"https:\/\/conversesacatalunya.cat\/es\/adios-supermanzanas-adios\/#breadcrumb","itemListElement":[{"@type":"ListItem","position":1,"name":"Inici","item":"https:\/\/conversesacatalunya.cat\/es\/"},{"@type":"ListItem","position":2,"name":"Adi\u00f3s supermanzanas, adi\u00f3s"}]},{"@type":"WebSite","@id":"https:\/\/conversesacatalunya.cat\/#website","url":"https:\/\/conversesacatalunya.cat\/","name":"Converses a Catalunya","description":"","potentialAction":[{"@type":"SearchAction","target":{"@type":"EntryPoint","urlTemplate":"https:\/\/conversesacatalunya.cat\/?s={search_term_string}"},"query-input":{"@type":"PropertyValueSpecification","valueRequired":true,"valueName":"search_term_string"}}],"inLanguage":"es"},{"@type":"Person","@id":"https:\/\/conversesacatalunya.cat\/#\/schema\/person\/7e24d1e54a2785373ddcb275eae5ed99","name":"conversesacatalunya","image":{"@type":"ImageObject","inLanguage":"es","@id":"https:\/\/conversesacatalunya.cat\/#\/schema\/person\/image\/","url":"https:\/\/conversesacatalunya.cat\/wp-content\/litespeed\/avatar\/febdfeeec89d950f01c748045a981dd2.jpg?ver=1777314535","contentUrl":"https:\/\/conversesacatalunya.cat\/wp-content\/litespeed\/avatar\/febdfeeec89d950f01c748045a981dd2.jpg?ver=1777314535","caption":"conversesacatalunya"},"url":"https:\/\/conversesacatalunya.cat\/es\/author\/carme_catala\/"}]}},"wps_subtitle":"","_links":{"self":[{"href":"https:\/\/conversesacatalunya.cat\/es\/wp-json\/wp\/v2\/posts\/52526","targetHints":{"allow":["GET"]}}],"collection":[{"href":"https:\/\/conversesacatalunya.cat\/es\/wp-json\/wp\/v2\/posts"}],"about":[{"href":"https:\/\/conversesacatalunya.cat\/es\/wp-json\/wp\/v2\/types\/post"}],"author":[{"embeddable":true,"href":"https:\/\/conversesacatalunya.cat\/es\/wp-json\/wp\/v2\/users\/2"}],"replies":[{"embeddable":true,"href":"https:\/\/conversesacatalunya.cat\/es\/wp-json\/wp\/v2\/comments?post=52526"}],"version-history":[{"count":2,"href":"https:\/\/conversesacatalunya.cat\/es\/wp-json\/wp\/v2\/posts\/52526\/revisions"}],"predecessor-version":[{"id":52528,"href":"https:\/\/conversesacatalunya.cat\/es\/wp-json\/wp\/v2\/posts\/52526\/revisions\/52528"}],"wp:featuredmedia":[{"embeddable":true,"href":"https:\/\/conversesacatalunya.cat\/es\/wp-json\/wp\/v2\/media\/52523"}],"wp:attachment":[{"href":"https:\/\/conversesacatalunya.cat\/es\/wp-json\/wp\/v2\/media?parent=52526"}],"wp:term":[{"taxonomy":"category","embeddable":true,"href":"https:\/\/conversesacatalunya.cat\/es\/wp-json\/wp\/v2\/categories?post=52526"},{"taxonomy":"post_tag","embeddable":true,"href":"https:\/\/conversesacatalunya.cat\/es\/wp-json\/wp\/v2\/tags?post=52526"}],"curies":[{"name":"wp","href":"https:\/\/api.w.org\/{rel}","templated":true}]}}