{"id":52039,"date":"2021-11-09T12:46:06","date_gmt":"2021-11-09T11:46:06","guid":{"rendered":"https:\/\/conversesacatalunya.cat\/pensions-qui-enten-la-solucio-escriva\/"},"modified":"2021-11-09T15:06:43","modified_gmt":"2021-11-09T14:06:43","slug":"pensiones-quien-entiende-la-solucion-escriva","status":"publish","type":"post","link":"https:\/\/conversesacatalunya.cat\/es\/pensiones-quien-entiende-la-solucion-escriva\/","title":{"rendered":"Pensiones: \u00bfqui\u00e9n entiende la \u00absoluci\u00f3n\u00bb Escriv\u00e1?"},"content":{"rendered":"<p><span>El ministro de Inclusi\u00f3n, Seguridad Social y Migraciones,\u00a0<\/span><strong><span>Jos\u00e9 Lu\u00eds Escriv\u00e1<\/span><\/strong><span>, ha puesto sobre la mesa de sindicatos y patronales una f\u00f3rmula para aliviar el problema del d\u00e9ficit de las\u00a0<\/span><a href=\"https:\/\/conversesacatalunya.cat\/es\/aprobada-la-reforma-de-las-pensiones-medidas-a-tomar\/\" target=\"_blank\" rel=\"noopener\"><span>pensiones<\/span><\/a><span>.<\/span><\/p>\n<h4><strong><span>Plantea un incremento temporal de la cotizaci\u00f3n de 2023 a 2032. Concretamente un 0,6% adicional a repartir entre los trabajadores, un 0,4%, y las empresas, un 0,2%.<\/span><\/strong><\/h4>\n<p><span>Escriv\u00e1 razona este incremento como\u00a0<\/span><strong><span>\u201cun mecanismo que simplemente generar\u00e1 una v\u00e1lvula de seguridad y dar\u00e1 margen al sistema para reforzar su sostenibilidad<\/span><\/strong><span>\u201d.\u00a0<span class=\"goog-text-highlight\">Es dinero que ir\u00eda destinado al fondo de reserva que lleva a\u00f1os pr\u00e1cticamente liquidado, porque s\u00f3lo dispone de 2.000 millones de euros.<\/span><\/span><\/p>\n<p><span>El gran interrogante es \u00bfpara qu\u00e9 sirve realmente esa aportaci\u00f3n que significar\u00eda, en el mejor de los casos y al finalizar la d\u00e9cada, un ingreso de 24.300 millones de euros? Es una cifra importante, el problema es que comparada con las magnitudes en las que se mueve la Seguridad Social, no hay ni para empezar.<\/span><\/p>\n<div class=\"code-block code-block-4\">\n<div class=\"a-single a-17\">\n<p><strong><span class=\"\">El gasto de la Seguridad Social significa ya 1 de cada 4 euros de los presupuestos generales del Estado<\/span><\/strong><span class=\"\">\u00a0y es de lejos el gasto m\u00e1s importante.\u00a0<\/span>Para 2022 alcanzar\u00e1 los 171.165 millones de euros, una cifra que ir\u00e1 subiendo porque ya hemos entrado en el per\u00edodo de jubilaci\u00f3n de la generaci\u00f3n perteneciente al baby boom.\u00a0De esta cifra, los ingresos s\u00f3lo cubren un 79%, por lo que cada a\u00f1o el d\u00e9ficit supera los 34.000 millones de euros.\u00a0<strong>Toda la aportaci\u00f3n prevista por Escriv\u00e1 en la d\u00e9cada en que estar\u00eda vigente, no sirve ni para cubrir un a\u00f1o de d\u00e9ficit de pensiones, contando que \u00e9ste no ir\u00e1 a menos, sino que tender\u00e1 a crecer o mantenerse, en el mejor de los casos<\/strong>\u00a0.<\/p>\n<h4><strong>Entonces, \u00bfqu\u00e9 utilidad tiene un fondo de garant\u00eda que no sirve ni siquiera para asegurar un a\u00f1o de cotizaci\u00f3n?<\/strong><\/h4>\n<p>En realidad, y suponiendo que el d\u00e9ficit no se moviera de esta cifra se\u00f1alada de los 34.000 millones, para equilibrar el presupuesto mediante el incremento de las cuotas,\u00a0<strong>ser\u00eda necesario destinar a ello, no el 0,6% que ahora se quiere aplicar, sino el 8,49%<\/strong>\u00a0que ser\u00eda una sobrecarga extraordinaria sobre lo que ahora se paga y una losa sobre el mercado de trabajo, porque es sabido que la Seguridad Social act\u00faa como un impuesto a los puestos de trabajo.<\/p>\n<p><span class=\"goog-text-highlight\">Por tanto, el temor de los empresarios a que \u00e9ste sea el inicio de una progresiva jugada puede tener verosimilitud, pero si se mide con atenci\u00f3n la diferencia considerable en las cifras, ya se ve que\u00a0<\/span><strong><span class=\"goog-text-highlight\">por esta v\u00eda de ir subiendo poco a poco las cotizaciones, no tiene soluci\u00f3n ni siquiera a medio plazo.<\/span><\/strong><\/p>\n<p><span><span class=\"\">El gran interrogante radica en considerar si\u00a0<\/span><\/span><strong><span><span class=\"\">la Comisi\u00f3n Europea<\/span><\/span><\/strong><span><span class=\"\">, que sit\u00faa como condici\u00f3n inapelable enfocar de forma resolutiva el problema espa\u00f1ol con las pensiones como condici\u00f3n necesaria para acceder a los fondos europeos, <\/span><\/span><strong><span><span class=\"\">le bastar\u00e1 con esta extra\u00f1a soluci\u00f3n del ministro o pedir\u00e1 un mayor realismo a la hora de definir la soluci\u00f3n.<\/span><\/span><\/strong><\/p>\n<p><span class=\"bctt-click-to-tweet\"><span class=\"bctt-ctt-text\"><span class='bctt-click-to-tweet'><span class='bctt-ctt-text'><a href='https:\/\/twitter.com\/intent\/tweet?url=https%3A%2F%2Fconversesacatalunya.cat%2Fes%2Fpensiones-quien-entiende-la-solucion-escriva%2F&#038;text=Hay%20que%20saber%20si%20la%20Comisi%C3%B3n%20Europea%2C%20le%20bastar%C3%A1%20con%20esta%20extra%C3%B1a%20soluci%C3%B3n%20del%20ministro%20o%20pedir%C3%A1%20un%20mayor%20realismo%20a%20la%20hora%20de%20definir%20la%20soluci%C3%B3n.%20&#038;via=conversesacat&#038;related=conversesacat' target='_blank'rel=\"noopener noreferrer\">Hay que saber si la Comisi\u00f3n Europea, le bastar\u00e1 con esta extra\u00f1a soluci\u00f3n del ministro o pedir\u00e1 un mayor realismo a la hora de definir la soluci\u00f3n.  <\/a><\/span><a href='https:\/\/twitter.com\/intent\/tweet?url=https%3A%2F%2Fconversesacatalunya.cat%2Fes%2Fpensiones-quien-entiende-la-solucion-escriva%2F&#038;text=Hay%20que%20saber%20si%20la%20Comisi%C3%B3n%20Europea%2C%20le%20bastar%C3%A1%20con%20esta%20extra%C3%B1a%20soluci%C3%B3n%20del%20ministro%20o%20pedir%C3%A1%20un%20mayor%20realismo%20a%20la%20hora%20de%20definir%20la%20soluci%C3%B3n.%20&#038;via=conversesacat&#038;related=conversesacat' target='_blank' class='bctt-ctt-btn'rel=\"noopener noreferrer\">Compartir en X<\/a><\/span><\/span><\/span><\/p>\n<\/div>\n<\/div>\n<div id=\"polls-124\" class=\"wp-polls\">\n\t<form id=\"polls_form_124\" class=\"wp-polls-form\" action=\"\/index.php\" method=\"post\">\n\t\t<p style=\"display: none;\"><input type=\"hidden\" id=\"poll_124_nonce\" name=\"wp-polls-nonce\" value=\"c65f540576\" \/><\/p>\n\t\t<p style=\"display: none;\"><input type=\"hidden\" name=\"poll_id\" value=\"124\" \/><\/p>\n\t\t<p style=\"text-align: center\"><strong>Els vots d'ERC al Congr\u00e9s van ser imprescindibles per aprovar els PGE. Creus que ERC est\u00e0 utilitzant b\u00e9 aquesta for\u00e7a extraordin\u00e0ria en els seus pactes amb el govern de Madrid?<\/strong><\/p><div id=\"polls-124-ans\" class=\"wp-polls-ans\"><ul class=\"wp-polls-ul\">\n\t\t<li><input type=\"radio\" id=\"poll-answer-301\" name=\"poll_124\" value=\"301\" \/> <label for=\"poll-answer-301\">S\u00ed<\/label><\/li>\n\t\t<li><input type=\"radio\" id=\"poll-answer-302\" name=\"poll_124\" value=\"302\" \/> <label for=\"poll-answer-302\">No<\/label><\/li>\n\t\t<li><input type=\"radio\" id=\"poll-answer-303\" name=\"poll_124\" value=\"303\" \/> <label for=\"poll-answer-303\">No ho s\u00e9<\/label><\/li>\n\t\t<\/ul><p style=\"text-align: center\"><input type=\"button\" name=\"vote\" value=\"   Vota   \" class=\"Buttons\" onclick=\"poll_vote(124);\" \/><\/p><p style=\"text-align: center\"><a href=\"#ViewPollResults\" onclick=\"poll_result(124); return false;\" title=\"View Results Of This Poll\">Mira els resultats<\/a><\/p><\/div>\n\t<\/form>\n<\/div>\n<div id=\"polls-124-loading\" class=\"wp-polls-loading\"><img decoding=\"async\" data-src=\"https:\/\/conversesacatalunya.cat\/wp-content\/plugins\/wp-polls\/images\/loading.gif\" width=\"16\" height=\"16\" alt=\"Cargando ...\" title=\"Cargando ...\" class=\"wp-polls-image lazyload\" src=\"data:image\/svg+xml;base64,PHN2ZyB3aWR0aD0iMSIgaGVpZ2h0PSIxIiB4bWxucz0iaHR0cDovL3d3dy53My5vcmcvMjAwMC9zdmciPjwvc3ZnPg==\" style=\"--smush-placeholder-width: 16px; --smush-placeholder-aspect-ratio: 16\/16;\" \/>&nbsp;Cargando ...<\/div>\n\n<p>&nbsp;<\/p>\n<p>&nbsp;<\/p>\n","protected":false},"excerpt":{"rendered":"<p>El ministro de Inclusi\u00f3n, Seguridad Social y Migraciones,\u00a0Jos\u00e9 Lu\u00eds Escriv\u00e1, ha puesto sobre la mesa de sindicatos y patronales una f\u00f3rmula para aliviar el problema del d\u00e9ficit de las\u00a0pensiones. Plantea un incremento temporal de la cotizaci\u00f3n de 2023 a 2032. Concretamente un 0,6% adicional a repartir entre los trabajadores, un 0,4%, y las empresas, un 0,2%. Escriv\u00e1 razona este incremento como\u00a0\u201cun mecanismo que simplemente generar\u00e1 una v\u00e1lvula de seguridad y dar\u00e1 margen al sistema para reforzar su sostenibilidad\u201d.\u00a0Es dinero que ir\u00eda destinado al fondo de reserva que lleva a\u00f1os pr\u00e1cticamente liquidado, porque s\u00f3lo dispone de 2.000 millones de euros. El gran interrogante es \u00bfpara qu\u00e9 sirve realmente esa aportaci\u00f3n que significar\u00eda, en el mejor de los casos y al finalizar la d\u00e9cada, un ingreso de 24.300 millones de euros? Es una cifra importante, el problema es que comparada con las magnitudes en las que se mueve la Seguridad Social, no hay ni para empezar. El gasto de la Seguridad Social significa ya 1 de cada 4 euros de los presupuestos generales del Estado\u00a0y es de lejos el gasto m\u00e1s importante.\u00a0Para 2022 alcanzar\u00e1 los 171.165 millones de euros, una cifra que ir\u00e1 subiendo porque ya hemos entrado en el per\u00edodo de jubilaci\u00f3n de la generaci\u00f3n perteneciente al baby boom.\u00a0De esta cifra, los ingresos s\u00f3lo cubren un 79%, por lo que cada a\u00f1o el d\u00e9ficit supera los 34.000 millones de euros.\u00a0Toda la aportaci\u00f3n prevista por Escriv\u00e1 en la d\u00e9cada en que estar\u00eda vigente, no sirve ni para cubrir un a\u00f1o de d\u00e9ficit de pensiones, contando que \u00e9ste no ir\u00e1 a menos, sino que tender\u00e1 a crecer o mantenerse, en el mejor de los casos\u00a0. Entonces, \u00bfqu\u00e9 utilidad tiene un fondo de garant\u00eda que no sirve ni siquiera para asegurar un a\u00f1o de cotizaci\u00f3n? En realidad, y suponiendo que el d\u00e9ficit no se moviera de esta cifra se\u00f1alada de los 34.000 millones, para equilibrar el presupuesto mediante el incremento de las cuotas,\u00a0ser\u00eda necesario destinar a ello, no el 0,6% que ahora se quiere aplicar, sino el 8,49%\u00a0que ser\u00eda una sobrecarga extraordinaria sobre lo que ahora se paga y una losa sobre el mercado de trabajo, porque es sabido que la Seguridad Social act\u00faa como un impuesto a los puestos de trabajo. Por tanto, el temor de los empresarios a que \u00e9ste sea el inicio de una progresiva jugada puede tener verosimilitud, pero si se mide con atenci\u00f3n la diferencia considerable en las cifras, ya se ve que\u00a0por esta v\u00eda de ir subiendo poco a poco las cotizaciones, no tiene soluci\u00f3n ni siquiera a medio plazo. El gran interrogante radica en considerar si\u00a0la Comisi\u00f3n Europea, que sit\u00faa como condici\u00f3n inapelable enfocar de forma resolutiva el problema espa\u00f1ol con las pensiones como condici\u00f3n necesaria para acceder a los fondos europeos, le bastar\u00e1 con esta extra\u00f1a soluci\u00f3n del ministro o pedir\u00e1 un mayor realismo a la hora de definir la soluci\u00f3n. &nbsp; &nbsp;<\/p>\n","protected":false},"author":3,"featured_media":52025,"comment_status":"open","ping_status":"open","sticky":false,"template":"","format":"standard","meta":{"_FSMCFIC_featured_image_caption":"","_FSMCFIC_featured_image_nocaption":"","_FSMCFIC_featured_image_hide":"","footnotes":""},"categories":[806],"tags":[946,4140],"class_list":["post-52039","post","type-post","status-publish","format-standard","has-post-thumbnail","hentry","category-punts-claus-del-dia-es","tag-pensiones","tag-seguridad-social"],"yoast_head":"<!-- This site is optimized with the Yoast SEO plugin v26.8 - https:\/\/yoast.com\/product\/yoast-seo-wordpress\/ -->\n<title>Pensiones: \u00bfqui\u00e9n entiende la &quot;soluci\u00f3n&quot; Escriv\u00e1? - Converses a Catalunya<\/title>\n<meta name=\"description\" content=\"Toda la aportaci\u00f3n prevista por Escriv\u00e1 en la d\u00e9cada en que estar\u00eda vigente, no sirve ni para cubrir un a\u00f1o de d\u00e9ficit de pensiones,\" \/>\n<meta name=\"robots\" content=\"index, follow, max-snippet:-1, max-image-preview:large, max-video-preview:-1\" \/>\n<link rel=\"canonical\" href=\"https:\/\/conversesacatalunya.cat\/es\/pensiones-quien-entiende-la-solucion-escriva\/\" \/>\n<meta property=\"og:locale\" content=\"es_ES\" \/>\n<meta property=\"og:type\" content=\"article\" \/>\n<meta property=\"og:title\" content=\"Pensiones: \u00bfqui\u00e9n entiende la &quot;soluci\u00f3n&quot; Escriv\u00e1? - Converses a Catalunya\" \/>\n<meta property=\"og:description\" content=\"Toda la aportaci\u00f3n prevista por Escriv\u00e1 en la d\u00e9cada en que estar\u00eda vigente, no sirve ni para cubrir un a\u00f1o de d\u00e9ficit de pensiones,\" \/>\n<meta property=\"og:url\" content=\"https:\/\/conversesacatalunya.cat\/es\/pensiones-quien-entiende-la-solucion-escriva\/\" \/>\n<meta property=\"og:site_name\" content=\"Converses a Catalunya\" \/>\n<meta property=\"article:published_time\" content=\"2021-11-09T11:46:06+00:00\" \/>\n<meta property=\"article:modified_time\" content=\"2021-11-09T14:06:43+00:00\" \/>\n<meta property=\"og:image\" content=\"https:\/\/conversesacatalunya.cat\/wp-content\/uploads\/2021\/11\/Escriva.jpg\" \/>\n\t<meta property=\"og:image:width\" content=\"640\" \/>\n\t<meta property=\"og:image:height\" content=\"426\" \/>\n\t<meta property=\"og:image:type\" content=\"image\/jpeg\" \/>\n<meta name=\"author\" content=\"conversesacatalunya\" \/>\n<meta name=\"twitter:card\" content=\"summary_large_image\" \/>\n<meta name=\"twitter:label1\" content=\"Escrito por\" \/>\n\t<meta name=\"twitter:data1\" content=\"conversesacatalunya\" \/>\n\t<meta name=\"twitter:label2\" content=\"Tiempo de lectura\" \/>\n\t<meta name=\"twitter:data2\" content=\"3 minutos\" \/>\n<script type=\"application\/ld+json\" class=\"yoast-schema-graph\">{\"@context\":\"https:\/\/schema.org\",\"@graph\":[{\"@type\":\"Article\",\"@id\":\"https:\/\/conversesacatalunya.cat\/es\/pensiones-quien-entiende-la-solucion-escriva\/#article\",\"isPartOf\":{\"@id\":\"https:\/\/conversesacatalunya.cat\/es\/pensiones-quien-entiende-la-solucion-escriva\/\"},\"author\":{\"name\":\"conversesacatalunya\",\"@id\":\"https:\/\/conversesacatalunya.cat\/#\/schema\/person\/982274792508d804a0821b413c9ac076\"},\"headline\":\"Pensiones: \u00bfqui\u00e9n entiende la \u00absoluci\u00f3n\u00bb Escriv\u00e1?\",\"datePublished\":\"2021-11-09T11:46:06+00:00\",\"dateModified\":\"2021-11-09T14:06:43+00:00\",\"mainEntityOfPage\":{\"@id\":\"https:\/\/conversesacatalunya.cat\/es\/pensiones-quien-entiende-la-solucion-escriva\/\"},\"wordCount\":562,\"commentCount\":0,\"image\":{\"@id\":\"https:\/\/conversesacatalunya.cat\/es\/pensiones-quien-entiende-la-solucion-escriva\/#primaryimage\"},\"thumbnailUrl\":\"https:\/\/conversesacatalunya.cat\/wp-content\/uploads\/2021\/11\/Escriva.jpg\",\"keywords\":[\"Pensiones\",\"Seguridad Social\"],\"articleSection\":[\"Punts clau del dia (ES)\"],\"inLanguage\":\"es\",\"potentialAction\":[{\"@type\":\"CommentAction\",\"name\":\"Comment\",\"target\":[\"https:\/\/conversesacatalunya.cat\/es\/pensiones-quien-entiende-la-solucion-escriva\/#respond\"]}]},{\"@type\":\"WebPage\",\"@id\":\"https:\/\/conversesacatalunya.cat\/es\/pensiones-quien-entiende-la-solucion-escriva\/\",\"url\":\"https:\/\/conversesacatalunya.cat\/es\/pensiones-quien-entiende-la-solucion-escriva\/\",\"name\":\"Pensiones: \u00bfqui\u00e9n entiende la \\\"soluci\u00f3n\\\" Escriv\u00e1? - Converses a Catalunya\",\"isPartOf\":{\"@id\":\"https:\/\/conversesacatalunya.cat\/#website\"},\"primaryImageOfPage\":{\"@id\":\"https:\/\/conversesacatalunya.cat\/es\/pensiones-quien-entiende-la-solucion-escriva\/#primaryimage\"},\"image\":{\"@id\":\"https:\/\/conversesacatalunya.cat\/es\/pensiones-quien-entiende-la-solucion-escriva\/#primaryimage\"},\"thumbnailUrl\":\"https:\/\/conversesacatalunya.cat\/wp-content\/uploads\/2021\/11\/Escriva.jpg\",\"datePublished\":\"2021-11-09T11:46:06+00:00\",\"dateModified\":\"2021-11-09T14:06:43+00:00\",\"author\":{\"@id\":\"https:\/\/conversesacatalunya.cat\/#\/schema\/person\/982274792508d804a0821b413c9ac076\"},\"description\":\"Toda la aportaci\u00f3n prevista por Escriv\u00e1 en la d\u00e9cada en que estar\u00eda vigente, no sirve ni para cubrir un a\u00f1o de d\u00e9ficit de pensiones,\",\"breadcrumb\":{\"@id\":\"https:\/\/conversesacatalunya.cat\/es\/pensiones-quien-entiende-la-solucion-escriva\/#breadcrumb\"},\"inLanguage\":\"es\",\"potentialAction\":[{\"@type\":\"ReadAction\",\"target\":[\"https:\/\/conversesacatalunya.cat\/es\/pensiones-quien-entiende-la-solucion-escriva\/\"]}]},{\"@type\":\"ImageObject\",\"inLanguage\":\"es\",\"@id\":\"https:\/\/conversesacatalunya.cat\/es\/pensiones-quien-entiende-la-solucion-escriva\/#primaryimage\",\"url\":\"https:\/\/conversesacatalunya.cat\/wp-content\/uploads\/2021\/11\/Escriva.jpg\",\"contentUrl\":\"https:\/\/conversesacatalunya.cat\/wp-content\/uploads\/2021\/11\/Escriva.jpg\",\"width\":640,\"height\":426,\"caption\":\"Escriv\u00e1\"},{\"@type\":\"BreadcrumbList\",\"@id\":\"https:\/\/conversesacatalunya.cat\/es\/pensiones-quien-entiende-la-solucion-escriva\/#breadcrumb\",\"itemListElement\":[{\"@type\":\"ListItem\",\"position\":1,\"name\":\"Inici\",\"item\":\"https:\/\/conversesacatalunya.cat\/es\/\"},{\"@type\":\"ListItem\",\"position\":2,\"name\":\"Pensiones: \u00bfqui\u00e9n entiende la &#8220;soluci\u00f3n&#8221; Escriv\u00e1?\"}]},{\"@type\":\"WebSite\",\"@id\":\"https:\/\/conversesacatalunya.cat\/#website\",\"url\":\"https:\/\/conversesacatalunya.cat\/\",\"name\":\"Converses a Catalunya\",\"description\":\"\",\"potentialAction\":[{\"@type\":\"SearchAction\",\"target\":{\"@type\":\"EntryPoint\",\"urlTemplate\":\"https:\/\/conversesacatalunya.cat\/?s={search_term_string}\"},\"query-input\":{\"@type\":\"PropertyValueSpecification\",\"valueRequired\":true,\"valueName\":\"search_term_string\"}}],\"inLanguage\":\"es\"},{\"@type\":\"Person\",\"@id\":\"https:\/\/conversesacatalunya.cat\/#\/schema\/person\/982274792508d804a0821b413c9ac076\",\"name\":\"conversesacatalunya\",\"image\":{\"@type\":\"ImageObject\",\"inLanguage\":\"es\",\"@id\":\"https:\/\/conversesacatalunya.cat\/#\/schema\/person\/image\/\",\"url\":\"https:\/\/conversesacatalunya.cat\/wp-content\/litespeed\/avatar\/f04b47eeffd9637c7cf7869e217fb9ec.jpg?ver=1777370077\",\"contentUrl\":\"https:\/\/conversesacatalunya.cat\/wp-content\/litespeed\/avatar\/f04b47eeffd9637c7cf7869e217fb9ec.jpg?ver=1777370077\",\"caption\":\"conversesacatalunya\"},\"url\":\"https:\/\/conversesacatalunya.cat\/es\/author\/muntsa_escola\/\"}]}<\/script>\n<!-- \/ Yoast SEO plugin. -->","yoast_head_json":{"title":"Pensiones: \u00bfqui\u00e9n entiende la \"soluci\u00f3n\" Escriv\u00e1? - Converses a Catalunya","description":"Toda la aportaci\u00f3n prevista por Escriv\u00e1 en la d\u00e9cada en que estar\u00eda vigente, no sirve ni para cubrir un a\u00f1o de d\u00e9ficit de pensiones,","robots":{"index":"index","follow":"follow","max-snippet":"max-snippet:-1","max-image-preview":"max-image-preview:large","max-video-preview":"max-video-preview:-1"},"canonical":"https:\/\/conversesacatalunya.cat\/es\/pensiones-quien-entiende-la-solucion-escriva\/","og_locale":"es_ES","og_type":"article","og_title":"Pensiones: \u00bfqui\u00e9n entiende la \"soluci\u00f3n\" Escriv\u00e1? - Converses a Catalunya","og_description":"Toda la aportaci\u00f3n prevista por Escriv\u00e1 en la d\u00e9cada en que estar\u00eda vigente, no sirve ni para cubrir un a\u00f1o de d\u00e9ficit de pensiones,","og_url":"https:\/\/conversesacatalunya.cat\/es\/pensiones-quien-entiende-la-solucion-escriva\/","og_site_name":"Converses a Catalunya","article_published_time":"2021-11-09T11:46:06+00:00","article_modified_time":"2021-11-09T14:06:43+00:00","og_image":[{"width":640,"height":426,"url":"https:\/\/conversesacatalunya.cat\/wp-content\/uploads\/2021\/11\/Escriva.jpg","type":"image\/jpeg"}],"author":"conversesacatalunya","twitter_card":"summary_large_image","twitter_misc":{"Escrito por":"conversesacatalunya","Tiempo de lectura":"3 minutos"},"schema":{"@context":"https:\/\/schema.org","@graph":[{"@type":"Article","@id":"https:\/\/conversesacatalunya.cat\/es\/pensiones-quien-entiende-la-solucion-escriva\/#article","isPartOf":{"@id":"https:\/\/conversesacatalunya.cat\/es\/pensiones-quien-entiende-la-solucion-escriva\/"},"author":{"name":"conversesacatalunya","@id":"https:\/\/conversesacatalunya.cat\/#\/schema\/person\/982274792508d804a0821b413c9ac076"},"headline":"Pensiones: \u00bfqui\u00e9n entiende la \u00absoluci\u00f3n\u00bb Escriv\u00e1?","datePublished":"2021-11-09T11:46:06+00:00","dateModified":"2021-11-09T14:06:43+00:00","mainEntityOfPage":{"@id":"https:\/\/conversesacatalunya.cat\/es\/pensiones-quien-entiende-la-solucion-escriva\/"},"wordCount":562,"commentCount":0,"image":{"@id":"https:\/\/conversesacatalunya.cat\/es\/pensiones-quien-entiende-la-solucion-escriva\/#primaryimage"},"thumbnailUrl":"https:\/\/conversesacatalunya.cat\/wp-content\/uploads\/2021\/11\/Escriva.jpg","keywords":["Pensiones","Seguridad Social"],"articleSection":["Punts clau del dia (ES)"],"inLanguage":"es","potentialAction":[{"@type":"CommentAction","name":"Comment","target":["https:\/\/conversesacatalunya.cat\/es\/pensiones-quien-entiende-la-solucion-escriva\/#respond"]}]},{"@type":"WebPage","@id":"https:\/\/conversesacatalunya.cat\/es\/pensiones-quien-entiende-la-solucion-escriva\/","url":"https:\/\/conversesacatalunya.cat\/es\/pensiones-quien-entiende-la-solucion-escriva\/","name":"Pensiones: \u00bfqui\u00e9n entiende la \"soluci\u00f3n\" Escriv\u00e1? - Converses a Catalunya","isPartOf":{"@id":"https:\/\/conversesacatalunya.cat\/#website"},"primaryImageOfPage":{"@id":"https:\/\/conversesacatalunya.cat\/es\/pensiones-quien-entiende-la-solucion-escriva\/#primaryimage"},"image":{"@id":"https:\/\/conversesacatalunya.cat\/es\/pensiones-quien-entiende-la-solucion-escriva\/#primaryimage"},"thumbnailUrl":"https:\/\/conversesacatalunya.cat\/wp-content\/uploads\/2021\/11\/Escriva.jpg","datePublished":"2021-11-09T11:46:06+00:00","dateModified":"2021-11-09T14:06:43+00:00","author":{"@id":"https:\/\/conversesacatalunya.cat\/#\/schema\/person\/982274792508d804a0821b413c9ac076"},"description":"Toda la aportaci\u00f3n prevista por Escriv\u00e1 en la d\u00e9cada en que estar\u00eda vigente, no sirve ni para cubrir un a\u00f1o de d\u00e9ficit de pensiones,","breadcrumb":{"@id":"https:\/\/conversesacatalunya.cat\/es\/pensiones-quien-entiende-la-solucion-escriva\/#breadcrumb"},"inLanguage":"es","potentialAction":[{"@type":"ReadAction","target":["https:\/\/conversesacatalunya.cat\/es\/pensiones-quien-entiende-la-solucion-escriva\/"]}]},{"@type":"ImageObject","inLanguage":"es","@id":"https:\/\/conversesacatalunya.cat\/es\/pensiones-quien-entiende-la-solucion-escriva\/#primaryimage","url":"https:\/\/conversesacatalunya.cat\/wp-content\/uploads\/2021\/11\/Escriva.jpg","contentUrl":"https:\/\/conversesacatalunya.cat\/wp-content\/uploads\/2021\/11\/Escriva.jpg","width":640,"height":426,"caption":"Escriv\u00e1"},{"@type":"BreadcrumbList","@id":"https:\/\/conversesacatalunya.cat\/es\/pensiones-quien-entiende-la-solucion-escriva\/#breadcrumb","itemListElement":[{"@type":"ListItem","position":1,"name":"Inici","item":"https:\/\/conversesacatalunya.cat\/es\/"},{"@type":"ListItem","position":2,"name":"Pensiones: \u00bfqui\u00e9n entiende la &#8220;soluci\u00f3n&#8221; Escriv\u00e1?"}]},{"@type":"WebSite","@id":"https:\/\/conversesacatalunya.cat\/#website","url":"https:\/\/conversesacatalunya.cat\/","name":"Converses a Catalunya","description":"","potentialAction":[{"@type":"SearchAction","target":{"@type":"EntryPoint","urlTemplate":"https:\/\/conversesacatalunya.cat\/?s={search_term_string}"},"query-input":{"@type":"PropertyValueSpecification","valueRequired":true,"valueName":"search_term_string"}}],"inLanguage":"es"},{"@type":"Person","@id":"https:\/\/conversesacatalunya.cat\/#\/schema\/person\/982274792508d804a0821b413c9ac076","name":"conversesacatalunya","image":{"@type":"ImageObject","inLanguage":"es","@id":"https:\/\/conversesacatalunya.cat\/#\/schema\/person\/image\/","url":"https:\/\/conversesacatalunya.cat\/wp-content\/litespeed\/avatar\/f04b47eeffd9637c7cf7869e217fb9ec.jpg?ver=1777370077","contentUrl":"https:\/\/conversesacatalunya.cat\/wp-content\/litespeed\/avatar\/f04b47eeffd9637c7cf7869e217fb9ec.jpg?ver=1777370077","caption":"conversesacatalunya"},"url":"https:\/\/conversesacatalunya.cat\/es\/author\/muntsa_escola\/"}]}},"wps_subtitle":"Toda la aportaci\u00f3n prevista por Escriv\u00e1 en la d\u00e9cada en que estar\u00eda vigente, no sirve ni para cubrir un a\u00f1o de d\u00e9ficit de pensiones, contando que \u00e9ste no ir\u00e1 a menos sino que tender\u00e1 a crecer, o mantenerse en el mejor de los casos","_links":{"self":[{"href":"https:\/\/conversesacatalunya.cat\/es\/wp-json\/wp\/v2\/posts\/52039","targetHints":{"allow":["GET"]}}],"collection":[{"href":"https:\/\/conversesacatalunya.cat\/es\/wp-json\/wp\/v2\/posts"}],"about":[{"href":"https:\/\/conversesacatalunya.cat\/es\/wp-json\/wp\/v2\/types\/post"}],"author":[{"embeddable":true,"href":"https:\/\/conversesacatalunya.cat\/es\/wp-json\/wp\/v2\/users\/3"}],"replies":[{"embeddable":true,"href":"https:\/\/conversesacatalunya.cat\/es\/wp-json\/wp\/v2\/comments?post=52039"}],"version-history":[{"count":2,"href":"https:\/\/conversesacatalunya.cat\/es\/wp-json\/wp\/v2\/posts\/52039\/revisions"}],"predecessor-version":[{"id":52040,"href":"https:\/\/conversesacatalunya.cat\/es\/wp-json\/wp\/v2\/posts\/52039\/revisions\/52040"}],"wp:featuredmedia":[{"embeddable":true,"href":"https:\/\/conversesacatalunya.cat\/es\/wp-json\/wp\/v2\/media\/52025"}],"wp:attachment":[{"href":"https:\/\/conversesacatalunya.cat\/es\/wp-json\/wp\/v2\/media?parent=52039"}],"wp:term":[{"taxonomy":"category","embeddable":true,"href":"https:\/\/conversesacatalunya.cat\/es\/wp-json\/wp\/v2\/categories?post=52039"},{"taxonomy":"post_tag","embeddable":true,"href":"https:\/\/conversesacatalunya.cat\/es\/wp-json\/wp\/v2\/tags?post=52039"}],"curies":[{"name":"wp","href":"https:\/\/api.w.org\/{rel}","templated":true}]}}