{"id":51960,"date":"2021-11-08T09:35:26","date_gmt":"2021-11-08T08:35:26","guid":{"rendered":"https:\/\/conversesacatalunya.cat\/?p=51960"},"modified":"2021-11-08T09:35:26","modified_gmt":"2021-11-08T08:35:26","slug":"el-silencio-sobre-el-bien","status":"publish","type":"post","link":"https:\/\/conversesacatalunya.cat\/es\/el-silencio-sobre-el-bien\/","title":{"rendered":"El silencio sobre el bien"},"content":{"rendered":"<p>El pasado d\u00eda 4 de noviembre, un tr\u00e1gico suceso tuvo lugar en Madrid en el Colegio Montealto, situado en el barrio de Mirasierra. En el momento de la salida de los escolares un accidente causado al parecer, por un error de la conductora (madre tambi\u00e9n de alumnos del colegio),<strong> acab\u00f3 con la vida de la peque\u00f1a Mar\u00eda de seis a\u00f1os de edad<\/strong>, hiriendo a otras dos alumnas de doce y diez a\u00f1os respectivamente.<\/p>\n<p><strong>La noticia ha tenido notable repercusi\u00f3n en los medios de comunicaci\u00f3n dado que, sin duda, el\u00a0 accidente que ha causado la muerte de la peque\u00f1a, tiene connotaciones muy particulares.<\/strong><\/p>\n<p>La alumna fallecida era hija de una empleada del colegio que tuvo tiempo, alertada por algunos alumnos y profesores que estaban all\u00ed, de abrazar y despedir a su hija antes de que la ni\u00f1a muriera. Pero es que, adem\u00e1s, esta mujer tuvo otro gesto que sin duda es digno de admiraci\u00f3n:<strong> se dirigi\u00f3 a la conductora del veh\u00edculo que caus\u00f3 el accidente y tambi\u00e9n le brind\u00f3 su abrazo en medio de un momento tan dram\u00e1tico y complicado.<\/strong><\/p>\n<p><strong>Este noble, hermoso y podr\u00edamos decir heroico gesto, no ha sido suficientemente destacado ni dado a conocer. Como casi siempre, el bien no es noticia y estamos necesitando que lo sea.<\/strong><\/p>\n<p>Claro que debemos conocer y debemos estar informados sobre la realidad que nos rodea: pandemia, violencia, pol\u00edtica, corrupci\u00f3n, relaciones internacionales, deportes, econom\u00eda, etc., Pero \u00bfpor qu\u00e9 este silencio sobre el bien?\u00a0<strong> \u00bfPor qu\u00e9 cuesta tanto \u201cvender\u201d lo bueno?<\/strong><\/p>\n<p>Hay algo en ese abrazo entre la madre de la peque\u00f1a Mar\u00eda y la mujer que involuntariamente caus\u00f3 este terrible accidente, que est\u00e1 fuera de toda l\u00f3gica humana y <strong>es el perd\u00f3n e incluso el amor hacia quien ha causado un da\u00f1o, tan tremendo como este<\/strong>. Esto tambi\u00e9n deber\u00eda ser noticia.<\/p>\n<span class='bctt-click-to-tweet'><span class='bctt-ctt-text'><a href='https:\/\/twitter.com\/intent\/tweet?url=https%3A%2F%2Fconversesacatalunya.cat%2Fes%2Fel-silencio-sobre-el-bien%2F&#038;text=Este%20noble%2C%20hermoso%20y%20podr%C3%ADamos%20decir%20heroico%20gesto%2C%20no%20ha%20sido%20suficientemente%20destacado%20ni%20dado%20a%20conocer.%20Como%20casi%20siempre%2C%20el%20bien%20no%20es%20noticia%20y%20estamos%20necesitando%20que%20lo%20sea&#038;via=conversesacat&#038;related=conversesacat' target='_blank'rel=\"noopener noreferrer\">Este noble, hermoso y podr\u00edamos decir heroico gesto, no ha sido suficientemente destacado ni dado a conocer. Como casi siempre, el bien no es noticia y estamos necesitando que lo sea <\/a><\/span><a href='https:\/\/twitter.com\/intent\/tweet?url=https%3A%2F%2Fconversesacatalunya.cat%2Fes%2Fel-silencio-sobre-el-bien%2F&#038;text=Este%20noble%2C%20hermoso%20y%20podr%C3%ADamos%20decir%20heroico%20gesto%2C%20no%20ha%20sido%20suficientemente%20destacado%20ni%20dado%20a%20conocer.%20Como%20casi%20siempre%2C%20el%20bien%20no%20es%20noticia%20y%20estamos%20necesitando%20que%20lo%20sea&#038;via=conversesacat&#038;related=conversesacat' target='_blank' class='bctt-ctt-btn'rel=\"noopener noreferrer\">Compartir en X<\/a><\/span>\n<div id=\"polls-123\" class=\"wp-polls\">\n\t<form id=\"polls_form_123\" class=\"wp-polls-form\" action=\"\/index.php\" method=\"post\">\n\t\t<p style=\"display: none;\"><input type=\"hidden\" id=\"poll_123_nonce\" name=\"wp-polls-nonce\" value=\"ae31442175\" \/><\/p>\n\t\t<p style=\"display: none;\"><input type=\"hidden\" name=\"poll_id\" value=\"123\" \/><\/p>\n\t\t<p style=\"text-align: center\"><strong>Sabies que el govern espanyol ha guanyat 1.125 milions d'euros el primer semestre de 2021 amb la pujada de la llum?<\/strong><\/p><div id=\"polls-123-ans\" class=\"wp-polls-ans\"><ul class=\"wp-polls-ul\">\n\t\t<li><input type=\"radio\" id=\"poll-answer-296\" name=\"poll_123\" value=\"296\" \/> <label for=\"poll-answer-296\">S\u00ed<\/label><\/li>\n\t\t<li><input type=\"radio\" id=\"poll-answer-297\" name=\"poll_123\" value=\"297\" \/> <label for=\"poll-answer-297\">No<\/label><\/li>\n\t\t<\/ul><p style=\"text-align: center\"><input type=\"button\" name=\"vote\" value=\"   Vota   \" class=\"Buttons\" onclick=\"poll_vote(123);\" \/><\/p><p style=\"text-align: center\"><a href=\"#ViewPollResults\" onclick=\"poll_result(123); return false;\" title=\"View Results Of This Poll\">Mira els resultats<\/a><\/p><\/div>\n\t<\/form>\n<\/div>\n<div id=\"polls-123-loading\" class=\"wp-polls-loading\"><img decoding=\"async\" data-src=\"https:\/\/conversesacatalunya.cat\/wp-content\/plugins\/wp-polls\/images\/loading.gif\" width=\"16\" height=\"16\" alt=\"Cargando ...\" title=\"Cargando ...\" class=\"wp-polls-image lazyload\" src=\"data:image\/svg+xml;base64,PHN2ZyB3aWR0aD0iMSIgaGVpZ2h0PSIxIiB4bWxucz0iaHR0cDovL3d3dy53My5vcmcvMjAwMC9zdmciPjwvc3ZnPg==\" style=\"--smush-placeholder-width: 16px; --smush-placeholder-aspect-ratio: 16\/16;\" \/>&nbsp;Cargando ...<\/div>\n\n","protected":false},"excerpt":{"rendered":"<p>El pasado d\u00eda 4 de noviembre, un tr\u00e1gico suceso tuvo lugar en Madrid en el Colegio Montealto, situado en el barrio de Mirasierra. En el momento de la salida de los escolares un accidente causado al parecer, por un error de la conductora (madre tambi\u00e9n de alumnos del colegio), acab\u00f3 con la vida de la peque\u00f1a Mar\u00eda de seis a\u00f1os de edad, hiriendo a otras dos alumnas de doce y diez a\u00f1os respectivamente. La noticia ha tenido notable repercusi\u00f3n en los medios de comunicaci\u00f3n dado que, sin duda, el\u00a0 accidente que ha causado la muerte de la peque\u00f1a, tiene connotaciones muy particulares. La alumna fallecida era hija de una empleada del colegio que tuvo tiempo, alertada por algunos alumnos y profesores que estaban all\u00ed, de abrazar y despedir a su hija antes de que la ni\u00f1a muriera. Pero es que, adem\u00e1s, esta mujer tuvo otro gesto que sin duda es digno de admiraci\u00f3n: se dirigi\u00f3 a la conductora del veh\u00edculo que caus\u00f3 el accidente y tambi\u00e9n le brind\u00f3 su abrazo en medio de un momento tan dram\u00e1tico y complicado. Este noble, hermoso y podr\u00edamos decir heroico gesto, no ha sido suficientemente destacado ni dado a conocer. Como casi siempre, el bien no es noticia y estamos necesitando que lo sea. Claro que debemos conocer y debemos estar informados sobre la realidad que nos rodea: pandemia, violencia, pol\u00edtica, corrupci\u00f3n, relaciones internacionales, deportes, econom\u00eda, etc., Pero \u00bfpor qu\u00e9 este silencio sobre el bien?\u00a0 \u00bfPor qu\u00e9 cuesta tanto \u201cvender\u201d lo bueno? Hay algo en ese abrazo entre la madre de la peque\u00f1a Mar\u00eda y la mujer que involuntariamente caus\u00f3 este terrible accidente, que est\u00e1 fuera de toda l\u00f3gica humana y es el perd\u00f3n e incluso el amor hacia quien ha causado un da\u00f1o, tan tremendo como este. Esto tambi\u00e9n deber\u00eda ser noticia.<\/p>\n","protected":false},"author":37,"featured_media":51963,"comment_status":"open","ping_status":"open","sticky":false,"template":"","format":"standard","meta":{"_FSMCFIC_featured_image_caption":"","_FSMCFIC_featured_image_nocaption":"","_FSMCFIC_featured_image_hide":"","footnotes":""},"categories":[804],"tags":[],"class_list":["post-51960","post","type-post","status-publish","format-standard","has-post-thumbnail","hentry","category-opinem-es"],"yoast_head":"<!-- This site is optimized with the Yoast SEO plugin v26.8 - https:\/\/yoast.com\/product\/yoast-seo-wordpress\/ -->\n<title>El silencio sobre el bien - Converses a Catalunya<\/title>\n<meta name=\"description\" content=\"podr\u00edamos decir heroico gesto, no ha sido suficientemente destacado ni dado a conocer. Como casi siempre, el bien no es noticia y estamos\" \/>\n<meta name=\"robots\" content=\"noindex, nofollow\" \/>\n<meta property=\"og:locale\" content=\"es_ES\" \/>\n<meta property=\"og:type\" content=\"article\" \/>\n<meta property=\"og:title\" content=\"El silencio sobre el bien - Converses a Catalunya\" \/>\n<meta property=\"og:description\" content=\"podr\u00edamos decir heroico gesto, no ha sido suficientemente destacado ni dado a conocer. Como casi siempre, el bien no es noticia y estamos\" \/>\n<meta property=\"og:url\" content=\"https:\/\/conversesacatalunya.cat\/es\/el-silencio-sobre-el-bien\/\" \/>\n<meta property=\"og:site_name\" content=\"Converses a Catalunya\" \/>\n<meta property=\"article:published_time\" content=\"2021-11-08T08:35:26+00:00\" \/>\n<meta property=\"og:image\" content=\"https:\/\/conversesacatalunya.cat\/wp-content\/uploads\/2021\/11\/el-bien.jpg\" \/>\n\t<meta property=\"og:image:width\" content=\"640\" \/>\n\t<meta property=\"og:image:height\" content=\"426\" \/>\n\t<meta property=\"og:image:type\" content=\"image\/jpeg\" \/>\n<meta name=\"author\" content=\"Grupo Are\u00f3pago\" \/>\n<meta name=\"twitter:card\" content=\"summary_large_image\" \/>\n<meta name=\"twitter:label1\" content=\"Escrito por\" \/>\n\t<meta name=\"twitter:data1\" content=\"Grupo Are\u00f3pago\" \/>\n\t<meta name=\"twitter:label2\" content=\"Tiempo de lectura\" \/>\n\t<meta name=\"twitter:data2\" content=\"2 minutos\" \/>\n<script type=\"application\/ld+json\" class=\"yoast-schema-graph\">{\"@context\":\"https:\/\/schema.org\",\"@graph\":[{\"@type\":\"Article\",\"@id\":\"https:\/\/conversesacatalunya.cat\/es\/el-silencio-sobre-el-bien\/#article\",\"isPartOf\":{\"@id\":\"https:\/\/conversesacatalunya.cat\/es\/el-silencio-sobre-el-bien\/\"},\"author\":{\"name\":\"Grupo Are\u00f3pago\",\"@id\":\"https:\/\/conversesacatalunya.cat\/#\/schema\/person\/1d194d61c951d01e076c5fbdb94140ac\"},\"headline\":\"El silencio sobre el bien\",\"datePublished\":\"2021-11-08T08:35:26+00:00\",\"mainEntityOfPage\":{\"@id\":\"https:\/\/conversesacatalunya.cat\/es\/el-silencio-sobre-el-bien\/\"},\"wordCount\":368,\"commentCount\":0,\"image\":{\"@id\":\"https:\/\/conversesacatalunya.cat\/es\/el-silencio-sobre-el-bien\/#primaryimage\"},\"thumbnailUrl\":\"https:\/\/conversesacatalunya.cat\/wp-content\/uploads\/2021\/11\/el-bien.jpg\",\"articleSection\":[\"Opinem (ES)\"],\"inLanguage\":\"es\",\"potentialAction\":[{\"@type\":\"CommentAction\",\"name\":\"Comment\",\"target\":[\"https:\/\/conversesacatalunya.cat\/es\/el-silencio-sobre-el-bien\/#respond\"]}]},{\"@type\":\"WebPage\",\"@id\":\"https:\/\/conversesacatalunya.cat\/es\/el-silencio-sobre-el-bien\/\",\"url\":\"https:\/\/conversesacatalunya.cat\/es\/el-silencio-sobre-el-bien\/\",\"name\":\"El silencio sobre el bien - Converses a Catalunya\",\"isPartOf\":{\"@id\":\"https:\/\/conversesacatalunya.cat\/#website\"},\"primaryImageOfPage\":{\"@id\":\"https:\/\/conversesacatalunya.cat\/es\/el-silencio-sobre-el-bien\/#primaryimage\"},\"image\":{\"@id\":\"https:\/\/conversesacatalunya.cat\/es\/el-silencio-sobre-el-bien\/#primaryimage\"},\"thumbnailUrl\":\"https:\/\/conversesacatalunya.cat\/wp-content\/uploads\/2021\/11\/el-bien.jpg\",\"datePublished\":\"2021-11-08T08:35:26+00:00\",\"author\":{\"@id\":\"https:\/\/conversesacatalunya.cat\/#\/schema\/person\/1d194d61c951d01e076c5fbdb94140ac\"},\"description\":\"podr\u00edamos decir heroico gesto, no ha sido suficientemente destacado ni dado a conocer. Como casi siempre, el bien no es noticia y estamos\",\"breadcrumb\":{\"@id\":\"https:\/\/conversesacatalunya.cat\/es\/el-silencio-sobre-el-bien\/#breadcrumb\"},\"inLanguage\":\"es\",\"potentialAction\":[{\"@type\":\"ReadAction\",\"target\":[\"https:\/\/conversesacatalunya.cat\/es\/el-silencio-sobre-el-bien\/\"]}]},{\"@type\":\"ImageObject\",\"inLanguage\":\"es\",\"@id\":\"https:\/\/conversesacatalunya.cat\/es\/el-silencio-sobre-el-bien\/#primaryimage\",\"url\":\"https:\/\/conversesacatalunya.cat\/wp-content\/uploads\/2021\/11\/el-bien.jpg\",\"contentUrl\":\"https:\/\/conversesacatalunya.cat\/wp-content\/uploads\/2021\/11\/el-bien.jpg\",\"width\":640,\"height\":426,\"caption\":\"el bien\"},{\"@type\":\"BreadcrumbList\",\"@id\":\"https:\/\/conversesacatalunya.cat\/es\/el-silencio-sobre-el-bien\/#breadcrumb\",\"itemListElement\":[{\"@type\":\"ListItem\",\"position\":1,\"name\":\"Inici\",\"item\":\"https:\/\/conversesacatalunya.cat\/es\/\"},{\"@type\":\"ListItem\",\"position\":2,\"name\":\"El silencio sobre el bien\"}]},{\"@type\":\"WebSite\",\"@id\":\"https:\/\/conversesacatalunya.cat\/#website\",\"url\":\"https:\/\/conversesacatalunya.cat\/\",\"name\":\"Converses a Catalunya\",\"description\":\"\",\"potentialAction\":[{\"@type\":\"SearchAction\",\"target\":{\"@type\":\"EntryPoint\",\"urlTemplate\":\"https:\/\/conversesacatalunya.cat\/?s={search_term_string}\"},\"query-input\":{\"@type\":\"PropertyValueSpecification\",\"valueRequired\":true,\"valueName\":\"search_term_string\"}}],\"inLanguage\":\"es\"},{\"@type\":\"Person\",\"@id\":\"https:\/\/conversesacatalunya.cat\/#\/schema\/person\/1d194d61c951d01e076c5fbdb94140ac\",\"name\":\"Grupo Are\u00f3pago\",\"image\":{\"@type\":\"ImageObject\",\"inLanguage\":\"es\",\"@id\":\"https:\/\/conversesacatalunya.cat\/#\/schema\/person\/image\/\",\"url\":\"https:\/\/conversesacatalunya.cat\/wp-content\/litespeed\/avatar\/ac3a7e39f4e8c98c3093cb7bfd60fb06.jpg?ver=1777384627\",\"contentUrl\":\"https:\/\/conversesacatalunya.cat\/wp-content\/litespeed\/avatar\/ac3a7e39f4e8c98c3093cb7bfd60fb06.jpg?ver=1777384627\",\"caption\":\"Grupo Are\u00f3pago\"},\"url\":\"https:\/\/conversesacatalunya.cat\/es\/author\/grupo-areopago\/\"}]}<\/script>\n<!-- \/ Yoast SEO plugin. -->","yoast_head_json":{"title":"El silencio sobre el bien - Converses a Catalunya","description":"podr\u00edamos decir heroico gesto, no ha sido suficientemente destacado ni dado a conocer. Como casi siempre, el bien no es noticia y estamos","robots":{"index":"noindex","follow":"nofollow"},"og_locale":"es_ES","og_type":"article","og_title":"El silencio sobre el bien - Converses a Catalunya","og_description":"podr\u00edamos decir heroico gesto, no ha sido suficientemente destacado ni dado a conocer. Como casi siempre, el bien no es noticia y estamos","og_url":"https:\/\/conversesacatalunya.cat\/es\/el-silencio-sobre-el-bien\/","og_site_name":"Converses a Catalunya","article_published_time":"2021-11-08T08:35:26+00:00","og_image":[{"width":640,"height":426,"url":"https:\/\/conversesacatalunya.cat\/wp-content\/uploads\/2021\/11\/el-bien.jpg","type":"image\/jpeg"}],"author":"Grupo Are\u00f3pago","twitter_card":"summary_large_image","twitter_misc":{"Escrito por":"Grupo Are\u00f3pago","Tiempo de lectura":"2 minutos"},"schema":{"@context":"https:\/\/schema.org","@graph":[{"@type":"Article","@id":"https:\/\/conversesacatalunya.cat\/es\/el-silencio-sobre-el-bien\/#article","isPartOf":{"@id":"https:\/\/conversesacatalunya.cat\/es\/el-silencio-sobre-el-bien\/"},"author":{"name":"Grupo Are\u00f3pago","@id":"https:\/\/conversesacatalunya.cat\/#\/schema\/person\/1d194d61c951d01e076c5fbdb94140ac"},"headline":"El silencio sobre el bien","datePublished":"2021-11-08T08:35:26+00:00","mainEntityOfPage":{"@id":"https:\/\/conversesacatalunya.cat\/es\/el-silencio-sobre-el-bien\/"},"wordCount":368,"commentCount":0,"image":{"@id":"https:\/\/conversesacatalunya.cat\/es\/el-silencio-sobre-el-bien\/#primaryimage"},"thumbnailUrl":"https:\/\/conversesacatalunya.cat\/wp-content\/uploads\/2021\/11\/el-bien.jpg","articleSection":["Opinem (ES)"],"inLanguage":"es","potentialAction":[{"@type":"CommentAction","name":"Comment","target":["https:\/\/conversesacatalunya.cat\/es\/el-silencio-sobre-el-bien\/#respond"]}]},{"@type":"WebPage","@id":"https:\/\/conversesacatalunya.cat\/es\/el-silencio-sobre-el-bien\/","url":"https:\/\/conversesacatalunya.cat\/es\/el-silencio-sobre-el-bien\/","name":"El silencio sobre el bien - Converses a Catalunya","isPartOf":{"@id":"https:\/\/conversesacatalunya.cat\/#website"},"primaryImageOfPage":{"@id":"https:\/\/conversesacatalunya.cat\/es\/el-silencio-sobre-el-bien\/#primaryimage"},"image":{"@id":"https:\/\/conversesacatalunya.cat\/es\/el-silencio-sobre-el-bien\/#primaryimage"},"thumbnailUrl":"https:\/\/conversesacatalunya.cat\/wp-content\/uploads\/2021\/11\/el-bien.jpg","datePublished":"2021-11-08T08:35:26+00:00","author":{"@id":"https:\/\/conversesacatalunya.cat\/#\/schema\/person\/1d194d61c951d01e076c5fbdb94140ac"},"description":"podr\u00edamos decir heroico gesto, no ha sido suficientemente destacado ni dado a conocer. Como casi siempre, el bien no es noticia y estamos","breadcrumb":{"@id":"https:\/\/conversesacatalunya.cat\/es\/el-silencio-sobre-el-bien\/#breadcrumb"},"inLanguage":"es","potentialAction":[{"@type":"ReadAction","target":["https:\/\/conversesacatalunya.cat\/es\/el-silencio-sobre-el-bien\/"]}]},{"@type":"ImageObject","inLanguage":"es","@id":"https:\/\/conversesacatalunya.cat\/es\/el-silencio-sobre-el-bien\/#primaryimage","url":"https:\/\/conversesacatalunya.cat\/wp-content\/uploads\/2021\/11\/el-bien.jpg","contentUrl":"https:\/\/conversesacatalunya.cat\/wp-content\/uploads\/2021\/11\/el-bien.jpg","width":640,"height":426,"caption":"el bien"},{"@type":"BreadcrumbList","@id":"https:\/\/conversesacatalunya.cat\/es\/el-silencio-sobre-el-bien\/#breadcrumb","itemListElement":[{"@type":"ListItem","position":1,"name":"Inici","item":"https:\/\/conversesacatalunya.cat\/es\/"},{"@type":"ListItem","position":2,"name":"El silencio sobre el bien"}]},{"@type":"WebSite","@id":"https:\/\/conversesacatalunya.cat\/#website","url":"https:\/\/conversesacatalunya.cat\/","name":"Converses a Catalunya","description":"","potentialAction":[{"@type":"SearchAction","target":{"@type":"EntryPoint","urlTemplate":"https:\/\/conversesacatalunya.cat\/?s={search_term_string}"},"query-input":{"@type":"PropertyValueSpecification","valueRequired":true,"valueName":"search_term_string"}}],"inLanguage":"es"},{"@type":"Person","@id":"https:\/\/conversesacatalunya.cat\/#\/schema\/person\/1d194d61c951d01e076c5fbdb94140ac","name":"Grupo Are\u00f3pago","image":{"@type":"ImageObject","inLanguage":"es","@id":"https:\/\/conversesacatalunya.cat\/#\/schema\/person\/image\/","url":"https:\/\/conversesacatalunya.cat\/wp-content\/litespeed\/avatar\/ac3a7e39f4e8c98c3093cb7bfd60fb06.jpg?ver=1777384627","contentUrl":"https:\/\/conversesacatalunya.cat\/wp-content\/litespeed\/avatar\/ac3a7e39f4e8c98c3093cb7bfd60fb06.jpg?ver=1777384627","caption":"Grupo Are\u00f3pago"},"url":"https:\/\/conversesacatalunya.cat\/es\/author\/grupo-areopago\/"}]}},"wps_subtitle":"La madre de la ni\u00f1a fallecida se dirigi\u00f3 a la conductora del veh\u00edculo que caus\u00f3 el accidente y tambi\u00e9n le brind\u00f3 su abrazo en medio de un momento tan dram\u00e1tico y complicado","_links":{"self":[{"href":"https:\/\/conversesacatalunya.cat\/es\/wp-json\/wp\/v2\/posts\/51960","targetHints":{"allow":["GET"]}}],"collection":[{"href":"https:\/\/conversesacatalunya.cat\/es\/wp-json\/wp\/v2\/posts"}],"about":[{"href":"https:\/\/conversesacatalunya.cat\/es\/wp-json\/wp\/v2\/types\/post"}],"author":[{"embeddable":true,"href":"https:\/\/conversesacatalunya.cat\/es\/wp-json\/wp\/v2\/users\/37"}],"replies":[{"embeddable":true,"href":"https:\/\/conversesacatalunya.cat\/es\/wp-json\/wp\/v2\/comments?post=51960"}],"version-history":[{"count":3,"href":"https:\/\/conversesacatalunya.cat\/es\/wp-json\/wp\/v2\/posts\/51960\/revisions"}],"predecessor-version":[{"id":51965,"href":"https:\/\/conversesacatalunya.cat\/es\/wp-json\/wp\/v2\/posts\/51960\/revisions\/51965"}],"wp:featuredmedia":[{"embeddable":true,"href":"https:\/\/conversesacatalunya.cat\/es\/wp-json\/wp\/v2\/media\/51963"}],"wp:attachment":[{"href":"https:\/\/conversesacatalunya.cat\/es\/wp-json\/wp\/v2\/media?parent=51960"}],"wp:term":[{"taxonomy":"category","embeddable":true,"href":"https:\/\/conversesacatalunya.cat\/es\/wp-json\/wp\/v2\/categories?post=51960"},{"taxonomy":"post_tag","embeddable":true,"href":"https:\/\/conversesacatalunya.cat\/es\/wp-json\/wp\/v2\/tags?post=51960"}],"curies":[{"name":"wp","href":"https:\/\/api.w.org\/{rel}","templated":true}]}}