{"id":51871,"date":"2021-11-04T11:00:59","date_gmt":"2021-11-04T10:00:59","guid":{"rendered":"https:\/\/conversesacatalunya.cat\/?p=51871"},"modified":"2021-11-05T08:53:21","modified_gmt":"2021-11-05T07:53:21","slug":"el-desafio-de-polonia-a-europa","status":"publish","type":"post","link":"https:\/\/conversesacatalunya.cat\/es\/el-desafio-de-polonia-a-europa\/","title":{"rendered":"El desafio de Polonia a Europa"},"content":{"rendered":"<p><strong>El 7 de octubre de este a\u00f1o el Tribunal Constitucional polaco pronunci\u00f3 una sentencia seg\u00fan la cual Polonia negaba la supremac\u00eda del derecho europeo sobre las leyes nacionales y declaraba los tratados comunitarios incompatibles con su ley fundamental. Con esa sentencia, Polonia rechazaba el principio jur\u00eddico rector de la UE: la primac\u00eda del derecho comunitario sobre el estatal.<\/strong><\/p>\n<p>El veredicto fue emitido en respuesta a una pregunta del actual Gobierno populista polaco, presidido por Mateus Morawiecki, que se hab\u00eda negado a aplicar sentencias del Tribunal de Justicia de la UE (TJUE) contra las \u00faltimas reformas del sistema judicial. <strong>Tal desaf\u00edo significaba, a los ojos de la UE, la gota que colmaba el vaso de la deriva polaca hacia una \u201cdemocracia iliberal\u201d, impulsada por un ejecutivo \u201cantieuropeo y autoritario\u201d, parecido a la producida en Hungr\u00eda, Chequia y Eslovaquia que, junto con Polonia, forman un conjunto de pa\u00edses de Europa Central llamado Grupo de Visegrado.<\/strong><\/p>\n<h4><strong>Estos cuatro pa\u00edses representan una concepci\u00f3n democr\u00e1tica alternativa<\/strong> que desprecia a las minor\u00edas, pretende controlar a los medios de comunicaci\u00f3n, tutela a los tribunales de justicia y menoscaba el papel de la oposici\u00f3n. Para entender el origen y significado del Grupo es necesario recurrir a la historia.<\/h4>\n<p>En 1335, en la fortaleza h\u00fangara de Visegrado, los reyes de Polonia, Bohemia y Hungr\u00eda acordaron una alianza para hacer frente al Imperio de la Casa de Habsburgo. Siglos m\u00e1s tarde, tras el derrumbe del \u00abtel\u00f3n de acero\u00bb, se lanz\u00f3 una nueva iniciativa de cooperaci\u00f3n de los cuatro pa\u00edses. Fue en 1991, y la raz\u00f3n era su pr\u00f3xima incorporaci\u00f3n a la UE, que sucedi\u00f3 en 2004. A partir de entonces naci\u00f3 el iliberalismo y el populismo actual, propio del Grupo, basado en una desconfianza en relaci\u00f3n con el \u00abnuevo centralismo de Bruselas\u00bb. En 2014, el l\u00edder h\u00fangaro Viktor Orban declar\u00f3 que \u00abel nuevo Estado que estamos construyendo en Hungr\u00eda es un Estado iliberal, que significa un Estado no liberal\u00bb.<\/p>\n<p><strong>El concepto \u00abiliberal\u00bb se atribuye al polit\u00f3logo estadounidense\u00a0Fareed\u00a0Zakaria.<\/strong> Se refiere a una pretendida eliminaci\u00f3n de la tradici\u00f3n liberal, es decir, aquella que valora la libertad, la democracia, la igualdad, el Estado de derecho y los derechos humanos. El Grupo de Visegrado huye de estos valores y se declara a s\u00ed mismo el \u00faltimo refugio de los verdaderos valores europeos. Zakaria justifica hasta cierto punto las posiciones del Grupo, cuando nos recuerda el gran sufrimiento de estos pa\u00edses atrapados durante d\u00e9cadas bajo la influencia sovi\u00e9tica, el abandono por parte del Oeste y su mal recuerdo de los f\u00e9rreos controles impuestos despiadadamente por poderes extranjeros sobre sus vidas. Pero, al mismo tiempo, critica sus posiciones al avisar de que confunden a la UE con situaciones que le son absolutamente ajenas.<\/p>\n<p><strong>El pasado mes de marzo el Gobierno de Varsovia hab\u00eda pedido a su Tribunal Constitucional que se pronunciara sobre la concordancia de la legislaci\u00f3n europea con la Constituci\u00f3n polaca<\/strong>. El Tribunal Constitucional polaco actual es un organismo designado por el partido gobernante Derecho y Justicia (PIS, seg\u00fan el acr\u00f3nimo polaco), un partido de ideolog\u00eda fuertemente conservadora y nacionalista, fundado en 2001 por los hermanos Kaczynski.<\/p>\n<p>Despu\u00e9s de a\u00f1os de toma y daca con la UE sobre las reformas que hab\u00eda ido implementando desde que lleg\u00f3 al poder en el 2005, y despu\u00e9s de semanas de maniobras y cuatro aplazamientos de las sesiones del Constitucional,<strong> el Gobierno del PIS decidi\u00f3 finalmente forzar a\u00fan m\u00e1s la cuerda y desafiar abiertamente a la UE.<\/strong> Desde que asumi\u00f3 el poder, el actual Gobierno polaco ha violado su propia Constituci\u00f3n repetidas veces, ignorando decisiones en contra cuando las emit\u00eda el aut\u00e9ntico Constitucional, que ha sido sustituido por un cuerpo de funcionarios obedientes, que es lo que el 9 de octubre ha lanzado el envite.<\/p>\n<p><strong>La Comisi\u00f3n Europea, guardiana de los Tratados europeos, reaccion\u00f3 enseguida en contra de aquella sentencia<\/strong>, con expresiones tan contundentes como las siguientes. \u201cNo dejaremos que pongan en riesgo nuestros valores comunes. Es la primera vez que un tribunal de un Estado miembro declara que los tratados de la UE son incompatibles con la Constituci\u00f3n nacional. Se ataca uno de los cimientos de la construcci\u00f3n comunitaria. Usaremos todos nuestros poderes para hacer respetar la supremac\u00eda del derecho comunitario\u201c.<\/p>\n<p><strong>La Comisi\u00f3n acudi\u00f3 al TJUE contra Varsovia por no haber suspendido el r\u00e9gimen disciplinario que le permite sancionar a los jueces del Tribunal Supremo por sus sentencias<\/strong>. El TJUE orden\u00f3 al Gobierno polaco, el pasado julio, tomar medidas cautelares mientras examinaba la denuncia interpuesta por Bruselas en defensa de la independencia de los jueces, a la espera de una sentencia definitiva. Varsovia respondi\u00f3 a esta orden con la promesa de \u00abdesmantelar\u00bb la Sala Disciplinaria del Tribunal Supremo, otro \u00f3rgano altamente politizado por la forma como se designan sus miembros, \u00aben la forma actual\u00bb. Sin embargo, hasta ahora no ha tomado medidas y el presidente de la citada Sala ha continuado actuando, lo que explica la decisi\u00f3n de la Comisi\u00f3n Europea de volver a recurrir a la justicia.<\/p>\n<p><strong>El d\u00eda 9 de octubre miles de manifestantes salieron a las calles de Varsovia y otras ciudades polacas para expresar su rechazo a la sentencia del 7 de octubre<\/strong>. En el Castillo Real de Varsovia, entre una marea de banderas polacas y europeas ondeando sobre la multitud, el l\u00edder liberal y expresidente del Consejo Europeo, Donald Tusk, expres\u00f3 su \u201calarma ante la decisi\u00f3n del partido gobernante de sacarnos de la UE \u201cy a\u00f1adi\u00f3 que \u201cdefendemos una Polonia soberana, europea, democr\u00e1tica, gobernada por la ley y honesta, hoy pisoteada por un gobierno usurpador sin conciencia ni moral\u201d.<\/p>\n<p><strong>El conflicto lleg\u00f3 el 19 de octubre al Parlamento Europeo<\/strong>, convertido en el escenario de un tenso y agitado debate entre el primer ministro polaco, Mateus Morawiecki, los eurodiputados y la presidenta de la Comisi\u00f3n Europea, la alemana \u00darsula von der Leyen, que declar\u00f3 que el conflicto estaba lejos de arreglarse. <strong>Morawiecki acus\u00f3 a Bruselas de \u201cchantaje financiero\u201cy de utilizar \u201cel lenguaje de las amenazas\u201c<\/strong>. Dijo que Polonia no se dejar\u00eda \u201cintimidar\u201d y acus\u00f3 a las instituciones comunitarias de tratar a los Estados miembros con una doble vara de medida. \u201cNo nos quedaremos callados mientras nuestro pa\u00eds es atacado, tambi\u00e9n en esta sala, de forma injusta e imparcial \u201c. Dijo que el gobierno polaco luchar\u00eda contra la \u00abrevoluci\u00f3n silenciosa\u00bb que se estaba llevando a cabo por parte de los jueces de Luxemburgo, sede del TJUE, para convertir secretamente a los Estados miembros en meras \u00abprovincias\u00bb a las \u00f3rdenes de un poder centralizado en Bruselas. \u201cSi quieres convertir a Europa en un superestado sin Estados naci\u00f3n, deber\u00edas tener la aprobaci\u00f3n de todos. Los \u00fanicos se\u00f1ores de los tratados son los Estados miembros \u201c. Esta \u00faltima expresi\u00f3n recordaba con sorna una sentencia del prestigioso Tratado Constitucional alem\u00e1n sobre el mismo tema, especialmente relacionado con actuaciones del Banco Central Europeo referidas al programa de compra de bonos, que aquel Tribunal consideraba <em>ultra vires<\/em>, es decir, m\u00e1s all\u00e1 de las atribuciones concedidas por los tratados. Eran palabras que tambi\u00e9n recordaban las pronunciadas varias veces por el l\u00edder h\u00fangaro, V\u00edktor Orban, en el mismo hemiciclo.<\/p>\n<p>Sin embargo, <strong>Morawiecki dej\u00f3 bien claro ante el Parlamento Europeo que el Polexit (salida de la UE) no era una opci\u00f3n para su gobierno, como tampoco lo es por la opini\u00f3n p\u00fablica polaca, masivamente a favor de la pertenencia a la UE<\/strong> (su soporte supera actualmente el 80 por ciento). \u00abLa integraci\u00f3n fue nuestra elecci\u00f3n, la Uni\u00f3n Europea es nuestro destino, Polonia no se ir\u00e1 a ninguna parte\u00bb, asegur\u00f3 el jefe del ejecutivo polaco, acusado por numerosos eurodiputados de haber puesto su pa\u00eds a las puertas de la UE con su pol\u00edtica de insumisi\u00f3n legal.<\/p>\n<h4><strong>Abri\u00f3 el debate parlamentario, celebrado en Estrasburgo, la presidenta de la Comisi\u00f3n, que detall\u00f3 las distintas herramientas de que dispon\u00eda el ejecutivo europeo para reaccionar contra el desaf\u00edo polaco.<\/strong><\/h4>\n<p>Una fundamental consiste en <strong>la suspensi\u00f3n de los fondos comunitarios que Polonia tiene asignados en el presupuesto actual<\/strong>. Se trata del Mecanismo de Condicionalidad aprobado en paralelo al Fondo de Recuperaci\u00f3n lanzado para combatir las consecuencias econ\u00f3micas de la pandemia, una herramienta que liga los desembolsos con respecto al Estado de derecho. Varsovia tiene asignado un primer cheque de 36.000 millones de euros de este fondo, de los que de momento no ha recibido ni uno. Este Mecanismo de Condicionalidad ha sido recurrido ante el TJUE por Polonia y Hungr\u00eda conjuntamente. Otra herramienta consiste en <strong>abrir un procedimiento de infracci\u00f3n<\/strong>, tal y como hizo con el Tribunal Constitucional alem\u00e1n en un \u00e1mbito mucho m\u00e1s limitado referido al BCE. Adem\u00e1s, a Polonia se le pueden imponer multas diarias e incluso retirarle su derecho de voto en el Consejo Europeo. Esto \u00faltimo es lo que establece el art\u00edculo 7 del Tratado de Lisboa, llamado \u00abel bot\u00f3n nuclear\u00bb, pensado como un arma disuasoria de \u00faltimo recurso. El Parlamento presiona a la Comisi\u00f3n para que act\u00fae deprisa y con contundencia.<\/p>\n<h4><strong>Los d\u00edas 21 y 22 de octubre los l\u00edderes de la UE, reunidos en Consejo Europeo, abordaron el envite polaco.<\/strong><\/h4>\n<p>Para <strong>Angela Merkel<\/strong>, \u00e9sta era su \u00faltima cumbre europea como cancillera de Alemania. Sus colegas le han dedicado muchos elogios. El presidente del Consejo Europeo, el belga Charles Michel, ha dicho: \u00ab\u00c1ngela, eres un monumento, el Consejo Europeo sin ti ser\u00e1 como Par\u00eds sin la torre Eiffel o Roma sin el Vaticano\u00bb. \u201cBr\u00fajula para el proyecto europeo\u201d, \u201cm\u00e1quina de alcanzar acuerdos\u201d o \u201creceso de paz\u201d han sido algunos otros halagos que le han dedicado el resto de jefes de Estado y de Gobierno.<\/p>\n<p><strong>Enfrentados al desaf\u00edo polaco, los l\u00edderes europeos han apostado una vez m\u00e1s por la v\u00eda Merkel de intentar rebajar la temperatura del choque con el Gobierno de Morawiecki, para entender mejor las preocupaciones de la otra parte y buscar soluciones de consenso<\/strong>. La oferta anunciada por Varsovia, hace algunas semanas, de eliminar la famosa Sala Disciplinaria, podr\u00eda ofrecer una salida a la crisis. Merkel tambi\u00e9n ha aconsejado abordar el tema en la Conferencia sobre el Futuro de Europa, un ejercicio de final incierto y probablemente de pocas consecuencias pr\u00e1cticas, que termina el pr\u00f3ximo 11 de mayo, D\u00eda de Europa. En la cumbre, el esp\u00edritu imperante favorec\u00eda \u201cel di\u00e1logo\u201d con Varsovia y no la toma de medidas dr\u00e1sticas.<\/p>\n<p><strong>El mi\u00e9rcoles 27 de octubre el TJUE ha certificado que el Gobierno polaco no ha desmantelado la Sala Disciplinaria del Tribunal Supremo y, en consecuencia, le ha impuesto una multa de un mill\u00f3n de euros al d\u00eda, que tendr\u00e1 que pagar a la Comisi\u00f3n Europea.<\/strong> Es la sanci\u00f3n diaria m\u00e1s alta jam\u00e1s impuesta por el Tribunal europeo. El portavoz del Gobierno polaco ha cargado de inmediato contra esta decisi\u00f3n: \u00a0\u201cEl camino de los castigos y chantajes hacia nuestro pa\u00eds no es el correcto. La UE es una comunidad de estados soberanos regidos por reglas claras. Muestran una clara divisi\u00f3n de competencias entre la UE y los Estados miembros. La regulaci\u00f3n de la organizaci\u00f3n del poder judicial es competencia de los Estados miembros\u201d. Sin embargo, el jefe de Gobierno, Morawiecki ha anunciado un \u00abcompromiso\u00bb para cerrar la pol\u00e9mica Sala de Disciplina del Tribunal Supremo.<\/p>\n<p><strong>El mundo diplom\u00e1tico que sigue de cerca el envite polaco<\/strong> considera que, al final, los que podr\u00edan salir m\u00e1s perjudicados de todo ser\u00edan los polacos y que por eso mismo es casi seguro que dejar\u00e1n de estirar la cuerda antes\u00a0que las cosas se compliquen en serio. <strong>En Bruselas se cree que una posible salida de Polonia de la UE est\u00e1 completamente fuera de sitio<\/strong>. Primeramente, porque en la UE no hay mecanismos de expulsi\u00f3n de un Estado miembro, despu\u00e9s porque ni el Gobierno polaco actual, ni mucho menos el que previsiblemente puede relevarlo pronto, quieren la salida de Polonia de la UE (Polexit), y en tercer lugar porque ser\u00eda fuera de toda l\u00f3gica castigar a una poblaci\u00f3n polaca mayoritariamente favorable a la permanencia de su pa\u00eds en la UE.<\/p>\n<p><strong>Los observadores m\u00e1s optimistas piensan que, sin propon\u00e9rselo, los gobiernos de Varsovia y de Budapest, con sus derivas iliberales, est\u00e1n propiciando un paso m\u00e1s hacia la uni\u00f3n pol\u00edtica europea<\/strong>, ya que ahora todo el mundo sabe que no respetar los valores comunes de la UE podr\u00eda tener un alto coste para el pa\u00eds que lo intente. Concluyen que, al igual que el Brexit cohesion\u00f3 de forma imprevista la unidad de los veintisiete pa\u00edses restantes en la UE, el fracaso del Polexit est\u00e1 teniendo el mismo efecto.<\/p>\n<p>En cambio,<strong> medios influyentes, como The Economist, creen que el \u201cproblema polaco\u201c no se resolver\u00e1 f\u00e1cilmente y seguir\u00e1 siendo un problema grave precisamente porque Polonia no acabar\u00e1 saliendo de la UE (Polexit), <\/strong>y desde dentro seguir\u00e1 bien vivo y haciendo da\u00f1o. Por eso hablan de dirty remain (permanencia sucia),\u00a0que consideran a\u00fan m\u00e1s perniciosa que el Polexit. Creen que la sentencia polaca del 7 de octubre ha fracturado seis d\u00e9cadas de derecho europeo. Vaticinan que, si Polonia y Hungr\u00eda siguen siendo miembros de la UE y no respetan sus valores democr\u00e1ticos, la implosi\u00f3n de la UE ser\u00e1 inevitable.<\/p>\n<span class='bctt-click-to-tweet'><span class='bctt-ctt-text'><a href='https:\/\/twitter.com\/intent\/tweet?url=https%3A%2F%2Fconversesacatalunya.cat%2Fes%2Fel-desafio-de-polonia-a-europa%2F&#038;text=Morawiecki%20acus%C3%B3%20a%20Bruselas%20de%20chantaje%20financiero%20y%20de%20utilizar%20el%20lenguaje%20de%20las%20amenazas&#038;via=conversesacat&#038;related=conversesacat' target='_blank'rel=\"noopener noreferrer\">Morawiecki acus\u00f3 a Bruselas de chantaje financiero y de utilizar el lenguaje de las amenazas <\/a><\/span><a href='https:\/\/twitter.com\/intent\/tweet?url=https%3A%2F%2Fconversesacatalunya.cat%2Fes%2Fel-desafio-de-polonia-a-europa%2F&#038;text=Morawiecki%20acus%C3%B3%20a%20Bruselas%20de%20chantaje%20financiero%20y%20de%20utilizar%20el%20lenguaje%20de%20las%20amenazas&#038;via=conversesacat&#038;related=conversesacat' target='_blank' class='bctt-ctt-btn'rel=\"noopener noreferrer\">Compartir en X<\/a><\/span>\n<div id=\"polls-123\" class=\"wp-polls\">\n\t<form id=\"polls_form_123\" class=\"wp-polls-form\" action=\"\/index.php\" method=\"post\">\n\t\t<p style=\"display: none;\"><input type=\"hidden\" id=\"poll_123_nonce\" name=\"wp-polls-nonce\" value=\"dddc0eaa14\" \/><\/p>\n\t\t<p style=\"display: none;\"><input type=\"hidden\" name=\"poll_id\" value=\"123\" \/><\/p>\n\t\t<p style=\"text-align: center\"><strong>Sabies que el govern espanyol ha guanyat 1.125 milions d'euros el primer semestre de 2021 amb la pujada de la llum?<\/strong><\/p><div id=\"polls-123-ans\" class=\"wp-polls-ans\"><ul class=\"wp-polls-ul\">\n\t\t<li><input type=\"radio\" id=\"poll-answer-296\" name=\"poll_123\" value=\"296\" \/> <label for=\"poll-answer-296\">S\u00ed<\/label><\/li>\n\t\t<li><input type=\"radio\" id=\"poll-answer-297\" name=\"poll_123\" value=\"297\" \/> <label for=\"poll-answer-297\">No<\/label><\/li>\n\t\t<\/ul><p style=\"text-align: center\"><input type=\"button\" name=\"vote\" value=\"   Vota   \" class=\"Buttons\" onclick=\"poll_vote(123);\" \/><\/p><p style=\"text-align: center\"><a href=\"#ViewPollResults\" onclick=\"poll_result(123); return false;\" title=\"View Results Of This Poll\">Mira els resultats<\/a><\/p><\/div>\n\t<\/form>\n<\/div>\n<div id=\"polls-123-loading\" class=\"wp-polls-loading\"><img decoding=\"async\" data-src=\"https:\/\/conversesacatalunya.cat\/wp-content\/plugins\/wp-polls\/images\/loading.gif\" width=\"16\" height=\"16\" alt=\"Cargando ...\" title=\"Cargando ...\" class=\"wp-polls-image lazyload\" src=\"data:image\/svg+xml;base64,PHN2ZyB3aWR0aD0iMSIgaGVpZ2h0PSIxIiB4bWxucz0iaHR0cDovL3d3dy53My5vcmcvMjAwMC9zdmciPjwvc3ZnPg==\" style=\"--smush-placeholder-width: 16px; --smush-placeholder-aspect-ratio: 16\/16;\" \/>&nbsp;Cargando ...<\/div>\n\n","protected":false},"excerpt":{"rendered":"<p>El 7 de octubre de este a\u00f1o el Tribunal Constitucional polaco pronunci\u00f3 una sentencia seg\u00fan la cual Polonia negaba la supremac\u00eda del derecho europeo sobre las leyes nacionales y declaraba los tratados comunitarios incompatibles con su ley fundamental. Con esa sentencia, Polonia rechazaba el principio jur\u00eddico rector de la UE: la primac\u00eda del derecho comunitario sobre el estatal. El veredicto fue emitido en respuesta a una pregunta del actual Gobierno populista polaco, presidido por Mateus Morawiecki, que se hab\u00eda negado a aplicar sentencias del Tribunal de Justicia de la UE (TJUE) contra las \u00faltimas reformas del sistema judicial. Tal desaf\u00edo significaba, a los ojos de la UE, la gota que colmaba el vaso de la deriva polaca hacia una \u201cdemocracia iliberal\u201d, impulsada por un ejecutivo \u201cantieuropeo y autoritario\u201d, parecido a la producida en Hungr\u00eda, Chequia y Eslovaquia que, junto con Polonia, forman un conjunto de pa\u00edses de Europa Central llamado Grupo de Visegrado. Estos cuatro pa\u00edses representan una concepci\u00f3n democr\u00e1tica alternativa que desprecia a las minor\u00edas, pretende controlar a los medios de comunicaci\u00f3n, tutela a los tribunales de justicia y menoscaba el papel de la oposici\u00f3n. Para entender el origen y significado del Grupo es necesario recurrir a la historia. En 1335, en la fortaleza h\u00fangara de Visegrado, los reyes de Polonia, Bohemia y Hungr\u00eda acordaron una alianza para hacer frente al Imperio de la Casa de Habsburgo. Siglos m\u00e1s tarde, tras el derrumbe del \u00abtel\u00f3n de acero\u00bb, se lanz\u00f3 una nueva iniciativa de cooperaci\u00f3n de los cuatro pa\u00edses. Fue en 1991, y la raz\u00f3n era su pr\u00f3xima incorporaci\u00f3n a la UE, que sucedi\u00f3 en 2004. A partir de entonces naci\u00f3 el iliberalismo y el populismo actual, propio del Grupo, basado en una desconfianza en relaci\u00f3n con el \u00abnuevo centralismo de Bruselas\u00bb. En 2014, el l\u00edder h\u00fangaro Viktor Orban declar\u00f3 que \u00abel nuevo Estado que estamos construyendo en Hungr\u00eda es un Estado iliberal, que significa un Estado no liberal\u00bb. El concepto \u00abiliberal\u00bb se atribuye al polit\u00f3logo estadounidense\u00a0Fareed\u00a0Zakaria. Se refiere a una pretendida eliminaci\u00f3n de la tradici\u00f3n liberal, es decir, aquella que valora la libertad, la democracia, la igualdad, el Estado de derecho y los derechos humanos. El Grupo de Visegrado huye de estos valores y se declara a s\u00ed mismo el \u00faltimo refugio de los verdaderos valores europeos. Zakaria justifica hasta cierto punto las posiciones del Grupo, cuando nos recuerda el gran sufrimiento de estos pa\u00edses atrapados durante d\u00e9cadas bajo la influencia sovi\u00e9tica, el abandono por parte del Oeste y su mal recuerdo de los f\u00e9rreos controles impuestos despiadadamente por poderes extranjeros sobre sus vidas. Pero, al mismo tiempo, critica sus posiciones al avisar de que confunden a la UE con situaciones que le son absolutamente ajenas. El pasado mes de marzo el Gobierno de Varsovia hab\u00eda pedido a su Tribunal Constitucional que se pronunciara sobre la concordancia de la legislaci\u00f3n europea con la Constituci\u00f3n polaca. El Tribunal Constitucional polaco actual es un organismo designado por el partido gobernante Derecho y Justicia (PIS, seg\u00fan el acr\u00f3nimo polaco), un partido de ideolog\u00eda fuertemente conservadora y nacionalista, fundado en 2001 por los hermanos Kaczynski. Despu\u00e9s de a\u00f1os de toma y daca con la UE sobre las reformas que hab\u00eda ido implementando desde que lleg\u00f3 al poder en el 2005, y despu\u00e9s de semanas de maniobras y cuatro aplazamientos de las sesiones del Constitucional, el Gobierno del PIS decidi\u00f3 finalmente forzar a\u00fan m\u00e1s la cuerda y desafiar abiertamente a la UE. Desde que asumi\u00f3 el poder, el actual Gobierno polaco ha violado su propia Constituci\u00f3n repetidas veces, ignorando decisiones en contra cuando las emit\u00eda el aut\u00e9ntico Constitucional, que ha sido sustituido por un cuerpo de funcionarios obedientes, que es lo que el 9 de octubre ha lanzado el envite. La Comisi\u00f3n Europea, guardiana de los Tratados europeos, reaccion\u00f3 enseguida en contra de aquella sentencia, con expresiones tan contundentes como las siguientes. \u201cNo dejaremos que pongan en riesgo nuestros valores comunes. Es la primera vez que un tribunal de un Estado miembro declara que los tratados de la UE son incompatibles con la Constituci\u00f3n nacional. Se ataca uno de los cimientos de la construcci\u00f3n comunitaria. Usaremos todos nuestros poderes para hacer respetar la supremac\u00eda del derecho comunitario\u201c. La Comisi\u00f3n acudi\u00f3 al TJUE contra Varsovia por no haber suspendido el r\u00e9gimen disciplinario que le permite sancionar a los jueces del Tribunal Supremo por sus sentencias. El TJUE orden\u00f3 al Gobierno polaco, el pasado julio, tomar medidas cautelares mientras examinaba la denuncia interpuesta por Bruselas en defensa de la independencia de los jueces, a la espera de una sentencia definitiva. Varsovia respondi\u00f3 a esta orden con la promesa de \u00abdesmantelar\u00bb la Sala Disciplinaria del Tribunal Supremo, otro \u00f3rgano altamente politizado por la forma como se designan sus miembros, \u00aben la forma actual\u00bb. Sin embargo, hasta ahora no ha tomado medidas y el presidente de la citada Sala ha continuado actuando, lo que explica la decisi\u00f3n de la Comisi\u00f3n Europea de volver a recurrir a la justicia. El d\u00eda 9 de octubre miles de manifestantes salieron a las calles de Varsovia y otras ciudades polacas para expresar su rechazo a la sentencia del 7 de octubre. En el Castillo Real de Varsovia, entre una marea de banderas polacas y europeas ondeando sobre la multitud, el l\u00edder liberal y expresidente del Consejo Europeo, Donald Tusk, expres\u00f3 su \u201calarma ante la decisi\u00f3n del partido gobernante de sacarnos de la UE \u201cy a\u00f1adi\u00f3 que \u201cdefendemos una Polonia soberana, europea, democr\u00e1tica, gobernada por la ley y honesta, hoy pisoteada por un gobierno usurpador sin conciencia ni moral\u201d. El conflicto lleg\u00f3 el 19 de octubre al Parlamento Europeo, convertido en el escenario de un tenso y agitado debate entre el primer ministro polaco, Mateus Morawiecki, los eurodiputados y la presidenta de la Comisi\u00f3n Europea, la alemana \u00darsula von der Leyen, que declar\u00f3 que el conflicto estaba lejos de arreglarse. Morawiecki acus\u00f3 a Bruselas de \u201cchantaje financiero\u201cy de utilizar \u201cel lenguaje de las amenazas\u201c. Dijo que Polonia no se dejar\u00eda \u201cintimidar\u201d y acus\u00f3 a las instituciones comunitarias de tratar a los Estados&#8230;<\/p>\n","protected":false},"author":38,"featured_media":51817,"comment_status":"open","ping_status":"open","sticky":false,"template":"","format":"standard","meta":{"_FSMCFIC_featured_image_caption":"","_FSMCFIC_featured_image_nocaption":"","_FSMCFIC_featured_image_hide":"","footnotes":""},"categories":[798,806],"tags":[2764,1683,4115,1334,4116],"class_list":["post-51871","post","type-post","status-publish","format-standard","has-post-thumbnail","hentry","category-pro-europa-es","category-punts-claus-del-dia-es","tag-angela-merkel-es","tag-comision-europea-es","tag-derecho-y-justicia","tag-union-europea","tag-visegrado"],"yoast_head":"<!-- This site is optimized with the Yoast SEO plugin v26.8 - https:\/\/yoast.com\/product\/yoast-seo-wordpress\/ -->\n<title>El desafio de Polonia a Europa - Converses a Catalunya<\/title>\n<meta name=\"description\" content=\"Con esa sentencia, Polonia rechazaba el principio jur\u00eddico rector de la UE: la primac\u00eda del derecho comunitario sobre el estatal.\" \/>\n<meta name=\"robots\" content=\"index, follow, max-snippet:-1, max-image-preview:large, max-video-preview:-1\" \/>\n<link rel=\"canonical\" href=\"https:\/\/conversesacatalunya.cat\/es\/el-desafio-de-polonia-a-europa\/\" \/>\n<meta property=\"og:locale\" content=\"es_ES\" \/>\n<meta property=\"og:type\" content=\"article\" \/>\n<meta property=\"og:title\" content=\"El desafio de Polonia a Europa - Converses a Catalunya\" \/>\n<meta property=\"og:description\" content=\"Con esa sentencia, Polonia rechazaba el principio jur\u00eddico rector de la UE: la primac\u00eda del derecho comunitario sobre el estatal.\" \/>\n<meta property=\"og:url\" content=\"https:\/\/conversesacatalunya.cat\/es\/el-desafio-de-polonia-a-europa\/\" \/>\n<meta property=\"og:site_name\" content=\"Converses a Catalunya\" \/>\n<meta property=\"article:published_time\" content=\"2021-11-04T10:00:59+00:00\" \/>\n<meta property=\"article:modified_time\" content=\"2021-11-05T07:53:21+00:00\" \/>\n<meta property=\"og:image\" content=\"https:\/\/conversesacatalunya.cat\/wp-content\/uploads\/2021\/11\/polexit.jpg\" \/>\n\t<meta property=\"og:image:width\" content=\"640\" \/>\n\t<meta property=\"og:image:height\" content=\"426\" \/>\n\t<meta property=\"og:image:type\" content=\"image\/jpeg\" \/>\n<meta name=\"author\" content=\"Victor Pou\" \/>\n<meta name=\"twitter:card\" content=\"summary_large_image\" \/>\n<meta name=\"twitter:label1\" content=\"Escrito por\" \/>\n\t<meta name=\"twitter:data1\" content=\"Victor Pou\" \/>\n\t<meta name=\"twitter:label2\" content=\"Tiempo de lectura\" \/>\n\t<meta name=\"twitter:data2\" content=\"10 minutos\" \/>\n<script type=\"application\/ld+json\" class=\"yoast-schema-graph\">{\"@context\":\"https:\/\/schema.org\",\"@graph\":[{\"@type\":\"Article\",\"@id\":\"https:\/\/conversesacatalunya.cat\/es\/el-desafio-de-polonia-a-europa\/#article\",\"isPartOf\":{\"@id\":\"https:\/\/conversesacatalunya.cat\/es\/el-desafio-de-polonia-a-europa\/\"},\"author\":{\"name\":\"Victor Pou\",\"@id\":\"https:\/\/conversesacatalunya.cat\/#\/schema\/person\/1b0082ee920b837be791bee630d460b2\"},\"headline\":\"El desafio de Polonia a Europa\",\"datePublished\":\"2021-11-04T10:00:59+00:00\",\"dateModified\":\"2021-11-05T07:53:21+00:00\",\"mainEntityOfPage\":{\"@id\":\"https:\/\/conversesacatalunya.cat\/es\/el-desafio-de-polonia-a-europa\/\"},\"wordCount\":2315,\"commentCount\":0,\"image\":{\"@id\":\"https:\/\/conversesacatalunya.cat\/es\/el-desafio-de-polonia-a-europa\/#primaryimage\"},\"thumbnailUrl\":\"https:\/\/conversesacatalunya.cat\/wp-content\/uploads\/2021\/11\/polexit.jpg\",\"keywords\":[\"Angela Merkel\",\"comisi\u00f3n europea\",\"Derecho y Justicia\",\"Uni\u00f3n Europea\",\"visegrado\"],\"articleSection\":[\"Pro Europa (ES)\",\"Punts clau del dia (ES)\"],\"inLanguage\":\"es\",\"potentialAction\":[{\"@type\":\"CommentAction\",\"name\":\"Comment\",\"target\":[\"https:\/\/conversesacatalunya.cat\/es\/el-desafio-de-polonia-a-europa\/#respond\"]}]},{\"@type\":\"WebPage\",\"@id\":\"https:\/\/conversesacatalunya.cat\/es\/el-desafio-de-polonia-a-europa\/\",\"url\":\"https:\/\/conversesacatalunya.cat\/es\/el-desafio-de-polonia-a-europa\/\",\"name\":\"El desafio de Polonia a Europa - Converses a Catalunya\",\"isPartOf\":{\"@id\":\"https:\/\/conversesacatalunya.cat\/#website\"},\"primaryImageOfPage\":{\"@id\":\"https:\/\/conversesacatalunya.cat\/es\/el-desafio-de-polonia-a-europa\/#primaryimage\"},\"image\":{\"@id\":\"https:\/\/conversesacatalunya.cat\/es\/el-desafio-de-polonia-a-europa\/#primaryimage\"},\"thumbnailUrl\":\"https:\/\/conversesacatalunya.cat\/wp-content\/uploads\/2021\/11\/polexit.jpg\",\"datePublished\":\"2021-11-04T10:00:59+00:00\",\"dateModified\":\"2021-11-05T07:53:21+00:00\",\"author\":{\"@id\":\"https:\/\/conversesacatalunya.cat\/#\/schema\/person\/1b0082ee920b837be791bee630d460b2\"},\"description\":\"Con esa sentencia, Polonia rechazaba el principio jur\u00eddico rector de la UE: la primac\u00eda del derecho comunitario sobre el estatal.\",\"breadcrumb\":{\"@id\":\"https:\/\/conversesacatalunya.cat\/es\/el-desafio-de-polonia-a-europa\/#breadcrumb\"},\"inLanguage\":\"es\",\"potentialAction\":[{\"@type\":\"ReadAction\",\"target\":[\"https:\/\/conversesacatalunya.cat\/es\/el-desafio-de-polonia-a-europa\/\"]}]},{\"@type\":\"ImageObject\",\"inLanguage\":\"es\",\"@id\":\"https:\/\/conversesacatalunya.cat\/es\/el-desafio-de-polonia-a-europa\/#primaryimage\",\"url\":\"https:\/\/conversesacatalunya.cat\/wp-content\/uploads\/2021\/11\/polexit.jpg\",\"contentUrl\":\"https:\/\/conversesacatalunya.cat\/wp-content\/uploads\/2021\/11\/polexit.jpg\",\"width\":640,\"height\":426,\"caption\":\"Polonia UE\"},{\"@type\":\"BreadcrumbList\",\"@id\":\"https:\/\/conversesacatalunya.cat\/es\/el-desafio-de-polonia-a-europa\/#breadcrumb\",\"itemListElement\":[{\"@type\":\"ListItem\",\"position\":1,\"name\":\"Inici\",\"item\":\"https:\/\/conversesacatalunya.cat\/es\/\"},{\"@type\":\"ListItem\",\"position\":2,\"name\":\"El desafio de Polonia a Europa\"}]},{\"@type\":\"WebSite\",\"@id\":\"https:\/\/conversesacatalunya.cat\/#website\",\"url\":\"https:\/\/conversesacatalunya.cat\/\",\"name\":\"Converses a Catalunya\",\"description\":\"\",\"potentialAction\":[{\"@type\":\"SearchAction\",\"target\":{\"@type\":\"EntryPoint\",\"urlTemplate\":\"https:\/\/conversesacatalunya.cat\/?s={search_term_string}\"},\"query-input\":{\"@type\":\"PropertyValueSpecification\",\"valueRequired\":true,\"valueName\":\"search_term_string\"}}],\"inLanguage\":\"es\"},{\"@type\":\"Person\",\"@id\":\"https:\/\/conversesacatalunya.cat\/#\/schema\/person\/1b0082ee920b837be791bee630d460b2\",\"name\":\"Victor Pou\",\"image\":{\"@type\":\"ImageObject\",\"inLanguage\":\"es\",\"@id\":\"https:\/\/conversesacatalunya.cat\/#\/schema\/person\/image\/\",\"url\":\"https:\/\/conversesacatalunya.cat\/wp-content\/litespeed\/avatar\/b9b32a5f987117ce72836d050f735d2b.jpg?ver=1777366285\",\"contentUrl\":\"https:\/\/conversesacatalunya.cat\/wp-content\/litespeed\/avatar\/b9b32a5f987117ce72836d050f735d2b.jpg?ver=1777366285\",\"caption\":\"Victor Pou\"},\"url\":\"https:\/\/conversesacatalunya.cat\/es\/author\/victor_pou\/\"}]}<\/script>\n<!-- \/ Yoast SEO plugin. -->","yoast_head_json":{"title":"El desafio de Polonia a Europa - Converses a Catalunya","description":"Con esa sentencia, Polonia rechazaba el principio jur\u00eddico rector de la UE: la primac\u00eda del derecho comunitario sobre el estatal.","robots":{"index":"index","follow":"follow","max-snippet":"max-snippet:-1","max-image-preview":"max-image-preview:large","max-video-preview":"max-video-preview:-1"},"canonical":"https:\/\/conversesacatalunya.cat\/es\/el-desafio-de-polonia-a-europa\/","og_locale":"es_ES","og_type":"article","og_title":"El desafio de Polonia a Europa - Converses a Catalunya","og_description":"Con esa sentencia, Polonia rechazaba el principio jur\u00eddico rector de la UE: la primac\u00eda del derecho comunitario sobre el estatal.","og_url":"https:\/\/conversesacatalunya.cat\/es\/el-desafio-de-polonia-a-europa\/","og_site_name":"Converses a Catalunya","article_published_time":"2021-11-04T10:00:59+00:00","article_modified_time":"2021-11-05T07:53:21+00:00","og_image":[{"width":640,"height":426,"url":"https:\/\/conversesacatalunya.cat\/wp-content\/uploads\/2021\/11\/polexit.jpg","type":"image\/jpeg"}],"author":"Victor Pou","twitter_card":"summary_large_image","twitter_misc":{"Escrito por":"Victor Pou","Tiempo de lectura":"10 minutos"},"schema":{"@context":"https:\/\/schema.org","@graph":[{"@type":"Article","@id":"https:\/\/conversesacatalunya.cat\/es\/el-desafio-de-polonia-a-europa\/#article","isPartOf":{"@id":"https:\/\/conversesacatalunya.cat\/es\/el-desafio-de-polonia-a-europa\/"},"author":{"name":"Victor Pou","@id":"https:\/\/conversesacatalunya.cat\/#\/schema\/person\/1b0082ee920b837be791bee630d460b2"},"headline":"El desafio de Polonia a Europa","datePublished":"2021-11-04T10:00:59+00:00","dateModified":"2021-11-05T07:53:21+00:00","mainEntityOfPage":{"@id":"https:\/\/conversesacatalunya.cat\/es\/el-desafio-de-polonia-a-europa\/"},"wordCount":2315,"commentCount":0,"image":{"@id":"https:\/\/conversesacatalunya.cat\/es\/el-desafio-de-polonia-a-europa\/#primaryimage"},"thumbnailUrl":"https:\/\/conversesacatalunya.cat\/wp-content\/uploads\/2021\/11\/polexit.jpg","keywords":["Angela Merkel","comisi\u00f3n europea","Derecho y Justicia","Uni\u00f3n Europea","visegrado"],"articleSection":["Pro Europa (ES)","Punts clau del dia (ES)"],"inLanguage":"es","potentialAction":[{"@type":"CommentAction","name":"Comment","target":["https:\/\/conversesacatalunya.cat\/es\/el-desafio-de-polonia-a-europa\/#respond"]}]},{"@type":"WebPage","@id":"https:\/\/conversesacatalunya.cat\/es\/el-desafio-de-polonia-a-europa\/","url":"https:\/\/conversesacatalunya.cat\/es\/el-desafio-de-polonia-a-europa\/","name":"El desafio de Polonia a Europa - Converses a Catalunya","isPartOf":{"@id":"https:\/\/conversesacatalunya.cat\/#website"},"primaryImageOfPage":{"@id":"https:\/\/conversesacatalunya.cat\/es\/el-desafio-de-polonia-a-europa\/#primaryimage"},"image":{"@id":"https:\/\/conversesacatalunya.cat\/es\/el-desafio-de-polonia-a-europa\/#primaryimage"},"thumbnailUrl":"https:\/\/conversesacatalunya.cat\/wp-content\/uploads\/2021\/11\/polexit.jpg","datePublished":"2021-11-04T10:00:59+00:00","dateModified":"2021-11-05T07:53:21+00:00","author":{"@id":"https:\/\/conversesacatalunya.cat\/#\/schema\/person\/1b0082ee920b837be791bee630d460b2"},"description":"Con esa sentencia, Polonia rechazaba el principio jur\u00eddico rector de la UE: la primac\u00eda del derecho comunitario sobre el estatal.","breadcrumb":{"@id":"https:\/\/conversesacatalunya.cat\/es\/el-desafio-de-polonia-a-europa\/#breadcrumb"},"inLanguage":"es","potentialAction":[{"@type":"ReadAction","target":["https:\/\/conversesacatalunya.cat\/es\/el-desafio-de-polonia-a-europa\/"]}]},{"@type":"ImageObject","inLanguage":"es","@id":"https:\/\/conversesacatalunya.cat\/es\/el-desafio-de-polonia-a-europa\/#primaryimage","url":"https:\/\/conversesacatalunya.cat\/wp-content\/uploads\/2021\/11\/polexit.jpg","contentUrl":"https:\/\/conversesacatalunya.cat\/wp-content\/uploads\/2021\/11\/polexit.jpg","width":640,"height":426,"caption":"Polonia UE"},{"@type":"BreadcrumbList","@id":"https:\/\/conversesacatalunya.cat\/es\/el-desafio-de-polonia-a-europa\/#breadcrumb","itemListElement":[{"@type":"ListItem","position":1,"name":"Inici","item":"https:\/\/conversesacatalunya.cat\/es\/"},{"@type":"ListItem","position":2,"name":"El desafio de Polonia a Europa"}]},{"@type":"WebSite","@id":"https:\/\/conversesacatalunya.cat\/#website","url":"https:\/\/conversesacatalunya.cat\/","name":"Converses a Catalunya","description":"","potentialAction":[{"@type":"SearchAction","target":{"@type":"EntryPoint","urlTemplate":"https:\/\/conversesacatalunya.cat\/?s={search_term_string}"},"query-input":{"@type":"PropertyValueSpecification","valueRequired":true,"valueName":"search_term_string"}}],"inLanguage":"es"},{"@type":"Person","@id":"https:\/\/conversesacatalunya.cat\/#\/schema\/person\/1b0082ee920b837be791bee630d460b2","name":"Victor Pou","image":{"@type":"ImageObject","inLanguage":"es","@id":"https:\/\/conversesacatalunya.cat\/#\/schema\/person\/image\/","url":"https:\/\/conversesacatalunya.cat\/wp-content\/litespeed\/avatar\/b9b32a5f987117ce72836d050f735d2b.jpg?ver=1777366285","contentUrl":"https:\/\/conversesacatalunya.cat\/wp-content\/litespeed\/avatar\/b9b32a5f987117ce72836d050f735d2b.jpg?ver=1777366285","caption":"Victor Pou"},"url":"https:\/\/conversesacatalunya.cat\/es\/author\/victor_pou\/"}]}},"wps_subtitle":"Probablemente no acabar\u00e1 en Polexit (salida de la UE) pero tal vez con una situaci\u00f3n a\u00fan peor","_links":{"self":[{"href":"https:\/\/conversesacatalunya.cat\/es\/wp-json\/wp\/v2\/posts\/51871","targetHints":{"allow":["GET"]}}],"collection":[{"href":"https:\/\/conversesacatalunya.cat\/es\/wp-json\/wp\/v2\/posts"}],"about":[{"href":"https:\/\/conversesacatalunya.cat\/es\/wp-json\/wp\/v2\/types\/post"}],"author":[{"embeddable":true,"href":"https:\/\/conversesacatalunya.cat\/es\/wp-json\/wp\/v2\/users\/38"}],"replies":[{"embeddable":true,"href":"https:\/\/conversesacatalunya.cat\/es\/wp-json\/wp\/v2\/comments?post=51871"}],"version-history":[{"count":8,"href":"https:\/\/conversesacatalunya.cat\/es\/wp-json\/wp\/v2\/posts\/51871\/revisions"}],"predecessor-version":[{"id":51896,"href":"https:\/\/conversesacatalunya.cat\/es\/wp-json\/wp\/v2\/posts\/51871\/revisions\/51896"}],"wp:featuredmedia":[{"embeddable":true,"href":"https:\/\/conversesacatalunya.cat\/es\/wp-json\/wp\/v2\/media\/51817"}],"wp:attachment":[{"href":"https:\/\/conversesacatalunya.cat\/es\/wp-json\/wp\/v2\/media?parent=51871"}],"wp:term":[{"taxonomy":"category","embeddable":true,"href":"https:\/\/conversesacatalunya.cat\/es\/wp-json\/wp\/v2\/categories?post=51871"},{"taxonomy":"post_tag","embeddable":true,"href":"https:\/\/conversesacatalunya.cat\/es\/wp-json\/wp\/v2\/tags?post=51871"}],"curies":[{"name":"wp","href":"https:\/\/api.w.org\/{rel}","templated":true}]}}