{"id":51741,"date":"2021-10-29T10:34:56","date_gmt":"2021-10-29T08:34:56","guid":{"rendered":"https:\/\/conversesacatalunya.cat\/tv3-el-gran-problema-que-cal-resoldre\/"},"modified":"2021-11-03T12:19:22","modified_gmt":"2021-11-03T11:19:22","slug":"tv3-el-gran-problema-a-resolver","status":"publish","type":"post","link":"https:\/\/conversesacatalunya.cat\/es\/tv3-el-gran-problema-a-resolver\/","title":{"rendered":"TV3, el gran problema a resolver"},"content":{"rendered":"<p><span class=\"\">Catalu\u00f1a tiene un conjunto de graves problemas que pueden reducirse a dos:\u00a0<\/span><strong><span class=\"\">su declive<\/span><\/strong><span class=\"\">, y las causas que hacen imposible abordar su resoluci\u00f3n, las\u00a0<\/span><strong><span class=\"\">dislocaciones.\u00a0<\/span><\/strong> Entre este conjunto de dificultades, una de ins\u00f3lita, porque la financiamos los catalanes, es TV3.<\/p>\n<p>Empez\u00f3 siendo una televisi\u00f3n que se quer\u00eda mod\u00e9lica, profesional, bien hecha, ponderada, capaz de contribuir eficazmente a la mejora de la cultura y lengua catalana. Aquellos fines derivaron en una monstruosidad en muchos \u00f3rdenes. Su fiscalizaci\u00f3n es inexistente, y est\u00e1 en manos de los diversos\u00a0<strong>grupos de presi\u00f3n internos<\/strong>, que es lo que suele suceder cuando un ente p\u00fablico no es gobernado desde la\u00a0<em>res p\u00fablica<\/em>. Viven en su corporativismo a expensas de la necesidad imperiosa que tienen ERC y JxCat de tener una plataforma para servir a su electorado; en realidad, a la parte m\u00e1s envejecida, porque TV3, hay que decirlo, es sobre todo una televisi\u00f3n que tiene como principales usuarios a las personas mayores, y no ha sabido rejuvenecer a su audiencia. En ese sentido, est\u00e1 condenada a medio plazo.<\/p>\n<p>TV3 forma parte del\u00a0<strong>desgobierno<\/strong>, dada la incapacidad de generar los acuerdos necesarios en el Parlament para designar nuevos \u00f3rganos de direcci\u00f3n y control, como sucede con tantos otros entes p\u00fablicos de Catalu\u00f1a, con el agravante de que \u00e9ste, por incidencia y coste, es el m\u00e1s importante de todos.<\/p>\n<p><ins class=\"adsbygoogle\" data-ad-client=\"ca-pub-7148777685772790\" data-ad-slot=\"5569171009\" data-ad-format=\"auto\" data-full-width-responsive=\"true\" data-adsbygoogle-status=\"done\" data-ad-status=\"unfilled\"><ins id=\"aswift_1_expand\" tabindex=\"0\" title=\"Advertisement\" aria-label=\"Advertisement\"><ins id=\"aswift_1_anchor\"><\/ins><\/ins><\/ins><a href=\"https:\/\/conversesacatalunya.cat\/es\/en-plena-crisis-estos-son-los-salarios-de-tv3\/\" target=\"_blank\" rel=\"noopener\">TV3 es una televisi\u00f3n vergonzosamente cara<\/a>\u00a0como consecuencia de su nutrida plantilla, que tambi\u00e9n envejece al mismo ritmo que su p\u00fablico.\u00a0Es la que tiene el\u00a0<strong>coste m\u00e1s elevado por punto de audiencia<\/strong>.<\/p>\n<p>Est\u00e1 acusada de una\u00a0<strong>parcialidad pol\u00edtica sectaria<\/strong> y es una evidencia estad\u00edstica. Pero a\u00fan es peor: TV3 tiene su propia agenda para formatear la mente de los catalanes EN raz\u00f3n de lo que creen sus lobbies internos de poder. No est\u00e1 por servir al pluralismo de la sociedad, sino por satisfacer sus intereses y su particular visi\u00f3n de la vida y del mundo, dividido en \u201cbuenos y malos\u201d. La mayor parte de los <strong>programas de la televisi\u00f3n, incluidos los informativos, son en realidad relatos ideol\u00f3gicos<\/strong>\u00a0que sirven siempre a las mismas pasiones.<\/p>\n<p>La cr\u00edtica de la realidad implica remarcar que sigue teniendo algunos buenos programas y excelentes profesionales que se dedican a realizar su trabajo. Son un capital que hay que preservar, pero es necesario deshacer la telara\u00f1a de personajes que mandan entre bastidores, los intereses corporativos, los contratos con productoras privadas y las puertas giratorias de TV3, HACIA ella y a la inversa, de los lobbies ideol\u00f3gicos, la p\u00e9sima utilizaci\u00f3n de recursos y considerar que la TV de Catalu\u00f1a debe ser portadora de una cultura propia, la de los \u00abprogres\u00bb que la controlan.<ins class=\"adsbygoogle\" data-ad-client=\"ca-pub-7148777685772790\" data-ad-slot=\"5569171009\" data-ad-format=\"auto\" data-full-width-responsive=\"true\" data-adsbygoogle-status=\"done\" data-ad-status=\"unfilled\"><ins id=\"aswift_2_expand\" tabindex=\"0\" title=\"Advertisement\" aria-label=\"Advertisement\"><ins id=\"aswift_2_anchor\"><\/ins><\/ins><\/ins><\/p>\n<p>Todo esto debe acabar.\u00a0<strong>TV3 debe pasar a ser un medio para todos los catalanes,<\/strong>\u00a0respetuoso con sus creencias, servidor de la neutralidad, centrado en promover la cultura catalana de calidad en todos los \u00e1mbitos, abiertos a todos los autores y no s\u00f3lo a los amigos de la casa, y que promueve la calidad del lenguaje.\u00a0Expresarse en t\u00e9rminos chapuceros y malsonantes como caracter\u00edstica, en aras de hablar como se hace \u201cen la calle\u201d, es la excusa de la impotencia intelectual y creativa.<\/p>\n<p>Es necesaria una respuesta militante de la sociedad civil para volver a poner TV3 en manos de la normalidad democr\u00e1tica, al servicio de la sociedad catalana.\u00a0El c\u00f3mo alcanzar este objetivo es necesario concretarlo, y pronto,<\/p>\n<p>TV3, su n\u00facleo de poder, tiene el mismo papel que Juan March durante la Rep\u00fablica y le es de aplicaci\u00f3n la frase del discurso del ministro de hacienda, Jaume Carner, en el Congreso.: \u201c<em>O la Rep\u00fablica somete a March, o March someter\u00e1 a la Rep\u00fablica<\/em>\u00a0\u201d.<\/p>\n<div id=\"polls-122\" class=\"wp-polls\">\n\t<form id=\"polls_form_122\" class=\"wp-polls-form\" action=\"\/index.php\" method=\"post\">\n\t\t<p style=\"display: none;\"><input type=\"hidden\" id=\"poll_122_nonce\" name=\"wp-polls-nonce\" value=\"374c1fdb94\" \/><\/p>\n\t\t<p style=\"display: none;\"><input type=\"hidden\" name=\"poll_id\" value=\"122\" \/><\/p>\n\t\t<p style=\"text-align: center\"><strong>\u00c9s bo per Espanya un govern tan conflictiu com el de S\u00e1nchez i Podemos?<\/strong><\/p><div id=\"polls-122-ans\" class=\"wp-polls-ans\"><ul class=\"wp-polls-ul\">\n\t\t<li><input type=\"radio\" id=\"poll-answer-293\" name=\"poll_122\" value=\"293\" \/> <label for=\"poll-answer-293\">S\u00ed<\/label><\/li>\n\t\t<li><input type=\"radio\" id=\"poll-answer-294\" name=\"poll_122\" value=\"294\" \/> <label for=\"poll-answer-294\">No<\/label><\/li>\n\t\t<li><input type=\"radio\" id=\"poll-answer-295\" name=\"poll_122\" value=\"295\" \/> <label for=\"poll-answer-295\">No ho s\u00e9<\/label><\/li>\n\t\t<\/ul><p style=\"text-align: center\"><input type=\"button\" name=\"vote\" value=\"   Vota   \" class=\"Buttons\" onclick=\"poll_vote(122);\" \/><\/p><p style=\"text-align: center\"><a href=\"#ViewPollResults\" onclick=\"poll_result(122); return false;\" title=\"View Results Of This Poll\">Mira els resultats<\/a><\/p><\/div>\n\t<\/form>\n<\/div>\n<div id=\"polls-122-loading\" class=\"wp-polls-loading\"><img decoding=\"async\" data-src=\"https:\/\/conversesacatalunya.cat\/wp-content\/plugins\/wp-polls\/images\/loading.gif\" width=\"16\" height=\"16\" alt=\"Cargando ...\" title=\"Cargando ...\" class=\"wp-polls-image lazyload\" src=\"data:image\/svg+xml;base64,PHN2ZyB3aWR0aD0iMSIgaGVpZ2h0PSIxIiB4bWxucz0iaHR0cDovL3d3dy53My5vcmcvMjAwMC9zdmciPjwvc3ZnPg==\" style=\"--smush-placeholder-width: 16px; --smush-placeholder-aspect-ratio: 16\/16;\" \/>&nbsp;Cargando ...<\/div>\n\n","protected":false},"excerpt":{"rendered":"<p>Catalu\u00f1a tiene un conjunto de graves problemas que pueden reducirse a dos:\u00a0su declive, y las causas que hacen imposible abordar su resoluci\u00f3n, las\u00a0dislocaciones.\u00a0 Entre este conjunto de dificultades, una de ins\u00f3lita, porque la financiamos los catalanes, es TV3. Empez\u00f3 siendo una televisi\u00f3n que se quer\u00eda mod\u00e9lica, profesional, bien hecha, ponderada, capaz de contribuir eficazmente a la mejora de la cultura y lengua catalana. Aquellos fines derivaron en una monstruosidad en muchos \u00f3rdenes. Su fiscalizaci\u00f3n es inexistente, y est\u00e1 en manos de los diversos\u00a0grupos de presi\u00f3n internos, que es lo que suele suceder cuando un ente p\u00fablico no es gobernado desde la\u00a0res p\u00fablica. Viven en su corporativismo a expensas de la necesidad imperiosa que tienen ERC y JxCat de tener una plataforma para servir a su electorado; en realidad, a la parte m\u00e1s envejecida, porque TV3, hay que decirlo, es sobre todo una televisi\u00f3n que tiene como principales usuarios a las personas mayores, y no ha sabido rejuvenecer a su audiencia. En ese sentido, est\u00e1 condenada a medio plazo. TV3 forma parte del\u00a0desgobierno, dada la incapacidad de generar los acuerdos necesarios en el Parlament para designar nuevos \u00f3rganos de direcci\u00f3n y control, como sucede con tantos otros entes p\u00fablicos de Catalu\u00f1a, con el agravante de que \u00e9ste, por incidencia y coste, es el m\u00e1s importante de todos. TV3 es una televisi\u00f3n vergonzosamente cara\u00a0como consecuencia de su nutrida plantilla, que tambi\u00e9n envejece al mismo ritmo que su p\u00fablico.\u00a0Es la que tiene el\u00a0coste m\u00e1s elevado por punto de audiencia. Est\u00e1 acusada de una\u00a0parcialidad pol\u00edtica sectaria y es una evidencia estad\u00edstica. Pero a\u00fan es peor: TV3 tiene su propia agenda para formatear la mente de los catalanes EN raz\u00f3n de lo que creen sus lobbies internos de poder. No est\u00e1 por servir al pluralismo de la sociedad, sino por satisfacer sus intereses y su particular visi\u00f3n de la vida y del mundo, dividido en \u201cbuenos y malos\u201d. La mayor parte de los programas de la televisi\u00f3n, incluidos los informativos, son en realidad relatos ideol\u00f3gicos\u00a0que sirven siempre a las mismas pasiones. La cr\u00edtica de la realidad implica remarcar que sigue teniendo algunos buenos programas y excelentes profesionales que se dedican a realizar su trabajo. Son un capital que hay que preservar, pero es necesario deshacer la telara\u00f1a de personajes que mandan entre bastidores, los intereses corporativos, los contratos con productoras privadas y las puertas giratorias de TV3, HACIA ella y a la inversa, de los lobbies ideol\u00f3gicos, la p\u00e9sima utilizaci\u00f3n de recursos y considerar que la TV de Catalu\u00f1a debe ser portadora de una cultura propia, la de los \u00abprogres\u00bb que la controlan. Todo esto debe acabar.\u00a0TV3 debe pasar a ser un medio para todos los catalanes,\u00a0respetuoso con sus creencias, servidor de la neutralidad, centrado en promover la cultura catalana de calidad en todos los \u00e1mbitos, abiertos a todos los autores y no s\u00f3lo a los amigos de la casa, y que promueve la calidad del lenguaje.\u00a0Expresarse en t\u00e9rminos chapuceros y malsonantes como caracter\u00edstica, en aras de hablar como se hace \u201cen la calle\u201d, es la excusa de la impotencia intelectual y creativa. Es necesaria una respuesta militante de la sociedad civil para volver a poner TV3 en manos de la normalidad democr\u00e1tica, al servicio de la sociedad catalana.\u00a0El c\u00f3mo alcanzar este objetivo es necesario concretarlo, y pronto, TV3, su n\u00facleo de poder, tiene el mismo papel que Juan March durante la Rep\u00fablica y le es de aplicaci\u00f3n la frase del discurso del ministro de hacienda, Jaume Carner, en el Congreso.: \u201cO la Rep\u00fablica somete a March, o March someter\u00e1 a la Rep\u00fablica\u00a0\u201d.<\/p>\n","protected":false},"author":19,"featured_media":51713,"comment_status":"open","ping_status":"open","sticky":false,"template":"","format":"standard","meta":{"_FSMCFIC_featured_image_caption":"","_FSMCFIC_featured_image_nocaption":"","_FSMCFIC_featured_image_hide":"","footnotes":""},"categories":[796,806],"tags":[2726],"class_list":["post-51741","post","type-post","status-publish","format-standard","has-post-thumbnail","hentry","category-el-blog-de-josep-miro-i-ardevol-es","category-punts-claus-del-dia-es","tag-tv3-es"],"yoast_head":"<!-- This site is optimized with the Yoast SEO plugin v26.8 - https:\/\/yoast.com\/product\/yoast-seo-wordpress\/ -->\n<title>TV3, el gran problema a resolver - Converses a Catalunya<\/title>\n<meta name=\"description\" content=\"Es necesaria una respuesta militante de la sociedad civil para volver a poner TV3 en manos de la normalidad democr\u00e1tica, de la sociedad catalana.\" \/>\n<meta name=\"robots\" content=\"index, follow, max-snippet:-1, max-image-preview:large, max-video-preview:-1\" \/>\n<link rel=\"canonical\" href=\"https:\/\/conversesacatalunya.cat\/es\/tv3-el-gran-problema-a-resolver\/\" \/>\n<meta property=\"og:locale\" content=\"es_ES\" \/>\n<meta property=\"og:type\" content=\"article\" \/>\n<meta property=\"og:title\" content=\"TV3, el gran problema a resolver - Converses a Catalunya\" \/>\n<meta property=\"og:description\" content=\"Es necesaria una respuesta militante de la sociedad civil para volver a poner TV3 en manos de la normalidad democr\u00e1tica, de la sociedad catalana.\" \/>\n<meta property=\"og:url\" content=\"https:\/\/conversesacatalunya.cat\/es\/tv3-el-gran-problema-a-resolver\/\" \/>\n<meta property=\"og:site_name\" content=\"Converses a Catalunya\" \/>\n<meta property=\"article:published_time\" content=\"2021-10-29T08:34:56+00:00\" \/>\n<meta property=\"article:modified_time\" content=\"2021-11-03T11:19:22+00:00\" \/>\n<meta property=\"og:image\" content=\"https:\/\/conversesacatalunya.cat\/wp-content\/uploads\/2021\/10\/TOT-ES-MOU.jpg\" \/>\n\t<meta property=\"og:image:width\" content=\"426\" \/>\n\t<meta property=\"og:image:height\" content=\"240\" \/>\n\t<meta property=\"og:image:type\" content=\"image\/jpeg\" \/>\n<meta name=\"author\" content=\"Josep Mir\u00f3 i Ard\u00e8vol\" \/>\n<meta name=\"twitter:card\" content=\"summary_large_image\" \/>\n<meta name=\"twitter:label1\" content=\"Escrito por\" \/>\n\t<meta name=\"twitter:data1\" content=\"Josep Mir\u00f3 i Ard\u00e8vol\" \/>\n\t<meta name=\"twitter:label2\" content=\"Tiempo de lectura\" \/>\n\t<meta name=\"twitter:data2\" content=\"3 minutos\" \/>\n<script type=\"application\/ld+json\" class=\"yoast-schema-graph\">{\"@context\":\"https:\/\/schema.org\",\"@graph\":[{\"@type\":\"Article\",\"@id\":\"https:\/\/conversesacatalunya.cat\/es\/tv3-el-gran-problema-a-resolver\/#article\",\"isPartOf\":{\"@id\":\"https:\/\/conversesacatalunya.cat\/es\/tv3-el-gran-problema-a-resolver\/\"},\"author\":{\"name\":\"Josep Mir\u00f3 i Ard\u00e8vol\",\"@id\":\"https:\/\/conversesacatalunya.cat\/#\/schema\/person\/a9598a6786ba7d3d1c5e0de477b79370\"},\"headline\":\"TV3, el gran problema a resolver\",\"datePublished\":\"2021-10-29T08:34:56+00:00\",\"dateModified\":\"2021-11-03T11:19:22+00:00\",\"mainEntityOfPage\":{\"@id\":\"https:\/\/conversesacatalunya.cat\/es\/tv3-el-gran-problema-a-resolver\/\"},\"wordCount\":653,\"commentCount\":0,\"image\":{\"@id\":\"https:\/\/conversesacatalunya.cat\/es\/tv3-el-gran-problema-a-resolver\/#primaryimage\"},\"thumbnailUrl\":\"https:\/\/conversesacatalunya.cat\/wp-content\/uploads\/2021\/10\/TOT-ES-MOU.jpg\",\"keywords\":[\"TV3\"],\"articleSection\":[\"El Blog de Josep Mir\u00f3 i Ard\u00e8vol (ES)\",\"Punts clau del dia (ES)\"],\"inLanguage\":\"es\",\"potentialAction\":[{\"@type\":\"CommentAction\",\"name\":\"Comment\",\"target\":[\"https:\/\/conversesacatalunya.cat\/es\/tv3-el-gran-problema-a-resolver\/#respond\"]}]},{\"@type\":\"WebPage\",\"@id\":\"https:\/\/conversesacatalunya.cat\/es\/tv3-el-gran-problema-a-resolver\/\",\"url\":\"https:\/\/conversesacatalunya.cat\/es\/tv3-el-gran-problema-a-resolver\/\",\"name\":\"TV3, el gran problema a resolver - Converses a Catalunya\",\"isPartOf\":{\"@id\":\"https:\/\/conversesacatalunya.cat\/#website\"},\"primaryImageOfPage\":{\"@id\":\"https:\/\/conversesacatalunya.cat\/es\/tv3-el-gran-problema-a-resolver\/#primaryimage\"},\"image\":{\"@id\":\"https:\/\/conversesacatalunya.cat\/es\/tv3-el-gran-problema-a-resolver\/#primaryimage\"},\"thumbnailUrl\":\"https:\/\/conversesacatalunya.cat\/wp-content\/uploads\/2021\/10\/TOT-ES-MOU.jpg\",\"datePublished\":\"2021-10-29T08:34:56+00:00\",\"dateModified\":\"2021-11-03T11:19:22+00:00\",\"author\":{\"@id\":\"https:\/\/conversesacatalunya.cat\/#\/schema\/person\/a9598a6786ba7d3d1c5e0de477b79370\"},\"description\":\"Es necesaria una respuesta militante de la sociedad civil para volver a poner TV3 en manos de la normalidad democr\u00e1tica, de la sociedad catalana.\",\"breadcrumb\":{\"@id\":\"https:\/\/conversesacatalunya.cat\/es\/tv3-el-gran-problema-a-resolver\/#breadcrumb\"},\"inLanguage\":\"es\",\"potentialAction\":[{\"@type\":\"ReadAction\",\"target\":[\"https:\/\/conversesacatalunya.cat\/es\/tv3-el-gran-problema-a-resolver\/\"]}]},{\"@type\":\"ImageObject\",\"inLanguage\":\"es\",\"@id\":\"https:\/\/conversesacatalunya.cat\/es\/tv3-el-gran-problema-a-resolver\/#primaryimage\",\"url\":\"https:\/\/conversesacatalunya.cat\/wp-content\/uploads\/2021\/10\/TOT-ES-MOU.jpg\",\"contentUrl\":\"https:\/\/conversesacatalunya.cat\/wp-content\/uploads\/2021\/10\/TOT-ES-MOU.jpg\",\"width\":426,\"height\":240,\"caption\":\"TV3\"},{\"@type\":\"BreadcrumbList\",\"@id\":\"https:\/\/conversesacatalunya.cat\/es\/tv3-el-gran-problema-a-resolver\/#breadcrumb\",\"itemListElement\":[{\"@type\":\"ListItem\",\"position\":1,\"name\":\"Inici\",\"item\":\"https:\/\/conversesacatalunya.cat\/es\/\"},{\"@type\":\"ListItem\",\"position\":2,\"name\":\"TV3, el gran problema a resolver\"}]},{\"@type\":\"WebSite\",\"@id\":\"https:\/\/conversesacatalunya.cat\/#website\",\"url\":\"https:\/\/conversesacatalunya.cat\/\",\"name\":\"Converses a Catalunya\",\"description\":\"\",\"potentialAction\":[{\"@type\":\"SearchAction\",\"target\":{\"@type\":\"EntryPoint\",\"urlTemplate\":\"https:\/\/conversesacatalunya.cat\/?s={search_term_string}\"},\"query-input\":{\"@type\":\"PropertyValueSpecification\",\"valueRequired\":true,\"valueName\":\"search_term_string\"}}],\"inLanguage\":\"es\"},{\"@type\":\"Person\",\"@id\":\"https:\/\/conversesacatalunya.cat\/#\/schema\/person\/a9598a6786ba7d3d1c5e0de477b79370\",\"name\":\"Josep Mir\u00f3 i Ard\u00e8vol\",\"image\":{\"@type\":\"ImageObject\",\"inLanguage\":\"es\",\"@id\":\"https:\/\/conversesacatalunya.cat\/#\/schema\/person\/image\/\",\"url\":\"https:\/\/conversesacatalunya.cat\/wp-content\/litespeed\/avatar\/c37e3dc881857483d6694cdf98fdedea.jpg?ver=1777270381\",\"contentUrl\":\"https:\/\/conversesacatalunya.cat\/wp-content\/litespeed\/avatar\/c37e3dc881857483d6694cdf98fdedea.jpg?ver=1777270381\",\"caption\":\"Josep Mir\u00f3 i Ard\u00e8vol\"},\"url\":\"https:\/\/conversesacatalunya.cat\/es\/author\/josep-miro-i-ardevol\/\"}]}<\/script>\n<!-- \/ Yoast SEO plugin. -->","yoast_head_json":{"title":"TV3, el gran problema a resolver - Converses a Catalunya","description":"Es necesaria una respuesta militante de la sociedad civil para volver a poner TV3 en manos de la normalidad democr\u00e1tica, de la sociedad catalana.","robots":{"index":"index","follow":"follow","max-snippet":"max-snippet:-1","max-image-preview":"max-image-preview:large","max-video-preview":"max-video-preview:-1"},"canonical":"https:\/\/conversesacatalunya.cat\/es\/tv3-el-gran-problema-a-resolver\/","og_locale":"es_ES","og_type":"article","og_title":"TV3, el gran problema a resolver - Converses a Catalunya","og_description":"Es necesaria una respuesta militante de la sociedad civil para volver a poner TV3 en manos de la normalidad democr\u00e1tica, de la sociedad catalana.","og_url":"https:\/\/conversesacatalunya.cat\/es\/tv3-el-gran-problema-a-resolver\/","og_site_name":"Converses a Catalunya","article_published_time":"2021-10-29T08:34:56+00:00","article_modified_time":"2021-11-03T11:19:22+00:00","og_image":[{"width":426,"height":240,"url":"https:\/\/conversesacatalunya.cat\/wp-content\/uploads\/2021\/10\/TOT-ES-MOU.jpg","type":"image\/jpeg"}],"author":"Josep Mir\u00f3 i Ard\u00e8vol","twitter_card":"summary_large_image","twitter_misc":{"Escrito por":"Josep Mir\u00f3 i Ard\u00e8vol","Tiempo de lectura":"3 minutos"},"schema":{"@context":"https:\/\/schema.org","@graph":[{"@type":"Article","@id":"https:\/\/conversesacatalunya.cat\/es\/tv3-el-gran-problema-a-resolver\/#article","isPartOf":{"@id":"https:\/\/conversesacatalunya.cat\/es\/tv3-el-gran-problema-a-resolver\/"},"author":{"name":"Josep Mir\u00f3 i Ard\u00e8vol","@id":"https:\/\/conversesacatalunya.cat\/#\/schema\/person\/a9598a6786ba7d3d1c5e0de477b79370"},"headline":"TV3, el gran problema a resolver","datePublished":"2021-10-29T08:34:56+00:00","dateModified":"2021-11-03T11:19:22+00:00","mainEntityOfPage":{"@id":"https:\/\/conversesacatalunya.cat\/es\/tv3-el-gran-problema-a-resolver\/"},"wordCount":653,"commentCount":0,"image":{"@id":"https:\/\/conversesacatalunya.cat\/es\/tv3-el-gran-problema-a-resolver\/#primaryimage"},"thumbnailUrl":"https:\/\/conversesacatalunya.cat\/wp-content\/uploads\/2021\/10\/TOT-ES-MOU.jpg","keywords":["TV3"],"articleSection":["El Blog de Josep Mir\u00f3 i Ard\u00e8vol (ES)","Punts clau del dia (ES)"],"inLanguage":"es","potentialAction":[{"@type":"CommentAction","name":"Comment","target":["https:\/\/conversesacatalunya.cat\/es\/tv3-el-gran-problema-a-resolver\/#respond"]}]},{"@type":"WebPage","@id":"https:\/\/conversesacatalunya.cat\/es\/tv3-el-gran-problema-a-resolver\/","url":"https:\/\/conversesacatalunya.cat\/es\/tv3-el-gran-problema-a-resolver\/","name":"TV3, el gran problema a resolver - Converses a Catalunya","isPartOf":{"@id":"https:\/\/conversesacatalunya.cat\/#website"},"primaryImageOfPage":{"@id":"https:\/\/conversesacatalunya.cat\/es\/tv3-el-gran-problema-a-resolver\/#primaryimage"},"image":{"@id":"https:\/\/conversesacatalunya.cat\/es\/tv3-el-gran-problema-a-resolver\/#primaryimage"},"thumbnailUrl":"https:\/\/conversesacatalunya.cat\/wp-content\/uploads\/2021\/10\/TOT-ES-MOU.jpg","datePublished":"2021-10-29T08:34:56+00:00","dateModified":"2021-11-03T11:19:22+00:00","author":{"@id":"https:\/\/conversesacatalunya.cat\/#\/schema\/person\/a9598a6786ba7d3d1c5e0de477b79370"},"description":"Es necesaria una respuesta militante de la sociedad civil para volver a poner TV3 en manos de la normalidad democr\u00e1tica, de la sociedad catalana.","breadcrumb":{"@id":"https:\/\/conversesacatalunya.cat\/es\/tv3-el-gran-problema-a-resolver\/#breadcrumb"},"inLanguage":"es","potentialAction":[{"@type":"ReadAction","target":["https:\/\/conversesacatalunya.cat\/es\/tv3-el-gran-problema-a-resolver\/"]}]},{"@type":"ImageObject","inLanguage":"es","@id":"https:\/\/conversesacatalunya.cat\/es\/tv3-el-gran-problema-a-resolver\/#primaryimage","url":"https:\/\/conversesacatalunya.cat\/wp-content\/uploads\/2021\/10\/TOT-ES-MOU.jpg","contentUrl":"https:\/\/conversesacatalunya.cat\/wp-content\/uploads\/2021\/10\/TOT-ES-MOU.jpg","width":426,"height":240,"caption":"TV3"},{"@type":"BreadcrumbList","@id":"https:\/\/conversesacatalunya.cat\/es\/tv3-el-gran-problema-a-resolver\/#breadcrumb","itemListElement":[{"@type":"ListItem","position":1,"name":"Inici","item":"https:\/\/conversesacatalunya.cat\/es\/"},{"@type":"ListItem","position":2,"name":"TV3, el gran problema a resolver"}]},{"@type":"WebSite","@id":"https:\/\/conversesacatalunya.cat\/#website","url":"https:\/\/conversesacatalunya.cat\/","name":"Converses a Catalunya","description":"","potentialAction":[{"@type":"SearchAction","target":{"@type":"EntryPoint","urlTemplate":"https:\/\/conversesacatalunya.cat\/?s={search_term_string}"},"query-input":{"@type":"PropertyValueSpecification","valueRequired":true,"valueName":"search_term_string"}}],"inLanguage":"es"},{"@type":"Person","@id":"https:\/\/conversesacatalunya.cat\/#\/schema\/person\/a9598a6786ba7d3d1c5e0de477b79370","name":"Josep Mir\u00f3 i Ard\u00e8vol","image":{"@type":"ImageObject","inLanguage":"es","@id":"https:\/\/conversesacatalunya.cat\/#\/schema\/person\/image\/","url":"https:\/\/conversesacatalunya.cat\/wp-content\/litespeed\/avatar\/c37e3dc881857483d6694cdf98fdedea.jpg?ver=1777270381","contentUrl":"https:\/\/conversesacatalunya.cat\/wp-content\/litespeed\/avatar\/c37e3dc881857483d6694cdf98fdedea.jpg?ver=1777270381","caption":"Josep Mir\u00f3 i Ard\u00e8vol"},"url":"https:\/\/conversesacatalunya.cat\/es\/author\/josep-miro-i-ardevol\/"}]}},"wps_subtitle":"Es necesaria una respuesta militante de la sociedad civil para volver a poner TV3 en manos de la normalidad democr\u00e1tica, al servicio de la sociedad catalana.","_links":{"self":[{"href":"https:\/\/conversesacatalunya.cat\/es\/wp-json\/wp\/v2\/posts\/51741","targetHints":{"allow":["GET"]}}],"collection":[{"href":"https:\/\/conversesacatalunya.cat\/es\/wp-json\/wp\/v2\/posts"}],"about":[{"href":"https:\/\/conversesacatalunya.cat\/es\/wp-json\/wp\/v2\/types\/post"}],"author":[{"embeddable":true,"href":"https:\/\/conversesacatalunya.cat\/es\/wp-json\/wp\/v2\/users\/19"}],"replies":[{"embeddable":true,"href":"https:\/\/conversesacatalunya.cat\/es\/wp-json\/wp\/v2\/comments?post=51741"}],"version-history":[{"count":3,"href":"https:\/\/conversesacatalunya.cat\/es\/wp-json\/wp\/v2\/posts\/51741\/revisions"}],"predecessor-version":[{"id":51854,"href":"https:\/\/conversesacatalunya.cat\/es\/wp-json\/wp\/v2\/posts\/51741\/revisions\/51854"}],"wp:featuredmedia":[{"embeddable":true,"href":"https:\/\/conversesacatalunya.cat\/es\/wp-json\/wp\/v2\/media\/51713"}],"wp:attachment":[{"href":"https:\/\/conversesacatalunya.cat\/es\/wp-json\/wp\/v2\/media?parent=51741"}],"wp:term":[{"taxonomy":"category","embeddable":true,"href":"https:\/\/conversesacatalunya.cat\/es\/wp-json\/wp\/v2\/categories?post=51741"},{"taxonomy":"post_tag","embeddable":true,"href":"https:\/\/conversesacatalunya.cat\/es\/wp-json\/wp\/v2\/tags?post=51741"}],"curies":[{"name":"wp","href":"https:\/\/api.w.org\/{rel}","templated":true}]}}