{"id":49606,"date":"2021-07-02T09:39:27","date_gmt":"2021-07-02T07:39:27","guid":{"rendered":"https:\/\/conversesacatalunya.cat\/?p=49606"},"modified":"2021-07-02T13:39:44","modified_gmt":"2021-07-02T11:39:44","slug":"un-estudio-preve-la-recuperacion-para-2022","status":"publish","type":"post","link":"https:\/\/conversesacatalunya.cat\/es\/un-estudio-preve-la-recuperacion-para-2022\/","title":{"rendered":"Un estudio prev\u00e9 la recuperaci\u00f3n para 2022"},"content":{"rendered":"<p>La recuperaci\u00f3n econ\u00f3mica de Espa\u00f1a llegar\u00e1 en 2022, seg\u00fan asegura el director del departamento de Estudios de Laboral Kutxa, Joseba Madariaga. As\u00ed, la entidad financiera prev\u00e9 que la econom\u00eda<strong> crecer\u00e1 un PIB de 6%<\/strong> <strong>este a\u00f1o<\/strong> y de un 6,5% en 2022.<\/p>\n<p>Dentro de sus pron\u00f3sticos, adem\u00e1s, el director de estudios de Laboral Kutxa advirti\u00f3 sobre los tres factores que, en su opini\u00f3n, podr\u00edan poner en riesgo esas previsiones. \u201cEn primer lugar, la efectividad de las vacunas ante las nuevas variantes del virus\u201d.<\/p>\n<p>Igualmente, se refiri\u00f3 a la incertidumbre asociada a los costes econ\u00f3micos del Covid-19: \u201cEl marco de ayudas desarrollado impide ver los verdaderos costes que se han producido en t\u00e9rminos de destrucci\u00f3n del tejido productivo y deterioro del mercado laboral\u201d.<\/p>\n<p>En ese sentido, Joseba Madariaga calific\u00f3 los fondos Next Generation EU como \u201cuna excelente oportunidad para modernizar la estructura econ\u00f3mica del pa\u00eds\u201d. Y, finalmente, cit\u00f3 la herencia que la pandemia ha dejado en cuando a los niveles de endeudamiento. \u201cEsto puede suponer un lastre para la recuperaci\u00f3n en un futuro, lo que exigir\u00e1 la toma de medidas pertinentes\u201d. Sobre las tensiones surgidas en torno a<strong> la subida de precios de las materias primas y la inflaci\u00f3n<\/strong>, Laboral Kutxa descarta un cambio en la orientaci\u00f3n de la<a href=\"https:\/\/www.forumlibertas.com\/confianza-economica-crece-en-europa-menos-en-espana\/\" target=\"_blank\" rel=\"noopener\"> pol\u00edtica monetaria y fiscal europea<\/a>, \u00abhasta que el crecimiento econ\u00f3mico est\u00e9 asentado, no antes de 2023\u00bb, ha concretado Joseba Madariaga.<\/p>\n<p>El desabastecimiento que se sufre de determinados suministros, por ejemplo, los semiconductores en automoci\u00f3n, lastrar\u00e1 la recuperaci\u00f3n de estos sectores que ya han reducido su inventario. El director de Estudios de Laboral Kutxa cree que este fallo en las cadenas de suministro conducir\u00e1 a una reflexi\u00f3n al respecto y que la digitalizaci\u00f3n de la econom\u00eda, gracias a los fondos Next Generation, har\u00e1 que el tener una empresa deslocalizada \u00abno tenga ya tanto inter\u00e9s y vuelvan algunas compa\u00f1\u00edas a producir aqu\u00ed\u00bb.<\/p>\n<p>Sin embargo, Madariaga se mostr\u00f3 confiado sobre la evoluci\u00f3n futura de estos \u00edndices: \u201cNo pensamos que en Europa nos vayamos a encontrar con una situaci\u00f3n problem\u00e1tica en este sentido. A lo sumo se dejar\u00e1 notar en el IPC, pero el subyacente se mantendr\u00e1 acotado en una tasa pr\u00f3xima al 1,2 %\u201d. No obstante, advirti\u00f3 de que \u201cuna inflaci\u00f3n sostenida podr\u00eda dar al traste con la recuperaci\u00f3n\u201d, ya que podr\u00eda obligar entonces a cambiar la actual orientaci\u00f3n expansionista de la pol\u00edtica monetaria que mantienen los bancos centrales.<\/p>\n<span class='bctt-click-to-tweet'><span class='bctt-ctt-text'><a href='https:\/\/twitter.com\/intent\/tweet?url=https%3A%2F%2Fconversesacatalunya.cat%2Fes%2Fun-estudio-preve-la-recuperacion-para-2022%2F&#038;text=Sobre%20las%20tensiones%20surgidas%20en%20torno%20a%20la%20subida%20de%20precios%20de%20las%20materias%20primas%20y%20la%20inflaci%C3%B3n&#038;via=conversesacat&#038;related=conversesacat' target='_blank'rel=\"noopener noreferrer\">Sobre las tensiones surgidas en torno a la subida de precios de las materias primas y la inflaci\u00f3n <\/a><\/span><a href='https:\/\/twitter.com\/intent\/tweet?url=https%3A%2F%2Fconversesacatalunya.cat%2Fes%2Fun-estudio-preve-la-recuperacion-para-2022%2F&#038;text=Sobre%20las%20tensiones%20surgidas%20en%20torno%20a%20la%20subida%20de%20precios%20de%20las%20materias%20primas%20y%20la%20inflaci%C3%B3n&#038;via=conversesacat&#038;related=conversesacat' target='_blank' class='bctt-ctt-btn'rel=\"noopener noreferrer\">Compartir en X<\/a><\/span>\n","protected":false},"excerpt":{"rendered":"<p>La recuperaci\u00f3n econ\u00f3mica de Espa\u00f1a llegar\u00e1 en 2022, seg\u00fan asegura el director del departamento de Estudios de Laboral Kutxa, Joseba Madariaga. As\u00ed, la entidad financiera prev\u00e9 que la econom\u00eda crecer\u00e1 un PIB de 6% este a\u00f1o y de un 6,5% en 2022. Dentro de sus pron\u00f3sticos, adem\u00e1s, el director de estudios de Laboral Kutxa advirti\u00f3 sobre los tres factores que, en su opini\u00f3n, podr\u00edan poner en riesgo esas previsiones. \u201cEn primer lugar, la efectividad de las vacunas ante las nuevas variantes del virus\u201d. Igualmente, se refiri\u00f3 a la incertidumbre asociada a los costes econ\u00f3micos del Covid-19: \u201cEl marco de ayudas desarrollado impide ver los verdaderos costes que se han producido en t\u00e9rminos de destrucci\u00f3n del tejido productivo y deterioro del mercado laboral\u201d. En ese sentido, Joseba Madariaga calific\u00f3 los fondos Next Generation EU como \u201cuna excelente oportunidad para modernizar la estructura econ\u00f3mica del pa\u00eds\u201d. Y, finalmente, cit\u00f3 la herencia que la pandemia ha dejado en cuando a los niveles de endeudamiento. \u201cEsto puede suponer un lastre para la recuperaci\u00f3n en un futuro, lo que exigir\u00e1 la toma de medidas pertinentes\u201d. Sobre las tensiones surgidas en torno a la subida de precios de las materias primas y la inflaci\u00f3n, Laboral Kutxa descarta un cambio en la orientaci\u00f3n de la pol\u00edtica monetaria y fiscal europea, \u00abhasta que el crecimiento econ\u00f3mico est\u00e9 asentado, no antes de 2023\u00bb, ha concretado Joseba Madariaga. El desabastecimiento que se sufre de determinados suministros, por ejemplo, los semiconductores en automoci\u00f3n, lastrar\u00e1 la recuperaci\u00f3n de estos sectores que ya han reducido su inventario. El director de Estudios de Laboral Kutxa cree que este fallo en las cadenas de suministro conducir\u00e1 a una reflexi\u00f3n al respecto y que la digitalizaci\u00f3n de la econom\u00eda, gracias a los fondos Next Generation, har\u00e1 que el tener una empresa deslocalizada \u00abno tenga ya tanto inter\u00e9s y vuelvan algunas compa\u00f1\u00edas a producir aqu\u00ed\u00bb. Sin embargo, Madariaga se mostr\u00f3 confiado sobre la evoluci\u00f3n futura de estos \u00edndices: \u201cNo pensamos que en Europa nos vayamos a encontrar con una situaci\u00f3n problem\u00e1tica en este sentido. A lo sumo se dejar\u00e1 notar en el IPC, pero el subyacente se mantendr\u00e1 acotado en una tasa pr\u00f3xima al 1,2 %\u201d. No obstante, advirti\u00f3 de que \u201cuna inflaci\u00f3n sostenida podr\u00eda dar al traste con la recuperaci\u00f3n\u201d, ya que podr\u00eda obligar entonces a cambiar la actual orientaci\u00f3n expansionista de la pol\u00edtica monetaria que mantienen los bancos centrales.<\/p>\n","protected":false},"author":20,"featured_media":49595,"comment_status":"open","ping_status":"open","sticky":false,"template":"","format":"standard","meta":{"_FSMCFIC_featured_image_caption":"","_FSMCFIC_featured_image_nocaption":"","_FSMCFIC_featured_image_hide":"","footnotes":""},"categories":[3787,806],"tags":[1570,3006],"class_list":["post-49606","post","type-post","status-publish","format-standard","has-post-thumbnail","hentry","category-expedient-barcelona-es","category-punts-claus-del-dia-es","tag-crisis-es","tag-crisis-coronavirus"],"yoast_head":"<!-- This site is optimized with the Yoast SEO plugin v26.8 - https:\/\/yoast.com\/product\/yoast-seo-wordpress\/ -->\n<title>Un estudio prev\u00e9 la recuperaci\u00f3n para 2022 - Converses a Catalunya<\/title>\n<meta name=\"description\" content=\"Seg\u00fan el \u00faltimo estudio de Laboral Kutxa, la recuperaci\u00f3n en Espa\u00f1a se retrasar\u00e1 hasta el a\u00f1o 2022. Uno de los factores negativos es el\" \/>\n<meta name=\"robots\" content=\"index, follow, max-snippet:-1, max-image-preview:large, max-video-preview:-1\" \/>\n<link rel=\"canonical\" href=\"https:\/\/conversesacatalunya.cat\/es\/un-estudio-preve-la-recuperacion-para-2022\/\" \/>\n<meta property=\"og:locale\" content=\"es_ES\" \/>\n<meta property=\"og:type\" content=\"article\" \/>\n<meta property=\"og:title\" content=\"Un estudio prev\u00e9 la recuperaci\u00f3n para 2022 - Converses a Catalunya\" \/>\n<meta property=\"og:description\" content=\"Seg\u00fan el \u00faltimo estudio de Laboral Kutxa, la recuperaci\u00f3n en Espa\u00f1a se retrasar\u00e1 hasta el a\u00f1o 2022. Uno de los factores negativos es el\" \/>\n<meta property=\"og:url\" content=\"https:\/\/conversesacatalunya.cat\/es\/un-estudio-preve-la-recuperacion-para-2022\/\" \/>\n<meta property=\"og:site_name\" content=\"Converses a Catalunya\" \/>\n<meta property=\"article:published_time\" content=\"2021-07-02T07:39:27+00:00\" \/>\n<meta property=\"article:modified_time\" content=\"2021-07-02T11:39:44+00:00\" \/>\n<meta property=\"og:image\" content=\"https:\/\/conversesacatalunya.cat\/wp-content\/uploads\/2021\/07\/Capture.png\" \/>\n\t<meta property=\"og:image:width\" content=\"1045\" \/>\n\t<meta property=\"og:image:height\" content=\"682\" \/>\n\t<meta property=\"og:image:type\" content=\"image\/png\" \/>\n<meta name=\"author\" content=\"conversesacatalunya\" \/>\n<meta name=\"twitter:card\" content=\"summary_large_image\" \/>\n<meta name=\"twitter:label1\" content=\"Escrito por\" \/>\n\t<meta name=\"twitter:data1\" content=\"conversesacatalunya\" \/>\n\t<meta name=\"twitter:label2\" content=\"Tiempo de lectura\" \/>\n\t<meta name=\"twitter:data2\" content=\"2 minutos\" \/>\n<script type=\"application\/ld+json\" class=\"yoast-schema-graph\">{\"@context\":\"https:\/\/schema.org\",\"@graph\":[{\"@type\":\"Article\",\"@id\":\"https:\/\/conversesacatalunya.cat\/es\/un-estudio-preve-la-recuperacion-para-2022\/#article\",\"isPartOf\":{\"@id\":\"https:\/\/conversesacatalunya.cat\/es\/un-estudio-preve-la-recuperacion-para-2022\/\"},\"author\":{\"name\":\"conversesacatalunya\",\"@id\":\"https:\/\/conversesacatalunya.cat\/#\/schema\/person\/a7a9496a363cd9847daf7cd659d92e64\"},\"headline\":\"Un estudio prev\u00e9 la recuperaci\u00f3n para 2022\",\"datePublished\":\"2021-07-02T07:39:27+00:00\",\"dateModified\":\"2021-07-02T11:39:44+00:00\",\"mainEntityOfPage\":{\"@id\":\"https:\/\/conversesacatalunya.cat\/es\/un-estudio-preve-la-recuperacion-para-2022\/\"},\"wordCount\":454,\"commentCount\":0,\"image\":{\"@id\":\"https:\/\/conversesacatalunya.cat\/es\/un-estudio-preve-la-recuperacion-para-2022\/#primaryimage\"},\"thumbnailUrl\":\"https:\/\/conversesacatalunya.cat\/wp-content\/uploads\/2021\/07\/Capture.png\",\"keywords\":[\"crisis\",\"crisis coronavirus\"],\"articleSection\":[\"Expedient Barcelona (ES)\",\"Punts clau del dia (ES)\"],\"inLanguage\":\"es\",\"potentialAction\":[{\"@type\":\"CommentAction\",\"name\":\"Comment\",\"target\":[\"https:\/\/conversesacatalunya.cat\/es\/un-estudio-preve-la-recuperacion-para-2022\/#respond\"]}]},{\"@type\":\"WebPage\",\"@id\":\"https:\/\/conversesacatalunya.cat\/es\/un-estudio-preve-la-recuperacion-para-2022\/\",\"url\":\"https:\/\/conversesacatalunya.cat\/es\/un-estudio-preve-la-recuperacion-para-2022\/\",\"name\":\"Un estudio prev\u00e9 la recuperaci\u00f3n para 2022 - Converses a Catalunya\",\"isPartOf\":{\"@id\":\"https:\/\/conversesacatalunya.cat\/#website\"},\"primaryImageOfPage\":{\"@id\":\"https:\/\/conversesacatalunya.cat\/es\/un-estudio-preve-la-recuperacion-para-2022\/#primaryimage\"},\"image\":{\"@id\":\"https:\/\/conversesacatalunya.cat\/es\/un-estudio-preve-la-recuperacion-para-2022\/#primaryimage\"},\"thumbnailUrl\":\"https:\/\/conversesacatalunya.cat\/wp-content\/uploads\/2021\/07\/Capture.png\",\"datePublished\":\"2021-07-02T07:39:27+00:00\",\"dateModified\":\"2021-07-02T11:39:44+00:00\",\"author\":{\"@id\":\"https:\/\/conversesacatalunya.cat\/#\/schema\/person\/a7a9496a363cd9847daf7cd659d92e64\"},\"description\":\"Seg\u00fan el \u00faltimo estudio de Laboral Kutxa, la recuperaci\u00f3n en Espa\u00f1a se retrasar\u00e1 hasta el a\u00f1o 2022. Uno de los factores negativos es el\",\"breadcrumb\":{\"@id\":\"https:\/\/conversesacatalunya.cat\/es\/un-estudio-preve-la-recuperacion-para-2022\/#breadcrumb\"},\"inLanguage\":\"es\",\"potentialAction\":[{\"@type\":\"ReadAction\",\"target\":[\"https:\/\/conversesacatalunya.cat\/es\/un-estudio-preve-la-recuperacion-para-2022\/\"]}]},{\"@type\":\"ImageObject\",\"inLanguage\":\"es\",\"@id\":\"https:\/\/conversesacatalunya.cat\/es\/un-estudio-preve-la-recuperacion-para-2022\/#primaryimage\",\"url\":\"https:\/\/conversesacatalunya.cat\/wp-content\/uploads\/2021\/07\/Capture.png\",\"contentUrl\":\"https:\/\/conversesacatalunya.cat\/wp-content\/uploads\/2021\/07\/Capture.png\",\"width\":1045,\"height\":682,\"caption\":\"recuperaci\u00f3\"},{\"@type\":\"BreadcrumbList\",\"@id\":\"https:\/\/conversesacatalunya.cat\/es\/un-estudio-preve-la-recuperacion-para-2022\/#breadcrumb\",\"itemListElement\":[{\"@type\":\"ListItem\",\"position\":1,\"name\":\"Inici\",\"item\":\"https:\/\/conversesacatalunya.cat\/es\/\"},{\"@type\":\"ListItem\",\"position\":2,\"name\":\"Un estudio prev\u00e9 la recuperaci\u00f3n para 2022\"}]},{\"@type\":\"WebSite\",\"@id\":\"https:\/\/conversesacatalunya.cat\/#website\",\"url\":\"https:\/\/conversesacatalunya.cat\/\",\"name\":\"Converses a Catalunya\",\"description\":\"\",\"potentialAction\":[{\"@type\":\"SearchAction\",\"target\":{\"@type\":\"EntryPoint\",\"urlTemplate\":\"https:\/\/conversesacatalunya.cat\/?s={search_term_string}\"},\"query-input\":{\"@type\":\"PropertyValueSpecification\",\"valueRequired\":true,\"valueName\":\"search_term_string\"}}],\"inLanguage\":\"es\"},{\"@type\":\"Person\",\"@id\":\"https:\/\/conversesacatalunya.cat\/#\/schema\/person\/a7a9496a363cd9847daf7cd659d92e64\",\"name\":\"conversesacatalunya\",\"image\":{\"@type\":\"ImageObject\",\"inLanguage\":\"es\",\"@id\":\"https:\/\/conversesacatalunya.cat\/#\/schema\/person\/image\/\",\"url\":\"https:\/\/conversesacatalunya.cat\/wp-content\/litespeed\/avatar\/ff91582b44ff9c880dc9c5ac2f5c7e89.jpg?ver=1777372947\",\"contentUrl\":\"https:\/\/conversesacatalunya.cat\/wp-content\/litespeed\/avatar\/ff91582b44ff9c880dc9c5ac2f5c7e89.jpg?ver=1777372947\",\"caption\":\"conversesacatalunya\"},\"url\":\"https:\/\/conversesacatalunya.cat\/es\/author\/francisco_garcia\/\"}]}<\/script>\n<!-- \/ Yoast SEO plugin. -->","yoast_head_json":{"title":"Un estudio prev\u00e9 la recuperaci\u00f3n para 2022 - Converses a Catalunya","description":"Seg\u00fan el \u00faltimo estudio de Laboral Kutxa, la recuperaci\u00f3n en Espa\u00f1a se retrasar\u00e1 hasta el a\u00f1o 2022. Uno de los factores negativos es el","robots":{"index":"index","follow":"follow","max-snippet":"max-snippet:-1","max-image-preview":"max-image-preview:large","max-video-preview":"max-video-preview:-1"},"canonical":"https:\/\/conversesacatalunya.cat\/es\/un-estudio-preve-la-recuperacion-para-2022\/","og_locale":"es_ES","og_type":"article","og_title":"Un estudio prev\u00e9 la recuperaci\u00f3n para 2022 - Converses a Catalunya","og_description":"Seg\u00fan el \u00faltimo estudio de Laboral Kutxa, la recuperaci\u00f3n en Espa\u00f1a se retrasar\u00e1 hasta el a\u00f1o 2022. Uno de los factores negativos es el","og_url":"https:\/\/conversesacatalunya.cat\/es\/un-estudio-preve-la-recuperacion-para-2022\/","og_site_name":"Converses a Catalunya","article_published_time":"2021-07-02T07:39:27+00:00","article_modified_time":"2021-07-02T11:39:44+00:00","og_image":[{"width":1045,"height":682,"url":"https:\/\/conversesacatalunya.cat\/wp-content\/uploads\/2021\/07\/Capture.png","type":"image\/png"}],"author":"conversesacatalunya","twitter_card":"summary_large_image","twitter_misc":{"Escrito por":"conversesacatalunya","Tiempo de lectura":"2 minutos"},"schema":{"@context":"https:\/\/schema.org","@graph":[{"@type":"Article","@id":"https:\/\/conversesacatalunya.cat\/es\/un-estudio-preve-la-recuperacion-para-2022\/#article","isPartOf":{"@id":"https:\/\/conversesacatalunya.cat\/es\/un-estudio-preve-la-recuperacion-para-2022\/"},"author":{"name":"conversesacatalunya","@id":"https:\/\/conversesacatalunya.cat\/#\/schema\/person\/a7a9496a363cd9847daf7cd659d92e64"},"headline":"Un estudio prev\u00e9 la recuperaci\u00f3n para 2022","datePublished":"2021-07-02T07:39:27+00:00","dateModified":"2021-07-02T11:39:44+00:00","mainEntityOfPage":{"@id":"https:\/\/conversesacatalunya.cat\/es\/un-estudio-preve-la-recuperacion-para-2022\/"},"wordCount":454,"commentCount":0,"image":{"@id":"https:\/\/conversesacatalunya.cat\/es\/un-estudio-preve-la-recuperacion-para-2022\/#primaryimage"},"thumbnailUrl":"https:\/\/conversesacatalunya.cat\/wp-content\/uploads\/2021\/07\/Capture.png","keywords":["crisis","crisis coronavirus"],"articleSection":["Expedient Barcelona (ES)","Punts clau del dia (ES)"],"inLanguage":"es","potentialAction":[{"@type":"CommentAction","name":"Comment","target":["https:\/\/conversesacatalunya.cat\/es\/un-estudio-preve-la-recuperacion-para-2022\/#respond"]}]},{"@type":"WebPage","@id":"https:\/\/conversesacatalunya.cat\/es\/un-estudio-preve-la-recuperacion-para-2022\/","url":"https:\/\/conversesacatalunya.cat\/es\/un-estudio-preve-la-recuperacion-para-2022\/","name":"Un estudio prev\u00e9 la recuperaci\u00f3n para 2022 - Converses a Catalunya","isPartOf":{"@id":"https:\/\/conversesacatalunya.cat\/#website"},"primaryImageOfPage":{"@id":"https:\/\/conversesacatalunya.cat\/es\/un-estudio-preve-la-recuperacion-para-2022\/#primaryimage"},"image":{"@id":"https:\/\/conversesacatalunya.cat\/es\/un-estudio-preve-la-recuperacion-para-2022\/#primaryimage"},"thumbnailUrl":"https:\/\/conversesacatalunya.cat\/wp-content\/uploads\/2021\/07\/Capture.png","datePublished":"2021-07-02T07:39:27+00:00","dateModified":"2021-07-02T11:39:44+00:00","author":{"@id":"https:\/\/conversesacatalunya.cat\/#\/schema\/person\/a7a9496a363cd9847daf7cd659d92e64"},"description":"Seg\u00fan el \u00faltimo estudio de Laboral Kutxa, la recuperaci\u00f3n en Espa\u00f1a se retrasar\u00e1 hasta el a\u00f1o 2022. Uno de los factores negativos es el","breadcrumb":{"@id":"https:\/\/conversesacatalunya.cat\/es\/un-estudio-preve-la-recuperacion-para-2022\/#breadcrumb"},"inLanguage":"es","potentialAction":[{"@type":"ReadAction","target":["https:\/\/conversesacatalunya.cat\/es\/un-estudio-preve-la-recuperacion-para-2022\/"]}]},{"@type":"ImageObject","inLanguage":"es","@id":"https:\/\/conversesacatalunya.cat\/es\/un-estudio-preve-la-recuperacion-para-2022\/#primaryimage","url":"https:\/\/conversesacatalunya.cat\/wp-content\/uploads\/2021\/07\/Capture.png","contentUrl":"https:\/\/conversesacatalunya.cat\/wp-content\/uploads\/2021\/07\/Capture.png","width":1045,"height":682,"caption":"recuperaci\u00f3"},{"@type":"BreadcrumbList","@id":"https:\/\/conversesacatalunya.cat\/es\/un-estudio-preve-la-recuperacion-para-2022\/#breadcrumb","itemListElement":[{"@type":"ListItem","position":1,"name":"Inici","item":"https:\/\/conversesacatalunya.cat\/es\/"},{"@type":"ListItem","position":2,"name":"Un estudio prev\u00e9 la recuperaci\u00f3n para 2022"}]},{"@type":"WebSite","@id":"https:\/\/conversesacatalunya.cat\/#website","url":"https:\/\/conversesacatalunya.cat\/","name":"Converses a Catalunya","description":"","potentialAction":[{"@type":"SearchAction","target":{"@type":"EntryPoint","urlTemplate":"https:\/\/conversesacatalunya.cat\/?s={search_term_string}"},"query-input":{"@type":"PropertyValueSpecification","valueRequired":true,"valueName":"search_term_string"}}],"inLanguage":"es"},{"@type":"Person","@id":"https:\/\/conversesacatalunya.cat\/#\/schema\/person\/a7a9496a363cd9847daf7cd659d92e64","name":"conversesacatalunya","image":{"@type":"ImageObject","inLanguage":"es","@id":"https:\/\/conversesacatalunya.cat\/#\/schema\/person\/image\/","url":"https:\/\/conversesacatalunya.cat\/wp-content\/litespeed\/avatar\/ff91582b44ff9c880dc9c5ac2f5c7e89.jpg?ver=1777372947","contentUrl":"https:\/\/conversesacatalunya.cat\/wp-content\/litespeed\/avatar\/ff91582b44ff9c880dc9c5ac2f5c7e89.jpg?ver=1777372947","caption":"conversesacatalunya"},"url":"https:\/\/conversesacatalunya.cat\/es\/author\/francisco_garcia\/"}]}},"wps_subtitle":"Seg\u00fan el \u00faltimo estudio de Laboral Kutxa, la recuperaci\u00f3n en Espa\u00f1a se retrasar\u00e1 hasta el a\u00f1o 2022. Uno de los factores negativos es el desabastecimiento de los semiconductores","_links":{"self":[{"href":"https:\/\/conversesacatalunya.cat\/es\/wp-json\/wp\/v2\/posts\/49606","targetHints":{"allow":["GET"]}}],"collection":[{"href":"https:\/\/conversesacatalunya.cat\/es\/wp-json\/wp\/v2\/posts"}],"about":[{"href":"https:\/\/conversesacatalunya.cat\/es\/wp-json\/wp\/v2\/types\/post"}],"author":[{"embeddable":true,"href":"https:\/\/conversesacatalunya.cat\/es\/wp-json\/wp\/v2\/users\/20"}],"replies":[{"embeddable":true,"href":"https:\/\/conversesacatalunya.cat\/es\/wp-json\/wp\/v2\/comments?post=49606"}],"version-history":[{"count":2,"href":"https:\/\/conversesacatalunya.cat\/es\/wp-json\/wp\/v2\/posts\/49606\/revisions"}],"predecessor-version":[{"id":49608,"href":"https:\/\/conversesacatalunya.cat\/es\/wp-json\/wp\/v2\/posts\/49606\/revisions\/49608"}],"wp:featuredmedia":[{"embeddable":true,"href":"https:\/\/conversesacatalunya.cat\/es\/wp-json\/wp\/v2\/media\/49595"}],"wp:attachment":[{"href":"https:\/\/conversesacatalunya.cat\/es\/wp-json\/wp\/v2\/media?parent=49606"}],"wp:term":[{"taxonomy":"category","embeddable":true,"href":"https:\/\/conversesacatalunya.cat\/es\/wp-json\/wp\/v2\/categories?post=49606"},{"taxonomy":"post_tag","embeddable":true,"href":"https:\/\/conversesacatalunya.cat\/es\/wp-json\/wp\/v2\/tags?post=49606"}],"curies":[{"name":"wp","href":"https:\/\/api.w.org\/{rel}","templated":true}]}}