{"id":49519,"date":"2021-06-30T08:58:40","date_gmt":"2021-06-30T06:58:40","guid":{"rendered":"https:\/\/conversesacatalunya.cat\/?p=49519"},"modified":"2024-01-22T14:13:01","modified_gmt":"2024-01-22T13:13:01","slug":"no-entiendes-que-nos-molesta-botifler","status":"publish","type":"post","link":"https:\/\/conversesacatalunya.cat\/es\/no-entiendes-que-nos-molesta-botifler\/","title":{"rendered":"\u201c\u00bfNo entiendes que nos molesta?\u201d \u201c\u00a1Botifler!\u201d"},"content":{"rendered":"<p>No ten\u00eda intenci\u00f3n de escribir <strong>un hilo en Twitter<\/strong>. Mi idea era m\u00e1s bien acercarme a escuchar, tomar cuatro notas, grabar alg\u00fan plano general y hacer cuatro fotos para un art\u00edculo en mi bloc y en los medios en los que colaboro. Y entender el porqu\u00e9, qui\u00e9n los forma, de d\u00f3nde salen.<\/p>\n<p><strong>Me fascina la gente joven comprometida con valores que cre\u00eda perdidos<\/strong>, como las injusticias, la igualdad de las mujeres, la lucha contra el racismo, que se movilizan para evitar un desahucio de una familia sin recursos, aunque a veces se trata de pisos de particulares, muchos de los cuales se han hipotecado para invertir en ladrillo y garantizarles as\u00ed una vivienda futura para sus hijos.<\/p>\n<p>Pero a la vez me sorprende que mezclen esos mismos valores con la justificaci\u00f3n de la violencia, la discriminaci\u00f3n por raz\u00f3n de la lengua o la vulneraci\u00f3n de las leyes para conseguir la independencia por la v\u00eda unilateral. <strong>Estar contra el sistema, para un joven, no es un pecado, yo tambi\u00e9n he sido joven y tuve una \u00e9poca \u00e1crata<\/strong>. Pero nunca le pegu\u00e9 a nadie y como mucho me acerqu\u00e9 a alguna \u201cmani\u201d a correr detr\u00e1s (y lejos) de los grises. Y aquello era una dictadura. Pegaban de verdad. Era el final del t\u00fanel, pero una dictadura. A\u00fan conservo una carpeta de mis 16 a\u00f1os llena de adhesivos con lemas de mayo del 68 y frases de Proudhon y Bakunin. Luego pas\u00e9 por otras fases<strong> para acabar militando durante 20 a\u00f1os en un partido democristiano y catalanista<\/strong>. Comparto esa obsesi\u00f3n por la justicia social y la defensa de los derechos de la persona, en especial de los m\u00e1s d\u00e9biles. Y la defensa de la cultura catalana, de las tradiciones, de la lengua de Espriu, aunque tambi\u00e9n de la otra, la de tantos otros catalanes, cooficial y com\u00fan a todo el Estado. Pero creo que cost\u00f3 mucho recuperar la libertad como para que <strong>los que han crecido en una de las democracias m\u00e1s s\u00f3lidas de Europa (con todos los defectos que pueda tener), vengan ahora a romperlo todo.<\/strong><\/p>\n<p>Cuando aquel caballero ya talludito (no tanto como yo, pero uno de los pocos que ten\u00eda aspecto de antisistema, entre tantas \u201cConverse\u201d, minifaldas y ropa de marca) se lanz\u00f3 a tocar \u201c<em>Margalida<\/em>\u201d, de Joan Isaac, dedicada a la novia de Puig Antich, volv\u00ed a mis 16 a\u00f1os y al momento de estallido de libertad que represent\u00f3 la transici\u00f3n y la muerte de la dictadura. Mientras tanto, una de las chicas de las juventudes de Arran de Sant Cugat (CUP) me explicaba que no pod\u00eda grabar im\u00e1genes en un acto p\u00fablico porque <strong>aquello no era una finca p\u00fablica sino \u201c<em>okupada\u201d.<\/em><\/strong>\u00a0Yo segu\u00eda escuchando de fondo la canci\u00f3n. Me la sab\u00eda de memoria, igual que el \u201c<em>No \u00e9s aix\u00f2, companys, no \u00e9s aix\u00f2<\/em>\u201d de mi otrora \u00eddolo Llu\u00eds Llach. Y recordaba las pegatinas en mi camisa en favor de la\u00a0<em>llibertat d\u2019expressi\u00f3<\/em>\u00a0cuando censuraron als\u00a0<em>Joglars<\/em>, y viaj\u00e9 en el tiempo hasta un concierto de Ramon Muntaner cuando cantaba su \u201cCan\u00e7\u00f3 de carrer\u201d\u00a0(\u201c<em>ap\u00f2stols i cabdills,\u00a0llenceu el crit d\u2019alarma<\/em>!\u201d).<\/p>\n<p>Salvo el cantante, y alguno m\u00e1s de aquellos chicos, alguno treinta\u00f1ero, creo que nadie m\u00e1s conoc\u00eda aquella canci\u00f3n. Pero <strong>me estaban prohibiendo la palabra, el sagrado derecho a informar de un periodista<\/strong>. Me estaban censurando. No encuentro otra expresi\u00f3n mejor. Veintea\u00f1eras de clase media-alta explic\u00e1ndole a un periodista que podr\u00eda ser su padre (\u00bfc\u00f3mo tratar\u00e1n a sus padres?) c\u00f3mo yo no entend\u00eda que les molestaba que les grabara. Y yo desga\u00f1it\u00e1ndome intentando explicarles a ellas que estaban equivocadas. <strong>\u201cSi quieres grabar, te vas de aqu\u00ed\u201d<\/strong>, me solt\u00f3 un tipo con una birra en la mano. Y en efecto, me fui antes de acabar, ya que no me dejaron grabar, para evitar males mayores.<\/p>\n<p><img fetchpriority=\"high\" decoding=\"async\" class=\"size-full wp-image-49522 alignright\" src=\"https:\/\/conversesacatalunya.cat\/wp-content\/uploads\/2021\/06\/Silva.jpg\" alt=\"\" width=\"300\" height=\"225\" srcset=\"https:\/\/conversesacatalunya.cat\/wp-content\/uploads\/2021\/06\/Silva.jpg 300w, https:\/\/conversesacatalunya.cat\/wp-content\/uploads\/2021\/06\/Silva-150x113.jpg 150w\" sizes=\"(max-width: 300px) 100vw, 300px\" \/><\/p>\n<p>Despu\u00e9s de haber publicitado en las redes durante d\u00edas un acto consistente en un concurso-premio para \u201cse\u00f1alar\u201d (sic) a \u201c<em>botiflers\u201d<\/em>\u00a0(traidores) con nombres y apellidos, alguno de los cuales un exconseller amigo m\u00edo, aunque hoy ideol\u00f3gicamente lejano.<\/p>\n<p>Despu\u00e9s de haber hecho fotos del acto que ellas mismas colgar\u00edan m\u00e1s tarde en las redes, con una nota de prensa explicando solo lo que ellas quieren que se explique. En alguna de las cuales aparec\u00eda yo, sin que por supuesto nadie me hubiera pedido permiso.<\/p>\n<p>Despu\u00e9s que una\u00a0<em>youtuber<\/em>\u00a0con aspecto de \u201cprep\u00faber\u201d dijera que Espa\u00f1a est\u00e1 cometiendo un \u201cputo genocidio\u201d con el catal\u00e1n. Cuando <strong>ella misma reconoci\u00f3 que el catal\u00e1n en las redes \u201cno mola\u201d entre los j\u00f3venes y que son todos unos acomplejados y pusiera a caldo a TV3<\/strong>, donde trabaja y cobra unos buenos emolumentos. O que le parece normal hablarle en catal\u00e1n a una cajera de un supermercado que acaba de llegar de Latinoam\u00e9rica en busca de un horizonte de vida, aunque Messi no haya dicho ni una palabra m\u00e1s all\u00e1 de \u201cVisca Catalunya\u201d, tras 20 a\u00f1os aqu\u00ed. Que la rabia que ellas sienten lo justifica, aunque hay que intentar no humillarla demasiado.<\/p>\n<p>Que van a bloquear un aeropuerto porque alguien les prometi\u00f3 una independencia que no llega nunca, y ahora est\u00e1n frustradas y reniegan de los propios pol\u00edticos independentistas que les han conducido hasta aqu\u00ed. Que se bajan a Urquinaona a quemar contenedores como si fuera un deporte de riesgo, una diversi\u00f3n m\u00e1s para salir de la rutina. <strong>Que tienen de todo, pero no son felices<\/strong>. Y que, insisto, les molesta que alguien ejerza un derecho fundamental que parece que desconocen, porque \u201cno cuesta tanto entender que no queremos que nos graben\u201d. \u201cNo queremos\u201d. Y si hace falta impedirlo con violencia, cogerte el brazo, tapar la c\u00e1mara, se impide sin problema. Total, es un \u201canciano\u201d, un viejo, un \u201c<em>pollavieja<\/em>\u201d (con perd\u00f3n, son algunos de los calificativos que me dedicaron despu\u00e9s en las redes cuando describ\u00ed lo que ocurri\u00f3). Soy un viejo, a\u00fan en los 50, como sus padres, como sus abuelos, muchos de los cuales est\u00e1n desesperados porque no saben en qu\u00e9 se han equivocado.<\/p>\n<p><strong>\u00bfQu\u00e9 hacemos con esta gente, joven, con aspecto de no haber roto un plato en su vida, que est\u00e1n en contra de todo? \u00bfQui\u00e9n les ha metido todo eso en la cabeza?<\/strong><\/p>\n<p><em>No, no era aix\u00f2, companys, no era aix\u00f2.<\/em><\/p>\n","protected":false},"excerpt":{"rendered":"<p>No ten\u00eda intenci\u00f3n de escribir un hilo en Twitter. Mi idea era m\u00e1s bien acercarme a escuchar, tomar cuatro notas, grabar alg\u00fan plano general y hacer cuatro fotos para un art\u00edculo en mi bloc y en los medios en los que colaboro. Y entender el porqu\u00e9, qui\u00e9n los forma, de d\u00f3nde salen. Me fascina la gente joven comprometida con valores que cre\u00eda perdidos, como las injusticias, la igualdad de las mujeres, la lucha contra el racismo, que se movilizan para evitar un desahucio de una familia sin recursos, aunque a veces se trata de pisos de particulares, muchos de los cuales se han hipotecado para invertir en ladrillo y garantizarles as\u00ed una vivienda futura para sus hijos. Pero a la vez me sorprende que mezclen esos mismos valores con la justificaci\u00f3n de la violencia, la discriminaci\u00f3n por raz\u00f3n de la lengua o la vulneraci\u00f3n de las leyes para conseguir la independencia por la v\u00eda unilateral. Estar contra el sistema, para un joven, no es un pecado, yo tambi\u00e9n he sido joven y tuve una \u00e9poca \u00e1crata. Pero nunca le pegu\u00e9 a nadie y como mucho me acerqu\u00e9 a alguna \u201cmani\u201d a correr detr\u00e1s (y lejos) de los grises. Y aquello era una dictadura. Pegaban de verdad. Era el final del t\u00fanel, pero una dictadura. A\u00fan conservo una carpeta de mis 16 a\u00f1os llena de adhesivos con lemas de mayo del 68 y frases de Proudhon y Bakunin. Luego pas\u00e9 por otras fases para acabar militando durante 20 a\u00f1os en un partido democristiano y catalanista. Comparto esa obsesi\u00f3n por la justicia social y la defensa de los derechos de la persona, en especial de los m\u00e1s d\u00e9biles. Y la defensa de la cultura catalana, de las tradiciones, de la lengua de Espriu, aunque tambi\u00e9n de la otra, la de tantos otros catalanes, cooficial y com\u00fan a todo el Estado. Pero creo que cost\u00f3 mucho recuperar la libertad como para que los que han crecido en una de las democracias m\u00e1s s\u00f3lidas de Europa (con todos los defectos que pueda tener), vengan ahora a romperlo todo. Cuando aquel caballero ya talludito (no tanto como yo, pero uno de los pocos que ten\u00eda aspecto de antisistema, entre tantas \u201cConverse\u201d, minifaldas y ropa de marca) se lanz\u00f3 a tocar \u201cMargalida\u201d, de Joan Isaac, dedicada a la novia de Puig Antich, volv\u00ed a mis 16 a\u00f1os y al momento de estallido de libertad que represent\u00f3 la transici\u00f3n y la muerte de la dictadura. Mientras tanto, una de las chicas de las juventudes de Arran de Sant Cugat (CUP) me explicaba que no pod\u00eda grabar im\u00e1genes en un acto p\u00fablico porque aquello no era una finca p\u00fablica sino \u201cokupada\u201d.\u00a0Yo segu\u00eda escuchando de fondo la canci\u00f3n. Me la sab\u00eda de memoria, igual que el \u201cNo \u00e9s aix\u00f2, companys, no \u00e9s aix\u00f2\u201d de mi otrora \u00eddolo Llu\u00eds Llach. Y recordaba las pegatinas en mi camisa en favor de la\u00a0llibertat d\u2019expressi\u00f3\u00a0cuando censuraron als\u00a0Joglars, y viaj\u00e9 en el tiempo hasta un concierto de Ramon Muntaner cuando cantaba su \u201cCan\u00e7\u00f3 de carrer\u201d\u00a0(\u201cap\u00f2stols i cabdills,\u00a0llenceu el crit d\u2019alarma!\u201d). Salvo el cantante, y alguno m\u00e1s de aquellos chicos, alguno treinta\u00f1ero, creo que nadie m\u00e1s conoc\u00eda aquella canci\u00f3n. Pero me estaban prohibiendo la palabra, el sagrado derecho a informar de un periodista. Me estaban censurando. No encuentro otra expresi\u00f3n mejor. Veintea\u00f1eras de clase media-alta explic\u00e1ndole a un periodista que podr\u00eda ser su padre (\u00bfc\u00f3mo tratar\u00e1n a sus padres?) c\u00f3mo yo no entend\u00eda que les molestaba que les grabara. Y yo desga\u00f1it\u00e1ndome intentando explicarles a ellas que estaban equivocadas. \u201cSi quieres grabar, te vas de aqu\u00ed\u201d, me solt\u00f3 un tipo con una birra en la mano. Y en efecto, me fui antes de acabar, ya que no me dejaron grabar, para evitar males mayores. Despu\u00e9s de haber publicitado en las redes durante d\u00edas un acto consistente en un concurso-premio para \u201cse\u00f1alar\u201d (sic) a \u201cbotiflers\u201d\u00a0(traidores) con nombres y apellidos, alguno de los cuales un exconseller amigo m\u00edo, aunque hoy ideol\u00f3gicamente lejano. Despu\u00e9s de haber hecho fotos del acto que ellas mismas colgar\u00edan m\u00e1s tarde en las redes, con una nota de prensa explicando solo lo que ellas quieren que se explique. En alguna de las cuales aparec\u00eda yo, sin que por supuesto nadie me hubiera pedido permiso. Despu\u00e9s que una\u00a0youtuber\u00a0con aspecto de \u201cprep\u00faber\u201d dijera que Espa\u00f1a est\u00e1 cometiendo un \u201cputo genocidio\u201d con el catal\u00e1n. Cuando ella misma reconoci\u00f3 que el catal\u00e1n en las redes \u201cno mola\u201d entre los j\u00f3venes y que son todos unos acomplejados y pusiera a caldo a TV3, donde trabaja y cobra unos buenos emolumentos. O que le parece normal hablarle en catal\u00e1n a una cajera de un supermercado que acaba de llegar de Latinoam\u00e9rica en busca de un horizonte de vida, aunque Messi no haya dicho ni una palabra m\u00e1s all\u00e1 de \u201cVisca Catalunya\u201d, tras 20 a\u00f1os aqu\u00ed. Que la rabia que ellas sienten lo justifica, aunque hay que intentar no humillarla demasiado. Que van a bloquear un aeropuerto porque alguien les prometi\u00f3 una independencia que no llega nunca, y ahora est\u00e1n frustradas y reniegan de los propios pol\u00edticos independentistas que les han conducido hasta aqu\u00ed. Que se bajan a Urquinaona a quemar contenedores como si fuera un deporte de riesgo, una diversi\u00f3n m\u00e1s para salir de la rutina. Que tienen de todo, pero no son felices. Y que, insisto, les molesta que alguien ejerza un derecho fundamental que parece que desconocen, porque \u201cno cuesta tanto entender que no queremos que nos graben\u201d. \u201cNo queremos\u201d. Y si hace falta impedirlo con violencia, cogerte el brazo, tapar la c\u00e1mara, se impide sin problema. Total, es un \u201canciano\u201d, un viejo, un \u201cpollavieja\u201d (con perd\u00f3n, son algunos de los calificativos que me dedicaron despu\u00e9s en las redes cuando describ\u00ed lo que ocurri\u00f3). Soy un viejo, a\u00fan en los 50, como sus padres, como sus abuelos, muchos de los cuales est\u00e1n desesperados porque no saben en qu\u00e9 se han equivocado. \u00bfQu\u00e9 hacemos con esta gente, joven, con aspecto de no haber roto un plato en su vida, que est\u00e1n en contra de todo? \u00bfQui\u00e9n les&#8230;<\/p>\n","protected":false},"author":5,"featured_media":49524,"comment_status":"open","ping_status":"open","sticky":false,"template":"","format":"standard","meta":{"_FSMCFIC_featured_image_caption":"","_FSMCFIC_featured_image_nocaption":"","_FSMCFIC_featured_image_hide":"","footnotes":""},"categories":[804],"tags":[],"class_list":["post-49519","post","type-post","status-publish","format-standard","has-post-thumbnail","hentry","category-opinem-es"],"yoast_head":"<!-- This site is optimized with the Yoast SEO plugin v26.8 - https:\/\/yoast.com\/product\/yoast-seo-wordpress\/ -->\n<title>\u201c\u00bfNo entiendes que nos molesta?\u201d \u201c\u00a1Botifler!\u201d - Converses a Catalunya<\/title>\n<meta name=\"robots\" content=\"noindex, nofollow\" \/>\n<meta property=\"og:locale\" content=\"es_ES\" \/>\n<meta property=\"og:type\" content=\"article\" \/>\n<meta property=\"og:title\" content=\"\u201c\u00bfNo entiendes que nos molesta?\u201d \u201c\u00a1Botifler!\u201d - Converses a Catalunya\" \/>\n<meta property=\"og:description\" content=\"No ten\u00eda intenci\u00f3n de escribir un hilo en Twitter. Mi idea era m\u00e1s bien acercarme a escuchar, tomar cuatro notas, grabar alg\u00fan plano general y hacer cuatro fotos para un art\u00edculo en mi bloc y en los medios en los que colaboro. Y entender el porqu\u00e9, qui\u00e9n los forma, de d\u00f3nde salen. Me fascina la gente joven comprometida con valores que cre\u00eda perdidos, como las injusticias, la igualdad de las mujeres, la lucha contra el racismo, que se movilizan para evitar un desahucio de una familia sin recursos, aunque a veces se trata de pisos de particulares, muchos de los cuales se han hipotecado para invertir en ladrillo y garantizarles as\u00ed una vivienda futura para sus hijos. Pero a la vez me sorprende que mezclen esos mismos valores con la justificaci\u00f3n de la violencia, la discriminaci\u00f3n por raz\u00f3n de la lengua o la vulneraci\u00f3n de las leyes para conseguir la independencia por la v\u00eda unilateral. Estar contra el sistema, para un joven, no es un pecado, yo tambi\u00e9n he sido joven y tuve una \u00e9poca \u00e1crata. Pero nunca le pegu\u00e9 a nadie y como mucho me acerqu\u00e9 a alguna \u201cmani\u201d a correr detr\u00e1s (y lejos) de los grises. Y aquello era una dictadura. Pegaban de verdad. Era el final del t\u00fanel, pero una dictadura. A\u00fan conservo una carpeta de mis 16 a\u00f1os llena de adhesivos con lemas de mayo del 68 y frases de Proudhon y Bakunin. Luego pas\u00e9 por otras fases para acabar militando durante 20 a\u00f1os en un partido democristiano y catalanista. Comparto esa obsesi\u00f3n por la justicia social y la defensa de los derechos de la persona, en especial de los m\u00e1s d\u00e9biles. Y la defensa de la cultura catalana, de las tradiciones, de la lengua de Espriu, aunque tambi\u00e9n de la otra, la de tantos otros catalanes, cooficial y com\u00fan a todo el Estado. Pero creo que cost\u00f3 mucho recuperar la libertad como para que los que han crecido en una de las democracias m\u00e1s s\u00f3lidas de Europa (con todos los defectos que pueda tener), vengan ahora a romperlo todo. Cuando aquel caballero ya talludito (no tanto como yo, pero uno de los pocos que ten\u00eda aspecto de antisistema, entre tantas \u201cConverse\u201d, minifaldas y ropa de marca) se lanz\u00f3 a tocar \u201cMargalida\u201d, de Joan Isaac, dedicada a la novia de Puig Antich, volv\u00ed a mis 16 a\u00f1os y al momento de estallido de libertad que represent\u00f3 la transici\u00f3n y la muerte de la dictadura. Mientras tanto, una de las chicas de las juventudes de Arran de Sant Cugat (CUP) me explicaba que no pod\u00eda grabar im\u00e1genes en un acto p\u00fablico porque aquello no era una finca p\u00fablica sino \u201cokupada\u201d.\u00a0Yo segu\u00eda escuchando de fondo la canci\u00f3n. Me la sab\u00eda de memoria, igual que el \u201cNo \u00e9s aix\u00f2, companys, no \u00e9s aix\u00f2\u201d de mi otrora \u00eddolo Llu\u00eds Llach. Y recordaba las pegatinas en mi camisa en favor de la\u00a0llibertat d\u2019expressi\u00f3\u00a0cuando censuraron als\u00a0Joglars, y viaj\u00e9 en el tiempo hasta un concierto de Ramon Muntaner cuando cantaba su \u201cCan\u00e7\u00f3 de carrer\u201d\u00a0(\u201cap\u00f2stols i cabdills,\u00a0llenceu el crit d\u2019alarma!\u201d). Salvo el cantante, y alguno m\u00e1s de aquellos chicos, alguno treinta\u00f1ero, creo que nadie m\u00e1s conoc\u00eda aquella canci\u00f3n. Pero me estaban prohibiendo la palabra, el sagrado derecho a informar de un periodista. Me estaban censurando. No encuentro otra expresi\u00f3n mejor. Veintea\u00f1eras de clase media-alta explic\u00e1ndole a un periodista que podr\u00eda ser su padre (\u00bfc\u00f3mo tratar\u00e1n a sus padres?) c\u00f3mo yo no entend\u00eda que les molestaba que les grabara. Y yo desga\u00f1it\u00e1ndome intentando explicarles a ellas que estaban equivocadas. \u201cSi quieres grabar, te vas de aqu\u00ed\u201d, me solt\u00f3 un tipo con una birra en la mano. Y en efecto, me fui antes de acabar, ya que no me dejaron grabar, para evitar males mayores. Despu\u00e9s de haber publicitado en las redes durante d\u00edas un acto consistente en un concurso-premio para \u201cse\u00f1alar\u201d (sic) a \u201cbotiflers\u201d\u00a0(traidores) con nombres y apellidos, alguno de los cuales un exconseller amigo m\u00edo, aunque hoy ideol\u00f3gicamente lejano. Despu\u00e9s de haber hecho fotos del acto que ellas mismas colgar\u00edan m\u00e1s tarde en las redes, con una nota de prensa explicando solo lo que ellas quieren que se explique. En alguna de las cuales aparec\u00eda yo, sin que por supuesto nadie me hubiera pedido permiso. Despu\u00e9s que una\u00a0youtuber\u00a0con aspecto de \u201cprep\u00faber\u201d dijera que Espa\u00f1a est\u00e1 cometiendo un \u201cputo genocidio\u201d con el catal\u00e1n. Cuando ella misma reconoci\u00f3 que el catal\u00e1n en las redes \u201cno mola\u201d entre los j\u00f3venes y que son todos unos acomplejados y pusiera a caldo a TV3, donde trabaja y cobra unos buenos emolumentos. O que le parece normal hablarle en catal\u00e1n a una cajera de un supermercado que acaba de llegar de Latinoam\u00e9rica en busca de un horizonte de vida, aunque Messi no haya dicho ni una palabra m\u00e1s all\u00e1 de \u201cVisca Catalunya\u201d, tras 20 a\u00f1os aqu\u00ed. Que la rabia que ellas sienten lo justifica, aunque hay que intentar no humillarla demasiado. Que van a bloquear un aeropuerto porque alguien les prometi\u00f3 una independencia que no llega nunca, y ahora est\u00e1n frustradas y reniegan de los propios pol\u00edticos independentistas que les han conducido hasta aqu\u00ed. Que se bajan a Urquinaona a quemar contenedores como si fuera un deporte de riesgo, una diversi\u00f3n m\u00e1s para salir de la rutina. Que tienen de todo, pero no son felices. Y que, insisto, les molesta que alguien ejerza un derecho fundamental que parece que desconocen, porque \u201cno cuesta tanto entender que no queremos que nos graben\u201d. \u201cNo queremos\u201d. Y si hace falta impedirlo con violencia, cogerte el brazo, tapar la c\u00e1mara, se impide sin problema. Total, es un \u201canciano\u201d, un viejo, un \u201cpollavieja\u201d (con perd\u00f3n, son algunos de los calificativos que me dedicaron despu\u00e9s en las redes cuando describ\u00ed lo que ocurri\u00f3). Soy un viejo, a\u00fan en los 50, como sus padres, como sus abuelos, muchos de los cuales est\u00e1n desesperados porque no saben en qu\u00e9 se han equivocado. \u00bfQu\u00e9 hacemos con esta gente, joven, con aspecto de no haber roto un plato en su vida, que est\u00e1n en contra de todo? \u00bfQui\u00e9n les...\" \/>\n<meta property=\"og:url\" content=\"https:\/\/conversesacatalunya.cat\/es\/no-entiendes-que-nos-molesta-botifler\/\" \/>\n<meta property=\"og:site_name\" content=\"Converses a Catalunya\" \/>\n<meta property=\"article:published_time\" content=\"2021-06-30T06:58:40+00:00\" \/>\n<meta property=\"article:modified_time\" content=\"2024-01-22T13:13:01+00:00\" \/>\n<meta property=\"og:image\" content=\"https:\/\/conversesacatalunya.cat\/wp-content\/uploads\/2021\/06\/MORI-LeSTAT-scaled.jpg\" \/>\n\t<meta property=\"og:image:width\" content=\"2560\" \/>\n\t<meta property=\"og:image:height\" content=\"1920\" \/>\n\t<meta property=\"og:image:type\" content=\"image\/jpeg\" \/>\n<meta name=\"author\" content=\"Josep Manel Silva\" \/>\n<meta name=\"twitter:card\" content=\"summary_large_image\" \/>\n<meta name=\"twitter:label1\" content=\"Escrito por\" \/>\n\t<meta name=\"twitter:data1\" content=\"Josep Manel Silva\" \/>\n\t<meta name=\"twitter:label2\" content=\"Tiempo de lectura\" \/>\n\t<meta name=\"twitter:data2\" content=\"5 minutos\" \/>\n<script type=\"application\/ld+json\" class=\"yoast-schema-graph\">{\"@context\":\"https:\/\/schema.org\",\"@graph\":[{\"@type\":\"Article\",\"@id\":\"https:\/\/conversesacatalunya.cat\/es\/no-entiendes-que-nos-molesta-botifler\/#article\",\"isPartOf\":{\"@id\":\"https:\/\/conversesacatalunya.cat\/es\/no-entiendes-que-nos-molesta-botifler\/\"},\"author\":{\"name\":\"Josep Manel Silva\",\"@id\":\"https:\/\/conversesacatalunya.cat\/#\/schema\/person\/002600efd43d2fd853533142f835a7d0\"},\"headline\":\"\u201c\u00bfNo entiendes que nos molesta?\u201d \u201c\u00a1Botifler!\u201d\",\"datePublished\":\"2021-06-30T06:58:40+00:00\",\"dateModified\":\"2024-01-22T13:13:01+00:00\",\"mainEntityOfPage\":{\"@id\":\"https:\/\/conversesacatalunya.cat\/es\/no-entiendes-que-nos-molesta-botifler\/\"},\"wordCount\":1108,\"commentCount\":0,\"image\":{\"@id\":\"https:\/\/conversesacatalunya.cat\/es\/no-entiendes-que-nos-molesta-botifler\/#primaryimage\"},\"thumbnailUrl\":\"https:\/\/conversesacatalunya.cat\/wp-content\/uploads\/2021\/06\/MORI-LeSTAT-scaled.jpg\",\"articleSection\":[\"Opinem (ES)\"],\"inLanguage\":\"es\",\"potentialAction\":[{\"@type\":\"CommentAction\",\"name\":\"Comment\",\"target\":[\"https:\/\/conversesacatalunya.cat\/es\/no-entiendes-que-nos-molesta-botifler\/#respond\"]}]},{\"@type\":\"WebPage\",\"@id\":\"https:\/\/conversesacatalunya.cat\/es\/no-entiendes-que-nos-molesta-botifler\/\",\"url\":\"https:\/\/conversesacatalunya.cat\/es\/no-entiendes-que-nos-molesta-botifler\/\",\"name\":\"\u201c\u00bfNo entiendes que nos molesta?\u201d \u201c\u00a1Botifler!\u201d - Converses a Catalunya\",\"isPartOf\":{\"@id\":\"https:\/\/conversesacatalunya.cat\/#website\"},\"primaryImageOfPage\":{\"@id\":\"https:\/\/conversesacatalunya.cat\/es\/no-entiendes-que-nos-molesta-botifler\/#primaryimage\"},\"image\":{\"@id\":\"https:\/\/conversesacatalunya.cat\/es\/no-entiendes-que-nos-molesta-botifler\/#primaryimage\"},\"thumbnailUrl\":\"https:\/\/conversesacatalunya.cat\/wp-content\/uploads\/2021\/06\/MORI-LeSTAT-scaled.jpg\",\"datePublished\":\"2021-06-30T06:58:40+00:00\",\"dateModified\":\"2024-01-22T13:13:01+00:00\",\"author\":{\"@id\":\"https:\/\/conversesacatalunya.cat\/#\/schema\/person\/002600efd43d2fd853533142f835a7d0\"},\"breadcrumb\":{\"@id\":\"https:\/\/conversesacatalunya.cat\/es\/no-entiendes-que-nos-molesta-botifler\/#breadcrumb\"},\"inLanguage\":\"es\",\"potentialAction\":[{\"@type\":\"ReadAction\",\"target\":[\"https:\/\/conversesacatalunya.cat\/es\/no-entiendes-que-nos-molesta-botifler\/\"]}]},{\"@type\":\"ImageObject\",\"inLanguage\":\"es\",\"@id\":\"https:\/\/conversesacatalunya.cat\/es\/no-entiendes-que-nos-molesta-botifler\/#primaryimage\",\"url\":\"https:\/\/conversesacatalunya.cat\/wp-content\/uploads\/2021\/06\/MORI-LeSTAT-scaled.jpg\",\"contentUrl\":\"https:\/\/conversesacatalunya.cat\/wp-content\/uploads\/2021\/06\/MORI-LeSTAT-scaled.jpg\",\"width\":2560,\"height\":1920},{\"@type\":\"BreadcrumbList\",\"@id\":\"https:\/\/conversesacatalunya.cat\/es\/no-entiendes-que-nos-molesta-botifler\/#breadcrumb\",\"itemListElement\":[{\"@type\":\"ListItem\",\"position\":1,\"name\":\"Inici\",\"item\":\"https:\/\/conversesacatalunya.cat\/es\/\"},{\"@type\":\"ListItem\",\"position\":2,\"name\":\"\u201c\u00bfNo entiendes que nos molesta?\u201d \u201c\u00a1Botifler!\u201d\"}]},{\"@type\":\"WebSite\",\"@id\":\"https:\/\/conversesacatalunya.cat\/#website\",\"url\":\"https:\/\/conversesacatalunya.cat\/\",\"name\":\"Converses a Catalunya\",\"description\":\"\",\"potentialAction\":[{\"@type\":\"SearchAction\",\"target\":{\"@type\":\"EntryPoint\",\"urlTemplate\":\"https:\/\/conversesacatalunya.cat\/?s={search_term_string}\"},\"query-input\":{\"@type\":\"PropertyValueSpecification\",\"valueRequired\":true,\"valueName\":\"search_term_string\"}}],\"inLanguage\":\"es\"},{\"@type\":\"Person\",\"@id\":\"https:\/\/conversesacatalunya.cat\/#\/schema\/person\/002600efd43d2fd853533142f835a7d0\",\"name\":\"Josep Manel Silva\",\"image\":{\"@type\":\"ImageObject\",\"inLanguage\":\"es\",\"@id\":\"https:\/\/conversesacatalunya.cat\/#\/schema\/person\/image\/\",\"url\":\"https:\/\/conversesacatalunya.cat\/wp-content\/litespeed\/avatar\/185e68439f2852088c1bbbab53e0e4c5.jpg?ver=1777384733\",\"contentUrl\":\"https:\/\/conversesacatalunya.cat\/wp-content\/litespeed\/avatar\/185e68439f2852088c1bbbab53e0e4c5.jpg?ver=1777384733\",\"caption\":\"Josep Manel Silva\"},\"url\":\"https:\/\/conversesacatalunya.cat\/es\/author\/josep-manel-silva\/\"}]}<\/script>\n<!-- \/ Yoast SEO plugin. -->","yoast_head_json":{"title":"\u201c\u00bfNo entiendes que nos molesta?\u201d \u201c\u00a1Botifler!\u201d - Converses a Catalunya","robots":{"index":"noindex","follow":"nofollow"},"og_locale":"es_ES","og_type":"article","og_title":"\u201c\u00bfNo entiendes que nos molesta?\u201d \u201c\u00a1Botifler!\u201d - Converses a Catalunya","og_description":"No ten\u00eda intenci\u00f3n de escribir un hilo en Twitter. Mi idea era m\u00e1s bien acercarme a escuchar, tomar cuatro notas, grabar alg\u00fan plano general y hacer cuatro fotos para un art\u00edculo en mi bloc y en los medios en los que colaboro. Y entender el porqu\u00e9, qui\u00e9n los forma, de d\u00f3nde salen. Me fascina la gente joven comprometida con valores que cre\u00eda perdidos, como las injusticias, la igualdad de las mujeres, la lucha contra el racismo, que se movilizan para evitar un desahucio de una familia sin recursos, aunque a veces se trata de pisos de particulares, muchos de los cuales se han hipotecado para invertir en ladrillo y garantizarles as\u00ed una vivienda futura para sus hijos. Pero a la vez me sorprende que mezclen esos mismos valores con la justificaci\u00f3n de la violencia, la discriminaci\u00f3n por raz\u00f3n de la lengua o la vulneraci\u00f3n de las leyes para conseguir la independencia por la v\u00eda unilateral. Estar contra el sistema, para un joven, no es un pecado, yo tambi\u00e9n he sido joven y tuve una \u00e9poca \u00e1crata. Pero nunca le pegu\u00e9 a nadie y como mucho me acerqu\u00e9 a alguna \u201cmani\u201d a correr detr\u00e1s (y lejos) de los grises. Y aquello era una dictadura. Pegaban de verdad. Era el final del t\u00fanel, pero una dictadura. A\u00fan conservo una carpeta de mis 16 a\u00f1os llena de adhesivos con lemas de mayo del 68 y frases de Proudhon y Bakunin. Luego pas\u00e9 por otras fases para acabar militando durante 20 a\u00f1os en un partido democristiano y catalanista. Comparto esa obsesi\u00f3n por la justicia social y la defensa de los derechos de la persona, en especial de los m\u00e1s d\u00e9biles. Y la defensa de la cultura catalana, de las tradiciones, de la lengua de Espriu, aunque tambi\u00e9n de la otra, la de tantos otros catalanes, cooficial y com\u00fan a todo el Estado. Pero creo que cost\u00f3 mucho recuperar la libertad como para que los que han crecido en una de las democracias m\u00e1s s\u00f3lidas de Europa (con todos los defectos que pueda tener), vengan ahora a romperlo todo. Cuando aquel caballero ya talludito (no tanto como yo, pero uno de los pocos que ten\u00eda aspecto de antisistema, entre tantas \u201cConverse\u201d, minifaldas y ropa de marca) se lanz\u00f3 a tocar \u201cMargalida\u201d, de Joan Isaac, dedicada a la novia de Puig Antich, volv\u00ed a mis 16 a\u00f1os y al momento de estallido de libertad que represent\u00f3 la transici\u00f3n y la muerte de la dictadura. Mientras tanto, una de las chicas de las juventudes de Arran de Sant Cugat (CUP) me explicaba que no pod\u00eda grabar im\u00e1genes en un acto p\u00fablico porque aquello no era una finca p\u00fablica sino \u201cokupada\u201d.\u00a0Yo segu\u00eda escuchando de fondo la canci\u00f3n. Me la sab\u00eda de memoria, igual que el \u201cNo \u00e9s aix\u00f2, companys, no \u00e9s aix\u00f2\u201d de mi otrora \u00eddolo Llu\u00eds Llach. Y recordaba las pegatinas en mi camisa en favor de la\u00a0llibertat d\u2019expressi\u00f3\u00a0cuando censuraron als\u00a0Joglars, y viaj\u00e9 en el tiempo hasta un concierto de Ramon Muntaner cuando cantaba su \u201cCan\u00e7\u00f3 de carrer\u201d\u00a0(\u201cap\u00f2stols i cabdills,\u00a0llenceu el crit d\u2019alarma!\u201d). Salvo el cantante, y alguno m\u00e1s de aquellos chicos, alguno treinta\u00f1ero, creo que nadie m\u00e1s conoc\u00eda aquella canci\u00f3n. Pero me estaban prohibiendo la palabra, el sagrado derecho a informar de un periodista. Me estaban censurando. No encuentro otra expresi\u00f3n mejor. Veintea\u00f1eras de clase media-alta explic\u00e1ndole a un periodista que podr\u00eda ser su padre (\u00bfc\u00f3mo tratar\u00e1n a sus padres?) c\u00f3mo yo no entend\u00eda que les molestaba que les grabara. Y yo desga\u00f1it\u00e1ndome intentando explicarles a ellas que estaban equivocadas. \u201cSi quieres grabar, te vas de aqu\u00ed\u201d, me solt\u00f3 un tipo con una birra en la mano. Y en efecto, me fui antes de acabar, ya que no me dejaron grabar, para evitar males mayores. Despu\u00e9s de haber publicitado en las redes durante d\u00edas un acto consistente en un concurso-premio para \u201cse\u00f1alar\u201d (sic) a \u201cbotiflers\u201d\u00a0(traidores) con nombres y apellidos, alguno de los cuales un exconseller amigo m\u00edo, aunque hoy ideol\u00f3gicamente lejano. Despu\u00e9s de haber hecho fotos del acto que ellas mismas colgar\u00edan m\u00e1s tarde en las redes, con una nota de prensa explicando solo lo que ellas quieren que se explique. En alguna de las cuales aparec\u00eda yo, sin que por supuesto nadie me hubiera pedido permiso. Despu\u00e9s que una\u00a0youtuber\u00a0con aspecto de \u201cprep\u00faber\u201d dijera que Espa\u00f1a est\u00e1 cometiendo un \u201cputo genocidio\u201d con el catal\u00e1n. Cuando ella misma reconoci\u00f3 que el catal\u00e1n en las redes \u201cno mola\u201d entre los j\u00f3venes y que son todos unos acomplejados y pusiera a caldo a TV3, donde trabaja y cobra unos buenos emolumentos. O que le parece normal hablarle en catal\u00e1n a una cajera de un supermercado que acaba de llegar de Latinoam\u00e9rica en busca de un horizonte de vida, aunque Messi no haya dicho ni una palabra m\u00e1s all\u00e1 de \u201cVisca Catalunya\u201d, tras 20 a\u00f1os aqu\u00ed. Que la rabia que ellas sienten lo justifica, aunque hay que intentar no humillarla demasiado. Que van a bloquear un aeropuerto porque alguien les prometi\u00f3 una independencia que no llega nunca, y ahora est\u00e1n frustradas y reniegan de los propios pol\u00edticos independentistas que les han conducido hasta aqu\u00ed. Que se bajan a Urquinaona a quemar contenedores como si fuera un deporte de riesgo, una diversi\u00f3n m\u00e1s para salir de la rutina. Que tienen de todo, pero no son felices. Y que, insisto, les molesta que alguien ejerza un derecho fundamental que parece que desconocen, porque \u201cno cuesta tanto entender que no queremos que nos graben\u201d. \u201cNo queremos\u201d. Y si hace falta impedirlo con violencia, cogerte el brazo, tapar la c\u00e1mara, se impide sin problema. Total, es un \u201canciano\u201d, un viejo, un \u201cpollavieja\u201d (con perd\u00f3n, son algunos de los calificativos que me dedicaron despu\u00e9s en las redes cuando describ\u00ed lo que ocurri\u00f3). Soy un viejo, a\u00fan en los 50, como sus padres, como sus abuelos, muchos de los cuales est\u00e1n desesperados porque no saben en qu\u00e9 se han equivocado. \u00bfQu\u00e9 hacemos con esta gente, joven, con aspecto de no haber roto un plato en su vida, que est\u00e1n en contra de todo? \u00bfQui\u00e9n les...","og_url":"https:\/\/conversesacatalunya.cat\/es\/no-entiendes-que-nos-molesta-botifler\/","og_site_name":"Converses a Catalunya","article_published_time":"2021-06-30T06:58:40+00:00","article_modified_time":"2024-01-22T13:13:01+00:00","og_image":[{"width":2560,"height":1920,"url":"https:\/\/conversesacatalunya.cat\/wp-content\/uploads\/2021\/06\/MORI-LeSTAT-scaled.jpg","type":"image\/jpeg"}],"author":"Josep Manel Silva","twitter_card":"summary_large_image","twitter_misc":{"Escrito por":"Josep Manel Silva","Tiempo de lectura":"5 minutos"},"schema":{"@context":"https:\/\/schema.org","@graph":[{"@type":"Article","@id":"https:\/\/conversesacatalunya.cat\/es\/no-entiendes-que-nos-molesta-botifler\/#article","isPartOf":{"@id":"https:\/\/conversesacatalunya.cat\/es\/no-entiendes-que-nos-molesta-botifler\/"},"author":{"name":"Josep Manel Silva","@id":"https:\/\/conversesacatalunya.cat\/#\/schema\/person\/002600efd43d2fd853533142f835a7d0"},"headline":"\u201c\u00bfNo entiendes que nos molesta?\u201d \u201c\u00a1Botifler!\u201d","datePublished":"2021-06-30T06:58:40+00:00","dateModified":"2024-01-22T13:13:01+00:00","mainEntityOfPage":{"@id":"https:\/\/conversesacatalunya.cat\/es\/no-entiendes-que-nos-molesta-botifler\/"},"wordCount":1108,"commentCount":0,"image":{"@id":"https:\/\/conversesacatalunya.cat\/es\/no-entiendes-que-nos-molesta-botifler\/#primaryimage"},"thumbnailUrl":"https:\/\/conversesacatalunya.cat\/wp-content\/uploads\/2021\/06\/MORI-LeSTAT-scaled.jpg","articleSection":["Opinem (ES)"],"inLanguage":"es","potentialAction":[{"@type":"CommentAction","name":"Comment","target":["https:\/\/conversesacatalunya.cat\/es\/no-entiendes-que-nos-molesta-botifler\/#respond"]}]},{"@type":"WebPage","@id":"https:\/\/conversesacatalunya.cat\/es\/no-entiendes-que-nos-molesta-botifler\/","url":"https:\/\/conversesacatalunya.cat\/es\/no-entiendes-que-nos-molesta-botifler\/","name":"\u201c\u00bfNo entiendes que nos molesta?\u201d \u201c\u00a1Botifler!\u201d - Converses a Catalunya","isPartOf":{"@id":"https:\/\/conversesacatalunya.cat\/#website"},"primaryImageOfPage":{"@id":"https:\/\/conversesacatalunya.cat\/es\/no-entiendes-que-nos-molesta-botifler\/#primaryimage"},"image":{"@id":"https:\/\/conversesacatalunya.cat\/es\/no-entiendes-que-nos-molesta-botifler\/#primaryimage"},"thumbnailUrl":"https:\/\/conversesacatalunya.cat\/wp-content\/uploads\/2021\/06\/MORI-LeSTAT-scaled.jpg","datePublished":"2021-06-30T06:58:40+00:00","dateModified":"2024-01-22T13:13:01+00:00","author":{"@id":"https:\/\/conversesacatalunya.cat\/#\/schema\/person\/002600efd43d2fd853533142f835a7d0"},"breadcrumb":{"@id":"https:\/\/conversesacatalunya.cat\/es\/no-entiendes-que-nos-molesta-botifler\/#breadcrumb"},"inLanguage":"es","potentialAction":[{"@type":"ReadAction","target":["https:\/\/conversesacatalunya.cat\/es\/no-entiendes-que-nos-molesta-botifler\/"]}]},{"@type":"ImageObject","inLanguage":"es","@id":"https:\/\/conversesacatalunya.cat\/es\/no-entiendes-que-nos-molesta-botifler\/#primaryimage","url":"https:\/\/conversesacatalunya.cat\/wp-content\/uploads\/2021\/06\/MORI-LeSTAT-scaled.jpg","contentUrl":"https:\/\/conversesacatalunya.cat\/wp-content\/uploads\/2021\/06\/MORI-LeSTAT-scaled.jpg","width":2560,"height":1920},{"@type":"BreadcrumbList","@id":"https:\/\/conversesacatalunya.cat\/es\/no-entiendes-que-nos-molesta-botifler\/#breadcrumb","itemListElement":[{"@type":"ListItem","position":1,"name":"Inici","item":"https:\/\/conversesacatalunya.cat\/es\/"},{"@type":"ListItem","position":2,"name":"\u201c\u00bfNo entiendes que nos molesta?\u201d \u201c\u00a1Botifler!\u201d"}]},{"@type":"WebSite","@id":"https:\/\/conversesacatalunya.cat\/#website","url":"https:\/\/conversesacatalunya.cat\/","name":"Converses a Catalunya","description":"","potentialAction":[{"@type":"SearchAction","target":{"@type":"EntryPoint","urlTemplate":"https:\/\/conversesacatalunya.cat\/?s={search_term_string}"},"query-input":{"@type":"PropertyValueSpecification","valueRequired":true,"valueName":"search_term_string"}}],"inLanguage":"es"},{"@type":"Person","@id":"https:\/\/conversesacatalunya.cat\/#\/schema\/person\/002600efd43d2fd853533142f835a7d0","name":"Josep Manel Silva","image":{"@type":"ImageObject","inLanguage":"es","@id":"https:\/\/conversesacatalunya.cat\/#\/schema\/person\/image\/","url":"https:\/\/conversesacatalunya.cat\/wp-content\/litespeed\/avatar\/185e68439f2852088c1bbbab53e0e4c5.jpg?ver=1777384733","contentUrl":"https:\/\/conversesacatalunya.cat\/wp-content\/litespeed\/avatar\/185e68439f2852088c1bbbab53e0e4c5.jpg?ver=1777384733","caption":"Josep Manel Silva"},"url":"https:\/\/conversesacatalunya.cat\/es\/author\/josep-manel-silva\/"}]}},"wps_subtitle":"\u00bfQu\u00e9 hacemos con esta gente, joven, con aspecto de no haber roto un plato en su vida, que est\u00e1n en contra de todo? \u00bfQui\u00e9n les ha metido todo eso en la cabeza?","_links":{"self":[{"href":"https:\/\/conversesacatalunya.cat\/es\/wp-json\/wp\/v2\/posts\/49519","targetHints":{"allow":["GET"]}}],"collection":[{"href":"https:\/\/conversesacatalunya.cat\/es\/wp-json\/wp\/v2\/posts"}],"about":[{"href":"https:\/\/conversesacatalunya.cat\/es\/wp-json\/wp\/v2\/types\/post"}],"author":[{"embeddable":true,"href":"https:\/\/conversesacatalunya.cat\/es\/wp-json\/wp\/v2\/users\/5"}],"replies":[{"embeddable":true,"href":"https:\/\/conversesacatalunya.cat\/es\/wp-json\/wp\/v2\/comments?post=49519"}],"version-history":[{"count":4,"href":"https:\/\/conversesacatalunya.cat\/es\/wp-json\/wp\/v2\/posts\/49519\/revisions"}],"predecessor-version":[{"id":49535,"href":"https:\/\/conversesacatalunya.cat\/es\/wp-json\/wp\/v2\/posts\/49519\/revisions\/49535"}],"wp:featuredmedia":[{"embeddable":true,"href":"https:\/\/conversesacatalunya.cat\/es\/wp-json\/wp\/v2\/media\/49524"}],"wp:attachment":[{"href":"https:\/\/conversesacatalunya.cat\/es\/wp-json\/wp\/v2\/media?parent=49519"}],"wp:term":[{"taxonomy":"category","embeddable":true,"href":"https:\/\/conversesacatalunya.cat\/es\/wp-json\/wp\/v2\/categories?post=49519"},{"taxonomy":"post_tag","embeddable":true,"href":"https:\/\/conversesacatalunya.cat\/es\/wp-json\/wp\/v2\/tags?post=49519"}],"curies":[{"name":"wp","href":"https:\/\/api.w.org\/{rel}","templated":true}]}}