{"id":49345,"date":"2021-06-23T09:23:22","date_gmt":"2021-06-23T07:23:22","guid":{"rendered":"https:\/\/conversesacatalunya.cat\/andreu-mas-colell\/"},"modified":"2021-06-23T10:01:57","modified_gmt":"2021-06-23T08:01:57","slug":"mas-colell","status":"publish","type":"post","link":"https:\/\/conversesacatalunya.cat\/es\/mas-colell\/","title":{"rendered":"Andreu Mas-Colell"},"content":{"rendered":"<p>Por desgracia Andreu Mas-Colell ha vuelto a ser uno de los nombres de moda en estos \u00faltimos e informativamente intensos d\u00edas. Desde las investigaciones iniciadas por el\u00a0<strong>Tribunal de Cuentas<\/strong>, denunciadas p\u00fablicamente por su hijo, por el grado de visibilidad internacional de la persona se han ido derivando m\u00faltiples reacciones, primero de estupefacci\u00f3n, despu\u00e9s de defensa del personaje ante unas acusaciones de malversaci\u00f3n y de unas tremendas propuestas de resarcimiento y sanci\u00f3n monetarias. Hoy mismo, segundo d\u00eda del verano oficial, <strong>un grupo muy numerosa de reconocidos economistas colegas mundiales lo hacen patente.<\/strong><\/p>\n<p>No es que Mas-Colell, como persona represaliada por las actuaciones estatales en contra del proc\u00e9s, merezca un tratamiento diferente de atenci\u00f3n y de defensa respecto a los procesados, exiliados, investigados o simplemente maltratados. Seguro que \u00e9l no lo querr\u00eda. <strong>Pero su caso pone desgraciadamente de manifiesto <\/strong>de forma reiterada, que el te\u00f3rico funcionamiento de los mecanismos con los que el Estado se dota para hacer el trabajo que entre todos le hemos otorgado para que lo haga, no acaba de ir bien. Ahora, el Tribunal de Cuentas, parece que tambi\u00e9n tiene algo que decir sobre posibles utilizaciones impropias de recursos p\u00fablicos, con tantos interventores, auditores y jueces que ya hay.<\/p>\n<p><strong><span class=\"goog-text-highlight\">He tenido la suerte de poder colaborar con Mas-Colell cuando era consejero de Universidades<\/span><\/strong><span class=\"goog-text-highlight\"> y reconozco que por esta raz\u00f3n estoy un poco m\u00e1s dolido por la actuaci\u00f3n del Tribunal de Cuentas. Fue en ocasi\u00f3n de la <\/span><strong><span class=\"goog-text-highlight\">puesta en marcha de las infraestructuras de investigaci\u00f3n en Catalunya<\/span><\/strong><span class=\"goog-text-highlight\">, una de las pol\u00edticas p\u00fablicas que en mi opini\u00f3n m\u00e1s satisfecho se puede sentir nuestro pa\u00eds, y he podido experimentar en directo su manera de hacer las cosas.\u00a0<\/span><strong><span class=\"goog-text-highlight\">Ya es de admirar que una persona que viene de la excelencia acad\u00e9mica quiera prestar sus capacidades a la siempre imperfecta pol\u00edtica<\/span><\/strong><span class=\"goog-text-highlight\"> (y econom\u00eda!) aplicada, donde los modelos s\u00f3lo son referencias y las situaciones sub\u00f3ptimas constantes. Entre otras cosas, tambi\u00e9n tuvo que gestionar los recortes y la insuficiente financiaci\u00f3n cuando fue <\/span><strong>consejero de Econom\u00eda.<\/strong><\/p>\n<p>Cuesta ver a una persona as\u00ed encausada en un proceso de control y de castigo aparentemente imparcial e impersonal por el caso que unas conferencias o gestiones p\u00fablicas en el extranjero estaban o no en l\u00ednea de las actividades financiables por los presupuestos p\u00fablicos. Me cuesta verlo a \u00e9l, y tambi\u00e9n a Rigau, Mas y Ortega, y a todos los perseguidos patrimonialmente en este dichoso proceso represivo.<\/p>\n<p><strong><span class=\"goog-text-highlight\">Del Tribunal de Cuentas sab\u00eda poco<\/span><\/strong><span class=\"goog-text-highlight\">. Lo reconozco con pena y con autocr\u00edtica: me he formado todo lo que he sabido en econom\u00eda y he dedicado una parte importante de mi vida profesional a la gesti\u00f3n p\u00fablica, pero no hab\u00eda o\u00eddo hablar mucho de este tribunal. Y ahora, que ya he intentado compensar mi ignorancia, concluyo lo que me ha pasado desgraciadamente con muchos organismos del Estado como la administraci\u00f3n de justicia, los garantes del orden p\u00fablico, la monarqu\u00eda, y algunos otros. Puedo ver que est\u00e1n bien pensados, bien \u00abordenados\u00bb, tal vez incluso mejor dotados, <\/span><strong><span class=\"goog-text-highlight\">pero con un funcionamiento demasiado mediocre<\/span><\/strong><span class=\"goog-text-highlight\">.<\/span><\/p>\n<h4><strong>Como ciudadano me siento estafado, ahora tambi\u00e9n por el Tribunal de Cuentas. <\/strong><\/h4>\n<p>Mira que se ha despilfarrado en recursos p\u00fablicos, por acci\u00f3n o por omisi\u00f3n, en proyectos holgados o de escasa prioridad (aeropuertos, AVE, ferias, eventos, &#8230;), y de este tribunal no hab\u00edamos o\u00eddo hablar. Todo me deja muy perplejo. <strong>Estoy convencido de que Mas-Colell no ha malversado dinero p\u00fablico<\/strong>, y que la agenda con la que trabaja el Tribunal de Cuentas responde a la estrategia de represi\u00f3n sistematizada dise\u00f1ada por la c\u00fapula del \u00faltimo Gobierno Rajoy para escarmentar los llamados l\u00edderes independentistas. Tal vez la m\u00fasica que se est\u00e1 poniendo estos d\u00edas en la letra de los indultos es el preludio de un replanteamiento represivo.<\/p>\n<p>Mas-Colell ha sido siempre <strong>un tenaz defensor de la buena gesti\u00f3n del sector p\u00fablico, sobre todo de su eficiencia, y lo ha llevado a cabo siempre que ha tenido el poder de hacerlo<\/strong>. Precisamente <span class=\"goog-text-highlight\">este fue uno de los factores clave en el \u00e9xito de la gesti\u00f3n de la actividad investigadora. <\/span>Justamente volv\u00eda sobre este asunto un art\u00edculo reciente en el diari Ara, con ocasi\u00f3n de su participaci\u00f3n en las recientes jornadas del C\u00edrculo de Econom\u00eda.<\/p>\n<p>No, una actuaci\u00f3n abierta, honesta y sab\u00eda de una persona tan sensata como Mas-Colell no se merece quedar embadurnada por una actuaci\u00f3n sesgada de una instituci\u00f3n poco transparente.<\/p>\n<p>&nbsp;<\/p>\n","protected":false},"excerpt":{"rendered":"<p>Por desgracia Andreu Mas-Colell ha vuelto a ser uno de los nombres de moda en estos \u00faltimos e informativamente intensos d\u00edas. Desde las investigaciones iniciadas por el\u00a0Tribunal de Cuentas, denunciadas p\u00fablicamente por su hijo, por el grado de visibilidad internacional de la persona se han ido derivando m\u00faltiples reacciones, primero de estupefacci\u00f3n, despu\u00e9s de defensa del personaje ante unas acusaciones de malversaci\u00f3n y de unas tremendas propuestas de resarcimiento y sanci\u00f3n monetarias. Hoy mismo, segundo d\u00eda del verano oficial, un grupo muy numerosa de reconocidos economistas colegas mundiales lo hacen patente. No es que Mas-Colell, como persona represaliada por las actuaciones estatales en contra del proc\u00e9s, merezca un tratamiento diferente de atenci\u00f3n y de defensa respecto a los procesados, exiliados, investigados o simplemente maltratados. Seguro que \u00e9l no lo querr\u00eda. Pero su caso pone desgraciadamente de manifiesto de forma reiterada, que el te\u00f3rico funcionamiento de los mecanismos con los que el Estado se dota para hacer el trabajo que entre todos le hemos otorgado para que lo haga, no acaba de ir bien. Ahora, el Tribunal de Cuentas, parece que tambi\u00e9n tiene algo que decir sobre posibles utilizaciones impropias de recursos p\u00fablicos, con tantos interventores, auditores y jueces que ya hay. He tenido la suerte de poder colaborar con Mas-Colell cuando era consejero de Universidades y reconozco que por esta raz\u00f3n estoy un poco m\u00e1s dolido por la actuaci\u00f3n del Tribunal de Cuentas. Fue en ocasi\u00f3n de la puesta en marcha de las infraestructuras de investigaci\u00f3n en Catalunya, una de las pol\u00edticas p\u00fablicas que en mi opini\u00f3n m\u00e1s satisfecho se puede sentir nuestro pa\u00eds, y he podido experimentar en directo su manera de hacer las cosas.\u00a0Ya es de admirar que una persona que viene de la excelencia acad\u00e9mica quiera prestar sus capacidades a la siempre imperfecta pol\u00edtica (y econom\u00eda!) aplicada, donde los modelos s\u00f3lo son referencias y las situaciones sub\u00f3ptimas constantes. Entre otras cosas, tambi\u00e9n tuvo que gestionar los recortes y la insuficiente financiaci\u00f3n cuando fue consejero de Econom\u00eda. Cuesta ver a una persona as\u00ed encausada en un proceso de control y de castigo aparentemente imparcial e impersonal por el caso que unas conferencias o gestiones p\u00fablicas en el extranjero estaban o no en l\u00ednea de las actividades financiables por los presupuestos p\u00fablicos. Me cuesta verlo a \u00e9l, y tambi\u00e9n a Rigau, Mas y Ortega, y a todos los perseguidos patrimonialmente en este dichoso proceso represivo. Del Tribunal de Cuentas sab\u00eda poco. Lo reconozco con pena y con autocr\u00edtica: me he formado todo lo que he sabido en econom\u00eda y he dedicado una parte importante de mi vida profesional a la gesti\u00f3n p\u00fablica, pero no hab\u00eda o\u00eddo hablar mucho de este tribunal. Y ahora, que ya he intentado compensar mi ignorancia, concluyo lo que me ha pasado desgraciadamente con muchos organismos del Estado como la administraci\u00f3n de justicia, los garantes del orden p\u00fablico, la monarqu\u00eda, y algunos otros. Puedo ver que est\u00e1n bien pensados, bien \u00abordenados\u00bb, tal vez incluso mejor dotados, pero con un funcionamiento demasiado mediocre. Como ciudadano me siento estafado, ahora tambi\u00e9n por el Tribunal de Cuentas. Mira que se ha despilfarrado en recursos p\u00fablicos, por acci\u00f3n o por omisi\u00f3n, en proyectos holgados o de escasa prioridad (aeropuertos, AVE, ferias, eventos, &#8230;), y de este tribunal no hab\u00edamos o\u00eddo hablar. Todo me deja muy perplejo. Estoy convencido de que Mas-Colell no ha malversado dinero p\u00fablico, y que la agenda con la que trabaja el Tribunal de Cuentas responde a la estrategia de represi\u00f3n sistematizada dise\u00f1ada por la c\u00fapula del \u00faltimo Gobierno Rajoy para escarmentar los llamados l\u00edderes independentistas. Tal vez la m\u00fasica que se est\u00e1 poniendo estos d\u00edas en la letra de los indultos es el preludio de un replanteamiento represivo. Mas-Colell ha sido siempre un tenaz defensor de la buena gesti\u00f3n del sector p\u00fablico, sobre todo de su eficiencia, y lo ha llevado a cabo siempre que ha tenido el poder de hacerlo. Precisamente este fue uno de los factores clave en el \u00e9xito de la gesti\u00f3n de la actividad investigadora. Justamente volv\u00eda sobre este asunto un art\u00edculo reciente en el diari Ara, con ocasi\u00f3n de su participaci\u00f3n en las recientes jornadas del C\u00edrculo de Econom\u00eda. No, una actuaci\u00f3n abierta, honesta y sab\u00eda de una persona tan sensata como Mas-Colell no se merece quedar embadurnada por una actuaci\u00f3n sesgada de una instituci\u00f3n poco transparente. &nbsp;<\/p>\n","protected":false},"author":8,"featured_media":49342,"comment_status":"open","ping_status":"open","sticky":false,"template":"","format":"standard","meta":{"_FSMCFIC_featured_image_caption":"","_FSMCFIC_featured_image_nocaption":"","_FSMCFIC_featured_image_hide":"","footnotes":""},"categories":[5],"tags":[3895,3901],"class_list":["post-49345","post","type-post","status-publish","format-standard","has-post-thumbnail","hentry","category-opinem","tag-tribunal-de-comptes","tag-tribunal-de-cuentas"],"yoast_head":"<!-- This site is optimized with the Yoast SEO plugin v26.8 - https:\/\/yoast.com\/product\/yoast-seo-wordpress\/ -->\n<title>Andreu Mas-Colell - Converses a Catalunya<\/title>\n<meta name=\"robots\" content=\"index, follow, max-snippet:-1, max-image-preview:large, max-video-preview:-1\" \/>\n<link rel=\"canonical\" href=\"https:\/\/conversesacatalunya.cat\/andreu-mas-colell\/\" \/>\n<meta property=\"og:locale\" content=\"es_ES\" \/>\n<meta property=\"og:type\" content=\"article\" \/>\n<meta property=\"og:title\" content=\"Andreu Mas-Colell - Converses a Catalunya\" \/>\n<meta property=\"og:description\" content=\"Por desgracia Andreu Mas-Colell ha vuelto a ser uno de los nombres de moda en estos \u00faltimos e informativamente intensos d\u00edas. Desde las investigaciones iniciadas por el\u00a0Tribunal de Cuentas, denunciadas p\u00fablicamente por su hijo, por el grado de visibilidad internacional de la persona se han ido derivando m\u00faltiples reacciones, primero de estupefacci\u00f3n, despu\u00e9s de defensa del personaje ante unas acusaciones de malversaci\u00f3n y de unas tremendas propuestas de resarcimiento y sanci\u00f3n monetarias. Hoy mismo, segundo d\u00eda del verano oficial, un grupo muy numerosa de reconocidos economistas colegas mundiales lo hacen patente. No es que Mas-Colell, como persona represaliada por las actuaciones estatales en contra del proc\u00e9s, merezca un tratamiento diferente de atenci\u00f3n y de defensa respecto a los procesados, exiliados, investigados o simplemente maltratados. Seguro que \u00e9l no lo querr\u00eda. Pero su caso pone desgraciadamente de manifiesto de forma reiterada, que el te\u00f3rico funcionamiento de los mecanismos con los que el Estado se dota para hacer el trabajo que entre todos le hemos otorgado para que lo haga, no acaba de ir bien. Ahora, el Tribunal de Cuentas, parece que tambi\u00e9n tiene algo que decir sobre posibles utilizaciones impropias de recursos p\u00fablicos, con tantos interventores, auditores y jueces que ya hay. He tenido la suerte de poder colaborar con Mas-Colell cuando era consejero de Universidades y reconozco que por esta raz\u00f3n estoy un poco m\u00e1s dolido por la actuaci\u00f3n del Tribunal de Cuentas. Fue en ocasi\u00f3n de la puesta en marcha de las infraestructuras de investigaci\u00f3n en Catalunya, una de las pol\u00edticas p\u00fablicas que en mi opini\u00f3n m\u00e1s satisfecho se puede sentir nuestro pa\u00eds, y he podido experimentar en directo su manera de hacer las cosas.\u00a0Ya es de admirar que una persona que viene de la excelencia acad\u00e9mica quiera prestar sus capacidades a la siempre imperfecta pol\u00edtica (y econom\u00eda!) aplicada, donde los modelos s\u00f3lo son referencias y las situaciones sub\u00f3ptimas constantes. Entre otras cosas, tambi\u00e9n tuvo que gestionar los recortes y la insuficiente financiaci\u00f3n cuando fue consejero de Econom\u00eda. Cuesta ver a una persona as\u00ed encausada en un proceso de control y de castigo aparentemente imparcial e impersonal por el caso que unas conferencias o gestiones p\u00fablicas en el extranjero estaban o no en l\u00ednea de las actividades financiables por los presupuestos p\u00fablicos. Me cuesta verlo a \u00e9l, y tambi\u00e9n a Rigau, Mas y Ortega, y a todos los perseguidos patrimonialmente en este dichoso proceso represivo. Del Tribunal de Cuentas sab\u00eda poco. Lo reconozco con pena y con autocr\u00edtica: me he formado todo lo que he sabido en econom\u00eda y he dedicado una parte importante de mi vida profesional a la gesti\u00f3n p\u00fablica, pero no hab\u00eda o\u00eddo hablar mucho de este tribunal. Y ahora, que ya he intentado compensar mi ignorancia, concluyo lo que me ha pasado desgraciadamente con muchos organismos del Estado como la administraci\u00f3n de justicia, los garantes del orden p\u00fablico, la monarqu\u00eda, y algunos otros. Puedo ver que est\u00e1n bien pensados, bien \u00abordenados\u00bb, tal vez incluso mejor dotados, pero con un funcionamiento demasiado mediocre. Como ciudadano me siento estafado, ahora tambi\u00e9n por el Tribunal de Cuentas. Mira que se ha despilfarrado en recursos p\u00fablicos, por acci\u00f3n o por omisi\u00f3n, en proyectos holgados o de escasa prioridad (aeropuertos, AVE, ferias, eventos, &#8230;), y de este tribunal no hab\u00edamos o\u00eddo hablar. Todo me deja muy perplejo. Estoy convencido de que Mas-Colell no ha malversado dinero p\u00fablico, y que la agenda con la que trabaja el Tribunal de Cuentas responde a la estrategia de represi\u00f3n sistematizada dise\u00f1ada por la c\u00fapula del \u00faltimo Gobierno Rajoy para escarmentar los llamados l\u00edderes independentistas. Tal vez la m\u00fasica que se est\u00e1 poniendo estos d\u00edas en la letra de los indultos es el preludio de un replanteamiento represivo. Mas-Colell ha sido siempre un tenaz defensor de la buena gesti\u00f3n del sector p\u00fablico, sobre todo de su eficiencia, y lo ha llevado a cabo siempre que ha tenido el poder de hacerlo. Precisamente este fue uno de los factores clave en el \u00e9xito de la gesti\u00f3n de la actividad investigadora. Justamente volv\u00eda sobre este asunto un art\u00edculo reciente en el diari Ara, con ocasi\u00f3n de su participaci\u00f3n en las recientes jornadas del C\u00edrculo de Econom\u00eda. No, una actuaci\u00f3n abierta, honesta y sab\u00eda de una persona tan sensata como Mas-Colell no se merece quedar embadurnada por una actuaci\u00f3n sesgada de una instituci\u00f3n poco transparente. &nbsp;\" \/>\n<meta property=\"og:url\" content=\"https:\/\/conversesacatalunya.cat\/andreu-mas-colell\/\" \/>\n<meta property=\"og:site_name\" content=\"Converses a Catalunya\" \/>\n<meta property=\"article:published_time\" content=\"2021-06-23T07:23:22+00:00\" \/>\n<meta property=\"article:modified_time\" content=\"2021-06-23T08:01:57+00:00\" \/>\n<meta property=\"og:image\" content=\"https:\/\/conversesacatalunya.cat\/wp-content\/uploads\/2021\/06\/Mas-Colell.jpg\" \/>\n\t<meta property=\"og:image:width\" content=\"600\" \/>\n\t<meta property=\"og:image:height\" content=\"396\" \/>\n\t<meta property=\"og:image:type\" content=\"image\/jpeg\" \/>\n<meta name=\"author\" content=\"Sim\u00f3 Aliana\" \/>\n<meta name=\"twitter:card\" content=\"summary_large_image\" \/>\n<meta name=\"twitter:label1\" content=\"Escrito por\" \/>\n\t<meta name=\"twitter:data1\" content=\"Sim\u00f3 Aliana\" \/>\n\t<meta name=\"twitter:label2\" content=\"Tiempo de lectura\" \/>\n\t<meta name=\"twitter:data2\" content=\"4 minutos\" \/>\n<script type=\"application\/ld+json\" class=\"yoast-schema-graph\">{\"@context\":\"https:\/\/schema.org\",\"@graph\":[{\"@type\":\"Article\",\"@id\":\"https:\/\/conversesacatalunya.cat\/andreu-mas-colell\/#article\",\"isPartOf\":{\"@id\":\"https:\/\/conversesacatalunya.cat\/andreu-mas-colell\/\"},\"author\":{\"name\":\"Sim\u00f3 Aliana\",\"@id\":\"https:\/\/conversesacatalunya.cat\/#\/schema\/person\/77790a453e2d07e6aad33cfc1b0be728\"},\"headline\":\"Andreu Mas-Colell\",\"datePublished\":\"2021-06-23T07:23:22+00:00\",\"dateModified\":\"2021-06-23T08:01:57+00:00\",\"mainEntityOfPage\":{\"@id\":\"https:\/\/conversesacatalunya.cat\/andreu-mas-colell\/\"},\"wordCount\":794,\"commentCount\":0,\"image\":{\"@id\":\"https:\/\/conversesacatalunya.cat\/andreu-mas-colell\/#primaryimage\"},\"thumbnailUrl\":\"https:\/\/conversesacatalunya.cat\/wp-content\/uploads\/2021\/06\/Mas-Colell.jpg\",\"keywords\":[\"Tribunal de comptes\",\"Tribunal de cuentas\"],\"articleSection\":[\"Opinem\"],\"inLanguage\":\"es\",\"potentialAction\":[{\"@type\":\"CommentAction\",\"name\":\"Comment\",\"target\":[\"https:\/\/conversesacatalunya.cat\/andreu-mas-colell\/#respond\"]}]},{\"@type\":\"WebPage\",\"@id\":\"https:\/\/conversesacatalunya.cat\/andreu-mas-colell\/\",\"url\":\"https:\/\/conversesacatalunya.cat\/andreu-mas-colell\/\",\"name\":\"Andreu Mas-Colell - Converses a Catalunya\",\"isPartOf\":{\"@id\":\"https:\/\/conversesacatalunya.cat\/#website\"},\"primaryImageOfPage\":{\"@id\":\"https:\/\/conversesacatalunya.cat\/andreu-mas-colell\/#primaryimage\"},\"image\":{\"@id\":\"https:\/\/conversesacatalunya.cat\/andreu-mas-colell\/#primaryimage\"},\"thumbnailUrl\":\"https:\/\/conversesacatalunya.cat\/wp-content\/uploads\/2021\/06\/Mas-Colell.jpg\",\"datePublished\":\"2021-06-23T07:23:22+00:00\",\"dateModified\":\"2021-06-23T08:01:57+00:00\",\"author\":{\"@id\":\"https:\/\/conversesacatalunya.cat\/#\/schema\/person\/77790a453e2d07e6aad33cfc1b0be728\"},\"breadcrumb\":{\"@id\":\"https:\/\/conversesacatalunya.cat\/andreu-mas-colell\/#breadcrumb\"},\"inLanguage\":\"es\",\"potentialAction\":[{\"@type\":\"ReadAction\",\"target\":[\"https:\/\/conversesacatalunya.cat\/andreu-mas-colell\/\"]}]},{\"@type\":\"ImageObject\",\"inLanguage\":\"es\",\"@id\":\"https:\/\/conversesacatalunya.cat\/andreu-mas-colell\/#primaryimage\",\"url\":\"https:\/\/conversesacatalunya.cat\/wp-content\/uploads\/2021\/06\/Mas-Colell.jpg\",\"contentUrl\":\"https:\/\/conversesacatalunya.cat\/wp-content\/uploads\/2021\/06\/Mas-Colell.jpg\",\"width\":600,\"height\":396,\"caption\":\"Mas-Colell\"},{\"@type\":\"BreadcrumbList\",\"@id\":\"https:\/\/conversesacatalunya.cat\/andreu-mas-colell\/#breadcrumb\",\"itemListElement\":[{\"@type\":\"ListItem\",\"position\":1,\"name\":\"Inici\",\"item\":\"https:\/\/conversesacatalunya.cat\/es\/\"},{\"@type\":\"ListItem\",\"position\":2,\"name\":\"Andreu Mas-Colell\"}]},{\"@type\":\"WebSite\",\"@id\":\"https:\/\/conversesacatalunya.cat\/#website\",\"url\":\"https:\/\/conversesacatalunya.cat\/\",\"name\":\"Converses a Catalunya\",\"description\":\"\",\"potentialAction\":[{\"@type\":\"SearchAction\",\"target\":{\"@type\":\"EntryPoint\",\"urlTemplate\":\"https:\/\/conversesacatalunya.cat\/?s={search_term_string}\"},\"query-input\":{\"@type\":\"PropertyValueSpecification\",\"valueRequired\":true,\"valueName\":\"search_term_string\"}}],\"inLanguage\":\"es\"},{\"@type\":\"Person\",\"@id\":\"https:\/\/conversesacatalunya.cat\/#\/schema\/person\/77790a453e2d07e6aad33cfc1b0be728\",\"name\":\"Sim\u00f3 Aliana\",\"image\":{\"@type\":\"ImageObject\",\"inLanguage\":\"es\",\"@id\":\"https:\/\/conversesacatalunya.cat\/#\/schema\/person\/image\/\",\"url\":\"https:\/\/conversesacatalunya.cat\/wp-content\/litespeed\/avatar\/f90a4f00da41d066ca9be5e72cddec48.jpg?ver=1777384733\",\"contentUrl\":\"https:\/\/conversesacatalunya.cat\/wp-content\/litespeed\/avatar\/f90a4f00da41d066ca9be5e72cddec48.jpg?ver=1777384733\",\"caption\":\"Sim\u00f3 Aliana\"},\"url\":\"https:\/\/conversesacatalunya.cat\/es\/author\/simo-aliana\/\"}]}<\/script>\n<!-- \/ Yoast SEO plugin. -->","yoast_head_json":{"title":"Andreu Mas-Colell - Converses a Catalunya","robots":{"index":"index","follow":"follow","max-snippet":"max-snippet:-1","max-image-preview":"max-image-preview:large","max-video-preview":"max-video-preview:-1"},"canonical":"https:\/\/conversesacatalunya.cat\/andreu-mas-colell\/","og_locale":"es_ES","og_type":"article","og_title":"Andreu Mas-Colell - Converses a Catalunya","og_description":"Por desgracia Andreu Mas-Colell ha vuelto a ser uno de los nombres de moda en estos \u00faltimos e informativamente intensos d\u00edas. Desde las investigaciones iniciadas por el\u00a0Tribunal de Cuentas, denunciadas p\u00fablicamente por su hijo, por el grado de visibilidad internacional de la persona se han ido derivando m\u00faltiples reacciones, primero de estupefacci\u00f3n, despu\u00e9s de defensa del personaje ante unas acusaciones de malversaci\u00f3n y de unas tremendas propuestas de resarcimiento y sanci\u00f3n monetarias. Hoy mismo, segundo d\u00eda del verano oficial, un grupo muy numerosa de reconocidos economistas colegas mundiales lo hacen patente. No es que Mas-Colell, como persona represaliada por las actuaciones estatales en contra del proc\u00e9s, merezca un tratamiento diferente de atenci\u00f3n y de defensa respecto a los procesados, exiliados, investigados o simplemente maltratados. Seguro que \u00e9l no lo querr\u00eda. Pero su caso pone desgraciadamente de manifiesto de forma reiterada, que el te\u00f3rico funcionamiento de los mecanismos con los que el Estado se dota para hacer el trabajo que entre todos le hemos otorgado para que lo haga, no acaba de ir bien. Ahora, el Tribunal de Cuentas, parece que tambi\u00e9n tiene algo que decir sobre posibles utilizaciones impropias de recursos p\u00fablicos, con tantos interventores, auditores y jueces que ya hay. He tenido la suerte de poder colaborar con Mas-Colell cuando era consejero de Universidades y reconozco que por esta raz\u00f3n estoy un poco m\u00e1s dolido por la actuaci\u00f3n del Tribunal de Cuentas. Fue en ocasi\u00f3n de la puesta en marcha de las infraestructuras de investigaci\u00f3n en Catalunya, una de las pol\u00edticas p\u00fablicas que en mi opini\u00f3n m\u00e1s satisfecho se puede sentir nuestro pa\u00eds, y he podido experimentar en directo su manera de hacer las cosas.\u00a0Ya es de admirar que una persona que viene de la excelencia acad\u00e9mica quiera prestar sus capacidades a la siempre imperfecta pol\u00edtica (y econom\u00eda!) aplicada, donde los modelos s\u00f3lo son referencias y las situaciones sub\u00f3ptimas constantes. Entre otras cosas, tambi\u00e9n tuvo que gestionar los recortes y la insuficiente financiaci\u00f3n cuando fue consejero de Econom\u00eda. Cuesta ver a una persona as\u00ed encausada en un proceso de control y de castigo aparentemente imparcial e impersonal por el caso que unas conferencias o gestiones p\u00fablicas en el extranjero estaban o no en l\u00ednea de las actividades financiables por los presupuestos p\u00fablicos. Me cuesta verlo a \u00e9l, y tambi\u00e9n a Rigau, Mas y Ortega, y a todos los perseguidos patrimonialmente en este dichoso proceso represivo. Del Tribunal de Cuentas sab\u00eda poco. Lo reconozco con pena y con autocr\u00edtica: me he formado todo lo que he sabido en econom\u00eda y he dedicado una parte importante de mi vida profesional a la gesti\u00f3n p\u00fablica, pero no hab\u00eda o\u00eddo hablar mucho de este tribunal. Y ahora, que ya he intentado compensar mi ignorancia, concluyo lo que me ha pasado desgraciadamente con muchos organismos del Estado como la administraci\u00f3n de justicia, los garantes del orden p\u00fablico, la monarqu\u00eda, y algunos otros. Puedo ver que est\u00e1n bien pensados, bien \u00abordenados\u00bb, tal vez incluso mejor dotados, pero con un funcionamiento demasiado mediocre. Como ciudadano me siento estafado, ahora tambi\u00e9n por el Tribunal de Cuentas. Mira que se ha despilfarrado en recursos p\u00fablicos, por acci\u00f3n o por omisi\u00f3n, en proyectos holgados o de escasa prioridad (aeropuertos, AVE, ferias, eventos, &#8230;), y de este tribunal no hab\u00edamos o\u00eddo hablar. Todo me deja muy perplejo. Estoy convencido de que Mas-Colell no ha malversado dinero p\u00fablico, y que la agenda con la que trabaja el Tribunal de Cuentas responde a la estrategia de represi\u00f3n sistematizada dise\u00f1ada por la c\u00fapula del \u00faltimo Gobierno Rajoy para escarmentar los llamados l\u00edderes independentistas. Tal vez la m\u00fasica que se est\u00e1 poniendo estos d\u00edas en la letra de los indultos es el preludio de un replanteamiento represivo. Mas-Colell ha sido siempre un tenaz defensor de la buena gesti\u00f3n del sector p\u00fablico, sobre todo de su eficiencia, y lo ha llevado a cabo siempre que ha tenido el poder de hacerlo. Precisamente este fue uno de los factores clave en el \u00e9xito de la gesti\u00f3n de la actividad investigadora. Justamente volv\u00eda sobre este asunto un art\u00edculo reciente en el diari Ara, con ocasi\u00f3n de su participaci\u00f3n en las recientes jornadas del C\u00edrculo de Econom\u00eda. No, una actuaci\u00f3n abierta, honesta y sab\u00eda de una persona tan sensata como Mas-Colell no se merece quedar embadurnada por una actuaci\u00f3n sesgada de una instituci\u00f3n poco transparente. &nbsp;","og_url":"https:\/\/conversesacatalunya.cat\/andreu-mas-colell\/","og_site_name":"Converses a Catalunya","article_published_time":"2021-06-23T07:23:22+00:00","article_modified_time":"2021-06-23T08:01:57+00:00","og_image":[{"width":600,"height":396,"url":"https:\/\/conversesacatalunya.cat\/wp-content\/uploads\/2021\/06\/Mas-Colell.jpg","type":"image\/jpeg"}],"author":"Sim\u00f3 Aliana","twitter_card":"summary_large_image","twitter_misc":{"Escrito por":"Sim\u00f3 Aliana","Tiempo de lectura":"4 minutos"},"schema":{"@context":"https:\/\/schema.org","@graph":[{"@type":"Article","@id":"https:\/\/conversesacatalunya.cat\/andreu-mas-colell\/#article","isPartOf":{"@id":"https:\/\/conversesacatalunya.cat\/andreu-mas-colell\/"},"author":{"name":"Sim\u00f3 Aliana","@id":"https:\/\/conversesacatalunya.cat\/#\/schema\/person\/77790a453e2d07e6aad33cfc1b0be728"},"headline":"Andreu Mas-Colell","datePublished":"2021-06-23T07:23:22+00:00","dateModified":"2021-06-23T08:01:57+00:00","mainEntityOfPage":{"@id":"https:\/\/conversesacatalunya.cat\/andreu-mas-colell\/"},"wordCount":794,"commentCount":0,"image":{"@id":"https:\/\/conversesacatalunya.cat\/andreu-mas-colell\/#primaryimage"},"thumbnailUrl":"https:\/\/conversesacatalunya.cat\/wp-content\/uploads\/2021\/06\/Mas-Colell.jpg","keywords":["Tribunal de comptes","Tribunal de cuentas"],"articleSection":["Opinem"],"inLanguage":"es","potentialAction":[{"@type":"CommentAction","name":"Comment","target":["https:\/\/conversesacatalunya.cat\/andreu-mas-colell\/#respond"]}]},{"@type":"WebPage","@id":"https:\/\/conversesacatalunya.cat\/andreu-mas-colell\/","url":"https:\/\/conversesacatalunya.cat\/andreu-mas-colell\/","name":"Andreu Mas-Colell - Converses a Catalunya","isPartOf":{"@id":"https:\/\/conversesacatalunya.cat\/#website"},"primaryImageOfPage":{"@id":"https:\/\/conversesacatalunya.cat\/andreu-mas-colell\/#primaryimage"},"image":{"@id":"https:\/\/conversesacatalunya.cat\/andreu-mas-colell\/#primaryimage"},"thumbnailUrl":"https:\/\/conversesacatalunya.cat\/wp-content\/uploads\/2021\/06\/Mas-Colell.jpg","datePublished":"2021-06-23T07:23:22+00:00","dateModified":"2021-06-23T08:01:57+00:00","author":{"@id":"https:\/\/conversesacatalunya.cat\/#\/schema\/person\/77790a453e2d07e6aad33cfc1b0be728"},"breadcrumb":{"@id":"https:\/\/conversesacatalunya.cat\/andreu-mas-colell\/#breadcrumb"},"inLanguage":"es","potentialAction":[{"@type":"ReadAction","target":["https:\/\/conversesacatalunya.cat\/andreu-mas-colell\/"]}]},{"@type":"ImageObject","inLanguage":"es","@id":"https:\/\/conversesacatalunya.cat\/andreu-mas-colell\/#primaryimage","url":"https:\/\/conversesacatalunya.cat\/wp-content\/uploads\/2021\/06\/Mas-Colell.jpg","contentUrl":"https:\/\/conversesacatalunya.cat\/wp-content\/uploads\/2021\/06\/Mas-Colell.jpg","width":600,"height":396,"caption":"Mas-Colell"},{"@type":"BreadcrumbList","@id":"https:\/\/conversesacatalunya.cat\/andreu-mas-colell\/#breadcrumb","itemListElement":[{"@type":"ListItem","position":1,"name":"Inici","item":"https:\/\/conversesacatalunya.cat\/es\/"},{"@type":"ListItem","position":2,"name":"Andreu Mas-Colell"}]},{"@type":"WebSite","@id":"https:\/\/conversesacatalunya.cat\/#website","url":"https:\/\/conversesacatalunya.cat\/","name":"Converses a Catalunya","description":"","potentialAction":[{"@type":"SearchAction","target":{"@type":"EntryPoint","urlTemplate":"https:\/\/conversesacatalunya.cat\/?s={search_term_string}"},"query-input":{"@type":"PropertyValueSpecification","valueRequired":true,"valueName":"search_term_string"}}],"inLanguage":"es"},{"@type":"Person","@id":"https:\/\/conversesacatalunya.cat\/#\/schema\/person\/77790a453e2d07e6aad33cfc1b0be728","name":"Sim\u00f3 Aliana","image":{"@type":"ImageObject","inLanguage":"es","@id":"https:\/\/conversesacatalunya.cat\/#\/schema\/person\/image\/","url":"https:\/\/conversesacatalunya.cat\/wp-content\/litespeed\/avatar\/f90a4f00da41d066ca9be5e72cddec48.jpg?ver=1777384733","contentUrl":"https:\/\/conversesacatalunya.cat\/wp-content\/litespeed\/avatar\/f90a4f00da41d066ca9be5e72cddec48.jpg?ver=1777384733","caption":"Sim\u00f3 Aliana"},"url":"https:\/\/conversesacatalunya.cat\/es\/author\/simo-aliana\/"}]}},"wps_subtitle":"Mas-Colell ha sido siempre un tenaz defensor de la buena gesti\u00f3n del sector p\u00fablico, sobre todo de su eficiencia","_links":{"self":[{"href":"https:\/\/conversesacatalunya.cat\/es\/wp-json\/wp\/v2\/posts\/49345","targetHints":{"allow":["GET"]}}],"collection":[{"href":"https:\/\/conversesacatalunya.cat\/es\/wp-json\/wp\/v2\/posts"}],"about":[{"href":"https:\/\/conversesacatalunya.cat\/es\/wp-json\/wp\/v2\/types\/post"}],"author":[{"embeddable":true,"href":"https:\/\/conversesacatalunya.cat\/es\/wp-json\/wp\/v2\/users\/8"}],"replies":[{"embeddable":true,"href":"https:\/\/conversesacatalunya.cat\/es\/wp-json\/wp\/v2\/comments?post=49345"}],"version-history":[{"count":4,"href":"https:\/\/conversesacatalunya.cat\/es\/wp-json\/wp\/v2\/posts\/49345\/revisions"}],"predecessor-version":[{"id":49349,"href":"https:\/\/conversesacatalunya.cat\/es\/wp-json\/wp\/v2\/posts\/49345\/revisions\/49349"}],"wp:featuredmedia":[{"embeddable":true,"href":"https:\/\/conversesacatalunya.cat\/es\/wp-json\/wp\/v2\/media\/49342"}],"wp:attachment":[{"href":"https:\/\/conversesacatalunya.cat\/es\/wp-json\/wp\/v2\/media?parent=49345"}],"wp:term":[{"taxonomy":"category","embeddable":true,"href":"https:\/\/conversesacatalunya.cat\/es\/wp-json\/wp\/v2\/categories?post=49345"},{"taxonomy":"post_tag","embeddable":true,"href":"https:\/\/conversesacatalunya.cat\/es\/wp-json\/wp\/v2\/tags?post=49345"}],"curies":[{"name":"wp","href":"https:\/\/api.w.org\/{rel}","templated":true}]}}