{"id":49258,"date":"2021-06-23T10:15:52","date_gmt":"2021-06-23T08:15:52","guid":{"rendered":"https:\/\/conversesacatalunya.cat\/?p=49258"},"modified":"2021-06-23T11:09:45","modified_gmt":"2021-06-23T09:09:45","slug":"desplazados-conflictos-internacionales","status":"publish","type":"post","link":"https:\/\/conversesacatalunya.cat\/es\/desplazados-conflictos-internacionales\/","title":{"rendered":"El n\u00famero de desplazados por conflictos se ha multiplicado por dos en diez a\u00f1os"},"content":{"rendered":"<p>Para muchas personas que no viven ni en el rico Occidente ni en el pujante Extremo Oriente, la epidemia de Covid-19 ha sido la \u00faltima de sus preocupaciones estos \u00faltimos meses.<\/p>\n<p>En efecto, <strong>el virus no ha impedido que este a\u00f1o se alcance la cifra r\u00e9cord de 82,4 millones de desplazados<\/strong>. Seg\u00fan las cifras de las Naciones Unidos, se trata del <a href=\"https:\/\/www.lesechos.fr\/monde\/enjeux-internationaux\/le-nombre-de-deplaces-a-cause-des-guerres-et-crises-a-double-en-10-ans-1324819\" target=\"_blank\" rel=\"noopener\">doble<\/a> de hace 10 a\u00f1os.<\/p>\n<p>Seg\u00fan constata la ONU, el n\u00famero de personas que han buscado refugio por causa de <a href=\"https:\/\/conversesacatalunya.cat\/es\/los-10-conflictos-internacionales-2021\/\" target=\"_blank\" rel=\"noopener\">conflicto<\/a> en un pa\u00eds extranjero, de desplazados internos y de demandantes de asilo ha <strong>aumentado un 4% en 2020<\/strong>, el a\u00f1o del Covid.<\/p>\n<p>Puede ser chocante que el alza haya proseguido mientras numerosos pa\u00edses del mundo han cerrado sus fronteras e impuesto toques de queda. Pero las cifras demuestran que el nuevo coronavirus no es ni de lejos la principal preocupaci\u00f3n para millones de personas.<\/p>\n<p>La ONU recoge que <strong>actualmente el 1% de la poblaci\u00f3n mundial se encuentra desplazada<\/strong> por causas ajenas a su voluntad.<\/p>\n<p>El incremento de la cifra total de desplazados en 2020 se debe especialmente a las personas que han buscado refugio en otras partes de su propio pa\u00eds, los llamados <strong>desplazados internos<\/strong>.<\/p>\n<p>Los pa\u00edses que m\u00e1s desplazados de este tipo han generado el \u00faltimo a\u00f1o son Etiop\u00eda, Sudan, los pa\u00edses del Sahel, Mozambique, Yemen, Afganist\u00e1n y Colombia.<\/p>\n<p>Las cifras del informe de las Naciones Unidas tambi\u00e9n revelan que <strong><a href=\"https:\/\/conversesacatalunya.cat\/es\/10-conflictos-internacionales-que-marcaran-el-2020\/\" target=\"_blank\" rel=\"noopener\">conflictos abiertos desde hace a\u00f1os<\/a> no consiguen cerrarse<\/strong>, lo que a\u00f1ade otra dificultad para que las cifras de desplazados bajen.<\/p>\n<p>Se trata por ejemplo de Siria, pa\u00eds asolado por la guerra civil que comenz\u00f3 hace ya diez a\u00f1os, en 2011. Actualmente hay todav\u00eda 6,7 millones de refugiados sirios.<\/p>\n<p>La pandemia no ha ayudado a que los desplazados vuelvan a sus hogares. De hecho, en 2020, solo 2,3 millones de desplazados internos y poco m\u00e1s de 250.000 refugiados pudieron volver a casa.<\/p>\n<blockquote><p>Los conflictos actuales tienen tendencia a perdurar en el tiempo sin resolverse<\/p><\/blockquote>\n<p>Estas cifras hacen evidente que los conflictos actuales tienen tendencia a perdurar en el tiempo sin resolverse.<\/p>\n<p>Un hecho particularmente inquietante ya que genera una situaci\u00f3n de precariedad constante para millones de personas, pero tambi\u00e9n tensiones en los pa\u00edses que las acogen.<\/p>\n<p>As\u00ed, por s\u00e9ptimo a\u00f1o consecutivo Turqu\u00eda es el pa\u00eds que mantiene en su territorio al mayor numero de refugiados: <strong>3,7 millones de personas<\/strong>, en su mayor\u00eda sirios. Para el <a href=\"https:\/\/conversesacatalunya.cat\/es\/turquia-humilla-a-europa\/\" target=\"_blank\" rel=\"noopener\">gobierno islamista turco<\/a>, son sobre todo moneda de cambio para conseguir fondos de la Uni\u00f3n Europea.<\/p>\n<p>Gobiernos e instancias internacionales se muestran <strong>incapaces de revertir la tendencia de conflictos que se eternizan en el tiempo.<\/strong><\/p>\n<p>Ejemplos de esta tendencia se encuentran en Somalia y Afganist\u00e1n (sumidas en el caos desde los a\u00f1os 90), Libia y Siria (desde 2011), la regi\u00f3n del <a href=\"https:\/\/conversesacatalunya.cat\/es\/retirada-francia-sahara\/\" target=\"_blank\" rel=\"noopener\">Sahel<\/a> (desde aproximadamente 2010) o Venezuela (desde 2015).<\/p>\n<p>Sin capacidad para resolver los conflictos, <strong>a\u00f1o tras a\u00f1o las condiciones de vida se degradan para un n\u00famero cada vez mayor de personas.<\/strong><\/p>\n","protected":false},"excerpt":{"rendered":"<p>Para muchas personas que no viven ni en el rico Occidente ni en el pujante Extremo Oriente, la epidemia de Covid-19 ha sido la \u00faltima de sus preocupaciones estos \u00faltimos meses. En efecto, el virus no ha impedido que este a\u00f1o se alcance la cifra r\u00e9cord de 82,4 millones de desplazados. Seg\u00fan las cifras de las Naciones Unidos, se trata del doble de hace 10 a\u00f1os. Seg\u00fan constata la ONU, el n\u00famero de personas que han buscado refugio por causa de conflicto en un pa\u00eds extranjero, de desplazados internos y de demandantes de asilo ha aumentado un 4% en 2020, el a\u00f1o del Covid. Puede ser chocante que el alza haya proseguido mientras numerosos pa\u00edses del mundo han cerrado sus fronteras e impuesto toques de queda. Pero las cifras demuestran que el nuevo coronavirus no es ni de lejos la principal preocupaci\u00f3n para millones de personas. La ONU recoge que actualmente el 1% de la poblaci\u00f3n mundial se encuentra desplazada por causas ajenas a su voluntad. El incremento de la cifra total de desplazados en 2020 se debe especialmente a las personas que han buscado refugio en otras partes de su propio pa\u00eds, los llamados desplazados internos. Los pa\u00edses que m\u00e1s desplazados de este tipo han generado el \u00faltimo a\u00f1o son Etiop\u00eda, Sudan, los pa\u00edses del Sahel, Mozambique, Yemen, Afganist\u00e1n y Colombia. Las cifras del informe de las Naciones Unidas tambi\u00e9n revelan que conflictos abiertos desde hace a\u00f1os no consiguen cerrarse, lo que a\u00f1ade otra dificultad para que las cifras de desplazados bajen. Se trata por ejemplo de Siria, pa\u00eds asolado por la guerra civil que comenz\u00f3 hace ya diez a\u00f1os, en 2011. Actualmente hay todav\u00eda 6,7 millones de refugiados sirios. La pandemia no ha ayudado a que los desplazados vuelvan a sus hogares. De hecho, en 2020, solo 2,3 millones de desplazados internos y poco m\u00e1s de 250.000 refugiados pudieron volver a casa. Los conflictos actuales tienen tendencia a perdurar en el tiempo sin resolverse Estas cifras hacen evidente que los conflictos actuales tienen tendencia a perdurar en el tiempo sin resolverse. Un hecho particularmente inquietante ya que genera una situaci\u00f3n de precariedad constante para millones de personas, pero tambi\u00e9n tensiones en los pa\u00edses que las acogen. As\u00ed, por s\u00e9ptimo a\u00f1o consecutivo Turqu\u00eda es el pa\u00eds que mantiene en su territorio al mayor numero de refugiados: 3,7 millones de personas, en su mayor\u00eda sirios. Para el gobierno islamista turco, son sobre todo moneda de cambio para conseguir fondos de la Uni\u00f3n Europea. Gobiernos e instancias internacionales se muestran incapaces de revertir la tendencia de conflictos que se eternizan en el tiempo. Ejemplos de esta tendencia se encuentran en Somalia y Afganist\u00e1n (sumidas en el caos desde los a\u00f1os 90), Libia y Siria (desde 2011), la regi\u00f3n del Sahel (desde aproximadamente 2010) o Venezuela (desde 2015). Sin capacidad para resolver los conflictos, a\u00f1o tras a\u00f1o las condiciones de vida se degradan para un n\u00famero cada vez mayor de personas.<\/p>\n","protected":false},"author":67,"featured_media":49259,"comment_status":"open","ping_status":"open","sticky":false,"template":"","format":"standard","meta":{"_FSMCFIC_featured_image_caption":"","_FSMCFIC_featured_image_nocaption":"","_FSMCFIC_featured_image_hide":"","footnotes":""},"categories":[806],"tags":[1308,1309,1465,1802,1800,1094,1334],"class_list":["post-49258","post","type-post","status-publish","format-standard","has-post-thumbnail","hentry","category-punts-claus-del-dia-es","tag-conflictos-internacionales","tag-guerras","tag-onu-es","tag-refugiados","tag-siria-es","tag-turquia-es","tag-union-europea"],"yoast_head":"<!-- This site is optimized with the Yoast SEO plugin v26.8 - https:\/\/yoast.com\/product\/yoast-seo-wordpress\/ -->\n<title>El n\u00famero de desplazados por conflictos se ha multiplicado por dos en diez a\u00f1os - Converses a Catalunya<\/title>\n<meta name=\"robots\" content=\"index, follow, max-snippet:-1, max-image-preview:large, max-video-preview:-1\" \/>\n<link rel=\"canonical\" href=\"https:\/\/conversesacatalunya.cat\/es\/desplazados-conflictos-internacionales\/\" \/>\n<meta property=\"og:locale\" content=\"es_ES\" \/>\n<meta property=\"og:type\" content=\"article\" \/>\n<meta property=\"og:title\" content=\"El n\u00famero de desplazados por conflictos se ha multiplicado por dos en diez a\u00f1os - Converses a Catalunya\" \/>\n<meta property=\"og:description\" content=\"Para muchas personas que no viven ni en el rico Occidente ni en el pujante Extremo Oriente, la epidemia de Covid-19 ha sido la \u00faltima de sus preocupaciones estos \u00faltimos meses. En efecto, el virus no ha impedido que este a\u00f1o se alcance la cifra r\u00e9cord de 82,4 millones de desplazados. Seg\u00fan las cifras de las Naciones Unidos, se trata del doble de hace 10 a\u00f1os. Seg\u00fan constata la ONU, el n\u00famero de personas que han buscado refugio por causa de conflicto en un pa\u00eds extranjero, de desplazados internos y de demandantes de asilo ha aumentado un 4% en 2020, el a\u00f1o del Covid. Puede ser chocante que el alza haya proseguido mientras numerosos pa\u00edses del mundo han cerrado sus fronteras e impuesto toques de queda. Pero las cifras demuestran que el nuevo coronavirus no es ni de lejos la principal preocupaci\u00f3n para millones de personas. La ONU recoge que actualmente el 1% de la poblaci\u00f3n mundial se encuentra desplazada por causas ajenas a su voluntad. El incremento de la cifra total de desplazados en 2020 se debe especialmente a las personas que han buscado refugio en otras partes de su propio pa\u00eds, los llamados desplazados internos. Los pa\u00edses que m\u00e1s desplazados de este tipo han generado el \u00faltimo a\u00f1o son Etiop\u00eda, Sudan, los pa\u00edses del Sahel, Mozambique, Yemen, Afganist\u00e1n y Colombia. Las cifras del informe de las Naciones Unidas tambi\u00e9n revelan que conflictos abiertos desde hace a\u00f1os no consiguen cerrarse, lo que a\u00f1ade otra dificultad para que las cifras de desplazados bajen. Se trata por ejemplo de Siria, pa\u00eds asolado por la guerra civil que comenz\u00f3 hace ya diez a\u00f1os, en 2011. Actualmente hay todav\u00eda 6,7 millones de refugiados sirios. La pandemia no ha ayudado a que los desplazados vuelvan a sus hogares. De hecho, en 2020, solo 2,3 millones de desplazados internos y poco m\u00e1s de 250.000 refugiados pudieron volver a casa. Los conflictos actuales tienen tendencia a perdurar en el tiempo sin resolverse Estas cifras hacen evidente que los conflictos actuales tienen tendencia a perdurar en el tiempo sin resolverse. Un hecho particularmente inquietante ya que genera una situaci\u00f3n de precariedad constante para millones de personas, pero tambi\u00e9n tensiones en los pa\u00edses que las acogen. As\u00ed, por s\u00e9ptimo a\u00f1o consecutivo Turqu\u00eda es el pa\u00eds que mantiene en su territorio al mayor numero de refugiados: 3,7 millones de personas, en su mayor\u00eda sirios. Para el gobierno islamista turco, son sobre todo moneda de cambio para conseguir fondos de la Uni\u00f3n Europea. Gobiernos e instancias internacionales se muestran incapaces de revertir la tendencia de conflictos que se eternizan en el tiempo. Ejemplos de esta tendencia se encuentran en Somalia y Afganist\u00e1n (sumidas en el caos desde los a\u00f1os 90), Libia y Siria (desde 2011), la regi\u00f3n del Sahel (desde aproximadamente 2010) o Venezuela (desde 2015). Sin capacidad para resolver los conflictos, a\u00f1o tras a\u00f1o las condiciones de vida se degradan para un n\u00famero cada vez mayor de personas.\" \/>\n<meta property=\"og:url\" content=\"https:\/\/conversesacatalunya.cat\/es\/desplazados-conflictos-internacionales\/\" \/>\n<meta property=\"og:site_name\" content=\"Converses a Catalunya\" \/>\n<meta property=\"article:published_time\" content=\"2021-06-23T08:15:52+00:00\" \/>\n<meta property=\"article:modified_time\" content=\"2021-06-23T09:09:45+00:00\" \/>\n<meta property=\"og:image\" content=\"https:\/\/conversesacatalunya.cat\/wp-content\/uploads\/2021\/06\/refugiados.jpg\" \/>\n\t<meta property=\"og:image:width\" content=\"1024\" \/>\n\t<meta property=\"og:image:height\" content=\"683\" \/>\n\t<meta property=\"og:image:type\" content=\"image\/jpeg\" \/>\n<meta name=\"author\" content=\"conversesacatalunya\" \/>\n<meta name=\"twitter:card\" content=\"summary_large_image\" \/>\n<meta name=\"twitter:label1\" content=\"Escrito por\" \/>\n\t<meta name=\"twitter:data1\" content=\"conversesacatalunya\" \/>\n\t<meta name=\"twitter:label2\" content=\"Tiempo de lectura\" \/>\n\t<meta name=\"twitter:data2\" content=\"3 minutos\" \/>\n<script type=\"application\/ld+json\" class=\"yoast-schema-graph\">{\"@context\":\"https:\/\/schema.org\",\"@graph\":[{\"@type\":\"Article\",\"@id\":\"https:\/\/conversesacatalunya.cat\/es\/desplazados-conflictos-internacionales\/#article\",\"isPartOf\":{\"@id\":\"https:\/\/conversesacatalunya.cat\/es\/desplazados-conflictos-internacionales\/\"},\"author\":{\"name\":\"conversesacatalunya\",\"@id\":\"https:\/\/conversesacatalunya.cat\/#\/schema\/person\/c5a8ffe796b1512764aeb6d6d6fa0fc7\"},\"headline\":\"El n\u00famero de desplazados por conflictos se ha multiplicado por dos en diez a\u00f1os\",\"datePublished\":\"2021-06-23T08:15:52+00:00\",\"dateModified\":\"2021-06-23T09:09:45+00:00\",\"mainEntityOfPage\":{\"@id\":\"https:\/\/conversesacatalunya.cat\/es\/desplazados-conflictos-internacionales\/\"},\"wordCount\":529,\"commentCount\":0,\"image\":{\"@id\":\"https:\/\/conversesacatalunya.cat\/es\/desplazados-conflictos-internacionales\/#primaryimage\"},\"thumbnailUrl\":\"https:\/\/conversesacatalunya.cat\/wp-content\/uploads\/2021\/06\/refugiados.jpg\",\"keywords\":[\"conflictos internacionales\",\"guerras\",\"ONU\",\"refugiados\",\"S\u00edria\",\"Turquia\",\"Uni\u00f3n Europea\"],\"articleSection\":[\"Punts clau del dia (ES)\"],\"inLanguage\":\"es\",\"potentialAction\":[{\"@type\":\"CommentAction\",\"name\":\"Comment\",\"target\":[\"https:\/\/conversesacatalunya.cat\/es\/desplazados-conflictos-internacionales\/#respond\"]}]},{\"@type\":\"WebPage\",\"@id\":\"https:\/\/conversesacatalunya.cat\/es\/desplazados-conflictos-internacionales\/\",\"url\":\"https:\/\/conversesacatalunya.cat\/es\/desplazados-conflictos-internacionales\/\",\"name\":\"El n\u00famero de desplazados por conflictos se ha multiplicado por dos en diez a\u00f1os - Converses a Catalunya\",\"isPartOf\":{\"@id\":\"https:\/\/conversesacatalunya.cat\/#website\"},\"primaryImageOfPage\":{\"@id\":\"https:\/\/conversesacatalunya.cat\/es\/desplazados-conflictos-internacionales\/#primaryimage\"},\"image\":{\"@id\":\"https:\/\/conversesacatalunya.cat\/es\/desplazados-conflictos-internacionales\/#primaryimage\"},\"thumbnailUrl\":\"https:\/\/conversesacatalunya.cat\/wp-content\/uploads\/2021\/06\/refugiados.jpg\",\"datePublished\":\"2021-06-23T08:15:52+00:00\",\"dateModified\":\"2021-06-23T09:09:45+00:00\",\"author\":{\"@id\":\"https:\/\/conversesacatalunya.cat\/#\/schema\/person\/c5a8ffe796b1512764aeb6d6d6fa0fc7\"},\"breadcrumb\":{\"@id\":\"https:\/\/conversesacatalunya.cat\/es\/desplazados-conflictos-internacionales\/#breadcrumb\"},\"inLanguage\":\"es\",\"potentialAction\":[{\"@type\":\"ReadAction\",\"target\":[\"https:\/\/conversesacatalunya.cat\/es\/desplazados-conflictos-internacionales\/\"]}]},{\"@type\":\"ImageObject\",\"inLanguage\":\"es\",\"@id\":\"https:\/\/conversesacatalunya.cat\/es\/desplazados-conflictos-internacionales\/#primaryimage\",\"url\":\"https:\/\/conversesacatalunya.cat\/wp-content\/uploads\/2021\/06\/refugiados.jpg\",\"contentUrl\":\"https:\/\/conversesacatalunya.cat\/wp-content\/uploads\/2021\/06\/refugiados.jpg\",\"width\":1024,\"height\":683},{\"@type\":\"BreadcrumbList\",\"@id\":\"https:\/\/conversesacatalunya.cat\/es\/desplazados-conflictos-internacionales\/#breadcrumb\",\"itemListElement\":[{\"@type\":\"ListItem\",\"position\":1,\"name\":\"Inici\",\"item\":\"https:\/\/conversesacatalunya.cat\/es\/\"},{\"@type\":\"ListItem\",\"position\":2,\"name\":\"El n\u00famero de desplazados por conflictos se ha multiplicado por dos en diez a\u00f1os\"}]},{\"@type\":\"WebSite\",\"@id\":\"https:\/\/conversesacatalunya.cat\/#website\",\"url\":\"https:\/\/conversesacatalunya.cat\/\",\"name\":\"Converses a Catalunya\",\"description\":\"\",\"potentialAction\":[{\"@type\":\"SearchAction\",\"target\":{\"@type\":\"EntryPoint\",\"urlTemplate\":\"https:\/\/conversesacatalunya.cat\/?s={search_term_string}\"},\"query-input\":{\"@type\":\"PropertyValueSpecification\",\"valueRequired\":true,\"valueName\":\"search_term_string\"}}],\"inLanguage\":\"es\"},{\"@type\":\"Person\",\"@id\":\"https:\/\/conversesacatalunya.cat\/#\/schema\/person\/c5a8ffe796b1512764aeb6d6d6fa0fc7\",\"name\":\"conversesacatalunya\",\"image\":{\"@type\":\"ImageObject\",\"inLanguage\":\"es\",\"@id\":\"https:\/\/conversesacatalunya.cat\/#\/schema\/person\/image\/\",\"url\":\"https:\/\/conversesacatalunya.cat\/wp-content\/litespeed\/avatar\/02659ee938034c59a151ae106ade943e.jpg?ver=1777656597\",\"contentUrl\":\"https:\/\/conversesacatalunya.cat\/wp-content\/litespeed\/avatar\/02659ee938034c59a151ae106ade943e.jpg?ver=1777656597\",\"caption\":\"conversesacatalunya\"},\"url\":\"https:\/\/conversesacatalunya.cat\/es\/author\/carles_lopez\/\"}]}<\/script>\n<!-- \/ Yoast SEO plugin. -->","yoast_head_json":{"title":"El n\u00famero de desplazados por conflictos se ha multiplicado por dos en diez a\u00f1os - Converses a Catalunya","robots":{"index":"index","follow":"follow","max-snippet":"max-snippet:-1","max-image-preview":"max-image-preview:large","max-video-preview":"max-video-preview:-1"},"canonical":"https:\/\/conversesacatalunya.cat\/es\/desplazados-conflictos-internacionales\/","og_locale":"es_ES","og_type":"article","og_title":"El n\u00famero de desplazados por conflictos se ha multiplicado por dos en diez a\u00f1os - Converses a Catalunya","og_description":"Para muchas personas que no viven ni en el rico Occidente ni en el pujante Extremo Oriente, la epidemia de Covid-19 ha sido la \u00faltima de sus preocupaciones estos \u00faltimos meses. En efecto, el virus no ha impedido que este a\u00f1o se alcance la cifra r\u00e9cord de 82,4 millones de desplazados. Seg\u00fan las cifras de las Naciones Unidos, se trata del doble de hace 10 a\u00f1os. Seg\u00fan constata la ONU, el n\u00famero de personas que han buscado refugio por causa de conflicto en un pa\u00eds extranjero, de desplazados internos y de demandantes de asilo ha aumentado un 4% en 2020, el a\u00f1o del Covid. Puede ser chocante que el alza haya proseguido mientras numerosos pa\u00edses del mundo han cerrado sus fronteras e impuesto toques de queda. Pero las cifras demuestran que el nuevo coronavirus no es ni de lejos la principal preocupaci\u00f3n para millones de personas. La ONU recoge que actualmente el 1% de la poblaci\u00f3n mundial se encuentra desplazada por causas ajenas a su voluntad. El incremento de la cifra total de desplazados en 2020 se debe especialmente a las personas que han buscado refugio en otras partes de su propio pa\u00eds, los llamados desplazados internos. Los pa\u00edses que m\u00e1s desplazados de este tipo han generado el \u00faltimo a\u00f1o son Etiop\u00eda, Sudan, los pa\u00edses del Sahel, Mozambique, Yemen, Afganist\u00e1n y Colombia. Las cifras del informe de las Naciones Unidas tambi\u00e9n revelan que conflictos abiertos desde hace a\u00f1os no consiguen cerrarse, lo que a\u00f1ade otra dificultad para que las cifras de desplazados bajen. Se trata por ejemplo de Siria, pa\u00eds asolado por la guerra civil que comenz\u00f3 hace ya diez a\u00f1os, en 2011. Actualmente hay todav\u00eda 6,7 millones de refugiados sirios. La pandemia no ha ayudado a que los desplazados vuelvan a sus hogares. De hecho, en 2020, solo 2,3 millones de desplazados internos y poco m\u00e1s de 250.000 refugiados pudieron volver a casa. Los conflictos actuales tienen tendencia a perdurar en el tiempo sin resolverse Estas cifras hacen evidente que los conflictos actuales tienen tendencia a perdurar en el tiempo sin resolverse. Un hecho particularmente inquietante ya que genera una situaci\u00f3n de precariedad constante para millones de personas, pero tambi\u00e9n tensiones en los pa\u00edses que las acogen. As\u00ed, por s\u00e9ptimo a\u00f1o consecutivo Turqu\u00eda es el pa\u00eds que mantiene en su territorio al mayor numero de refugiados: 3,7 millones de personas, en su mayor\u00eda sirios. Para el gobierno islamista turco, son sobre todo moneda de cambio para conseguir fondos de la Uni\u00f3n Europea. Gobiernos e instancias internacionales se muestran incapaces de revertir la tendencia de conflictos que se eternizan en el tiempo. Ejemplos de esta tendencia se encuentran en Somalia y Afganist\u00e1n (sumidas en el caos desde los a\u00f1os 90), Libia y Siria (desde 2011), la regi\u00f3n del Sahel (desde aproximadamente 2010) o Venezuela (desde 2015). Sin capacidad para resolver los conflictos, a\u00f1o tras a\u00f1o las condiciones de vida se degradan para un n\u00famero cada vez mayor de personas.","og_url":"https:\/\/conversesacatalunya.cat\/es\/desplazados-conflictos-internacionales\/","og_site_name":"Converses a Catalunya","article_published_time":"2021-06-23T08:15:52+00:00","article_modified_time":"2021-06-23T09:09:45+00:00","og_image":[{"width":1024,"height":683,"url":"https:\/\/conversesacatalunya.cat\/wp-content\/uploads\/2021\/06\/refugiados.jpg","type":"image\/jpeg"}],"author":"conversesacatalunya","twitter_card":"summary_large_image","twitter_misc":{"Escrito por":"conversesacatalunya","Tiempo de lectura":"3 minutos"},"schema":{"@context":"https:\/\/schema.org","@graph":[{"@type":"Article","@id":"https:\/\/conversesacatalunya.cat\/es\/desplazados-conflictos-internacionales\/#article","isPartOf":{"@id":"https:\/\/conversesacatalunya.cat\/es\/desplazados-conflictos-internacionales\/"},"author":{"name":"conversesacatalunya","@id":"https:\/\/conversesacatalunya.cat\/#\/schema\/person\/c5a8ffe796b1512764aeb6d6d6fa0fc7"},"headline":"El n\u00famero de desplazados por conflictos se ha multiplicado por dos en diez a\u00f1os","datePublished":"2021-06-23T08:15:52+00:00","dateModified":"2021-06-23T09:09:45+00:00","mainEntityOfPage":{"@id":"https:\/\/conversesacatalunya.cat\/es\/desplazados-conflictos-internacionales\/"},"wordCount":529,"commentCount":0,"image":{"@id":"https:\/\/conversesacatalunya.cat\/es\/desplazados-conflictos-internacionales\/#primaryimage"},"thumbnailUrl":"https:\/\/conversesacatalunya.cat\/wp-content\/uploads\/2021\/06\/refugiados.jpg","keywords":["conflictos internacionales","guerras","ONU","refugiados","S\u00edria","Turquia","Uni\u00f3n Europea"],"articleSection":["Punts clau del dia (ES)"],"inLanguage":"es","potentialAction":[{"@type":"CommentAction","name":"Comment","target":["https:\/\/conversesacatalunya.cat\/es\/desplazados-conflictos-internacionales\/#respond"]}]},{"@type":"WebPage","@id":"https:\/\/conversesacatalunya.cat\/es\/desplazados-conflictos-internacionales\/","url":"https:\/\/conversesacatalunya.cat\/es\/desplazados-conflictos-internacionales\/","name":"El n\u00famero de desplazados por conflictos se ha multiplicado por dos en diez a\u00f1os - Converses a Catalunya","isPartOf":{"@id":"https:\/\/conversesacatalunya.cat\/#website"},"primaryImageOfPage":{"@id":"https:\/\/conversesacatalunya.cat\/es\/desplazados-conflictos-internacionales\/#primaryimage"},"image":{"@id":"https:\/\/conversesacatalunya.cat\/es\/desplazados-conflictos-internacionales\/#primaryimage"},"thumbnailUrl":"https:\/\/conversesacatalunya.cat\/wp-content\/uploads\/2021\/06\/refugiados.jpg","datePublished":"2021-06-23T08:15:52+00:00","dateModified":"2021-06-23T09:09:45+00:00","author":{"@id":"https:\/\/conversesacatalunya.cat\/#\/schema\/person\/c5a8ffe796b1512764aeb6d6d6fa0fc7"},"breadcrumb":{"@id":"https:\/\/conversesacatalunya.cat\/es\/desplazados-conflictos-internacionales\/#breadcrumb"},"inLanguage":"es","potentialAction":[{"@type":"ReadAction","target":["https:\/\/conversesacatalunya.cat\/es\/desplazados-conflictos-internacionales\/"]}]},{"@type":"ImageObject","inLanguage":"es","@id":"https:\/\/conversesacatalunya.cat\/es\/desplazados-conflictos-internacionales\/#primaryimage","url":"https:\/\/conversesacatalunya.cat\/wp-content\/uploads\/2021\/06\/refugiados.jpg","contentUrl":"https:\/\/conversesacatalunya.cat\/wp-content\/uploads\/2021\/06\/refugiados.jpg","width":1024,"height":683},{"@type":"BreadcrumbList","@id":"https:\/\/conversesacatalunya.cat\/es\/desplazados-conflictos-internacionales\/#breadcrumb","itemListElement":[{"@type":"ListItem","position":1,"name":"Inici","item":"https:\/\/conversesacatalunya.cat\/es\/"},{"@type":"ListItem","position":2,"name":"El n\u00famero de desplazados por conflictos se ha multiplicado por dos en diez a\u00f1os"}]},{"@type":"WebSite","@id":"https:\/\/conversesacatalunya.cat\/#website","url":"https:\/\/conversesacatalunya.cat\/","name":"Converses a Catalunya","description":"","potentialAction":[{"@type":"SearchAction","target":{"@type":"EntryPoint","urlTemplate":"https:\/\/conversesacatalunya.cat\/?s={search_term_string}"},"query-input":{"@type":"PropertyValueSpecification","valueRequired":true,"valueName":"search_term_string"}}],"inLanguage":"es"},{"@type":"Person","@id":"https:\/\/conversesacatalunya.cat\/#\/schema\/person\/c5a8ffe796b1512764aeb6d6d6fa0fc7","name":"conversesacatalunya","image":{"@type":"ImageObject","inLanguage":"es","@id":"https:\/\/conversesacatalunya.cat\/#\/schema\/person\/image\/","url":"https:\/\/conversesacatalunya.cat\/wp-content\/litespeed\/avatar\/02659ee938034c59a151ae106ade943e.jpg?ver=1777656597","contentUrl":"https:\/\/conversesacatalunya.cat\/wp-content\/litespeed\/avatar\/02659ee938034c59a151ae106ade943e.jpg?ver=1777656597","caption":"conversesacatalunya"},"url":"https:\/\/conversesacatalunya.cat\/es\/author\/carles_lopez\/"}]}},"wps_subtitle":"Es un s\u00edntoma m\u00e1s de la degradaci\u00f3n de las condiciones de seguridad a escala mundial, as\u00ed como de la incapacidad de los responsables pol\u00edticos de los pa\u00edses del mundo entero.","_links":{"self":[{"href":"https:\/\/conversesacatalunya.cat\/es\/wp-json\/wp\/v2\/posts\/49258","targetHints":{"allow":["GET"]}}],"collection":[{"href":"https:\/\/conversesacatalunya.cat\/es\/wp-json\/wp\/v2\/posts"}],"about":[{"href":"https:\/\/conversesacatalunya.cat\/es\/wp-json\/wp\/v2\/types\/post"}],"author":[{"embeddable":true,"href":"https:\/\/conversesacatalunya.cat\/es\/wp-json\/wp\/v2\/users\/67"}],"replies":[{"embeddable":true,"href":"https:\/\/conversesacatalunya.cat\/es\/wp-json\/wp\/v2\/comments?post=49258"}],"version-history":[{"count":3,"href":"https:\/\/conversesacatalunya.cat\/es\/wp-json\/wp\/v2\/posts\/49258\/revisions"}],"predecessor-version":[{"id":49302,"href":"https:\/\/conversesacatalunya.cat\/es\/wp-json\/wp\/v2\/posts\/49258\/revisions\/49302"}],"wp:featuredmedia":[{"embeddable":true,"href":"https:\/\/conversesacatalunya.cat\/es\/wp-json\/wp\/v2\/media\/49259"}],"wp:attachment":[{"href":"https:\/\/conversesacatalunya.cat\/es\/wp-json\/wp\/v2\/media?parent=49258"}],"wp:term":[{"taxonomy":"category","embeddable":true,"href":"https:\/\/conversesacatalunya.cat\/es\/wp-json\/wp\/v2\/categories?post=49258"},{"taxonomy":"post_tag","embeddable":true,"href":"https:\/\/conversesacatalunya.cat\/es\/wp-json\/wp\/v2\/tags?post=49258"}],"curies":[{"name":"wp","href":"https:\/\/api.w.org\/{rel}","templated":true}]}}