{"id":49233,"date":"2021-06-18T08:10:57","date_gmt":"2021-06-18T06:10:57","guid":{"rendered":"https:\/\/conversesacatalunya.cat\/els-reptes-del-nou-bisbe-de-girona\/"},"modified":"2021-06-18T08:17:58","modified_gmt":"2021-06-18T06:17:58","slug":"obispo-de-girona","status":"publish","type":"post","link":"https:\/\/conversesacatalunya.cat\/es\/obispo-de-girona\/","title":{"rendered":"Los retos del nuevo obispo de Girona"},"content":{"rendered":"<p>A principios de verano <strong>el bisbe Francesc cumple 75 a\u00f1os<\/strong>. Al llegar a esta edad, el canon 401 del C\u00f3digo de Derecho Can\u00f3nico invita a los obispos a presentar su renuncia al Papa, pero continuando en el ejercicio del ministerio episcopal mientras no se produce el nombramiento del sucesor, que en la pr\u00e1ctica se puede alargar hasta un a\u00f1o. Para el nombramiento del nuevo prelado, el Nuncio tiene que proponer a la Santa Sede una terna de nombres, previa una investigaci\u00f3n sobre la idoneidad de los candidatos entre presb\u00edteros y obispos de otras di\u00f3cesis.<\/p>\n<p>Tenemos que agradecer al bisbe Francesc su talante cercano y cordial, las visitas pastorales que continuamente ha hecho a lo largo y ancho de la di\u00f3cesis, que cuenta con casi 400 parroquias. <strong>Ha sido un obispo muy arraigado en el pueblo de Dios<\/strong> que se le ha encomendado guiar espiritualmente. Nos alegramos que haya decidido continuar viviendo en Girona una vez sea efectiva su renuncia.<\/p>\n<p><strong>\u00bfCu\u00e1les ser\u00e1n los retos del nuevo obispo?<\/strong> Seguramente el principal sea intentar revitalizar una iglesia que lleva muchos a\u00f1os con s\u00edntomas de modorra, resignaci\u00f3n y laxitud espiritual. Ciertamente, esta diagnosis se podr\u00eda aplicar a la gran mayor\u00eda de di\u00f3cesis de nuestro entorno europeo occidental, pero<strong> en la iglesia catalana, y en la gerundense en particular<\/strong>, las se\u00f1ales son a\u00fan m\u00e1s evidentes.<\/p>\n<p>Las razones son diversas. Ahora solo se pueden enunciar algunas, y aun esquem\u00e1ticamente. Al car\u00e1cter catal\u00e1n, poco m\u00edstico, se le a\u00f1ade la mentalidad materialista y utilitarista de nuestro tiempo, <strong>todo ello poco propicio para fomentar la vida espiritual en un ambiente cultural y pol\u00edtico cada vez menos favorable a la fe cristiana<\/strong>. La avanzada edad de nuestros presb\u00edteros (en la di\u00f3cesis la media est\u00e1 alrededor de los 75 a\u00f1os) dificulta su empuje pastoral, su capacidad de discernir los nuevos signos de los tiempos, de responder creativamente y conectar con las nuevas generaciones. Nuestra di\u00f3cesis lleva pr\u00e1cticamente tres d\u00e9cadas gobernada por obispos mayores de 65 a\u00f1os. El centro de gravedad de la acci\u00f3n de la iglesia se tendr\u00eda que situar en la parte m\u00e1s joven y activa tanto de los presb\u00edteros como de los laicos.<\/p>\n<p>El ruido, o <em>fressa<\/em> como decimos por aqu\u00ed, de la actitud contestataria que hubo en parte del clero de la di\u00f3cesis se ha ido apagando. Pero a menudo todav\u00eda hay resistencias, procedentes de la \u00e9poca del post-concilio, para una plena comuni\u00f3n con la Iglesia de Roma, y un ambiente de confusi\u00f3n doctrinal que dificulta la acci\u00f3n pastoral. Por \u00faltimo, <strong>la Covid-19 ha acentuado la baja asistencia al culto dominical y la poca participaci\u00f3n de los fieles gerundenses en las actividades de las parroquias.<\/strong><\/p>\n<p>Cuando una comunidad, un equipo o una empresa cae en la modorra, lo que necesita es el \u201csacud\u00f3n\u201d al que se refiere <em>Gaudete et Exsultate<\/em>, 137. Sin desmerecer los m\u00e9ritos y los aspectos positivos de la acci\u00f3n del bisbe Francesc y de sus antecesores,<strong> hoy la iglesia de Girona necesita un cambio en las maneras de hacer que d\u00e9 la iniciativa a los sacerdotes m\u00e1s j\u00f3venes<\/strong> y a los m\u00e1s activos, y que sea capaz de promover y aprovechar la vitalidad de los laicos.<\/p>\n<p>Si ponemos sobre la mesa el n\u00famero de sacerdotes diocesanos y sus edades, apostar de verdad por los laicos no es una opci\u00f3n, es pura necesidad que no se puede demorar m\u00e1s. Pero en nuestras parroquias todav\u00eda hay rectores que practican el clericalismo, y esto provoca el retraimiento de los laicos y la p\u00e9rdida de su colaboraci\u00f3n, tan necesaria. Para revitalizar nuestra di\u00f3cesis es prioritaria tambi\u00e9n <strong>una dedicaci\u00f3n creativa a los j\u00f3venes y a los cat\u00f3licos procedentes del extranjero, especialmente de la Am\u00e9rica del Sur y Central.<\/strong><\/p>\n<p>Es muy importante tambi\u00e9n<strong> el papel de los Movimientos apost\u00f3licos<\/strong>. Durante d\u00e9cadas la actitud de nuestro Obispado respecto a los Movimientos laicales fue de abierta desconfianza, absoluta frialdad y carencia de colaboraci\u00f3n. Ciertamente, con el bisbe Francesc ha habido un deshielo, pero es necesario dar todav\u00eda mayor confianza y protagonismo a estos movimientos en la vida diocesana, y en parroquias con una situaci\u00f3n estrat\u00e9gica que se tienen que revitalizar.<\/p>\n<p><strong>Girona hoy no necesita un obispo canonista para mantener el orden, ni un obispo contemporizador<\/strong>. La situaci\u00f3n de nuestra di\u00f3cesis requiere un pastor con un gran carisma y empuje apost\u00f3lico, con capacidad para conectar con las nuevas generaciones y con los llegados de paises lejanos, para responder creativamente a la realidad que nos toca vivir, y que est\u00e9 dispuesto a ejercer el liderazgo entre el conjunto de fieles que solo al obispo corresponde.<\/p>\n<p><em>Publicado en el Diari de Girona, el 6 de junio de 2021<\/em><\/p>\n<p><b> <span class='bctt-click-to-tweet'><span class='bctt-ctt-text'><a href='https:\/\/twitter.com\/intent\/tweet?url=https%3A%2F%2Fconversesacatalunya.cat%2Fes%2Fobispo-de-girona%2F&#038;text=Hoy%20la%20iglesia%20de%20Girona%20necesita%20un%20cambio%20en%20las%20maneras%20de%20hacer%20que%20d%C3%A9%20la%20iniciativa%20a%20los%20sacerdotes%20m%C3%A1s%20j%C3%B3venes%20y%20a%20los%20m%C3%A1s%20activos&#038;via=conversesacat&#038;related=conversesacat' target='_blank'rel=\"noopener noreferrer\">Hoy la iglesia de Girona necesita un cambio en las maneras de hacer que d\u00e9 la iniciativa a los sacerdotes m\u00e1s j\u00f3venes y a los m\u00e1s activos <\/a><\/span><a href='https:\/\/twitter.com\/intent\/tweet?url=https%3A%2F%2Fconversesacatalunya.cat%2Fes%2Fobispo-de-girona%2F&#038;text=Hoy%20la%20iglesia%20de%20Girona%20necesita%20un%20cambio%20en%20las%20maneras%20de%20hacer%20que%20d%C3%A9%20la%20iniciativa%20a%20los%20sacerdotes%20m%C3%A1s%20j%C3%B3venes%20y%20a%20los%20m%C3%A1s%20activos&#038;via=conversesacat&#038;related=conversesacat' target='_blank' class='bctt-ctt-btn'rel=\"noopener noreferrer\">Compartir en X<\/a><\/span><\/b><\/p>\n<div id=\"polls-108\" class=\"wp-polls\">\n\t<form id=\"polls_form_108\" class=\"wp-polls-form\" action=\"\/index.php\" method=\"post\">\n\t\t<p style=\"display: none;\"><input type=\"hidden\" id=\"poll_108_nonce\" name=\"wp-polls-nonce\" value=\"a665a2b78c\" \/><\/p>\n\t\t<p style=\"display: none;\"><input type=\"hidden\" name=\"poll_id\" value=\"108\" \/><\/p>\n\t\t<p style=\"text-align: center\"><strong>Ha fet el rid\u00edcul el president S\u00e1nchez en la seva trobada amb el president Biden?<\/strong><\/p><div id=\"polls-108-ans\" class=\"wp-polls-ans\"><ul class=\"wp-polls-ul\">\n\t\t<li><input type=\"radio\" id=\"poll-answer-255\" name=\"poll_108\" value=\"255\" \/> <label for=\"poll-answer-255\">Si<\/label><\/li>\n\t\t<li><input type=\"radio\" id=\"poll-answer-256\" name=\"poll_108\" value=\"256\" \/> <label for=\"poll-answer-256\">No<\/label><\/li>\n\t\t<\/ul><p style=\"text-align: center\"><input type=\"button\" name=\"vote\" value=\"   Vota   \" class=\"Buttons\" onclick=\"poll_vote(108);\" \/><\/p><p style=\"text-align: center\"><a href=\"#ViewPollResults\" onclick=\"poll_result(108); return false;\" title=\"View Results Of This Poll\">Mira els resultats<\/a><\/p><\/div>\n\t<\/form>\n<\/div>\n<div id=\"polls-108-loading\" class=\"wp-polls-loading\"><img decoding=\"async\" data-src=\"https:\/\/conversesacatalunya.cat\/wp-content\/plugins\/wp-polls\/images\/loading.gif\" width=\"16\" height=\"16\" alt=\"Cargando ...\" title=\"Cargando ...\" class=\"wp-polls-image lazyload\" src=\"data:image\/svg+xml;base64,PHN2ZyB3aWR0aD0iMSIgaGVpZ2h0PSIxIiB4bWxucz0iaHR0cDovL3d3dy53My5vcmcvMjAwMC9zdmciPjwvc3ZnPg==\" style=\"--smush-placeholder-width: 16px; --smush-placeholder-aspect-ratio: 16\/16;\" \/>&nbsp;Cargando ...<\/div>\n\n<p>&nbsp;<\/p>\n","protected":false},"excerpt":{"rendered":"<p>A principios de verano el bisbe Francesc cumple 75 a\u00f1os. Al llegar a esta edad, el canon 401 del C\u00f3digo de Derecho Can\u00f3nico invita a los obispos a presentar su renuncia al Papa, pero continuando en el ejercicio del ministerio episcopal mientras no se produce el nombramiento del sucesor, que en la pr\u00e1ctica se puede alargar hasta un a\u00f1o. Para el nombramiento del nuevo prelado, el Nuncio tiene que proponer a la Santa Sede una terna de nombres, previa una investigaci\u00f3n sobre la idoneidad de los candidatos entre presb\u00edteros y obispos de otras di\u00f3cesis. Tenemos que agradecer al bisbe Francesc su talante cercano y cordial, las visitas pastorales que continuamente ha hecho a lo largo y ancho de la di\u00f3cesis, que cuenta con casi 400 parroquias. Ha sido un obispo muy arraigado en el pueblo de Dios que se le ha encomendado guiar espiritualmente. Nos alegramos que haya decidido continuar viviendo en Girona una vez sea efectiva su renuncia. \u00bfCu\u00e1les ser\u00e1n los retos del nuevo obispo? Seguramente el principal sea intentar revitalizar una iglesia que lleva muchos a\u00f1os con s\u00edntomas de modorra, resignaci\u00f3n y laxitud espiritual. Ciertamente, esta diagnosis se podr\u00eda aplicar a la gran mayor\u00eda de di\u00f3cesis de nuestro entorno europeo occidental, pero en la iglesia catalana, y en la gerundense en particular, las se\u00f1ales son a\u00fan m\u00e1s evidentes. Las razones son diversas. Ahora solo se pueden enunciar algunas, y aun esquem\u00e1ticamente. Al car\u00e1cter catal\u00e1n, poco m\u00edstico, se le a\u00f1ade la mentalidad materialista y utilitarista de nuestro tiempo, todo ello poco propicio para fomentar la vida espiritual en un ambiente cultural y pol\u00edtico cada vez menos favorable a la fe cristiana. La avanzada edad de nuestros presb\u00edteros (en la di\u00f3cesis la media est\u00e1 alrededor de los 75 a\u00f1os) dificulta su empuje pastoral, su capacidad de discernir los nuevos signos de los tiempos, de responder creativamente y conectar con las nuevas generaciones. Nuestra di\u00f3cesis lleva pr\u00e1cticamente tres d\u00e9cadas gobernada por obispos mayores de 65 a\u00f1os. El centro de gravedad de la acci\u00f3n de la iglesia se tendr\u00eda que situar en la parte m\u00e1s joven y activa tanto de los presb\u00edteros como de los laicos. El ruido, o fressa como decimos por aqu\u00ed, de la actitud contestataria que hubo en parte del clero de la di\u00f3cesis se ha ido apagando. Pero a menudo todav\u00eda hay resistencias, procedentes de la \u00e9poca del post-concilio, para una plena comuni\u00f3n con la Iglesia de Roma, y un ambiente de confusi\u00f3n doctrinal que dificulta la acci\u00f3n pastoral. Por \u00faltimo, la Covid-19 ha acentuado la baja asistencia al culto dominical y la poca participaci\u00f3n de los fieles gerundenses en las actividades de las parroquias. Cuando una comunidad, un equipo o una empresa cae en la modorra, lo que necesita es el \u201csacud\u00f3n\u201d al que se refiere Gaudete et Exsultate, 137. Sin desmerecer los m\u00e9ritos y los aspectos positivos de la acci\u00f3n del bisbe Francesc y de sus antecesores, hoy la iglesia de Girona necesita un cambio en las maneras de hacer que d\u00e9 la iniciativa a los sacerdotes m\u00e1s j\u00f3venes y a los m\u00e1s activos, y que sea capaz de promover y aprovechar la vitalidad de los laicos. Si ponemos sobre la mesa el n\u00famero de sacerdotes diocesanos y sus edades, apostar de verdad por los laicos no es una opci\u00f3n, es pura necesidad que no se puede demorar m\u00e1s. Pero en nuestras parroquias todav\u00eda hay rectores que practican el clericalismo, y esto provoca el retraimiento de los laicos y la p\u00e9rdida de su colaboraci\u00f3n, tan necesaria. Para revitalizar nuestra di\u00f3cesis es prioritaria tambi\u00e9n una dedicaci\u00f3n creativa a los j\u00f3venes y a los cat\u00f3licos procedentes del extranjero, especialmente de la Am\u00e9rica del Sur y Central. Es muy importante tambi\u00e9n el papel de los Movimientos apost\u00f3licos. Durante d\u00e9cadas la actitud de nuestro Obispado respecto a los Movimientos laicales fue de abierta desconfianza, absoluta frialdad y carencia de colaboraci\u00f3n. Ciertamente, con el bisbe Francesc ha habido un deshielo, pero es necesario dar todav\u00eda mayor confianza y protagonismo a estos movimientos en la vida diocesana, y en parroquias con una situaci\u00f3n estrat\u00e9gica que se tienen que revitalizar. Girona hoy no necesita un obispo canonista para mantener el orden, ni un obispo contemporizador. La situaci\u00f3n de nuestra di\u00f3cesis requiere un pastor con un gran carisma y empuje apost\u00f3lico, con capacidad para conectar con las nuevas generaciones y con los llegados de paises lejanos, para responder creativamente a la realidad que nos toca vivir, y que est\u00e9 dispuesto a ejercer el liderazgo entre el conjunto de fieles que solo al obispo corresponde. Publicado en el Diari de Girona, el 6 de junio de 2021 &nbsp;<\/p>\n","protected":false},"author":6,"featured_media":49228,"comment_status":"open","ping_status":"open","sticky":false,"template":"","format":"standard","meta":{"_FSMCFIC_featured_image_caption":"","_FSMCFIC_featured_image_nocaption":"","_FSMCFIC_featured_image_hide":"","footnotes":""},"categories":[801],"tags":[3209],"class_list":["post-49233","post","type-post","status-publish","format-standard","has-post-thumbnail","hentry","category-veritas-in-caritate-es","tag-obispos-catalanes"],"yoast_head":"<!-- This site is optimized with the Yoast SEO plugin v26.8 - https:\/\/yoast.com\/product\/yoast-seo-wordpress\/ -->\n<title>Los retos del nuevo obispo de Girona - Converses a Catalunya<\/title>\n<meta name=\"description\" content=\"Girona hoy no necesita un obispo canonista para mantener el orden, ni un obispo contemporizador. Requiere un pastor con un gran carisma\" \/>\n<meta name=\"robots\" content=\"noindex, nofollow\" \/>\n<meta property=\"og:locale\" content=\"es_ES\" \/>\n<meta property=\"og:type\" content=\"article\" \/>\n<meta property=\"og:title\" content=\"Los retos del nuevo obispo de Girona - Converses a Catalunya\" \/>\n<meta property=\"og:description\" content=\"Girona hoy no necesita un obispo canonista para mantener el orden, ni un obispo contemporizador. Requiere un pastor con un gran carisma\" \/>\n<meta property=\"og:url\" content=\"https:\/\/conversesacatalunya.cat\/es\/obispo-de-girona\/\" \/>\n<meta property=\"og:site_name\" content=\"Converses a Catalunya\" \/>\n<meta property=\"article:published_time\" content=\"2021-06-18T06:10:57+00:00\" \/>\n<meta property=\"article:modified_time\" content=\"2021-06-18T06:17:58+00:00\" \/>\n<meta property=\"og:image\" content=\"https:\/\/conversesacatalunya.cat\/wp-content\/uploads\/2021\/06\/bISBAT-gIRONA.jpg\" \/>\n\t<meta property=\"og:image:width\" content=\"800\" \/>\n\t<meta property=\"og:image:height\" content=\"533\" \/>\n\t<meta property=\"og:image:type\" content=\"image\/jpeg\" \/>\n<meta name=\"author\" content=\"Carles Ros Arpa\" \/>\n<meta name=\"twitter:card\" content=\"summary_large_image\" \/>\n<meta name=\"twitter:label1\" content=\"Escrito por\" \/>\n\t<meta name=\"twitter:data1\" content=\"Carles Ros Arpa\" \/>\n\t<meta name=\"twitter:label2\" content=\"Tiempo de lectura\" \/>\n\t<meta name=\"twitter:data2\" content=\"4 minutos\" \/>\n<script type=\"application\/ld+json\" class=\"yoast-schema-graph\">{\"@context\":\"https:\/\/schema.org\",\"@graph\":[{\"@type\":\"Article\",\"@id\":\"https:\/\/conversesacatalunya.cat\/es\/obispo-de-girona\/#article\",\"isPartOf\":{\"@id\":\"https:\/\/conversesacatalunya.cat\/es\/obispo-de-girona\/\"},\"author\":{\"name\":\"Carles Ros Arpa\",\"@id\":\"https:\/\/conversesacatalunya.cat\/#\/schema\/person\/158977e8a6f4c10be20fb1e30375371b\"},\"headline\":\"Los retos del nuevo obispo de Girona\",\"datePublished\":\"2021-06-18T06:10:57+00:00\",\"dateModified\":\"2021-06-18T06:17:58+00:00\",\"mainEntityOfPage\":{\"@id\":\"https:\/\/conversesacatalunya.cat\/es\/obispo-de-girona\/\"},\"wordCount\":869,\"commentCount\":0,\"image\":{\"@id\":\"https:\/\/conversesacatalunya.cat\/es\/obispo-de-girona\/#primaryimage\"},\"thumbnailUrl\":\"https:\/\/conversesacatalunya.cat\/wp-content\/uploads\/2021\/06\/bISBAT-gIRONA.jpg\",\"keywords\":[\"obispos catalanes\"],\"articleSection\":[\"Veritas in caritate (ES)\"],\"inLanguage\":\"es\",\"potentialAction\":[{\"@type\":\"CommentAction\",\"name\":\"Comment\",\"target\":[\"https:\/\/conversesacatalunya.cat\/es\/obispo-de-girona\/#respond\"]}]},{\"@type\":\"WebPage\",\"@id\":\"https:\/\/conversesacatalunya.cat\/es\/obispo-de-girona\/\",\"url\":\"https:\/\/conversesacatalunya.cat\/es\/obispo-de-girona\/\",\"name\":\"Los retos del nuevo obispo de Girona - Converses a Catalunya\",\"isPartOf\":{\"@id\":\"https:\/\/conversesacatalunya.cat\/#website\"},\"primaryImageOfPage\":{\"@id\":\"https:\/\/conversesacatalunya.cat\/es\/obispo-de-girona\/#primaryimage\"},\"image\":{\"@id\":\"https:\/\/conversesacatalunya.cat\/es\/obispo-de-girona\/#primaryimage\"},\"thumbnailUrl\":\"https:\/\/conversesacatalunya.cat\/wp-content\/uploads\/2021\/06\/bISBAT-gIRONA.jpg\",\"datePublished\":\"2021-06-18T06:10:57+00:00\",\"dateModified\":\"2021-06-18T06:17:58+00:00\",\"author\":{\"@id\":\"https:\/\/conversesacatalunya.cat\/#\/schema\/person\/158977e8a6f4c10be20fb1e30375371b\"},\"description\":\"Girona hoy no necesita un obispo canonista para mantener el orden, ni un obispo contemporizador. Requiere un pastor con un gran carisma\",\"breadcrumb\":{\"@id\":\"https:\/\/conversesacatalunya.cat\/es\/obispo-de-girona\/#breadcrumb\"},\"inLanguage\":\"es\",\"potentialAction\":[{\"@type\":\"ReadAction\",\"target\":[\"https:\/\/conversesacatalunya.cat\/es\/obispo-de-girona\/\"]}]},{\"@type\":\"ImageObject\",\"inLanguage\":\"es\",\"@id\":\"https:\/\/conversesacatalunya.cat\/es\/obispo-de-girona\/#primaryimage\",\"url\":\"https:\/\/conversesacatalunya.cat\/wp-content\/uploads\/2021\/06\/bISBAT-gIRONA.jpg\",\"contentUrl\":\"https:\/\/conversesacatalunya.cat\/wp-content\/uploads\/2021\/06\/bISBAT-gIRONA.jpg\",\"width\":800,\"height\":533,\"caption\":\"Bisbat Girona\"},{\"@type\":\"BreadcrumbList\",\"@id\":\"https:\/\/conversesacatalunya.cat\/es\/obispo-de-girona\/#breadcrumb\",\"itemListElement\":[{\"@type\":\"ListItem\",\"position\":1,\"name\":\"Inici\",\"item\":\"https:\/\/conversesacatalunya.cat\/es\/\"},{\"@type\":\"ListItem\",\"position\":2,\"name\":\"Los retos del nuevo obispo de Girona\"}]},{\"@type\":\"WebSite\",\"@id\":\"https:\/\/conversesacatalunya.cat\/#website\",\"url\":\"https:\/\/conversesacatalunya.cat\/\",\"name\":\"Converses a Catalunya\",\"description\":\"\",\"potentialAction\":[{\"@type\":\"SearchAction\",\"target\":{\"@type\":\"EntryPoint\",\"urlTemplate\":\"https:\/\/conversesacatalunya.cat\/?s={search_term_string}\"},\"query-input\":{\"@type\":\"PropertyValueSpecification\",\"valueRequired\":true,\"valueName\":\"search_term_string\"}}],\"inLanguage\":\"es\"},{\"@type\":\"Person\",\"@id\":\"https:\/\/conversesacatalunya.cat\/#\/schema\/person\/158977e8a6f4c10be20fb1e30375371b\",\"name\":\"Carles Ros Arpa\",\"image\":{\"@type\":\"ImageObject\",\"inLanguage\":\"es\",\"@id\":\"https:\/\/conversesacatalunya.cat\/#\/schema\/person\/image\/\",\"url\":\"https:\/\/conversesacatalunya.cat\/wp-content\/litespeed\/avatar\/ba530fe068c88283940054d0b5ea1f09.jpg?ver=1777376928\",\"contentUrl\":\"https:\/\/conversesacatalunya.cat\/wp-content\/litespeed\/avatar\/ba530fe068c88283940054d0b5ea1f09.jpg?ver=1777376928\",\"caption\":\"Carles Ros Arpa\"},\"url\":\"https:\/\/conversesacatalunya.cat\/es\/author\/carles-ros-arpa\/\"}]}<\/script>\n<!-- \/ Yoast SEO plugin. -->","yoast_head_json":{"title":"Los retos del nuevo obispo de Girona - Converses a Catalunya","description":"Girona hoy no necesita un obispo canonista para mantener el orden, ni un obispo contemporizador. Requiere un pastor con un gran carisma","robots":{"index":"noindex","follow":"nofollow"},"og_locale":"es_ES","og_type":"article","og_title":"Los retos del nuevo obispo de Girona - Converses a Catalunya","og_description":"Girona hoy no necesita un obispo canonista para mantener el orden, ni un obispo contemporizador. Requiere un pastor con un gran carisma","og_url":"https:\/\/conversesacatalunya.cat\/es\/obispo-de-girona\/","og_site_name":"Converses a Catalunya","article_published_time":"2021-06-18T06:10:57+00:00","article_modified_time":"2021-06-18T06:17:58+00:00","og_image":[{"width":800,"height":533,"url":"https:\/\/conversesacatalunya.cat\/wp-content\/uploads\/2021\/06\/bISBAT-gIRONA.jpg","type":"image\/jpeg"}],"author":"Carles Ros Arpa","twitter_card":"summary_large_image","twitter_misc":{"Escrito por":"Carles Ros Arpa","Tiempo de lectura":"4 minutos"},"schema":{"@context":"https:\/\/schema.org","@graph":[{"@type":"Article","@id":"https:\/\/conversesacatalunya.cat\/es\/obispo-de-girona\/#article","isPartOf":{"@id":"https:\/\/conversesacatalunya.cat\/es\/obispo-de-girona\/"},"author":{"name":"Carles Ros Arpa","@id":"https:\/\/conversesacatalunya.cat\/#\/schema\/person\/158977e8a6f4c10be20fb1e30375371b"},"headline":"Los retos del nuevo obispo de Girona","datePublished":"2021-06-18T06:10:57+00:00","dateModified":"2021-06-18T06:17:58+00:00","mainEntityOfPage":{"@id":"https:\/\/conversesacatalunya.cat\/es\/obispo-de-girona\/"},"wordCount":869,"commentCount":0,"image":{"@id":"https:\/\/conversesacatalunya.cat\/es\/obispo-de-girona\/#primaryimage"},"thumbnailUrl":"https:\/\/conversesacatalunya.cat\/wp-content\/uploads\/2021\/06\/bISBAT-gIRONA.jpg","keywords":["obispos catalanes"],"articleSection":["Veritas in caritate (ES)"],"inLanguage":"es","potentialAction":[{"@type":"CommentAction","name":"Comment","target":["https:\/\/conversesacatalunya.cat\/es\/obispo-de-girona\/#respond"]}]},{"@type":"WebPage","@id":"https:\/\/conversesacatalunya.cat\/es\/obispo-de-girona\/","url":"https:\/\/conversesacatalunya.cat\/es\/obispo-de-girona\/","name":"Los retos del nuevo obispo de Girona - Converses a Catalunya","isPartOf":{"@id":"https:\/\/conversesacatalunya.cat\/#website"},"primaryImageOfPage":{"@id":"https:\/\/conversesacatalunya.cat\/es\/obispo-de-girona\/#primaryimage"},"image":{"@id":"https:\/\/conversesacatalunya.cat\/es\/obispo-de-girona\/#primaryimage"},"thumbnailUrl":"https:\/\/conversesacatalunya.cat\/wp-content\/uploads\/2021\/06\/bISBAT-gIRONA.jpg","datePublished":"2021-06-18T06:10:57+00:00","dateModified":"2021-06-18T06:17:58+00:00","author":{"@id":"https:\/\/conversesacatalunya.cat\/#\/schema\/person\/158977e8a6f4c10be20fb1e30375371b"},"description":"Girona hoy no necesita un obispo canonista para mantener el orden, ni un obispo contemporizador. Requiere un pastor con un gran carisma","breadcrumb":{"@id":"https:\/\/conversesacatalunya.cat\/es\/obispo-de-girona\/#breadcrumb"},"inLanguage":"es","potentialAction":[{"@type":"ReadAction","target":["https:\/\/conversesacatalunya.cat\/es\/obispo-de-girona\/"]}]},{"@type":"ImageObject","inLanguage":"es","@id":"https:\/\/conversesacatalunya.cat\/es\/obispo-de-girona\/#primaryimage","url":"https:\/\/conversesacatalunya.cat\/wp-content\/uploads\/2021\/06\/bISBAT-gIRONA.jpg","contentUrl":"https:\/\/conversesacatalunya.cat\/wp-content\/uploads\/2021\/06\/bISBAT-gIRONA.jpg","width":800,"height":533,"caption":"Bisbat Girona"},{"@type":"BreadcrumbList","@id":"https:\/\/conversesacatalunya.cat\/es\/obispo-de-girona\/#breadcrumb","itemListElement":[{"@type":"ListItem","position":1,"name":"Inici","item":"https:\/\/conversesacatalunya.cat\/es\/"},{"@type":"ListItem","position":2,"name":"Los retos del nuevo obispo de Girona"}]},{"@type":"WebSite","@id":"https:\/\/conversesacatalunya.cat\/#website","url":"https:\/\/conversesacatalunya.cat\/","name":"Converses a Catalunya","description":"","potentialAction":[{"@type":"SearchAction","target":{"@type":"EntryPoint","urlTemplate":"https:\/\/conversesacatalunya.cat\/?s={search_term_string}"},"query-input":{"@type":"PropertyValueSpecification","valueRequired":true,"valueName":"search_term_string"}}],"inLanguage":"es"},{"@type":"Person","@id":"https:\/\/conversesacatalunya.cat\/#\/schema\/person\/158977e8a6f4c10be20fb1e30375371b","name":"Carles Ros Arpa","image":{"@type":"ImageObject","inLanguage":"es","@id":"https:\/\/conversesacatalunya.cat\/#\/schema\/person\/image\/","url":"https:\/\/conversesacatalunya.cat\/wp-content\/litespeed\/avatar\/ba530fe068c88283940054d0b5ea1f09.jpg?ver=1777376928","contentUrl":"https:\/\/conversesacatalunya.cat\/wp-content\/litespeed\/avatar\/ba530fe068c88283940054d0b5ea1f09.jpg?ver=1777376928","caption":"Carles Ros Arpa"},"url":"https:\/\/conversesacatalunya.cat\/es\/author\/carles-ros-arpa\/"}]}},"wps_subtitle":"","_links":{"self":[{"href":"https:\/\/conversesacatalunya.cat\/es\/wp-json\/wp\/v2\/posts\/49233","targetHints":{"allow":["GET"]}}],"collection":[{"href":"https:\/\/conversesacatalunya.cat\/es\/wp-json\/wp\/v2\/posts"}],"about":[{"href":"https:\/\/conversesacatalunya.cat\/es\/wp-json\/wp\/v2\/types\/post"}],"author":[{"embeddable":true,"href":"https:\/\/conversesacatalunya.cat\/es\/wp-json\/wp\/v2\/users\/6"}],"replies":[{"embeddable":true,"href":"https:\/\/conversesacatalunya.cat\/es\/wp-json\/wp\/v2\/comments?post=49233"}],"version-history":[{"count":3,"href":"https:\/\/conversesacatalunya.cat\/es\/wp-json\/wp\/v2\/posts\/49233\/revisions"}],"predecessor-version":[{"id":49236,"href":"https:\/\/conversesacatalunya.cat\/es\/wp-json\/wp\/v2\/posts\/49233\/revisions\/49236"}],"wp:featuredmedia":[{"embeddable":true,"href":"https:\/\/conversesacatalunya.cat\/es\/wp-json\/wp\/v2\/media\/49228"}],"wp:attachment":[{"href":"https:\/\/conversesacatalunya.cat\/es\/wp-json\/wp\/v2\/media?parent=49233"}],"wp:term":[{"taxonomy":"category","embeddable":true,"href":"https:\/\/conversesacatalunya.cat\/es\/wp-json\/wp\/v2\/categories?post=49233"},{"taxonomy":"post_tag","embeddable":true,"href":"https:\/\/conversesacatalunya.cat\/es\/wp-json\/wp\/v2\/tags?post=49233"}],"curies":[{"name":"wp","href":"https:\/\/api.w.org\/{rel}","templated":true}]}}