{"id":49193,"date":"2021-06-18T09:04:42","date_gmt":"2021-06-18T07:04:42","guid":{"rendered":"https:\/\/conversesacatalunya.cat\/?p=49193"},"modified":"2021-06-21T13:31:06","modified_gmt":"2021-06-21T11:31:06","slug":"las-nuevas-tarifas-electricas","status":"publish","type":"post","link":"https:\/\/conversesacatalunya.cat\/es\/las-nuevas-tarifas-electricas\/","title":{"rendered":"Las nuevas tarifas el\u00e9ctricas, o la pol\u00edtica como enga\u00f1o"},"content":{"rendered":"<p>Las explicaciones del gobierno ante la nueva y clamorosa subida de las tarifas el\u00e9ctricas, muestra la naturaleza viciosa, es decir, contraria a la virtud, de las pol\u00edticas p\u00fablicas que practica.<\/p>\n<p class=\"has-normal-font-size\">La realidad pura y dura es que, la factura de la electricidad se ha incrementado desde el 1 de junio\u00a0<strong>un 41% de media<\/strong>\u00a0en los tramos de mayor consumo, seg\u00fan los datos facilitados por la OCU. El precio se mantiene m\u00e1s o menos igual en el periodo llano, y parece reducirse, o mantenerse igual que antes en las horas de menor demanda. Pero esta observaci\u00f3n es de pocos d\u00edas y hace falta ver la evoluci\u00f3n, que ser\u00e1 sin duda al alza. El propio gobierno ha\u00a0<strong>calculado que ingresar\u00e1 hasta 2.200 millones por esta causa,<\/strong>\u00a0el doble que el a\u00f1o anterior.<\/p>\n<h3 class=\"has-medium-font-size\"><strong>El beneficiario es el gobierno<\/strong><\/h3>\n<p>\u00bfPero por qu\u00e9 crece la factura? La causa principal es muy concreta. Obedece al extraordinario incremento que ha registrado el precio de las emisiones de CO<sub>2<\/sub>\u00a0en la Uni\u00f3n Europea. Es el conocido como Sistema de Comercio de Emisiones (ETS), por sus siglas en ingl\u00e9s. En realidad, estamos pagando uno de los costes de la transici\u00f3n energ\u00e9tica, que forma parte del programa de gobierno y del proyecto europeo. Ir hacia una sociedad m\u00e1s \u201cverde\u201d\u00a0<strong>tiene un coste para todos los ciudadanos.<\/strong>\u00a0Este principio debe ser bien asumido y explicado,pero en lugar de informar el gobierno solo siembra confusi\u00f3n.<\/p>\n<p>Asumido el coste en beneficio del medio natural, la cuesti\u00f3n clave, la pol\u00edtica, es debatir y decidir c\u00f3mo se distribuye. Y esto es lo que se nos est\u00e1 hurtando, de manera que a la hora de la verdad siempre acabamos pagando los mismos. Es el caso de las tarifas el\u00e9ctricas.<\/p>\n<p>La aceleraci\u00f3n de la descarbonizaci\u00f3n ha supuesto un espectacular incremento del coste de las emisiones de CO<sub>2<\/sub>. Un 150% este \u00faltimo a\u00f1o. Y, naturalmente, como una buena parte del mix de producci\u00f3n el\u00e9ctrica genera di\u00f3xido de carbono, el batacazo en la factura se nota. Pero en lugar de explicarlo, el gobierno de S\u00e1nchez se escuda detr\u00e1s de unos fantasmag\u00f3ricos \u201cmercados internacionales\u201d, ante los que no puede hacer nada.<\/p>\n<p>Pero se trata de una explicaci\u00f3n fraudulenta. Estos mercados internacionales no existen. Es la Uni\u00f3n Europea quien regula el mercado de las emisiones, de manera que los precios no se mueven libremente, sino que se mantienen en bandas predefinidas por Bruselas. Pero una serie de pol\u00edticos comunitarios, y entre ellos y de una manera destacada Pedro S\u00e1nchez, han estado exigiendo la aceleraci\u00f3n de la transici\u00f3n energ\u00e9tica. Lo ha hecho en reiteradas ocasiones. En 2018, en 2020 y todav\u00eda repiti\u00f3 hace pocas semanas. La consecuencia es, que cuanto m\u00e1s deprisa se quiera ir por esta v\u00eda, m\u00e1s ha de crecer el coste de las emisiones.<\/p>\n<p>Por tanto (1) son los gobiernos quienes lo desencadenan. (2) En el caso espa\u00f1ol el resultado le depara 1.100 millones de euros m\u00e1s, que salen de nuestros bolsillos. Lo justo ser\u00eda que nos devolviera este importe aplicado a reducir la factura de la electricidad, de manera que la parte regulada se reducir\u00eda un 7,5% y la factura final un 4%. Pero eso es precisamente lo que el gobierno no quiere hacer.\u00a0\u00a0 Despu\u00e9s ayudar\u00e1 a la pobreza energ\u00e9tica con un 0\u20192% de su beneficio extra y pedir\u00e1 que le aplaudamos por como construye el \u201cescudo social\u201d.<\/p>\n<h3 class=\"has-medium-font-size\"><strong>El esc\u00e1ndalo del IVA<\/strong><\/h3>\n<p>Pero no termina aqu\u00ed el fraude, sino que se multiplica con el IVA. El que el gobierno de Espa\u00f1a aplica a la electricidad corresponde al nivel m\u00e1s elevado de Europa.\u00a0<strong>El 21%, tres puntos superior\u00a0<\/strong>a la media de una muestra de 21 pa\u00edses de la Uni\u00f3n Europea, en la que este tipo de impuesto se encuentra en el 18%, seg\u00fan la Agencia Internacional de la Energ\u00eda. La comparaci\u00f3n con nuestros vecinos es todav\u00eda m\u00e1s escandalosa. En el Reino Unido este IVA es del 5%, en Francia del 5,5%, en Italia del 10% y en Alemania, que es de los caros, llega hasta el 19%.<\/p>\n<p>\u00bfPor qu\u00e9 pagamos tanto por el IVA? Porque as\u00ed lo desea el gobierno. El castigo a la poblaci\u00f3n con menos ingresos, la causa \u00faltima de la pobreza energ\u00e9tica viene en gran medida de ah\u00ed. \u00bfPero alguien ha o\u00eddo a Unidas Podemos tratar de esta cuesti\u00f3n? Claro que no. Se trata de alardear de \u00ednfimas ayudas, las migajas de la mesa de Epul\u00f3n, y no de abordar la cuesti\u00f3n. Con un IVA como el italiano y el retorno de los 1.100 millones de m\u00e1s que ingresar\u00e1 el gobierno, pagar\u00edamos de media un 15% de menos de factura el\u00e9ctrica.<\/p>\n<p>Los impuestos el\u00e9ctricos son una gran fuente de ingresos para el gobierno. Este a\u00f1o\u00a0<strong>prev\u00e9 ingresar 11.374 millones de euros<\/strong>, de los cuales 6.322 millones, corresponden a aquel impuesto. \u00bfPor qu\u00e9 en Espa\u00f1a el agua tiene un IVA del 10%, el mismo que Italia, pero aqu\u00ed para la electricidad es el doble, mientras que en la vecina pen\u00ednsula, tiene el mismo tipo del 10%, que es lo l\u00f3gico?<\/p>\n<p>El IVA, es t\u00e9cnicamente un impuesto neutro, pero desde el punto de vista socioecon\u00f3mico, es un impuesto regresivo, porque\u00a0<strong>castiga m\u00e1s a las rentas inferiores<\/strong>. Y eso, evidentemente, tambi\u00e9n ocurre con la electricidad. La conclusi\u00f3n es obvia: menos discurso sobre la pobreza energ\u00e9tica y el escudo social y m\u00e1s reducci\u00f3n del IVA.<\/p>\n<p>El estudio\u00a0<em><a href=\"http:\/\/documentos.fedea.net\/pubs\/eee\/eee2016-21.pdf\" target=\"_blank\" rel=\"noopener\">Observatorio sobre el reparto de los\u00a0<\/a><a href=\"http:\/\/documentos.fedea.net\/pubs\/eee\/eee2016-21.pdf\" target=\"_blank\" rel=\"noreferrer noopener\">impuestos entre los hogares espa\u00f1oles<\/a><\/em>\u00a0calcula, que las rentas inferiores, las comprendidas entre 23.723 y 11.584 euros, que corresponden al primer quintil, son las que pagan por IVA e impuestos conexos, el m\u00e1ximo con relaci\u00f3n a sus ingresos,\u00a0<strong>el 14,66%.\u00a0<\/strong>Pero para las que se sit\u00faan en el \u201ctop\u201d de ingresos, el centil m\u00e1ximo, situado a partir de 133.721 euros, solo representa\u00a0<strong>el 4\u201906%.<\/strong>\u00a0Quienes menos ingresan pagan tres veces y media m\u00e1s. Entre ambos extremos, la evoluci\u00f3n siempre es la misma: a menores ingresos m\u00e1s impacto del IVA sobre la renta.<\/p>\n<p>\u00bfSe puede modificar el IVA que es un impuesto de regulaci\u00f3n europea? Claro que se puede. Por ejemplo, en 1995 el ejecutivo socialista suprime el impuesto del 35% sobre determinados bienes de lujo.<\/p>\n<p>En realidad, una de las mejores pol\u00edticas sociales que se pueden hacer en Espa\u00f1a, es una revisi\u00f3n a fondo del IVA, para que su tipolog\u00eda favoreciera a quienes menos ganan con el fin de mejorar su renta familiar disponible.<\/p>\n<div id=\"polls-108\" class=\"wp-polls\">\n\t<form id=\"polls_form_108\" class=\"wp-polls-form\" action=\"\/index.php\" method=\"post\">\n\t\t<p style=\"display: none;\"><input type=\"hidden\" id=\"poll_108_nonce\" name=\"wp-polls-nonce\" value=\"4b26cd61cd\" \/><\/p>\n\t\t<p style=\"display: none;\"><input type=\"hidden\" name=\"poll_id\" value=\"108\" \/><\/p>\n\t\t<p style=\"text-align: center\"><strong>Ha fet el rid\u00edcul el president S\u00e1nchez en la seva trobada amb el president Biden?<\/strong><\/p><div id=\"polls-108-ans\" class=\"wp-polls-ans\"><ul class=\"wp-polls-ul\">\n\t\t<li><input type=\"radio\" id=\"poll-answer-255\" name=\"poll_108\" value=\"255\" \/> <label for=\"poll-answer-255\">Si<\/label><\/li>\n\t\t<li><input type=\"radio\" id=\"poll-answer-256\" name=\"poll_108\" value=\"256\" \/> <label for=\"poll-answer-256\">No<\/label><\/li>\n\t\t<\/ul><p style=\"text-align: center\"><input type=\"button\" name=\"vote\" value=\"   Vota   \" class=\"Buttons\" onclick=\"poll_vote(108);\" \/><\/p><p style=\"text-align: center\"><a href=\"#ViewPollResults\" onclick=\"poll_result(108); return false;\" title=\"View Results Of This Poll\">Mira els resultats<\/a><\/p><\/div>\n\t<\/form>\n<\/div>\n<div id=\"polls-108-loading\" class=\"wp-polls-loading\"><img decoding=\"async\" data-src=\"https:\/\/conversesacatalunya.cat\/wp-content\/plugins\/wp-polls\/images\/loading.gif\" width=\"16\" height=\"16\" alt=\"Cargando ...\" title=\"Cargando ...\" class=\"wp-polls-image lazyload\" src=\"data:image\/svg+xml;base64,PHN2ZyB3aWR0aD0iMSIgaGVpZ2h0PSIxIiB4bWxucz0iaHR0cDovL3d3dy53My5vcmcvMjAwMC9zdmciPjwvc3ZnPg==\" style=\"--smush-placeholder-width: 16px; --smush-placeholder-aspect-ratio: 16\/16;\" \/>&nbsp;Cargando ...<\/div>\n\n<p><em>Art\u00edculo publicado en La Vanguardia<\/em><\/p>\n","protected":false},"excerpt":{"rendered":"<p>Las explicaciones del gobierno ante la nueva y clamorosa subida de las tarifas el\u00e9ctricas, muestra la naturaleza viciosa, es decir, contraria a la virtud, de las pol\u00edticas p\u00fablicas que practica. La realidad pura y dura es que, la factura de la electricidad se ha incrementado desde el 1 de junio\u00a0un 41% de media\u00a0en los tramos de mayor consumo, seg\u00fan los datos facilitados por la OCU. El precio se mantiene m\u00e1s o menos igual en el periodo llano, y parece reducirse, o mantenerse igual que antes en las horas de menor demanda. Pero esta observaci\u00f3n es de pocos d\u00edas y hace falta ver la evoluci\u00f3n, que ser\u00e1 sin duda al alza. El propio gobierno ha\u00a0calculado que ingresar\u00e1 hasta 2.200 millones por esta causa,\u00a0el doble que el a\u00f1o anterior. El beneficiario es el gobierno \u00bfPero por qu\u00e9 crece la factura? La causa principal es muy concreta. Obedece al extraordinario incremento que ha registrado el precio de las emisiones de CO2\u00a0en la Uni\u00f3n Europea. Es el conocido como Sistema de Comercio de Emisiones (ETS), por sus siglas en ingl\u00e9s. En realidad, estamos pagando uno de los costes de la transici\u00f3n energ\u00e9tica, que forma parte del programa de gobierno y del proyecto europeo. Ir hacia una sociedad m\u00e1s \u201cverde\u201d\u00a0tiene un coste para todos los ciudadanos.\u00a0Este principio debe ser bien asumido y explicado,pero en lugar de informar el gobierno solo siembra confusi\u00f3n. Asumido el coste en beneficio del medio natural, la cuesti\u00f3n clave, la pol\u00edtica, es debatir y decidir c\u00f3mo se distribuye. Y esto es lo que se nos est\u00e1 hurtando, de manera que a la hora de la verdad siempre acabamos pagando los mismos. Es el caso de las tarifas el\u00e9ctricas. La aceleraci\u00f3n de la descarbonizaci\u00f3n ha supuesto un espectacular incremento del coste de las emisiones de CO2. Un 150% este \u00faltimo a\u00f1o. Y, naturalmente, como una buena parte del mix de producci\u00f3n el\u00e9ctrica genera di\u00f3xido de carbono, el batacazo en la factura se nota. Pero en lugar de explicarlo, el gobierno de S\u00e1nchez se escuda detr\u00e1s de unos fantasmag\u00f3ricos \u201cmercados internacionales\u201d, ante los que no puede hacer nada. Pero se trata de una explicaci\u00f3n fraudulenta. Estos mercados internacionales no existen. Es la Uni\u00f3n Europea quien regula el mercado de las emisiones, de manera que los precios no se mueven libremente, sino que se mantienen en bandas predefinidas por Bruselas. Pero una serie de pol\u00edticos comunitarios, y entre ellos y de una manera destacada Pedro S\u00e1nchez, han estado exigiendo la aceleraci\u00f3n de la transici\u00f3n energ\u00e9tica. Lo ha hecho en reiteradas ocasiones. En 2018, en 2020 y todav\u00eda repiti\u00f3 hace pocas semanas. La consecuencia es, que cuanto m\u00e1s deprisa se quiera ir por esta v\u00eda, m\u00e1s ha de crecer el coste de las emisiones. Por tanto (1) son los gobiernos quienes lo desencadenan. (2) En el caso espa\u00f1ol el resultado le depara 1.100 millones de euros m\u00e1s, que salen de nuestros bolsillos. Lo justo ser\u00eda que nos devolviera este importe aplicado a reducir la factura de la electricidad, de manera que la parte regulada se reducir\u00eda un 7,5% y la factura final un 4%. Pero eso es precisamente lo que el gobierno no quiere hacer.\u00a0\u00a0 Despu\u00e9s ayudar\u00e1 a la pobreza energ\u00e9tica con un 0\u20192% de su beneficio extra y pedir\u00e1 que le aplaudamos por como construye el \u201cescudo social\u201d. El esc\u00e1ndalo del IVA Pero no termina aqu\u00ed el fraude, sino que se multiplica con el IVA. El que el gobierno de Espa\u00f1a aplica a la electricidad corresponde al nivel m\u00e1s elevado de Europa.\u00a0El 21%, tres puntos superior\u00a0a la media de una muestra de 21 pa\u00edses de la Uni\u00f3n Europea, en la que este tipo de impuesto se encuentra en el 18%, seg\u00fan la Agencia Internacional de la Energ\u00eda. La comparaci\u00f3n con nuestros vecinos es todav\u00eda m\u00e1s escandalosa. En el Reino Unido este IVA es del 5%, en Francia del 5,5%, en Italia del 10% y en Alemania, que es de los caros, llega hasta el 19%. \u00bfPor qu\u00e9 pagamos tanto por el IVA? Porque as\u00ed lo desea el gobierno. El castigo a la poblaci\u00f3n con menos ingresos, la causa \u00faltima de la pobreza energ\u00e9tica viene en gran medida de ah\u00ed. \u00bfPero alguien ha o\u00eddo a Unidas Podemos tratar de esta cuesti\u00f3n? Claro que no. Se trata de alardear de \u00ednfimas ayudas, las migajas de la mesa de Epul\u00f3n, y no de abordar la cuesti\u00f3n. Con un IVA como el italiano y el retorno de los 1.100 millones de m\u00e1s que ingresar\u00e1 el gobierno, pagar\u00edamos de media un 15% de menos de factura el\u00e9ctrica. Los impuestos el\u00e9ctricos son una gran fuente de ingresos para el gobierno. Este a\u00f1o\u00a0prev\u00e9 ingresar 11.374 millones de euros, de los cuales 6.322 millones, corresponden a aquel impuesto. \u00bfPor qu\u00e9 en Espa\u00f1a el agua tiene un IVA del 10%, el mismo que Italia, pero aqu\u00ed para la electricidad es el doble, mientras que en la vecina pen\u00ednsula, tiene el mismo tipo del 10%, que es lo l\u00f3gico? El IVA, es t\u00e9cnicamente un impuesto neutro, pero desde el punto de vista socioecon\u00f3mico, es un impuesto regresivo, porque\u00a0castiga m\u00e1s a las rentas inferiores. Y eso, evidentemente, tambi\u00e9n ocurre con la electricidad. La conclusi\u00f3n es obvia: menos discurso sobre la pobreza energ\u00e9tica y el escudo social y m\u00e1s reducci\u00f3n del IVA. El estudio\u00a0Observatorio sobre el reparto de los\u00a0impuestos entre los hogares espa\u00f1oles\u00a0calcula, que las rentas inferiores, las comprendidas entre 23.723 y 11.584 euros, que corresponden al primer quintil, son las que pagan por IVA e impuestos conexos, el m\u00e1ximo con relaci\u00f3n a sus ingresos,\u00a0el 14,66%.\u00a0Pero para las que se sit\u00faan en el \u201ctop\u201d de ingresos, el centil m\u00e1ximo, situado a partir de 133.721 euros, solo representa\u00a0el 4\u201906%.\u00a0Quienes menos ingresan pagan tres veces y media m\u00e1s. Entre ambos extremos, la evoluci\u00f3n siempre es la misma: a menores ingresos m\u00e1s impacto del IVA sobre la renta. \u00bfSe puede modificar el IVA que es un impuesto de regulaci\u00f3n europea? Claro que se puede. Por ejemplo, en 1995 el ejecutivo socialista suprime el impuesto del 35% sobre determinados bienes de lujo. En realidad, una de las mejores pol\u00edticas&#8230;<\/p>\n","protected":false},"author":19,"featured_media":49194,"comment_status":"open","ping_status":"open","sticky":false,"template":"","format":"standard","meta":{"_FSMCFIC_featured_image_caption":"","_FSMCFIC_featured_image_nocaption":"","_FSMCFIC_featured_image_hide":"","footnotes":""},"categories":[796,806],"tags":[3838,3371,3888],"class_list":["post-49193","post","type-post","status-publish","format-standard","has-post-thumbnail","hentry","category-el-blog-de-josep-miro-i-ardevol-es","category-punts-claus-del-dia-es","tag-factura-electricidad","tag-iva-es","tag-tarifa-electrica"],"yoast_head":"<!-- This site is optimized with the Yoast SEO plugin v26.8 - https:\/\/yoast.com\/product\/yoast-seo-wordpress\/ -->\n<title>Las nuevas tarifas el\u00e9ctricas, o la pol\u00edtica como enga\u00f1o - Converses a Catalunya<\/title>\n<meta name=\"robots\" content=\"noindex, nofollow\" \/>\n<meta property=\"og:locale\" content=\"es_ES\" \/>\n<meta property=\"og:type\" content=\"article\" \/>\n<meta property=\"og:title\" content=\"Las nuevas tarifas el\u00e9ctricas, o la pol\u00edtica como enga\u00f1o - Converses a Catalunya\" \/>\n<meta property=\"og:description\" content=\"Las explicaciones del gobierno ante la nueva y clamorosa subida de las tarifas el\u00e9ctricas, muestra la naturaleza viciosa, es decir, contraria a la virtud, de las pol\u00edticas p\u00fablicas que practica. La realidad pura y dura es que, la factura de la electricidad se ha incrementado desde el 1 de junio\u00a0un 41% de media\u00a0en los tramos de mayor consumo, seg\u00fan los datos facilitados por la OCU. El precio se mantiene m\u00e1s o menos igual en el periodo llano, y parece reducirse, o mantenerse igual que antes en las horas de menor demanda. Pero esta observaci\u00f3n es de pocos d\u00edas y hace falta ver la evoluci\u00f3n, que ser\u00e1 sin duda al alza. El propio gobierno ha\u00a0calculado que ingresar\u00e1 hasta 2.200 millones por esta causa,\u00a0el doble que el a\u00f1o anterior. El beneficiario es el gobierno \u00bfPero por qu\u00e9 crece la factura? La causa principal es muy concreta. Obedece al extraordinario incremento que ha registrado el precio de las emisiones de CO2\u00a0en la Uni\u00f3n Europea. Es el conocido como Sistema de Comercio de Emisiones (ETS), por sus siglas en ingl\u00e9s. En realidad, estamos pagando uno de los costes de la transici\u00f3n energ\u00e9tica, que forma parte del programa de gobierno y del proyecto europeo. Ir hacia una sociedad m\u00e1s \u201cverde\u201d\u00a0tiene un coste para todos los ciudadanos.\u00a0Este principio debe ser bien asumido y explicado,pero en lugar de informar el gobierno solo siembra confusi\u00f3n. Asumido el coste en beneficio del medio natural, la cuesti\u00f3n clave, la pol\u00edtica, es debatir y decidir c\u00f3mo se distribuye. Y esto es lo que se nos est\u00e1 hurtando, de manera que a la hora de la verdad siempre acabamos pagando los mismos. Es el caso de las tarifas el\u00e9ctricas. La aceleraci\u00f3n de la descarbonizaci\u00f3n ha supuesto un espectacular incremento del coste de las emisiones de CO2. Un 150% este \u00faltimo a\u00f1o. Y, naturalmente, como una buena parte del mix de producci\u00f3n el\u00e9ctrica genera di\u00f3xido de carbono, el batacazo en la factura se nota. Pero en lugar de explicarlo, el gobierno de S\u00e1nchez se escuda detr\u00e1s de unos fantasmag\u00f3ricos \u201cmercados internacionales\u201d, ante los que no puede hacer nada. Pero se trata de una explicaci\u00f3n fraudulenta. Estos mercados internacionales no existen. Es la Uni\u00f3n Europea quien regula el mercado de las emisiones, de manera que los precios no se mueven libremente, sino que se mantienen en bandas predefinidas por Bruselas. Pero una serie de pol\u00edticos comunitarios, y entre ellos y de una manera destacada Pedro S\u00e1nchez, han estado exigiendo la aceleraci\u00f3n de la transici\u00f3n energ\u00e9tica. Lo ha hecho en reiteradas ocasiones. En 2018, en 2020 y todav\u00eda repiti\u00f3 hace pocas semanas. La consecuencia es, que cuanto m\u00e1s deprisa se quiera ir por esta v\u00eda, m\u00e1s ha de crecer el coste de las emisiones. Por tanto (1) son los gobiernos quienes lo desencadenan. (2) En el caso espa\u00f1ol el resultado le depara 1.100 millones de euros m\u00e1s, que salen de nuestros bolsillos. Lo justo ser\u00eda que nos devolviera este importe aplicado a reducir la factura de la electricidad, de manera que la parte regulada se reducir\u00eda un 7,5% y la factura final un 4%. Pero eso es precisamente lo que el gobierno no quiere hacer.\u00a0\u00a0 Despu\u00e9s ayudar\u00e1 a la pobreza energ\u00e9tica con un 0\u20192% de su beneficio extra y pedir\u00e1 que le aplaudamos por como construye el \u201cescudo social\u201d. El esc\u00e1ndalo del IVA Pero no termina aqu\u00ed el fraude, sino que se multiplica con el IVA. El que el gobierno de Espa\u00f1a aplica a la electricidad corresponde al nivel m\u00e1s elevado de Europa.\u00a0El 21%, tres puntos superior\u00a0a la media de una muestra de 21 pa\u00edses de la Uni\u00f3n Europea, en la que este tipo de impuesto se encuentra en el 18%, seg\u00fan la Agencia Internacional de la Energ\u00eda. La comparaci\u00f3n con nuestros vecinos es todav\u00eda m\u00e1s escandalosa. En el Reino Unido este IVA es del 5%, en Francia del 5,5%, en Italia del 10% y en Alemania, que es de los caros, llega hasta el 19%. \u00bfPor qu\u00e9 pagamos tanto por el IVA? Porque as\u00ed lo desea el gobierno. El castigo a la poblaci\u00f3n con menos ingresos, la causa \u00faltima de la pobreza energ\u00e9tica viene en gran medida de ah\u00ed. \u00bfPero alguien ha o\u00eddo a Unidas Podemos tratar de esta cuesti\u00f3n? Claro que no. Se trata de alardear de \u00ednfimas ayudas, las migajas de la mesa de Epul\u00f3n, y no de abordar la cuesti\u00f3n. Con un IVA como el italiano y el retorno de los 1.100 millones de m\u00e1s que ingresar\u00e1 el gobierno, pagar\u00edamos de media un 15% de menos de factura el\u00e9ctrica. Los impuestos el\u00e9ctricos son una gran fuente de ingresos para el gobierno. Este a\u00f1o\u00a0prev\u00e9 ingresar 11.374 millones de euros, de los cuales 6.322 millones, corresponden a aquel impuesto. \u00bfPor qu\u00e9 en Espa\u00f1a el agua tiene un IVA del 10%, el mismo que Italia, pero aqu\u00ed para la electricidad es el doble, mientras que en la vecina pen\u00ednsula, tiene el mismo tipo del 10%, que es lo l\u00f3gico? El IVA, es t\u00e9cnicamente un impuesto neutro, pero desde el punto de vista socioecon\u00f3mico, es un impuesto regresivo, porque\u00a0castiga m\u00e1s a las rentas inferiores. Y eso, evidentemente, tambi\u00e9n ocurre con la electricidad. La conclusi\u00f3n es obvia: menos discurso sobre la pobreza energ\u00e9tica y el escudo social y m\u00e1s reducci\u00f3n del IVA. El estudio\u00a0Observatorio sobre el reparto de los\u00a0impuestos entre los hogares espa\u00f1oles\u00a0calcula, que las rentas inferiores, las comprendidas entre 23.723 y 11.584 euros, que corresponden al primer quintil, son las que pagan por IVA e impuestos conexos, el m\u00e1ximo con relaci\u00f3n a sus ingresos,\u00a0el 14,66%.\u00a0Pero para las que se sit\u00faan en el \u201ctop\u201d de ingresos, el centil m\u00e1ximo, situado a partir de 133.721 euros, solo representa\u00a0el 4\u201906%.\u00a0Quienes menos ingresan pagan tres veces y media m\u00e1s. Entre ambos extremos, la evoluci\u00f3n siempre es la misma: a menores ingresos m\u00e1s impacto del IVA sobre la renta. \u00bfSe puede modificar el IVA que es un impuesto de regulaci\u00f3n europea? Claro que se puede. Por ejemplo, en 1995 el ejecutivo socialista suprime el impuesto del 35% sobre determinados bienes de lujo. En realidad, una de las mejores pol\u00edticas...\" \/>\n<meta property=\"og:url\" content=\"https:\/\/conversesacatalunya.cat\/es\/las-nuevas-tarifas-electricas\/\" \/>\n<meta property=\"og:site_name\" content=\"Converses a Catalunya\" \/>\n<meta property=\"article:published_time\" content=\"2021-06-18T07:04:42+00:00\" \/>\n<meta property=\"article:modified_time\" content=\"2021-06-21T11:31:06+00:00\" \/>\n<meta property=\"og:image\" content=\"https:\/\/conversesacatalunya.cat\/wp-content\/uploads\/2021\/06\/horarios-tarifa-luz.jpg\" \/>\n\t<meta property=\"og:image:width\" content=\"1200\" \/>\n\t<meta property=\"og:image:height\" content=\"630\" \/>\n\t<meta property=\"og:image:type\" content=\"image\/jpeg\" \/>\n<meta name=\"author\" content=\"Josep Mir\u00f3 i Ard\u00e8vol\" \/>\n<meta name=\"twitter:card\" content=\"summary_large_image\" \/>\n<meta name=\"twitter:label1\" content=\"Escrito por\" \/>\n\t<meta name=\"twitter:data1\" content=\"Josep Mir\u00f3 i Ard\u00e8vol\" \/>\n\t<meta name=\"twitter:label2\" content=\"Tiempo de lectura\" \/>\n\t<meta name=\"twitter:data2\" content=\"5 minutos\" \/>\n<script type=\"application\/ld+json\" class=\"yoast-schema-graph\">{\"@context\":\"https:\/\/schema.org\",\"@graph\":[{\"@type\":\"Article\",\"@id\":\"https:\/\/conversesacatalunya.cat\/es\/las-nuevas-tarifas-electricas\/#article\",\"isPartOf\":{\"@id\":\"https:\/\/conversesacatalunya.cat\/es\/las-nuevas-tarifas-electricas\/\"},\"author\":{\"name\":\"Josep Mir\u00f3 i Ard\u00e8vol\",\"@id\":\"https:\/\/conversesacatalunya.cat\/#\/schema\/person\/a9598a6786ba7d3d1c5e0de477b79370\"},\"headline\":\"Las nuevas tarifas el\u00e9ctricas, o la pol\u00edtica como enga\u00f1o\",\"datePublished\":\"2021-06-18T07:04:42+00:00\",\"dateModified\":\"2021-06-21T11:31:06+00:00\",\"mainEntityOfPage\":{\"@id\":\"https:\/\/conversesacatalunya.cat\/es\/las-nuevas-tarifas-electricas\/\"},\"wordCount\":1128,\"commentCount\":0,\"image\":{\"@id\":\"https:\/\/conversesacatalunya.cat\/es\/las-nuevas-tarifas-electricas\/#primaryimage\"},\"thumbnailUrl\":\"https:\/\/conversesacatalunya.cat\/wp-content\/uploads\/2021\/06\/horarios-tarifa-luz.jpg\",\"keywords\":[\"Factura electricidad\",\"IVA\",\"tarifa el\u00e9ctrica\"],\"articleSection\":[\"El Blog de Josep Mir\u00f3 i Ard\u00e8vol (ES)\",\"Punts clau del dia (ES)\"],\"inLanguage\":\"es\",\"potentialAction\":[{\"@type\":\"CommentAction\",\"name\":\"Comment\",\"target\":[\"https:\/\/conversesacatalunya.cat\/es\/las-nuevas-tarifas-electricas\/#respond\"]}]},{\"@type\":\"WebPage\",\"@id\":\"https:\/\/conversesacatalunya.cat\/es\/las-nuevas-tarifas-electricas\/\",\"url\":\"https:\/\/conversesacatalunya.cat\/es\/las-nuevas-tarifas-electricas\/\",\"name\":\"Las nuevas tarifas el\u00e9ctricas, o la pol\u00edtica como enga\u00f1o - Converses a Catalunya\",\"isPartOf\":{\"@id\":\"https:\/\/conversesacatalunya.cat\/#website\"},\"primaryImageOfPage\":{\"@id\":\"https:\/\/conversesacatalunya.cat\/es\/las-nuevas-tarifas-electricas\/#primaryimage\"},\"image\":{\"@id\":\"https:\/\/conversesacatalunya.cat\/es\/las-nuevas-tarifas-electricas\/#primaryimage\"},\"thumbnailUrl\":\"https:\/\/conversesacatalunya.cat\/wp-content\/uploads\/2021\/06\/horarios-tarifa-luz.jpg\",\"datePublished\":\"2021-06-18T07:04:42+00:00\",\"dateModified\":\"2021-06-21T11:31:06+00:00\",\"author\":{\"@id\":\"https:\/\/conversesacatalunya.cat\/#\/schema\/person\/a9598a6786ba7d3d1c5e0de477b79370\"},\"breadcrumb\":{\"@id\":\"https:\/\/conversesacatalunya.cat\/es\/las-nuevas-tarifas-electricas\/#breadcrumb\"},\"inLanguage\":\"es\",\"potentialAction\":[{\"@type\":\"ReadAction\",\"target\":[\"https:\/\/conversesacatalunya.cat\/es\/las-nuevas-tarifas-electricas\/\"]}]},{\"@type\":\"ImageObject\",\"inLanguage\":\"es\",\"@id\":\"https:\/\/conversesacatalunya.cat\/es\/las-nuevas-tarifas-electricas\/#primaryimage\",\"url\":\"https:\/\/conversesacatalunya.cat\/wp-content\/uploads\/2021\/06\/horarios-tarifa-luz.jpg\",\"contentUrl\":\"https:\/\/conversesacatalunya.cat\/wp-content\/uploads\/2021\/06\/horarios-tarifa-luz.jpg\",\"width\":1200,\"height\":630},{\"@type\":\"BreadcrumbList\",\"@id\":\"https:\/\/conversesacatalunya.cat\/es\/las-nuevas-tarifas-electricas\/#breadcrumb\",\"itemListElement\":[{\"@type\":\"ListItem\",\"position\":1,\"name\":\"Inici\",\"item\":\"https:\/\/conversesacatalunya.cat\/es\/\"},{\"@type\":\"ListItem\",\"position\":2,\"name\":\"Las nuevas tarifas el\u00e9ctricas, o la pol\u00edtica como enga\u00f1o\"}]},{\"@type\":\"WebSite\",\"@id\":\"https:\/\/conversesacatalunya.cat\/#website\",\"url\":\"https:\/\/conversesacatalunya.cat\/\",\"name\":\"Converses a Catalunya\",\"description\":\"\",\"potentialAction\":[{\"@type\":\"SearchAction\",\"target\":{\"@type\":\"EntryPoint\",\"urlTemplate\":\"https:\/\/conversesacatalunya.cat\/?s={search_term_string}\"},\"query-input\":{\"@type\":\"PropertyValueSpecification\",\"valueRequired\":true,\"valueName\":\"search_term_string\"}}],\"inLanguage\":\"es\"},{\"@type\":\"Person\",\"@id\":\"https:\/\/conversesacatalunya.cat\/#\/schema\/person\/a9598a6786ba7d3d1c5e0de477b79370\",\"name\":\"Josep Mir\u00f3 i Ard\u00e8vol\",\"image\":{\"@type\":\"ImageObject\",\"inLanguage\":\"es\",\"@id\":\"https:\/\/conversesacatalunya.cat\/#\/schema\/person\/image\/\",\"url\":\"https:\/\/conversesacatalunya.cat\/wp-content\/litespeed\/avatar\/c37e3dc881857483d6694cdf98fdedea.jpg?ver=1777270381\",\"contentUrl\":\"https:\/\/conversesacatalunya.cat\/wp-content\/litespeed\/avatar\/c37e3dc881857483d6694cdf98fdedea.jpg?ver=1777270381\",\"caption\":\"Josep Mir\u00f3 i Ard\u00e8vol\"},\"url\":\"https:\/\/conversesacatalunya.cat\/es\/author\/josep-miro-i-ardevol\/\"}]}<\/script>\n<!-- \/ Yoast SEO plugin. -->","yoast_head_json":{"title":"Las nuevas tarifas el\u00e9ctricas, o la pol\u00edtica como enga\u00f1o - Converses a Catalunya","robots":{"index":"noindex","follow":"nofollow"},"og_locale":"es_ES","og_type":"article","og_title":"Las nuevas tarifas el\u00e9ctricas, o la pol\u00edtica como enga\u00f1o - Converses a Catalunya","og_description":"Las explicaciones del gobierno ante la nueva y clamorosa subida de las tarifas el\u00e9ctricas, muestra la naturaleza viciosa, es decir, contraria a la virtud, de las pol\u00edticas p\u00fablicas que practica. La realidad pura y dura es que, la factura de la electricidad se ha incrementado desde el 1 de junio\u00a0un 41% de media\u00a0en los tramos de mayor consumo, seg\u00fan los datos facilitados por la OCU. El precio se mantiene m\u00e1s o menos igual en el periodo llano, y parece reducirse, o mantenerse igual que antes en las horas de menor demanda. Pero esta observaci\u00f3n es de pocos d\u00edas y hace falta ver la evoluci\u00f3n, que ser\u00e1 sin duda al alza. El propio gobierno ha\u00a0calculado que ingresar\u00e1 hasta 2.200 millones por esta causa,\u00a0el doble que el a\u00f1o anterior. El beneficiario es el gobierno \u00bfPero por qu\u00e9 crece la factura? La causa principal es muy concreta. Obedece al extraordinario incremento que ha registrado el precio de las emisiones de CO2\u00a0en la Uni\u00f3n Europea. Es el conocido como Sistema de Comercio de Emisiones (ETS), por sus siglas en ingl\u00e9s. En realidad, estamos pagando uno de los costes de la transici\u00f3n energ\u00e9tica, que forma parte del programa de gobierno y del proyecto europeo. Ir hacia una sociedad m\u00e1s \u201cverde\u201d\u00a0tiene un coste para todos los ciudadanos.\u00a0Este principio debe ser bien asumido y explicado,pero en lugar de informar el gobierno solo siembra confusi\u00f3n. Asumido el coste en beneficio del medio natural, la cuesti\u00f3n clave, la pol\u00edtica, es debatir y decidir c\u00f3mo se distribuye. Y esto es lo que se nos est\u00e1 hurtando, de manera que a la hora de la verdad siempre acabamos pagando los mismos. Es el caso de las tarifas el\u00e9ctricas. La aceleraci\u00f3n de la descarbonizaci\u00f3n ha supuesto un espectacular incremento del coste de las emisiones de CO2. Un 150% este \u00faltimo a\u00f1o. Y, naturalmente, como una buena parte del mix de producci\u00f3n el\u00e9ctrica genera di\u00f3xido de carbono, el batacazo en la factura se nota. Pero en lugar de explicarlo, el gobierno de S\u00e1nchez se escuda detr\u00e1s de unos fantasmag\u00f3ricos \u201cmercados internacionales\u201d, ante los que no puede hacer nada. Pero se trata de una explicaci\u00f3n fraudulenta. Estos mercados internacionales no existen. Es la Uni\u00f3n Europea quien regula el mercado de las emisiones, de manera que los precios no se mueven libremente, sino que se mantienen en bandas predefinidas por Bruselas. Pero una serie de pol\u00edticos comunitarios, y entre ellos y de una manera destacada Pedro S\u00e1nchez, han estado exigiendo la aceleraci\u00f3n de la transici\u00f3n energ\u00e9tica. Lo ha hecho en reiteradas ocasiones. En 2018, en 2020 y todav\u00eda repiti\u00f3 hace pocas semanas. La consecuencia es, que cuanto m\u00e1s deprisa se quiera ir por esta v\u00eda, m\u00e1s ha de crecer el coste de las emisiones. Por tanto (1) son los gobiernos quienes lo desencadenan. (2) En el caso espa\u00f1ol el resultado le depara 1.100 millones de euros m\u00e1s, que salen de nuestros bolsillos. Lo justo ser\u00eda que nos devolviera este importe aplicado a reducir la factura de la electricidad, de manera que la parte regulada se reducir\u00eda un 7,5% y la factura final un 4%. Pero eso es precisamente lo que el gobierno no quiere hacer.\u00a0\u00a0 Despu\u00e9s ayudar\u00e1 a la pobreza energ\u00e9tica con un 0\u20192% de su beneficio extra y pedir\u00e1 que le aplaudamos por como construye el \u201cescudo social\u201d. El esc\u00e1ndalo del IVA Pero no termina aqu\u00ed el fraude, sino que se multiplica con el IVA. El que el gobierno de Espa\u00f1a aplica a la electricidad corresponde al nivel m\u00e1s elevado de Europa.\u00a0El 21%, tres puntos superior\u00a0a la media de una muestra de 21 pa\u00edses de la Uni\u00f3n Europea, en la que este tipo de impuesto se encuentra en el 18%, seg\u00fan la Agencia Internacional de la Energ\u00eda. La comparaci\u00f3n con nuestros vecinos es todav\u00eda m\u00e1s escandalosa. En el Reino Unido este IVA es del 5%, en Francia del 5,5%, en Italia del 10% y en Alemania, que es de los caros, llega hasta el 19%. \u00bfPor qu\u00e9 pagamos tanto por el IVA? Porque as\u00ed lo desea el gobierno. El castigo a la poblaci\u00f3n con menos ingresos, la causa \u00faltima de la pobreza energ\u00e9tica viene en gran medida de ah\u00ed. \u00bfPero alguien ha o\u00eddo a Unidas Podemos tratar de esta cuesti\u00f3n? Claro que no. Se trata de alardear de \u00ednfimas ayudas, las migajas de la mesa de Epul\u00f3n, y no de abordar la cuesti\u00f3n. Con un IVA como el italiano y el retorno de los 1.100 millones de m\u00e1s que ingresar\u00e1 el gobierno, pagar\u00edamos de media un 15% de menos de factura el\u00e9ctrica. Los impuestos el\u00e9ctricos son una gran fuente de ingresos para el gobierno. Este a\u00f1o\u00a0prev\u00e9 ingresar 11.374 millones de euros, de los cuales 6.322 millones, corresponden a aquel impuesto. \u00bfPor qu\u00e9 en Espa\u00f1a el agua tiene un IVA del 10%, el mismo que Italia, pero aqu\u00ed para la electricidad es el doble, mientras que en la vecina pen\u00ednsula, tiene el mismo tipo del 10%, que es lo l\u00f3gico? El IVA, es t\u00e9cnicamente un impuesto neutro, pero desde el punto de vista socioecon\u00f3mico, es un impuesto regresivo, porque\u00a0castiga m\u00e1s a las rentas inferiores. Y eso, evidentemente, tambi\u00e9n ocurre con la electricidad. La conclusi\u00f3n es obvia: menos discurso sobre la pobreza energ\u00e9tica y el escudo social y m\u00e1s reducci\u00f3n del IVA. El estudio\u00a0Observatorio sobre el reparto de los\u00a0impuestos entre los hogares espa\u00f1oles\u00a0calcula, que las rentas inferiores, las comprendidas entre 23.723 y 11.584 euros, que corresponden al primer quintil, son las que pagan por IVA e impuestos conexos, el m\u00e1ximo con relaci\u00f3n a sus ingresos,\u00a0el 14,66%.\u00a0Pero para las que se sit\u00faan en el \u201ctop\u201d de ingresos, el centil m\u00e1ximo, situado a partir de 133.721 euros, solo representa\u00a0el 4\u201906%.\u00a0Quienes menos ingresan pagan tres veces y media m\u00e1s. Entre ambos extremos, la evoluci\u00f3n siempre es la misma: a menores ingresos m\u00e1s impacto del IVA sobre la renta. \u00bfSe puede modificar el IVA que es un impuesto de regulaci\u00f3n europea? Claro que se puede. Por ejemplo, en 1995 el ejecutivo socialista suprime el impuesto del 35% sobre determinados bienes de lujo. En realidad, una de las mejores pol\u00edticas...","og_url":"https:\/\/conversesacatalunya.cat\/es\/las-nuevas-tarifas-electricas\/","og_site_name":"Converses a Catalunya","article_published_time":"2021-06-18T07:04:42+00:00","article_modified_time":"2021-06-21T11:31:06+00:00","og_image":[{"width":1200,"height":630,"url":"https:\/\/conversesacatalunya.cat\/wp-content\/uploads\/2021\/06\/horarios-tarifa-luz.jpg","type":"image\/jpeg"}],"author":"Josep Mir\u00f3 i Ard\u00e8vol","twitter_card":"summary_large_image","twitter_misc":{"Escrito por":"Josep Mir\u00f3 i Ard\u00e8vol","Tiempo de lectura":"5 minutos"},"schema":{"@context":"https:\/\/schema.org","@graph":[{"@type":"Article","@id":"https:\/\/conversesacatalunya.cat\/es\/las-nuevas-tarifas-electricas\/#article","isPartOf":{"@id":"https:\/\/conversesacatalunya.cat\/es\/las-nuevas-tarifas-electricas\/"},"author":{"name":"Josep Mir\u00f3 i Ard\u00e8vol","@id":"https:\/\/conversesacatalunya.cat\/#\/schema\/person\/a9598a6786ba7d3d1c5e0de477b79370"},"headline":"Las nuevas tarifas el\u00e9ctricas, o la pol\u00edtica como enga\u00f1o","datePublished":"2021-06-18T07:04:42+00:00","dateModified":"2021-06-21T11:31:06+00:00","mainEntityOfPage":{"@id":"https:\/\/conversesacatalunya.cat\/es\/las-nuevas-tarifas-electricas\/"},"wordCount":1128,"commentCount":0,"image":{"@id":"https:\/\/conversesacatalunya.cat\/es\/las-nuevas-tarifas-electricas\/#primaryimage"},"thumbnailUrl":"https:\/\/conversesacatalunya.cat\/wp-content\/uploads\/2021\/06\/horarios-tarifa-luz.jpg","keywords":["Factura electricidad","IVA","tarifa el\u00e9ctrica"],"articleSection":["El Blog de Josep Mir\u00f3 i Ard\u00e8vol (ES)","Punts clau del dia (ES)"],"inLanguage":"es","potentialAction":[{"@type":"CommentAction","name":"Comment","target":["https:\/\/conversesacatalunya.cat\/es\/las-nuevas-tarifas-electricas\/#respond"]}]},{"@type":"WebPage","@id":"https:\/\/conversesacatalunya.cat\/es\/las-nuevas-tarifas-electricas\/","url":"https:\/\/conversesacatalunya.cat\/es\/las-nuevas-tarifas-electricas\/","name":"Las nuevas tarifas el\u00e9ctricas, o la pol\u00edtica como enga\u00f1o - Converses a Catalunya","isPartOf":{"@id":"https:\/\/conversesacatalunya.cat\/#website"},"primaryImageOfPage":{"@id":"https:\/\/conversesacatalunya.cat\/es\/las-nuevas-tarifas-electricas\/#primaryimage"},"image":{"@id":"https:\/\/conversesacatalunya.cat\/es\/las-nuevas-tarifas-electricas\/#primaryimage"},"thumbnailUrl":"https:\/\/conversesacatalunya.cat\/wp-content\/uploads\/2021\/06\/horarios-tarifa-luz.jpg","datePublished":"2021-06-18T07:04:42+00:00","dateModified":"2021-06-21T11:31:06+00:00","author":{"@id":"https:\/\/conversesacatalunya.cat\/#\/schema\/person\/a9598a6786ba7d3d1c5e0de477b79370"},"breadcrumb":{"@id":"https:\/\/conversesacatalunya.cat\/es\/las-nuevas-tarifas-electricas\/#breadcrumb"},"inLanguage":"es","potentialAction":[{"@type":"ReadAction","target":["https:\/\/conversesacatalunya.cat\/es\/las-nuevas-tarifas-electricas\/"]}]},{"@type":"ImageObject","inLanguage":"es","@id":"https:\/\/conversesacatalunya.cat\/es\/las-nuevas-tarifas-electricas\/#primaryimage","url":"https:\/\/conversesacatalunya.cat\/wp-content\/uploads\/2021\/06\/horarios-tarifa-luz.jpg","contentUrl":"https:\/\/conversesacatalunya.cat\/wp-content\/uploads\/2021\/06\/horarios-tarifa-luz.jpg","width":1200,"height":630},{"@type":"BreadcrumbList","@id":"https:\/\/conversesacatalunya.cat\/es\/las-nuevas-tarifas-electricas\/#breadcrumb","itemListElement":[{"@type":"ListItem","position":1,"name":"Inici","item":"https:\/\/conversesacatalunya.cat\/es\/"},{"@type":"ListItem","position":2,"name":"Las nuevas tarifas el\u00e9ctricas, o la pol\u00edtica como enga\u00f1o"}]},{"@type":"WebSite","@id":"https:\/\/conversesacatalunya.cat\/#website","url":"https:\/\/conversesacatalunya.cat\/","name":"Converses a Catalunya","description":"","potentialAction":[{"@type":"SearchAction","target":{"@type":"EntryPoint","urlTemplate":"https:\/\/conversesacatalunya.cat\/?s={search_term_string}"},"query-input":{"@type":"PropertyValueSpecification","valueRequired":true,"valueName":"search_term_string"}}],"inLanguage":"es"},{"@type":"Person","@id":"https:\/\/conversesacatalunya.cat\/#\/schema\/person\/a9598a6786ba7d3d1c5e0de477b79370","name":"Josep Mir\u00f3 i Ard\u00e8vol","image":{"@type":"ImageObject","inLanguage":"es","@id":"https:\/\/conversesacatalunya.cat\/#\/schema\/person\/image\/","url":"https:\/\/conversesacatalunya.cat\/wp-content\/litespeed\/avatar\/c37e3dc881857483d6694cdf98fdedea.jpg?ver=1777270381","contentUrl":"https:\/\/conversesacatalunya.cat\/wp-content\/litespeed\/avatar\/c37e3dc881857483d6694cdf98fdedea.jpg?ver=1777270381","caption":"Josep Mir\u00f3 i Ard\u00e8vol"},"url":"https:\/\/conversesacatalunya.cat\/es\/author\/josep-miro-i-ardevol\/"}]}},"wps_subtitle":"","_links":{"self":[{"href":"https:\/\/conversesacatalunya.cat\/es\/wp-json\/wp\/v2\/posts\/49193","targetHints":{"allow":["GET"]}}],"collection":[{"href":"https:\/\/conversesacatalunya.cat\/es\/wp-json\/wp\/v2\/posts"}],"about":[{"href":"https:\/\/conversesacatalunya.cat\/es\/wp-json\/wp\/v2\/types\/post"}],"author":[{"embeddable":true,"href":"https:\/\/conversesacatalunya.cat\/es\/wp-json\/wp\/v2\/users\/19"}],"replies":[{"embeddable":true,"href":"https:\/\/conversesacatalunya.cat\/es\/wp-json\/wp\/v2\/comments?post=49193"}],"version-history":[{"count":1,"href":"https:\/\/conversesacatalunya.cat\/es\/wp-json\/wp\/v2\/posts\/49193\/revisions"}],"predecessor-version":[{"id":49196,"href":"https:\/\/conversesacatalunya.cat\/es\/wp-json\/wp\/v2\/posts\/49193\/revisions\/49196"}],"wp:featuredmedia":[{"embeddable":true,"href":"https:\/\/conversesacatalunya.cat\/es\/wp-json\/wp\/v2\/media\/49194"}],"wp:attachment":[{"href":"https:\/\/conversesacatalunya.cat\/es\/wp-json\/wp\/v2\/media?parent=49193"}],"wp:term":[{"taxonomy":"category","embeddable":true,"href":"https:\/\/conversesacatalunya.cat\/es\/wp-json\/wp\/v2\/categories?post=49193"},{"taxonomy":"post_tag","embeddable":true,"href":"https:\/\/conversesacatalunya.cat\/es\/wp-json\/wp\/v2\/tags?post=49193"}],"curies":[{"name":"wp","href":"https:\/\/api.w.org\/{rel}","templated":true}]}}