{"id":49144,"date":"2021-06-16T11:58:25","date_gmt":"2021-06-16T09:58:25","guid":{"rendered":"https:\/\/conversesacatalunya.cat\/ue-a-lespera-daprovar-el-pla-de-recuperacio\/"},"modified":"2021-06-16T12:06:14","modified_gmt":"2021-06-16T10:06:14","slug":"ue-a-la-espera-de-aprobar-el-plan-de-recuperacion","status":"publish","type":"post","link":"https:\/\/conversesacatalunya.cat\/es\/ue-a-la-espera-de-aprobar-el-plan-de-recuperacion\/","title":{"rendered":"UE: a la espera de aprobar el plan de recuperaci\u00f3n"},"content":{"rendered":"<p>La presidenta de la Comisi\u00f3n Europea, Ursula von der Leyen, iniciar\u00e1 el pr\u00f3ximo mi\u00e9rcoles con una visita a Espa\u00f1a y Portugal una gira que le llevar\u00e1 a varios pa\u00edses de la Uni\u00f3n Europea para anunciar su visto bueno al plan de recuperaci\u00f3n.<\/p>\n<p>\u00abEl plan es entregar el resultado de la evaluaci\u00f3n y nuestra recomendaci\u00f3n al Consejo de aprobar los respectivos<a href=\"https:\/\/www.forumlibertas.com\/la-inversion-extranjera-alcanzo-en-2020-los-18-800-millones-de-euros\/\" target=\"_blank\" rel=\"noopener\"> planes de recuperaci\u00f3n<\/a> nacionales\u00bb, explic\u00f3 la portavoz comunitaria Dana Spinant sobre el prop\u00f3sito del viaje. Aunque se da por hecho que las visitas a estos cinco pa\u00edses ser\u00e1n para comunicar el visto bueno de Bruselas, Spinant insisti\u00f3 en que la Comisi\u00f3n todav\u00eda tiene que concluir las evaluaciones y el colegio de comisarios debe aprobarlas.<\/p>\n<p>Los planes nacionales con reformas e inversiones que los pa\u00edses deben enviar a Bruselas s<strong>on imprescindibles para beneficiarse del fondo de 800.000 millones de euros<\/strong> (en precios corrientes) creado por la UE para superar la crisis generada por la pandemia de la covid-19, en particular, del Mecanismo de Recuperaci\u00f3n y Resiliencia, la piedra angular del plan que canalizar\u00e1 un 90 % de los fondos 386.000 millones en pr\u00e9stamos y 338.000 millones en subvenciones.<\/p>\n<p>A Espa\u00f1a le corresponden 69.500 millones en transferencias directas y 84.800 millones en cr\u00e9ditos que, de momento, no ha solicitado, lo que la convierte en la segunda beneficiaria solo por detr\u00e1s de Italia (con 191.600 millones en total). El Gobierno espa\u00f1ol, como el portugu\u00e9s, dan\u00e9s, griego y luxemburgu\u00e9s, fueron de los primeros en enviar sus planes de recuperaci\u00f3n formalmente a la Comisi\u00f3n, cuya idea es dar el visto bueno en junio a aquellos planes que llegaron dentro del plazo del 30 de abril que hab\u00eda fijado como orientaci\u00f3n.<\/p>\n<p>En este grupo entrar\u00edan tambi\u00e9n Francia, Alemania y Letonia, mientras que para aquellos que lo enviaron despu\u00e9s el aprobado llegar\u00eda en julio. Solo cuatro de los 27 Estados miembros &#8211; Malta, Bulgaria, Estonia y Pa\u00edses Bajos &#8211; no han entregado a\u00fan sus planes, mientras que cinco -Eslovenia, Polonia, Suecia, Croacia y Ruman\u00eda- han solicitado a la Comisi\u00f3n ampliar el plazo de dos meses que tiene para evaluar los documentos con el fin de retocar sus planes.<\/p>\n<span class='bctt-click-to-tweet'><span class='bctt-ctt-text'><a href='https:\/\/twitter.com\/intent\/tweet?url=https%3A%2F%2Fconversesacatalunya.cat%2Fes%2Fue-a-la-espera-de-aprobar-el-plan-de-recuperacion%2F&#038;text=A%20Espa%C3%B1a%20le%20corresponden%2069.500%20millones%20en%20transferencias%20directas%20y%2084.800%20millones%20en%20cr%C3%A9ditos%20que%2C%20de%20momento%2C%20no%20ha%20solicitado%2C%20lo%20que%20la%20convierte%20en%20la%20segunda%20beneficiaria%20solo%20por%20detr%C3%A1s%20de%20Italia&#038;via=conversesacat&#038;related=conversesacat' target='_blank'rel=\"noopener noreferrer\">A Espa\u00f1a le corresponden 69.500 millones en transferencias directas y 84.800 millones en cr\u00e9ditos que, de momento, no ha solicitado, lo que la convierte en la segunda beneficiaria solo por detr\u00e1s de Italia <\/a><\/span><a href='https:\/\/twitter.com\/intent\/tweet?url=https%3A%2F%2Fconversesacatalunya.cat%2Fes%2Fue-a-la-espera-de-aprobar-el-plan-de-recuperacion%2F&#038;text=A%20Espa%C3%B1a%20le%20corresponden%2069.500%20millones%20en%20transferencias%20directas%20y%2084.800%20millones%20en%20cr%C3%A9ditos%20que%2C%20de%20momento%2C%20no%20ha%20solicitado%2C%20lo%20que%20la%20convierte%20en%20la%20segunda%20beneficiaria%20solo%20por%20detr%C3%A1s%20de%20Italia&#038;via=conversesacat&#038;related=conversesacat' target='_blank' class='bctt-ctt-btn'rel=\"noopener noreferrer\">Compartir en X<\/a><\/span>\n<div id=\"polls-108\" class=\"wp-polls\">\n\t<form id=\"polls_form_108\" class=\"wp-polls-form\" action=\"\/index.php\" method=\"post\">\n\t\t<p style=\"display: none;\"><input type=\"hidden\" id=\"poll_108_nonce\" name=\"wp-polls-nonce\" value=\"999194bed1\" \/><\/p>\n\t\t<p style=\"display: none;\"><input type=\"hidden\" name=\"poll_id\" value=\"108\" \/><\/p>\n\t\t<p style=\"text-align: center\"><strong>Ha fet el rid\u00edcul el president S\u00e1nchez en la seva trobada amb el president Biden?<\/strong><\/p><div id=\"polls-108-ans\" class=\"wp-polls-ans\"><ul class=\"wp-polls-ul\">\n\t\t<li><input type=\"radio\" id=\"poll-answer-255\" name=\"poll_108\" value=\"255\" \/> <label for=\"poll-answer-255\">Si<\/label><\/li>\n\t\t<li><input type=\"radio\" id=\"poll-answer-256\" name=\"poll_108\" value=\"256\" \/> <label for=\"poll-answer-256\">No<\/label><\/li>\n\t\t<\/ul><p style=\"text-align: center\"><input type=\"button\" name=\"vote\" value=\"   Vota   \" class=\"Buttons\" onclick=\"poll_vote(108);\" \/><\/p><p style=\"text-align: center\"><a href=\"#ViewPollResults\" onclick=\"poll_result(108); return false;\" title=\"View Results Of This Poll\">Mira els resultats<\/a><\/p><\/div>\n\t<\/form>\n<\/div>\n<div id=\"polls-108-loading\" class=\"wp-polls-loading\"><img decoding=\"async\" data-src=\"https:\/\/conversesacatalunya.cat\/wp-content\/plugins\/wp-polls\/images\/loading.gif\" width=\"16\" height=\"16\" alt=\"Cargando ...\" title=\"Cargando ...\" class=\"wp-polls-image lazyload\" src=\"data:image\/svg+xml;base64,PHN2ZyB3aWR0aD0iMSIgaGVpZ2h0PSIxIiB4bWxucz0iaHR0cDovL3d3dy53My5vcmcvMjAwMC9zdmciPjwvc3ZnPg==\" style=\"--smush-placeholder-width: 16px; --smush-placeholder-aspect-ratio: 16\/16;\" \/>&nbsp;Cargando ...<\/div>\n\n","protected":false},"excerpt":{"rendered":"<p>La presidenta de la Comisi\u00f3n Europea, Ursula von der Leyen, iniciar\u00e1 el pr\u00f3ximo mi\u00e9rcoles con una visita a Espa\u00f1a y Portugal una gira que le llevar\u00e1 a varios pa\u00edses de la Uni\u00f3n Europea para anunciar su visto bueno al plan de recuperaci\u00f3n. \u00abEl plan es entregar el resultado de la evaluaci\u00f3n y nuestra recomendaci\u00f3n al Consejo de aprobar los respectivos planes de recuperaci\u00f3n nacionales\u00bb, explic\u00f3 la portavoz comunitaria Dana Spinant sobre el prop\u00f3sito del viaje. Aunque se da por hecho que las visitas a estos cinco pa\u00edses ser\u00e1n para comunicar el visto bueno de Bruselas, Spinant insisti\u00f3 en que la Comisi\u00f3n todav\u00eda tiene que concluir las evaluaciones y el colegio de comisarios debe aprobarlas. Los planes nacionales con reformas e inversiones que los pa\u00edses deben enviar a Bruselas son imprescindibles para beneficiarse del fondo de 800.000 millones de euros (en precios corrientes) creado por la UE para superar la crisis generada por la pandemia de la covid-19, en particular, del Mecanismo de Recuperaci\u00f3n y Resiliencia, la piedra angular del plan que canalizar\u00e1 un 90 % de los fondos 386.000 millones en pr\u00e9stamos y 338.000 millones en subvenciones. A Espa\u00f1a le corresponden 69.500 millones en transferencias directas y 84.800 millones en cr\u00e9ditos que, de momento, no ha solicitado, lo que la convierte en la segunda beneficiaria solo por detr\u00e1s de Italia (con 191.600 millones en total). El Gobierno espa\u00f1ol, como el portugu\u00e9s, dan\u00e9s, griego y luxemburgu\u00e9s, fueron de los primeros en enviar sus planes de recuperaci\u00f3n formalmente a la Comisi\u00f3n, cuya idea es dar el visto bueno en junio a aquellos planes que llegaron dentro del plazo del 30 de abril que hab\u00eda fijado como orientaci\u00f3n. En este grupo entrar\u00edan tambi\u00e9n Francia, Alemania y Letonia, mientras que para aquellos que lo enviaron despu\u00e9s el aprobado llegar\u00eda en julio. Solo cuatro de los 27 Estados miembros &#8211; Malta, Bulgaria, Estonia y Pa\u00edses Bajos &#8211; no han entregado a\u00fan sus planes, mientras que cinco -Eslovenia, Polonia, Suecia, Croacia y Ruman\u00eda- han solicitado a la Comisi\u00f3n ampliar el plazo de dos meses que tiene para evaluar los documentos con el fin de retocar sus planes.<\/p>\n","protected":false},"author":20,"featured_media":49025,"comment_status":"open","ping_status":"open","sticky":false,"template":"","format":"standard","meta":{"_FSMCFIC_featured_image_caption":"","_FSMCFIC_featured_image_nocaption":"","_FSMCFIC_featured_image_hide":"","footnotes":""},"categories":[806],"tags":[2572,874],"class_list":["post-49144","post","type-post","status-publish","format-standard","has-post-thumbnail","hentry","category-punts-claus-del-dia-es","tag-plan-de-recuperacion","tag-ue-es"],"yoast_head":"<!-- This site is optimized with the Yoast SEO plugin v26.8 - https:\/\/yoast.com\/product\/yoast-seo-wordpress\/ -->\n<title>UE: a la espera de aprobar el plan de recuperaci\u00f3n - Converses a Catalunya<\/title>\n<meta name=\"description\" content=\"Ursula von der Leyen iniciar\u00e1 una visita en esta semana a Espa\u00f1a, en la que se espera que apruebe el plan de recuperaci\u00f3n\" \/>\n<meta name=\"robots\" content=\"index, follow, max-snippet:-1, max-image-preview:large, max-video-preview:-1\" \/>\n<link rel=\"canonical\" href=\"https:\/\/conversesacatalunya.cat\/es\/ue-a-la-espera-de-aprobar-el-plan-de-recuperacion\/\" \/>\n<meta property=\"og:locale\" content=\"es_ES\" \/>\n<meta property=\"og:type\" content=\"article\" \/>\n<meta property=\"og:title\" content=\"UE: a la espera de aprobar el plan de recuperaci\u00f3n - Converses a Catalunya\" \/>\n<meta property=\"og:description\" content=\"Ursula von der Leyen iniciar\u00e1 una visita en esta semana a Espa\u00f1a, en la que se espera que apruebe el plan de recuperaci\u00f3n\" \/>\n<meta property=\"og:url\" content=\"https:\/\/conversesacatalunya.cat\/es\/ue-a-la-espera-de-aprobar-el-plan-de-recuperacion\/\" \/>\n<meta property=\"og:site_name\" content=\"Converses a Catalunya\" \/>\n<meta property=\"article:published_time\" content=\"2021-06-16T09:58:25+00:00\" \/>\n<meta property=\"article:modified_time\" content=\"2021-06-16T10:06:14+00:00\" \/>\n<meta property=\"og:image\" content=\"https:\/\/conversesacatalunya.cat\/wp-content\/uploads\/2021\/06\/Capture-5.png\" \/>\n\t<meta property=\"og:image:width\" content=\"1056\" \/>\n\t<meta property=\"og:image:height\" content=\"687\" \/>\n\t<meta property=\"og:image:type\" content=\"image\/png\" \/>\n<meta name=\"author\" content=\"conversesacatalunya\" \/>\n<meta name=\"twitter:card\" content=\"summary_large_image\" \/>\n<meta name=\"twitter:label1\" content=\"Escrito por\" \/>\n\t<meta name=\"twitter:data1\" content=\"conversesacatalunya\" \/>\n\t<meta name=\"twitter:label2\" content=\"Tiempo de lectura\" \/>\n\t<meta name=\"twitter:data2\" content=\"2 minutos\" \/>\n<script type=\"application\/ld+json\" class=\"yoast-schema-graph\">{\"@context\":\"https:\/\/schema.org\",\"@graph\":[{\"@type\":\"Article\",\"@id\":\"https:\/\/conversesacatalunya.cat\/es\/ue-a-la-espera-de-aprobar-el-plan-de-recuperacion\/#article\",\"isPartOf\":{\"@id\":\"https:\/\/conversesacatalunya.cat\/es\/ue-a-la-espera-de-aprobar-el-plan-de-recuperacion\/\"},\"author\":{\"name\":\"conversesacatalunya\",\"@id\":\"https:\/\/conversesacatalunya.cat\/#\/schema\/person\/a7a9496a363cd9847daf7cd659d92e64\"},\"headline\":\"UE: a la espera de aprobar el plan de recuperaci\u00f3n\",\"datePublished\":\"2021-06-16T09:58:25+00:00\",\"dateModified\":\"2021-06-16T10:06:14+00:00\",\"mainEntityOfPage\":{\"@id\":\"https:\/\/conversesacatalunya.cat\/es\/ue-a-la-espera-de-aprobar-el-plan-de-recuperacion\/\"},\"wordCount\":429,\"commentCount\":0,\"image\":{\"@id\":\"https:\/\/conversesacatalunya.cat\/es\/ue-a-la-espera-de-aprobar-el-plan-de-recuperacion\/#primaryimage\"},\"thumbnailUrl\":\"https:\/\/conversesacatalunya.cat\/wp-content\/uploads\/2021\/06\/Capture-5.png\",\"keywords\":[\"Plan de recuperaci\u00f3n\",\"UE\"],\"articleSection\":[\"Punts clau del dia (ES)\"],\"inLanguage\":\"es\",\"potentialAction\":[{\"@type\":\"CommentAction\",\"name\":\"Comment\",\"target\":[\"https:\/\/conversesacatalunya.cat\/es\/ue-a-la-espera-de-aprobar-el-plan-de-recuperacion\/#respond\"]}]},{\"@type\":\"WebPage\",\"@id\":\"https:\/\/conversesacatalunya.cat\/es\/ue-a-la-espera-de-aprobar-el-plan-de-recuperacion\/\",\"url\":\"https:\/\/conversesacatalunya.cat\/es\/ue-a-la-espera-de-aprobar-el-plan-de-recuperacion\/\",\"name\":\"UE: a la espera de aprobar el plan de recuperaci\u00f3n - Converses a Catalunya\",\"isPartOf\":{\"@id\":\"https:\/\/conversesacatalunya.cat\/#website\"},\"primaryImageOfPage\":{\"@id\":\"https:\/\/conversesacatalunya.cat\/es\/ue-a-la-espera-de-aprobar-el-plan-de-recuperacion\/#primaryimage\"},\"image\":{\"@id\":\"https:\/\/conversesacatalunya.cat\/es\/ue-a-la-espera-de-aprobar-el-plan-de-recuperacion\/#primaryimage\"},\"thumbnailUrl\":\"https:\/\/conversesacatalunya.cat\/wp-content\/uploads\/2021\/06\/Capture-5.png\",\"datePublished\":\"2021-06-16T09:58:25+00:00\",\"dateModified\":\"2021-06-16T10:06:14+00:00\",\"author\":{\"@id\":\"https:\/\/conversesacatalunya.cat\/#\/schema\/person\/a7a9496a363cd9847daf7cd659d92e64\"},\"description\":\"Ursula von der Leyen iniciar\u00e1 una visita en esta semana a Espa\u00f1a, en la que se espera que apruebe el plan de recuperaci\u00f3n\",\"breadcrumb\":{\"@id\":\"https:\/\/conversesacatalunya.cat\/es\/ue-a-la-espera-de-aprobar-el-plan-de-recuperacion\/#breadcrumb\"},\"inLanguage\":\"es\",\"potentialAction\":[{\"@type\":\"ReadAction\",\"target\":[\"https:\/\/conversesacatalunya.cat\/es\/ue-a-la-espera-de-aprobar-el-plan-de-recuperacion\/\"]}]},{\"@type\":\"ImageObject\",\"inLanguage\":\"es\",\"@id\":\"https:\/\/conversesacatalunya.cat\/es\/ue-a-la-espera-de-aprobar-el-plan-de-recuperacion\/#primaryimage\",\"url\":\"https:\/\/conversesacatalunya.cat\/wp-content\/uploads\/2021\/06\/Capture-5.png\",\"contentUrl\":\"https:\/\/conversesacatalunya.cat\/wp-content\/uploads\/2021\/06\/Capture-5.png\",\"width\":1056,\"height\":687,\"caption\":\"recuperaci\u00f3\"},{\"@type\":\"BreadcrumbList\",\"@id\":\"https:\/\/conversesacatalunya.cat\/es\/ue-a-la-espera-de-aprobar-el-plan-de-recuperacion\/#breadcrumb\",\"itemListElement\":[{\"@type\":\"ListItem\",\"position\":1,\"name\":\"Inici\",\"item\":\"https:\/\/conversesacatalunya.cat\/es\/\"},{\"@type\":\"ListItem\",\"position\":2,\"name\":\"UE: a la espera de aprobar el plan de recuperaci\u00f3n\"}]},{\"@type\":\"WebSite\",\"@id\":\"https:\/\/conversesacatalunya.cat\/#website\",\"url\":\"https:\/\/conversesacatalunya.cat\/\",\"name\":\"Converses a Catalunya\",\"description\":\"\",\"potentialAction\":[{\"@type\":\"SearchAction\",\"target\":{\"@type\":\"EntryPoint\",\"urlTemplate\":\"https:\/\/conversesacatalunya.cat\/?s={search_term_string}\"},\"query-input\":{\"@type\":\"PropertyValueSpecification\",\"valueRequired\":true,\"valueName\":\"search_term_string\"}}],\"inLanguage\":\"es\"},{\"@type\":\"Person\",\"@id\":\"https:\/\/conversesacatalunya.cat\/#\/schema\/person\/a7a9496a363cd9847daf7cd659d92e64\",\"name\":\"conversesacatalunya\",\"image\":{\"@type\":\"ImageObject\",\"inLanguage\":\"es\",\"@id\":\"https:\/\/conversesacatalunya.cat\/#\/schema\/person\/image\/\",\"url\":\"https:\/\/conversesacatalunya.cat\/wp-content\/litespeed\/avatar\/ff91582b44ff9c880dc9c5ac2f5c7e89.jpg?ver=1777372947\",\"contentUrl\":\"https:\/\/conversesacatalunya.cat\/wp-content\/litespeed\/avatar\/ff91582b44ff9c880dc9c5ac2f5c7e89.jpg?ver=1777372947\",\"caption\":\"conversesacatalunya\"},\"url\":\"https:\/\/conversesacatalunya.cat\/es\/author\/francisco_garcia\/\"}]}<\/script>\n<!-- \/ Yoast SEO plugin. -->","yoast_head_json":{"title":"UE: a la espera de aprobar el plan de recuperaci\u00f3n - Converses a Catalunya","description":"Ursula von der Leyen iniciar\u00e1 una visita en esta semana a Espa\u00f1a, en la que se espera que apruebe el plan de recuperaci\u00f3n","robots":{"index":"index","follow":"follow","max-snippet":"max-snippet:-1","max-image-preview":"max-image-preview:large","max-video-preview":"max-video-preview:-1"},"canonical":"https:\/\/conversesacatalunya.cat\/es\/ue-a-la-espera-de-aprobar-el-plan-de-recuperacion\/","og_locale":"es_ES","og_type":"article","og_title":"UE: a la espera de aprobar el plan de recuperaci\u00f3n - Converses a Catalunya","og_description":"Ursula von der Leyen iniciar\u00e1 una visita en esta semana a Espa\u00f1a, en la que se espera que apruebe el plan de recuperaci\u00f3n","og_url":"https:\/\/conversesacatalunya.cat\/es\/ue-a-la-espera-de-aprobar-el-plan-de-recuperacion\/","og_site_name":"Converses a Catalunya","article_published_time":"2021-06-16T09:58:25+00:00","article_modified_time":"2021-06-16T10:06:14+00:00","og_image":[{"width":1056,"height":687,"url":"https:\/\/conversesacatalunya.cat\/wp-content\/uploads\/2021\/06\/Capture-5.png","type":"image\/png"}],"author":"conversesacatalunya","twitter_card":"summary_large_image","twitter_misc":{"Escrito por":"conversesacatalunya","Tiempo de lectura":"2 minutos"},"schema":{"@context":"https:\/\/schema.org","@graph":[{"@type":"Article","@id":"https:\/\/conversesacatalunya.cat\/es\/ue-a-la-espera-de-aprobar-el-plan-de-recuperacion\/#article","isPartOf":{"@id":"https:\/\/conversesacatalunya.cat\/es\/ue-a-la-espera-de-aprobar-el-plan-de-recuperacion\/"},"author":{"name":"conversesacatalunya","@id":"https:\/\/conversesacatalunya.cat\/#\/schema\/person\/a7a9496a363cd9847daf7cd659d92e64"},"headline":"UE: a la espera de aprobar el plan de recuperaci\u00f3n","datePublished":"2021-06-16T09:58:25+00:00","dateModified":"2021-06-16T10:06:14+00:00","mainEntityOfPage":{"@id":"https:\/\/conversesacatalunya.cat\/es\/ue-a-la-espera-de-aprobar-el-plan-de-recuperacion\/"},"wordCount":429,"commentCount":0,"image":{"@id":"https:\/\/conversesacatalunya.cat\/es\/ue-a-la-espera-de-aprobar-el-plan-de-recuperacion\/#primaryimage"},"thumbnailUrl":"https:\/\/conversesacatalunya.cat\/wp-content\/uploads\/2021\/06\/Capture-5.png","keywords":["Plan de recuperaci\u00f3n","UE"],"articleSection":["Punts clau del dia (ES)"],"inLanguage":"es","potentialAction":[{"@type":"CommentAction","name":"Comment","target":["https:\/\/conversesacatalunya.cat\/es\/ue-a-la-espera-de-aprobar-el-plan-de-recuperacion\/#respond"]}]},{"@type":"WebPage","@id":"https:\/\/conversesacatalunya.cat\/es\/ue-a-la-espera-de-aprobar-el-plan-de-recuperacion\/","url":"https:\/\/conversesacatalunya.cat\/es\/ue-a-la-espera-de-aprobar-el-plan-de-recuperacion\/","name":"UE: a la espera de aprobar el plan de recuperaci\u00f3n - Converses a Catalunya","isPartOf":{"@id":"https:\/\/conversesacatalunya.cat\/#website"},"primaryImageOfPage":{"@id":"https:\/\/conversesacatalunya.cat\/es\/ue-a-la-espera-de-aprobar-el-plan-de-recuperacion\/#primaryimage"},"image":{"@id":"https:\/\/conversesacatalunya.cat\/es\/ue-a-la-espera-de-aprobar-el-plan-de-recuperacion\/#primaryimage"},"thumbnailUrl":"https:\/\/conversesacatalunya.cat\/wp-content\/uploads\/2021\/06\/Capture-5.png","datePublished":"2021-06-16T09:58:25+00:00","dateModified":"2021-06-16T10:06:14+00:00","author":{"@id":"https:\/\/conversesacatalunya.cat\/#\/schema\/person\/a7a9496a363cd9847daf7cd659d92e64"},"description":"Ursula von der Leyen iniciar\u00e1 una visita en esta semana a Espa\u00f1a, en la que se espera que apruebe el plan de recuperaci\u00f3n","breadcrumb":{"@id":"https:\/\/conversesacatalunya.cat\/es\/ue-a-la-espera-de-aprobar-el-plan-de-recuperacion\/#breadcrumb"},"inLanguage":"es","potentialAction":[{"@type":"ReadAction","target":["https:\/\/conversesacatalunya.cat\/es\/ue-a-la-espera-de-aprobar-el-plan-de-recuperacion\/"]}]},{"@type":"ImageObject","inLanguage":"es","@id":"https:\/\/conversesacatalunya.cat\/es\/ue-a-la-espera-de-aprobar-el-plan-de-recuperacion\/#primaryimage","url":"https:\/\/conversesacatalunya.cat\/wp-content\/uploads\/2021\/06\/Capture-5.png","contentUrl":"https:\/\/conversesacatalunya.cat\/wp-content\/uploads\/2021\/06\/Capture-5.png","width":1056,"height":687,"caption":"recuperaci\u00f3"},{"@type":"BreadcrumbList","@id":"https:\/\/conversesacatalunya.cat\/es\/ue-a-la-espera-de-aprobar-el-plan-de-recuperacion\/#breadcrumb","itemListElement":[{"@type":"ListItem","position":1,"name":"Inici","item":"https:\/\/conversesacatalunya.cat\/es\/"},{"@type":"ListItem","position":2,"name":"UE: a la espera de aprobar el plan de recuperaci\u00f3n"}]},{"@type":"WebSite","@id":"https:\/\/conversesacatalunya.cat\/#website","url":"https:\/\/conversesacatalunya.cat\/","name":"Converses a Catalunya","description":"","potentialAction":[{"@type":"SearchAction","target":{"@type":"EntryPoint","urlTemplate":"https:\/\/conversesacatalunya.cat\/?s={search_term_string}"},"query-input":{"@type":"PropertyValueSpecification","valueRequired":true,"valueName":"search_term_string"}}],"inLanguage":"es"},{"@type":"Person","@id":"https:\/\/conversesacatalunya.cat\/#\/schema\/person\/a7a9496a363cd9847daf7cd659d92e64","name":"conversesacatalunya","image":{"@type":"ImageObject","inLanguage":"es","@id":"https:\/\/conversesacatalunya.cat\/#\/schema\/person\/image\/","url":"https:\/\/conversesacatalunya.cat\/wp-content\/litespeed\/avatar\/ff91582b44ff9c880dc9c5ac2f5c7e89.jpg?ver=1777372947","contentUrl":"https:\/\/conversesacatalunya.cat\/wp-content\/litespeed\/avatar\/ff91582b44ff9c880dc9c5ac2f5c7e89.jpg?ver=1777372947","caption":"conversesacatalunya"},"url":"https:\/\/conversesacatalunya.cat\/es\/author\/francisco_garcia\/"}]}},"wps_subtitle":"Ursula von der Leyen, presidenta de la Comisi\u00f3n Europea, iniciar\u00e1 una visita en esta semana a Espa\u00f1a, en la que se espera que apruebe el plan de recuperaci\u00f3n","_links":{"self":[{"href":"https:\/\/conversesacatalunya.cat\/es\/wp-json\/wp\/v2\/posts\/49144","targetHints":{"allow":["GET"]}}],"collection":[{"href":"https:\/\/conversesacatalunya.cat\/es\/wp-json\/wp\/v2\/posts"}],"about":[{"href":"https:\/\/conversesacatalunya.cat\/es\/wp-json\/wp\/v2\/types\/post"}],"author":[{"embeddable":true,"href":"https:\/\/conversesacatalunya.cat\/es\/wp-json\/wp\/v2\/users\/20"}],"replies":[{"embeddable":true,"href":"https:\/\/conversesacatalunya.cat\/es\/wp-json\/wp\/v2\/comments?post=49144"}],"version-history":[{"count":2,"href":"https:\/\/conversesacatalunya.cat\/es\/wp-json\/wp\/v2\/posts\/49144\/revisions"}],"predecessor-version":[{"id":49146,"href":"https:\/\/conversesacatalunya.cat\/es\/wp-json\/wp\/v2\/posts\/49144\/revisions\/49146"}],"wp:featuredmedia":[{"embeddable":true,"href":"https:\/\/conversesacatalunya.cat\/es\/wp-json\/wp\/v2\/media\/49025"}],"wp:attachment":[{"href":"https:\/\/conversesacatalunya.cat\/es\/wp-json\/wp\/v2\/media?parent=49144"}],"wp:term":[{"taxonomy":"category","embeddable":true,"href":"https:\/\/conversesacatalunya.cat\/es\/wp-json\/wp\/v2\/categories?post=49144"},{"taxonomy":"post_tag","embeddable":true,"href":"https:\/\/conversesacatalunya.cat\/es\/wp-json\/wp\/v2\/tags?post=49144"}],"curies":[{"name":"wp","href":"https:\/\/api.w.org\/{rel}","templated":true}]}}