{"id":49132,"date":"2021-06-16T08:20:59","date_gmt":"2021-06-16T06:20:59","guid":{"rendered":"https:\/\/conversesacatalunya.cat\/?p=49132"},"modified":"2021-06-16T08:20:59","modified_gmt":"2021-06-16T06:20:59","slug":"la-faceta-mas-medioambiental-de-gaudi","status":"publish","type":"post","link":"https:\/\/conversesacatalunya.cat\/es\/la-faceta-mas-medioambiental-de-gaudi\/","title":{"rendered":"La faceta m\u00e1s medioambiental de Gaud\u00ed"},"content":{"rendered":"<p>Una mirada medioambiental sobre los elementos arquitect\u00f3nicos y escult\u00f3ricos de la <a href=\"https:\/\/conversesacatalunya.cat\/es\/sagrada-familia-la-ultima-gran-catedral\/\" target=\"_blank\" rel=\"noopener\">Sagrada Familia<\/a>: esto es lo que propone el cortometraje \u2018<strong>Creation in Gaud\u00ed<\/strong>\u2019, que se presentar\u00e1 el viernes, <strong>18 de junio<\/strong>, a las <strong>12.00 horas<\/strong>, en el Aula Magna de la <a href=\"https:\/\/www.uaoceu.es\/\" target=\"_blank\" rel=\"noopener\">Universitat Abat Oliba CEU<\/a>.<\/p>\n<p>A trav\u00e9s de las explicaciones de la arquitecta <strong>Chiara Curti<\/strong>, la obra desvela la concepci\u00f3n de Gaud\u00ed de la naturaleza y su preocupaci\u00f3n por el cuidado de la creaci\u00f3n. La obra hace que la Sagrada Familia hable de la idea que Gaud\u00ed ten\u00eda de la naturaleza y c\u00f3mo ve\u00eda al ser humano dentro de ella.<\/p>\n<p>Se pone de manifiesto, as\u00ed, la faceta m\u00e1s \u2018medioambientalista\u2019 del arquitecto modernista. De hecho, la atenci\u00f3n por la cuesti\u00f3n clim\u00e1tica es una de las se\u00f1as de identidad de la autora de esta producci\u00f3n audiovisual, <strong>Mar\u00eda La\u00edn<\/strong>. Esta activista clim\u00e1tica, fil\u00f3sofa y artista es tambi\u00e9n miembro del movimiento <strong>Christian Youth for Climate<\/strong>, que trata de transmitir la aportaci\u00f3n genuinamente cristiana sobre el cuidado del medioambiente.<\/p>\n<p>El corto conecta con la filosof\u00eda de este movimiento y se ha realizado con el patrocinio de la <strong>Fundaci\u00f3n Cultural \u00c1ngel Herrera Oria<\/strong> y el apoyo de la <strong>Asociaci\u00f3n Cat\u00f3lica de Propagandistas<\/strong>.<\/p>\n<p>En el acto de presentaci\u00f3n del d\u00eda 18 intervendr\u00e1n tanto la autora, Mar\u00eda La\u00edn, como la arquitecta Chiara Curti.<\/p>\n<span class='bctt-click-to-tweet'><span class='bctt-ctt-text'><a href='https:\/\/twitter.com\/intent\/tweet?url=https%3A%2F%2Fconversesacatalunya.cat%2Fes%2Fla-faceta-mas-medioambiental-de-gaudi%2F&#038;text=La%20obra%20hace%20que%20la%20Sagrada%20Familia%20hable%20de%20la%20idea%20que%20Gaud%C3%AD%20ten%C3%ADa%20de%20la%20naturaleza%20y%20c%C3%B3mo%20ve%C3%ADa%20al%20ser%20humano%20dentro%20de%20ella&#038;via=conversesacat&#038;related=conversesacat' target='_blank'rel=\"noopener noreferrer\">La obra hace que la Sagrada Familia hable de la idea que Gaud\u00ed ten\u00eda de la naturaleza y c\u00f3mo ve\u00eda al ser humano dentro de ella <\/a><\/span><a href='https:\/\/twitter.com\/intent\/tweet?url=https%3A%2F%2Fconversesacatalunya.cat%2Fes%2Fla-faceta-mas-medioambiental-de-gaudi%2F&#038;text=La%20obra%20hace%20que%20la%20Sagrada%20Familia%20hable%20de%20la%20idea%20que%20Gaud%C3%AD%20ten%C3%ADa%20de%20la%20naturaleza%20y%20c%C3%B3mo%20ve%C3%ADa%20al%20ser%20humano%20dentro%20de%20ella&#038;via=conversesacat&#038;related=conversesacat' target='_blank' class='bctt-ctt-btn'rel=\"noopener noreferrer\">Compartir en X<\/a><\/span>\n<div id=\"polls-108\" class=\"wp-polls\">\n\t<form id=\"polls_form_108\" class=\"wp-polls-form\" action=\"\/index.php\" method=\"post\">\n\t\t<p style=\"display: none;\"><input type=\"hidden\" id=\"poll_108_nonce\" name=\"wp-polls-nonce\" value=\"c533ff92c0\" \/><\/p>\n\t\t<p style=\"display: none;\"><input type=\"hidden\" name=\"poll_id\" value=\"108\" \/><\/p>\n\t\t<p style=\"text-align: center\"><strong>Ha fet el rid\u00edcul el president S\u00e1nchez en la seva trobada amb el president Biden?<\/strong><\/p><div id=\"polls-108-ans\" class=\"wp-polls-ans\"><ul class=\"wp-polls-ul\">\n\t\t<li><input type=\"radio\" id=\"poll-answer-255\" name=\"poll_108\" value=\"255\" \/> <label for=\"poll-answer-255\">Si<\/label><\/li>\n\t\t<li><input type=\"radio\" id=\"poll-answer-256\" name=\"poll_108\" value=\"256\" \/> <label for=\"poll-answer-256\">No<\/label><\/li>\n\t\t<\/ul><p style=\"text-align: center\"><input type=\"button\" name=\"vote\" value=\"   Vota   \" class=\"Buttons\" onclick=\"poll_vote(108);\" \/><\/p><p style=\"text-align: center\"><a href=\"#ViewPollResults\" onclick=\"poll_result(108); return false;\" title=\"View Results Of This Poll\">Mira els resultats<\/a><\/p><\/div>\n\t<\/form>\n<\/div>\n<div id=\"polls-108-loading\" class=\"wp-polls-loading\"><img decoding=\"async\" data-src=\"https:\/\/conversesacatalunya.cat\/wp-content\/plugins\/wp-polls\/images\/loading.gif\" width=\"16\" height=\"16\" alt=\"Cargando ...\" title=\"Cargando ...\" class=\"wp-polls-image lazyload\" src=\"data:image\/svg+xml;base64,PHN2ZyB3aWR0aD0iMSIgaGVpZ2h0PSIxIiB4bWxucz0iaHR0cDovL3d3dy53My5vcmcvMjAwMC9zdmciPjwvc3ZnPg==\" style=\"--smush-placeholder-width: 16px; --smush-placeholder-aspect-ratio: 16\/16;\" \/>&nbsp;Cargando ...<\/div>\n\n","protected":false},"excerpt":{"rendered":"<p>Una mirada medioambiental sobre los elementos arquitect\u00f3nicos y escult\u00f3ricos de la Sagrada Familia: esto es lo que propone el cortometraje \u2018Creation in Gaud\u00ed\u2019, que se presentar\u00e1 el viernes, 18 de junio, a las 12.00 horas, en el Aula Magna de la Universitat Abat Oliba CEU. A trav\u00e9s de las explicaciones de la arquitecta Chiara Curti, la obra desvela la concepci\u00f3n de Gaud\u00ed de la naturaleza y su preocupaci\u00f3n por el cuidado de la creaci\u00f3n. La obra hace que la Sagrada Familia hable de la idea que Gaud\u00ed ten\u00eda de la naturaleza y c\u00f3mo ve\u00eda al ser humano dentro de ella. Se pone de manifiesto, as\u00ed, la faceta m\u00e1s \u2018medioambientalista\u2019 del arquitecto modernista. De hecho, la atenci\u00f3n por la cuesti\u00f3n clim\u00e1tica es una de las se\u00f1as de identidad de la autora de esta producci\u00f3n audiovisual, Mar\u00eda La\u00edn. Esta activista clim\u00e1tica, fil\u00f3sofa y artista es tambi\u00e9n miembro del movimiento Christian Youth for Climate, que trata de transmitir la aportaci\u00f3n genuinamente cristiana sobre el cuidado del medioambiente. El corto conecta con la filosof\u00eda de este movimiento y se ha realizado con el patrocinio de la Fundaci\u00f3n Cultural \u00c1ngel Herrera Oria y el apoyo de la Asociaci\u00f3n Cat\u00f3lica de Propagandistas. En el acto de presentaci\u00f3n del d\u00eda 18 intervendr\u00e1n tanto la autora, Mar\u00eda La\u00edn, como la arquitecta Chiara Curti.<\/p>\n","protected":false},"author":3,"featured_media":49134,"comment_status":"open","ping_status":"open","sticky":false,"template":"","format":"standard","meta":{"_FSMCFIC_featured_image_caption":"","_FSMCFIC_featured_image_nocaption":"","_FSMCFIC_featured_image_hide":"","footnotes":""},"categories":[786],"tags":[1689,3881,3882,890],"class_list":["post-49132","post","type-post","status-publish","format-standard","has-post-thumbnail","hentry","category-agenda-es","tag-antoni-gaudi-es","tag-chiara-curti","tag-maria-lain","tag-sagrada-familia-es"],"yoast_head":"<!-- This site is optimized with the Yoast SEO plugin v26.8 - https:\/\/yoast.com\/product\/yoast-seo-wordpress\/ -->\n<title>La faceta m\u00e1s medioambiental de Gaud\u00ed - Converses a Catalunya<\/title>\n<meta name=\"description\" content=\"La obra hace que la Sagrada Familia hable de la idea que Gaud\u00ed ten\u00eda de la naturaleza y c\u00f3mo ve\u00eda al ser humano dentro de ella.\" \/>\n<meta name=\"robots\" content=\"noindex, nofollow\" \/>\n<meta property=\"og:locale\" content=\"es_ES\" \/>\n<meta property=\"og:type\" content=\"article\" \/>\n<meta property=\"og:title\" content=\"La faceta m\u00e1s medioambiental de Gaud\u00ed - Converses a Catalunya\" \/>\n<meta property=\"og:description\" content=\"La obra hace que la Sagrada Familia hable de la idea que Gaud\u00ed ten\u00eda de la naturaleza y c\u00f3mo ve\u00eda al ser humano dentro de ella.\" \/>\n<meta property=\"og:url\" content=\"https:\/\/conversesacatalunya.cat\/es\/la-faceta-mas-medioambiental-de-gaudi\/\" \/>\n<meta property=\"og:site_name\" content=\"Converses a Catalunya\" \/>\n<meta property=\"article:published_time\" content=\"2021-06-16T06:20:59+00:00\" \/>\n<meta property=\"og:image\" content=\"https:\/\/conversesacatalunya.cat\/wp-content\/uploads\/2021\/06\/Gaudi-Sagrada-Familia.jpg\" \/>\n\t<meta property=\"og:image:width\" content=\"640\" \/>\n\t<meta property=\"og:image:height\" content=\"535\" \/>\n\t<meta property=\"og:image:type\" content=\"image\/jpeg\" \/>\n<meta name=\"author\" content=\"conversesacatalunya\" \/>\n<meta name=\"twitter:card\" content=\"summary_large_image\" \/>\n<meta name=\"twitter:label1\" content=\"Escrito por\" \/>\n\t<meta name=\"twitter:data1\" content=\"conversesacatalunya\" \/>\n\t<meta name=\"twitter:label2\" content=\"Tiempo de lectura\" \/>\n\t<meta name=\"twitter:data2\" content=\"2 minutos\" \/>\n<script type=\"application\/ld+json\" class=\"yoast-schema-graph\">{\"@context\":\"https:\/\/schema.org\",\"@graph\":[{\"@type\":\"Article\",\"@id\":\"https:\/\/conversesacatalunya.cat\/es\/la-faceta-mas-medioambiental-de-gaudi\/#article\",\"isPartOf\":{\"@id\":\"https:\/\/conversesacatalunya.cat\/es\/la-faceta-mas-medioambiental-de-gaudi\/\"},\"author\":{\"name\":\"conversesacatalunya\",\"@id\":\"https:\/\/conversesacatalunya.cat\/#\/schema\/person\/982274792508d804a0821b413c9ac076\"},\"headline\":\"La faceta m\u00e1s medioambiental de Gaud\u00ed\",\"datePublished\":\"2021-06-16T06:20:59+00:00\",\"mainEntityOfPage\":{\"@id\":\"https:\/\/conversesacatalunya.cat\/es\/la-faceta-mas-medioambiental-de-gaudi\/\"},\"wordCount\":284,\"commentCount\":0,\"image\":{\"@id\":\"https:\/\/conversesacatalunya.cat\/es\/la-faceta-mas-medioambiental-de-gaudi\/#primaryimage\"},\"thumbnailUrl\":\"https:\/\/conversesacatalunya.cat\/wp-content\/uploads\/2021\/06\/Gaudi-Sagrada-Familia.jpg\",\"keywords\":[\"Antoni Gaud\u00ed\",\"Chiara Curti\",\"Mar\u00eda La\u00edn\",\"Sagrada Fam\u00edlia\"],\"articleSection\":[\"Agenda (ES)\"],\"inLanguage\":\"es\",\"potentialAction\":[{\"@type\":\"CommentAction\",\"name\":\"Comment\",\"target\":[\"https:\/\/conversesacatalunya.cat\/es\/la-faceta-mas-medioambiental-de-gaudi\/#respond\"]}]},{\"@type\":\"WebPage\",\"@id\":\"https:\/\/conversesacatalunya.cat\/es\/la-faceta-mas-medioambiental-de-gaudi\/\",\"url\":\"https:\/\/conversesacatalunya.cat\/es\/la-faceta-mas-medioambiental-de-gaudi\/\",\"name\":\"La faceta m\u00e1s medioambiental de Gaud\u00ed - Converses a Catalunya\",\"isPartOf\":{\"@id\":\"https:\/\/conversesacatalunya.cat\/#website\"},\"primaryImageOfPage\":{\"@id\":\"https:\/\/conversesacatalunya.cat\/es\/la-faceta-mas-medioambiental-de-gaudi\/#primaryimage\"},\"image\":{\"@id\":\"https:\/\/conversesacatalunya.cat\/es\/la-faceta-mas-medioambiental-de-gaudi\/#primaryimage\"},\"thumbnailUrl\":\"https:\/\/conversesacatalunya.cat\/wp-content\/uploads\/2021\/06\/Gaudi-Sagrada-Familia.jpg\",\"datePublished\":\"2021-06-16T06:20:59+00:00\",\"author\":{\"@id\":\"https:\/\/conversesacatalunya.cat\/#\/schema\/person\/982274792508d804a0821b413c9ac076\"},\"description\":\"La obra hace que la Sagrada Familia hable de la idea que Gaud\u00ed ten\u00eda de la naturaleza y c\u00f3mo ve\u00eda al ser humano dentro de ella.\",\"breadcrumb\":{\"@id\":\"https:\/\/conversesacatalunya.cat\/es\/la-faceta-mas-medioambiental-de-gaudi\/#breadcrumb\"},\"inLanguage\":\"es\",\"potentialAction\":[{\"@type\":\"ReadAction\",\"target\":[\"https:\/\/conversesacatalunya.cat\/es\/la-faceta-mas-medioambiental-de-gaudi\/\"]}]},{\"@type\":\"ImageObject\",\"inLanguage\":\"es\",\"@id\":\"https:\/\/conversesacatalunya.cat\/es\/la-faceta-mas-medioambiental-de-gaudi\/#primaryimage\",\"url\":\"https:\/\/conversesacatalunya.cat\/wp-content\/uploads\/2021\/06\/Gaudi-Sagrada-Familia.jpg\",\"contentUrl\":\"https:\/\/conversesacatalunya.cat\/wp-content\/uploads\/2021\/06\/Gaudi-Sagrada-Familia.jpg\",\"width\":640,\"height\":535,\"caption\":\"Gaud\u00ed Sagrada Familia\"},{\"@type\":\"BreadcrumbList\",\"@id\":\"https:\/\/conversesacatalunya.cat\/es\/la-faceta-mas-medioambiental-de-gaudi\/#breadcrumb\",\"itemListElement\":[{\"@type\":\"ListItem\",\"position\":1,\"name\":\"Inici\",\"item\":\"https:\/\/conversesacatalunya.cat\/es\/\"},{\"@type\":\"ListItem\",\"position\":2,\"name\":\"La faceta m\u00e1s medioambiental de Gaud\u00ed\"}]},{\"@type\":\"WebSite\",\"@id\":\"https:\/\/conversesacatalunya.cat\/#website\",\"url\":\"https:\/\/conversesacatalunya.cat\/\",\"name\":\"Converses a Catalunya\",\"description\":\"\",\"potentialAction\":[{\"@type\":\"SearchAction\",\"target\":{\"@type\":\"EntryPoint\",\"urlTemplate\":\"https:\/\/conversesacatalunya.cat\/?s={search_term_string}\"},\"query-input\":{\"@type\":\"PropertyValueSpecification\",\"valueRequired\":true,\"valueName\":\"search_term_string\"}}],\"inLanguage\":\"es\"},{\"@type\":\"Person\",\"@id\":\"https:\/\/conversesacatalunya.cat\/#\/schema\/person\/982274792508d804a0821b413c9ac076\",\"name\":\"conversesacatalunya\",\"image\":{\"@type\":\"ImageObject\",\"inLanguage\":\"es\",\"@id\":\"https:\/\/conversesacatalunya.cat\/#\/schema\/person\/image\/\",\"url\":\"https:\/\/conversesacatalunya.cat\/wp-content\/litespeed\/avatar\/f04b47eeffd9637c7cf7869e217fb9ec.jpg?ver=1777370077\",\"contentUrl\":\"https:\/\/conversesacatalunya.cat\/wp-content\/litespeed\/avatar\/f04b47eeffd9637c7cf7869e217fb9ec.jpg?ver=1777370077\",\"caption\":\"conversesacatalunya\"},\"url\":\"https:\/\/conversesacatalunya.cat\/es\/author\/muntsa_escola\/\"}]}<\/script>\n<!-- \/ Yoast SEO plugin. -->","yoast_head_json":{"title":"La faceta m\u00e1s medioambiental de Gaud\u00ed - Converses a Catalunya","description":"La obra hace que la Sagrada Familia hable de la idea que Gaud\u00ed ten\u00eda de la naturaleza y c\u00f3mo ve\u00eda al ser humano dentro de ella.","robots":{"index":"noindex","follow":"nofollow"},"og_locale":"es_ES","og_type":"article","og_title":"La faceta m\u00e1s medioambiental de Gaud\u00ed - Converses a Catalunya","og_description":"La obra hace que la Sagrada Familia hable de la idea que Gaud\u00ed ten\u00eda de la naturaleza y c\u00f3mo ve\u00eda al ser humano dentro de ella.","og_url":"https:\/\/conversesacatalunya.cat\/es\/la-faceta-mas-medioambiental-de-gaudi\/","og_site_name":"Converses a Catalunya","article_published_time":"2021-06-16T06:20:59+00:00","og_image":[{"width":640,"height":535,"url":"https:\/\/conversesacatalunya.cat\/wp-content\/uploads\/2021\/06\/Gaudi-Sagrada-Familia.jpg","type":"image\/jpeg"}],"author":"conversesacatalunya","twitter_card":"summary_large_image","twitter_misc":{"Escrito por":"conversesacatalunya","Tiempo de lectura":"2 minutos"},"schema":{"@context":"https:\/\/schema.org","@graph":[{"@type":"Article","@id":"https:\/\/conversesacatalunya.cat\/es\/la-faceta-mas-medioambiental-de-gaudi\/#article","isPartOf":{"@id":"https:\/\/conversesacatalunya.cat\/es\/la-faceta-mas-medioambiental-de-gaudi\/"},"author":{"name":"conversesacatalunya","@id":"https:\/\/conversesacatalunya.cat\/#\/schema\/person\/982274792508d804a0821b413c9ac076"},"headline":"La faceta m\u00e1s medioambiental de Gaud\u00ed","datePublished":"2021-06-16T06:20:59+00:00","mainEntityOfPage":{"@id":"https:\/\/conversesacatalunya.cat\/es\/la-faceta-mas-medioambiental-de-gaudi\/"},"wordCount":284,"commentCount":0,"image":{"@id":"https:\/\/conversesacatalunya.cat\/es\/la-faceta-mas-medioambiental-de-gaudi\/#primaryimage"},"thumbnailUrl":"https:\/\/conversesacatalunya.cat\/wp-content\/uploads\/2021\/06\/Gaudi-Sagrada-Familia.jpg","keywords":["Antoni Gaud\u00ed","Chiara Curti","Mar\u00eda La\u00edn","Sagrada Fam\u00edlia"],"articleSection":["Agenda (ES)"],"inLanguage":"es","potentialAction":[{"@type":"CommentAction","name":"Comment","target":["https:\/\/conversesacatalunya.cat\/es\/la-faceta-mas-medioambiental-de-gaudi\/#respond"]}]},{"@type":"WebPage","@id":"https:\/\/conversesacatalunya.cat\/es\/la-faceta-mas-medioambiental-de-gaudi\/","url":"https:\/\/conversesacatalunya.cat\/es\/la-faceta-mas-medioambiental-de-gaudi\/","name":"La faceta m\u00e1s medioambiental de Gaud\u00ed - Converses a Catalunya","isPartOf":{"@id":"https:\/\/conversesacatalunya.cat\/#website"},"primaryImageOfPage":{"@id":"https:\/\/conversesacatalunya.cat\/es\/la-faceta-mas-medioambiental-de-gaudi\/#primaryimage"},"image":{"@id":"https:\/\/conversesacatalunya.cat\/es\/la-faceta-mas-medioambiental-de-gaudi\/#primaryimage"},"thumbnailUrl":"https:\/\/conversesacatalunya.cat\/wp-content\/uploads\/2021\/06\/Gaudi-Sagrada-Familia.jpg","datePublished":"2021-06-16T06:20:59+00:00","author":{"@id":"https:\/\/conversesacatalunya.cat\/#\/schema\/person\/982274792508d804a0821b413c9ac076"},"description":"La obra hace que la Sagrada Familia hable de la idea que Gaud\u00ed ten\u00eda de la naturaleza y c\u00f3mo ve\u00eda al ser humano dentro de ella.","breadcrumb":{"@id":"https:\/\/conversesacatalunya.cat\/es\/la-faceta-mas-medioambiental-de-gaudi\/#breadcrumb"},"inLanguage":"es","potentialAction":[{"@type":"ReadAction","target":["https:\/\/conversesacatalunya.cat\/es\/la-faceta-mas-medioambiental-de-gaudi\/"]}]},{"@type":"ImageObject","inLanguage":"es","@id":"https:\/\/conversesacatalunya.cat\/es\/la-faceta-mas-medioambiental-de-gaudi\/#primaryimage","url":"https:\/\/conversesacatalunya.cat\/wp-content\/uploads\/2021\/06\/Gaudi-Sagrada-Familia.jpg","contentUrl":"https:\/\/conversesacatalunya.cat\/wp-content\/uploads\/2021\/06\/Gaudi-Sagrada-Familia.jpg","width":640,"height":535,"caption":"Gaud\u00ed Sagrada Familia"},{"@type":"BreadcrumbList","@id":"https:\/\/conversesacatalunya.cat\/es\/la-faceta-mas-medioambiental-de-gaudi\/#breadcrumb","itemListElement":[{"@type":"ListItem","position":1,"name":"Inici","item":"https:\/\/conversesacatalunya.cat\/es\/"},{"@type":"ListItem","position":2,"name":"La faceta m\u00e1s medioambiental de Gaud\u00ed"}]},{"@type":"WebSite","@id":"https:\/\/conversesacatalunya.cat\/#website","url":"https:\/\/conversesacatalunya.cat\/","name":"Converses a Catalunya","description":"","potentialAction":[{"@type":"SearchAction","target":{"@type":"EntryPoint","urlTemplate":"https:\/\/conversesacatalunya.cat\/?s={search_term_string}"},"query-input":{"@type":"PropertyValueSpecification","valueRequired":true,"valueName":"search_term_string"}}],"inLanguage":"es"},{"@type":"Person","@id":"https:\/\/conversesacatalunya.cat\/#\/schema\/person\/982274792508d804a0821b413c9ac076","name":"conversesacatalunya","image":{"@type":"ImageObject","inLanguage":"es","@id":"https:\/\/conversesacatalunya.cat\/#\/schema\/person\/image\/","url":"https:\/\/conversesacatalunya.cat\/wp-content\/litespeed\/avatar\/f04b47eeffd9637c7cf7869e217fb9ec.jpg?ver=1777370077","contentUrl":"https:\/\/conversesacatalunya.cat\/wp-content\/litespeed\/avatar\/f04b47eeffd9637c7cf7869e217fb9ec.jpg?ver=1777370077","caption":"conversesacatalunya"},"url":"https:\/\/conversesacatalunya.cat\/es\/author\/muntsa_escola\/"}]}},"wps_subtitle":"Presentaci\u00f3n del cortometraje \u2018Creation in Gaud\u00ed\u2019: una mirada sobre los elementos arquitect\u00f3nicos y escult\u00f3ricos de la Sagrada Familia","_links":{"self":[{"href":"https:\/\/conversesacatalunya.cat\/es\/wp-json\/wp\/v2\/posts\/49132","targetHints":{"allow":["GET"]}}],"collection":[{"href":"https:\/\/conversesacatalunya.cat\/es\/wp-json\/wp\/v2\/posts"}],"about":[{"href":"https:\/\/conversesacatalunya.cat\/es\/wp-json\/wp\/v2\/types\/post"}],"author":[{"embeddable":true,"href":"https:\/\/conversesacatalunya.cat\/es\/wp-json\/wp\/v2\/users\/3"}],"replies":[{"embeddable":true,"href":"https:\/\/conversesacatalunya.cat\/es\/wp-json\/wp\/v2\/comments?post=49132"}],"version-history":[{"count":2,"href":"https:\/\/conversesacatalunya.cat\/es\/wp-json\/wp\/v2\/posts\/49132\/revisions"}],"predecessor-version":[{"id":49136,"href":"https:\/\/conversesacatalunya.cat\/es\/wp-json\/wp\/v2\/posts\/49132\/revisions\/49136"}],"wp:featuredmedia":[{"embeddable":true,"href":"https:\/\/conversesacatalunya.cat\/es\/wp-json\/wp\/v2\/media\/49134"}],"wp:attachment":[{"href":"https:\/\/conversesacatalunya.cat\/es\/wp-json\/wp\/v2\/media?parent=49132"}],"wp:term":[{"taxonomy":"category","embeddable":true,"href":"https:\/\/conversesacatalunya.cat\/es\/wp-json\/wp\/v2\/categories?post=49132"},{"taxonomy":"post_tag","embeddable":true,"href":"https:\/\/conversesacatalunya.cat\/es\/wp-json\/wp\/v2\/tags?post=49132"}],"curies":[{"name":"wp","href":"https:\/\/api.w.org\/{rel}","templated":true}]}}