{"id":49080,"date":"2021-06-15T09:49:20","date_gmt":"2021-06-15T07:49:20","guid":{"rendered":"https:\/\/conversesacatalunya.cat\/?p=49080"},"modified":"2024-01-22T14:13:18","modified_gmt":"2024-01-22T13:13:18","slug":"periodismo-y-clausula-de-conciencia","status":"publish","type":"post","link":"https:\/\/conversesacatalunya.cat\/es\/periodismo-y-clausula-de-conciencia\/","title":{"rendered":"Periodismo y cla\u00fasula de conciencia"},"content":{"rendered":"<p>El mismo art\u00edculo de la Constituci\u00f3n Espa\u00f1ola que proclama la libertad de expresi\u00f3n y el derecho a comunicar y a recibir informaci\u00f3n veraz por cualquier medio de difusi\u00f3n (art. 20), garantiza a la vez <strong>el derecho a la cl\u00e1usula de conciencia y al secreto profesional en el ejercicio de dichas libertades.<\/strong><\/p>\n<p>De hecho, siguiendo el mandato constitucional (al contrario de lo que sucede con el secreto profesional de los periodistas), en 1997 se aprob\u00f3 la Ley Org\u00e1nica 2\/1997, de 19 de junio, reguladora de la cl\u00e1usula de conciencia de los profesionales de la informaci\u00f3n. El objetivo de esta ley era<strong> \u201cgarantizar la independencia en el desempe\u00f1o de su funci\u00f3n profesional\u201d<\/strong>. Se supone que la idea es proteger de manera inmediata a un comunicador concreto, pero a la vez, a toda la opini\u00f3n p\u00fablica, ya que de esa manera el profesional no se siente obligado a actuar contra sus principios y valores que no han de quedar sujetos a las imposiciones de su empresa period\u00edstica.<\/p>\n<p><strong>Nos podemos tomar esta ley de dos maneras, en serio o en broma<\/strong>. Dada mi doble condici\u00f3n de jurista y periodista (un equilibrio que intento mantener desde hace a\u00f1os como garant\u00eda personal, precisamente, de mi propia independencia), mis sentimientos son encontrados.<\/p>\n<h4>Mi alma jur\u00eddica me dice que las leyes est\u00e1n para ser cumplidas y aplicadas. Y esta ley prev\u00e9 dos soluciones posibles al conflicto cuando un profesional alega dicha cl\u00e1usula de conciencia:<\/h4>\n<ul>\n<li>La primera: una especie de despido indemnizado que permite al trabajador rescindir su contrato (si lo tiene) de manera unilateral,\u00a0 y cobrar una cantidad a pactar como si el despido hubiera sido improcedente. Es decir, una forma de dimisi\u00f3n indemnizada. Esto ocurre cuando, por ejemplo, el medio en el que trabaja cambia de propiedad y ello conlleva un cambio sustancial en su l\u00ednea editorial (supongamos, por ejemplo, un diario o una radio constitucionalista que se convierte al independentismo, o a la inversa). O bien, cuando la empresa lo traslada a otro medio del mismo grupo que implica una ruptura patente con su orientaci\u00f3n profesional: imaginemos un periodista de informativos al que trasladan a un programa de cotilleos o telebasura.<\/li>\n<li>La segunda: el trabajador podr\u00eda seguir trabajando en el mismo medio, pero podr\u00eda negarse a \u201cparticipar en la elaboraci\u00f3n de informaciones contrarias a los principios \u00e9ticos de la comunicaci\u00f3n, sin que ello pueda suponer sanci\u00f3n o perjuicio\u201d.<\/li>\n<\/ul>\n<p><strong>Si me enfundo la gorra de periodista, entonces me dan ganas de re\u00edr, o de llorar, depende del momento<\/strong>. Cuando pienso en los estudiantes de periodismo a los que imparto clases en dos universidades, que a duras penas encuentran trabajo digno y remunerado, y les explico en qu\u00e9 consiste esta cl\u00e1usula, no s\u00e9 qu\u00e9 cara poner. Sus trabajos son precarios, salvo excepciones, a menudo sin contrato, y han de saber de todo, escribir de todo y<strong> no creo que ninguno de ellos, o de ellas, se atreva nunca a decir que algo sobre lo que le han pedido que escriba es \u201ccontrario a los principios \u00e9ticos de la comunicaci\u00f3n<\/strong>\u201d.<\/p>\n<p>Por eso<strong> apenas hay jurisprudencia sobre este tema<\/strong>, porque esta ley y esta cl\u00e1usula no se aplica casi nunca. Hay una\u00a0<a href=\"http:\/\/hj.tribunalconstitucional.es\/es-ES\/Resolucion\/Show\/4761\" target=\"_blank\" rel=\"noopener\">sentencia<\/a>\u00a0del Tribunal Constitucional de 2002 que otorg\u00f3 el amparo solicitado por <strong>Francisco Escobar Jim\u00e9nez<\/strong>, y reconoci\u00f3 su derecho a la cl\u00e1usula de conciencia. Escobar era redactor en el diario YA en 1996, que entonces se defin\u00eda como defensor \u201cde la justicia social y los valores \u00e9ticos y morales human\u00edsticos cristianos\u201d.<\/p>\n<p>En 1997, el diario comienza una nueva etapa bajo la direcci\u00f3n de Javier Gonz\u00e1lez Bleda, quien ofreci\u00f3 a Escobar el cargo de subdirector, que \u00e9ste acept\u00f3.<\/p>\n<p>Pero el diario cambi\u00f3 de manera brusca de l\u00ednea ideol\u00f3gica, y, seg\u00fan Escobar, empezaron a publicar art\u00edculos que le provocaron \u201cindignaci\u00f3n\u201d.<strong> Por ese motivo, \u00a0decidi\u00f3 \u201crescindir su relaci\u00f3n jur\u00eddica y laboral con las empresas editoras\u201d<\/strong>. Posteriormente, interpuso demanda reclamando la resoluci\u00f3n del contrato de trabajo que le un\u00eda con las editoras del diario. En el acto del juicio, al que no compareci\u00f3 la parte demandada, adujo que el peri\u00f3dico cambi\u00f3 radicalmente su orientaci\u00f3n desde la llegada del nuevo director, adquiriendo un matiz ultraderechista, raz\u00f3n por la cual hab\u00eda abandonado su puesto de trabajo entendi\u00e9ndose amparado por su derecho fundamental a la cl\u00e1usula de conciencia<\/p>\n<p>Aunque su demanda fue desestimada en dos instancias judiciales, un juzgado de lo Social y el Tribunal Superior de Justicia de Madrid, el TC le acab\u00f3 dando la raz\u00f3n.<\/p>\n<h4>Seg\u00fan el alto Tribunal, qued\u00f3 acreditado el \u201ccambio ideol\u00f3gico\u201d del diario en el que prestaba sus servicios Escobar, lo que le provoc\u00f3 \u201cuna situaci\u00f3n inc\u00f3moda y angustiosa\u201d.<\/h4>\n<p>El constitucional considera que \u201cel periodista tiene derecho a preservar su independencia ante situaciones de mutaci\u00f3n ideol\u00f3gica desde el momento en que la considere realmente amenazada, evitando conflictos con la empresa de comunicaci\u00f3n (que leg\u00edtimamente puede alterar su l\u00ednea ideol\u00f3gica) y riesgos de incumplimiento que, de permanecer en ella, pudieran darse y provocarle perjuicios por raz\u00f3n de su leg\u00edtima discrepancia ideol\u00f3gica con la nueva tendencia editorial.\u201d<\/p>\n<h4>No he sabido encontrar m\u00e1s sentencias, y ya hace 20 a\u00f1os desde la citada. Ha llovido mucho desde entonces, y el diario YA pas\u00f3 a mejor vida.<\/h4>\n<p>Por ello me interesa tanto saber c\u00f3mo acabar\u00e1 la historia de Santiago Torres. Torres es periodista de TV3. Seg\u00fan informaba, entre otros medios,\u00a0<a href=\"https:\/\/www.lavanguardia.com\/television\/20210613\/7525571\/tv3-clausula-conciencia-santiago-torres-censura.html\" target=\"_blank\" rel=\"noopener\">La Vanguardia,<\/a>\u00a0el pasado 13 de junio,<strong> es el primer caso en su historia de un periodista de TV3 que invoca la cl\u00e1usula de conciencia y exige dejar la empresa<\/strong>.<\/p>\n<p><strong>Santiago Torres<\/strong> es uno de los periodistas m\u00e1s veteranos de TV3 y ha ganado diversos premios. Trabajaba desde hac\u00eda 30 a\u00f1os como reportero en el programa 30 Minuts, de la cadena auton\u00f3mica catalana. <strong>En el 2017 le encargaron el reportaje\u00a0<em>Setge al refer\u00e9ndum<\/em>, que abordaba la aplicaci\u00f3n del 155 en Catalunya<\/strong>. Seg\u00fan el abogado de Torres, el jefe de informativos, David Bassa, \u201cle convoc\u00f3 a una serie de reuniones para darle directrices y anunciarle que ser\u00eda \u00e9l, como jefe de informativos, la persona que contactar\u00eda con los pol\u00edticos que participar\u00edan en este documental sobre el proceso\u201d. Torres sostiene que como periodista nunca le hab\u00eda ocurrido algo as\u00ed, consider\u00f3 que esa actuaci\u00f3n limitaba su independencia, y se neg\u00f3 a aceptar la tutela del director de informativos.<\/p>\n<p>Ya no trabaj\u00f3 en m\u00e1s documentales.<strong> Santiago Torres lleva cuatro a\u00f1os con diversos pleitos con TV3 por este tema<\/strong>. Interpuso una primera denuncia por acoso a TV3, pero la perdi\u00f3 ante la justicia. Lo ha seguido intentando y se ampar\u00f3 en la de cl\u00e1usula de conciencia de los profesionales de la informaci\u00f3n. \u00a0Fue destinado como redactor de mesa del 3\/24, el canal de noticias 24 horas de la CCMA.<\/p>\n<p>El abogado de Torres alega que <strong>el director de informativos, David Bassa<\/strong>, \u201cha demostrado una clara voluntad de control sobre los periodistas, con el objetivo de que los mensajes emitidos respondan siempre a una determinada visi\u00f3n pol\u00edtica e ideol\u00f3gica\u201d. \u201cNunca antes, un responsable de informativos hab\u00eda tenido un comportamiento tan extremadamente sectario de control de la informaci\u00f3n, y obsesivo respecto a determinados periodistas de la casa\u201d.<\/p>\n<p>TV3\u00a0<a href=\"https:\/\/www.lavanguardia.com\/television\/20210613\/7526634\/tv3-niega-ningun-tipo-censura-control-politico-documentales.html\" target=\"_blank\" rel=\"noopener\">niega\u00a0<\/a>por su parte cualquier tipo de censura ni de control pol\u00edtico a la hora de elaborar cualquier tipo de informaci\u00f3n. <strong>El director del 30 Minuts desde 2017, Carles Sol\u00e0, ha negado con rotundidad que TV3 ejerza ning\u00fan tipo de control pol\u00edtico sobre sus profesionales<\/strong>. Seg\u00fan Sol\u00e1, \u201cdurante los m\u00e1s de 30 a\u00f1os que llevo ejerciendo el periodismo en TV3, los \u00faltimos cuatro como director del \u201930 Minuts\u2019, siempre lo he hecho con total autonom\u00eda y nunca ha habido ning\u00fan tipo de censura ni control pol\u00edtico en los contenidos\u201d.<\/p>\n<p><strong>Veremos qui\u00e9n gana. Yo lo tengo clar\u00edsimo, pero hay que ser muy valiente para denunciarlo.<\/strong><\/p>\n<span class='bctt-click-to-tweet'><span class='bctt-ctt-text'><a href='https:\/\/twitter.com\/intent\/tweet?url=https%3A%2F%2Fconversesacatalunya.cat%2Fes%2Fperiodismo-y-clausula-de-conciencia%2F&#038;text=Ya%20no%20trabaj%C3%B3%20en%20m%C3%A1s%20documentales.%20Santiago%20Torres%20lleva%20cuatro%20a%C3%B1os%20con%20diversos%20pleitos%20con%20TV3%20por%20este%20tema&#038;via=conversesacat&#038;related=conversesacat' target='_blank'rel=\"noopener noreferrer\">Ya no trabaj\u00f3 en m\u00e1s documentales. Santiago Torres lleva cuatro a\u00f1os con diversos pleitos con TV3 por este tema <\/a><\/span><a href='https:\/\/twitter.com\/intent\/tweet?url=https%3A%2F%2Fconversesacatalunya.cat%2Fes%2Fperiodismo-y-clausula-de-conciencia%2F&#038;text=Ya%20no%20trabaj%C3%B3%20en%20m%C3%A1s%20documentales.%20Santiago%20Torres%20lleva%20cuatro%20a%C3%B1os%20con%20diversos%20pleitos%20con%20TV3%20por%20este%20tema&#038;via=conversesacat&#038;related=conversesacat' target='_blank' class='bctt-ctt-btn'rel=\"noopener noreferrer\">Compartir en X<\/a><\/span>\n","protected":false},"excerpt":{"rendered":"<p>El mismo art\u00edculo de la Constituci\u00f3n Espa\u00f1ola que proclama la libertad de expresi\u00f3n y el derecho a comunicar y a recibir informaci\u00f3n veraz por cualquier medio de difusi\u00f3n (art. 20), garantiza a la vez el derecho a la cl\u00e1usula de conciencia y al secreto profesional en el ejercicio de dichas libertades. De hecho, siguiendo el mandato constitucional (al contrario de lo que sucede con el secreto profesional de los periodistas), en 1997 se aprob\u00f3 la Ley Org\u00e1nica 2\/1997, de 19 de junio, reguladora de la cl\u00e1usula de conciencia de los profesionales de la informaci\u00f3n. El objetivo de esta ley era \u201cgarantizar la independencia en el desempe\u00f1o de su funci\u00f3n profesional\u201d. Se supone que la idea es proteger de manera inmediata a un comunicador concreto, pero a la vez, a toda la opini\u00f3n p\u00fablica, ya que de esa manera el profesional no se siente obligado a actuar contra sus principios y valores que no han de quedar sujetos a las imposiciones de su empresa period\u00edstica. Nos podemos tomar esta ley de dos maneras, en serio o en broma. Dada mi doble condici\u00f3n de jurista y periodista (un equilibrio que intento mantener desde hace a\u00f1os como garant\u00eda personal, precisamente, de mi propia independencia), mis sentimientos son encontrados. Mi alma jur\u00eddica me dice que las leyes est\u00e1n para ser cumplidas y aplicadas. Y esta ley prev\u00e9 dos soluciones posibles al conflicto cuando un profesional alega dicha cl\u00e1usula de conciencia: La primera: una especie de despido indemnizado que permite al trabajador rescindir su contrato (si lo tiene) de manera unilateral,\u00a0 y cobrar una cantidad a pactar como si el despido hubiera sido improcedente. Es decir, una forma de dimisi\u00f3n indemnizada. Esto ocurre cuando, por ejemplo, el medio en el que trabaja cambia de propiedad y ello conlleva un cambio sustancial en su l\u00ednea editorial (supongamos, por ejemplo, un diario o una radio constitucionalista que se convierte al independentismo, o a la inversa). O bien, cuando la empresa lo traslada a otro medio del mismo grupo que implica una ruptura patente con su orientaci\u00f3n profesional: imaginemos un periodista de informativos al que trasladan a un programa de cotilleos o telebasura. La segunda: el trabajador podr\u00eda seguir trabajando en el mismo medio, pero podr\u00eda negarse a \u201cparticipar en la elaboraci\u00f3n de informaciones contrarias a los principios \u00e9ticos de la comunicaci\u00f3n, sin que ello pueda suponer sanci\u00f3n o perjuicio\u201d. Si me enfundo la gorra de periodista, entonces me dan ganas de re\u00edr, o de llorar, depende del momento. Cuando pienso en los estudiantes de periodismo a los que imparto clases en dos universidades, que a duras penas encuentran trabajo digno y remunerado, y les explico en qu\u00e9 consiste esta cl\u00e1usula, no s\u00e9 qu\u00e9 cara poner. Sus trabajos son precarios, salvo excepciones, a menudo sin contrato, y han de saber de todo, escribir de todo y no creo que ninguno de ellos, o de ellas, se atreva nunca a decir que algo sobre lo que le han pedido que escriba es \u201ccontrario a los principios \u00e9ticos de la comunicaci\u00f3n\u201d. Por eso apenas hay jurisprudencia sobre este tema, porque esta ley y esta cl\u00e1usula no se aplica casi nunca. Hay una\u00a0sentencia\u00a0del Tribunal Constitucional de 2002 que otorg\u00f3 el amparo solicitado por Francisco Escobar Jim\u00e9nez, y reconoci\u00f3 su derecho a la cl\u00e1usula de conciencia. Escobar era redactor en el diario YA en 1996, que entonces se defin\u00eda como defensor \u201cde la justicia social y los valores \u00e9ticos y morales human\u00edsticos cristianos\u201d. En 1997, el diario comienza una nueva etapa bajo la direcci\u00f3n de Javier Gonz\u00e1lez Bleda, quien ofreci\u00f3 a Escobar el cargo de subdirector, que \u00e9ste acept\u00f3. Pero el diario cambi\u00f3 de manera brusca de l\u00ednea ideol\u00f3gica, y, seg\u00fan Escobar, empezaron a publicar art\u00edculos que le provocaron \u201cindignaci\u00f3n\u201d. Por ese motivo, \u00a0decidi\u00f3 \u201crescindir su relaci\u00f3n jur\u00eddica y laboral con las empresas editoras\u201d. Posteriormente, interpuso demanda reclamando la resoluci\u00f3n del contrato de trabajo que le un\u00eda con las editoras del diario. En el acto del juicio, al que no compareci\u00f3 la parte demandada, adujo que el peri\u00f3dico cambi\u00f3 radicalmente su orientaci\u00f3n desde la llegada del nuevo director, adquiriendo un matiz ultraderechista, raz\u00f3n por la cual hab\u00eda abandonado su puesto de trabajo entendi\u00e9ndose amparado por su derecho fundamental a la cl\u00e1usula de conciencia Aunque su demanda fue desestimada en dos instancias judiciales, un juzgado de lo Social y el Tribunal Superior de Justicia de Madrid, el TC le acab\u00f3 dando la raz\u00f3n. Seg\u00fan el alto Tribunal, qued\u00f3 acreditado el \u201ccambio ideol\u00f3gico\u201d del diario en el que prestaba sus servicios Escobar, lo que le provoc\u00f3 \u201cuna situaci\u00f3n inc\u00f3moda y angustiosa\u201d. El constitucional considera que \u201cel periodista tiene derecho a preservar su independencia ante situaciones de mutaci\u00f3n ideol\u00f3gica desde el momento en que la considere realmente amenazada, evitando conflictos con la empresa de comunicaci\u00f3n (que leg\u00edtimamente puede alterar su l\u00ednea ideol\u00f3gica) y riesgos de incumplimiento que, de permanecer en ella, pudieran darse y provocarle perjuicios por raz\u00f3n de su leg\u00edtima discrepancia ideol\u00f3gica con la nueva tendencia editorial.\u201d No he sabido encontrar m\u00e1s sentencias, y ya hace 20 a\u00f1os desde la citada. Ha llovido mucho desde entonces, y el diario YA pas\u00f3 a mejor vida. Por ello me interesa tanto saber c\u00f3mo acabar\u00e1 la historia de Santiago Torres. Torres es periodista de TV3. Seg\u00fan informaba, entre otros medios,\u00a0La Vanguardia,\u00a0el pasado 13 de junio, es el primer caso en su historia de un periodista de TV3 que invoca la cl\u00e1usula de conciencia y exige dejar la empresa. Santiago Torres es uno de los periodistas m\u00e1s veteranos de TV3 y ha ganado diversos premios. Trabajaba desde hac\u00eda 30 a\u00f1os como reportero en el programa 30 Minuts, de la cadena auton\u00f3mica catalana. En el 2017 le encargaron el reportaje\u00a0Setge al refer\u00e9ndum, que abordaba la aplicaci\u00f3n del 155 en Catalunya. Seg\u00fan el abogado de Torres, el jefe de informativos, David Bassa, \u201cle convoc\u00f3 a una serie de reuniones para darle directrices y anunciarle que ser\u00eda \u00e9l, como jefe de informativos, la persona que contactar\u00eda con los pol\u00edticos que participar\u00edan en este documental sobre el proceso\u201d. Torres sostiene que&#8230;<\/p>\n","protected":false},"author":5,"featured_media":49082,"comment_status":"open","ping_status":"open","sticky":false,"template":"","format":"standard","meta":{"_FSMCFIC_featured_image_caption":"","_FSMCFIC_featured_image_nocaption":"","_FSMCFIC_featured_image_hide":"","footnotes":""},"categories":[804],"tags":[2726],"class_list":["post-49080","post","type-post","status-publish","format-standard","has-post-thumbnail","hentry","category-opinem-es","tag-tv3-es"],"yoast_head":"<!-- This site is optimized with the Yoast SEO plugin v26.8 - https:\/\/yoast.com\/product\/yoast-seo-wordpress\/ -->\n<title>Periodismo y cla\u00fasula de conciencia - Converses a Catalunya<\/title>\n<meta name=\"description\" content=\"Santiago Torres trabajaba desde hac\u00eda 30 a\u00f1os como reportero en el programa 30 Minuts, de la cadena auton\u00f3mica catalana\" \/>\n<meta name=\"robots\" content=\"index, follow, max-snippet:-1, max-image-preview:large, max-video-preview:-1\" \/>\n<link rel=\"canonical\" href=\"https:\/\/conversesacatalunya.cat\/es\/periodismo-y-clausula-de-conciencia\/\" \/>\n<meta property=\"og:locale\" content=\"es_ES\" \/>\n<meta property=\"og:type\" content=\"article\" \/>\n<meta property=\"og:title\" content=\"Periodismo y cla\u00fasula de conciencia - Converses a Catalunya\" \/>\n<meta property=\"og:description\" content=\"Santiago Torres trabajaba desde hac\u00eda 30 a\u00f1os como reportero en el programa 30 Minuts, de la cadena auton\u00f3mica catalana\" \/>\n<meta property=\"og:url\" content=\"https:\/\/conversesacatalunya.cat\/es\/periodismo-y-clausula-de-conciencia\/\" \/>\n<meta property=\"og:site_name\" content=\"Converses a Catalunya\" \/>\n<meta property=\"article:published_time\" content=\"2021-06-15T07:49:20+00:00\" \/>\n<meta property=\"article:modified_time\" content=\"2024-01-22T13:13:18+00:00\" \/>\n<meta property=\"og:image\" content=\"https:\/\/conversesacatalunya.cat\/wp-content\/uploads\/2021\/06\/TV3.jpg\" \/>\n\t<meta property=\"og:image:width\" content=\"1200\" \/>\n\t<meta property=\"og:image:height\" content=\"630\" \/>\n\t<meta property=\"og:image:type\" content=\"image\/jpeg\" \/>\n<meta name=\"author\" content=\"Josep Manel Silva\" \/>\n<meta name=\"twitter:card\" content=\"summary_large_image\" \/>\n<meta name=\"twitter:label1\" content=\"Escrito por\" \/>\n\t<meta name=\"twitter:data1\" content=\"Josep Manel Silva\" \/>\n\t<meta name=\"twitter:label2\" content=\"Tiempo de lectura\" \/>\n\t<meta name=\"twitter:data2\" content=\"6 minutos\" \/>\n<script type=\"application\/ld+json\" class=\"yoast-schema-graph\">{\"@context\":\"https:\/\/schema.org\",\"@graph\":[{\"@type\":\"Article\",\"@id\":\"https:\/\/conversesacatalunya.cat\/es\/periodismo-y-clausula-de-conciencia\/#article\",\"isPartOf\":{\"@id\":\"https:\/\/conversesacatalunya.cat\/es\/periodismo-y-clausula-de-conciencia\/\"},\"author\":{\"name\":\"Josep Manel Silva\",\"@id\":\"https:\/\/conversesacatalunya.cat\/#\/schema\/person\/002600efd43d2fd853533142f835a7d0\"},\"headline\":\"Periodismo y cla\u00fasula de conciencia\",\"datePublished\":\"2021-06-15T07:49:20+00:00\",\"dateModified\":\"2024-01-22T13:13:18+00:00\",\"mainEntityOfPage\":{\"@id\":\"https:\/\/conversesacatalunya.cat\/es\/periodismo-y-clausula-de-conciencia\/\"},\"wordCount\":1389,\"commentCount\":0,\"image\":{\"@id\":\"https:\/\/conversesacatalunya.cat\/es\/periodismo-y-clausula-de-conciencia\/#primaryimage\"},\"thumbnailUrl\":\"https:\/\/conversesacatalunya.cat\/wp-content\/uploads\/2021\/06\/TV3.jpg\",\"keywords\":[\"TV3\"],\"articleSection\":[\"Opinem (ES)\"],\"inLanguage\":\"es\",\"potentialAction\":[{\"@type\":\"CommentAction\",\"name\":\"Comment\",\"target\":[\"https:\/\/conversesacatalunya.cat\/es\/periodismo-y-clausula-de-conciencia\/#respond\"]}]},{\"@type\":\"WebPage\",\"@id\":\"https:\/\/conversesacatalunya.cat\/es\/periodismo-y-clausula-de-conciencia\/\",\"url\":\"https:\/\/conversesacatalunya.cat\/es\/periodismo-y-clausula-de-conciencia\/\",\"name\":\"Periodismo y cla\u00fasula de conciencia - Converses a Catalunya\",\"isPartOf\":{\"@id\":\"https:\/\/conversesacatalunya.cat\/#website\"},\"primaryImageOfPage\":{\"@id\":\"https:\/\/conversesacatalunya.cat\/es\/periodismo-y-clausula-de-conciencia\/#primaryimage\"},\"image\":{\"@id\":\"https:\/\/conversesacatalunya.cat\/es\/periodismo-y-clausula-de-conciencia\/#primaryimage\"},\"thumbnailUrl\":\"https:\/\/conversesacatalunya.cat\/wp-content\/uploads\/2021\/06\/TV3.jpg\",\"datePublished\":\"2021-06-15T07:49:20+00:00\",\"dateModified\":\"2024-01-22T13:13:18+00:00\",\"author\":{\"@id\":\"https:\/\/conversesacatalunya.cat\/#\/schema\/person\/002600efd43d2fd853533142f835a7d0\"},\"description\":\"Santiago Torres trabajaba desde hac\u00eda 30 a\u00f1os como reportero en el programa 30 Minuts, de la cadena auton\u00f3mica catalana\",\"breadcrumb\":{\"@id\":\"https:\/\/conversesacatalunya.cat\/es\/periodismo-y-clausula-de-conciencia\/#breadcrumb\"},\"inLanguage\":\"es\",\"potentialAction\":[{\"@type\":\"ReadAction\",\"target\":[\"https:\/\/conversesacatalunya.cat\/es\/periodismo-y-clausula-de-conciencia\/\"]}]},{\"@type\":\"ImageObject\",\"inLanguage\":\"es\",\"@id\":\"https:\/\/conversesacatalunya.cat\/es\/periodismo-y-clausula-de-conciencia\/#primaryimage\",\"url\":\"https:\/\/conversesacatalunya.cat\/wp-content\/uploads\/2021\/06\/TV3.jpg\",\"contentUrl\":\"https:\/\/conversesacatalunya.cat\/wp-content\/uploads\/2021\/06\/TV3.jpg\",\"width\":1200,\"height\":630},{\"@type\":\"BreadcrumbList\",\"@id\":\"https:\/\/conversesacatalunya.cat\/es\/periodismo-y-clausula-de-conciencia\/#breadcrumb\",\"itemListElement\":[{\"@type\":\"ListItem\",\"position\":1,\"name\":\"Inici\",\"item\":\"https:\/\/conversesacatalunya.cat\/es\/\"},{\"@type\":\"ListItem\",\"position\":2,\"name\":\"Periodismo y cla\u00fasula de conciencia\"}]},{\"@type\":\"WebSite\",\"@id\":\"https:\/\/conversesacatalunya.cat\/#website\",\"url\":\"https:\/\/conversesacatalunya.cat\/\",\"name\":\"Converses a Catalunya\",\"description\":\"\",\"potentialAction\":[{\"@type\":\"SearchAction\",\"target\":{\"@type\":\"EntryPoint\",\"urlTemplate\":\"https:\/\/conversesacatalunya.cat\/?s={search_term_string}\"},\"query-input\":{\"@type\":\"PropertyValueSpecification\",\"valueRequired\":true,\"valueName\":\"search_term_string\"}}],\"inLanguage\":\"es\"},{\"@type\":\"Person\",\"@id\":\"https:\/\/conversesacatalunya.cat\/#\/schema\/person\/002600efd43d2fd853533142f835a7d0\",\"name\":\"Josep Manel Silva\",\"image\":{\"@type\":\"ImageObject\",\"inLanguage\":\"es\",\"@id\":\"https:\/\/conversesacatalunya.cat\/#\/schema\/person\/image\/\",\"url\":\"https:\/\/conversesacatalunya.cat\/wp-content\/litespeed\/avatar\/185e68439f2852088c1bbbab53e0e4c5.jpg?ver=1777384733\",\"contentUrl\":\"https:\/\/conversesacatalunya.cat\/wp-content\/litespeed\/avatar\/185e68439f2852088c1bbbab53e0e4c5.jpg?ver=1777384733\",\"caption\":\"Josep Manel Silva\"},\"url\":\"https:\/\/conversesacatalunya.cat\/es\/author\/josep-manel-silva\/\"}]}<\/script>\n<!-- \/ Yoast SEO plugin. -->","yoast_head_json":{"title":"Periodismo y cla\u00fasula de conciencia - Converses a Catalunya","description":"Santiago Torres trabajaba desde hac\u00eda 30 a\u00f1os como reportero en el programa 30 Minuts, de la cadena auton\u00f3mica catalana","robots":{"index":"index","follow":"follow","max-snippet":"max-snippet:-1","max-image-preview":"max-image-preview:large","max-video-preview":"max-video-preview:-1"},"canonical":"https:\/\/conversesacatalunya.cat\/es\/periodismo-y-clausula-de-conciencia\/","og_locale":"es_ES","og_type":"article","og_title":"Periodismo y cla\u00fasula de conciencia - Converses a Catalunya","og_description":"Santiago Torres trabajaba desde hac\u00eda 30 a\u00f1os como reportero en el programa 30 Minuts, de la cadena auton\u00f3mica catalana","og_url":"https:\/\/conversesacatalunya.cat\/es\/periodismo-y-clausula-de-conciencia\/","og_site_name":"Converses a Catalunya","article_published_time":"2021-06-15T07:49:20+00:00","article_modified_time":"2024-01-22T13:13:18+00:00","og_image":[{"width":1200,"height":630,"url":"https:\/\/conversesacatalunya.cat\/wp-content\/uploads\/2021\/06\/TV3.jpg","type":"image\/jpeg"}],"author":"Josep Manel Silva","twitter_card":"summary_large_image","twitter_misc":{"Escrito por":"Josep Manel Silva","Tiempo de lectura":"6 minutos"},"schema":{"@context":"https:\/\/schema.org","@graph":[{"@type":"Article","@id":"https:\/\/conversesacatalunya.cat\/es\/periodismo-y-clausula-de-conciencia\/#article","isPartOf":{"@id":"https:\/\/conversesacatalunya.cat\/es\/periodismo-y-clausula-de-conciencia\/"},"author":{"name":"Josep Manel Silva","@id":"https:\/\/conversesacatalunya.cat\/#\/schema\/person\/002600efd43d2fd853533142f835a7d0"},"headline":"Periodismo y cla\u00fasula de conciencia","datePublished":"2021-06-15T07:49:20+00:00","dateModified":"2024-01-22T13:13:18+00:00","mainEntityOfPage":{"@id":"https:\/\/conversesacatalunya.cat\/es\/periodismo-y-clausula-de-conciencia\/"},"wordCount":1389,"commentCount":0,"image":{"@id":"https:\/\/conversesacatalunya.cat\/es\/periodismo-y-clausula-de-conciencia\/#primaryimage"},"thumbnailUrl":"https:\/\/conversesacatalunya.cat\/wp-content\/uploads\/2021\/06\/TV3.jpg","keywords":["TV3"],"articleSection":["Opinem (ES)"],"inLanguage":"es","potentialAction":[{"@type":"CommentAction","name":"Comment","target":["https:\/\/conversesacatalunya.cat\/es\/periodismo-y-clausula-de-conciencia\/#respond"]}]},{"@type":"WebPage","@id":"https:\/\/conversesacatalunya.cat\/es\/periodismo-y-clausula-de-conciencia\/","url":"https:\/\/conversesacatalunya.cat\/es\/periodismo-y-clausula-de-conciencia\/","name":"Periodismo y cla\u00fasula de conciencia - Converses a Catalunya","isPartOf":{"@id":"https:\/\/conversesacatalunya.cat\/#website"},"primaryImageOfPage":{"@id":"https:\/\/conversesacatalunya.cat\/es\/periodismo-y-clausula-de-conciencia\/#primaryimage"},"image":{"@id":"https:\/\/conversesacatalunya.cat\/es\/periodismo-y-clausula-de-conciencia\/#primaryimage"},"thumbnailUrl":"https:\/\/conversesacatalunya.cat\/wp-content\/uploads\/2021\/06\/TV3.jpg","datePublished":"2021-06-15T07:49:20+00:00","dateModified":"2024-01-22T13:13:18+00:00","author":{"@id":"https:\/\/conversesacatalunya.cat\/#\/schema\/person\/002600efd43d2fd853533142f835a7d0"},"description":"Santiago Torres trabajaba desde hac\u00eda 30 a\u00f1os como reportero en el programa 30 Minuts, de la cadena auton\u00f3mica catalana","breadcrumb":{"@id":"https:\/\/conversesacatalunya.cat\/es\/periodismo-y-clausula-de-conciencia\/#breadcrumb"},"inLanguage":"es","potentialAction":[{"@type":"ReadAction","target":["https:\/\/conversesacatalunya.cat\/es\/periodismo-y-clausula-de-conciencia\/"]}]},{"@type":"ImageObject","inLanguage":"es","@id":"https:\/\/conversesacatalunya.cat\/es\/periodismo-y-clausula-de-conciencia\/#primaryimage","url":"https:\/\/conversesacatalunya.cat\/wp-content\/uploads\/2021\/06\/TV3.jpg","contentUrl":"https:\/\/conversesacatalunya.cat\/wp-content\/uploads\/2021\/06\/TV3.jpg","width":1200,"height":630},{"@type":"BreadcrumbList","@id":"https:\/\/conversesacatalunya.cat\/es\/periodismo-y-clausula-de-conciencia\/#breadcrumb","itemListElement":[{"@type":"ListItem","position":1,"name":"Inici","item":"https:\/\/conversesacatalunya.cat\/es\/"},{"@type":"ListItem","position":2,"name":"Periodismo y cla\u00fasula de conciencia"}]},{"@type":"WebSite","@id":"https:\/\/conversesacatalunya.cat\/#website","url":"https:\/\/conversesacatalunya.cat\/","name":"Converses a Catalunya","description":"","potentialAction":[{"@type":"SearchAction","target":{"@type":"EntryPoint","urlTemplate":"https:\/\/conversesacatalunya.cat\/?s={search_term_string}"},"query-input":{"@type":"PropertyValueSpecification","valueRequired":true,"valueName":"search_term_string"}}],"inLanguage":"es"},{"@type":"Person","@id":"https:\/\/conversesacatalunya.cat\/#\/schema\/person\/002600efd43d2fd853533142f835a7d0","name":"Josep Manel Silva","image":{"@type":"ImageObject","inLanguage":"es","@id":"https:\/\/conversesacatalunya.cat\/#\/schema\/person\/image\/","url":"https:\/\/conversesacatalunya.cat\/wp-content\/litespeed\/avatar\/185e68439f2852088c1bbbab53e0e4c5.jpg?ver=1777384733","contentUrl":"https:\/\/conversesacatalunya.cat\/wp-content\/litespeed\/avatar\/185e68439f2852088c1bbbab53e0e4c5.jpg?ver=1777384733","caption":"Josep Manel Silva"},"url":"https:\/\/conversesacatalunya.cat\/es\/author\/josep-manel-silva\/"}]}},"wps_subtitle":"","_links":{"self":[{"href":"https:\/\/conversesacatalunya.cat\/es\/wp-json\/wp\/v2\/posts\/49080","targetHints":{"allow":["GET"]}}],"collection":[{"href":"https:\/\/conversesacatalunya.cat\/es\/wp-json\/wp\/v2\/posts"}],"about":[{"href":"https:\/\/conversesacatalunya.cat\/es\/wp-json\/wp\/v2\/types\/post"}],"author":[{"embeddable":true,"href":"https:\/\/conversesacatalunya.cat\/es\/wp-json\/wp\/v2\/users\/5"}],"replies":[{"embeddable":true,"href":"https:\/\/conversesacatalunya.cat\/es\/wp-json\/wp\/v2\/comments?post=49080"}],"version-history":[{"count":3,"href":"https:\/\/conversesacatalunya.cat\/es\/wp-json\/wp\/v2\/posts\/49080\/revisions"}],"predecessor-version":[{"id":49085,"href":"https:\/\/conversesacatalunya.cat\/es\/wp-json\/wp\/v2\/posts\/49080\/revisions\/49085"}],"wp:featuredmedia":[{"embeddable":true,"href":"https:\/\/conversesacatalunya.cat\/es\/wp-json\/wp\/v2\/media\/49082"}],"wp:attachment":[{"href":"https:\/\/conversesacatalunya.cat\/es\/wp-json\/wp\/v2\/media?parent=49080"}],"wp:term":[{"taxonomy":"category","embeddable":true,"href":"https:\/\/conversesacatalunya.cat\/es\/wp-json\/wp\/v2\/categories?post=49080"},{"taxonomy":"post_tag","embeddable":true,"href":"https:\/\/conversesacatalunya.cat\/es\/wp-json\/wp\/v2\/tags?post=49080"}],"curies":[{"name":"wp","href":"https:\/\/api.w.org\/{rel}","templated":true}]}}