{"id":49050,"date":"2021-06-17T09:46:02","date_gmt":"2021-06-17T07:46:02","guid":{"rendered":"https:\/\/conversesacatalunya.cat\/?p=49050"},"modified":"2021-06-17T11:17:31","modified_gmt":"2021-06-17T09:17:31","slug":"la-incertidumbre-de-la-subida-del-smi","status":"publish","type":"post","link":"https:\/\/conversesacatalunya.cat\/es\/la-incertidumbre-de-la-subida-del-smi\/","title":{"rendered":"La incertidumbre de la subida del SMI"},"content":{"rendered":"<p>La vicepresidenta tercera y ministra de Trabajo y Econom\u00eda Social, Yolanda D\u00edaz,<strong> ha anunciado que en los pr\u00f3ximos d\u00edas se dar\u00e1 a conocer la subida del salario m\u00ednimo interprofesional (SMI)<\/strong> para este a\u00f1o, que est\u00e1 congelado desde el 1 de enero. La ministra record\u00f3 que el Gobierno de Espa\u00f1a, cumpliendo con las recomendaciones europeas, ha desplegado una comisi\u00f3n de expertos \u00abde m\u00e1ximo nivel\u00bb que est\u00e1 formando parte del dise\u00f1o de la nueva estructura salarial.<\/p>\n<p>En este sentido, Yolanda D\u00edaz destac\u00f3 que el Gobierno ha entendido \u00abdesde el minuto uno\u00bb que la mejor pol\u00edtica de rentas para combatir la pobreza laboral era la subida del salario m\u00ednimo interprofesional. Seg\u00fan D\u00edaz, esto ha permitido que 1,5 millones de trabajadores hayan visto mejorada su situaci\u00f3n salarial, sobre todo mujeres y j\u00f3venes, lo que demuestra que es \u00abuna herramienta muy eficaz, con un enorme impacto de g\u00e9nero e igualaci\u00f3n social\u00bb.<\/p>\n<p>La ministra indic\u00f3 que la subida media de los convenios colectivos para este a\u00f1o oscila entre el 1,5% y el 1,8%. \u00abPor tanto, no es demasiado justo que dejemos a los que m\u00e1s lo necesitan, no congelados, sino con una p\u00e9rdida de poder adquisitivo\u00bb. La\u00a0 tarea que tiene encomendada esta comisi\u00f3n es determinar la senda de convergencia m\u00e1s adecuada para subir progresivamente el SMI hasta situarlo en 2023 en el 60% del salario medio en Espa\u00f1a. Es decir, cu\u00e1nto subir\u00e1 este a\u00f1o, si es que sube; cu\u00e1nto el siguiente y cu\u00e1nto en 2023.<\/p>\n<p>Es probable que el Ejecutivo, antes de tomar la decisi\u00f3n, que todo apunta que ser\u00e1 elevarlo, lo debata en el seno del di\u00e1logo social. Y ah\u00ed puede encontrarse la oposici\u00f3n de la patronal, que a final de 2020<strong> rechaz\u00f3 con contundencia un incremento en las actuales circunstancias<\/strong>. Sin embargo, si no se trata de un alza fuerte, como el que hubo en 2019, cuando se impuls\u00f3 de golpe un 22%, podr\u00eda transigir, en vista tambi\u00e9n de que la inflaci\u00f3n est\u00e1 disparada y se acerca al 3%, seg\u00fan dejan entrever fuentes de la CEOE, que todav\u00eda no ha fijado su postura.<\/p>\n<p>En este contexto, el alza de los costes empresariales y el repunte de la inflaci\u00f3n, sobre todo en materia energ\u00e9tica con unos precios de la electricidad y los carburantes disparados, est\u00e1n lastrando la competitividad de las empresas y en cierta forma, en el marco de los ERTE y los avales del ICO, la productividad, seg\u00fan advierten expertos de distintos organismos y entidades.<\/p>\n<p>Para el economista jefe para Espa\u00f1a de BBVA Research, Miguel Cardoso, hay que tener en cuenta que algunas de las actividades donde m\u00e1s sube el coste laboral han tenido tambi\u00e9n un incremento importante de los beneficios como consecuencia del incremento de m\u00e1rgenes. El resto de las empresas, han podido enfrentar este aumento sin afectar relativamente el empleo o transmitirlo al <a href=\"https:\/\/conversesacatalunya.cat\/es\/la-deuda-espanola-alcanza-limites-historicos\/\" target=\"_blank\" rel=\"noopener\">consumidor<\/a> (la inflaci\u00f3n subyacente, sin energ\u00eda, se mantiene alrededor del 0%) por la utilizaci\u00f3n generalizada de los ERTE y por el cr\u00e9dito extendido por las entidades financieras utilizando las garant\u00edas provistas por el ICO; el ahorro que algunas de ellas acumularon durante el per\u00edodo anterior a la crisis; y las expectativas de recuperaci\u00f3n.<\/p>\n<p><a href=\"https:\/\/conversesacatalunya.cat\/es\/yolanda-diaz-promete-una-nueva-subida-del-smi\/\" target=\"_blank\" rel=\"noopener\">El debate sobre el SMI<\/a> se reabri\u00f3 hace dos semanas cuando el Ministerio de Trabajo avanz\u00f3 que anunciar\u00e1 en breve la estructura salarial hasta 2023 que aborda el grupo de expertos designado por el Gobierno para ello y que se manten\u00eda la intenci\u00f3n de subir de nuevo este mismo a\u00f1o el SMI, <strong>congelado desde enero ante la falta de consenso en el seno del Gobierno<\/strong> por la postura de la vicepresidenta segunda, Nadia Calvi\u00f1o, de aplazarlo a cuando haya recuperaci\u00f3n, frente a la preferencia de subirlo ya de la vicepresidenta tercera y ministra de Trabajo, Yolanda D\u00edaz.<\/p>\n<p>Adem\u00e1s, la semana pasada el Banco de Espa\u00f1a aviv\u00f3 a\u00fan m\u00e1s el debate al publicar un informe en el que hablaba de una p\u00e9rdida de creaci\u00f3n de empleo de entre el 6% y el 11% (80.000-180.000 empleos) entre los colectivos afectados por el SMI como consecuencia del alza hist\u00f3rico del 22% de 2019, aunque tambi\u00e9n subrayaba otros aspectos como la \u201cequidad\u201d que se logra con esta medida.<\/p>\n<span class='bctt-click-to-tweet'><span class='bctt-ctt-text'><a href='https:\/\/twitter.com\/intent\/tweet?url=https%3A%2F%2Fconversesacatalunya.cat%2Fes%2Fla-incertidumbre-de-la-subida-del-smi%2F&#038;text=En%20este%20contexto%2C%20el%20alza%20de%20los%20costes%20empresariales%20y%20el%20repunte%20de%20la%20inflaci%C3%B3n%2C%20sobre%20todo%20en%20materia%20energ%C3%A9tica%20con%20unos%20precios%20de%20la%20electricidad%20y%20los%20carburantes%20disparados%2C%20est%C3%A1n%20lastrando%20la%20competitividad%20de%20las%20empresas&#038;via=conversesacat&#038;related=conversesacat' target='_blank'rel=\"noopener noreferrer\">En este contexto, el alza de los costes empresariales y el repunte de la inflaci\u00f3n, sobre todo en materia energ\u00e9tica con unos precios de la electricidad y los carburantes disparados, est\u00e1n lastrando la competitividad de las empresas <\/a><\/span><a href='https:\/\/twitter.com\/intent\/tweet?url=https%3A%2F%2Fconversesacatalunya.cat%2Fes%2Fla-incertidumbre-de-la-subida-del-smi%2F&#038;text=En%20este%20contexto%2C%20el%20alza%20de%20los%20costes%20empresariales%20y%20el%20repunte%20de%20la%20inflaci%C3%B3n%2C%20sobre%20todo%20en%20materia%20energ%C3%A9tica%20con%20unos%20precios%20de%20la%20electricidad%20y%20los%20carburantes%20disparados%2C%20est%C3%A1n%20lastrando%20la%20competitividad%20de%20las%20empresas&#038;via=conversesacat&#038;related=conversesacat' target='_blank' class='bctt-ctt-btn'rel=\"noopener noreferrer\">Compartir en X<\/a><\/span>\n<div id=\"polls-107\" class=\"wp-polls\">\n\t<form id=\"polls_form_107\" class=\"wp-polls-form\" action=\"\/index.php\" method=\"post\">\n\t\t<p style=\"display: none;\"><input type=\"hidden\" id=\"poll_107_nonce\" name=\"wp-polls-nonce\" value=\"014aee789d\" \/><\/p>\n\t\t<p style=\"display: none;\"><input type=\"hidden\" name=\"poll_id\" value=\"107\" \/><\/p>\n\t\t<p style=\"text-align: center\"><strong>La carta d'Oriol Junqueras representa la fi de la via independentista a mitj\u00e0 termini?<\/strong><\/p><div id=\"polls-107-ans\" class=\"wp-polls-ans\"><ul class=\"wp-polls-ul\">\n\t\t<li><input type=\"radio\" id=\"poll-answer-252\" name=\"poll_107\" value=\"252\" \/> <label for=\"poll-answer-252\">Si<\/label><\/li>\n\t\t<li><input type=\"radio\" id=\"poll-answer-253\" name=\"poll_107\" value=\"253\" \/> <label for=\"poll-answer-253\">No<\/label><\/li>\n\t\t<li><input type=\"radio\" id=\"poll-answer-254\" name=\"poll_107\" value=\"254\" \/> <label for=\"poll-answer-254\">No ho s\u00e9<\/label><\/li>\n\t\t<\/ul><p style=\"text-align: center\"><input type=\"button\" name=\"vote\" value=\"   Vota   \" class=\"Buttons\" onclick=\"poll_vote(107);\" \/><\/p><p style=\"text-align: center\"><a href=\"#ViewPollResults\" onclick=\"poll_result(107); return false;\" title=\"View Results Of This Poll\">Mira els resultats<\/a><\/p><\/div>\n\t<\/form>\n<\/div>\n<div id=\"polls-107-loading\" class=\"wp-polls-loading\"><img decoding=\"async\" data-src=\"https:\/\/conversesacatalunya.cat\/wp-content\/plugins\/wp-polls\/images\/loading.gif\" width=\"16\" height=\"16\" alt=\"Cargando ...\" title=\"Cargando ...\" class=\"wp-polls-image lazyload\" src=\"data:image\/svg+xml;base64,PHN2ZyB3aWR0aD0iMSIgaGVpZ2h0PSIxIiB4bWxucz0iaHR0cDovL3d3dy53My5vcmcvMjAwMC9zdmciPjwvc3ZnPg==\" style=\"--smush-placeholder-width: 16px; --smush-placeholder-aspect-ratio: 16\/16;\" \/>&nbsp;Cargando ...<\/div>\n\n","protected":false},"excerpt":{"rendered":"<p>La vicepresidenta tercera y ministra de Trabajo y Econom\u00eda Social, Yolanda D\u00edaz, ha anunciado que en los pr\u00f3ximos d\u00edas se dar\u00e1 a conocer la subida del salario m\u00ednimo interprofesional (SMI) para este a\u00f1o, que est\u00e1 congelado desde el 1 de enero. La ministra record\u00f3 que el Gobierno de Espa\u00f1a, cumpliendo con las recomendaciones europeas, ha desplegado una comisi\u00f3n de expertos \u00abde m\u00e1ximo nivel\u00bb que est\u00e1 formando parte del dise\u00f1o de la nueva estructura salarial. En este sentido, Yolanda D\u00edaz destac\u00f3 que el Gobierno ha entendido \u00abdesde el minuto uno\u00bb que la mejor pol\u00edtica de rentas para combatir la pobreza laboral era la subida del salario m\u00ednimo interprofesional. Seg\u00fan D\u00edaz, esto ha permitido que 1,5 millones de trabajadores hayan visto mejorada su situaci\u00f3n salarial, sobre todo mujeres y j\u00f3venes, lo que demuestra que es \u00abuna herramienta muy eficaz, con un enorme impacto de g\u00e9nero e igualaci\u00f3n social\u00bb. La ministra indic\u00f3 que la subida media de los convenios colectivos para este a\u00f1o oscila entre el 1,5% y el 1,8%. \u00abPor tanto, no es demasiado justo que dejemos a los que m\u00e1s lo necesitan, no congelados, sino con una p\u00e9rdida de poder adquisitivo\u00bb. La\u00a0 tarea que tiene encomendada esta comisi\u00f3n es determinar la senda de convergencia m\u00e1s adecuada para subir progresivamente el SMI hasta situarlo en 2023 en el 60% del salario medio en Espa\u00f1a. Es decir, cu\u00e1nto subir\u00e1 este a\u00f1o, si es que sube; cu\u00e1nto el siguiente y cu\u00e1nto en 2023. Es probable que el Ejecutivo, antes de tomar la decisi\u00f3n, que todo apunta que ser\u00e1 elevarlo, lo debata en el seno del di\u00e1logo social. Y ah\u00ed puede encontrarse la oposici\u00f3n de la patronal, que a final de 2020 rechaz\u00f3 con contundencia un incremento en las actuales circunstancias. Sin embargo, si no se trata de un alza fuerte, como el que hubo en 2019, cuando se impuls\u00f3 de golpe un 22%, podr\u00eda transigir, en vista tambi\u00e9n de que la inflaci\u00f3n est\u00e1 disparada y se acerca al 3%, seg\u00fan dejan entrever fuentes de la CEOE, que todav\u00eda no ha fijado su postura. En este contexto, el alza de los costes empresariales y el repunte de la inflaci\u00f3n, sobre todo en materia energ\u00e9tica con unos precios de la electricidad y los carburantes disparados, est\u00e1n lastrando la competitividad de las empresas y en cierta forma, en el marco de los ERTE y los avales del ICO, la productividad, seg\u00fan advierten expertos de distintos organismos y entidades. Para el economista jefe para Espa\u00f1a de BBVA Research, Miguel Cardoso, hay que tener en cuenta que algunas de las actividades donde m\u00e1s sube el coste laboral han tenido tambi\u00e9n un incremento importante de los beneficios como consecuencia del incremento de m\u00e1rgenes. El resto de las empresas, han podido enfrentar este aumento sin afectar relativamente el empleo o transmitirlo al consumidor (la inflaci\u00f3n subyacente, sin energ\u00eda, se mantiene alrededor del 0%) por la utilizaci\u00f3n generalizada de los ERTE y por el cr\u00e9dito extendido por las entidades financieras utilizando las garant\u00edas provistas por el ICO; el ahorro que algunas de ellas acumularon durante el per\u00edodo anterior a la crisis; y las expectativas de recuperaci\u00f3n. El debate sobre el SMI se reabri\u00f3 hace dos semanas cuando el Ministerio de Trabajo avanz\u00f3 que anunciar\u00e1 en breve la estructura salarial hasta 2023 que aborda el grupo de expertos designado por el Gobierno para ello y que se manten\u00eda la intenci\u00f3n de subir de nuevo este mismo a\u00f1o el SMI, congelado desde enero ante la falta de consenso en el seno del Gobierno por la postura de la vicepresidenta segunda, Nadia Calvi\u00f1o, de aplazarlo a cuando haya recuperaci\u00f3n, frente a la preferencia de subirlo ya de la vicepresidenta tercera y ministra de Trabajo, Yolanda D\u00edaz. Adem\u00e1s, la semana pasada el Banco de Espa\u00f1a aviv\u00f3 a\u00fan m\u00e1s el debate al publicar un informe en el que hablaba de una p\u00e9rdida de creaci\u00f3n de empleo de entre el 6% y el 11% (80.000-180.000 empleos) entre los colectivos afectados por el SMI como consecuencia del alza hist\u00f3rico del 22% de 2019, aunque tambi\u00e9n subrayaba otros aspectos como la \u201cequidad\u201d que se logra con esta medida.<\/p>\n","protected":false},"author":20,"featured_media":49030,"comment_status":"open","ping_status":"open","sticky":false,"template":"","format":"standard","meta":{"_FSMCFIC_featured_image_caption":"","_FSMCFIC_featured_image_nocaption":"","_FSMCFIC_featured_image_hide":"","footnotes":""},"categories":[806],"tags":[3871],"class_list":["post-49050","post","type-post","status-publish","format-standard","has-post-thumbnail","hentry","category-punts-claus-del-dia-es","tag-salario-minimo"],"yoast_head":"<!-- This site is optimized with the Yoast SEO plugin v26.8 - https:\/\/yoast.com\/product\/yoast-seo-wordpress\/ -->\n<title>La incertidumbre de la subida del SMI - Converses a Catalunya<\/title>\n<meta name=\"description\" content=\"El anuncio de otra subida del SMI genera cierta incertidumbre entre los expertos. Yolanda D\u00edaz, anunciar\u00e1 si se aplica un nuevo incremento\" \/>\n<meta name=\"robots\" content=\"index, follow, max-snippet:-1, max-image-preview:large, max-video-preview:-1\" \/>\n<link rel=\"canonical\" href=\"https:\/\/conversesacatalunya.cat\/es\/la-incertidumbre-de-la-subida-del-smi\/\" \/>\n<meta property=\"og:locale\" content=\"es_ES\" \/>\n<meta property=\"og:type\" content=\"article\" \/>\n<meta property=\"og:title\" content=\"La incertidumbre de la subida del SMI - Converses a Catalunya\" \/>\n<meta property=\"og:description\" content=\"El anuncio de otra subida del SMI genera cierta incertidumbre entre los expertos. Yolanda D\u00edaz, anunciar\u00e1 si se aplica un nuevo incremento\" \/>\n<meta property=\"og:url\" content=\"https:\/\/conversesacatalunya.cat\/es\/la-incertidumbre-de-la-subida-del-smi\/\" \/>\n<meta property=\"og:site_name\" content=\"Converses a Catalunya\" \/>\n<meta property=\"article:published_time\" content=\"2021-06-17T07:46:02+00:00\" \/>\n<meta property=\"article:modified_time\" content=\"2021-06-17T09:17:31+00:00\" \/>\n<meta property=\"og:image\" content=\"https:\/\/conversesacatalunya.cat\/wp-content\/uploads\/2021\/06\/Capture-6.png\" \/>\n\t<meta property=\"og:image:width\" content=\"1072\" \/>\n\t<meta property=\"og:image:height\" content=\"708\" \/>\n\t<meta property=\"og:image:type\" content=\"image\/png\" \/>\n<meta name=\"author\" content=\"conversesacatalunya\" \/>\n<meta name=\"twitter:card\" content=\"summary_large_image\" \/>\n<meta name=\"twitter:label1\" content=\"Escrito por\" \/>\n\t<meta name=\"twitter:data1\" content=\"conversesacatalunya\" \/>\n\t<meta name=\"twitter:label2\" content=\"Tiempo de lectura\" \/>\n\t<meta name=\"twitter:data2\" content=\"4 minutos\" \/>\n<script type=\"application\/ld+json\" class=\"yoast-schema-graph\">{\"@context\":\"https:\/\/schema.org\",\"@graph\":[{\"@type\":\"Article\",\"@id\":\"https:\/\/conversesacatalunya.cat\/es\/la-incertidumbre-de-la-subida-del-smi\/#article\",\"isPartOf\":{\"@id\":\"https:\/\/conversesacatalunya.cat\/es\/la-incertidumbre-de-la-subida-del-smi\/\"},\"author\":{\"name\":\"conversesacatalunya\",\"@id\":\"https:\/\/conversesacatalunya.cat\/#\/schema\/person\/a7a9496a363cd9847daf7cd659d92e64\"},\"headline\":\"La incertidumbre de la subida del SMI\",\"datePublished\":\"2021-06-17T07:46:02+00:00\",\"dateModified\":\"2021-06-17T09:17:31+00:00\",\"mainEntityOfPage\":{\"@id\":\"https:\/\/conversesacatalunya.cat\/es\/la-incertidumbre-de-la-subida-del-smi\/\"},\"wordCount\":780,\"commentCount\":0,\"image\":{\"@id\":\"https:\/\/conversesacatalunya.cat\/es\/la-incertidumbre-de-la-subida-del-smi\/#primaryimage\"},\"thumbnailUrl\":\"https:\/\/conversesacatalunya.cat\/wp-content\/uploads\/2021\/06\/Capture-6.png\",\"keywords\":[\"Salario m\u00ednimo\"],\"articleSection\":[\"Punts clau del dia (ES)\"],\"inLanguage\":\"es\",\"potentialAction\":[{\"@type\":\"CommentAction\",\"name\":\"Comment\",\"target\":[\"https:\/\/conversesacatalunya.cat\/es\/la-incertidumbre-de-la-subida-del-smi\/#respond\"]}]},{\"@type\":\"WebPage\",\"@id\":\"https:\/\/conversesacatalunya.cat\/es\/la-incertidumbre-de-la-subida-del-smi\/\",\"url\":\"https:\/\/conversesacatalunya.cat\/es\/la-incertidumbre-de-la-subida-del-smi\/\",\"name\":\"La incertidumbre de la subida del SMI - Converses a Catalunya\",\"isPartOf\":{\"@id\":\"https:\/\/conversesacatalunya.cat\/#website\"},\"primaryImageOfPage\":{\"@id\":\"https:\/\/conversesacatalunya.cat\/es\/la-incertidumbre-de-la-subida-del-smi\/#primaryimage\"},\"image\":{\"@id\":\"https:\/\/conversesacatalunya.cat\/es\/la-incertidumbre-de-la-subida-del-smi\/#primaryimage\"},\"thumbnailUrl\":\"https:\/\/conversesacatalunya.cat\/wp-content\/uploads\/2021\/06\/Capture-6.png\",\"datePublished\":\"2021-06-17T07:46:02+00:00\",\"dateModified\":\"2021-06-17T09:17:31+00:00\",\"author\":{\"@id\":\"https:\/\/conversesacatalunya.cat\/#\/schema\/person\/a7a9496a363cd9847daf7cd659d92e64\"},\"description\":\"El anuncio de otra subida del SMI genera cierta incertidumbre entre los expertos. Yolanda D\u00edaz, anunciar\u00e1 si se aplica un nuevo incremento\",\"breadcrumb\":{\"@id\":\"https:\/\/conversesacatalunya.cat\/es\/la-incertidumbre-de-la-subida-del-smi\/#breadcrumb\"},\"inLanguage\":\"es\",\"potentialAction\":[{\"@type\":\"ReadAction\",\"target\":[\"https:\/\/conversesacatalunya.cat\/es\/la-incertidumbre-de-la-subida-del-smi\/\"]}]},{\"@type\":\"ImageObject\",\"inLanguage\":\"es\",\"@id\":\"https:\/\/conversesacatalunya.cat\/es\/la-incertidumbre-de-la-subida-del-smi\/#primaryimage\",\"url\":\"https:\/\/conversesacatalunya.cat\/wp-content\/uploads\/2021\/06\/Capture-6.png\",\"contentUrl\":\"https:\/\/conversesacatalunya.cat\/wp-content\/uploads\/2021\/06\/Capture-6.png\",\"width\":1072,\"height\":708,\"caption\":\"SMI\"},{\"@type\":\"BreadcrumbList\",\"@id\":\"https:\/\/conversesacatalunya.cat\/es\/la-incertidumbre-de-la-subida-del-smi\/#breadcrumb\",\"itemListElement\":[{\"@type\":\"ListItem\",\"position\":1,\"name\":\"Inici\",\"item\":\"https:\/\/conversesacatalunya.cat\/es\/\"},{\"@type\":\"ListItem\",\"position\":2,\"name\":\"La incertidumbre de la subida del SMI\"}]},{\"@type\":\"WebSite\",\"@id\":\"https:\/\/conversesacatalunya.cat\/#website\",\"url\":\"https:\/\/conversesacatalunya.cat\/\",\"name\":\"Converses a Catalunya\",\"description\":\"\",\"potentialAction\":[{\"@type\":\"SearchAction\",\"target\":{\"@type\":\"EntryPoint\",\"urlTemplate\":\"https:\/\/conversesacatalunya.cat\/?s={search_term_string}\"},\"query-input\":{\"@type\":\"PropertyValueSpecification\",\"valueRequired\":true,\"valueName\":\"search_term_string\"}}],\"inLanguage\":\"es\"},{\"@type\":\"Person\",\"@id\":\"https:\/\/conversesacatalunya.cat\/#\/schema\/person\/a7a9496a363cd9847daf7cd659d92e64\",\"name\":\"conversesacatalunya\",\"image\":{\"@type\":\"ImageObject\",\"inLanguage\":\"es\",\"@id\":\"https:\/\/conversesacatalunya.cat\/#\/schema\/person\/image\/\",\"url\":\"https:\/\/conversesacatalunya.cat\/wp-content\/litespeed\/avatar\/ff91582b44ff9c880dc9c5ac2f5c7e89.jpg?ver=1777372947\",\"contentUrl\":\"https:\/\/conversesacatalunya.cat\/wp-content\/litespeed\/avatar\/ff91582b44ff9c880dc9c5ac2f5c7e89.jpg?ver=1777372947\",\"caption\":\"conversesacatalunya\"},\"url\":\"https:\/\/conversesacatalunya.cat\/es\/author\/francisco_garcia\/\"}]}<\/script>\n<!-- \/ Yoast SEO plugin. -->","yoast_head_json":{"title":"La incertidumbre de la subida del SMI - Converses a Catalunya","description":"El anuncio de otra subida del SMI genera cierta incertidumbre entre los expertos. Yolanda D\u00edaz, anunciar\u00e1 si se aplica un nuevo incremento","robots":{"index":"index","follow":"follow","max-snippet":"max-snippet:-1","max-image-preview":"max-image-preview:large","max-video-preview":"max-video-preview:-1"},"canonical":"https:\/\/conversesacatalunya.cat\/es\/la-incertidumbre-de-la-subida-del-smi\/","og_locale":"es_ES","og_type":"article","og_title":"La incertidumbre de la subida del SMI - Converses a Catalunya","og_description":"El anuncio de otra subida del SMI genera cierta incertidumbre entre los expertos. Yolanda D\u00edaz, anunciar\u00e1 si se aplica un nuevo incremento","og_url":"https:\/\/conversesacatalunya.cat\/es\/la-incertidumbre-de-la-subida-del-smi\/","og_site_name":"Converses a Catalunya","article_published_time":"2021-06-17T07:46:02+00:00","article_modified_time":"2021-06-17T09:17:31+00:00","og_image":[{"width":1072,"height":708,"url":"https:\/\/conversesacatalunya.cat\/wp-content\/uploads\/2021\/06\/Capture-6.png","type":"image\/png"}],"author":"conversesacatalunya","twitter_card":"summary_large_image","twitter_misc":{"Escrito por":"conversesacatalunya","Tiempo de lectura":"4 minutos"},"schema":{"@context":"https:\/\/schema.org","@graph":[{"@type":"Article","@id":"https:\/\/conversesacatalunya.cat\/es\/la-incertidumbre-de-la-subida-del-smi\/#article","isPartOf":{"@id":"https:\/\/conversesacatalunya.cat\/es\/la-incertidumbre-de-la-subida-del-smi\/"},"author":{"name":"conversesacatalunya","@id":"https:\/\/conversesacatalunya.cat\/#\/schema\/person\/a7a9496a363cd9847daf7cd659d92e64"},"headline":"La incertidumbre de la subida del SMI","datePublished":"2021-06-17T07:46:02+00:00","dateModified":"2021-06-17T09:17:31+00:00","mainEntityOfPage":{"@id":"https:\/\/conversesacatalunya.cat\/es\/la-incertidumbre-de-la-subida-del-smi\/"},"wordCount":780,"commentCount":0,"image":{"@id":"https:\/\/conversesacatalunya.cat\/es\/la-incertidumbre-de-la-subida-del-smi\/#primaryimage"},"thumbnailUrl":"https:\/\/conversesacatalunya.cat\/wp-content\/uploads\/2021\/06\/Capture-6.png","keywords":["Salario m\u00ednimo"],"articleSection":["Punts clau del dia (ES)"],"inLanguage":"es","potentialAction":[{"@type":"CommentAction","name":"Comment","target":["https:\/\/conversesacatalunya.cat\/es\/la-incertidumbre-de-la-subida-del-smi\/#respond"]}]},{"@type":"WebPage","@id":"https:\/\/conversesacatalunya.cat\/es\/la-incertidumbre-de-la-subida-del-smi\/","url":"https:\/\/conversesacatalunya.cat\/es\/la-incertidumbre-de-la-subida-del-smi\/","name":"La incertidumbre de la subida del SMI - Converses a Catalunya","isPartOf":{"@id":"https:\/\/conversesacatalunya.cat\/#website"},"primaryImageOfPage":{"@id":"https:\/\/conversesacatalunya.cat\/es\/la-incertidumbre-de-la-subida-del-smi\/#primaryimage"},"image":{"@id":"https:\/\/conversesacatalunya.cat\/es\/la-incertidumbre-de-la-subida-del-smi\/#primaryimage"},"thumbnailUrl":"https:\/\/conversesacatalunya.cat\/wp-content\/uploads\/2021\/06\/Capture-6.png","datePublished":"2021-06-17T07:46:02+00:00","dateModified":"2021-06-17T09:17:31+00:00","author":{"@id":"https:\/\/conversesacatalunya.cat\/#\/schema\/person\/a7a9496a363cd9847daf7cd659d92e64"},"description":"El anuncio de otra subida del SMI genera cierta incertidumbre entre los expertos. Yolanda D\u00edaz, anunciar\u00e1 si se aplica un nuevo incremento","breadcrumb":{"@id":"https:\/\/conversesacatalunya.cat\/es\/la-incertidumbre-de-la-subida-del-smi\/#breadcrumb"},"inLanguage":"es","potentialAction":[{"@type":"ReadAction","target":["https:\/\/conversesacatalunya.cat\/es\/la-incertidumbre-de-la-subida-del-smi\/"]}]},{"@type":"ImageObject","inLanguage":"es","@id":"https:\/\/conversesacatalunya.cat\/es\/la-incertidumbre-de-la-subida-del-smi\/#primaryimage","url":"https:\/\/conversesacatalunya.cat\/wp-content\/uploads\/2021\/06\/Capture-6.png","contentUrl":"https:\/\/conversesacatalunya.cat\/wp-content\/uploads\/2021\/06\/Capture-6.png","width":1072,"height":708,"caption":"SMI"},{"@type":"BreadcrumbList","@id":"https:\/\/conversesacatalunya.cat\/es\/la-incertidumbre-de-la-subida-del-smi\/#breadcrumb","itemListElement":[{"@type":"ListItem","position":1,"name":"Inici","item":"https:\/\/conversesacatalunya.cat\/es\/"},{"@type":"ListItem","position":2,"name":"La incertidumbre de la subida del SMI"}]},{"@type":"WebSite","@id":"https:\/\/conversesacatalunya.cat\/#website","url":"https:\/\/conversesacatalunya.cat\/","name":"Converses a Catalunya","description":"","potentialAction":[{"@type":"SearchAction","target":{"@type":"EntryPoint","urlTemplate":"https:\/\/conversesacatalunya.cat\/?s={search_term_string}"},"query-input":{"@type":"PropertyValueSpecification","valueRequired":true,"valueName":"search_term_string"}}],"inLanguage":"es"},{"@type":"Person","@id":"https:\/\/conversesacatalunya.cat\/#\/schema\/person\/a7a9496a363cd9847daf7cd659d92e64","name":"conversesacatalunya","image":{"@type":"ImageObject","inLanguage":"es","@id":"https:\/\/conversesacatalunya.cat\/#\/schema\/person\/image\/","url":"https:\/\/conversesacatalunya.cat\/wp-content\/litespeed\/avatar\/ff91582b44ff9c880dc9c5ac2f5c7e89.jpg?ver=1777372947","contentUrl":"https:\/\/conversesacatalunya.cat\/wp-content\/litespeed\/avatar\/ff91582b44ff9c880dc9c5ac2f5c7e89.jpg?ver=1777372947","caption":"conversesacatalunya"},"url":"https:\/\/conversesacatalunya.cat\/es\/author\/francisco_garcia\/"}]}},"wps_subtitle":"El anuncio de otra subida del SMI genera cierta incertidumbre entre los expertos. La vicepresidenta tercera y ministra de Trabajo y Econom\u00eda Social, Yolanda D\u00edaz, anunciar\u00e1 si finalmente se aplica un nuevo incremento","_links":{"self":[{"href":"https:\/\/conversesacatalunya.cat\/es\/wp-json\/wp\/v2\/posts\/49050","targetHints":{"allow":["GET"]}}],"collection":[{"href":"https:\/\/conversesacatalunya.cat\/es\/wp-json\/wp\/v2\/posts"}],"about":[{"href":"https:\/\/conversesacatalunya.cat\/es\/wp-json\/wp\/v2\/types\/post"}],"author":[{"embeddable":true,"href":"https:\/\/conversesacatalunya.cat\/es\/wp-json\/wp\/v2\/users\/20"}],"replies":[{"embeddable":true,"href":"https:\/\/conversesacatalunya.cat\/es\/wp-json\/wp\/v2\/comments?post=49050"}],"version-history":[{"count":3,"href":"https:\/\/conversesacatalunya.cat\/es\/wp-json\/wp\/v2\/posts\/49050\/revisions"}],"predecessor-version":[{"id":49055,"href":"https:\/\/conversesacatalunya.cat\/es\/wp-json\/wp\/v2\/posts\/49050\/revisions\/49055"}],"wp:featuredmedia":[{"embeddable":true,"href":"https:\/\/conversesacatalunya.cat\/es\/wp-json\/wp\/v2\/media\/49030"}],"wp:attachment":[{"href":"https:\/\/conversesacatalunya.cat\/es\/wp-json\/wp\/v2\/media?parent=49050"}],"wp:term":[{"taxonomy":"category","embeddable":true,"href":"https:\/\/conversesacatalunya.cat\/es\/wp-json\/wp\/v2\/categories?post=49050"},{"taxonomy":"post_tag","embeddable":true,"href":"https:\/\/conversesacatalunya.cat\/es\/wp-json\/wp\/v2\/tags?post=49050"}],"curies":[{"name":"wp","href":"https:\/\/api.w.org\/{rel}","templated":true}]}}