{"id":49016,"date":"2021-06-11T11:55:04","date_gmt":"2021-06-11T09:55:04","guid":{"rendered":"https:\/\/conversesacatalunya.cat\/increment-del-salari-minim\/"},"modified":"2021-06-11T13:47:22","modified_gmt":"2021-06-11T11:47:22","slug":"incremento-del-salario-minimo","status":"publish","type":"post","link":"https:\/\/conversesacatalunya.cat\/es\/incremento-del-salario-minimo\/","title":{"rendered":"Las consecuencias de un nuevo incremento del salario m\u00ednimo"},"content":{"rendered":"<p><span>El pasado mi\u00e9rcoles 9 de junio los medios de comunicaci\u00f3n se hicieron eco del estudio del Banco de Espa\u00f1a que alertaba de que\u00a0<\/span><strong><span>el incremento del 22% del salario m\u00ednimo interprofesional (SMI) rest\u00f3 180.000 puestos de trabajo,<\/span><\/strong><span>\u00a0que afectaban sobre todo a trabajadores de bajos niveles de ingresos.\u00a0Este hecho abri\u00f3 una vez m\u00e1s el debate sobre los efectos no deseados del incremento del salario m\u00ednimo, sobre todo cuando \u00e9ste es elevado y repentino, como fue el caso.<\/span><\/p>\n<p><span>La vicepresidenta tercera del gobierno y ministra de Trabajo, Yolanda D\u00edaz, intent\u00f3 desautorizar el estudio con una argumentaci\u00f3n tan poco consistente como se\u00f1alar el extraordinario incremento general del empleo que se hab\u00eda producido en el periodo se\u00f1alado. Naturalmente, algo que poco tiene que ver con lo otro. <\/span><strong><span>Se puede producir un aumento de la ocupaci\u00f3n y al mismo tiempo reducir este incremento en el sector del salario m\u00ednimo<\/span><\/strong><span>. En otros t\u00e9rminos, el empleo todav\u00eda habr\u00eda sido mayor en beneficio de los trabajadores menos preparados.<\/span><\/p>\n<p><span><span class=\"goog-text-highlight\">Ahora, la ministra vuelve a plantear un nuevo incremento que se acumular\u00eda a todos los anteriores. La reflexi\u00f3n va en el sentido de que al mejorar los ingresos m\u00e1s bajos proporciona unas mejores condiciones de vida y tambi\u00e9n es una inyecci\u00f3n para el consumo, porque cuanto mayor es el ingreso m\u00e1s se destinan sus aumentos a la compra de bienes y servicios. Pero, en la vertiente negativa est\u00e1 la consideraci\u00f3n de que un nuevo aumento, sobre todo si es significativo, puede impactar negativamente con <\/span><\/span><strong><span><span class=\"goog-text-highlight\">el paro<\/span><\/span><\/strong><span><span class=\"goog-text-highlight\">. Lo hace concretamente con los sectores de poblaci\u00f3n menos preparados, los que tienen un bajo nivel de formaci\u00f3n, inmigrantes, personas que est\u00e1n mucho tiempo en paro y j\u00f3venes. \u00bfC\u00f3mo equilibrar estos dos hechos?<\/span><\/span><\/p>\n<p><span>Hay que considerar que los salarios son una expresi\u00f3n de la productividad de cada pa\u00eds, y si \u00e9sta es baja, los salarios no pueden ser altos. Hay por tanto una relaci\u00f3n entre\u00a0<\/span><strong><span>renta per c\u00e1pita y retribuci\u00f3n salarial <\/span><\/strong><span><span class=\"goog-text-highlight\">que tambi\u00e9n se aplica al salario m\u00ednimo. En relaci\u00f3n con la \u00faltima subida, el SMI de Espa\u00f1a se sit\u00faa en los 1.050 euros por 12 pagas, o 900 euros por 14 pagas. Esta cifra, que ahora la ministra quiere aumentar, \u00bfest\u00e1 proporcionada? Si se observa en el contexto europeo la relaci\u00f3n entre la renta per c\u00e1pita y el salario m\u00ednimo, se ve que hay una clara correlaci\u00f3n entre ambos factores en pa\u00edses que se desv\u00edan ligeramente al alza o a la baja, por ejemplo Francia, que es el que tiene el salario m\u00ednimo m\u00e1s alto en relaci\u00f3n con lo que le corresponder\u00eda por su nivel de renta. Mientras que los Pa\u00edses Bajos, a pesar de que es en t\u00e9rminos absolutos alto, aun le corresponder\u00eda una cantidad mayor. Espa\u00f1a se encuentra ligeramente <\/span><\/span><strong><span><span class=\"goog-text-highlight\">por encima de lo que le toca<\/span><\/span><\/strong><span><span class=\"goog-text-highlight\">\u00a0por su renta per c\u00e1pita, a pesar de que es un 20% inferior a la media europea.<\/span><\/span><\/p>\n<p><span>Por lo tanto, la \u00fanica forma de hacer crecer esta retribuci\u00f3n, como todas las dem\u00e1s, es\u00a0<\/span><strong><span>aumentando la productividad<\/span><\/strong><span>. No es este el \u00fanico requerimiento, tambi\u00e9n los\u00a0<\/span><strong><span>incrementos deben ser pausados y previsibles en el tiempo para evitar que act\u00faen reduciendo el empleo, como ha sucedido<\/span><\/strong><span>. En la comparaci\u00f3n europea tambi\u00e9n es importante el coste de la\u00a0<\/span><strong><span>cesta b\u00e1sica de consumo,<\/span><\/strong><span>\u00a0porque es evidente que un euro en Espa\u00f1a no tiene la misma capacidad adquisitiva que en Ruman\u00eda o en Alemania.<\/span><\/p>\n<p><span>En este sentido, hay otra medida que no presiona sobre los costes de producci\u00f3n y que mejorar\u00eda las rentas inferiores. Se tratar\u00eda de modificar la\u00a0<\/span><strong><span>estructura actual del IVA<\/span><\/strong><span>\u00a0en Espa\u00f1a para que castigara menos a estas personas. En la actualidad el IVA representa el 14% de los ingresos del \u00faltimo quintil de renta, y eso es mucho. Se ganar\u00eda poder adquisitivo si esta presi\u00f3n fiscal se redujera en algunos puntos.<\/span><\/p>\n<p><span><span class=\"\">Otro factor a tener en cuenta es que no es recomendable, como se hace en Espa\u00f1a, prescindir de las\u00a0<\/span><\/span><strong><span><span class=\"\">diferencias territoriales<\/span><\/span><\/strong><span><span class=\"\">\u00a0estableciendo un salario \u00fanico para todo el pa\u00eds, porque hay fuertes diferencias de renta y, por tanto, su significaci\u00f3n es tambi\u00e9n muy diferente.\u00a0<\/span>Algo parecido ocurre en los sectores.\u00a0El impacto del SMI en la agricultura poco tiene que ver con el de la industria, y tambi\u00e9n en relaci\u00f3n con los niveles de edad y de formaci\u00f3n, de si se trata de un primer empleo o ya es un profesional asentado .<\/span><\/p>\n<p><span>Por tanto, tras la simplicidad del SMI se esconde un conjunto de cuestiones que se\u00f1alan la diferencia entre lo que es una buena o mala decisi\u00f3n pol\u00edtica.<\/span><\/p>\n<span class='bctt-click-to-tweet'><span class='bctt-ctt-text'><a href='https:\/\/twitter.com\/intent\/tweet?url=https%3A%2F%2Fconversesacatalunya.cat%2Fes%2Fincremento-del-salario-minimo%2F&#038;text=Los%20incrementos%20del%20salario%20m%C3%ADnimo%20deben%20ser%20pausados%20%20y%20previsibles%20en%20el%20tiempo%20para%20evitar%20que%20act%C3%BAen%20reduciendo%20el%20empleo%2C%20como%20ha%20sucedido%20&#038;via=conversesacat&#038;related=conversesacat' target='_blank'rel=\"noopener noreferrer\">Los incrementos del salario m\u00ednimo deben ser pausados  y previsibles en el tiempo para evitar que act\u00faen reduciendo el empleo, como ha sucedido  <\/a><\/span><a href='https:\/\/twitter.com\/intent\/tweet?url=https%3A%2F%2Fconversesacatalunya.cat%2Fes%2Fincremento-del-salario-minimo%2F&#038;text=Los%20incrementos%20del%20salario%20m%C3%ADnimo%20deben%20ser%20pausados%20%20y%20previsibles%20en%20el%20tiempo%20para%20evitar%20que%20act%C3%BAen%20reduciendo%20el%20empleo%2C%20como%20ha%20sucedido%20&#038;via=conversesacat&#038;related=conversesacat' target='_blank' class='bctt-ctt-btn'rel=\"noopener noreferrer\">Compartir en X<\/a><\/span>\n<div id=\"polls-107\" class=\"wp-polls\">\n\t<form id=\"polls_form_107\" class=\"wp-polls-form\" action=\"\/index.php\" method=\"post\">\n\t\t<p style=\"display: none;\"><input type=\"hidden\" id=\"poll_107_nonce\" name=\"wp-polls-nonce\" value=\"659e2b208b\" \/><\/p>\n\t\t<p style=\"display: none;\"><input type=\"hidden\" name=\"poll_id\" value=\"107\" \/><\/p>\n\t\t<p style=\"text-align: center\"><strong>La carta d'Oriol Junqueras representa la fi de la via independentista a mitj\u00e0 termini?<\/strong><\/p><div id=\"polls-107-ans\" class=\"wp-polls-ans\"><ul class=\"wp-polls-ul\">\n\t\t<li><input type=\"radio\" id=\"poll-answer-252\" name=\"poll_107\" value=\"252\" \/> <label for=\"poll-answer-252\">Si<\/label><\/li>\n\t\t<li><input type=\"radio\" id=\"poll-answer-253\" name=\"poll_107\" value=\"253\" \/> <label for=\"poll-answer-253\">No<\/label><\/li>\n\t\t<li><input type=\"radio\" id=\"poll-answer-254\" name=\"poll_107\" value=\"254\" \/> <label for=\"poll-answer-254\">No ho s\u00e9<\/label><\/li>\n\t\t<\/ul><p style=\"text-align: center\"><input type=\"button\" name=\"vote\" value=\"   Vota   \" class=\"Buttons\" onclick=\"poll_vote(107);\" \/><\/p><p style=\"text-align: center\"><a href=\"#ViewPollResults\" onclick=\"poll_result(107); return false;\" title=\"View Results Of This Poll\">Mira els resultats<\/a><\/p><\/div>\n\t<\/form>\n<\/div>\n<div id=\"polls-107-loading\" class=\"wp-polls-loading\"><img decoding=\"async\" data-src=\"https:\/\/conversesacatalunya.cat\/wp-content\/plugins\/wp-polls\/images\/loading.gif\" width=\"16\" height=\"16\" alt=\"Cargando ...\" title=\"Cargando ...\" class=\"wp-polls-image lazyload\" src=\"data:image\/svg+xml;base64,PHN2ZyB3aWR0aD0iMSIgaGVpZ2h0PSIxIiB4bWxucz0iaHR0cDovL3d3dy53My5vcmcvMjAwMC9zdmciPjwvc3ZnPg==\" style=\"--smush-placeholder-width: 16px; --smush-placeholder-aspect-ratio: 16\/16;\" \/>&nbsp;Cargando ...<\/div>\n\n","protected":false},"excerpt":{"rendered":"<p>El pasado mi\u00e9rcoles 9 de junio los medios de comunicaci\u00f3n se hicieron eco del estudio del Banco de Espa\u00f1a que alertaba de que\u00a0el incremento del 22% del salario m\u00ednimo interprofesional (SMI) rest\u00f3 180.000 puestos de trabajo,\u00a0que afectaban sobre todo a trabajadores de bajos niveles de ingresos.\u00a0Este hecho abri\u00f3 una vez m\u00e1s el debate sobre los efectos no deseados del incremento del salario m\u00ednimo, sobre todo cuando \u00e9ste es elevado y repentino, como fue el caso. La vicepresidenta tercera del gobierno y ministra de Trabajo, Yolanda D\u00edaz, intent\u00f3 desautorizar el estudio con una argumentaci\u00f3n tan poco consistente como se\u00f1alar el extraordinario incremento general del empleo que se hab\u00eda producido en el periodo se\u00f1alado. Naturalmente, algo que poco tiene que ver con lo otro. Se puede producir un aumento de la ocupaci\u00f3n y al mismo tiempo reducir este incremento en el sector del salario m\u00ednimo. En otros t\u00e9rminos, el empleo todav\u00eda habr\u00eda sido mayor en beneficio de los trabajadores menos preparados. Ahora, la ministra vuelve a plantear un nuevo incremento que se acumular\u00eda a todos los anteriores. La reflexi\u00f3n va en el sentido de que al mejorar los ingresos m\u00e1s bajos proporciona unas mejores condiciones de vida y tambi\u00e9n es una inyecci\u00f3n para el consumo, porque cuanto mayor es el ingreso m\u00e1s se destinan sus aumentos a la compra de bienes y servicios. Pero, en la vertiente negativa est\u00e1 la consideraci\u00f3n de que un nuevo aumento, sobre todo si es significativo, puede impactar negativamente con el paro. Lo hace concretamente con los sectores de poblaci\u00f3n menos preparados, los que tienen un bajo nivel de formaci\u00f3n, inmigrantes, personas que est\u00e1n mucho tiempo en paro y j\u00f3venes. \u00bfC\u00f3mo equilibrar estos dos hechos? Hay que considerar que los salarios son una expresi\u00f3n de la productividad de cada pa\u00eds, y si \u00e9sta es baja, los salarios no pueden ser altos. Hay por tanto una relaci\u00f3n entre\u00a0renta per c\u00e1pita y retribuci\u00f3n salarial que tambi\u00e9n se aplica al salario m\u00ednimo. En relaci\u00f3n con la \u00faltima subida, el SMI de Espa\u00f1a se sit\u00faa en los 1.050 euros por 12 pagas, o 900 euros por 14 pagas. Esta cifra, que ahora la ministra quiere aumentar, \u00bfest\u00e1 proporcionada? Si se observa en el contexto europeo la relaci\u00f3n entre la renta per c\u00e1pita y el salario m\u00ednimo, se ve que hay una clara correlaci\u00f3n entre ambos factores en pa\u00edses que se desv\u00edan ligeramente al alza o a la baja, por ejemplo Francia, que es el que tiene el salario m\u00ednimo m\u00e1s alto en relaci\u00f3n con lo que le corresponder\u00eda por su nivel de renta. Mientras que los Pa\u00edses Bajos, a pesar de que es en t\u00e9rminos absolutos alto, aun le corresponder\u00eda una cantidad mayor. Espa\u00f1a se encuentra ligeramente por encima de lo que le toca\u00a0por su renta per c\u00e1pita, a pesar de que es un 20% inferior a la media europea. Por lo tanto, la \u00fanica forma de hacer crecer esta retribuci\u00f3n, como todas las dem\u00e1s, es\u00a0aumentando la productividad. No es este el \u00fanico requerimiento, tambi\u00e9n los\u00a0incrementos deben ser pausados y previsibles en el tiempo para evitar que act\u00faen reduciendo el empleo, como ha sucedido. En la comparaci\u00f3n europea tambi\u00e9n es importante el coste de la\u00a0cesta b\u00e1sica de consumo,\u00a0porque es evidente que un euro en Espa\u00f1a no tiene la misma capacidad adquisitiva que en Ruman\u00eda o en Alemania. En este sentido, hay otra medida que no presiona sobre los costes de producci\u00f3n y que mejorar\u00eda las rentas inferiores. Se tratar\u00eda de modificar la\u00a0estructura actual del IVA\u00a0en Espa\u00f1a para que castigara menos a estas personas. En la actualidad el IVA representa el 14% de los ingresos del \u00faltimo quintil de renta, y eso es mucho. Se ganar\u00eda poder adquisitivo si esta presi\u00f3n fiscal se redujera en algunos puntos. Otro factor a tener en cuenta es que no es recomendable, como se hace en Espa\u00f1a, prescindir de las\u00a0diferencias territoriales\u00a0estableciendo un salario \u00fanico para todo el pa\u00eds, porque hay fuertes diferencias de renta y, por tanto, su significaci\u00f3n es tambi\u00e9n muy diferente.\u00a0Algo parecido ocurre en los sectores.\u00a0El impacto del SMI en la agricultura poco tiene que ver con el de la industria, y tambi\u00e9n en relaci\u00f3n con los niveles de edad y de formaci\u00f3n, de si se trata de un primer empleo o ya es un profesional asentado . Por tanto, tras la simplicidad del SMI se esconde un conjunto de cuestiones que se\u00f1alan la diferencia entre lo que es una buena o mala decisi\u00f3n pol\u00edtica.<\/p>\n","protected":false},"author":2,"featured_media":49005,"comment_status":"open","ping_status":"open","sticky":false,"template":"","format":"standard","meta":{"_FSMCFIC_featured_image_caption":"","_FSMCFIC_featured_image_nocaption":"","_FSMCFIC_featured_image_hide":"","footnotes":""},"categories":[806],"tags":[],"class_list":["post-49016","post","type-post","status-publish","format-standard","has-post-thumbnail","hentry","category-punts-claus-del-dia-es"],"yoast_head":"<!-- This site is optimized with the Yoast SEO plugin v26.8 - https:\/\/yoast.com\/product\/yoast-seo-wordpress\/ -->\n<title>Las consecuencias de un nuevo incremento del salario m\u00ednimo - Converses a Catalunya<\/title>\n<meta name=\"description\" content=\"Los incrementos deben ser pausados \u200b\u200by previsibles en el tiempo para evitar que act\u00faen reduciendo el empleo, como ha sucedido\" \/>\n<meta name=\"robots\" content=\"index, follow, max-snippet:-1, max-image-preview:large, max-video-preview:-1\" \/>\n<link rel=\"canonical\" href=\"https:\/\/conversesacatalunya.cat\/es\/incremento-del-salario-minimo\/\" \/>\n<meta property=\"og:locale\" content=\"es_ES\" \/>\n<meta property=\"og:type\" content=\"article\" \/>\n<meta property=\"og:title\" content=\"Las consecuencias de un nuevo incremento del salario m\u00ednimo - Converses a Catalunya\" \/>\n<meta property=\"og:description\" content=\"Los incrementos deben ser pausados \u200b\u200by previsibles en el tiempo para evitar que act\u00faen reduciendo el empleo, como ha sucedido\" \/>\n<meta property=\"og:url\" content=\"https:\/\/conversesacatalunya.cat\/es\/incremento-del-salario-minimo\/\" \/>\n<meta property=\"og:site_name\" content=\"Converses a Catalunya\" \/>\n<meta property=\"article:published_time\" content=\"2021-06-11T09:55:04+00:00\" \/>\n<meta property=\"article:modified_time\" content=\"2021-06-11T11:47:22+00:00\" \/>\n<meta property=\"og:image\" content=\"https:\/\/conversesacatalunya.cat\/wp-content\/uploads\/2021\/06\/salari-minim.jpg\" \/>\n\t<meta property=\"og:image:width\" content=\"780\" \/>\n\t<meta property=\"og:image:height\" content=\"530\" \/>\n\t<meta property=\"og:image:type\" content=\"image\/jpeg\" \/>\n<meta name=\"author\" content=\"conversesacatalunya\" \/>\n<meta name=\"twitter:card\" content=\"summary_large_image\" \/>\n<meta name=\"twitter:label1\" content=\"Escrito por\" \/>\n\t<meta name=\"twitter:data1\" content=\"conversesacatalunya\" \/>\n\t<meta name=\"twitter:label2\" content=\"Tiempo de lectura\" \/>\n\t<meta name=\"twitter:data2\" content=\"4 minutos\" \/>\n<script type=\"application\/ld+json\" class=\"yoast-schema-graph\">{\"@context\":\"https:\/\/schema.org\",\"@graph\":[{\"@type\":\"Article\",\"@id\":\"https:\/\/conversesacatalunya.cat\/es\/incremento-del-salario-minimo\/#article\",\"isPartOf\":{\"@id\":\"https:\/\/conversesacatalunya.cat\/es\/incremento-del-salario-minimo\/\"},\"author\":{\"name\":\"conversesacatalunya\",\"@id\":\"https:\/\/conversesacatalunya.cat\/#\/schema\/person\/7e24d1e54a2785373ddcb275eae5ed99\"},\"headline\":\"Las consecuencias de un nuevo incremento del salario m\u00ednimo\",\"datePublished\":\"2021-06-11T09:55:04+00:00\",\"dateModified\":\"2021-06-11T11:47:22+00:00\",\"mainEntityOfPage\":{\"@id\":\"https:\/\/conversesacatalunya.cat\/es\/incremento-del-salario-minimo\/\"},\"wordCount\":855,\"commentCount\":0,\"image\":{\"@id\":\"https:\/\/conversesacatalunya.cat\/es\/incremento-del-salario-minimo\/#primaryimage\"},\"thumbnailUrl\":\"https:\/\/conversesacatalunya.cat\/wp-content\/uploads\/2021\/06\/salari-minim.jpg\",\"articleSection\":[\"Punts clau del dia (ES)\"],\"inLanguage\":\"es\",\"potentialAction\":[{\"@type\":\"CommentAction\",\"name\":\"Comment\",\"target\":[\"https:\/\/conversesacatalunya.cat\/es\/incremento-del-salario-minimo\/#respond\"]}]},{\"@type\":\"WebPage\",\"@id\":\"https:\/\/conversesacatalunya.cat\/es\/incremento-del-salario-minimo\/\",\"url\":\"https:\/\/conversesacatalunya.cat\/es\/incremento-del-salario-minimo\/\",\"name\":\"Las consecuencias de un nuevo incremento del salario m\u00ednimo - Converses a Catalunya\",\"isPartOf\":{\"@id\":\"https:\/\/conversesacatalunya.cat\/#website\"},\"primaryImageOfPage\":{\"@id\":\"https:\/\/conversesacatalunya.cat\/es\/incremento-del-salario-minimo\/#primaryimage\"},\"image\":{\"@id\":\"https:\/\/conversesacatalunya.cat\/es\/incremento-del-salario-minimo\/#primaryimage\"},\"thumbnailUrl\":\"https:\/\/conversesacatalunya.cat\/wp-content\/uploads\/2021\/06\/salari-minim.jpg\",\"datePublished\":\"2021-06-11T09:55:04+00:00\",\"dateModified\":\"2021-06-11T11:47:22+00:00\",\"author\":{\"@id\":\"https:\/\/conversesacatalunya.cat\/#\/schema\/person\/7e24d1e54a2785373ddcb275eae5ed99\"},\"description\":\"Los incrementos deben ser pausados \u200b\u200by previsibles en el tiempo para evitar que act\u00faen reduciendo el empleo, como ha sucedido\",\"breadcrumb\":{\"@id\":\"https:\/\/conversesacatalunya.cat\/es\/incremento-del-salario-minimo\/#breadcrumb\"},\"inLanguage\":\"es\",\"potentialAction\":[{\"@type\":\"ReadAction\",\"target\":[\"https:\/\/conversesacatalunya.cat\/es\/incremento-del-salario-minimo\/\"]}]},{\"@type\":\"ImageObject\",\"inLanguage\":\"es\",\"@id\":\"https:\/\/conversesacatalunya.cat\/es\/incremento-del-salario-minimo\/#primaryimage\",\"url\":\"https:\/\/conversesacatalunya.cat\/wp-content\/uploads\/2021\/06\/salari-minim.jpg\",\"contentUrl\":\"https:\/\/conversesacatalunya.cat\/wp-content\/uploads\/2021\/06\/salari-minim.jpg\",\"width\":780,\"height\":530,\"caption\":\"salari m\u00ednim\"},{\"@type\":\"BreadcrumbList\",\"@id\":\"https:\/\/conversesacatalunya.cat\/es\/incremento-del-salario-minimo\/#breadcrumb\",\"itemListElement\":[{\"@type\":\"ListItem\",\"position\":1,\"name\":\"Inici\",\"item\":\"https:\/\/conversesacatalunya.cat\/es\/\"},{\"@type\":\"ListItem\",\"position\":2,\"name\":\"Las consecuencias de un nuevo incremento del salario m\u00ednimo\"}]},{\"@type\":\"WebSite\",\"@id\":\"https:\/\/conversesacatalunya.cat\/#website\",\"url\":\"https:\/\/conversesacatalunya.cat\/\",\"name\":\"Converses a Catalunya\",\"description\":\"\",\"potentialAction\":[{\"@type\":\"SearchAction\",\"target\":{\"@type\":\"EntryPoint\",\"urlTemplate\":\"https:\/\/conversesacatalunya.cat\/?s={search_term_string}\"},\"query-input\":{\"@type\":\"PropertyValueSpecification\",\"valueRequired\":true,\"valueName\":\"search_term_string\"}}],\"inLanguage\":\"es\"},{\"@type\":\"Person\",\"@id\":\"https:\/\/conversesacatalunya.cat\/#\/schema\/person\/7e24d1e54a2785373ddcb275eae5ed99\",\"name\":\"conversesacatalunya\",\"image\":{\"@type\":\"ImageObject\",\"inLanguage\":\"es\",\"@id\":\"https:\/\/conversesacatalunya.cat\/#\/schema\/person\/image\/\",\"url\":\"https:\/\/conversesacatalunya.cat\/wp-content\/litespeed\/avatar\/febdfeeec89d950f01c748045a981dd2.jpg?ver=1777314535\",\"contentUrl\":\"https:\/\/conversesacatalunya.cat\/wp-content\/litespeed\/avatar\/febdfeeec89d950f01c748045a981dd2.jpg?ver=1777314535\",\"caption\":\"conversesacatalunya\"},\"url\":\"https:\/\/conversesacatalunya.cat\/es\/author\/carme_catala\/\"}]}<\/script>\n<!-- \/ Yoast SEO plugin. -->","yoast_head_json":{"title":"Las consecuencias de un nuevo incremento del salario m\u00ednimo - Converses a Catalunya","description":"Los incrementos deben ser pausados \u200b\u200by previsibles en el tiempo para evitar que act\u00faen reduciendo el empleo, como ha sucedido","robots":{"index":"index","follow":"follow","max-snippet":"max-snippet:-1","max-image-preview":"max-image-preview:large","max-video-preview":"max-video-preview:-1"},"canonical":"https:\/\/conversesacatalunya.cat\/es\/incremento-del-salario-minimo\/","og_locale":"es_ES","og_type":"article","og_title":"Las consecuencias de un nuevo incremento del salario m\u00ednimo - Converses a Catalunya","og_description":"Los incrementos deben ser pausados \u200b\u200by previsibles en el tiempo para evitar que act\u00faen reduciendo el empleo, como ha sucedido","og_url":"https:\/\/conversesacatalunya.cat\/es\/incremento-del-salario-minimo\/","og_site_name":"Converses a Catalunya","article_published_time":"2021-06-11T09:55:04+00:00","article_modified_time":"2021-06-11T11:47:22+00:00","og_image":[{"width":780,"height":530,"url":"https:\/\/conversesacatalunya.cat\/wp-content\/uploads\/2021\/06\/salari-minim.jpg","type":"image\/jpeg"}],"author":"conversesacatalunya","twitter_card":"summary_large_image","twitter_misc":{"Escrito por":"conversesacatalunya","Tiempo de lectura":"4 minutos"},"schema":{"@context":"https:\/\/schema.org","@graph":[{"@type":"Article","@id":"https:\/\/conversesacatalunya.cat\/es\/incremento-del-salario-minimo\/#article","isPartOf":{"@id":"https:\/\/conversesacatalunya.cat\/es\/incremento-del-salario-minimo\/"},"author":{"name":"conversesacatalunya","@id":"https:\/\/conversesacatalunya.cat\/#\/schema\/person\/7e24d1e54a2785373ddcb275eae5ed99"},"headline":"Las consecuencias de un nuevo incremento del salario m\u00ednimo","datePublished":"2021-06-11T09:55:04+00:00","dateModified":"2021-06-11T11:47:22+00:00","mainEntityOfPage":{"@id":"https:\/\/conversesacatalunya.cat\/es\/incremento-del-salario-minimo\/"},"wordCount":855,"commentCount":0,"image":{"@id":"https:\/\/conversesacatalunya.cat\/es\/incremento-del-salario-minimo\/#primaryimage"},"thumbnailUrl":"https:\/\/conversesacatalunya.cat\/wp-content\/uploads\/2021\/06\/salari-minim.jpg","articleSection":["Punts clau del dia (ES)"],"inLanguage":"es","potentialAction":[{"@type":"CommentAction","name":"Comment","target":["https:\/\/conversesacatalunya.cat\/es\/incremento-del-salario-minimo\/#respond"]}]},{"@type":"WebPage","@id":"https:\/\/conversesacatalunya.cat\/es\/incremento-del-salario-minimo\/","url":"https:\/\/conversesacatalunya.cat\/es\/incremento-del-salario-minimo\/","name":"Las consecuencias de un nuevo incremento del salario m\u00ednimo - Converses a Catalunya","isPartOf":{"@id":"https:\/\/conversesacatalunya.cat\/#website"},"primaryImageOfPage":{"@id":"https:\/\/conversesacatalunya.cat\/es\/incremento-del-salario-minimo\/#primaryimage"},"image":{"@id":"https:\/\/conversesacatalunya.cat\/es\/incremento-del-salario-minimo\/#primaryimage"},"thumbnailUrl":"https:\/\/conversesacatalunya.cat\/wp-content\/uploads\/2021\/06\/salari-minim.jpg","datePublished":"2021-06-11T09:55:04+00:00","dateModified":"2021-06-11T11:47:22+00:00","author":{"@id":"https:\/\/conversesacatalunya.cat\/#\/schema\/person\/7e24d1e54a2785373ddcb275eae5ed99"},"description":"Los incrementos deben ser pausados \u200b\u200by previsibles en el tiempo para evitar que act\u00faen reduciendo el empleo, como ha sucedido","breadcrumb":{"@id":"https:\/\/conversesacatalunya.cat\/es\/incremento-del-salario-minimo\/#breadcrumb"},"inLanguage":"es","potentialAction":[{"@type":"ReadAction","target":["https:\/\/conversesacatalunya.cat\/es\/incremento-del-salario-minimo\/"]}]},{"@type":"ImageObject","inLanguage":"es","@id":"https:\/\/conversesacatalunya.cat\/es\/incremento-del-salario-minimo\/#primaryimage","url":"https:\/\/conversesacatalunya.cat\/wp-content\/uploads\/2021\/06\/salari-minim.jpg","contentUrl":"https:\/\/conversesacatalunya.cat\/wp-content\/uploads\/2021\/06\/salari-minim.jpg","width":780,"height":530,"caption":"salari m\u00ednim"},{"@type":"BreadcrumbList","@id":"https:\/\/conversesacatalunya.cat\/es\/incremento-del-salario-minimo\/#breadcrumb","itemListElement":[{"@type":"ListItem","position":1,"name":"Inici","item":"https:\/\/conversesacatalunya.cat\/es\/"},{"@type":"ListItem","position":2,"name":"Las consecuencias de un nuevo incremento del salario m\u00ednimo"}]},{"@type":"WebSite","@id":"https:\/\/conversesacatalunya.cat\/#website","url":"https:\/\/conversesacatalunya.cat\/","name":"Converses a Catalunya","description":"","potentialAction":[{"@type":"SearchAction","target":{"@type":"EntryPoint","urlTemplate":"https:\/\/conversesacatalunya.cat\/?s={search_term_string}"},"query-input":{"@type":"PropertyValueSpecification","valueRequired":true,"valueName":"search_term_string"}}],"inLanguage":"es"},{"@type":"Person","@id":"https:\/\/conversesacatalunya.cat\/#\/schema\/person\/7e24d1e54a2785373ddcb275eae5ed99","name":"conversesacatalunya","image":{"@type":"ImageObject","inLanguage":"es","@id":"https:\/\/conversesacatalunya.cat\/#\/schema\/person\/image\/","url":"https:\/\/conversesacatalunya.cat\/wp-content\/litespeed\/avatar\/febdfeeec89d950f01c748045a981dd2.jpg?ver=1777314535","contentUrl":"https:\/\/conversesacatalunya.cat\/wp-content\/litespeed\/avatar\/febdfeeec89d950f01c748045a981dd2.jpg?ver=1777314535","caption":"conversesacatalunya"},"url":"https:\/\/conversesacatalunya.cat\/es\/author\/carme_catala\/"}]}},"wps_subtitle":"Los incrementos deben ser pausados \u200b\u200by previsibles en el tiempo para evitar que act\u00faen reduciendo el empleo, como ha sucedido","_links":{"self":[{"href":"https:\/\/conversesacatalunya.cat\/es\/wp-json\/wp\/v2\/posts\/49016","targetHints":{"allow":["GET"]}}],"collection":[{"href":"https:\/\/conversesacatalunya.cat\/es\/wp-json\/wp\/v2\/posts"}],"about":[{"href":"https:\/\/conversesacatalunya.cat\/es\/wp-json\/wp\/v2\/types\/post"}],"author":[{"embeddable":true,"href":"https:\/\/conversesacatalunya.cat\/es\/wp-json\/wp\/v2\/users\/2"}],"replies":[{"embeddable":true,"href":"https:\/\/conversesacatalunya.cat\/es\/wp-json\/wp\/v2\/comments?post=49016"}],"version-history":[{"count":2,"href":"https:\/\/conversesacatalunya.cat\/es\/wp-json\/wp\/v2\/posts\/49016\/revisions"}],"predecessor-version":[{"id":49018,"href":"https:\/\/conversesacatalunya.cat\/es\/wp-json\/wp\/v2\/posts\/49016\/revisions\/49018"}],"wp:featuredmedia":[{"embeddable":true,"href":"https:\/\/conversesacatalunya.cat\/es\/wp-json\/wp\/v2\/media\/49005"}],"wp:attachment":[{"href":"https:\/\/conversesacatalunya.cat\/es\/wp-json\/wp\/v2\/media?parent=49016"}],"wp:term":[{"taxonomy":"category","embeddable":true,"href":"https:\/\/conversesacatalunya.cat\/es\/wp-json\/wp\/v2\/categories?post=49016"},{"taxonomy":"post_tag","embeddable":true,"href":"https:\/\/conversesacatalunya.cat\/es\/wp-json\/wp\/v2\/tags?post=49016"}],"curies":[{"name":"wp","href":"https:\/\/api.w.org\/{rel}","templated":true}]}}