{"id":48903,"date":"2021-06-09T12:06:46","date_gmt":"2021-06-09T10:06:46","guid":{"rendered":"https:\/\/conversesacatalunya.cat\/independentisme-dividit\/"},"modified":"2021-06-10T10:35:11","modified_gmt":"2021-06-10T08:35:11","slug":"el-independentismo-dividido","status":"publish","type":"post","link":"https:\/\/conversesacatalunya.cat\/es\/el-independentismo-dividido\/","title":{"rendered":"El independentismo dividido"},"content":{"rendered":"<p>Ahora ya es evidente que la carta de Junqueras y el momento y la escenograf\u00eda est\u00e1n atizando una\u00a0<strong>fuerte divisi\u00f3n en el independentismo,<\/strong>\u00a0que puede acabar afectando a las mismas bases de ERC e incluso al mismo gobierno.<\/p>\n<p><span class=\"goog-text-highlight\">El\u00a0<\/span><strong><span class=\"goog-text-highlight\">ANC<\/span><\/strong><span class=\"goog-text-highlight\">\u00a0ya se ha pronunciado afirmando que\u00a0<\/span><strong><span class=\"goog-text-highlight\">discrepa totalmente<\/span><\/strong><span class=\"goog-text-highlight\">\u00a0de la posici\u00f3n de Oriol Junqueras. La\u00a0<\/span><strong><span class=\"goog-text-highlight\">CUP<\/span><\/strong><span class=\"goog-text-highlight\"> la considera un\u00a0<\/span><strong><span class=\"goog-text-highlight\">error<\/span><\/strong><span class=\"goog-text-highlight\">\u00a0porque constata que en el marco de la Constituci\u00f3n no se producir\u00e1\u00a0<\/span><a href=\"https:\/\/conversesacatalunya.cat\/es\/junqueras-ha-hablado-y-la-crisis-en-el-independentismo-ha-estallado\/\" target=\"_blank\" rel=\"noopener\"><span class=\"goog-text-highlight\">ni la amnist\u00eda ni el refer\u00e9ndum pactado,<\/span><\/a><span class=\"goog-text-highlight\">\u00a0y\u00a0<\/span><strong><span class=\"goog-text-highlight\">JxCat<\/span><\/strong><span class=\"goog-text-highlight\">\u00a0mantiene una distancia cr\u00edtica, si bien, seguramente matizada por su permanencia en el gobierno, pero con la fuerte voz de Jordi S\u00e1nchez, quien ha formulado una en\u00e9rgica descalificaci\u00f3n en un art\u00edculo publicado en respuesta a la carta de Junqueras.<\/span><\/p>\n<p>El secretario general de JxCat se\u00f1ala que no se puede descartar ninguna v\u00eda democr\u00e1tica a la independencia, si bien defiende tambi\u00e9n que una posible es la del\u00a0<strong>di\u00e1logo y el acuerdo<\/strong>. Tambi\u00e9n sostiene que el refer\u00e9ndum del 2017 no se hizo tanto para alcanzar la independencia como para forzar al gobierno espa\u00f1ol a negociar, y afirma que si esta v\u00eda no funcion\u00f3 fue porque \u00abalgunos hicieron un giro de gui\u00f3n y no supieron aguantar la presi\u00f3n del estado\u00bb. Sin embargo, subraya que no la aguantaron cuando \u00e9l y Cuixart ya estaban encarcelados, y no se est\u00e1 de hacer una referencia cr\u00edtica a las <strong>155 monedas de plata<\/strong> en relaci\u00f3n con el tuit de Gabriel Rufi\u00e1n el 25 de octubre del 2017.<\/p>\n<p>S\u00e1nchez se\u00f1ala que\u00a0<strong>el acuerdo entre JxCat y ERC<\/strong>\u00a0implica dise\u00f1ar una estrategia conjunta para el independentismo y sin renuncias previas a ninguna estrategia. Tambi\u00e9n considera un error el momento elegido para la publicaci\u00f3n del art\u00edculo de Junqueras, que considera que no fue neutral porque se hizo p\u00fablico\u00a0<strong>una hora antes del acto en Fomento de Trabajo<\/strong> en el que coincidieron Aragon\u00e8s y S\u00e1nchez y una nutrida representaci\u00f3n del empresariado para hacer un homenaje a Javier God\u00f3.<\/p>\n<p><span class=\"\">Precisamente, la escenograf\u00eda del momento es objeto de una dur\u00edsima descalificaci\u00f3n del director de Vilaweb, Vicent Partal, quien se\u00f1ala que mientras todo esto ocurr\u00eda los Mossos\u00a0<\/span><strong><span class=\"\">deten\u00edan a un dirigente de la ANC por el Tsunami Democr\u00e1tico<\/span><\/strong><span class=\"\">. Partal carga muy duro contra God\u00f3, Fomento del Trabajo y S\u00e1nchez Lliure y el lobby empresarial, y que la mezcla de todo ello con Pere Aragon\u00e9s, S\u00e1nchez y la carta crea un <\/span><strong><span class=\"\">conflicto<\/span><\/strong><span class=\"\"> que dar\u00e1 lugar a una aceleraci\u00f3n del problema, y escribe \u00ab<\/span><em><span class=\"\">de manera que ya se puede coger bien fuerte, que veremos pasar cosas extraordinarias en una direcci\u00f3n y otra, en las renuncias cada vez m\u00e1s aceleradas y en la de la consolidaci\u00f3n de la legitimidad del primero de octubre y el acoso de la violenta reacci\u00f3n espa\u00f1ola\u00bb <\/span><\/em>en alusi\u00f3n en esta \u00faltima frase a la hipot\u00e9tica <strong>descalificaci\u00f3n de las sentencias<\/strong>\u00a0en los tribunales europeos.<\/p>\n<p>En definitiva, lo que parece evidente es que la partida no ha quedado ni mucho menos cerrada, sino que se abre otra nueva que puede multiplicar los factores de conflicto y las divisiones, en lugar de reducirlos. Por un lado el\u00a0<strong>fraccionamiento en el campo independentista<\/strong>\u00a0comportar\u00e1 el crecimiento de las descalificaciones y las pugnas en su seno.\u00a0De otra, <strong>crecer\u00e1 la presi\u00f3n sobre Aragon\u00e8s<\/strong> para que todo este clima, seguramente escenificado en exceso, tenga resultado.<\/p>\n<p><span class=\"\">Una patata caliente en este \u00e1mbito es la\u00a0<\/span><strong><span class=\"\">exigencia de indultos<\/span><\/strong><span class=\"\">\u00a0para todos aquellos que est\u00e1n encausados por el proceso, y no s\u00f3lo para los l\u00edderes encarcelados. Y no es poca la gente que tiene cuestiones pendientes o que ya ha sido condenada. En este mismo cesto est\u00e1 el tema tan complicado de\u00a0<\/span><strong><span class=\"\">Puigdemont<\/span><\/strong><span class=\"\"> y los dem\u00e1s miembros del gobierno que permanecen fuera. Si Junqueras sale, es evidente que el contraste entre \u00e9l y Puigdemont ser\u00e1 muy grande, y dif\u00edcilmente explicable a las bases independentistas, porque un pasar\u00e1 como \u00abamigo\u00bb del Gobierno, y el otro como \u00abexiliado\u00bb de este mismo gobierno y estado.<\/span><\/p>\n<p>El miedo de S\u00e1nchez y el PSOE en la reacci\u00f3n al indulto ha llevado a una estrategia inmediatista, como la que nos tiene acostumbrados su gur\u00fa, Iv\u00e1n Redondo, que ha querido escenificar un cambio radical antes de la\u00a0<strong>manifestaci\u00f3n de Madrid<\/strong> en la plaza de Col\u00f3n de este fin de semana. Pero, esta voluntad de desactivar el problema que tiene en Espa\u00f1a, lo que ha conseguido es encender m\u00e1s a\u00fan el campo independentista.<\/p>\n<p>Lo que revela todo es que en el independentismo no hay una visi\u00f3n de estado -catal\u00e1n- y de su construcci\u00f3n, sino que <strong>lo que impera son las pugnas electorales<\/strong>, al igual que en S\u00e1nchez tampoco se encuentra esta visi\u00f3n de estadista y es dudosa su voluntad de reconciliaci\u00f3n proclamada, porque lo que intenta es pagar el m\u00ednimo coste en votos en Espa\u00f1a de su necesidad de mantener la alianza electoral que le permite gobernar con los votos de ERC.<\/p>\n<span class='bctt-click-to-tweet'><span class='bctt-ctt-text'><a href='https:\/\/twitter.com\/intent\/tweet?url=https%3A%2F%2Fconversesacatalunya.cat%2Fes%2Fel-independentismo-dividido%2F&#038;text=La%20carta%20de%20Junqueras%20est%C3%A1%20atizando%20una%20fuerte%20divisi%C3%B3n%20en%20el%20independentismo%2C%20que%20puede%20acabar%20afectando%20a%20ERC%20y%20al%20mismo%20gobierno%20&#038;via=conversesacat&#038;related=conversesacat' target='_blank'rel=\"noopener noreferrer\">La carta de Junqueras est\u00e1 atizando una fuerte divisi\u00f3n en el independentismo, que puede acabar afectando a ERC y al mismo gobierno  <\/a><\/span><a href='https:\/\/twitter.com\/intent\/tweet?url=https%3A%2F%2Fconversesacatalunya.cat%2Fes%2Fel-independentismo-dividido%2F&#038;text=La%20carta%20de%20Junqueras%20est%C3%A1%20atizando%20una%20fuerte%20divisi%C3%B3n%20en%20el%20independentismo%2C%20que%20puede%20acabar%20afectando%20a%20ERC%20y%20al%20mismo%20gobierno%20&#038;via=conversesacat&#038;related=conversesacat' target='_blank' class='bctt-ctt-btn'rel=\"noopener noreferrer\">Compartir en X<\/a><\/span>\n<div id=\"polls-107\" class=\"wp-polls\">\n\t<form id=\"polls_form_107\" class=\"wp-polls-form\" action=\"\/index.php\" method=\"post\">\n\t\t<p style=\"display: none;\"><input type=\"hidden\" id=\"poll_107_nonce\" name=\"wp-polls-nonce\" value=\"659e2b208b\" \/><\/p>\n\t\t<p style=\"display: none;\"><input type=\"hidden\" name=\"poll_id\" value=\"107\" \/><\/p>\n\t\t<p style=\"text-align: center\"><strong>La carta d'Oriol Junqueras representa la fi de la via independentista a mitj\u00e0 termini?<\/strong><\/p><div id=\"polls-107-ans\" class=\"wp-polls-ans\"><ul class=\"wp-polls-ul\">\n\t\t<li><input type=\"radio\" id=\"poll-answer-252\" name=\"poll_107\" value=\"252\" \/> <label for=\"poll-answer-252\">Si<\/label><\/li>\n\t\t<li><input type=\"radio\" id=\"poll-answer-253\" name=\"poll_107\" value=\"253\" \/> <label for=\"poll-answer-253\">No<\/label><\/li>\n\t\t<li><input type=\"radio\" id=\"poll-answer-254\" name=\"poll_107\" value=\"254\" \/> <label for=\"poll-answer-254\">No ho s\u00e9<\/label><\/li>\n\t\t<\/ul><p style=\"text-align: center\"><input type=\"button\" name=\"vote\" value=\"   Vota   \" class=\"Buttons\" onclick=\"poll_vote(107);\" \/><\/p><p style=\"text-align: center\"><a href=\"#ViewPollResults\" onclick=\"poll_result(107); return false;\" title=\"View Results Of This Poll\">Mira els resultats<\/a><\/p><\/div>\n\t<\/form>\n<\/div>\n<div id=\"polls-107-loading\" class=\"wp-polls-loading\"><img decoding=\"async\" data-src=\"https:\/\/conversesacatalunya.cat\/wp-content\/plugins\/wp-polls\/images\/loading.gif\" width=\"16\" height=\"16\" alt=\"Cargando ...\" title=\"Cargando ...\" class=\"wp-polls-image lazyload\" src=\"data:image\/svg+xml;base64,PHN2ZyB3aWR0aD0iMSIgaGVpZ2h0PSIxIiB4bWxucz0iaHR0cDovL3d3dy53My5vcmcvMjAwMC9zdmciPjwvc3ZnPg==\" style=\"--smush-placeholder-width: 16px; --smush-placeholder-aspect-ratio: 16\/16;\" \/>&nbsp;Cargando ...<\/div>\n\n","protected":false},"excerpt":{"rendered":"<p>Ahora ya es evidente que la carta de Junqueras y el momento y la escenograf\u00eda est\u00e1n atizando una\u00a0fuerte divisi\u00f3n en el independentismo,\u00a0que puede acabar afectando a las mismas bases de ERC e incluso al mismo gobierno. El\u00a0ANC\u00a0ya se ha pronunciado afirmando que\u00a0discrepa totalmente\u00a0de la posici\u00f3n de Oriol Junqueras. La\u00a0CUP la considera un\u00a0error\u00a0porque constata que en el marco de la Constituci\u00f3n no se producir\u00e1\u00a0ni la amnist\u00eda ni el refer\u00e9ndum pactado,\u00a0y\u00a0JxCat\u00a0mantiene una distancia cr\u00edtica, si bien, seguramente matizada por su permanencia en el gobierno, pero con la fuerte voz de Jordi S\u00e1nchez, quien ha formulado una en\u00e9rgica descalificaci\u00f3n en un art\u00edculo publicado en respuesta a la carta de Junqueras. El secretario general de JxCat se\u00f1ala que no se puede descartar ninguna v\u00eda democr\u00e1tica a la independencia, si bien defiende tambi\u00e9n que una posible es la del\u00a0di\u00e1logo y el acuerdo. Tambi\u00e9n sostiene que el refer\u00e9ndum del 2017 no se hizo tanto para alcanzar la independencia como para forzar al gobierno espa\u00f1ol a negociar, y afirma que si esta v\u00eda no funcion\u00f3 fue porque \u00abalgunos hicieron un giro de gui\u00f3n y no supieron aguantar la presi\u00f3n del estado\u00bb. Sin embargo, subraya que no la aguantaron cuando \u00e9l y Cuixart ya estaban encarcelados, y no se est\u00e1 de hacer una referencia cr\u00edtica a las 155 monedas de plata en relaci\u00f3n con el tuit de Gabriel Rufi\u00e1n el 25 de octubre del 2017. S\u00e1nchez se\u00f1ala que\u00a0el acuerdo entre JxCat y ERC\u00a0implica dise\u00f1ar una estrategia conjunta para el independentismo y sin renuncias previas a ninguna estrategia. Tambi\u00e9n considera un error el momento elegido para la publicaci\u00f3n del art\u00edculo de Junqueras, que considera que no fue neutral porque se hizo p\u00fablico\u00a0una hora antes del acto en Fomento de Trabajo en el que coincidieron Aragon\u00e8s y S\u00e1nchez y una nutrida representaci\u00f3n del empresariado para hacer un homenaje a Javier God\u00f3. Precisamente, la escenograf\u00eda del momento es objeto de una dur\u00edsima descalificaci\u00f3n del director de Vilaweb, Vicent Partal, quien se\u00f1ala que mientras todo esto ocurr\u00eda los Mossos\u00a0deten\u00edan a un dirigente de la ANC por el Tsunami Democr\u00e1tico. Partal carga muy duro contra God\u00f3, Fomento del Trabajo y S\u00e1nchez Lliure y el lobby empresarial, y que la mezcla de todo ello con Pere Aragon\u00e9s, S\u00e1nchez y la carta crea un conflicto que dar\u00e1 lugar a una aceleraci\u00f3n del problema, y escribe \u00abde manera que ya se puede coger bien fuerte, que veremos pasar cosas extraordinarias en una direcci\u00f3n y otra, en las renuncias cada vez m\u00e1s aceleradas y en la de la consolidaci\u00f3n de la legitimidad del primero de octubre y el acoso de la violenta reacci\u00f3n espa\u00f1ola\u00bb en alusi\u00f3n en esta \u00faltima frase a la hipot\u00e9tica descalificaci\u00f3n de las sentencias\u00a0en los tribunales europeos. En definitiva, lo que parece evidente es que la partida no ha quedado ni mucho menos cerrada, sino que se abre otra nueva que puede multiplicar los factores de conflicto y las divisiones, en lugar de reducirlos. Por un lado el\u00a0fraccionamiento en el campo independentista\u00a0comportar\u00e1 el crecimiento de las descalificaciones y las pugnas en su seno.\u00a0De otra, crecer\u00e1 la presi\u00f3n sobre Aragon\u00e8s para que todo este clima, seguramente escenificado en exceso, tenga resultado. Una patata caliente en este \u00e1mbito es la\u00a0exigencia de indultos\u00a0para todos aquellos que est\u00e1n encausados por el proceso, y no s\u00f3lo para los l\u00edderes encarcelados. Y no es poca la gente que tiene cuestiones pendientes o que ya ha sido condenada. En este mismo cesto est\u00e1 el tema tan complicado de\u00a0Puigdemont y los dem\u00e1s miembros del gobierno que permanecen fuera. Si Junqueras sale, es evidente que el contraste entre \u00e9l y Puigdemont ser\u00e1 muy grande, y dif\u00edcilmente explicable a las bases independentistas, porque un pasar\u00e1 como \u00abamigo\u00bb del Gobierno, y el otro como \u00abexiliado\u00bb de este mismo gobierno y estado. El miedo de S\u00e1nchez y el PSOE en la reacci\u00f3n al indulto ha llevado a una estrategia inmediatista, como la que nos tiene acostumbrados su gur\u00fa, Iv\u00e1n Redondo, que ha querido escenificar un cambio radical antes de la\u00a0manifestaci\u00f3n de Madrid en la plaza de Col\u00f3n de este fin de semana. Pero, esta voluntad de desactivar el problema que tiene en Espa\u00f1a, lo que ha conseguido es encender m\u00e1s a\u00fan el campo independentista. Lo que revela todo es que en el independentismo no hay una visi\u00f3n de estado -catal\u00e1n- y de su construcci\u00f3n, sino que lo que impera son las pugnas electorales, al igual que en S\u00e1nchez tampoco se encuentra esta visi\u00f3n de estadista y es dudosa su voluntad de reconciliaci\u00f3n proclamada, porque lo que intenta es pagar el m\u00ednimo coste en votos en Espa\u00f1a de su necesidad de mantener la alianza electoral que le permite gobernar con los votos de ERC.<\/p>\n","protected":false},"author":19,"featured_media":48900,"comment_status":"open","ping_status":"open","sticky":false,"template":"","format":"standard","meta":{"_FSMCFIC_featured_image_caption":"","_FSMCFIC_featured_image_nocaption":"","_FSMCFIC_featured_image_hide":"","footnotes":""},"categories":[796,806],"tags":[951,986,1131],"class_list":["post-48903","post","type-post","status-publish","format-standard","has-post-thumbnail","hentry","category-el-blog-de-josep-miro-i-ardevol-es","category-punts-claus-del-dia-es","tag-independentisme-es","tag-independentismo-es","tag-oriol-junqueras-es"],"yoast_head":"<!-- This site is optimized with the Yoast SEO plugin v26.8 - https:\/\/yoast.com\/product\/yoast-seo-wordpress\/ -->\n<title>El independentismo dividido - Converses a Catalunya<\/title>\n<meta name=\"description\" content=\"La carta de Junqueras est\u00e1 atizando una fuerte divisi\u00f3n en el independentismo, que puede acabar afectando a ERC y al mismo gobierno\" \/>\n<meta name=\"robots\" content=\"index, follow, max-snippet:-1, max-image-preview:large, max-video-preview:-1\" \/>\n<link rel=\"canonical\" href=\"https:\/\/conversesacatalunya.cat\/es\/el-independentismo-dividido\/\" \/>\n<meta property=\"og:locale\" content=\"es_ES\" \/>\n<meta property=\"og:type\" content=\"article\" \/>\n<meta property=\"og:title\" content=\"El independentismo dividido - Converses a Catalunya\" \/>\n<meta property=\"og:description\" content=\"La carta de Junqueras est\u00e1 atizando una fuerte divisi\u00f3n en el independentismo, que puede acabar afectando a ERC y al mismo gobierno\" \/>\n<meta property=\"og:url\" content=\"https:\/\/conversesacatalunya.cat\/es\/el-independentismo-dividido\/\" \/>\n<meta property=\"og:site_name\" content=\"Converses a Catalunya\" \/>\n<meta property=\"article:published_time\" content=\"2021-06-09T10:06:46+00:00\" \/>\n<meta property=\"article:modified_time\" content=\"2021-06-10T08:35:11+00:00\" \/>\n<meta property=\"og:image\" content=\"https:\/\/conversesacatalunya.cat\/wp-content\/uploads\/2021\/06\/carta-junqueras.jpg\" \/>\n\t<meta property=\"og:image:width\" content=\"480\" \/>\n\t<meta property=\"og:image:height\" content=\"270\" \/>\n\t<meta property=\"og:image:type\" content=\"image\/jpeg\" \/>\n<meta name=\"author\" content=\"Josep Mir\u00f3 i Ard\u00e8vol\" \/>\n<meta name=\"twitter:card\" content=\"summary_large_image\" \/>\n<meta name=\"twitter:label1\" content=\"Escrito por\" \/>\n\t<meta name=\"twitter:data1\" content=\"Josep Mir\u00f3 i Ard\u00e8vol\" \/>\n\t<meta name=\"twitter:label2\" content=\"Tiempo de lectura\" \/>\n\t<meta name=\"twitter:data2\" content=\"4 minutos\" \/>\n<script type=\"application\/ld+json\" class=\"yoast-schema-graph\">{\"@context\":\"https:\/\/schema.org\",\"@graph\":[{\"@type\":\"Article\",\"@id\":\"https:\/\/conversesacatalunya.cat\/es\/el-independentismo-dividido\/#article\",\"isPartOf\":{\"@id\":\"https:\/\/conversesacatalunya.cat\/es\/el-independentismo-dividido\/\"},\"author\":{\"name\":\"Josep Mir\u00f3 i Ard\u00e8vol\",\"@id\":\"https:\/\/conversesacatalunya.cat\/#\/schema\/person\/a9598a6786ba7d3d1c5e0de477b79370\"},\"headline\":\"El independentismo dividido\",\"datePublished\":\"2021-06-09T10:06:46+00:00\",\"dateModified\":\"2021-06-10T08:35:11+00:00\",\"mainEntityOfPage\":{\"@id\":\"https:\/\/conversesacatalunya.cat\/es\/el-independentismo-dividido\/\"},\"wordCount\":899,\"commentCount\":0,\"image\":{\"@id\":\"https:\/\/conversesacatalunya.cat\/es\/el-independentismo-dividido\/#primaryimage\"},\"thumbnailUrl\":\"https:\/\/conversesacatalunya.cat\/wp-content\/uploads\/2021\/06\/carta-junqueras.jpg\",\"keywords\":[\"Independentisme\",\"Independentismo\",\"Oriol Junqueras\"],\"articleSection\":[\"El Blog de Josep Mir\u00f3 i Ard\u00e8vol (ES)\",\"Punts clau del dia (ES)\"],\"inLanguage\":\"es\",\"potentialAction\":[{\"@type\":\"CommentAction\",\"name\":\"Comment\",\"target\":[\"https:\/\/conversesacatalunya.cat\/es\/el-independentismo-dividido\/#respond\"]}]},{\"@type\":\"WebPage\",\"@id\":\"https:\/\/conversesacatalunya.cat\/es\/el-independentismo-dividido\/\",\"url\":\"https:\/\/conversesacatalunya.cat\/es\/el-independentismo-dividido\/\",\"name\":\"El independentismo dividido - Converses a Catalunya\",\"isPartOf\":{\"@id\":\"https:\/\/conversesacatalunya.cat\/#website\"},\"primaryImageOfPage\":{\"@id\":\"https:\/\/conversesacatalunya.cat\/es\/el-independentismo-dividido\/#primaryimage\"},\"image\":{\"@id\":\"https:\/\/conversesacatalunya.cat\/es\/el-independentismo-dividido\/#primaryimage\"},\"thumbnailUrl\":\"https:\/\/conversesacatalunya.cat\/wp-content\/uploads\/2021\/06\/carta-junqueras.jpg\",\"datePublished\":\"2021-06-09T10:06:46+00:00\",\"dateModified\":\"2021-06-10T08:35:11+00:00\",\"author\":{\"@id\":\"https:\/\/conversesacatalunya.cat\/#\/schema\/person\/a9598a6786ba7d3d1c5e0de477b79370\"},\"description\":\"La carta de Junqueras est\u00e1 atizando una fuerte divisi\u00f3n en el independentismo, que puede acabar afectando a ERC y al mismo gobierno\",\"breadcrumb\":{\"@id\":\"https:\/\/conversesacatalunya.cat\/es\/el-independentismo-dividido\/#breadcrumb\"},\"inLanguage\":\"es\",\"potentialAction\":[{\"@type\":\"ReadAction\",\"target\":[\"https:\/\/conversesacatalunya.cat\/es\/el-independentismo-dividido\/\"]}]},{\"@type\":\"ImageObject\",\"inLanguage\":\"es\",\"@id\":\"https:\/\/conversesacatalunya.cat\/es\/el-independentismo-dividido\/#primaryimage\",\"url\":\"https:\/\/conversesacatalunya.cat\/wp-content\/uploads\/2021\/06\/carta-junqueras.jpg\",\"contentUrl\":\"https:\/\/conversesacatalunya.cat\/wp-content\/uploads\/2021\/06\/carta-junqueras.jpg\",\"width\":480,\"height\":270,\"caption\":\"Independentisme\"},{\"@type\":\"BreadcrumbList\",\"@id\":\"https:\/\/conversesacatalunya.cat\/es\/el-independentismo-dividido\/#breadcrumb\",\"itemListElement\":[{\"@type\":\"ListItem\",\"position\":1,\"name\":\"Inici\",\"item\":\"https:\/\/conversesacatalunya.cat\/es\/\"},{\"@type\":\"ListItem\",\"position\":2,\"name\":\"El independentismo dividido\"}]},{\"@type\":\"WebSite\",\"@id\":\"https:\/\/conversesacatalunya.cat\/#website\",\"url\":\"https:\/\/conversesacatalunya.cat\/\",\"name\":\"Converses a Catalunya\",\"description\":\"\",\"potentialAction\":[{\"@type\":\"SearchAction\",\"target\":{\"@type\":\"EntryPoint\",\"urlTemplate\":\"https:\/\/conversesacatalunya.cat\/?s={search_term_string}\"},\"query-input\":{\"@type\":\"PropertyValueSpecification\",\"valueRequired\":true,\"valueName\":\"search_term_string\"}}],\"inLanguage\":\"es\"},{\"@type\":\"Person\",\"@id\":\"https:\/\/conversesacatalunya.cat\/#\/schema\/person\/a9598a6786ba7d3d1c5e0de477b79370\",\"name\":\"Josep Mir\u00f3 i Ard\u00e8vol\",\"image\":{\"@type\":\"ImageObject\",\"inLanguage\":\"es\",\"@id\":\"https:\/\/conversesacatalunya.cat\/#\/schema\/person\/image\/\",\"url\":\"https:\/\/conversesacatalunya.cat\/wp-content\/litespeed\/avatar\/c37e3dc881857483d6694cdf98fdedea.jpg?ver=1777270381\",\"contentUrl\":\"https:\/\/conversesacatalunya.cat\/wp-content\/litespeed\/avatar\/c37e3dc881857483d6694cdf98fdedea.jpg?ver=1777270381\",\"caption\":\"Josep Mir\u00f3 i Ard\u00e8vol\"},\"url\":\"https:\/\/conversesacatalunya.cat\/es\/author\/josep-miro-i-ardevol\/\"}]}<\/script>\n<!-- \/ Yoast SEO plugin. -->","yoast_head_json":{"title":"El independentismo dividido - Converses a Catalunya","description":"La carta de Junqueras est\u00e1 atizando una fuerte divisi\u00f3n en el independentismo, que puede acabar afectando a ERC y al mismo gobierno","robots":{"index":"index","follow":"follow","max-snippet":"max-snippet:-1","max-image-preview":"max-image-preview:large","max-video-preview":"max-video-preview:-1"},"canonical":"https:\/\/conversesacatalunya.cat\/es\/el-independentismo-dividido\/","og_locale":"es_ES","og_type":"article","og_title":"El independentismo dividido - Converses a Catalunya","og_description":"La carta de Junqueras est\u00e1 atizando una fuerte divisi\u00f3n en el independentismo, que puede acabar afectando a ERC y al mismo gobierno","og_url":"https:\/\/conversesacatalunya.cat\/es\/el-independentismo-dividido\/","og_site_name":"Converses a Catalunya","article_published_time":"2021-06-09T10:06:46+00:00","article_modified_time":"2021-06-10T08:35:11+00:00","og_image":[{"width":480,"height":270,"url":"https:\/\/conversesacatalunya.cat\/wp-content\/uploads\/2021\/06\/carta-junqueras.jpg","type":"image\/jpeg"}],"author":"Josep Mir\u00f3 i Ard\u00e8vol","twitter_card":"summary_large_image","twitter_misc":{"Escrito por":"Josep Mir\u00f3 i Ard\u00e8vol","Tiempo de lectura":"4 minutos"},"schema":{"@context":"https:\/\/schema.org","@graph":[{"@type":"Article","@id":"https:\/\/conversesacatalunya.cat\/es\/el-independentismo-dividido\/#article","isPartOf":{"@id":"https:\/\/conversesacatalunya.cat\/es\/el-independentismo-dividido\/"},"author":{"name":"Josep Mir\u00f3 i Ard\u00e8vol","@id":"https:\/\/conversesacatalunya.cat\/#\/schema\/person\/a9598a6786ba7d3d1c5e0de477b79370"},"headline":"El independentismo dividido","datePublished":"2021-06-09T10:06:46+00:00","dateModified":"2021-06-10T08:35:11+00:00","mainEntityOfPage":{"@id":"https:\/\/conversesacatalunya.cat\/es\/el-independentismo-dividido\/"},"wordCount":899,"commentCount":0,"image":{"@id":"https:\/\/conversesacatalunya.cat\/es\/el-independentismo-dividido\/#primaryimage"},"thumbnailUrl":"https:\/\/conversesacatalunya.cat\/wp-content\/uploads\/2021\/06\/carta-junqueras.jpg","keywords":["Independentisme","Independentismo","Oriol Junqueras"],"articleSection":["El Blog de Josep Mir\u00f3 i Ard\u00e8vol (ES)","Punts clau del dia (ES)"],"inLanguage":"es","potentialAction":[{"@type":"CommentAction","name":"Comment","target":["https:\/\/conversesacatalunya.cat\/es\/el-independentismo-dividido\/#respond"]}]},{"@type":"WebPage","@id":"https:\/\/conversesacatalunya.cat\/es\/el-independentismo-dividido\/","url":"https:\/\/conversesacatalunya.cat\/es\/el-independentismo-dividido\/","name":"El independentismo dividido - Converses a Catalunya","isPartOf":{"@id":"https:\/\/conversesacatalunya.cat\/#website"},"primaryImageOfPage":{"@id":"https:\/\/conversesacatalunya.cat\/es\/el-independentismo-dividido\/#primaryimage"},"image":{"@id":"https:\/\/conversesacatalunya.cat\/es\/el-independentismo-dividido\/#primaryimage"},"thumbnailUrl":"https:\/\/conversesacatalunya.cat\/wp-content\/uploads\/2021\/06\/carta-junqueras.jpg","datePublished":"2021-06-09T10:06:46+00:00","dateModified":"2021-06-10T08:35:11+00:00","author":{"@id":"https:\/\/conversesacatalunya.cat\/#\/schema\/person\/a9598a6786ba7d3d1c5e0de477b79370"},"description":"La carta de Junqueras est\u00e1 atizando una fuerte divisi\u00f3n en el independentismo, que puede acabar afectando a ERC y al mismo gobierno","breadcrumb":{"@id":"https:\/\/conversesacatalunya.cat\/es\/el-independentismo-dividido\/#breadcrumb"},"inLanguage":"es","potentialAction":[{"@type":"ReadAction","target":["https:\/\/conversesacatalunya.cat\/es\/el-independentismo-dividido\/"]}]},{"@type":"ImageObject","inLanguage":"es","@id":"https:\/\/conversesacatalunya.cat\/es\/el-independentismo-dividido\/#primaryimage","url":"https:\/\/conversesacatalunya.cat\/wp-content\/uploads\/2021\/06\/carta-junqueras.jpg","contentUrl":"https:\/\/conversesacatalunya.cat\/wp-content\/uploads\/2021\/06\/carta-junqueras.jpg","width":480,"height":270,"caption":"Independentisme"},{"@type":"BreadcrumbList","@id":"https:\/\/conversesacatalunya.cat\/es\/el-independentismo-dividido\/#breadcrumb","itemListElement":[{"@type":"ListItem","position":1,"name":"Inici","item":"https:\/\/conversesacatalunya.cat\/es\/"},{"@type":"ListItem","position":2,"name":"El independentismo dividido"}]},{"@type":"WebSite","@id":"https:\/\/conversesacatalunya.cat\/#website","url":"https:\/\/conversesacatalunya.cat\/","name":"Converses a Catalunya","description":"","potentialAction":[{"@type":"SearchAction","target":{"@type":"EntryPoint","urlTemplate":"https:\/\/conversesacatalunya.cat\/?s={search_term_string}"},"query-input":{"@type":"PropertyValueSpecification","valueRequired":true,"valueName":"search_term_string"}}],"inLanguage":"es"},{"@type":"Person","@id":"https:\/\/conversesacatalunya.cat\/#\/schema\/person\/a9598a6786ba7d3d1c5e0de477b79370","name":"Josep Mir\u00f3 i Ard\u00e8vol","image":{"@type":"ImageObject","inLanguage":"es","@id":"https:\/\/conversesacatalunya.cat\/#\/schema\/person\/image\/","url":"https:\/\/conversesacatalunya.cat\/wp-content\/litespeed\/avatar\/c37e3dc881857483d6694cdf98fdedea.jpg?ver=1777270381","contentUrl":"https:\/\/conversesacatalunya.cat\/wp-content\/litespeed\/avatar\/c37e3dc881857483d6694cdf98fdedea.jpg?ver=1777270381","caption":"Josep Mir\u00f3 i Ard\u00e8vol"},"url":"https:\/\/conversesacatalunya.cat\/es\/author\/josep-miro-i-ardevol\/"}]}},"wps_subtitle":"La carta de Junqueras est\u00e1 atizando una fuerte divisi\u00f3n en el independentismo, que puede acabar afectando a ERC y al mismo gobierno","_links":{"self":[{"href":"https:\/\/conversesacatalunya.cat\/es\/wp-json\/wp\/v2\/posts\/48903","targetHints":{"allow":["GET"]}}],"collection":[{"href":"https:\/\/conversesacatalunya.cat\/es\/wp-json\/wp\/v2\/posts"}],"about":[{"href":"https:\/\/conversesacatalunya.cat\/es\/wp-json\/wp\/v2\/types\/post"}],"author":[{"embeddable":true,"href":"https:\/\/conversesacatalunya.cat\/es\/wp-json\/wp\/v2\/users\/19"}],"replies":[{"embeddable":true,"href":"https:\/\/conversesacatalunya.cat\/es\/wp-json\/wp\/v2\/comments?post=48903"}],"version-history":[{"count":3,"href":"https:\/\/conversesacatalunya.cat\/es\/wp-json\/wp\/v2\/posts\/48903\/revisions"}],"predecessor-version":[{"id":48924,"href":"https:\/\/conversesacatalunya.cat\/es\/wp-json\/wp\/v2\/posts\/48903\/revisions\/48924"}],"wp:featuredmedia":[{"embeddable":true,"href":"https:\/\/conversesacatalunya.cat\/es\/wp-json\/wp\/v2\/media\/48900"}],"wp:attachment":[{"href":"https:\/\/conversesacatalunya.cat\/es\/wp-json\/wp\/v2\/media?parent=48903"}],"wp:term":[{"taxonomy":"category","embeddable":true,"href":"https:\/\/conversesacatalunya.cat\/es\/wp-json\/wp\/v2\/categories?post=48903"},{"taxonomy":"post_tag","embeddable":true,"href":"https:\/\/conversesacatalunya.cat\/es\/wp-json\/wp\/v2\/tags?post=48903"}],"curies":[{"name":"wp","href":"https:\/\/api.w.org\/{rel}","templated":true}]}}