{"id":48780,"date":"2021-06-04T11:56:34","date_gmt":"2021-06-04T09:56:34","guid":{"rendered":"https:\/\/conversesacatalunya.cat\/per-a-que-serviran-els-indults\/"},"modified":"2021-06-04T13:28:48","modified_gmt":"2021-06-04T11:28:48","slug":"para-que-serviran-los-indultos","status":"publish","type":"post","link":"https:\/\/conversesacatalunya.cat\/es\/para-que-serviran-los-indultos\/","title":{"rendered":"\u00bfPara qu\u00e9 servir\u00e1n los indultos?"},"content":{"rendered":"<p>En primer t\u00e9rmino, y ante todo, para resolver un\u00a0<strong>hecho humano<\/strong>. Para que puedan volver a casa personas que han sido castigadas a penas que desde mi punto de vista son desaforadas. No cuestiono que hubo una ruptura grave con la ley, pero tambi\u00e9n constato que \u00e9sta no quiso ser efectuada.<\/p>\n<p><span class=\"goog-text-highlight\">En este sentido, los argumentos jur\u00eddicos, que no pol\u00edticos, del defensor de Joaquim Forn,\u00a0<\/span><strong><span class=\"goog-text-highlight\">Xavier Melero<\/span><\/strong><span class=\"goog-text-highlight\">, creo que describen lo que sucedi\u00f3 realmente. Por otra parte, lo que llevaron a cabo los dos Jordis creo que de ninguna manera significa que estuvieran dirigiendo un <\/span><strong><span class=\"goog-text-highlight\">acto sedicioso<\/span><\/strong><span class=\"goog-text-highlight\">. Otra cosa son sus opiniones. Pero en el sistema constitucional espa\u00f1ol, aunque no lo parezca en ocasiones,\u00a0<\/span><strong><span class=\"goog-text-highlight\">todas las opiniones<\/span><\/strong><span class=\"goog-text-highlight\">, incluso las que van contra la propia Constituci\u00f3n, pueden producirse y\u00a0<\/span><strong><span class=\"goog-text-highlight\">deben ser respetadas<\/span><\/strong><span class=\"goog-text-highlight\">. S\u00f3lo son los actos los que cuentan, y \u00e9stos deben ser valorados en sus justos t\u00e9rminos.<\/span><\/p>\n<p>Dicho esto, es evidente que considero que\u00a0<strong>el indulto es un beneficio<\/strong>\u00a0individual claro y evidente. A partir de aqu\u00ed la claridad y la evidencia desaparecen. No voy a entrar en el debate sobre si se puede conceder o no un indulto despu\u00e9s de los pronunciamientos tan vigorosamente contrarios de la justicia, porque lo que tengo inter\u00e9s en reflexionar es sobre las\u00a0<strong>dos tesis confrontadas de su utilidad p\u00fablica<\/strong>.<\/p>\n<p><strong>Una<\/strong>, la del gobierno espa\u00f1ol que afirma que esta decisi\u00f3n abre la\u00a0<strong>puerta al di\u00e1logo y al entendimiento<\/strong>\u00a0y permite abordar un progresivo desarme del independentismo. Estas consideraciones, sin embargo, no les permiten ser tan optimistas como para afirmar que la reivindicaci\u00f3n desaparecer\u00e1. M\u00e1s bien nos dice que conseguir\u00e1n\u00a0<strong>cronificar el problema<\/strong> para que se agudice m\u00e1s.<\/p>\n<p><span class=\"\">Pero esta no es una buena soluci\u00f3n. Las\u00a0<\/span><a href=\"https:\/\/conversesacatalunya.cat\/es\/pujol-habla-y-senala-que-el-camino-no-es-la-independencia\/\" target=\"_blank\" rel=\"noopener\"><span class=\"\">reflexiones de Jordi Pujol<\/span><\/a><span class=\"\"> que publica Converses se\u00f1alan claramente las razones, que no son otras que el hecho de que <\/span><strong><span class=\"\">el enquistamiento es en s\u00ed mismo ya un problema.<\/span><\/strong><span class=\"\"> Y luego, tambi\u00e9n, porque la cronificaci\u00f3n no quiere decir que no vuelva a reproducirse de manera grave en un futuro m\u00e1s o menos corto. Hay un correlato de esta posici\u00f3n en el campo independentista que dice que los indultos perjudican la causa porque desmovilizan. Me parece una lectura humanamente insensible y pol\u00edticamente poco elaborada. Porque, y vamos a la <\/span><strong><span class=\"\">segunda tesis<\/span><\/strong><span class=\"\">: la de que el indulto acentuar\u00e1 la reivindicaci\u00f3n del independentismo porque mostrar\u00e1 la debilidad del estado, al tiempo que no mermar\u00e1 las dos banderas centrales, que son la amnist\u00eda y la autodeterminaci\u00f3n.<\/span><\/p>\n<p><span class=\"\">En este caso, la lectura pol\u00edtica del hecho por parte del independentismo tiene un correlato exacto con lo que dice la derecha espa\u00f1ola: el indulto se produce porque el\u00a0<\/span><strong><span class=\"\">PSOE necesita desesperadamente los votos independentistas<\/span><\/strong><span class=\"\"> en el Congreso para gobernar. Y esta es su gran debilidad y lo que da aire y alimenta la esperanza del independentismo. El PSOE ha definido una estrategia, querida o porque se lo ha encontrado por el camino, que es la de fortalecer el bloque que permiti\u00f3 la investidura de Pedro S\u00e1nchez, donde juega evidentemente UP, pero tambi\u00e9n Bildu, PNV, ERC y otros votos del independentismo catal\u00e1n. La desaparici\u00f3n de Cs y el resurgimiento de la derecha, hoy primera fuerza electoral en Espa\u00f1a, hace que el PSOE quede esclavo de mantener este bloque, y eso los republicanos lo saben. Por lo tanto, no tienen ninguna necesidad de retroceder con las banderas independentistas. Todo lo contrario, pueden apretar y apretar hasta el l\u00edmite de la ruptura.<\/span><\/p>\n<p>Por otra parte, JxCat, y esta es una gran paradoja pol\u00edtica, valora como un bien lo que Pujol califica en t\u00e9rminos negativos: la\u00a0<strong>cronificaci\u00f3n del problema<\/strong> del independentismo en Catalu\u00f1a es una fuente de graves problemas para toda Espa\u00f1a. Esto que a Pujol le parece mal, a Puigdemont y a todo un amplio sector de JxCat les suena a canto celestial, porque es precisamente lo que consideran necesario para forzar el\u00a0<strong>refer\u00e9ndum<\/strong>. Por lo tanto, y esta es la reflexi\u00f3n, las dos tesis por caminos diferentes confluyen en el mismo punto:\u00a0<strong>los indultos no solucionan el problema<\/strong> porque la cronificaci\u00f3n es consolidar el impacto negativo que tiene sobre la pol\u00edtica espa\u00f1ola, y la debilidad que demuestran da m\u00e1s aire, incluso a los republicanos, que son el caballo blanco de quienes creen que por esta v\u00eda hay un entendimiento.<\/p>\n<p><span class=\"goog-text-highlight\">La \u00fanica variaci\u00f3n que se podr\u00eda producir en este escenario ser\u00eda el de un estruendo que rompiera el acuerdo de intereses de republicanos y puigdemontistes y que llevaran a aquellos a hacer el entendimiento, que de hecho ya funciona en la ciudad de Barcelona, con Comuns y PSC. <\/span>Es dif\u00edcil que se produzca porque adem\u00e1s hay otro agente en competici\u00f3n, que es la\u00a0<strong>CUP,<\/strong> que cada vez le come m\u00e1s terreno a los Comuns, que pueden acabar con la misma declinaci\u00f3n que Cs. Este agente tambi\u00e9n marca de cerca el camino de ERC.<\/p>\n<p>En el fondo de todo hay una cuesti\u00f3n que nadie quiere afrontar: que con la actual correlaci\u00f3n de fuerzas, la soluci\u00f3n no es posible. No la afrontan los <strong>dirigentes de la sociedad civil catalana<\/strong> y de los medios que la representan por su pereza pol\u00edtica y tendencia al vuelo gallin\u00e1ceo, y los partidos espa\u00f1oles porque no interesa en absoluto. <span class=\"\">No interesa al PSOE porque dice que \u00e9l solo no tiene la soluci\u00f3n, y porque en el caso del PP le rompe su f\u00e1cil recurso a explotar de mala manera el conflicto catal\u00e1n, prefiriendo el pan para hoy a cambio del hambre de ma\u00f1ana, porque nunca tendr\u00e1 suficiente fuerza para <\/span><strong><span class=\"\">gobernar en Espa\u00f1a sin Catalu\u00f1a<\/span><\/strong><span class=\"\">\u00a0.<\/span><\/p>\n<div id=\"polls-106\" class=\"wp-polls\">\n\t<form id=\"polls_form_106\" class=\"wp-polls-form\" action=\"\/index.php\" method=\"post\">\n\t\t<p style=\"display: none;\"><input type=\"hidden\" id=\"poll_106_nonce\" name=\"wp-polls-nonce\" value=\"4f105fc541\" \/><\/p>\n\t\t<p style=\"display: none;\"><input type=\"hidden\" name=\"poll_id\" value=\"106\" \/><\/p>\n\t\t<p style=\"text-align: center\"><strong>Est\u00e0s d'acord que s'atorguin els indults als condemnats pel proc\u00e9s?<\/strong><\/p><div id=\"polls-106-ans\" class=\"wp-polls-ans\"><ul class=\"wp-polls-ul\">\n\t\t<li><input type=\"radio\" id=\"poll-answer-250\" name=\"poll_106\" value=\"250\" \/> <label for=\"poll-answer-250\">Si<\/label><\/li>\n\t\t<li><input type=\"radio\" id=\"poll-answer-251\" name=\"poll_106\" value=\"251\" \/> <label for=\"poll-answer-251\">No<\/label><\/li>\n\t\t<\/ul><p style=\"text-align: center\"><input type=\"button\" name=\"vote\" value=\"   Vota   \" class=\"Buttons\" onclick=\"poll_vote(106);\" \/><\/p><p style=\"text-align: center\"><a href=\"#ViewPollResults\" onclick=\"poll_result(106); return false;\" title=\"View Results Of This Poll\">Mira els resultats<\/a><\/p><\/div>\n\t<\/form>\n<\/div>\n<div id=\"polls-106-loading\" class=\"wp-polls-loading\"><img decoding=\"async\" data-src=\"https:\/\/conversesacatalunya.cat\/wp-content\/plugins\/wp-polls\/images\/loading.gif\" width=\"16\" height=\"16\" alt=\"Cargando ...\" title=\"Cargando ...\" class=\"wp-polls-image lazyload\" src=\"data:image\/svg+xml;base64,PHN2ZyB3aWR0aD0iMSIgaGVpZ2h0PSIxIiB4bWxucz0iaHR0cDovL3d3dy53My5vcmcvMjAwMC9zdmciPjwvc3ZnPg==\" style=\"--smush-placeholder-width: 16px; --smush-placeholder-aspect-ratio: 16\/16;\" \/>&nbsp;Cargando ...<\/div>\n\n","protected":false},"excerpt":{"rendered":"<p>En primer t\u00e9rmino, y ante todo, para resolver un\u00a0hecho humano. Para que puedan volver a casa personas que han sido castigadas a penas que desde mi punto de vista son desaforadas. No cuestiono que hubo una ruptura grave con la ley, pero tambi\u00e9n constato que \u00e9sta no quiso ser efectuada. En este sentido, los argumentos jur\u00eddicos, que no pol\u00edticos, del defensor de Joaquim Forn,\u00a0Xavier Melero, creo que describen lo que sucedi\u00f3 realmente. Por otra parte, lo que llevaron a cabo los dos Jordis creo que de ninguna manera significa que estuvieran dirigiendo un acto sedicioso. Otra cosa son sus opiniones. Pero en el sistema constitucional espa\u00f1ol, aunque no lo parezca en ocasiones,\u00a0todas las opiniones, incluso las que van contra la propia Constituci\u00f3n, pueden producirse y\u00a0deben ser respetadas. S\u00f3lo son los actos los que cuentan, y \u00e9stos deben ser valorados en sus justos t\u00e9rminos. Dicho esto, es evidente que considero que\u00a0el indulto es un beneficio\u00a0individual claro y evidente. A partir de aqu\u00ed la claridad y la evidencia desaparecen. No voy a entrar en el debate sobre si se puede conceder o no un indulto despu\u00e9s de los pronunciamientos tan vigorosamente contrarios de la justicia, porque lo que tengo inter\u00e9s en reflexionar es sobre las\u00a0dos tesis confrontadas de su utilidad p\u00fablica. Una, la del gobierno espa\u00f1ol que afirma que esta decisi\u00f3n abre la\u00a0puerta al di\u00e1logo y al entendimiento\u00a0y permite abordar un progresivo desarme del independentismo. Estas consideraciones, sin embargo, no les permiten ser tan optimistas como para afirmar que la reivindicaci\u00f3n desaparecer\u00e1. M\u00e1s bien nos dice que conseguir\u00e1n\u00a0cronificar el problema para que se agudice m\u00e1s. Pero esta no es una buena soluci\u00f3n. Las\u00a0reflexiones de Jordi Pujol que publica Converses se\u00f1alan claramente las razones, que no son otras que el hecho de que el enquistamiento es en s\u00ed mismo ya un problema. Y luego, tambi\u00e9n, porque la cronificaci\u00f3n no quiere decir que no vuelva a reproducirse de manera grave en un futuro m\u00e1s o menos corto. Hay un correlato de esta posici\u00f3n en el campo independentista que dice que los indultos perjudican la causa porque desmovilizan. Me parece una lectura humanamente insensible y pol\u00edticamente poco elaborada. Porque, y vamos a la segunda tesis: la de que el indulto acentuar\u00e1 la reivindicaci\u00f3n del independentismo porque mostrar\u00e1 la debilidad del estado, al tiempo que no mermar\u00e1 las dos banderas centrales, que son la amnist\u00eda y la autodeterminaci\u00f3n. En este caso, la lectura pol\u00edtica del hecho por parte del independentismo tiene un correlato exacto con lo que dice la derecha espa\u00f1ola: el indulto se produce porque el\u00a0PSOE necesita desesperadamente los votos independentistas en el Congreso para gobernar. Y esta es su gran debilidad y lo que da aire y alimenta la esperanza del independentismo. El PSOE ha definido una estrategia, querida o porque se lo ha encontrado por el camino, que es la de fortalecer el bloque que permiti\u00f3 la investidura de Pedro S\u00e1nchez, donde juega evidentemente UP, pero tambi\u00e9n Bildu, PNV, ERC y otros votos del independentismo catal\u00e1n. La desaparici\u00f3n de Cs y el resurgimiento de la derecha, hoy primera fuerza electoral en Espa\u00f1a, hace que el PSOE quede esclavo de mantener este bloque, y eso los republicanos lo saben. Por lo tanto, no tienen ninguna necesidad de retroceder con las banderas independentistas. Todo lo contrario, pueden apretar y apretar hasta el l\u00edmite de la ruptura. Por otra parte, JxCat, y esta es una gran paradoja pol\u00edtica, valora como un bien lo que Pujol califica en t\u00e9rminos negativos: la\u00a0cronificaci\u00f3n del problema del independentismo en Catalu\u00f1a es una fuente de graves problemas para toda Espa\u00f1a. Esto que a Pujol le parece mal, a Puigdemont y a todo un amplio sector de JxCat les suena a canto celestial, porque es precisamente lo que consideran necesario para forzar el\u00a0refer\u00e9ndum. Por lo tanto, y esta es la reflexi\u00f3n, las dos tesis por caminos diferentes confluyen en el mismo punto:\u00a0los indultos no solucionan el problema porque la cronificaci\u00f3n es consolidar el impacto negativo que tiene sobre la pol\u00edtica espa\u00f1ola, y la debilidad que demuestran da m\u00e1s aire, incluso a los republicanos, que son el caballo blanco de quienes creen que por esta v\u00eda hay un entendimiento. La \u00fanica variaci\u00f3n que se podr\u00eda producir en este escenario ser\u00eda el de un estruendo que rompiera el acuerdo de intereses de republicanos y puigdemontistes y que llevaran a aquellos a hacer el entendimiento, que de hecho ya funciona en la ciudad de Barcelona, con Comuns y PSC. Es dif\u00edcil que se produzca porque adem\u00e1s hay otro agente en competici\u00f3n, que es la\u00a0CUP, que cada vez le come m\u00e1s terreno a los Comuns, que pueden acabar con la misma declinaci\u00f3n que Cs. Este agente tambi\u00e9n marca de cerca el camino de ERC. En el fondo de todo hay una cuesti\u00f3n que nadie quiere afrontar: que con la actual correlaci\u00f3n de fuerzas, la soluci\u00f3n no es posible. No la afrontan los dirigentes de la sociedad civil catalana y de los medios que la representan por su pereza pol\u00edtica y tendencia al vuelo gallin\u00e1ceo, y los partidos espa\u00f1oles porque no interesa en absoluto. No interesa al PSOE porque dice que \u00e9l solo no tiene la soluci\u00f3n, y porque en el caso del PP le rompe su f\u00e1cil recurso a explotar de mala manera el conflicto catal\u00e1n, prefiriendo el pan para hoy a cambio del hambre de ma\u00f1ana, porque nunca tendr\u00e1 suficiente fuerza para gobernar en Espa\u00f1a sin Catalu\u00f1a\u00a0.<\/p>\n","protected":false},"author":19,"featured_media":48770,"comment_status":"open","ping_status":"open","sticky":false,"template":"","format":"standard","meta":{"_FSMCFIC_featured_image_caption":"","_FSMCFIC_featured_image_nocaption":"","_FSMCFIC_featured_image_hide":"","footnotes":""},"categories":[796,806],"tags":[3813,3814],"class_list":["post-48780","post","type-post","status-publish","format-standard","has-post-thumbnail","hentry","category-el-blog-de-josep-miro-i-ardevol-es","category-punts-claus-del-dia-es","tag-indult-1-o-es","tag-indulto-1-o"],"yoast_head":"<!-- This site is optimized with the Yoast SEO plugin v26.8 - https:\/\/yoast.com\/product\/yoast-seo-wordpress\/ -->\n<title>\u00bfPara qu\u00e9 servir\u00e1n los indultos? - Converses a Catalunya<\/title>\n<meta name=\"description\" content=\"Considero que\u00a0el indulto es un beneficio\u00a0individual claro y evidente. A partir de aqu\u00ed la claridad y la evidencia desaparece\" \/>\n<meta name=\"robots\" content=\"index, follow, max-snippet:-1, max-image-preview:large, max-video-preview:-1\" \/>\n<link rel=\"canonical\" href=\"https:\/\/conversesacatalunya.cat\/es\/para-que-serviran-los-indultos\/\" \/>\n<meta property=\"og:locale\" content=\"es_ES\" \/>\n<meta property=\"og:type\" content=\"article\" \/>\n<meta property=\"og:title\" content=\"\u00bfPara qu\u00e9 servir\u00e1n los indultos? - Converses a Catalunya\" \/>\n<meta property=\"og:description\" content=\"Considero que\u00a0el indulto es un beneficio\u00a0individual claro y evidente. A partir de aqu\u00ed la claridad y la evidencia desaparece\" \/>\n<meta property=\"og:url\" content=\"https:\/\/conversesacatalunya.cat\/es\/para-que-serviran-los-indultos\/\" \/>\n<meta property=\"og:site_name\" content=\"Converses a Catalunya\" \/>\n<meta property=\"article:published_time\" content=\"2021-06-04T09:56:34+00:00\" \/>\n<meta property=\"article:modified_time\" content=\"2021-06-04T11:28:48+00:00\" \/>\n<meta property=\"og:image\" content=\"https:\/\/conversesacatalunya.cat\/wp-content\/uploads\/2021\/06\/indults.jpeg\" \/>\n\t<meta property=\"og:image:width\" content=\"449\" \/>\n\t<meta property=\"og:image:height\" content=\"220\" \/>\n\t<meta property=\"og:image:type\" content=\"image\/jpeg\" \/>\n<meta name=\"author\" content=\"Josep Mir\u00f3 i Ard\u00e8vol\" \/>\n<meta name=\"twitter:card\" content=\"summary_large_image\" \/>\n<meta name=\"twitter:label1\" content=\"Escrito por\" \/>\n\t<meta name=\"twitter:data1\" content=\"Josep Mir\u00f3 i Ard\u00e8vol\" \/>\n\t<meta name=\"twitter:label2\" content=\"Tiempo de lectura\" \/>\n\t<meta name=\"twitter:data2\" content=\"4 minutos\" \/>\n<script type=\"application\/ld+json\" class=\"yoast-schema-graph\">{\"@context\":\"https:\/\/schema.org\",\"@graph\":[{\"@type\":\"Article\",\"@id\":\"https:\/\/conversesacatalunya.cat\/es\/para-que-serviran-los-indultos\/#article\",\"isPartOf\":{\"@id\":\"https:\/\/conversesacatalunya.cat\/es\/para-que-serviran-los-indultos\/\"},\"author\":{\"name\":\"Josep Mir\u00f3 i Ard\u00e8vol\",\"@id\":\"https:\/\/conversesacatalunya.cat\/#\/schema\/person\/a9598a6786ba7d3d1c5e0de477b79370\"},\"headline\":\"\u00bfPara qu\u00e9 servir\u00e1n los indultos?\",\"datePublished\":\"2021-06-04T09:56:34+00:00\",\"dateModified\":\"2021-06-04T11:28:48+00:00\",\"mainEntityOfPage\":{\"@id\":\"https:\/\/conversesacatalunya.cat\/es\/para-que-serviran-los-indultos\/\"},\"wordCount\":985,\"commentCount\":0,\"image\":{\"@id\":\"https:\/\/conversesacatalunya.cat\/es\/para-que-serviran-los-indultos\/#primaryimage\"},\"thumbnailUrl\":\"https:\/\/conversesacatalunya.cat\/wp-content\/uploads\/2021\/06\/indults.jpeg\",\"keywords\":[\"Indult 1-O\",\"indulto 1-O\"],\"articleSection\":[\"El Blog de Josep Mir\u00f3 i Ard\u00e8vol (ES)\",\"Punts clau del dia (ES)\"],\"inLanguage\":\"es\",\"potentialAction\":[{\"@type\":\"CommentAction\",\"name\":\"Comment\",\"target\":[\"https:\/\/conversesacatalunya.cat\/es\/para-que-serviran-los-indultos\/#respond\"]}]},{\"@type\":\"WebPage\",\"@id\":\"https:\/\/conversesacatalunya.cat\/es\/para-que-serviran-los-indultos\/\",\"url\":\"https:\/\/conversesacatalunya.cat\/es\/para-que-serviran-los-indultos\/\",\"name\":\"\u00bfPara qu\u00e9 servir\u00e1n los indultos? - Converses a Catalunya\",\"isPartOf\":{\"@id\":\"https:\/\/conversesacatalunya.cat\/#website\"},\"primaryImageOfPage\":{\"@id\":\"https:\/\/conversesacatalunya.cat\/es\/para-que-serviran-los-indultos\/#primaryimage\"},\"image\":{\"@id\":\"https:\/\/conversesacatalunya.cat\/es\/para-que-serviran-los-indultos\/#primaryimage\"},\"thumbnailUrl\":\"https:\/\/conversesacatalunya.cat\/wp-content\/uploads\/2021\/06\/indults.jpeg\",\"datePublished\":\"2021-06-04T09:56:34+00:00\",\"dateModified\":\"2021-06-04T11:28:48+00:00\",\"author\":{\"@id\":\"https:\/\/conversesacatalunya.cat\/#\/schema\/person\/a9598a6786ba7d3d1c5e0de477b79370\"},\"description\":\"Considero que\u00a0el indulto es un beneficio\u00a0individual claro y evidente. A partir de aqu\u00ed la claridad y la evidencia desaparece\",\"breadcrumb\":{\"@id\":\"https:\/\/conversesacatalunya.cat\/es\/para-que-serviran-los-indultos\/#breadcrumb\"},\"inLanguage\":\"es\",\"potentialAction\":[{\"@type\":\"ReadAction\",\"target\":[\"https:\/\/conversesacatalunya.cat\/es\/para-que-serviran-los-indultos\/\"]}]},{\"@type\":\"ImageObject\",\"inLanguage\":\"es\",\"@id\":\"https:\/\/conversesacatalunya.cat\/es\/para-que-serviran-los-indultos\/#primaryimage\",\"url\":\"https:\/\/conversesacatalunya.cat\/wp-content\/uploads\/2021\/06\/indults.jpeg\",\"contentUrl\":\"https:\/\/conversesacatalunya.cat\/wp-content\/uploads\/2021\/06\/indults.jpeg\",\"width\":449,\"height\":220,\"caption\":\"indults\"},{\"@type\":\"BreadcrumbList\",\"@id\":\"https:\/\/conversesacatalunya.cat\/es\/para-que-serviran-los-indultos\/#breadcrumb\",\"itemListElement\":[{\"@type\":\"ListItem\",\"position\":1,\"name\":\"Inici\",\"item\":\"https:\/\/conversesacatalunya.cat\/es\/\"},{\"@type\":\"ListItem\",\"position\":2,\"name\":\"\u00bfPara qu\u00e9 servir\u00e1n los indultos?\"}]},{\"@type\":\"WebSite\",\"@id\":\"https:\/\/conversesacatalunya.cat\/#website\",\"url\":\"https:\/\/conversesacatalunya.cat\/\",\"name\":\"Converses a Catalunya\",\"description\":\"\",\"potentialAction\":[{\"@type\":\"SearchAction\",\"target\":{\"@type\":\"EntryPoint\",\"urlTemplate\":\"https:\/\/conversesacatalunya.cat\/?s={search_term_string}\"},\"query-input\":{\"@type\":\"PropertyValueSpecification\",\"valueRequired\":true,\"valueName\":\"search_term_string\"}}],\"inLanguage\":\"es\"},{\"@type\":\"Person\",\"@id\":\"https:\/\/conversesacatalunya.cat\/#\/schema\/person\/a9598a6786ba7d3d1c5e0de477b79370\",\"name\":\"Josep Mir\u00f3 i Ard\u00e8vol\",\"image\":{\"@type\":\"ImageObject\",\"inLanguage\":\"es\",\"@id\":\"https:\/\/conversesacatalunya.cat\/#\/schema\/person\/image\/\",\"url\":\"https:\/\/conversesacatalunya.cat\/wp-content\/litespeed\/avatar\/c37e3dc881857483d6694cdf98fdedea.jpg?ver=1777270381\",\"contentUrl\":\"https:\/\/conversesacatalunya.cat\/wp-content\/litespeed\/avatar\/c37e3dc881857483d6694cdf98fdedea.jpg?ver=1777270381\",\"caption\":\"Josep Mir\u00f3 i Ard\u00e8vol\"},\"url\":\"https:\/\/conversesacatalunya.cat\/es\/author\/josep-miro-i-ardevol\/\"}]}<\/script>\n<!-- \/ Yoast SEO plugin. -->","yoast_head_json":{"title":"\u00bfPara qu\u00e9 servir\u00e1n los indultos? - Converses a Catalunya","description":"Considero que\u00a0el indulto es un beneficio\u00a0individual claro y evidente. A partir de aqu\u00ed la claridad y la evidencia desaparece","robots":{"index":"index","follow":"follow","max-snippet":"max-snippet:-1","max-image-preview":"max-image-preview:large","max-video-preview":"max-video-preview:-1"},"canonical":"https:\/\/conversesacatalunya.cat\/es\/para-que-serviran-los-indultos\/","og_locale":"es_ES","og_type":"article","og_title":"\u00bfPara qu\u00e9 servir\u00e1n los indultos? - Converses a Catalunya","og_description":"Considero que\u00a0el indulto es un beneficio\u00a0individual claro y evidente. A partir de aqu\u00ed la claridad y la evidencia desaparece","og_url":"https:\/\/conversesacatalunya.cat\/es\/para-que-serviran-los-indultos\/","og_site_name":"Converses a Catalunya","article_published_time":"2021-06-04T09:56:34+00:00","article_modified_time":"2021-06-04T11:28:48+00:00","og_image":[{"width":449,"height":220,"url":"https:\/\/conversesacatalunya.cat\/wp-content\/uploads\/2021\/06\/indults.jpeg","type":"image\/jpeg"}],"author":"Josep Mir\u00f3 i Ard\u00e8vol","twitter_card":"summary_large_image","twitter_misc":{"Escrito por":"Josep Mir\u00f3 i Ard\u00e8vol","Tiempo de lectura":"4 minutos"},"schema":{"@context":"https:\/\/schema.org","@graph":[{"@type":"Article","@id":"https:\/\/conversesacatalunya.cat\/es\/para-que-serviran-los-indultos\/#article","isPartOf":{"@id":"https:\/\/conversesacatalunya.cat\/es\/para-que-serviran-los-indultos\/"},"author":{"name":"Josep Mir\u00f3 i Ard\u00e8vol","@id":"https:\/\/conversesacatalunya.cat\/#\/schema\/person\/a9598a6786ba7d3d1c5e0de477b79370"},"headline":"\u00bfPara qu\u00e9 servir\u00e1n los indultos?","datePublished":"2021-06-04T09:56:34+00:00","dateModified":"2021-06-04T11:28:48+00:00","mainEntityOfPage":{"@id":"https:\/\/conversesacatalunya.cat\/es\/para-que-serviran-los-indultos\/"},"wordCount":985,"commentCount":0,"image":{"@id":"https:\/\/conversesacatalunya.cat\/es\/para-que-serviran-los-indultos\/#primaryimage"},"thumbnailUrl":"https:\/\/conversesacatalunya.cat\/wp-content\/uploads\/2021\/06\/indults.jpeg","keywords":["Indult 1-O","indulto 1-O"],"articleSection":["El Blog de Josep Mir\u00f3 i Ard\u00e8vol (ES)","Punts clau del dia (ES)"],"inLanguage":"es","potentialAction":[{"@type":"CommentAction","name":"Comment","target":["https:\/\/conversesacatalunya.cat\/es\/para-que-serviran-los-indultos\/#respond"]}]},{"@type":"WebPage","@id":"https:\/\/conversesacatalunya.cat\/es\/para-que-serviran-los-indultos\/","url":"https:\/\/conversesacatalunya.cat\/es\/para-que-serviran-los-indultos\/","name":"\u00bfPara qu\u00e9 servir\u00e1n los indultos? - Converses a Catalunya","isPartOf":{"@id":"https:\/\/conversesacatalunya.cat\/#website"},"primaryImageOfPage":{"@id":"https:\/\/conversesacatalunya.cat\/es\/para-que-serviran-los-indultos\/#primaryimage"},"image":{"@id":"https:\/\/conversesacatalunya.cat\/es\/para-que-serviran-los-indultos\/#primaryimage"},"thumbnailUrl":"https:\/\/conversesacatalunya.cat\/wp-content\/uploads\/2021\/06\/indults.jpeg","datePublished":"2021-06-04T09:56:34+00:00","dateModified":"2021-06-04T11:28:48+00:00","author":{"@id":"https:\/\/conversesacatalunya.cat\/#\/schema\/person\/a9598a6786ba7d3d1c5e0de477b79370"},"description":"Considero que\u00a0el indulto es un beneficio\u00a0individual claro y evidente. A partir de aqu\u00ed la claridad y la evidencia desaparece","breadcrumb":{"@id":"https:\/\/conversesacatalunya.cat\/es\/para-que-serviran-los-indultos\/#breadcrumb"},"inLanguage":"es","potentialAction":[{"@type":"ReadAction","target":["https:\/\/conversesacatalunya.cat\/es\/para-que-serviran-los-indultos\/"]}]},{"@type":"ImageObject","inLanguage":"es","@id":"https:\/\/conversesacatalunya.cat\/es\/para-que-serviran-los-indultos\/#primaryimage","url":"https:\/\/conversesacatalunya.cat\/wp-content\/uploads\/2021\/06\/indults.jpeg","contentUrl":"https:\/\/conversesacatalunya.cat\/wp-content\/uploads\/2021\/06\/indults.jpeg","width":449,"height":220,"caption":"indults"},{"@type":"BreadcrumbList","@id":"https:\/\/conversesacatalunya.cat\/es\/para-que-serviran-los-indultos\/#breadcrumb","itemListElement":[{"@type":"ListItem","position":1,"name":"Inici","item":"https:\/\/conversesacatalunya.cat\/es\/"},{"@type":"ListItem","position":2,"name":"\u00bfPara qu\u00e9 servir\u00e1n los indultos?"}]},{"@type":"WebSite","@id":"https:\/\/conversesacatalunya.cat\/#website","url":"https:\/\/conversesacatalunya.cat\/","name":"Converses a Catalunya","description":"","potentialAction":[{"@type":"SearchAction","target":{"@type":"EntryPoint","urlTemplate":"https:\/\/conversesacatalunya.cat\/?s={search_term_string}"},"query-input":{"@type":"PropertyValueSpecification","valueRequired":true,"valueName":"search_term_string"}}],"inLanguage":"es"},{"@type":"Person","@id":"https:\/\/conversesacatalunya.cat\/#\/schema\/person\/a9598a6786ba7d3d1c5e0de477b79370","name":"Josep Mir\u00f3 i Ard\u00e8vol","image":{"@type":"ImageObject","inLanguage":"es","@id":"https:\/\/conversesacatalunya.cat\/#\/schema\/person\/image\/","url":"https:\/\/conversesacatalunya.cat\/wp-content\/litespeed\/avatar\/c37e3dc881857483d6694cdf98fdedea.jpg?ver=1777270381","contentUrl":"https:\/\/conversesacatalunya.cat\/wp-content\/litespeed\/avatar\/c37e3dc881857483d6694cdf98fdedea.jpg?ver=1777270381","caption":"Josep Mir\u00f3 i Ard\u00e8vol"},"url":"https:\/\/conversesacatalunya.cat\/es\/author\/josep-miro-i-ardevol\/"}]}},"wps_subtitle":"Considero que\u00a0el indulto es un beneficio\u00a0individual claro y evidente. A partir de aqu\u00ed la claridad y la evidencia desaparece","_links":{"self":[{"href":"https:\/\/conversesacatalunya.cat\/es\/wp-json\/wp\/v2\/posts\/48780","targetHints":{"allow":["GET"]}}],"collection":[{"href":"https:\/\/conversesacatalunya.cat\/es\/wp-json\/wp\/v2\/posts"}],"about":[{"href":"https:\/\/conversesacatalunya.cat\/es\/wp-json\/wp\/v2\/types\/post"}],"author":[{"embeddable":true,"href":"https:\/\/conversesacatalunya.cat\/es\/wp-json\/wp\/v2\/users\/19"}],"replies":[{"embeddable":true,"href":"https:\/\/conversesacatalunya.cat\/es\/wp-json\/wp\/v2\/comments?post=48780"}],"version-history":[{"count":3,"href":"https:\/\/conversesacatalunya.cat\/es\/wp-json\/wp\/v2\/posts\/48780\/revisions"}],"predecessor-version":[{"id":48787,"href":"https:\/\/conversesacatalunya.cat\/es\/wp-json\/wp\/v2\/posts\/48780\/revisions\/48787"}],"wp:featuredmedia":[{"embeddable":true,"href":"https:\/\/conversesacatalunya.cat\/es\/wp-json\/wp\/v2\/media\/48770"}],"wp:attachment":[{"href":"https:\/\/conversesacatalunya.cat\/es\/wp-json\/wp\/v2\/media?parent=48780"}],"wp:term":[{"taxonomy":"category","embeddable":true,"href":"https:\/\/conversesacatalunya.cat\/es\/wp-json\/wp\/v2\/categories?post=48780"},{"taxonomy":"post_tag","embeddable":true,"href":"https:\/\/conversesacatalunya.cat\/es\/wp-json\/wp\/v2\/tags?post=48780"}],"curies":[{"name":"wp","href":"https:\/\/api.w.org\/{rel}","templated":true}]}}