{"id":48764,"date":"2021-06-04T10:42:00","date_gmt":"2021-06-04T08:42:00","guid":{"rendered":"https:\/\/conversesacatalunya.cat\/habitatge-es-consolida-la-pujada-de-preus-en-les-capitals\/"},"modified":"2021-06-04T10:45:21","modified_gmt":"2021-06-04T08:45:21","slug":"vivienda-se-consolida-la-subida-de-precios-en-las-capitales","status":"publish","type":"post","link":"https:\/\/conversesacatalunya.cat\/es\/vivienda-se-consolida-la-subida-de-precios-en-las-capitales\/","title":{"rendered":"Vivienda: se consolida la subida de precios en las capitales"},"content":{"rendered":"<p>La crisis de la covid <strong>no ha abaratado los precios de la vivienda tanto como los del alquiler<\/strong>. Al contrario, seg\u00fan la estad\u00edstica que maneja el mayor portal de anuncios del mercado, Idealista, el precio de las casas para la venta ha subido en el conjunto de Espa\u00f1a en el \u00faltimo a\u00f1o un 4,4%. Este incremento contrasta con la ca\u00edda interanual del 6% que ha experimentado el precio medio del alquiler.<\/p>\n<p>El excedente de vivienda para la venta no ha aumentado como el del alquiler (que se ha duplicado). Paralelamente, de acuerdo a los datos de Idealista, el precio de las casas ha alcanzado en mayo un m\u00e1ximo hist\u00f3rico en puntos de alta demanda, como Baleares, la provincia de M\u00e1laga y las afueras de la capital del pa\u00eds, Madrid.<\/p>\n<p>\u00abLos precios en los principales mercados no han sufrido ca\u00eddas en venta durante la pandemia y han logrado mantenerse. La crisis sanitaria no trajo consigo un aumento de la oferta disponible, pero en cambio si aument\u00f3 el apetito de la demanda, cuya presi\u00f3n ha ido creciendo en los \u00faltimos meses\u00bb, afirma Francisco I\u00f1areta, portavoz de Idealista.<\/p>\n<p>El ahorro de los hogares espa\u00f1oles subi\u00f3 al 14,8% de su renta disponible en 2020, <strong>el porcentaje m\u00e1s alto de la serie hist\u00f3rica<\/strong> de los datos del Instituto Nacional de Estad\u00edstica. Las familias en Espa\u00f1a acumulaban 917.500 millones de euros en cuentas corrientes y dep\u00f3sitos bancarios a cierre de enero de 2021, lo que supon\u00eda 65.600 millones m\u00e1s que en 2020.<\/p>\n<p>Durante el mes de mayo, 35 capitales han experimentado incrementos en el precio de la vivienda. La subida m\u00e1s pronunciada es la vivida por Pamplona donde las expectativas de los propietarios subieron un 5%. Le siguen Lleida (2,7%), Toledo (2%), Girona (1,9%), Palma (1,7%) y Vitoria (1,6%). Huesca es, en cambio, el mercado donde m\u00e1s han bajado los precios durante el mes de mayo (-2,6%) seguida por Santa Cruz de Tenerife (-1,5%), Alicante (-1%), Lugo y Bilbao (-0,8% en ambas capitales).<\/p>\n<p>San Sebasti\u00e1n es la capital m\u00e1s cara de Espa\u00f1a al situar su precio en 4.847 euros\/m2 de la vivienda. Le siguen Barcelona (3.989 euros\/m2) y Madrid (3.746 euros\/m2). Lleida, en cambio, es la capital m\u00e1s econ\u00f3mica con sus 1039 euros\/m2, seguida por Murcia (1.073 euros\/m2) y Huelva (1.099 euros\/m2).<\/p>\n<span class='bctt-click-to-tweet'><span class='bctt-ctt-text'><a href='https:\/\/twitter.com\/intent\/tweet?url=https%3A%2F%2Fconversesacatalunya.cat%2Fes%2Fvivienda-se-consolida-la-subida-de-precios-en-las-capitales%2F&#038;text=El%20precio%20de%20las%20casas%20para%20la%20venta%20ha%20subido%20en%20el%20conjunto%20de%20Espa%C3%B1a%20en%20el%20%C3%BAltimo%20a%C3%B1o%20un%204%2C4%25.%20Este%20incremento%20contrasta%20con%20la%20ca%C3%ADda%20interanual%20del%206%25%20que%20ha%20experimentado%20el%20precio%20medio%20del%20alquiler.&#038;via=conversesacat&#038;related=conversesacat' target='_blank'rel=\"noopener noreferrer\">El precio de las casas para la venta ha subido en el conjunto de Espa\u00f1a en el \u00faltimo a\u00f1o un 4,4%. Este incremento contrasta con la ca\u00edda interanual del 6% que ha experimentado el precio medio del alquiler. <\/a><\/span><a href='https:\/\/twitter.com\/intent\/tweet?url=https%3A%2F%2Fconversesacatalunya.cat%2Fes%2Fvivienda-se-consolida-la-subida-de-precios-en-las-capitales%2F&#038;text=El%20precio%20de%20las%20casas%20para%20la%20venta%20ha%20subido%20en%20el%20conjunto%20de%20Espa%C3%B1a%20en%20el%20%C3%BAltimo%20a%C3%B1o%20un%204%2C4%25.%20Este%20incremento%20contrasta%20con%20la%20ca%C3%ADda%20interanual%20del%206%25%20que%20ha%20experimentado%20el%20precio%20medio%20del%20alquiler.&#038;via=conversesacat&#038;related=conversesacat' target='_blank' class='bctt-ctt-btn'rel=\"noopener noreferrer\">Compartir en X<\/a><\/span>\n<div id=\"polls-106\" class=\"wp-polls\">\n\t<form id=\"polls_form_106\" class=\"wp-polls-form\" action=\"\/index.php\" method=\"post\">\n\t\t<p style=\"display: none;\"><input type=\"hidden\" id=\"poll_106_nonce\" name=\"wp-polls-nonce\" value=\"cfc133e1fa\" \/><\/p>\n\t\t<p style=\"display: none;\"><input type=\"hidden\" name=\"poll_id\" value=\"106\" \/><\/p>\n\t\t<p style=\"text-align: center\"><strong>Est\u00e0s d'acord que s'atorguin els indults als condemnats pel proc\u00e9s?<\/strong><\/p><div id=\"polls-106-ans\" class=\"wp-polls-ans\"><ul class=\"wp-polls-ul\">\n\t\t<li><input type=\"radio\" id=\"poll-answer-250\" name=\"poll_106\" value=\"250\" \/> <label for=\"poll-answer-250\">Si<\/label><\/li>\n\t\t<li><input type=\"radio\" id=\"poll-answer-251\" name=\"poll_106\" value=\"251\" \/> <label for=\"poll-answer-251\">No<\/label><\/li>\n\t\t<\/ul><p style=\"text-align: center\"><input type=\"button\" name=\"vote\" value=\"   Vota   \" class=\"Buttons\" onclick=\"poll_vote(106);\" \/><\/p><p style=\"text-align: center\"><a href=\"#ViewPollResults\" onclick=\"poll_result(106); return false;\" title=\"View Results Of This Poll\">Mira els resultats<\/a><\/p><\/div>\n\t<\/form>\n<\/div>\n<div id=\"polls-106-loading\" class=\"wp-polls-loading\"><img decoding=\"async\" data-src=\"https:\/\/conversesacatalunya.cat\/wp-content\/plugins\/wp-polls\/images\/loading.gif\" width=\"16\" height=\"16\" alt=\"Cargando ...\" title=\"Cargando ...\" class=\"wp-polls-image lazyload\" src=\"data:image\/svg+xml;base64,PHN2ZyB3aWR0aD0iMSIgaGVpZ2h0PSIxIiB4bWxucz0iaHR0cDovL3d3dy53My5vcmcvMjAwMC9zdmciPjwvc3ZnPg==\" style=\"--smush-placeholder-width: 16px; --smush-placeholder-aspect-ratio: 16\/16;\" \/>&nbsp;Cargando ...<\/div>\n\n","protected":false},"excerpt":{"rendered":"<p>La crisis de la covid no ha abaratado los precios de la vivienda tanto como los del alquiler. Al contrario, seg\u00fan la estad\u00edstica que maneja el mayor portal de anuncios del mercado, Idealista, el precio de las casas para la venta ha subido en el conjunto de Espa\u00f1a en el \u00faltimo a\u00f1o un 4,4%. Este incremento contrasta con la ca\u00edda interanual del 6% que ha experimentado el precio medio del alquiler. El excedente de vivienda para la venta no ha aumentado como el del alquiler (que se ha duplicado). Paralelamente, de acuerdo a los datos de Idealista, el precio de las casas ha alcanzado en mayo un m\u00e1ximo hist\u00f3rico en puntos de alta demanda, como Baleares, la provincia de M\u00e1laga y las afueras de la capital del pa\u00eds, Madrid. \u00abLos precios en los principales mercados no han sufrido ca\u00eddas en venta durante la pandemia y han logrado mantenerse. La crisis sanitaria no trajo consigo un aumento de la oferta disponible, pero en cambio si aument\u00f3 el apetito de la demanda, cuya presi\u00f3n ha ido creciendo en los \u00faltimos meses\u00bb, afirma Francisco I\u00f1areta, portavoz de Idealista. El ahorro de los hogares espa\u00f1oles subi\u00f3 al 14,8% de su renta disponible en 2020, el porcentaje m\u00e1s alto de la serie hist\u00f3rica de los datos del Instituto Nacional de Estad\u00edstica. Las familias en Espa\u00f1a acumulaban 917.500 millones de euros en cuentas corrientes y dep\u00f3sitos bancarios a cierre de enero de 2021, lo que supon\u00eda 65.600 millones m\u00e1s que en 2020. Durante el mes de mayo, 35 capitales han experimentado incrementos en el precio de la vivienda. La subida m\u00e1s pronunciada es la vivida por Pamplona donde las expectativas de los propietarios subieron un 5%. Le siguen Lleida (2,7%), Toledo (2%), Girona (1,9%), Palma (1,7%) y Vitoria (1,6%). Huesca es, en cambio, el mercado donde m\u00e1s han bajado los precios durante el mes de mayo (-2,6%) seguida por Santa Cruz de Tenerife (-1,5%), Alicante (-1%), Lugo y Bilbao (-0,8% en ambas capitales). San Sebasti\u00e1n es la capital m\u00e1s cara de Espa\u00f1a al situar su precio en 4.847 euros\/m2 de la vivienda. Le siguen Barcelona (3.989 euros\/m2) y Madrid (3.746 euros\/m2). Lleida, en cambio, es la capital m\u00e1s econ\u00f3mica con sus 1039 euros\/m2, seguida por Murcia (1.073 euros\/m2) y Huelva (1.099 euros\/m2).<\/p>\n","protected":false},"author":20,"featured_media":48759,"comment_status":"open","ping_status":"open","sticky":false,"template":"","format":"standard","meta":{"_FSMCFIC_featured_image_caption":"","_FSMCFIC_featured_image_nocaption":"","_FSMCFIC_featured_image_hide":"","footnotes":""},"categories":[1772,806],"tags":[1504,1026,2945,1029,1035],"class_list":["post-48764","post","type-post","status-publish","format-standard","has-post-thumbnail","hentry","category-especial-coronavirus-es","category-punts-claus-del-dia-es","tag-coronavirus-es","tag-habitatge-es","tag-precios-vivienda","tag-preus-dhabitatge-es-2","tag-vivienda"],"yoast_head":"<!-- This site is optimized with the Yoast SEO plugin v26.8 - https:\/\/yoast.com\/product\/yoast-seo-wordpress\/ -->\n<title>Vivienda: se consolida la subida de precios en las capitales -<\/title>\n<meta name=\"description\" content=\"El portal Idealista confirma la consolidaci\u00f3n de la subida de precios de la vivienda, que lejos de estancarse por la crisis econ\u00f3mica, sigue increment\u00e1ndose en las capitales\" \/>\n<meta name=\"robots\" content=\"index, follow, max-snippet:-1, max-image-preview:large, max-video-preview:-1\" \/>\n<link rel=\"canonical\" href=\"https:\/\/conversesacatalunya.cat\/es\/vivienda-se-consolida-la-subida-de-precios-en-las-capitales\/\" \/>\n<meta property=\"og:locale\" content=\"es_ES\" \/>\n<meta property=\"og:type\" content=\"article\" \/>\n<meta property=\"og:title\" content=\"Vivienda: se consolida la subida de precios en las capitales -\" \/>\n<meta property=\"og:description\" content=\"El portal Idealista confirma la consolidaci\u00f3n de la subida de precios de la vivienda, que lejos de estancarse por la crisis econ\u00f3mica, sigue increment\u00e1ndose en las capitales\" \/>\n<meta property=\"og:url\" content=\"https:\/\/conversesacatalunya.cat\/es\/vivienda-se-consolida-la-subida-de-precios-en-las-capitales\/\" \/>\n<meta property=\"og:site_name\" content=\"Converses a Catalunya\" \/>\n<meta property=\"article:published_time\" content=\"2021-06-04T08:42:00+00:00\" \/>\n<meta property=\"article:modified_time\" content=\"2021-06-04T08:45:21+00:00\" \/>\n<meta property=\"og:image\" content=\"https:\/\/conversesacatalunya.cat\/wp-content\/uploads\/2021\/06\/Capture-1.png\" \/>\n\t<meta property=\"og:image:width\" content=\"1097\" \/>\n\t<meta property=\"og:image:height\" content=\"612\" \/>\n\t<meta property=\"og:image:type\" content=\"image\/png\" \/>\n<meta name=\"author\" content=\"conversesacatalunya\" \/>\n<meta name=\"twitter:card\" content=\"summary_large_image\" \/>\n<meta name=\"twitter:label1\" content=\"Escrito por\" \/>\n\t<meta name=\"twitter:data1\" content=\"conversesacatalunya\" \/>\n\t<meta name=\"twitter:label2\" content=\"Tiempo de lectura\" \/>\n\t<meta name=\"twitter:data2\" content=\"2 minutos\" \/>\n<script type=\"application\/ld+json\" class=\"yoast-schema-graph\">{\"@context\":\"https:\/\/schema.org\",\"@graph\":[{\"@type\":\"Article\",\"@id\":\"https:\/\/conversesacatalunya.cat\/es\/vivienda-se-consolida-la-subida-de-precios-en-las-capitales\/#article\",\"isPartOf\":{\"@id\":\"https:\/\/conversesacatalunya.cat\/es\/vivienda-se-consolida-la-subida-de-precios-en-las-capitales\/\"},\"author\":{\"name\":\"conversesacatalunya\",\"@id\":\"https:\/\/conversesacatalunya.cat\/#\/schema\/person\/a7a9496a363cd9847daf7cd659d92e64\"},\"headline\":\"Vivienda: se consolida la subida de precios en las capitales\",\"datePublished\":\"2021-06-04T08:42:00+00:00\",\"dateModified\":\"2021-06-04T08:45:21+00:00\",\"mainEntityOfPage\":{\"@id\":\"https:\/\/conversesacatalunya.cat\/es\/vivienda-se-consolida-la-subida-de-precios-en-las-capitales\/\"},\"wordCount\":443,\"commentCount\":0,\"image\":{\"@id\":\"https:\/\/conversesacatalunya.cat\/es\/vivienda-se-consolida-la-subida-de-precios-en-las-capitales\/#primaryimage\"},\"thumbnailUrl\":\"https:\/\/conversesacatalunya.cat\/wp-content\/uploads\/2021\/06\/Capture-1.png\",\"keywords\":[\"coronavirus\",\"Habitatge\",\"precios vivienda\",\"Preus d'habitatge\",\"vivienda\"],\"articleSection\":[\"Especial Coronavirus (ES)\",\"Punts clau del dia (ES)\"],\"inLanguage\":\"es\",\"potentialAction\":[{\"@type\":\"CommentAction\",\"name\":\"Comment\",\"target\":[\"https:\/\/conversesacatalunya.cat\/es\/vivienda-se-consolida-la-subida-de-precios-en-las-capitales\/#respond\"]}]},{\"@type\":\"WebPage\",\"@id\":\"https:\/\/conversesacatalunya.cat\/es\/vivienda-se-consolida-la-subida-de-precios-en-las-capitales\/\",\"url\":\"https:\/\/conversesacatalunya.cat\/es\/vivienda-se-consolida-la-subida-de-precios-en-las-capitales\/\",\"name\":\"Vivienda: se consolida la subida de precios en las capitales -\",\"isPartOf\":{\"@id\":\"https:\/\/conversesacatalunya.cat\/#website\"},\"primaryImageOfPage\":{\"@id\":\"https:\/\/conversesacatalunya.cat\/es\/vivienda-se-consolida-la-subida-de-precios-en-las-capitales\/#primaryimage\"},\"image\":{\"@id\":\"https:\/\/conversesacatalunya.cat\/es\/vivienda-se-consolida-la-subida-de-precios-en-las-capitales\/#primaryimage\"},\"thumbnailUrl\":\"https:\/\/conversesacatalunya.cat\/wp-content\/uploads\/2021\/06\/Capture-1.png\",\"datePublished\":\"2021-06-04T08:42:00+00:00\",\"dateModified\":\"2021-06-04T08:45:21+00:00\",\"author\":{\"@id\":\"https:\/\/conversesacatalunya.cat\/#\/schema\/person\/a7a9496a363cd9847daf7cd659d92e64\"},\"description\":\"El portal Idealista confirma la consolidaci\u00f3n de la subida de precios de la vivienda, que lejos de estancarse por la crisis econ\u00f3mica, sigue increment\u00e1ndose en las capitales\",\"breadcrumb\":{\"@id\":\"https:\/\/conversesacatalunya.cat\/es\/vivienda-se-consolida-la-subida-de-precios-en-las-capitales\/#breadcrumb\"},\"inLanguage\":\"es\",\"potentialAction\":[{\"@type\":\"ReadAction\",\"target\":[\"https:\/\/conversesacatalunya.cat\/es\/vivienda-se-consolida-la-subida-de-precios-en-las-capitales\/\"]}]},{\"@type\":\"ImageObject\",\"inLanguage\":\"es\",\"@id\":\"https:\/\/conversesacatalunya.cat\/es\/vivienda-se-consolida-la-subida-de-precios-en-las-capitales\/#primaryimage\",\"url\":\"https:\/\/conversesacatalunya.cat\/wp-content\/uploads\/2021\/06\/Capture-1.png\",\"contentUrl\":\"https:\/\/conversesacatalunya.cat\/wp-content\/uploads\/2021\/06\/Capture-1.png\",\"width\":1097,\"height\":612,\"caption\":\"habitatge\"},{\"@type\":\"BreadcrumbList\",\"@id\":\"https:\/\/conversesacatalunya.cat\/es\/vivienda-se-consolida-la-subida-de-precios-en-las-capitales\/#breadcrumb\",\"itemListElement\":[{\"@type\":\"ListItem\",\"position\":1,\"name\":\"Inici\",\"item\":\"https:\/\/conversesacatalunya.cat\/es\/\"},{\"@type\":\"ListItem\",\"position\":2,\"name\":\"Vivienda: se consolida la subida de precios en las capitales\"}]},{\"@type\":\"WebSite\",\"@id\":\"https:\/\/conversesacatalunya.cat\/#website\",\"url\":\"https:\/\/conversesacatalunya.cat\/\",\"name\":\"Converses a Catalunya\",\"description\":\"\",\"potentialAction\":[{\"@type\":\"SearchAction\",\"target\":{\"@type\":\"EntryPoint\",\"urlTemplate\":\"https:\/\/conversesacatalunya.cat\/?s={search_term_string}\"},\"query-input\":{\"@type\":\"PropertyValueSpecification\",\"valueRequired\":true,\"valueName\":\"search_term_string\"}}],\"inLanguage\":\"es\"},{\"@type\":\"Person\",\"@id\":\"https:\/\/conversesacatalunya.cat\/#\/schema\/person\/a7a9496a363cd9847daf7cd659d92e64\",\"name\":\"conversesacatalunya\",\"image\":{\"@type\":\"ImageObject\",\"inLanguage\":\"es\",\"@id\":\"https:\/\/conversesacatalunya.cat\/#\/schema\/person\/image\/\",\"url\":\"https:\/\/conversesacatalunya.cat\/wp-content\/litespeed\/avatar\/ff91582b44ff9c880dc9c5ac2f5c7e89.jpg?ver=1777372947\",\"contentUrl\":\"https:\/\/conversesacatalunya.cat\/wp-content\/litespeed\/avatar\/ff91582b44ff9c880dc9c5ac2f5c7e89.jpg?ver=1777372947\",\"caption\":\"conversesacatalunya\"},\"url\":\"https:\/\/conversesacatalunya.cat\/es\/author\/francisco_garcia\/\"}]}<\/script>\n<!-- \/ Yoast SEO plugin. -->","yoast_head_json":{"title":"Vivienda: se consolida la subida de precios en las capitales -","description":"El portal Idealista confirma la consolidaci\u00f3n de la subida de precios de la vivienda, que lejos de estancarse por la crisis econ\u00f3mica, sigue increment\u00e1ndose en las capitales","robots":{"index":"index","follow":"follow","max-snippet":"max-snippet:-1","max-image-preview":"max-image-preview:large","max-video-preview":"max-video-preview:-1"},"canonical":"https:\/\/conversesacatalunya.cat\/es\/vivienda-se-consolida-la-subida-de-precios-en-las-capitales\/","og_locale":"es_ES","og_type":"article","og_title":"Vivienda: se consolida la subida de precios en las capitales -","og_description":"El portal Idealista confirma la consolidaci\u00f3n de la subida de precios de la vivienda, que lejos de estancarse por la crisis econ\u00f3mica, sigue increment\u00e1ndose en las capitales","og_url":"https:\/\/conversesacatalunya.cat\/es\/vivienda-se-consolida-la-subida-de-precios-en-las-capitales\/","og_site_name":"Converses a Catalunya","article_published_time":"2021-06-04T08:42:00+00:00","article_modified_time":"2021-06-04T08:45:21+00:00","og_image":[{"width":1097,"height":612,"url":"https:\/\/conversesacatalunya.cat\/wp-content\/uploads\/2021\/06\/Capture-1.png","type":"image\/png"}],"author":"conversesacatalunya","twitter_card":"summary_large_image","twitter_misc":{"Escrito por":"conversesacatalunya","Tiempo de lectura":"2 minutos"},"schema":{"@context":"https:\/\/schema.org","@graph":[{"@type":"Article","@id":"https:\/\/conversesacatalunya.cat\/es\/vivienda-se-consolida-la-subida-de-precios-en-las-capitales\/#article","isPartOf":{"@id":"https:\/\/conversesacatalunya.cat\/es\/vivienda-se-consolida-la-subida-de-precios-en-las-capitales\/"},"author":{"name":"conversesacatalunya","@id":"https:\/\/conversesacatalunya.cat\/#\/schema\/person\/a7a9496a363cd9847daf7cd659d92e64"},"headline":"Vivienda: se consolida la subida de precios en las capitales","datePublished":"2021-06-04T08:42:00+00:00","dateModified":"2021-06-04T08:45:21+00:00","mainEntityOfPage":{"@id":"https:\/\/conversesacatalunya.cat\/es\/vivienda-se-consolida-la-subida-de-precios-en-las-capitales\/"},"wordCount":443,"commentCount":0,"image":{"@id":"https:\/\/conversesacatalunya.cat\/es\/vivienda-se-consolida-la-subida-de-precios-en-las-capitales\/#primaryimage"},"thumbnailUrl":"https:\/\/conversesacatalunya.cat\/wp-content\/uploads\/2021\/06\/Capture-1.png","keywords":["coronavirus","Habitatge","precios vivienda","Preus d'habitatge","vivienda"],"articleSection":["Especial Coronavirus (ES)","Punts clau del dia (ES)"],"inLanguage":"es","potentialAction":[{"@type":"CommentAction","name":"Comment","target":["https:\/\/conversesacatalunya.cat\/es\/vivienda-se-consolida-la-subida-de-precios-en-las-capitales\/#respond"]}]},{"@type":"WebPage","@id":"https:\/\/conversesacatalunya.cat\/es\/vivienda-se-consolida-la-subida-de-precios-en-las-capitales\/","url":"https:\/\/conversesacatalunya.cat\/es\/vivienda-se-consolida-la-subida-de-precios-en-las-capitales\/","name":"Vivienda: se consolida la subida de precios en las capitales -","isPartOf":{"@id":"https:\/\/conversesacatalunya.cat\/#website"},"primaryImageOfPage":{"@id":"https:\/\/conversesacatalunya.cat\/es\/vivienda-se-consolida-la-subida-de-precios-en-las-capitales\/#primaryimage"},"image":{"@id":"https:\/\/conversesacatalunya.cat\/es\/vivienda-se-consolida-la-subida-de-precios-en-las-capitales\/#primaryimage"},"thumbnailUrl":"https:\/\/conversesacatalunya.cat\/wp-content\/uploads\/2021\/06\/Capture-1.png","datePublished":"2021-06-04T08:42:00+00:00","dateModified":"2021-06-04T08:45:21+00:00","author":{"@id":"https:\/\/conversesacatalunya.cat\/#\/schema\/person\/a7a9496a363cd9847daf7cd659d92e64"},"description":"El portal Idealista confirma la consolidaci\u00f3n de la subida de precios de la vivienda, que lejos de estancarse por la crisis econ\u00f3mica, sigue increment\u00e1ndose en las capitales","breadcrumb":{"@id":"https:\/\/conversesacatalunya.cat\/es\/vivienda-se-consolida-la-subida-de-precios-en-las-capitales\/#breadcrumb"},"inLanguage":"es","potentialAction":[{"@type":"ReadAction","target":["https:\/\/conversesacatalunya.cat\/es\/vivienda-se-consolida-la-subida-de-precios-en-las-capitales\/"]}]},{"@type":"ImageObject","inLanguage":"es","@id":"https:\/\/conversesacatalunya.cat\/es\/vivienda-se-consolida-la-subida-de-precios-en-las-capitales\/#primaryimage","url":"https:\/\/conversesacatalunya.cat\/wp-content\/uploads\/2021\/06\/Capture-1.png","contentUrl":"https:\/\/conversesacatalunya.cat\/wp-content\/uploads\/2021\/06\/Capture-1.png","width":1097,"height":612,"caption":"habitatge"},{"@type":"BreadcrumbList","@id":"https:\/\/conversesacatalunya.cat\/es\/vivienda-se-consolida-la-subida-de-precios-en-las-capitales\/#breadcrumb","itemListElement":[{"@type":"ListItem","position":1,"name":"Inici","item":"https:\/\/conversesacatalunya.cat\/es\/"},{"@type":"ListItem","position":2,"name":"Vivienda: se consolida la subida de precios en las capitales"}]},{"@type":"WebSite","@id":"https:\/\/conversesacatalunya.cat\/#website","url":"https:\/\/conversesacatalunya.cat\/","name":"Converses a Catalunya","description":"","potentialAction":[{"@type":"SearchAction","target":{"@type":"EntryPoint","urlTemplate":"https:\/\/conversesacatalunya.cat\/?s={search_term_string}"},"query-input":{"@type":"PropertyValueSpecification","valueRequired":true,"valueName":"search_term_string"}}],"inLanguage":"es"},{"@type":"Person","@id":"https:\/\/conversesacatalunya.cat\/#\/schema\/person\/a7a9496a363cd9847daf7cd659d92e64","name":"conversesacatalunya","image":{"@type":"ImageObject","inLanguage":"es","@id":"https:\/\/conversesacatalunya.cat\/#\/schema\/person\/image\/","url":"https:\/\/conversesacatalunya.cat\/wp-content\/litespeed\/avatar\/ff91582b44ff9c880dc9c5ac2f5c7e89.jpg?ver=1777372947","contentUrl":"https:\/\/conversesacatalunya.cat\/wp-content\/litespeed\/avatar\/ff91582b44ff9c880dc9c5ac2f5c7e89.jpg?ver=1777372947","caption":"conversesacatalunya"},"url":"https:\/\/conversesacatalunya.cat\/es\/author\/francisco_garcia\/"}]}},"wps_subtitle":"El portal Idealista confirma la consolidaci\u00f3n de la subida de precios de la vivienda, que lejos de estancarse por la crisis econ\u00f3mica, sigue increment\u00e1ndose en las capitales","_links":{"self":[{"href":"https:\/\/conversesacatalunya.cat\/es\/wp-json\/wp\/v2\/posts\/48764","targetHints":{"allow":["GET"]}}],"collection":[{"href":"https:\/\/conversesacatalunya.cat\/es\/wp-json\/wp\/v2\/posts"}],"about":[{"href":"https:\/\/conversesacatalunya.cat\/es\/wp-json\/wp\/v2\/types\/post"}],"author":[{"embeddable":true,"href":"https:\/\/conversesacatalunya.cat\/es\/wp-json\/wp\/v2\/users\/20"}],"replies":[{"embeddable":true,"href":"https:\/\/conversesacatalunya.cat\/es\/wp-json\/wp\/v2\/comments?post=48764"}],"version-history":[{"count":2,"href":"https:\/\/conversesacatalunya.cat\/es\/wp-json\/wp\/v2\/posts\/48764\/revisions"}],"predecessor-version":[{"id":48766,"href":"https:\/\/conversesacatalunya.cat\/es\/wp-json\/wp\/v2\/posts\/48764\/revisions\/48766"}],"wp:featuredmedia":[{"embeddable":true,"href":"https:\/\/conversesacatalunya.cat\/es\/wp-json\/wp\/v2\/media\/48759"}],"wp:attachment":[{"href":"https:\/\/conversesacatalunya.cat\/es\/wp-json\/wp\/v2\/media?parent=48764"}],"wp:term":[{"taxonomy":"category","embeddable":true,"href":"https:\/\/conversesacatalunya.cat\/es\/wp-json\/wp\/v2\/categories?post=48764"},{"taxonomy":"post_tag","embeddable":true,"href":"https:\/\/conversesacatalunya.cat\/es\/wp-json\/wp\/v2\/tags?post=48764"}],"curies":[{"name":"wp","href":"https:\/\/api.w.org\/{rel}","templated":true}]}}