{"id":48677,"date":"2021-06-02T10:46:47","date_gmt":"2021-06-02T08:46:47","guid":{"rendered":"https:\/\/conversesacatalunya.cat\/?p=48677"},"modified":"2021-06-02T11:14:29","modified_gmt":"2021-06-02T09:14:29","slug":"sera-obligatorio-revelar-el-salario-antes-de-las-entrevistas","status":"publish","type":"post","link":"https:\/\/conversesacatalunya.cat\/es\/sera-obligatorio-revelar-el-salario-antes-de-las-entrevistas\/","title":{"rendered":"Ser\u00e1 obligatorio revelar el salario antes de las entrevistas"},"content":{"rendered":"<p>La Comisi\u00f3n Europea est\u00e1 preparando una normativa laboral en la que <strong>sea obligatorio mostrar el salario antes de las entrevistas<\/strong>. La idea est\u00e1 pensada para que los trabajadores europeos reciban la misma retribuci\u00f3n por el mismo trabajo. Es decir, se plantea en aras de la transparencia salarial. Adem\u00e1s, el texto liderado por la presidente de la Comisi\u00f3n, Ursula von der Leyen, aspira a que los trabajadores tambi\u00e9n pueden pedir informaci\u00f3n salarial desglosada por sexto y categor\u00eda laboral. Del mismo modo, las empresas estar\u00e1n obligadas a desvelar la brecha de g\u00e9nero.<\/p>\n<p>La propuesta tambi\u00e9n refuerza los instrumentos para que los trabajadores puedan hacer valer sus derechos, y adem\u00e1s facilita el acceso a la justicia. Los empleadores no podr\u00e1n solicitar a quien se presente a un proceso de selecci\u00f3n su historial salarial, y tendr\u00e1n que proporcionar informaci\u00f3n retributiva anonimizada cuando as\u00ed lo soliciten los empleados.<\/p>\n<p>Asimismo, qui\u00e9n haya sido v\u00edctima de discriminaci\u00f3n sobre el salario tendr\u00e1 derecho a una indemnizaci\u00f3n. En este caso, la Secci\u00f3n Sexta dedicada al Derecho Internacional Privado, de la Real Academia de Jurisprudencia y Legislaci\u00f3n (RAJYLE) debati\u00f3 sobre esta normativa y la perspectiva de g\u00e9nero y diversidad en el \u00e1mbito constitucional y europeo.<\/p>\n<p>\u00abLa UE ha dado pasos de gigante en la constituci\u00f3n de un Derecho Comunitario en materia de familia y la exportaci\u00f3n de un modelo en nuestro \u00e1mbito de influencia\u00bb, dijo la notaria Ana Fern\u00e1ndez-Tresguerres, acad\u00e9mica de n\u00famero de la RAJYLE y presidenta de la Secci\u00f3n, la jornada.<\/p>\n<p>\u00abNo hemos alcanzado la igualdad plena material de facto para remontar toda una historia de desigualdad\u00bb, argument\u00f3 la vicepresidenta del Gobierno, <a href=\"https:\/\/www.forumlibertas.com\/en-que-consiste-el-plan-2050\/\" target=\"_blank\" rel=\"noopener\">Carmen Calvo<\/a>. Por su parte, Encarna Roca, acad\u00e9mica de n\u00famero y vicepresidenta del Tribunal Constitucional, declar\u00f3 que \u00abse debe organizar a nivel legal un buen sistema de derechos y deberes entre los miembros del grupo\u00bb. Del mismo modo, se prev\u00e9n sanciones para aquellos casos en los que se repita una infracci\u00f3n, los Estados miembros habr\u00e1n de habilitar un baremo de sanciones espec\u00edficas, con una indicaci\u00f3n de cu\u00e1les son las multas m\u00ednimas.<\/p>\n<span class='bctt-click-to-tweet'><span class='bctt-ctt-text'><a href='https:\/\/twitter.com\/intent\/tweet?url=https%3A%2F%2Fconversesacatalunya.cat%2Fes%2Fsera-obligatorio-revelar-el-salario-antes-de-las-entrevistas%2F&#038;text=La%20idea%20est%C3%A1%20pensada%20para%20que%20los%20trabajadores%20europeos%20reciban%20la%20misma%20retribuci%C3%B3n%20por%20el%20mismo%20trabajo&#038;via=conversesacat&#038;related=conversesacat' target='_blank'rel=\"noopener noreferrer\">La idea est\u00e1 pensada para que los trabajadores europeos reciban la misma retribuci\u00f3n por el mismo trabajo <\/a><\/span><a href='https:\/\/twitter.com\/intent\/tweet?url=https%3A%2F%2Fconversesacatalunya.cat%2Fes%2Fsera-obligatorio-revelar-el-salario-antes-de-las-entrevistas%2F&#038;text=La%20idea%20est%C3%A1%20pensada%20para%20que%20los%20trabajadores%20europeos%20reciban%20la%20misma%20retribuci%C3%B3n%20por%20el%20mismo%20trabajo&#038;via=conversesacat&#038;related=conversesacat' target='_blank' class='bctt-ctt-btn'rel=\"noopener noreferrer\">Compartir en X<\/a><\/span>\n","protected":false},"excerpt":{"rendered":"<p>La Comisi\u00f3n Europea est\u00e1 preparando una normativa laboral en la que sea obligatorio mostrar el salario antes de las entrevistas. La idea est\u00e1 pensada para que los trabajadores europeos reciban la misma retribuci\u00f3n por el mismo trabajo. Es decir, se plantea en aras de la transparencia salarial. Adem\u00e1s, el texto liderado por la presidente de la Comisi\u00f3n, Ursula von der Leyen, aspira a que los trabajadores tambi\u00e9n pueden pedir informaci\u00f3n salarial desglosada por sexto y categor\u00eda laboral. Del mismo modo, las empresas estar\u00e1n obligadas a desvelar la brecha de g\u00e9nero. La propuesta tambi\u00e9n refuerza los instrumentos para que los trabajadores puedan hacer valer sus derechos, y adem\u00e1s facilita el acceso a la justicia. Los empleadores no podr\u00e1n solicitar a quien se presente a un proceso de selecci\u00f3n su historial salarial, y tendr\u00e1n que proporcionar informaci\u00f3n retributiva anonimizada cuando as\u00ed lo soliciten los empleados. Asimismo, qui\u00e9n haya sido v\u00edctima de discriminaci\u00f3n sobre el salario tendr\u00e1 derecho a una indemnizaci\u00f3n. En este caso, la Secci\u00f3n Sexta dedicada al Derecho Internacional Privado, de la Real Academia de Jurisprudencia y Legislaci\u00f3n (RAJYLE) debati\u00f3 sobre esta normativa y la perspectiva de g\u00e9nero y diversidad en el \u00e1mbito constitucional y europeo. \u00abLa UE ha dado pasos de gigante en la constituci\u00f3n de un Derecho Comunitario en materia de familia y la exportaci\u00f3n de un modelo en nuestro \u00e1mbito de influencia\u00bb, dijo la notaria Ana Fern\u00e1ndez-Tresguerres, acad\u00e9mica de n\u00famero de la RAJYLE y presidenta de la Secci\u00f3n, la jornada. \u00abNo hemos alcanzado la igualdad plena material de facto para remontar toda una historia de desigualdad\u00bb, argument\u00f3 la vicepresidenta del Gobierno, Carmen Calvo. Por su parte, Encarna Roca, acad\u00e9mica de n\u00famero y vicepresidenta del Tribunal Constitucional, declar\u00f3 que \u00abse debe organizar a nivel legal un buen sistema de derechos y deberes entre los miembros del grupo\u00bb. Del mismo modo, se prev\u00e9n sanciones para aquellos casos en los que se repita una infracci\u00f3n, los Estados miembros habr\u00e1n de habilitar un baremo de sanciones espec\u00edficas, con una indicaci\u00f3n de cu\u00e1les son las multas m\u00ednimas.<\/p>\n","protected":false},"author":20,"featured_media":48664,"comment_status":"open","ping_status":"open","sticky":false,"template":"","format":"standard","meta":{"_FSMCFIC_featured_image_caption":"","_FSMCFIC_featured_image_nocaption":"","_FSMCFIC_featured_image_hide":"","footnotes":""},"categories":[806],"tags":[1336,1423,1334],"class_list":["post-48677","post","type-post","status-publish","format-standard","has-post-thumbnail","hentry","category-punts-claus-del-dia-es","tag-laboral-es","tag-salarios","tag-union-europea"],"yoast_head":"<!-- This site is optimized with the Yoast SEO plugin v26.8 - https:\/\/yoast.com\/product\/yoast-seo-wordpress\/ -->\n<title>Ser\u00e1 obligatorio revelar el salario antes de las entrevistas -<\/title>\n<meta name=\"description\" content=\"La Comisi\u00f3n Europea planea una normativa laboral para obligar a las empresas a publicar el salario en las ofertas de contrataci\u00f3n\" \/>\n<meta name=\"robots\" content=\"index, follow, max-snippet:-1, max-image-preview:large, max-video-preview:-1\" \/>\n<link rel=\"canonical\" href=\"https:\/\/conversesacatalunya.cat\/es\/sera-obligatorio-revelar-el-salario-antes-de-las-entrevistas\/\" \/>\n<meta property=\"og:locale\" content=\"es_ES\" \/>\n<meta property=\"og:type\" content=\"article\" \/>\n<meta property=\"og:title\" content=\"Ser\u00e1 obligatorio revelar el salario antes de las entrevistas -\" \/>\n<meta property=\"og:description\" content=\"La Comisi\u00f3n Europea planea una normativa laboral para obligar a las empresas a publicar el salario en las ofertas de contrataci\u00f3n\" \/>\n<meta property=\"og:url\" content=\"https:\/\/conversesacatalunya.cat\/es\/sera-obligatorio-revelar-el-salario-antes-de-las-entrevistas\/\" \/>\n<meta property=\"og:site_name\" content=\"Converses a Catalunya\" \/>\n<meta property=\"article:published_time\" content=\"2021-06-02T08:46:47+00:00\" \/>\n<meta property=\"article:modified_time\" content=\"2021-06-02T09:14:29+00:00\" \/>\n<meta property=\"og:image\" content=\"https:\/\/conversesacatalunya.cat\/wp-content\/uploads\/2021\/06\/Capture.png\" \/>\n\t<meta property=\"og:image:width\" content=\"1061\" \/>\n\t<meta property=\"og:image:height\" content=\"693\" \/>\n\t<meta property=\"og:image:type\" content=\"image\/png\" \/>\n<meta name=\"author\" content=\"conversesacatalunya\" \/>\n<meta name=\"twitter:card\" content=\"summary_large_image\" \/>\n<meta name=\"twitter:label1\" content=\"Escrito por\" \/>\n\t<meta name=\"twitter:data1\" content=\"conversesacatalunya\" \/>\n\t<meta name=\"twitter:label2\" content=\"Tiempo de lectura\" \/>\n\t<meta name=\"twitter:data2\" content=\"2 minutos\" \/>\n<script type=\"application\/ld+json\" class=\"yoast-schema-graph\">{\"@context\":\"https:\/\/schema.org\",\"@graph\":[{\"@type\":\"Article\",\"@id\":\"https:\/\/conversesacatalunya.cat\/es\/sera-obligatorio-revelar-el-salario-antes-de-las-entrevistas\/#article\",\"isPartOf\":{\"@id\":\"https:\/\/conversesacatalunya.cat\/es\/sera-obligatorio-revelar-el-salario-antes-de-las-entrevistas\/\"},\"author\":{\"name\":\"conversesacatalunya\",\"@id\":\"https:\/\/conversesacatalunya.cat\/#\/schema\/person\/a7a9496a363cd9847daf7cd659d92e64\"},\"headline\":\"Ser\u00e1 obligatorio revelar el salario antes de las entrevistas\",\"datePublished\":\"2021-06-02T08:46:47+00:00\",\"dateModified\":\"2021-06-02T09:14:29+00:00\",\"mainEntityOfPage\":{\"@id\":\"https:\/\/conversesacatalunya.cat\/es\/sera-obligatorio-revelar-el-salario-antes-de-las-entrevistas\/\"},\"wordCount\":402,\"commentCount\":0,\"image\":{\"@id\":\"https:\/\/conversesacatalunya.cat\/es\/sera-obligatorio-revelar-el-salario-antes-de-las-entrevistas\/#primaryimage\"},\"thumbnailUrl\":\"https:\/\/conversesacatalunya.cat\/wp-content\/uploads\/2021\/06\/Capture.png\",\"keywords\":[\"Laboral\",\"salarios\",\"Uni\u00f3n Europea\"],\"articleSection\":[\"Punts clau del dia (ES)\"],\"inLanguage\":\"es\",\"potentialAction\":[{\"@type\":\"CommentAction\",\"name\":\"Comment\",\"target\":[\"https:\/\/conversesacatalunya.cat\/es\/sera-obligatorio-revelar-el-salario-antes-de-las-entrevistas\/#respond\"]}]},{\"@type\":\"WebPage\",\"@id\":\"https:\/\/conversesacatalunya.cat\/es\/sera-obligatorio-revelar-el-salario-antes-de-las-entrevistas\/\",\"url\":\"https:\/\/conversesacatalunya.cat\/es\/sera-obligatorio-revelar-el-salario-antes-de-las-entrevistas\/\",\"name\":\"Ser\u00e1 obligatorio revelar el salario antes de las entrevistas -\",\"isPartOf\":{\"@id\":\"https:\/\/conversesacatalunya.cat\/#website\"},\"primaryImageOfPage\":{\"@id\":\"https:\/\/conversesacatalunya.cat\/es\/sera-obligatorio-revelar-el-salario-antes-de-las-entrevistas\/#primaryimage\"},\"image\":{\"@id\":\"https:\/\/conversesacatalunya.cat\/es\/sera-obligatorio-revelar-el-salario-antes-de-las-entrevistas\/#primaryimage\"},\"thumbnailUrl\":\"https:\/\/conversesacatalunya.cat\/wp-content\/uploads\/2021\/06\/Capture.png\",\"datePublished\":\"2021-06-02T08:46:47+00:00\",\"dateModified\":\"2021-06-02T09:14:29+00:00\",\"author\":{\"@id\":\"https:\/\/conversesacatalunya.cat\/#\/schema\/person\/a7a9496a363cd9847daf7cd659d92e64\"},\"description\":\"La Comisi\u00f3n Europea planea una normativa laboral para obligar a las empresas a publicar el salario en las ofertas de contrataci\u00f3n\",\"breadcrumb\":{\"@id\":\"https:\/\/conversesacatalunya.cat\/es\/sera-obligatorio-revelar-el-salario-antes-de-las-entrevistas\/#breadcrumb\"},\"inLanguage\":\"es\",\"potentialAction\":[{\"@type\":\"ReadAction\",\"target\":[\"https:\/\/conversesacatalunya.cat\/es\/sera-obligatorio-revelar-el-salario-antes-de-las-entrevistas\/\"]}]},{\"@type\":\"ImageObject\",\"inLanguage\":\"es\",\"@id\":\"https:\/\/conversesacatalunya.cat\/es\/sera-obligatorio-revelar-el-salario-antes-de-las-entrevistas\/#primaryimage\",\"url\":\"https:\/\/conversesacatalunya.cat\/wp-content\/uploads\/2021\/06\/Capture.png\",\"contentUrl\":\"https:\/\/conversesacatalunya.cat\/wp-content\/uploads\/2021\/06\/Capture.png\",\"width\":1061,\"height\":693,\"caption\":\"salari\"},{\"@type\":\"BreadcrumbList\",\"@id\":\"https:\/\/conversesacatalunya.cat\/es\/sera-obligatorio-revelar-el-salario-antes-de-las-entrevistas\/#breadcrumb\",\"itemListElement\":[{\"@type\":\"ListItem\",\"position\":1,\"name\":\"Inici\",\"item\":\"https:\/\/conversesacatalunya.cat\/es\/\"},{\"@type\":\"ListItem\",\"position\":2,\"name\":\"Ser\u00e1 obligatorio revelar el salario antes de las entrevistas\"}]},{\"@type\":\"WebSite\",\"@id\":\"https:\/\/conversesacatalunya.cat\/#website\",\"url\":\"https:\/\/conversesacatalunya.cat\/\",\"name\":\"Converses a Catalunya\",\"description\":\"\",\"potentialAction\":[{\"@type\":\"SearchAction\",\"target\":{\"@type\":\"EntryPoint\",\"urlTemplate\":\"https:\/\/conversesacatalunya.cat\/?s={search_term_string}\"},\"query-input\":{\"@type\":\"PropertyValueSpecification\",\"valueRequired\":true,\"valueName\":\"search_term_string\"}}],\"inLanguage\":\"es\"},{\"@type\":\"Person\",\"@id\":\"https:\/\/conversesacatalunya.cat\/#\/schema\/person\/a7a9496a363cd9847daf7cd659d92e64\",\"name\":\"conversesacatalunya\",\"image\":{\"@type\":\"ImageObject\",\"inLanguage\":\"es\",\"@id\":\"https:\/\/conversesacatalunya.cat\/#\/schema\/person\/image\/\",\"url\":\"https:\/\/conversesacatalunya.cat\/wp-content\/litespeed\/avatar\/ff91582b44ff9c880dc9c5ac2f5c7e89.jpg?ver=1777372947\",\"contentUrl\":\"https:\/\/conversesacatalunya.cat\/wp-content\/litespeed\/avatar\/ff91582b44ff9c880dc9c5ac2f5c7e89.jpg?ver=1777372947\",\"caption\":\"conversesacatalunya\"},\"url\":\"https:\/\/conversesacatalunya.cat\/es\/author\/francisco_garcia\/\"}]}<\/script>\n<!-- \/ Yoast SEO plugin. -->","yoast_head_json":{"title":"Ser\u00e1 obligatorio revelar el salario antes de las entrevistas -","description":"La Comisi\u00f3n Europea planea una normativa laboral para obligar a las empresas a publicar el salario en las ofertas de contrataci\u00f3n","robots":{"index":"index","follow":"follow","max-snippet":"max-snippet:-1","max-image-preview":"max-image-preview:large","max-video-preview":"max-video-preview:-1"},"canonical":"https:\/\/conversesacatalunya.cat\/es\/sera-obligatorio-revelar-el-salario-antes-de-las-entrevistas\/","og_locale":"es_ES","og_type":"article","og_title":"Ser\u00e1 obligatorio revelar el salario antes de las entrevistas -","og_description":"La Comisi\u00f3n Europea planea una normativa laboral para obligar a las empresas a publicar el salario en las ofertas de contrataci\u00f3n","og_url":"https:\/\/conversesacatalunya.cat\/es\/sera-obligatorio-revelar-el-salario-antes-de-las-entrevistas\/","og_site_name":"Converses a Catalunya","article_published_time":"2021-06-02T08:46:47+00:00","article_modified_time":"2021-06-02T09:14:29+00:00","og_image":[{"width":1061,"height":693,"url":"https:\/\/conversesacatalunya.cat\/wp-content\/uploads\/2021\/06\/Capture.png","type":"image\/png"}],"author":"conversesacatalunya","twitter_card":"summary_large_image","twitter_misc":{"Escrito por":"conversesacatalunya","Tiempo de lectura":"2 minutos"},"schema":{"@context":"https:\/\/schema.org","@graph":[{"@type":"Article","@id":"https:\/\/conversesacatalunya.cat\/es\/sera-obligatorio-revelar-el-salario-antes-de-las-entrevistas\/#article","isPartOf":{"@id":"https:\/\/conversesacatalunya.cat\/es\/sera-obligatorio-revelar-el-salario-antes-de-las-entrevistas\/"},"author":{"name":"conversesacatalunya","@id":"https:\/\/conversesacatalunya.cat\/#\/schema\/person\/a7a9496a363cd9847daf7cd659d92e64"},"headline":"Ser\u00e1 obligatorio revelar el salario antes de las entrevistas","datePublished":"2021-06-02T08:46:47+00:00","dateModified":"2021-06-02T09:14:29+00:00","mainEntityOfPage":{"@id":"https:\/\/conversesacatalunya.cat\/es\/sera-obligatorio-revelar-el-salario-antes-de-las-entrevistas\/"},"wordCount":402,"commentCount":0,"image":{"@id":"https:\/\/conversesacatalunya.cat\/es\/sera-obligatorio-revelar-el-salario-antes-de-las-entrevistas\/#primaryimage"},"thumbnailUrl":"https:\/\/conversesacatalunya.cat\/wp-content\/uploads\/2021\/06\/Capture.png","keywords":["Laboral","salarios","Uni\u00f3n Europea"],"articleSection":["Punts clau del dia (ES)"],"inLanguage":"es","potentialAction":[{"@type":"CommentAction","name":"Comment","target":["https:\/\/conversesacatalunya.cat\/es\/sera-obligatorio-revelar-el-salario-antes-de-las-entrevistas\/#respond"]}]},{"@type":"WebPage","@id":"https:\/\/conversesacatalunya.cat\/es\/sera-obligatorio-revelar-el-salario-antes-de-las-entrevistas\/","url":"https:\/\/conversesacatalunya.cat\/es\/sera-obligatorio-revelar-el-salario-antes-de-las-entrevistas\/","name":"Ser\u00e1 obligatorio revelar el salario antes de las entrevistas -","isPartOf":{"@id":"https:\/\/conversesacatalunya.cat\/#website"},"primaryImageOfPage":{"@id":"https:\/\/conversesacatalunya.cat\/es\/sera-obligatorio-revelar-el-salario-antes-de-las-entrevistas\/#primaryimage"},"image":{"@id":"https:\/\/conversesacatalunya.cat\/es\/sera-obligatorio-revelar-el-salario-antes-de-las-entrevistas\/#primaryimage"},"thumbnailUrl":"https:\/\/conversesacatalunya.cat\/wp-content\/uploads\/2021\/06\/Capture.png","datePublished":"2021-06-02T08:46:47+00:00","dateModified":"2021-06-02T09:14:29+00:00","author":{"@id":"https:\/\/conversesacatalunya.cat\/#\/schema\/person\/a7a9496a363cd9847daf7cd659d92e64"},"description":"La Comisi\u00f3n Europea planea una normativa laboral para obligar a las empresas a publicar el salario en las ofertas de contrataci\u00f3n","breadcrumb":{"@id":"https:\/\/conversesacatalunya.cat\/es\/sera-obligatorio-revelar-el-salario-antes-de-las-entrevistas\/#breadcrumb"},"inLanguage":"es","potentialAction":[{"@type":"ReadAction","target":["https:\/\/conversesacatalunya.cat\/es\/sera-obligatorio-revelar-el-salario-antes-de-las-entrevistas\/"]}]},{"@type":"ImageObject","inLanguage":"es","@id":"https:\/\/conversesacatalunya.cat\/es\/sera-obligatorio-revelar-el-salario-antes-de-las-entrevistas\/#primaryimage","url":"https:\/\/conversesacatalunya.cat\/wp-content\/uploads\/2021\/06\/Capture.png","contentUrl":"https:\/\/conversesacatalunya.cat\/wp-content\/uploads\/2021\/06\/Capture.png","width":1061,"height":693,"caption":"salari"},{"@type":"BreadcrumbList","@id":"https:\/\/conversesacatalunya.cat\/es\/sera-obligatorio-revelar-el-salario-antes-de-las-entrevistas\/#breadcrumb","itemListElement":[{"@type":"ListItem","position":1,"name":"Inici","item":"https:\/\/conversesacatalunya.cat\/es\/"},{"@type":"ListItem","position":2,"name":"Ser\u00e1 obligatorio revelar el salario antes de las entrevistas"}]},{"@type":"WebSite","@id":"https:\/\/conversesacatalunya.cat\/#website","url":"https:\/\/conversesacatalunya.cat\/","name":"Converses a Catalunya","description":"","potentialAction":[{"@type":"SearchAction","target":{"@type":"EntryPoint","urlTemplate":"https:\/\/conversesacatalunya.cat\/?s={search_term_string}"},"query-input":{"@type":"PropertyValueSpecification","valueRequired":true,"valueName":"search_term_string"}}],"inLanguage":"es"},{"@type":"Person","@id":"https:\/\/conversesacatalunya.cat\/#\/schema\/person\/a7a9496a363cd9847daf7cd659d92e64","name":"conversesacatalunya","image":{"@type":"ImageObject","inLanguage":"es","@id":"https:\/\/conversesacatalunya.cat\/#\/schema\/person\/image\/","url":"https:\/\/conversesacatalunya.cat\/wp-content\/litespeed\/avatar\/ff91582b44ff9c880dc9c5ac2f5c7e89.jpg?ver=1777372947","contentUrl":"https:\/\/conversesacatalunya.cat\/wp-content\/litespeed\/avatar\/ff91582b44ff9c880dc9c5ac2f5c7e89.jpg?ver=1777372947","caption":"conversesacatalunya"},"url":"https:\/\/conversesacatalunya.cat\/es\/author\/francisco_garcia\/"}]}},"wps_subtitle":"La Comisi\u00f3n Europea planea una normativa laboral para obligar a las empresas a publicar el salario en las ofertas de contrataci\u00f3n de empleados.","_links":{"self":[{"href":"https:\/\/conversesacatalunya.cat\/es\/wp-json\/wp\/v2\/posts\/48677","targetHints":{"allow":["GET"]}}],"collection":[{"href":"https:\/\/conversesacatalunya.cat\/es\/wp-json\/wp\/v2\/posts"}],"about":[{"href":"https:\/\/conversesacatalunya.cat\/es\/wp-json\/wp\/v2\/types\/post"}],"author":[{"embeddable":true,"href":"https:\/\/conversesacatalunya.cat\/es\/wp-json\/wp\/v2\/users\/20"}],"replies":[{"embeddable":true,"href":"https:\/\/conversesacatalunya.cat\/es\/wp-json\/wp\/v2\/comments?post=48677"}],"version-history":[{"count":2,"href":"https:\/\/conversesacatalunya.cat\/es\/wp-json\/wp\/v2\/posts\/48677\/revisions"}],"predecessor-version":[{"id":48679,"href":"https:\/\/conversesacatalunya.cat\/es\/wp-json\/wp\/v2\/posts\/48677\/revisions\/48679"}],"wp:featuredmedia":[{"embeddable":true,"href":"https:\/\/conversesacatalunya.cat\/es\/wp-json\/wp\/v2\/media\/48664"}],"wp:attachment":[{"href":"https:\/\/conversesacatalunya.cat\/es\/wp-json\/wp\/v2\/media?parent=48677"}],"wp:term":[{"taxonomy":"category","embeddable":true,"href":"https:\/\/conversesacatalunya.cat\/es\/wp-json\/wp\/v2\/categories?post=48677"},{"taxonomy":"post_tag","embeddable":true,"href":"https:\/\/conversesacatalunya.cat\/es\/wp-json\/wp\/v2\/tags?post=48677"}],"curies":[{"name":"wp","href":"https:\/\/api.w.org\/{rel}","templated":true}]}}