{"id":48659,"date":"2021-06-01T12:20:58","date_gmt":"2021-06-01T10:20:58","guid":{"rendered":"https:\/\/conversesacatalunya.cat\/lestrategia-de-junqueras-i-erc-no-es-la-mateixa-de-la-de-sanchez\/"},"modified":"2021-06-01T13:48:59","modified_gmt":"2021-06-01T11:48:59","slug":"la-estrategia-de-junqueras-y-erc-no-es-la-misma-que-la-de-sanchez","status":"publish","type":"post","link":"https:\/\/conversesacatalunya.cat\/es\/la-estrategia-de-junqueras-y-erc-no-es-la-misma-que-la-de-sanchez\/","title":{"rendered":"La estrategia de Junqueras y ERC no es la misma que la de S\u00e1nchez"},"content":{"rendered":"<p><span><span class=\"\">Uno de los principales problemas del callej\u00f3n sin salida catal\u00e1n ha sido, y contin\u00faa siendo, el vuelo gallin\u00e1ceo con que contemplan la soluci\u00f3n las \u00e9lites econ\u00f3micas y sociales, as\u00ed como las pol\u00edticas.<\/span><\/span><\/p>\n<p><span>Ahora hay toda una ola que, un diario tan central como es La Vanguardia levanta acta notarial, que es la de contemplar como el planteamiento de S\u00e1nchez y el esfuerzo de los\u00a0<\/span><strong><span>indultos<\/span><\/strong><span>\u00a0combina con la voluntad de iniciar una nueva fase de\u00a0<\/span><strong><span>di\u00e1logo y negociaci\u00f3n<\/span><\/strong><span>\u00a0con el nuevo presidente de la Generalitat.<\/span><\/p>\n<p><span>Los hechos ya empiezan a mostrar que esta cuesti\u00f3n es una lectura precipitada y superficial del escenario. Junqueras y el eje vertebrador de ERC <\/span><strong><span>no han renunciado a la independencia<\/span><\/strong><span>, sino que han evolucionado hacia una posici\u00f3n m\u00e1s inteligente: Aragon\u00e8s, una persona de formas moderadas y un buen trabajador, se centrar\u00e1 en intentar gobernar bien, mientras que Junqueras, de una forma cada vez m\u00e1s p\u00fablica y notoria, asumir\u00e1 la direcci\u00f3n para hacer <\/span><strong><span>avanzar a Catalu\u00f1a hacia la independencia<\/span><\/strong><span>.<\/span><\/p>\n<p><span>El objetivo es com\u00fan: lograr una\u00a0<\/span><strong><span>mayor\u00eda electoral<\/span><\/strong><span>\u00a0irrebatible.\u00a0Esto significa a\u00f1adir los 2 millones de electores que alcanzaron en su momento de m\u00e1xima participaci\u00f3n (en las \u00faltimas elecciones la abstenci\u00f3n los limit\u00f3 a 1,4 millones), con al menos medio mill\u00f3n m\u00e1s.\u00a0Si el independentismo acaba alcanzando esta cifra y se estabiliza, su\u00a0<\/span><strong><span>argumento ante Europa y el mundo<\/span><\/strong><span>\u00a0ser\u00e1 ganador m\u00e1s tarde o m\u00e1s temprano.<\/span><\/p>\n<p><span><span class=\"goog-text-highlight\">Junto a este hecho, el otro en paralelo en el que coincide con JxCat es el de acabar dominando las principales instituciones del pa\u00eds.\u00a0<\/span>Lo consigui\u00f3 con la C\u00e1mara de Comercio y ahora lo intentar\u00e1 este jueves con el Colegio de Abogados, donde la actual decana, Eugenia Gay, que ha mantenido una exquisita neutralidad, se confronta con una candidatura de orientaci\u00f3n independentista.<\/span><\/p>\n<p><span>El primer paso en el sentido de resituar Junqueras al primer plano para hacer visible esta estrategia y no confundir al electorado con una idea que todo queda reducido a la gesti\u00f3n de la Generalitat, ya ha sido dado con la iniciativa de\u00a0<\/span><strong><span>situar a Junqueras en la Tabla de Negociaci\u00f3n<\/span><\/strong><span>. Es una propuesta que pone de relieve que ERC juega fuerte, porque realmente es dif\u00edcil de digerir para los socialistas. En plena batalla pol\u00edtica por los indultos, con una opini\u00f3n p\u00fablica espa\u00f1ola mayoritariamente en contra, s\u00f3lo le falta a S\u00e1nchez que ERC haga esta jugada en el tablero, avanzando, no un pe\u00f3n, sino la misma reina.<\/span><\/p>\n<p><span><span class=\"goog-text-highlight\">La cuesti\u00f3n de fondo es si S\u00e1nchez podr\u00e1 soportar que los indultos no comporten la\u00a0<\/span><\/span><strong><span><span class=\"goog-text-highlight\">desmovilizaci\u00f3n del independentismo<\/span><\/span><\/strong><span><span class=\"goog-text-highlight\">, sino todo lo contrario. Tanto por la estrategia de tierra, como porque entonces JxCat tambi\u00e9n adelantar\u00e1 su reina y plantear\u00e1 en primer t\u00e9rmino la situaci\u00f3n de <\/span><\/span><strong><span><span class=\"goog-text-highlight\">Puigdemont<\/span><\/span><\/strong><span><span class=\"goog-text-highlight\"> y las dem\u00e1s personas que huyeron de la justicia, reclamando la solidaridad del gobierno catal\u00e1n para conseguir una soluci\u00f3n para que puedan volver a Catalu\u00f1a.<\/span><\/span><\/p>\n<p><span>Por si fuera poco,\u00a0<\/span><strong><span>la ANC<\/span><\/strong><span>, que quiere reavivarse porque si no lo hace corre el riesgo de quedar reducida a la insignificancia, ha anunciado que lanzar\u00e1 una iniciativa legislativa popular que si se aprobara se concretar\u00eda en una\u00a0<\/span><strong><span>ley para declarar la independencia en esta legislatura<\/span><\/strong><span>.\u00a0Le hacen falta s\u00f3lo 50.000 firmas, un objetivo evidentemente muy al alcance de la organizaci\u00f3n.<\/span><\/p>\n<p><span>Este hecho todav\u00eda introducir\u00eda m\u00e1s problemas y tensiones en el gobierno de S\u00e1nchez y podr\u00eda terminar precipitando unas elecciones el pr\u00f3ximo a\u00f1o, a pesar de que el presidente del Gobierno se resistir\u00e1 de todas-todas si las encuestas no cambian los actuales resultados y le otorgan la victoria.<\/span><\/p>\n<div id=\"polls-106\" class=\"wp-polls\">\n\t<form id=\"polls_form_106\" class=\"wp-polls-form\" action=\"\/index.php\" method=\"post\">\n\t\t<p style=\"display: none;\"><input type=\"hidden\" id=\"poll_106_nonce\" name=\"wp-polls-nonce\" value=\"cfc133e1fa\" \/><\/p>\n\t\t<p style=\"display: none;\"><input type=\"hidden\" name=\"poll_id\" value=\"106\" \/><\/p>\n\t\t<p style=\"text-align: center\"><strong>Est\u00e0s d'acord que s'atorguin els indults als condemnats pel proc\u00e9s?<\/strong><\/p><div id=\"polls-106-ans\" class=\"wp-polls-ans\"><ul class=\"wp-polls-ul\">\n\t\t<li><input type=\"radio\" id=\"poll-answer-250\" name=\"poll_106\" value=\"250\" \/> <label for=\"poll-answer-250\">Si<\/label><\/li>\n\t\t<li><input type=\"radio\" id=\"poll-answer-251\" name=\"poll_106\" value=\"251\" \/> <label for=\"poll-answer-251\">No<\/label><\/li>\n\t\t<\/ul><p style=\"text-align: center\"><input type=\"button\" name=\"vote\" value=\"   Vota   \" class=\"Buttons\" onclick=\"poll_vote(106);\" \/><\/p><p style=\"text-align: center\"><a href=\"#ViewPollResults\" onclick=\"poll_result(106); return false;\" title=\"View Results Of This Poll\">Mira els resultats<\/a><\/p><\/div>\n\t<\/form>\n<\/div>\n<div id=\"polls-106-loading\" class=\"wp-polls-loading\"><img decoding=\"async\" data-src=\"https:\/\/conversesacatalunya.cat\/wp-content\/plugins\/wp-polls\/images\/loading.gif\" width=\"16\" height=\"16\" alt=\"Cargando ...\" title=\"Cargando ...\" class=\"wp-polls-image lazyload\" src=\"data:image\/svg+xml;base64,PHN2ZyB3aWR0aD0iMSIgaGVpZ2h0PSIxIiB4bWxucz0iaHR0cDovL3d3dy53My5vcmcvMjAwMC9zdmciPjwvc3ZnPg==\" style=\"--smush-placeholder-width: 16px; --smush-placeholder-aspect-ratio: 16\/16;\" \/>&nbsp;Cargando ...<\/div>\n\n","protected":false},"excerpt":{"rendered":"<p>Uno de los principales problemas del callej\u00f3n sin salida catal\u00e1n ha sido, y contin\u00faa siendo, el vuelo gallin\u00e1ceo con que contemplan la soluci\u00f3n las \u00e9lites econ\u00f3micas y sociales, as\u00ed como las pol\u00edticas. Ahora hay toda una ola que, un diario tan central como es La Vanguardia levanta acta notarial, que es la de contemplar como el planteamiento de S\u00e1nchez y el esfuerzo de los\u00a0indultos\u00a0combina con la voluntad de iniciar una nueva fase de\u00a0di\u00e1logo y negociaci\u00f3n\u00a0con el nuevo presidente de la Generalitat. Los hechos ya empiezan a mostrar que esta cuesti\u00f3n es una lectura precipitada y superficial del escenario. Junqueras y el eje vertebrador de ERC no han renunciado a la independencia, sino que han evolucionado hacia una posici\u00f3n m\u00e1s inteligente: Aragon\u00e8s, una persona de formas moderadas y un buen trabajador, se centrar\u00e1 en intentar gobernar bien, mientras que Junqueras, de una forma cada vez m\u00e1s p\u00fablica y notoria, asumir\u00e1 la direcci\u00f3n para hacer avanzar a Catalu\u00f1a hacia la independencia. El objetivo es com\u00fan: lograr una\u00a0mayor\u00eda electoral\u00a0irrebatible.\u00a0Esto significa a\u00f1adir los 2 millones de electores que alcanzaron en su momento de m\u00e1xima participaci\u00f3n (en las \u00faltimas elecciones la abstenci\u00f3n los limit\u00f3 a 1,4 millones), con al menos medio mill\u00f3n m\u00e1s.\u00a0Si el independentismo acaba alcanzando esta cifra y se estabiliza, su\u00a0argumento ante Europa y el mundo\u00a0ser\u00e1 ganador m\u00e1s tarde o m\u00e1s temprano. Junto a este hecho, el otro en paralelo en el que coincide con JxCat es el de acabar dominando las principales instituciones del pa\u00eds.\u00a0Lo consigui\u00f3 con la C\u00e1mara de Comercio y ahora lo intentar\u00e1 este jueves con el Colegio de Abogados, donde la actual decana, Eugenia Gay, que ha mantenido una exquisita neutralidad, se confronta con una candidatura de orientaci\u00f3n independentista. El primer paso en el sentido de resituar Junqueras al primer plano para hacer visible esta estrategia y no confundir al electorado con una idea que todo queda reducido a la gesti\u00f3n de la Generalitat, ya ha sido dado con la iniciativa de\u00a0situar a Junqueras en la Tabla de Negociaci\u00f3n. Es una propuesta que pone de relieve que ERC juega fuerte, porque realmente es dif\u00edcil de digerir para los socialistas. En plena batalla pol\u00edtica por los indultos, con una opini\u00f3n p\u00fablica espa\u00f1ola mayoritariamente en contra, s\u00f3lo le falta a S\u00e1nchez que ERC haga esta jugada en el tablero, avanzando, no un pe\u00f3n, sino la misma reina. La cuesti\u00f3n de fondo es si S\u00e1nchez podr\u00e1 soportar que los indultos no comporten la\u00a0desmovilizaci\u00f3n del independentismo, sino todo lo contrario. Tanto por la estrategia de tierra, como porque entonces JxCat tambi\u00e9n adelantar\u00e1 su reina y plantear\u00e1 en primer t\u00e9rmino la situaci\u00f3n de Puigdemont y las dem\u00e1s personas que huyeron de la justicia, reclamando la solidaridad del gobierno catal\u00e1n para conseguir una soluci\u00f3n para que puedan volver a Catalu\u00f1a. Por si fuera poco,\u00a0la ANC, que quiere reavivarse porque si no lo hace corre el riesgo de quedar reducida a la insignificancia, ha anunciado que lanzar\u00e1 una iniciativa legislativa popular que si se aprobara se concretar\u00eda en una\u00a0ley para declarar la independencia en esta legislatura.\u00a0Le hacen falta s\u00f3lo 50.000 firmas, un objetivo evidentemente muy al alcance de la organizaci\u00f3n. Este hecho todav\u00eda introducir\u00eda m\u00e1s problemas y tensiones en el gobierno de S\u00e1nchez y podr\u00eda terminar precipitando unas elecciones el pr\u00f3ximo a\u00f1o, a pesar de que el presidente del Gobierno se resistir\u00e1 de todas-todas si las encuestas no cambian los actuales resultados y le otorgan la victoria.<\/p>\n","protected":false},"author":2,"featured_media":48644,"comment_status":"open","ping_status":"open","sticky":false,"template":"","format":"standard","meta":{"_FSMCFIC_featured_image_caption":"","_FSMCFIC_featured_image_nocaption":"","_FSMCFIC_featured_image_hide":"","footnotes":""},"categories":[806],"tags":[3814,1535,1131,1157],"class_list":["post-48659","post","type-post","status-publish","format-standard","has-post-thumbnail","hentry","category-punts-claus-del-dia-es","tag-indulto-1-o","tag-mesa-de-negociaciones","tag-oriol-junqueras-es","tag-pedro-sanchez-es"],"yoast_head":"<!-- This site is optimized with the Yoast SEO plugin v26.8 - https:\/\/yoast.com\/product\/yoast-seo-wordpress\/ -->\n<title>La estrategia de Junqueras y ERC no es la misma que la de S\u00e1nchez - Converses a Catalunya<\/title>\n<meta name=\"description\" content=\"C\u00f3mo el planteamiento de S\u00e1nchez y el esfuerzo de los indultos combina con la voluntad de iniciar una nueva fase de di\u00e1logo y negociaci\u00f3n\" \/>\n<meta name=\"robots\" content=\"index, follow, max-snippet:-1, max-image-preview:large, max-video-preview:-1\" \/>\n<link rel=\"canonical\" href=\"https:\/\/conversesacatalunya.cat\/es\/la-estrategia-de-junqueras-y-erc-no-es-la-misma-que-la-de-sanchez\/\" \/>\n<meta property=\"og:locale\" content=\"es_ES\" \/>\n<meta property=\"og:type\" content=\"article\" \/>\n<meta property=\"og:title\" content=\"La estrategia de Junqueras y ERC no es la misma que la de S\u00e1nchez - Converses a Catalunya\" \/>\n<meta property=\"og:description\" content=\"C\u00f3mo el planteamiento de S\u00e1nchez y el esfuerzo de los indultos combina con la voluntad de iniciar una nueva fase de di\u00e1logo y negociaci\u00f3n\" \/>\n<meta property=\"og:url\" content=\"https:\/\/conversesacatalunya.cat\/es\/la-estrategia-de-junqueras-y-erc-no-es-la-misma-que-la-de-sanchez\/\" \/>\n<meta property=\"og:site_name\" content=\"Converses a Catalunya\" \/>\n<meta property=\"article:published_time\" content=\"2021-06-01T10:20:58+00:00\" \/>\n<meta property=\"article:modified_time\" content=\"2021-06-01T11:48:59+00:00\" \/>\n<meta property=\"og:image\" content=\"https:\/\/conversesacatalunya.cat\/wp-content\/uploads\/2021\/06\/taula-de-dialeg.jpg\" \/>\n\t<meta property=\"og:image:width\" content=\"1126\" \/>\n\t<meta property=\"og:image:height\" content=\"636\" \/>\n\t<meta property=\"og:image:type\" content=\"image\/jpeg\" \/>\n<meta name=\"author\" content=\"conversesacatalunya\" \/>\n<meta name=\"twitter:card\" content=\"summary_large_image\" \/>\n<meta name=\"twitter:label1\" content=\"Escrito por\" \/>\n\t<meta name=\"twitter:data1\" content=\"conversesacatalunya\" \/>\n\t<meta name=\"twitter:label2\" content=\"Tiempo de lectura\" \/>\n\t<meta name=\"twitter:data2\" content=\"3 minutos\" \/>\n<script type=\"application\/ld+json\" class=\"yoast-schema-graph\">{\"@context\":\"https:\/\/schema.org\",\"@graph\":[{\"@type\":\"Article\",\"@id\":\"https:\/\/conversesacatalunya.cat\/es\/la-estrategia-de-junqueras-y-erc-no-es-la-misma-que-la-de-sanchez\/#article\",\"isPartOf\":{\"@id\":\"https:\/\/conversesacatalunya.cat\/es\/la-estrategia-de-junqueras-y-erc-no-es-la-misma-que-la-de-sanchez\/\"},\"author\":{\"name\":\"conversesacatalunya\",\"@id\":\"https:\/\/conversesacatalunya.cat\/#\/schema\/person\/7e24d1e54a2785373ddcb275eae5ed99\"},\"headline\":\"La estrategia de Junqueras y ERC no es la misma que la de S\u00e1nchez\",\"datePublished\":\"2021-06-01T10:20:58+00:00\",\"dateModified\":\"2021-06-01T11:48:59+00:00\",\"mainEntityOfPage\":{\"@id\":\"https:\/\/conversesacatalunya.cat\/es\/la-estrategia-de-junqueras-y-erc-no-es-la-misma-que-la-de-sanchez\/\"},\"wordCount\":652,\"commentCount\":0,\"image\":{\"@id\":\"https:\/\/conversesacatalunya.cat\/es\/la-estrategia-de-junqueras-y-erc-no-es-la-misma-que-la-de-sanchez\/#primaryimage\"},\"thumbnailUrl\":\"https:\/\/conversesacatalunya.cat\/wp-content\/uploads\/2021\/06\/taula-de-dialeg.jpg\",\"keywords\":[\"indulto 1-O\",\"Mesa de negociaciones\",\"Oriol Junqueras\",\"Pedro S\u00e1nchez\"],\"articleSection\":[\"Punts clau del dia (ES)\"],\"inLanguage\":\"es\",\"potentialAction\":[{\"@type\":\"CommentAction\",\"name\":\"Comment\",\"target\":[\"https:\/\/conversesacatalunya.cat\/es\/la-estrategia-de-junqueras-y-erc-no-es-la-misma-que-la-de-sanchez\/#respond\"]}]},{\"@type\":\"WebPage\",\"@id\":\"https:\/\/conversesacatalunya.cat\/es\/la-estrategia-de-junqueras-y-erc-no-es-la-misma-que-la-de-sanchez\/\",\"url\":\"https:\/\/conversesacatalunya.cat\/es\/la-estrategia-de-junqueras-y-erc-no-es-la-misma-que-la-de-sanchez\/\",\"name\":\"La estrategia de Junqueras y ERC no es la misma que la de S\u00e1nchez - Converses a Catalunya\",\"isPartOf\":{\"@id\":\"https:\/\/conversesacatalunya.cat\/#website\"},\"primaryImageOfPage\":{\"@id\":\"https:\/\/conversesacatalunya.cat\/es\/la-estrategia-de-junqueras-y-erc-no-es-la-misma-que-la-de-sanchez\/#primaryimage\"},\"image\":{\"@id\":\"https:\/\/conversesacatalunya.cat\/es\/la-estrategia-de-junqueras-y-erc-no-es-la-misma-que-la-de-sanchez\/#primaryimage\"},\"thumbnailUrl\":\"https:\/\/conversesacatalunya.cat\/wp-content\/uploads\/2021\/06\/taula-de-dialeg.jpg\",\"datePublished\":\"2021-06-01T10:20:58+00:00\",\"dateModified\":\"2021-06-01T11:48:59+00:00\",\"author\":{\"@id\":\"https:\/\/conversesacatalunya.cat\/#\/schema\/person\/7e24d1e54a2785373ddcb275eae5ed99\"},\"description\":\"C\u00f3mo el planteamiento de S\u00e1nchez y el esfuerzo de los indultos combina con la voluntad de iniciar una nueva fase de di\u00e1logo y negociaci\u00f3n\",\"breadcrumb\":{\"@id\":\"https:\/\/conversesacatalunya.cat\/es\/la-estrategia-de-junqueras-y-erc-no-es-la-misma-que-la-de-sanchez\/#breadcrumb\"},\"inLanguage\":\"es\",\"potentialAction\":[{\"@type\":\"ReadAction\",\"target\":[\"https:\/\/conversesacatalunya.cat\/es\/la-estrategia-de-junqueras-y-erc-no-es-la-misma-que-la-de-sanchez\/\"]}]},{\"@type\":\"ImageObject\",\"inLanguage\":\"es\",\"@id\":\"https:\/\/conversesacatalunya.cat\/es\/la-estrategia-de-junqueras-y-erc-no-es-la-misma-que-la-de-sanchez\/#primaryimage\",\"url\":\"https:\/\/conversesacatalunya.cat\/wp-content\/uploads\/2021\/06\/taula-de-dialeg.jpg\",\"contentUrl\":\"https:\/\/conversesacatalunya.cat\/wp-content\/uploads\/2021\/06\/taula-de-dialeg.jpg\",\"width\":1126,\"height\":636},{\"@type\":\"BreadcrumbList\",\"@id\":\"https:\/\/conversesacatalunya.cat\/es\/la-estrategia-de-junqueras-y-erc-no-es-la-misma-que-la-de-sanchez\/#breadcrumb\",\"itemListElement\":[{\"@type\":\"ListItem\",\"position\":1,\"name\":\"Inici\",\"item\":\"https:\/\/conversesacatalunya.cat\/es\/\"},{\"@type\":\"ListItem\",\"position\":2,\"name\":\"La estrategia de Junqueras y ERC no es la misma que la de S\u00e1nchez\"}]},{\"@type\":\"WebSite\",\"@id\":\"https:\/\/conversesacatalunya.cat\/#website\",\"url\":\"https:\/\/conversesacatalunya.cat\/\",\"name\":\"Converses a Catalunya\",\"description\":\"\",\"potentialAction\":[{\"@type\":\"SearchAction\",\"target\":{\"@type\":\"EntryPoint\",\"urlTemplate\":\"https:\/\/conversesacatalunya.cat\/?s={search_term_string}\"},\"query-input\":{\"@type\":\"PropertyValueSpecification\",\"valueRequired\":true,\"valueName\":\"search_term_string\"}}],\"inLanguage\":\"es\"},{\"@type\":\"Person\",\"@id\":\"https:\/\/conversesacatalunya.cat\/#\/schema\/person\/7e24d1e54a2785373ddcb275eae5ed99\",\"name\":\"conversesacatalunya\",\"image\":{\"@type\":\"ImageObject\",\"inLanguage\":\"es\",\"@id\":\"https:\/\/conversesacatalunya.cat\/#\/schema\/person\/image\/\",\"url\":\"https:\/\/conversesacatalunya.cat\/wp-content\/litespeed\/avatar\/febdfeeec89d950f01c748045a981dd2.jpg?ver=1777314535\",\"contentUrl\":\"https:\/\/conversesacatalunya.cat\/wp-content\/litespeed\/avatar\/febdfeeec89d950f01c748045a981dd2.jpg?ver=1777314535\",\"caption\":\"conversesacatalunya\"},\"url\":\"https:\/\/conversesacatalunya.cat\/es\/author\/carme_catala\/\"}]}<\/script>\n<!-- \/ Yoast SEO plugin. -->","yoast_head_json":{"title":"La estrategia de Junqueras y ERC no es la misma que la de S\u00e1nchez - Converses a Catalunya","description":"C\u00f3mo el planteamiento de S\u00e1nchez y el esfuerzo de los indultos combina con la voluntad de iniciar una nueva fase de di\u00e1logo y negociaci\u00f3n","robots":{"index":"index","follow":"follow","max-snippet":"max-snippet:-1","max-image-preview":"max-image-preview:large","max-video-preview":"max-video-preview:-1"},"canonical":"https:\/\/conversesacatalunya.cat\/es\/la-estrategia-de-junqueras-y-erc-no-es-la-misma-que-la-de-sanchez\/","og_locale":"es_ES","og_type":"article","og_title":"La estrategia de Junqueras y ERC no es la misma que la de S\u00e1nchez - Converses a Catalunya","og_description":"C\u00f3mo el planteamiento de S\u00e1nchez y el esfuerzo de los indultos combina con la voluntad de iniciar una nueva fase de di\u00e1logo y negociaci\u00f3n","og_url":"https:\/\/conversesacatalunya.cat\/es\/la-estrategia-de-junqueras-y-erc-no-es-la-misma-que-la-de-sanchez\/","og_site_name":"Converses a Catalunya","article_published_time":"2021-06-01T10:20:58+00:00","article_modified_time":"2021-06-01T11:48:59+00:00","og_image":[{"width":1126,"height":636,"url":"https:\/\/conversesacatalunya.cat\/wp-content\/uploads\/2021\/06\/taula-de-dialeg.jpg","type":"image\/jpeg"}],"author":"conversesacatalunya","twitter_card":"summary_large_image","twitter_misc":{"Escrito por":"conversesacatalunya","Tiempo de lectura":"3 minutos"},"schema":{"@context":"https:\/\/schema.org","@graph":[{"@type":"Article","@id":"https:\/\/conversesacatalunya.cat\/es\/la-estrategia-de-junqueras-y-erc-no-es-la-misma-que-la-de-sanchez\/#article","isPartOf":{"@id":"https:\/\/conversesacatalunya.cat\/es\/la-estrategia-de-junqueras-y-erc-no-es-la-misma-que-la-de-sanchez\/"},"author":{"name":"conversesacatalunya","@id":"https:\/\/conversesacatalunya.cat\/#\/schema\/person\/7e24d1e54a2785373ddcb275eae5ed99"},"headline":"La estrategia de Junqueras y ERC no es la misma que la de S\u00e1nchez","datePublished":"2021-06-01T10:20:58+00:00","dateModified":"2021-06-01T11:48:59+00:00","mainEntityOfPage":{"@id":"https:\/\/conversesacatalunya.cat\/es\/la-estrategia-de-junqueras-y-erc-no-es-la-misma-que-la-de-sanchez\/"},"wordCount":652,"commentCount":0,"image":{"@id":"https:\/\/conversesacatalunya.cat\/es\/la-estrategia-de-junqueras-y-erc-no-es-la-misma-que-la-de-sanchez\/#primaryimage"},"thumbnailUrl":"https:\/\/conversesacatalunya.cat\/wp-content\/uploads\/2021\/06\/taula-de-dialeg.jpg","keywords":["indulto 1-O","Mesa de negociaciones","Oriol Junqueras","Pedro S\u00e1nchez"],"articleSection":["Punts clau del dia (ES)"],"inLanguage":"es","potentialAction":[{"@type":"CommentAction","name":"Comment","target":["https:\/\/conversesacatalunya.cat\/es\/la-estrategia-de-junqueras-y-erc-no-es-la-misma-que-la-de-sanchez\/#respond"]}]},{"@type":"WebPage","@id":"https:\/\/conversesacatalunya.cat\/es\/la-estrategia-de-junqueras-y-erc-no-es-la-misma-que-la-de-sanchez\/","url":"https:\/\/conversesacatalunya.cat\/es\/la-estrategia-de-junqueras-y-erc-no-es-la-misma-que-la-de-sanchez\/","name":"La estrategia de Junqueras y ERC no es la misma que la de S\u00e1nchez - Converses a Catalunya","isPartOf":{"@id":"https:\/\/conversesacatalunya.cat\/#website"},"primaryImageOfPage":{"@id":"https:\/\/conversesacatalunya.cat\/es\/la-estrategia-de-junqueras-y-erc-no-es-la-misma-que-la-de-sanchez\/#primaryimage"},"image":{"@id":"https:\/\/conversesacatalunya.cat\/es\/la-estrategia-de-junqueras-y-erc-no-es-la-misma-que-la-de-sanchez\/#primaryimage"},"thumbnailUrl":"https:\/\/conversesacatalunya.cat\/wp-content\/uploads\/2021\/06\/taula-de-dialeg.jpg","datePublished":"2021-06-01T10:20:58+00:00","dateModified":"2021-06-01T11:48:59+00:00","author":{"@id":"https:\/\/conversesacatalunya.cat\/#\/schema\/person\/7e24d1e54a2785373ddcb275eae5ed99"},"description":"C\u00f3mo el planteamiento de S\u00e1nchez y el esfuerzo de los indultos combina con la voluntad de iniciar una nueva fase de di\u00e1logo y negociaci\u00f3n","breadcrumb":{"@id":"https:\/\/conversesacatalunya.cat\/es\/la-estrategia-de-junqueras-y-erc-no-es-la-misma-que-la-de-sanchez\/#breadcrumb"},"inLanguage":"es","potentialAction":[{"@type":"ReadAction","target":["https:\/\/conversesacatalunya.cat\/es\/la-estrategia-de-junqueras-y-erc-no-es-la-misma-que-la-de-sanchez\/"]}]},{"@type":"ImageObject","inLanguage":"es","@id":"https:\/\/conversesacatalunya.cat\/es\/la-estrategia-de-junqueras-y-erc-no-es-la-misma-que-la-de-sanchez\/#primaryimage","url":"https:\/\/conversesacatalunya.cat\/wp-content\/uploads\/2021\/06\/taula-de-dialeg.jpg","contentUrl":"https:\/\/conversesacatalunya.cat\/wp-content\/uploads\/2021\/06\/taula-de-dialeg.jpg","width":1126,"height":636},{"@type":"BreadcrumbList","@id":"https:\/\/conversesacatalunya.cat\/es\/la-estrategia-de-junqueras-y-erc-no-es-la-misma-que-la-de-sanchez\/#breadcrumb","itemListElement":[{"@type":"ListItem","position":1,"name":"Inici","item":"https:\/\/conversesacatalunya.cat\/es\/"},{"@type":"ListItem","position":2,"name":"La estrategia de Junqueras y ERC no es la misma que la de S\u00e1nchez"}]},{"@type":"WebSite","@id":"https:\/\/conversesacatalunya.cat\/#website","url":"https:\/\/conversesacatalunya.cat\/","name":"Converses a Catalunya","description":"","potentialAction":[{"@type":"SearchAction","target":{"@type":"EntryPoint","urlTemplate":"https:\/\/conversesacatalunya.cat\/?s={search_term_string}"},"query-input":{"@type":"PropertyValueSpecification","valueRequired":true,"valueName":"search_term_string"}}],"inLanguage":"es"},{"@type":"Person","@id":"https:\/\/conversesacatalunya.cat\/#\/schema\/person\/7e24d1e54a2785373ddcb275eae5ed99","name":"conversesacatalunya","image":{"@type":"ImageObject","inLanguage":"es","@id":"https:\/\/conversesacatalunya.cat\/#\/schema\/person\/image\/","url":"https:\/\/conversesacatalunya.cat\/wp-content\/litespeed\/avatar\/febdfeeec89d950f01c748045a981dd2.jpg?ver=1777314535","contentUrl":"https:\/\/conversesacatalunya.cat\/wp-content\/litespeed\/avatar\/febdfeeec89d950f01c748045a981dd2.jpg?ver=1777314535","caption":"conversesacatalunya"},"url":"https:\/\/conversesacatalunya.cat\/es\/author\/carme_catala\/"}]}},"wps_subtitle":"C\u00f3mo el planteamiento de S\u00e1nchez y el esfuerzo de los indultos combina con la voluntad de iniciar una nueva fase de di\u00e1logo y negociaci\u00f3n con el nuevo presidente de la Generalitat","_links":{"self":[{"href":"https:\/\/conversesacatalunya.cat\/es\/wp-json\/wp\/v2\/posts\/48659","targetHints":{"allow":["GET"]}}],"collection":[{"href":"https:\/\/conversesacatalunya.cat\/es\/wp-json\/wp\/v2\/posts"}],"about":[{"href":"https:\/\/conversesacatalunya.cat\/es\/wp-json\/wp\/v2\/types\/post"}],"author":[{"embeddable":true,"href":"https:\/\/conversesacatalunya.cat\/es\/wp-json\/wp\/v2\/users\/2"}],"replies":[{"embeddable":true,"href":"https:\/\/conversesacatalunya.cat\/es\/wp-json\/wp\/v2\/comments?post=48659"}],"version-history":[{"count":2,"href":"https:\/\/conversesacatalunya.cat\/es\/wp-json\/wp\/v2\/posts\/48659\/revisions"}],"predecessor-version":[{"id":48661,"href":"https:\/\/conversesacatalunya.cat\/es\/wp-json\/wp\/v2\/posts\/48659\/revisions\/48661"}],"wp:featuredmedia":[{"embeddable":true,"href":"https:\/\/conversesacatalunya.cat\/es\/wp-json\/wp\/v2\/media\/48644"}],"wp:attachment":[{"href":"https:\/\/conversesacatalunya.cat\/es\/wp-json\/wp\/v2\/media?parent=48659"}],"wp:term":[{"taxonomy":"category","embeddable":true,"href":"https:\/\/conversesacatalunya.cat\/es\/wp-json\/wp\/v2\/categories?post=48659"},{"taxonomy":"post_tag","embeddable":true,"href":"https:\/\/conversesacatalunya.cat\/es\/wp-json\/wp\/v2\/tags?post=48659"}],"curies":[{"name":"wp","href":"https:\/\/api.w.org\/{rel}","templated":true}]}}