{"id":48606,"date":"2021-05-31T11:09:22","date_gmt":"2021-05-31T09:09:22","guid":{"rendered":"https:\/\/conversesacatalunya.cat\/colau-i-les-superilles\/"},"modified":"2021-05-31T11:44:25","modified_gmt":"2021-05-31T09:44:25","slug":"colau-y-las-supermanzanas","status":"publish","type":"post","link":"https:\/\/conversesacatalunya.cat\/es\/colau-y-las-supermanzanas\/","title":{"rendered":"Colau y las supermanzanas. Ni sus aliados la siguen"},"content":{"rendered":"<p><span>En una entrevista en La Vanguardia este pasado domingo, Ada Colau sigue insistiendo en sus temas, en los que cada vez est\u00e1 m\u00e1s sola. Defensa la\u00a0<\/span><strong><span>reducci\u00f3n del veh\u00edculo privado<\/span><\/strong><span> sea como sea bajo el argumento de que no puede ser que el coche ocupe el 60% del espacio p\u00fablico y represente s\u00f3lo un 20% de los desplazamientos. Lo que no dice es que no todos los desplazamientos son iguales, ni en tiempo, ni en distancia, ni en n\u00famero de personas desplazadas. Es una simplificaci\u00f3n demag\u00f3gica que llevar\u00eda a que el peat\u00f3n, aplicando la misma l\u00f3gica, ocupara no las aceras sino la mayor parte de las calzadas porque es a pie como se llevan a cabo la mayor\u00eda de desplazamientos.<\/span><\/p>\n<p><span>En contrapartida,\u00a0<\/span><strong><span>las bicicletas,<\/span><\/strong><span> tan favorecidas por Ada Colau, deber\u00edan ver reducido su actual espacio porque su presencia, entre el 2 y el 3% de los desplazamientos, es muy escasa. Detr\u00e1s de estas consideraciones, existe la voluntad de reducir en una tercera parte el n\u00famero de veh\u00edculos que circulan utilizando como <\/span><strong><a href=\"https:\/\/conversesacatalunya.cat\/es\/las-medidas-de-ada-colau-contra-los-automoviles-ya-se-traducen-en-un-aumento-de-la-contaminacion\/\" target=\"_blank\" rel=\"noopener\"><span>argumento la contaminaci\u00f3n<\/span><\/a><\/strong><span>, mientras contin\u00faa sin atacar los focos principales que la ocasionan.<\/span><\/p>\n<p><span><span class=\"goog-text-highlight\">Sigue enarbolando el modelo de las\u00a0<\/span><\/span><strong><span><span class=\"goog-text-highlight\">supermanzanas,<\/span><\/span><\/strong><span><span class=\"goog-text-highlight\"> y considera que Barcelona es un ejemplo y pone como modelo de \u00e9xito el de Sant Antoni, pero no menciona para nada la primera supermanzana real que fue en San Andr\u00e9s y que se ha saldado con un gran fracaso. Pero <\/span><\/span><strong><span><span class=\"goog-text-highlight\">la oposici\u00f3n a las supermanzanas<\/span><\/span><\/strong><span><span class=\"goog-text-highlight\"> est\u00e1 tan generalizada que el propio PSC, en un documento del partido, las destroza. Empieza por afirmar que si se consiguiera reducir de manera viable el tr\u00e1fico general de la ciudad en la medida necesaria para alcanzar las supermanzanas del Eixample, ya ser\u00eda innecesaria esta soluci\u00f3n porque ser\u00eda mucho mejor mantener la actual estructura homog\u00e9nea de calles con m\u00e1s carriles para el transporte p\u00fablico y con unas aceras que se podr\u00edan duplicar. En otras palabras, la clave est\u00e1 en el hecho de que el <\/span><\/span><strong><span>tr\u00e1fico privado desaparezca<\/span><\/strong><span>\u00a0sin que ello ocasione el\u00a0<\/span><strong><span>colapso econ\u00f3mico de Barcelona.<\/span><\/strong><span>\u00a0Pero este objetivo es inviable en un horizonte temporal visible.<\/span><\/p>\n<p><span><span class=\"\">Lo que s\u00ed es factible es aprovechar todos los procesos tecnol\u00f3gicos que afectar\u00e1n al transporte, tanto en su dimensi\u00f3n p\u00fablica como en la reducci\u00f3n del impacto ambiental. Descalifica las supermanzanas como una \u00bb <\/span><\/span><strong><span><span class=\"\">enso\u00f1aci\u00f3n ruralizada<\/span><\/span><\/strong><span><span class=\"\">\u00bb y cuestiona, por razones evidentes, que los vecinos puedan satisfacer sus necesidades cotidianas en el interior de las supermanzanas o en un entorno pr\u00f3ximo. Primero, porque hay actividades econ\u00f3micas y servicios que requieren una determinada centralidad para que sean viables, por el tipo de demanda a la que sirven. Por la otra, para que los desplazamientos hogar-trabajo ya alteran por s\u00ed solos todo criterio de proximidad.<\/span><\/span><\/p>\n<p><span><span class=\"goog-text-highlight\">El documento socialista recuerda que en realidad lo que ahora es la bandera de Colau son\u00a0<\/span><\/span><strong><span><span class=\"goog-text-highlight\">proyectos viejos<\/span><\/span><\/strong><span><span class=\"goog-text-highlight\"> que ya exist\u00edan mucho antes de su llegada. Porque el concepto de supermanzana hace d\u00e9cadas que est\u00e1 flotando en el \u00e1mbito te\u00f3rico del urbanismo de la ciudad, sin que nunca se haya podido aplicar, precisamente por el impacto que ocasiona el destruir la <\/span><\/span><strong><span><span class=\"goog-text-highlight\">trama del Eixample y reducir el actividad econ\u00f3mica<\/span><\/span><\/strong><span><span class=\"goog-text-highlight\">. S\u00ed que son posibles supermanzanas en \u00e1mbitos muy concretos y espec\u00edficos. Es el caso del mercado de Sant Antoni, que ya estaba prevista en los planteamientos municipales de los a\u00f1os ochenta, o sea que Colau hace suyo un viejo proyecto de car\u00e1cter singular y a partir de \u00e9l intenta razonar que es extrapolable al conjunto del Eixample.<\/span><\/span><\/p>\n<p><span>Su visi\u00f3n es tan absurda que insiste con el\u00a0<\/span><strong><span>tranv\u00eda<\/span><\/strong><span>, ahora en el tramo Gl\u00f2ries-Verdaguer, y lo sit\u00faa en el \u00e1mbito de las soluciones al transporte a escala metropolitana.\u00a0Es evidente que con ambiciones tan deformadas como las que manifiesta Colau, Barcelona dif\u00edcilmente puede salir de la decadencia en la que est\u00e1 instalada.<\/span><\/p>\n<p><span><span class=\"\">Mientras tanto, los problemas del d\u00eda a d\u00eda crecen y se acumulan.\u00a0<\/span>Barcelona se ha convertido en la ciudad espa\u00f1ola, en la que se practican con la mayor impunidad,\u00a0<\/span><strong><span>botellones masivos<\/span><\/strong><span> que re\u00fanen miles y miles de personas, a pesar de que la pandemia sigue presente y aunque el resultado sea m\u00e1s suciedad y deterioro de la espacio p\u00fablico.<\/span><\/p>\n<p><span><span class=\"goog-text-highlight\">Pero es que son las mismas medidas municipales las que contribuyen a esta degradaci\u00f3n, como sucede en el casco antiguo de Sant Andreu donde la implantaci\u00f3n de un nuevo servicio de\u00a0<\/span><\/span><strong><span><span class=\"goog-text-highlight\">recogida de basuras domiciliarias<\/span><\/span><\/strong><span><span class=\"goog-text-highlight\"> ha comportado la revuelta de los vecinos y que el barrio aparezca lleno de bolsas de basura sin recoger. Porque este sistema es muy restrictivo, con un horario de s\u00f3lo dos horas, de 20 a 22h., Restringe la recogida seg\u00fan el tipo de residuo a unos d\u00edas determinados de la semana, y si el vecino se equivoca o tiene necesidad de deshacerse de alguna bolsa, los servicios no la recogen si no corresponde al residuo del d\u00eda de la semana tasado. Es una manifestaci\u00f3n m\u00e1s de que despu\u00e9s de tantos a\u00f1os en el Ayuntamiento, sus equipos todav\u00eda son incapaces de gestionar el d\u00eda a d\u00eda.<\/span><\/span><\/p>\n<span class='bctt-click-to-tweet'><span class='bctt-ctt-text'><a href='https:\/\/twitter.com\/intent\/tweet?url=https%3A%2F%2Fconversesacatalunya.cat%2Fes%2Fcolau-y-las-supermanzanas%2F&#038;text=Ada%20Colau%20sigue%20insistiendo%20en%20sus%20temas%2C%20en%20los%20que%20cada%20vez%20est%C3%A1%20m%C3%A1s%20sola&#038;via=conversesacat&#038;related=conversesacat' target='_blank'rel=\"noopener noreferrer\">Ada Colau sigue insistiendo en sus temas, en los que cada vez est\u00e1 m\u00e1s sola <\/a><\/span><a href='https:\/\/twitter.com\/intent\/tweet?url=https%3A%2F%2Fconversesacatalunya.cat%2Fes%2Fcolau-y-las-supermanzanas%2F&#038;text=Ada%20Colau%20sigue%20insistiendo%20en%20sus%20temas%2C%20en%20los%20que%20cada%20vez%20est%C3%A1%20m%C3%A1s%20sola&#038;via=conversesacat&#038;related=conversesacat' target='_blank' class='bctt-ctt-btn'rel=\"noopener noreferrer\">Compartir en X<\/a><\/span>\n<div id=\"polls-105\" class=\"wp-polls\">\n\t<form id=\"polls_form_105\" class=\"wp-polls-form\" action=\"\/index.php\" method=\"post\">\n\t\t<p style=\"display: none;\"><input type=\"hidden\" id=\"poll_105_nonce\" name=\"wp-polls-nonce\" value=\"edafdd6063\" \/><\/p>\n\t\t<p style=\"display: none;\"><input type=\"hidden\" name=\"poll_id\" value=\"105\" \/><\/p>\n\t\t<p style=\"text-align: center\"><strong>Com valores el nou Govern de la Generalitat?<\/strong><\/p><div id=\"polls-105-ans\" class=\"wp-polls-ans\"><ul class=\"wp-polls-ul\">\n\t\t<li><input type=\"radio\" id=\"poll-answer-247\" name=\"poll_105\" value=\"247\" \/> <label for=\"poll-answer-247\">B\u00e9<\/label><\/li>\n\t\t<li><input type=\"radio\" id=\"poll-answer-248\" name=\"poll_105\" value=\"248\" \/> <label for=\"poll-answer-248\">Malament<\/label><\/li>\n\t\t<li><input type=\"radio\" id=\"poll-answer-249\" name=\"poll_105\" value=\"249\" \/> <label for=\"poll-answer-249\">Cal esperar<\/label><\/li>\n\t\t<\/ul><p style=\"text-align: center\"><input type=\"button\" name=\"vote\" value=\"   Vota   \" class=\"Buttons\" onclick=\"poll_vote(105);\" \/><\/p><p style=\"text-align: center\"><a href=\"#ViewPollResults\" onclick=\"poll_result(105); return false;\" title=\"View Results Of This Poll\">Mira els resultats<\/a><\/p><\/div>\n\t<\/form>\n<\/div>\n<div id=\"polls-105-loading\" class=\"wp-polls-loading\"><img decoding=\"async\" data-src=\"https:\/\/conversesacatalunya.cat\/wp-content\/plugins\/wp-polls\/images\/loading.gif\" width=\"16\" height=\"16\" alt=\"Cargando ...\" title=\"Cargando ...\" class=\"wp-polls-image lazyload\" src=\"data:image\/svg+xml;base64,PHN2ZyB3aWR0aD0iMSIgaGVpZ2h0PSIxIiB4bWxucz0iaHR0cDovL3d3dy53My5vcmcvMjAwMC9zdmciPjwvc3ZnPg==\" style=\"--smush-placeholder-width: 16px; --smush-placeholder-aspect-ratio: 16\/16;\" \/>&nbsp;Cargando ...<\/div>\n\n","protected":false},"excerpt":{"rendered":"<p>En una entrevista en La Vanguardia este pasado domingo, Ada Colau sigue insistiendo en sus temas, en los que cada vez est\u00e1 m\u00e1s sola. Defensa la\u00a0reducci\u00f3n del veh\u00edculo privado sea como sea bajo el argumento de que no puede ser que el coche ocupe el 60% del espacio p\u00fablico y represente s\u00f3lo un 20% de los desplazamientos. Lo que no dice es que no todos los desplazamientos son iguales, ni en tiempo, ni en distancia, ni en n\u00famero de personas desplazadas. Es una simplificaci\u00f3n demag\u00f3gica que llevar\u00eda a que el peat\u00f3n, aplicando la misma l\u00f3gica, ocupara no las aceras sino la mayor parte de las calzadas porque es a pie como se llevan a cabo la mayor\u00eda de desplazamientos. En contrapartida,\u00a0las bicicletas, tan favorecidas por Ada Colau, deber\u00edan ver reducido su actual espacio porque su presencia, entre el 2 y el 3% de los desplazamientos, es muy escasa. Detr\u00e1s de estas consideraciones, existe la voluntad de reducir en una tercera parte el n\u00famero de veh\u00edculos que circulan utilizando como argumento la contaminaci\u00f3n, mientras contin\u00faa sin atacar los focos principales que la ocasionan. Sigue enarbolando el modelo de las\u00a0supermanzanas, y considera que Barcelona es un ejemplo y pone como modelo de \u00e9xito el de Sant Antoni, pero no menciona para nada la primera supermanzana real que fue en San Andr\u00e9s y que se ha saldado con un gran fracaso. Pero la oposici\u00f3n a las supermanzanas est\u00e1 tan generalizada que el propio PSC, en un documento del partido, las destroza. Empieza por afirmar que si se consiguiera reducir de manera viable el tr\u00e1fico general de la ciudad en la medida necesaria para alcanzar las supermanzanas del Eixample, ya ser\u00eda innecesaria esta soluci\u00f3n porque ser\u00eda mucho mejor mantener la actual estructura homog\u00e9nea de calles con m\u00e1s carriles para el transporte p\u00fablico y con unas aceras que se podr\u00edan duplicar. En otras palabras, la clave est\u00e1 en el hecho de que el tr\u00e1fico privado desaparezca\u00a0sin que ello ocasione el\u00a0colapso econ\u00f3mico de Barcelona.\u00a0Pero este objetivo es inviable en un horizonte temporal visible. Lo que s\u00ed es factible es aprovechar todos los procesos tecnol\u00f3gicos que afectar\u00e1n al transporte, tanto en su dimensi\u00f3n p\u00fablica como en la reducci\u00f3n del impacto ambiental. Descalifica las supermanzanas como una \u00bb enso\u00f1aci\u00f3n ruralizada\u00bb y cuestiona, por razones evidentes, que los vecinos puedan satisfacer sus necesidades cotidianas en el interior de las supermanzanas o en un entorno pr\u00f3ximo. Primero, porque hay actividades econ\u00f3micas y servicios que requieren una determinada centralidad para que sean viables, por el tipo de demanda a la que sirven. Por la otra, para que los desplazamientos hogar-trabajo ya alteran por s\u00ed solos todo criterio de proximidad. El documento socialista recuerda que en realidad lo que ahora es la bandera de Colau son\u00a0proyectos viejos que ya exist\u00edan mucho antes de su llegada. Porque el concepto de supermanzana hace d\u00e9cadas que est\u00e1 flotando en el \u00e1mbito te\u00f3rico del urbanismo de la ciudad, sin que nunca se haya podido aplicar, precisamente por el impacto que ocasiona el destruir la trama del Eixample y reducir el actividad econ\u00f3mica. S\u00ed que son posibles supermanzanas en \u00e1mbitos muy concretos y espec\u00edficos. Es el caso del mercado de Sant Antoni, que ya estaba prevista en los planteamientos municipales de los a\u00f1os ochenta, o sea que Colau hace suyo un viejo proyecto de car\u00e1cter singular y a partir de \u00e9l intenta razonar que es extrapolable al conjunto del Eixample. Su visi\u00f3n es tan absurda que insiste con el\u00a0tranv\u00eda, ahora en el tramo Gl\u00f2ries-Verdaguer, y lo sit\u00faa en el \u00e1mbito de las soluciones al transporte a escala metropolitana.\u00a0Es evidente que con ambiciones tan deformadas como las que manifiesta Colau, Barcelona dif\u00edcilmente puede salir de la decadencia en la que est\u00e1 instalada. Mientras tanto, los problemas del d\u00eda a d\u00eda crecen y se acumulan.\u00a0Barcelona se ha convertido en la ciudad espa\u00f1ola, en la que se practican con la mayor impunidad,\u00a0botellones masivos que re\u00fanen miles y miles de personas, a pesar de que la pandemia sigue presente y aunque el resultado sea m\u00e1s suciedad y deterioro de la espacio p\u00fablico. Pero es que son las mismas medidas municipales las que contribuyen a esta degradaci\u00f3n, como sucede en el casco antiguo de Sant Andreu donde la implantaci\u00f3n de un nuevo servicio de\u00a0recogida de basuras domiciliarias ha comportado la revuelta de los vecinos y que el barrio aparezca lleno de bolsas de basura sin recoger. Porque este sistema es muy restrictivo, con un horario de s\u00f3lo dos horas, de 20 a 22h., Restringe la recogida seg\u00fan el tipo de residuo a unos d\u00edas determinados de la semana, y si el vecino se equivoca o tiene necesidad de deshacerse de alguna bolsa, los servicios no la recogen si no corresponde al residuo del d\u00eda de la semana tasado. Es una manifestaci\u00f3n m\u00e1s de que despu\u00e9s de tantos a\u00f1os en el Ayuntamiento, sus equipos todav\u00eda son incapaces de gestionar el d\u00eda a d\u00eda.<\/p>\n","protected":false},"author":2,"featured_media":48603,"comment_status":"open","ping_status":"open","sticky":false,"template":"","format":"standard","meta":{"_FSMCFIC_featured_image_caption":"","_FSMCFIC_featured_image_nocaption":"","_FSMCFIC_featured_image_hide":"","footnotes":""},"categories":[3787,806],"tags":[833,3824],"class_list":["post-48606","post","type-post","status-publish","format-standard","has-post-thumbnail","hentry","category-expedient-barcelona-es","category-punts-claus-del-dia-es","tag-ada-colau-es","tag-superilles-es"],"yoast_head":"<!-- This site is optimized with the Yoast SEO plugin v26.8 - https:\/\/yoast.com\/product\/yoast-seo-wordpress\/ -->\n<title>Colau y las supermanzanas. Ni sus aliados la siguen - Converses a Catalunya<\/title>\n<meta name=\"description\" content=\"Ada Colau sigue insistiendo en sus temas, en los que cada vez est\u00e1 m\u00e1s sola\" \/>\n<meta name=\"robots\" content=\"index, follow, max-snippet:-1, max-image-preview:large, max-video-preview:-1\" \/>\n<link rel=\"canonical\" href=\"https:\/\/conversesacatalunya.cat\/es\/colau-y-las-supermanzanas\/\" \/>\n<meta property=\"og:locale\" content=\"es_ES\" \/>\n<meta property=\"og:type\" content=\"article\" \/>\n<meta property=\"og:title\" content=\"Colau y las supermanzanas. Ni sus aliados la siguen - Converses a Catalunya\" \/>\n<meta property=\"og:description\" content=\"Ada Colau sigue insistiendo en sus temas, en los que cada vez est\u00e1 m\u00e1s sola\" \/>\n<meta property=\"og:url\" content=\"https:\/\/conversesacatalunya.cat\/es\/colau-y-las-supermanzanas\/\" \/>\n<meta property=\"og:site_name\" content=\"Converses a Catalunya\" \/>\n<meta property=\"article:published_time\" content=\"2021-05-31T09:09:22+00:00\" \/>\n<meta property=\"article:modified_time\" content=\"2021-05-31T09:44:25+00:00\" \/>\n<meta property=\"og:image\" content=\"https:\/\/conversesacatalunya.cat\/wp-content\/uploads\/2021\/05\/superilla-02.jpg\" \/>\n\t<meta property=\"og:image:width\" content=\"670\" \/>\n\t<meta property=\"og:image:height\" content=\"355\" \/>\n\t<meta property=\"og:image:type\" content=\"image\/jpeg\" \/>\n<meta name=\"author\" content=\"conversesacatalunya\" \/>\n<meta name=\"twitter:card\" content=\"summary_large_image\" \/>\n<meta name=\"twitter:label1\" content=\"Escrito por\" \/>\n\t<meta name=\"twitter:data1\" content=\"conversesacatalunya\" \/>\n\t<meta name=\"twitter:label2\" content=\"Tiempo de lectura\" \/>\n\t<meta name=\"twitter:data2\" content=\"4 minutos\" \/>\n<script type=\"application\/ld+json\" class=\"yoast-schema-graph\">{\"@context\":\"https:\/\/schema.org\",\"@graph\":[{\"@type\":\"Article\",\"@id\":\"https:\/\/conversesacatalunya.cat\/es\/colau-y-las-supermanzanas\/#article\",\"isPartOf\":{\"@id\":\"https:\/\/conversesacatalunya.cat\/es\/colau-y-las-supermanzanas\/\"},\"author\":{\"name\":\"conversesacatalunya\",\"@id\":\"https:\/\/conversesacatalunya.cat\/#\/schema\/person\/7e24d1e54a2785373ddcb275eae5ed99\"},\"headline\":\"Colau y las supermanzanas. Ni sus aliados la siguen\",\"datePublished\":\"2021-05-31T09:09:22+00:00\",\"dateModified\":\"2021-05-31T09:44:25+00:00\",\"mainEntityOfPage\":{\"@id\":\"https:\/\/conversesacatalunya.cat\/es\/colau-y-las-supermanzanas\/\"},\"wordCount\":917,\"commentCount\":0,\"image\":{\"@id\":\"https:\/\/conversesacatalunya.cat\/es\/colau-y-las-supermanzanas\/#primaryimage\"},\"thumbnailUrl\":\"https:\/\/conversesacatalunya.cat\/wp-content\/uploads\/2021\/05\/superilla-02.jpg\",\"keywords\":[\"Ada Colau\",\"Superilles\"],\"articleSection\":[\"Expedient Barcelona (ES)\",\"Punts clau del dia (ES)\"],\"inLanguage\":\"es\",\"potentialAction\":[{\"@type\":\"CommentAction\",\"name\":\"Comment\",\"target\":[\"https:\/\/conversesacatalunya.cat\/es\/colau-y-las-supermanzanas\/#respond\"]}]},{\"@type\":\"WebPage\",\"@id\":\"https:\/\/conversesacatalunya.cat\/es\/colau-y-las-supermanzanas\/\",\"url\":\"https:\/\/conversesacatalunya.cat\/es\/colau-y-las-supermanzanas\/\",\"name\":\"Colau y las supermanzanas. Ni sus aliados la siguen - Converses a Catalunya\",\"isPartOf\":{\"@id\":\"https:\/\/conversesacatalunya.cat\/#website\"},\"primaryImageOfPage\":{\"@id\":\"https:\/\/conversesacatalunya.cat\/es\/colau-y-las-supermanzanas\/#primaryimage\"},\"image\":{\"@id\":\"https:\/\/conversesacatalunya.cat\/es\/colau-y-las-supermanzanas\/#primaryimage\"},\"thumbnailUrl\":\"https:\/\/conversesacatalunya.cat\/wp-content\/uploads\/2021\/05\/superilla-02.jpg\",\"datePublished\":\"2021-05-31T09:09:22+00:00\",\"dateModified\":\"2021-05-31T09:44:25+00:00\",\"author\":{\"@id\":\"https:\/\/conversesacatalunya.cat\/#\/schema\/person\/7e24d1e54a2785373ddcb275eae5ed99\"},\"description\":\"Ada Colau sigue insistiendo en sus temas, en los que cada vez est\u00e1 m\u00e1s sola\",\"breadcrumb\":{\"@id\":\"https:\/\/conversesacatalunya.cat\/es\/colau-y-las-supermanzanas\/#breadcrumb\"},\"inLanguage\":\"es\",\"potentialAction\":[{\"@type\":\"ReadAction\",\"target\":[\"https:\/\/conversesacatalunya.cat\/es\/colau-y-las-supermanzanas\/\"]}]},{\"@type\":\"ImageObject\",\"inLanguage\":\"es\",\"@id\":\"https:\/\/conversesacatalunya.cat\/es\/colau-y-las-supermanzanas\/#primaryimage\",\"url\":\"https:\/\/conversesacatalunya.cat\/wp-content\/uploads\/2021\/05\/superilla-02.jpg\",\"contentUrl\":\"https:\/\/conversesacatalunya.cat\/wp-content\/uploads\/2021\/05\/superilla-02.jpg\",\"width\":670,\"height\":355},{\"@type\":\"BreadcrumbList\",\"@id\":\"https:\/\/conversesacatalunya.cat\/es\/colau-y-las-supermanzanas\/#breadcrumb\",\"itemListElement\":[{\"@type\":\"ListItem\",\"position\":1,\"name\":\"Inici\",\"item\":\"https:\/\/conversesacatalunya.cat\/es\/\"},{\"@type\":\"ListItem\",\"position\":2,\"name\":\"Colau y las supermanzanas. Ni sus aliados la siguen\"}]},{\"@type\":\"WebSite\",\"@id\":\"https:\/\/conversesacatalunya.cat\/#website\",\"url\":\"https:\/\/conversesacatalunya.cat\/\",\"name\":\"Converses a Catalunya\",\"description\":\"\",\"potentialAction\":[{\"@type\":\"SearchAction\",\"target\":{\"@type\":\"EntryPoint\",\"urlTemplate\":\"https:\/\/conversesacatalunya.cat\/?s={search_term_string}\"},\"query-input\":{\"@type\":\"PropertyValueSpecification\",\"valueRequired\":true,\"valueName\":\"search_term_string\"}}],\"inLanguage\":\"es\"},{\"@type\":\"Person\",\"@id\":\"https:\/\/conversesacatalunya.cat\/#\/schema\/person\/7e24d1e54a2785373ddcb275eae5ed99\",\"name\":\"conversesacatalunya\",\"image\":{\"@type\":\"ImageObject\",\"inLanguage\":\"es\",\"@id\":\"https:\/\/conversesacatalunya.cat\/#\/schema\/person\/image\/\",\"url\":\"https:\/\/conversesacatalunya.cat\/wp-content\/litespeed\/avatar\/febdfeeec89d950f01c748045a981dd2.jpg?ver=1777314535\",\"contentUrl\":\"https:\/\/conversesacatalunya.cat\/wp-content\/litespeed\/avatar\/febdfeeec89d950f01c748045a981dd2.jpg?ver=1777314535\",\"caption\":\"conversesacatalunya\"},\"url\":\"https:\/\/conversesacatalunya.cat\/es\/author\/carme_catala\/\"}]}<\/script>\n<!-- \/ Yoast SEO plugin. -->","yoast_head_json":{"title":"Colau y las supermanzanas. Ni sus aliados la siguen - Converses a Catalunya","description":"Ada Colau sigue insistiendo en sus temas, en los que cada vez est\u00e1 m\u00e1s sola","robots":{"index":"index","follow":"follow","max-snippet":"max-snippet:-1","max-image-preview":"max-image-preview:large","max-video-preview":"max-video-preview:-1"},"canonical":"https:\/\/conversesacatalunya.cat\/es\/colau-y-las-supermanzanas\/","og_locale":"es_ES","og_type":"article","og_title":"Colau y las supermanzanas. Ni sus aliados la siguen - Converses a Catalunya","og_description":"Ada Colau sigue insistiendo en sus temas, en los que cada vez est\u00e1 m\u00e1s sola","og_url":"https:\/\/conversesacatalunya.cat\/es\/colau-y-las-supermanzanas\/","og_site_name":"Converses a Catalunya","article_published_time":"2021-05-31T09:09:22+00:00","article_modified_time":"2021-05-31T09:44:25+00:00","og_image":[{"width":670,"height":355,"url":"https:\/\/conversesacatalunya.cat\/wp-content\/uploads\/2021\/05\/superilla-02.jpg","type":"image\/jpeg"}],"author":"conversesacatalunya","twitter_card":"summary_large_image","twitter_misc":{"Escrito por":"conversesacatalunya","Tiempo de lectura":"4 minutos"},"schema":{"@context":"https:\/\/schema.org","@graph":[{"@type":"Article","@id":"https:\/\/conversesacatalunya.cat\/es\/colau-y-las-supermanzanas\/#article","isPartOf":{"@id":"https:\/\/conversesacatalunya.cat\/es\/colau-y-las-supermanzanas\/"},"author":{"name":"conversesacatalunya","@id":"https:\/\/conversesacatalunya.cat\/#\/schema\/person\/7e24d1e54a2785373ddcb275eae5ed99"},"headline":"Colau y las supermanzanas. Ni sus aliados la siguen","datePublished":"2021-05-31T09:09:22+00:00","dateModified":"2021-05-31T09:44:25+00:00","mainEntityOfPage":{"@id":"https:\/\/conversesacatalunya.cat\/es\/colau-y-las-supermanzanas\/"},"wordCount":917,"commentCount":0,"image":{"@id":"https:\/\/conversesacatalunya.cat\/es\/colau-y-las-supermanzanas\/#primaryimage"},"thumbnailUrl":"https:\/\/conversesacatalunya.cat\/wp-content\/uploads\/2021\/05\/superilla-02.jpg","keywords":["Ada Colau","Superilles"],"articleSection":["Expedient Barcelona (ES)","Punts clau del dia (ES)"],"inLanguage":"es","potentialAction":[{"@type":"CommentAction","name":"Comment","target":["https:\/\/conversesacatalunya.cat\/es\/colau-y-las-supermanzanas\/#respond"]}]},{"@type":"WebPage","@id":"https:\/\/conversesacatalunya.cat\/es\/colau-y-las-supermanzanas\/","url":"https:\/\/conversesacatalunya.cat\/es\/colau-y-las-supermanzanas\/","name":"Colau y las supermanzanas. Ni sus aliados la siguen - Converses a Catalunya","isPartOf":{"@id":"https:\/\/conversesacatalunya.cat\/#website"},"primaryImageOfPage":{"@id":"https:\/\/conversesacatalunya.cat\/es\/colau-y-las-supermanzanas\/#primaryimage"},"image":{"@id":"https:\/\/conversesacatalunya.cat\/es\/colau-y-las-supermanzanas\/#primaryimage"},"thumbnailUrl":"https:\/\/conversesacatalunya.cat\/wp-content\/uploads\/2021\/05\/superilla-02.jpg","datePublished":"2021-05-31T09:09:22+00:00","dateModified":"2021-05-31T09:44:25+00:00","author":{"@id":"https:\/\/conversesacatalunya.cat\/#\/schema\/person\/7e24d1e54a2785373ddcb275eae5ed99"},"description":"Ada Colau sigue insistiendo en sus temas, en los que cada vez est\u00e1 m\u00e1s sola","breadcrumb":{"@id":"https:\/\/conversesacatalunya.cat\/es\/colau-y-las-supermanzanas\/#breadcrumb"},"inLanguage":"es","potentialAction":[{"@type":"ReadAction","target":["https:\/\/conversesacatalunya.cat\/es\/colau-y-las-supermanzanas\/"]}]},{"@type":"ImageObject","inLanguage":"es","@id":"https:\/\/conversesacatalunya.cat\/es\/colau-y-las-supermanzanas\/#primaryimage","url":"https:\/\/conversesacatalunya.cat\/wp-content\/uploads\/2021\/05\/superilla-02.jpg","contentUrl":"https:\/\/conversesacatalunya.cat\/wp-content\/uploads\/2021\/05\/superilla-02.jpg","width":670,"height":355},{"@type":"BreadcrumbList","@id":"https:\/\/conversesacatalunya.cat\/es\/colau-y-las-supermanzanas\/#breadcrumb","itemListElement":[{"@type":"ListItem","position":1,"name":"Inici","item":"https:\/\/conversesacatalunya.cat\/es\/"},{"@type":"ListItem","position":2,"name":"Colau y las supermanzanas. Ni sus aliados la siguen"}]},{"@type":"WebSite","@id":"https:\/\/conversesacatalunya.cat\/#website","url":"https:\/\/conversesacatalunya.cat\/","name":"Converses a Catalunya","description":"","potentialAction":[{"@type":"SearchAction","target":{"@type":"EntryPoint","urlTemplate":"https:\/\/conversesacatalunya.cat\/?s={search_term_string}"},"query-input":{"@type":"PropertyValueSpecification","valueRequired":true,"valueName":"search_term_string"}}],"inLanguage":"es"},{"@type":"Person","@id":"https:\/\/conversesacatalunya.cat\/#\/schema\/person\/7e24d1e54a2785373ddcb275eae5ed99","name":"conversesacatalunya","image":{"@type":"ImageObject","inLanguage":"es","@id":"https:\/\/conversesacatalunya.cat\/#\/schema\/person\/image\/","url":"https:\/\/conversesacatalunya.cat\/wp-content\/litespeed\/avatar\/febdfeeec89d950f01c748045a981dd2.jpg?ver=1777314535","contentUrl":"https:\/\/conversesacatalunya.cat\/wp-content\/litespeed\/avatar\/febdfeeec89d950f01c748045a981dd2.jpg?ver=1777314535","caption":"conversesacatalunya"},"url":"https:\/\/conversesacatalunya.cat\/es\/author\/carme_catala\/"}]}},"wps_subtitle":"Ada Colau sigue insistiendo en sus temas, en los que cada vez est\u00e1 m\u00e1s sola","_links":{"self":[{"href":"https:\/\/conversesacatalunya.cat\/es\/wp-json\/wp\/v2\/posts\/48606","targetHints":{"allow":["GET"]}}],"collection":[{"href":"https:\/\/conversesacatalunya.cat\/es\/wp-json\/wp\/v2\/posts"}],"about":[{"href":"https:\/\/conversesacatalunya.cat\/es\/wp-json\/wp\/v2\/types\/post"}],"author":[{"embeddable":true,"href":"https:\/\/conversesacatalunya.cat\/es\/wp-json\/wp\/v2\/users\/2"}],"replies":[{"embeddable":true,"href":"https:\/\/conversesacatalunya.cat\/es\/wp-json\/wp\/v2\/comments?post=48606"}],"version-history":[{"count":2,"href":"https:\/\/conversesacatalunya.cat\/es\/wp-json\/wp\/v2\/posts\/48606\/revisions"}],"predecessor-version":[{"id":48608,"href":"https:\/\/conversesacatalunya.cat\/es\/wp-json\/wp\/v2\/posts\/48606\/revisions\/48608"}],"wp:featuredmedia":[{"embeddable":true,"href":"https:\/\/conversesacatalunya.cat\/es\/wp-json\/wp\/v2\/media\/48603"}],"wp:attachment":[{"href":"https:\/\/conversesacatalunya.cat\/es\/wp-json\/wp\/v2\/media?parent=48606"}],"wp:term":[{"taxonomy":"category","embeddable":true,"href":"https:\/\/conversesacatalunya.cat\/es\/wp-json\/wp\/v2\/categories?post=48606"},{"taxonomy":"post_tag","embeddable":true,"href":"https:\/\/conversesacatalunya.cat\/es\/wp-json\/wp\/v2\/tags?post=48606"}],"curies":[{"name":"wp","href":"https:\/\/api.w.org\/{rel}","templated":true}]}}