{"id":48596,"date":"2021-06-01T08:41:45","date_gmt":"2021-06-01T06:41:45","guid":{"rendered":"https:\/\/conversesacatalunya.cat\/?p=48596"},"modified":"2021-05-31T10:42:15","modified_gmt":"2021-05-31T08:42:15","slug":"record-historico-en-el-sector-minorista","status":"publish","type":"post","link":"https:\/\/conversesacatalunya.cat\/es\/record-historico-en-el-sector-minorista\/","title":{"rendered":"R\u00e9cord hist\u00f3rico en el sector minorista"},"content":{"rendered":"<p>Los \u00faltimos datos del Instituto Nacional de Estad\u00edstica (INE)<strong> muestran un fuerte ascenso de las ventas del sector minorista<\/strong>, sensiblemente m\u00e1s alto que el del a\u00f1o pasado. Las ventas del comercio minorista, corregidos los efectos estacionales y de calendario, registraron un aumento hist\u00f3rico del 41% en abril respecto al mismo mes de 2020, marcado por la par\u00e1lisis total de la actividad y el confinamiento domiliciario. El dato es 26,7 puntos mayor que la tasa del mes anterior, seg\u00fan inform\u00f3 este viernes el Instituto Nacional de Estad\u00edstica (INE). El indicador encadena as\u00ed dos meses consecutivos de subidas tras un a\u00f1o de descensos interanuales por el impacto de la pandemia. En la serie original, la subida fue del 38,5%, 20,4 puntos mas que el mes precedente.<\/p>\n<p>En concreto, las ventas de alimentos en el sector minorista han descendido un 2,2% en abril de este a\u00f1o en comparaci\u00f3n con el mismo mes de 2020, mientras que las del resto de productos se han disparado un 102,9%, <strong>especialmente las del equipo personal (+327,1%) y equipo del hogar (+165%)<\/strong>. En t\u00e9rminos mensuales, y en datos corregidos de efectos estacionales y de calendario, el comercio minorista factur\u00f3 un 0,4% menos en abril respecto al mes anterior, tasa 3,1 puntos inferior a la del mes anterior.<\/p>\n<p>En cuanto a las ventas por medio de internet, que llevaban ocho meses creciendo a tasas superiores al 30 %, en abril solo se incrementaron un 10,5% en tasa interanual, lo que supone el dato m\u00e1s bajo desde enero de 2020, en tanto que el empleo qued\u00f3 plano tras trece meses consecutivos de descensos. El \u00edndice general sin incluir estaciones de servicio y corregido de efectos estacionales y de calendario registra una variaci\u00f3n anual positiva del 37,2% en abril. Si desglosamos estas ventas por tipo de producto, Alimentaci\u00f3n sube un 0,3% y Resto un 107,2%.<\/p>\n<p>Las ventas suben en tasa anual en todas las comunidades aut\u00f3nomas en abril.<strong> Comunidad de Madrid (+48,6%), Islas Baleares (+42,4%) y Andaluc\u00eda (+40,6%) registran los mayores aumentos<\/strong>. Por su parte, Extremadura (+25,3%), Comunidad Foral de Navarra (+28,1%) y Castilla-La Mancha (+31,0%) presentan los menores incrementos.<\/p>\n<p>En t\u00e9rminos mensuales, y en datos corregidos de efectos estacionales y de calendario, el comercio minorista factur\u00f3 un 0,4% menos en abril respecto al mes anterior, tasa 3,1 puntos inferior a la del mes anterior. El descenso mensual del cuarto mes del a\u00f1o fue resultado, sobre todo, del descenso de las ventas en los productos no alimenticios, especialmente de equipo personal (-1,5%), seguido de los otros bienes (-0,7%) y del equipo del hogar (-0,4%).<\/p>\n<p>Por su parte, la facturaci\u00f3n de productos de alimentaci\u00f3n cay\u00f3 un 0,2%, mientras que las ventas de las estaciones de servicio lo hicieron en un 1,6%. Todos los modos de distribuci\u00f3n presentaron tasas mensuales negativas en relaci\u00f3n al mes anterior, destacando las peque\u00f1as cadenas, con un descenso del 1,8%.<\/p>\n<span class='bctt-click-to-tweet'><span class='bctt-ctt-text'><a href='https:\/\/twitter.com\/intent\/tweet?url=https%3A%2F%2Fconversesacatalunya.cat%2Fes%2Frecord-historico-en-el-sector-minorista%2F&#038;text=El%20indicador%20encadena%20as%C3%AD%20dos%20meses%20consecutivos%20de%20subidas%20tras%20un%20a%C3%B1o%20de%20descensos%20interanuales%20por%20el%20impacto%20de%20la%20pandemia&#038;via=conversesacat&#038;related=conversesacat' target='_blank'rel=\"noopener noreferrer\">El indicador encadena as\u00ed dos meses consecutivos de subidas tras un a\u00f1o de descensos interanuales por el impacto de la pandemia <\/a><\/span><a href='https:\/\/twitter.com\/intent\/tweet?url=https%3A%2F%2Fconversesacatalunya.cat%2Fes%2Frecord-historico-en-el-sector-minorista%2F&#038;text=El%20indicador%20encadena%20as%C3%AD%20dos%20meses%20consecutivos%20de%20subidas%20tras%20un%20a%C3%B1o%20de%20descensos%20interanuales%20por%20el%20impacto%20de%20la%20pandemia&#038;via=conversesacat&#038;related=conversesacat' target='_blank' class='bctt-ctt-btn'rel=\"noopener noreferrer\">Compartir en X<\/a><\/span>\n<div id=\"polls-105\" class=\"wp-polls\">\n\t<form id=\"polls_form_105\" class=\"wp-polls-form\" action=\"\/index.php\" method=\"post\">\n\t\t<p style=\"display: none;\"><input type=\"hidden\" id=\"poll_105_nonce\" name=\"wp-polls-nonce\" value=\"a1f3bcebd5\" \/><\/p>\n\t\t<p style=\"display: none;\"><input type=\"hidden\" name=\"poll_id\" value=\"105\" \/><\/p>\n\t\t<p style=\"text-align: center\"><strong>Com valores el nou Govern de la Generalitat?<\/strong><\/p><div id=\"polls-105-ans\" class=\"wp-polls-ans\"><ul class=\"wp-polls-ul\">\n\t\t<li><input type=\"radio\" id=\"poll-answer-247\" name=\"poll_105\" value=\"247\" \/> <label for=\"poll-answer-247\">B\u00e9<\/label><\/li>\n\t\t<li><input type=\"radio\" id=\"poll-answer-248\" name=\"poll_105\" value=\"248\" \/> <label for=\"poll-answer-248\">Malament<\/label><\/li>\n\t\t<li><input type=\"radio\" id=\"poll-answer-249\" name=\"poll_105\" value=\"249\" \/> <label for=\"poll-answer-249\">Cal esperar<\/label><\/li>\n\t\t<\/ul><p style=\"text-align: center\"><input type=\"button\" name=\"vote\" value=\"   Vota   \" class=\"Buttons\" onclick=\"poll_vote(105);\" \/><\/p><p style=\"text-align: center\"><a href=\"#ViewPollResults\" onclick=\"poll_result(105); return false;\" title=\"View Results Of This Poll\">Mira els resultats<\/a><\/p><\/div>\n\t<\/form>\n<\/div>\n<div id=\"polls-105-loading\" class=\"wp-polls-loading\"><img decoding=\"async\" data-src=\"https:\/\/conversesacatalunya.cat\/wp-content\/plugins\/wp-polls\/images\/loading.gif\" width=\"16\" height=\"16\" alt=\"Cargando ...\" title=\"Cargando ...\" class=\"wp-polls-image lazyload\" src=\"data:image\/svg+xml;base64,PHN2ZyB3aWR0aD0iMSIgaGVpZ2h0PSIxIiB4bWxucz0iaHR0cDovL3d3dy53My5vcmcvMjAwMC9zdmciPjwvc3ZnPg==\" style=\"--smush-placeholder-width: 16px; --smush-placeholder-aspect-ratio: 16\/16;\" \/>&nbsp;Cargando ...<\/div>\n\n","protected":false},"excerpt":{"rendered":"<p>Los \u00faltimos datos del Instituto Nacional de Estad\u00edstica (INE) muestran un fuerte ascenso de las ventas del sector minorista, sensiblemente m\u00e1s alto que el del a\u00f1o pasado. Las ventas del comercio minorista, corregidos los efectos estacionales y de calendario, registraron un aumento hist\u00f3rico del 41% en abril respecto al mismo mes de 2020, marcado por la par\u00e1lisis total de la actividad y el confinamiento domiliciario. El dato es 26,7 puntos mayor que la tasa del mes anterior, seg\u00fan inform\u00f3 este viernes el Instituto Nacional de Estad\u00edstica (INE). El indicador encadena as\u00ed dos meses consecutivos de subidas tras un a\u00f1o de descensos interanuales por el impacto de la pandemia. En la serie original, la subida fue del 38,5%, 20,4 puntos mas que el mes precedente. En concreto, las ventas de alimentos en el sector minorista han descendido un 2,2% en abril de este a\u00f1o en comparaci\u00f3n con el mismo mes de 2020, mientras que las del resto de productos se han disparado un 102,9%, especialmente las del equipo personal (+327,1%) y equipo del hogar (+165%). En t\u00e9rminos mensuales, y en datos corregidos de efectos estacionales y de calendario, el comercio minorista factur\u00f3 un 0,4% menos en abril respecto al mes anterior, tasa 3,1 puntos inferior a la del mes anterior. En cuanto a las ventas por medio de internet, que llevaban ocho meses creciendo a tasas superiores al 30 %, en abril solo se incrementaron un 10,5% en tasa interanual, lo que supone el dato m\u00e1s bajo desde enero de 2020, en tanto que el empleo qued\u00f3 plano tras trece meses consecutivos de descensos. El \u00edndice general sin incluir estaciones de servicio y corregido de efectos estacionales y de calendario registra una variaci\u00f3n anual positiva del 37,2% en abril. Si desglosamos estas ventas por tipo de producto, Alimentaci\u00f3n sube un 0,3% y Resto un 107,2%. Las ventas suben en tasa anual en todas las comunidades aut\u00f3nomas en abril. Comunidad de Madrid (+48,6%), Islas Baleares (+42,4%) y Andaluc\u00eda (+40,6%) registran los mayores aumentos. Por su parte, Extremadura (+25,3%), Comunidad Foral de Navarra (+28,1%) y Castilla-La Mancha (+31,0%) presentan los menores incrementos. En t\u00e9rminos mensuales, y en datos corregidos de efectos estacionales y de calendario, el comercio minorista factur\u00f3 un 0,4% menos en abril respecto al mes anterior, tasa 3,1 puntos inferior a la del mes anterior. El descenso mensual del cuarto mes del a\u00f1o fue resultado, sobre todo, del descenso de las ventas en los productos no alimenticios, especialmente de equipo personal (-1,5%), seguido de los otros bienes (-0,7%) y del equipo del hogar (-0,4%). Por su parte, la facturaci\u00f3n de productos de alimentaci\u00f3n cay\u00f3 un 0,2%, mientras que las ventas de las estaciones de servicio lo hicieron en un 1,6%. Todos los modos de distribuci\u00f3n presentaron tasas mensuales negativas en relaci\u00f3n al mes anterior, destacando las peque\u00f1as cadenas, con un descenso del 1,8%.<\/p>\n","protected":false},"author":20,"featured_media":48571,"comment_status":"open","ping_status":"open","sticky":false,"template":"","format":"standard","meta":{"_FSMCFIC_featured_image_caption":"","_FSMCFIC_featured_image_nocaption":"","_FSMCFIC_featured_image_hide":"","footnotes":""},"categories":[1772,806],"tags":[998,3006],"class_list":["post-48596","post","type-post","status-publish","format-standard","has-post-thumbnail","hentry","category-especial-coronavirus-es","category-punts-claus-del-dia-es","tag-comercio","tag-crisis-coronavirus"],"yoast_head":"<!-- This site is optimized with the Yoast SEO plugin v26.8 - https:\/\/yoast.com\/product\/yoast-seo-wordpress\/ -->\n<title>R\u00e9cord hist\u00f3rico en el sector minorista - Converses a Catalunya<\/title>\n<meta name=\"description\" content=\"El INE ha registrado un fuerte ascenso de las ventas del sector minorista. Las comunidades aut\u00f3nomas con el mayor incremento\" \/>\n<meta name=\"robots\" content=\"index, follow, max-snippet:-1, max-image-preview:large, max-video-preview:-1\" \/>\n<link rel=\"canonical\" href=\"https:\/\/conversesacatalunya.cat\/es\/record-historico-en-el-sector-minorista\/\" \/>\n<meta property=\"og:locale\" content=\"es_ES\" \/>\n<meta property=\"og:type\" content=\"article\" \/>\n<meta property=\"og:title\" content=\"R\u00e9cord hist\u00f3rico en el sector minorista - Converses a Catalunya\" \/>\n<meta property=\"og:description\" content=\"El INE ha registrado un fuerte ascenso de las ventas del sector minorista. Las comunidades aut\u00f3nomas con el mayor incremento\" \/>\n<meta property=\"og:url\" content=\"https:\/\/conversesacatalunya.cat\/es\/record-historico-en-el-sector-minorista\/\" \/>\n<meta property=\"og:site_name\" content=\"Converses a Catalunya\" \/>\n<meta property=\"article:published_time\" content=\"2021-06-01T06:41:45+00:00\" \/>\n<meta property=\"og:image\" content=\"https:\/\/conversesacatalunya.cat\/wp-content\/uploads\/2021\/05\/Capture-11.png\" \/>\n\t<meta property=\"og:image:width\" content=\"1014\" \/>\n\t<meta property=\"og:image:height\" content=\"699\" \/>\n\t<meta property=\"og:image:type\" content=\"image\/png\" \/>\n<meta name=\"author\" content=\"conversesacatalunya\" \/>\n<meta name=\"twitter:card\" content=\"summary_large_image\" \/>\n<meta name=\"twitter:label1\" content=\"Escrito por\" \/>\n\t<meta name=\"twitter:data1\" content=\"conversesacatalunya\" \/>\n\t<meta name=\"twitter:label2\" content=\"Tiempo de lectura\" \/>\n\t<meta name=\"twitter:data2\" content=\"3 minutos\" \/>\n<script type=\"application\/ld+json\" class=\"yoast-schema-graph\">{\"@context\":\"https:\/\/schema.org\",\"@graph\":[{\"@type\":\"Article\",\"@id\":\"https:\/\/conversesacatalunya.cat\/es\/record-historico-en-el-sector-minorista\/#article\",\"isPartOf\":{\"@id\":\"https:\/\/conversesacatalunya.cat\/es\/record-historico-en-el-sector-minorista\/\"},\"author\":{\"name\":\"conversesacatalunya\",\"@id\":\"https:\/\/conversesacatalunya.cat\/#\/schema\/person\/a7a9496a363cd9847daf7cd659d92e64\"},\"headline\":\"R\u00e9cord hist\u00f3rico en el sector minorista\",\"datePublished\":\"2021-06-01T06:41:45+00:00\",\"mainEntityOfPage\":{\"@id\":\"https:\/\/conversesacatalunya.cat\/es\/record-historico-en-el-sector-minorista\/\"},\"wordCount\":501,\"commentCount\":0,\"image\":{\"@id\":\"https:\/\/conversesacatalunya.cat\/es\/record-historico-en-el-sector-minorista\/#primaryimage\"},\"thumbnailUrl\":\"https:\/\/conversesacatalunya.cat\/wp-content\/uploads\/2021\/05\/Capture-11.png\",\"keywords\":[\"comercio\",\"crisis coronavirus\"],\"articleSection\":[\"Especial Coronavirus (ES)\",\"Punts clau del dia (ES)\"],\"inLanguage\":\"es\",\"potentialAction\":[{\"@type\":\"CommentAction\",\"name\":\"Comment\",\"target\":[\"https:\/\/conversesacatalunya.cat\/es\/record-historico-en-el-sector-minorista\/#respond\"]}]},{\"@type\":\"WebPage\",\"@id\":\"https:\/\/conversesacatalunya.cat\/es\/record-historico-en-el-sector-minorista\/\",\"url\":\"https:\/\/conversesacatalunya.cat\/es\/record-historico-en-el-sector-minorista\/\",\"name\":\"R\u00e9cord hist\u00f3rico en el sector minorista - Converses a Catalunya\",\"isPartOf\":{\"@id\":\"https:\/\/conversesacatalunya.cat\/#website\"},\"primaryImageOfPage\":{\"@id\":\"https:\/\/conversesacatalunya.cat\/es\/record-historico-en-el-sector-minorista\/#primaryimage\"},\"image\":{\"@id\":\"https:\/\/conversesacatalunya.cat\/es\/record-historico-en-el-sector-minorista\/#primaryimage\"},\"thumbnailUrl\":\"https:\/\/conversesacatalunya.cat\/wp-content\/uploads\/2021\/05\/Capture-11.png\",\"datePublished\":\"2021-06-01T06:41:45+00:00\",\"author\":{\"@id\":\"https:\/\/conversesacatalunya.cat\/#\/schema\/person\/a7a9496a363cd9847daf7cd659d92e64\"},\"description\":\"El INE ha registrado un fuerte ascenso de las ventas del sector minorista. Las comunidades aut\u00f3nomas con el mayor incremento\",\"breadcrumb\":{\"@id\":\"https:\/\/conversesacatalunya.cat\/es\/record-historico-en-el-sector-minorista\/#breadcrumb\"},\"inLanguage\":\"es\",\"potentialAction\":[{\"@type\":\"ReadAction\",\"target\":[\"https:\/\/conversesacatalunya.cat\/es\/record-historico-en-el-sector-minorista\/\"]}]},{\"@type\":\"ImageObject\",\"inLanguage\":\"es\",\"@id\":\"https:\/\/conversesacatalunya.cat\/es\/record-historico-en-el-sector-minorista\/#primaryimage\",\"url\":\"https:\/\/conversesacatalunya.cat\/wp-content\/uploads\/2021\/05\/Capture-11.png\",\"contentUrl\":\"https:\/\/conversesacatalunya.cat\/wp-content\/uploads\/2021\/05\/Capture-11.png\",\"width\":1014,\"height\":699,\"caption\":\"minorista\"},{\"@type\":\"BreadcrumbList\",\"@id\":\"https:\/\/conversesacatalunya.cat\/es\/record-historico-en-el-sector-minorista\/#breadcrumb\",\"itemListElement\":[{\"@type\":\"ListItem\",\"position\":1,\"name\":\"Inici\",\"item\":\"https:\/\/conversesacatalunya.cat\/es\/\"},{\"@type\":\"ListItem\",\"position\":2,\"name\":\"R\u00e9cord hist\u00f3rico en el sector minorista\"}]},{\"@type\":\"WebSite\",\"@id\":\"https:\/\/conversesacatalunya.cat\/#website\",\"url\":\"https:\/\/conversesacatalunya.cat\/\",\"name\":\"Converses a Catalunya\",\"description\":\"\",\"potentialAction\":[{\"@type\":\"SearchAction\",\"target\":{\"@type\":\"EntryPoint\",\"urlTemplate\":\"https:\/\/conversesacatalunya.cat\/?s={search_term_string}\"},\"query-input\":{\"@type\":\"PropertyValueSpecification\",\"valueRequired\":true,\"valueName\":\"search_term_string\"}}],\"inLanguage\":\"es\"},{\"@type\":\"Person\",\"@id\":\"https:\/\/conversesacatalunya.cat\/#\/schema\/person\/a7a9496a363cd9847daf7cd659d92e64\",\"name\":\"conversesacatalunya\",\"image\":{\"@type\":\"ImageObject\",\"inLanguage\":\"es\",\"@id\":\"https:\/\/conversesacatalunya.cat\/#\/schema\/person\/image\/\",\"url\":\"https:\/\/conversesacatalunya.cat\/wp-content\/litespeed\/avatar\/ff91582b44ff9c880dc9c5ac2f5c7e89.jpg?ver=1777372947\",\"contentUrl\":\"https:\/\/conversesacatalunya.cat\/wp-content\/litespeed\/avatar\/ff91582b44ff9c880dc9c5ac2f5c7e89.jpg?ver=1777372947\",\"caption\":\"conversesacatalunya\"},\"url\":\"https:\/\/conversesacatalunya.cat\/es\/author\/francisco_garcia\/\"}]}<\/script>\n<!-- \/ Yoast SEO plugin. -->","yoast_head_json":{"title":"R\u00e9cord hist\u00f3rico en el sector minorista - Converses a Catalunya","description":"El INE ha registrado un fuerte ascenso de las ventas del sector minorista. Las comunidades aut\u00f3nomas con el mayor incremento","robots":{"index":"index","follow":"follow","max-snippet":"max-snippet:-1","max-image-preview":"max-image-preview:large","max-video-preview":"max-video-preview:-1"},"canonical":"https:\/\/conversesacatalunya.cat\/es\/record-historico-en-el-sector-minorista\/","og_locale":"es_ES","og_type":"article","og_title":"R\u00e9cord hist\u00f3rico en el sector minorista - Converses a Catalunya","og_description":"El INE ha registrado un fuerte ascenso de las ventas del sector minorista. Las comunidades aut\u00f3nomas con el mayor incremento","og_url":"https:\/\/conversesacatalunya.cat\/es\/record-historico-en-el-sector-minorista\/","og_site_name":"Converses a Catalunya","article_published_time":"2021-06-01T06:41:45+00:00","og_image":[{"width":1014,"height":699,"url":"https:\/\/conversesacatalunya.cat\/wp-content\/uploads\/2021\/05\/Capture-11.png","type":"image\/png"}],"author":"conversesacatalunya","twitter_card":"summary_large_image","twitter_misc":{"Escrito por":"conversesacatalunya","Tiempo de lectura":"3 minutos"},"schema":{"@context":"https:\/\/schema.org","@graph":[{"@type":"Article","@id":"https:\/\/conversesacatalunya.cat\/es\/record-historico-en-el-sector-minorista\/#article","isPartOf":{"@id":"https:\/\/conversesacatalunya.cat\/es\/record-historico-en-el-sector-minorista\/"},"author":{"name":"conversesacatalunya","@id":"https:\/\/conversesacatalunya.cat\/#\/schema\/person\/a7a9496a363cd9847daf7cd659d92e64"},"headline":"R\u00e9cord hist\u00f3rico en el sector minorista","datePublished":"2021-06-01T06:41:45+00:00","mainEntityOfPage":{"@id":"https:\/\/conversesacatalunya.cat\/es\/record-historico-en-el-sector-minorista\/"},"wordCount":501,"commentCount":0,"image":{"@id":"https:\/\/conversesacatalunya.cat\/es\/record-historico-en-el-sector-minorista\/#primaryimage"},"thumbnailUrl":"https:\/\/conversesacatalunya.cat\/wp-content\/uploads\/2021\/05\/Capture-11.png","keywords":["comercio","crisis coronavirus"],"articleSection":["Especial Coronavirus (ES)","Punts clau del dia (ES)"],"inLanguage":"es","potentialAction":[{"@type":"CommentAction","name":"Comment","target":["https:\/\/conversesacatalunya.cat\/es\/record-historico-en-el-sector-minorista\/#respond"]}]},{"@type":"WebPage","@id":"https:\/\/conversesacatalunya.cat\/es\/record-historico-en-el-sector-minorista\/","url":"https:\/\/conversesacatalunya.cat\/es\/record-historico-en-el-sector-minorista\/","name":"R\u00e9cord hist\u00f3rico en el sector minorista - Converses a Catalunya","isPartOf":{"@id":"https:\/\/conversesacatalunya.cat\/#website"},"primaryImageOfPage":{"@id":"https:\/\/conversesacatalunya.cat\/es\/record-historico-en-el-sector-minorista\/#primaryimage"},"image":{"@id":"https:\/\/conversesacatalunya.cat\/es\/record-historico-en-el-sector-minorista\/#primaryimage"},"thumbnailUrl":"https:\/\/conversesacatalunya.cat\/wp-content\/uploads\/2021\/05\/Capture-11.png","datePublished":"2021-06-01T06:41:45+00:00","author":{"@id":"https:\/\/conversesacatalunya.cat\/#\/schema\/person\/a7a9496a363cd9847daf7cd659d92e64"},"description":"El INE ha registrado un fuerte ascenso de las ventas del sector minorista. Las comunidades aut\u00f3nomas con el mayor incremento","breadcrumb":{"@id":"https:\/\/conversesacatalunya.cat\/es\/record-historico-en-el-sector-minorista\/#breadcrumb"},"inLanguage":"es","potentialAction":[{"@type":"ReadAction","target":["https:\/\/conversesacatalunya.cat\/es\/record-historico-en-el-sector-minorista\/"]}]},{"@type":"ImageObject","inLanguage":"es","@id":"https:\/\/conversesacatalunya.cat\/es\/record-historico-en-el-sector-minorista\/#primaryimage","url":"https:\/\/conversesacatalunya.cat\/wp-content\/uploads\/2021\/05\/Capture-11.png","contentUrl":"https:\/\/conversesacatalunya.cat\/wp-content\/uploads\/2021\/05\/Capture-11.png","width":1014,"height":699,"caption":"minorista"},{"@type":"BreadcrumbList","@id":"https:\/\/conversesacatalunya.cat\/es\/record-historico-en-el-sector-minorista\/#breadcrumb","itemListElement":[{"@type":"ListItem","position":1,"name":"Inici","item":"https:\/\/conversesacatalunya.cat\/es\/"},{"@type":"ListItem","position":2,"name":"R\u00e9cord hist\u00f3rico en el sector minorista"}]},{"@type":"WebSite","@id":"https:\/\/conversesacatalunya.cat\/#website","url":"https:\/\/conversesacatalunya.cat\/","name":"Converses a Catalunya","description":"","potentialAction":[{"@type":"SearchAction","target":{"@type":"EntryPoint","urlTemplate":"https:\/\/conversesacatalunya.cat\/?s={search_term_string}"},"query-input":{"@type":"PropertyValueSpecification","valueRequired":true,"valueName":"search_term_string"}}],"inLanguage":"es"},{"@type":"Person","@id":"https:\/\/conversesacatalunya.cat\/#\/schema\/person\/a7a9496a363cd9847daf7cd659d92e64","name":"conversesacatalunya","image":{"@type":"ImageObject","inLanguage":"es","@id":"https:\/\/conversesacatalunya.cat\/#\/schema\/person\/image\/","url":"https:\/\/conversesacatalunya.cat\/wp-content\/litespeed\/avatar\/ff91582b44ff9c880dc9c5ac2f5c7e89.jpg?ver=1777372947","contentUrl":"https:\/\/conversesacatalunya.cat\/wp-content\/litespeed\/avatar\/ff91582b44ff9c880dc9c5ac2f5c7e89.jpg?ver=1777372947","caption":"conversesacatalunya"},"url":"https:\/\/conversesacatalunya.cat\/es\/author\/francisco_garcia\/"}]}},"wps_subtitle":"El INE ha registrado un fuerte ascenso de las ventas del sector minorista. Las comunidades aut\u00f3nomas con el mayor incremento han sido la Comunidad de Madrid, Islas Baleares y Andaluc\u00eda","_links":{"self":[{"href":"https:\/\/conversesacatalunya.cat\/es\/wp-json\/wp\/v2\/posts\/48596","targetHints":{"allow":["GET"]}}],"collection":[{"href":"https:\/\/conversesacatalunya.cat\/es\/wp-json\/wp\/v2\/posts"}],"about":[{"href":"https:\/\/conversesacatalunya.cat\/es\/wp-json\/wp\/v2\/types\/post"}],"author":[{"embeddable":true,"href":"https:\/\/conversesacatalunya.cat\/es\/wp-json\/wp\/v2\/users\/20"}],"replies":[{"embeddable":true,"href":"https:\/\/conversesacatalunya.cat\/es\/wp-json\/wp\/v2\/comments?post=48596"}],"version-history":[{"count":2,"href":"https:\/\/conversesacatalunya.cat\/es\/wp-json\/wp\/v2\/posts\/48596\/revisions"}],"predecessor-version":[{"id":48598,"href":"https:\/\/conversesacatalunya.cat\/es\/wp-json\/wp\/v2\/posts\/48596\/revisions\/48598"}],"wp:featuredmedia":[{"embeddable":true,"href":"https:\/\/conversesacatalunya.cat\/es\/wp-json\/wp\/v2\/media\/48571"}],"wp:attachment":[{"href":"https:\/\/conversesacatalunya.cat\/es\/wp-json\/wp\/v2\/media?parent=48596"}],"wp:term":[{"taxonomy":"category","embeddable":true,"href":"https:\/\/conversesacatalunya.cat\/es\/wp-json\/wp\/v2\/categories?post=48596"},{"taxonomy":"post_tag","embeddable":true,"href":"https:\/\/conversesacatalunya.cat\/es\/wp-json\/wp\/v2\/tags?post=48596"}],"curies":[{"name":"wp","href":"https:\/\/api.w.org\/{rel}","templated":true}]}}