{"id":48553,"date":"2021-05-28T13:06:38","date_gmt":"2021-05-28T11:06:38","guid":{"rendered":"https:\/\/conversesacatalunya.cat\/nou-govern-innovacio-banal-risc-de-ridicul\/"},"modified":"2021-05-28T13:47:50","modified_gmt":"2021-05-28T11:47:50","slug":"nuevo-gobierno-innovacion-banal-riesgo-de-ridiculo","status":"publish","type":"post","link":"https:\/\/conversesacatalunya.cat\/es\/nuevo-gobierno-innovacion-banal-riesgo-de-ridiculo\/","title":{"rendered":"Nuevo gobierno, innovaci\u00f3n banal, riesgo de rid\u00edculo"},"content":{"rendered":"<p><span><span class=\"\">El gobierno catal\u00e1n no ha empezado con buen pie.\u00a0<\/span>Y no se trata s\u00f3lo de grandes cuestiones pol\u00edticas, como las dificultades para la concesi\u00f3n de los indultos o el hecho de que el socio privado de ERC, la CUP, haya atacado ya el primer d\u00eda.\u00a0Hay m\u00e1s cuestiones que, si acaban expresando la visi\u00f3n que tiene Aragon\u00e8s de lo que es gobernar, no iremos bien. <\/span><strong><span>Son cuestiones simb\u00f3licas<\/span><\/strong><span>, pero los s\u00edmbolos tienen mucha importancia, m\u00e1s en el caso de Catalu\u00f1a, porque nuestra supervivencia como pueblo ha dependido de ellos en buena parte.<\/span><\/p>\n<p><span>Los medios de comunicaci\u00f3n han ido llenos de la cr\u00edtica al rid\u00edculo de c\u00f3mo fue cantado el himno nacional por <\/span><strong><span>Magal\u00ed Sare<\/span><\/strong><span>. Ni el tono, ni la letra con su impresentable Segadoras, cumpli\u00f3 con la debida consideraci\u00f3n con un s\u00edmbolo nacional tan preciado como el canto de <\/span><em><span>Els Segadors<\/span><\/em><span>. El rid\u00edculo viene del hecho adicional de <\/span><strong><span>que \u00absegadoras<\/span><\/strong><span>\u00bb designa, no a una mujer que hace la siega, sino a\u00a0<\/span><strong><span>las m\u00e1quinas que la llevan a cabo<\/span><\/strong><span>. Los comentarios han sido demoledores: Quim Monz\u00f3, Susana Cuadrado, Joan Llu\u00eds Bozzo, Salvador Mas, Edmon Colomer, y un largo etc\u00e9tera. Si esto es lo que Aragon\u00e8s entiende por un gobierno feminista, el fracaso est\u00e1 asegurado.<\/span><\/p>\n<p><span>Tampoco parece una gran idea que la foto del gobierno se haga en medio de la Plaza de Sant Jaume como si fuera una concentraci\u00f3n. <span class=\"goog-text-highlight\">Si el nuevo gobierno no tiene una expresi\u00f3n algo m\u00e1s formal, todo continuar\u00e1 similar al de hasta ahora, algo de andar por casa y no el gobierno de la naci\u00f3n. <\/span>Entre la\u00a0<\/span><strong><span>Barcelona cutre que est\u00e1 dise\u00f1ando Colau<\/span><\/strong><span>\u00a0y las\u00a0<\/span><strong><span>innovaciones banales con que ha comenzado Aragon\u00e8s<\/span><\/strong><span>, la v\u00eda institucional catalana expresa muy mal el rango que querr\u00edamos para nuestro pa\u00eds.<\/span><\/p>\n<p><span class=\"goog-text-highlight\">Y tambi\u00e9n en este comienzo inadecuado pesa la negativa a dar cumplimiento a las muchas peticiones que ha recibido para que rectificara las palabras de Rufi\u00e1n como portavoz de ERC en el Congreso, con las que ridiculizaba a los cat\u00f3licos. <\/span><span>Demasiados primeros pasos defectuosos para un presidente que no lo tiene nada f\u00e1cil.<\/span><\/p>\n<div id=\"polls-105\" class=\"wp-polls\">\n\t<form id=\"polls_form_105\" class=\"wp-polls-form\" action=\"\/index.php\" method=\"post\">\n\t\t<p style=\"display: none;\"><input type=\"hidden\" id=\"poll_105_nonce\" name=\"wp-polls-nonce\" value=\"edafdd6063\" \/><\/p>\n\t\t<p style=\"display: none;\"><input type=\"hidden\" name=\"poll_id\" value=\"105\" \/><\/p>\n\t\t<p style=\"text-align: center\"><strong>Com valores el nou Govern de la Generalitat?<\/strong><\/p><div id=\"polls-105-ans\" class=\"wp-polls-ans\"><ul class=\"wp-polls-ul\">\n\t\t<li><input type=\"radio\" id=\"poll-answer-247\" name=\"poll_105\" value=\"247\" \/> <label for=\"poll-answer-247\">B\u00e9<\/label><\/li>\n\t\t<li><input type=\"radio\" id=\"poll-answer-248\" name=\"poll_105\" value=\"248\" \/> <label for=\"poll-answer-248\">Malament<\/label><\/li>\n\t\t<li><input type=\"radio\" id=\"poll-answer-249\" name=\"poll_105\" value=\"249\" \/> <label for=\"poll-answer-249\">Cal esperar<\/label><\/li>\n\t\t<\/ul><p style=\"text-align: center\"><input type=\"button\" name=\"vote\" value=\"   Vota   \" class=\"Buttons\" onclick=\"poll_vote(105);\" \/><\/p><p style=\"text-align: center\"><a href=\"#ViewPollResults\" onclick=\"poll_result(105); return false;\" title=\"View Results Of This Poll\">Mira els resultats<\/a><\/p><\/div>\n\t<\/form>\n<\/div>\n<div id=\"polls-105-loading\" class=\"wp-polls-loading\"><img decoding=\"async\" data-src=\"https:\/\/conversesacatalunya.cat\/wp-content\/plugins\/wp-polls\/images\/loading.gif\" width=\"16\" height=\"16\" alt=\"Cargando ...\" title=\"Cargando ...\" class=\"wp-polls-image lazyload\" src=\"data:image\/svg+xml;base64,PHN2ZyB3aWR0aD0iMSIgaGVpZ2h0PSIxIiB4bWxucz0iaHR0cDovL3d3dy53My5vcmcvMjAwMC9zdmciPjwvc3ZnPg==\" style=\"--smush-placeholder-width: 16px; --smush-placeholder-aspect-ratio: 16\/16;\" \/>&nbsp;Cargando ...<\/div>\n\n","protected":false},"excerpt":{"rendered":"<p>El gobierno catal\u00e1n no ha empezado con buen pie.\u00a0Y no se trata s\u00f3lo de grandes cuestiones pol\u00edticas, como las dificultades para la concesi\u00f3n de los indultos o el hecho de que el socio privado de ERC, la CUP, haya atacado ya el primer d\u00eda.\u00a0Hay m\u00e1s cuestiones que, si acaban expresando la visi\u00f3n que tiene Aragon\u00e8s de lo que es gobernar, no iremos bien. Son cuestiones simb\u00f3licas, pero los s\u00edmbolos tienen mucha importancia, m\u00e1s en el caso de Catalu\u00f1a, porque nuestra supervivencia como pueblo ha dependido de ellos en buena parte. Los medios de comunicaci\u00f3n han ido llenos de la cr\u00edtica al rid\u00edculo de c\u00f3mo fue cantado el himno nacional por Magal\u00ed Sare. Ni el tono, ni la letra con su impresentable Segadoras, cumpli\u00f3 con la debida consideraci\u00f3n con un s\u00edmbolo nacional tan preciado como el canto de Els Segadors. El rid\u00edculo viene del hecho adicional de que \u00absegadoras\u00bb designa, no a una mujer que hace la siega, sino a\u00a0las m\u00e1quinas que la llevan a cabo. Los comentarios han sido demoledores: Quim Monz\u00f3, Susana Cuadrado, Joan Llu\u00eds Bozzo, Salvador Mas, Edmon Colomer, y un largo etc\u00e9tera. Si esto es lo que Aragon\u00e8s entiende por un gobierno feminista, el fracaso est\u00e1 asegurado. Tampoco parece una gran idea que la foto del gobierno se haga en medio de la Plaza de Sant Jaume como si fuera una concentraci\u00f3n. Si el nuevo gobierno no tiene una expresi\u00f3n algo m\u00e1s formal, todo continuar\u00e1 similar al de hasta ahora, algo de andar por casa y no el gobierno de la naci\u00f3n. Entre la\u00a0Barcelona cutre que est\u00e1 dise\u00f1ando Colau\u00a0y las\u00a0innovaciones banales con que ha comenzado Aragon\u00e8s, la v\u00eda institucional catalana expresa muy mal el rango que querr\u00edamos para nuestro pa\u00eds. Y tambi\u00e9n en este comienzo inadecuado pesa la negativa a dar cumplimiento a las muchas peticiones que ha recibido para que rectificara las palabras de Rufi\u00e1n como portavoz de ERC en el Congreso, con las que ridiculizaba a los cat\u00f3licos. Demasiados primeros pasos defectuosos para un presidente que no lo tiene nada f\u00e1cil.<\/p>\n","protected":false},"author":2,"featured_media":48538,"comment_status":"open","ping_status":"open","sticky":false,"template":"","format":"standard","meta":{"_FSMCFIC_featured_image_caption":"","_FSMCFIC_featured_image_nocaption":"","_FSMCFIC_featured_image_hide":"","footnotes":""},"categories":[806],"tags":[3614,1102],"class_list":["post-48553","post","type-post","status-publish","format-standard","has-post-thumbnail","hentry","category-punts-claus-del-dia-es","tag-nuevo-gobierno-generalitat","tag-pere-aragones-es"],"yoast_head":"<!-- This site is optimized with the Yoast SEO plugin v26.8 - https:\/\/yoast.com\/product\/yoast-seo-wordpress\/ -->\n<title>Nuevo gobierno, innovaci\u00f3n banal, riesgo de rid\u00edculo - Converses a Catalunya<\/title>\n<meta name=\"robots\" content=\"index, follow, max-snippet:-1, max-image-preview:large, max-video-preview:-1\" \/>\n<link rel=\"canonical\" href=\"https:\/\/conversesacatalunya.cat\/es\/nuevo-gobierno-innovacion-banal-riesgo-de-ridiculo\/\" \/>\n<meta property=\"og:locale\" content=\"es_ES\" \/>\n<meta property=\"og:type\" content=\"article\" \/>\n<meta property=\"og:title\" content=\"Nuevo gobierno, innovaci\u00f3n banal, riesgo de rid\u00edculo - Converses a Catalunya\" \/>\n<meta property=\"og:description\" content=\"El gobierno catal\u00e1n no ha empezado con buen pie.\u00a0Y no se trata s\u00f3lo de grandes cuestiones pol\u00edticas, como las dificultades para la concesi\u00f3n de los indultos o el hecho de que el socio privado de ERC, la CUP, haya atacado ya el primer d\u00eda.\u00a0Hay m\u00e1s cuestiones que, si acaban expresando la visi\u00f3n que tiene Aragon\u00e8s de lo que es gobernar, no iremos bien. Son cuestiones simb\u00f3licas, pero los s\u00edmbolos tienen mucha importancia, m\u00e1s en el caso de Catalu\u00f1a, porque nuestra supervivencia como pueblo ha dependido de ellos en buena parte. Los medios de comunicaci\u00f3n han ido llenos de la cr\u00edtica al rid\u00edculo de c\u00f3mo fue cantado el himno nacional por Magal\u00ed Sare. Ni el tono, ni la letra con su impresentable Segadoras, cumpli\u00f3 con la debida consideraci\u00f3n con un s\u00edmbolo nacional tan preciado como el canto de Els Segadors. El rid\u00edculo viene del hecho adicional de que \u00absegadoras\u00bb designa, no a una mujer que hace la siega, sino a\u00a0las m\u00e1quinas que la llevan a cabo. Los comentarios han sido demoledores: Quim Monz\u00f3, Susana Cuadrado, Joan Llu\u00eds Bozzo, Salvador Mas, Edmon Colomer, y un largo etc\u00e9tera. Si esto es lo que Aragon\u00e8s entiende por un gobierno feminista, el fracaso est\u00e1 asegurado. Tampoco parece una gran idea que la foto del gobierno se haga en medio de la Plaza de Sant Jaume como si fuera una concentraci\u00f3n. Si el nuevo gobierno no tiene una expresi\u00f3n algo m\u00e1s formal, todo continuar\u00e1 similar al de hasta ahora, algo de andar por casa y no el gobierno de la naci\u00f3n. Entre la\u00a0Barcelona cutre que est\u00e1 dise\u00f1ando Colau\u00a0y las\u00a0innovaciones banales con que ha comenzado Aragon\u00e8s, la v\u00eda institucional catalana expresa muy mal el rango que querr\u00edamos para nuestro pa\u00eds. Y tambi\u00e9n en este comienzo inadecuado pesa la negativa a dar cumplimiento a las muchas peticiones que ha recibido para que rectificara las palabras de Rufi\u00e1n como portavoz de ERC en el Congreso, con las que ridiculizaba a los cat\u00f3licos. Demasiados primeros pasos defectuosos para un presidente que no lo tiene nada f\u00e1cil.\" \/>\n<meta property=\"og:url\" content=\"https:\/\/conversesacatalunya.cat\/es\/nuevo-gobierno-innovacion-banal-riesgo-de-ridiculo\/\" \/>\n<meta property=\"og:site_name\" content=\"Converses a Catalunya\" \/>\n<meta property=\"article:published_time\" content=\"2021-05-28T11:06:38+00:00\" \/>\n<meta property=\"article:modified_time\" content=\"2021-05-28T11:47:50+00:00\" \/>\n<meta property=\"og:image\" content=\"https:\/\/conversesacatalunya.cat\/wp-content\/uploads\/2021\/05\/Pere-Aragones.jpg\" \/>\n\t<meta property=\"og:image:width\" content=\"828\" \/>\n\t<meta property=\"og:image:height\" content=\"466\" \/>\n\t<meta property=\"og:image:type\" content=\"image\/jpeg\" \/>\n<meta name=\"author\" content=\"conversesacatalunya\" \/>\n<meta name=\"twitter:card\" content=\"summary_large_image\" \/>\n<meta name=\"twitter:label1\" content=\"Escrito por\" \/>\n\t<meta name=\"twitter:data1\" content=\"conversesacatalunya\" \/>\n\t<meta name=\"twitter:label2\" content=\"Tiempo de lectura\" \/>\n\t<meta name=\"twitter:data2\" content=\"2 minutos\" \/>\n<script type=\"application\/ld+json\" class=\"yoast-schema-graph\">{\"@context\":\"https:\/\/schema.org\",\"@graph\":[{\"@type\":\"Article\",\"@id\":\"https:\/\/conversesacatalunya.cat\/es\/nuevo-gobierno-innovacion-banal-riesgo-de-ridiculo\/#article\",\"isPartOf\":{\"@id\":\"https:\/\/conversesacatalunya.cat\/es\/nuevo-gobierno-innovacion-banal-riesgo-de-ridiculo\/\"},\"author\":{\"name\":\"conversesacatalunya\",\"@id\":\"https:\/\/conversesacatalunya.cat\/#\/schema\/person\/7e24d1e54a2785373ddcb275eae5ed99\"},\"headline\":\"Nuevo gobierno, innovaci\u00f3n banal, riesgo de rid\u00edculo\",\"datePublished\":\"2021-05-28T11:06:38+00:00\",\"dateModified\":\"2021-05-28T11:47:50+00:00\",\"mainEntityOfPage\":{\"@id\":\"https:\/\/conversesacatalunya.cat\/es\/nuevo-gobierno-innovacion-banal-riesgo-de-ridiculo\/\"},\"wordCount\":389,\"commentCount\":0,\"image\":{\"@id\":\"https:\/\/conversesacatalunya.cat\/es\/nuevo-gobierno-innovacion-banal-riesgo-de-ridiculo\/#primaryimage\"},\"thumbnailUrl\":\"https:\/\/conversesacatalunya.cat\/wp-content\/uploads\/2021\/05\/Pere-Aragones.jpg\",\"keywords\":[\"Nuevo gobierno Generalitat\",\"Pere Aragon\u00e8s\"],\"articleSection\":[\"Punts clau del dia (ES)\"],\"inLanguage\":\"es\",\"potentialAction\":[{\"@type\":\"CommentAction\",\"name\":\"Comment\",\"target\":[\"https:\/\/conversesacatalunya.cat\/es\/nuevo-gobierno-innovacion-banal-riesgo-de-ridiculo\/#respond\"]}]},{\"@type\":\"WebPage\",\"@id\":\"https:\/\/conversesacatalunya.cat\/es\/nuevo-gobierno-innovacion-banal-riesgo-de-ridiculo\/\",\"url\":\"https:\/\/conversesacatalunya.cat\/es\/nuevo-gobierno-innovacion-banal-riesgo-de-ridiculo\/\",\"name\":\"Nuevo gobierno, innovaci\u00f3n banal, riesgo de rid\u00edculo - Converses a Catalunya\",\"isPartOf\":{\"@id\":\"https:\/\/conversesacatalunya.cat\/#website\"},\"primaryImageOfPage\":{\"@id\":\"https:\/\/conversesacatalunya.cat\/es\/nuevo-gobierno-innovacion-banal-riesgo-de-ridiculo\/#primaryimage\"},\"image\":{\"@id\":\"https:\/\/conversesacatalunya.cat\/es\/nuevo-gobierno-innovacion-banal-riesgo-de-ridiculo\/#primaryimage\"},\"thumbnailUrl\":\"https:\/\/conversesacatalunya.cat\/wp-content\/uploads\/2021\/05\/Pere-Aragones.jpg\",\"datePublished\":\"2021-05-28T11:06:38+00:00\",\"dateModified\":\"2021-05-28T11:47:50+00:00\",\"author\":{\"@id\":\"https:\/\/conversesacatalunya.cat\/#\/schema\/person\/7e24d1e54a2785373ddcb275eae5ed99\"},\"breadcrumb\":{\"@id\":\"https:\/\/conversesacatalunya.cat\/es\/nuevo-gobierno-innovacion-banal-riesgo-de-ridiculo\/#breadcrumb\"},\"inLanguage\":\"es\",\"potentialAction\":[{\"@type\":\"ReadAction\",\"target\":[\"https:\/\/conversesacatalunya.cat\/es\/nuevo-gobierno-innovacion-banal-riesgo-de-ridiculo\/\"]}]},{\"@type\":\"ImageObject\",\"inLanguage\":\"es\",\"@id\":\"https:\/\/conversesacatalunya.cat\/es\/nuevo-gobierno-innovacion-banal-riesgo-de-ridiculo\/#primaryimage\",\"url\":\"https:\/\/conversesacatalunya.cat\/wp-content\/uploads\/2021\/05\/Pere-Aragones.jpg\",\"contentUrl\":\"https:\/\/conversesacatalunya.cat\/wp-content\/uploads\/2021\/05\/Pere-Aragones.jpg\",\"width\":828,\"height\":466},{\"@type\":\"BreadcrumbList\",\"@id\":\"https:\/\/conversesacatalunya.cat\/es\/nuevo-gobierno-innovacion-banal-riesgo-de-ridiculo\/#breadcrumb\",\"itemListElement\":[{\"@type\":\"ListItem\",\"position\":1,\"name\":\"Inici\",\"item\":\"https:\/\/conversesacatalunya.cat\/es\/\"},{\"@type\":\"ListItem\",\"position\":2,\"name\":\"Nuevo gobierno, innovaci\u00f3n banal, riesgo de rid\u00edculo\"}]},{\"@type\":\"WebSite\",\"@id\":\"https:\/\/conversesacatalunya.cat\/#website\",\"url\":\"https:\/\/conversesacatalunya.cat\/\",\"name\":\"Converses a Catalunya\",\"description\":\"\",\"potentialAction\":[{\"@type\":\"SearchAction\",\"target\":{\"@type\":\"EntryPoint\",\"urlTemplate\":\"https:\/\/conversesacatalunya.cat\/?s={search_term_string}\"},\"query-input\":{\"@type\":\"PropertyValueSpecification\",\"valueRequired\":true,\"valueName\":\"search_term_string\"}}],\"inLanguage\":\"es\"},{\"@type\":\"Person\",\"@id\":\"https:\/\/conversesacatalunya.cat\/#\/schema\/person\/7e24d1e54a2785373ddcb275eae5ed99\",\"name\":\"conversesacatalunya\",\"image\":{\"@type\":\"ImageObject\",\"inLanguage\":\"es\",\"@id\":\"https:\/\/conversesacatalunya.cat\/#\/schema\/person\/image\/\",\"url\":\"https:\/\/conversesacatalunya.cat\/wp-content\/litespeed\/avatar\/febdfeeec89d950f01c748045a981dd2.jpg?ver=1777314535\",\"contentUrl\":\"https:\/\/conversesacatalunya.cat\/wp-content\/litespeed\/avatar\/febdfeeec89d950f01c748045a981dd2.jpg?ver=1777314535\",\"caption\":\"conversesacatalunya\"},\"url\":\"https:\/\/conversesacatalunya.cat\/es\/author\/carme_catala\/\"}]}<\/script>\n<!-- \/ Yoast SEO plugin. -->","yoast_head_json":{"title":"Nuevo gobierno, innovaci\u00f3n banal, riesgo de rid\u00edculo - Converses a Catalunya","robots":{"index":"index","follow":"follow","max-snippet":"max-snippet:-1","max-image-preview":"max-image-preview:large","max-video-preview":"max-video-preview:-1"},"canonical":"https:\/\/conversesacatalunya.cat\/es\/nuevo-gobierno-innovacion-banal-riesgo-de-ridiculo\/","og_locale":"es_ES","og_type":"article","og_title":"Nuevo gobierno, innovaci\u00f3n banal, riesgo de rid\u00edculo - Converses a Catalunya","og_description":"El gobierno catal\u00e1n no ha empezado con buen pie.\u00a0Y no se trata s\u00f3lo de grandes cuestiones pol\u00edticas, como las dificultades para la concesi\u00f3n de los indultos o el hecho de que el socio privado de ERC, la CUP, haya atacado ya el primer d\u00eda.\u00a0Hay m\u00e1s cuestiones que, si acaban expresando la visi\u00f3n que tiene Aragon\u00e8s de lo que es gobernar, no iremos bien. Son cuestiones simb\u00f3licas, pero los s\u00edmbolos tienen mucha importancia, m\u00e1s en el caso de Catalu\u00f1a, porque nuestra supervivencia como pueblo ha dependido de ellos en buena parte. Los medios de comunicaci\u00f3n han ido llenos de la cr\u00edtica al rid\u00edculo de c\u00f3mo fue cantado el himno nacional por Magal\u00ed Sare. Ni el tono, ni la letra con su impresentable Segadoras, cumpli\u00f3 con la debida consideraci\u00f3n con un s\u00edmbolo nacional tan preciado como el canto de Els Segadors. El rid\u00edculo viene del hecho adicional de que \u00absegadoras\u00bb designa, no a una mujer que hace la siega, sino a\u00a0las m\u00e1quinas que la llevan a cabo. Los comentarios han sido demoledores: Quim Monz\u00f3, Susana Cuadrado, Joan Llu\u00eds Bozzo, Salvador Mas, Edmon Colomer, y un largo etc\u00e9tera. Si esto es lo que Aragon\u00e8s entiende por un gobierno feminista, el fracaso est\u00e1 asegurado. Tampoco parece una gran idea que la foto del gobierno se haga en medio de la Plaza de Sant Jaume como si fuera una concentraci\u00f3n. Si el nuevo gobierno no tiene una expresi\u00f3n algo m\u00e1s formal, todo continuar\u00e1 similar al de hasta ahora, algo de andar por casa y no el gobierno de la naci\u00f3n. Entre la\u00a0Barcelona cutre que est\u00e1 dise\u00f1ando Colau\u00a0y las\u00a0innovaciones banales con que ha comenzado Aragon\u00e8s, la v\u00eda institucional catalana expresa muy mal el rango que querr\u00edamos para nuestro pa\u00eds. Y tambi\u00e9n en este comienzo inadecuado pesa la negativa a dar cumplimiento a las muchas peticiones que ha recibido para que rectificara las palabras de Rufi\u00e1n como portavoz de ERC en el Congreso, con las que ridiculizaba a los cat\u00f3licos. Demasiados primeros pasos defectuosos para un presidente que no lo tiene nada f\u00e1cil.","og_url":"https:\/\/conversesacatalunya.cat\/es\/nuevo-gobierno-innovacion-banal-riesgo-de-ridiculo\/","og_site_name":"Converses a Catalunya","article_published_time":"2021-05-28T11:06:38+00:00","article_modified_time":"2021-05-28T11:47:50+00:00","og_image":[{"width":828,"height":466,"url":"https:\/\/conversesacatalunya.cat\/wp-content\/uploads\/2021\/05\/Pere-Aragones.jpg","type":"image\/jpeg"}],"author":"conversesacatalunya","twitter_card":"summary_large_image","twitter_misc":{"Escrito por":"conversesacatalunya","Tiempo de lectura":"2 minutos"},"schema":{"@context":"https:\/\/schema.org","@graph":[{"@type":"Article","@id":"https:\/\/conversesacatalunya.cat\/es\/nuevo-gobierno-innovacion-banal-riesgo-de-ridiculo\/#article","isPartOf":{"@id":"https:\/\/conversesacatalunya.cat\/es\/nuevo-gobierno-innovacion-banal-riesgo-de-ridiculo\/"},"author":{"name":"conversesacatalunya","@id":"https:\/\/conversesacatalunya.cat\/#\/schema\/person\/7e24d1e54a2785373ddcb275eae5ed99"},"headline":"Nuevo gobierno, innovaci\u00f3n banal, riesgo de rid\u00edculo","datePublished":"2021-05-28T11:06:38+00:00","dateModified":"2021-05-28T11:47:50+00:00","mainEntityOfPage":{"@id":"https:\/\/conversesacatalunya.cat\/es\/nuevo-gobierno-innovacion-banal-riesgo-de-ridiculo\/"},"wordCount":389,"commentCount":0,"image":{"@id":"https:\/\/conversesacatalunya.cat\/es\/nuevo-gobierno-innovacion-banal-riesgo-de-ridiculo\/#primaryimage"},"thumbnailUrl":"https:\/\/conversesacatalunya.cat\/wp-content\/uploads\/2021\/05\/Pere-Aragones.jpg","keywords":["Nuevo gobierno Generalitat","Pere Aragon\u00e8s"],"articleSection":["Punts clau del dia (ES)"],"inLanguage":"es","potentialAction":[{"@type":"CommentAction","name":"Comment","target":["https:\/\/conversesacatalunya.cat\/es\/nuevo-gobierno-innovacion-banal-riesgo-de-ridiculo\/#respond"]}]},{"@type":"WebPage","@id":"https:\/\/conversesacatalunya.cat\/es\/nuevo-gobierno-innovacion-banal-riesgo-de-ridiculo\/","url":"https:\/\/conversesacatalunya.cat\/es\/nuevo-gobierno-innovacion-banal-riesgo-de-ridiculo\/","name":"Nuevo gobierno, innovaci\u00f3n banal, riesgo de rid\u00edculo - Converses a Catalunya","isPartOf":{"@id":"https:\/\/conversesacatalunya.cat\/#website"},"primaryImageOfPage":{"@id":"https:\/\/conversesacatalunya.cat\/es\/nuevo-gobierno-innovacion-banal-riesgo-de-ridiculo\/#primaryimage"},"image":{"@id":"https:\/\/conversesacatalunya.cat\/es\/nuevo-gobierno-innovacion-banal-riesgo-de-ridiculo\/#primaryimage"},"thumbnailUrl":"https:\/\/conversesacatalunya.cat\/wp-content\/uploads\/2021\/05\/Pere-Aragones.jpg","datePublished":"2021-05-28T11:06:38+00:00","dateModified":"2021-05-28T11:47:50+00:00","author":{"@id":"https:\/\/conversesacatalunya.cat\/#\/schema\/person\/7e24d1e54a2785373ddcb275eae5ed99"},"breadcrumb":{"@id":"https:\/\/conversesacatalunya.cat\/es\/nuevo-gobierno-innovacion-banal-riesgo-de-ridiculo\/#breadcrumb"},"inLanguage":"es","potentialAction":[{"@type":"ReadAction","target":["https:\/\/conversesacatalunya.cat\/es\/nuevo-gobierno-innovacion-banal-riesgo-de-ridiculo\/"]}]},{"@type":"ImageObject","inLanguage":"es","@id":"https:\/\/conversesacatalunya.cat\/es\/nuevo-gobierno-innovacion-banal-riesgo-de-ridiculo\/#primaryimage","url":"https:\/\/conversesacatalunya.cat\/wp-content\/uploads\/2021\/05\/Pere-Aragones.jpg","contentUrl":"https:\/\/conversesacatalunya.cat\/wp-content\/uploads\/2021\/05\/Pere-Aragones.jpg","width":828,"height":466},{"@type":"BreadcrumbList","@id":"https:\/\/conversesacatalunya.cat\/es\/nuevo-gobierno-innovacion-banal-riesgo-de-ridiculo\/#breadcrumb","itemListElement":[{"@type":"ListItem","position":1,"name":"Inici","item":"https:\/\/conversesacatalunya.cat\/es\/"},{"@type":"ListItem","position":2,"name":"Nuevo gobierno, innovaci\u00f3n banal, riesgo de rid\u00edculo"}]},{"@type":"WebSite","@id":"https:\/\/conversesacatalunya.cat\/#website","url":"https:\/\/conversesacatalunya.cat\/","name":"Converses a Catalunya","description":"","potentialAction":[{"@type":"SearchAction","target":{"@type":"EntryPoint","urlTemplate":"https:\/\/conversesacatalunya.cat\/?s={search_term_string}"},"query-input":{"@type":"PropertyValueSpecification","valueRequired":true,"valueName":"search_term_string"}}],"inLanguage":"es"},{"@type":"Person","@id":"https:\/\/conversesacatalunya.cat\/#\/schema\/person\/7e24d1e54a2785373ddcb275eae5ed99","name":"conversesacatalunya","image":{"@type":"ImageObject","inLanguage":"es","@id":"https:\/\/conversesacatalunya.cat\/#\/schema\/person\/image\/","url":"https:\/\/conversesacatalunya.cat\/wp-content\/litespeed\/avatar\/febdfeeec89d950f01c748045a981dd2.jpg?ver=1777314535","contentUrl":"https:\/\/conversesacatalunya.cat\/wp-content\/litespeed\/avatar\/febdfeeec89d950f01c748045a981dd2.jpg?ver=1777314535","caption":"conversesacatalunya"},"url":"https:\/\/conversesacatalunya.cat\/es\/author\/carme_catala\/"}]}},"wps_subtitle":"","_links":{"self":[{"href":"https:\/\/conversesacatalunya.cat\/es\/wp-json\/wp\/v2\/posts\/48553","targetHints":{"allow":["GET"]}}],"collection":[{"href":"https:\/\/conversesacatalunya.cat\/es\/wp-json\/wp\/v2\/posts"}],"about":[{"href":"https:\/\/conversesacatalunya.cat\/es\/wp-json\/wp\/v2\/types\/post"}],"author":[{"embeddable":true,"href":"https:\/\/conversesacatalunya.cat\/es\/wp-json\/wp\/v2\/users\/2"}],"replies":[{"embeddable":true,"href":"https:\/\/conversesacatalunya.cat\/es\/wp-json\/wp\/v2\/comments?post=48553"}],"version-history":[{"count":2,"href":"https:\/\/conversesacatalunya.cat\/es\/wp-json\/wp\/v2\/posts\/48553\/revisions"}],"predecessor-version":[{"id":48555,"href":"https:\/\/conversesacatalunya.cat\/es\/wp-json\/wp\/v2\/posts\/48553\/revisions\/48555"}],"wp:featuredmedia":[{"embeddable":true,"href":"https:\/\/conversesacatalunya.cat\/es\/wp-json\/wp\/v2\/media\/48538"}],"wp:attachment":[{"href":"https:\/\/conversesacatalunya.cat\/es\/wp-json\/wp\/v2\/media?parent=48553"}],"wp:term":[{"taxonomy":"category","embeddable":true,"href":"https:\/\/conversesacatalunya.cat\/es\/wp-json\/wp\/v2\/categories?post=48553"},{"taxonomy":"post_tag","embeddable":true,"href":"https:\/\/conversesacatalunya.cat\/es\/wp-json\/wp\/v2\/tags?post=48553"}],"curies":[{"name":"wp","href":"https:\/\/api.w.org\/{rel}","templated":true}]}}