{"id":48283,"date":"2021-05-20T13:00:57","date_gmt":"2021-05-20T11:00:57","guid":{"rendered":"https:\/\/conversesacatalunya.cat\/catalunya-masses-morts-per-a-tantes-restriccions\/"},"modified":"2021-05-20T16:07:40","modified_gmt":"2021-05-20T14:07:40","slug":"cataluna-demasiadas-muertes-por-tantas-restricciones","status":"publish","type":"post","link":"https:\/\/conversesacatalunya.cat\/es\/cataluna-demasiadas-muertes-por-tantas-restricciones\/","title":{"rendered":"Catalu\u00f1a, demasiadas muertes para tantas restricciones"},"content":{"rendered":"<p><span class=\"goog-text-highlight\">Catalu\u00f1a se sit\u00faa en el puesto 11 entre las 17 CCAA (descontados por tanto las ciudades de Ceuta y Melilla), con respecto al n\u00famero de muertes por Covid-19. <\/span>Es una posici\u00f3n mediocre tirando a mala, sobre todo despu\u00e9s de las restricciones que hemos estado manteniendo.\u00a0La tabla adjunta establece la clasificaci\u00f3n de acuerdo con el n\u00famero de muertes por cada 1.000 habitantes, y lo divide en 4 grupos:<\/p>\n<p><img fetchpriority=\"high\" decoding=\"async\" class=\"aligncenter wp-image-48262 size-us_600_600_crop\" src=\"https:\/\/conversesacatalunya.cat\/wp-content\/uploads\/2021\/05\/morts-2-356x600.jpg\" alt=\"\" width=\"356\" height=\"600\" \/><\/p>\n<p><span class=\"goog-text-highlight\">El primer grupo est\u00e1 formado por aquellas comunidades que han obtenido unos resultados francamente buenos porque se sit\u00faan por debajo de 1 muerto por cada 1.000 habitantes y en el que destaca <\/span><strong><span class=\"goog-text-highlight\">Canarias<\/span><\/strong><span class=\"goog-text-highlight\">.<\/span><\/p>\n<p>El segundo bloque son aquellos territorios donde no se alcanza la cifra de 1,5 muertes por mil habitantes.\u00a0Podr\u00edamos decir que este es el l\u00edmite de lo que se podr\u00eda considerar un resultado m\u00e1s o menos eficiente.<\/p>\n<p>Por debajo tenemos a las autonom\u00edas que se sit\u00faan por encima de 1,5 y no superan los 2 muertos por 1.000 habitantes, en el que se sit\u00faa <strong>Catalu\u00f1a<\/strong>\u00a0en una posici\u00f3n muy a la cola.<\/p>\n<p>Y por \u00faltimo, las comunidades que han obtenido peores resultados, entre las que destaca <strong>Castilla-La Mancha<\/strong>.<\/p>\n<p>Es patente que existe una diferencia clara entre Catalu\u00f1a y Madrid, y que, por tanto, nuestro resultado es mejor, pero lo que no est\u00e1 nada claro es que la diferencia de mortalidad guarde proporci\u00f3n con la gran distancia que hay entre los dos territorios con respecto al r\u00e9gimen de restricciones.<\/p>\n<p><span class=\"goog-text-highlight\">Catalu\u00f1a debe revisar con urgencia su\u00a0<\/span><strong><span class=\"goog-text-highlight\">sistema de prevenci\u00f3n y control de enfermedades infecciosas<\/span><\/strong><span class=\"goog-text-highlight\"> porque es en este punto donde radica una cierta dimensi\u00f3n del fracaso. <\/span>Y mientras esto no se resuelva, las restricciones sirven para atenuar el problema, pero no para resolverlo si todo tiene como consecuencia castigar a la econom\u00eda, provocando una herida social de otra \u00edndole.<\/p>\n<div id=\"polls-104\" class=\"wp-polls\">\n\t<form id=\"polls_form_104\" class=\"wp-polls-form\" action=\"\/index.php\" method=\"post\">\n\t\t<p style=\"display: none;\"><input type=\"hidden\" id=\"poll_104_nonce\" name=\"wp-polls-nonce\" value=\"72a9c58741\" \/><\/p>\n\t\t<p style=\"display: none;\"><input type=\"hidden\" name=\"poll_id\" value=\"104\" \/><\/p>\n\t\t<p style=\"text-align: center\"><strong>Creieu que el Govern d'ERC i Junts per Catalunya durar\u00e0 tota la legislatura?<\/strong><\/p><div id=\"polls-104-ans\" class=\"wp-polls-ans\"><ul class=\"wp-polls-ul\">\n\t\t<li><input type=\"radio\" id=\"poll-answer-244\" name=\"poll_104\" value=\"244\" \/> <label for=\"poll-answer-244\">Si<\/label><\/li>\n\t\t<li><input type=\"radio\" id=\"poll-answer-245\" name=\"poll_104\" value=\"245\" \/> <label for=\"poll-answer-245\">No<\/label><\/li>\n\t\t<li><input type=\"radio\" id=\"poll-answer-246\" name=\"poll_104\" value=\"246\" \/> <label for=\"poll-answer-246\">No ho s\u00e9<\/label><\/li>\n\t\t<\/ul><p style=\"text-align: center\"><input type=\"button\" name=\"vote\" value=\"   Vota   \" class=\"Buttons\" onclick=\"poll_vote(104);\" \/><\/p><p style=\"text-align: center\"><a href=\"#ViewPollResults\" onclick=\"poll_result(104); return false;\" title=\"View Results Of This Poll\">Mira els resultats<\/a><\/p><\/div>\n\t<\/form>\n<\/div>\n<div id=\"polls-104-loading\" class=\"wp-polls-loading\"><img decoding=\"async\" data-src=\"https:\/\/conversesacatalunya.cat\/wp-content\/plugins\/wp-polls\/images\/loading.gif\" width=\"16\" height=\"16\" alt=\"Cargando ...\" title=\"Cargando ...\" class=\"wp-polls-image lazyload\" src=\"data:image\/svg+xml;base64,PHN2ZyB3aWR0aD0iMSIgaGVpZ2h0PSIxIiB4bWxucz0iaHR0cDovL3d3dy53My5vcmcvMjAwMC9zdmciPjwvc3ZnPg==\" style=\"--smush-placeholder-width: 16px; --smush-placeholder-aspect-ratio: 16\/16;\" \/>&nbsp;Cargando ...<\/div>\n\n","protected":false},"excerpt":{"rendered":"<p>Catalu\u00f1a se sit\u00faa en el puesto 11 entre las 17 CCAA (descontados por tanto las ciudades de Ceuta y Melilla), con respecto al n\u00famero de muertes por Covid-19. Es una posici\u00f3n mediocre tirando a mala, sobre todo despu\u00e9s de las restricciones que hemos estado manteniendo.\u00a0La tabla adjunta establece la clasificaci\u00f3n de acuerdo con el n\u00famero de muertes por cada 1.000 habitantes, y lo divide en 4 grupos: El primer grupo est\u00e1 formado por aquellas comunidades que han obtenido unos resultados francamente buenos porque se sit\u00faan por debajo de 1 muerto por cada 1.000 habitantes y en el que destaca Canarias. El segundo bloque son aquellos territorios donde no se alcanza la cifra de 1,5 muertes por mil habitantes.\u00a0Podr\u00edamos decir que este es el l\u00edmite de lo que se podr\u00eda considerar un resultado m\u00e1s o menos eficiente. Por debajo tenemos a las autonom\u00edas que se sit\u00faan por encima de 1,5 y no superan los 2 muertos por 1.000 habitantes, en el que se sit\u00faa Catalu\u00f1a\u00a0en una posici\u00f3n muy a la cola. Y por \u00faltimo, las comunidades que han obtenido peores resultados, entre las que destaca Castilla-La Mancha. Es patente que existe una diferencia clara entre Catalu\u00f1a y Madrid, y que, por tanto, nuestro resultado es mejor, pero lo que no est\u00e1 nada claro es que la diferencia de mortalidad guarde proporci\u00f3n con la gran distancia que hay entre los dos territorios con respecto al r\u00e9gimen de restricciones. Catalu\u00f1a debe revisar con urgencia su\u00a0sistema de prevenci\u00f3n y control de enfermedades infecciosas porque es en este punto donde radica una cierta dimensi\u00f3n del fracaso. Y mientras esto no se resuelva, las restricciones sirven para atenuar el problema, pero no para resolverlo si todo tiene como consecuencia castigar a la econom\u00eda, provocando una herida social de otra \u00edndole.<\/p>\n","protected":false},"author":2,"featured_media":48265,"comment_status":"open","ping_status":"open","sticky":false,"template":"","format":"standard","meta":{"_FSMCFIC_featured_image_caption":"","_FSMCFIC_featured_image_nocaption":"","_FSMCFIC_featured_image_hide":"","footnotes":""},"categories":[1772,806],"tags":[2246],"class_list":["post-48283","post","type-post","status-publish","format-standard","has-post-thumbnail","hentry","category-especial-coronavirus-es","category-punts-claus-del-dia-es","tag-muertes-por-coronavirus"],"yoast_head":"<!-- This site is optimized with the Yoast SEO plugin v26.8 - https:\/\/yoast.com\/product\/yoast-seo-wordpress\/ -->\n<title>Catalu\u00f1a, demasiadas muertes para tantas restricciones - Converses a Catalunya<\/title>\n<meta name=\"robots\" content=\"index, follow, max-snippet:-1, max-image-preview:large, max-video-preview:-1\" \/>\n<link rel=\"canonical\" href=\"https:\/\/conversesacatalunya.cat\/es\/cataluna-demasiadas-muertes-por-tantas-restricciones\/\" \/>\n<meta property=\"og:locale\" content=\"es_ES\" \/>\n<meta property=\"og:type\" content=\"article\" \/>\n<meta property=\"og:title\" content=\"Catalu\u00f1a, demasiadas muertes para tantas restricciones - Converses a Catalunya\" \/>\n<meta property=\"og:description\" content=\"Catalu\u00f1a se sit\u00faa en el puesto 11 entre las 17 CCAA (descontados por tanto las ciudades de Ceuta y Melilla), con respecto al n\u00famero de muertes por Covid-19. Es una posici\u00f3n mediocre tirando a mala, sobre todo despu\u00e9s de las restricciones que hemos estado manteniendo.\u00a0La tabla adjunta establece la clasificaci\u00f3n de acuerdo con el n\u00famero de muertes por cada 1.000 habitantes, y lo divide en 4 grupos: El primer grupo est\u00e1 formado por aquellas comunidades que han obtenido unos resultados francamente buenos porque se sit\u00faan por debajo de 1 muerto por cada 1.000 habitantes y en el que destaca Canarias. El segundo bloque son aquellos territorios donde no se alcanza la cifra de 1,5 muertes por mil habitantes.\u00a0Podr\u00edamos decir que este es el l\u00edmite de lo que se podr\u00eda considerar un resultado m\u00e1s o menos eficiente. Por debajo tenemos a las autonom\u00edas que se sit\u00faan por encima de 1,5 y no superan los 2 muertos por 1.000 habitantes, en el que se sit\u00faa Catalu\u00f1a\u00a0en una posici\u00f3n muy a la cola. Y por \u00faltimo, las comunidades que han obtenido peores resultados, entre las que destaca Castilla-La Mancha. Es patente que existe una diferencia clara entre Catalu\u00f1a y Madrid, y que, por tanto, nuestro resultado es mejor, pero lo que no est\u00e1 nada claro es que la diferencia de mortalidad guarde proporci\u00f3n con la gran distancia que hay entre los dos territorios con respecto al r\u00e9gimen de restricciones. Catalu\u00f1a debe revisar con urgencia su\u00a0sistema de prevenci\u00f3n y control de enfermedades infecciosas porque es en este punto donde radica una cierta dimensi\u00f3n del fracaso. Y mientras esto no se resuelva, las restricciones sirven para atenuar el problema, pero no para resolverlo si todo tiene como consecuencia castigar a la econom\u00eda, provocando una herida social de otra \u00edndole.\" \/>\n<meta property=\"og:url\" content=\"https:\/\/conversesacatalunya.cat\/es\/cataluna-demasiadas-muertes-por-tantas-restricciones\/\" \/>\n<meta property=\"og:site_name\" content=\"Converses a Catalunya\" \/>\n<meta property=\"article:published_time\" content=\"2021-05-20T11:00:57+00:00\" \/>\n<meta property=\"article:modified_time\" content=\"2021-05-20T14:07:40+00:00\" \/>\n<meta property=\"og:image\" content=\"https:\/\/conversesacatalunya.cat\/wp-content\/uploads\/2021\/05\/morts-coronavirus.jpg\" \/>\n\t<meta property=\"og:image:width\" content=\"550\" \/>\n\t<meta property=\"og:image:height\" content=\"366\" \/>\n\t<meta property=\"og:image:type\" content=\"image\/jpeg\" \/>\n<meta name=\"author\" content=\"conversesacatalunya\" \/>\n<meta name=\"twitter:card\" content=\"summary_large_image\" \/>\n<meta name=\"twitter:label1\" content=\"Escrito por\" \/>\n\t<meta name=\"twitter:data1\" content=\"conversesacatalunya\" \/>\n\t<meta name=\"twitter:label2\" content=\"Tiempo de lectura\" \/>\n\t<meta name=\"twitter:data2\" content=\"2 minutos\" \/>\n<script type=\"application\/ld+json\" class=\"yoast-schema-graph\">{\"@context\":\"https:\/\/schema.org\",\"@graph\":[{\"@type\":\"Article\",\"@id\":\"https:\/\/conversesacatalunya.cat\/es\/cataluna-demasiadas-muertes-por-tantas-restricciones\/#article\",\"isPartOf\":{\"@id\":\"https:\/\/conversesacatalunya.cat\/es\/cataluna-demasiadas-muertes-por-tantas-restricciones\/\"},\"author\":{\"name\":\"conversesacatalunya\",\"@id\":\"https:\/\/conversesacatalunya.cat\/#\/schema\/person\/7e24d1e54a2785373ddcb275eae5ed99\"},\"headline\":\"Catalu\u00f1a, demasiadas muertes para tantas restricciones\",\"datePublished\":\"2021-05-20T11:00:57+00:00\",\"dateModified\":\"2021-05-20T14:07:40+00:00\",\"mainEntityOfPage\":{\"@id\":\"https:\/\/conversesacatalunya.cat\/es\/cataluna-demasiadas-muertes-por-tantas-restricciones\/\"},\"wordCount\":321,\"commentCount\":0,\"image\":{\"@id\":\"https:\/\/conversesacatalunya.cat\/es\/cataluna-demasiadas-muertes-por-tantas-restricciones\/#primaryimage\"},\"thumbnailUrl\":\"https:\/\/conversesacatalunya.cat\/wp-content\/uploads\/2021\/05\/morts-coronavirus.jpg\",\"keywords\":[\"muertes por coronavirus\"],\"articleSection\":[\"Especial Coronavirus (ES)\",\"Punts clau del dia (ES)\"],\"inLanguage\":\"es\",\"potentialAction\":[{\"@type\":\"CommentAction\",\"name\":\"Comment\",\"target\":[\"https:\/\/conversesacatalunya.cat\/es\/cataluna-demasiadas-muertes-por-tantas-restricciones\/#respond\"]}]},{\"@type\":\"WebPage\",\"@id\":\"https:\/\/conversesacatalunya.cat\/es\/cataluna-demasiadas-muertes-por-tantas-restricciones\/\",\"url\":\"https:\/\/conversesacatalunya.cat\/es\/cataluna-demasiadas-muertes-por-tantas-restricciones\/\",\"name\":\"Catalu\u00f1a, demasiadas muertes para tantas restricciones - Converses a Catalunya\",\"isPartOf\":{\"@id\":\"https:\/\/conversesacatalunya.cat\/#website\"},\"primaryImageOfPage\":{\"@id\":\"https:\/\/conversesacatalunya.cat\/es\/cataluna-demasiadas-muertes-por-tantas-restricciones\/#primaryimage\"},\"image\":{\"@id\":\"https:\/\/conversesacatalunya.cat\/es\/cataluna-demasiadas-muertes-por-tantas-restricciones\/#primaryimage\"},\"thumbnailUrl\":\"https:\/\/conversesacatalunya.cat\/wp-content\/uploads\/2021\/05\/morts-coronavirus.jpg\",\"datePublished\":\"2021-05-20T11:00:57+00:00\",\"dateModified\":\"2021-05-20T14:07:40+00:00\",\"author\":{\"@id\":\"https:\/\/conversesacatalunya.cat\/#\/schema\/person\/7e24d1e54a2785373ddcb275eae5ed99\"},\"breadcrumb\":{\"@id\":\"https:\/\/conversesacatalunya.cat\/es\/cataluna-demasiadas-muertes-por-tantas-restricciones\/#breadcrumb\"},\"inLanguage\":\"es\",\"potentialAction\":[{\"@type\":\"ReadAction\",\"target\":[\"https:\/\/conversesacatalunya.cat\/es\/cataluna-demasiadas-muertes-por-tantas-restricciones\/\"]}]},{\"@type\":\"ImageObject\",\"inLanguage\":\"es\",\"@id\":\"https:\/\/conversesacatalunya.cat\/es\/cataluna-demasiadas-muertes-por-tantas-restricciones\/#primaryimage\",\"url\":\"https:\/\/conversesacatalunya.cat\/wp-content\/uploads\/2021\/05\/morts-coronavirus.jpg\",\"contentUrl\":\"https:\/\/conversesacatalunya.cat\/wp-content\/uploads\/2021\/05\/morts-coronavirus.jpg\",\"width\":550,\"height\":366},{\"@type\":\"BreadcrumbList\",\"@id\":\"https:\/\/conversesacatalunya.cat\/es\/cataluna-demasiadas-muertes-por-tantas-restricciones\/#breadcrumb\",\"itemListElement\":[{\"@type\":\"ListItem\",\"position\":1,\"name\":\"Inici\",\"item\":\"https:\/\/conversesacatalunya.cat\/es\/\"},{\"@type\":\"ListItem\",\"position\":2,\"name\":\"Catalu\u00f1a, demasiadas muertes para tantas restricciones\"}]},{\"@type\":\"WebSite\",\"@id\":\"https:\/\/conversesacatalunya.cat\/#website\",\"url\":\"https:\/\/conversesacatalunya.cat\/\",\"name\":\"Converses a Catalunya\",\"description\":\"\",\"potentialAction\":[{\"@type\":\"SearchAction\",\"target\":{\"@type\":\"EntryPoint\",\"urlTemplate\":\"https:\/\/conversesacatalunya.cat\/?s={search_term_string}\"},\"query-input\":{\"@type\":\"PropertyValueSpecification\",\"valueRequired\":true,\"valueName\":\"search_term_string\"}}],\"inLanguage\":\"es\"},{\"@type\":\"Person\",\"@id\":\"https:\/\/conversesacatalunya.cat\/#\/schema\/person\/7e24d1e54a2785373ddcb275eae5ed99\",\"name\":\"conversesacatalunya\",\"image\":{\"@type\":\"ImageObject\",\"inLanguage\":\"es\",\"@id\":\"https:\/\/conversesacatalunya.cat\/#\/schema\/person\/image\/\",\"url\":\"https:\/\/conversesacatalunya.cat\/wp-content\/litespeed\/avatar\/febdfeeec89d950f01c748045a981dd2.jpg?ver=1777314535\",\"contentUrl\":\"https:\/\/conversesacatalunya.cat\/wp-content\/litespeed\/avatar\/febdfeeec89d950f01c748045a981dd2.jpg?ver=1777314535\",\"caption\":\"conversesacatalunya\"},\"url\":\"https:\/\/conversesacatalunya.cat\/es\/author\/carme_catala\/\"}]}<\/script>\n<!-- \/ Yoast SEO plugin. -->","yoast_head_json":{"title":"Catalu\u00f1a, demasiadas muertes para tantas restricciones - Converses a Catalunya","robots":{"index":"index","follow":"follow","max-snippet":"max-snippet:-1","max-image-preview":"max-image-preview:large","max-video-preview":"max-video-preview:-1"},"canonical":"https:\/\/conversesacatalunya.cat\/es\/cataluna-demasiadas-muertes-por-tantas-restricciones\/","og_locale":"es_ES","og_type":"article","og_title":"Catalu\u00f1a, demasiadas muertes para tantas restricciones - Converses a Catalunya","og_description":"Catalu\u00f1a se sit\u00faa en el puesto 11 entre las 17 CCAA (descontados por tanto las ciudades de Ceuta y Melilla), con respecto al n\u00famero de muertes por Covid-19. Es una posici\u00f3n mediocre tirando a mala, sobre todo despu\u00e9s de las restricciones que hemos estado manteniendo.\u00a0La tabla adjunta establece la clasificaci\u00f3n de acuerdo con el n\u00famero de muertes por cada 1.000 habitantes, y lo divide en 4 grupos: El primer grupo est\u00e1 formado por aquellas comunidades que han obtenido unos resultados francamente buenos porque se sit\u00faan por debajo de 1 muerto por cada 1.000 habitantes y en el que destaca Canarias. El segundo bloque son aquellos territorios donde no se alcanza la cifra de 1,5 muertes por mil habitantes.\u00a0Podr\u00edamos decir que este es el l\u00edmite de lo que se podr\u00eda considerar un resultado m\u00e1s o menos eficiente. Por debajo tenemos a las autonom\u00edas que se sit\u00faan por encima de 1,5 y no superan los 2 muertos por 1.000 habitantes, en el que se sit\u00faa Catalu\u00f1a\u00a0en una posici\u00f3n muy a la cola. Y por \u00faltimo, las comunidades que han obtenido peores resultados, entre las que destaca Castilla-La Mancha. Es patente que existe una diferencia clara entre Catalu\u00f1a y Madrid, y que, por tanto, nuestro resultado es mejor, pero lo que no est\u00e1 nada claro es que la diferencia de mortalidad guarde proporci\u00f3n con la gran distancia que hay entre los dos territorios con respecto al r\u00e9gimen de restricciones. Catalu\u00f1a debe revisar con urgencia su\u00a0sistema de prevenci\u00f3n y control de enfermedades infecciosas porque es en este punto donde radica una cierta dimensi\u00f3n del fracaso. Y mientras esto no se resuelva, las restricciones sirven para atenuar el problema, pero no para resolverlo si todo tiene como consecuencia castigar a la econom\u00eda, provocando una herida social de otra \u00edndole.","og_url":"https:\/\/conversesacatalunya.cat\/es\/cataluna-demasiadas-muertes-por-tantas-restricciones\/","og_site_name":"Converses a Catalunya","article_published_time":"2021-05-20T11:00:57+00:00","article_modified_time":"2021-05-20T14:07:40+00:00","og_image":[{"width":550,"height":366,"url":"https:\/\/conversesacatalunya.cat\/wp-content\/uploads\/2021\/05\/morts-coronavirus.jpg","type":"image\/jpeg"}],"author":"conversesacatalunya","twitter_card":"summary_large_image","twitter_misc":{"Escrito por":"conversesacatalunya","Tiempo de lectura":"2 minutos"},"schema":{"@context":"https:\/\/schema.org","@graph":[{"@type":"Article","@id":"https:\/\/conversesacatalunya.cat\/es\/cataluna-demasiadas-muertes-por-tantas-restricciones\/#article","isPartOf":{"@id":"https:\/\/conversesacatalunya.cat\/es\/cataluna-demasiadas-muertes-por-tantas-restricciones\/"},"author":{"name":"conversesacatalunya","@id":"https:\/\/conversesacatalunya.cat\/#\/schema\/person\/7e24d1e54a2785373ddcb275eae5ed99"},"headline":"Catalu\u00f1a, demasiadas muertes para tantas restricciones","datePublished":"2021-05-20T11:00:57+00:00","dateModified":"2021-05-20T14:07:40+00:00","mainEntityOfPage":{"@id":"https:\/\/conversesacatalunya.cat\/es\/cataluna-demasiadas-muertes-por-tantas-restricciones\/"},"wordCount":321,"commentCount":0,"image":{"@id":"https:\/\/conversesacatalunya.cat\/es\/cataluna-demasiadas-muertes-por-tantas-restricciones\/#primaryimage"},"thumbnailUrl":"https:\/\/conversesacatalunya.cat\/wp-content\/uploads\/2021\/05\/morts-coronavirus.jpg","keywords":["muertes por coronavirus"],"articleSection":["Especial Coronavirus (ES)","Punts clau del dia (ES)"],"inLanguage":"es","potentialAction":[{"@type":"CommentAction","name":"Comment","target":["https:\/\/conversesacatalunya.cat\/es\/cataluna-demasiadas-muertes-por-tantas-restricciones\/#respond"]}]},{"@type":"WebPage","@id":"https:\/\/conversesacatalunya.cat\/es\/cataluna-demasiadas-muertes-por-tantas-restricciones\/","url":"https:\/\/conversesacatalunya.cat\/es\/cataluna-demasiadas-muertes-por-tantas-restricciones\/","name":"Catalu\u00f1a, demasiadas muertes para tantas restricciones - Converses a Catalunya","isPartOf":{"@id":"https:\/\/conversesacatalunya.cat\/#website"},"primaryImageOfPage":{"@id":"https:\/\/conversesacatalunya.cat\/es\/cataluna-demasiadas-muertes-por-tantas-restricciones\/#primaryimage"},"image":{"@id":"https:\/\/conversesacatalunya.cat\/es\/cataluna-demasiadas-muertes-por-tantas-restricciones\/#primaryimage"},"thumbnailUrl":"https:\/\/conversesacatalunya.cat\/wp-content\/uploads\/2021\/05\/morts-coronavirus.jpg","datePublished":"2021-05-20T11:00:57+00:00","dateModified":"2021-05-20T14:07:40+00:00","author":{"@id":"https:\/\/conversesacatalunya.cat\/#\/schema\/person\/7e24d1e54a2785373ddcb275eae5ed99"},"breadcrumb":{"@id":"https:\/\/conversesacatalunya.cat\/es\/cataluna-demasiadas-muertes-por-tantas-restricciones\/#breadcrumb"},"inLanguage":"es","potentialAction":[{"@type":"ReadAction","target":["https:\/\/conversesacatalunya.cat\/es\/cataluna-demasiadas-muertes-por-tantas-restricciones\/"]}]},{"@type":"ImageObject","inLanguage":"es","@id":"https:\/\/conversesacatalunya.cat\/es\/cataluna-demasiadas-muertes-por-tantas-restricciones\/#primaryimage","url":"https:\/\/conversesacatalunya.cat\/wp-content\/uploads\/2021\/05\/morts-coronavirus.jpg","contentUrl":"https:\/\/conversesacatalunya.cat\/wp-content\/uploads\/2021\/05\/morts-coronavirus.jpg","width":550,"height":366},{"@type":"BreadcrumbList","@id":"https:\/\/conversesacatalunya.cat\/es\/cataluna-demasiadas-muertes-por-tantas-restricciones\/#breadcrumb","itemListElement":[{"@type":"ListItem","position":1,"name":"Inici","item":"https:\/\/conversesacatalunya.cat\/es\/"},{"@type":"ListItem","position":2,"name":"Catalu\u00f1a, demasiadas muertes para tantas restricciones"}]},{"@type":"WebSite","@id":"https:\/\/conversesacatalunya.cat\/#website","url":"https:\/\/conversesacatalunya.cat\/","name":"Converses a Catalunya","description":"","potentialAction":[{"@type":"SearchAction","target":{"@type":"EntryPoint","urlTemplate":"https:\/\/conversesacatalunya.cat\/?s={search_term_string}"},"query-input":{"@type":"PropertyValueSpecification","valueRequired":true,"valueName":"search_term_string"}}],"inLanguage":"es"},{"@type":"Person","@id":"https:\/\/conversesacatalunya.cat\/#\/schema\/person\/7e24d1e54a2785373ddcb275eae5ed99","name":"conversesacatalunya","image":{"@type":"ImageObject","inLanguage":"es","@id":"https:\/\/conversesacatalunya.cat\/#\/schema\/person\/image\/","url":"https:\/\/conversesacatalunya.cat\/wp-content\/litespeed\/avatar\/febdfeeec89d950f01c748045a981dd2.jpg?ver=1777314535","contentUrl":"https:\/\/conversesacatalunya.cat\/wp-content\/litespeed\/avatar\/febdfeeec89d950f01c748045a981dd2.jpg?ver=1777314535","caption":"conversesacatalunya"},"url":"https:\/\/conversesacatalunya.cat\/es\/author\/carme_catala\/"}]}},"wps_subtitle":"","_links":{"self":[{"href":"https:\/\/conversesacatalunya.cat\/es\/wp-json\/wp\/v2\/posts\/48283","targetHints":{"allow":["GET"]}}],"collection":[{"href":"https:\/\/conversesacatalunya.cat\/es\/wp-json\/wp\/v2\/posts"}],"about":[{"href":"https:\/\/conversesacatalunya.cat\/es\/wp-json\/wp\/v2\/types\/post"}],"author":[{"embeddable":true,"href":"https:\/\/conversesacatalunya.cat\/es\/wp-json\/wp\/v2\/users\/2"}],"replies":[{"embeddable":true,"href":"https:\/\/conversesacatalunya.cat\/es\/wp-json\/wp\/v2\/comments?post=48283"}],"version-history":[{"count":3,"href":"https:\/\/conversesacatalunya.cat\/es\/wp-json\/wp\/v2\/posts\/48283\/revisions"}],"predecessor-version":[{"id":48286,"href":"https:\/\/conversesacatalunya.cat\/es\/wp-json\/wp\/v2\/posts\/48283\/revisions\/48286"}],"wp:featuredmedia":[{"embeddable":true,"href":"https:\/\/conversesacatalunya.cat\/es\/wp-json\/wp\/v2\/media\/48265"}],"wp:attachment":[{"href":"https:\/\/conversesacatalunya.cat\/es\/wp-json\/wp\/v2\/media?parent=48283"}],"wp:term":[{"taxonomy":"category","embeddable":true,"href":"https:\/\/conversesacatalunya.cat\/es\/wp-json\/wp\/v2\/categories?post=48283"},{"taxonomy":"post_tag","embeddable":true,"href":"https:\/\/conversesacatalunya.cat\/es\/wp-json\/wp\/v2\/tags?post=48283"}],"curies":[{"name":"wp","href":"https:\/\/api.w.org\/{rel}","templated":true}]}}