{"id":48198,"date":"2021-05-19T10:19:08","date_gmt":"2021-05-19T08:19:08","guid":{"rendered":"https:\/\/conversesacatalunya.cat\/el-deute-espanyol-arriba-limits-historics\/"},"modified":"2021-05-19T10:23:08","modified_gmt":"2021-05-19T08:23:08","slug":"la-deuda-espanola-alcanza-limites-historicos","status":"publish","type":"post","link":"https:\/\/conversesacatalunya.cat\/es\/la-deuda-espanola-alcanza-limites-historicos\/","title":{"rendered":"La deuda espa\u00f1ola alcanza l\u00edmites hist\u00f3ricos"},"content":{"rendered":"<p>La deuda espa\u00f1ola ha alcanzado l\u00edmites hist\u00f3ricos, llegando a los 1,39 billones de euros. Respecto al peso en el Producto Interior Bruto (PIB) <strong>representa un 125,3%<\/strong>. Desde el super\u00e1vit que se registr\u00f3 en 2007, Espa\u00f1a ha acumulado unos datos de d\u00e9ficit muy elevados, que apenas se corrigieron en los a\u00f1os de bonanza econ\u00f3mica y que incluso en 2019, con la econom\u00eda creciendo y antes de la pandemia del coronavirus, registr\u00f3 un sonrojante incremento que es la mejor muestra de esa incapacidad.<\/p>\n<p>La administraci\u00f3n central ha llevado el peso del crecimiento de esta pesada losa al pasar de una deuda del 88,6% en marzo de 2020 hasta el 107%, seg\u00fan el \u00faltimo dato publicado por el BdE. <strong>La deuda de las comunidades aut\u00f3nomas apenas ha crecido tres puntos hasta el 27%<\/strong>, mientras que la de la Seguridad Social se ha incrementado en otros tres hasta 7,6% (a esto hay que restarle la deuda en poder de otras administraciones p\u00fablicas).<\/p>\n<p>Este dr\u00e1stico aumento del <a href=\"https:\/\/www.forumlibertas.com\/la-economia-espanola-crecera-a-pesar-del-paro\/\" target=\"_blank\" rel=\"noopener\">endeudamiento estatal<\/a> se debe a que el Gobierno central ha sido el encargado de lanzar y financiar los grandes programas (ertes, moratorias de hipotecas, cr\u00e9ditos a empresas, prestaciones&#8230;) para combatir la crisis, aunque se haya delegado en las CCAA algunas competencias para asignar los fondos o implementar las medidas correspondientes. Adem\u00e1s, es el Tesoro el que tiene la capacidad de acudir a los mercados de deuda pagando un menor coste, en gran parte gracias a la intervenci\u00f3n del Banco Central Europeo.<\/p>\n<p>De este modo, la deuda p\u00fablica ha rebasado los <a href=\"https:\/\/es.wikipedia.org\/wiki\/Deuda_p%C3%BAblica_en_Espa%C3%B1a\" target=\"_blank\" rel=\"noopener\">m\u00e1ximos previos<\/a> que se encontraban en 1902, cuando la deuda de las administraciones alcanz\u00f3 el 123,6% del PIB. Ahora, 119 a\u00f1os despu\u00e9s los pasivos p\u00fablicos contabilizados en el protocolo de d\u00e9ficit excesivo (m\u00e9todo usado por Bruselas para contabilizar la deuda) superan ese hito en casi dos puntos porcentuales hasta alcanzar el 125,3% del PIB.<\/p>\n<span class='bctt-click-to-tweet'><span class='bctt-ctt-text'><a href='https:\/\/twitter.com\/intent\/tweet?url=https%3A%2F%2Fconversesacatalunya.cat%2Fes%2Fla-deuda-espanola-alcanza-limites-historicos%2F&#038;text=Respecto%20al%20peso%20en%20el%20Producto%20Interior%20Bruto%20%28PIB%29%20representa%20un%20125%2C3%25&#038;via=conversesacat&#038;related=conversesacat' target='_blank'rel=\"noopener noreferrer\">Respecto al peso en el Producto Interior Bruto (PIB) representa un 125,3% <\/a><\/span><a href='https:\/\/twitter.com\/intent\/tweet?url=https%3A%2F%2Fconversesacatalunya.cat%2Fes%2Fla-deuda-espanola-alcanza-limites-historicos%2F&#038;text=Respecto%20al%20peso%20en%20el%20Producto%20Interior%20Bruto%20%28PIB%29%20representa%20un%20125%2C3%25&#038;via=conversesacat&#038;related=conversesacat' target='_blank' class='bctt-ctt-btn'rel=\"noopener noreferrer\">Compartir en X<\/a><\/span>\n<div id=\"polls-104\" class=\"wp-polls\">\n\t<form id=\"polls_form_104\" class=\"wp-polls-form\" action=\"\/index.php\" method=\"post\">\n\t\t<p style=\"display: none;\"><input type=\"hidden\" id=\"poll_104_nonce\" name=\"wp-polls-nonce\" value=\"26ef4992e7\" \/><\/p>\n\t\t<p style=\"display: none;\"><input type=\"hidden\" name=\"poll_id\" value=\"104\" \/><\/p>\n\t\t<p style=\"text-align: center\"><strong>Creieu que el Govern d'ERC i Junts per Catalunya durar\u00e0 tota la legislatura?<\/strong><\/p><div id=\"polls-104-ans\" class=\"wp-polls-ans\"><ul class=\"wp-polls-ul\">\n\t\t<li><input type=\"radio\" id=\"poll-answer-244\" name=\"poll_104\" value=\"244\" \/> <label for=\"poll-answer-244\">Si<\/label><\/li>\n\t\t<li><input type=\"radio\" id=\"poll-answer-245\" name=\"poll_104\" value=\"245\" \/> <label for=\"poll-answer-245\">No<\/label><\/li>\n\t\t<li><input type=\"radio\" id=\"poll-answer-246\" name=\"poll_104\" value=\"246\" \/> <label for=\"poll-answer-246\">No ho s\u00e9<\/label><\/li>\n\t\t<\/ul><p style=\"text-align: center\"><input type=\"button\" name=\"vote\" value=\"   Vota   \" class=\"Buttons\" onclick=\"poll_vote(104);\" \/><\/p><p style=\"text-align: center\"><a href=\"#ViewPollResults\" onclick=\"poll_result(104); return false;\" title=\"View Results Of This Poll\">Mira els resultats<\/a><\/p><\/div>\n\t<\/form>\n<\/div>\n<div id=\"polls-104-loading\" class=\"wp-polls-loading\"><img decoding=\"async\" data-src=\"https:\/\/conversesacatalunya.cat\/wp-content\/plugins\/wp-polls\/images\/loading.gif\" width=\"16\" height=\"16\" alt=\"Cargando ...\" title=\"Cargando ...\" class=\"wp-polls-image lazyload\" src=\"data:image\/svg+xml;base64,PHN2ZyB3aWR0aD0iMSIgaGVpZ2h0PSIxIiB4bWxucz0iaHR0cDovL3d3dy53My5vcmcvMjAwMC9zdmciPjwvc3ZnPg==\" style=\"--smush-placeholder-width: 16px; --smush-placeholder-aspect-ratio: 16\/16;\" \/>&nbsp;Cargando ...<\/div>\n\n","protected":false},"excerpt":{"rendered":"<p>La deuda espa\u00f1ola ha alcanzado l\u00edmites hist\u00f3ricos, llegando a los 1,39 billones de euros. Respecto al peso en el Producto Interior Bruto (PIB) representa un 125,3%. Desde el super\u00e1vit que se registr\u00f3 en 2007, Espa\u00f1a ha acumulado unos datos de d\u00e9ficit muy elevados, que apenas se corrigieron en los a\u00f1os de bonanza econ\u00f3mica y que incluso en 2019, con la econom\u00eda creciendo y antes de la pandemia del coronavirus, registr\u00f3 un sonrojante incremento que es la mejor muestra de esa incapacidad. La administraci\u00f3n central ha llevado el peso del crecimiento de esta pesada losa al pasar de una deuda del 88,6% en marzo de 2020 hasta el 107%, seg\u00fan el \u00faltimo dato publicado por el BdE. La deuda de las comunidades aut\u00f3nomas apenas ha crecido tres puntos hasta el 27%, mientras que la de la Seguridad Social se ha incrementado en otros tres hasta 7,6% (a esto hay que restarle la deuda en poder de otras administraciones p\u00fablicas). Este dr\u00e1stico aumento del endeudamiento estatal se debe a que el Gobierno central ha sido el encargado de lanzar y financiar los grandes programas (ertes, moratorias de hipotecas, cr\u00e9ditos a empresas, prestaciones&#8230;) para combatir la crisis, aunque se haya delegado en las CCAA algunas competencias para asignar los fondos o implementar las medidas correspondientes. Adem\u00e1s, es el Tesoro el que tiene la capacidad de acudir a los mercados de deuda pagando un menor coste, en gran parte gracias a la intervenci\u00f3n del Banco Central Europeo. De este modo, la deuda p\u00fablica ha rebasado los m\u00e1ximos previos que se encontraban en 1902, cuando la deuda de las administraciones alcanz\u00f3 el 123,6% del PIB. Ahora, 119 a\u00f1os despu\u00e9s los pasivos p\u00fablicos contabilizados en el protocolo de d\u00e9ficit excesivo (m\u00e9todo usado por Bruselas para contabilizar la deuda) superan ese hito en casi dos puntos porcentuales hasta alcanzar el 125,3% del PIB.<\/p>\n","protected":false},"author":20,"featured_media":48191,"comment_status":"open","ping_status":"open","sticky":false,"template":"","format":"standard","meta":{"_FSMCFIC_featured_image_caption":"","_FSMCFIC_featured_image_nocaption":"","_FSMCFIC_featured_image_hide":"","footnotes":""},"categories":[806],"tags":[1937,1938,2356,2391,3653,874,1165],"class_list":["post-48198","post","type-post","status-publish","format-standard","has-post-thumbnail","hentry","category-punts-claus-del-dia-es","tag-banc-despanya-es","tag-banco-de-espana","tag-bde-es","tag-deuda-publica","tag-deute-public-es","tag-ue-es","tag-ue-es-2"],"yoast_head":"<!-- This site is optimized with the Yoast SEO plugin v26.8 - https:\/\/yoast.com\/product\/yoast-seo-wordpress\/ -->\n<title>La deuda espa\u00f1ola alcanza l\u00edmites hist\u00f3ricos - Converses a Catalunya<\/title>\n<meta name=\"description\" content=\"Seg\u00fan los \u00faltimos datos del Banco de Espa\u00f1a la deuda espa\u00f1ola alcanz\u00f3 a fines de marzo los 1,39 billones de euros\" \/>\n<meta name=\"robots\" content=\"index, follow, max-snippet:-1, max-image-preview:large, max-video-preview:-1\" \/>\n<link rel=\"canonical\" href=\"https:\/\/conversesacatalunya.cat\/es\/la-deuda-espanola-alcanza-limites-historicos\/\" \/>\n<meta property=\"og:locale\" content=\"es_ES\" \/>\n<meta property=\"og:type\" content=\"article\" \/>\n<meta property=\"og:title\" content=\"La deuda espa\u00f1ola alcanza l\u00edmites hist\u00f3ricos - Converses a Catalunya\" \/>\n<meta property=\"og:description\" content=\"Seg\u00fan los \u00faltimos datos del Banco de Espa\u00f1a la deuda espa\u00f1ola alcanz\u00f3 a fines de marzo los 1,39 billones de euros\" \/>\n<meta property=\"og:url\" content=\"https:\/\/conversesacatalunya.cat\/es\/la-deuda-espanola-alcanza-limites-historicos\/\" \/>\n<meta property=\"og:site_name\" content=\"Converses a Catalunya\" \/>\n<meta property=\"article:published_time\" content=\"2021-05-19T08:19:08+00:00\" \/>\n<meta property=\"article:modified_time\" content=\"2021-05-19T08:23:08+00:00\" \/>\n<meta property=\"og:image\" content=\"https:\/\/conversesacatalunya.cat\/wp-content\/uploads\/2021\/05\/Capture-7.png\" \/>\n\t<meta property=\"og:image:width\" content=\"1063\" \/>\n\t<meta property=\"og:image:height\" content=\"684\" \/>\n\t<meta property=\"og:image:type\" content=\"image\/png\" \/>\n<meta name=\"author\" content=\"conversesacatalunya\" \/>\n<meta name=\"twitter:card\" content=\"summary_large_image\" \/>\n<meta name=\"twitter:label1\" content=\"Escrito por\" \/>\n\t<meta name=\"twitter:data1\" content=\"conversesacatalunya\" \/>\n\t<meta name=\"twitter:label2\" content=\"Tiempo de lectura\" \/>\n\t<meta name=\"twitter:data2\" content=\"2 minutos\" \/>\n<script type=\"application\/ld+json\" class=\"yoast-schema-graph\">{\"@context\":\"https:\/\/schema.org\",\"@graph\":[{\"@type\":\"Article\",\"@id\":\"https:\/\/conversesacatalunya.cat\/es\/la-deuda-espanola-alcanza-limites-historicos\/#article\",\"isPartOf\":{\"@id\":\"https:\/\/conversesacatalunya.cat\/es\/la-deuda-espanola-alcanza-limites-historicos\/\"},\"author\":{\"name\":\"conversesacatalunya\",\"@id\":\"https:\/\/conversesacatalunya.cat\/#\/schema\/person\/a7a9496a363cd9847daf7cd659d92e64\"},\"headline\":\"La deuda espa\u00f1ola alcanza l\u00edmites hist\u00f3ricos\",\"datePublished\":\"2021-05-19T08:19:08+00:00\",\"dateModified\":\"2021-05-19T08:23:08+00:00\",\"mainEntityOfPage\":{\"@id\":\"https:\/\/conversesacatalunya.cat\/es\/la-deuda-espanola-alcanza-limites-historicos\/\"},\"wordCount\":343,\"commentCount\":0,\"image\":{\"@id\":\"https:\/\/conversesacatalunya.cat\/es\/la-deuda-espanola-alcanza-limites-historicos\/#primaryimage\"},\"thumbnailUrl\":\"https:\/\/conversesacatalunya.cat\/wp-content\/uploads\/2021\/05\/Capture-7.png\",\"keywords\":[\"Banc d&#8217;Espanya\",\"Banco de Espa\u00f1a\",\"BdE\",\"deuda p\u00fablica\",\"deute p\u00fablic\",\"UE\",\"UE\"],\"articleSection\":[\"Punts clau del dia (ES)\"],\"inLanguage\":\"es\",\"potentialAction\":[{\"@type\":\"CommentAction\",\"name\":\"Comment\",\"target\":[\"https:\/\/conversesacatalunya.cat\/es\/la-deuda-espanola-alcanza-limites-historicos\/#respond\"]}]},{\"@type\":\"WebPage\",\"@id\":\"https:\/\/conversesacatalunya.cat\/es\/la-deuda-espanola-alcanza-limites-historicos\/\",\"url\":\"https:\/\/conversesacatalunya.cat\/es\/la-deuda-espanola-alcanza-limites-historicos\/\",\"name\":\"La deuda espa\u00f1ola alcanza l\u00edmites hist\u00f3ricos - Converses a Catalunya\",\"isPartOf\":{\"@id\":\"https:\/\/conversesacatalunya.cat\/#website\"},\"primaryImageOfPage\":{\"@id\":\"https:\/\/conversesacatalunya.cat\/es\/la-deuda-espanola-alcanza-limites-historicos\/#primaryimage\"},\"image\":{\"@id\":\"https:\/\/conversesacatalunya.cat\/es\/la-deuda-espanola-alcanza-limites-historicos\/#primaryimage\"},\"thumbnailUrl\":\"https:\/\/conversesacatalunya.cat\/wp-content\/uploads\/2021\/05\/Capture-7.png\",\"datePublished\":\"2021-05-19T08:19:08+00:00\",\"dateModified\":\"2021-05-19T08:23:08+00:00\",\"author\":{\"@id\":\"https:\/\/conversesacatalunya.cat\/#\/schema\/person\/a7a9496a363cd9847daf7cd659d92e64\"},\"description\":\"Seg\u00fan los \u00faltimos datos del Banco de Espa\u00f1a la deuda espa\u00f1ola alcanz\u00f3 a fines de marzo los 1,39 billones de euros\",\"breadcrumb\":{\"@id\":\"https:\/\/conversesacatalunya.cat\/es\/la-deuda-espanola-alcanza-limites-historicos\/#breadcrumb\"},\"inLanguage\":\"es\",\"potentialAction\":[{\"@type\":\"ReadAction\",\"target\":[\"https:\/\/conversesacatalunya.cat\/es\/la-deuda-espanola-alcanza-limites-historicos\/\"]}]},{\"@type\":\"ImageObject\",\"inLanguage\":\"es\",\"@id\":\"https:\/\/conversesacatalunya.cat\/es\/la-deuda-espanola-alcanza-limites-historicos\/#primaryimage\",\"url\":\"https:\/\/conversesacatalunya.cat\/wp-content\/uploads\/2021\/05\/Capture-7.png\",\"contentUrl\":\"https:\/\/conversesacatalunya.cat\/wp-content\/uploads\/2021\/05\/Capture-7.png\",\"width\":1063,\"height\":684,\"caption\":\"deute\"},{\"@type\":\"BreadcrumbList\",\"@id\":\"https:\/\/conversesacatalunya.cat\/es\/la-deuda-espanola-alcanza-limites-historicos\/#breadcrumb\",\"itemListElement\":[{\"@type\":\"ListItem\",\"position\":1,\"name\":\"Inici\",\"item\":\"https:\/\/conversesacatalunya.cat\/es\/\"},{\"@type\":\"ListItem\",\"position\":2,\"name\":\"La deuda espa\u00f1ola alcanza l\u00edmites hist\u00f3ricos\"}]},{\"@type\":\"WebSite\",\"@id\":\"https:\/\/conversesacatalunya.cat\/#website\",\"url\":\"https:\/\/conversesacatalunya.cat\/\",\"name\":\"Converses a Catalunya\",\"description\":\"\",\"potentialAction\":[{\"@type\":\"SearchAction\",\"target\":{\"@type\":\"EntryPoint\",\"urlTemplate\":\"https:\/\/conversesacatalunya.cat\/?s={search_term_string}\"},\"query-input\":{\"@type\":\"PropertyValueSpecification\",\"valueRequired\":true,\"valueName\":\"search_term_string\"}}],\"inLanguage\":\"es\"},{\"@type\":\"Person\",\"@id\":\"https:\/\/conversesacatalunya.cat\/#\/schema\/person\/a7a9496a363cd9847daf7cd659d92e64\",\"name\":\"conversesacatalunya\",\"image\":{\"@type\":\"ImageObject\",\"inLanguage\":\"es\",\"@id\":\"https:\/\/conversesacatalunya.cat\/#\/schema\/person\/image\/\",\"url\":\"https:\/\/conversesacatalunya.cat\/wp-content\/litespeed\/avatar\/ff91582b44ff9c880dc9c5ac2f5c7e89.jpg?ver=1777372947\",\"contentUrl\":\"https:\/\/conversesacatalunya.cat\/wp-content\/litespeed\/avatar\/ff91582b44ff9c880dc9c5ac2f5c7e89.jpg?ver=1777372947\",\"caption\":\"conversesacatalunya\"},\"url\":\"https:\/\/conversesacatalunya.cat\/es\/author\/francisco_garcia\/\"}]}<\/script>\n<!-- \/ Yoast SEO plugin. -->","yoast_head_json":{"title":"La deuda espa\u00f1ola alcanza l\u00edmites hist\u00f3ricos - Converses a Catalunya","description":"Seg\u00fan los \u00faltimos datos del Banco de Espa\u00f1a la deuda espa\u00f1ola alcanz\u00f3 a fines de marzo los 1,39 billones de euros","robots":{"index":"index","follow":"follow","max-snippet":"max-snippet:-1","max-image-preview":"max-image-preview:large","max-video-preview":"max-video-preview:-1"},"canonical":"https:\/\/conversesacatalunya.cat\/es\/la-deuda-espanola-alcanza-limites-historicos\/","og_locale":"es_ES","og_type":"article","og_title":"La deuda espa\u00f1ola alcanza l\u00edmites hist\u00f3ricos - Converses a Catalunya","og_description":"Seg\u00fan los \u00faltimos datos del Banco de Espa\u00f1a la deuda espa\u00f1ola alcanz\u00f3 a fines de marzo los 1,39 billones de euros","og_url":"https:\/\/conversesacatalunya.cat\/es\/la-deuda-espanola-alcanza-limites-historicos\/","og_site_name":"Converses a Catalunya","article_published_time":"2021-05-19T08:19:08+00:00","article_modified_time":"2021-05-19T08:23:08+00:00","og_image":[{"width":1063,"height":684,"url":"https:\/\/conversesacatalunya.cat\/wp-content\/uploads\/2021\/05\/Capture-7.png","type":"image\/png"}],"author":"conversesacatalunya","twitter_card":"summary_large_image","twitter_misc":{"Escrito por":"conversesacatalunya","Tiempo de lectura":"2 minutos"},"schema":{"@context":"https:\/\/schema.org","@graph":[{"@type":"Article","@id":"https:\/\/conversesacatalunya.cat\/es\/la-deuda-espanola-alcanza-limites-historicos\/#article","isPartOf":{"@id":"https:\/\/conversesacatalunya.cat\/es\/la-deuda-espanola-alcanza-limites-historicos\/"},"author":{"name":"conversesacatalunya","@id":"https:\/\/conversesacatalunya.cat\/#\/schema\/person\/a7a9496a363cd9847daf7cd659d92e64"},"headline":"La deuda espa\u00f1ola alcanza l\u00edmites hist\u00f3ricos","datePublished":"2021-05-19T08:19:08+00:00","dateModified":"2021-05-19T08:23:08+00:00","mainEntityOfPage":{"@id":"https:\/\/conversesacatalunya.cat\/es\/la-deuda-espanola-alcanza-limites-historicos\/"},"wordCount":343,"commentCount":0,"image":{"@id":"https:\/\/conversesacatalunya.cat\/es\/la-deuda-espanola-alcanza-limites-historicos\/#primaryimage"},"thumbnailUrl":"https:\/\/conversesacatalunya.cat\/wp-content\/uploads\/2021\/05\/Capture-7.png","keywords":["Banc d&#8217;Espanya","Banco de Espa\u00f1a","BdE","deuda p\u00fablica","deute p\u00fablic","UE","UE"],"articleSection":["Punts clau del dia (ES)"],"inLanguage":"es","potentialAction":[{"@type":"CommentAction","name":"Comment","target":["https:\/\/conversesacatalunya.cat\/es\/la-deuda-espanola-alcanza-limites-historicos\/#respond"]}]},{"@type":"WebPage","@id":"https:\/\/conversesacatalunya.cat\/es\/la-deuda-espanola-alcanza-limites-historicos\/","url":"https:\/\/conversesacatalunya.cat\/es\/la-deuda-espanola-alcanza-limites-historicos\/","name":"La deuda espa\u00f1ola alcanza l\u00edmites hist\u00f3ricos - Converses a Catalunya","isPartOf":{"@id":"https:\/\/conversesacatalunya.cat\/#website"},"primaryImageOfPage":{"@id":"https:\/\/conversesacatalunya.cat\/es\/la-deuda-espanola-alcanza-limites-historicos\/#primaryimage"},"image":{"@id":"https:\/\/conversesacatalunya.cat\/es\/la-deuda-espanola-alcanza-limites-historicos\/#primaryimage"},"thumbnailUrl":"https:\/\/conversesacatalunya.cat\/wp-content\/uploads\/2021\/05\/Capture-7.png","datePublished":"2021-05-19T08:19:08+00:00","dateModified":"2021-05-19T08:23:08+00:00","author":{"@id":"https:\/\/conversesacatalunya.cat\/#\/schema\/person\/a7a9496a363cd9847daf7cd659d92e64"},"description":"Seg\u00fan los \u00faltimos datos del Banco de Espa\u00f1a la deuda espa\u00f1ola alcanz\u00f3 a fines de marzo los 1,39 billones de euros","breadcrumb":{"@id":"https:\/\/conversesacatalunya.cat\/es\/la-deuda-espanola-alcanza-limites-historicos\/#breadcrumb"},"inLanguage":"es","potentialAction":[{"@type":"ReadAction","target":["https:\/\/conversesacatalunya.cat\/es\/la-deuda-espanola-alcanza-limites-historicos\/"]}]},{"@type":"ImageObject","inLanguage":"es","@id":"https:\/\/conversesacatalunya.cat\/es\/la-deuda-espanola-alcanza-limites-historicos\/#primaryimage","url":"https:\/\/conversesacatalunya.cat\/wp-content\/uploads\/2021\/05\/Capture-7.png","contentUrl":"https:\/\/conversesacatalunya.cat\/wp-content\/uploads\/2021\/05\/Capture-7.png","width":1063,"height":684,"caption":"deute"},{"@type":"BreadcrumbList","@id":"https:\/\/conversesacatalunya.cat\/es\/la-deuda-espanola-alcanza-limites-historicos\/#breadcrumb","itemListElement":[{"@type":"ListItem","position":1,"name":"Inici","item":"https:\/\/conversesacatalunya.cat\/es\/"},{"@type":"ListItem","position":2,"name":"La deuda espa\u00f1ola alcanza l\u00edmites hist\u00f3ricos"}]},{"@type":"WebSite","@id":"https:\/\/conversesacatalunya.cat\/#website","url":"https:\/\/conversesacatalunya.cat\/","name":"Converses a Catalunya","description":"","potentialAction":[{"@type":"SearchAction","target":{"@type":"EntryPoint","urlTemplate":"https:\/\/conversesacatalunya.cat\/?s={search_term_string}"},"query-input":{"@type":"PropertyValueSpecification","valueRequired":true,"valueName":"search_term_string"}}],"inLanguage":"es"},{"@type":"Person","@id":"https:\/\/conversesacatalunya.cat\/#\/schema\/person\/a7a9496a363cd9847daf7cd659d92e64","name":"conversesacatalunya","image":{"@type":"ImageObject","inLanguage":"es","@id":"https:\/\/conversesacatalunya.cat\/#\/schema\/person\/image\/","url":"https:\/\/conversesacatalunya.cat\/wp-content\/litespeed\/avatar\/ff91582b44ff9c880dc9c5ac2f5c7e89.jpg?ver=1777372947","contentUrl":"https:\/\/conversesacatalunya.cat\/wp-content\/litespeed\/avatar\/ff91582b44ff9c880dc9c5ac2f5c7e89.jpg?ver=1777372947","caption":"conversesacatalunya"},"url":"https:\/\/conversesacatalunya.cat\/es\/author\/francisco_garcia\/"}]}},"wps_subtitle":"Seg\u00fan los \u00faltimos datos del Banco de Espa\u00f1a la deuda espa\u00f1ola alcanz\u00f3 a fines de marzo los 1,39 billones de euros, cifra que representa un 125,3% del Producto Interior Bruto (PIB)","_links":{"self":[{"href":"https:\/\/conversesacatalunya.cat\/es\/wp-json\/wp\/v2\/posts\/48198","targetHints":{"allow":["GET"]}}],"collection":[{"href":"https:\/\/conversesacatalunya.cat\/es\/wp-json\/wp\/v2\/posts"}],"about":[{"href":"https:\/\/conversesacatalunya.cat\/es\/wp-json\/wp\/v2\/types\/post"}],"author":[{"embeddable":true,"href":"https:\/\/conversesacatalunya.cat\/es\/wp-json\/wp\/v2\/users\/20"}],"replies":[{"embeddable":true,"href":"https:\/\/conversesacatalunya.cat\/es\/wp-json\/wp\/v2\/comments?post=48198"}],"version-history":[{"count":2,"href":"https:\/\/conversesacatalunya.cat\/es\/wp-json\/wp\/v2\/posts\/48198\/revisions"}],"predecessor-version":[{"id":48200,"href":"https:\/\/conversesacatalunya.cat\/es\/wp-json\/wp\/v2\/posts\/48198\/revisions\/48200"}],"wp:featuredmedia":[{"embeddable":true,"href":"https:\/\/conversesacatalunya.cat\/es\/wp-json\/wp\/v2\/media\/48191"}],"wp:attachment":[{"href":"https:\/\/conversesacatalunya.cat\/es\/wp-json\/wp\/v2\/media?parent=48198"}],"wp:term":[{"taxonomy":"category","embeddable":true,"href":"https:\/\/conversesacatalunya.cat\/es\/wp-json\/wp\/v2\/categories?post=48198"},{"taxonomy":"post_tag","embeddable":true,"href":"https:\/\/conversesacatalunya.cat\/es\/wp-json\/wp\/v2\/tags?post=48198"}],"curies":[{"name":"wp","href":"https:\/\/api.w.org\/{rel}","templated":true}]}}