{"id":48159,"date":"2021-05-18T10:30:45","date_gmt":"2021-05-18T08:30:45","guid":{"rendered":"https:\/\/conversesacatalunya.cat\/resultats-de-lenquesta-anterior-aconseguira-erc-governar-en-solitari\/"},"modified":"2021-05-18T10:37:24","modified_gmt":"2021-05-18T08:37:24","slug":"resconseguira-erc-gobernar-en-solitario","status":"publish","type":"post","link":"https:\/\/conversesacatalunya.cat\/es\/resconseguira-erc-gobernar-en-solitario\/","title":{"rendered":"Resultados de la encuesta anterior: \u00bfConseguir\u00e1 ERC gobernar en solitario?"},"content":{"rendered":"<p><span>En la encuesta anterior: \u00bfConseguir\u00e1 ERC gobernar en solitario? <\/span><strong><span>nuestros lectores han votado No un 79%, S\u00ed un 15% y No lo s\u00e9 un 6%.<\/span><\/strong><\/p>\n<p><span>Esta vez nuestros votantes se han equivocado de lleno.\u00a0De hecho, y tal como iban las conversaciones y los reproches entre ambas formaciones pol\u00edticas,\u00a0<\/span><strong><span>la mayor\u00eda ve\u00eda imposible el acuerdo al que se lleg\u00f3 ayer.<\/span><\/strong><\/p>\n<p><span>La posible convocatoria de unas nuevas elecciones, ha pesado mucho en la decisi\u00f3n.\u00a0Los votantes independentistas no habr\u00edan entendido esta repetici\u00f3n y por supuesto,\u00a0<\/span><strong><span>habr\u00eda habido un castigo<\/span><\/strong><span>\u00a0con sus votos.<\/span><\/p>\n<p><span><span class=\"\">Las entidades soberanistas tambi\u00e9n pusieron mucha presi\u00f3n y al final los dos partidos han tenido que dejar sus diferencias a un lado.\u00a0<\/span>Pero todo el proceso hasta llegar al acuerdo,\u00a0<\/span><strong><span>deja muchas heridas en el camino que ser\u00e1 dif\u00edcil cerrar.<\/span><\/strong><\/p>\n<p><strong><span>Tendremos nuevo Gobierno<\/span><\/strong><span>, pero este ser\u00e1 mirado con lupa por todos los partidos de la oposici\u00f3n y por la ciudadan\u00eda, cansada de tantas peleas y de que no se hable de lo que realmente importa en este momento, superar la pandemia y la crisis econ\u00f3mica que no ha hecho m\u00e1s que empezar.<\/span><\/p>\n<div id=\"polls-104\" class=\"wp-polls\">\n\t<form id=\"polls_form_104\" class=\"wp-polls-form\" action=\"\/index.php\" method=\"post\">\n\t\t<p style=\"display: none;\"><input type=\"hidden\" id=\"poll_104_nonce\" name=\"wp-polls-nonce\" value=\"8b87151c3a\" \/><\/p>\n\t\t<p style=\"display: none;\"><input type=\"hidden\" name=\"poll_id\" value=\"104\" \/><\/p>\n\t\t<p style=\"text-align: center\"><strong>Creieu que el Govern d'ERC i Junts per Catalunya durar\u00e0 tota la legislatura?<\/strong><\/p><div id=\"polls-104-ans\" class=\"wp-polls-ans\"><ul class=\"wp-polls-ul\">\n\t\t<li><input type=\"radio\" id=\"poll-answer-244\" name=\"poll_104\" value=\"244\" \/> <label for=\"poll-answer-244\">Si<\/label><\/li>\n\t\t<li><input type=\"radio\" id=\"poll-answer-245\" name=\"poll_104\" value=\"245\" \/> <label for=\"poll-answer-245\">No<\/label><\/li>\n\t\t<li><input type=\"radio\" id=\"poll-answer-246\" name=\"poll_104\" value=\"246\" \/> <label for=\"poll-answer-246\">No ho s\u00e9<\/label><\/li>\n\t\t<\/ul><p style=\"text-align: center\"><input type=\"button\" name=\"vote\" value=\"   Vota   \" class=\"Buttons\" onclick=\"poll_vote(104);\" \/><\/p><p style=\"text-align: center\"><a href=\"#ViewPollResults\" onclick=\"poll_result(104); return false;\" title=\"View Results Of This Poll\">Mira els resultats<\/a><\/p><\/div>\n\t<\/form>\n<\/div>\n<div id=\"polls-104-loading\" class=\"wp-polls-loading\"><img decoding=\"async\" data-src=\"https:\/\/conversesacatalunya.cat\/wp-content\/plugins\/wp-polls\/images\/loading.gif\" width=\"16\" height=\"16\" alt=\"Cargando ...\" title=\"Cargando ...\" class=\"wp-polls-image lazyload\" src=\"data:image\/svg+xml;base64,PHN2ZyB3aWR0aD0iMSIgaGVpZ2h0PSIxIiB4bWxucz0iaHR0cDovL3d3dy53My5vcmcvMjAwMC9zdmciPjwvc3ZnPg==\" style=\"--smush-placeholder-width: 16px; --smush-placeholder-aspect-ratio: 16\/16;\" \/>&nbsp;Cargando ...<\/div>\n\n<p>&nbsp;<\/p>\n<p>&nbsp;<\/p>\n","protected":false},"excerpt":{"rendered":"<p>En la encuesta anterior: \u00bfConseguir\u00e1 ERC gobernar en solitario? nuestros lectores han votado No un 79%, S\u00ed un 15% y No lo s\u00e9 un 6%. Esta vez nuestros votantes se han equivocado de lleno.\u00a0De hecho, y tal como iban las conversaciones y los reproches entre ambas formaciones pol\u00edticas,\u00a0la mayor\u00eda ve\u00eda imposible el acuerdo al que se lleg\u00f3 ayer. La posible convocatoria de unas nuevas elecciones, ha pesado mucho en la decisi\u00f3n.\u00a0Los votantes independentistas no habr\u00edan entendido esta repetici\u00f3n y por supuesto,\u00a0habr\u00eda habido un castigo\u00a0con sus votos. Las entidades soberanistas tambi\u00e9n pusieron mucha presi\u00f3n y al final los dos partidos han tenido que dejar sus diferencias a un lado.\u00a0Pero todo el proceso hasta llegar al acuerdo,\u00a0deja muchas heridas en el camino que ser\u00e1 dif\u00edcil cerrar. Tendremos nuevo Gobierno, pero este ser\u00e1 mirado con lupa por todos los partidos de la oposici\u00f3n y por la ciudadan\u00eda, cansada de tantas peleas y de que no se hable de lo que realmente importa en este momento, superar la pandemia y la crisis econ\u00f3mica que no ha hecho m\u00e1s que empezar. &nbsp; &nbsp;<\/p>\n","protected":false},"author":3,"featured_media":48155,"comment_status":"open","ping_status":"open","sticky":false,"template":"","format":"standard","meta":{"_FSMCFIC_featured_image_caption":"","_FSMCFIC_featured_image_nocaption":"","_FSMCFIC_featured_image_hide":"","footnotes":""},"categories":[789],"tags":[3415,1108,1154],"class_list":["post-48159","post","type-post","status-publish","format-standard","has-post-thumbnail","hentry","category-objectius-especifics-es","tag-elecciones-14-f","tag-erc-es","tag-jxcat-es"],"yoast_head":"<!-- This site is optimized with the Yoast SEO plugin v26.8 - https:\/\/yoast.com\/product\/yoast-seo-wordpress\/ -->\n<title>Resultados de la encuesta anterior: \u00bfConseguir\u00e1 ERC gobernar en solitario? - Converses a Catalunya<\/title>\n<meta name=\"robots\" content=\"index, follow, max-snippet:-1, max-image-preview:large, max-video-preview:-1\" \/>\n<link rel=\"canonical\" href=\"https:\/\/conversesacatalunya.cat\/es\/resconseguira-erc-gobernar-en-solitario\/\" \/>\n<meta property=\"og:locale\" content=\"es_ES\" \/>\n<meta property=\"og:type\" content=\"article\" \/>\n<meta property=\"og:title\" content=\"Resultados de la encuesta anterior: \u00bfConseguir\u00e1 ERC gobernar en solitario? - Converses a Catalunya\" \/>\n<meta property=\"og:description\" content=\"En la encuesta anterior: \u00bfConseguir\u00e1 ERC gobernar en solitario? nuestros lectores han votado No un 79%, S\u00ed un 15% y No lo s\u00e9 un 6%. Esta vez nuestros votantes se han equivocado de lleno.\u00a0De hecho, y tal como iban las conversaciones y los reproches entre ambas formaciones pol\u00edticas,\u00a0la mayor\u00eda ve\u00eda imposible el acuerdo al que se lleg\u00f3 ayer. La posible convocatoria de unas nuevas elecciones, ha pesado mucho en la decisi\u00f3n.\u00a0Los votantes independentistas no habr\u00edan entendido esta repetici\u00f3n y por supuesto,\u00a0habr\u00eda habido un castigo\u00a0con sus votos. Las entidades soberanistas tambi\u00e9n pusieron mucha presi\u00f3n y al final los dos partidos han tenido que dejar sus diferencias a un lado.\u00a0Pero todo el proceso hasta llegar al acuerdo,\u00a0deja muchas heridas en el camino que ser\u00e1 dif\u00edcil cerrar. Tendremos nuevo Gobierno, pero este ser\u00e1 mirado con lupa por todos los partidos de la oposici\u00f3n y por la ciudadan\u00eda, cansada de tantas peleas y de que no se hable de lo que realmente importa en este momento, superar la pandemia y la crisis econ\u00f3mica que no ha hecho m\u00e1s que empezar. &nbsp; &nbsp;\" \/>\n<meta property=\"og:url\" content=\"https:\/\/conversesacatalunya.cat\/es\/resconseguira-erc-gobernar-en-solitario\/\" \/>\n<meta property=\"og:site_name\" content=\"Converses a Catalunya\" \/>\n<meta property=\"article:published_time\" content=\"2021-05-18T08:30:45+00:00\" \/>\n<meta property=\"article:modified_time\" content=\"2021-05-18T08:37:24+00:00\" \/>\n<meta property=\"og:image\" content=\"https:\/\/conversesacatalunya.cat\/wp-content\/uploads\/2021\/05\/Parlament-Catalunya.jpg\" \/>\n\t<meta property=\"og:image:width\" content=\"640\" \/>\n\t<meta property=\"og:image:height\" content=\"442\" \/>\n\t<meta property=\"og:image:type\" content=\"image\/jpeg\" \/>\n<meta name=\"author\" content=\"conversesacatalunya\" \/>\n<meta name=\"twitter:card\" content=\"summary_large_image\" \/>\n<meta name=\"twitter:label1\" content=\"Escrito por\" \/>\n\t<meta name=\"twitter:data1\" content=\"conversesacatalunya\" \/>\n\t<meta name=\"twitter:label2\" content=\"Tiempo de lectura\" \/>\n\t<meta name=\"twitter:data2\" content=\"1 minuto\" \/>\n<script type=\"application\/ld+json\" class=\"yoast-schema-graph\">{\"@context\":\"https:\/\/schema.org\",\"@graph\":[{\"@type\":\"Article\",\"@id\":\"https:\/\/conversesacatalunya.cat\/es\/resconseguira-erc-gobernar-en-solitario\/#article\",\"isPartOf\":{\"@id\":\"https:\/\/conversesacatalunya.cat\/es\/resconseguira-erc-gobernar-en-solitario\/\"},\"author\":{\"name\":\"conversesacatalunya\",\"@id\":\"https:\/\/conversesacatalunya.cat\/#\/schema\/person\/982274792508d804a0821b413c9ac076\"},\"headline\":\"Resultados de la encuesta anterior: \u00bfConseguir\u00e1 ERC gobernar en solitario?\",\"datePublished\":\"2021-05-18T08:30:45+00:00\",\"dateModified\":\"2021-05-18T08:37:24+00:00\",\"mainEntityOfPage\":{\"@id\":\"https:\/\/conversesacatalunya.cat\/es\/resconseguira-erc-gobernar-en-solitario\/\"},\"wordCount\":208,\"commentCount\":0,\"image\":{\"@id\":\"https:\/\/conversesacatalunya.cat\/es\/resconseguira-erc-gobernar-en-solitario\/#primaryimage\"},\"thumbnailUrl\":\"https:\/\/conversesacatalunya.cat\/wp-content\/uploads\/2021\/05\/Parlament-Catalunya.jpg\",\"keywords\":[\"elecciones 14-F\",\"ERC\",\"JxCat\"],\"articleSection\":[\"Objectius espec\u00edfics (ES)\"],\"inLanguage\":\"es\",\"potentialAction\":[{\"@type\":\"CommentAction\",\"name\":\"Comment\",\"target\":[\"https:\/\/conversesacatalunya.cat\/es\/resconseguira-erc-gobernar-en-solitario\/#respond\"]}]},{\"@type\":\"WebPage\",\"@id\":\"https:\/\/conversesacatalunya.cat\/es\/resconseguira-erc-gobernar-en-solitario\/\",\"url\":\"https:\/\/conversesacatalunya.cat\/es\/resconseguira-erc-gobernar-en-solitario\/\",\"name\":\"Resultados de la encuesta anterior: \u00bfConseguir\u00e1 ERC gobernar en solitario? - Converses a Catalunya\",\"isPartOf\":{\"@id\":\"https:\/\/conversesacatalunya.cat\/#website\"},\"primaryImageOfPage\":{\"@id\":\"https:\/\/conversesacatalunya.cat\/es\/resconseguira-erc-gobernar-en-solitario\/#primaryimage\"},\"image\":{\"@id\":\"https:\/\/conversesacatalunya.cat\/es\/resconseguira-erc-gobernar-en-solitario\/#primaryimage\"},\"thumbnailUrl\":\"https:\/\/conversesacatalunya.cat\/wp-content\/uploads\/2021\/05\/Parlament-Catalunya.jpg\",\"datePublished\":\"2021-05-18T08:30:45+00:00\",\"dateModified\":\"2021-05-18T08:37:24+00:00\",\"author\":{\"@id\":\"https:\/\/conversesacatalunya.cat\/#\/schema\/person\/982274792508d804a0821b413c9ac076\"},\"breadcrumb\":{\"@id\":\"https:\/\/conversesacatalunya.cat\/es\/resconseguira-erc-gobernar-en-solitario\/#breadcrumb\"},\"inLanguage\":\"es\",\"potentialAction\":[{\"@type\":\"ReadAction\",\"target\":[\"https:\/\/conversesacatalunya.cat\/es\/resconseguira-erc-gobernar-en-solitario\/\"]}]},{\"@type\":\"ImageObject\",\"inLanguage\":\"es\",\"@id\":\"https:\/\/conversesacatalunya.cat\/es\/resconseguira-erc-gobernar-en-solitario\/#primaryimage\",\"url\":\"https:\/\/conversesacatalunya.cat\/wp-content\/uploads\/2021\/05\/Parlament-Catalunya.jpg\",\"contentUrl\":\"https:\/\/conversesacatalunya.cat\/wp-content\/uploads\/2021\/05\/Parlament-Catalunya.jpg\",\"width\":640,\"height\":442,\"caption\":\"Nou govern\"},{\"@type\":\"BreadcrumbList\",\"@id\":\"https:\/\/conversesacatalunya.cat\/es\/resconseguira-erc-gobernar-en-solitario\/#breadcrumb\",\"itemListElement\":[{\"@type\":\"ListItem\",\"position\":1,\"name\":\"Inici\",\"item\":\"https:\/\/conversesacatalunya.cat\/es\/\"},{\"@type\":\"ListItem\",\"position\":2,\"name\":\"Resultados de la encuesta anterior: \u00bfConseguir\u00e1 ERC gobernar en solitario?\"}]},{\"@type\":\"WebSite\",\"@id\":\"https:\/\/conversesacatalunya.cat\/#website\",\"url\":\"https:\/\/conversesacatalunya.cat\/\",\"name\":\"Converses a Catalunya\",\"description\":\"\",\"potentialAction\":[{\"@type\":\"SearchAction\",\"target\":{\"@type\":\"EntryPoint\",\"urlTemplate\":\"https:\/\/conversesacatalunya.cat\/?s={search_term_string}\"},\"query-input\":{\"@type\":\"PropertyValueSpecification\",\"valueRequired\":true,\"valueName\":\"search_term_string\"}}],\"inLanguage\":\"es\"},{\"@type\":\"Person\",\"@id\":\"https:\/\/conversesacatalunya.cat\/#\/schema\/person\/982274792508d804a0821b413c9ac076\",\"name\":\"conversesacatalunya\",\"image\":{\"@type\":\"ImageObject\",\"inLanguage\":\"es\",\"@id\":\"https:\/\/conversesacatalunya.cat\/#\/schema\/person\/image\/\",\"url\":\"https:\/\/conversesacatalunya.cat\/wp-content\/litespeed\/avatar\/f04b47eeffd9637c7cf7869e217fb9ec.jpg?ver=1777370077\",\"contentUrl\":\"https:\/\/conversesacatalunya.cat\/wp-content\/litespeed\/avatar\/f04b47eeffd9637c7cf7869e217fb9ec.jpg?ver=1777370077\",\"caption\":\"conversesacatalunya\"},\"url\":\"https:\/\/conversesacatalunya.cat\/es\/author\/muntsa_escola\/\"}]}<\/script>\n<!-- \/ Yoast SEO plugin. -->","yoast_head_json":{"title":"Resultados de la encuesta anterior: \u00bfConseguir\u00e1 ERC gobernar en solitario? - Converses a Catalunya","robots":{"index":"index","follow":"follow","max-snippet":"max-snippet:-1","max-image-preview":"max-image-preview:large","max-video-preview":"max-video-preview:-1"},"canonical":"https:\/\/conversesacatalunya.cat\/es\/resconseguira-erc-gobernar-en-solitario\/","og_locale":"es_ES","og_type":"article","og_title":"Resultados de la encuesta anterior: \u00bfConseguir\u00e1 ERC gobernar en solitario? - Converses a Catalunya","og_description":"En la encuesta anterior: \u00bfConseguir\u00e1 ERC gobernar en solitario? nuestros lectores han votado No un 79%, S\u00ed un 15% y No lo s\u00e9 un 6%. Esta vez nuestros votantes se han equivocado de lleno.\u00a0De hecho, y tal como iban las conversaciones y los reproches entre ambas formaciones pol\u00edticas,\u00a0la mayor\u00eda ve\u00eda imposible el acuerdo al que se lleg\u00f3 ayer. La posible convocatoria de unas nuevas elecciones, ha pesado mucho en la decisi\u00f3n.\u00a0Los votantes independentistas no habr\u00edan entendido esta repetici\u00f3n y por supuesto,\u00a0habr\u00eda habido un castigo\u00a0con sus votos. Las entidades soberanistas tambi\u00e9n pusieron mucha presi\u00f3n y al final los dos partidos han tenido que dejar sus diferencias a un lado.\u00a0Pero todo el proceso hasta llegar al acuerdo,\u00a0deja muchas heridas en el camino que ser\u00e1 dif\u00edcil cerrar. Tendremos nuevo Gobierno, pero este ser\u00e1 mirado con lupa por todos los partidos de la oposici\u00f3n y por la ciudadan\u00eda, cansada de tantas peleas y de que no se hable de lo que realmente importa en este momento, superar la pandemia y la crisis econ\u00f3mica que no ha hecho m\u00e1s que empezar. &nbsp; &nbsp;","og_url":"https:\/\/conversesacatalunya.cat\/es\/resconseguira-erc-gobernar-en-solitario\/","og_site_name":"Converses a Catalunya","article_published_time":"2021-05-18T08:30:45+00:00","article_modified_time":"2021-05-18T08:37:24+00:00","og_image":[{"width":640,"height":442,"url":"https:\/\/conversesacatalunya.cat\/wp-content\/uploads\/2021\/05\/Parlament-Catalunya.jpg","type":"image\/jpeg"}],"author":"conversesacatalunya","twitter_card":"summary_large_image","twitter_misc":{"Escrito por":"conversesacatalunya","Tiempo de lectura":"1 minuto"},"schema":{"@context":"https:\/\/schema.org","@graph":[{"@type":"Article","@id":"https:\/\/conversesacatalunya.cat\/es\/resconseguira-erc-gobernar-en-solitario\/#article","isPartOf":{"@id":"https:\/\/conversesacatalunya.cat\/es\/resconseguira-erc-gobernar-en-solitario\/"},"author":{"name":"conversesacatalunya","@id":"https:\/\/conversesacatalunya.cat\/#\/schema\/person\/982274792508d804a0821b413c9ac076"},"headline":"Resultados de la encuesta anterior: \u00bfConseguir\u00e1 ERC gobernar en solitario?","datePublished":"2021-05-18T08:30:45+00:00","dateModified":"2021-05-18T08:37:24+00:00","mainEntityOfPage":{"@id":"https:\/\/conversesacatalunya.cat\/es\/resconseguira-erc-gobernar-en-solitario\/"},"wordCount":208,"commentCount":0,"image":{"@id":"https:\/\/conversesacatalunya.cat\/es\/resconseguira-erc-gobernar-en-solitario\/#primaryimage"},"thumbnailUrl":"https:\/\/conversesacatalunya.cat\/wp-content\/uploads\/2021\/05\/Parlament-Catalunya.jpg","keywords":["elecciones 14-F","ERC","JxCat"],"articleSection":["Objectius espec\u00edfics (ES)"],"inLanguage":"es","potentialAction":[{"@type":"CommentAction","name":"Comment","target":["https:\/\/conversesacatalunya.cat\/es\/resconseguira-erc-gobernar-en-solitario\/#respond"]}]},{"@type":"WebPage","@id":"https:\/\/conversesacatalunya.cat\/es\/resconseguira-erc-gobernar-en-solitario\/","url":"https:\/\/conversesacatalunya.cat\/es\/resconseguira-erc-gobernar-en-solitario\/","name":"Resultados de la encuesta anterior: \u00bfConseguir\u00e1 ERC gobernar en solitario? - Converses a Catalunya","isPartOf":{"@id":"https:\/\/conversesacatalunya.cat\/#website"},"primaryImageOfPage":{"@id":"https:\/\/conversesacatalunya.cat\/es\/resconseguira-erc-gobernar-en-solitario\/#primaryimage"},"image":{"@id":"https:\/\/conversesacatalunya.cat\/es\/resconseguira-erc-gobernar-en-solitario\/#primaryimage"},"thumbnailUrl":"https:\/\/conversesacatalunya.cat\/wp-content\/uploads\/2021\/05\/Parlament-Catalunya.jpg","datePublished":"2021-05-18T08:30:45+00:00","dateModified":"2021-05-18T08:37:24+00:00","author":{"@id":"https:\/\/conversesacatalunya.cat\/#\/schema\/person\/982274792508d804a0821b413c9ac076"},"breadcrumb":{"@id":"https:\/\/conversesacatalunya.cat\/es\/resconseguira-erc-gobernar-en-solitario\/#breadcrumb"},"inLanguage":"es","potentialAction":[{"@type":"ReadAction","target":["https:\/\/conversesacatalunya.cat\/es\/resconseguira-erc-gobernar-en-solitario\/"]}]},{"@type":"ImageObject","inLanguage":"es","@id":"https:\/\/conversesacatalunya.cat\/es\/resconseguira-erc-gobernar-en-solitario\/#primaryimage","url":"https:\/\/conversesacatalunya.cat\/wp-content\/uploads\/2021\/05\/Parlament-Catalunya.jpg","contentUrl":"https:\/\/conversesacatalunya.cat\/wp-content\/uploads\/2021\/05\/Parlament-Catalunya.jpg","width":640,"height":442,"caption":"Nou govern"},{"@type":"BreadcrumbList","@id":"https:\/\/conversesacatalunya.cat\/es\/resconseguira-erc-gobernar-en-solitario\/#breadcrumb","itemListElement":[{"@type":"ListItem","position":1,"name":"Inici","item":"https:\/\/conversesacatalunya.cat\/es\/"},{"@type":"ListItem","position":2,"name":"Resultados de la encuesta anterior: \u00bfConseguir\u00e1 ERC gobernar en solitario?"}]},{"@type":"WebSite","@id":"https:\/\/conversesacatalunya.cat\/#website","url":"https:\/\/conversesacatalunya.cat\/","name":"Converses a Catalunya","description":"","potentialAction":[{"@type":"SearchAction","target":{"@type":"EntryPoint","urlTemplate":"https:\/\/conversesacatalunya.cat\/?s={search_term_string}"},"query-input":{"@type":"PropertyValueSpecification","valueRequired":true,"valueName":"search_term_string"}}],"inLanguage":"es"},{"@type":"Person","@id":"https:\/\/conversesacatalunya.cat\/#\/schema\/person\/982274792508d804a0821b413c9ac076","name":"conversesacatalunya","image":{"@type":"ImageObject","inLanguage":"es","@id":"https:\/\/conversesacatalunya.cat\/#\/schema\/person\/image\/","url":"https:\/\/conversesacatalunya.cat\/wp-content\/litespeed\/avatar\/f04b47eeffd9637c7cf7869e217fb9ec.jpg?ver=1777370077","contentUrl":"https:\/\/conversesacatalunya.cat\/wp-content\/litespeed\/avatar\/f04b47eeffd9637c7cf7869e217fb9ec.jpg?ver=1777370077","caption":"conversesacatalunya"},"url":"https:\/\/conversesacatalunya.cat\/es\/author\/muntsa_escola\/"}]}},"wps_subtitle":"","_links":{"self":[{"href":"https:\/\/conversesacatalunya.cat\/es\/wp-json\/wp\/v2\/posts\/48159","targetHints":{"allow":["GET"]}}],"collection":[{"href":"https:\/\/conversesacatalunya.cat\/es\/wp-json\/wp\/v2\/posts"}],"about":[{"href":"https:\/\/conversesacatalunya.cat\/es\/wp-json\/wp\/v2\/types\/post"}],"author":[{"embeddable":true,"href":"https:\/\/conversesacatalunya.cat\/es\/wp-json\/wp\/v2\/users\/3"}],"replies":[{"embeddable":true,"href":"https:\/\/conversesacatalunya.cat\/es\/wp-json\/wp\/v2\/comments?post=48159"}],"version-history":[{"count":2,"href":"https:\/\/conversesacatalunya.cat\/es\/wp-json\/wp\/v2\/posts\/48159\/revisions"}],"predecessor-version":[{"id":48161,"href":"https:\/\/conversesacatalunya.cat\/es\/wp-json\/wp\/v2\/posts\/48159\/revisions\/48161"}],"wp:featuredmedia":[{"embeddable":true,"href":"https:\/\/conversesacatalunya.cat\/es\/wp-json\/wp\/v2\/media\/48155"}],"wp:attachment":[{"href":"https:\/\/conversesacatalunya.cat\/es\/wp-json\/wp\/v2\/media?parent=48159"}],"wp:term":[{"taxonomy":"category","embeddable":true,"href":"https:\/\/conversesacatalunya.cat\/es\/wp-json\/wp\/v2\/categories?post=48159"},{"taxonomy":"post_tag","embeddable":true,"href":"https:\/\/conversesacatalunya.cat\/es\/wp-json\/wp\/v2\/tags?post=48159"}],"curies":[{"name":"wp","href":"https:\/\/api.w.org\/{rel}","templated":true}]}}