{"id":48145,"date":"2021-05-18T12:04:33","date_gmt":"2021-05-18T10:04:33","guid":{"rendered":"https:\/\/conversesacatalunya.cat\/?p=48145"},"modified":"2021-05-20T10:49:48","modified_gmt":"2021-05-20T08:49:48","slug":"inmigracion-la-crisis","status":"publish","type":"post","link":"https:\/\/conversesacatalunya.cat\/es\/inmigracion-la-crisis\/","title":{"rendered":"Inmigraci\u00f3n, la crisis insuperada de Europa"},"content":{"rendered":"<p>Europa no ha conseguido dar una respuesta unida y coherente a la inmigraci\u00f3n provocada por el\u00a0<a href=\"https:\/\/www.bbc.com\/mundo\/noticias-internacional-53991743\" target=\"_blank\" rel=\"noopener\">shock del 2015<\/a>, con la llegada masiva de inmigrantes a causa de la guerra civil siria, y m\u00e1s all\u00e1 de ella, por la pobreza e inestabilidad de Oriente Pr\u00f3ximo,<\/p>\n<p>El progresismo tiende a tranquilizar su conciencia se\u00f1alando a Hungr\u00eda y Polonia (que por cierto tiene una proporci\u00f3n nada peque\u00f1a de poblaci\u00f3n inmigrada), olvid\u00e1ndose de las pr\u00e1cticas francesas y sobre todo danesas. Solo hace falta ver el comportamiento real de S\u00e1nchez con la inmigraci\u00f3n concentrada en Canarias, o la falta de una respuesta social adecuada para los Menas, para constatar que el abordaje de la inmigraci\u00f3n conduce siempre a lo mismo: rechazo, o malas condiciones de acogida para los que pasan el filtro.<\/p>\n<p>Parece como si el problema solo pudiera moverse entre la hipocres\u00eda progresista o alimento del populismo. De lo que carecemos es de verdad, realidad y reflexi\u00f3n.<\/p>\n<h3>Dos discursos, un mismo resultado<\/h3>\n<p>En el fondo de aquellas dos concepciones antag\u00f3nicas en su planteamiento, y no tan distintas en cuanto a sus resultados reales, late una cuesti\u00f3n que no ha aflorado en la medida suficiente:<\/p>\n<p>\u00bfEs la inmigraci\u00f3n masiva la soluci\u00f3n a la negaci\u00f3n de tener hijos de buena parte de Europa, cuesti\u00f3n en la que Espa\u00f1a ocupa un papel destacado?<\/p>\n<p>La opini\u00f3n progresista, de una parte, de la tecnocracia, y com\u00fan en las \u00e9lites, es afirmativa. Es una respuesta sencilla para una realidad compleja: dado que no tenemos hijos, sustituy\u00e1moslos por los hijos de otras culturas y formaci\u00f3n, y adem\u00e1s hag\u00e1moslo a gran escala. Necesitamos gente que trabaje, que cotice a la Seguridad Social, y que cuide a nuestros mayores, porque nosotros ya no nos bastamos, y tambi\u00e9n -pero esto ya se dice menos- nos conviene mano de obra barata.<\/p>\n<p>Y como una parte creciente de la poblaci\u00f3n no quiere hijos o los quiere en escasa medida, y como en el caso espa\u00f1ol los que s\u00ed los desean se ven impedidos o limitados por pol\u00edticas p\u00fablicas disuasivas, cuando no contrarias, la inmigraci\u00f3n resulta deseable y la natalidad no. Adem\u00e1s, nos aporta una sociedad multicultural y diversa.<\/p>\n<p>\u00bfPero estamos seguros de que esto es as\u00ed, de que este discurso responde a la realidad de las cosas, o es una ficci\u00f3n, acaso un enga\u00f1o interesado?<\/p>\n<p>Veamos. En primer lugar, nuestro problema es crear ocupaci\u00f3n en un escenario cada vez menos propicio para el primer trabajo, y niveles de formaci\u00f3n bajos, excepto en el \u00e1mbito de los cuidadores de personas dependientes.<\/p>\n<p>Por otra parte, la idea de que cada hijo de menos, con su correspondiente capital social y capital humano, puede sustituirse por un inmigrante es un error colosal. Espa\u00f1a no es Estados Unidos ni Alemania. La inmigraci\u00f3n que viene aqu\u00ed no est\u00e1 especialmente cualificada, porque los que poseen esta condici\u00f3n buscan otros horizontes. Es l\u00f3gico que as\u00ed sea. No podemos pretender que tengamos inmigrantes de alta calificaci\u00f3n, con una estructura econ\u00f3mica dominada por el turismo, la construcci\u00f3n y los servicios extensivos en mano de obra, en la que las empresas de elevada productividad est\u00e1n escasamente representadas,<\/p>\n<p>Pero no se acaba aqu\u00ed la cuesti\u00f3n. El problema es tambi\u00e9n cultural e ideol\u00f3gico, porque no solo de pan vive el hombre. Como se\u00f1ala Ross Douthat en\u00a0<a href=\"https:\/\/www.planetadelibros.com\/prensa\/libro-la-sociedad-decadente\/2\/324587\" target=\"_blank\" rel=\"noopener\"><em>La Sociedad Decadente<\/em><\/a>, el entusiasmo progresista y tecnocr\u00e1tico por la inmigraci\u00f3n va acompa\u00f1ado de una concepci\u00f3n postfamiliar, que en la pr\u00e1ctica se convierte en abiertamente anti. Se rechaza la importancia de la familia y de la descendencia, y esto, en Espa\u00f1a ha conducido a pol\u00edticas que, de manera directa o colateral, la da\u00f1an y con ella a la natalidad. Este sesgo, una poblaci\u00f3n que envejece sin sustituci\u00f3n suficiente y la inmigraci\u00f3n, genera un conflicto porque agrava la sensaci\u00f3n de p\u00e9rdida de lo que es propio. En esta percepci\u00f3n, la rebeli\u00f3n est\u00e1 solo a un paso, y esto es lo que sucede en Europa y Estados Unidos con el florecimiento de los partidos y corrientes pol\u00edticas que explotan este malestar.<\/p>\n<h3>Necesitamos m\u00e1s familias y m\u00e1s descendencia<\/h3>\n<p>Douthat sostiene que, si las generaciones anteriores hubieran tenido un hijo m\u00e1s en cada familia, hoy la econom\u00eda ser\u00eda m\u00e1s robusta, la perspectiva de crecimiento mejor y la desigualdad menor. Existir\u00eda una comunidad fuerte en torno a su ancianidad, y un v\u00ednculo, tambi\u00e9n fuerte, con el futuro. En este contexto, Occidente necesitar\u00eda menos inmigrantes, pero le resultar\u00eda m\u00e1s f\u00e1cil abrirles la puerta y lo har\u00eda en mejores condiciones.<\/p>\n<p>Existe adem\u00e1s un choque cultural objetivo, que no se resuelve solo con buena voluntad. Sobre todo, con quienes proceden de culturas isl\u00e1micas. No hay cuesti\u00f3n: un inmigrante, sea cual sea su cultura, es id\u00e9ntico en dignidad a cualquier ciudadano espa\u00f1ol, pero esta afirmaci\u00f3n que comporta derechos, no evita la fricci\u00f3n cultural sobre todo cuando no existen las condiciones sociales adecuadas. El choque cultural lo sufren las personas de menores ingresos que conviven con ellos en los barrios donde se concentran los reci\u00e9n llegados. No son las \u00e9lites pol\u00edticas, culturales y econ\u00f3micas, quienes lo experimentan, y esto explica por qu\u00e9 el sustituto de la antigua hegemon\u00eda comunista en muchas barriadas de Europa sea la extrema derecha. No es la \u00fanica explicaci\u00f3n, pero forma parte de ella.<\/p>\n<p>La idea de ayudar abriendo las puertas a la inmigraci\u00f3n, incluso solo en las magnitudes alcanzadas hasta el 2019, no es evidente que conduzca al bien de los reci\u00e9n llegados, porque los situamos autom\u00e1ticamente en condiciones de vida penosas de dif\u00edcil superaci\u00f3n. Al mismo tiempo, su multiplicaci\u00f3n en las actuales condiciones tiende a crear conflictos que, sobre todo, se har\u00e1n sentir en la segunda generaci\u00f3n musulmana, y en los actuales reci\u00e9n llegados m\u00e1s j\u00f3venes. Su empoderamiento, que impulsa la izquierda sin aportar los medios necesarios para que resulte real, es una fuente de frustraci\u00f3n, y alimenta conflictos futuros.<\/p>\n<p>Solo podemos afrontar bien la inmigraci\u00f3n, si revitalizamos nuestras familias, si asumimos una descendencia m\u00e1s numerosa como un bien\u2026 y si nuestros gobiernos emprenden de una vez para siempre, una vigorosa pol\u00edtica en beneficio de la familia. Es decir, si disponemos de gobiernos que hagan lo contrario de lo que se ha venido practicando.<\/p>\n<p>Art\u00edculo publicado en La Vanguardia<\/p>\n<div id=\"polls-104\" class=\"wp-polls\">\n\t<form id=\"polls_form_104\" class=\"wp-polls-form\" action=\"\/index.php\" method=\"post\">\n\t\t<p style=\"display: none;\"><input type=\"hidden\" id=\"poll_104_nonce\" name=\"wp-polls-nonce\" value=\"8b87151c3a\" \/><\/p>\n\t\t<p style=\"display: none;\"><input type=\"hidden\" name=\"poll_id\" value=\"104\" \/><\/p>\n\t\t<p style=\"text-align: center\"><strong>Creieu que el Govern d'ERC i Junts per Catalunya durar\u00e0 tota la legislatura?<\/strong><\/p><div id=\"polls-104-ans\" class=\"wp-polls-ans\"><ul class=\"wp-polls-ul\">\n\t\t<li><input type=\"radio\" id=\"poll-answer-244\" name=\"poll_104\" value=\"244\" \/> <label for=\"poll-answer-244\">Si<\/label><\/li>\n\t\t<li><input type=\"radio\" id=\"poll-answer-245\" name=\"poll_104\" value=\"245\" \/> <label for=\"poll-answer-245\">No<\/label><\/li>\n\t\t<li><input type=\"radio\" id=\"poll-answer-246\" name=\"poll_104\" value=\"246\" \/> <label for=\"poll-answer-246\">No ho s\u00e9<\/label><\/li>\n\t\t<\/ul><p style=\"text-align: center\"><input type=\"button\" name=\"vote\" value=\"   Vota   \" class=\"Buttons\" onclick=\"poll_vote(104);\" \/><\/p><p style=\"text-align: center\"><a href=\"#ViewPollResults\" onclick=\"poll_result(104); return false;\" title=\"View Results Of This Poll\">Mira els resultats<\/a><\/p><\/div>\n\t<\/form>\n<\/div>\n<div id=\"polls-104-loading\" class=\"wp-polls-loading\"><img decoding=\"async\" data-src=\"https:\/\/conversesacatalunya.cat\/wp-content\/plugins\/wp-polls\/images\/loading.gif\" width=\"16\" height=\"16\" alt=\"Cargando ...\" title=\"Cargando ...\" class=\"wp-polls-image lazyload\" src=\"data:image\/svg+xml;base64,PHN2ZyB3aWR0aD0iMSIgaGVpZ2h0PSIxIiB4bWxucz0iaHR0cDovL3d3dy53My5vcmcvMjAwMC9zdmciPjwvc3ZnPg==\" style=\"--smush-placeholder-width: 16px; --smush-placeholder-aspect-ratio: 16\/16;\" \/>&nbsp;Cargando ...<\/div>\n\n","protected":false},"excerpt":{"rendered":"<p>Europa no ha conseguido dar una respuesta unida y coherente a la inmigraci\u00f3n provocada por el\u00a0shock del 2015, con la llegada masiva de inmigrantes a causa de la guerra civil siria, y m\u00e1s all\u00e1 de ella, por la pobreza e inestabilidad de Oriente Pr\u00f3ximo, El progresismo tiende a tranquilizar su conciencia se\u00f1alando a Hungr\u00eda y Polonia (que por cierto tiene una proporci\u00f3n nada peque\u00f1a de poblaci\u00f3n inmigrada), olvid\u00e1ndose de las pr\u00e1cticas francesas y sobre todo danesas. Solo hace falta ver el comportamiento real de S\u00e1nchez con la inmigraci\u00f3n concentrada en Canarias, o la falta de una respuesta social adecuada para los Menas, para constatar que el abordaje de la inmigraci\u00f3n conduce siempre a lo mismo: rechazo, o malas condiciones de acogida para los que pasan el filtro. Parece como si el problema solo pudiera moverse entre la hipocres\u00eda progresista o alimento del populismo. De lo que carecemos es de verdad, realidad y reflexi\u00f3n. Dos discursos, un mismo resultado En el fondo de aquellas dos concepciones antag\u00f3nicas en su planteamiento, y no tan distintas en cuanto a sus resultados reales, late una cuesti\u00f3n que no ha aflorado en la medida suficiente: \u00bfEs la inmigraci\u00f3n masiva la soluci\u00f3n a la negaci\u00f3n de tener hijos de buena parte de Europa, cuesti\u00f3n en la que Espa\u00f1a ocupa un papel destacado? La opini\u00f3n progresista, de una parte, de la tecnocracia, y com\u00fan en las \u00e9lites, es afirmativa. Es una respuesta sencilla para una realidad compleja: dado que no tenemos hijos, sustituy\u00e1moslos por los hijos de otras culturas y formaci\u00f3n, y adem\u00e1s hag\u00e1moslo a gran escala. Necesitamos gente que trabaje, que cotice a la Seguridad Social, y que cuide a nuestros mayores, porque nosotros ya no nos bastamos, y tambi\u00e9n -pero esto ya se dice menos- nos conviene mano de obra barata. Y como una parte creciente de la poblaci\u00f3n no quiere hijos o los quiere en escasa medida, y como en el caso espa\u00f1ol los que s\u00ed los desean se ven impedidos o limitados por pol\u00edticas p\u00fablicas disuasivas, cuando no contrarias, la inmigraci\u00f3n resulta deseable y la natalidad no. Adem\u00e1s, nos aporta una sociedad multicultural y diversa. \u00bfPero estamos seguros de que esto es as\u00ed, de que este discurso responde a la realidad de las cosas, o es una ficci\u00f3n, acaso un enga\u00f1o interesado? Veamos. En primer lugar, nuestro problema es crear ocupaci\u00f3n en un escenario cada vez menos propicio para el primer trabajo, y niveles de formaci\u00f3n bajos, excepto en el \u00e1mbito de los cuidadores de personas dependientes. Por otra parte, la idea de que cada hijo de menos, con su correspondiente capital social y capital humano, puede sustituirse por un inmigrante es un error colosal. Espa\u00f1a no es Estados Unidos ni Alemania. La inmigraci\u00f3n que viene aqu\u00ed no est\u00e1 especialmente cualificada, porque los que poseen esta condici\u00f3n buscan otros horizontes. Es l\u00f3gico que as\u00ed sea. No podemos pretender que tengamos inmigrantes de alta calificaci\u00f3n, con una estructura econ\u00f3mica dominada por el turismo, la construcci\u00f3n y los servicios extensivos en mano de obra, en la que las empresas de elevada productividad est\u00e1n escasamente representadas, Pero no se acaba aqu\u00ed la cuesti\u00f3n. El problema es tambi\u00e9n cultural e ideol\u00f3gico, porque no solo de pan vive el hombre. Como se\u00f1ala Ross Douthat en\u00a0La Sociedad Decadente, el entusiasmo progresista y tecnocr\u00e1tico por la inmigraci\u00f3n va acompa\u00f1ado de una concepci\u00f3n postfamiliar, que en la pr\u00e1ctica se convierte en abiertamente anti. Se rechaza la importancia de la familia y de la descendencia, y esto, en Espa\u00f1a ha conducido a pol\u00edticas que, de manera directa o colateral, la da\u00f1an y con ella a la natalidad. Este sesgo, una poblaci\u00f3n que envejece sin sustituci\u00f3n suficiente y la inmigraci\u00f3n, genera un conflicto porque agrava la sensaci\u00f3n de p\u00e9rdida de lo que es propio. En esta percepci\u00f3n, la rebeli\u00f3n est\u00e1 solo a un paso, y esto es lo que sucede en Europa y Estados Unidos con el florecimiento de los partidos y corrientes pol\u00edticas que explotan este malestar. Necesitamos m\u00e1s familias y m\u00e1s descendencia Douthat sostiene que, si las generaciones anteriores hubieran tenido un hijo m\u00e1s en cada familia, hoy la econom\u00eda ser\u00eda m\u00e1s robusta, la perspectiva de crecimiento mejor y la desigualdad menor. Existir\u00eda una comunidad fuerte en torno a su ancianidad, y un v\u00ednculo, tambi\u00e9n fuerte, con el futuro. En este contexto, Occidente necesitar\u00eda menos inmigrantes, pero le resultar\u00eda m\u00e1s f\u00e1cil abrirles la puerta y lo har\u00eda en mejores condiciones. Existe adem\u00e1s un choque cultural objetivo, que no se resuelve solo con buena voluntad. Sobre todo, con quienes proceden de culturas isl\u00e1micas. No hay cuesti\u00f3n: un inmigrante, sea cual sea su cultura, es id\u00e9ntico en dignidad a cualquier ciudadano espa\u00f1ol, pero esta afirmaci\u00f3n que comporta derechos, no evita la fricci\u00f3n cultural sobre todo cuando no existen las condiciones sociales adecuadas. El choque cultural lo sufren las personas de menores ingresos que conviven con ellos en los barrios donde se concentran los reci\u00e9n llegados. No son las \u00e9lites pol\u00edticas, culturales y econ\u00f3micas, quienes lo experimentan, y esto explica por qu\u00e9 el sustituto de la antigua hegemon\u00eda comunista en muchas barriadas de Europa sea la extrema derecha. No es la \u00fanica explicaci\u00f3n, pero forma parte de ella. La idea de ayudar abriendo las puertas a la inmigraci\u00f3n, incluso solo en las magnitudes alcanzadas hasta el 2019, no es evidente que conduzca al bien de los reci\u00e9n llegados, porque los situamos autom\u00e1ticamente en condiciones de vida penosas de dif\u00edcil superaci\u00f3n. Al mismo tiempo, su multiplicaci\u00f3n en las actuales condiciones tiende a crear conflictos que, sobre todo, se har\u00e1n sentir en la segunda generaci\u00f3n musulmana, y en los actuales reci\u00e9n llegados m\u00e1s j\u00f3venes. Su empoderamiento, que impulsa la izquierda sin aportar los medios necesarios para que resulte real, es una fuente de frustraci\u00f3n, y alimenta conflictos futuros. Solo podemos afrontar bien la inmigraci\u00f3n, si revitalizamos nuestras familias, si asumimos una descendencia m\u00e1s numerosa como un bien\u2026 y si nuestros gobiernos emprenden de una vez para siempre, una vigorosa pol\u00edtica en beneficio de la familia. Es decir, si disponemos de gobiernos que hagan lo contrario&#8230;<\/p>\n","protected":false},"author":19,"featured_media":48164,"comment_status":"open","ping_status":"open","sticky":false,"template":"","format":"standard","meta":{"_FSMCFIC_featured_image_caption":"","_FSMCFIC_featured_image_nocaption":"","_FSMCFIC_featured_image_hide":"","footnotes":""},"categories":[796,806],"tags":[1678,1315],"class_list":["post-48145","post","type-post","status-publish","format-standard","has-post-thumbnail","hentry","category-el-blog-de-josep-miro-i-ardevol-es","category-punts-claus-del-dia-es","tag-inmigracion","tag-natalidad"],"yoast_head":"<!-- This site is optimized with the Yoast SEO plugin v26.8 - https:\/\/yoast.com\/product\/yoast-seo-wordpress\/ -->\n<title>Inmigraci\u00f3n, la crisis insuperada de Europa - Converses a Catalunya<\/title>\n<meta name=\"robots\" content=\"index, follow, max-snippet:-1, max-image-preview:large, max-video-preview:-1\" \/>\n<link rel=\"canonical\" href=\"https:\/\/conversesacatalunya.cat\/es\/inmigracion-la-crisis\/\" \/>\n<meta property=\"og:locale\" content=\"es_ES\" \/>\n<meta property=\"og:type\" content=\"article\" \/>\n<meta property=\"og:title\" content=\"Inmigraci\u00f3n, la crisis insuperada de Europa - Converses a Catalunya\" \/>\n<meta property=\"og:description\" content=\"Europa no ha conseguido dar una respuesta unida y coherente a la inmigraci\u00f3n provocada por el\u00a0shock del 2015, con la llegada masiva de inmigrantes a causa de la guerra civil siria, y m\u00e1s all\u00e1 de ella, por la pobreza e inestabilidad de Oriente Pr\u00f3ximo, El progresismo tiende a tranquilizar su conciencia se\u00f1alando a Hungr\u00eda y Polonia (que por cierto tiene una proporci\u00f3n nada peque\u00f1a de poblaci\u00f3n inmigrada), olvid\u00e1ndose de las pr\u00e1cticas francesas y sobre todo danesas. Solo hace falta ver el comportamiento real de S\u00e1nchez con la inmigraci\u00f3n concentrada en Canarias, o la falta de una respuesta social adecuada para los Menas, para constatar que el abordaje de la inmigraci\u00f3n conduce siempre a lo mismo: rechazo, o malas condiciones de acogida para los que pasan el filtro. Parece como si el problema solo pudiera moverse entre la hipocres\u00eda progresista o alimento del populismo. De lo que carecemos es de verdad, realidad y reflexi\u00f3n. Dos discursos, un mismo resultado En el fondo de aquellas dos concepciones antag\u00f3nicas en su planteamiento, y no tan distintas en cuanto a sus resultados reales, late una cuesti\u00f3n que no ha aflorado en la medida suficiente: \u00bfEs la inmigraci\u00f3n masiva la soluci\u00f3n a la negaci\u00f3n de tener hijos de buena parte de Europa, cuesti\u00f3n en la que Espa\u00f1a ocupa un papel destacado? La opini\u00f3n progresista, de una parte, de la tecnocracia, y com\u00fan en las \u00e9lites, es afirmativa. Es una respuesta sencilla para una realidad compleja: dado que no tenemos hijos, sustituy\u00e1moslos por los hijos de otras culturas y formaci\u00f3n, y adem\u00e1s hag\u00e1moslo a gran escala. Necesitamos gente que trabaje, que cotice a la Seguridad Social, y que cuide a nuestros mayores, porque nosotros ya no nos bastamos, y tambi\u00e9n -pero esto ya se dice menos- nos conviene mano de obra barata. Y como una parte creciente de la poblaci\u00f3n no quiere hijos o los quiere en escasa medida, y como en el caso espa\u00f1ol los que s\u00ed los desean se ven impedidos o limitados por pol\u00edticas p\u00fablicas disuasivas, cuando no contrarias, la inmigraci\u00f3n resulta deseable y la natalidad no. Adem\u00e1s, nos aporta una sociedad multicultural y diversa. \u00bfPero estamos seguros de que esto es as\u00ed, de que este discurso responde a la realidad de las cosas, o es una ficci\u00f3n, acaso un enga\u00f1o interesado? Veamos. En primer lugar, nuestro problema es crear ocupaci\u00f3n en un escenario cada vez menos propicio para el primer trabajo, y niveles de formaci\u00f3n bajos, excepto en el \u00e1mbito de los cuidadores de personas dependientes. Por otra parte, la idea de que cada hijo de menos, con su correspondiente capital social y capital humano, puede sustituirse por un inmigrante es un error colosal. Espa\u00f1a no es Estados Unidos ni Alemania. La inmigraci\u00f3n que viene aqu\u00ed no est\u00e1 especialmente cualificada, porque los que poseen esta condici\u00f3n buscan otros horizontes. Es l\u00f3gico que as\u00ed sea. No podemos pretender que tengamos inmigrantes de alta calificaci\u00f3n, con una estructura econ\u00f3mica dominada por el turismo, la construcci\u00f3n y los servicios extensivos en mano de obra, en la que las empresas de elevada productividad est\u00e1n escasamente representadas, Pero no se acaba aqu\u00ed la cuesti\u00f3n. El problema es tambi\u00e9n cultural e ideol\u00f3gico, porque no solo de pan vive el hombre. Como se\u00f1ala Ross Douthat en\u00a0La Sociedad Decadente, el entusiasmo progresista y tecnocr\u00e1tico por la inmigraci\u00f3n va acompa\u00f1ado de una concepci\u00f3n postfamiliar, que en la pr\u00e1ctica se convierte en abiertamente anti. Se rechaza la importancia de la familia y de la descendencia, y esto, en Espa\u00f1a ha conducido a pol\u00edticas que, de manera directa o colateral, la da\u00f1an y con ella a la natalidad. Este sesgo, una poblaci\u00f3n que envejece sin sustituci\u00f3n suficiente y la inmigraci\u00f3n, genera un conflicto porque agrava la sensaci\u00f3n de p\u00e9rdida de lo que es propio. En esta percepci\u00f3n, la rebeli\u00f3n est\u00e1 solo a un paso, y esto es lo que sucede en Europa y Estados Unidos con el florecimiento de los partidos y corrientes pol\u00edticas que explotan este malestar. Necesitamos m\u00e1s familias y m\u00e1s descendencia Douthat sostiene que, si las generaciones anteriores hubieran tenido un hijo m\u00e1s en cada familia, hoy la econom\u00eda ser\u00eda m\u00e1s robusta, la perspectiva de crecimiento mejor y la desigualdad menor. Existir\u00eda una comunidad fuerte en torno a su ancianidad, y un v\u00ednculo, tambi\u00e9n fuerte, con el futuro. En este contexto, Occidente necesitar\u00eda menos inmigrantes, pero le resultar\u00eda m\u00e1s f\u00e1cil abrirles la puerta y lo har\u00eda en mejores condiciones. Existe adem\u00e1s un choque cultural objetivo, que no se resuelve solo con buena voluntad. Sobre todo, con quienes proceden de culturas isl\u00e1micas. No hay cuesti\u00f3n: un inmigrante, sea cual sea su cultura, es id\u00e9ntico en dignidad a cualquier ciudadano espa\u00f1ol, pero esta afirmaci\u00f3n que comporta derechos, no evita la fricci\u00f3n cultural sobre todo cuando no existen las condiciones sociales adecuadas. El choque cultural lo sufren las personas de menores ingresos que conviven con ellos en los barrios donde se concentran los reci\u00e9n llegados. No son las \u00e9lites pol\u00edticas, culturales y econ\u00f3micas, quienes lo experimentan, y esto explica por qu\u00e9 el sustituto de la antigua hegemon\u00eda comunista en muchas barriadas de Europa sea la extrema derecha. No es la \u00fanica explicaci\u00f3n, pero forma parte de ella. La idea de ayudar abriendo las puertas a la inmigraci\u00f3n, incluso solo en las magnitudes alcanzadas hasta el 2019, no es evidente que conduzca al bien de los reci\u00e9n llegados, porque los situamos autom\u00e1ticamente en condiciones de vida penosas de dif\u00edcil superaci\u00f3n. Al mismo tiempo, su multiplicaci\u00f3n en las actuales condiciones tiende a crear conflictos que, sobre todo, se har\u00e1n sentir en la segunda generaci\u00f3n musulmana, y en los actuales reci\u00e9n llegados m\u00e1s j\u00f3venes. Su empoderamiento, que impulsa la izquierda sin aportar los medios necesarios para que resulte real, es una fuente de frustraci\u00f3n, y alimenta conflictos futuros. Solo podemos afrontar bien la inmigraci\u00f3n, si revitalizamos nuestras familias, si asumimos una descendencia m\u00e1s numerosa como un bien\u2026 y si nuestros gobiernos emprenden de una vez para siempre, una vigorosa pol\u00edtica en beneficio de la familia. Es decir, si disponemos de gobiernos que hagan lo contrario...\" \/>\n<meta property=\"og:url\" content=\"https:\/\/conversesacatalunya.cat\/es\/inmigracion-la-crisis\/\" \/>\n<meta property=\"og:site_name\" content=\"Converses a Catalunya\" \/>\n<meta property=\"article:published_time\" content=\"2021-05-18T10:04:33+00:00\" \/>\n<meta property=\"article:modified_time\" content=\"2021-05-20T08:49:48+00:00\" \/>\n<meta property=\"og:image\" content=\"https:\/\/conversesacatalunya.cat\/wp-content\/uploads\/2021\/05\/inmigracion-europa.jpg\" \/>\n\t<meta property=\"og:image:width\" content=\"1024\" \/>\n\t<meta property=\"og:image:height\" content=\"658\" \/>\n\t<meta property=\"og:image:type\" content=\"image\/jpeg\" \/>\n<meta name=\"author\" content=\"Josep Mir\u00f3 i Ard\u00e8vol\" \/>\n<meta name=\"twitter:card\" content=\"summary_large_image\" \/>\n<meta name=\"twitter:label1\" content=\"Escrito por\" \/>\n\t<meta name=\"twitter:data1\" content=\"Josep Mir\u00f3 i Ard\u00e8vol\" \/>\n\t<meta name=\"twitter:label2\" content=\"Tiempo de lectura\" \/>\n\t<meta name=\"twitter:data2\" content=\"5 minutos\" \/>\n<script type=\"application\/ld+json\" class=\"yoast-schema-graph\">{\"@context\":\"https:\/\/schema.org\",\"@graph\":[{\"@type\":\"Article\",\"@id\":\"https:\/\/conversesacatalunya.cat\/es\/inmigracion-la-crisis\/#article\",\"isPartOf\":{\"@id\":\"https:\/\/conversesacatalunya.cat\/es\/inmigracion-la-crisis\/\"},\"author\":{\"name\":\"Josep Mir\u00f3 i Ard\u00e8vol\",\"@id\":\"https:\/\/conversesacatalunya.cat\/#\/schema\/person\/a9598a6786ba7d3d1c5e0de477b79370\"},\"headline\":\"Inmigraci\u00f3n, la crisis insuperada de Europa\",\"datePublished\":\"2021-05-18T10:04:33+00:00\",\"dateModified\":\"2021-05-20T08:49:48+00:00\",\"mainEntityOfPage\":{\"@id\":\"https:\/\/conversesacatalunya.cat\/es\/inmigracion-la-crisis\/\"},\"wordCount\":1129,\"commentCount\":0,\"image\":{\"@id\":\"https:\/\/conversesacatalunya.cat\/es\/inmigracion-la-crisis\/#primaryimage\"},\"thumbnailUrl\":\"https:\/\/conversesacatalunya.cat\/wp-content\/uploads\/2021\/05\/inmigracion-europa.jpg\",\"keywords\":[\"inmigraci\u00f3n\",\"Natalidad\"],\"articleSection\":[\"El Blog de Josep Mir\u00f3 i Ard\u00e8vol (ES)\",\"Punts clau del dia (ES)\"],\"inLanguage\":\"es\",\"potentialAction\":[{\"@type\":\"CommentAction\",\"name\":\"Comment\",\"target\":[\"https:\/\/conversesacatalunya.cat\/es\/inmigracion-la-crisis\/#respond\"]}]},{\"@type\":\"WebPage\",\"@id\":\"https:\/\/conversesacatalunya.cat\/es\/inmigracion-la-crisis\/\",\"url\":\"https:\/\/conversesacatalunya.cat\/es\/inmigracion-la-crisis\/\",\"name\":\"Inmigraci\u00f3n, la crisis insuperada de Europa - Converses a Catalunya\",\"isPartOf\":{\"@id\":\"https:\/\/conversesacatalunya.cat\/#website\"},\"primaryImageOfPage\":{\"@id\":\"https:\/\/conversesacatalunya.cat\/es\/inmigracion-la-crisis\/#primaryimage\"},\"image\":{\"@id\":\"https:\/\/conversesacatalunya.cat\/es\/inmigracion-la-crisis\/#primaryimage\"},\"thumbnailUrl\":\"https:\/\/conversesacatalunya.cat\/wp-content\/uploads\/2021\/05\/inmigracion-europa.jpg\",\"datePublished\":\"2021-05-18T10:04:33+00:00\",\"dateModified\":\"2021-05-20T08:49:48+00:00\",\"author\":{\"@id\":\"https:\/\/conversesacatalunya.cat\/#\/schema\/person\/a9598a6786ba7d3d1c5e0de477b79370\"},\"breadcrumb\":{\"@id\":\"https:\/\/conversesacatalunya.cat\/es\/inmigracion-la-crisis\/#breadcrumb\"},\"inLanguage\":\"es\",\"potentialAction\":[{\"@type\":\"ReadAction\",\"target\":[\"https:\/\/conversesacatalunya.cat\/es\/inmigracion-la-crisis\/\"]}]},{\"@type\":\"ImageObject\",\"inLanguage\":\"es\",\"@id\":\"https:\/\/conversesacatalunya.cat\/es\/inmigracion-la-crisis\/#primaryimage\",\"url\":\"https:\/\/conversesacatalunya.cat\/wp-content\/uploads\/2021\/05\/inmigracion-europa.jpg\",\"contentUrl\":\"https:\/\/conversesacatalunya.cat\/wp-content\/uploads\/2021\/05\/inmigracion-europa.jpg\",\"width\":1024,\"height\":658,\"caption\":\"inmigraci\u00f3n europa\"},{\"@type\":\"BreadcrumbList\",\"@id\":\"https:\/\/conversesacatalunya.cat\/es\/inmigracion-la-crisis\/#breadcrumb\",\"itemListElement\":[{\"@type\":\"ListItem\",\"position\":1,\"name\":\"Inici\",\"item\":\"https:\/\/conversesacatalunya.cat\/es\/\"},{\"@type\":\"ListItem\",\"position\":2,\"name\":\"Inmigraci\u00f3n, la crisis insuperada de Europa\"}]},{\"@type\":\"WebSite\",\"@id\":\"https:\/\/conversesacatalunya.cat\/#website\",\"url\":\"https:\/\/conversesacatalunya.cat\/\",\"name\":\"Converses a Catalunya\",\"description\":\"\",\"potentialAction\":[{\"@type\":\"SearchAction\",\"target\":{\"@type\":\"EntryPoint\",\"urlTemplate\":\"https:\/\/conversesacatalunya.cat\/?s={search_term_string}\"},\"query-input\":{\"@type\":\"PropertyValueSpecification\",\"valueRequired\":true,\"valueName\":\"search_term_string\"}}],\"inLanguage\":\"es\"},{\"@type\":\"Person\",\"@id\":\"https:\/\/conversesacatalunya.cat\/#\/schema\/person\/a9598a6786ba7d3d1c5e0de477b79370\",\"name\":\"Josep Mir\u00f3 i Ard\u00e8vol\",\"image\":{\"@type\":\"ImageObject\",\"inLanguage\":\"es\",\"@id\":\"https:\/\/conversesacatalunya.cat\/#\/schema\/person\/image\/\",\"url\":\"https:\/\/conversesacatalunya.cat\/wp-content\/litespeed\/avatar\/c37e3dc881857483d6694cdf98fdedea.jpg?ver=1777270381\",\"contentUrl\":\"https:\/\/conversesacatalunya.cat\/wp-content\/litespeed\/avatar\/c37e3dc881857483d6694cdf98fdedea.jpg?ver=1777270381\",\"caption\":\"Josep Mir\u00f3 i Ard\u00e8vol\"},\"url\":\"https:\/\/conversesacatalunya.cat\/es\/author\/josep-miro-i-ardevol\/\"}]}<\/script>\n<!-- \/ Yoast SEO plugin. -->","yoast_head_json":{"title":"Inmigraci\u00f3n, la crisis insuperada de Europa - Converses a Catalunya","robots":{"index":"index","follow":"follow","max-snippet":"max-snippet:-1","max-image-preview":"max-image-preview:large","max-video-preview":"max-video-preview:-1"},"canonical":"https:\/\/conversesacatalunya.cat\/es\/inmigracion-la-crisis\/","og_locale":"es_ES","og_type":"article","og_title":"Inmigraci\u00f3n, la crisis insuperada de Europa - Converses a Catalunya","og_description":"Europa no ha conseguido dar una respuesta unida y coherente a la inmigraci\u00f3n provocada por el\u00a0shock del 2015, con la llegada masiva de inmigrantes a causa de la guerra civil siria, y m\u00e1s all\u00e1 de ella, por la pobreza e inestabilidad de Oriente Pr\u00f3ximo, El progresismo tiende a tranquilizar su conciencia se\u00f1alando a Hungr\u00eda y Polonia (que por cierto tiene una proporci\u00f3n nada peque\u00f1a de poblaci\u00f3n inmigrada), olvid\u00e1ndose de las pr\u00e1cticas francesas y sobre todo danesas. Solo hace falta ver el comportamiento real de S\u00e1nchez con la inmigraci\u00f3n concentrada en Canarias, o la falta de una respuesta social adecuada para los Menas, para constatar que el abordaje de la inmigraci\u00f3n conduce siempre a lo mismo: rechazo, o malas condiciones de acogida para los que pasan el filtro. Parece como si el problema solo pudiera moverse entre la hipocres\u00eda progresista o alimento del populismo. De lo que carecemos es de verdad, realidad y reflexi\u00f3n. Dos discursos, un mismo resultado En el fondo de aquellas dos concepciones antag\u00f3nicas en su planteamiento, y no tan distintas en cuanto a sus resultados reales, late una cuesti\u00f3n que no ha aflorado en la medida suficiente: \u00bfEs la inmigraci\u00f3n masiva la soluci\u00f3n a la negaci\u00f3n de tener hijos de buena parte de Europa, cuesti\u00f3n en la que Espa\u00f1a ocupa un papel destacado? La opini\u00f3n progresista, de una parte, de la tecnocracia, y com\u00fan en las \u00e9lites, es afirmativa. Es una respuesta sencilla para una realidad compleja: dado que no tenemos hijos, sustituy\u00e1moslos por los hijos de otras culturas y formaci\u00f3n, y adem\u00e1s hag\u00e1moslo a gran escala. Necesitamos gente que trabaje, que cotice a la Seguridad Social, y que cuide a nuestros mayores, porque nosotros ya no nos bastamos, y tambi\u00e9n -pero esto ya se dice menos- nos conviene mano de obra barata. Y como una parte creciente de la poblaci\u00f3n no quiere hijos o los quiere en escasa medida, y como en el caso espa\u00f1ol los que s\u00ed los desean se ven impedidos o limitados por pol\u00edticas p\u00fablicas disuasivas, cuando no contrarias, la inmigraci\u00f3n resulta deseable y la natalidad no. Adem\u00e1s, nos aporta una sociedad multicultural y diversa. \u00bfPero estamos seguros de que esto es as\u00ed, de que este discurso responde a la realidad de las cosas, o es una ficci\u00f3n, acaso un enga\u00f1o interesado? Veamos. En primer lugar, nuestro problema es crear ocupaci\u00f3n en un escenario cada vez menos propicio para el primer trabajo, y niveles de formaci\u00f3n bajos, excepto en el \u00e1mbito de los cuidadores de personas dependientes. Por otra parte, la idea de que cada hijo de menos, con su correspondiente capital social y capital humano, puede sustituirse por un inmigrante es un error colosal. Espa\u00f1a no es Estados Unidos ni Alemania. La inmigraci\u00f3n que viene aqu\u00ed no est\u00e1 especialmente cualificada, porque los que poseen esta condici\u00f3n buscan otros horizontes. Es l\u00f3gico que as\u00ed sea. No podemos pretender que tengamos inmigrantes de alta calificaci\u00f3n, con una estructura econ\u00f3mica dominada por el turismo, la construcci\u00f3n y los servicios extensivos en mano de obra, en la que las empresas de elevada productividad est\u00e1n escasamente representadas, Pero no se acaba aqu\u00ed la cuesti\u00f3n. El problema es tambi\u00e9n cultural e ideol\u00f3gico, porque no solo de pan vive el hombre. Como se\u00f1ala Ross Douthat en\u00a0La Sociedad Decadente, el entusiasmo progresista y tecnocr\u00e1tico por la inmigraci\u00f3n va acompa\u00f1ado de una concepci\u00f3n postfamiliar, que en la pr\u00e1ctica se convierte en abiertamente anti. Se rechaza la importancia de la familia y de la descendencia, y esto, en Espa\u00f1a ha conducido a pol\u00edticas que, de manera directa o colateral, la da\u00f1an y con ella a la natalidad. Este sesgo, una poblaci\u00f3n que envejece sin sustituci\u00f3n suficiente y la inmigraci\u00f3n, genera un conflicto porque agrava la sensaci\u00f3n de p\u00e9rdida de lo que es propio. En esta percepci\u00f3n, la rebeli\u00f3n est\u00e1 solo a un paso, y esto es lo que sucede en Europa y Estados Unidos con el florecimiento de los partidos y corrientes pol\u00edticas que explotan este malestar. Necesitamos m\u00e1s familias y m\u00e1s descendencia Douthat sostiene que, si las generaciones anteriores hubieran tenido un hijo m\u00e1s en cada familia, hoy la econom\u00eda ser\u00eda m\u00e1s robusta, la perspectiva de crecimiento mejor y la desigualdad menor. Existir\u00eda una comunidad fuerte en torno a su ancianidad, y un v\u00ednculo, tambi\u00e9n fuerte, con el futuro. En este contexto, Occidente necesitar\u00eda menos inmigrantes, pero le resultar\u00eda m\u00e1s f\u00e1cil abrirles la puerta y lo har\u00eda en mejores condiciones. Existe adem\u00e1s un choque cultural objetivo, que no se resuelve solo con buena voluntad. Sobre todo, con quienes proceden de culturas isl\u00e1micas. No hay cuesti\u00f3n: un inmigrante, sea cual sea su cultura, es id\u00e9ntico en dignidad a cualquier ciudadano espa\u00f1ol, pero esta afirmaci\u00f3n que comporta derechos, no evita la fricci\u00f3n cultural sobre todo cuando no existen las condiciones sociales adecuadas. El choque cultural lo sufren las personas de menores ingresos que conviven con ellos en los barrios donde se concentran los reci\u00e9n llegados. No son las \u00e9lites pol\u00edticas, culturales y econ\u00f3micas, quienes lo experimentan, y esto explica por qu\u00e9 el sustituto de la antigua hegemon\u00eda comunista en muchas barriadas de Europa sea la extrema derecha. No es la \u00fanica explicaci\u00f3n, pero forma parte de ella. La idea de ayudar abriendo las puertas a la inmigraci\u00f3n, incluso solo en las magnitudes alcanzadas hasta el 2019, no es evidente que conduzca al bien de los reci\u00e9n llegados, porque los situamos autom\u00e1ticamente en condiciones de vida penosas de dif\u00edcil superaci\u00f3n. Al mismo tiempo, su multiplicaci\u00f3n en las actuales condiciones tiende a crear conflictos que, sobre todo, se har\u00e1n sentir en la segunda generaci\u00f3n musulmana, y en los actuales reci\u00e9n llegados m\u00e1s j\u00f3venes. Su empoderamiento, que impulsa la izquierda sin aportar los medios necesarios para que resulte real, es una fuente de frustraci\u00f3n, y alimenta conflictos futuros. Solo podemos afrontar bien la inmigraci\u00f3n, si revitalizamos nuestras familias, si asumimos una descendencia m\u00e1s numerosa como un bien\u2026 y si nuestros gobiernos emprenden de una vez para siempre, una vigorosa pol\u00edtica en beneficio de la familia. Es decir, si disponemos de gobiernos que hagan lo contrario...","og_url":"https:\/\/conversesacatalunya.cat\/es\/inmigracion-la-crisis\/","og_site_name":"Converses a Catalunya","article_published_time":"2021-05-18T10:04:33+00:00","article_modified_time":"2021-05-20T08:49:48+00:00","og_image":[{"width":1024,"height":658,"url":"https:\/\/conversesacatalunya.cat\/wp-content\/uploads\/2021\/05\/inmigracion-europa.jpg","type":"image\/jpeg"}],"author":"Josep Mir\u00f3 i Ard\u00e8vol","twitter_card":"summary_large_image","twitter_misc":{"Escrito por":"Josep Mir\u00f3 i Ard\u00e8vol","Tiempo de lectura":"5 minutos"},"schema":{"@context":"https:\/\/schema.org","@graph":[{"@type":"Article","@id":"https:\/\/conversesacatalunya.cat\/es\/inmigracion-la-crisis\/#article","isPartOf":{"@id":"https:\/\/conversesacatalunya.cat\/es\/inmigracion-la-crisis\/"},"author":{"name":"Josep Mir\u00f3 i Ard\u00e8vol","@id":"https:\/\/conversesacatalunya.cat\/#\/schema\/person\/a9598a6786ba7d3d1c5e0de477b79370"},"headline":"Inmigraci\u00f3n, la crisis insuperada de Europa","datePublished":"2021-05-18T10:04:33+00:00","dateModified":"2021-05-20T08:49:48+00:00","mainEntityOfPage":{"@id":"https:\/\/conversesacatalunya.cat\/es\/inmigracion-la-crisis\/"},"wordCount":1129,"commentCount":0,"image":{"@id":"https:\/\/conversesacatalunya.cat\/es\/inmigracion-la-crisis\/#primaryimage"},"thumbnailUrl":"https:\/\/conversesacatalunya.cat\/wp-content\/uploads\/2021\/05\/inmigracion-europa.jpg","keywords":["inmigraci\u00f3n","Natalidad"],"articleSection":["El Blog de Josep Mir\u00f3 i Ard\u00e8vol (ES)","Punts clau del dia (ES)"],"inLanguage":"es","potentialAction":[{"@type":"CommentAction","name":"Comment","target":["https:\/\/conversesacatalunya.cat\/es\/inmigracion-la-crisis\/#respond"]}]},{"@type":"WebPage","@id":"https:\/\/conversesacatalunya.cat\/es\/inmigracion-la-crisis\/","url":"https:\/\/conversesacatalunya.cat\/es\/inmigracion-la-crisis\/","name":"Inmigraci\u00f3n, la crisis insuperada de Europa - Converses a Catalunya","isPartOf":{"@id":"https:\/\/conversesacatalunya.cat\/#website"},"primaryImageOfPage":{"@id":"https:\/\/conversesacatalunya.cat\/es\/inmigracion-la-crisis\/#primaryimage"},"image":{"@id":"https:\/\/conversesacatalunya.cat\/es\/inmigracion-la-crisis\/#primaryimage"},"thumbnailUrl":"https:\/\/conversesacatalunya.cat\/wp-content\/uploads\/2021\/05\/inmigracion-europa.jpg","datePublished":"2021-05-18T10:04:33+00:00","dateModified":"2021-05-20T08:49:48+00:00","author":{"@id":"https:\/\/conversesacatalunya.cat\/#\/schema\/person\/a9598a6786ba7d3d1c5e0de477b79370"},"breadcrumb":{"@id":"https:\/\/conversesacatalunya.cat\/es\/inmigracion-la-crisis\/#breadcrumb"},"inLanguage":"es","potentialAction":[{"@type":"ReadAction","target":["https:\/\/conversesacatalunya.cat\/es\/inmigracion-la-crisis\/"]}]},{"@type":"ImageObject","inLanguage":"es","@id":"https:\/\/conversesacatalunya.cat\/es\/inmigracion-la-crisis\/#primaryimage","url":"https:\/\/conversesacatalunya.cat\/wp-content\/uploads\/2021\/05\/inmigracion-europa.jpg","contentUrl":"https:\/\/conversesacatalunya.cat\/wp-content\/uploads\/2021\/05\/inmigracion-europa.jpg","width":1024,"height":658,"caption":"inmigraci\u00f3n europa"},{"@type":"BreadcrumbList","@id":"https:\/\/conversesacatalunya.cat\/es\/inmigracion-la-crisis\/#breadcrumb","itemListElement":[{"@type":"ListItem","position":1,"name":"Inici","item":"https:\/\/conversesacatalunya.cat\/es\/"},{"@type":"ListItem","position":2,"name":"Inmigraci\u00f3n, la crisis insuperada de Europa"}]},{"@type":"WebSite","@id":"https:\/\/conversesacatalunya.cat\/#website","url":"https:\/\/conversesacatalunya.cat\/","name":"Converses a Catalunya","description":"","potentialAction":[{"@type":"SearchAction","target":{"@type":"EntryPoint","urlTemplate":"https:\/\/conversesacatalunya.cat\/?s={search_term_string}"},"query-input":{"@type":"PropertyValueSpecification","valueRequired":true,"valueName":"search_term_string"}}],"inLanguage":"es"},{"@type":"Person","@id":"https:\/\/conversesacatalunya.cat\/#\/schema\/person\/a9598a6786ba7d3d1c5e0de477b79370","name":"Josep Mir\u00f3 i Ard\u00e8vol","image":{"@type":"ImageObject","inLanguage":"es","@id":"https:\/\/conversesacatalunya.cat\/#\/schema\/person\/image\/","url":"https:\/\/conversesacatalunya.cat\/wp-content\/litespeed\/avatar\/c37e3dc881857483d6694cdf98fdedea.jpg?ver=1777270381","contentUrl":"https:\/\/conversesacatalunya.cat\/wp-content\/litespeed\/avatar\/c37e3dc881857483d6694cdf98fdedea.jpg?ver=1777270381","caption":"Josep Mir\u00f3 i Ard\u00e8vol"},"url":"https:\/\/conversesacatalunya.cat\/es\/author\/josep-miro-i-ardevol\/"}]}},"wps_subtitle":"","_links":{"self":[{"href":"https:\/\/conversesacatalunya.cat\/es\/wp-json\/wp\/v2\/posts\/48145","targetHints":{"allow":["GET"]}}],"collection":[{"href":"https:\/\/conversesacatalunya.cat\/es\/wp-json\/wp\/v2\/posts"}],"about":[{"href":"https:\/\/conversesacatalunya.cat\/es\/wp-json\/wp\/v2\/types\/post"}],"author":[{"embeddable":true,"href":"https:\/\/conversesacatalunya.cat\/es\/wp-json\/wp\/v2\/users\/19"}],"replies":[{"embeddable":true,"href":"https:\/\/conversesacatalunya.cat\/es\/wp-json\/wp\/v2\/comments?post=48145"}],"version-history":[{"count":2,"href":"https:\/\/conversesacatalunya.cat\/es\/wp-json\/wp\/v2\/posts\/48145\/revisions"}],"predecessor-version":[{"id":48166,"href":"https:\/\/conversesacatalunya.cat\/es\/wp-json\/wp\/v2\/posts\/48145\/revisions\/48166"}],"wp:featuredmedia":[{"embeddable":true,"href":"https:\/\/conversesacatalunya.cat\/es\/wp-json\/wp\/v2\/media\/48164"}],"wp:attachment":[{"href":"https:\/\/conversesacatalunya.cat\/es\/wp-json\/wp\/v2\/media?parent=48145"}],"wp:term":[{"taxonomy":"category","embeddable":true,"href":"https:\/\/conversesacatalunya.cat\/es\/wp-json\/wp\/v2\/categories?post=48145"},{"taxonomy":"post_tag","embeddable":true,"href":"https:\/\/conversesacatalunya.cat\/es\/wp-json\/wp\/v2\/tags?post=48145"}],"curies":[{"name":"wp","href":"https:\/\/api.w.org\/{rel}","templated":true}]}}