{"id":48079,"date":"2021-05-14T10:31:07","date_gmt":"2021-05-14T08:31:07","guid":{"rendered":"https:\/\/conversesacatalunya.cat\/leconomia-espanyola-creixera-malgrat-latur\/"},"modified":"2021-05-14T10:36:34","modified_gmt":"2021-05-14T08:36:34","slug":"la-economia-espanola-crecera-a-pesar-del-paro","status":"publish","type":"post","link":"https:\/\/conversesacatalunya.cat\/es\/la-economia-espanola-crecera-a-pesar-del-paro\/","title":{"rendered":"La econom\u00eda espa\u00f1ola crecer\u00e1 a pesar del paro"},"content":{"rendered":"<p>La Comisi\u00f3n Europea ha rectificado los c\u00e1lculos sobre la previsi\u00f3n de crecimiento del PIB de la Uni\u00f3n Europea. <strong>A pesar de los altos niveles de paro, se espera que la econom\u00eda espa\u00f1ola liderar\u00e1 el crecimiento de la UE<\/strong>. La revisi\u00f3n al alza en tres d\u00e9cimas para 2021, hasta el 5,9 %, y en un punto y medio para 2022, hasta el 6,8 %, con lo que Espa\u00f1a ser\u00e1 la econom\u00eda de la Uni\u00f3n Europea que m\u00e1s crezca en ambos ejercicios.<\/p>\n<p>Tras desplomarse un 10,8 % en 2020 por la covid-19, el PIB espa\u00f1ol recuperar\u00e1 en 2022 el nivel previo a la pandemia gracias a una recuperaci\u00f3n impulsada por la mejora de la demanda interna y externa y el efecto de los fondos de recuperaci\u00f3n europeos, que dar\u00e1n un \u00abimportante\u00bb impulso sobre todo el a\u00f1o pr\u00f3ximo, seg\u00fan el Ejecutivo comunitario.<\/p>\n<p>La econom\u00eda espa\u00f1ola, que sufri\u00f3 un derrumbe del 10,8% en 2020, el mayor del \u00e1rea, liderar\u00e1 el crecimiento de la zona euro gracias al levantamiento de las restricciones, a la llegada de 34.750 millones de euros de los fondos europeos entre este a\u00f1o y el que viene y a la implementaci\u00f3n de las reformas comprometidas. Bruselas adelanta tambi\u00e9n el momento en el que Espa\u00f1a recuperar\u00e1 el Producto Interior Bruto (PIB) previo al estallido de la pandemia. Lo har\u00e1 a finales de 2022, y no en 2023, como auguraba en las previsiones anteriores.<\/p>\n<p>Sin embargo, el Banco de Espa\u00f1a (BdE) <strong>no comparte el mismo entusiasmo que el gobierno y la Comisi\u00f3n Europea<\/strong>. La advertencia corresponde a \u00d3scar Arce, director General de Econom\u00eda y Estad\u00edstica del BdE y, por lo tanto, responsable del centro de estudios m\u00e1s potente de Espa\u00f1a. Y en su an\u00e1lisis, se\u00f1ala que la velocidad en el proceso de vacunaci\u00f3n, el ritmo al que las familias liberen los ahorros acumulados y la recuperaci\u00f3n del turismo ser\u00e1n factores clave.<\/p>\n<p>\u00abEn el m\u00e1s corto plazo, seguimos siendo muy dependientes de la evoluci\u00f3n de la enfermedad y seguimos dependiendo muy mucho de la marcha de la vacunaci\u00f3n\u00bb, explica el responsable del Banco de Espa\u00f1a, organismo que hoy ha publicado su Informe anual. El Gobierno mantiene que el 70% de la poblaci\u00f3n estar\u00e1 vacunada a final de verano, hito que muchas voces han apuntado que se antoja muy complicado. Desde el BdE se estima que el ritmo se \u00abha acelerado\u00bb de manera evidente en las \u00faltimas semanas y que \u00abpor supuesto\u00bb se puede alcanzar ese nivel. Pero s\u00f3lo \u00absi no hay contratiempos\u00bb, a\u00f1aden, algo que no se puede ni mucho menos descartar.<\/p>\n<p>\u00abLa evoluci\u00f3n econ\u00f3mica de los pr\u00f3ximos trimestres se ver\u00e1 adicionalmente influida por el ritmo al que se reducir\u00e1 la bolsa de ahorro acumulada por las familias espa\u00f1olas en 2020\u00bb, prosigue el supervisor. Los hogares tiene una bolsa de ahorro muy significativa que han acumulado desde el comienzo de la pandemia y, \u00aba medida que la evoluci\u00f3n de la pandemia mejore y se reduzca la incertidumbre\u00bb, cabe esperar que vayan haciendo uso de esos recursos \u00abe impulsen el consumo y la actividad\u00bb. Pero para ello tienen que tener una cierta seguridad y, por supuesto, una libertad de gasto de la que hasta ahora no han gozado.<\/p>\n<span class='bctt-click-to-tweet'><span class='bctt-ctt-text'><a href='https:\/\/twitter.com\/intent\/tweet?url=https%3A%2F%2Fconversesacatalunya.cat%2Fes%2Fla-economia-espanola-crecera-a-pesar-del-paro%2F&#038;text=A%20pesar%20de%20los%20altos%20niveles%20de%20paro%2C%20se%20espera%20que%20la%20econom%C3%ADa%20espa%C3%B1ola%20liderar%C3%A1%20el%20crecimiento%20de%20la%20UE.%20La%20revisi%C3%B3n%20al%20alza%20en%20tres%20d%C3%A9cimas%20para%202021%2C%20hasta%20el%205%2C9%20%25&#038;via=conversesacat&#038;related=conversesacat' target='_blank'rel=\"noopener noreferrer\">A pesar de los altos niveles de paro, se espera que la econom\u00eda espa\u00f1ola liderar\u00e1 el crecimiento de la UE. La revisi\u00f3n al alza en tres d\u00e9cimas para 2021, hasta el 5,9 % <\/a><\/span><a href='https:\/\/twitter.com\/intent\/tweet?url=https%3A%2F%2Fconversesacatalunya.cat%2Fes%2Fla-economia-espanola-crecera-a-pesar-del-paro%2F&#038;text=A%20pesar%20de%20los%20altos%20niveles%20de%20paro%2C%20se%20espera%20que%20la%20econom%C3%ADa%20espa%C3%B1ola%20liderar%C3%A1%20el%20crecimiento%20de%20la%20UE.%20La%20revisi%C3%B3n%20al%20alza%20en%20tres%20d%C3%A9cimas%20para%202021%2C%20hasta%20el%205%2C9%20%25&#038;via=conversesacat&#038;related=conversesacat' target='_blank' class='bctt-ctt-btn'rel=\"noopener noreferrer\">Compartir en X<\/a><\/span>\n<div id=\"polls-103\" class=\"wp-polls\">\n\t<form id=\"polls_form_103\" class=\"wp-polls-form\" action=\"\/index.php\" method=\"post\">\n\t\t<p style=\"display: none;\"><input type=\"hidden\" id=\"poll_103_nonce\" name=\"wp-polls-nonce\" value=\"0d077712bf\" \/><\/p>\n\t\t<p style=\"display: none;\"><input type=\"hidden\" name=\"poll_id\" value=\"103\" \/><\/p>\n\t\t<p style=\"text-align: center\"><strong>Aconseguir\u00e0 ERC governar en solitari?<\/strong><\/p><div id=\"polls-103-ans\" class=\"wp-polls-ans\"><ul class=\"wp-polls-ul\">\n\t\t<li><input type=\"radio\" id=\"poll-answer-241\" name=\"poll_103\" value=\"241\" \/> <label for=\"poll-answer-241\">S\u00ed<\/label><\/li>\n\t\t<li><input type=\"radio\" id=\"poll-answer-242\" name=\"poll_103\" value=\"242\" \/> <label for=\"poll-answer-242\">No<\/label><\/li>\n\t\t<li><input type=\"radio\" id=\"poll-answer-243\" name=\"poll_103\" value=\"243\" \/> <label for=\"poll-answer-243\">No ho s\u00e9<\/label><\/li>\n\t\t<\/ul><p style=\"text-align: center\"><input type=\"button\" name=\"vote\" value=\"   Vota   \" class=\"Buttons\" onclick=\"poll_vote(103);\" \/><\/p><p style=\"text-align: center\"><a href=\"#ViewPollResults\" onclick=\"poll_result(103); return false;\" title=\"View Results Of This Poll\">Mira els resultats<\/a><\/p><\/div>\n\t<\/form>\n<\/div>\n<div id=\"polls-103-loading\" class=\"wp-polls-loading\"><img decoding=\"async\" data-src=\"https:\/\/conversesacatalunya.cat\/wp-content\/plugins\/wp-polls\/images\/loading.gif\" width=\"16\" height=\"16\" alt=\"Cargando ...\" title=\"Cargando ...\" class=\"wp-polls-image lazyload\" src=\"data:image\/svg+xml;base64,PHN2ZyB3aWR0aD0iMSIgaGVpZ2h0PSIxIiB4bWxucz0iaHR0cDovL3d3dy53My5vcmcvMjAwMC9zdmciPjwvc3ZnPg==\" style=\"--smush-placeholder-width: 16px; --smush-placeholder-aspect-ratio: 16\/16;\" \/>&nbsp;Cargando ...<\/div>\n\n","protected":false},"excerpt":{"rendered":"<p>La Comisi\u00f3n Europea ha rectificado los c\u00e1lculos sobre la previsi\u00f3n de crecimiento del PIB de la Uni\u00f3n Europea. A pesar de los altos niveles de paro, se espera que la econom\u00eda espa\u00f1ola liderar\u00e1 el crecimiento de la UE. La revisi\u00f3n al alza en tres d\u00e9cimas para 2021, hasta el 5,9 %, y en un punto y medio para 2022, hasta el 6,8 %, con lo que Espa\u00f1a ser\u00e1 la econom\u00eda de la Uni\u00f3n Europea que m\u00e1s crezca en ambos ejercicios. Tras desplomarse un 10,8 % en 2020 por la covid-19, el PIB espa\u00f1ol recuperar\u00e1 en 2022 el nivel previo a la pandemia gracias a una recuperaci\u00f3n impulsada por la mejora de la demanda interna y externa y el efecto de los fondos de recuperaci\u00f3n europeos, que dar\u00e1n un \u00abimportante\u00bb impulso sobre todo el a\u00f1o pr\u00f3ximo, seg\u00fan el Ejecutivo comunitario. La econom\u00eda espa\u00f1ola, que sufri\u00f3 un derrumbe del 10,8% en 2020, el mayor del \u00e1rea, liderar\u00e1 el crecimiento de la zona euro gracias al levantamiento de las restricciones, a la llegada de 34.750 millones de euros de los fondos europeos entre este a\u00f1o y el que viene y a la implementaci\u00f3n de las reformas comprometidas. Bruselas adelanta tambi\u00e9n el momento en el que Espa\u00f1a recuperar\u00e1 el Producto Interior Bruto (PIB) previo al estallido de la pandemia. Lo har\u00e1 a finales de 2022, y no en 2023, como auguraba en las previsiones anteriores. Sin embargo, el Banco de Espa\u00f1a (BdE) no comparte el mismo entusiasmo que el gobierno y la Comisi\u00f3n Europea. La advertencia corresponde a \u00d3scar Arce, director General de Econom\u00eda y Estad\u00edstica del BdE y, por lo tanto, responsable del centro de estudios m\u00e1s potente de Espa\u00f1a. Y en su an\u00e1lisis, se\u00f1ala que la velocidad en el proceso de vacunaci\u00f3n, el ritmo al que las familias liberen los ahorros acumulados y la recuperaci\u00f3n del turismo ser\u00e1n factores clave. \u00abEn el m\u00e1s corto plazo, seguimos siendo muy dependientes de la evoluci\u00f3n de la enfermedad y seguimos dependiendo muy mucho de la marcha de la vacunaci\u00f3n\u00bb, explica el responsable del Banco de Espa\u00f1a, organismo que hoy ha publicado su Informe anual. El Gobierno mantiene que el 70% de la poblaci\u00f3n estar\u00e1 vacunada a final de verano, hito que muchas voces han apuntado que se antoja muy complicado. Desde el BdE se estima que el ritmo se \u00abha acelerado\u00bb de manera evidente en las \u00faltimas semanas y que \u00abpor supuesto\u00bb se puede alcanzar ese nivel. Pero s\u00f3lo \u00absi no hay contratiempos\u00bb, a\u00f1aden, algo que no se puede ni mucho menos descartar. \u00abLa evoluci\u00f3n econ\u00f3mica de los pr\u00f3ximos trimestres se ver\u00e1 adicionalmente influida por el ritmo al que se reducir\u00e1 la bolsa de ahorro acumulada por las familias espa\u00f1olas en 2020\u00bb, prosigue el supervisor. Los hogares tiene una bolsa de ahorro muy significativa que han acumulado desde el comienzo de la pandemia y, \u00aba medida que la evoluci\u00f3n de la pandemia mejore y se reduzca la incertidumbre\u00bb, cabe esperar que vayan haciendo uso de esos recursos \u00abe impulsen el consumo y la actividad\u00bb. Pero para ello tienen que tener una cierta seguridad y, por supuesto, una libertad de gasto de la que hasta ahora no han gozado.<\/p>\n","protected":false},"author":20,"featured_media":48056,"comment_status":"open","ping_status":"open","sticky":false,"template":"","format":"standard","meta":{"_FSMCFIC_featured_image_caption":"","_FSMCFIC_featured_image_nocaption":"","_FSMCFIC_featured_image_hide":"","footnotes":""},"categories":[806],"tags":[1683,1579],"class_list":["post-48079","post","type-post","status-publish","format-standard","has-post-thumbnail","hentry","category-punts-claus-del-dia-es","tag-comision-europea-es","tag-paro"],"yoast_head":"<!-- This site is optimized with the Yoast SEO plugin v26.8 - https:\/\/yoast.com\/product\/yoast-seo-wordpress\/ -->\n<title>La econom\u00eda espa\u00f1ola crecer\u00e1 a pesar del paro - Converses a Catalunya<\/title>\n<meta name=\"description\" content=\"Seg\u00fan la Comisi\u00f3n Europea la econom\u00eda espa\u00f1ola liderar\u00e1 el crecimiento econ\u00f3mico de la Uni\u00f3n Europea, a pesar de tener paro muy alto\" \/>\n<meta name=\"robots\" content=\"index, follow, max-snippet:-1, max-image-preview:large, max-video-preview:-1\" \/>\n<link rel=\"canonical\" href=\"https:\/\/conversesacatalunya.cat\/es\/la-economia-espanola-crecera-a-pesar-del-paro\/\" \/>\n<meta property=\"og:locale\" content=\"es_ES\" \/>\n<meta property=\"og:type\" content=\"article\" \/>\n<meta property=\"og:title\" content=\"La econom\u00eda espa\u00f1ola crecer\u00e1 a pesar del paro - Converses a Catalunya\" \/>\n<meta property=\"og:description\" content=\"Seg\u00fan la Comisi\u00f3n Europea la econom\u00eda espa\u00f1ola liderar\u00e1 el crecimiento econ\u00f3mico de la Uni\u00f3n Europea, a pesar de tener paro muy alto\" \/>\n<meta property=\"og:url\" content=\"https:\/\/conversesacatalunya.cat\/es\/la-economia-espanola-crecera-a-pesar-del-paro\/\" \/>\n<meta property=\"og:site_name\" content=\"Converses a Catalunya\" \/>\n<meta property=\"article:published_time\" content=\"2021-05-14T08:31:07+00:00\" \/>\n<meta property=\"article:modified_time\" content=\"2021-05-14T08:36:34+00:00\" \/>\n<meta property=\"og:image\" content=\"https:\/\/conversesacatalunya.cat\/wp-content\/uploads\/2021\/05\/Capture-5.png\" \/>\n\t<meta property=\"og:image:width\" content=\"1019\" \/>\n\t<meta property=\"og:image:height\" content=\"691\" \/>\n\t<meta property=\"og:image:type\" content=\"image\/png\" \/>\n<meta name=\"author\" content=\"conversesacatalunya\" \/>\n<meta name=\"twitter:card\" content=\"summary_large_image\" \/>\n<meta name=\"twitter:label1\" content=\"Escrito por\" \/>\n\t<meta name=\"twitter:data1\" content=\"conversesacatalunya\" \/>\n\t<meta name=\"twitter:label2\" content=\"Tiempo de lectura\" \/>\n\t<meta name=\"twitter:data2\" content=\"3 minutos\" \/>\n<script type=\"application\/ld+json\" class=\"yoast-schema-graph\">{\"@context\":\"https:\/\/schema.org\",\"@graph\":[{\"@type\":\"Article\",\"@id\":\"https:\/\/conversesacatalunya.cat\/es\/la-economia-espanola-crecera-a-pesar-del-paro\/#article\",\"isPartOf\":{\"@id\":\"https:\/\/conversesacatalunya.cat\/es\/la-economia-espanola-crecera-a-pesar-del-paro\/\"},\"author\":{\"name\":\"conversesacatalunya\",\"@id\":\"https:\/\/conversesacatalunya.cat\/#\/schema\/person\/a7a9496a363cd9847daf7cd659d92e64\"},\"headline\":\"La econom\u00eda espa\u00f1ola crecer\u00e1 a pesar del paro\",\"datePublished\":\"2021-05-14T08:31:07+00:00\",\"dateModified\":\"2021-05-14T08:36:34+00:00\",\"mainEntityOfPage\":{\"@id\":\"https:\/\/conversesacatalunya.cat\/es\/la-economia-espanola-crecera-a-pesar-del-paro\/\"},\"wordCount\":604,\"commentCount\":0,\"image\":{\"@id\":\"https:\/\/conversesacatalunya.cat\/es\/la-economia-espanola-crecera-a-pesar-del-paro\/#primaryimage\"},\"thumbnailUrl\":\"https:\/\/conversesacatalunya.cat\/wp-content\/uploads\/2021\/05\/Capture-5.png\",\"keywords\":[\"comisi\u00f3n europea\",\"Paro\"],\"articleSection\":[\"Punts clau del dia (ES)\"],\"inLanguage\":\"es\",\"potentialAction\":[{\"@type\":\"CommentAction\",\"name\":\"Comment\",\"target\":[\"https:\/\/conversesacatalunya.cat\/es\/la-economia-espanola-crecera-a-pesar-del-paro\/#respond\"]}]},{\"@type\":\"WebPage\",\"@id\":\"https:\/\/conversesacatalunya.cat\/es\/la-economia-espanola-crecera-a-pesar-del-paro\/\",\"url\":\"https:\/\/conversesacatalunya.cat\/es\/la-economia-espanola-crecera-a-pesar-del-paro\/\",\"name\":\"La econom\u00eda espa\u00f1ola crecer\u00e1 a pesar del paro - Converses a Catalunya\",\"isPartOf\":{\"@id\":\"https:\/\/conversesacatalunya.cat\/#website\"},\"primaryImageOfPage\":{\"@id\":\"https:\/\/conversesacatalunya.cat\/es\/la-economia-espanola-crecera-a-pesar-del-paro\/#primaryimage\"},\"image\":{\"@id\":\"https:\/\/conversesacatalunya.cat\/es\/la-economia-espanola-crecera-a-pesar-del-paro\/#primaryimage\"},\"thumbnailUrl\":\"https:\/\/conversesacatalunya.cat\/wp-content\/uploads\/2021\/05\/Capture-5.png\",\"datePublished\":\"2021-05-14T08:31:07+00:00\",\"dateModified\":\"2021-05-14T08:36:34+00:00\",\"author\":{\"@id\":\"https:\/\/conversesacatalunya.cat\/#\/schema\/person\/a7a9496a363cd9847daf7cd659d92e64\"},\"description\":\"Seg\u00fan la Comisi\u00f3n Europea la econom\u00eda espa\u00f1ola liderar\u00e1 el crecimiento econ\u00f3mico de la Uni\u00f3n Europea, a pesar de tener paro muy alto\",\"breadcrumb\":{\"@id\":\"https:\/\/conversesacatalunya.cat\/es\/la-economia-espanola-crecera-a-pesar-del-paro\/#breadcrumb\"},\"inLanguage\":\"es\",\"potentialAction\":[{\"@type\":\"ReadAction\",\"target\":[\"https:\/\/conversesacatalunya.cat\/es\/la-economia-espanola-crecera-a-pesar-del-paro\/\"]}]},{\"@type\":\"ImageObject\",\"inLanguage\":\"es\",\"@id\":\"https:\/\/conversesacatalunya.cat\/es\/la-economia-espanola-crecera-a-pesar-del-paro\/#primaryimage\",\"url\":\"https:\/\/conversesacatalunya.cat\/wp-content\/uploads\/2021\/05\/Capture-5.png\",\"contentUrl\":\"https:\/\/conversesacatalunya.cat\/wp-content\/uploads\/2021\/05\/Capture-5.png\",\"width\":1019,\"height\":691,\"caption\":\"espanyola\"},{\"@type\":\"BreadcrumbList\",\"@id\":\"https:\/\/conversesacatalunya.cat\/es\/la-economia-espanola-crecera-a-pesar-del-paro\/#breadcrumb\",\"itemListElement\":[{\"@type\":\"ListItem\",\"position\":1,\"name\":\"Inici\",\"item\":\"https:\/\/conversesacatalunya.cat\/es\/\"},{\"@type\":\"ListItem\",\"position\":2,\"name\":\"La econom\u00eda espa\u00f1ola crecer\u00e1 a pesar del paro\"}]},{\"@type\":\"WebSite\",\"@id\":\"https:\/\/conversesacatalunya.cat\/#website\",\"url\":\"https:\/\/conversesacatalunya.cat\/\",\"name\":\"Converses a Catalunya\",\"description\":\"\",\"potentialAction\":[{\"@type\":\"SearchAction\",\"target\":{\"@type\":\"EntryPoint\",\"urlTemplate\":\"https:\/\/conversesacatalunya.cat\/?s={search_term_string}\"},\"query-input\":{\"@type\":\"PropertyValueSpecification\",\"valueRequired\":true,\"valueName\":\"search_term_string\"}}],\"inLanguage\":\"es\"},{\"@type\":\"Person\",\"@id\":\"https:\/\/conversesacatalunya.cat\/#\/schema\/person\/a7a9496a363cd9847daf7cd659d92e64\",\"name\":\"conversesacatalunya\",\"image\":{\"@type\":\"ImageObject\",\"inLanguage\":\"es\",\"@id\":\"https:\/\/conversesacatalunya.cat\/#\/schema\/person\/image\/\",\"url\":\"https:\/\/conversesacatalunya.cat\/wp-content\/litespeed\/avatar\/ff91582b44ff9c880dc9c5ac2f5c7e89.jpg?ver=1777372947\",\"contentUrl\":\"https:\/\/conversesacatalunya.cat\/wp-content\/litespeed\/avatar\/ff91582b44ff9c880dc9c5ac2f5c7e89.jpg?ver=1777372947\",\"caption\":\"conversesacatalunya\"},\"url\":\"https:\/\/conversesacatalunya.cat\/es\/author\/francisco_garcia\/\"}]}<\/script>\n<!-- \/ Yoast SEO plugin. -->","yoast_head_json":{"title":"La econom\u00eda espa\u00f1ola crecer\u00e1 a pesar del paro - Converses a Catalunya","description":"Seg\u00fan la Comisi\u00f3n Europea la econom\u00eda espa\u00f1ola liderar\u00e1 el crecimiento econ\u00f3mico de la Uni\u00f3n Europea, a pesar de tener paro muy alto","robots":{"index":"index","follow":"follow","max-snippet":"max-snippet:-1","max-image-preview":"max-image-preview:large","max-video-preview":"max-video-preview:-1"},"canonical":"https:\/\/conversesacatalunya.cat\/es\/la-economia-espanola-crecera-a-pesar-del-paro\/","og_locale":"es_ES","og_type":"article","og_title":"La econom\u00eda espa\u00f1ola crecer\u00e1 a pesar del paro - Converses a Catalunya","og_description":"Seg\u00fan la Comisi\u00f3n Europea la econom\u00eda espa\u00f1ola liderar\u00e1 el crecimiento econ\u00f3mico de la Uni\u00f3n Europea, a pesar de tener paro muy alto","og_url":"https:\/\/conversesacatalunya.cat\/es\/la-economia-espanola-crecera-a-pesar-del-paro\/","og_site_name":"Converses a Catalunya","article_published_time":"2021-05-14T08:31:07+00:00","article_modified_time":"2021-05-14T08:36:34+00:00","og_image":[{"width":1019,"height":691,"url":"https:\/\/conversesacatalunya.cat\/wp-content\/uploads\/2021\/05\/Capture-5.png","type":"image\/png"}],"author":"conversesacatalunya","twitter_card":"summary_large_image","twitter_misc":{"Escrito por":"conversesacatalunya","Tiempo de lectura":"3 minutos"},"schema":{"@context":"https:\/\/schema.org","@graph":[{"@type":"Article","@id":"https:\/\/conversesacatalunya.cat\/es\/la-economia-espanola-crecera-a-pesar-del-paro\/#article","isPartOf":{"@id":"https:\/\/conversesacatalunya.cat\/es\/la-economia-espanola-crecera-a-pesar-del-paro\/"},"author":{"name":"conversesacatalunya","@id":"https:\/\/conversesacatalunya.cat\/#\/schema\/person\/a7a9496a363cd9847daf7cd659d92e64"},"headline":"La econom\u00eda espa\u00f1ola crecer\u00e1 a pesar del paro","datePublished":"2021-05-14T08:31:07+00:00","dateModified":"2021-05-14T08:36:34+00:00","mainEntityOfPage":{"@id":"https:\/\/conversesacatalunya.cat\/es\/la-economia-espanola-crecera-a-pesar-del-paro\/"},"wordCount":604,"commentCount":0,"image":{"@id":"https:\/\/conversesacatalunya.cat\/es\/la-economia-espanola-crecera-a-pesar-del-paro\/#primaryimage"},"thumbnailUrl":"https:\/\/conversesacatalunya.cat\/wp-content\/uploads\/2021\/05\/Capture-5.png","keywords":["comisi\u00f3n europea","Paro"],"articleSection":["Punts clau del dia (ES)"],"inLanguage":"es","potentialAction":[{"@type":"CommentAction","name":"Comment","target":["https:\/\/conversesacatalunya.cat\/es\/la-economia-espanola-crecera-a-pesar-del-paro\/#respond"]}]},{"@type":"WebPage","@id":"https:\/\/conversesacatalunya.cat\/es\/la-economia-espanola-crecera-a-pesar-del-paro\/","url":"https:\/\/conversesacatalunya.cat\/es\/la-economia-espanola-crecera-a-pesar-del-paro\/","name":"La econom\u00eda espa\u00f1ola crecer\u00e1 a pesar del paro - Converses a Catalunya","isPartOf":{"@id":"https:\/\/conversesacatalunya.cat\/#website"},"primaryImageOfPage":{"@id":"https:\/\/conversesacatalunya.cat\/es\/la-economia-espanola-crecera-a-pesar-del-paro\/#primaryimage"},"image":{"@id":"https:\/\/conversesacatalunya.cat\/es\/la-economia-espanola-crecera-a-pesar-del-paro\/#primaryimage"},"thumbnailUrl":"https:\/\/conversesacatalunya.cat\/wp-content\/uploads\/2021\/05\/Capture-5.png","datePublished":"2021-05-14T08:31:07+00:00","dateModified":"2021-05-14T08:36:34+00:00","author":{"@id":"https:\/\/conversesacatalunya.cat\/#\/schema\/person\/a7a9496a363cd9847daf7cd659d92e64"},"description":"Seg\u00fan la Comisi\u00f3n Europea la econom\u00eda espa\u00f1ola liderar\u00e1 el crecimiento econ\u00f3mico de la Uni\u00f3n Europea, a pesar de tener paro muy alto","breadcrumb":{"@id":"https:\/\/conversesacatalunya.cat\/es\/la-economia-espanola-crecera-a-pesar-del-paro\/#breadcrumb"},"inLanguage":"es","potentialAction":[{"@type":"ReadAction","target":["https:\/\/conversesacatalunya.cat\/es\/la-economia-espanola-crecera-a-pesar-del-paro\/"]}]},{"@type":"ImageObject","inLanguage":"es","@id":"https:\/\/conversesacatalunya.cat\/es\/la-economia-espanola-crecera-a-pesar-del-paro\/#primaryimage","url":"https:\/\/conversesacatalunya.cat\/wp-content\/uploads\/2021\/05\/Capture-5.png","contentUrl":"https:\/\/conversesacatalunya.cat\/wp-content\/uploads\/2021\/05\/Capture-5.png","width":1019,"height":691,"caption":"espanyola"},{"@type":"BreadcrumbList","@id":"https:\/\/conversesacatalunya.cat\/es\/la-economia-espanola-crecera-a-pesar-del-paro\/#breadcrumb","itemListElement":[{"@type":"ListItem","position":1,"name":"Inici","item":"https:\/\/conversesacatalunya.cat\/es\/"},{"@type":"ListItem","position":2,"name":"La econom\u00eda espa\u00f1ola crecer\u00e1 a pesar del paro"}]},{"@type":"WebSite","@id":"https:\/\/conversesacatalunya.cat\/#website","url":"https:\/\/conversesacatalunya.cat\/","name":"Converses a Catalunya","description":"","potentialAction":[{"@type":"SearchAction","target":{"@type":"EntryPoint","urlTemplate":"https:\/\/conversesacatalunya.cat\/?s={search_term_string}"},"query-input":{"@type":"PropertyValueSpecification","valueRequired":true,"valueName":"search_term_string"}}],"inLanguage":"es"},{"@type":"Person","@id":"https:\/\/conversesacatalunya.cat\/#\/schema\/person\/a7a9496a363cd9847daf7cd659d92e64","name":"conversesacatalunya","image":{"@type":"ImageObject","inLanguage":"es","@id":"https:\/\/conversesacatalunya.cat\/#\/schema\/person\/image\/","url":"https:\/\/conversesacatalunya.cat\/wp-content\/litespeed\/avatar\/ff91582b44ff9c880dc9c5ac2f5c7e89.jpg?ver=1777372947","contentUrl":"https:\/\/conversesacatalunya.cat\/wp-content\/litespeed\/avatar\/ff91582b44ff9c880dc9c5ac2f5c7e89.jpg?ver=1777372947","caption":"conversesacatalunya"},"url":"https:\/\/conversesacatalunya.cat\/es\/author\/francisco_garcia\/"}]}},"wps_subtitle":"Seg\u00fan la Comisi\u00f3n Europea la econom\u00eda espa\u00f1ola liderar\u00e1 el crecimiento econ\u00f3mico de la Uni\u00f3n Europea, a pesar de tener una de las tasas m\u00e1s altas de paro","_links":{"self":[{"href":"https:\/\/conversesacatalunya.cat\/es\/wp-json\/wp\/v2\/posts\/48079","targetHints":{"allow":["GET"]}}],"collection":[{"href":"https:\/\/conversesacatalunya.cat\/es\/wp-json\/wp\/v2\/posts"}],"about":[{"href":"https:\/\/conversesacatalunya.cat\/es\/wp-json\/wp\/v2\/types\/post"}],"author":[{"embeddable":true,"href":"https:\/\/conversesacatalunya.cat\/es\/wp-json\/wp\/v2\/users\/20"}],"replies":[{"embeddable":true,"href":"https:\/\/conversesacatalunya.cat\/es\/wp-json\/wp\/v2\/comments?post=48079"}],"version-history":[{"count":2,"href":"https:\/\/conversesacatalunya.cat\/es\/wp-json\/wp\/v2\/posts\/48079\/revisions"}],"predecessor-version":[{"id":48083,"href":"https:\/\/conversesacatalunya.cat\/es\/wp-json\/wp\/v2\/posts\/48079\/revisions\/48083"}],"wp:featuredmedia":[{"embeddable":true,"href":"https:\/\/conversesacatalunya.cat\/es\/wp-json\/wp\/v2\/media\/48056"}],"wp:attachment":[{"href":"https:\/\/conversesacatalunya.cat\/es\/wp-json\/wp\/v2\/media?parent=48079"}],"wp:term":[{"taxonomy":"category","embeddable":true,"href":"https:\/\/conversesacatalunya.cat\/es\/wp-json\/wp\/v2\/categories?post=48079"},{"taxonomy":"post_tag","embeddable":true,"href":"https:\/\/conversesacatalunya.cat\/es\/wp-json\/wp\/v2\/tags?post=48079"}],"curies":[{"name":"wp","href":"https:\/\/api.w.org\/{rel}","templated":true}]}}