{"id":48018,"date":"2021-05-13T11:05:04","date_gmt":"2021-05-13T09:05:04","guid":{"rendered":"https:\/\/conversesacatalunya.cat\/?p=48018"},"modified":"2021-05-14T12:28:40","modified_gmt":"2021-05-14T10:28:40","slug":"patentes-vacunacion-mundial","status":"publish","type":"post","link":"https:\/\/conversesacatalunya.cat\/es\/patentes-vacunacion-mundial\/","title":{"rendered":"\u00bfLiberar las patentes de las vacunas aumentar\u00eda el nivel de vacunaci\u00f3n mundial?"},"content":{"rendered":"<p>Ante las dificultades que se est\u00e1n presentado para poder vacunar a todas las personas que lo necesitan y deseen hacerlo a nivel mundial, una soluci\u00f3n que se propone es liberar la producci\u00f3n de las vacunas de las patentes que ahora existen, pues, al parecer, pueden restringir su fabricaci\u00f3n<\/p>\n<h4><strong>En este sentido, se ha planteado, y se est\u00e1 planteando en estos d\u00edas, un debate a nivel internacional sobre si se deber\u00eda o no promover la liberalizaci\u00f3n de las patentes para la producci\u00f3n de la vacuna, existiendo opiniones favorables y contrarias.<\/strong><\/h4>\n<p>En relaci\u00f3n con ello, el pasado 27 de abril, el doctor Abel Nova, m\u00e9dico de Familia y miembro del Grupo de Trabajo de Bio\u00e9tica de la SEMFYC,\u00a0<strong><a href=\"https:\/\/www.diariomedico.com\/medicina\/medicina-preventiva\/opinion\/dudas-con-los-certificados-serologicos-y-el-pasaporte-vacunal-como-atajos-hacia-la-normalidad.html\" target=\"_blank\" rel=\"noopener\">conced\u00eda una entrevista<\/a><\/strong>\u00a0relacionada con el \u00abpasaporte de vacunaci\u00f3n\u00bb, en la que afirmaba que \u201ces urgente eliminar las patentes para facilitar el acceso mundial a las vacunas\u201d; pero, a nuestro juicio, el problema no es tan sencillo.<\/p>\n<p>Nosotros lo abordamos\u00a0<strong><a href=\"https:\/\/www.observatoriobioetica.org\/2021\/03\/la-justicia-distributiva-un-imperativo-etico-en-la-vacunacion-contra-la-covid-19\/35450\" target=\"_blank\" rel=\"noopener\">en un Informe del Observatorio de Bio\u00e9tica<\/a>\u00a0<\/strong>de la Universidad Cat\u00f3lica de Valencia, el pasado mes de marzo. En \u00e9l manifest\u00e1bamos que \u201cuna coalici\u00f3n de pa\u00edses, liderada por India y Sud\u00e1frica, han pedido a la OMS que las farmac\u00e9uticas renuncien a los derechos de propiedad, para que as\u00ed se puedan producir \u00abvacunas gen\u00e9ricas\u00bb. La OMS ha recibido con inter\u00e9s la propuesta, aunque la Uni\u00f3n Europea y los Estados Unidos se muestran esc\u00e9pticos ante la misma, pues \u201clas patentes garantizan la obtenci\u00f3n de los beneficios necesarios para que las farmac\u00e9uticas puedan seguir investigando\u201d.<\/p>\n<h4><strong>La \u00abvacunaci\u00f3n universal\u00bb, a nuestro juicio, plantea de entrada dos cuestiones: <\/strong><\/h4>\n<p>primero, poder fabricar suficiente n\u00famero de vacunas para que est\u00e9n disponibles en el mercado internacional las necesarias para conseguir una inmunidad de grupo a nivel mundial, y segundo, que puedan acceder a ellas con facilidad todos los pa\u00edses, especialmente los m\u00e1s pobres.<\/p>\n<p><strong>En relaci\u00f3n con el primer aspecto<\/strong>,\u00a0<strong><a href=\"https:\/\/www.diariomedico.com\/medicina\/politica\/que-riesgos-puede-entranar-la-liberalizacion-de-patentes.html\" target=\"_blank\" rel=\"noopener\">la Universidad Duke, de Estados Unidos, afirma<\/a><\/strong>\u00a0que la producci\u00f3n de vacunas alcanzar\u00e1 este a\u00f1o las 14.000 millones de dosis, cifra que, a su juicio, parece suficiente para vacunar al 70% de la poblaci\u00f3n mundial, pues para ello bastar\u00eda con disponer de 11.000 millones.<\/p>\n<p><strong>En relaci\u00f3n con el segundo aspecto<\/strong>, se trata de promover iniciativas sociales, como COVAX, y disminuir los costes de producci\u00f3n de las vacunas, ayudando a las firmas farmac\u00e9uticas con incentivos econ\u00f3micos que faciliten dicha pol\u00edtica, aunque tambi\u00e9n se propone liberar de patentes la fabricaci\u00f3n de las vacunas.<\/p>\n<p>El pasado 27 de abril, el portavoz de Salud P\u00fablica de la Uni\u00f3n Europea,\u00a0<strong><a href=\"https:\/\/www.diariomedico.com\/politica\/las-patentes-de-las-vacunas-no-son-el-problema-sino-mas-bien-parte-de-la-solucion.html\" target=\"_blank\" rel=\"noopener\">Stefan de Keermaecker<\/a><\/strong>, manifestaba que si fracasan las soluciones voluntarias para garantizar el acceso a las vacunas contra la\u00a0<a href=\"https:\/\/www.observatoriobioetica.org\/?s=COVID-19\"><strong>COVID-19<\/strong><\/a>\u00a0de todos pa\u00edses, especialmente los econ\u00f3micamente m\u00e1s d\u00e9biles, se plantea la soluci\u00f3n de promover las \u00ablicencias obligatorias\u00bb, pues a su juicio, \u201cla protecci\u00f3n por las patentes de la propiedad intelectual, con sus controles y equilibrios, no es una dificultad para conseguir la vacunaci\u00f3n universal, sino que m\u00e1s bien es parte de la soluci\u00f3n. Lo que, seg\u00fan \u00e9l, se necesita\u201d es el aumento de su producci\u00f3n, por lo que, dada la complejidad t\u00e9cnica, los gobiernos deben facilitar una amplia cooperaci\u00f3n industrial\u201d. Esta es, a su juicio, \u201cla mejor manera de acelerar el suministro de vacunas contra la COVID-19 en la Uni\u00f3n Europea y en todo el mundo y de abordar una efectiva vacunaci\u00f3n contra las variantes del virus que se vayan produciendo\u201d.<\/p>\n<p>Por otro lado,<a href=\"https:\/\/www.diariomedico.com\/medicina\/politica\/que-riesgos-puede-entranar-la-liberalizacion-de-patentes.html\" target=\"_blank\" rel=\"noopener\"><strong>\u00a0el Comit\u00e9 de Bio\u00e9tica de la UNESCO<\/strong><\/a>, con fecha 24 de febrero, afirmaba que \u201clos derechos de propiedad protegen algunas libertades fundamentales, como la de investigaci\u00f3n y el derecho a la propiedad intelectual\u201d, por lo que la existencia de las patentes, garantiza dichos derechos. Pero, adicionalmente manifestaba que, \u201cen un contexto extraordinario, como la actual pandemia, se deben poner a punto las necesarias medidas extraordinarias para conseguir que la vacunaci\u00f3n llegue a todos los pa\u00edses\u201d.<\/p>\n<p>Lo que no parece claro es, que la liberalizaci\u00f3n de la producci\u00f3n de vacunas, sea una soluci\u00f3n positiva para su producci\u00f3n por un<img decoding=\"async\" class=\"wp-image-35458 alignright lazyload\" data-src=\"https:\/\/www.observatoriobioetica.org\/wp-content\/uploads\/2021\/03\/cuadradavacunas-300x278.jpg\" data-sizes=\"(max-width: 201px) 100vw, 201px\" data-srcset=\"https:\/\/www.observatoriobioetica.org\/wp-content\/uploads\/2021\/03\/cuadradavacunas-300x278.jpg 300w, https:\/\/www.observatoriobioetica.org\/wp-content\/uploads\/2021\/03\/cuadradavacunas.jpg 388w\" alt=\"\" width=\"201\" height=\"186\" src=\"data:image\/svg+xml;base64,PHN2ZyB3aWR0aD0iMSIgaGVpZ2h0PSIxIiB4bWxucz0iaHR0cDovL3d3dy53My5vcmcvMjAwMC9zdmciPjwvc3ZnPg==\" style=\"--smush-placeholder-width: 201px; --smush-placeholder-aspect-ratio: 201\/186;\" \/>\u00a0mayor n\u00famero de pa\u00edses, pues la complejidad de su elaboraci\u00f3n, especialmente las vacunas mRNA, es grande, pues para producir la variante de Pfizer se utilizan alrededor de 280 productos diferentes, que son suministrados a la farmac\u00e9utica por 86 proveedores distintos, pertenecientes a 19 pa\u00edses\u00a0<a href=\"https:\/\/www.diariomedico.com\/medicina\/politica\/que-riesgos-puede-entranar-la-liberalizacion-de-patentes.html\" target=\"_blank\" rel=\"noopener\"><strong>(ver AQU\u00cd)<\/strong><\/a>. Adem\u00e1s, el n\u00famero de pruebas que se requiere para garantizar una adecuada calidad de las vacunas, seguramente no est\u00e1 al alcance de todos los pa\u00edses, pues carecen de la suficiente tecnolog\u00eda para ello.<\/p>\n<p>Como se ve existen opiniones de personas y organismos favorables a la liberalizaci\u00f3n de patentes para la producci\u00f3n de vacunas, pues seg\u00fan ellos <strong>con el sistema actual las vacunas no llegan a todas la personas y pa\u00edses que las necesitan.<\/strong><\/p>\n<p>Pero naturalmente existen\u00a0<strong><a href=\"https:\/\/www.diariomedico.com\/medicina\/politica\/que-riesgos-puede-entranar-la-liberalizacion-de-patentes.html\" target=\"_blank\" rel=\"noopener\">opiniones contrarias<\/a><\/strong>, como es la de Gonzalo Ulloa, experto jurista en este campo, el cual afirma que el tema es complejo \u201cpor lo que no se puede simplificar contemplando solamente su aspecto social, que lo tienen, pero no es el \u00fanico\u201d. De todas formas, sigue afirmando, \u201cque en Espa\u00f1a est\u00e1 vigente la ley de patentes que contempla la concesi\u00f3n de \u00ablicencias obligatorias\u00bb por motivos de inter\u00e9s p\u00fablico, licencias que posiblemente podr\u00edan solucionar el problema\u201d; pero de lo que no tenemos conocimiento es si en la mayor\u00eda de los pa\u00edses est\u00e1 vigente dicha posibilidad, pues seg\u00fan Pere Ibern, de la Universidad Pompeu Fabra de Barcelona, \u201cdesafortunadamente no se ha desarrollado suficientemente por parte de los pa\u00edses dicha posibilidad\u201d.<\/p>\n<p>De mayor calado es la opini\u00f3n de los l\u00edderes europeos reunidos el pasado 8 de mayo en Lisboa para debatir sobre temas relacionados con al Covid-19. Entre ellos, naturalmente, se ha tratado el tema de la liberaci\u00f3n de las patentes para fabricar las vacunas. En relaci\u00f3n con ello, el presidente franc\u00e9s Emmanuel Macron piensa que la liberaci\u00f3n de las patentes \u201cno es un chaleco antibalas m\u00e1gico para solucionar el problema\u201d. En el mismo sentido, Angela Merkel estima que la liberaci\u00f3n de las patentes \u201cpodr\u00eda socavar los esfuerzos que se est\u00e1n haciendo para conseguir vacunas contra las posibles mutantes del coronavirus\u201d, a\u00f1adiendo, adem\u00e1s, que esta media \u201cpuede tener mas riesgos que beneficios\u201d, a la vez que \u201cno cree que liberar las patentes para fabricar las vacunas sea la soluci\u00f3n para hacer llegar \u00e9stas a m\u00e1s personas\u201d<strong><a href=\"https:\/\/apnews.com\/article\/europe-technology-patents-coronavirus-pandemic-health-570081abd85da67f009f24ecda7cd998\" target=\"_blank\" rel=\"noopener\">\u00a0(ver AQU\u00cd)<\/a><\/strong>.<\/p>\n<p>A nuestro juicio, en el fondo del debate, subyace la idea que, sin patentes, ser\u00e1 dif\u00edcil que las empresas farmac\u00e9uticas logren los beneficios necesarios para seguir innovando y produciendo nuevas vacunas, pues es sabido que, para conseguir un producto farmac\u00e9utico comercial, seg\u00fan el \u201cTUFTS Center of Drugs Development\u201d, se requieren alrededor de 2500 millones de d\u00f3lares.<\/p>\n<p><img decoding=\"async\" class=\"wp-image-35015 alignleft lazyload\" data-src=\"https:\/\/www.observatoriobioetica.org\/wp-content\/uploads\/2021\/01\/cuadradavacunas-300x267.jpg\" data-sizes=\"(max-width: 183px) 100vw, 183px\" data-srcset=\"https:\/\/www.observatoriobioetica.org\/wp-content\/uploads\/2021\/01\/cuadradavacunas-300x267.jpg 300w, https:\/\/www.observatoriobioetica.org\/wp-content\/uploads\/2021\/01\/cuadradavacunas.jpg 494w\" alt=\"\" width=\"183\" height=\"163\" src=\"data:image\/svg+xml;base64,PHN2ZyB3aWR0aD0iMSIgaGVpZ2h0PSIxIiB4bWxucz0iaHR0cDovL3d3dy53My5vcmcvMjAwMC9zdmciPjwvc3ZnPg==\" style=\"--smush-placeholder-width: 183px; --smush-placeholder-aspect-ratio: 183\/163;\" \/>Pero para que las vacunas puedan llegar a todos los pa\u00edses, y especialmente a los econ\u00f3micamente m\u00e1s d\u00e9biles, parece que<strong> una buena soluci\u00f3n es apoyar el programa COVAX, una iniciativa de la OMS, sin fines de lucro, encaminada a facilitar la llegada de las vacunas a la poblaci\u00f3n de los pa\u00edses en v\u00edas de desarrollo<\/strong>. COVAX, ha conseguido hasta el momento reunir m\u00e1s de 2000 millones de d\u00f3lares para lograr sus fines, aunque a su juicio, para que se pueda alcanzar la vacunaci\u00f3n de un 20% de la poblaci\u00f3n mundial, se necesitar\u00edan 4600 millones.<\/p>\n<h4>En este debate, tambi\u00e9n es de inter\u00e9s<strong> conocer los aspectos \u00e9tico-morales<\/strong> que el mismo suscita.<\/h4>\n<p>En ese sentido, la Congregaci\u00f3n para la Doctrina de la Fe, a trav\u00e9s de \u00abla Comisi\u00f3n Vaticana Covid-19\u00bb, manifiesta la necesidad de que las vacunas est\u00e9n disponibles y accesibles a todos, para evitar la \u201cmarginalidad terap\u00e9utica\u201d, pues si existe la posibilidad de curar una enfermedad con un medicamento, \u00e9ste deber\u00eda estar al alcance de todos, de lo contrario se cometer\u00eda una injustica, ser\u00eda un delito contra la justicia distributiva, justicia que debe llegar especialmente a los m\u00e1s vulnerables y necesitados de todas las regiones del planeta\u201d. Pero tambi\u00e9n, la misma Comisi\u00f3n sostiene que dado que las vacunas no son un recurso (como el aire y los mares), ni un descubrimiento natural (como el genoma u otras estructuras biol\u00f3gicas), sino que es un invento producido por el ingenio humano, es posible someterlas a la disciplina econ\u00f3mica, lo cual permitir\u00eda compensar los costos de la investigaci\u00f3n y el riesgo que han asumido las empresas. Sin embargo, dada su importancia para la salud p\u00fablica, las vacunas deben ser vistas como un bien al que todos tengan acceso indiscriminadamente, seg\u00fan el principio del destino universal de los bienes,\u00a0<a href=\"http:\/\/www.vatican.va\/content\/francesco\/es\/speeches\/2020\/september\/documents\/papa-francesco_20200919_banco-farmaceutico.html\" target=\"_blank\" rel=\"noopener\"><strong>mencionado por el Papa Francisco\u201d<\/strong><\/a>. Adem\u00e1s, el Papa tambi\u00e9n afirma que no deben colocarse las leyes del mercado y de las patentes por encima de las leyes del amor y de la salud de la humanidad\u00a0<strong><a href=\"http:\/\/www.vatican.va\/content\/francesco\/es\/messages\/urbi\/documents\/papa-francesco_20201225_urbi-et-orbi-natale.html\" target=\"_blank\" rel=\"noopener\">(ver AQU\u00cd)<\/a>.<\/strong><\/p>\n<p>En relaci\u00f3n con todo ello,\u00a0<strong><a href=\"https:\/\/www.diariomedico.com\/medicina\/politica\/que-riesgos-puede-entranar-la-liberalizacion-de-patentes.html\" target=\"_blank\" rel=\"noopener\">Ngozi Okonjo-Iweala<\/a><\/strong>, directora de la Organizaci\u00f3n Mundial de Comercio, manifestaba en este mismo mes de mayo en una entrevista concedida a la BBC brit\u00e1nica, que \u201csu organizaci\u00f3n est\u00e1 dividida entre los que defienden que se promueva la liberalizaci\u00f3n de las vacunas y los que sostienen que esta no es la soluci\u00f3n, pues lo que hay es un problema de escasez de materias primas y de dificultad para la importaci\u00f3n y explotaci\u00f3n de las misma y tambi\u00e9n la necesidad de m\u00e1s plantas farmac\u00e9uticas acondicionadas para la fabricaci\u00f3n de las vacunas\u201d, por lo que en su opini\u00f3n \u201cel objetivo deber\u00eda ser poner vacunas a disposici\u00f3n de todos los pa\u00edses a un precio razonable, a lo que nosotros a\u00f1adimos que en dicho objetivo tambi\u00e9n deber\u00edan introducirse soluciones como el programa COVAX anteriormente referido.<\/p>\n<p>Como se comprueba, es este un problema complejo, con vertientes, tanto sanitarias, como econ\u00f3micas y \u00e9ticas diferentes, <strong>por lo que su soluci\u00f3n, a nuestro juicio, deber\u00eda pasar por promover un amplio debate entre las propias firmas farmac\u00e9uticas, las organizaciones sanitarias internacionales, como la OMS, y los expertos en bio\u00e9tica.<\/strong><\/p>\n<p><em>Art\u00edculo publicado en el Observatorio de Bio\u00e9tica de la UCV<\/em><\/p>\n","protected":false},"excerpt":{"rendered":"<p>Ante las dificultades que se est\u00e1n presentado para poder vacunar a todas las personas que lo necesitan y deseen hacerlo a nivel mundial, una soluci\u00f3n que se propone es liberar la producci\u00f3n de las vacunas de las patentes que ahora existen, pues, al parecer, pueden restringir su fabricaci\u00f3n En este sentido, se ha planteado, y se est\u00e1 planteando en estos d\u00edas, un debate a nivel internacional sobre si se deber\u00eda o no promover la liberalizaci\u00f3n de las patentes para la producci\u00f3n de la vacuna, existiendo opiniones favorables y contrarias. En relaci\u00f3n con ello, el pasado 27 de abril, el doctor Abel Nova, m\u00e9dico de Familia y miembro del Grupo de Trabajo de Bio\u00e9tica de la SEMFYC,\u00a0conced\u00eda una entrevista\u00a0relacionada con el \u00abpasaporte de vacunaci\u00f3n\u00bb, en la que afirmaba que \u201ces urgente eliminar las patentes para facilitar el acceso mundial a las vacunas\u201d; pero, a nuestro juicio, el problema no es tan sencillo. Nosotros lo abordamos\u00a0en un Informe del Observatorio de Bio\u00e9tica\u00a0de la Universidad Cat\u00f3lica de Valencia, el pasado mes de marzo. En \u00e9l manifest\u00e1bamos que \u201cuna coalici\u00f3n de pa\u00edses, liderada por India y Sud\u00e1frica, han pedido a la OMS que las farmac\u00e9uticas renuncien a los derechos de propiedad, para que as\u00ed se puedan producir \u00abvacunas gen\u00e9ricas\u00bb. La OMS ha recibido con inter\u00e9s la propuesta, aunque la Uni\u00f3n Europea y los Estados Unidos se muestran esc\u00e9pticos ante la misma, pues \u201clas patentes garantizan la obtenci\u00f3n de los beneficios necesarios para que las farmac\u00e9uticas puedan seguir investigando\u201d. La \u00abvacunaci\u00f3n universal\u00bb, a nuestro juicio, plantea de entrada dos cuestiones: primero, poder fabricar suficiente n\u00famero de vacunas para que est\u00e9n disponibles en el mercado internacional las necesarias para conseguir una inmunidad de grupo a nivel mundial, y segundo, que puedan acceder a ellas con facilidad todos los pa\u00edses, especialmente los m\u00e1s pobres. En relaci\u00f3n con el primer aspecto,\u00a0la Universidad Duke, de Estados Unidos, afirma\u00a0que la producci\u00f3n de vacunas alcanzar\u00e1 este a\u00f1o las 14.000 millones de dosis, cifra que, a su juicio, parece suficiente para vacunar al 70% de la poblaci\u00f3n mundial, pues para ello bastar\u00eda con disponer de 11.000 millones. En relaci\u00f3n con el segundo aspecto, se trata de promover iniciativas sociales, como COVAX, y disminuir los costes de producci\u00f3n de las vacunas, ayudando a las firmas farmac\u00e9uticas con incentivos econ\u00f3micos que faciliten dicha pol\u00edtica, aunque tambi\u00e9n se propone liberar de patentes la fabricaci\u00f3n de las vacunas. El pasado 27 de abril, el portavoz de Salud P\u00fablica de la Uni\u00f3n Europea,\u00a0Stefan de Keermaecker, manifestaba que si fracasan las soluciones voluntarias para garantizar el acceso a las vacunas contra la\u00a0COVID-19\u00a0de todos pa\u00edses, especialmente los econ\u00f3micamente m\u00e1s d\u00e9biles, se plantea la soluci\u00f3n de promover las \u00ablicencias obligatorias\u00bb, pues a su juicio, \u201cla protecci\u00f3n por las patentes de la propiedad intelectual, con sus controles y equilibrios, no es una dificultad para conseguir la vacunaci\u00f3n universal, sino que m\u00e1s bien es parte de la soluci\u00f3n. Lo que, seg\u00fan \u00e9l, se necesita\u201d es el aumento de su producci\u00f3n, por lo que, dada la complejidad t\u00e9cnica, los gobiernos deben facilitar una amplia cooperaci\u00f3n industrial\u201d. Esta es, a su juicio, \u201cla mejor manera de acelerar el suministro de vacunas contra la COVID-19 en la Uni\u00f3n Europea y en todo el mundo y de abordar una efectiva vacunaci\u00f3n contra las variantes del virus que se vayan produciendo\u201d. Por otro lado,\u00a0el Comit\u00e9 de Bio\u00e9tica de la UNESCO, con fecha 24 de febrero, afirmaba que \u201clos derechos de propiedad protegen algunas libertades fundamentales, como la de investigaci\u00f3n y el derecho a la propiedad intelectual\u201d, por lo que la existencia de las patentes, garantiza dichos derechos. Pero, adicionalmente manifestaba que, \u201cen un contexto extraordinario, como la actual pandemia, se deben poner a punto las necesarias medidas extraordinarias para conseguir que la vacunaci\u00f3n llegue a todos los pa\u00edses\u201d. Lo que no parece claro es, que la liberalizaci\u00f3n de la producci\u00f3n de vacunas, sea una soluci\u00f3n positiva para su producci\u00f3n por un\u00a0mayor n\u00famero de pa\u00edses, pues la complejidad de su elaboraci\u00f3n, especialmente las vacunas mRNA, es grande, pues para producir la variante de Pfizer se utilizan alrededor de 280 productos diferentes, que son suministrados a la farmac\u00e9utica por 86 proveedores distintos, pertenecientes a 19 pa\u00edses\u00a0(ver AQU\u00cd). Adem\u00e1s, el n\u00famero de pruebas que se requiere para garantizar una adecuada calidad de las vacunas, seguramente no est\u00e1 al alcance de todos los pa\u00edses, pues carecen de la suficiente tecnolog\u00eda para ello. Como se ve existen opiniones de personas y organismos favorables a la liberalizaci\u00f3n de patentes para la producci\u00f3n de vacunas, pues seg\u00fan ellos con el sistema actual las vacunas no llegan a todas la personas y pa\u00edses que las necesitan. Pero naturalmente existen\u00a0opiniones contrarias, como es la de Gonzalo Ulloa, experto jurista en este campo, el cual afirma que el tema es complejo \u201cpor lo que no se puede simplificar contemplando solamente su aspecto social, que lo tienen, pero no es el \u00fanico\u201d. De todas formas, sigue afirmando, \u201cque en Espa\u00f1a est\u00e1 vigente la ley de patentes que contempla la concesi\u00f3n de \u00ablicencias obligatorias\u00bb por motivos de inter\u00e9s p\u00fablico, licencias que posiblemente podr\u00edan solucionar el problema\u201d; pero de lo que no tenemos conocimiento es si en la mayor\u00eda de los pa\u00edses est\u00e1 vigente dicha posibilidad, pues seg\u00fan Pere Ibern, de la Universidad Pompeu Fabra de Barcelona, \u201cdesafortunadamente no se ha desarrollado suficientemente por parte de los pa\u00edses dicha posibilidad\u201d. De mayor calado es la opini\u00f3n de los l\u00edderes europeos reunidos el pasado 8 de mayo en Lisboa para debatir sobre temas relacionados con al Covid-19. Entre ellos, naturalmente, se ha tratado el tema de la liberaci\u00f3n de las patentes para fabricar las vacunas. En relaci\u00f3n con ello, el presidente franc\u00e9s Emmanuel Macron piensa que la liberaci\u00f3n de las patentes \u201cno es un chaleco antibalas m\u00e1gico para solucionar el problema\u201d. En el mismo sentido, Angela Merkel estima que la liberaci\u00f3n de las patentes \u201cpodr\u00eda socavar los esfuerzos que se est\u00e1n haciendo para conseguir vacunas contra las posibles mutantes del coronavirus\u201d, a\u00f1adiendo, adem\u00e1s, que esta media \u201cpuede tener mas riesgos que beneficios\u201d, a la vez que \u201cno cree que liberar&#8230;<\/p>\n","protected":false},"author":60,"featured_media":48021,"comment_status":"open","ping_status":"open","sticky":false,"template":"","format":"standard","meta":{"_FSMCFIC_featured_image_caption":"","_FSMCFIC_featured_image_nocaption":"","_FSMCFIC_featured_image_hide":"","footnotes":""},"categories":[1772,804,806],"tags":[3772,3771,3248,3457],"class_list":["post-48018","post","type-post","status-publish","format-standard","has-post-thumbnail","hentry","category-especial-coronavirus-es","category-opinem-es","category-punts-claus-del-dia-es","tag-liberacion-vacunas","tag-patentes-vacunas","tag-vacunacion","tag-vacunas"],"yoast_head":"<!-- This site is optimized with the Yoast SEO plugin v26.8 - https:\/\/yoast.com\/product\/yoast-seo-wordpress\/ -->\n<title>\u00bfLiberar las patentes de las vacunas aumentar\u00eda el nivel de vacunaci\u00f3n mundial? - Converses a Catalunya<\/title>\n<meta name=\"description\" content=\"se est\u00e1 planteando un debate a nivel internacional sobre si se deber\u00eda o no promover la liberalizaci\u00f3n de las patentes de las vacunas,\" \/>\n<meta name=\"robots\" content=\"index, follow, max-snippet:-1, max-image-preview:large, max-video-preview:-1\" \/>\n<link rel=\"canonical\" href=\"https:\/\/conversesacatalunya.cat\/es\/patentes-vacunacion-mundial\/\" \/>\n<meta property=\"og:locale\" content=\"es_ES\" \/>\n<meta property=\"og:type\" content=\"article\" \/>\n<meta property=\"og:title\" content=\"\u00bfLiberar las patentes de las vacunas aumentar\u00eda el nivel de vacunaci\u00f3n mundial? - Converses a Catalunya\" \/>\n<meta property=\"og:description\" content=\"se est\u00e1 planteando un debate a nivel internacional sobre si se deber\u00eda o no promover la liberalizaci\u00f3n de las patentes de las vacunas,\" \/>\n<meta property=\"og:url\" content=\"https:\/\/conversesacatalunya.cat\/es\/patentes-vacunacion-mundial\/\" \/>\n<meta property=\"og:site_name\" content=\"Converses a Catalunya\" \/>\n<meta property=\"article:published_time\" content=\"2021-05-13T09:05:04+00:00\" \/>\n<meta property=\"article:modified_time\" content=\"2021-05-14T10:28:40+00:00\" \/>\n<meta property=\"og:image\" content=\"https:\/\/conversesacatalunya.cat\/wp-content\/uploads\/2021\/05\/vacunas.jpg\" \/>\n\t<meta property=\"og:image:width\" content=\"640\" \/>\n\t<meta property=\"og:image:height\" content=\"360\" \/>\n\t<meta property=\"og:image:type\" content=\"image\/jpeg\" \/>\n<meta name=\"author\" content=\"Justo Aznar\" \/>\n<meta name=\"twitter:card\" content=\"summary_large_image\" \/>\n<meta name=\"twitter:label1\" content=\"Escrito por\" \/>\n\t<meta name=\"twitter:data1\" content=\"Justo Aznar\" \/>\n\t<meta name=\"twitter:label2\" content=\"Tiempo de lectura\" \/>\n\t<meta name=\"twitter:data2\" content=\"8 minutos\" \/>\n<script type=\"application\/ld+json\" class=\"yoast-schema-graph\">{\"@context\":\"https:\/\/schema.org\",\"@graph\":[{\"@type\":\"Article\",\"@id\":\"https:\/\/conversesacatalunya.cat\/es\/patentes-vacunacion-mundial\/#article\",\"isPartOf\":{\"@id\":\"https:\/\/conversesacatalunya.cat\/es\/patentes-vacunacion-mundial\/\"},\"author\":{\"name\":\"Justo Aznar\",\"@id\":\"https:\/\/conversesacatalunya.cat\/#\/schema\/person\/5fcdfca4ecbe0da5a3ea36a8cb284a9f\"},\"headline\":\"\u00bfLiberar las patentes de las vacunas aumentar\u00eda el nivel de vacunaci\u00f3n mundial?\",\"datePublished\":\"2021-05-13T09:05:04+00:00\",\"dateModified\":\"2021-05-14T10:28:40+00:00\",\"mainEntityOfPage\":{\"@id\":\"https:\/\/conversesacatalunya.cat\/es\/patentes-vacunacion-mundial\/\"},\"wordCount\":1780,\"commentCount\":0,\"image\":{\"@id\":\"https:\/\/conversesacatalunya.cat\/es\/patentes-vacunacion-mundial\/#primaryimage\"},\"thumbnailUrl\":\"https:\/\/conversesacatalunya.cat\/wp-content\/uploads\/2021\/05\/vacunas.jpg\",\"keywords\":[\"liberaci\u00f3n vacunas\",\"patentes vacunas\",\"vacunaci\u00f3n\",\"vacunas\"],\"articleSection\":[\"Especial Coronavirus (ES)\",\"Opinem (ES)\",\"Punts clau del dia (ES)\"],\"inLanguage\":\"es\",\"potentialAction\":[{\"@type\":\"CommentAction\",\"name\":\"Comment\",\"target\":[\"https:\/\/conversesacatalunya.cat\/es\/patentes-vacunacion-mundial\/#respond\"]}]},{\"@type\":\"WebPage\",\"@id\":\"https:\/\/conversesacatalunya.cat\/es\/patentes-vacunacion-mundial\/\",\"url\":\"https:\/\/conversesacatalunya.cat\/es\/patentes-vacunacion-mundial\/\",\"name\":\"\u00bfLiberar las patentes de las vacunas aumentar\u00eda el nivel de vacunaci\u00f3n mundial? - Converses a Catalunya\",\"isPartOf\":{\"@id\":\"https:\/\/conversesacatalunya.cat\/#website\"},\"primaryImageOfPage\":{\"@id\":\"https:\/\/conversesacatalunya.cat\/es\/patentes-vacunacion-mundial\/#primaryimage\"},\"image\":{\"@id\":\"https:\/\/conversesacatalunya.cat\/es\/patentes-vacunacion-mundial\/#primaryimage\"},\"thumbnailUrl\":\"https:\/\/conversesacatalunya.cat\/wp-content\/uploads\/2021\/05\/vacunas.jpg\",\"datePublished\":\"2021-05-13T09:05:04+00:00\",\"dateModified\":\"2021-05-14T10:28:40+00:00\",\"author\":{\"@id\":\"https:\/\/conversesacatalunya.cat\/#\/schema\/person\/5fcdfca4ecbe0da5a3ea36a8cb284a9f\"},\"description\":\"se est\u00e1 planteando un debate a nivel internacional sobre si se deber\u00eda o no promover la liberalizaci\u00f3n de las patentes de las vacunas,\",\"breadcrumb\":{\"@id\":\"https:\/\/conversesacatalunya.cat\/es\/patentes-vacunacion-mundial\/#breadcrumb\"},\"inLanguage\":\"es\",\"potentialAction\":[{\"@type\":\"ReadAction\",\"target\":[\"https:\/\/conversesacatalunya.cat\/es\/patentes-vacunacion-mundial\/\"]}]},{\"@type\":\"ImageObject\",\"inLanguage\":\"es\",\"@id\":\"https:\/\/conversesacatalunya.cat\/es\/patentes-vacunacion-mundial\/#primaryimage\",\"url\":\"https:\/\/conversesacatalunya.cat\/wp-content\/uploads\/2021\/05\/vacunas.jpg\",\"contentUrl\":\"https:\/\/conversesacatalunya.cat\/wp-content\/uploads\/2021\/05\/vacunas.jpg\",\"width\":640,\"height\":360,\"caption\":\"patentes vacunas\"},{\"@type\":\"BreadcrumbList\",\"@id\":\"https:\/\/conversesacatalunya.cat\/es\/patentes-vacunacion-mundial\/#breadcrumb\",\"itemListElement\":[{\"@type\":\"ListItem\",\"position\":1,\"name\":\"Inici\",\"item\":\"https:\/\/conversesacatalunya.cat\/es\/\"},{\"@type\":\"ListItem\",\"position\":2,\"name\":\"\u00bfLiberar las patentes de las vacunas aumentar\u00eda el nivel de vacunaci\u00f3n mundial?\"}]},{\"@type\":\"WebSite\",\"@id\":\"https:\/\/conversesacatalunya.cat\/#website\",\"url\":\"https:\/\/conversesacatalunya.cat\/\",\"name\":\"Converses a Catalunya\",\"description\":\"\",\"potentialAction\":[{\"@type\":\"SearchAction\",\"target\":{\"@type\":\"EntryPoint\",\"urlTemplate\":\"https:\/\/conversesacatalunya.cat\/?s={search_term_string}\"},\"query-input\":{\"@type\":\"PropertyValueSpecification\",\"valueRequired\":true,\"valueName\":\"search_term_string\"}}],\"inLanguage\":\"es\"},{\"@type\":\"Person\",\"@id\":\"https:\/\/conversesacatalunya.cat\/#\/schema\/person\/5fcdfca4ecbe0da5a3ea36a8cb284a9f\",\"name\":\"Justo Aznar\",\"image\":{\"@type\":\"ImageObject\",\"inLanguage\":\"es\",\"@id\":\"https:\/\/conversesacatalunya.cat\/#\/schema\/person\/image\/\",\"url\":\"https:\/\/conversesacatalunya.cat\/wp-content\/litespeed\/avatar\/cbe907558328b4edab0203141f4aaa87.jpg?ver=1777420734\",\"contentUrl\":\"https:\/\/conversesacatalunya.cat\/wp-content\/litespeed\/avatar\/cbe907558328b4edab0203141f4aaa87.jpg?ver=1777420734\",\"caption\":\"Justo Aznar\"},\"url\":\"https:\/\/conversesacatalunya.cat\/es\/author\/justo-aznar\/\"}]}<\/script>\n<!-- \/ Yoast SEO plugin. -->","yoast_head_json":{"title":"\u00bfLiberar las patentes de las vacunas aumentar\u00eda el nivel de vacunaci\u00f3n mundial? - Converses a Catalunya","description":"se est\u00e1 planteando un debate a nivel internacional sobre si se deber\u00eda o no promover la liberalizaci\u00f3n de las patentes de las vacunas,","robots":{"index":"index","follow":"follow","max-snippet":"max-snippet:-1","max-image-preview":"max-image-preview:large","max-video-preview":"max-video-preview:-1"},"canonical":"https:\/\/conversesacatalunya.cat\/es\/patentes-vacunacion-mundial\/","og_locale":"es_ES","og_type":"article","og_title":"\u00bfLiberar las patentes de las vacunas aumentar\u00eda el nivel de vacunaci\u00f3n mundial? - Converses a Catalunya","og_description":"se est\u00e1 planteando un debate a nivel internacional sobre si se deber\u00eda o no promover la liberalizaci\u00f3n de las patentes de las vacunas,","og_url":"https:\/\/conversesacatalunya.cat\/es\/patentes-vacunacion-mundial\/","og_site_name":"Converses a Catalunya","article_published_time":"2021-05-13T09:05:04+00:00","article_modified_time":"2021-05-14T10:28:40+00:00","og_image":[{"width":640,"height":360,"url":"https:\/\/conversesacatalunya.cat\/wp-content\/uploads\/2021\/05\/vacunas.jpg","type":"image\/jpeg"}],"author":"Justo Aznar","twitter_card":"summary_large_image","twitter_misc":{"Escrito por":"Justo Aznar","Tiempo de lectura":"8 minutos"},"schema":{"@context":"https:\/\/schema.org","@graph":[{"@type":"Article","@id":"https:\/\/conversesacatalunya.cat\/es\/patentes-vacunacion-mundial\/#article","isPartOf":{"@id":"https:\/\/conversesacatalunya.cat\/es\/patentes-vacunacion-mundial\/"},"author":{"name":"Justo Aznar","@id":"https:\/\/conversesacatalunya.cat\/#\/schema\/person\/5fcdfca4ecbe0da5a3ea36a8cb284a9f"},"headline":"\u00bfLiberar las patentes de las vacunas aumentar\u00eda el nivel de vacunaci\u00f3n mundial?","datePublished":"2021-05-13T09:05:04+00:00","dateModified":"2021-05-14T10:28:40+00:00","mainEntityOfPage":{"@id":"https:\/\/conversesacatalunya.cat\/es\/patentes-vacunacion-mundial\/"},"wordCount":1780,"commentCount":0,"image":{"@id":"https:\/\/conversesacatalunya.cat\/es\/patentes-vacunacion-mundial\/#primaryimage"},"thumbnailUrl":"https:\/\/conversesacatalunya.cat\/wp-content\/uploads\/2021\/05\/vacunas.jpg","keywords":["liberaci\u00f3n vacunas","patentes vacunas","vacunaci\u00f3n","vacunas"],"articleSection":["Especial Coronavirus (ES)","Opinem (ES)","Punts clau del dia (ES)"],"inLanguage":"es","potentialAction":[{"@type":"CommentAction","name":"Comment","target":["https:\/\/conversesacatalunya.cat\/es\/patentes-vacunacion-mundial\/#respond"]}]},{"@type":"WebPage","@id":"https:\/\/conversesacatalunya.cat\/es\/patentes-vacunacion-mundial\/","url":"https:\/\/conversesacatalunya.cat\/es\/patentes-vacunacion-mundial\/","name":"\u00bfLiberar las patentes de las vacunas aumentar\u00eda el nivel de vacunaci\u00f3n mundial? - Converses a Catalunya","isPartOf":{"@id":"https:\/\/conversesacatalunya.cat\/#website"},"primaryImageOfPage":{"@id":"https:\/\/conversesacatalunya.cat\/es\/patentes-vacunacion-mundial\/#primaryimage"},"image":{"@id":"https:\/\/conversesacatalunya.cat\/es\/patentes-vacunacion-mundial\/#primaryimage"},"thumbnailUrl":"https:\/\/conversesacatalunya.cat\/wp-content\/uploads\/2021\/05\/vacunas.jpg","datePublished":"2021-05-13T09:05:04+00:00","dateModified":"2021-05-14T10:28:40+00:00","author":{"@id":"https:\/\/conversesacatalunya.cat\/#\/schema\/person\/5fcdfca4ecbe0da5a3ea36a8cb284a9f"},"description":"se est\u00e1 planteando un debate a nivel internacional sobre si se deber\u00eda o no promover la liberalizaci\u00f3n de las patentes de las vacunas,","breadcrumb":{"@id":"https:\/\/conversesacatalunya.cat\/es\/patentes-vacunacion-mundial\/#breadcrumb"},"inLanguage":"es","potentialAction":[{"@type":"ReadAction","target":["https:\/\/conversesacatalunya.cat\/es\/patentes-vacunacion-mundial\/"]}]},{"@type":"ImageObject","inLanguage":"es","@id":"https:\/\/conversesacatalunya.cat\/es\/patentes-vacunacion-mundial\/#primaryimage","url":"https:\/\/conversesacatalunya.cat\/wp-content\/uploads\/2021\/05\/vacunas.jpg","contentUrl":"https:\/\/conversesacatalunya.cat\/wp-content\/uploads\/2021\/05\/vacunas.jpg","width":640,"height":360,"caption":"patentes vacunas"},{"@type":"BreadcrumbList","@id":"https:\/\/conversesacatalunya.cat\/es\/patentes-vacunacion-mundial\/#breadcrumb","itemListElement":[{"@type":"ListItem","position":1,"name":"Inici","item":"https:\/\/conversesacatalunya.cat\/es\/"},{"@type":"ListItem","position":2,"name":"\u00bfLiberar las patentes de las vacunas aumentar\u00eda el nivel de vacunaci\u00f3n mundial?"}]},{"@type":"WebSite","@id":"https:\/\/conversesacatalunya.cat\/#website","url":"https:\/\/conversesacatalunya.cat\/","name":"Converses a Catalunya","description":"","potentialAction":[{"@type":"SearchAction","target":{"@type":"EntryPoint","urlTemplate":"https:\/\/conversesacatalunya.cat\/?s={search_term_string}"},"query-input":{"@type":"PropertyValueSpecification","valueRequired":true,"valueName":"search_term_string"}}],"inLanguage":"es"},{"@type":"Person","@id":"https:\/\/conversesacatalunya.cat\/#\/schema\/person\/5fcdfca4ecbe0da5a3ea36a8cb284a9f","name":"Justo Aznar","image":{"@type":"ImageObject","inLanguage":"es","@id":"https:\/\/conversesacatalunya.cat\/#\/schema\/person\/image\/","url":"https:\/\/conversesacatalunya.cat\/wp-content\/litespeed\/avatar\/cbe907558328b4edab0203141f4aaa87.jpg?ver=1777420734","contentUrl":"https:\/\/conversesacatalunya.cat\/wp-content\/litespeed\/avatar\/cbe907558328b4edab0203141f4aaa87.jpg?ver=1777420734","caption":"Justo Aznar"},"url":"https:\/\/conversesacatalunya.cat\/es\/author\/justo-aznar\/"}]}},"wps_subtitle":"Ante las dificultades que se est\u00e1n presentado para poder vacunar a todas las personas que lo necesitan y deseen hacerlo a nivel mundial, una soluci\u00f3n que se propone es liberar la producci\u00f3n de las vacunas de las patentes que ahora existen, pues, al parecer, pueden restringir su fabricaci\u00f3n","_links":{"self":[{"href":"https:\/\/conversesacatalunya.cat\/es\/wp-json\/wp\/v2\/posts\/48018","targetHints":{"allow":["GET"]}}],"collection":[{"href":"https:\/\/conversesacatalunya.cat\/es\/wp-json\/wp\/v2\/posts"}],"about":[{"href":"https:\/\/conversesacatalunya.cat\/es\/wp-json\/wp\/v2\/types\/post"}],"author":[{"embeddable":true,"href":"https:\/\/conversesacatalunya.cat\/es\/wp-json\/wp\/v2\/users\/60"}],"replies":[{"embeddable":true,"href":"https:\/\/conversesacatalunya.cat\/es\/wp-json\/wp\/v2\/comments?post=48018"}],"version-history":[{"count":5,"href":"https:\/\/conversesacatalunya.cat\/es\/wp-json\/wp\/v2\/posts\/48018\/revisions"}],"predecessor-version":[{"id":48058,"href":"https:\/\/conversesacatalunya.cat\/es\/wp-json\/wp\/v2\/posts\/48018\/revisions\/48058"}],"wp:featuredmedia":[{"embeddable":true,"href":"https:\/\/conversesacatalunya.cat\/es\/wp-json\/wp\/v2\/media\/48021"}],"wp:attachment":[{"href":"https:\/\/conversesacatalunya.cat\/es\/wp-json\/wp\/v2\/media?parent=48018"}],"wp:term":[{"taxonomy":"category","embeddable":true,"href":"https:\/\/conversesacatalunya.cat\/es\/wp-json\/wp\/v2\/categories?post=48018"},{"taxonomy":"post_tag","embeddable":true,"href":"https:\/\/conversesacatalunya.cat\/es\/wp-json\/wp\/v2\/tags?post=48018"}],"curies":[{"name":"wp","href":"https:\/\/api.w.org\/{rel}","templated":true}]}}