{"id":47942,"date":"2021-05-11T13:36:37","date_gmt":"2021-05-11T11:36:37","guid":{"rendered":"https:\/\/conversesacatalunya.cat\/panorama-guanya-pp-mes-embolic-i-paralisi-a-catalunya\/"},"modified":"2021-05-11T15:55:50","modified_gmt":"2021-05-11T13:55:50","slug":"panorama-gana-pp-mas-lio-y-paralisis-en-cataluna","status":"publish","type":"post","link":"https:\/\/conversesacatalunya.cat\/es\/panorama-gana-pp-mas-lio-y-paralisis-en-cataluna\/","title":{"rendered":"Panorama: gana PP. M\u00e1s l\u00edo y par\u00e1lisis en Catalu\u00f1a"},"content":{"rendered":"<p><span><span class=\"\">Las cuatro encuestas publicadas hasta ahora sobre el gobierno central, tras las elecciones en Madrid y hasta el d\u00eda 10, son un\u00e1nimes: el PP se sit\u00faa en primera posici\u00f3n y supera al PSOE.\u00a0<\/span>La unanimidad es considerable en relaci\u00f3n con el voto del bloque PP-Vox porque se mueve en un abanico estrecho\u00a0<\/span><strong><span>de 170 a 174 esca\u00f1os<\/span><\/strong><span>.\u00a0Estar\u00eda por tanto entre 2 y 6 de la mayor\u00eda absoluta.\u00a0El otro bloque, PSOE-UP, presenta una mayor amplitud porque oscila entre los <\/span><strong><span>121 esca\u00f1os y los 130,<\/span><\/strong><span>\u00a0seg\u00fan la encuesta que se considere.<\/span><\/p>\n<p>En todo caso, la distancia entre ambos es grande y es consecuencia de un doble retroceso, porque pierden votos tanto el PSOE como UP. En esta \u00faltima opci\u00f3n la variaci\u00f3n es muy amplia porque va desde los 14 esca\u00f1os que le da la encuesta Invimark hecha por La Sexta, a los 33 de Sigma2 para El Mundo. En el PSOE hay una clara coincidencia en los 107 esca\u00f1os, excepto en el caso de Sigma 2 que s\u00f3lo le otorga 95, que a su vez es la que sit\u00faa m\u00e1s arriba a UP. Por lo tanto, la diferencia entre bloques es clara.<\/p>\n<p><span>En todos los casos Cs es irrelevante, porque obtiene entre\u00a0<\/span><strong><span>1 o 2 diputados<\/span><\/strong><span>. A estas alturas ser\u00eda un partido extinguido. Pero, a pesar de los buenos resultados, sobre todo para el PP, que se sit\u00faa entre 109 y 126 esca\u00f1os, no tiene f\u00e1cil alcanzar la mayor\u00eda absoluta porque el resto de formaciones minoritarias, b\u00e1sicamente de \u00e1mbitos territoriales, no est\u00e1n para darle apoyo. En este sentido, destaca el bloque de los partidos procedentes de Catalu\u00f1a, es decir, el independentismo, que se mantiene muy fuerte con ERC, entre los <\/span><strong><span>12 y 14<\/span><\/strong><span>\u00a0esca\u00f1os y JxCat entre 8 y 10. La CUP permanece en la mayor\u00eda de casos con 2 diputados, pero en la encuesta de NC Report para la Raz\u00f3n los pierde.<\/span><\/p>\n<p><span><span class=\"\">Una vez m\u00e1s el escenario ser\u00eda extraordinariamente propicio para un bloque catal\u00e1n con capacidad de negociar aspectos concretos, pero, evidentemente, no es el caso, porque ERC se limita a apoyar lo que le interesa, al PSOE por una parte, y en cuanto a las cuestiones catalanas se mantiene anclado en las grandes declaraciones que permanecen inm\u00f3viles, la amnist\u00eda y el refer\u00e9ndum.<\/span><\/span><\/p>\n<blockquote><p><span>Y es que la situaci\u00f3n pol\u00edtica en\u00a0<\/span><strong><span>Catalu\u00f1a se ha convertido en un l\u00edo<\/span><\/strong><span>\u00a0que nos acerca m\u00e1s a escenarios latinoamericanos que los modelos de comportamiento pol\u00edtico europeo.<\/span><\/p><\/blockquote>\n<p><span><span class=\"\">Ahora, ERC dice que ha roto con JxCat con respecto a formar un gobierno y le pide los votos para gobernar en solitario. La pregunta es \u00bfpor qu\u00e9 le debe dar JxCat este apoyo sin nada a cambio si no se han puesto de acuerdo cuando hay importantes contrapartidas de gobierno para distribuirse. Pero la opci\u00f3n de ERC es muy dif\u00edcil. Necesita <\/span><\/span><strong><span><span class=\"\">68 votos para la mayor\u00eda absoluta<\/span><\/span><\/strong><span><span class=\"\">, o bien tener simplemente la mayor\u00eda en una segunda vuelta. En este caso podr\u00eda elegir al presidente, pero luego lo tendr\u00eda muy complicado para gobernar, porque estar\u00eda en minor\u00eda ante todos los dem\u00e1s. ERC, la CUP y En Com\u00fan Podemos alcanzan s\u00f3lo 50 esca\u00f1os. Vox, Cs y el PP suman 20, mientras que JxCat tiene 32 y el PSC 33.<\/span><\/span><\/p>\n<p><span><span class=\"\">Para llevar adelante la elecci\u00f3n de Aragon\u00e9s no basta con la abstenci\u00f3n de JxCat, porque con la oposici\u00f3n del PSC no saldr\u00eda elegido. <\/span>Necesitar\u00eda, por tanto, que el grupo de\u00a0<\/span><strong><span>Puigdemont le cediera 4<\/span><\/strong><span>\u00a0diputados en una operaci\u00f3n bien estramb\u00f3tica.\u00a0Evidentemente, este no es el resultado que garantiza un gobierno estable con capacidad de gobernar y representativo, porque adem\u00e1s, recordemos, que pesa la losa de una abstenci\u00f3n pr\u00e1cticamente situada en el 50% que hace que la representatividad real de los partidos en el Parlamento deba dividir entre dos.<\/span><\/p>\n<p><span>Pero al mismo tiempo que no se gobierna, se bloquean o impiden decisiones trascendentales.\u00a0<\/span><strong><span>La inversi\u00f3n de 1.700 millones <\/span><\/strong><span><span class=\"goog-text-highlight\">en el aeropuerto se puede perder porque el gobierno no acepta el planteamiento de AENA porque afecta el espacio natural de la Ricarda, y lo hace con el apoyo de Ada Colau. Tambi\u00e9n de momento niega la autorizaci\u00f3n para que puedan recalar los cruceros en el puerto, sustrayendo de esta manera una inyecci\u00f3n econ\u00f3mica en materia tur\u00edstica, que Barcelona y Catalu\u00f1a necesitan, y lo hace tambi\u00e9n con el visto bueno de la alcaldesa de Barcelona. El sector de las energ\u00edas renovables tambi\u00e9n se alza contra la extra\u00f1a moratoria pactada por ERC y la CUP, que condena a Catalu\u00f1a a acentuar el atraso que ya tiene en la producci\u00f3n de energ\u00eda limpia y queda a la cola de todo el estado. Es una paradoja que de tan ecologistas que son, acaban consiguiendo <\/span><\/span><strong><span><span class=\"goog-text-highlight\">que la primera fuente de energ\u00eda de Catalu\u00f1a sea la nuclear<\/span><\/span><\/strong><span><span class=\"goog-text-highlight\">.<\/span><\/span><\/p>\n<p><span>Por si fuera poco, el importante gremio de restauradores, que tienen multitud de agravios por la pol\u00edtica del PROCICAT, ahora consideran que la Generalitat les ha enredado porque hizo pasar como ayudas para la crisis el perd\u00f3n de un tributo que los tribunales est\u00e1n anulando, y que, por tanto, en ning\u00fan caso ten\u00eda que haber pagado.\u00a0Todo ello describe un panorama que, aunque parezca imposible, cada d\u00eda que pasa empeora.<\/span><\/p>\n<div id=\"polls-103\" class=\"wp-polls\">\n\t<form id=\"polls_form_103\" class=\"wp-polls-form\" action=\"\/index.php\" method=\"post\">\n\t\t<p style=\"display: none;\"><input type=\"hidden\" id=\"poll_103_nonce\" name=\"wp-polls-nonce\" value=\"0d077712bf\" \/><\/p>\n\t\t<p style=\"display: none;\"><input type=\"hidden\" name=\"poll_id\" value=\"103\" \/><\/p>\n\t\t<p style=\"text-align: center\"><strong>Aconseguir\u00e0 ERC governar en solitari?<\/strong><\/p><div id=\"polls-103-ans\" class=\"wp-polls-ans\"><ul class=\"wp-polls-ul\">\n\t\t<li><input type=\"radio\" id=\"poll-answer-241\" name=\"poll_103\" value=\"241\" \/> <label for=\"poll-answer-241\">S\u00ed<\/label><\/li>\n\t\t<li><input type=\"radio\" id=\"poll-answer-242\" name=\"poll_103\" value=\"242\" \/> <label for=\"poll-answer-242\">No<\/label><\/li>\n\t\t<li><input type=\"radio\" id=\"poll-answer-243\" name=\"poll_103\" value=\"243\" \/> <label for=\"poll-answer-243\">No ho s\u00e9<\/label><\/li>\n\t\t<\/ul><p style=\"text-align: center\"><input type=\"button\" name=\"vote\" value=\"   Vota   \" class=\"Buttons\" onclick=\"poll_vote(103);\" \/><\/p><p style=\"text-align: center\"><a href=\"#ViewPollResults\" onclick=\"poll_result(103); return false;\" title=\"View Results Of This Poll\">Mira els resultats<\/a><\/p><\/div>\n\t<\/form>\n<\/div>\n<div id=\"polls-103-loading\" class=\"wp-polls-loading\"><img decoding=\"async\" data-src=\"https:\/\/conversesacatalunya.cat\/wp-content\/plugins\/wp-polls\/images\/loading.gif\" width=\"16\" height=\"16\" alt=\"Cargando ...\" title=\"Cargando ...\" class=\"wp-polls-image lazyload\" src=\"data:image\/svg+xml;base64,PHN2ZyB3aWR0aD0iMSIgaGVpZ2h0PSIxIiB4bWxucz0iaHR0cDovL3d3dy53My5vcmcvMjAwMC9zdmciPjwvc3ZnPg==\" style=\"--smush-placeholder-width: 16px; --smush-placeholder-aspect-ratio: 16\/16;\" \/>&nbsp;Cargando ...<\/div>\n\n","protected":false},"excerpt":{"rendered":"<p>Las cuatro encuestas publicadas hasta ahora sobre el gobierno central, tras las elecciones en Madrid y hasta el d\u00eda 10, son un\u00e1nimes: el PP se sit\u00faa en primera posici\u00f3n y supera al PSOE.\u00a0La unanimidad es considerable en relaci\u00f3n con el voto del bloque PP-Vox porque se mueve en un abanico estrecho\u00a0de 170 a 174 esca\u00f1os.\u00a0Estar\u00eda por tanto entre 2 y 6 de la mayor\u00eda absoluta.\u00a0El otro bloque, PSOE-UP, presenta una mayor amplitud porque oscila entre los 121 esca\u00f1os y los 130,\u00a0seg\u00fan la encuesta que se considere. En todo caso, la distancia entre ambos es grande y es consecuencia de un doble retroceso, porque pierden votos tanto el PSOE como UP. En esta \u00faltima opci\u00f3n la variaci\u00f3n es muy amplia porque va desde los 14 esca\u00f1os que le da la encuesta Invimark hecha por La Sexta, a los 33 de Sigma2 para El Mundo. En el PSOE hay una clara coincidencia en los 107 esca\u00f1os, excepto en el caso de Sigma 2 que s\u00f3lo le otorga 95, que a su vez es la que sit\u00faa m\u00e1s arriba a UP. Por lo tanto, la diferencia entre bloques es clara. En todos los casos Cs es irrelevante, porque obtiene entre\u00a01 o 2 diputados. A estas alturas ser\u00eda un partido extinguido. Pero, a pesar de los buenos resultados, sobre todo para el PP, que se sit\u00faa entre 109 y 126 esca\u00f1os, no tiene f\u00e1cil alcanzar la mayor\u00eda absoluta porque el resto de formaciones minoritarias, b\u00e1sicamente de \u00e1mbitos territoriales, no est\u00e1n para darle apoyo. En este sentido, destaca el bloque de los partidos procedentes de Catalu\u00f1a, es decir, el independentismo, que se mantiene muy fuerte con ERC, entre los 12 y 14\u00a0esca\u00f1os y JxCat entre 8 y 10. La CUP permanece en la mayor\u00eda de casos con 2 diputados, pero en la encuesta de NC Report para la Raz\u00f3n los pierde. Una vez m\u00e1s el escenario ser\u00eda extraordinariamente propicio para un bloque catal\u00e1n con capacidad de negociar aspectos concretos, pero, evidentemente, no es el caso, porque ERC se limita a apoyar lo que le interesa, al PSOE por una parte, y en cuanto a las cuestiones catalanas se mantiene anclado en las grandes declaraciones que permanecen inm\u00f3viles, la amnist\u00eda y el refer\u00e9ndum. Y es que la situaci\u00f3n pol\u00edtica en\u00a0Catalu\u00f1a se ha convertido en un l\u00edo\u00a0que nos acerca m\u00e1s a escenarios latinoamericanos que los modelos de comportamiento pol\u00edtico europeo. Ahora, ERC dice que ha roto con JxCat con respecto a formar un gobierno y le pide los votos para gobernar en solitario. La pregunta es \u00bfpor qu\u00e9 le debe dar JxCat este apoyo sin nada a cambio si no se han puesto de acuerdo cuando hay importantes contrapartidas de gobierno para distribuirse. Pero la opci\u00f3n de ERC es muy dif\u00edcil. Necesita 68 votos para la mayor\u00eda absoluta, o bien tener simplemente la mayor\u00eda en una segunda vuelta. En este caso podr\u00eda elegir al presidente, pero luego lo tendr\u00eda muy complicado para gobernar, porque estar\u00eda en minor\u00eda ante todos los dem\u00e1s. ERC, la CUP y En Com\u00fan Podemos alcanzan s\u00f3lo 50 esca\u00f1os. Vox, Cs y el PP suman 20, mientras que JxCat tiene 32 y el PSC 33. Para llevar adelante la elecci\u00f3n de Aragon\u00e9s no basta con la abstenci\u00f3n de JxCat, porque con la oposici\u00f3n del PSC no saldr\u00eda elegido. Necesitar\u00eda, por tanto, que el grupo de\u00a0Puigdemont le cediera 4\u00a0diputados en una operaci\u00f3n bien estramb\u00f3tica.\u00a0Evidentemente, este no es el resultado que garantiza un gobierno estable con capacidad de gobernar y representativo, porque adem\u00e1s, recordemos, que pesa la losa de una abstenci\u00f3n pr\u00e1cticamente situada en el 50% que hace que la representatividad real de los partidos en el Parlamento deba dividir entre dos. Pero al mismo tiempo que no se gobierna, se bloquean o impiden decisiones trascendentales.\u00a0La inversi\u00f3n de 1.700 millones en el aeropuerto se puede perder porque el gobierno no acepta el planteamiento de AENA porque afecta el espacio natural de la Ricarda, y lo hace con el apoyo de Ada Colau. Tambi\u00e9n de momento niega la autorizaci\u00f3n para que puedan recalar los cruceros en el puerto, sustrayendo de esta manera una inyecci\u00f3n econ\u00f3mica en materia tur\u00edstica, que Barcelona y Catalu\u00f1a necesitan, y lo hace tambi\u00e9n con el visto bueno de la alcaldesa de Barcelona. El sector de las energ\u00edas renovables tambi\u00e9n se alza contra la extra\u00f1a moratoria pactada por ERC y la CUP, que condena a Catalu\u00f1a a acentuar el atraso que ya tiene en la producci\u00f3n de energ\u00eda limpia y queda a la cola de todo el estado. Es una paradoja que de tan ecologistas que son, acaban consiguiendo que la primera fuente de energ\u00eda de Catalu\u00f1a sea la nuclear. Por si fuera poco, el importante gremio de restauradores, que tienen multitud de agravios por la pol\u00edtica del PROCICAT, ahora consideran que la Generalitat les ha enredado porque hizo pasar como ayudas para la crisis el perd\u00f3n de un tributo que los tribunales est\u00e1n anulando, y que, por tanto, en ning\u00fan caso ten\u00eda que haber pagado.\u00a0Todo ello describe un panorama que, aunque parezca imposible, cada d\u00eda que pasa empeora.<\/p>\n","protected":false},"author":2,"featured_media":47939,"comment_status":"open","ping_status":"open","sticky":false,"template":"","format":"standard","meta":{"_FSMCFIC_featured_image_caption":"","_FSMCFIC_featured_image_nocaption":"","_FSMCFIC_featured_image_hide":"","footnotes":""},"categories":[806],"tags":[1065,1359],"class_list":["post-47942","post","type-post","status-publish","format-standard","has-post-thumbnail","hentry","category-punts-claus-del-dia-es","tag-encuestas","tag-pp-es"],"yoast_head":"<!-- This site is optimized with the Yoast SEO plugin v26.8 - https:\/\/yoast.com\/product\/yoast-seo-wordpress\/ -->\n<title>Panorama: gana PP. M\u00e1s l\u00edo y par\u00e1lisis en Catalu\u00f1a - Converses a Catalunya<\/title>\n<meta name=\"robots\" content=\"index, follow, max-snippet:-1, max-image-preview:large, max-video-preview:-1\" \/>\n<link rel=\"canonical\" href=\"https:\/\/conversesacatalunya.cat\/es\/panorama-gana-pp-mas-lio-y-paralisis-en-cataluna\/\" \/>\n<meta property=\"og:locale\" content=\"es_ES\" \/>\n<meta property=\"og:type\" content=\"article\" \/>\n<meta property=\"og:title\" content=\"Panorama: gana PP. M\u00e1s l\u00edo y par\u00e1lisis en Catalu\u00f1a - Converses a Catalunya\" \/>\n<meta property=\"og:description\" content=\"Las cuatro encuestas publicadas hasta ahora sobre el gobierno central, tras las elecciones en Madrid y hasta el d\u00eda 10, son un\u00e1nimes: el PP se sit\u00faa en primera posici\u00f3n y supera al PSOE.\u00a0La unanimidad es considerable en relaci\u00f3n con el voto del bloque PP-Vox porque se mueve en un abanico estrecho\u00a0de 170 a 174 esca\u00f1os.\u00a0Estar\u00eda por tanto entre 2 y 6 de la mayor\u00eda absoluta.\u00a0El otro bloque, PSOE-UP, presenta una mayor amplitud porque oscila entre los 121 esca\u00f1os y los 130,\u00a0seg\u00fan la encuesta que se considere. En todo caso, la distancia entre ambos es grande y es consecuencia de un doble retroceso, porque pierden votos tanto el PSOE como UP. En esta \u00faltima opci\u00f3n la variaci\u00f3n es muy amplia porque va desde los 14 esca\u00f1os que le da la encuesta Invimark hecha por La Sexta, a los 33 de Sigma2 para El Mundo. En el PSOE hay una clara coincidencia en los 107 esca\u00f1os, excepto en el caso de Sigma 2 que s\u00f3lo le otorga 95, que a su vez es la que sit\u00faa m\u00e1s arriba a UP. Por lo tanto, la diferencia entre bloques es clara. En todos los casos Cs es irrelevante, porque obtiene entre\u00a01 o 2 diputados. A estas alturas ser\u00eda un partido extinguido. Pero, a pesar de los buenos resultados, sobre todo para el PP, que se sit\u00faa entre 109 y 126 esca\u00f1os, no tiene f\u00e1cil alcanzar la mayor\u00eda absoluta porque el resto de formaciones minoritarias, b\u00e1sicamente de \u00e1mbitos territoriales, no est\u00e1n para darle apoyo. En este sentido, destaca el bloque de los partidos procedentes de Catalu\u00f1a, es decir, el independentismo, que se mantiene muy fuerte con ERC, entre los 12 y 14\u00a0esca\u00f1os y JxCat entre 8 y 10. La CUP permanece en la mayor\u00eda de casos con 2 diputados, pero en la encuesta de NC Report para la Raz\u00f3n los pierde. Una vez m\u00e1s el escenario ser\u00eda extraordinariamente propicio para un bloque catal\u00e1n con capacidad de negociar aspectos concretos, pero, evidentemente, no es el caso, porque ERC se limita a apoyar lo que le interesa, al PSOE por una parte, y en cuanto a las cuestiones catalanas se mantiene anclado en las grandes declaraciones que permanecen inm\u00f3viles, la amnist\u00eda y el refer\u00e9ndum. Y es que la situaci\u00f3n pol\u00edtica en\u00a0Catalu\u00f1a se ha convertido en un l\u00edo\u00a0que nos acerca m\u00e1s a escenarios latinoamericanos que los modelos de comportamiento pol\u00edtico europeo. Ahora, ERC dice que ha roto con JxCat con respecto a formar un gobierno y le pide los votos para gobernar en solitario. La pregunta es \u00bfpor qu\u00e9 le debe dar JxCat este apoyo sin nada a cambio si no se han puesto de acuerdo cuando hay importantes contrapartidas de gobierno para distribuirse. Pero la opci\u00f3n de ERC es muy dif\u00edcil. Necesita 68 votos para la mayor\u00eda absoluta, o bien tener simplemente la mayor\u00eda en una segunda vuelta. En este caso podr\u00eda elegir al presidente, pero luego lo tendr\u00eda muy complicado para gobernar, porque estar\u00eda en minor\u00eda ante todos los dem\u00e1s. ERC, la CUP y En Com\u00fan Podemos alcanzan s\u00f3lo 50 esca\u00f1os. Vox, Cs y el PP suman 20, mientras que JxCat tiene 32 y el PSC 33. Para llevar adelante la elecci\u00f3n de Aragon\u00e9s no basta con la abstenci\u00f3n de JxCat, porque con la oposici\u00f3n del PSC no saldr\u00eda elegido. Necesitar\u00eda, por tanto, que el grupo de\u00a0Puigdemont le cediera 4\u00a0diputados en una operaci\u00f3n bien estramb\u00f3tica.\u00a0Evidentemente, este no es el resultado que garantiza un gobierno estable con capacidad de gobernar y representativo, porque adem\u00e1s, recordemos, que pesa la losa de una abstenci\u00f3n pr\u00e1cticamente situada en el 50% que hace que la representatividad real de los partidos en el Parlamento deba dividir entre dos. Pero al mismo tiempo que no se gobierna, se bloquean o impiden decisiones trascendentales.\u00a0La inversi\u00f3n de 1.700 millones en el aeropuerto se puede perder porque el gobierno no acepta el planteamiento de AENA porque afecta el espacio natural de la Ricarda, y lo hace con el apoyo de Ada Colau. Tambi\u00e9n de momento niega la autorizaci\u00f3n para que puedan recalar los cruceros en el puerto, sustrayendo de esta manera una inyecci\u00f3n econ\u00f3mica en materia tur\u00edstica, que Barcelona y Catalu\u00f1a necesitan, y lo hace tambi\u00e9n con el visto bueno de la alcaldesa de Barcelona. El sector de las energ\u00edas renovables tambi\u00e9n se alza contra la extra\u00f1a moratoria pactada por ERC y la CUP, que condena a Catalu\u00f1a a acentuar el atraso que ya tiene en la producci\u00f3n de energ\u00eda limpia y queda a la cola de todo el estado. Es una paradoja que de tan ecologistas que son, acaban consiguiendo que la primera fuente de energ\u00eda de Catalu\u00f1a sea la nuclear. Por si fuera poco, el importante gremio de restauradores, que tienen multitud de agravios por la pol\u00edtica del PROCICAT, ahora consideran que la Generalitat les ha enredado porque hizo pasar como ayudas para la crisis el perd\u00f3n de un tributo que los tribunales est\u00e1n anulando, y que, por tanto, en ning\u00fan caso ten\u00eda que haber pagado.\u00a0Todo ello describe un panorama que, aunque parezca imposible, cada d\u00eda que pasa empeora.\" \/>\n<meta property=\"og:url\" content=\"https:\/\/conversesacatalunya.cat\/es\/panorama-gana-pp-mas-lio-y-paralisis-en-cataluna\/\" \/>\n<meta property=\"og:site_name\" content=\"Converses a Catalunya\" \/>\n<meta property=\"article:published_time\" content=\"2021-05-11T11:36:37+00:00\" \/>\n<meta property=\"article:modified_time\" content=\"2021-05-11T13:55:50+00:00\" \/>\n<meta property=\"og:image\" content=\"https:\/\/conversesacatalunya.cat\/wp-content\/uploads\/2021\/05\/elecciones-generales.jpg\" \/>\n\t<meta property=\"og:image:width\" content=\"990\" \/>\n\t<meta property=\"og:image:height\" content=\"557\" \/>\n\t<meta property=\"og:image:type\" content=\"image\/jpeg\" \/>\n<meta name=\"author\" content=\"conversesacatalunya\" \/>\n<meta name=\"twitter:card\" content=\"summary_large_image\" \/>\n<meta name=\"twitter:label1\" content=\"Escrito por\" \/>\n\t<meta name=\"twitter:data1\" content=\"conversesacatalunya\" \/>\n\t<meta name=\"twitter:label2\" content=\"Tiempo de lectura\" \/>\n\t<meta name=\"twitter:data2\" content=\"4 minutos\" \/>\n<script type=\"application\/ld+json\" class=\"yoast-schema-graph\">{\"@context\":\"https:\/\/schema.org\",\"@graph\":[{\"@type\":\"Article\",\"@id\":\"https:\/\/conversesacatalunya.cat\/es\/panorama-gana-pp-mas-lio-y-paralisis-en-cataluna\/#article\",\"isPartOf\":{\"@id\":\"https:\/\/conversesacatalunya.cat\/es\/panorama-gana-pp-mas-lio-y-paralisis-en-cataluna\/\"},\"author\":{\"name\":\"conversesacatalunya\",\"@id\":\"https:\/\/conversesacatalunya.cat\/#\/schema\/person\/7e24d1e54a2785373ddcb275eae5ed99\"},\"headline\":\"Panorama: gana PP. M\u00e1s l\u00edo y par\u00e1lisis en Catalu\u00f1a\",\"datePublished\":\"2021-05-11T11:36:37+00:00\",\"dateModified\":\"2021-05-11T13:55:50+00:00\",\"mainEntityOfPage\":{\"@id\":\"https:\/\/conversesacatalunya.cat\/es\/panorama-gana-pp-mas-lio-y-paralisis-en-cataluna\/\"},\"wordCount\":920,\"commentCount\":0,\"image\":{\"@id\":\"https:\/\/conversesacatalunya.cat\/es\/panorama-gana-pp-mas-lio-y-paralisis-en-cataluna\/#primaryimage\"},\"thumbnailUrl\":\"https:\/\/conversesacatalunya.cat\/wp-content\/uploads\/2021\/05\/elecciones-generales.jpg\",\"keywords\":[\"Encuestas\",\"PP\"],\"articleSection\":[\"Punts clau del dia (ES)\"],\"inLanguage\":\"es\",\"potentialAction\":[{\"@type\":\"CommentAction\",\"name\":\"Comment\",\"target\":[\"https:\/\/conversesacatalunya.cat\/es\/panorama-gana-pp-mas-lio-y-paralisis-en-cataluna\/#respond\"]}]},{\"@type\":\"WebPage\",\"@id\":\"https:\/\/conversesacatalunya.cat\/es\/panorama-gana-pp-mas-lio-y-paralisis-en-cataluna\/\",\"url\":\"https:\/\/conversesacatalunya.cat\/es\/panorama-gana-pp-mas-lio-y-paralisis-en-cataluna\/\",\"name\":\"Panorama: gana PP. M\u00e1s l\u00edo y par\u00e1lisis en Catalu\u00f1a - Converses a Catalunya\",\"isPartOf\":{\"@id\":\"https:\/\/conversesacatalunya.cat\/#website\"},\"primaryImageOfPage\":{\"@id\":\"https:\/\/conversesacatalunya.cat\/es\/panorama-gana-pp-mas-lio-y-paralisis-en-cataluna\/#primaryimage\"},\"image\":{\"@id\":\"https:\/\/conversesacatalunya.cat\/es\/panorama-gana-pp-mas-lio-y-paralisis-en-cataluna\/#primaryimage\"},\"thumbnailUrl\":\"https:\/\/conversesacatalunya.cat\/wp-content\/uploads\/2021\/05\/elecciones-generales.jpg\",\"datePublished\":\"2021-05-11T11:36:37+00:00\",\"dateModified\":\"2021-05-11T13:55:50+00:00\",\"author\":{\"@id\":\"https:\/\/conversesacatalunya.cat\/#\/schema\/person\/7e24d1e54a2785373ddcb275eae5ed99\"},\"breadcrumb\":{\"@id\":\"https:\/\/conversesacatalunya.cat\/es\/panorama-gana-pp-mas-lio-y-paralisis-en-cataluna\/#breadcrumb\"},\"inLanguage\":\"es\",\"potentialAction\":[{\"@type\":\"ReadAction\",\"target\":[\"https:\/\/conversesacatalunya.cat\/es\/panorama-gana-pp-mas-lio-y-paralisis-en-cataluna\/\"]}]},{\"@type\":\"ImageObject\",\"inLanguage\":\"es\",\"@id\":\"https:\/\/conversesacatalunya.cat\/es\/panorama-gana-pp-mas-lio-y-paralisis-en-cataluna\/#primaryimage\",\"url\":\"https:\/\/conversesacatalunya.cat\/wp-content\/uploads\/2021\/05\/elecciones-generales.jpg\",\"contentUrl\":\"https:\/\/conversesacatalunya.cat\/wp-content\/uploads\/2021\/05\/elecciones-generales.jpg\",\"width\":990,\"height\":557},{\"@type\":\"BreadcrumbList\",\"@id\":\"https:\/\/conversesacatalunya.cat\/es\/panorama-gana-pp-mas-lio-y-paralisis-en-cataluna\/#breadcrumb\",\"itemListElement\":[{\"@type\":\"ListItem\",\"position\":1,\"name\":\"Inici\",\"item\":\"https:\/\/conversesacatalunya.cat\/es\/\"},{\"@type\":\"ListItem\",\"position\":2,\"name\":\"Panorama: gana PP. M\u00e1s l\u00edo y par\u00e1lisis en Catalu\u00f1a\"}]},{\"@type\":\"WebSite\",\"@id\":\"https:\/\/conversesacatalunya.cat\/#website\",\"url\":\"https:\/\/conversesacatalunya.cat\/\",\"name\":\"Converses a Catalunya\",\"description\":\"\",\"potentialAction\":[{\"@type\":\"SearchAction\",\"target\":{\"@type\":\"EntryPoint\",\"urlTemplate\":\"https:\/\/conversesacatalunya.cat\/?s={search_term_string}\"},\"query-input\":{\"@type\":\"PropertyValueSpecification\",\"valueRequired\":true,\"valueName\":\"search_term_string\"}}],\"inLanguage\":\"es\"},{\"@type\":\"Person\",\"@id\":\"https:\/\/conversesacatalunya.cat\/#\/schema\/person\/7e24d1e54a2785373ddcb275eae5ed99\",\"name\":\"conversesacatalunya\",\"image\":{\"@type\":\"ImageObject\",\"inLanguage\":\"es\",\"@id\":\"https:\/\/conversesacatalunya.cat\/#\/schema\/person\/image\/\",\"url\":\"https:\/\/conversesacatalunya.cat\/wp-content\/litespeed\/avatar\/febdfeeec89d950f01c748045a981dd2.jpg?ver=1777314535\",\"contentUrl\":\"https:\/\/conversesacatalunya.cat\/wp-content\/litespeed\/avatar\/febdfeeec89d950f01c748045a981dd2.jpg?ver=1777314535\",\"caption\":\"conversesacatalunya\"},\"url\":\"https:\/\/conversesacatalunya.cat\/es\/author\/carme_catala\/\"}]}<\/script>\n<!-- \/ Yoast SEO plugin. -->","yoast_head_json":{"title":"Panorama: gana PP. M\u00e1s l\u00edo y par\u00e1lisis en Catalu\u00f1a - Converses a Catalunya","robots":{"index":"index","follow":"follow","max-snippet":"max-snippet:-1","max-image-preview":"max-image-preview:large","max-video-preview":"max-video-preview:-1"},"canonical":"https:\/\/conversesacatalunya.cat\/es\/panorama-gana-pp-mas-lio-y-paralisis-en-cataluna\/","og_locale":"es_ES","og_type":"article","og_title":"Panorama: gana PP. M\u00e1s l\u00edo y par\u00e1lisis en Catalu\u00f1a - Converses a Catalunya","og_description":"Las cuatro encuestas publicadas hasta ahora sobre el gobierno central, tras las elecciones en Madrid y hasta el d\u00eda 10, son un\u00e1nimes: el PP se sit\u00faa en primera posici\u00f3n y supera al PSOE.\u00a0La unanimidad es considerable en relaci\u00f3n con el voto del bloque PP-Vox porque se mueve en un abanico estrecho\u00a0de 170 a 174 esca\u00f1os.\u00a0Estar\u00eda por tanto entre 2 y 6 de la mayor\u00eda absoluta.\u00a0El otro bloque, PSOE-UP, presenta una mayor amplitud porque oscila entre los 121 esca\u00f1os y los 130,\u00a0seg\u00fan la encuesta que se considere. En todo caso, la distancia entre ambos es grande y es consecuencia de un doble retroceso, porque pierden votos tanto el PSOE como UP. En esta \u00faltima opci\u00f3n la variaci\u00f3n es muy amplia porque va desde los 14 esca\u00f1os que le da la encuesta Invimark hecha por La Sexta, a los 33 de Sigma2 para El Mundo. En el PSOE hay una clara coincidencia en los 107 esca\u00f1os, excepto en el caso de Sigma 2 que s\u00f3lo le otorga 95, que a su vez es la que sit\u00faa m\u00e1s arriba a UP. Por lo tanto, la diferencia entre bloques es clara. En todos los casos Cs es irrelevante, porque obtiene entre\u00a01 o 2 diputados. A estas alturas ser\u00eda un partido extinguido. Pero, a pesar de los buenos resultados, sobre todo para el PP, que se sit\u00faa entre 109 y 126 esca\u00f1os, no tiene f\u00e1cil alcanzar la mayor\u00eda absoluta porque el resto de formaciones minoritarias, b\u00e1sicamente de \u00e1mbitos territoriales, no est\u00e1n para darle apoyo. En este sentido, destaca el bloque de los partidos procedentes de Catalu\u00f1a, es decir, el independentismo, que se mantiene muy fuerte con ERC, entre los 12 y 14\u00a0esca\u00f1os y JxCat entre 8 y 10. La CUP permanece en la mayor\u00eda de casos con 2 diputados, pero en la encuesta de NC Report para la Raz\u00f3n los pierde. Una vez m\u00e1s el escenario ser\u00eda extraordinariamente propicio para un bloque catal\u00e1n con capacidad de negociar aspectos concretos, pero, evidentemente, no es el caso, porque ERC se limita a apoyar lo que le interesa, al PSOE por una parte, y en cuanto a las cuestiones catalanas se mantiene anclado en las grandes declaraciones que permanecen inm\u00f3viles, la amnist\u00eda y el refer\u00e9ndum. Y es que la situaci\u00f3n pol\u00edtica en\u00a0Catalu\u00f1a se ha convertido en un l\u00edo\u00a0que nos acerca m\u00e1s a escenarios latinoamericanos que los modelos de comportamiento pol\u00edtico europeo. Ahora, ERC dice que ha roto con JxCat con respecto a formar un gobierno y le pide los votos para gobernar en solitario. La pregunta es \u00bfpor qu\u00e9 le debe dar JxCat este apoyo sin nada a cambio si no se han puesto de acuerdo cuando hay importantes contrapartidas de gobierno para distribuirse. Pero la opci\u00f3n de ERC es muy dif\u00edcil. Necesita 68 votos para la mayor\u00eda absoluta, o bien tener simplemente la mayor\u00eda en una segunda vuelta. En este caso podr\u00eda elegir al presidente, pero luego lo tendr\u00eda muy complicado para gobernar, porque estar\u00eda en minor\u00eda ante todos los dem\u00e1s. ERC, la CUP y En Com\u00fan Podemos alcanzan s\u00f3lo 50 esca\u00f1os. Vox, Cs y el PP suman 20, mientras que JxCat tiene 32 y el PSC 33. Para llevar adelante la elecci\u00f3n de Aragon\u00e9s no basta con la abstenci\u00f3n de JxCat, porque con la oposici\u00f3n del PSC no saldr\u00eda elegido. Necesitar\u00eda, por tanto, que el grupo de\u00a0Puigdemont le cediera 4\u00a0diputados en una operaci\u00f3n bien estramb\u00f3tica.\u00a0Evidentemente, este no es el resultado que garantiza un gobierno estable con capacidad de gobernar y representativo, porque adem\u00e1s, recordemos, que pesa la losa de una abstenci\u00f3n pr\u00e1cticamente situada en el 50% que hace que la representatividad real de los partidos en el Parlamento deba dividir entre dos. Pero al mismo tiempo que no se gobierna, se bloquean o impiden decisiones trascendentales.\u00a0La inversi\u00f3n de 1.700 millones en el aeropuerto se puede perder porque el gobierno no acepta el planteamiento de AENA porque afecta el espacio natural de la Ricarda, y lo hace con el apoyo de Ada Colau. Tambi\u00e9n de momento niega la autorizaci\u00f3n para que puedan recalar los cruceros en el puerto, sustrayendo de esta manera una inyecci\u00f3n econ\u00f3mica en materia tur\u00edstica, que Barcelona y Catalu\u00f1a necesitan, y lo hace tambi\u00e9n con el visto bueno de la alcaldesa de Barcelona. El sector de las energ\u00edas renovables tambi\u00e9n se alza contra la extra\u00f1a moratoria pactada por ERC y la CUP, que condena a Catalu\u00f1a a acentuar el atraso que ya tiene en la producci\u00f3n de energ\u00eda limpia y queda a la cola de todo el estado. Es una paradoja que de tan ecologistas que son, acaban consiguiendo que la primera fuente de energ\u00eda de Catalu\u00f1a sea la nuclear. Por si fuera poco, el importante gremio de restauradores, que tienen multitud de agravios por la pol\u00edtica del PROCICAT, ahora consideran que la Generalitat les ha enredado porque hizo pasar como ayudas para la crisis el perd\u00f3n de un tributo que los tribunales est\u00e1n anulando, y que, por tanto, en ning\u00fan caso ten\u00eda que haber pagado.\u00a0Todo ello describe un panorama que, aunque parezca imposible, cada d\u00eda que pasa empeora.","og_url":"https:\/\/conversesacatalunya.cat\/es\/panorama-gana-pp-mas-lio-y-paralisis-en-cataluna\/","og_site_name":"Converses a Catalunya","article_published_time":"2021-05-11T11:36:37+00:00","article_modified_time":"2021-05-11T13:55:50+00:00","og_image":[{"width":990,"height":557,"url":"https:\/\/conversesacatalunya.cat\/wp-content\/uploads\/2021\/05\/elecciones-generales.jpg","type":"image\/jpeg"}],"author":"conversesacatalunya","twitter_card":"summary_large_image","twitter_misc":{"Escrito por":"conversesacatalunya","Tiempo de lectura":"4 minutos"},"schema":{"@context":"https:\/\/schema.org","@graph":[{"@type":"Article","@id":"https:\/\/conversesacatalunya.cat\/es\/panorama-gana-pp-mas-lio-y-paralisis-en-cataluna\/#article","isPartOf":{"@id":"https:\/\/conversesacatalunya.cat\/es\/panorama-gana-pp-mas-lio-y-paralisis-en-cataluna\/"},"author":{"name":"conversesacatalunya","@id":"https:\/\/conversesacatalunya.cat\/#\/schema\/person\/7e24d1e54a2785373ddcb275eae5ed99"},"headline":"Panorama: gana PP. M\u00e1s l\u00edo y par\u00e1lisis en Catalu\u00f1a","datePublished":"2021-05-11T11:36:37+00:00","dateModified":"2021-05-11T13:55:50+00:00","mainEntityOfPage":{"@id":"https:\/\/conversesacatalunya.cat\/es\/panorama-gana-pp-mas-lio-y-paralisis-en-cataluna\/"},"wordCount":920,"commentCount":0,"image":{"@id":"https:\/\/conversesacatalunya.cat\/es\/panorama-gana-pp-mas-lio-y-paralisis-en-cataluna\/#primaryimage"},"thumbnailUrl":"https:\/\/conversesacatalunya.cat\/wp-content\/uploads\/2021\/05\/elecciones-generales.jpg","keywords":["Encuestas","PP"],"articleSection":["Punts clau del dia (ES)"],"inLanguage":"es","potentialAction":[{"@type":"CommentAction","name":"Comment","target":["https:\/\/conversesacatalunya.cat\/es\/panorama-gana-pp-mas-lio-y-paralisis-en-cataluna\/#respond"]}]},{"@type":"WebPage","@id":"https:\/\/conversesacatalunya.cat\/es\/panorama-gana-pp-mas-lio-y-paralisis-en-cataluna\/","url":"https:\/\/conversesacatalunya.cat\/es\/panorama-gana-pp-mas-lio-y-paralisis-en-cataluna\/","name":"Panorama: gana PP. M\u00e1s l\u00edo y par\u00e1lisis en Catalu\u00f1a - Converses a Catalunya","isPartOf":{"@id":"https:\/\/conversesacatalunya.cat\/#website"},"primaryImageOfPage":{"@id":"https:\/\/conversesacatalunya.cat\/es\/panorama-gana-pp-mas-lio-y-paralisis-en-cataluna\/#primaryimage"},"image":{"@id":"https:\/\/conversesacatalunya.cat\/es\/panorama-gana-pp-mas-lio-y-paralisis-en-cataluna\/#primaryimage"},"thumbnailUrl":"https:\/\/conversesacatalunya.cat\/wp-content\/uploads\/2021\/05\/elecciones-generales.jpg","datePublished":"2021-05-11T11:36:37+00:00","dateModified":"2021-05-11T13:55:50+00:00","author":{"@id":"https:\/\/conversesacatalunya.cat\/#\/schema\/person\/7e24d1e54a2785373ddcb275eae5ed99"},"breadcrumb":{"@id":"https:\/\/conversesacatalunya.cat\/es\/panorama-gana-pp-mas-lio-y-paralisis-en-cataluna\/#breadcrumb"},"inLanguage":"es","potentialAction":[{"@type":"ReadAction","target":["https:\/\/conversesacatalunya.cat\/es\/panorama-gana-pp-mas-lio-y-paralisis-en-cataluna\/"]}]},{"@type":"ImageObject","inLanguage":"es","@id":"https:\/\/conversesacatalunya.cat\/es\/panorama-gana-pp-mas-lio-y-paralisis-en-cataluna\/#primaryimage","url":"https:\/\/conversesacatalunya.cat\/wp-content\/uploads\/2021\/05\/elecciones-generales.jpg","contentUrl":"https:\/\/conversesacatalunya.cat\/wp-content\/uploads\/2021\/05\/elecciones-generales.jpg","width":990,"height":557},{"@type":"BreadcrumbList","@id":"https:\/\/conversesacatalunya.cat\/es\/panorama-gana-pp-mas-lio-y-paralisis-en-cataluna\/#breadcrumb","itemListElement":[{"@type":"ListItem","position":1,"name":"Inici","item":"https:\/\/conversesacatalunya.cat\/es\/"},{"@type":"ListItem","position":2,"name":"Panorama: gana PP. M\u00e1s l\u00edo y par\u00e1lisis en Catalu\u00f1a"}]},{"@type":"WebSite","@id":"https:\/\/conversesacatalunya.cat\/#website","url":"https:\/\/conversesacatalunya.cat\/","name":"Converses a Catalunya","description":"","potentialAction":[{"@type":"SearchAction","target":{"@type":"EntryPoint","urlTemplate":"https:\/\/conversesacatalunya.cat\/?s={search_term_string}"},"query-input":{"@type":"PropertyValueSpecification","valueRequired":true,"valueName":"search_term_string"}}],"inLanguage":"es"},{"@type":"Person","@id":"https:\/\/conversesacatalunya.cat\/#\/schema\/person\/7e24d1e54a2785373ddcb275eae5ed99","name":"conversesacatalunya","image":{"@type":"ImageObject","inLanguage":"es","@id":"https:\/\/conversesacatalunya.cat\/#\/schema\/person\/image\/","url":"https:\/\/conversesacatalunya.cat\/wp-content\/litespeed\/avatar\/febdfeeec89d950f01c748045a981dd2.jpg?ver=1777314535","contentUrl":"https:\/\/conversesacatalunya.cat\/wp-content\/litespeed\/avatar\/febdfeeec89d950f01c748045a981dd2.jpg?ver=1777314535","caption":"conversesacatalunya"},"url":"https:\/\/conversesacatalunya.cat\/es\/author\/carme_catala\/"}]}},"wps_subtitle":"","_links":{"self":[{"href":"https:\/\/conversesacatalunya.cat\/es\/wp-json\/wp\/v2\/posts\/47942","targetHints":{"allow":["GET"]}}],"collection":[{"href":"https:\/\/conversesacatalunya.cat\/es\/wp-json\/wp\/v2\/posts"}],"about":[{"href":"https:\/\/conversesacatalunya.cat\/es\/wp-json\/wp\/v2\/types\/post"}],"author":[{"embeddable":true,"href":"https:\/\/conversesacatalunya.cat\/es\/wp-json\/wp\/v2\/users\/2"}],"replies":[{"embeddable":true,"href":"https:\/\/conversesacatalunya.cat\/es\/wp-json\/wp\/v2\/comments?post=47942"}],"version-history":[{"count":2,"href":"https:\/\/conversesacatalunya.cat\/es\/wp-json\/wp\/v2\/posts\/47942\/revisions"}],"predecessor-version":[{"id":47944,"href":"https:\/\/conversesacatalunya.cat\/es\/wp-json\/wp\/v2\/posts\/47942\/revisions\/47944"}],"wp:featuredmedia":[{"embeddable":true,"href":"https:\/\/conversesacatalunya.cat\/es\/wp-json\/wp\/v2\/media\/47939"}],"wp:attachment":[{"href":"https:\/\/conversesacatalunya.cat\/es\/wp-json\/wp\/v2\/media?parent=47942"}],"wp:term":[{"taxonomy":"category","embeddable":true,"href":"https:\/\/conversesacatalunya.cat\/es\/wp-json\/wp\/v2\/categories?post=47942"},{"taxonomy":"post_tag","embeddable":true,"href":"https:\/\/conversesacatalunya.cat\/es\/wp-json\/wp\/v2\/tags?post=47942"}],"curies":[{"name":"wp","href":"https:\/\/api.w.org\/{rel}","templated":true}]}}