{"id":47653,"date":"2021-05-03T11:37:45","date_gmt":"2021-05-03T09:37:45","guid":{"rendered":"https:\/\/conversesacatalunya.cat\/catastrofe-india-covid\/"},"modified":"2021-05-03T15:51:00","modified_gmt":"2021-05-03T13:51:00","slug":"catastrofe-india-covid","status":"publish","type":"post","link":"https:\/\/conversesacatalunya.cat\/es\/catastrofe-india-covid\/","title":{"rendered":"Hay que poner la cat\u00e1strofe de la India en contexto: muchos menos muertos que en Espa\u00f1a"},"content":{"rendered":"<p><span>Las im\u00e1genes impresionantes de personas instaladas en autom\u00f3viles que no pueden ingresar en hospitales colapsados, la escasez angustiosa de botellas de ox\u00edgeno, los crematorios de los numerosos cad\u00e1veres, una pr\u00e1ctica inherente al hinduismo, pero que visualmente resulta tr\u00e1gica para nosotros, todo ello transmite una imagen muy extrema de los estragos de la Covid-19 en la India. Los medios de comunicaci\u00f3n nos han servido, como es habitual, las escenas m\u00e1s impresionantes de la ola de muertes y enfermos en que est\u00e1 sometido ese pa\u00eds.<\/span><\/p>\n<p><span>Pero m\u00e1s all\u00e1 de las impresiones realmente tr\u00e1gicas est\u00e1 la realidad que nos dan\u00a0<\/span><strong><span>las cifras, que nos muestran un balance diferente<\/span><\/strong><span>. Porque todo lo que pasa en estos grandes pa\u00edses hay que situarlo en el contexto de su gran poblaci\u00f3n. La India\u00a0<\/span><strong><span>tiene 1.300 millones<\/span><\/strong><span> de habitantes. Esta magnitud explica que, a pesar de haber inyectado cerca de 155 millones de dosis, su nivel de vacunaci\u00f3n sea s\u00f3lo del 11.5%.<\/span><\/p>\n<p><span><span class=\"goog-text-highlight\">Si aplicamos la proporci\u00f3n de muertes de la India en Espa\u00f1a, nosotros, en lugar de\u00a0<\/span><\/span><strong><span><span class=\"goog-text-highlight\">tener 78.216 muertes oficiales<\/span><\/span><\/strong><span><span class=\"goog-text-highlight\">, recuento del 2 de mayo (m\u00e1s de 100.000 de acuerdo con el exceso de mortalidad) deber\u00edamos tener, para ser equivalentes a los muertos de la India,\u00a0<\/span><\/span><strong><span><span class=\"goog-text-highlight\">s\u00f3lo unos 7.500<\/span><\/span><\/strong><span><span class=\"goog-text-highlight\">, porque nuestro n\u00famero de muertes en relaci\u00f3n a la poblaci\u00f3n es ligeramente superior a 10 veces el indio:\u00a0<\/span><\/span><strong><span><span class=\"goog-text-highlight\">1.672,9 por mill\u00f3n de habitantes a 2 de mayo<\/span><\/span><\/strong><span><span class=\"goog-text-highlight\">,\u00a0<\/span><\/span><strong><span><span class=\"goog-text-highlight\">por s\u00f3lo 156,1 en la India<\/span><\/span><\/strong><span><span class=\"goog-text-highlight\"> . Este es el escenario global y esta es la realidad de los estragos humanos de la pandemia. Los <strong>n<\/strong><\/span><\/span><strong><span><span class=\"goog-text-highlight\">uestros son mucho mayores<\/span><\/span><\/strong><span><span class=\"goog-text-highlight\">.<\/span><\/span><\/p>\n<p><span>Lo que s\u00ed que sucede es que a partir de finales de abril las muertes diarias en <\/span><strong><span>la India se han disparado<\/span><\/strong><span>. Las nuestras siempre han estado muy por encima de ellas. Por ejemplo, en el punto \u00e1lgido con m\u00e1s mortalidad diaria en Espa\u00f1a, el 3 <\/span><strong><span>de abril, con 18,52 muertes por mill\u00f3n de habitantes<\/span><\/strong><span>, en la India casi se registraban\u00a0<\/span><strong><span>una d\u00e9cima.<\/span><\/strong><span> S\u00f3lo en el per\u00edodo comprendido entre el 3 de junio y el 2 de septiembre, cuando la mortalidad espa\u00f1ola se situ\u00f3 muy por debajo de 1 muerto por cada mill\u00f3n de habitantes, la India nos super\u00f3 ligeramente. Un segundo v\u00e9rtice espa\u00f1ol en el mes de noviembre, concretamente el 9, se\u00a0<\/span><strong><span>produjeron 9,44 muertes por mill\u00f3n de habitantes,<\/span><\/strong><span> por s\u00f3lo 0,41 en la India. Y el 11 de febrero, en la cumbre de la tercera ola, <\/span><strong><span>Espa\u00f1a se situaba en 10,43 muertes por mill\u00f3n y la India en 0,07<\/span><\/strong><span>.\u00a0<\/span><\/p>\n<p><span>Esto s\u00f3lo ha cambiado, y esta es la fotograf\u00eda actual, a partir de los \u00faltimos d\u00edas de abril cuando la India super\u00f3 <\/span><strong><span>las 2,11 muertes por mill\u00f3n de habitantes mientras que Espa\u00f1a se colocaba en 1,91. <\/span><\/strong><span><span class=\"goog-text-highlight\">Y ese es el escenario que estamos grabando ahora, si bien los datos a 2 de mayo muestran una disminuci\u00f3n en el caso de la India, 2,11, mientras que pr\u00e1cticamente est\u00e1 estancada la cifra espa\u00f1ola con 1,99 muertes por mill\u00f3n de habitantes.\u00a0<\/span>Esta es la realidad.<\/span><\/p>\n<p><span>Es bueno que sintamos solidaridad con los que sufren, aunque est\u00e9n lejos, como en el caso de la India, pero todav\u00eda es mejor si adem\u00e1s asumimos la magnitud del desastre espa\u00f1ol, del que Catalu\u00f1a no es una excepci\u00f3n, sino un contribuyente destacado.<\/span><\/p>\n<div id=\"polls-101\" class=\"wp-polls\">\n\t<form id=\"polls_form_101\" class=\"wp-polls-form\" action=\"\/index.php\" method=\"post\">\n\t\t<p style=\"display: none;\"><input type=\"hidden\" id=\"poll_101_nonce\" name=\"wp-polls-nonce\" value=\"d6cf436ecb\" \/><\/p>\n\t\t<p style=\"display: none;\"><input type=\"hidden\" name=\"poll_id\" value=\"101\" \/><\/p>\n\t\t<p style=\"text-align: center\"><strong>Creus que els partits pol\u00edtics han de practicar cordons sanitaris contra altres partits amb representaci\u00f3 parlament\u00e0ria?<\/strong><\/p><div id=\"polls-101-ans\" class=\"wp-polls-ans\"><ul class=\"wp-polls-ul\">\n\t\t<li><input type=\"radio\" id=\"poll-answer-237\" name=\"poll_101\" value=\"237\" \/> <label for=\"poll-answer-237\">Si<\/label><\/li>\n\t\t<li><input type=\"radio\" id=\"poll-answer-238\" name=\"poll_101\" value=\"238\" \/> <label for=\"poll-answer-238\">No<\/label><\/li>\n\t\t<\/ul><p style=\"text-align: center\"><input type=\"button\" name=\"vote\" value=\"   Vota   \" class=\"Buttons\" onclick=\"poll_vote(101);\" \/><\/p><p style=\"text-align: center\"><a href=\"#ViewPollResults\" onclick=\"poll_result(101); return false;\" title=\"View Results Of This Poll\">Mira els resultats<\/a><\/p><\/div>\n\t<\/form>\n<\/div>\n<div id=\"polls-101-loading\" class=\"wp-polls-loading\"><img decoding=\"async\" data-src=\"https:\/\/conversesacatalunya.cat\/wp-content\/plugins\/wp-polls\/images\/loading.gif\" width=\"16\" height=\"16\" alt=\"Cargando ...\" title=\"Cargando ...\" class=\"wp-polls-image lazyload\" src=\"data:image\/svg+xml;base64,PHN2ZyB3aWR0aD0iMSIgaGVpZ2h0PSIxIiB4bWxucz0iaHR0cDovL3d3dy53My5vcmcvMjAwMC9zdmciPjwvc3ZnPg==\" style=\"--smush-placeholder-width: 16px; --smush-placeholder-aspect-ratio: 16\/16;\" \/>&nbsp;Cargando ...<\/div>\n\n","protected":false},"excerpt":{"rendered":"<p>Las im\u00e1genes impresionantes de personas instaladas en autom\u00f3viles que no pueden ingresar en hospitales colapsados, la escasez angustiosa de botellas de ox\u00edgeno, los crematorios de los numerosos cad\u00e1veres, una pr\u00e1ctica inherente al hinduismo, pero que visualmente resulta tr\u00e1gica para nosotros, todo ello transmite una imagen muy extrema de los estragos de la Covid-19 en la India. Los medios de comunicaci\u00f3n nos han servido, como es habitual, las escenas m\u00e1s impresionantes de la ola de muertes y enfermos en que est\u00e1 sometido ese pa\u00eds. Pero m\u00e1s all\u00e1 de las impresiones realmente tr\u00e1gicas est\u00e1 la realidad que nos dan\u00a0las cifras, que nos muestran un balance diferente. Porque todo lo que pasa en estos grandes pa\u00edses hay que situarlo en el contexto de su gran poblaci\u00f3n. La India\u00a0tiene 1.300 millones de habitantes. Esta magnitud explica que, a pesar de haber inyectado cerca de 155 millones de dosis, su nivel de vacunaci\u00f3n sea s\u00f3lo del 11.5%. Si aplicamos la proporci\u00f3n de muertes de la India en Espa\u00f1a, nosotros, en lugar de\u00a0tener 78.216 muertes oficiales, recuento del 2 de mayo (m\u00e1s de 100.000 de acuerdo con el exceso de mortalidad) deber\u00edamos tener, para ser equivalentes a los muertos de la India,\u00a0s\u00f3lo unos 7.500, porque nuestro n\u00famero de muertes en relaci\u00f3n a la poblaci\u00f3n es ligeramente superior a 10 veces el indio:\u00a01.672,9 por mill\u00f3n de habitantes a 2 de mayo,\u00a0por s\u00f3lo 156,1 en la India . Este es el escenario global y esta es la realidad de los estragos humanos de la pandemia. Los nuestros son mucho mayores. Lo que s\u00ed que sucede es que a partir de finales de abril las muertes diarias en la India se han disparado. Las nuestras siempre han estado muy por encima de ellas. Por ejemplo, en el punto \u00e1lgido con m\u00e1s mortalidad diaria en Espa\u00f1a, el 3 de abril, con 18,52 muertes por mill\u00f3n de habitantes, en la India casi se registraban\u00a0una d\u00e9cima. S\u00f3lo en el per\u00edodo comprendido entre el 3 de junio y el 2 de septiembre, cuando la mortalidad espa\u00f1ola se situ\u00f3 muy por debajo de 1 muerto por cada mill\u00f3n de habitantes, la India nos super\u00f3 ligeramente. Un segundo v\u00e9rtice espa\u00f1ol en el mes de noviembre, concretamente el 9, se\u00a0produjeron 9,44 muertes por mill\u00f3n de habitantes, por s\u00f3lo 0,41 en la India. Y el 11 de febrero, en la cumbre de la tercera ola, Espa\u00f1a se situaba en 10,43 muertes por mill\u00f3n y la India en 0,07.\u00a0 Esto s\u00f3lo ha cambiado, y esta es la fotograf\u00eda actual, a partir de los \u00faltimos d\u00edas de abril cuando la India super\u00f3 las 2,11 muertes por mill\u00f3n de habitantes mientras que Espa\u00f1a se colocaba en 1,91. Y ese es el escenario que estamos grabando ahora, si bien los datos a 2 de mayo muestran una disminuci\u00f3n en el caso de la India, 2,11, mientras que pr\u00e1cticamente est\u00e1 estancada la cifra espa\u00f1ola con 1,99 muertes por mill\u00f3n de habitantes.\u00a0Esta es la realidad. Es bueno que sintamos solidaridad con los que sufren, aunque est\u00e9n lejos, como en el caso de la India, pero todav\u00eda es mejor si adem\u00e1s asumimos la magnitud del desastre espa\u00f1ol, del que Catalu\u00f1a no es una excepci\u00f3n, sino un contribuyente destacado.<\/p>\n","protected":false},"author":2,"featured_media":47634,"comment_status":"open","ping_status":"open","sticky":false,"template":"","format":"standard","meta":{"_FSMCFIC_featured_image_caption":"","_FSMCFIC_featured_image_nocaption":"","_FSMCFIC_featured_image_hide":"","footnotes":""},"categories":[1772,806],"tags":[1504,2246],"class_list":["post-47653","post","type-post","status-publish","format-standard","has-post-thumbnail","hentry","category-especial-coronavirus-es","category-punts-claus-del-dia-es","tag-coronavirus-es","tag-muertes-por-coronavirus"],"yoast_head":"<!-- This site is optimized with the Yoast SEO plugin v26.8 - https:\/\/yoast.com\/product\/yoast-seo-wordpress\/ -->\n<title>Hay que poner la cat\u00e1strofe de la India en contexto: muchos menos muertos que en Espa\u00f1a - Converses a Catalunya<\/title>\n<meta name=\"description\" content=\"Aquest \u00e9s l\u2019escenari global i aquesta \u00e9s la realitat dels estralls humans de la pand\u00e8mia. Els nostres s\u00f3n molt i molt m\u00e9s grans\" \/>\n<meta name=\"robots\" content=\"index, follow, max-snippet:-1, max-image-preview:large, max-video-preview:-1\" \/>\n<link rel=\"canonical\" href=\"https:\/\/conversesacatalunya.cat\/es\/catastrofe-india-covid\/\" \/>\n<meta property=\"og:locale\" content=\"es_ES\" \/>\n<meta property=\"og:type\" content=\"article\" \/>\n<meta property=\"og:title\" content=\"Hay que poner la cat\u00e1strofe de la India en contexto: muchos menos muertos que en Espa\u00f1a - Converses a Catalunya\" \/>\n<meta property=\"og:description\" content=\"Aquest \u00e9s l\u2019escenari global i aquesta \u00e9s la realitat dels estralls humans de la pand\u00e8mia. Els nostres s\u00f3n molt i molt m\u00e9s grans\" \/>\n<meta property=\"og:url\" content=\"https:\/\/conversesacatalunya.cat\/es\/catastrofe-india-covid\/\" \/>\n<meta property=\"og:site_name\" content=\"Converses a Catalunya\" \/>\n<meta property=\"article:published_time\" content=\"2021-05-03T09:37:45+00:00\" \/>\n<meta property=\"article:modified_time\" content=\"2021-05-03T13:51:00+00:00\" \/>\n<meta property=\"og:image\" content=\"https:\/\/conversesacatalunya.cat\/wp-content\/uploads\/2021\/05\/catastrofe-india.jpg\" \/>\n\t<meta property=\"og:image:width\" content=\"1800\" \/>\n\t<meta property=\"og:image:height\" content=\"1234\" \/>\n\t<meta property=\"og:image:type\" content=\"image\/jpeg\" \/>\n<meta name=\"author\" content=\"conversesacatalunya\" \/>\n<meta name=\"twitter:card\" content=\"summary_large_image\" \/>\n<meta name=\"twitter:label1\" content=\"Escrito por\" \/>\n\t<meta name=\"twitter:data1\" content=\"conversesacatalunya\" \/>\n\t<meta name=\"twitter:label2\" content=\"Tiempo de lectura\" \/>\n\t<meta name=\"twitter:data2\" content=\"3 minutos\" \/>\n<script type=\"application\/ld+json\" class=\"yoast-schema-graph\">{\"@context\":\"https:\/\/schema.org\",\"@graph\":[{\"@type\":\"Article\",\"@id\":\"https:\/\/conversesacatalunya.cat\/es\/catastrofe-india-covid\/#article\",\"isPartOf\":{\"@id\":\"https:\/\/conversesacatalunya.cat\/es\/catastrofe-india-covid\/\"},\"author\":{\"name\":\"conversesacatalunya\",\"@id\":\"https:\/\/conversesacatalunya.cat\/#\/schema\/person\/7e24d1e54a2785373ddcb275eae5ed99\"},\"headline\":\"Hay que poner la cat\u00e1strofe de la India en contexto: muchos menos muertos que en Espa\u00f1a\",\"datePublished\":\"2021-05-03T09:37:45+00:00\",\"dateModified\":\"2021-05-03T13:51:00+00:00\",\"mainEntityOfPage\":{\"@id\":\"https:\/\/conversesacatalunya.cat\/es\/catastrofe-india-covid\/\"},\"wordCount\":580,\"commentCount\":0,\"image\":{\"@id\":\"https:\/\/conversesacatalunya.cat\/es\/catastrofe-india-covid\/#primaryimage\"},\"thumbnailUrl\":\"https:\/\/conversesacatalunya.cat\/wp-content\/uploads\/2021\/05\/catastrofe-india.jpg\",\"keywords\":[\"coronavirus\",\"muertes por coronavirus\"],\"articleSection\":[\"Especial Coronavirus (ES)\",\"Punts clau del dia (ES)\"],\"inLanguage\":\"es\",\"potentialAction\":[{\"@type\":\"CommentAction\",\"name\":\"Comment\",\"target\":[\"https:\/\/conversesacatalunya.cat\/es\/catastrofe-india-covid\/#respond\"]}]},{\"@type\":\"WebPage\",\"@id\":\"https:\/\/conversesacatalunya.cat\/es\/catastrofe-india-covid\/\",\"url\":\"https:\/\/conversesacatalunya.cat\/es\/catastrofe-india-covid\/\",\"name\":\"Hay que poner la cat\u00e1strofe de la India en contexto: muchos menos muertos que en Espa\u00f1a - Converses a Catalunya\",\"isPartOf\":{\"@id\":\"https:\/\/conversesacatalunya.cat\/#website\"},\"primaryImageOfPage\":{\"@id\":\"https:\/\/conversesacatalunya.cat\/es\/catastrofe-india-covid\/#primaryimage\"},\"image\":{\"@id\":\"https:\/\/conversesacatalunya.cat\/es\/catastrofe-india-covid\/#primaryimage\"},\"thumbnailUrl\":\"https:\/\/conversesacatalunya.cat\/wp-content\/uploads\/2021\/05\/catastrofe-india.jpg\",\"datePublished\":\"2021-05-03T09:37:45+00:00\",\"dateModified\":\"2021-05-03T13:51:00+00:00\",\"author\":{\"@id\":\"https:\/\/conversesacatalunya.cat\/#\/schema\/person\/7e24d1e54a2785373ddcb275eae5ed99\"},\"description\":\"Aquest \u00e9s l\u2019escenari global i aquesta \u00e9s la realitat dels estralls humans de la pand\u00e8mia. Els nostres s\u00f3n molt i molt m\u00e9s grans\",\"breadcrumb\":{\"@id\":\"https:\/\/conversesacatalunya.cat\/es\/catastrofe-india-covid\/#breadcrumb\"},\"inLanguage\":\"es\",\"potentialAction\":[{\"@type\":\"ReadAction\",\"target\":[\"https:\/\/conversesacatalunya.cat\/es\/catastrofe-india-covid\/\"]}]},{\"@type\":\"ImageObject\",\"inLanguage\":\"es\",\"@id\":\"https:\/\/conversesacatalunya.cat\/es\/catastrofe-india-covid\/#primaryimage\",\"url\":\"https:\/\/conversesacatalunya.cat\/wp-content\/uploads\/2021\/05\/catastrofe-india.jpg\",\"contentUrl\":\"https:\/\/conversesacatalunya.cat\/wp-content\/uploads\/2021\/05\/catastrofe-india.jpg\",\"width\":1800,\"height\":1234,\"caption\":\"cat\u00e0strofe \u00edndia covid\"},{\"@type\":\"BreadcrumbList\",\"@id\":\"https:\/\/conversesacatalunya.cat\/es\/catastrofe-india-covid\/#breadcrumb\",\"itemListElement\":[{\"@type\":\"ListItem\",\"position\":1,\"name\":\"Inici\",\"item\":\"https:\/\/conversesacatalunya.cat\/es\/\"},{\"@type\":\"ListItem\",\"position\":2,\"name\":\"Hay que poner la cat\u00e1strofe de la India en contexto: muchos menos muertos que en Espa\u00f1a\"}]},{\"@type\":\"WebSite\",\"@id\":\"https:\/\/conversesacatalunya.cat\/#website\",\"url\":\"https:\/\/conversesacatalunya.cat\/\",\"name\":\"Converses a Catalunya\",\"description\":\"\",\"potentialAction\":[{\"@type\":\"SearchAction\",\"target\":{\"@type\":\"EntryPoint\",\"urlTemplate\":\"https:\/\/conversesacatalunya.cat\/?s={search_term_string}\"},\"query-input\":{\"@type\":\"PropertyValueSpecification\",\"valueRequired\":true,\"valueName\":\"search_term_string\"}}],\"inLanguage\":\"es\"},{\"@type\":\"Person\",\"@id\":\"https:\/\/conversesacatalunya.cat\/#\/schema\/person\/7e24d1e54a2785373ddcb275eae5ed99\",\"name\":\"conversesacatalunya\",\"image\":{\"@type\":\"ImageObject\",\"inLanguage\":\"es\",\"@id\":\"https:\/\/conversesacatalunya.cat\/#\/schema\/person\/image\/\",\"url\":\"https:\/\/conversesacatalunya.cat\/wp-content\/litespeed\/avatar\/febdfeeec89d950f01c748045a981dd2.jpg?ver=1777314535\",\"contentUrl\":\"https:\/\/conversesacatalunya.cat\/wp-content\/litespeed\/avatar\/febdfeeec89d950f01c748045a981dd2.jpg?ver=1777314535\",\"caption\":\"conversesacatalunya\"},\"url\":\"https:\/\/conversesacatalunya.cat\/es\/author\/carme_catala\/\"}]}<\/script>\n<!-- \/ Yoast SEO plugin. -->","yoast_head_json":{"title":"Hay que poner la cat\u00e1strofe de la India en contexto: muchos menos muertos que en Espa\u00f1a - Converses a Catalunya","description":"Aquest \u00e9s l\u2019escenari global i aquesta \u00e9s la realitat dels estralls humans de la pand\u00e8mia. Els nostres s\u00f3n molt i molt m\u00e9s grans","robots":{"index":"index","follow":"follow","max-snippet":"max-snippet:-1","max-image-preview":"max-image-preview:large","max-video-preview":"max-video-preview:-1"},"canonical":"https:\/\/conversesacatalunya.cat\/es\/catastrofe-india-covid\/","og_locale":"es_ES","og_type":"article","og_title":"Hay que poner la cat\u00e1strofe de la India en contexto: muchos menos muertos que en Espa\u00f1a - Converses a Catalunya","og_description":"Aquest \u00e9s l\u2019escenari global i aquesta \u00e9s la realitat dels estralls humans de la pand\u00e8mia. Els nostres s\u00f3n molt i molt m\u00e9s grans","og_url":"https:\/\/conversesacatalunya.cat\/es\/catastrofe-india-covid\/","og_site_name":"Converses a Catalunya","article_published_time":"2021-05-03T09:37:45+00:00","article_modified_time":"2021-05-03T13:51:00+00:00","og_image":[{"width":1800,"height":1234,"url":"https:\/\/conversesacatalunya.cat\/wp-content\/uploads\/2021\/05\/catastrofe-india.jpg","type":"image\/jpeg"}],"author":"conversesacatalunya","twitter_card":"summary_large_image","twitter_misc":{"Escrito por":"conversesacatalunya","Tiempo de lectura":"3 minutos"},"schema":{"@context":"https:\/\/schema.org","@graph":[{"@type":"Article","@id":"https:\/\/conversesacatalunya.cat\/es\/catastrofe-india-covid\/#article","isPartOf":{"@id":"https:\/\/conversesacatalunya.cat\/es\/catastrofe-india-covid\/"},"author":{"name":"conversesacatalunya","@id":"https:\/\/conversesacatalunya.cat\/#\/schema\/person\/7e24d1e54a2785373ddcb275eae5ed99"},"headline":"Hay que poner la cat\u00e1strofe de la India en contexto: muchos menos muertos que en Espa\u00f1a","datePublished":"2021-05-03T09:37:45+00:00","dateModified":"2021-05-03T13:51:00+00:00","mainEntityOfPage":{"@id":"https:\/\/conversesacatalunya.cat\/es\/catastrofe-india-covid\/"},"wordCount":580,"commentCount":0,"image":{"@id":"https:\/\/conversesacatalunya.cat\/es\/catastrofe-india-covid\/#primaryimage"},"thumbnailUrl":"https:\/\/conversesacatalunya.cat\/wp-content\/uploads\/2021\/05\/catastrofe-india.jpg","keywords":["coronavirus","muertes por coronavirus"],"articleSection":["Especial Coronavirus (ES)","Punts clau del dia (ES)"],"inLanguage":"es","potentialAction":[{"@type":"CommentAction","name":"Comment","target":["https:\/\/conversesacatalunya.cat\/es\/catastrofe-india-covid\/#respond"]}]},{"@type":"WebPage","@id":"https:\/\/conversesacatalunya.cat\/es\/catastrofe-india-covid\/","url":"https:\/\/conversesacatalunya.cat\/es\/catastrofe-india-covid\/","name":"Hay que poner la cat\u00e1strofe de la India en contexto: muchos menos muertos que en Espa\u00f1a - Converses a Catalunya","isPartOf":{"@id":"https:\/\/conversesacatalunya.cat\/#website"},"primaryImageOfPage":{"@id":"https:\/\/conversesacatalunya.cat\/es\/catastrofe-india-covid\/#primaryimage"},"image":{"@id":"https:\/\/conversesacatalunya.cat\/es\/catastrofe-india-covid\/#primaryimage"},"thumbnailUrl":"https:\/\/conversesacatalunya.cat\/wp-content\/uploads\/2021\/05\/catastrofe-india.jpg","datePublished":"2021-05-03T09:37:45+00:00","dateModified":"2021-05-03T13:51:00+00:00","author":{"@id":"https:\/\/conversesacatalunya.cat\/#\/schema\/person\/7e24d1e54a2785373ddcb275eae5ed99"},"description":"Aquest \u00e9s l\u2019escenari global i aquesta \u00e9s la realitat dels estralls humans de la pand\u00e8mia. Els nostres s\u00f3n molt i molt m\u00e9s grans","breadcrumb":{"@id":"https:\/\/conversesacatalunya.cat\/es\/catastrofe-india-covid\/#breadcrumb"},"inLanguage":"es","potentialAction":[{"@type":"ReadAction","target":["https:\/\/conversesacatalunya.cat\/es\/catastrofe-india-covid\/"]}]},{"@type":"ImageObject","inLanguage":"es","@id":"https:\/\/conversesacatalunya.cat\/es\/catastrofe-india-covid\/#primaryimage","url":"https:\/\/conversesacatalunya.cat\/wp-content\/uploads\/2021\/05\/catastrofe-india.jpg","contentUrl":"https:\/\/conversesacatalunya.cat\/wp-content\/uploads\/2021\/05\/catastrofe-india.jpg","width":1800,"height":1234,"caption":"cat\u00e0strofe \u00edndia covid"},{"@type":"BreadcrumbList","@id":"https:\/\/conversesacatalunya.cat\/es\/catastrofe-india-covid\/#breadcrumb","itemListElement":[{"@type":"ListItem","position":1,"name":"Inici","item":"https:\/\/conversesacatalunya.cat\/es\/"},{"@type":"ListItem","position":2,"name":"Hay que poner la cat\u00e1strofe de la India en contexto: muchos menos muertos que en Espa\u00f1a"}]},{"@type":"WebSite","@id":"https:\/\/conversesacatalunya.cat\/#website","url":"https:\/\/conversesacatalunya.cat\/","name":"Converses a Catalunya","description":"","potentialAction":[{"@type":"SearchAction","target":{"@type":"EntryPoint","urlTemplate":"https:\/\/conversesacatalunya.cat\/?s={search_term_string}"},"query-input":{"@type":"PropertyValueSpecification","valueRequired":true,"valueName":"search_term_string"}}],"inLanguage":"es"},{"@type":"Person","@id":"https:\/\/conversesacatalunya.cat\/#\/schema\/person\/7e24d1e54a2785373ddcb275eae5ed99","name":"conversesacatalunya","image":{"@type":"ImageObject","inLanguage":"es","@id":"https:\/\/conversesacatalunya.cat\/#\/schema\/person\/image\/","url":"https:\/\/conversesacatalunya.cat\/wp-content\/litespeed\/avatar\/febdfeeec89d950f01c748045a981dd2.jpg?ver=1777314535","contentUrl":"https:\/\/conversesacatalunya.cat\/wp-content\/litespeed\/avatar\/febdfeeec89d950f01c748045a981dd2.jpg?ver=1777314535","caption":"conversesacatalunya"},"url":"https:\/\/conversesacatalunya.cat\/es\/author\/carme_catala\/"}]}},"wps_subtitle":"Este es el escenario global y esta es la realidad de los estragos humanos de la pandemia. Los nuestros son muchos m\u00e1s","_links":{"self":[{"href":"https:\/\/conversesacatalunya.cat\/es\/wp-json\/wp\/v2\/posts\/47653","targetHints":{"allow":["GET"]}}],"collection":[{"href":"https:\/\/conversesacatalunya.cat\/es\/wp-json\/wp\/v2\/posts"}],"about":[{"href":"https:\/\/conversesacatalunya.cat\/es\/wp-json\/wp\/v2\/types\/post"}],"author":[{"embeddable":true,"href":"https:\/\/conversesacatalunya.cat\/es\/wp-json\/wp\/v2\/users\/2"}],"replies":[{"embeddable":true,"href":"https:\/\/conversesacatalunya.cat\/es\/wp-json\/wp\/v2\/comments?post=47653"}],"version-history":[{"count":2,"href":"https:\/\/conversesacatalunya.cat\/es\/wp-json\/wp\/v2\/posts\/47653\/revisions"}],"predecessor-version":[{"id":47655,"href":"https:\/\/conversesacatalunya.cat\/es\/wp-json\/wp\/v2\/posts\/47653\/revisions\/47655"}],"wp:featuredmedia":[{"embeddable":true,"href":"https:\/\/conversesacatalunya.cat\/es\/wp-json\/wp\/v2\/media\/47634"}],"wp:attachment":[{"href":"https:\/\/conversesacatalunya.cat\/es\/wp-json\/wp\/v2\/media?parent=47653"}],"wp:term":[{"taxonomy":"category","embeddable":true,"href":"https:\/\/conversesacatalunya.cat\/es\/wp-json\/wp\/v2\/categories?post=47653"},{"taxonomy":"post_tag","embeddable":true,"href":"https:\/\/conversesacatalunya.cat\/es\/wp-json\/wp\/v2\/tags?post=47653"}],"curies":[{"name":"wp","href":"https:\/\/api.w.org\/{rel}","templated":true}]}}