{"id":47649,"date":"2021-05-03T11:58:27","date_gmt":"2021-05-03T09:58:27","guid":{"rendered":"https:\/\/conversesacatalunya.cat\/irpf-families\/"},"modified":"2021-05-03T15:41:17","modified_gmt":"2021-05-03T13:41:17","slug":"irpf-familias","status":"publish","type":"post","link":"https:\/\/conversesacatalunya.cat\/es\/irpf-familias\/","title":{"rendered":"Espa\u00f1a: un infierno para las familias"},"content":{"rendered":"<p><span>Espa\u00f1a, en el contexto europeo, es un verdadero infierno para las familias, y Catalu\u00f1a no es una excepci\u00f3n, sino un alumno muy destacado.<\/span><\/p>\n<p><span><span class=\"goog-text-highlight\">Las familias reciben pocas ayudas, de hecho deber\u00eda\u00a0<\/span><\/span><strong><span><span class=\"goog-text-highlight\">multiplicar por 4 la cifra para llegar a la media de la Uni\u00f3n Europea<\/span><\/span><\/strong><span><span class=\"goog-text-highlight\">. Los beneficios en raz\u00f3n del n\u00famero de hijos son pr\u00e1cticamente inexistentes, como lo constata la situaci\u00f3n de las familias numerosas. Y esto sucede en un marco donde la pobreza infantil es de la m\u00e1s grandes de la Uni\u00f3n. El deficiente y deficitario sistema de ayudas a la dependencia hace que la principal carga se acumule sobre las familias, cuando en la exposici\u00f3n de motivos de esta ley de la \u00e9poca Zapatero se declaraba exactamente lo contrario.<\/span><\/span><\/p>\n<p><span>Tambi\u00e9n son muy escasas los ayudas sociales en t\u00e9rminos europeos y, adem\u00e1s, sometidas a una complicada burocracia que combina lo peor de la administraci\u00f3n auton\u00f3mica y del estado. Hay una elevada tasa de desempleo estructural que hace que f\u00e1cilmente cuando viene la adversidad econ\u00f3mica, tales como, el n\u00famero de gente sin trabajo, se dispare situ\u00e1ndonos a la cabeza de Europa en este triste ranking junto con el paro juvenil . <\/span><strong><span>El sistema p\u00fablico de pensiones penaliza a las familias con hijos,<\/span><\/strong><span> que son las que aportan los futuros cotizantes, mientras que premia a las personas que no tienen descendencia.<\/span><\/p>\n<p><span><span class=\"\">La sociedad espa\u00f1ola, y catalana, sufre una <\/span><\/span><strong><span><span class=\"\">reducci\u00f3n extraordinaria del n\u00famero de matrimonios, <\/span><\/span><\/strong><span>mientras que aumentan las cohabitaciones y las parejas de hecho. Esta tendencia tiene consecuencias sociales. Una de ellas es que esta vinculaci\u00f3n m\u00e1s d\u00e9bil tiene una menor natalidad que la relaci\u00f3n matrimonial, y una mayor tasa de violencia contra la mujer debido a la mayor frecuencia de las rupturas en el v\u00ednculo. Tambi\u00e9n es fuente de futuros hogares unipersonales que, unidos a la elevada esperanza de vida, determina el creciente n\u00famero de personas de edad avanzada con limitaciones que viven en la soledad. Tambi\u00e9n crece el n\u00famero de hijos fuera del matrimonio y de madres solteras que ya bordean la mitad de la escasa natalidad. Estos ni\u00f1os vivir\u00e1n la mayor\u00eda de ellos en hogares de un solo progenitor que a\u00f1adir\u00e1, a la falta de las dos figuras educadoras, el padre y la madre, unas rentas habitualmente mucho m\u00e1s bajas, lo que constituyen una de las causas de la pobreza infantil.<\/span><\/p>\n<p><span>El envejecimiento de la poblaci\u00f3n, sobre todo debido a la crisis de la natalidad, hace que a\u00f1o\u00a0<\/span><strong><span>tras a\u00f1o aumente la media de edad<\/span><\/strong><span> de la poblaci\u00f3n, con las consecuencias que se derivan por las grandes variables econ\u00f3micas relacionadas con la productividad, el ahorro y la inversi\u00f3n. En este contexto tan desfavorable para la familia y el matrimonio que la forma, y con tantas consecuencias negativas derivadas de este hecho, <\/span><strong><span>ha saltado la liebre de una medida de gran impacto fiscal,<\/span><\/strong><span> que el gobierno hab\u00eda enmascarado en la presentaci\u00f3n del su programa de medidas en Bruselas.<\/span><\/p>\n<p><span>En efecto,\u00a0<\/span><strong><span>bajo el cap\u00edtulo de pol\u00edticas de igualdad de g\u00e9nero y oportunidades, en el anexo IV del plan de recuperaci\u00f3n<\/span><\/strong><span>, figura la\u00a0<\/span><strong><span>liquidaci\u00f3n de la desgravaci\u00f3n que existe en la declaraci\u00f3n del IRPF para los matrimonios con hijos<\/span><\/strong><span> que, concretamente, obtienen una reducci\u00f3n de 3.400 euros, que se a\u00f1ade al m\u00ednimo exento. Esta ventaja beneficia a 4,2 millones de personas y 2,1 millones de hogares, y representa una minoraci\u00f3n en los ingresos del estado de 2.393 millones.<\/span><\/p>\n<p><span>Esta medida significaba, por tanto, una elevaci\u00f3n de la presi\u00f3n fiscal para los matrimonios con hijos, que especialmente afectaba a las rentas medias y bajas y a las parejas en las que uno de los dos miembros no recibe ning\u00fan ingreso, o lo que percibe es muy inferior el del otro c\u00f3nyuge, porque cuando los ingresos son muy similares, la desgravaci\u00f3n en la forma con que est\u00e1 formulada, tiene un efecto muy limitado.<\/span><\/p>\n<p><strong><span>Beneficia, sobre todo en la pr\u00e1ctica, a familias que tienen hijos<\/span><\/strong><span> que exigen que, generalmente la mujer, uno de los dos miembros, se dedique de manera intensa al hogar, tambi\u00e9n cuando adem\u00e1s hay alguna persona dependiente, y afecta, sin embargo, en una <\/span><strong><span>medida muy grande a los contribuyentes de mediana y avanzada edad,<\/span><\/strong><span> dado que los mayores de 55 a\u00f1os suponen el 48% de los beneficiarios. La medida recaudatoria dice mucho de lo poco que le importa favorecer el matrimonio y la familia al gobierno, y tambi\u00e9n muestra poca sensibilidad con los hogares con m\u00e1s necesidades.<\/span><\/p>\n<p><span><span class=\"goog-text-highlight\">El argumento gubernamental de que esta acci\u00f3n <\/span><\/span><strong><span><span class=\"goog-text-highlight\">estimular\u00eda la inserci\u00f3n en el mercado laboral<\/span><\/span><\/strong><span><span class=\"goog-text-highlight\"> de las mujeres, formulada en las actuales condiciones del mercado del trabajo, es absolutamente c\u00ednica, porque el paro est\u00e1 golpeando con una proporci\u00f3n muy alta precisamente a ellas, que tienen m\u00e1s dificultad en encontrar trabajo. El otro argumento, el que la participaci\u00f3n laboral femenina de Espa\u00f1a era inferior a la de la Eurozona, no tiene en cuenta que exactamente lo mismo se puede decir de los hombres, porque <\/span><\/span><strong><span><span class=\"goog-text-highlight\">el problema general de Espa\u00f1a no es que haya personas que no quieren trabajar, sino que no encuentran trabajo.<\/span><\/span><\/strong><span><span class=\"goog-text-highlight\">\u00a0Por otro lado un pa\u00eds puntero como Alemania tiene una tasa laboral femenina tambi\u00e9n inferior a la media, lo que no representa ning\u00fan inconveniente para su potencial econ\u00f3mico.<\/span><\/span><\/p>\n<p><span><span class=\"\">Lo que hay detr\u00e1s de esta iniciativa, ahora frustrada por el rechazo que ha despertado <\/span><\/span><strong><span><span class=\"\">es, como siempre, la ideolog\u00eda de g\u00e9nero<\/span><\/span><\/strong><span><span class=\"\">, que ve a la mujer dedicada a la familia y a la misma familia, un adversario. <\/span><span class=\"goog-text-highlight\">Como la noticia fue conocida, porque alguien se ley\u00f3 la letra peque\u00f1a y lo hizo p\u00fablico justo <\/span><\/span><strong><span><span class=\"goog-text-highlight\">antes de las elecciones de Madrid<\/span><\/span><\/strong><span><span class=\"goog-text-highlight\">, el gobierno se ha precipitado a anunciar que no la piensa llevar a cabo hasta que no haya una reforma fiscal. <\/span>Pero, en todo caso, el papel est\u00e1 en Bruselas y forma parte del plan de recuperaci\u00f3n.<\/span><\/p>\n<div id=\"polls-101\" class=\"wp-polls\">\n\t<form id=\"polls_form_101\" class=\"wp-polls-form\" action=\"\/index.php\" method=\"post\">\n\t\t<p style=\"display: none;\"><input type=\"hidden\" id=\"poll_101_nonce\" name=\"wp-polls-nonce\" value=\"979f2892a5\" \/><\/p>\n\t\t<p style=\"display: none;\"><input type=\"hidden\" name=\"poll_id\" value=\"101\" \/><\/p>\n\t\t<p style=\"text-align: center\"><strong>Creus que els partits pol\u00edtics han de practicar cordons sanitaris contra altres partits amb representaci\u00f3 parlament\u00e0ria?<\/strong><\/p><div id=\"polls-101-ans\" class=\"wp-polls-ans\"><ul class=\"wp-polls-ul\">\n\t\t<li><input type=\"radio\" id=\"poll-answer-237\" name=\"poll_101\" value=\"237\" \/> <label for=\"poll-answer-237\">Si<\/label><\/li>\n\t\t<li><input type=\"radio\" id=\"poll-answer-238\" name=\"poll_101\" value=\"238\" \/> <label for=\"poll-answer-238\">No<\/label><\/li>\n\t\t<\/ul><p style=\"text-align: center\"><input type=\"button\" name=\"vote\" value=\"   Vota   \" class=\"Buttons\" onclick=\"poll_vote(101);\" \/><\/p><p style=\"text-align: center\"><a href=\"#ViewPollResults\" onclick=\"poll_result(101); return false;\" title=\"View Results Of This Poll\">Mira els resultats<\/a><\/p><\/div>\n\t<\/form>\n<\/div>\n<div id=\"polls-101-loading\" class=\"wp-polls-loading\"><img decoding=\"async\" data-src=\"https:\/\/conversesacatalunya.cat\/wp-content\/plugins\/wp-polls\/images\/loading.gif\" width=\"16\" height=\"16\" alt=\"Cargando ...\" title=\"Cargando ...\" class=\"wp-polls-image lazyload\" src=\"data:image\/svg+xml;base64,PHN2ZyB3aWR0aD0iMSIgaGVpZ2h0PSIxIiB4bWxucz0iaHR0cDovL3d3dy53My5vcmcvMjAwMC9zdmciPjwvc3ZnPg==\" style=\"--smush-placeholder-width: 16px; --smush-placeholder-aspect-ratio: 16\/16;\" \/>&nbsp;Cargando ...<\/div>\n\n","protected":false},"excerpt":{"rendered":"<p>Espa\u00f1a, en el contexto europeo, es un verdadero infierno para las familias, y Catalu\u00f1a no es una excepci\u00f3n, sino un alumno muy destacado. Las familias reciben pocas ayudas, de hecho deber\u00eda\u00a0multiplicar por 4 la cifra para llegar a la media de la Uni\u00f3n Europea. Los beneficios en raz\u00f3n del n\u00famero de hijos son pr\u00e1cticamente inexistentes, como lo constata la situaci\u00f3n de las familias numerosas. Y esto sucede en un marco donde la pobreza infantil es de la m\u00e1s grandes de la Uni\u00f3n. El deficiente y deficitario sistema de ayudas a la dependencia hace que la principal carga se acumule sobre las familias, cuando en la exposici\u00f3n de motivos de esta ley de la \u00e9poca Zapatero se declaraba exactamente lo contrario. Tambi\u00e9n son muy escasas los ayudas sociales en t\u00e9rminos europeos y, adem\u00e1s, sometidas a una complicada burocracia que combina lo peor de la administraci\u00f3n auton\u00f3mica y del estado. Hay una elevada tasa de desempleo estructural que hace que f\u00e1cilmente cuando viene la adversidad econ\u00f3mica, tales como, el n\u00famero de gente sin trabajo, se dispare situ\u00e1ndonos a la cabeza de Europa en este triste ranking junto con el paro juvenil . El sistema p\u00fablico de pensiones penaliza a las familias con hijos, que son las que aportan los futuros cotizantes, mientras que premia a las personas que no tienen descendencia. La sociedad espa\u00f1ola, y catalana, sufre una reducci\u00f3n extraordinaria del n\u00famero de matrimonios, mientras que aumentan las cohabitaciones y las parejas de hecho. Esta tendencia tiene consecuencias sociales. Una de ellas es que esta vinculaci\u00f3n m\u00e1s d\u00e9bil tiene una menor natalidad que la relaci\u00f3n matrimonial, y una mayor tasa de violencia contra la mujer debido a la mayor frecuencia de las rupturas en el v\u00ednculo. Tambi\u00e9n es fuente de futuros hogares unipersonales que, unidos a la elevada esperanza de vida, determina el creciente n\u00famero de personas de edad avanzada con limitaciones que viven en la soledad. Tambi\u00e9n crece el n\u00famero de hijos fuera del matrimonio y de madres solteras que ya bordean la mitad de la escasa natalidad. Estos ni\u00f1os vivir\u00e1n la mayor\u00eda de ellos en hogares de un solo progenitor que a\u00f1adir\u00e1, a la falta de las dos figuras educadoras, el padre y la madre, unas rentas habitualmente mucho m\u00e1s bajas, lo que constituyen una de las causas de la pobreza infantil. El envejecimiento de la poblaci\u00f3n, sobre todo debido a la crisis de la natalidad, hace que a\u00f1o\u00a0tras a\u00f1o aumente la media de edad de la poblaci\u00f3n, con las consecuencias que se derivan por las grandes variables econ\u00f3micas relacionadas con la productividad, el ahorro y la inversi\u00f3n. En este contexto tan desfavorable para la familia y el matrimonio que la forma, y con tantas consecuencias negativas derivadas de este hecho, ha saltado la liebre de una medida de gran impacto fiscal, que el gobierno hab\u00eda enmascarado en la presentaci\u00f3n del su programa de medidas en Bruselas. En efecto,\u00a0bajo el cap\u00edtulo de pol\u00edticas de igualdad de g\u00e9nero y oportunidades, en el anexo IV del plan de recuperaci\u00f3n, figura la\u00a0liquidaci\u00f3n de la desgravaci\u00f3n que existe en la declaraci\u00f3n del IRPF para los matrimonios con hijos que, concretamente, obtienen una reducci\u00f3n de 3.400 euros, que se a\u00f1ade al m\u00ednimo exento. Esta ventaja beneficia a 4,2 millones de personas y 2,1 millones de hogares, y representa una minoraci\u00f3n en los ingresos del estado de 2.393 millones. Esta medida significaba, por tanto, una elevaci\u00f3n de la presi\u00f3n fiscal para los matrimonios con hijos, que especialmente afectaba a las rentas medias y bajas y a las parejas en las que uno de los dos miembros no recibe ning\u00fan ingreso, o lo que percibe es muy inferior el del otro c\u00f3nyuge, porque cuando los ingresos son muy similares, la desgravaci\u00f3n en la forma con que est\u00e1 formulada, tiene un efecto muy limitado. Beneficia, sobre todo en la pr\u00e1ctica, a familias que tienen hijos que exigen que, generalmente la mujer, uno de los dos miembros, se dedique de manera intensa al hogar, tambi\u00e9n cuando adem\u00e1s hay alguna persona dependiente, y afecta, sin embargo, en una medida muy grande a los contribuyentes de mediana y avanzada edad, dado que los mayores de 55 a\u00f1os suponen el 48% de los beneficiarios. La medida recaudatoria dice mucho de lo poco que le importa favorecer el matrimonio y la familia al gobierno, y tambi\u00e9n muestra poca sensibilidad con los hogares con m\u00e1s necesidades. El argumento gubernamental de que esta acci\u00f3n estimular\u00eda la inserci\u00f3n en el mercado laboral de las mujeres, formulada en las actuales condiciones del mercado del trabajo, es absolutamente c\u00ednica, porque el paro est\u00e1 golpeando con una proporci\u00f3n muy alta precisamente a ellas, que tienen m\u00e1s dificultad en encontrar trabajo. El otro argumento, el que la participaci\u00f3n laboral femenina de Espa\u00f1a era inferior a la de la Eurozona, no tiene en cuenta que exactamente lo mismo se puede decir de los hombres, porque el problema general de Espa\u00f1a no es que haya personas que no quieren trabajar, sino que no encuentran trabajo.\u00a0Por otro lado un pa\u00eds puntero como Alemania tiene una tasa laboral femenina tambi\u00e9n inferior a la media, lo que no representa ning\u00fan inconveniente para su potencial econ\u00f3mico. Lo que hay detr\u00e1s de esta iniciativa, ahora frustrada por el rechazo que ha despertado es, como siempre, la ideolog\u00eda de g\u00e9nero, que ve a la mujer dedicada a la familia y a la misma familia, un adversario. Como la noticia fue conocida, porque alguien se ley\u00f3 la letra peque\u00f1a y lo hizo p\u00fablico justo antes de las elecciones de Madrid, el gobierno se ha precipitado a anunciar que no la piensa llevar a cabo hasta que no haya una reforma fiscal. Pero, en todo caso, el papel est\u00e1 en Bruselas y forma parte del plan de recuperaci\u00f3n.<\/p>\n","protected":false},"author":2,"featured_media":47638,"comment_status":"open","ping_status":"open","sticky":false,"template":"","format":"standard","meta":{"_FSMCFIC_featured_image_caption":"","_FSMCFIC_featured_image_nocaption":"","_FSMCFIC_featured_image_hide":"","footnotes":""},"categories":[806],"tags":[1604,2107,3726],"class_list":["post-47649","post","type-post","status-publish","format-standard","has-post-thumbnail","hentry","category-punts-claus-del-dia-es","tag-familia-es","tag-fondos-de-recuperacion","tag-irpf-es"],"yoast_head":"<!-- This site is optimized with the Yoast SEO plugin v26.8 - https:\/\/yoast.com\/product\/yoast-seo-wordpress\/ -->\n<title>Espa\u00f1a: un infierno para las familias - Converses a Catalunya<\/title>\n<meta name=\"robots\" content=\"index, follow, max-snippet:-1, max-image-preview:large, max-video-preview:-1\" \/>\n<link rel=\"canonical\" href=\"https:\/\/conversesacatalunya.cat\/es\/irpf-familias\/\" \/>\n<meta property=\"og:locale\" content=\"es_ES\" \/>\n<meta property=\"og:type\" content=\"article\" \/>\n<meta property=\"og:title\" content=\"Espa\u00f1a: un infierno para las familias - Converses a Catalunya\" \/>\n<meta property=\"og:description\" content=\"Espa\u00f1a, en el contexto europeo, es un verdadero infierno para las familias, y Catalu\u00f1a no es una excepci\u00f3n, sino un alumno muy destacado. Las familias reciben pocas ayudas, de hecho deber\u00eda\u00a0multiplicar por 4 la cifra para llegar a la media de la Uni\u00f3n Europea. Los beneficios en raz\u00f3n del n\u00famero de hijos son pr\u00e1cticamente inexistentes, como lo constata la situaci\u00f3n de las familias numerosas. Y esto sucede en un marco donde la pobreza infantil es de la m\u00e1s grandes de la Uni\u00f3n. El deficiente y deficitario sistema de ayudas a la dependencia hace que la principal carga se acumule sobre las familias, cuando en la exposici\u00f3n de motivos de esta ley de la \u00e9poca Zapatero se declaraba exactamente lo contrario. Tambi\u00e9n son muy escasas los ayudas sociales en t\u00e9rminos europeos y, adem\u00e1s, sometidas a una complicada burocracia que combina lo peor de la administraci\u00f3n auton\u00f3mica y del estado. Hay una elevada tasa de desempleo estructural que hace que f\u00e1cilmente cuando viene la adversidad econ\u00f3mica, tales como, el n\u00famero de gente sin trabajo, se dispare situ\u00e1ndonos a la cabeza de Europa en este triste ranking junto con el paro juvenil . El sistema p\u00fablico de pensiones penaliza a las familias con hijos, que son las que aportan los futuros cotizantes, mientras que premia a las personas que no tienen descendencia. La sociedad espa\u00f1ola, y catalana, sufre una reducci\u00f3n extraordinaria del n\u00famero de matrimonios, mientras que aumentan las cohabitaciones y las parejas de hecho. Esta tendencia tiene consecuencias sociales. Una de ellas es que esta vinculaci\u00f3n m\u00e1s d\u00e9bil tiene una menor natalidad que la relaci\u00f3n matrimonial, y una mayor tasa de violencia contra la mujer debido a la mayor frecuencia de las rupturas en el v\u00ednculo. Tambi\u00e9n es fuente de futuros hogares unipersonales que, unidos a la elevada esperanza de vida, determina el creciente n\u00famero de personas de edad avanzada con limitaciones que viven en la soledad. Tambi\u00e9n crece el n\u00famero de hijos fuera del matrimonio y de madres solteras que ya bordean la mitad de la escasa natalidad. Estos ni\u00f1os vivir\u00e1n la mayor\u00eda de ellos en hogares de un solo progenitor que a\u00f1adir\u00e1, a la falta de las dos figuras educadoras, el padre y la madre, unas rentas habitualmente mucho m\u00e1s bajas, lo que constituyen una de las causas de la pobreza infantil. El envejecimiento de la poblaci\u00f3n, sobre todo debido a la crisis de la natalidad, hace que a\u00f1o\u00a0tras a\u00f1o aumente la media de edad de la poblaci\u00f3n, con las consecuencias que se derivan por las grandes variables econ\u00f3micas relacionadas con la productividad, el ahorro y la inversi\u00f3n. En este contexto tan desfavorable para la familia y el matrimonio que la forma, y con tantas consecuencias negativas derivadas de este hecho, ha saltado la liebre de una medida de gran impacto fiscal, que el gobierno hab\u00eda enmascarado en la presentaci\u00f3n del su programa de medidas en Bruselas. En efecto,\u00a0bajo el cap\u00edtulo de pol\u00edticas de igualdad de g\u00e9nero y oportunidades, en el anexo IV del plan de recuperaci\u00f3n, figura la\u00a0liquidaci\u00f3n de la desgravaci\u00f3n que existe en la declaraci\u00f3n del IRPF para los matrimonios con hijos que, concretamente, obtienen una reducci\u00f3n de 3.400 euros, que se a\u00f1ade al m\u00ednimo exento. Esta ventaja beneficia a 4,2 millones de personas y 2,1 millones de hogares, y representa una minoraci\u00f3n en los ingresos del estado de 2.393 millones. Esta medida significaba, por tanto, una elevaci\u00f3n de la presi\u00f3n fiscal para los matrimonios con hijos, que especialmente afectaba a las rentas medias y bajas y a las parejas en las que uno de los dos miembros no recibe ning\u00fan ingreso, o lo que percibe es muy inferior el del otro c\u00f3nyuge, porque cuando los ingresos son muy similares, la desgravaci\u00f3n en la forma con que est\u00e1 formulada, tiene un efecto muy limitado. Beneficia, sobre todo en la pr\u00e1ctica, a familias que tienen hijos que exigen que, generalmente la mujer, uno de los dos miembros, se dedique de manera intensa al hogar, tambi\u00e9n cuando adem\u00e1s hay alguna persona dependiente, y afecta, sin embargo, en una medida muy grande a los contribuyentes de mediana y avanzada edad, dado que los mayores de 55 a\u00f1os suponen el 48% de los beneficiarios. La medida recaudatoria dice mucho de lo poco que le importa favorecer el matrimonio y la familia al gobierno, y tambi\u00e9n muestra poca sensibilidad con los hogares con m\u00e1s necesidades. El argumento gubernamental de que esta acci\u00f3n estimular\u00eda la inserci\u00f3n en el mercado laboral de las mujeres, formulada en las actuales condiciones del mercado del trabajo, es absolutamente c\u00ednica, porque el paro est\u00e1 golpeando con una proporci\u00f3n muy alta precisamente a ellas, que tienen m\u00e1s dificultad en encontrar trabajo. El otro argumento, el que la participaci\u00f3n laboral femenina de Espa\u00f1a era inferior a la de la Eurozona, no tiene en cuenta que exactamente lo mismo se puede decir de los hombres, porque el problema general de Espa\u00f1a no es que haya personas que no quieren trabajar, sino que no encuentran trabajo.\u00a0Por otro lado un pa\u00eds puntero como Alemania tiene una tasa laboral femenina tambi\u00e9n inferior a la media, lo que no representa ning\u00fan inconveniente para su potencial econ\u00f3mico. Lo que hay detr\u00e1s de esta iniciativa, ahora frustrada por el rechazo que ha despertado es, como siempre, la ideolog\u00eda de g\u00e9nero, que ve a la mujer dedicada a la familia y a la misma familia, un adversario. Como la noticia fue conocida, porque alguien se ley\u00f3 la letra peque\u00f1a y lo hizo p\u00fablico justo antes de las elecciones de Madrid, el gobierno se ha precipitado a anunciar que no la piensa llevar a cabo hasta que no haya una reforma fiscal. Pero, en todo caso, el papel est\u00e1 en Bruselas y forma parte del plan de recuperaci\u00f3n.\" \/>\n<meta property=\"og:url\" content=\"https:\/\/conversesacatalunya.cat\/es\/irpf-familias\/\" \/>\n<meta property=\"og:site_name\" content=\"Converses a Catalunya\" \/>\n<meta property=\"article:published_time\" content=\"2021-05-03T09:58:27+00:00\" \/>\n<meta property=\"article:modified_time\" content=\"2021-05-03T13:41:17+00:00\" \/>\n<meta property=\"og:image\" content=\"https:\/\/conversesacatalunya.cat\/wp-content\/uploads\/2021\/05\/ind-vs-conj.png\" \/>\n\t<meta property=\"og:image:width\" content=\"593\" \/>\n\t<meta property=\"og:image:height\" content=\"268\" \/>\n\t<meta property=\"og:image:type\" content=\"image\/png\" \/>\n<meta name=\"author\" content=\"conversesacatalunya\" \/>\n<meta name=\"twitter:card\" content=\"summary_large_image\" \/>\n<meta name=\"twitter:label1\" content=\"Escrito por\" \/>\n\t<meta name=\"twitter:data1\" content=\"conversesacatalunya\" \/>\n\t<meta name=\"twitter:label2\" content=\"Tiempo de lectura\" \/>\n\t<meta name=\"twitter:data2\" content=\"5 minutos\" \/>\n<script type=\"application\/ld+json\" class=\"yoast-schema-graph\">{\"@context\":\"https:\/\/schema.org\",\"@graph\":[{\"@type\":\"Article\",\"@id\":\"https:\/\/conversesacatalunya.cat\/es\/irpf-familias\/#article\",\"isPartOf\":{\"@id\":\"https:\/\/conversesacatalunya.cat\/es\/irpf-familias\/\"},\"author\":{\"name\":\"conversesacatalunya\",\"@id\":\"https:\/\/conversesacatalunya.cat\/#\/schema\/person\/7e24d1e54a2785373ddcb275eae5ed99\"},\"headline\":\"Espa\u00f1a: un infierno para las familias\",\"datePublished\":\"2021-05-03T09:58:27+00:00\",\"dateModified\":\"2021-05-03T13:41:17+00:00\",\"mainEntityOfPage\":{\"@id\":\"https:\/\/conversesacatalunya.cat\/es\/irpf-familias\/\"},\"wordCount\":1042,\"commentCount\":0,\"image\":{\"@id\":\"https:\/\/conversesacatalunya.cat\/es\/irpf-familias\/#primaryimage\"},\"thumbnailUrl\":\"https:\/\/conversesacatalunya.cat\/wp-content\/uploads\/2021\/05\/ind-vs-conj.png\",\"keywords\":[\"Fam\u00edlia\",\"fondos de recuperaci\u00f3n\",\"IRPF\"],\"articleSection\":[\"Punts clau del dia (ES)\"],\"inLanguage\":\"es\",\"potentialAction\":[{\"@type\":\"CommentAction\",\"name\":\"Comment\",\"target\":[\"https:\/\/conversesacatalunya.cat\/es\/irpf-familias\/#respond\"]}]},{\"@type\":\"WebPage\",\"@id\":\"https:\/\/conversesacatalunya.cat\/es\/irpf-familias\/\",\"url\":\"https:\/\/conversesacatalunya.cat\/es\/irpf-familias\/\",\"name\":\"Espa\u00f1a: un infierno para las familias - Converses a Catalunya\",\"isPartOf\":{\"@id\":\"https:\/\/conversesacatalunya.cat\/#website\"},\"primaryImageOfPage\":{\"@id\":\"https:\/\/conversesacatalunya.cat\/es\/irpf-familias\/#primaryimage\"},\"image\":{\"@id\":\"https:\/\/conversesacatalunya.cat\/es\/irpf-familias\/#primaryimage\"},\"thumbnailUrl\":\"https:\/\/conversesacatalunya.cat\/wp-content\/uploads\/2021\/05\/ind-vs-conj.png\",\"datePublished\":\"2021-05-03T09:58:27+00:00\",\"dateModified\":\"2021-05-03T13:41:17+00:00\",\"author\":{\"@id\":\"https:\/\/conversesacatalunya.cat\/#\/schema\/person\/7e24d1e54a2785373ddcb275eae5ed99\"},\"breadcrumb\":{\"@id\":\"https:\/\/conversesacatalunya.cat\/es\/irpf-familias\/#breadcrumb\"},\"inLanguage\":\"es\",\"potentialAction\":[{\"@type\":\"ReadAction\",\"target\":[\"https:\/\/conversesacatalunya.cat\/es\/irpf-familias\/\"]}]},{\"@type\":\"ImageObject\",\"inLanguage\":\"es\",\"@id\":\"https:\/\/conversesacatalunya.cat\/es\/irpf-familias\/#primaryimage\",\"url\":\"https:\/\/conversesacatalunya.cat\/wp-content\/uploads\/2021\/05\/ind-vs-conj.png\",\"contentUrl\":\"https:\/\/conversesacatalunya.cat\/wp-content\/uploads\/2021\/05\/ind-vs-conj.png\",\"width\":593,\"height\":268,\"caption\":\"IRPF fam\u00edlies\"},{\"@type\":\"BreadcrumbList\",\"@id\":\"https:\/\/conversesacatalunya.cat\/es\/irpf-familias\/#breadcrumb\",\"itemListElement\":[{\"@type\":\"ListItem\",\"position\":1,\"name\":\"Inici\",\"item\":\"https:\/\/conversesacatalunya.cat\/es\/\"},{\"@type\":\"ListItem\",\"position\":2,\"name\":\"Espa\u00f1a: un infierno para las familias\"}]},{\"@type\":\"WebSite\",\"@id\":\"https:\/\/conversesacatalunya.cat\/#website\",\"url\":\"https:\/\/conversesacatalunya.cat\/\",\"name\":\"Converses a Catalunya\",\"description\":\"\",\"potentialAction\":[{\"@type\":\"SearchAction\",\"target\":{\"@type\":\"EntryPoint\",\"urlTemplate\":\"https:\/\/conversesacatalunya.cat\/?s={search_term_string}\"},\"query-input\":{\"@type\":\"PropertyValueSpecification\",\"valueRequired\":true,\"valueName\":\"search_term_string\"}}],\"inLanguage\":\"es\"},{\"@type\":\"Person\",\"@id\":\"https:\/\/conversesacatalunya.cat\/#\/schema\/person\/7e24d1e54a2785373ddcb275eae5ed99\",\"name\":\"conversesacatalunya\",\"image\":{\"@type\":\"ImageObject\",\"inLanguage\":\"es\",\"@id\":\"https:\/\/conversesacatalunya.cat\/#\/schema\/person\/image\/\",\"url\":\"https:\/\/conversesacatalunya.cat\/wp-content\/litespeed\/avatar\/febdfeeec89d950f01c748045a981dd2.jpg?ver=1777314535\",\"contentUrl\":\"https:\/\/conversesacatalunya.cat\/wp-content\/litespeed\/avatar\/febdfeeec89d950f01c748045a981dd2.jpg?ver=1777314535\",\"caption\":\"conversesacatalunya\"},\"url\":\"https:\/\/conversesacatalunya.cat\/es\/author\/carme_catala\/\"}]}<\/script>\n<!-- \/ Yoast SEO plugin. -->","yoast_head_json":{"title":"Espa\u00f1a: un infierno para las familias - Converses a Catalunya","robots":{"index":"index","follow":"follow","max-snippet":"max-snippet:-1","max-image-preview":"max-image-preview:large","max-video-preview":"max-video-preview:-1"},"canonical":"https:\/\/conversesacatalunya.cat\/es\/irpf-familias\/","og_locale":"es_ES","og_type":"article","og_title":"Espa\u00f1a: un infierno para las familias - Converses a Catalunya","og_description":"Espa\u00f1a, en el contexto europeo, es un verdadero infierno para las familias, y Catalu\u00f1a no es una excepci\u00f3n, sino un alumno muy destacado. Las familias reciben pocas ayudas, de hecho deber\u00eda\u00a0multiplicar por 4 la cifra para llegar a la media de la Uni\u00f3n Europea. Los beneficios en raz\u00f3n del n\u00famero de hijos son pr\u00e1cticamente inexistentes, como lo constata la situaci\u00f3n de las familias numerosas. Y esto sucede en un marco donde la pobreza infantil es de la m\u00e1s grandes de la Uni\u00f3n. El deficiente y deficitario sistema de ayudas a la dependencia hace que la principal carga se acumule sobre las familias, cuando en la exposici\u00f3n de motivos de esta ley de la \u00e9poca Zapatero se declaraba exactamente lo contrario. Tambi\u00e9n son muy escasas los ayudas sociales en t\u00e9rminos europeos y, adem\u00e1s, sometidas a una complicada burocracia que combina lo peor de la administraci\u00f3n auton\u00f3mica y del estado. Hay una elevada tasa de desempleo estructural que hace que f\u00e1cilmente cuando viene la adversidad econ\u00f3mica, tales como, el n\u00famero de gente sin trabajo, se dispare situ\u00e1ndonos a la cabeza de Europa en este triste ranking junto con el paro juvenil . El sistema p\u00fablico de pensiones penaliza a las familias con hijos, que son las que aportan los futuros cotizantes, mientras que premia a las personas que no tienen descendencia. La sociedad espa\u00f1ola, y catalana, sufre una reducci\u00f3n extraordinaria del n\u00famero de matrimonios, mientras que aumentan las cohabitaciones y las parejas de hecho. Esta tendencia tiene consecuencias sociales. Una de ellas es que esta vinculaci\u00f3n m\u00e1s d\u00e9bil tiene una menor natalidad que la relaci\u00f3n matrimonial, y una mayor tasa de violencia contra la mujer debido a la mayor frecuencia de las rupturas en el v\u00ednculo. Tambi\u00e9n es fuente de futuros hogares unipersonales que, unidos a la elevada esperanza de vida, determina el creciente n\u00famero de personas de edad avanzada con limitaciones que viven en la soledad. Tambi\u00e9n crece el n\u00famero de hijos fuera del matrimonio y de madres solteras que ya bordean la mitad de la escasa natalidad. Estos ni\u00f1os vivir\u00e1n la mayor\u00eda de ellos en hogares de un solo progenitor que a\u00f1adir\u00e1, a la falta de las dos figuras educadoras, el padre y la madre, unas rentas habitualmente mucho m\u00e1s bajas, lo que constituyen una de las causas de la pobreza infantil. El envejecimiento de la poblaci\u00f3n, sobre todo debido a la crisis de la natalidad, hace que a\u00f1o\u00a0tras a\u00f1o aumente la media de edad de la poblaci\u00f3n, con las consecuencias que se derivan por las grandes variables econ\u00f3micas relacionadas con la productividad, el ahorro y la inversi\u00f3n. En este contexto tan desfavorable para la familia y el matrimonio que la forma, y con tantas consecuencias negativas derivadas de este hecho, ha saltado la liebre de una medida de gran impacto fiscal, que el gobierno hab\u00eda enmascarado en la presentaci\u00f3n del su programa de medidas en Bruselas. En efecto,\u00a0bajo el cap\u00edtulo de pol\u00edticas de igualdad de g\u00e9nero y oportunidades, en el anexo IV del plan de recuperaci\u00f3n, figura la\u00a0liquidaci\u00f3n de la desgravaci\u00f3n que existe en la declaraci\u00f3n del IRPF para los matrimonios con hijos que, concretamente, obtienen una reducci\u00f3n de 3.400 euros, que se a\u00f1ade al m\u00ednimo exento. Esta ventaja beneficia a 4,2 millones de personas y 2,1 millones de hogares, y representa una minoraci\u00f3n en los ingresos del estado de 2.393 millones. Esta medida significaba, por tanto, una elevaci\u00f3n de la presi\u00f3n fiscal para los matrimonios con hijos, que especialmente afectaba a las rentas medias y bajas y a las parejas en las que uno de los dos miembros no recibe ning\u00fan ingreso, o lo que percibe es muy inferior el del otro c\u00f3nyuge, porque cuando los ingresos son muy similares, la desgravaci\u00f3n en la forma con que est\u00e1 formulada, tiene un efecto muy limitado. Beneficia, sobre todo en la pr\u00e1ctica, a familias que tienen hijos que exigen que, generalmente la mujer, uno de los dos miembros, se dedique de manera intensa al hogar, tambi\u00e9n cuando adem\u00e1s hay alguna persona dependiente, y afecta, sin embargo, en una medida muy grande a los contribuyentes de mediana y avanzada edad, dado que los mayores de 55 a\u00f1os suponen el 48% de los beneficiarios. La medida recaudatoria dice mucho de lo poco que le importa favorecer el matrimonio y la familia al gobierno, y tambi\u00e9n muestra poca sensibilidad con los hogares con m\u00e1s necesidades. El argumento gubernamental de que esta acci\u00f3n estimular\u00eda la inserci\u00f3n en el mercado laboral de las mujeres, formulada en las actuales condiciones del mercado del trabajo, es absolutamente c\u00ednica, porque el paro est\u00e1 golpeando con una proporci\u00f3n muy alta precisamente a ellas, que tienen m\u00e1s dificultad en encontrar trabajo. El otro argumento, el que la participaci\u00f3n laboral femenina de Espa\u00f1a era inferior a la de la Eurozona, no tiene en cuenta que exactamente lo mismo se puede decir de los hombres, porque el problema general de Espa\u00f1a no es que haya personas que no quieren trabajar, sino que no encuentran trabajo.\u00a0Por otro lado un pa\u00eds puntero como Alemania tiene una tasa laboral femenina tambi\u00e9n inferior a la media, lo que no representa ning\u00fan inconveniente para su potencial econ\u00f3mico. Lo que hay detr\u00e1s de esta iniciativa, ahora frustrada por el rechazo que ha despertado es, como siempre, la ideolog\u00eda de g\u00e9nero, que ve a la mujer dedicada a la familia y a la misma familia, un adversario. Como la noticia fue conocida, porque alguien se ley\u00f3 la letra peque\u00f1a y lo hizo p\u00fablico justo antes de las elecciones de Madrid, el gobierno se ha precipitado a anunciar que no la piensa llevar a cabo hasta que no haya una reforma fiscal. Pero, en todo caso, el papel est\u00e1 en Bruselas y forma parte del plan de recuperaci\u00f3n.","og_url":"https:\/\/conversesacatalunya.cat\/es\/irpf-familias\/","og_site_name":"Converses a Catalunya","article_published_time":"2021-05-03T09:58:27+00:00","article_modified_time":"2021-05-03T13:41:17+00:00","og_image":[{"width":593,"height":268,"url":"https:\/\/conversesacatalunya.cat\/wp-content\/uploads\/2021\/05\/ind-vs-conj.png","type":"image\/png"}],"author":"conversesacatalunya","twitter_card":"summary_large_image","twitter_misc":{"Escrito por":"conversesacatalunya","Tiempo de lectura":"5 minutos"},"schema":{"@context":"https:\/\/schema.org","@graph":[{"@type":"Article","@id":"https:\/\/conversesacatalunya.cat\/es\/irpf-familias\/#article","isPartOf":{"@id":"https:\/\/conversesacatalunya.cat\/es\/irpf-familias\/"},"author":{"name":"conversesacatalunya","@id":"https:\/\/conversesacatalunya.cat\/#\/schema\/person\/7e24d1e54a2785373ddcb275eae5ed99"},"headline":"Espa\u00f1a: un infierno para las familias","datePublished":"2021-05-03T09:58:27+00:00","dateModified":"2021-05-03T13:41:17+00:00","mainEntityOfPage":{"@id":"https:\/\/conversesacatalunya.cat\/es\/irpf-familias\/"},"wordCount":1042,"commentCount":0,"image":{"@id":"https:\/\/conversesacatalunya.cat\/es\/irpf-familias\/#primaryimage"},"thumbnailUrl":"https:\/\/conversesacatalunya.cat\/wp-content\/uploads\/2021\/05\/ind-vs-conj.png","keywords":["Fam\u00edlia","fondos de recuperaci\u00f3n","IRPF"],"articleSection":["Punts clau del dia (ES)"],"inLanguage":"es","potentialAction":[{"@type":"CommentAction","name":"Comment","target":["https:\/\/conversesacatalunya.cat\/es\/irpf-familias\/#respond"]}]},{"@type":"WebPage","@id":"https:\/\/conversesacatalunya.cat\/es\/irpf-familias\/","url":"https:\/\/conversesacatalunya.cat\/es\/irpf-familias\/","name":"Espa\u00f1a: un infierno para las familias - Converses a Catalunya","isPartOf":{"@id":"https:\/\/conversesacatalunya.cat\/#website"},"primaryImageOfPage":{"@id":"https:\/\/conversesacatalunya.cat\/es\/irpf-familias\/#primaryimage"},"image":{"@id":"https:\/\/conversesacatalunya.cat\/es\/irpf-familias\/#primaryimage"},"thumbnailUrl":"https:\/\/conversesacatalunya.cat\/wp-content\/uploads\/2021\/05\/ind-vs-conj.png","datePublished":"2021-05-03T09:58:27+00:00","dateModified":"2021-05-03T13:41:17+00:00","author":{"@id":"https:\/\/conversesacatalunya.cat\/#\/schema\/person\/7e24d1e54a2785373ddcb275eae5ed99"},"breadcrumb":{"@id":"https:\/\/conversesacatalunya.cat\/es\/irpf-familias\/#breadcrumb"},"inLanguage":"es","potentialAction":[{"@type":"ReadAction","target":["https:\/\/conversesacatalunya.cat\/es\/irpf-familias\/"]}]},{"@type":"ImageObject","inLanguage":"es","@id":"https:\/\/conversesacatalunya.cat\/es\/irpf-familias\/#primaryimage","url":"https:\/\/conversesacatalunya.cat\/wp-content\/uploads\/2021\/05\/ind-vs-conj.png","contentUrl":"https:\/\/conversesacatalunya.cat\/wp-content\/uploads\/2021\/05\/ind-vs-conj.png","width":593,"height":268,"caption":"IRPF fam\u00edlies"},{"@type":"BreadcrumbList","@id":"https:\/\/conversesacatalunya.cat\/es\/irpf-familias\/#breadcrumb","itemListElement":[{"@type":"ListItem","position":1,"name":"Inici","item":"https:\/\/conversesacatalunya.cat\/es\/"},{"@type":"ListItem","position":2,"name":"Espa\u00f1a: un infierno para las familias"}]},{"@type":"WebSite","@id":"https:\/\/conversesacatalunya.cat\/#website","url":"https:\/\/conversesacatalunya.cat\/","name":"Converses a Catalunya","description":"","potentialAction":[{"@type":"SearchAction","target":{"@type":"EntryPoint","urlTemplate":"https:\/\/conversesacatalunya.cat\/?s={search_term_string}"},"query-input":{"@type":"PropertyValueSpecification","valueRequired":true,"valueName":"search_term_string"}}],"inLanguage":"es"},{"@type":"Person","@id":"https:\/\/conversesacatalunya.cat\/#\/schema\/person\/7e24d1e54a2785373ddcb275eae5ed99","name":"conversesacatalunya","image":{"@type":"ImageObject","inLanguage":"es","@id":"https:\/\/conversesacatalunya.cat\/#\/schema\/person\/image\/","url":"https:\/\/conversesacatalunya.cat\/wp-content\/litespeed\/avatar\/febdfeeec89d950f01c748045a981dd2.jpg?ver=1777314535","contentUrl":"https:\/\/conversesacatalunya.cat\/wp-content\/litespeed\/avatar\/febdfeeec89d950f01c748045a981dd2.jpg?ver=1777314535","caption":"conversesacatalunya"},"url":"https:\/\/conversesacatalunya.cat\/es\/author\/carme_catala\/"}]}},"wps_subtitle":"","_links":{"self":[{"href":"https:\/\/conversesacatalunya.cat\/es\/wp-json\/wp\/v2\/posts\/47649","targetHints":{"allow":["GET"]}}],"collection":[{"href":"https:\/\/conversesacatalunya.cat\/es\/wp-json\/wp\/v2\/posts"}],"about":[{"href":"https:\/\/conversesacatalunya.cat\/es\/wp-json\/wp\/v2\/types\/post"}],"author":[{"embeddable":true,"href":"https:\/\/conversesacatalunya.cat\/es\/wp-json\/wp\/v2\/users\/2"}],"replies":[{"embeddable":true,"href":"https:\/\/conversesacatalunya.cat\/es\/wp-json\/wp\/v2\/comments?post=47649"}],"version-history":[{"count":2,"href":"https:\/\/conversesacatalunya.cat\/es\/wp-json\/wp\/v2\/posts\/47649\/revisions"}],"predecessor-version":[{"id":47651,"href":"https:\/\/conversesacatalunya.cat\/es\/wp-json\/wp\/v2\/posts\/47649\/revisions\/47651"}],"wp:featuredmedia":[{"embeddable":true,"href":"https:\/\/conversesacatalunya.cat\/es\/wp-json\/wp\/v2\/media\/47638"}],"wp:attachment":[{"href":"https:\/\/conversesacatalunya.cat\/es\/wp-json\/wp\/v2\/media?parent=47649"}],"wp:term":[{"taxonomy":"category","embeddable":true,"href":"https:\/\/conversesacatalunya.cat\/es\/wp-json\/wp\/v2\/categories?post=47649"},{"taxonomy":"post_tag","embeddable":true,"href":"https:\/\/conversesacatalunya.cat\/es\/wp-json\/wp\/v2\/tags?post=47649"}],"curies":[{"name":"wp","href":"https:\/\/api.w.org\/{rel}","templated":true}]}}