{"id":47560,"date":"2021-04-30T12:38:58","date_gmt":"2021-04-30T10:38:58","guid":{"rendered":"https:\/\/conversesacatalunya.cat\/com-afectaria-la-victoria-dayuso-a-la-formacio-del-govern-catala\/"},"modified":"2021-04-30T13:32:07","modified_gmt":"2021-04-30T11:32:07","slug":"como-afectaria-la-victoria-de-ayuso-a-la-formacion-del-gobierno-catalan","status":"publish","type":"post","link":"https:\/\/conversesacatalunya.cat\/es\/como-afectaria-la-victoria-de-ayuso-a-la-formacion-del-gobierno-catalan\/","title":{"rendered":"\u00bfC\u00f3mo afectar\u00eda la victoria de Ayuso a la formaci\u00f3n del gobierno catal\u00e1n?"},"content":{"rendered":"<p>Todas las encuestas, excepto el CIS propiedad de Tezanos, coinciden en se\u00f1alar una victoria clara de Ayuso quien, junto con Vox, superar\u00eda holgadamente la mayor\u00eda absoluta. Cs no saldr\u00eda del fondo del pozo y no obtendr\u00eda representaci\u00f3n parlamentaria. De acuerdo con estas mismas previsiones, el PSOE experimentar\u00eda un fuerte descenso (S\u00e1nchez ha recogido velas en sus apariciones p\u00fablicas de campa\u00f1a electoral y esto confirmar\u00eda lo que dicen las encuestas) y Gabilondo corre el riesgo de verse superado o al menos sentir el aliento en la nuca de\u00a0<strong>M\u00e1s Madrid<\/strong>, un invento de laboratorio hecho\u00a0<em>fifty-fifty<\/em>\u00a0para Errej\u00f3n y el propio S\u00e1nchez, que pasar\u00eda de mecanismo para limitar el crecimiento de Pablo Iglesias en el pasado reciente, a un problema actual para su creador, el PSOE.<\/p>\n<p>La intensa campa\u00f1a emocional que se est\u00e1 llevando a cabo, el juego de consignas radicales, \u00abcomunismo o libertad\u00bb y \u00abno pasar\u00e1n\u00bb, apelando a frenar el fascismo, puede acabar con la recuperaci\u00f3n de otra frase hist\u00f3rica, el \u00abya hemos pasado\u00bb del\u00a0<a href=\"https:\/\/www.bing.com\/videos\/search?q%3Dcelia%2Bg%25c3%25a1mez%2Bya%2Bhemos%2Bpasao%26docid%3D607997717990870722%26mid%3D4C6C170AA0A3C710233E4C6C170AA0A3C710233E%26view%3Ddetail%26FORM%3DVIRE\" target=\"_blank\" rel=\"noopener\">chotis<\/a>\u00a0de la artista Celia G\u00e1mez.<\/p>\n<p>Si este fuera el escenario, el de \u00abya hemos pasado\u00bb, ERC tendr\u00eda\u00a0<strong>un claro elemento de presi\u00f3n<\/strong>\u00a0para supeditar a JxCat, dado que tendr\u00eda en sus manos la justificaci\u00f3n de una alternativa real.<\/p>\n<p>En nombre de detener el \u00abfascismo\u00bb gobernando en Madrid, Junqueras y Aragon\u00e9s apelar\u00edan a formar un frente de izquierdas para gobernar Catalu\u00f1a, que dar\u00eda lugar a un gobierno entre esta formaci\u00f3n y\u00a0<strong>los seguidores de Ada Colau<\/strong> que, desde el primer momento, han levantado esta bandera, y que contar\u00eda con el\u00a0<strong>apoyo externo y condicionado del PSC<\/strong>. Ser\u00eda un intercambio de cromos \u00abyo te apoyo en el Parlamento y t\u00fa haces lo mismo en el Congreso\u00bb. Ser\u00eda un gran \u00e9xito para S\u00e1nchez, y evidentemente un fracaso de Illa, que aparecer\u00eda, ahora con claridad, como un subalterno de la pol\u00edtica del PSOE. Consumir\u00eda sus d\u00edas en un continuo tira y afloja con ERC, ayud\u00e1ndole a gobernar, pero sin poder participar del todo en el gobierno.<\/p>\n<p><strong>\u00bfCu\u00e1l ser\u00eda la actitud de JxCat<\/strong>\u00a0ante una amenaza de este tipo? \u00bfCeder\u00eda a la presi\u00f3n y seguir\u00eda formando gobierno? La respuesta est\u00e1 en saber cu\u00e1l de las dos posiciones que anidan en el seno de esta formaci\u00f3n se impondr\u00eda. Por parte\u00a0<strong>de Puigdemont<\/strong>\u00a0y de todas aquellas personas que no dependen profesionalmente de los cargos de confianza en el seno de la Generalitat, por lo tanto, todos los diputados, esta operaci\u00f3n de ERC ser\u00eda una oportunidad de oro para quedarse en la oposici\u00f3n como\u00a0<strong>\u00fanica opci\u00f3n independentista real<\/strong>, porque ERC habr\u00eda supeditado esta finalidad a sus intereses ideol\u00f3gicos de partido y de alianza con la izquierda espa\u00f1ola.\u00a0Deber\u00eda haber optado, dig\u00e1moslo en tonos melodram\u00e1ticos, por el \u00abFrente Popular\u00bb en lugar del por \u00abNosotros solos\u00bb.\u00a0Pero claro, esta actitud de renunciar al gobierno encuentra la resistencia de los numerosos cuadros dirigentes que ocupan ahora puestos de relevancia y\u00a0<a href=\"https:\/\/conversesacatalunya.cat\/es\/sueldos-generalitat\/\" target=\"_blank\" rel=\"noopener\">bien retribuidos<\/a>\u00a0en la Generalitat, ya que se encontrar\u00edan en la calle.\u00a0Parece dif\u00edcil que esta \u00faltima l\u00ednea se pudiera imponer al deseo de Puigdemont de convertirse en el amo del escenario independentista.<\/p>\n<div id=\"polls-101\" class=\"wp-polls\">\n\t<form id=\"polls_form_101\" class=\"wp-polls-form\" action=\"\/index.php\" method=\"post\">\n\t\t<p style=\"display: none;\"><input type=\"hidden\" id=\"poll_101_nonce\" name=\"wp-polls-nonce\" value=\"979f2892a5\" \/><\/p>\n\t\t<p style=\"display: none;\"><input type=\"hidden\" name=\"poll_id\" value=\"101\" \/><\/p>\n\t\t<p style=\"text-align: center\"><strong>Creus que els partits pol\u00edtics han de practicar cordons sanitaris contra altres partits amb representaci\u00f3 parlament\u00e0ria?<\/strong><\/p><div id=\"polls-101-ans\" class=\"wp-polls-ans\"><ul class=\"wp-polls-ul\">\n\t\t<li><input type=\"radio\" id=\"poll-answer-237\" name=\"poll_101\" value=\"237\" \/> <label for=\"poll-answer-237\">Si<\/label><\/li>\n\t\t<li><input type=\"radio\" id=\"poll-answer-238\" name=\"poll_101\" value=\"238\" \/> <label for=\"poll-answer-238\">No<\/label><\/li>\n\t\t<\/ul><p style=\"text-align: center\"><input type=\"button\" name=\"vote\" value=\"   Vota   \" class=\"Buttons\" onclick=\"poll_vote(101);\" \/><\/p><p style=\"text-align: center\"><a href=\"#ViewPollResults\" onclick=\"poll_result(101); return false;\" title=\"View Results Of This Poll\">Mira els resultats<\/a><\/p><\/div>\n\t<\/form>\n<\/div>\n<div id=\"polls-101-loading\" class=\"wp-polls-loading\"><img decoding=\"async\" data-src=\"https:\/\/conversesacatalunya.cat\/wp-content\/plugins\/wp-polls\/images\/loading.gif\" width=\"16\" height=\"16\" alt=\"Cargando ...\" title=\"Cargando ...\" class=\"wp-polls-image lazyload\" src=\"data:image\/svg+xml;base64,PHN2ZyB3aWR0aD0iMSIgaGVpZ2h0PSIxIiB4bWxucz0iaHR0cDovL3d3dy53My5vcmcvMjAwMC9zdmciPjwvc3ZnPg==\" style=\"--smush-placeholder-width: 16px; --smush-placeholder-aspect-ratio: 16\/16;\" \/>&nbsp;Cargando ...<\/div>\n\n","protected":false},"excerpt":{"rendered":"<p>Todas las encuestas, excepto el CIS propiedad de Tezanos, coinciden en se\u00f1alar una victoria clara de Ayuso quien, junto con Vox, superar\u00eda holgadamente la mayor\u00eda absoluta. Cs no saldr\u00eda del fondo del pozo y no obtendr\u00eda representaci\u00f3n parlamentaria. De acuerdo con estas mismas previsiones, el PSOE experimentar\u00eda un fuerte descenso (S\u00e1nchez ha recogido velas en sus apariciones p\u00fablicas de campa\u00f1a electoral y esto confirmar\u00eda lo que dicen las encuestas) y Gabilondo corre el riesgo de verse superado o al menos sentir el aliento en la nuca de\u00a0M\u00e1s Madrid, un invento de laboratorio hecho\u00a0fifty-fifty\u00a0para Errej\u00f3n y el propio S\u00e1nchez, que pasar\u00eda de mecanismo para limitar el crecimiento de Pablo Iglesias en el pasado reciente, a un problema actual para su creador, el PSOE. La intensa campa\u00f1a emocional que se est\u00e1 llevando a cabo, el juego de consignas radicales, \u00abcomunismo o libertad\u00bb y \u00abno pasar\u00e1n\u00bb, apelando a frenar el fascismo, puede acabar con la recuperaci\u00f3n de otra frase hist\u00f3rica, el \u00abya hemos pasado\u00bb del\u00a0chotis\u00a0de la artista Celia G\u00e1mez. Si este fuera el escenario, el de \u00abya hemos pasado\u00bb, ERC tendr\u00eda\u00a0un claro elemento de presi\u00f3n\u00a0para supeditar a JxCat, dado que tendr\u00eda en sus manos la justificaci\u00f3n de una alternativa real. En nombre de detener el \u00abfascismo\u00bb gobernando en Madrid, Junqueras y Aragon\u00e9s apelar\u00edan a formar un frente de izquierdas para gobernar Catalu\u00f1a, que dar\u00eda lugar a un gobierno entre esta formaci\u00f3n y\u00a0los seguidores de Ada Colau que, desde el primer momento, han levantado esta bandera, y que contar\u00eda con el\u00a0apoyo externo y condicionado del PSC. Ser\u00eda un intercambio de cromos \u00abyo te apoyo en el Parlamento y t\u00fa haces lo mismo en el Congreso\u00bb. Ser\u00eda un gran \u00e9xito para S\u00e1nchez, y evidentemente un fracaso de Illa, que aparecer\u00eda, ahora con claridad, como un subalterno de la pol\u00edtica del PSOE. Consumir\u00eda sus d\u00edas en un continuo tira y afloja con ERC, ayud\u00e1ndole a gobernar, pero sin poder participar del todo en el gobierno. \u00bfCu\u00e1l ser\u00eda la actitud de JxCat\u00a0ante una amenaza de este tipo? \u00bfCeder\u00eda a la presi\u00f3n y seguir\u00eda formando gobierno? La respuesta est\u00e1 en saber cu\u00e1l de las dos posiciones que anidan en el seno de esta formaci\u00f3n se impondr\u00eda. Por parte\u00a0de Puigdemont\u00a0y de todas aquellas personas que no dependen profesionalmente de los cargos de confianza en el seno de la Generalitat, por lo tanto, todos los diputados, esta operaci\u00f3n de ERC ser\u00eda una oportunidad de oro para quedarse en la oposici\u00f3n como\u00a0\u00fanica opci\u00f3n independentista real, porque ERC habr\u00eda supeditado esta finalidad a sus intereses ideol\u00f3gicos de partido y de alianza con la izquierda espa\u00f1ola.\u00a0Deber\u00eda haber optado, dig\u00e1moslo en tonos melodram\u00e1ticos, por el \u00abFrente Popular\u00bb en lugar del por \u00abNosotros solos\u00bb.\u00a0Pero claro, esta actitud de renunciar al gobierno encuentra la resistencia de los numerosos cuadros dirigentes que ocupan ahora puestos de relevancia y\u00a0bien retribuidos\u00a0en la Generalitat, ya que se encontrar\u00edan en la calle.\u00a0Parece dif\u00edcil que esta \u00faltima l\u00ednea se pudiera imponer al deseo de Puigdemont de convertirse en el amo del escenario independentista.<\/p>\n","protected":false},"author":2,"featured_media":47556,"comment_status":"open","ping_status":"open","sticky":false,"template":"","format":"standard","meta":{"_FSMCFIC_featured_image_caption":"","_FSMCFIC_featured_image_nocaption":"","_FSMCFIC_featured_image_hide":"","footnotes":""},"categories":[806],"tags":[3081,3613,3614],"class_list":["post-47560","post","type-post","status-publish","format-standard","has-post-thumbnail","hentry","category-punts-claus-del-dia-es","tag-ayuso","tag-nou-govern-generalitat-es","tag-nuevo-gobierno-generalitat"],"yoast_head":"<!-- This site is optimized with the Yoast SEO plugin v26.8 - https:\/\/yoast.com\/product\/yoast-seo-wordpress\/ -->\n<title>\u00bfC\u00f3mo afectar\u00eda la victoria de Ayuso a la formaci\u00f3n del gobierno catal\u00e1n? - Converses a Catalunya<\/title>\n<meta name=\"robots\" content=\"index, follow, max-snippet:-1, max-image-preview:large, max-video-preview:-1\" \/>\n<link rel=\"canonical\" href=\"https:\/\/conversesacatalunya.cat\/es\/como-afectaria-la-victoria-de-ayuso-a-la-formacion-del-gobierno-catalan\/\" \/>\n<meta property=\"og:locale\" content=\"es_ES\" \/>\n<meta property=\"og:type\" content=\"article\" \/>\n<meta property=\"og:title\" content=\"\u00bfC\u00f3mo afectar\u00eda la victoria de Ayuso a la formaci\u00f3n del gobierno catal\u00e1n? - Converses a Catalunya\" \/>\n<meta property=\"og:description\" content=\"Todas las encuestas, excepto el CIS propiedad de Tezanos, coinciden en se\u00f1alar una victoria clara de Ayuso quien, junto con Vox, superar\u00eda holgadamente la mayor\u00eda absoluta. Cs no saldr\u00eda del fondo del pozo y no obtendr\u00eda representaci\u00f3n parlamentaria. De acuerdo con estas mismas previsiones, el PSOE experimentar\u00eda un fuerte descenso (S\u00e1nchez ha recogido velas en sus apariciones p\u00fablicas de campa\u00f1a electoral y esto confirmar\u00eda lo que dicen las encuestas) y Gabilondo corre el riesgo de verse superado o al menos sentir el aliento en la nuca de\u00a0M\u00e1s Madrid, un invento de laboratorio hecho\u00a0fifty-fifty\u00a0para Errej\u00f3n y el propio S\u00e1nchez, que pasar\u00eda de mecanismo para limitar el crecimiento de Pablo Iglesias en el pasado reciente, a un problema actual para su creador, el PSOE. La intensa campa\u00f1a emocional que se est\u00e1 llevando a cabo, el juego de consignas radicales, \u00abcomunismo o libertad\u00bb y \u00abno pasar\u00e1n\u00bb, apelando a frenar el fascismo, puede acabar con la recuperaci\u00f3n de otra frase hist\u00f3rica, el \u00abya hemos pasado\u00bb del\u00a0chotis\u00a0de la artista Celia G\u00e1mez. Si este fuera el escenario, el de \u00abya hemos pasado\u00bb, ERC tendr\u00eda\u00a0un claro elemento de presi\u00f3n\u00a0para supeditar a JxCat, dado que tendr\u00eda en sus manos la justificaci\u00f3n de una alternativa real. En nombre de detener el \u00abfascismo\u00bb gobernando en Madrid, Junqueras y Aragon\u00e9s apelar\u00edan a formar un frente de izquierdas para gobernar Catalu\u00f1a, que dar\u00eda lugar a un gobierno entre esta formaci\u00f3n y\u00a0los seguidores de Ada Colau que, desde el primer momento, han levantado esta bandera, y que contar\u00eda con el\u00a0apoyo externo y condicionado del PSC. Ser\u00eda un intercambio de cromos \u00abyo te apoyo en el Parlamento y t\u00fa haces lo mismo en el Congreso\u00bb. Ser\u00eda un gran \u00e9xito para S\u00e1nchez, y evidentemente un fracaso de Illa, que aparecer\u00eda, ahora con claridad, como un subalterno de la pol\u00edtica del PSOE. Consumir\u00eda sus d\u00edas en un continuo tira y afloja con ERC, ayud\u00e1ndole a gobernar, pero sin poder participar del todo en el gobierno. \u00bfCu\u00e1l ser\u00eda la actitud de JxCat\u00a0ante una amenaza de este tipo? \u00bfCeder\u00eda a la presi\u00f3n y seguir\u00eda formando gobierno? La respuesta est\u00e1 en saber cu\u00e1l de las dos posiciones que anidan en el seno de esta formaci\u00f3n se impondr\u00eda. Por parte\u00a0de Puigdemont\u00a0y de todas aquellas personas que no dependen profesionalmente de los cargos de confianza en el seno de la Generalitat, por lo tanto, todos los diputados, esta operaci\u00f3n de ERC ser\u00eda una oportunidad de oro para quedarse en la oposici\u00f3n como\u00a0\u00fanica opci\u00f3n independentista real, porque ERC habr\u00eda supeditado esta finalidad a sus intereses ideol\u00f3gicos de partido y de alianza con la izquierda espa\u00f1ola.\u00a0Deber\u00eda haber optado, dig\u00e1moslo en tonos melodram\u00e1ticos, por el \u00abFrente Popular\u00bb en lugar del por \u00abNosotros solos\u00bb.\u00a0Pero claro, esta actitud de renunciar al gobierno encuentra la resistencia de los numerosos cuadros dirigentes que ocupan ahora puestos de relevancia y\u00a0bien retribuidos\u00a0en la Generalitat, ya que se encontrar\u00edan en la calle.\u00a0Parece dif\u00edcil que esta \u00faltima l\u00ednea se pudiera imponer al deseo de Puigdemont de convertirse en el amo del escenario independentista.\" \/>\n<meta property=\"og:url\" content=\"https:\/\/conversesacatalunya.cat\/es\/como-afectaria-la-victoria-de-ayuso-a-la-formacion-del-gobierno-catalan\/\" \/>\n<meta property=\"og:site_name\" content=\"Converses a Catalunya\" \/>\n<meta property=\"article:published_time\" content=\"2021-04-30T10:38:58+00:00\" \/>\n<meta property=\"article:modified_time\" content=\"2021-04-30T11:32:07+00:00\" \/>\n<meta property=\"og:image\" content=\"https:\/\/conversesacatalunya.cat\/wp-content\/uploads\/2021\/04\/isabel-diaz-ayuso-e1619415650300-1568x882-1.jpg\" \/>\n\t<meta property=\"og:image:width\" content=\"1568\" \/>\n\t<meta property=\"og:image:height\" content=\"882\" \/>\n\t<meta property=\"og:image:type\" content=\"image\/jpeg\" \/>\n<meta name=\"author\" content=\"conversesacatalunya\" \/>\n<meta name=\"twitter:card\" content=\"summary_large_image\" \/>\n<meta name=\"twitter:label1\" content=\"Escrito por\" \/>\n\t<meta name=\"twitter:data1\" content=\"conversesacatalunya\" \/>\n\t<meta name=\"twitter:label2\" content=\"Tiempo de lectura\" \/>\n\t<meta name=\"twitter:data2\" content=\"3 minutos\" \/>\n<script type=\"application\/ld+json\" class=\"yoast-schema-graph\">{\"@context\":\"https:\/\/schema.org\",\"@graph\":[{\"@type\":\"Article\",\"@id\":\"https:\/\/conversesacatalunya.cat\/es\/como-afectaria-la-victoria-de-ayuso-a-la-formacion-del-gobierno-catalan\/#article\",\"isPartOf\":{\"@id\":\"https:\/\/conversesacatalunya.cat\/es\/como-afectaria-la-victoria-de-ayuso-a-la-formacion-del-gobierno-catalan\/\"},\"author\":{\"name\":\"conversesacatalunya\",\"@id\":\"https:\/\/conversesacatalunya.cat\/#\/schema\/person\/7e24d1e54a2785373ddcb275eae5ed99\"},\"headline\":\"\u00bfC\u00f3mo afectar\u00eda la victoria de Ayuso a la formaci\u00f3n del gobierno catal\u00e1n?\",\"datePublished\":\"2021-04-30T10:38:58+00:00\",\"dateModified\":\"2021-04-30T11:32:07+00:00\",\"mainEntityOfPage\":{\"@id\":\"https:\/\/conversesacatalunya.cat\/es\/como-afectaria-la-victoria-de-ayuso-a-la-formacion-del-gobierno-catalan\/\"},\"wordCount\":586,\"commentCount\":0,\"image\":{\"@id\":\"https:\/\/conversesacatalunya.cat\/es\/como-afectaria-la-victoria-de-ayuso-a-la-formacion-del-gobierno-catalan\/#primaryimage\"},\"thumbnailUrl\":\"https:\/\/conversesacatalunya.cat\/wp-content\/uploads\/2021\/04\/isabel-diaz-ayuso-e1619415650300-1568x882-1.jpg\",\"keywords\":[\"Ayuso\",\"Nou govern Generalitat\",\"Nuevo gobierno Generalitat\"],\"articleSection\":[\"Punts clau del dia (ES)\"],\"inLanguage\":\"es\",\"potentialAction\":[{\"@type\":\"CommentAction\",\"name\":\"Comment\",\"target\":[\"https:\/\/conversesacatalunya.cat\/es\/como-afectaria-la-victoria-de-ayuso-a-la-formacion-del-gobierno-catalan\/#respond\"]}]},{\"@type\":\"WebPage\",\"@id\":\"https:\/\/conversesacatalunya.cat\/es\/como-afectaria-la-victoria-de-ayuso-a-la-formacion-del-gobierno-catalan\/\",\"url\":\"https:\/\/conversesacatalunya.cat\/es\/como-afectaria-la-victoria-de-ayuso-a-la-formacion-del-gobierno-catalan\/\",\"name\":\"\u00bfC\u00f3mo afectar\u00eda la victoria de Ayuso a la formaci\u00f3n del gobierno catal\u00e1n? - Converses a Catalunya\",\"isPartOf\":{\"@id\":\"https:\/\/conversesacatalunya.cat\/#website\"},\"primaryImageOfPage\":{\"@id\":\"https:\/\/conversesacatalunya.cat\/es\/como-afectaria-la-victoria-de-ayuso-a-la-formacion-del-gobierno-catalan\/#primaryimage\"},\"image\":{\"@id\":\"https:\/\/conversesacatalunya.cat\/es\/como-afectaria-la-victoria-de-ayuso-a-la-formacion-del-gobierno-catalan\/#primaryimage\"},\"thumbnailUrl\":\"https:\/\/conversesacatalunya.cat\/wp-content\/uploads\/2021\/04\/isabel-diaz-ayuso-e1619415650300-1568x882-1.jpg\",\"datePublished\":\"2021-04-30T10:38:58+00:00\",\"dateModified\":\"2021-04-30T11:32:07+00:00\",\"author\":{\"@id\":\"https:\/\/conversesacatalunya.cat\/#\/schema\/person\/7e24d1e54a2785373ddcb275eae5ed99\"},\"breadcrumb\":{\"@id\":\"https:\/\/conversesacatalunya.cat\/es\/como-afectaria-la-victoria-de-ayuso-a-la-formacion-del-gobierno-catalan\/#breadcrumb\"},\"inLanguage\":\"es\",\"potentialAction\":[{\"@type\":\"ReadAction\",\"target\":[\"https:\/\/conversesacatalunya.cat\/es\/como-afectaria-la-victoria-de-ayuso-a-la-formacion-del-gobierno-catalan\/\"]}]},{\"@type\":\"ImageObject\",\"inLanguage\":\"es\",\"@id\":\"https:\/\/conversesacatalunya.cat\/es\/como-afectaria-la-victoria-de-ayuso-a-la-formacion-del-gobierno-catalan\/#primaryimage\",\"url\":\"https:\/\/conversesacatalunya.cat\/wp-content\/uploads\/2021\/04\/isabel-diaz-ayuso-e1619415650300-1568x882-1.jpg\",\"contentUrl\":\"https:\/\/conversesacatalunya.cat\/wp-content\/uploads\/2021\/04\/isabel-diaz-ayuso-e1619415650300-1568x882-1.jpg\",\"width\":1568,\"height\":882},{\"@type\":\"BreadcrumbList\",\"@id\":\"https:\/\/conversesacatalunya.cat\/es\/como-afectaria-la-victoria-de-ayuso-a-la-formacion-del-gobierno-catalan\/#breadcrumb\",\"itemListElement\":[{\"@type\":\"ListItem\",\"position\":1,\"name\":\"Inici\",\"item\":\"https:\/\/conversesacatalunya.cat\/es\/\"},{\"@type\":\"ListItem\",\"position\":2,\"name\":\"\u00bfC\u00f3mo afectar\u00eda la victoria de Ayuso a la formaci\u00f3n del gobierno catal\u00e1n?\"}]},{\"@type\":\"WebSite\",\"@id\":\"https:\/\/conversesacatalunya.cat\/#website\",\"url\":\"https:\/\/conversesacatalunya.cat\/\",\"name\":\"Converses a Catalunya\",\"description\":\"\",\"potentialAction\":[{\"@type\":\"SearchAction\",\"target\":{\"@type\":\"EntryPoint\",\"urlTemplate\":\"https:\/\/conversesacatalunya.cat\/?s={search_term_string}\"},\"query-input\":{\"@type\":\"PropertyValueSpecification\",\"valueRequired\":true,\"valueName\":\"search_term_string\"}}],\"inLanguage\":\"es\"},{\"@type\":\"Person\",\"@id\":\"https:\/\/conversesacatalunya.cat\/#\/schema\/person\/7e24d1e54a2785373ddcb275eae5ed99\",\"name\":\"conversesacatalunya\",\"image\":{\"@type\":\"ImageObject\",\"inLanguage\":\"es\",\"@id\":\"https:\/\/conversesacatalunya.cat\/#\/schema\/person\/image\/\",\"url\":\"https:\/\/conversesacatalunya.cat\/wp-content\/litespeed\/avatar\/febdfeeec89d950f01c748045a981dd2.jpg?ver=1777314535\",\"contentUrl\":\"https:\/\/conversesacatalunya.cat\/wp-content\/litespeed\/avatar\/febdfeeec89d950f01c748045a981dd2.jpg?ver=1777314535\",\"caption\":\"conversesacatalunya\"},\"url\":\"https:\/\/conversesacatalunya.cat\/es\/author\/carme_catala\/\"}]}<\/script>\n<!-- \/ Yoast SEO plugin. -->","yoast_head_json":{"title":"\u00bfC\u00f3mo afectar\u00eda la victoria de Ayuso a la formaci\u00f3n del gobierno catal\u00e1n? - Converses a Catalunya","robots":{"index":"index","follow":"follow","max-snippet":"max-snippet:-1","max-image-preview":"max-image-preview:large","max-video-preview":"max-video-preview:-1"},"canonical":"https:\/\/conversesacatalunya.cat\/es\/como-afectaria-la-victoria-de-ayuso-a-la-formacion-del-gobierno-catalan\/","og_locale":"es_ES","og_type":"article","og_title":"\u00bfC\u00f3mo afectar\u00eda la victoria de Ayuso a la formaci\u00f3n del gobierno catal\u00e1n? - Converses a Catalunya","og_description":"Todas las encuestas, excepto el CIS propiedad de Tezanos, coinciden en se\u00f1alar una victoria clara de Ayuso quien, junto con Vox, superar\u00eda holgadamente la mayor\u00eda absoluta. Cs no saldr\u00eda del fondo del pozo y no obtendr\u00eda representaci\u00f3n parlamentaria. De acuerdo con estas mismas previsiones, el PSOE experimentar\u00eda un fuerte descenso (S\u00e1nchez ha recogido velas en sus apariciones p\u00fablicas de campa\u00f1a electoral y esto confirmar\u00eda lo que dicen las encuestas) y Gabilondo corre el riesgo de verse superado o al menos sentir el aliento en la nuca de\u00a0M\u00e1s Madrid, un invento de laboratorio hecho\u00a0fifty-fifty\u00a0para Errej\u00f3n y el propio S\u00e1nchez, que pasar\u00eda de mecanismo para limitar el crecimiento de Pablo Iglesias en el pasado reciente, a un problema actual para su creador, el PSOE. La intensa campa\u00f1a emocional que se est\u00e1 llevando a cabo, el juego de consignas radicales, \u00abcomunismo o libertad\u00bb y \u00abno pasar\u00e1n\u00bb, apelando a frenar el fascismo, puede acabar con la recuperaci\u00f3n de otra frase hist\u00f3rica, el \u00abya hemos pasado\u00bb del\u00a0chotis\u00a0de la artista Celia G\u00e1mez. Si este fuera el escenario, el de \u00abya hemos pasado\u00bb, ERC tendr\u00eda\u00a0un claro elemento de presi\u00f3n\u00a0para supeditar a JxCat, dado que tendr\u00eda en sus manos la justificaci\u00f3n de una alternativa real. En nombre de detener el \u00abfascismo\u00bb gobernando en Madrid, Junqueras y Aragon\u00e9s apelar\u00edan a formar un frente de izquierdas para gobernar Catalu\u00f1a, que dar\u00eda lugar a un gobierno entre esta formaci\u00f3n y\u00a0los seguidores de Ada Colau que, desde el primer momento, han levantado esta bandera, y que contar\u00eda con el\u00a0apoyo externo y condicionado del PSC. Ser\u00eda un intercambio de cromos \u00abyo te apoyo en el Parlamento y t\u00fa haces lo mismo en el Congreso\u00bb. Ser\u00eda un gran \u00e9xito para S\u00e1nchez, y evidentemente un fracaso de Illa, que aparecer\u00eda, ahora con claridad, como un subalterno de la pol\u00edtica del PSOE. Consumir\u00eda sus d\u00edas en un continuo tira y afloja con ERC, ayud\u00e1ndole a gobernar, pero sin poder participar del todo en el gobierno. \u00bfCu\u00e1l ser\u00eda la actitud de JxCat\u00a0ante una amenaza de este tipo? \u00bfCeder\u00eda a la presi\u00f3n y seguir\u00eda formando gobierno? La respuesta est\u00e1 en saber cu\u00e1l de las dos posiciones que anidan en el seno de esta formaci\u00f3n se impondr\u00eda. Por parte\u00a0de Puigdemont\u00a0y de todas aquellas personas que no dependen profesionalmente de los cargos de confianza en el seno de la Generalitat, por lo tanto, todos los diputados, esta operaci\u00f3n de ERC ser\u00eda una oportunidad de oro para quedarse en la oposici\u00f3n como\u00a0\u00fanica opci\u00f3n independentista real, porque ERC habr\u00eda supeditado esta finalidad a sus intereses ideol\u00f3gicos de partido y de alianza con la izquierda espa\u00f1ola.\u00a0Deber\u00eda haber optado, dig\u00e1moslo en tonos melodram\u00e1ticos, por el \u00abFrente Popular\u00bb en lugar del por \u00abNosotros solos\u00bb.\u00a0Pero claro, esta actitud de renunciar al gobierno encuentra la resistencia de los numerosos cuadros dirigentes que ocupan ahora puestos de relevancia y\u00a0bien retribuidos\u00a0en la Generalitat, ya que se encontrar\u00edan en la calle.\u00a0Parece dif\u00edcil que esta \u00faltima l\u00ednea se pudiera imponer al deseo de Puigdemont de convertirse en el amo del escenario independentista.","og_url":"https:\/\/conversesacatalunya.cat\/es\/como-afectaria-la-victoria-de-ayuso-a-la-formacion-del-gobierno-catalan\/","og_site_name":"Converses a Catalunya","article_published_time":"2021-04-30T10:38:58+00:00","article_modified_time":"2021-04-30T11:32:07+00:00","og_image":[{"width":1568,"height":882,"url":"https:\/\/conversesacatalunya.cat\/wp-content\/uploads\/2021\/04\/isabel-diaz-ayuso-e1619415650300-1568x882-1.jpg","type":"image\/jpeg"}],"author":"conversesacatalunya","twitter_card":"summary_large_image","twitter_misc":{"Escrito por":"conversesacatalunya","Tiempo de lectura":"3 minutos"},"schema":{"@context":"https:\/\/schema.org","@graph":[{"@type":"Article","@id":"https:\/\/conversesacatalunya.cat\/es\/como-afectaria-la-victoria-de-ayuso-a-la-formacion-del-gobierno-catalan\/#article","isPartOf":{"@id":"https:\/\/conversesacatalunya.cat\/es\/como-afectaria-la-victoria-de-ayuso-a-la-formacion-del-gobierno-catalan\/"},"author":{"name":"conversesacatalunya","@id":"https:\/\/conversesacatalunya.cat\/#\/schema\/person\/7e24d1e54a2785373ddcb275eae5ed99"},"headline":"\u00bfC\u00f3mo afectar\u00eda la victoria de Ayuso a la formaci\u00f3n del gobierno catal\u00e1n?","datePublished":"2021-04-30T10:38:58+00:00","dateModified":"2021-04-30T11:32:07+00:00","mainEntityOfPage":{"@id":"https:\/\/conversesacatalunya.cat\/es\/como-afectaria-la-victoria-de-ayuso-a-la-formacion-del-gobierno-catalan\/"},"wordCount":586,"commentCount":0,"image":{"@id":"https:\/\/conversesacatalunya.cat\/es\/como-afectaria-la-victoria-de-ayuso-a-la-formacion-del-gobierno-catalan\/#primaryimage"},"thumbnailUrl":"https:\/\/conversesacatalunya.cat\/wp-content\/uploads\/2021\/04\/isabel-diaz-ayuso-e1619415650300-1568x882-1.jpg","keywords":["Ayuso","Nou govern Generalitat","Nuevo gobierno Generalitat"],"articleSection":["Punts clau del dia (ES)"],"inLanguage":"es","potentialAction":[{"@type":"CommentAction","name":"Comment","target":["https:\/\/conversesacatalunya.cat\/es\/como-afectaria-la-victoria-de-ayuso-a-la-formacion-del-gobierno-catalan\/#respond"]}]},{"@type":"WebPage","@id":"https:\/\/conversesacatalunya.cat\/es\/como-afectaria-la-victoria-de-ayuso-a-la-formacion-del-gobierno-catalan\/","url":"https:\/\/conversesacatalunya.cat\/es\/como-afectaria-la-victoria-de-ayuso-a-la-formacion-del-gobierno-catalan\/","name":"\u00bfC\u00f3mo afectar\u00eda la victoria de Ayuso a la formaci\u00f3n del gobierno catal\u00e1n? - Converses a Catalunya","isPartOf":{"@id":"https:\/\/conversesacatalunya.cat\/#website"},"primaryImageOfPage":{"@id":"https:\/\/conversesacatalunya.cat\/es\/como-afectaria-la-victoria-de-ayuso-a-la-formacion-del-gobierno-catalan\/#primaryimage"},"image":{"@id":"https:\/\/conversesacatalunya.cat\/es\/como-afectaria-la-victoria-de-ayuso-a-la-formacion-del-gobierno-catalan\/#primaryimage"},"thumbnailUrl":"https:\/\/conversesacatalunya.cat\/wp-content\/uploads\/2021\/04\/isabel-diaz-ayuso-e1619415650300-1568x882-1.jpg","datePublished":"2021-04-30T10:38:58+00:00","dateModified":"2021-04-30T11:32:07+00:00","author":{"@id":"https:\/\/conversesacatalunya.cat\/#\/schema\/person\/7e24d1e54a2785373ddcb275eae5ed99"},"breadcrumb":{"@id":"https:\/\/conversesacatalunya.cat\/es\/como-afectaria-la-victoria-de-ayuso-a-la-formacion-del-gobierno-catalan\/#breadcrumb"},"inLanguage":"es","potentialAction":[{"@type":"ReadAction","target":["https:\/\/conversesacatalunya.cat\/es\/como-afectaria-la-victoria-de-ayuso-a-la-formacion-del-gobierno-catalan\/"]}]},{"@type":"ImageObject","inLanguage":"es","@id":"https:\/\/conversesacatalunya.cat\/es\/como-afectaria-la-victoria-de-ayuso-a-la-formacion-del-gobierno-catalan\/#primaryimage","url":"https:\/\/conversesacatalunya.cat\/wp-content\/uploads\/2021\/04\/isabel-diaz-ayuso-e1619415650300-1568x882-1.jpg","contentUrl":"https:\/\/conversesacatalunya.cat\/wp-content\/uploads\/2021\/04\/isabel-diaz-ayuso-e1619415650300-1568x882-1.jpg","width":1568,"height":882},{"@type":"BreadcrumbList","@id":"https:\/\/conversesacatalunya.cat\/es\/como-afectaria-la-victoria-de-ayuso-a-la-formacion-del-gobierno-catalan\/#breadcrumb","itemListElement":[{"@type":"ListItem","position":1,"name":"Inici","item":"https:\/\/conversesacatalunya.cat\/es\/"},{"@type":"ListItem","position":2,"name":"\u00bfC\u00f3mo afectar\u00eda la victoria de Ayuso a la formaci\u00f3n del gobierno catal\u00e1n?"}]},{"@type":"WebSite","@id":"https:\/\/conversesacatalunya.cat\/#website","url":"https:\/\/conversesacatalunya.cat\/","name":"Converses a Catalunya","description":"","potentialAction":[{"@type":"SearchAction","target":{"@type":"EntryPoint","urlTemplate":"https:\/\/conversesacatalunya.cat\/?s={search_term_string}"},"query-input":{"@type":"PropertyValueSpecification","valueRequired":true,"valueName":"search_term_string"}}],"inLanguage":"es"},{"@type":"Person","@id":"https:\/\/conversesacatalunya.cat\/#\/schema\/person\/7e24d1e54a2785373ddcb275eae5ed99","name":"conversesacatalunya","image":{"@type":"ImageObject","inLanguage":"es","@id":"https:\/\/conversesacatalunya.cat\/#\/schema\/person\/image\/","url":"https:\/\/conversesacatalunya.cat\/wp-content\/litespeed\/avatar\/febdfeeec89d950f01c748045a981dd2.jpg?ver=1777314535","contentUrl":"https:\/\/conversesacatalunya.cat\/wp-content\/litespeed\/avatar\/febdfeeec89d950f01c748045a981dd2.jpg?ver=1777314535","caption":"conversesacatalunya"},"url":"https:\/\/conversesacatalunya.cat\/es\/author\/carme_catala\/"}]}},"wps_subtitle":"","_links":{"self":[{"href":"https:\/\/conversesacatalunya.cat\/es\/wp-json\/wp\/v2\/posts\/47560","targetHints":{"allow":["GET"]}}],"collection":[{"href":"https:\/\/conversesacatalunya.cat\/es\/wp-json\/wp\/v2\/posts"}],"about":[{"href":"https:\/\/conversesacatalunya.cat\/es\/wp-json\/wp\/v2\/types\/post"}],"author":[{"embeddable":true,"href":"https:\/\/conversesacatalunya.cat\/es\/wp-json\/wp\/v2\/users\/2"}],"replies":[{"embeddable":true,"href":"https:\/\/conversesacatalunya.cat\/es\/wp-json\/wp\/v2\/comments?post=47560"}],"version-history":[{"count":3,"href":"https:\/\/conversesacatalunya.cat\/es\/wp-json\/wp\/v2\/posts\/47560\/revisions"}],"predecessor-version":[{"id":47563,"href":"https:\/\/conversesacatalunya.cat\/es\/wp-json\/wp\/v2\/posts\/47560\/revisions\/47563"}],"wp:featuredmedia":[{"embeddable":true,"href":"https:\/\/conversesacatalunya.cat\/es\/wp-json\/wp\/v2\/media\/47556"}],"wp:attachment":[{"href":"https:\/\/conversesacatalunya.cat\/es\/wp-json\/wp\/v2\/media?parent=47560"}],"wp:term":[{"taxonomy":"category","embeddable":true,"href":"https:\/\/conversesacatalunya.cat\/es\/wp-json\/wp\/v2\/categories?post=47560"},{"taxonomy":"post_tag","embeddable":true,"href":"https:\/\/conversesacatalunya.cat\/es\/wp-json\/wp\/v2\/tags?post=47560"}],"curies":[{"name":"wp","href":"https:\/\/api.w.org\/{rel}","templated":true}]}}