{"id":47546,"date":"2021-04-30T11:08:22","date_gmt":"2021-04-30T09:08:22","guid":{"rendered":"https:\/\/conversesacatalunya.cat\/espanya-cotxe-electric\/"},"modified":"2021-04-30T11:15:42","modified_gmt":"2021-04-30T09:15:42","slug":"espana-carga-coche-electrico","status":"publish","type":"post","link":"https:\/\/conversesacatalunya.cat\/es\/espana-carga-coche-electrico\/","title":{"rendered":"Espa\u00f1a: el quinto pa\u00eds de Europa m\u00e1s caro en la carga de un coche el\u00e9ctrico"},"content":{"rendered":"<p>Seg\u00fan el \u00faltimo estudio de la comparadora Switcher, utilizando datos de Eurostat, <strong>Espa\u00f1a es el quinto pa\u00eds m\u00e1s caro para cargar un coche el\u00e9ctrico<\/strong>. Los datos reflejan que en Espa\u00f1a se paga 13,99 euros para cargar completamente un coche el\u00e9ctrico, y 4,61 euros cada 100 km. Una cifra que toma datos del coste de la carga dom\u00e9stica y tambi\u00e9n de la red p\u00fablica. De ah\u00ed sus elevados n\u00fameros respecto a \u00fanicamente la carga residencial.<\/p>\n<p>Para realizar estos c\u00e1lculos se ha utilizado una metodolog\u00eda donde se han aplicado factores como la situaci\u00f3n geopol\u00edtica, el mix el\u00e9ctrico nacional, diversificaci\u00f3n de importaciones de la electricidad, costes de red, costes de protecci\u00f3n ambiental, las condiciones clim\u00e1ticas, adem\u00e1s de los cruciales impuestos y grav\u00e1menes. Factores que determinan cu\u00e1l ser\u00e1 el coste de la recarga para los clientes, y que nos muestra que no es s\u00f3lo una cuesti\u00f3n del origen de la electricidad de cada estado.<\/p>\n<p>La media se ha realizado en base a un coche el\u00e9ctrico con una bater\u00eda de 60 kWh de capacidad, por lo que se podr\u00eda tomar como ejemplo un VW ID.3 de 58 kWh o los Hyundai Kona y Kia e-Niro con la bater\u00eda de 64 kWh. L\u00f3gicamente, el precio puede variar en funci\u00f3n de la capacidad de bater\u00eda del veh\u00edculo, por eso especificamos que el estudio es en base a 60 kWh.<\/p>\n<p>Alemania es el pa\u00eds m\u00e1s caro para recargar un el\u00e9ctrico en Europa, con un promedio de 19,02 euros por carga completa y 6.27 euros a los 100 km. Un Top cinco de los m\u00e1s costosos donde adem\u00e1s podemos encontrar a Dinamarca, B\u00e9lgica, Irlanda y Espa\u00f1a. Ucrania por otro lado es el pa\u00eds m\u00e1s barato, con apenas 2,91 euros por carga y 0.96 euros cada 100 km, mientras que el coste medio de cargar un veh\u00edculo el\u00e9ctrico en Europa es de 10,13 euros, siendo la media del coste a los 100 km de 3.34 euros.<\/p>\n<p>Llama la atenci\u00f3n que los primeros puestos est\u00e1n ocupados por Estados con unas rentas per c\u00e1pita inferiores a la media, pero no es menos curioso que en la mitad de la tabla encontremos a pa\u00edses mucho m\u00e1s ricos, como Noruega o Islandia, que tienen un coste medio del kWh un 40% por debajo de lo que tenemos que pagar en Espa\u00f1a.<\/p>\n<span class='bctt-click-to-tweet'><span class='bctt-ctt-text'><a href='https:\/\/twitter.com\/intent\/tweet?url=https%3A%2F%2Fconversesacatalunya.cat%2Fes%2Fespana-carga-coche-electrico%2F&#038;text=Espa%C3%B1a%20ocupa%20el%20quinto%20lugar%20de%20Europa%20en%20la%20carga%20de%20un%20coche%20el%C3%A9ctrico&#038;via=conversesacat&#038;related=conversesacat' target='_blank'rel=\"noopener noreferrer\">Espa\u00f1a ocupa el quinto lugar de Europa en la carga de un coche el\u00e9ctrico <\/a><\/span><a href='https:\/\/twitter.com\/intent\/tweet?url=https%3A%2F%2Fconversesacatalunya.cat%2Fes%2Fespana-carga-coche-electrico%2F&#038;text=Espa%C3%B1a%20ocupa%20el%20quinto%20lugar%20de%20Europa%20en%20la%20carga%20de%20un%20coche%20el%C3%A9ctrico&#038;via=conversesacat&#038;related=conversesacat' target='_blank' class='bctt-ctt-btn'rel=\"noopener noreferrer\">Compartir en X<\/a><\/span>\n<div id=\"polls-101\" class=\"wp-polls\">\n\t<form id=\"polls_form_101\" class=\"wp-polls-form\" action=\"\/index.php\" method=\"post\">\n\t\t<p style=\"display: none;\"><input type=\"hidden\" id=\"poll_101_nonce\" name=\"wp-polls-nonce\" value=\"9c7e2662c4\" \/><\/p>\n\t\t<p style=\"display: none;\"><input type=\"hidden\" name=\"poll_id\" value=\"101\" \/><\/p>\n\t\t<p style=\"text-align: center\"><strong>Creus que els partits pol\u00edtics han de practicar cordons sanitaris contra altres partits amb representaci\u00f3 parlament\u00e0ria?<\/strong><\/p><div id=\"polls-101-ans\" class=\"wp-polls-ans\"><ul class=\"wp-polls-ul\">\n\t\t<li><input type=\"radio\" id=\"poll-answer-237\" name=\"poll_101\" value=\"237\" \/> <label for=\"poll-answer-237\">Si<\/label><\/li>\n\t\t<li><input type=\"radio\" id=\"poll-answer-238\" name=\"poll_101\" value=\"238\" \/> <label for=\"poll-answer-238\">No<\/label><\/li>\n\t\t<\/ul><p style=\"text-align: center\"><input type=\"button\" name=\"vote\" value=\"   Vota   \" class=\"Buttons\" onclick=\"poll_vote(101);\" \/><\/p><p style=\"text-align: center\"><a href=\"#ViewPollResults\" onclick=\"poll_result(101); return false;\" title=\"View Results Of This Poll\">Mira els resultats<\/a><\/p><\/div>\n\t<\/form>\n<\/div>\n<div id=\"polls-101-loading\" class=\"wp-polls-loading\"><img decoding=\"async\" data-src=\"https:\/\/conversesacatalunya.cat\/wp-content\/plugins\/wp-polls\/images\/loading.gif\" width=\"16\" height=\"16\" alt=\"Cargando ...\" title=\"Cargando ...\" class=\"wp-polls-image lazyload\" src=\"data:image\/svg+xml;base64,PHN2ZyB3aWR0aD0iMSIgaGVpZ2h0PSIxIiB4bWxucz0iaHR0cDovL3d3dy53My5vcmcvMjAwMC9zdmciPjwvc3ZnPg==\" style=\"--smush-placeholder-width: 16px; --smush-placeholder-aspect-ratio: 16\/16;\" \/>&nbsp;Cargando ...<\/div>\n\n","protected":false},"excerpt":{"rendered":"<p>Seg\u00fan el \u00faltimo estudio de la comparadora Switcher, utilizando datos de Eurostat, Espa\u00f1a es el quinto pa\u00eds m\u00e1s caro para cargar un coche el\u00e9ctrico. Los datos reflejan que en Espa\u00f1a se paga 13,99 euros para cargar completamente un coche el\u00e9ctrico, y 4,61 euros cada 100 km. Una cifra que toma datos del coste de la carga dom\u00e9stica y tambi\u00e9n de la red p\u00fablica. De ah\u00ed sus elevados n\u00fameros respecto a \u00fanicamente la carga residencial. Para realizar estos c\u00e1lculos se ha utilizado una metodolog\u00eda donde se han aplicado factores como la situaci\u00f3n geopol\u00edtica, el mix el\u00e9ctrico nacional, diversificaci\u00f3n de importaciones de la electricidad, costes de red, costes de protecci\u00f3n ambiental, las condiciones clim\u00e1ticas, adem\u00e1s de los cruciales impuestos y grav\u00e1menes. Factores que determinan cu\u00e1l ser\u00e1 el coste de la recarga para los clientes, y que nos muestra que no es s\u00f3lo una cuesti\u00f3n del origen de la electricidad de cada estado. La media se ha realizado en base a un coche el\u00e9ctrico con una bater\u00eda de 60 kWh de capacidad, por lo que se podr\u00eda tomar como ejemplo un VW ID.3 de 58 kWh o los Hyundai Kona y Kia e-Niro con la bater\u00eda de 64 kWh. L\u00f3gicamente, el precio puede variar en funci\u00f3n de la capacidad de bater\u00eda del veh\u00edculo, por eso especificamos que el estudio es en base a 60 kWh. Alemania es el pa\u00eds m\u00e1s caro para recargar un el\u00e9ctrico en Europa, con un promedio de 19,02 euros por carga completa y 6.27 euros a los 100 km. Un Top cinco de los m\u00e1s costosos donde adem\u00e1s podemos encontrar a Dinamarca, B\u00e9lgica, Irlanda y Espa\u00f1a. Ucrania por otro lado es el pa\u00eds m\u00e1s barato, con apenas 2,91 euros por carga y 0.96 euros cada 100 km, mientras que el coste medio de cargar un veh\u00edculo el\u00e9ctrico en Europa es de 10,13 euros, siendo la media del coste a los 100 km de 3.34 euros. Llama la atenci\u00f3n que los primeros puestos est\u00e1n ocupados por Estados con unas rentas per c\u00e1pita inferiores a la media, pero no es menos curioso que en la mitad de la tabla encontremos a pa\u00edses mucho m\u00e1s ricos, como Noruega o Islandia, que tienen un coste medio del kWh un 40% por debajo de lo que tenemos que pagar en Espa\u00f1a.<\/p>\n","protected":false},"author":20,"featured_media":47541,"comment_status":"open","ping_status":"open","sticky":false,"template":"","format":"standard","meta":{"_FSMCFIC_featured_image_caption":"","_FSMCFIC_featured_image_nocaption":"","_FSMCFIC_featured_image_hide":"","footnotes":""},"categories":[806],"tags":[3722,3370,846,874],"class_list":["post-47546","post","type-post","status-publish","format-standard","has-post-thumbnail","hentry","category-punts-claus-del-dia-es","tag-cotxe-electric-es","tag-electricitat-es","tag-espanya-es","tag-ue-es"],"yoast_head":"<!-- This site is optimized with the Yoast SEO plugin v26.8 - https:\/\/yoast.com\/product\/yoast-seo-wordpress\/ -->\n<title>Espa\u00f1a: el quinto pa\u00eds de Europa m\u00e1s caro en la carga de un coche el\u00e9ctrico -<\/title>\n<meta name=\"description\" content=\"Un estudi revela l&#039;alt cost de carregar un cotxe el\u00e8ctric a Espanya, ocupant el cinqu\u00e8 lloc a Europa. L&#039;alt cost afecta sensiblement\" \/>\n<meta name=\"robots\" content=\"index, follow, max-snippet:-1, max-image-preview:large, max-video-preview:-1\" \/>\n<link rel=\"canonical\" href=\"https:\/\/conversesacatalunya.cat\/es\/espana-carga-coche-electrico\/\" \/>\n<meta property=\"og:locale\" content=\"es_ES\" \/>\n<meta property=\"og:type\" content=\"article\" \/>\n<meta property=\"og:title\" content=\"Espa\u00f1a: el quinto pa\u00eds de Europa m\u00e1s caro en la carga de un coche el\u00e9ctrico -\" \/>\n<meta property=\"og:description\" content=\"Un estudi revela l&#039;alt cost de carregar un cotxe el\u00e8ctric a Espanya, ocupant el cinqu\u00e8 lloc a Europa. L&#039;alt cost afecta sensiblement\" \/>\n<meta property=\"og:url\" content=\"https:\/\/conversesacatalunya.cat\/es\/espana-carga-coche-electrico\/\" \/>\n<meta property=\"og:site_name\" content=\"Converses a Catalunya\" \/>\n<meta property=\"article:published_time\" content=\"2021-04-30T09:08:22+00:00\" \/>\n<meta property=\"article:modified_time\" content=\"2021-04-30T09:15:42+00:00\" \/>\n<meta property=\"og:image\" content=\"https:\/\/conversesacatalunya.cat\/wp-content\/uploads\/2021\/04\/Capture-15.png\" \/>\n\t<meta property=\"og:image:width\" content=\"957\" \/>\n\t<meta property=\"og:image:height\" content=\"716\" \/>\n\t<meta property=\"og:image:type\" content=\"image\/png\" \/>\n<meta name=\"author\" content=\"conversesacatalunya\" \/>\n<meta name=\"twitter:card\" content=\"summary_large_image\" \/>\n<meta name=\"twitter:label1\" content=\"Escrito por\" \/>\n\t<meta name=\"twitter:data1\" content=\"conversesacatalunya\" \/>\n\t<meta name=\"twitter:label2\" content=\"Tiempo de lectura\" \/>\n\t<meta name=\"twitter:data2\" content=\"2 minutos\" \/>\n<script type=\"application\/ld+json\" class=\"yoast-schema-graph\">{\"@context\":\"https:\/\/schema.org\",\"@graph\":[{\"@type\":\"Article\",\"@id\":\"https:\/\/conversesacatalunya.cat\/es\/espana-carga-coche-electrico\/#article\",\"isPartOf\":{\"@id\":\"https:\/\/conversesacatalunya.cat\/es\/espana-carga-coche-electrico\/\"},\"author\":{\"name\":\"conversesacatalunya\",\"@id\":\"https:\/\/conversesacatalunya.cat\/#\/schema\/person\/a7a9496a363cd9847daf7cd659d92e64\"},\"headline\":\"Espa\u00f1a: el quinto pa\u00eds de Europa m\u00e1s caro en la carga de un coche el\u00e9ctrico\",\"datePublished\":\"2021-04-30T09:08:22+00:00\",\"dateModified\":\"2021-04-30T09:15:42+00:00\",\"mainEntityOfPage\":{\"@id\":\"https:\/\/conversesacatalunya.cat\/es\/espana-carga-coche-electrico\/\"},\"wordCount\":450,\"commentCount\":0,\"image\":{\"@id\":\"https:\/\/conversesacatalunya.cat\/es\/espana-carga-coche-electrico\/#primaryimage\"},\"thumbnailUrl\":\"https:\/\/conversesacatalunya.cat\/wp-content\/uploads\/2021\/04\/Capture-15.png\",\"keywords\":[\"Cotxe el\u00e8ctric\",\"Electricitat\",\"Espanya\",\"UE\"],\"articleSection\":[\"Punts clau del dia (ES)\"],\"inLanguage\":\"es\",\"potentialAction\":[{\"@type\":\"CommentAction\",\"name\":\"Comment\",\"target\":[\"https:\/\/conversesacatalunya.cat\/es\/espana-carga-coche-electrico\/#respond\"]}]},{\"@type\":\"WebPage\",\"@id\":\"https:\/\/conversesacatalunya.cat\/es\/espana-carga-coche-electrico\/\",\"url\":\"https:\/\/conversesacatalunya.cat\/es\/espana-carga-coche-electrico\/\",\"name\":\"Espa\u00f1a: el quinto pa\u00eds de Europa m\u00e1s caro en la carga de un coche el\u00e9ctrico -\",\"isPartOf\":{\"@id\":\"https:\/\/conversesacatalunya.cat\/#website\"},\"primaryImageOfPage\":{\"@id\":\"https:\/\/conversesacatalunya.cat\/es\/espana-carga-coche-electrico\/#primaryimage\"},\"image\":{\"@id\":\"https:\/\/conversesacatalunya.cat\/es\/espana-carga-coche-electrico\/#primaryimage\"},\"thumbnailUrl\":\"https:\/\/conversesacatalunya.cat\/wp-content\/uploads\/2021\/04\/Capture-15.png\",\"datePublished\":\"2021-04-30T09:08:22+00:00\",\"dateModified\":\"2021-04-30T09:15:42+00:00\",\"author\":{\"@id\":\"https:\/\/conversesacatalunya.cat\/#\/schema\/person\/a7a9496a363cd9847daf7cd659d92e64\"},\"description\":\"Un estudi revela l'alt cost de carregar un cotxe el\u00e8ctric a Espanya, ocupant el cinqu\u00e8 lloc a Europa. L'alt cost afecta sensiblement\",\"breadcrumb\":{\"@id\":\"https:\/\/conversesacatalunya.cat\/es\/espana-carga-coche-electrico\/#breadcrumb\"},\"inLanguage\":\"es\",\"potentialAction\":[{\"@type\":\"ReadAction\",\"target\":[\"https:\/\/conversesacatalunya.cat\/es\/espana-carga-coche-electrico\/\"]}]},{\"@type\":\"ImageObject\",\"inLanguage\":\"es\",\"@id\":\"https:\/\/conversesacatalunya.cat\/es\/espana-carga-coche-electrico\/#primaryimage\",\"url\":\"https:\/\/conversesacatalunya.cat\/wp-content\/uploads\/2021\/04\/Capture-15.png\",\"contentUrl\":\"https:\/\/conversesacatalunya.cat\/wp-content\/uploads\/2021\/04\/Capture-15.png\",\"width\":957,\"height\":716,\"caption\":\"cotxe el\u00e8ctric\"},{\"@type\":\"BreadcrumbList\",\"@id\":\"https:\/\/conversesacatalunya.cat\/es\/espana-carga-coche-electrico\/#breadcrumb\",\"itemListElement\":[{\"@type\":\"ListItem\",\"position\":1,\"name\":\"Inici\",\"item\":\"https:\/\/conversesacatalunya.cat\/es\/\"},{\"@type\":\"ListItem\",\"position\":2,\"name\":\"Espa\u00f1a: el quinto pa\u00eds de Europa m\u00e1s caro en la carga de un coche el\u00e9ctrico\"}]},{\"@type\":\"WebSite\",\"@id\":\"https:\/\/conversesacatalunya.cat\/#website\",\"url\":\"https:\/\/conversesacatalunya.cat\/\",\"name\":\"Converses a Catalunya\",\"description\":\"\",\"potentialAction\":[{\"@type\":\"SearchAction\",\"target\":{\"@type\":\"EntryPoint\",\"urlTemplate\":\"https:\/\/conversesacatalunya.cat\/?s={search_term_string}\"},\"query-input\":{\"@type\":\"PropertyValueSpecification\",\"valueRequired\":true,\"valueName\":\"search_term_string\"}}],\"inLanguage\":\"es\"},{\"@type\":\"Person\",\"@id\":\"https:\/\/conversesacatalunya.cat\/#\/schema\/person\/a7a9496a363cd9847daf7cd659d92e64\",\"name\":\"conversesacatalunya\",\"image\":{\"@type\":\"ImageObject\",\"inLanguage\":\"es\",\"@id\":\"https:\/\/conversesacatalunya.cat\/#\/schema\/person\/image\/\",\"url\":\"https:\/\/conversesacatalunya.cat\/wp-content\/litespeed\/avatar\/ff91582b44ff9c880dc9c5ac2f5c7e89.jpg?ver=1777372947\",\"contentUrl\":\"https:\/\/conversesacatalunya.cat\/wp-content\/litespeed\/avatar\/ff91582b44ff9c880dc9c5ac2f5c7e89.jpg?ver=1777372947\",\"caption\":\"conversesacatalunya\"},\"url\":\"https:\/\/conversesacatalunya.cat\/es\/author\/francisco_garcia\/\"}]}<\/script>\n<!-- \/ Yoast SEO plugin. -->","yoast_head_json":{"title":"Espa\u00f1a: el quinto pa\u00eds de Europa m\u00e1s caro en la carga de un coche el\u00e9ctrico -","description":"Un estudi revela l'alt cost de carregar un cotxe el\u00e8ctric a Espanya, ocupant el cinqu\u00e8 lloc a Europa. L'alt cost afecta sensiblement","robots":{"index":"index","follow":"follow","max-snippet":"max-snippet:-1","max-image-preview":"max-image-preview:large","max-video-preview":"max-video-preview:-1"},"canonical":"https:\/\/conversesacatalunya.cat\/es\/espana-carga-coche-electrico\/","og_locale":"es_ES","og_type":"article","og_title":"Espa\u00f1a: el quinto pa\u00eds de Europa m\u00e1s caro en la carga de un coche el\u00e9ctrico -","og_description":"Un estudi revela l'alt cost de carregar un cotxe el\u00e8ctric a Espanya, ocupant el cinqu\u00e8 lloc a Europa. L'alt cost afecta sensiblement","og_url":"https:\/\/conversesacatalunya.cat\/es\/espana-carga-coche-electrico\/","og_site_name":"Converses a Catalunya","article_published_time":"2021-04-30T09:08:22+00:00","article_modified_time":"2021-04-30T09:15:42+00:00","og_image":[{"width":957,"height":716,"url":"https:\/\/conversesacatalunya.cat\/wp-content\/uploads\/2021\/04\/Capture-15.png","type":"image\/png"}],"author":"conversesacatalunya","twitter_card":"summary_large_image","twitter_misc":{"Escrito por":"conversesacatalunya","Tiempo de lectura":"2 minutos"},"schema":{"@context":"https:\/\/schema.org","@graph":[{"@type":"Article","@id":"https:\/\/conversesacatalunya.cat\/es\/espana-carga-coche-electrico\/#article","isPartOf":{"@id":"https:\/\/conversesacatalunya.cat\/es\/espana-carga-coche-electrico\/"},"author":{"name":"conversesacatalunya","@id":"https:\/\/conversesacatalunya.cat\/#\/schema\/person\/a7a9496a363cd9847daf7cd659d92e64"},"headline":"Espa\u00f1a: el quinto pa\u00eds de Europa m\u00e1s caro en la carga de un coche el\u00e9ctrico","datePublished":"2021-04-30T09:08:22+00:00","dateModified":"2021-04-30T09:15:42+00:00","mainEntityOfPage":{"@id":"https:\/\/conversesacatalunya.cat\/es\/espana-carga-coche-electrico\/"},"wordCount":450,"commentCount":0,"image":{"@id":"https:\/\/conversesacatalunya.cat\/es\/espana-carga-coche-electrico\/#primaryimage"},"thumbnailUrl":"https:\/\/conversesacatalunya.cat\/wp-content\/uploads\/2021\/04\/Capture-15.png","keywords":["Cotxe el\u00e8ctric","Electricitat","Espanya","UE"],"articleSection":["Punts clau del dia (ES)"],"inLanguage":"es","potentialAction":[{"@type":"CommentAction","name":"Comment","target":["https:\/\/conversesacatalunya.cat\/es\/espana-carga-coche-electrico\/#respond"]}]},{"@type":"WebPage","@id":"https:\/\/conversesacatalunya.cat\/es\/espana-carga-coche-electrico\/","url":"https:\/\/conversesacatalunya.cat\/es\/espana-carga-coche-electrico\/","name":"Espa\u00f1a: el quinto pa\u00eds de Europa m\u00e1s caro en la carga de un coche el\u00e9ctrico -","isPartOf":{"@id":"https:\/\/conversesacatalunya.cat\/#website"},"primaryImageOfPage":{"@id":"https:\/\/conversesacatalunya.cat\/es\/espana-carga-coche-electrico\/#primaryimage"},"image":{"@id":"https:\/\/conversesacatalunya.cat\/es\/espana-carga-coche-electrico\/#primaryimage"},"thumbnailUrl":"https:\/\/conversesacatalunya.cat\/wp-content\/uploads\/2021\/04\/Capture-15.png","datePublished":"2021-04-30T09:08:22+00:00","dateModified":"2021-04-30T09:15:42+00:00","author":{"@id":"https:\/\/conversesacatalunya.cat\/#\/schema\/person\/a7a9496a363cd9847daf7cd659d92e64"},"description":"Un estudi revela l'alt cost de carregar un cotxe el\u00e8ctric a Espanya, ocupant el cinqu\u00e8 lloc a Europa. L'alt cost afecta sensiblement","breadcrumb":{"@id":"https:\/\/conversesacatalunya.cat\/es\/espana-carga-coche-electrico\/#breadcrumb"},"inLanguage":"es","potentialAction":[{"@type":"ReadAction","target":["https:\/\/conversesacatalunya.cat\/es\/espana-carga-coche-electrico\/"]}]},{"@type":"ImageObject","inLanguage":"es","@id":"https:\/\/conversesacatalunya.cat\/es\/espana-carga-coche-electrico\/#primaryimage","url":"https:\/\/conversesacatalunya.cat\/wp-content\/uploads\/2021\/04\/Capture-15.png","contentUrl":"https:\/\/conversesacatalunya.cat\/wp-content\/uploads\/2021\/04\/Capture-15.png","width":957,"height":716,"caption":"cotxe el\u00e8ctric"},{"@type":"BreadcrumbList","@id":"https:\/\/conversesacatalunya.cat\/es\/espana-carga-coche-electrico\/#breadcrumb","itemListElement":[{"@type":"ListItem","position":1,"name":"Inici","item":"https:\/\/conversesacatalunya.cat\/es\/"},{"@type":"ListItem","position":2,"name":"Espa\u00f1a: el quinto pa\u00eds de Europa m\u00e1s caro en la carga de un coche el\u00e9ctrico"}]},{"@type":"WebSite","@id":"https:\/\/conversesacatalunya.cat\/#website","url":"https:\/\/conversesacatalunya.cat\/","name":"Converses a Catalunya","description":"","potentialAction":[{"@type":"SearchAction","target":{"@type":"EntryPoint","urlTemplate":"https:\/\/conversesacatalunya.cat\/?s={search_term_string}"},"query-input":{"@type":"PropertyValueSpecification","valueRequired":true,"valueName":"search_term_string"}}],"inLanguage":"es"},{"@type":"Person","@id":"https:\/\/conversesacatalunya.cat\/#\/schema\/person\/a7a9496a363cd9847daf7cd659d92e64","name":"conversesacatalunya","image":{"@type":"ImageObject","inLanguage":"es","@id":"https:\/\/conversesacatalunya.cat\/#\/schema\/person\/image\/","url":"https:\/\/conversesacatalunya.cat\/wp-content\/litespeed\/avatar\/ff91582b44ff9c880dc9c5ac2f5c7e89.jpg?ver=1777372947","contentUrl":"https:\/\/conversesacatalunya.cat\/wp-content\/litespeed\/avatar\/ff91582b44ff9c880dc9c5ac2f5c7e89.jpg?ver=1777372947","caption":"conversesacatalunya"},"url":"https:\/\/conversesacatalunya.cat\/es\/author\/francisco_garcia\/"}]}},"wps_subtitle":"Un estudio revela el coste de cargar un coche el\u00e9ctrico en Europa. El elevado coste afecta sensiblemente a las ventajas econ\u00f3micas de usar un veh\u00edculo el\u00e9ctrico","_links":{"self":[{"href":"https:\/\/conversesacatalunya.cat\/es\/wp-json\/wp\/v2\/posts\/47546","targetHints":{"allow":["GET"]}}],"collection":[{"href":"https:\/\/conversesacatalunya.cat\/es\/wp-json\/wp\/v2\/posts"}],"about":[{"href":"https:\/\/conversesacatalunya.cat\/es\/wp-json\/wp\/v2\/types\/post"}],"author":[{"embeddable":true,"href":"https:\/\/conversesacatalunya.cat\/es\/wp-json\/wp\/v2\/users\/20"}],"replies":[{"embeddable":true,"href":"https:\/\/conversesacatalunya.cat\/es\/wp-json\/wp\/v2\/comments?post=47546"}],"version-history":[{"count":2,"href":"https:\/\/conversesacatalunya.cat\/es\/wp-json\/wp\/v2\/posts\/47546\/revisions"}],"predecessor-version":[{"id":47548,"href":"https:\/\/conversesacatalunya.cat\/es\/wp-json\/wp\/v2\/posts\/47546\/revisions\/47548"}],"wp:featuredmedia":[{"embeddable":true,"href":"https:\/\/conversesacatalunya.cat\/es\/wp-json\/wp\/v2\/media\/47541"}],"wp:attachment":[{"href":"https:\/\/conversesacatalunya.cat\/es\/wp-json\/wp\/v2\/media?parent=47546"}],"wp:term":[{"taxonomy":"category","embeddable":true,"href":"https:\/\/conversesacatalunya.cat\/es\/wp-json\/wp\/v2\/categories?post=47546"},{"taxonomy":"post_tag","embeddable":true,"href":"https:\/\/conversesacatalunya.cat\/es\/wp-json\/wp\/v2\/tags?post=47546"}],"curies":[{"name":"wp","href":"https:\/\/api.w.org\/{rel}","templated":true}]}}