{"id":47522,"date":"2021-04-29T12:56:53","date_gmt":"2021-04-29T10:56:53","guid":{"rendered":"https:\/\/conversesacatalunya.cat\/perfils-economics-dun-futur-incert\/"},"modified":"2021-04-29T20:09:23","modified_gmt":"2021-04-29T18:09:23","slug":"perfiles-economicos-de-un-futuro-incierto","status":"publish","type":"post","link":"https:\/\/conversesacatalunya.cat\/es\/perfiles-economicos-de-un-futuro-incierto\/","title":{"rendered":"Perfiles econ\u00f3micos de un futuro incierto"},"content":{"rendered":"<p>Bien est\u00e1 dar la buena nueva al fondo de reconstrucci\u00f3n, pero ser\u00eda prudente que leer no nos hiciera perder el escribir, y nuestros gobiernos, empezando por el de Barcelona, \u200b\u200bpasando por la plaza de Sant Jaume y llegando a Madrid, que tiene el papel m\u00e1s destacado en todo ello, en lugar de hablar tanto de futuribles, tambi\u00e9n nos dieran respuesta a grandes problemas del momento presente.<\/p>\n<p>Empezamos por\u00a0<strong>uno grande<\/strong>\u00a0que se\u00f1ala claramente la magnitud a la que nos enfrentamos. Es bien sabido que el presupuesto del estado de este a\u00f1o incorpora\u00a0<strong>27.000 millones de los fondos europeos<\/strong>, una cantidad importante de dinero que, si no llegan, ser\u00e1n realizados endeud\u00e1ndose a\u00fan m\u00e1s. Pero, esta aportaci\u00f3n es menos de una cuarta parte de la <strong>brecha que ha generado la crisis y que se eleva a 110.000 millones<\/strong>, una magnitud brutal. Por tanto, y en el mejor de los casos, quedar\u00edan\u00a0<strong>83.000 millones<\/strong>\u00a0para compensar el destrozo de la pandemia. Si esta brecha no se cierra, tendremos aqu\u00ed una herida permanente que quedar\u00e1 supurando tanto en orden econ\u00f3mico como social. El problema es que ni se habla.<\/p>\n<p><span class=\"goog-text-highlight\">Una segunda cuesti\u00f3n se refiere\u00a0<\/span><strong><span class=\"goog-text-highlight\">al empleo<\/span><\/strong><span class=\"goog-text-highlight\">.\u00a0<\/span>Un pa\u00eds crece a base de dos componentes: las personas ocupadas y su productividad.\u00a0Pues bien, Espa\u00f1a tambi\u00e9n en este ranking negativo encabeza la reducci\u00f3n de la tasa de empleo en Europa en 2020, por lo que la proporci\u00f3n de adultos\u00a0<strong>con trabajo ha bajado el 65,7%<\/strong>\u00a07 puntos menos que la media de la UE , con una reducci\u00f3n\u00a0<strong>de 2,3 puntos porcentuales <\/strong>en relaci\u00f3n con el 2019. Hecho que seg\u00fan Eurostat nos sit\u00faa a la cabeza del descenso, por encima de Irlanda y Bulgaria que, con 1,7 y 1,6 respectivamente, nos siguen en este ranking.\u00a0El n\u00famero de ocupados en Espa\u00f1a es el tercero m\u00e1s bajo de toda Europa y s\u00f3lo nos superan Grecia e Italia, si bien en este \u00faltimo pa\u00eds la ca\u00edda 2020 sobre 2019 fue la mitad de la espa\u00f1ola.<\/p>\n<p><strong>El tercer gran problema es el turismo<\/strong>. Catalu\u00f1a es, en relaci\u00f3n al peso que tiene esta actividad en su PIB y empleo, la cuarta comunidad espa\u00f1ola. Entre <strong>efecto directo e indirecto representa un 23% del PIB catal\u00e1n<\/strong>\u00a0y\u00a0<strong>un 25% del empleo<\/strong>\u00a0. El problema radica en que, vacunaci\u00f3n incluida y en los t\u00e9rminos m\u00e1s optimistas posibles, este verano habr\u00e1 una recuperaci\u00f3n, pero\u00a0<strong><em>quedar\u00e1 a a\u00f1os luz de su normalidad<\/em><\/strong>\u00a0y, por tanto, al menos\u00a0<strong>la mitad de aquellos porcentajes<\/strong> quedar\u00e1n descabezados. De hecho, seg\u00fan el informe de la\u00a0<strong>consultora McKinsey<\/strong>, la recuperaci\u00f3n total del turismo espa\u00f1ol no se producir\u00e1 hasta\u00a0<strong>el 2024<\/strong> y el del internacional hasta\u00a0<strong>el a\u00f1o siguiente<\/strong>.\u00a0Por tanto, queda un largo periodo de antemano en el que se pueden destruir empresas y empleo si no hay una gran acci\u00f3n coordinada de todos los gobiernos.\u00a0Tampoco parece, en este caso, que la agenda pol\u00edtica lo contemple con la suficiencia necesaria.<\/p>\n<p><span class=\"goog-text-highlight\">Por \u00faltimo, pero no menos importante, el Banco de Espa\u00f1a, que no es exactamente una ONG, se ha visto en la necesidad de alertar sobre la situaci\u00f3n\u00a0<\/span><strong><span class=\"goog-text-highlight\">tan vulnerable en la que est\u00e1 situada la juventud,<\/span><\/strong><span class=\"goog-text-highlight\">\u00a0sin que tampoco en este \u00e1mbito se vean movimientos suficientes de ning\u00fan tipo.\u00a0<\/span>El Ayuntamiento de Barcelona y la Diputaci\u00f3n de Barcelona no lo abordan con los recursos necesarios, la Generalitat est\u00e1 reunida, y el gobierno espa\u00f1ol est\u00e1 enfrascado en los grandes conceptos de la sostenibilidad, la resiliencia y el g\u00e9nero.\u00a0Pero, de momento ni cinco de caj\u00f3n.<\/p>\n<p>El Banco de Espa\u00f1a considera que la pandemia ha agravado las deficiencias que puso de relieve la anterior crisis sobre este grupo de poblaci\u00f3n. Se\u00f1ala que una\u00a0<strong>tercera parte no tienen ingresos<\/strong>, es decir, en t\u00e9rminos sencillos, son pobres de solemnidad. Y por si fuera poco, son los <strong>menos protegidos por los ERTE<\/strong>. Si a esto le a\u00f1adimos la situaci\u00f3n de los j\u00f3venes que ni estudian ni trabajan, porque cada vez hay menos motivaci\u00f3n para hacerlo, el panorama es t\u00e9trico.<\/p>\n<p>Y por si fuera poco, y a diferencia de otras, la sociedad civil tampoco dedica demasiada atenci\u00f3n a esta gran carencia. Estamos ante una ruptura hist\u00f3rica de la solidaridad generacional y, si no se resuelve, sufriremos las consecuencias. El problema es que uno de los principales sufridores, no los \u00fanicos, ser\u00e1n precisamente los j\u00f3venes, que no tienen ninguna culpa.<\/p>\n<span class='bctt-click-to-tweet'><span class='bctt-ctt-text'><a href='https:\/\/twitter.com\/intent\/tweet?url=https%3A%2F%2Fconversesacatalunya.cat%2Fes%2Fperfiles-economicos-de-un-futuro-incierto%2F&#038;text=Estamos%20ante%20una%20ruptura%20hist%C3%B3rica%20de%20la%20solidaridad%20generacional%20y%2C%20si%20no%20se%20resuelve%2C%20sufriremos%20las%20consecuencias.&#038;via=conversesacat&#038;related=conversesacat' target='_blank'rel=\"noopener noreferrer\">Estamos ante una ruptura hist\u00f3rica de la solidaridad generacional y, si no se resuelve, sufriremos las consecuencias. <\/a><\/span><a href='https:\/\/twitter.com\/intent\/tweet?url=https%3A%2F%2Fconversesacatalunya.cat%2Fes%2Fperfiles-economicos-de-un-futuro-incierto%2F&#038;text=Estamos%20ante%20una%20ruptura%20hist%C3%B3rica%20de%20la%20solidaridad%20generacional%20y%2C%20si%20no%20se%20resuelve%2C%20sufriremos%20las%20consecuencias.&#038;via=conversesacat&#038;related=conversesacat' target='_blank' class='bctt-ctt-btn'rel=\"noopener noreferrer\">Compartir en X<\/a><\/span>\n<div id=\"polls-101\" class=\"wp-polls\">\n\t<form id=\"polls_form_101\" class=\"wp-polls-form\" action=\"\/index.php\" method=\"post\">\n\t\t<p style=\"display: none;\"><input type=\"hidden\" id=\"poll_101_nonce\" name=\"wp-polls-nonce\" value=\"353762621a\" \/><\/p>\n\t\t<p style=\"display: none;\"><input type=\"hidden\" name=\"poll_id\" value=\"101\" \/><\/p>\n\t\t<p style=\"text-align: center\"><strong>Creus que els partits pol\u00edtics han de practicar cordons sanitaris contra altres partits amb representaci\u00f3 parlament\u00e0ria?<\/strong><\/p><div id=\"polls-101-ans\" class=\"wp-polls-ans\"><ul class=\"wp-polls-ul\">\n\t\t<li><input type=\"radio\" id=\"poll-answer-237\" name=\"poll_101\" value=\"237\" \/> <label for=\"poll-answer-237\">Si<\/label><\/li>\n\t\t<li><input type=\"radio\" id=\"poll-answer-238\" name=\"poll_101\" value=\"238\" \/> <label for=\"poll-answer-238\">No<\/label><\/li>\n\t\t<\/ul><p style=\"text-align: center\"><input type=\"button\" name=\"vote\" value=\"   Vota   \" class=\"Buttons\" onclick=\"poll_vote(101);\" \/><\/p><p style=\"text-align: center\"><a href=\"#ViewPollResults\" onclick=\"poll_result(101); return false;\" title=\"View Results Of This Poll\">Mira els resultats<\/a><\/p><\/div>\n\t<\/form>\n<\/div>\n<div id=\"polls-101-loading\" class=\"wp-polls-loading\"><img decoding=\"async\" data-src=\"https:\/\/conversesacatalunya.cat\/wp-content\/plugins\/wp-polls\/images\/loading.gif\" width=\"16\" height=\"16\" alt=\"Cargando ...\" title=\"Cargando ...\" class=\"wp-polls-image lazyload\" src=\"data:image\/svg+xml;base64,PHN2ZyB3aWR0aD0iMSIgaGVpZ2h0PSIxIiB4bWxucz0iaHR0cDovL3d3dy53My5vcmcvMjAwMC9zdmciPjwvc3ZnPg==\" style=\"--smush-placeholder-width: 16px; --smush-placeholder-aspect-ratio: 16\/16;\" \/>&nbsp;Cargando ...<\/div>\n\n","protected":false},"excerpt":{"rendered":"<p>Bien est\u00e1 dar la buena nueva al fondo de reconstrucci\u00f3n, pero ser\u00eda prudente que leer no nos hiciera perder el escribir, y nuestros gobiernos, empezando por el de Barcelona, \u200b\u200bpasando por la plaza de Sant Jaume y llegando a Madrid, que tiene el papel m\u00e1s destacado en todo ello, en lugar de hablar tanto de futuribles, tambi\u00e9n nos dieran respuesta a grandes problemas del momento presente. Empezamos por\u00a0uno grande\u00a0que se\u00f1ala claramente la magnitud a la que nos enfrentamos. Es bien sabido que el presupuesto del estado de este a\u00f1o incorpora\u00a027.000 millones de los fondos europeos, una cantidad importante de dinero que, si no llegan, ser\u00e1n realizados endeud\u00e1ndose a\u00fan m\u00e1s. Pero, esta aportaci\u00f3n es menos de una cuarta parte de la brecha que ha generado la crisis y que se eleva a 110.000 millones, una magnitud brutal. Por tanto, y en el mejor de los casos, quedar\u00edan\u00a083.000 millones\u00a0para compensar el destrozo de la pandemia. Si esta brecha no se cierra, tendremos aqu\u00ed una herida permanente que quedar\u00e1 supurando tanto en orden econ\u00f3mico como social. El problema es que ni se habla. Una segunda cuesti\u00f3n se refiere\u00a0al empleo.\u00a0Un pa\u00eds crece a base de dos componentes: las personas ocupadas y su productividad.\u00a0Pues bien, Espa\u00f1a tambi\u00e9n en este ranking negativo encabeza la reducci\u00f3n de la tasa de empleo en Europa en 2020, por lo que la proporci\u00f3n de adultos\u00a0con trabajo ha bajado el 65,7%\u00a07 puntos menos que la media de la UE , con una reducci\u00f3n\u00a0de 2,3 puntos porcentuales en relaci\u00f3n con el 2019. Hecho que seg\u00fan Eurostat nos sit\u00faa a la cabeza del descenso, por encima de Irlanda y Bulgaria que, con 1,7 y 1,6 respectivamente, nos siguen en este ranking.\u00a0El n\u00famero de ocupados en Espa\u00f1a es el tercero m\u00e1s bajo de toda Europa y s\u00f3lo nos superan Grecia e Italia, si bien en este \u00faltimo pa\u00eds la ca\u00edda 2020 sobre 2019 fue la mitad de la espa\u00f1ola. El tercer gran problema es el turismo. Catalu\u00f1a es, en relaci\u00f3n al peso que tiene esta actividad en su PIB y empleo, la cuarta comunidad espa\u00f1ola. Entre efecto directo e indirecto representa un 23% del PIB catal\u00e1n\u00a0y\u00a0un 25% del empleo\u00a0. El problema radica en que, vacunaci\u00f3n incluida y en los t\u00e9rminos m\u00e1s optimistas posibles, este verano habr\u00e1 una recuperaci\u00f3n, pero\u00a0quedar\u00e1 a a\u00f1os luz de su normalidad\u00a0y, por tanto, al menos\u00a0la mitad de aquellos porcentajes quedar\u00e1n descabezados. De hecho, seg\u00fan el informe de la\u00a0consultora McKinsey, la recuperaci\u00f3n total del turismo espa\u00f1ol no se producir\u00e1 hasta\u00a0el 2024 y el del internacional hasta\u00a0el a\u00f1o siguiente.\u00a0Por tanto, queda un largo periodo de antemano en el que se pueden destruir empresas y empleo si no hay una gran acci\u00f3n coordinada de todos los gobiernos.\u00a0Tampoco parece, en este caso, que la agenda pol\u00edtica lo contemple con la suficiencia necesaria. Por \u00faltimo, pero no menos importante, el Banco de Espa\u00f1a, que no es exactamente una ONG, se ha visto en la necesidad de alertar sobre la situaci\u00f3n\u00a0tan vulnerable en la que est\u00e1 situada la juventud,\u00a0sin que tampoco en este \u00e1mbito se vean movimientos suficientes de ning\u00fan tipo.\u00a0El Ayuntamiento de Barcelona y la Diputaci\u00f3n de Barcelona no lo abordan con los recursos necesarios, la Generalitat est\u00e1 reunida, y el gobierno espa\u00f1ol est\u00e1 enfrascado en los grandes conceptos de la sostenibilidad, la resiliencia y el g\u00e9nero.\u00a0Pero, de momento ni cinco de caj\u00f3n. El Banco de Espa\u00f1a considera que la pandemia ha agravado las deficiencias que puso de relieve la anterior crisis sobre este grupo de poblaci\u00f3n. Se\u00f1ala que una\u00a0tercera parte no tienen ingresos, es decir, en t\u00e9rminos sencillos, son pobres de solemnidad. Y por si fuera poco, son los menos protegidos por los ERTE. Si a esto le a\u00f1adimos la situaci\u00f3n de los j\u00f3venes que ni estudian ni trabajan, porque cada vez hay menos motivaci\u00f3n para hacerlo, el panorama es t\u00e9trico. Y por si fuera poco, y a diferencia de otras, la sociedad civil tampoco dedica demasiada atenci\u00f3n a esta gran carencia. Estamos ante una ruptura hist\u00f3rica de la solidaridad generacional y, si no se resuelve, sufriremos las consecuencias. El problema es que uno de los principales sufridores, no los \u00fanicos, ser\u00e1n precisamente los j\u00f3venes, que no tienen ninguna culpa.<\/p>\n","protected":false},"author":2,"featured_media":47519,"comment_status":"open","ping_status":"open","sticky":false,"template":"","format":"standard","meta":{"_FSMCFIC_featured_image_caption":"","_FSMCFIC_featured_image_nocaption":"","_FSMCFIC_featured_image_hide":"","footnotes":""},"categories":[1772,806],"tags":[3006,2107],"class_list":["post-47522","post","type-post","status-publish","format-standard","has-post-thumbnail","hentry","category-especial-coronavirus-es","category-punts-claus-del-dia-es","tag-crisis-coronavirus","tag-fondos-de-recuperacion"],"yoast_head":"<!-- This site is optimized with the Yoast SEO plugin v26.8 - https:\/\/yoast.com\/product\/yoast-seo-wordpress\/ -->\n<title>Perfiles econ\u00f3micos de un futuro incierto - Converses a Catalunya<\/title>\n<meta name=\"description\" content=\"Estamos ante una ruptura hist\u00f3rica de la solidaridad generacional y, si no se resuelve, sufriremos las consecuencias.\" \/>\n<meta name=\"robots\" content=\"index, follow, max-snippet:-1, max-image-preview:large, max-video-preview:-1\" \/>\n<link rel=\"canonical\" href=\"https:\/\/conversesacatalunya.cat\/es\/perfiles-economicos-de-un-futuro-incierto\/\" \/>\n<meta property=\"og:locale\" content=\"es_ES\" \/>\n<meta property=\"og:type\" content=\"article\" \/>\n<meta property=\"og:title\" content=\"Perfiles econ\u00f3micos de un futuro incierto - Converses a Catalunya\" \/>\n<meta property=\"og:description\" content=\"Estamos ante una ruptura hist\u00f3rica de la solidaridad generacional y, si no se resuelve, sufriremos las consecuencias.\" \/>\n<meta property=\"og:url\" content=\"https:\/\/conversesacatalunya.cat\/es\/perfiles-economicos-de-un-futuro-incierto\/\" \/>\n<meta property=\"og:site_name\" content=\"Converses a Catalunya\" \/>\n<meta property=\"article:published_time\" content=\"2021-04-29T10:56:53+00:00\" \/>\n<meta property=\"article:modified_time\" content=\"2021-04-29T18:09:23+00:00\" \/>\n<meta property=\"og:image\" content=\"https:\/\/conversesacatalunya.cat\/wp-content\/uploads\/2021\/04\/perfils-economics.jpg\" \/>\n\t<meta property=\"og:image:width\" content=\"640\" \/>\n\t<meta property=\"og:image:height\" content=\"360\" \/>\n\t<meta property=\"og:image:type\" content=\"image\/jpeg\" \/>\n<meta name=\"author\" content=\"conversesacatalunya\" \/>\n<meta name=\"twitter:card\" content=\"summary_large_image\" \/>\n<meta name=\"twitter:label1\" content=\"Escrito por\" \/>\n\t<meta name=\"twitter:data1\" content=\"conversesacatalunya\" \/>\n\t<meta name=\"twitter:label2\" content=\"Tiempo de lectura\" \/>\n\t<meta name=\"twitter:data2\" content=\"4 minutos\" \/>\n<script type=\"application\/ld+json\" class=\"yoast-schema-graph\">{\"@context\":\"https:\/\/schema.org\",\"@graph\":[{\"@type\":\"Article\",\"@id\":\"https:\/\/conversesacatalunya.cat\/es\/perfiles-economicos-de-un-futuro-incierto\/#article\",\"isPartOf\":{\"@id\":\"https:\/\/conversesacatalunya.cat\/es\/perfiles-economicos-de-un-futuro-incierto\/\"},\"author\":{\"name\":\"conversesacatalunya\",\"@id\":\"https:\/\/conversesacatalunya.cat\/#\/schema\/person\/7e24d1e54a2785373ddcb275eae5ed99\"},\"headline\":\"Perfiles econ\u00f3micos de un futuro incierto\",\"datePublished\":\"2021-04-29T10:56:53+00:00\",\"dateModified\":\"2021-04-29T18:09:23+00:00\",\"mainEntityOfPage\":{\"@id\":\"https:\/\/conversesacatalunya.cat\/es\/perfiles-economicos-de-un-futuro-incierto\/\"},\"wordCount\":794,\"commentCount\":0,\"image\":{\"@id\":\"https:\/\/conversesacatalunya.cat\/es\/perfiles-economicos-de-un-futuro-incierto\/#primaryimage\"},\"thumbnailUrl\":\"https:\/\/conversesacatalunya.cat\/wp-content\/uploads\/2021\/04\/perfils-economics.jpg\",\"keywords\":[\"crisis coronavirus\",\"fondos de recuperaci\u00f3n\"],\"articleSection\":[\"Especial Coronavirus (ES)\",\"Punts clau del dia (ES)\"],\"inLanguage\":\"es\",\"potentialAction\":[{\"@type\":\"CommentAction\",\"name\":\"Comment\",\"target\":[\"https:\/\/conversesacatalunya.cat\/es\/perfiles-economicos-de-un-futuro-incierto\/#respond\"]}]},{\"@type\":\"WebPage\",\"@id\":\"https:\/\/conversesacatalunya.cat\/es\/perfiles-economicos-de-un-futuro-incierto\/\",\"url\":\"https:\/\/conversesacatalunya.cat\/es\/perfiles-economicos-de-un-futuro-incierto\/\",\"name\":\"Perfiles econ\u00f3micos de un futuro incierto - Converses a Catalunya\",\"isPartOf\":{\"@id\":\"https:\/\/conversesacatalunya.cat\/#website\"},\"primaryImageOfPage\":{\"@id\":\"https:\/\/conversesacatalunya.cat\/es\/perfiles-economicos-de-un-futuro-incierto\/#primaryimage\"},\"image\":{\"@id\":\"https:\/\/conversesacatalunya.cat\/es\/perfiles-economicos-de-un-futuro-incierto\/#primaryimage\"},\"thumbnailUrl\":\"https:\/\/conversesacatalunya.cat\/wp-content\/uploads\/2021\/04\/perfils-economics.jpg\",\"datePublished\":\"2021-04-29T10:56:53+00:00\",\"dateModified\":\"2021-04-29T18:09:23+00:00\",\"author\":{\"@id\":\"https:\/\/conversesacatalunya.cat\/#\/schema\/person\/7e24d1e54a2785373ddcb275eae5ed99\"},\"description\":\"Estamos ante una ruptura hist\u00f3rica de la solidaridad generacional y, si no se resuelve, sufriremos las consecuencias.\",\"breadcrumb\":{\"@id\":\"https:\/\/conversesacatalunya.cat\/es\/perfiles-economicos-de-un-futuro-incierto\/#breadcrumb\"},\"inLanguage\":\"es\",\"potentialAction\":[{\"@type\":\"ReadAction\",\"target\":[\"https:\/\/conversesacatalunya.cat\/es\/perfiles-economicos-de-un-futuro-incierto\/\"]}]},{\"@type\":\"ImageObject\",\"inLanguage\":\"es\",\"@id\":\"https:\/\/conversesacatalunya.cat\/es\/perfiles-economicos-de-un-futuro-incierto\/#primaryimage\",\"url\":\"https:\/\/conversesacatalunya.cat\/wp-content\/uploads\/2021\/04\/perfils-economics.jpg\",\"contentUrl\":\"https:\/\/conversesacatalunya.cat\/wp-content\/uploads\/2021\/04\/perfils-economics.jpg\",\"width\":640,\"height\":360,\"caption\":\"perfils econ\u00f2mics\"},{\"@type\":\"BreadcrumbList\",\"@id\":\"https:\/\/conversesacatalunya.cat\/es\/perfiles-economicos-de-un-futuro-incierto\/#breadcrumb\",\"itemListElement\":[{\"@type\":\"ListItem\",\"position\":1,\"name\":\"Inici\",\"item\":\"https:\/\/conversesacatalunya.cat\/es\/\"},{\"@type\":\"ListItem\",\"position\":2,\"name\":\"Perfiles econ\u00f3micos de un futuro incierto\"}]},{\"@type\":\"WebSite\",\"@id\":\"https:\/\/conversesacatalunya.cat\/#website\",\"url\":\"https:\/\/conversesacatalunya.cat\/\",\"name\":\"Converses a Catalunya\",\"description\":\"\",\"potentialAction\":[{\"@type\":\"SearchAction\",\"target\":{\"@type\":\"EntryPoint\",\"urlTemplate\":\"https:\/\/conversesacatalunya.cat\/?s={search_term_string}\"},\"query-input\":{\"@type\":\"PropertyValueSpecification\",\"valueRequired\":true,\"valueName\":\"search_term_string\"}}],\"inLanguage\":\"es\"},{\"@type\":\"Person\",\"@id\":\"https:\/\/conversesacatalunya.cat\/#\/schema\/person\/7e24d1e54a2785373ddcb275eae5ed99\",\"name\":\"conversesacatalunya\",\"image\":{\"@type\":\"ImageObject\",\"inLanguage\":\"es\",\"@id\":\"https:\/\/conversesacatalunya.cat\/#\/schema\/person\/image\/\",\"url\":\"https:\/\/conversesacatalunya.cat\/wp-content\/litespeed\/avatar\/febdfeeec89d950f01c748045a981dd2.jpg?ver=1777314535\",\"contentUrl\":\"https:\/\/conversesacatalunya.cat\/wp-content\/litespeed\/avatar\/febdfeeec89d950f01c748045a981dd2.jpg?ver=1777314535\",\"caption\":\"conversesacatalunya\"},\"url\":\"https:\/\/conversesacatalunya.cat\/es\/author\/carme_catala\/\"}]}<\/script>\n<!-- \/ Yoast SEO plugin. -->","yoast_head_json":{"title":"Perfiles econ\u00f3micos de un futuro incierto - Converses a Catalunya","description":"Estamos ante una ruptura hist\u00f3rica de la solidaridad generacional y, si no se resuelve, sufriremos las consecuencias.","robots":{"index":"index","follow":"follow","max-snippet":"max-snippet:-1","max-image-preview":"max-image-preview:large","max-video-preview":"max-video-preview:-1"},"canonical":"https:\/\/conversesacatalunya.cat\/es\/perfiles-economicos-de-un-futuro-incierto\/","og_locale":"es_ES","og_type":"article","og_title":"Perfiles econ\u00f3micos de un futuro incierto - Converses a Catalunya","og_description":"Estamos ante una ruptura hist\u00f3rica de la solidaridad generacional y, si no se resuelve, sufriremos las consecuencias.","og_url":"https:\/\/conversesacatalunya.cat\/es\/perfiles-economicos-de-un-futuro-incierto\/","og_site_name":"Converses a Catalunya","article_published_time":"2021-04-29T10:56:53+00:00","article_modified_time":"2021-04-29T18:09:23+00:00","og_image":[{"width":640,"height":360,"url":"https:\/\/conversesacatalunya.cat\/wp-content\/uploads\/2021\/04\/perfils-economics.jpg","type":"image\/jpeg"}],"author":"conversesacatalunya","twitter_card":"summary_large_image","twitter_misc":{"Escrito por":"conversesacatalunya","Tiempo de lectura":"4 minutos"},"schema":{"@context":"https:\/\/schema.org","@graph":[{"@type":"Article","@id":"https:\/\/conversesacatalunya.cat\/es\/perfiles-economicos-de-un-futuro-incierto\/#article","isPartOf":{"@id":"https:\/\/conversesacatalunya.cat\/es\/perfiles-economicos-de-un-futuro-incierto\/"},"author":{"name":"conversesacatalunya","@id":"https:\/\/conversesacatalunya.cat\/#\/schema\/person\/7e24d1e54a2785373ddcb275eae5ed99"},"headline":"Perfiles econ\u00f3micos de un futuro incierto","datePublished":"2021-04-29T10:56:53+00:00","dateModified":"2021-04-29T18:09:23+00:00","mainEntityOfPage":{"@id":"https:\/\/conversesacatalunya.cat\/es\/perfiles-economicos-de-un-futuro-incierto\/"},"wordCount":794,"commentCount":0,"image":{"@id":"https:\/\/conversesacatalunya.cat\/es\/perfiles-economicos-de-un-futuro-incierto\/#primaryimage"},"thumbnailUrl":"https:\/\/conversesacatalunya.cat\/wp-content\/uploads\/2021\/04\/perfils-economics.jpg","keywords":["crisis coronavirus","fondos de recuperaci\u00f3n"],"articleSection":["Especial Coronavirus (ES)","Punts clau del dia (ES)"],"inLanguage":"es","potentialAction":[{"@type":"CommentAction","name":"Comment","target":["https:\/\/conversesacatalunya.cat\/es\/perfiles-economicos-de-un-futuro-incierto\/#respond"]}]},{"@type":"WebPage","@id":"https:\/\/conversesacatalunya.cat\/es\/perfiles-economicos-de-un-futuro-incierto\/","url":"https:\/\/conversesacatalunya.cat\/es\/perfiles-economicos-de-un-futuro-incierto\/","name":"Perfiles econ\u00f3micos de un futuro incierto - Converses a Catalunya","isPartOf":{"@id":"https:\/\/conversesacatalunya.cat\/#website"},"primaryImageOfPage":{"@id":"https:\/\/conversesacatalunya.cat\/es\/perfiles-economicos-de-un-futuro-incierto\/#primaryimage"},"image":{"@id":"https:\/\/conversesacatalunya.cat\/es\/perfiles-economicos-de-un-futuro-incierto\/#primaryimage"},"thumbnailUrl":"https:\/\/conversesacatalunya.cat\/wp-content\/uploads\/2021\/04\/perfils-economics.jpg","datePublished":"2021-04-29T10:56:53+00:00","dateModified":"2021-04-29T18:09:23+00:00","author":{"@id":"https:\/\/conversesacatalunya.cat\/#\/schema\/person\/7e24d1e54a2785373ddcb275eae5ed99"},"description":"Estamos ante una ruptura hist\u00f3rica de la solidaridad generacional y, si no se resuelve, sufriremos las consecuencias.","breadcrumb":{"@id":"https:\/\/conversesacatalunya.cat\/es\/perfiles-economicos-de-un-futuro-incierto\/#breadcrumb"},"inLanguage":"es","potentialAction":[{"@type":"ReadAction","target":["https:\/\/conversesacatalunya.cat\/es\/perfiles-economicos-de-un-futuro-incierto\/"]}]},{"@type":"ImageObject","inLanguage":"es","@id":"https:\/\/conversesacatalunya.cat\/es\/perfiles-economicos-de-un-futuro-incierto\/#primaryimage","url":"https:\/\/conversesacatalunya.cat\/wp-content\/uploads\/2021\/04\/perfils-economics.jpg","contentUrl":"https:\/\/conversesacatalunya.cat\/wp-content\/uploads\/2021\/04\/perfils-economics.jpg","width":640,"height":360,"caption":"perfils econ\u00f2mics"},{"@type":"BreadcrumbList","@id":"https:\/\/conversesacatalunya.cat\/es\/perfiles-economicos-de-un-futuro-incierto\/#breadcrumb","itemListElement":[{"@type":"ListItem","position":1,"name":"Inici","item":"https:\/\/conversesacatalunya.cat\/es\/"},{"@type":"ListItem","position":2,"name":"Perfiles econ\u00f3micos de un futuro incierto"}]},{"@type":"WebSite","@id":"https:\/\/conversesacatalunya.cat\/#website","url":"https:\/\/conversesacatalunya.cat\/","name":"Converses a Catalunya","description":"","potentialAction":[{"@type":"SearchAction","target":{"@type":"EntryPoint","urlTemplate":"https:\/\/conversesacatalunya.cat\/?s={search_term_string}"},"query-input":{"@type":"PropertyValueSpecification","valueRequired":true,"valueName":"search_term_string"}}],"inLanguage":"es"},{"@type":"Person","@id":"https:\/\/conversesacatalunya.cat\/#\/schema\/person\/7e24d1e54a2785373ddcb275eae5ed99","name":"conversesacatalunya","image":{"@type":"ImageObject","inLanguage":"es","@id":"https:\/\/conversesacatalunya.cat\/#\/schema\/person\/image\/","url":"https:\/\/conversesacatalunya.cat\/wp-content\/litespeed\/avatar\/febdfeeec89d950f01c748045a981dd2.jpg?ver=1777314535","contentUrl":"https:\/\/conversesacatalunya.cat\/wp-content\/litespeed\/avatar\/febdfeeec89d950f01c748045a981dd2.jpg?ver=1777314535","caption":"conversesacatalunya"},"url":"https:\/\/conversesacatalunya.cat\/es\/author\/carme_catala\/"}]}},"wps_subtitle":"Estamos ante una ruptura hist\u00f3rica de la solidaridad generacional y, si no se resuelve, sufriremos las consecuencias.","_links":{"self":[{"href":"https:\/\/conversesacatalunya.cat\/es\/wp-json\/wp\/v2\/posts\/47522","targetHints":{"allow":["GET"]}}],"collection":[{"href":"https:\/\/conversesacatalunya.cat\/es\/wp-json\/wp\/v2\/posts"}],"about":[{"href":"https:\/\/conversesacatalunya.cat\/es\/wp-json\/wp\/v2\/types\/post"}],"author":[{"embeddable":true,"href":"https:\/\/conversesacatalunya.cat\/es\/wp-json\/wp\/v2\/users\/2"}],"replies":[{"embeddable":true,"href":"https:\/\/conversesacatalunya.cat\/es\/wp-json\/wp\/v2\/comments?post=47522"}],"version-history":[{"count":3,"href":"https:\/\/conversesacatalunya.cat\/es\/wp-json\/wp\/v2\/posts\/47522\/revisions"}],"predecessor-version":[{"id":47533,"href":"https:\/\/conversesacatalunya.cat\/es\/wp-json\/wp\/v2\/posts\/47522\/revisions\/47533"}],"wp:featuredmedia":[{"embeddable":true,"href":"https:\/\/conversesacatalunya.cat\/es\/wp-json\/wp\/v2\/media\/47519"}],"wp:attachment":[{"href":"https:\/\/conversesacatalunya.cat\/es\/wp-json\/wp\/v2\/media?parent=47522"}],"wp:term":[{"taxonomy":"category","embeddable":true,"href":"https:\/\/conversesacatalunya.cat\/es\/wp-json\/wp\/v2\/categories?post=47522"},{"taxonomy":"post_tag","embeddable":true,"href":"https:\/\/conversesacatalunya.cat\/es\/wp-json\/wp\/v2\/tags?post=47522"}],"curies":[{"name":"wp","href":"https:\/\/api.w.org\/{rel}","templated":true}]}}