{"id":47511,"date":"2021-04-29T12:17:02","date_gmt":"2021-04-29T10:17:02","guid":{"rendered":"https:\/\/conversesacatalunya.cat\/el-virolai-2\/"},"modified":"2021-04-29T12:35:16","modified_gmt":"2021-04-29T10:35:16","slug":"el-virolai","status":"publish","type":"post","link":"https:\/\/conversesacatalunya.cat\/es\/el-virolai\/","title":{"rendered":"El Virolai"},"content":{"rendered":"<div>\n<p>Esta semana hemos celebrado la fiesta de la Virgen de Montserrat, nuestra patrona. Hablaremos un poco del himno conocido como El Virolai, que casi tiene 140 a\u00f1os de vida.<\/p>\n<p>Un virolai es una composici\u00f3n po\u00e9tica, para ser cantada, de origen provenzal.\u00a0Est\u00e1 compuesta por varias estrofas con vuelta.\u00a0<span class=\"goog-text-highlight\">En 1880, con motivo de las fiestas del Milenario de Montserrat, <\/span><strong><span class=\"goog-text-highlight\">Moss\u00e8n Jacint Verdaguer\u00a0<\/span><\/strong><span class=\"goog-text-highlight\">\u00a0public\u00f3\u00a0\u00a0<\/span><em><span class=\"goog-text-highlight\">El Virolai<\/span><\/em><span class=\"goog-text-highlight\"> , un himno dedicado a la Virgen de Montserrat y conocido tambi\u00e9n como Rosa de abril, ya que estas dos palabras son las del comienzo del poema.\u00a0<\/span>Con el tiempo El Virolai se ha convertido en el s\u00edmbolo espiritual de los catalanes.<\/p>\n<p>Coincidiendo con el Milenario se convoc\u00f3 un certamen art\u00edstico y musical en el que se ofrec\u00eda un premio a la mejor melod\u00eda popular que se adaptara al texto de\u00a0<strong>\u00abMoss\u00e8n Cinto\u00bb<\/strong>.\u00a0Gan\u00f3 la composici\u00f3n titulada Virolai a la Virgen de Montserrat del compositor barcelon\u00e9s\u00a0\u00a0<strong>Josep Rodoreda<\/strong>.<\/p>\n<p><span class=\"goog-text-highlight\">El Virolai de\u00a0\u00a0<\/span><strong><span class=\"goog-text-highlight\">Verdaguer-Rodoreda<\/span><\/strong><span class=\"goog-text-highlight\">\u00a0\u00a0no es el primer virolai dedicado a la Virgen.\u00a0<\/span>En el Libro rojo de Montserrat, del siglo XIV, ya aparece una composici\u00f3n po\u00e9tica con la estructura de virolai.\u00a0<strong>Copio el comienzo de dos estrofas:<\/strong><\/p>\n<\/div>\n<div><\/div>\n<div>\n<p><em>Emperadriu de la ciutat joiosa,<\/em><\/p>\n<p><em>de parad\u00eds amb tot goig eternal,<\/em><\/p>\n<p><em>neta de crims, de virtuts abundosa,<\/em><\/p>\n<p><em>Mare de D\u00e9u per obra divinal, (\u2026)<\/em><\/p>\n<p>&nbsp;<\/p>\n<p><em>Verge sens par misericordiosa,<\/em><\/p>\n<p><em>a V\u00f3s pertany que ens defenseu de mal<\/em><\/p>\n<p><em>i no sigueu envers nos desdenyosa<\/em><\/p>\n<p><em>pels falliments que fem en general, (\u2026)<\/em><\/p>\n<p>&nbsp;<\/p>\n<p><strong>con un estribillo que dice:<\/strong><\/p>\n<p style=\"font-weight: 400;\"><em>Emperadriu de la ciutat joiosa,<\/em><\/p>\n<p style=\"font-weight: 400;\"><em>de parad\u00eds amb tot goig eternal<\/em><\/p>\n<p style=\"font-weight: 400;\"><em>plagui-us estar als fidels piadosa,<\/em><\/p>\n<p style=\"font-weight: 400;\"><em>pregant per ells al Rei celestial.<\/em><\/p>\n<h5><b>Moss\u00e8n Jacint Verdaguer<\/b><\/h5>\n<p style=\"font-weight: 400;\"><span class=\"goog-text-highlight\">Naci\u00f3 en Folgueroles el 1845, hijo de agricultores modestos, entr\u00f3 en el seminario de Vic en 1855 y en 1865 gan\u00f3 sus primeros premios en los juegos florales. Ordenado sacerdote en 1870, fue destinado a la parroquia rural de Vinyoles d&#8217;Or\u00eds, donde compuso un gran n\u00famero de poemas de tono popular y de apolog\u00e9tica religiosa y donde, sobre todo, trabaj\u00f3 en su obra\u00a0 <\/span><em><span class=\"goog-text-highlight\">La Atl\u00e1ntida<\/span><\/em><span class=\"goog-text-highlight\">. Por razones de salud, en 1874 se traslad\u00f3 a Barcelona y entr\u00f3 como cura en la\u00a0 <\/span><em><span class=\"goog-text-highlight\">Compa\u00f1\u00eda Transatl\u00e1ntica<\/span><\/em><span class=\"goog-text-highlight\">, con la que hizo nueve veces la traves\u00eda de Am\u00e9rica y recuper\u00f3 del todo la salud. El periodo comprendido entre los a\u00f1os 1877 y 1893 fue el m\u00e1s fecundo y brillante de su creaci\u00f3n literaria. Los a\u00f1os siguientes fueron marcados por una serie de problemas y malentendidos con su protector, el marqu\u00e9s de\u00a0 <\/span><strong><span class=\"goog-text-highlight\">Comillas\u00a0<\/span><\/strong>y con las autoridades eclesi\u00e1sticas de Barcelona y Vic.\u00a0Los a\u00f1os que pas\u00f3 en el santuario de la Gleva supusieron para \u00e9l un ejercicio asc\u00e9tico que recoge en unos versos desolados y dram\u00e1ticos reunidos en las\u00a0 <em>Flores del Calvario<\/em>.\u00a0El autor de\u00a0<em>El Virolai<\/em> \u00a0muri\u00f3 en Vallvidrera, en1902.<\/p>\n<h5><strong>Maestro Josep Rodoreda<\/strong><\/h5>\n<p><span class=\"goog-text-highlight\">Naci\u00f3 en Barcelona en 1851. Empez\u00f3 sus estudios en la\u00a0<\/span><i><span class=\"goog-text-highlight\">Escolan\u00eda de Nuestra Se\u00f1ora del Remedio<\/span><\/i><span class=\"goog-text-highlight\">\u00a0\u00a0en Barcelona. Estudi\u00f3 solfeo, piano, armon\u00eda y composici\u00f3n. A los 25 a\u00f1os ya fue profesor en el\u00a0\u00a0<\/span><i><span class=\"goog-text-highlight\">Conservatorio del Liceo<\/span><\/i><span class=\"goog-text-highlight\">. M\u00e1s adelante fue Maestro-Director de la\u00a0\u00a0<\/span><i><span class=\"goog-text-highlight\">Sociedad Coral Euterpe<\/span><\/i><span class=\"goog-text-highlight\">\u00a0, miembro numerario de la\u00a0\u00a0<\/span><i><span class=\"goog-text-highlight\">Real Academia de Ciencias Naturales y Artes<\/span><\/i><span class=\"goog-text-highlight\">\u00a0\u00a0de Barcelona, Director de la\u00a0\u00a0<\/span><i><span class=\"goog-text-highlight\">Banda Municipal<\/span><\/i><span class=\"goog-text-highlight\">\u00a0\u00a0y de la banda de la\u00a0<\/span><i><span class=\"goog-text-highlight\">Escuela Municipal de Barcelona<\/span><\/i><span class=\"goog-text-highlight\">. En 1896 march\u00f3 a San Sebasti\u00e1n como Director de la <\/span><i><span class=\"goog-text-highlight\">Banda Municipal<\/span><\/i><span class=\"goog-text-highlight\">\u00a0\u00a0de aquella ciudad. En 1910 se traslad\u00f3 a Buenos Aires para dirigir la\u00a0<\/span><i><span class=\"goog-text-highlight\">Academia de M\u00fasica <\/span><\/i>que hab\u00eda fundado Joan Goula.\u00a0Muri\u00f3 en 1922. Compositor muy prol\u00edfico, escribi\u00f3 m\u00e1s de cuatrocientas obras de diferentes g\u00e9neros.\u00a0La m\u00e1s conocida es nuestro<b><i>Virolai a la Virgen de Montserrat<\/i><\/b>.<\/p>\n<span class='bctt-click-to-tweet'><span class='bctt-ctt-text'><a href='https:\/\/twitter.com\/intent\/tweet?url=https%3A%2F%2Fconversesacatalunya.cat%2Fes%2Fel-virolai%2F&#038;text=En%201880%2C%20con%20motivo%20de%20las%20fiestas%20del%20Milenario%20de%20Montserrat%2C%20Moss%C3%A8n%20Jacint%20Verdaguer%20public%C3%B3%20El%20Virolai%20%2C%20un%20himno%20dedicado%20a%20la%20Virgen%20de%20Montserrat&#038;via=conversesacat&#038;related=conversesacat' target='_blank'rel=\"noopener noreferrer\">En 1880, con motivo de las fiestas del Milenario de Montserrat, Moss\u00e8n Jacint Verdaguer public\u00f3 El Virolai , un himno dedicado a la Virgen de Montserrat <\/a><\/span><a href='https:\/\/twitter.com\/intent\/tweet?url=https%3A%2F%2Fconversesacatalunya.cat%2Fes%2Fel-virolai%2F&#038;text=En%201880%2C%20con%20motivo%20de%20las%20fiestas%20del%20Milenario%20de%20Montserrat%2C%20Moss%C3%A8n%20Jacint%20Verdaguer%20public%C3%B3%20El%20Virolai%20%2C%20un%20himno%20dedicado%20a%20la%20Virgen%20de%20Montserrat&#038;via=conversesacat&#038;related=conversesacat' target='_blank' class='bctt-ctt-btn'rel=\"noopener noreferrer\">Compartir en X<\/a><\/span>\n<div id=\"polls-101\" class=\"wp-polls\">\n\t<form id=\"polls_form_101\" class=\"wp-polls-form\" action=\"\/index.php\" method=\"post\">\n\t\t<p style=\"display: none;\"><input type=\"hidden\" id=\"poll_101_nonce\" name=\"wp-polls-nonce\" value=\"26401154a6\" \/><\/p>\n\t\t<p style=\"display: none;\"><input type=\"hidden\" name=\"poll_id\" value=\"101\" \/><\/p>\n\t\t<p style=\"text-align: center\"><strong>Creus que els partits pol\u00edtics han de practicar cordons sanitaris contra altres partits amb representaci\u00f3 parlament\u00e0ria?<\/strong><\/p><div id=\"polls-101-ans\" class=\"wp-polls-ans\"><ul class=\"wp-polls-ul\">\n\t\t<li><input type=\"radio\" id=\"poll-answer-237\" name=\"poll_101\" value=\"237\" \/> <label for=\"poll-answer-237\">Si<\/label><\/li>\n\t\t<li><input type=\"radio\" id=\"poll-answer-238\" name=\"poll_101\" value=\"238\" \/> <label for=\"poll-answer-238\">No<\/label><\/li>\n\t\t<\/ul><p style=\"text-align: center\"><input type=\"button\" name=\"vote\" value=\"   Vota   \" class=\"Buttons\" onclick=\"poll_vote(101);\" \/><\/p><p style=\"text-align: center\"><a href=\"#ViewPollResults\" onclick=\"poll_result(101); return false;\" title=\"View Results Of This Poll\">Mira els resultats<\/a><\/p><\/div>\n\t<\/form>\n<\/div>\n<div id=\"polls-101-loading\" class=\"wp-polls-loading\"><img decoding=\"async\" data-src=\"https:\/\/conversesacatalunya.cat\/wp-content\/plugins\/wp-polls\/images\/loading.gif\" width=\"16\" height=\"16\" alt=\"Cargando ...\" title=\"Cargando ...\" class=\"wp-polls-image lazyload\" src=\"data:image\/svg+xml;base64,PHN2ZyB3aWR0aD0iMSIgaGVpZ2h0PSIxIiB4bWxucz0iaHR0cDovL3d3dy53My5vcmcvMjAwMC9zdmciPjwvc3ZnPg==\" style=\"--smush-placeholder-width: 16px; --smush-placeholder-aspect-ratio: 16\/16;\" \/>&nbsp;Cargando ...<\/div>\n\n<\/div>\n","protected":false},"excerpt":{"rendered":"<p>Esta semana hemos celebrado la fiesta de la Virgen de Montserrat, nuestra patrona. Hablaremos un poco del himno conocido como El Virolai, que casi tiene 140 a\u00f1os de vida. Un virolai es una composici\u00f3n po\u00e9tica, para ser cantada, de origen provenzal.\u00a0Est\u00e1 compuesta por varias estrofas con vuelta.\u00a0En 1880, con motivo de las fiestas del Milenario de Montserrat, Moss\u00e8n Jacint Verdaguer\u00a0\u00a0public\u00f3\u00a0\u00a0El Virolai , un himno dedicado a la Virgen de Montserrat y conocido tambi\u00e9n como Rosa de abril, ya que estas dos palabras son las del comienzo del poema.\u00a0Con el tiempo El Virolai se ha convertido en el s\u00edmbolo espiritual de los catalanes. Coincidiendo con el Milenario se convoc\u00f3 un certamen art\u00edstico y musical en el que se ofrec\u00eda un premio a la mejor melod\u00eda popular que se adaptara al texto de\u00a0\u00abMoss\u00e8n Cinto\u00bb.\u00a0Gan\u00f3 la composici\u00f3n titulada Virolai a la Virgen de Montserrat del compositor barcelon\u00e9s\u00a0\u00a0Josep Rodoreda. El Virolai de\u00a0\u00a0Verdaguer-Rodoreda\u00a0\u00a0no es el primer virolai dedicado a la Virgen.\u00a0En el Libro rojo de Montserrat, del siglo XIV, ya aparece una composici\u00f3n po\u00e9tica con la estructura de virolai.\u00a0Copio el comienzo de dos estrofas: Emperadriu de la ciutat joiosa, de parad\u00eds amb tot goig eternal, neta de crims, de virtuts abundosa, Mare de D\u00e9u per obra divinal, (\u2026) &nbsp; Verge sens par misericordiosa, a V\u00f3s pertany que ens defenseu de mal i no sigueu envers nos desdenyosa pels falliments que fem en general, (\u2026) &nbsp; con un estribillo que dice: Emperadriu de la ciutat joiosa, de parad\u00eds amb tot goig eternal plagui-us estar als fidels piadosa, pregant per ells al Rei celestial. Moss\u00e8n Jacint Verdaguer Naci\u00f3 en Folgueroles el 1845, hijo de agricultores modestos, entr\u00f3 en el seminario de Vic en 1855 y en 1865 gan\u00f3 sus primeros premios en los juegos florales. Ordenado sacerdote en 1870, fue destinado a la parroquia rural de Vinyoles d&#8217;Or\u00eds, donde compuso un gran n\u00famero de poemas de tono popular y de apolog\u00e9tica religiosa y donde, sobre todo, trabaj\u00f3 en su obra\u00a0 La Atl\u00e1ntida. Por razones de salud, en 1874 se traslad\u00f3 a Barcelona y entr\u00f3 como cura en la\u00a0 Compa\u00f1\u00eda Transatl\u00e1ntica, con la que hizo nueve veces la traves\u00eda de Am\u00e9rica y recuper\u00f3 del todo la salud. El periodo comprendido entre los a\u00f1os 1877 y 1893 fue el m\u00e1s fecundo y brillante de su creaci\u00f3n literaria. Los a\u00f1os siguientes fueron marcados por una serie de problemas y malentendidos con su protector, el marqu\u00e9s de\u00a0 Comillas\u00a0y con las autoridades eclesi\u00e1sticas de Barcelona y Vic.\u00a0Los a\u00f1os que pas\u00f3 en el santuario de la Gleva supusieron para \u00e9l un ejercicio asc\u00e9tico que recoge en unos versos desolados y dram\u00e1ticos reunidos en las\u00a0 Flores del Calvario.\u00a0El autor de\u00a0El Virolai \u00a0muri\u00f3 en Vallvidrera, en1902. Maestro Josep Rodoreda Naci\u00f3 en Barcelona en 1851. Empez\u00f3 sus estudios en la\u00a0Escolan\u00eda de Nuestra Se\u00f1ora del Remedio\u00a0\u00a0en Barcelona. Estudi\u00f3 solfeo, piano, armon\u00eda y composici\u00f3n. A los 25 a\u00f1os ya fue profesor en el\u00a0\u00a0Conservatorio del Liceo. M\u00e1s adelante fue Maestro-Director de la\u00a0\u00a0Sociedad Coral Euterpe\u00a0, miembro numerario de la\u00a0\u00a0Real Academia de Ciencias Naturales y Artes\u00a0\u00a0de Barcelona, Director de la\u00a0\u00a0Banda Municipal\u00a0\u00a0y de la banda de la\u00a0Escuela Municipal de Barcelona. En 1896 march\u00f3 a San Sebasti\u00e1n como Director de la Banda Municipal\u00a0\u00a0de aquella ciudad. En 1910 se traslad\u00f3 a Buenos Aires para dirigir la\u00a0Academia de M\u00fasica que hab\u00eda fundado Joan Goula.\u00a0Muri\u00f3 en 1922. Compositor muy prol\u00edfico, escribi\u00f3 m\u00e1s de cuatrocientas obras de diferentes g\u00e9neros.\u00a0La m\u00e1s conocida es nuestroVirolai a la Virgen de Montserrat.<\/p>\n","protected":false},"author":35,"featured_media":47503,"comment_status":"open","ping_status":"open","sticky":false,"template":"","format":"standard","meta":{"_FSMCFIC_featured_image_caption":"","_FSMCFIC_featured_image_nocaption":"","_FSMCFIC_featured_image_hide":"","footnotes":""},"categories":[804],"tags":[3717],"class_list":["post-47511","post","type-post","status-publish","format-standard","has-post-thumbnail","hentry","category-opinem-es","tag-el-virolai"],"yoast_head":"<!-- This site is optimized with the Yoast SEO plugin v26.8 - https:\/\/yoast.com\/product\/yoast-seo-wordpress\/ -->\n<title>El Virolai - Converses a Catalunya<\/title>\n<meta name=\"description\" content=\"L&#039;any 1880, amb motiu de les festes del Mil\u00b7lenari de Montserrat, Moss\u00e8n\u00a0Jacint Verdaguer\u00a0va publicar\u00a0El Virolai, un himne a Montserrat\" \/>\n<meta name=\"robots\" content=\"index, follow, max-snippet:-1, max-image-preview:large, max-video-preview:-1\" \/>\n<link rel=\"canonical\" href=\"https:\/\/conversesacatalunya.cat\/es\/el-virolai\/\" \/>\n<meta property=\"og:locale\" content=\"es_ES\" \/>\n<meta property=\"og:type\" content=\"article\" \/>\n<meta property=\"og:title\" content=\"El Virolai - Converses a Catalunya\" \/>\n<meta property=\"og:description\" content=\"L&#039;any 1880, amb motiu de les festes del Mil\u00b7lenari de Montserrat, Moss\u00e8n\u00a0Jacint Verdaguer\u00a0va publicar\u00a0El Virolai, un himne a Montserrat\" \/>\n<meta property=\"og:url\" content=\"https:\/\/conversesacatalunya.cat\/es\/el-virolai\/\" \/>\n<meta property=\"og:site_name\" content=\"Converses a Catalunya\" \/>\n<meta property=\"article:published_time\" content=\"2021-04-29T10:17:02+00:00\" \/>\n<meta property=\"article:modified_time\" content=\"2021-04-29T10:35:16+00:00\" \/>\n<meta property=\"og:image\" content=\"https:\/\/conversesacatalunya.cat\/wp-content\/uploads\/2021\/04\/musica-i-lletra-virolai.png\" \/>\n\t<meta property=\"og:image:width\" content=\"378\" \/>\n\t<meta property=\"og:image:height\" content=\"400\" \/>\n\t<meta property=\"og:image:type\" content=\"image\/png\" \/>\n<meta name=\"author\" content=\"Ramon Torra\" \/>\n<meta name=\"twitter:card\" content=\"summary_large_image\" \/>\n<meta name=\"twitter:label1\" content=\"Escrito por\" \/>\n\t<meta name=\"twitter:data1\" content=\"Ramon Torra\" \/>\n\t<meta name=\"twitter:label2\" content=\"Tiempo de lectura\" \/>\n\t<meta name=\"twitter:data2\" content=\"3 minutos\" \/>\n<script type=\"application\/ld+json\" class=\"yoast-schema-graph\">{\"@context\":\"https:\/\/schema.org\",\"@graph\":[{\"@type\":\"Article\",\"@id\":\"https:\/\/conversesacatalunya.cat\/es\/el-virolai\/#article\",\"isPartOf\":{\"@id\":\"https:\/\/conversesacatalunya.cat\/es\/el-virolai\/\"},\"author\":{\"name\":\"Ramon Torra\",\"@id\":\"https:\/\/conversesacatalunya.cat\/#\/schema\/person\/9fd63a6f4327640a35f3e09fca7a40ba\"},\"headline\":\"El Virolai\",\"datePublished\":\"2021-04-29T10:17:02+00:00\",\"dateModified\":\"2021-04-29T10:35:16+00:00\",\"mainEntityOfPage\":{\"@id\":\"https:\/\/conversesacatalunya.cat\/es\/el-virolai\/\"},\"wordCount\":657,\"commentCount\":0,\"image\":{\"@id\":\"https:\/\/conversesacatalunya.cat\/es\/el-virolai\/#primaryimage\"},\"thumbnailUrl\":\"https:\/\/conversesacatalunya.cat\/wp-content\/uploads\/2021\/04\/musica-i-lletra-virolai.png\",\"keywords\":[\"El Virolai\"],\"articleSection\":[\"Opinem (ES)\"],\"inLanguage\":\"es\",\"potentialAction\":[{\"@type\":\"CommentAction\",\"name\":\"Comment\",\"target\":[\"https:\/\/conversesacatalunya.cat\/es\/el-virolai\/#respond\"]}]},{\"@type\":\"WebPage\",\"@id\":\"https:\/\/conversesacatalunya.cat\/es\/el-virolai\/\",\"url\":\"https:\/\/conversesacatalunya.cat\/es\/el-virolai\/\",\"name\":\"El Virolai - Converses a Catalunya\",\"isPartOf\":{\"@id\":\"https:\/\/conversesacatalunya.cat\/#website\"},\"primaryImageOfPage\":{\"@id\":\"https:\/\/conversesacatalunya.cat\/es\/el-virolai\/#primaryimage\"},\"image\":{\"@id\":\"https:\/\/conversesacatalunya.cat\/es\/el-virolai\/#primaryimage\"},\"thumbnailUrl\":\"https:\/\/conversesacatalunya.cat\/wp-content\/uploads\/2021\/04\/musica-i-lletra-virolai.png\",\"datePublished\":\"2021-04-29T10:17:02+00:00\",\"dateModified\":\"2021-04-29T10:35:16+00:00\",\"author\":{\"@id\":\"https:\/\/conversesacatalunya.cat\/#\/schema\/person\/9fd63a6f4327640a35f3e09fca7a40ba\"},\"description\":\"L'any 1880, amb motiu de les festes del Mil\u00b7lenari de Montserrat, Moss\u00e8n\u00a0Jacint Verdaguer\u00a0va publicar\u00a0El Virolai, un himne a Montserrat\",\"breadcrumb\":{\"@id\":\"https:\/\/conversesacatalunya.cat\/es\/el-virolai\/#breadcrumb\"},\"inLanguage\":\"es\",\"potentialAction\":[{\"@type\":\"ReadAction\",\"target\":[\"https:\/\/conversesacatalunya.cat\/es\/el-virolai\/\"]}]},{\"@type\":\"ImageObject\",\"inLanguage\":\"es\",\"@id\":\"https:\/\/conversesacatalunya.cat\/es\/el-virolai\/#primaryimage\",\"url\":\"https:\/\/conversesacatalunya.cat\/wp-content\/uploads\/2021\/04\/musica-i-lletra-virolai.png\",\"contentUrl\":\"https:\/\/conversesacatalunya.cat\/wp-content\/uploads\/2021\/04\/musica-i-lletra-virolai.png\",\"width\":378,\"height\":400,\"caption\":\"Virolai\"},{\"@type\":\"BreadcrumbList\",\"@id\":\"https:\/\/conversesacatalunya.cat\/es\/el-virolai\/#breadcrumb\",\"itemListElement\":[{\"@type\":\"ListItem\",\"position\":1,\"name\":\"Inici\",\"item\":\"https:\/\/conversesacatalunya.cat\/es\/\"},{\"@type\":\"ListItem\",\"position\":2,\"name\":\"El Virolai\"}]},{\"@type\":\"WebSite\",\"@id\":\"https:\/\/conversesacatalunya.cat\/#website\",\"url\":\"https:\/\/conversesacatalunya.cat\/\",\"name\":\"Converses a Catalunya\",\"description\":\"\",\"potentialAction\":[{\"@type\":\"SearchAction\",\"target\":{\"@type\":\"EntryPoint\",\"urlTemplate\":\"https:\/\/conversesacatalunya.cat\/?s={search_term_string}\"},\"query-input\":{\"@type\":\"PropertyValueSpecification\",\"valueRequired\":true,\"valueName\":\"search_term_string\"}}],\"inLanguage\":\"es\"},{\"@type\":\"Person\",\"@id\":\"https:\/\/conversesacatalunya.cat\/#\/schema\/person\/9fd63a6f4327640a35f3e09fca7a40ba\",\"name\":\"Ramon Torra\",\"image\":{\"@type\":\"ImageObject\",\"inLanguage\":\"es\",\"@id\":\"https:\/\/conversesacatalunya.cat\/#\/schema\/person\/image\/\",\"url\":\"https:\/\/conversesacatalunya.cat\/wp-content\/litespeed\/avatar\/51a63d352ba5d031991c6171c1fe735b.jpg?ver=1777384733\",\"contentUrl\":\"https:\/\/conversesacatalunya.cat\/wp-content\/litespeed\/avatar\/51a63d352ba5d031991c6171c1fe735b.jpg?ver=1777384733\",\"caption\":\"Ramon Torra\"},\"url\":\"https:\/\/conversesacatalunya.cat\/es\/author\/ramon-torra\/\"}]}<\/script>\n<!-- \/ Yoast SEO plugin. -->","yoast_head_json":{"title":"El Virolai - Converses a Catalunya","description":"L'any 1880, amb motiu de les festes del Mil\u00b7lenari de Montserrat, Moss\u00e8n\u00a0Jacint Verdaguer\u00a0va publicar\u00a0El Virolai, un himne a Montserrat","robots":{"index":"index","follow":"follow","max-snippet":"max-snippet:-1","max-image-preview":"max-image-preview:large","max-video-preview":"max-video-preview:-1"},"canonical":"https:\/\/conversesacatalunya.cat\/es\/el-virolai\/","og_locale":"es_ES","og_type":"article","og_title":"El Virolai - Converses a Catalunya","og_description":"L'any 1880, amb motiu de les festes del Mil\u00b7lenari de Montserrat, Moss\u00e8n\u00a0Jacint Verdaguer\u00a0va publicar\u00a0El Virolai, un himne a Montserrat","og_url":"https:\/\/conversesacatalunya.cat\/es\/el-virolai\/","og_site_name":"Converses a Catalunya","article_published_time":"2021-04-29T10:17:02+00:00","article_modified_time":"2021-04-29T10:35:16+00:00","og_image":[{"width":378,"height":400,"url":"https:\/\/conversesacatalunya.cat\/wp-content\/uploads\/2021\/04\/musica-i-lletra-virolai.png","type":"image\/png"}],"author":"Ramon Torra","twitter_card":"summary_large_image","twitter_misc":{"Escrito por":"Ramon Torra","Tiempo de lectura":"3 minutos"},"schema":{"@context":"https:\/\/schema.org","@graph":[{"@type":"Article","@id":"https:\/\/conversesacatalunya.cat\/es\/el-virolai\/#article","isPartOf":{"@id":"https:\/\/conversesacatalunya.cat\/es\/el-virolai\/"},"author":{"name":"Ramon Torra","@id":"https:\/\/conversesacatalunya.cat\/#\/schema\/person\/9fd63a6f4327640a35f3e09fca7a40ba"},"headline":"El Virolai","datePublished":"2021-04-29T10:17:02+00:00","dateModified":"2021-04-29T10:35:16+00:00","mainEntityOfPage":{"@id":"https:\/\/conversesacatalunya.cat\/es\/el-virolai\/"},"wordCount":657,"commentCount":0,"image":{"@id":"https:\/\/conversesacatalunya.cat\/es\/el-virolai\/#primaryimage"},"thumbnailUrl":"https:\/\/conversesacatalunya.cat\/wp-content\/uploads\/2021\/04\/musica-i-lletra-virolai.png","keywords":["El Virolai"],"articleSection":["Opinem (ES)"],"inLanguage":"es","potentialAction":[{"@type":"CommentAction","name":"Comment","target":["https:\/\/conversesacatalunya.cat\/es\/el-virolai\/#respond"]}]},{"@type":"WebPage","@id":"https:\/\/conversesacatalunya.cat\/es\/el-virolai\/","url":"https:\/\/conversesacatalunya.cat\/es\/el-virolai\/","name":"El Virolai - Converses a Catalunya","isPartOf":{"@id":"https:\/\/conversesacatalunya.cat\/#website"},"primaryImageOfPage":{"@id":"https:\/\/conversesacatalunya.cat\/es\/el-virolai\/#primaryimage"},"image":{"@id":"https:\/\/conversesacatalunya.cat\/es\/el-virolai\/#primaryimage"},"thumbnailUrl":"https:\/\/conversesacatalunya.cat\/wp-content\/uploads\/2021\/04\/musica-i-lletra-virolai.png","datePublished":"2021-04-29T10:17:02+00:00","dateModified":"2021-04-29T10:35:16+00:00","author":{"@id":"https:\/\/conversesacatalunya.cat\/#\/schema\/person\/9fd63a6f4327640a35f3e09fca7a40ba"},"description":"L'any 1880, amb motiu de les festes del Mil\u00b7lenari de Montserrat, Moss\u00e8n\u00a0Jacint Verdaguer\u00a0va publicar\u00a0El Virolai, un himne a Montserrat","breadcrumb":{"@id":"https:\/\/conversesacatalunya.cat\/es\/el-virolai\/#breadcrumb"},"inLanguage":"es","potentialAction":[{"@type":"ReadAction","target":["https:\/\/conversesacatalunya.cat\/es\/el-virolai\/"]}]},{"@type":"ImageObject","inLanguage":"es","@id":"https:\/\/conversesacatalunya.cat\/es\/el-virolai\/#primaryimage","url":"https:\/\/conversesacatalunya.cat\/wp-content\/uploads\/2021\/04\/musica-i-lletra-virolai.png","contentUrl":"https:\/\/conversesacatalunya.cat\/wp-content\/uploads\/2021\/04\/musica-i-lletra-virolai.png","width":378,"height":400,"caption":"Virolai"},{"@type":"BreadcrumbList","@id":"https:\/\/conversesacatalunya.cat\/es\/el-virolai\/#breadcrumb","itemListElement":[{"@type":"ListItem","position":1,"name":"Inici","item":"https:\/\/conversesacatalunya.cat\/es\/"},{"@type":"ListItem","position":2,"name":"El Virolai"}]},{"@type":"WebSite","@id":"https:\/\/conversesacatalunya.cat\/#website","url":"https:\/\/conversesacatalunya.cat\/","name":"Converses a Catalunya","description":"","potentialAction":[{"@type":"SearchAction","target":{"@type":"EntryPoint","urlTemplate":"https:\/\/conversesacatalunya.cat\/?s={search_term_string}"},"query-input":{"@type":"PropertyValueSpecification","valueRequired":true,"valueName":"search_term_string"}}],"inLanguage":"es"},{"@type":"Person","@id":"https:\/\/conversesacatalunya.cat\/#\/schema\/person\/9fd63a6f4327640a35f3e09fca7a40ba","name":"Ramon Torra","image":{"@type":"ImageObject","inLanguage":"es","@id":"https:\/\/conversesacatalunya.cat\/#\/schema\/person\/image\/","url":"https:\/\/conversesacatalunya.cat\/wp-content\/litespeed\/avatar\/51a63d352ba5d031991c6171c1fe735b.jpg?ver=1777384733","contentUrl":"https:\/\/conversesacatalunya.cat\/wp-content\/litespeed\/avatar\/51a63d352ba5d031991c6171c1fe735b.jpg?ver=1777384733","caption":"Ramon Torra"},"url":"https:\/\/conversesacatalunya.cat\/es\/author\/ramon-torra\/"}]}},"wps_subtitle":"Con el tiempo El Virolai se ha convertido en el s\u00edmbolo espiritual de los catalanes","_links":{"self":[{"href":"https:\/\/conversesacatalunya.cat\/es\/wp-json\/wp\/v2\/posts\/47511","targetHints":{"allow":["GET"]}}],"collection":[{"href":"https:\/\/conversesacatalunya.cat\/es\/wp-json\/wp\/v2\/posts"}],"about":[{"href":"https:\/\/conversesacatalunya.cat\/es\/wp-json\/wp\/v2\/types\/post"}],"author":[{"embeddable":true,"href":"https:\/\/conversesacatalunya.cat\/es\/wp-json\/wp\/v2\/users\/35"}],"replies":[{"embeddable":true,"href":"https:\/\/conversesacatalunya.cat\/es\/wp-json\/wp\/v2\/comments?post=47511"}],"version-history":[{"count":4,"href":"https:\/\/conversesacatalunya.cat\/es\/wp-json\/wp\/v2\/posts\/47511\/revisions"}],"predecessor-version":[{"id":47516,"href":"https:\/\/conversesacatalunya.cat\/es\/wp-json\/wp\/v2\/posts\/47511\/revisions\/47516"}],"wp:featuredmedia":[{"embeddable":true,"href":"https:\/\/conversesacatalunya.cat\/es\/wp-json\/wp\/v2\/media\/47503"}],"wp:attachment":[{"href":"https:\/\/conversesacatalunya.cat\/es\/wp-json\/wp\/v2\/media?parent=47511"}],"wp:term":[{"taxonomy":"category","embeddable":true,"href":"https:\/\/conversesacatalunya.cat\/es\/wp-json\/wp\/v2\/categories?post=47511"},{"taxonomy":"post_tag","embeddable":true,"href":"https:\/\/conversesacatalunya.cat\/es\/wp-json\/wp\/v2\/tags?post=47511"}],"curies":[{"name":"wp","href":"https:\/\/api.w.org\/{rel}","templated":true}]}}