{"id":47472,"date":"2021-04-28T11:10:47","date_gmt":"2021-04-28T09:10:47","guid":{"rendered":"https:\/\/conversesacatalunya.cat\/el-corte-ingles-mes-de-4-000-sacullen-a-lero\/"},"modified":"2021-04-28T11:28:49","modified_gmt":"2021-04-28T09:28:49","slug":"corte-ingles-ere","status":"publish","type":"post","link":"https:\/\/conversesacatalunya.cat\/es\/corte-ingles-ere\/","title":{"rendered":"El Corte Ingl\u00e9s: m\u00e1s de 4.000 empleados se acogen al ERE"},"content":{"rendered":"<p>Por primera vez en su historia, El Corte Ingl\u00e9s ha acordado <strong>un ERE para reducir en poco m\u00e1s de 3.000 trabajadores su plantilla<\/strong>. La empresa, que pretende reducir su plantilla en 3.292 trabajadores, ha cubierto con creces sus expectativas: m\u00e1s de 4.000 empleados se han apuntado de forma voluntaria al plan (4.312 seg\u00fan los sindicatos). De esta forma, la propuesta de salida (indemnizaci\u00f3n de 33 d\u00edas por a\u00f1o trabajado y un m\u00e1ximo de 24 mensualidades, adem\u00e1s de una prima) ha convencido a buena parte de la plantilla. Ahora la compa\u00f1\u00eda dispone de un mes para analizar cada caso, hasta el 23 de mayo.<\/p>\n<p>As\u00ed, tras el an\u00e1lisis de las solicitudes, la cifra de salidas podr\u00eda variar respecto de las 3.292 acordadas inicialmente. Depender\u00e1 de c\u00f3mo quede la estructura de la plantilla, ya que la prioridad es garantizar el servicio en todos los departamentos. Por tanto, podr\u00eda ocurrir que, ante los m\u00e1s de 4.000 interesados, tras la negociaci\u00f3n acaben saliendo de la empresa incluso<strong> m\u00e1s de los 3.292 previstos<\/strong> tras la negociaci\u00f3n o algo menos. El n\u00famero final que no est\u00e1 cerrado todav\u00eda.<\/p>\n<p>Por la parte de la propuesta econ\u00f3mica, El Corte Ingl\u00e9s ofreci\u00f3 33 d\u00edas por a\u00f1o trabajado con un m\u00e1ximo de 24 mensualidades \u2014la indemnizaci\u00f3n que contempla la ley para el caso de despido improcedente\u2014, justo lo que reclamaban los sindicatos. Adem\u00e1s, abonar\u00e1 una prima de un 5% del salario anual para los trabajadores con una antig\u00fcedad en la empresa de entre 5 y 10 a\u00f1os; del 10% del sueldo para los que lleven entre 11 y 15 a\u00f1os, y del 20% del salario para los que tengan m\u00e1s de 15 a\u00f1os de antig\u00fcedad en la cadena de centros comerciales.<\/p>\n<p>\u00abEn el momento en que a la persona trabajadora se le comunique la extinci\u00f3n del contrato, se le entregar\u00e1 la solicitud de aceptaci\u00f3n del plan de recolocaci\u00f3n y, adem\u00e1s, se pondr\u00e1 a su disposici\u00f3n en la cuenta de oficinas y servicios la cantidad indemnizatoria m\u00e1s la prima econ\u00f3mica, la cual podr\u00e1 retirarse desde ese mismo momento\u00bb, indican los sindicatos.<\/p>\n<p>El Corte Ingl\u00e9s buscar\u00e1 las mejores condiciones posibles para los empleados que hayan decidido desvincularse de la compa\u00f1\u00eda y por ello ha contratado a dos empresas de prestigio (LHH y ManpowerGroup) para que ayuden a los trabajadores salientes a encontrar un nuevo empleo en funci\u00f3n de su perfil e intereses profesionales. sobre el plan de recolocaci\u00f3n externa, los sindicatos quieren hacer un seguimiento sobre la comunicaci\u00f3n y contacto con las personas que causen baja en El Corte Ingl\u00e9s. \u00abEse plan supone un derecho para la persona trabajadora, que es gratuito y que le aporta unas garant\u00edas de reinserci\u00f3n al mercado laboral por encima del 85%\u00bb, indican los representantes de los trabajadores.<\/p>\n<span class='bctt-click-to-tweet'><span class='bctt-ctt-text'><a href='https:\/\/twitter.com\/intent\/tweet?url=https%3A%2F%2Fconversesacatalunya.cat%2Fes%2Fcorte-ingles-ere%2F&#038;text=podr%C3%ADa%20ocurrir%20que%2C%20ante%20los%20m%C3%A1s%20de%204.000%20interesados%2C%20tras%20la%20negociaci%C3%B3n%20acaben%20saliendo%20de%20la%20empresa%20incluso%20m%C3%A1s%20de%20los%203.292%20previstos%20tras%20la%20negociaci%C3%B3n&#038;via=conversesacat&#038;related=conversesacat' target='_blank'rel=\"noopener noreferrer\">podr\u00eda ocurrir que, ante los m\u00e1s de 4.000 interesados, tras la negociaci\u00f3n acaben saliendo de la empresa incluso m\u00e1s de los 3.292 previstos tras la negociaci\u00f3n <\/a><\/span><a href='https:\/\/twitter.com\/intent\/tweet?url=https%3A%2F%2Fconversesacatalunya.cat%2Fes%2Fcorte-ingles-ere%2F&#038;text=podr%C3%ADa%20ocurrir%20que%2C%20ante%20los%20m%C3%A1s%20de%204.000%20interesados%2C%20tras%20la%20negociaci%C3%B3n%20acaben%20saliendo%20de%20la%20empresa%20incluso%20m%C3%A1s%20de%20los%203.292%20previstos%20tras%20la%20negociaci%C3%B3n&#038;via=conversesacat&#038;related=conversesacat' target='_blank' class='bctt-ctt-btn'rel=\"noopener noreferrer\">Compartir en X<\/a><\/span>\n<div id=\"polls-101\" class=\"wp-polls\">\n\t<form id=\"polls_form_101\" class=\"wp-polls-form\" action=\"\/index.php\" method=\"post\">\n\t\t<p style=\"display: none;\"><input type=\"hidden\" id=\"poll_101_nonce\" name=\"wp-polls-nonce\" value=\"cecd5acf04\" \/><\/p>\n\t\t<p style=\"display: none;\"><input type=\"hidden\" name=\"poll_id\" value=\"101\" \/><\/p>\n\t\t<p style=\"text-align: center\"><strong>Creus que els partits pol\u00edtics han de practicar cordons sanitaris contra altres partits amb representaci\u00f3 parlament\u00e0ria?<\/strong><\/p><div id=\"polls-101-ans\" class=\"wp-polls-ans\"><ul class=\"wp-polls-ul\">\n\t\t<li><input type=\"radio\" id=\"poll-answer-237\" name=\"poll_101\" value=\"237\" \/> <label for=\"poll-answer-237\">Si<\/label><\/li>\n\t\t<li><input type=\"radio\" id=\"poll-answer-238\" name=\"poll_101\" value=\"238\" \/> <label for=\"poll-answer-238\">No<\/label><\/li>\n\t\t<\/ul><p style=\"text-align: center\"><input type=\"button\" name=\"vote\" value=\"   Vota   \" class=\"Buttons\" onclick=\"poll_vote(101);\" \/><\/p><p style=\"text-align: center\"><a href=\"#ViewPollResults\" onclick=\"poll_result(101); return false;\" title=\"View Results Of This Poll\">Mira els resultats<\/a><\/p><\/div>\n\t<\/form>\n<\/div>\n<div id=\"polls-101-loading\" class=\"wp-polls-loading\"><img decoding=\"async\" data-src=\"https:\/\/conversesacatalunya.cat\/wp-content\/plugins\/wp-polls\/images\/loading.gif\" width=\"16\" height=\"16\" alt=\"Cargando ...\" title=\"Cargando ...\" class=\"wp-polls-image lazyload\" src=\"data:image\/svg+xml;base64,PHN2ZyB3aWR0aD0iMSIgaGVpZ2h0PSIxIiB4bWxucz0iaHR0cDovL3d3dy53My5vcmcvMjAwMC9zdmciPjwvc3ZnPg==\" style=\"--smush-placeholder-width: 16px; --smush-placeholder-aspect-ratio: 16\/16;\" \/>&nbsp;Cargando ...<\/div>\n\n","protected":false},"excerpt":{"rendered":"<p>Por primera vez en su historia, El Corte Ingl\u00e9s ha acordado un ERE para reducir en poco m\u00e1s de 3.000 trabajadores su plantilla. La empresa, que pretende reducir su plantilla en 3.292 trabajadores, ha cubierto con creces sus expectativas: m\u00e1s de 4.000 empleados se han apuntado de forma voluntaria al plan (4.312 seg\u00fan los sindicatos). De esta forma, la propuesta de salida (indemnizaci\u00f3n de 33 d\u00edas por a\u00f1o trabajado y un m\u00e1ximo de 24 mensualidades, adem\u00e1s de una prima) ha convencido a buena parte de la plantilla. Ahora la compa\u00f1\u00eda dispone de un mes para analizar cada caso, hasta el 23 de mayo. As\u00ed, tras el an\u00e1lisis de las solicitudes, la cifra de salidas podr\u00eda variar respecto de las 3.292 acordadas inicialmente. Depender\u00e1 de c\u00f3mo quede la estructura de la plantilla, ya que la prioridad es garantizar el servicio en todos los departamentos. Por tanto, podr\u00eda ocurrir que, ante los m\u00e1s de 4.000 interesados, tras la negociaci\u00f3n acaben saliendo de la empresa incluso m\u00e1s de los 3.292 previstos tras la negociaci\u00f3n o algo menos. El n\u00famero final que no est\u00e1 cerrado todav\u00eda. Por la parte de la propuesta econ\u00f3mica, El Corte Ingl\u00e9s ofreci\u00f3 33 d\u00edas por a\u00f1o trabajado con un m\u00e1ximo de 24 mensualidades \u2014la indemnizaci\u00f3n que contempla la ley para el caso de despido improcedente\u2014, justo lo que reclamaban los sindicatos. Adem\u00e1s, abonar\u00e1 una prima de un 5% del salario anual para los trabajadores con una antig\u00fcedad en la empresa de entre 5 y 10 a\u00f1os; del 10% del sueldo para los que lleven entre 11 y 15 a\u00f1os, y del 20% del salario para los que tengan m\u00e1s de 15 a\u00f1os de antig\u00fcedad en la cadena de centros comerciales. \u00abEn el momento en que a la persona trabajadora se le comunique la extinci\u00f3n del contrato, se le entregar\u00e1 la solicitud de aceptaci\u00f3n del plan de recolocaci\u00f3n y, adem\u00e1s, se pondr\u00e1 a su disposici\u00f3n en la cuenta de oficinas y servicios la cantidad indemnizatoria m\u00e1s la prima econ\u00f3mica, la cual podr\u00e1 retirarse desde ese mismo momento\u00bb, indican los sindicatos. El Corte Ingl\u00e9s buscar\u00e1 las mejores condiciones posibles para los empleados que hayan decidido desvincularse de la compa\u00f1\u00eda y por ello ha contratado a dos empresas de prestigio (LHH y ManpowerGroup) para que ayuden a los trabajadores salientes a encontrar un nuevo empleo en funci\u00f3n de su perfil e intereses profesionales. sobre el plan de recolocaci\u00f3n externa, los sindicatos quieren hacer un seguimiento sobre la comunicaci\u00f3n y contacto con las personas que causen baja en El Corte Ingl\u00e9s. \u00abEse plan supone un derecho para la persona trabajadora, que es gratuito y que le aporta unas garant\u00edas de reinserci\u00f3n al mercado laboral por encima del 85%\u00bb, indican los representantes de los trabajadores.<\/p>\n","protected":false},"author":20,"featured_media":47424,"comment_status":"open","ping_status":"open","sticky":false,"template":"","format":"standard","meta":{"_FSMCFIC_featured_image_caption":"","_FSMCFIC_featured_image_nocaption":"","_FSMCFIC_featured_image_hide":"","footnotes":""},"categories":[1772,806],"tags":[831,916,2716],"class_list":["post-47472","post","type-post","status-publish","format-standard","has-post-thumbnail","hentry","category-especial-coronavirus-es","category-punts-claus-del-dia-es","tag-economia-es","tag-ere-es","tag-ero-es"],"yoast_head":"<!-- This site is optimized with the Yoast SEO plugin v26.8 - https:\/\/yoast.com\/product\/yoast-seo-wordpress\/ -->\n<title>El Corte Ingl\u00e9s: m\u00e1s de 4.000 empleados se acogen al ERE - Converses a Catalunya<\/title>\n<meta name=\"description\" content=\"El Corte Ingl\u00e9s prepara el seu primer ERO en la seva llarga traject\u00f2ria empresarial, amb l&#039;objectiu de reduir la seva plantilla\" \/>\n<meta name=\"robots\" content=\"index, follow, max-snippet:-1, max-image-preview:large, max-video-preview:-1\" \/>\n<link rel=\"canonical\" href=\"https:\/\/conversesacatalunya.cat\/es\/corte-ingles-ere\/\" \/>\n<meta property=\"og:locale\" content=\"es_ES\" \/>\n<meta property=\"og:type\" content=\"article\" \/>\n<meta property=\"og:title\" content=\"El Corte Ingl\u00e9s: m\u00e1s de 4.000 empleados se acogen al ERE - Converses a Catalunya\" \/>\n<meta property=\"og:description\" content=\"El Corte Ingl\u00e9s prepara el seu primer ERO en la seva llarga traject\u00f2ria empresarial, amb l&#039;objectiu de reduir la seva plantilla\" \/>\n<meta property=\"og:url\" content=\"https:\/\/conversesacatalunya.cat\/es\/corte-ingles-ere\/\" \/>\n<meta property=\"og:site_name\" content=\"Converses a Catalunya\" \/>\n<meta property=\"article:published_time\" content=\"2021-04-28T09:10:47+00:00\" \/>\n<meta property=\"article:modified_time\" content=\"2021-04-28T09:28:49+00:00\" \/>\n<meta property=\"og:image\" content=\"https:\/\/conversesacatalunya.cat\/wp-content\/uploads\/2021\/04\/Capture-13.png\" \/>\n\t<meta property=\"og:image:width\" content=\"1018\" \/>\n\t<meta property=\"og:image:height\" content=\"703\" \/>\n\t<meta property=\"og:image:type\" content=\"image\/png\" \/>\n<meta name=\"author\" content=\"conversesacatalunya\" \/>\n<meta name=\"twitter:card\" content=\"summary_large_image\" \/>\n<meta name=\"twitter:label1\" content=\"Escrito por\" \/>\n\t<meta name=\"twitter:data1\" content=\"conversesacatalunya\" \/>\n\t<meta name=\"twitter:label2\" content=\"Tiempo de lectura\" \/>\n\t<meta name=\"twitter:data2\" content=\"3 minutos\" \/>\n<script type=\"application\/ld+json\" class=\"yoast-schema-graph\">{\"@context\":\"https:\/\/schema.org\",\"@graph\":[{\"@type\":\"Article\",\"@id\":\"https:\/\/conversesacatalunya.cat\/es\/corte-ingles-ere\/#article\",\"isPartOf\":{\"@id\":\"https:\/\/conversesacatalunya.cat\/es\/corte-ingles-ere\/\"},\"author\":{\"name\":\"conversesacatalunya\",\"@id\":\"https:\/\/conversesacatalunya.cat\/#\/schema\/person\/a7a9496a363cd9847daf7cd659d92e64\"},\"headline\":\"El Corte Ingl\u00e9s: m\u00e1s de 4.000 empleados se acogen al ERE\",\"datePublished\":\"2021-04-28T09:10:47+00:00\",\"dateModified\":\"2021-04-28T09:28:49+00:00\",\"mainEntityOfPage\":{\"@id\":\"https:\/\/conversesacatalunya.cat\/es\/corte-ingles-ere\/\"},\"wordCount\":525,\"commentCount\":0,\"image\":{\"@id\":\"https:\/\/conversesacatalunya.cat\/es\/corte-ingles-ere\/#primaryimage\"},\"thumbnailUrl\":\"https:\/\/conversesacatalunya.cat\/wp-content\/uploads\/2021\/04\/Capture-13.png\",\"keywords\":[\"Economia\",\"ERE\",\"ERO\"],\"articleSection\":[\"Especial Coronavirus (ES)\",\"Punts clau del dia (ES)\"],\"inLanguage\":\"es\",\"potentialAction\":[{\"@type\":\"CommentAction\",\"name\":\"Comment\",\"target\":[\"https:\/\/conversesacatalunya.cat\/es\/corte-ingles-ere\/#respond\"]}]},{\"@type\":\"WebPage\",\"@id\":\"https:\/\/conversesacatalunya.cat\/es\/corte-ingles-ere\/\",\"url\":\"https:\/\/conversesacatalunya.cat\/es\/corte-ingles-ere\/\",\"name\":\"El Corte Ingl\u00e9s: m\u00e1s de 4.000 empleados se acogen al ERE - Converses a Catalunya\",\"isPartOf\":{\"@id\":\"https:\/\/conversesacatalunya.cat\/#website\"},\"primaryImageOfPage\":{\"@id\":\"https:\/\/conversesacatalunya.cat\/es\/corte-ingles-ere\/#primaryimage\"},\"image\":{\"@id\":\"https:\/\/conversesacatalunya.cat\/es\/corte-ingles-ere\/#primaryimage\"},\"thumbnailUrl\":\"https:\/\/conversesacatalunya.cat\/wp-content\/uploads\/2021\/04\/Capture-13.png\",\"datePublished\":\"2021-04-28T09:10:47+00:00\",\"dateModified\":\"2021-04-28T09:28:49+00:00\",\"author\":{\"@id\":\"https:\/\/conversesacatalunya.cat\/#\/schema\/person\/a7a9496a363cd9847daf7cd659d92e64\"},\"description\":\"El Corte Ingl\u00e9s prepara el seu primer ERO en la seva llarga traject\u00f2ria empresarial, amb l'objectiu de reduir la seva plantilla\",\"breadcrumb\":{\"@id\":\"https:\/\/conversesacatalunya.cat\/es\/corte-ingles-ere\/#breadcrumb\"},\"inLanguage\":\"es\",\"potentialAction\":[{\"@type\":\"ReadAction\",\"target\":[\"https:\/\/conversesacatalunya.cat\/es\/corte-ingles-ere\/\"]}]},{\"@type\":\"ImageObject\",\"inLanguage\":\"es\",\"@id\":\"https:\/\/conversesacatalunya.cat\/es\/corte-ingles-ere\/#primaryimage\",\"url\":\"https:\/\/conversesacatalunya.cat\/wp-content\/uploads\/2021\/04\/Capture-13.png\",\"contentUrl\":\"https:\/\/conversesacatalunya.cat\/wp-content\/uploads\/2021\/04\/Capture-13.png\",\"width\":1018,\"height\":703,\"caption\":\"El Corte ing\"},{\"@type\":\"BreadcrumbList\",\"@id\":\"https:\/\/conversesacatalunya.cat\/es\/corte-ingles-ere\/#breadcrumb\",\"itemListElement\":[{\"@type\":\"ListItem\",\"position\":1,\"name\":\"Inici\",\"item\":\"https:\/\/conversesacatalunya.cat\/es\/\"},{\"@type\":\"ListItem\",\"position\":2,\"name\":\"El Corte Ingl\u00e9s: m\u00e1s de 4.000 empleados se acogen al ERE\"}]},{\"@type\":\"WebSite\",\"@id\":\"https:\/\/conversesacatalunya.cat\/#website\",\"url\":\"https:\/\/conversesacatalunya.cat\/\",\"name\":\"Converses a Catalunya\",\"description\":\"\",\"potentialAction\":[{\"@type\":\"SearchAction\",\"target\":{\"@type\":\"EntryPoint\",\"urlTemplate\":\"https:\/\/conversesacatalunya.cat\/?s={search_term_string}\"},\"query-input\":{\"@type\":\"PropertyValueSpecification\",\"valueRequired\":true,\"valueName\":\"search_term_string\"}}],\"inLanguage\":\"es\"},{\"@type\":\"Person\",\"@id\":\"https:\/\/conversesacatalunya.cat\/#\/schema\/person\/a7a9496a363cd9847daf7cd659d92e64\",\"name\":\"conversesacatalunya\",\"image\":{\"@type\":\"ImageObject\",\"inLanguage\":\"es\",\"@id\":\"https:\/\/conversesacatalunya.cat\/#\/schema\/person\/image\/\",\"url\":\"https:\/\/conversesacatalunya.cat\/wp-content\/litespeed\/avatar\/ff91582b44ff9c880dc9c5ac2f5c7e89.jpg?ver=1777372947\",\"contentUrl\":\"https:\/\/conversesacatalunya.cat\/wp-content\/litespeed\/avatar\/ff91582b44ff9c880dc9c5ac2f5c7e89.jpg?ver=1777372947\",\"caption\":\"conversesacatalunya\"},\"url\":\"https:\/\/conversesacatalunya.cat\/es\/author\/francisco_garcia\/\"}]}<\/script>\n<!-- \/ Yoast SEO plugin. -->","yoast_head_json":{"title":"El Corte Ingl\u00e9s: m\u00e1s de 4.000 empleados se acogen al ERE - Converses a Catalunya","description":"El Corte Ingl\u00e9s prepara el seu primer ERO en la seva llarga traject\u00f2ria empresarial, amb l'objectiu de reduir la seva plantilla","robots":{"index":"index","follow":"follow","max-snippet":"max-snippet:-1","max-image-preview":"max-image-preview:large","max-video-preview":"max-video-preview:-1"},"canonical":"https:\/\/conversesacatalunya.cat\/es\/corte-ingles-ere\/","og_locale":"es_ES","og_type":"article","og_title":"El Corte Ingl\u00e9s: m\u00e1s de 4.000 empleados se acogen al ERE - Converses a Catalunya","og_description":"El Corte Ingl\u00e9s prepara el seu primer ERO en la seva llarga traject\u00f2ria empresarial, amb l'objectiu de reduir la seva plantilla","og_url":"https:\/\/conversesacatalunya.cat\/es\/corte-ingles-ere\/","og_site_name":"Converses a Catalunya","article_published_time":"2021-04-28T09:10:47+00:00","article_modified_time":"2021-04-28T09:28:49+00:00","og_image":[{"width":1018,"height":703,"url":"https:\/\/conversesacatalunya.cat\/wp-content\/uploads\/2021\/04\/Capture-13.png","type":"image\/png"}],"author":"conversesacatalunya","twitter_card":"summary_large_image","twitter_misc":{"Escrito por":"conversesacatalunya","Tiempo de lectura":"3 minutos"},"schema":{"@context":"https:\/\/schema.org","@graph":[{"@type":"Article","@id":"https:\/\/conversesacatalunya.cat\/es\/corte-ingles-ere\/#article","isPartOf":{"@id":"https:\/\/conversesacatalunya.cat\/es\/corte-ingles-ere\/"},"author":{"name":"conversesacatalunya","@id":"https:\/\/conversesacatalunya.cat\/#\/schema\/person\/a7a9496a363cd9847daf7cd659d92e64"},"headline":"El Corte Ingl\u00e9s: m\u00e1s de 4.000 empleados se acogen al ERE","datePublished":"2021-04-28T09:10:47+00:00","dateModified":"2021-04-28T09:28:49+00:00","mainEntityOfPage":{"@id":"https:\/\/conversesacatalunya.cat\/es\/corte-ingles-ere\/"},"wordCount":525,"commentCount":0,"image":{"@id":"https:\/\/conversesacatalunya.cat\/es\/corte-ingles-ere\/#primaryimage"},"thumbnailUrl":"https:\/\/conversesacatalunya.cat\/wp-content\/uploads\/2021\/04\/Capture-13.png","keywords":["Economia","ERE","ERO"],"articleSection":["Especial Coronavirus (ES)","Punts clau del dia (ES)"],"inLanguage":"es","potentialAction":[{"@type":"CommentAction","name":"Comment","target":["https:\/\/conversesacatalunya.cat\/es\/corte-ingles-ere\/#respond"]}]},{"@type":"WebPage","@id":"https:\/\/conversesacatalunya.cat\/es\/corte-ingles-ere\/","url":"https:\/\/conversesacatalunya.cat\/es\/corte-ingles-ere\/","name":"El Corte Ingl\u00e9s: m\u00e1s de 4.000 empleados se acogen al ERE - Converses a Catalunya","isPartOf":{"@id":"https:\/\/conversesacatalunya.cat\/#website"},"primaryImageOfPage":{"@id":"https:\/\/conversesacatalunya.cat\/es\/corte-ingles-ere\/#primaryimage"},"image":{"@id":"https:\/\/conversesacatalunya.cat\/es\/corte-ingles-ere\/#primaryimage"},"thumbnailUrl":"https:\/\/conversesacatalunya.cat\/wp-content\/uploads\/2021\/04\/Capture-13.png","datePublished":"2021-04-28T09:10:47+00:00","dateModified":"2021-04-28T09:28:49+00:00","author":{"@id":"https:\/\/conversesacatalunya.cat\/#\/schema\/person\/a7a9496a363cd9847daf7cd659d92e64"},"description":"El Corte Ingl\u00e9s prepara el seu primer ERO en la seva llarga traject\u00f2ria empresarial, amb l'objectiu de reduir la seva plantilla","breadcrumb":{"@id":"https:\/\/conversesacatalunya.cat\/es\/corte-ingles-ere\/#breadcrumb"},"inLanguage":"es","potentialAction":[{"@type":"ReadAction","target":["https:\/\/conversesacatalunya.cat\/es\/corte-ingles-ere\/"]}]},{"@type":"ImageObject","inLanguage":"es","@id":"https:\/\/conversesacatalunya.cat\/es\/corte-ingles-ere\/#primaryimage","url":"https:\/\/conversesacatalunya.cat\/wp-content\/uploads\/2021\/04\/Capture-13.png","contentUrl":"https:\/\/conversesacatalunya.cat\/wp-content\/uploads\/2021\/04\/Capture-13.png","width":1018,"height":703,"caption":"El Corte ing"},{"@type":"BreadcrumbList","@id":"https:\/\/conversesacatalunya.cat\/es\/corte-ingles-ere\/#breadcrumb","itemListElement":[{"@type":"ListItem","position":1,"name":"Inici","item":"https:\/\/conversesacatalunya.cat\/es\/"},{"@type":"ListItem","position":2,"name":"El Corte Ingl\u00e9s: m\u00e1s de 4.000 empleados se acogen al ERE"}]},{"@type":"WebSite","@id":"https:\/\/conversesacatalunya.cat\/#website","url":"https:\/\/conversesacatalunya.cat\/","name":"Converses a Catalunya","description":"","potentialAction":[{"@type":"SearchAction","target":{"@type":"EntryPoint","urlTemplate":"https:\/\/conversesacatalunya.cat\/?s={search_term_string}"},"query-input":{"@type":"PropertyValueSpecification","valueRequired":true,"valueName":"search_term_string"}}],"inLanguage":"es"},{"@type":"Person","@id":"https:\/\/conversesacatalunya.cat\/#\/schema\/person\/a7a9496a363cd9847daf7cd659d92e64","name":"conversesacatalunya","image":{"@type":"ImageObject","inLanguage":"es","@id":"https:\/\/conversesacatalunya.cat\/#\/schema\/person\/image\/","url":"https:\/\/conversesacatalunya.cat\/wp-content\/litespeed\/avatar\/ff91582b44ff9c880dc9c5ac2f5c7e89.jpg?ver=1777372947","contentUrl":"https:\/\/conversesacatalunya.cat\/wp-content\/litespeed\/avatar\/ff91582b44ff9c880dc9c5ac2f5c7e89.jpg?ver=1777372947","caption":"conversesacatalunya"},"url":"https:\/\/conversesacatalunya.cat\/es\/author\/francisco_garcia\/"}]}},"wps_subtitle":"El Corte Ingl\u00e9s prepara su primer ERE en su larga trayectoria empresarial, con el objetivo de reducir su plantilla para mejorar la situaci\u00f3n econ\u00f3mica de la empresa","_links":{"self":[{"href":"https:\/\/conversesacatalunya.cat\/es\/wp-json\/wp\/v2\/posts\/47472","targetHints":{"allow":["GET"]}}],"collection":[{"href":"https:\/\/conversesacatalunya.cat\/es\/wp-json\/wp\/v2\/posts"}],"about":[{"href":"https:\/\/conversesacatalunya.cat\/es\/wp-json\/wp\/v2\/types\/post"}],"author":[{"embeddable":true,"href":"https:\/\/conversesacatalunya.cat\/es\/wp-json\/wp\/v2\/users\/20"}],"replies":[{"embeddable":true,"href":"https:\/\/conversesacatalunya.cat\/es\/wp-json\/wp\/v2\/comments?post=47472"}],"version-history":[{"count":2,"href":"https:\/\/conversesacatalunya.cat\/es\/wp-json\/wp\/v2\/posts\/47472\/revisions"}],"predecessor-version":[{"id":47474,"href":"https:\/\/conversesacatalunya.cat\/es\/wp-json\/wp\/v2\/posts\/47472\/revisions\/47474"}],"wp:featuredmedia":[{"embeddable":true,"href":"https:\/\/conversesacatalunya.cat\/es\/wp-json\/wp\/v2\/media\/47424"}],"wp:attachment":[{"href":"https:\/\/conversesacatalunya.cat\/es\/wp-json\/wp\/v2\/media?parent=47472"}],"wp:term":[{"taxonomy":"category","embeddable":true,"href":"https:\/\/conversesacatalunya.cat\/es\/wp-json\/wp\/v2\/categories?post=47472"},{"taxonomy":"post_tag","embeddable":true,"href":"https:\/\/conversesacatalunya.cat\/es\/wp-json\/wp\/v2\/tags?post=47472"}],"curies":[{"name":"wp","href":"https:\/\/api.w.org\/{rel}","templated":true}]}}