{"id":47448,"date":"2021-04-27T13:00:30","date_gmt":"2021-04-27T11:00:30","guid":{"rendered":"https:\/\/conversesacatalunya.cat\/draghi-pla-de-recuperacio\/"},"modified":"2021-04-27T15:14:11","modified_gmt":"2021-04-27T13:14:11","slug":"draghi-plan-de-recuperacion","status":"publish","type":"post","link":"https:\/\/conversesacatalunya.cat\/es\/draghi-plan-de-recuperacion\/","title":{"rendered":"Draghi y S\u00e1nchez. El italiano gana prestigio en Europa ense\u00f1ando c\u00f3mo se hace el plan de recuperaci\u00f3n"},"content":{"rendered":"<p><span class=\"\">Draghi ha quedado consagrado como\u00a0<\/span><strong><span class=\"\">el interlocutor de referencia en la Uni\u00f3n Europea<\/span><\/strong><span class=\"\"> dejando en una tercera posici\u00f3n a S\u00e1nchez, y lo ha hecho, no a trav\u00e9s de pactos y maniobras pol\u00edticas, como el presidente espa\u00f1ol intenta, ahora inclin\u00e1ndose con los holandeses, ahora con los belgas, con operaciones que no tienen recorrido, sino a base\u00a0<\/span><strong><span class=\"\">del plan<\/span><\/strong><span class=\"\"> que ha presentado y la forma c\u00f3mo lo llevar\u00e1 a cabo. Las diferencias con Espa\u00f1a son astron\u00f3micas. Y estas son las principales:<\/span><\/p>\n<ol>\n<li><strong>Invertir\u00e1 mucho m\u00e1s de lo que le corresponde<\/strong>.\u00a0Mientras que S\u00e1nchez se limita a los 140.000 millones de euros (la mitad en subvenciones y la otra mitad en cr\u00e9dito blando del fondo de reconstrucci\u00f3n), Draghi eleva hasta 248.000 millones la cifra de 191.500 millones que le corresponde del fondo de reconstrucci\u00f3n, a fuerza de a\u00f1adir 36.000 millones m\u00e1s de un plan nacional complementario, que en Espa\u00f1a no existe, y de 15.500 millones de los fondos de desarrollo y cohesi\u00f3n.<\/li>\n<li>Draghi se moja y\u00a0<em>define el impacto econ\u00f3mico<\/em>\u00a0que tendr\u00e1 todo ello en el crecimiento del PIB italiano: 16 puntos en 6 a\u00f1os, una cifra muy buena por lo que ha sido hasta ahora la din\u00e1mica econ\u00f3mica italiana.\u00a0<span class=\"\">S\u00e1nchez en ninguna de sus reiteradas presentaciones ha definido cu\u00e1l piensa que ser\u00e1 el impacto en el caso de Espa\u00f1a.<\/span><\/li>\n<li>Decisivo: el plan italiano no es s\u00f3lo muy detallado, sino que\u00a0<strong>ha sido\u00a0<\/strong><strong>entregado a los parlamentarios<\/strong>\u00a0y estar\u00e1 sometido al\u00a0<strong>control legislativo<\/strong>. Esta es una diferencia radical con Espa\u00f1a, que lleva adelante un proyecto tan importante con un perfecto desconocimiento de su contenido por parte del Congreso de Diputados. S\u00f3lo se explica, a grandes rasgos, con lo que se gastar\u00e1, pero no c\u00f3mo, ni la repercusi\u00f3n que tendr\u00e1, y sobre todo hurta el control del Parlamento.<\/li>\n<li>Draghi, que no es un pol\u00edtico pero s\u00ed que se est\u00e1 mostrando como un estadista, hace un discurso profundo, muy alejado del marketing de Iv\u00e1n Redondo, para se\u00f1alar la importancia hist\u00f3rica del momento y\u00a0<strong>llamar a la unidad<\/strong>. Cita como referencia\u00a0<strong>Alcide De Gasperi<\/strong>, uno de los padres de la rep\u00fablica italiana, de la Europa unida y l\u00edder de la democracia cristiana. Y hace suya una frase: \u00bb\u00a0<em>el funcionamiento de la democracia econ\u00f3mica requiere desinter\u00e9s, el de la democracia pol\u00edtica presupone la virtud del car\u00e1cter\u00bb<\/em>\u00a0. En lugar de apelar a s\u00edmbolos comunes, S\u00e1nchez se limita, por un lado, al estereotipo de exigir \u00abarrimar el hombro\u00bb, que ciertamente no es una frase a la altura del momento hist\u00f3rico, y al mismo tiempo\u00a0<strong>exacerba las divisiones pol\u00edticas <\/strong>con leyes muy ideol\u00f3gicas y conflictivas.\u00a0Son un ejemplo el enfoque dado por la ministra Cela\u00e1 a la educaci\u00f3n, carg\u00e1ndose la ense\u00f1anza concertada, y la a\u00fan m\u00e1s marginada, clase de religi\u00f3n, la legalizaci\u00f3n de la eutanasia y la imposici\u00f3n de la ideolog\u00eda de g\u00e9nero por doquier. <strong>Draghi no hace nada de eso<\/strong>\u00a0y concentra toda la atenci\u00f3n y esfuerzos en los objetivos de la recuperaci\u00f3n para tejer en torno a ellos la m\u00e1xima unidad.\u00a0La diferencia es total.\u00a0Draghi sirve a los intereses de Italia y de los italianos con los fondos de reconstrucci\u00f3n. <strong>S\u00e1nchez quiere utilizar el fondo de reconstrucci\u00f3n para consolidar una determinada ideolog\u00eda partidista<\/strong>.\u00a0Nada que ver.<\/li>\n<li><strong>Reformas<\/strong>.\u00a0Tambi\u00e9n aqu\u00ed hay sustanciales diferencias.\u00a0Citadas de manera sucinta, pueden se\u00f1alarse:\n<ol>\n<li>Reducir\u00e1 impuestos en lugar de aumentarlos.<\/li>\n<li>Simplificar\u00e1 la burocracia administrativa;\u00a0<span class=\"\">S\u00e1nchez ni habla.<\/span><\/li>\n<li>Reducir\u00e1 el gran retraso en la resoluci\u00f3n de casos que presenta la justicia, un problema que tambi\u00e9n sufre Espa\u00f1a y que tiene graves consecuencias econ\u00f3micas, y que S\u00e1nchez a estas alturas ha descuidado.<\/li>\n<li>Aumentar\u00e1 la competencia para conseguir mejores servicios p\u00fablicos; aqu\u00ed se ignora el prop\u00f3sito concreto del gobierno<\/li>\n<li>Enfoca resolutivament el problema de las pensiones que en Espa\u00f1a sigue colgado de la brocha y sin escalera.<\/li>\n<\/ol>\n<\/li>\n<\/ol>\n<div id=\"polls-101\" class=\"wp-polls\">\n\t<form id=\"polls_form_101\" class=\"wp-polls-form\" action=\"\/index.php\" method=\"post\">\n\t\t<p style=\"display: none;\"><input type=\"hidden\" id=\"poll_101_nonce\" name=\"wp-polls-nonce\" value=\"6157ddd443\" \/><\/p>\n\t\t<p style=\"display: none;\"><input type=\"hidden\" name=\"poll_id\" value=\"101\" \/><\/p>\n\t\t<p style=\"text-align: center\"><strong>Creus que els partits pol\u00edtics han de practicar cordons sanitaris contra altres partits amb representaci\u00f3 parlament\u00e0ria?<\/strong><\/p><div id=\"polls-101-ans\" class=\"wp-polls-ans\"><ul class=\"wp-polls-ul\">\n\t\t<li><input type=\"radio\" id=\"poll-answer-237\" name=\"poll_101\" value=\"237\" \/> <label for=\"poll-answer-237\">Si<\/label><\/li>\n\t\t<li><input type=\"radio\" id=\"poll-answer-238\" name=\"poll_101\" value=\"238\" \/> <label for=\"poll-answer-238\">No<\/label><\/li>\n\t\t<\/ul><p style=\"text-align: center\"><input type=\"button\" name=\"vote\" value=\"   Vota   \" class=\"Buttons\" onclick=\"poll_vote(101);\" \/><\/p><p style=\"text-align: center\"><a href=\"#ViewPollResults\" onclick=\"poll_result(101); return false;\" title=\"View Results Of This Poll\">Mira els resultats<\/a><\/p><\/div>\n\t<\/form>\n<\/div>\n<div id=\"polls-101-loading\" class=\"wp-polls-loading\"><img decoding=\"async\" data-src=\"https:\/\/conversesacatalunya.cat\/wp-content\/plugins\/wp-polls\/images\/loading.gif\" width=\"16\" height=\"16\" alt=\"Cargando ...\" title=\"Cargando ...\" class=\"wp-polls-image lazyload\" src=\"data:image\/svg+xml;base64,PHN2ZyB3aWR0aD0iMSIgaGVpZ2h0PSIxIiB4bWxucz0iaHR0cDovL3d3dy53My5vcmcvMjAwMC9zdmciPjwvc3ZnPg==\" style=\"--smush-placeholder-width: 16px; --smush-placeholder-aspect-ratio: 16\/16;\" \/>&nbsp;Cargando ...<\/div>\n\n<p>&nbsp;<\/p>\n","protected":false},"excerpt":{"rendered":"<p>Draghi ha quedado consagrado como\u00a0el interlocutor de referencia en la Uni\u00f3n Europea dejando en una tercera posici\u00f3n a S\u00e1nchez, y lo ha hecho, no a trav\u00e9s de pactos y maniobras pol\u00edticas, como el presidente espa\u00f1ol intenta, ahora inclin\u00e1ndose con los holandeses, ahora con los belgas, con operaciones que no tienen recorrido, sino a base\u00a0del plan que ha presentado y la forma c\u00f3mo lo llevar\u00e1 a cabo. Las diferencias con Espa\u00f1a son astron\u00f3micas. Y estas son las principales: Invertir\u00e1 mucho m\u00e1s de lo que le corresponde.\u00a0Mientras que S\u00e1nchez se limita a los 140.000 millones de euros (la mitad en subvenciones y la otra mitad en cr\u00e9dito blando del fondo de reconstrucci\u00f3n), Draghi eleva hasta 248.000 millones la cifra de 191.500 millones que le corresponde del fondo de reconstrucci\u00f3n, a fuerza de a\u00f1adir 36.000 millones m\u00e1s de un plan nacional complementario, que en Espa\u00f1a no existe, y de 15.500 millones de los fondos de desarrollo y cohesi\u00f3n. Draghi se moja y\u00a0define el impacto econ\u00f3mico\u00a0que tendr\u00e1 todo ello en el crecimiento del PIB italiano: 16 puntos en 6 a\u00f1os, una cifra muy buena por lo que ha sido hasta ahora la din\u00e1mica econ\u00f3mica italiana.\u00a0S\u00e1nchez en ninguna de sus reiteradas presentaciones ha definido cu\u00e1l piensa que ser\u00e1 el impacto en el caso de Espa\u00f1a. Decisivo: el plan italiano no es s\u00f3lo muy detallado, sino que\u00a0ha sido\u00a0entregado a los parlamentarios\u00a0y estar\u00e1 sometido al\u00a0control legislativo. Esta es una diferencia radical con Espa\u00f1a, que lleva adelante un proyecto tan importante con un perfecto desconocimiento de su contenido por parte del Congreso de Diputados. S\u00f3lo se explica, a grandes rasgos, con lo que se gastar\u00e1, pero no c\u00f3mo, ni la repercusi\u00f3n que tendr\u00e1, y sobre todo hurta el control del Parlamento. Draghi, que no es un pol\u00edtico pero s\u00ed que se est\u00e1 mostrando como un estadista, hace un discurso profundo, muy alejado del marketing de Iv\u00e1n Redondo, para se\u00f1alar la importancia hist\u00f3rica del momento y\u00a0llamar a la unidad. Cita como referencia\u00a0Alcide De Gasperi, uno de los padres de la rep\u00fablica italiana, de la Europa unida y l\u00edder de la democracia cristiana. Y hace suya una frase: \u00bb\u00a0el funcionamiento de la democracia econ\u00f3mica requiere desinter\u00e9s, el de la democracia pol\u00edtica presupone la virtud del car\u00e1cter\u00bb\u00a0. En lugar de apelar a s\u00edmbolos comunes, S\u00e1nchez se limita, por un lado, al estereotipo de exigir \u00abarrimar el hombro\u00bb, que ciertamente no es una frase a la altura del momento hist\u00f3rico, y al mismo tiempo\u00a0exacerba las divisiones pol\u00edticas con leyes muy ideol\u00f3gicas y conflictivas.\u00a0Son un ejemplo el enfoque dado por la ministra Cela\u00e1 a la educaci\u00f3n, carg\u00e1ndose la ense\u00f1anza concertada, y la a\u00fan m\u00e1s marginada, clase de religi\u00f3n, la legalizaci\u00f3n de la eutanasia y la imposici\u00f3n de la ideolog\u00eda de g\u00e9nero por doquier. Draghi no hace nada de eso\u00a0y concentra toda la atenci\u00f3n y esfuerzos en los objetivos de la recuperaci\u00f3n para tejer en torno a ellos la m\u00e1xima unidad.\u00a0La diferencia es total.\u00a0Draghi sirve a los intereses de Italia y de los italianos con los fondos de reconstrucci\u00f3n. S\u00e1nchez quiere utilizar el fondo de reconstrucci\u00f3n para consolidar una determinada ideolog\u00eda partidista.\u00a0Nada que ver. Reformas.\u00a0Tambi\u00e9n aqu\u00ed hay sustanciales diferencias.\u00a0Citadas de manera sucinta, pueden se\u00f1alarse: Reducir\u00e1 impuestos en lugar de aumentarlos. Simplificar\u00e1 la burocracia administrativa;\u00a0S\u00e1nchez ni habla. Reducir\u00e1 el gran retraso en la resoluci\u00f3n de casos que presenta la justicia, un problema que tambi\u00e9n sufre Espa\u00f1a y que tiene graves consecuencias econ\u00f3micas, y que S\u00e1nchez a estas alturas ha descuidado. Aumentar\u00e1 la competencia para conseguir mejores servicios p\u00fablicos; aqu\u00ed se ignora el prop\u00f3sito concreto del gobierno Enfoca resolutivament el problema de las pensiones que en Espa\u00f1a sigue colgado de la brocha y sin escalera. &nbsp;<\/p>\n","protected":false},"author":2,"featured_media":47445,"comment_status":"open","ping_status":"open","sticky":false,"template":"","format":"standard","meta":{"_FSMCFIC_featured_image_caption":"","_FSMCFIC_featured_image_nocaption":"","_FSMCFIC_featured_image_hide":"","footnotes":""},"categories":[1772,806],"tags":[2571,2572],"class_list":["post-47448","post","type-post","status-publish","format-standard","has-post-thumbnail","hentry","category-especial-coronavirus-es","category-punts-claus-del-dia-es","tag-pla-de-recuperacio-es","tag-plan-de-recuperacion"],"yoast_head":"<!-- This site is optimized with the Yoast SEO plugin v26.8 - https:\/\/yoast.com\/product\/yoast-seo-wordpress\/ -->\n<title>Draghi y S\u00e1nchez. El italiano gana prestigio en Europa ense\u00f1ando c\u00f3mo se hace el plan de recuperaci\u00f3n - Converses a Catalunya<\/title>\n<meta name=\"robots\" content=\"index, follow, max-snippet:-1, max-image-preview:large, max-video-preview:-1\" \/>\n<link rel=\"canonical\" href=\"https:\/\/conversesacatalunya.cat\/es\/draghi-plan-de-recuperacion\/\" \/>\n<meta property=\"og:locale\" content=\"es_ES\" \/>\n<meta property=\"og:type\" content=\"article\" \/>\n<meta property=\"og:title\" content=\"Draghi y S\u00e1nchez. El italiano gana prestigio en Europa ense\u00f1ando c\u00f3mo se hace el plan de recuperaci\u00f3n - Converses a Catalunya\" \/>\n<meta property=\"og:description\" content=\"Draghi ha quedado consagrado como\u00a0el interlocutor de referencia en la Uni\u00f3n Europea dejando en una tercera posici\u00f3n a S\u00e1nchez, y lo ha hecho, no a trav\u00e9s de pactos y maniobras pol\u00edticas, como el presidente espa\u00f1ol intenta, ahora inclin\u00e1ndose con los holandeses, ahora con los belgas, con operaciones que no tienen recorrido, sino a base\u00a0del plan que ha presentado y la forma c\u00f3mo lo llevar\u00e1 a cabo. Las diferencias con Espa\u00f1a son astron\u00f3micas. Y estas son las principales: Invertir\u00e1 mucho m\u00e1s de lo que le corresponde.\u00a0Mientras que S\u00e1nchez se limita a los 140.000 millones de euros (la mitad en subvenciones y la otra mitad en cr\u00e9dito blando del fondo de reconstrucci\u00f3n), Draghi eleva hasta 248.000 millones la cifra de 191.500 millones que le corresponde del fondo de reconstrucci\u00f3n, a fuerza de a\u00f1adir 36.000 millones m\u00e1s de un plan nacional complementario, que en Espa\u00f1a no existe, y de 15.500 millones de los fondos de desarrollo y cohesi\u00f3n. Draghi se moja y\u00a0define el impacto econ\u00f3mico\u00a0que tendr\u00e1 todo ello en el crecimiento del PIB italiano: 16 puntos en 6 a\u00f1os, una cifra muy buena por lo que ha sido hasta ahora la din\u00e1mica econ\u00f3mica italiana.\u00a0S\u00e1nchez en ninguna de sus reiteradas presentaciones ha definido cu\u00e1l piensa que ser\u00e1 el impacto en el caso de Espa\u00f1a. Decisivo: el plan italiano no es s\u00f3lo muy detallado, sino que\u00a0ha sido\u00a0entregado a los parlamentarios\u00a0y estar\u00e1 sometido al\u00a0control legislativo. Esta es una diferencia radical con Espa\u00f1a, que lleva adelante un proyecto tan importante con un perfecto desconocimiento de su contenido por parte del Congreso de Diputados. S\u00f3lo se explica, a grandes rasgos, con lo que se gastar\u00e1, pero no c\u00f3mo, ni la repercusi\u00f3n que tendr\u00e1, y sobre todo hurta el control del Parlamento. Draghi, que no es un pol\u00edtico pero s\u00ed que se est\u00e1 mostrando como un estadista, hace un discurso profundo, muy alejado del marketing de Iv\u00e1n Redondo, para se\u00f1alar la importancia hist\u00f3rica del momento y\u00a0llamar a la unidad. Cita como referencia\u00a0Alcide De Gasperi, uno de los padres de la rep\u00fablica italiana, de la Europa unida y l\u00edder de la democracia cristiana. Y hace suya una frase: \u00bb\u00a0el funcionamiento de la democracia econ\u00f3mica requiere desinter\u00e9s, el de la democracia pol\u00edtica presupone la virtud del car\u00e1cter\u00bb\u00a0. En lugar de apelar a s\u00edmbolos comunes, S\u00e1nchez se limita, por un lado, al estereotipo de exigir \u00abarrimar el hombro\u00bb, que ciertamente no es una frase a la altura del momento hist\u00f3rico, y al mismo tiempo\u00a0exacerba las divisiones pol\u00edticas con leyes muy ideol\u00f3gicas y conflictivas.\u00a0Son un ejemplo el enfoque dado por la ministra Cela\u00e1 a la educaci\u00f3n, carg\u00e1ndose la ense\u00f1anza concertada, y la a\u00fan m\u00e1s marginada, clase de religi\u00f3n, la legalizaci\u00f3n de la eutanasia y la imposici\u00f3n de la ideolog\u00eda de g\u00e9nero por doquier. Draghi no hace nada de eso\u00a0y concentra toda la atenci\u00f3n y esfuerzos en los objetivos de la recuperaci\u00f3n para tejer en torno a ellos la m\u00e1xima unidad.\u00a0La diferencia es total.\u00a0Draghi sirve a los intereses de Italia y de los italianos con los fondos de reconstrucci\u00f3n. S\u00e1nchez quiere utilizar el fondo de reconstrucci\u00f3n para consolidar una determinada ideolog\u00eda partidista.\u00a0Nada que ver. Reformas.\u00a0Tambi\u00e9n aqu\u00ed hay sustanciales diferencias.\u00a0Citadas de manera sucinta, pueden se\u00f1alarse: Reducir\u00e1 impuestos en lugar de aumentarlos. Simplificar\u00e1 la burocracia administrativa;\u00a0S\u00e1nchez ni habla. Reducir\u00e1 el gran retraso en la resoluci\u00f3n de casos que presenta la justicia, un problema que tambi\u00e9n sufre Espa\u00f1a y que tiene graves consecuencias econ\u00f3micas, y que S\u00e1nchez a estas alturas ha descuidado. Aumentar\u00e1 la competencia para conseguir mejores servicios p\u00fablicos; aqu\u00ed se ignora el prop\u00f3sito concreto del gobierno Enfoca resolutivament el problema de las pensiones que en Espa\u00f1a sigue colgado de la brocha y sin escalera. &nbsp;\" \/>\n<meta property=\"og:url\" content=\"https:\/\/conversesacatalunya.cat\/es\/draghi-plan-de-recuperacion\/\" \/>\n<meta property=\"og:site_name\" content=\"Converses a Catalunya\" \/>\n<meta property=\"article:published_time\" content=\"2021-04-27T11:00:30+00:00\" \/>\n<meta property=\"article:modified_time\" content=\"2021-04-27T13:14:11+00:00\" \/>\n<meta property=\"og:image\" content=\"https:\/\/conversesacatalunya.cat\/wp-content\/uploads\/2021\/04\/draghi.jpg\" \/>\n\t<meta property=\"og:image:width\" content=\"744\" \/>\n\t<meta property=\"og:image:height\" content=\"446\" \/>\n\t<meta property=\"og:image:type\" content=\"image\/jpeg\" \/>\n<meta name=\"author\" content=\"conversesacatalunya\" \/>\n<meta name=\"twitter:card\" content=\"summary_large_image\" \/>\n<meta name=\"twitter:label1\" content=\"Escrito por\" \/>\n\t<meta name=\"twitter:data1\" content=\"conversesacatalunya\" \/>\n\t<meta name=\"twitter:label2\" content=\"Tiempo de lectura\" \/>\n\t<meta name=\"twitter:data2\" content=\"3 minutos\" \/>\n<script type=\"application\/ld+json\" class=\"yoast-schema-graph\">{\"@context\":\"https:\/\/schema.org\",\"@graph\":[{\"@type\":\"Article\",\"@id\":\"https:\/\/conversesacatalunya.cat\/es\/draghi-plan-de-recuperacion\/#article\",\"isPartOf\":{\"@id\":\"https:\/\/conversesacatalunya.cat\/es\/draghi-plan-de-recuperacion\/\"},\"author\":{\"name\":\"conversesacatalunya\",\"@id\":\"https:\/\/conversesacatalunya.cat\/#\/schema\/person\/7e24d1e54a2785373ddcb275eae5ed99\"},\"headline\":\"Draghi y S\u00e1nchez. El italiano gana prestigio en Europa ense\u00f1ando c\u00f3mo se hace el plan de recuperaci\u00f3n\",\"datePublished\":\"2021-04-27T11:00:30+00:00\",\"dateModified\":\"2021-04-27T13:14:11+00:00\",\"mainEntityOfPage\":{\"@id\":\"https:\/\/conversesacatalunya.cat\/es\/draghi-plan-de-recuperacion\/\"},\"wordCount\":711,\"commentCount\":2,\"image\":{\"@id\":\"https:\/\/conversesacatalunya.cat\/es\/draghi-plan-de-recuperacion\/#primaryimage\"},\"thumbnailUrl\":\"https:\/\/conversesacatalunya.cat\/wp-content\/uploads\/2021\/04\/draghi.jpg\",\"keywords\":[\"pla de recuperaci\u00f3\",\"Plan de recuperaci\u00f3n\"],\"articleSection\":[\"Especial Coronavirus (ES)\",\"Punts clau del dia (ES)\"],\"inLanguage\":\"es\",\"potentialAction\":[{\"@type\":\"CommentAction\",\"name\":\"Comment\",\"target\":[\"https:\/\/conversesacatalunya.cat\/es\/draghi-plan-de-recuperacion\/#respond\"]}]},{\"@type\":\"WebPage\",\"@id\":\"https:\/\/conversesacatalunya.cat\/es\/draghi-plan-de-recuperacion\/\",\"url\":\"https:\/\/conversesacatalunya.cat\/es\/draghi-plan-de-recuperacion\/\",\"name\":\"Draghi y S\u00e1nchez. El italiano gana prestigio en Europa ense\u00f1ando c\u00f3mo se hace el plan de recuperaci\u00f3n - Converses a Catalunya\",\"isPartOf\":{\"@id\":\"https:\/\/conversesacatalunya.cat\/#website\"},\"primaryImageOfPage\":{\"@id\":\"https:\/\/conversesacatalunya.cat\/es\/draghi-plan-de-recuperacion\/#primaryimage\"},\"image\":{\"@id\":\"https:\/\/conversesacatalunya.cat\/es\/draghi-plan-de-recuperacion\/#primaryimage\"},\"thumbnailUrl\":\"https:\/\/conversesacatalunya.cat\/wp-content\/uploads\/2021\/04\/draghi.jpg\",\"datePublished\":\"2021-04-27T11:00:30+00:00\",\"dateModified\":\"2021-04-27T13:14:11+00:00\",\"author\":{\"@id\":\"https:\/\/conversesacatalunya.cat\/#\/schema\/person\/7e24d1e54a2785373ddcb275eae5ed99\"},\"breadcrumb\":{\"@id\":\"https:\/\/conversesacatalunya.cat\/es\/draghi-plan-de-recuperacion\/#breadcrumb\"},\"inLanguage\":\"es\",\"potentialAction\":[{\"@type\":\"ReadAction\",\"target\":[\"https:\/\/conversesacatalunya.cat\/es\/draghi-plan-de-recuperacion\/\"]}]},{\"@type\":\"ImageObject\",\"inLanguage\":\"es\",\"@id\":\"https:\/\/conversesacatalunya.cat\/es\/draghi-plan-de-recuperacion\/#primaryimage\",\"url\":\"https:\/\/conversesacatalunya.cat\/wp-content\/uploads\/2021\/04\/draghi.jpg\",\"contentUrl\":\"https:\/\/conversesacatalunya.cat\/wp-content\/uploads\/2021\/04\/draghi.jpg\",\"width\":744,\"height\":446,\"caption\":\"draghi\"},{\"@type\":\"BreadcrumbList\",\"@id\":\"https:\/\/conversesacatalunya.cat\/es\/draghi-plan-de-recuperacion\/#breadcrumb\",\"itemListElement\":[{\"@type\":\"ListItem\",\"position\":1,\"name\":\"Inici\",\"item\":\"https:\/\/conversesacatalunya.cat\/es\/\"},{\"@type\":\"ListItem\",\"position\":2,\"name\":\"Draghi y S\u00e1nchez. El italiano gana prestigio en Europa ense\u00f1ando c\u00f3mo se hace el plan de recuperaci\u00f3n\"}]},{\"@type\":\"WebSite\",\"@id\":\"https:\/\/conversesacatalunya.cat\/#website\",\"url\":\"https:\/\/conversesacatalunya.cat\/\",\"name\":\"Converses a Catalunya\",\"description\":\"\",\"potentialAction\":[{\"@type\":\"SearchAction\",\"target\":{\"@type\":\"EntryPoint\",\"urlTemplate\":\"https:\/\/conversesacatalunya.cat\/?s={search_term_string}\"},\"query-input\":{\"@type\":\"PropertyValueSpecification\",\"valueRequired\":true,\"valueName\":\"search_term_string\"}}],\"inLanguage\":\"es\"},{\"@type\":\"Person\",\"@id\":\"https:\/\/conversesacatalunya.cat\/#\/schema\/person\/7e24d1e54a2785373ddcb275eae5ed99\",\"name\":\"conversesacatalunya\",\"image\":{\"@type\":\"ImageObject\",\"inLanguage\":\"es\",\"@id\":\"https:\/\/conversesacatalunya.cat\/#\/schema\/person\/image\/\",\"url\":\"https:\/\/conversesacatalunya.cat\/wp-content\/litespeed\/avatar\/febdfeeec89d950f01c748045a981dd2.jpg?ver=1777314535\",\"contentUrl\":\"https:\/\/conversesacatalunya.cat\/wp-content\/litespeed\/avatar\/febdfeeec89d950f01c748045a981dd2.jpg?ver=1777314535\",\"caption\":\"conversesacatalunya\"},\"url\":\"https:\/\/conversesacatalunya.cat\/es\/author\/carme_catala\/\"}]}<\/script>\n<!-- \/ Yoast SEO plugin. -->","yoast_head_json":{"title":"Draghi y S\u00e1nchez. El italiano gana prestigio en Europa ense\u00f1ando c\u00f3mo se hace el plan de recuperaci\u00f3n - Converses a Catalunya","robots":{"index":"index","follow":"follow","max-snippet":"max-snippet:-1","max-image-preview":"max-image-preview:large","max-video-preview":"max-video-preview:-1"},"canonical":"https:\/\/conversesacatalunya.cat\/es\/draghi-plan-de-recuperacion\/","og_locale":"es_ES","og_type":"article","og_title":"Draghi y S\u00e1nchez. El italiano gana prestigio en Europa ense\u00f1ando c\u00f3mo se hace el plan de recuperaci\u00f3n - Converses a Catalunya","og_description":"Draghi ha quedado consagrado como\u00a0el interlocutor de referencia en la Uni\u00f3n Europea dejando en una tercera posici\u00f3n a S\u00e1nchez, y lo ha hecho, no a trav\u00e9s de pactos y maniobras pol\u00edticas, como el presidente espa\u00f1ol intenta, ahora inclin\u00e1ndose con los holandeses, ahora con los belgas, con operaciones que no tienen recorrido, sino a base\u00a0del plan que ha presentado y la forma c\u00f3mo lo llevar\u00e1 a cabo. Las diferencias con Espa\u00f1a son astron\u00f3micas. Y estas son las principales: Invertir\u00e1 mucho m\u00e1s de lo que le corresponde.\u00a0Mientras que S\u00e1nchez se limita a los 140.000 millones de euros (la mitad en subvenciones y la otra mitad en cr\u00e9dito blando del fondo de reconstrucci\u00f3n), Draghi eleva hasta 248.000 millones la cifra de 191.500 millones que le corresponde del fondo de reconstrucci\u00f3n, a fuerza de a\u00f1adir 36.000 millones m\u00e1s de un plan nacional complementario, que en Espa\u00f1a no existe, y de 15.500 millones de los fondos de desarrollo y cohesi\u00f3n. Draghi se moja y\u00a0define el impacto econ\u00f3mico\u00a0que tendr\u00e1 todo ello en el crecimiento del PIB italiano: 16 puntos en 6 a\u00f1os, una cifra muy buena por lo que ha sido hasta ahora la din\u00e1mica econ\u00f3mica italiana.\u00a0S\u00e1nchez en ninguna de sus reiteradas presentaciones ha definido cu\u00e1l piensa que ser\u00e1 el impacto en el caso de Espa\u00f1a. Decisivo: el plan italiano no es s\u00f3lo muy detallado, sino que\u00a0ha sido\u00a0entregado a los parlamentarios\u00a0y estar\u00e1 sometido al\u00a0control legislativo. Esta es una diferencia radical con Espa\u00f1a, que lleva adelante un proyecto tan importante con un perfecto desconocimiento de su contenido por parte del Congreso de Diputados. S\u00f3lo se explica, a grandes rasgos, con lo que se gastar\u00e1, pero no c\u00f3mo, ni la repercusi\u00f3n que tendr\u00e1, y sobre todo hurta el control del Parlamento. Draghi, que no es un pol\u00edtico pero s\u00ed que se est\u00e1 mostrando como un estadista, hace un discurso profundo, muy alejado del marketing de Iv\u00e1n Redondo, para se\u00f1alar la importancia hist\u00f3rica del momento y\u00a0llamar a la unidad. Cita como referencia\u00a0Alcide De Gasperi, uno de los padres de la rep\u00fablica italiana, de la Europa unida y l\u00edder de la democracia cristiana. Y hace suya una frase: \u00bb\u00a0el funcionamiento de la democracia econ\u00f3mica requiere desinter\u00e9s, el de la democracia pol\u00edtica presupone la virtud del car\u00e1cter\u00bb\u00a0. En lugar de apelar a s\u00edmbolos comunes, S\u00e1nchez se limita, por un lado, al estereotipo de exigir \u00abarrimar el hombro\u00bb, que ciertamente no es una frase a la altura del momento hist\u00f3rico, y al mismo tiempo\u00a0exacerba las divisiones pol\u00edticas con leyes muy ideol\u00f3gicas y conflictivas.\u00a0Son un ejemplo el enfoque dado por la ministra Cela\u00e1 a la educaci\u00f3n, carg\u00e1ndose la ense\u00f1anza concertada, y la a\u00fan m\u00e1s marginada, clase de religi\u00f3n, la legalizaci\u00f3n de la eutanasia y la imposici\u00f3n de la ideolog\u00eda de g\u00e9nero por doquier. Draghi no hace nada de eso\u00a0y concentra toda la atenci\u00f3n y esfuerzos en los objetivos de la recuperaci\u00f3n para tejer en torno a ellos la m\u00e1xima unidad.\u00a0La diferencia es total.\u00a0Draghi sirve a los intereses de Italia y de los italianos con los fondos de reconstrucci\u00f3n. S\u00e1nchez quiere utilizar el fondo de reconstrucci\u00f3n para consolidar una determinada ideolog\u00eda partidista.\u00a0Nada que ver. Reformas.\u00a0Tambi\u00e9n aqu\u00ed hay sustanciales diferencias.\u00a0Citadas de manera sucinta, pueden se\u00f1alarse: Reducir\u00e1 impuestos en lugar de aumentarlos. Simplificar\u00e1 la burocracia administrativa;\u00a0S\u00e1nchez ni habla. Reducir\u00e1 el gran retraso en la resoluci\u00f3n de casos que presenta la justicia, un problema que tambi\u00e9n sufre Espa\u00f1a y que tiene graves consecuencias econ\u00f3micas, y que S\u00e1nchez a estas alturas ha descuidado. Aumentar\u00e1 la competencia para conseguir mejores servicios p\u00fablicos; aqu\u00ed se ignora el prop\u00f3sito concreto del gobierno Enfoca resolutivament el problema de las pensiones que en Espa\u00f1a sigue colgado de la brocha y sin escalera. &nbsp;","og_url":"https:\/\/conversesacatalunya.cat\/es\/draghi-plan-de-recuperacion\/","og_site_name":"Converses a Catalunya","article_published_time":"2021-04-27T11:00:30+00:00","article_modified_time":"2021-04-27T13:14:11+00:00","og_image":[{"width":744,"height":446,"url":"https:\/\/conversesacatalunya.cat\/wp-content\/uploads\/2021\/04\/draghi.jpg","type":"image\/jpeg"}],"author":"conversesacatalunya","twitter_card":"summary_large_image","twitter_misc":{"Escrito por":"conversesacatalunya","Tiempo de lectura":"3 minutos"},"schema":{"@context":"https:\/\/schema.org","@graph":[{"@type":"Article","@id":"https:\/\/conversesacatalunya.cat\/es\/draghi-plan-de-recuperacion\/#article","isPartOf":{"@id":"https:\/\/conversesacatalunya.cat\/es\/draghi-plan-de-recuperacion\/"},"author":{"name":"conversesacatalunya","@id":"https:\/\/conversesacatalunya.cat\/#\/schema\/person\/7e24d1e54a2785373ddcb275eae5ed99"},"headline":"Draghi y S\u00e1nchez. El italiano gana prestigio en Europa ense\u00f1ando c\u00f3mo se hace el plan de recuperaci\u00f3n","datePublished":"2021-04-27T11:00:30+00:00","dateModified":"2021-04-27T13:14:11+00:00","mainEntityOfPage":{"@id":"https:\/\/conversesacatalunya.cat\/es\/draghi-plan-de-recuperacion\/"},"wordCount":711,"commentCount":2,"image":{"@id":"https:\/\/conversesacatalunya.cat\/es\/draghi-plan-de-recuperacion\/#primaryimage"},"thumbnailUrl":"https:\/\/conversesacatalunya.cat\/wp-content\/uploads\/2021\/04\/draghi.jpg","keywords":["pla de recuperaci\u00f3","Plan de recuperaci\u00f3n"],"articleSection":["Especial Coronavirus (ES)","Punts clau del dia (ES)"],"inLanguage":"es","potentialAction":[{"@type":"CommentAction","name":"Comment","target":["https:\/\/conversesacatalunya.cat\/es\/draghi-plan-de-recuperacion\/#respond"]}]},{"@type":"WebPage","@id":"https:\/\/conversesacatalunya.cat\/es\/draghi-plan-de-recuperacion\/","url":"https:\/\/conversesacatalunya.cat\/es\/draghi-plan-de-recuperacion\/","name":"Draghi y S\u00e1nchez. El italiano gana prestigio en Europa ense\u00f1ando c\u00f3mo se hace el plan de recuperaci\u00f3n - Converses a Catalunya","isPartOf":{"@id":"https:\/\/conversesacatalunya.cat\/#website"},"primaryImageOfPage":{"@id":"https:\/\/conversesacatalunya.cat\/es\/draghi-plan-de-recuperacion\/#primaryimage"},"image":{"@id":"https:\/\/conversesacatalunya.cat\/es\/draghi-plan-de-recuperacion\/#primaryimage"},"thumbnailUrl":"https:\/\/conversesacatalunya.cat\/wp-content\/uploads\/2021\/04\/draghi.jpg","datePublished":"2021-04-27T11:00:30+00:00","dateModified":"2021-04-27T13:14:11+00:00","author":{"@id":"https:\/\/conversesacatalunya.cat\/#\/schema\/person\/7e24d1e54a2785373ddcb275eae5ed99"},"breadcrumb":{"@id":"https:\/\/conversesacatalunya.cat\/es\/draghi-plan-de-recuperacion\/#breadcrumb"},"inLanguage":"es","potentialAction":[{"@type":"ReadAction","target":["https:\/\/conversesacatalunya.cat\/es\/draghi-plan-de-recuperacion\/"]}]},{"@type":"ImageObject","inLanguage":"es","@id":"https:\/\/conversesacatalunya.cat\/es\/draghi-plan-de-recuperacion\/#primaryimage","url":"https:\/\/conversesacatalunya.cat\/wp-content\/uploads\/2021\/04\/draghi.jpg","contentUrl":"https:\/\/conversesacatalunya.cat\/wp-content\/uploads\/2021\/04\/draghi.jpg","width":744,"height":446,"caption":"draghi"},{"@type":"BreadcrumbList","@id":"https:\/\/conversesacatalunya.cat\/es\/draghi-plan-de-recuperacion\/#breadcrumb","itemListElement":[{"@type":"ListItem","position":1,"name":"Inici","item":"https:\/\/conversesacatalunya.cat\/es\/"},{"@type":"ListItem","position":2,"name":"Draghi y S\u00e1nchez. El italiano gana prestigio en Europa ense\u00f1ando c\u00f3mo se hace el plan de recuperaci\u00f3n"}]},{"@type":"WebSite","@id":"https:\/\/conversesacatalunya.cat\/#website","url":"https:\/\/conversesacatalunya.cat\/","name":"Converses a Catalunya","description":"","potentialAction":[{"@type":"SearchAction","target":{"@type":"EntryPoint","urlTemplate":"https:\/\/conversesacatalunya.cat\/?s={search_term_string}"},"query-input":{"@type":"PropertyValueSpecification","valueRequired":true,"valueName":"search_term_string"}}],"inLanguage":"es"},{"@type":"Person","@id":"https:\/\/conversesacatalunya.cat\/#\/schema\/person\/7e24d1e54a2785373ddcb275eae5ed99","name":"conversesacatalunya","image":{"@type":"ImageObject","inLanguage":"es","@id":"https:\/\/conversesacatalunya.cat\/#\/schema\/person\/image\/","url":"https:\/\/conversesacatalunya.cat\/wp-content\/litespeed\/avatar\/febdfeeec89d950f01c748045a981dd2.jpg?ver=1777314535","contentUrl":"https:\/\/conversesacatalunya.cat\/wp-content\/litespeed\/avatar\/febdfeeec89d950f01c748045a981dd2.jpg?ver=1777314535","caption":"conversesacatalunya"},"url":"https:\/\/conversesacatalunya.cat\/es\/author\/carme_catala\/"}]}},"wps_subtitle":"","_links":{"self":[{"href":"https:\/\/conversesacatalunya.cat\/es\/wp-json\/wp\/v2\/posts\/47448","targetHints":{"allow":["GET"]}}],"collection":[{"href":"https:\/\/conversesacatalunya.cat\/es\/wp-json\/wp\/v2\/posts"}],"about":[{"href":"https:\/\/conversesacatalunya.cat\/es\/wp-json\/wp\/v2\/types\/post"}],"author":[{"embeddable":true,"href":"https:\/\/conversesacatalunya.cat\/es\/wp-json\/wp\/v2\/users\/2"}],"replies":[{"embeddable":true,"href":"https:\/\/conversesacatalunya.cat\/es\/wp-json\/wp\/v2\/comments?post=47448"}],"version-history":[{"count":3,"href":"https:\/\/conversesacatalunya.cat\/es\/wp-json\/wp\/v2\/posts\/47448\/revisions"}],"predecessor-version":[{"id":47451,"href":"https:\/\/conversesacatalunya.cat\/es\/wp-json\/wp\/v2\/posts\/47448\/revisions\/47451"}],"wp:featuredmedia":[{"embeddable":true,"href":"https:\/\/conversesacatalunya.cat\/es\/wp-json\/wp\/v2\/media\/47445"}],"wp:attachment":[{"href":"https:\/\/conversesacatalunya.cat\/es\/wp-json\/wp\/v2\/media?parent=47448"}],"wp:term":[{"taxonomy":"category","embeddable":true,"href":"https:\/\/conversesacatalunya.cat\/es\/wp-json\/wp\/v2\/categories?post=47448"},{"taxonomy":"post_tag","embeddable":true,"href":"https:\/\/conversesacatalunya.cat\/es\/wp-json\/wp\/v2\/tags?post=47448"}],"curies":[{"name":"wp","href":"https:\/\/api.w.org\/{rel}","templated":true}]}}