{"id":47435,"date":"2021-04-27T12:30:20","date_gmt":"2021-04-27T10:30:20","guid":{"rendered":"https:\/\/conversesacatalunya.cat\/les-lleis-i-els-drets-humans\/"},"modified":"2021-04-27T12:43:55","modified_gmt":"2021-04-27T10:43:55","slug":"las-leyes-y-los-derechos-humanos","status":"publish","type":"post","link":"https:\/\/conversesacatalunya.cat\/es\/las-leyes-y-los-derechos-humanos\/","title":{"rendered":"Las leyes y los derechos humanos"},"content":{"rendered":"<p><span>Dos ma\u00f1anas a la semana viene a ayudarnos en las tareas dom\u00e9sticas.\u00a0<\/span><strong><span><span class=\"goog-text-highlight\">Lleva ya cinco a\u00f1os aqu\u00ed desde que vino de su Bolivia natal<\/span><\/span><\/strong><span><span class=\"goog-text-highlight\">.\u00a0<\/span>Su hija mayor, con los dos hermanos m\u00e1s peque\u00f1os, vino dos a\u00f1os despu\u00e9s, y viven los cuatro en casa de la hermana de la madre, que ya lleva m\u00e1s tiempo en el pa\u00eds.\u00a0Esto hace que el gasto de la vivienda salga mejor para todos.<\/span><\/p>\n<p><span>El padre vino de Bolivia a ver a su parentela, un viaje que concede la estancia de unos d\u00edas determinados, pasados \u200b\u200blos cuales, hay que volver al pa\u00eds de origen. A un d\u00eda para el regreso, los hijos lloraban porque no quer\u00edan que el padre se fuera. Finalmente decidi\u00f3 quedarse con la familia.<\/span><\/p>\n<p><span>A partir de ese momento se convirti\u00f3 en un \u00abilegal\u00bb.\u00a0Deber\u00eda haber vuelto voluntariamente a su pa\u00eds, lo que no hizo.\u00a0Pas\u00f3 unos d\u00edas medio escondido, hasta que fue localizado y\u00a0<\/span><strong><span>conducido al Centro de Internamiento de Extranjeros (CIE), donde permanece encerrado<\/span><\/strong><span>.<\/span><\/p>\n<p><span>En la l\u00f3gica del derecho de extranjer\u00eda, estas personas no pueden estar en nuestro territorio, ya que jur\u00eddicamente est\u00e1n expulsadas.\u00a0Su mujer con l\u00e1grimas en los ojos, nos comentaba que no entend\u00eda porque hab\u00edan encerrado a su marido si no hab\u00eda hecho nada malo.<\/span><\/p>\n<p><span>Oyendo estas palabras y viendo este dolor nos podemos preguntar, \u00bfc\u00f3mo podemos hablar de Derechos Humanos, si ponemos una ley humanamente injusta por encima de los derechos de la persona?. \u00bfComo es que no reconocemos de una vez por todas, el expolio que los pa\u00edses occidentales hicimos con los pa\u00edses del Sur en la \u00e9poca colonial, y que seguimos haciendo ahora, en un presente caracterizado por sacrificar una parte de la humanidad en nombre de nuestro bienestar?<\/span><\/p>\n<p><span><span class=\"goog-text-highlight\">Cuando en 1948 fue proclamada la\u00a0<\/span><\/span><strong><span><span class=\"goog-text-highlight\">Declaraci\u00f3n Universal de los Derechos Humanos<\/span><\/span><\/strong><span><span class=\"goog-text-highlight\"> fueron considerados inalienables, porque no pueden ser arrebatados por nadie, ni por el Estado ni por el tiempo, ya que no caducan. Sin embargo, miramos a nuestro entorno y vemos unas desigualdades abrumadoras. Y cabe preguntarse, \u00bfsi estos derechos son inalienables, porque no se cumplen ?, \u00bfqu\u00e9 se puede hacer? Aunque sea un peque\u00f1o paso personal, y ahuyentar de nuestro marco vital la rivalidad y la competencia para dar paso a la ayuda y la solidaridad, cambiar el enfrentamiento por la cooperaci\u00f3n, y\u00a0<\/span><\/span><strong><span><span class=\"goog-text-highlight\">finalmente hay que hacer un doble acto de reconocimiento y de condena<\/span><\/span><\/strong><span>.\u00a0De reconocimiento a la econom\u00eda de mercado por haber puesto a nuestro alcance todos aquellos bienes de consumo necesarios para poder llevar una vida digna, pero tambi\u00e9n hay que condenar irremisiblemente la econom\u00eda de mercado porque ha creado la destrucci\u00f3n ecol\u00f3gica y la miseria cultural, pero sobre todo, <\/span><strong><span>porque ha creado riqueza para pocos y pobreza para muchos.<\/span><\/strong><\/p>\n<div id=\"polls-101\" class=\"wp-polls\">\n\t<form id=\"polls_form_101\" class=\"wp-polls-form\" action=\"\/index.php\" method=\"post\">\n\t\t<p style=\"display: none;\"><input type=\"hidden\" id=\"poll_101_nonce\" name=\"wp-polls-nonce\" value=\"8ea2a654e1\" \/><\/p>\n\t\t<p style=\"display: none;\"><input type=\"hidden\" name=\"poll_id\" value=\"101\" \/><\/p>\n\t\t<p style=\"text-align: center\"><strong>Creus que els partits pol\u00edtics han de practicar cordons sanitaris contra altres partits amb representaci\u00f3 parlament\u00e0ria?<\/strong><\/p><div id=\"polls-101-ans\" class=\"wp-polls-ans\"><ul class=\"wp-polls-ul\">\n\t\t<li><input type=\"radio\" id=\"poll-answer-237\" name=\"poll_101\" value=\"237\" \/> <label for=\"poll-answer-237\">Si<\/label><\/li>\n\t\t<li><input type=\"radio\" id=\"poll-answer-238\" name=\"poll_101\" value=\"238\" \/> <label for=\"poll-answer-238\">No<\/label><\/li>\n\t\t<\/ul><p style=\"text-align: center\"><input type=\"button\" name=\"vote\" value=\"   Vota   \" class=\"Buttons\" onclick=\"poll_vote(101);\" \/><\/p><p style=\"text-align: center\"><a href=\"#ViewPollResults\" onclick=\"poll_result(101); return false;\" title=\"View Results Of This Poll\">Mira els resultats<\/a><\/p><\/div>\n\t<\/form>\n<\/div>\n<div id=\"polls-101-loading\" class=\"wp-polls-loading\"><img decoding=\"async\" data-src=\"https:\/\/conversesacatalunya.cat\/wp-content\/plugins\/wp-polls\/images\/loading.gif\" width=\"16\" height=\"16\" alt=\"Cargando ...\" title=\"Cargando ...\" class=\"wp-polls-image lazyload\" src=\"data:image\/svg+xml;base64,PHN2ZyB3aWR0aD0iMSIgaGVpZ2h0PSIxIiB4bWxucz0iaHR0cDovL3d3dy53My5vcmcvMjAwMC9zdmciPjwvc3ZnPg==\" style=\"--smush-placeholder-width: 16px; --smush-placeholder-aspect-ratio: 16\/16;\" \/>&nbsp;Cargando ...<\/div>\n\n","protected":false},"excerpt":{"rendered":"<p>Dos ma\u00f1anas a la semana viene a ayudarnos en las tareas dom\u00e9sticas.\u00a0Lleva ya cinco a\u00f1os aqu\u00ed desde que vino de su Bolivia natal.\u00a0Su hija mayor, con los dos hermanos m\u00e1s peque\u00f1os, vino dos a\u00f1os despu\u00e9s, y viven los cuatro en casa de la hermana de la madre, que ya lleva m\u00e1s tiempo en el pa\u00eds.\u00a0Esto hace que el gasto de la vivienda salga mejor para todos. El padre vino de Bolivia a ver a su parentela, un viaje que concede la estancia de unos d\u00edas determinados, pasados \u200b\u200blos cuales, hay que volver al pa\u00eds de origen. A un d\u00eda para el regreso, los hijos lloraban porque no quer\u00edan que el padre se fuera. Finalmente decidi\u00f3 quedarse con la familia. A partir de ese momento se convirti\u00f3 en un \u00abilegal\u00bb.\u00a0Deber\u00eda haber vuelto voluntariamente a su pa\u00eds, lo que no hizo.\u00a0Pas\u00f3 unos d\u00edas medio escondido, hasta que fue localizado y\u00a0conducido al Centro de Internamiento de Extranjeros (CIE), donde permanece encerrado. En la l\u00f3gica del derecho de extranjer\u00eda, estas personas no pueden estar en nuestro territorio, ya que jur\u00eddicamente est\u00e1n expulsadas.\u00a0Su mujer con l\u00e1grimas en los ojos, nos comentaba que no entend\u00eda porque hab\u00edan encerrado a su marido si no hab\u00eda hecho nada malo. Oyendo estas palabras y viendo este dolor nos podemos preguntar, \u00bfc\u00f3mo podemos hablar de Derechos Humanos, si ponemos una ley humanamente injusta por encima de los derechos de la persona?. \u00bfComo es que no reconocemos de una vez por todas, el expolio que los pa\u00edses occidentales hicimos con los pa\u00edses del Sur en la \u00e9poca colonial, y que seguimos haciendo ahora, en un presente caracterizado por sacrificar una parte de la humanidad en nombre de nuestro bienestar? Cuando en 1948 fue proclamada la\u00a0Declaraci\u00f3n Universal de los Derechos Humanos fueron considerados inalienables, porque no pueden ser arrebatados por nadie, ni por el Estado ni por el tiempo, ya que no caducan. Sin embargo, miramos a nuestro entorno y vemos unas desigualdades abrumadoras. Y cabe preguntarse, \u00bfsi estos derechos son inalienables, porque no se cumplen ?, \u00bfqu\u00e9 se puede hacer? Aunque sea un peque\u00f1o paso personal, y ahuyentar de nuestro marco vital la rivalidad y la competencia para dar paso a la ayuda y la solidaridad, cambiar el enfrentamiento por la cooperaci\u00f3n, y\u00a0finalmente hay que hacer un doble acto de reconocimiento y de condena.\u00a0De reconocimiento a la econom\u00eda de mercado por haber puesto a nuestro alcance todos aquellos bienes de consumo necesarios para poder llevar una vida digna, pero tambi\u00e9n hay que condenar irremisiblemente la econom\u00eda de mercado porque ha creado la destrucci\u00f3n ecol\u00f3gica y la miseria cultural, pero sobre todo, porque ha creado riqueza para pocos y pobreza para muchos.<\/p>\n","protected":false},"author":16,"featured_media":47432,"comment_status":"open","ping_status":"open","sticky":false,"template":"","format":"standard","meta":{"_FSMCFIC_featured_image_caption":"","_FSMCFIC_featured_image_nocaption":"","_FSMCFIC_featured_image_hide":"","footnotes":""},"categories":[804],"tags":[1466],"class_list":["post-47435","post","type-post","status-publish","format-standard","has-post-thumbnail","hentry","category-opinem-es","tag-derechos-humanos"],"yoast_head":"<!-- This site is optimized with the Yoast SEO plugin v26.8 - https:\/\/yoast.com\/product\/yoast-seo-wordpress\/ -->\n<title>Las leyes y los derechos humanos - Converses a Catalunya<\/title>\n<meta name=\"description\" content=\"en 1948 fue proclamada la\u00a0Declaraci\u00f3n Universal de los Derechos Humanos fueron considerados inalienables, porque no pueden ser arrebatados\" \/>\n<meta name=\"robots\" content=\"index, follow, max-snippet:-1, max-image-preview:large, max-video-preview:-1\" \/>\n<link rel=\"canonical\" href=\"https:\/\/conversesacatalunya.cat\/es\/las-leyes-y-los-derechos-humanos\/\" \/>\n<meta property=\"og:locale\" content=\"es_ES\" \/>\n<meta property=\"og:type\" content=\"article\" \/>\n<meta property=\"og:title\" content=\"Las leyes y los derechos humanos - Converses a Catalunya\" \/>\n<meta property=\"og:description\" content=\"en 1948 fue proclamada la\u00a0Declaraci\u00f3n Universal de los Derechos Humanos fueron considerados inalienables, porque no pueden ser arrebatados\" \/>\n<meta property=\"og:url\" content=\"https:\/\/conversesacatalunya.cat\/es\/las-leyes-y-los-derechos-humanos\/\" \/>\n<meta property=\"og:site_name\" content=\"Converses a Catalunya\" \/>\n<meta property=\"article:published_time\" content=\"2021-04-27T10:30:20+00:00\" \/>\n<meta property=\"article:modified_time\" content=\"2021-04-27T10:43:55+00:00\" \/>\n<meta property=\"og:image\" content=\"https:\/\/conversesacatalunya.cat\/wp-content\/uploads\/2021\/04\/drets-humans.jpg\" \/>\n\t<meta property=\"og:image:width\" content=\"640\" \/>\n\t<meta property=\"og:image:height\" content=\"426\" \/>\n\t<meta property=\"og:image:type\" content=\"image\/jpeg\" \/>\n<meta name=\"author\" content=\"Antoni Pedragosa\" \/>\n<meta name=\"twitter:card\" content=\"summary_large_image\" \/>\n<meta name=\"twitter:label1\" content=\"Escrito por\" \/>\n\t<meta name=\"twitter:data1\" content=\"Antoni Pedragosa\" \/>\n\t<meta name=\"twitter:label2\" content=\"Tiempo de lectura\" \/>\n\t<meta name=\"twitter:data2\" content=\"2 minutos\" \/>\n<script type=\"application\/ld+json\" class=\"yoast-schema-graph\">{\"@context\":\"https:\/\/schema.org\",\"@graph\":[{\"@type\":\"Article\",\"@id\":\"https:\/\/conversesacatalunya.cat\/es\/las-leyes-y-los-derechos-humanos\/#article\",\"isPartOf\":{\"@id\":\"https:\/\/conversesacatalunya.cat\/es\/las-leyes-y-los-derechos-humanos\/\"},\"author\":{\"name\":\"Antoni Pedragosa\",\"@id\":\"https:\/\/conversesacatalunya.cat\/#\/schema\/person\/c7d367ce5cf939081390b9cff82b9efa\"},\"headline\":\"Las leyes y los derechos humanos\",\"datePublished\":\"2021-04-27T10:30:20+00:00\",\"dateModified\":\"2021-04-27T10:43:55+00:00\",\"mainEntityOfPage\":{\"@id\":\"https:\/\/conversesacatalunya.cat\/es\/las-leyes-y-los-derechos-humanos\/\"},\"wordCount\":491,\"commentCount\":0,\"image\":{\"@id\":\"https:\/\/conversesacatalunya.cat\/es\/las-leyes-y-los-derechos-humanos\/#primaryimage\"},\"thumbnailUrl\":\"https:\/\/conversesacatalunya.cat\/wp-content\/uploads\/2021\/04\/drets-humans.jpg\",\"keywords\":[\"derechos humanos\"],\"articleSection\":[\"Opinem (ES)\"],\"inLanguage\":\"es\",\"potentialAction\":[{\"@type\":\"CommentAction\",\"name\":\"Comment\",\"target\":[\"https:\/\/conversesacatalunya.cat\/es\/las-leyes-y-los-derechos-humanos\/#respond\"]}]},{\"@type\":\"WebPage\",\"@id\":\"https:\/\/conversesacatalunya.cat\/es\/las-leyes-y-los-derechos-humanos\/\",\"url\":\"https:\/\/conversesacatalunya.cat\/es\/las-leyes-y-los-derechos-humanos\/\",\"name\":\"Las leyes y los derechos humanos - Converses a Catalunya\",\"isPartOf\":{\"@id\":\"https:\/\/conversesacatalunya.cat\/#website\"},\"primaryImageOfPage\":{\"@id\":\"https:\/\/conversesacatalunya.cat\/es\/las-leyes-y-los-derechos-humanos\/#primaryimage\"},\"image\":{\"@id\":\"https:\/\/conversesacatalunya.cat\/es\/las-leyes-y-los-derechos-humanos\/#primaryimage\"},\"thumbnailUrl\":\"https:\/\/conversesacatalunya.cat\/wp-content\/uploads\/2021\/04\/drets-humans.jpg\",\"datePublished\":\"2021-04-27T10:30:20+00:00\",\"dateModified\":\"2021-04-27T10:43:55+00:00\",\"author\":{\"@id\":\"https:\/\/conversesacatalunya.cat\/#\/schema\/person\/c7d367ce5cf939081390b9cff82b9efa\"},\"description\":\"en 1948 fue proclamada la\u00a0Declaraci\u00f3n Universal de los Derechos Humanos fueron considerados inalienables, porque no pueden ser arrebatados\",\"breadcrumb\":{\"@id\":\"https:\/\/conversesacatalunya.cat\/es\/las-leyes-y-los-derechos-humanos\/#breadcrumb\"},\"inLanguage\":\"es\",\"potentialAction\":[{\"@type\":\"ReadAction\",\"target\":[\"https:\/\/conversesacatalunya.cat\/es\/las-leyes-y-los-derechos-humanos\/\"]}]},{\"@type\":\"ImageObject\",\"inLanguage\":\"es\",\"@id\":\"https:\/\/conversesacatalunya.cat\/es\/las-leyes-y-los-derechos-humanos\/#primaryimage\",\"url\":\"https:\/\/conversesacatalunya.cat\/wp-content\/uploads\/2021\/04\/drets-humans.jpg\",\"contentUrl\":\"https:\/\/conversesacatalunya.cat\/wp-content\/uploads\/2021\/04\/drets-humans.jpg\",\"width\":640,\"height\":426,\"caption\":\"drets humans\"},{\"@type\":\"BreadcrumbList\",\"@id\":\"https:\/\/conversesacatalunya.cat\/es\/las-leyes-y-los-derechos-humanos\/#breadcrumb\",\"itemListElement\":[{\"@type\":\"ListItem\",\"position\":1,\"name\":\"Inici\",\"item\":\"https:\/\/conversesacatalunya.cat\/es\/\"},{\"@type\":\"ListItem\",\"position\":2,\"name\":\"Las leyes y los derechos humanos\"}]},{\"@type\":\"WebSite\",\"@id\":\"https:\/\/conversesacatalunya.cat\/#website\",\"url\":\"https:\/\/conversesacatalunya.cat\/\",\"name\":\"Converses a Catalunya\",\"description\":\"\",\"potentialAction\":[{\"@type\":\"SearchAction\",\"target\":{\"@type\":\"EntryPoint\",\"urlTemplate\":\"https:\/\/conversesacatalunya.cat\/?s={search_term_string}\"},\"query-input\":{\"@type\":\"PropertyValueSpecification\",\"valueRequired\":true,\"valueName\":\"search_term_string\"}}],\"inLanguage\":\"es\"},{\"@type\":\"Person\",\"@id\":\"https:\/\/conversesacatalunya.cat\/#\/schema\/person\/c7d367ce5cf939081390b9cff82b9efa\",\"name\":\"Antoni Pedragosa\",\"image\":{\"@type\":\"ImageObject\",\"inLanguage\":\"es\",\"@id\":\"https:\/\/conversesacatalunya.cat\/#\/schema\/person\/image\/\",\"url\":\"https:\/\/conversesacatalunya.cat\/wp-content\/litespeed\/avatar\/a65bdd7b7b57e4f85109aaf65843a0eb.jpg?ver=1777376633\",\"contentUrl\":\"https:\/\/conversesacatalunya.cat\/wp-content\/litespeed\/avatar\/a65bdd7b7b57e4f85109aaf65843a0eb.jpg?ver=1777376633\",\"caption\":\"Antoni Pedragosa\"},\"url\":\"https:\/\/conversesacatalunya.cat\/es\/author\/antoni-pedragosa\/\"}]}<\/script>\n<!-- \/ Yoast SEO plugin. -->","yoast_head_json":{"title":"Las leyes y los derechos humanos - Converses a Catalunya","description":"en 1948 fue proclamada la\u00a0Declaraci\u00f3n Universal de los Derechos Humanos fueron considerados inalienables, porque no pueden ser arrebatados","robots":{"index":"index","follow":"follow","max-snippet":"max-snippet:-1","max-image-preview":"max-image-preview:large","max-video-preview":"max-video-preview:-1"},"canonical":"https:\/\/conversesacatalunya.cat\/es\/las-leyes-y-los-derechos-humanos\/","og_locale":"es_ES","og_type":"article","og_title":"Las leyes y los derechos humanos - Converses a Catalunya","og_description":"en 1948 fue proclamada la\u00a0Declaraci\u00f3n Universal de los Derechos Humanos fueron considerados inalienables, porque no pueden ser arrebatados","og_url":"https:\/\/conversesacatalunya.cat\/es\/las-leyes-y-los-derechos-humanos\/","og_site_name":"Converses a Catalunya","article_published_time":"2021-04-27T10:30:20+00:00","article_modified_time":"2021-04-27T10:43:55+00:00","og_image":[{"width":640,"height":426,"url":"https:\/\/conversesacatalunya.cat\/wp-content\/uploads\/2021\/04\/drets-humans.jpg","type":"image\/jpeg"}],"author":"Antoni Pedragosa","twitter_card":"summary_large_image","twitter_misc":{"Escrito por":"Antoni Pedragosa","Tiempo de lectura":"2 minutos"},"schema":{"@context":"https:\/\/schema.org","@graph":[{"@type":"Article","@id":"https:\/\/conversesacatalunya.cat\/es\/las-leyes-y-los-derechos-humanos\/#article","isPartOf":{"@id":"https:\/\/conversesacatalunya.cat\/es\/las-leyes-y-los-derechos-humanos\/"},"author":{"name":"Antoni Pedragosa","@id":"https:\/\/conversesacatalunya.cat\/#\/schema\/person\/c7d367ce5cf939081390b9cff82b9efa"},"headline":"Las leyes y los derechos humanos","datePublished":"2021-04-27T10:30:20+00:00","dateModified":"2021-04-27T10:43:55+00:00","mainEntityOfPage":{"@id":"https:\/\/conversesacatalunya.cat\/es\/las-leyes-y-los-derechos-humanos\/"},"wordCount":491,"commentCount":0,"image":{"@id":"https:\/\/conversesacatalunya.cat\/es\/las-leyes-y-los-derechos-humanos\/#primaryimage"},"thumbnailUrl":"https:\/\/conversesacatalunya.cat\/wp-content\/uploads\/2021\/04\/drets-humans.jpg","keywords":["derechos humanos"],"articleSection":["Opinem (ES)"],"inLanguage":"es","potentialAction":[{"@type":"CommentAction","name":"Comment","target":["https:\/\/conversesacatalunya.cat\/es\/las-leyes-y-los-derechos-humanos\/#respond"]}]},{"@type":"WebPage","@id":"https:\/\/conversesacatalunya.cat\/es\/las-leyes-y-los-derechos-humanos\/","url":"https:\/\/conversesacatalunya.cat\/es\/las-leyes-y-los-derechos-humanos\/","name":"Las leyes y los derechos humanos - Converses a Catalunya","isPartOf":{"@id":"https:\/\/conversesacatalunya.cat\/#website"},"primaryImageOfPage":{"@id":"https:\/\/conversesacatalunya.cat\/es\/las-leyes-y-los-derechos-humanos\/#primaryimage"},"image":{"@id":"https:\/\/conversesacatalunya.cat\/es\/las-leyes-y-los-derechos-humanos\/#primaryimage"},"thumbnailUrl":"https:\/\/conversesacatalunya.cat\/wp-content\/uploads\/2021\/04\/drets-humans.jpg","datePublished":"2021-04-27T10:30:20+00:00","dateModified":"2021-04-27T10:43:55+00:00","author":{"@id":"https:\/\/conversesacatalunya.cat\/#\/schema\/person\/c7d367ce5cf939081390b9cff82b9efa"},"description":"en 1948 fue proclamada la\u00a0Declaraci\u00f3n Universal de los Derechos Humanos fueron considerados inalienables, porque no pueden ser arrebatados","breadcrumb":{"@id":"https:\/\/conversesacatalunya.cat\/es\/las-leyes-y-los-derechos-humanos\/#breadcrumb"},"inLanguage":"es","potentialAction":[{"@type":"ReadAction","target":["https:\/\/conversesacatalunya.cat\/es\/las-leyes-y-los-derechos-humanos\/"]}]},{"@type":"ImageObject","inLanguage":"es","@id":"https:\/\/conversesacatalunya.cat\/es\/las-leyes-y-los-derechos-humanos\/#primaryimage","url":"https:\/\/conversesacatalunya.cat\/wp-content\/uploads\/2021\/04\/drets-humans.jpg","contentUrl":"https:\/\/conversesacatalunya.cat\/wp-content\/uploads\/2021\/04\/drets-humans.jpg","width":640,"height":426,"caption":"drets humans"},{"@type":"BreadcrumbList","@id":"https:\/\/conversesacatalunya.cat\/es\/las-leyes-y-los-derechos-humanos\/#breadcrumb","itemListElement":[{"@type":"ListItem","position":1,"name":"Inici","item":"https:\/\/conversesacatalunya.cat\/es\/"},{"@type":"ListItem","position":2,"name":"Las leyes y los derechos humanos"}]},{"@type":"WebSite","@id":"https:\/\/conversesacatalunya.cat\/#website","url":"https:\/\/conversesacatalunya.cat\/","name":"Converses a Catalunya","description":"","potentialAction":[{"@type":"SearchAction","target":{"@type":"EntryPoint","urlTemplate":"https:\/\/conversesacatalunya.cat\/?s={search_term_string}"},"query-input":{"@type":"PropertyValueSpecification","valueRequired":true,"valueName":"search_term_string"}}],"inLanguage":"es"},{"@type":"Person","@id":"https:\/\/conversesacatalunya.cat\/#\/schema\/person\/c7d367ce5cf939081390b9cff82b9efa","name":"Antoni Pedragosa","image":{"@type":"ImageObject","inLanguage":"es","@id":"https:\/\/conversesacatalunya.cat\/#\/schema\/person\/image\/","url":"https:\/\/conversesacatalunya.cat\/wp-content\/litespeed\/avatar\/a65bdd7b7b57e4f85109aaf65843a0eb.jpg?ver=1777376633","contentUrl":"https:\/\/conversesacatalunya.cat\/wp-content\/litespeed\/avatar\/a65bdd7b7b57e4f85109aaf65843a0eb.jpg?ver=1777376633","caption":"Antoni Pedragosa"},"url":"https:\/\/conversesacatalunya.cat\/es\/author\/antoni-pedragosa\/"}]}},"wps_subtitle":"Pas\u00f3 unos d\u00edas medio escondido, hasta que fue localizado y conducido al Centro de Internamiento de Extranjeros (CIE), donde permanece encerrado","_links":{"self":[{"href":"https:\/\/conversesacatalunya.cat\/es\/wp-json\/wp\/v2\/posts\/47435","targetHints":{"allow":["GET"]}}],"collection":[{"href":"https:\/\/conversesacatalunya.cat\/es\/wp-json\/wp\/v2\/posts"}],"about":[{"href":"https:\/\/conversesacatalunya.cat\/es\/wp-json\/wp\/v2\/types\/post"}],"author":[{"embeddable":true,"href":"https:\/\/conversesacatalunya.cat\/es\/wp-json\/wp\/v2\/users\/16"}],"replies":[{"embeddable":true,"href":"https:\/\/conversesacatalunya.cat\/es\/wp-json\/wp\/v2\/comments?post=47435"}],"version-history":[{"count":4,"href":"https:\/\/conversesacatalunya.cat\/es\/wp-json\/wp\/v2\/posts\/47435\/revisions"}],"predecessor-version":[{"id":47549,"href":"https:\/\/conversesacatalunya.cat\/es\/wp-json\/wp\/v2\/posts\/47435\/revisions\/47549"}],"wp:featuredmedia":[{"embeddable":true,"href":"https:\/\/conversesacatalunya.cat\/es\/wp-json\/wp\/v2\/media\/47432"}],"wp:attachment":[{"href":"https:\/\/conversesacatalunya.cat\/es\/wp-json\/wp\/v2\/media?parent=47435"}],"wp:term":[{"taxonomy":"category","embeddable":true,"href":"https:\/\/conversesacatalunya.cat\/es\/wp-json\/wp\/v2\/categories?post=47435"},{"taxonomy":"post_tag","embeddable":true,"href":"https:\/\/conversesacatalunya.cat\/es\/wp-json\/wp\/v2\/tags?post=47435"}],"curies":[{"name":"wp","href":"https:\/\/api.w.org\/{rel}","templated":true}]}}