{"id":47392,"date":"2021-04-27T11:53:40","date_gmt":"2021-04-27T09:53:40","guid":{"rendered":"https:\/\/conversesacatalunya.cat\/?p=47392"},"modified":"2021-04-27T11:53:40","modified_gmt":"2021-04-27T09:53:40","slug":"la-ue-da-un-respiro-al-motor-de-combustion","status":"publish","type":"post","link":"https:\/\/conversesacatalunya.cat\/es\/la-ue-da-un-respiro-al-motor-de-combustion\/","title":{"rendered":"La UE da un respiro al motor de combusti\u00f3n"},"content":{"rendered":"<p>Despu\u00e9s de aumentar la presi\u00f3n sobre los fabricantes para acelerar la transici\u00f3n hacia el coche el\u00e9ctrico, <strong>la UE ha decidido darle un respiro al motor de combusti\u00f3n<\/strong>. Seg\u00fan el Grupo Asesor sobre Normas de Emisiones de Veh\u00edculos (AGVES), la UE ha decidido relajar la pr\u00f3xima homologaci\u00f3n Euro 7.<a href=\"https:\/\/en.wikipedia.org\/wiki\/European_emission_standards\" target=\"_blank\" rel=\"noopener\"> La norma Euro 7<\/a> que regula las emisiones de los coches de combusti\u00f3n ser\u00e1 pr\u00e1cticamente la \u00faltima normativa legal, entrando en vigor en 2025 y extendi\u00e9ndose hasta m\u00e1s all\u00e1 de 2030, por lo que comprender\u00e1 el desmantelamiento l\u00edmite de la combusti\u00f3n. Las protestas de los fabricantes ante una norma imposible de cumplir surten efecto y suavizar\u00e1 sus l\u00edmites.<\/p>\n<p>La asociaci\u00f3n que lleva la voz cantante de la industria automotriz alemana ha sido durante los \u00faltimos a\u00f1os la m\u00e1s cr\u00edtica, a la hora de poner en duda las cifras marcadas en la primera fase de creaci\u00f3n de la nueva homologaci\u00f3n Euro 7. Desde Alemania se amenazaba con el fin de las ventas del <a href=\"https:\/\/conversesacatalunya.cat\/es\/coche-electrico-espana-vuelve-a-perder-una-gran-oportunidad\/\" target=\"_blank\" rel=\"noopener\">coche<\/a> de gasolina y di\u00e9sel de entrar en vigor los l\u00edmites originalmente previstos para esta nueva y crucial normativa.<\/p>\n<p>En la futura norma, a pesar de que se trataba de un borrador, el l\u00edmite m\u00e1ximo para los dos combustibles ser\u00e1 de 30 mg\/km, incluso se\u00f1alando la posibilidad de rebajarlo todav\u00eda m\u00e1s, hasta 10 mg\/km. <strong>Dos valores imposibles de cumplir como pretende la Comisi\u00f3n de Transportes de la Uni\u00f3n Europea<\/strong>, est\u00e1ndar y sin variaciones en cualquier tipo de conducci\u00f3n: con remolque, ascendiendo un puerto de monta\u00f1a, por encima de altitudes de entre 1.000 y 2.000 metros.<\/p>\n<p>Ahora, tras la noticias de la posible relajaci\u00f3n de la norma, es posible que se realice mediante diferentes maneras. La primera opci\u00f3n, la m\u00e1s conservadora, ser\u00eda asemejar la Euro 7 a la actual norma de homologaci\u00f3n Euro 6d.<\/p>\n<p>En este sentido, una opci\u00f3n un poco m\u00e1s restrictiva ser\u00eda la modificaci\u00f3n de los baremos de las emisiones. El objetivo ser\u00eda que los autom\u00f3viles circularan emitiendo entre 10 y 30 mg\/km de NOx y que las emisiones de mon\u00f3xido de carbono se situaran entre 100 y 300 mg\/km, en lugar de la frontera entre 500 y 1.000 mg\/km actuales. Parece casi imposible que estas cifras puedan obtenerse si no se produce una transformaci\u00f3n de la producci\u00f3n actual y se dirige \u00e9sta a veh\u00edculos el\u00e9ctricos e h\u00edbridos enchufables casi en exclusiva.<\/p>\n<p>Sin embargo, la adaptaci\u00f3n m\u00e1s pol\u00e9mica ser\u00eda <strong>el control telem\u00e1tico de las emisiones de los veh\u00edculos de combusti\u00f3n en tiempo real<\/strong> mediante los propios sistemas OBD. Si este \u00faltimo punto llegara a buen t\u00e9rmino, los autom\u00f3viles pasar\u00edan el examen de emisiones en las ITV de manera autom\u00e1tica, pues sus datos estar\u00edan recogidos en la propia base de datos del coche.<\/p>\n<span class='bctt-click-to-tweet'><span class='bctt-ctt-text'><a href='https:\/\/twitter.com\/intent\/tweet?url=https%3A%2F%2Fconversesacatalunya.cat%2Fes%2Fla-ue-da-un-respiro-al-motor-de-combustion%2F&#038;text=La%20asociaci%C3%B3n%20que%20lleva%20la%20voz%20cantante%20de%20la%20industria%20automotriz%20alemana%20ha%20sido%20durante%20los%20%C3%BAltimos%20a%C3%B1os%20la%20m%C3%A1s%20cr%C3%ADtica%2C%20a%20la%20hora%20de%20poner%20en%20duda%20las%20cifras%20marcadas%20en%20la%20primera%20fase%20de%20creaci%C3%B3n%20de%20la%20nueva%20homologaci%C3%B3n%20Euro%207&#038;via=conversesacat&#038;related=conversesacat' target='_blank'rel=\"noopener noreferrer\">La asociaci\u00f3n que lleva la voz cantante de la industria automotriz alemana ha sido durante los \u00faltimos a\u00f1os la m\u00e1s cr\u00edtica, a la hora de poner en duda las cifras marcadas en la primera fase de creaci\u00f3n de la nueva homologaci\u00f3n Euro 7 <\/a><\/span><a href='https:\/\/twitter.com\/intent\/tweet?url=https%3A%2F%2Fconversesacatalunya.cat%2Fes%2Fla-ue-da-un-respiro-al-motor-de-combustion%2F&#038;text=La%20asociaci%C3%B3n%20que%20lleva%20la%20voz%20cantante%20de%20la%20industria%20automotriz%20alemana%20ha%20sido%20durante%20los%20%C3%BAltimos%20a%C3%B1os%20la%20m%C3%A1s%20cr%C3%ADtica%2C%20a%20la%20hora%20de%20poner%20en%20duda%20las%20cifras%20marcadas%20en%20la%20primera%20fase%20de%20creaci%C3%B3n%20de%20la%20nueva%20homologaci%C3%B3n%20Euro%207&#038;via=conversesacat&#038;related=conversesacat' target='_blank' class='bctt-ctt-btn'rel=\"noopener noreferrer\">Compartir en X<\/a><\/span>\n<div id=\"polls-100\" class=\"wp-polls\">\n\t<form id=\"polls_form_100\" class=\"wp-polls-form\" action=\"\/index.php\" method=\"post\">\n\t\t<p style=\"display: none;\"><input type=\"hidden\" id=\"poll_100_nonce\" name=\"wp-polls-nonce\" value=\"cabe43649b\" \/><\/p>\n\t\t<p style=\"display: none;\"><input type=\"hidden\" name=\"poll_id\" value=\"100\" \/><\/p>\n\t\t<p style=\"text-align: center\"><strong>Est\u00e0s d'acord que s'organitzi una nova superlliga europea de futbol?<\/strong><\/p><div id=\"polls-100-ans\" class=\"wp-polls-ans\"><ul class=\"wp-polls-ul\">\n\t\t<li><input type=\"radio\" id=\"poll-answer-234\" name=\"poll_100\" value=\"234\" \/> <label for=\"poll-answer-234\">Si<\/label><\/li>\n\t\t<li><input type=\"radio\" id=\"poll-answer-235\" name=\"poll_100\" value=\"235\" \/> <label for=\"poll-answer-235\">No<\/label><\/li>\n\t\t<li><input type=\"radio\" id=\"poll-answer-236\" name=\"poll_100\" value=\"236\" \/> <label for=\"poll-answer-236\">No ho s\u00e9<\/label><\/li>\n\t\t<\/ul><p style=\"text-align: center\"><input type=\"button\" name=\"vote\" value=\"   Vota   \" class=\"Buttons\" onclick=\"poll_vote(100);\" \/><\/p><p style=\"text-align: center\"><a href=\"#ViewPollResults\" onclick=\"poll_result(100); return false;\" title=\"View Results Of This Poll\">Mira els resultats<\/a><\/p><\/div>\n\t<\/form>\n<\/div>\n<div id=\"polls-100-loading\" class=\"wp-polls-loading\"><img decoding=\"async\" data-src=\"https:\/\/conversesacatalunya.cat\/wp-content\/plugins\/wp-polls\/images\/loading.gif\" width=\"16\" height=\"16\" alt=\"Cargando ...\" title=\"Cargando ...\" class=\"wp-polls-image lazyload\" src=\"data:image\/svg+xml;base64,PHN2ZyB3aWR0aD0iMSIgaGVpZ2h0PSIxIiB4bWxucz0iaHR0cDovL3d3dy53My5vcmcvMjAwMC9zdmciPjwvc3ZnPg==\" style=\"--smush-placeholder-width: 16px; --smush-placeholder-aspect-ratio: 16\/16;\" \/>&nbsp;Cargando ...<\/div>\n\n","protected":false},"excerpt":{"rendered":"<p>Despu\u00e9s de aumentar la presi\u00f3n sobre los fabricantes para acelerar la transici\u00f3n hacia el coche el\u00e9ctrico, la UE ha decidido darle un respiro al motor de combusti\u00f3n. Seg\u00fan el Grupo Asesor sobre Normas de Emisiones de Veh\u00edculos (AGVES), la UE ha decidido relajar la pr\u00f3xima homologaci\u00f3n Euro 7. La norma Euro 7 que regula las emisiones de los coches de combusti\u00f3n ser\u00e1 pr\u00e1cticamente la \u00faltima normativa legal, entrando en vigor en 2025 y extendi\u00e9ndose hasta m\u00e1s all\u00e1 de 2030, por lo que comprender\u00e1 el desmantelamiento l\u00edmite de la combusti\u00f3n. Las protestas de los fabricantes ante una norma imposible de cumplir surten efecto y suavizar\u00e1 sus l\u00edmites. La asociaci\u00f3n que lleva la voz cantante de la industria automotriz alemana ha sido durante los \u00faltimos a\u00f1os la m\u00e1s cr\u00edtica, a la hora de poner en duda las cifras marcadas en la primera fase de creaci\u00f3n de la nueva homologaci\u00f3n Euro 7. Desde Alemania se amenazaba con el fin de las ventas del coche de gasolina y di\u00e9sel de entrar en vigor los l\u00edmites originalmente previstos para esta nueva y crucial normativa. En la futura norma, a pesar de que se trataba de un borrador, el l\u00edmite m\u00e1ximo para los dos combustibles ser\u00e1 de 30 mg\/km, incluso se\u00f1alando la posibilidad de rebajarlo todav\u00eda m\u00e1s, hasta 10 mg\/km. Dos valores imposibles de cumplir como pretende la Comisi\u00f3n de Transportes de la Uni\u00f3n Europea, est\u00e1ndar y sin variaciones en cualquier tipo de conducci\u00f3n: con remolque, ascendiendo un puerto de monta\u00f1a, por encima de altitudes de entre 1.000 y 2.000 metros. Ahora, tras la noticias de la posible relajaci\u00f3n de la norma, es posible que se realice mediante diferentes maneras. La primera opci\u00f3n, la m\u00e1s conservadora, ser\u00eda asemejar la Euro 7 a la actual norma de homologaci\u00f3n Euro 6d. En este sentido, una opci\u00f3n un poco m\u00e1s restrictiva ser\u00eda la modificaci\u00f3n de los baremos de las emisiones. El objetivo ser\u00eda que los autom\u00f3viles circularan emitiendo entre 10 y 30 mg\/km de NOx y que las emisiones de mon\u00f3xido de carbono se situaran entre 100 y 300 mg\/km, en lugar de la frontera entre 500 y 1.000 mg\/km actuales. Parece casi imposible que estas cifras puedan obtenerse si no se produce una transformaci\u00f3n de la producci\u00f3n actual y se dirige \u00e9sta a veh\u00edculos el\u00e9ctricos e h\u00edbridos enchufables casi en exclusiva. Sin embargo, la adaptaci\u00f3n m\u00e1s pol\u00e9mica ser\u00eda el control telem\u00e1tico de las emisiones de los veh\u00edculos de combusti\u00f3n en tiempo real mediante los propios sistemas OBD. Si este \u00faltimo punto llegara a buen t\u00e9rmino, los autom\u00f3viles pasar\u00edan el examen de emisiones en las ITV de manera autom\u00e1tica, pues sus datos estar\u00edan recogidos en la propia base de datos del coche.<\/p>\n","protected":false},"author":20,"featured_media":47387,"comment_status":"open","ping_status":"open","sticky":false,"template":"","format":"standard","meta":{"_FSMCFIC_featured_image_caption":"","_FSMCFIC_featured_image_nocaption":"","_FSMCFIC_featured_image_hide":"","footnotes":""},"categories":[806],"tags":[1068,1070,3703,1072,3521,874],"class_list":["post-47392","post","type-post","status-publish","format-standard","has-post-thumbnail","hentry","category-punts-claus-del-dia-es","tag-automobil-es","tag-automovil","tag-automovil-electrico","tag-contaminacion","tag-sector-del-automovil","tag-ue-es"],"yoast_head":"<!-- This site is optimized with the Yoast SEO plugin v26.8 - https:\/\/yoast.com\/product\/yoast-seo-wordpress\/ -->\n<title>La UE da un respiro al motor de combusti\u00f3n -<\/title>\n<meta name=\"description\" content=\"Seg\u00fan los \u00faltimos datos la UE apostar\u00eda por la relajaci\u00f3n de la normativa de los coches de combusti\u00f3n para suavizar la presi\u00f3n\" \/>\n<meta name=\"robots\" content=\"index, follow, max-snippet:-1, max-image-preview:large, max-video-preview:-1\" \/>\n<link rel=\"canonical\" href=\"https:\/\/conversesacatalunya.cat\/es\/la-ue-da-un-respiro-al-motor-de-combustion\/\" \/>\n<meta property=\"og:locale\" content=\"es_ES\" \/>\n<meta property=\"og:type\" content=\"article\" \/>\n<meta property=\"og:title\" content=\"La UE da un respiro al motor de combusti\u00f3n -\" \/>\n<meta property=\"og:description\" content=\"Seg\u00fan los \u00faltimos datos la UE apostar\u00eda por la relajaci\u00f3n de la normativa de los coches de combusti\u00f3n para suavizar la presi\u00f3n\" \/>\n<meta property=\"og:url\" content=\"https:\/\/conversesacatalunya.cat\/es\/la-ue-da-un-respiro-al-motor-de-combustion\/\" \/>\n<meta property=\"og:site_name\" content=\"Converses a Catalunya\" \/>\n<meta property=\"article:published_time\" content=\"2021-04-27T09:53:40+00:00\" \/>\n<meta property=\"og:image\" content=\"https:\/\/conversesacatalunya.cat\/wp-content\/uploads\/2021\/04\/Capture-12.png\" \/>\n\t<meta property=\"og:image:width\" content=\"1028\" \/>\n\t<meta property=\"og:image:height\" content=\"698\" \/>\n\t<meta property=\"og:image:type\" content=\"image\/png\" \/>\n<meta name=\"author\" content=\"conversesacatalunya\" \/>\n<meta name=\"twitter:card\" content=\"summary_large_image\" \/>\n<meta name=\"twitter:label1\" content=\"Escrito por\" \/>\n\t<meta name=\"twitter:data1\" content=\"conversesacatalunya\" \/>\n\t<meta name=\"twitter:label2\" content=\"Tiempo de lectura\" \/>\n\t<meta name=\"twitter:data2\" content=\"3 minutos\" \/>\n<script type=\"application\/ld+json\" class=\"yoast-schema-graph\">{\"@context\":\"https:\/\/schema.org\",\"@graph\":[{\"@type\":\"Article\",\"@id\":\"https:\/\/conversesacatalunya.cat\/es\/la-ue-da-un-respiro-al-motor-de-combustion\/#article\",\"isPartOf\":{\"@id\":\"https:\/\/conversesacatalunya.cat\/es\/la-ue-da-un-respiro-al-motor-de-combustion\/\"},\"author\":{\"name\":\"conversesacatalunya\",\"@id\":\"https:\/\/conversesacatalunya.cat\/#\/schema\/person\/a7a9496a363cd9847daf7cd659d92e64\"},\"headline\":\"La UE da un respiro al motor de combusti\u00f3n\",\"datePublished\":\"2021-04-27T09:53:40+00:00\",\"mainEntityOfPage\":{\"@id\":\"https:\/\/conversesacatalunya.cat\/es\/la-ue-da-un-respiro-al-motor-de-combustion\/\"},\"wordCount\":559,\"commentCount\":0,\"image\":{\"@id\":\"https:\/\/conversesacatalunya.cat\/es\/la-ue-da-un-respiro-al-motor-de-combustion\/#primaryimage\"},\"thumbnailUrl\":\"https:\/\/conversesacatalunya.cat\/wp-content\/uploads\/2021\/04\/Capture-12.png\",\"keywords\":[\"Autom\u00f2bil\",\"autom\u00f3vil\",\"Autom\u00f3vil el\u00e9ctrico\",\"Contaminaci\u00f3n\",\"Sector del autom\u00f3vil\",\"UE\"],\"articleSection\":[\"Punts clau del dia (ES)\"],\"inLanguage\":\"es\",\"potentialAction\":[{\"@type\":\"CommentAction\",\"name\":\"Comment\",\"target\":[\"https:\/\/conversesacatalunya.cat\/es\/la-ue-da-un-respiro-al-motor-de-combustion\/#respond\"]}]},{\"@type\":\"WebPage\",\"@id\":\"https:\/\/conversesacatalunya.cat\/es\/la-ue-da-un-respiro-al-motor-de-combustion\/\",\"url\":\"https:\/\/conversesacatalunya.cat\/es\/la-ue-da-un-respiro-al-motor-de-combustion\/\",\"name\":\"La UE da un respiro al motor de combusti\u00f3n -\",\"isPartOf\":{\"@id\":\"https:\/\/conversesacatalunya.cat\/#website\"},\"primaryImageOfPage\":{\"@id\":\"https:\/\/conversesacatalunya.cat\/es\/la-ue-da-un-respiro-al-motor-de-combustion\/#primaryimage\"},\"image\":{\"@id\":\"https:\/\/conversesacatalunya.cat\/es\/la-ue-da-un-respiro-al-motor-de-combustion\/#primaryimage\"},\"thumbnailUrl\":\"https:\/\/conversesacatalunya.cat\/wp-content\/uploads\/2021\/04\/Capture-12.png\",\"datePublished\":\"2021-04-27T09:53:40+00:00\",\"author\":{\"@id\":\"https:\/\/conversesacatalunya.cat\/#\/schema\/person\/a7a9496a363cd9847daf7cd659d92e64\"},\"description\":\"Seg\u00fan los \u00faltimos datos la UE apostar\u00eda por la relajaci\u00f3n de la normativa de los coches de combusti\u00f3n para suavizar la presi\u00f3n\",\"breadcrumb\":{\"@id\":\"https:\/\/conversesacatalunya.cat\/es\/la-ue-da-un-respiro-al-motor-de-combustion\/#breadcrumb\"},\"inLanguage\":\"es\",\"potentialAction\":[{\"@type\":\"ReadAction\",\"target\":[\"https:\/\/conversesacatalunya.cat\/es\/la-ue-da-un-respiro-al-motor-de-combustion\/\"]}]},{\"@type\":\"ImageObject\",\"inLanguage\":\"es\",\"@id\":\"https:\/\/conversesacatalunya.cat\/es\/la-ue-da-un-respiro-al-motor-de-combustion\/#primaryimage\",\"url\":\"https:\/\/conversesacatalunya.cat\/wp-content\/uploads\/2021\/04\/Capture-12.png\",\"contentUrl\":\"https:\/\/conversesacatalunya.cat\/wp-content\/uploads\/2021\/04\/Capture-12.png\",\"width\":1028,\"height\":698,\"caption\":\"combusti\u00f3\"},{\"@type\":\"BreadcrumbList\",\"@id\":\"https:\/\/conversesacatalunya.cat\/es\/la-ue-da-un-respiro-al-motor-de-combustion\/#breadcrumb\",\"itemListElement\":[{\"@type\":\"ListItem\",\"position\":1,\"name\":\"Inici\",\"item\":\"https:\/\/conversesacatalunya.cat\/es\/\"},{\"@type\":\"ListItem\",\"position\":2,\"name\":\"La UE da un respiro al motor de combusti\u00f3n\"}]},{\"@type\":\"WebSite\",\"@id\":\"https:\/\/conversesacatalunya.cat\/#website\",\"url\":\"https:\/\/conversesacatalunya.cat\/\",\"name\":\"Converses a Catalunya\",\"description\":\"\",\"potentialAction\":[{\"@type\":\"SearchAction\",\"target\":{\"@type\":\"EntryPoint\",\"urlTemplate\":\"https:\/\/conversesacatalunya.cat\/?s={search_term_string}\"},\"query-input\":{\"@type\":\"PropertyValueSpecification\",\"valueRequired\":true,\"valueName\":\"search_term_string\"}}],\"inLanguage\":\"es\"},{\"@type\":\"Person\",\"@id\":\"https:\/\/conversesacatalunya.cat\/#\/schema\/person\/a7a9496a363cd9847daf7cd659d92e64\",\"name\":\"conversesacatalunya\",\"image\":{\"@type\":\"ImageObject\",\"inLanguage\":\"es\",\"@id\":\"https:\/\/conversesacatalunya.cat\/#\/schema\/person\/image\/\",\"url\":\"https:\/\/conversesacatalunya.cat\/wp-content\/litespeed\/avatar\/ff91582b44ff9c880dc9c5ac2f5c7e89.jpg?ver=1777372947\",\"contentUrl\":\"https:\/\/conversesacatalunya.cat\/wp-content\/litespeed\/avatar\/ff91582b44ff9c880dc9c5ac2f5c7e89.jpg?ver=1777372947\",\"caption\":\"conversesacatalunya\"},\"url\":\"https:\/\/conversesacatalunya.cat\/es\/author\/francisco_garcia\/\"}]}<\/script>\n<!-- \/ Yoast SEO plugin. -->","yoast_head_json":{"title":"La UE da un respiro al motor de combusti\u00f3n -","description":"Seg\u00fan los \u00faltimos datos la UE apostar\u00eda por la relajaci\u00f3n de la normativa de los coches de combusti\u00f3n para suavizar la presi\u00f3n","robots":{"index":"index","follow":"follow","max-snippet":"max-snippet:-1","max-image-preview":"max-image-preview:large","max-video-preview":"max-video-preview:-1"},"canonical":"https:\/\/conversesacatalunya.cat\/es\/la-ue-da-un-respiro-al-motor-de-combustion\/","og_locale":"es_ES","og_type":"article","og_title":"La UE da un respiro al motor de combusti\u00f3n -","og_description":"Seg\u00fan los \u00faltimos datos la UE apostar\u00eda por la relajaci\u00f3n de la normativa de los coches de combusti\u00f3n para suavizar la presi\u00f3n","og_url":"https:\/\/conversesacatalunya.cat\/es\/la-ue-da-un-respiro-al-motor-de-combustion\/","og_site_name":"Converses a Catalunya","article_published_time":"2021-04-27T09:53:40+00:00","og_image":[{"width":1028,"height":698,"url":"https:\/\/conversesacatalunya.cat\/wp-content\/uploads\/2021\/04\/Capture-12.png","type":"image\/png"}],"author":"conversesacatalunya","twitter_card":"summary_large_image","twitter_misc":{"Escrito por":"conversesacatalunya","Tiempo de lectura":"3 minutos"},"schema":{"@context":"https:\/\/schema.org","@graph":[{"@type":"Article","@id":"https:\/\/conversesacatalunya.cat\/es\/la-ue-da-un-respiro-al-motor-de-combustion\/#article","isPartOf":{"@id":"https:\/\/conversesacatalunya.cat\/es\/la-ue-da-un-respiro-al-motor-de-combustion\/"},"author":{"name":"conversesacatalunya","@id":"https:\/\/conversesacatalunya.cat\/#\/schema\/person\/a7a9496a363cd9847daf7cd659d92e64"},"headline":"La UE da un respiro al motor de combusti\u00f3n","datePublished":"2021-04-27T09:53:40+00:00","mainEntityOfPage":{"@id":"https:\/\/conversesacatalunya.cat\/es\/la-ue-da-un-respiro-al-motor-de-combustion\/"},"wordCount":559,"commentCount":0,"image":{"@id":"https:\/\/conversesacatalunya.cat\/es\/la-ue-da-un-respiro-al-motor-de-combustion\/#primaryimage"},"thumbnailUrl":"https:\/\/conversesacatalunya.cat\/wp-content\/uploads\/2021\/04\/Capture-12.png","keywords":["Autom\u00f2bil","autom\u00f3vil","Autom\u00f3vil el\u00e9ctrico","Contaminaci\u00f3n","Sector del autom\u00f3vil","UE"],"articleSection":["Punts clau del dia (ES)"],"inLanguage":"es","potentialAction":[{"@type":"CommentAction","name":"Comment","target":["https:\/\/conversesacatalunya.cat\/es\/la-ue-da-un-respiro-al-motor-de-combustion\/#respond"]}]},{"@type":"WebPage","@id":"https:\/\/conversesacatalunya.cat\/es\/la-ue-da-un-respiro-al-motor-de-combustion\/","url":"https:\/\/conversesacatalunya.cat\/es\/la-ue-da-un-respiro-al-motor-de-combustion\/","name":"La UE da un respiro al motor de combusti\u00f3n -","isPartOf":{"@id":"https:\/\/conversesacatalunya.cat\/#website"},"primaryImageOfPage":{"@id":"https:\/\/conversesacatalunya.cat\/es\/la-ue-da-un-respiro-al-motor-de-combustion\/#primaryimage"},"image":{"@id":"https:\/\/conversesacatalunya.cat\/es\/la-ue-da-un-respiro-al-motor-de-combustion\/#primaryimage"},"thumbnailUrl":"https:\/\/conversesacatalunya.cat\/wp-content\/uploads\/2021\/04\/Capture-12.png","datePublished":"2021-04-27T09:53:40+00:00","author":{"@id":"https:\/\/conversesacatalunya.cat\/#\/schema\/person\/a7a9496a363cd9847daf7cd659d92e64"},"description":"Seg\u00fan los \u00faltimos datos la UE apostar\u00eda por la relajaci\u00f3n de la normativa de los coches de combusti\u00f3n para suavizar la presi\u00f3n","breadcrumb":{"@id":"https:\/\/conversesacatalunya.cat\/es\/la-ue-da-un-respiro-al-motor-de-combustion\/#breadcrumb"},"inLanguage":"es","potentialAction":[{"@type":"ReadAction","target":["https:\/\/conversesacatalunya.cat\/es\/la-ue-da-un-respiro-al-motor-de-combustion\/"]}]},{"@type":"ImageObject","inLanguage":"es","@id":"https:\/\/conversesacatalunya.cat\/es\/la-ue-da-un-respiro-al-motor-de-combustion\/#primaryimage","url":"https:\/\/conversesacatalunya.cat\/wp-content\/uploads\/2021\/04\/Capture-12.png","contentUrl":"https:\/\/conversesacatalunya.cat\/wp-content\/uploads\/2021\/04\/Capture-12.png","width":1028,"height":698,"caption":"combusti\u00f3"},{"@type":"BreadcrumbList","@id":"https:\/\/conversesacatalunya.cat\/es\/la-ue-da-un-respiro-al-motor-de-combustion\/#breadcrumb","itemListElement":[{"@type":"ListItem","position":1,"name":"Inici","item":"https:\/\/conversesacatalunya.cat\/es\/"},{"@type":"ListItem","position":2,"name":"La UE da un respiro al motor de combusti\u00f3n"}]},{"@type":"WebSite","@id":"https:\/\/conversesacatalunya.cat\/#website","url":"https:\/\/conversesacatalunya.cat\/","name":"Converses a Catalunya","description":"","potentialAction":[{"@type":"SearchAction","target":{"@type":"EntryPoint","urlTemplate":"https:\/\/conversesacatalunya.cat\/?s={search_term_string}"},"query-input":{"@type":"PropertyValueSpecification","valueRequired":true,"valueName":"search_term_string"}}],"inLanguage":"es"},{"@type":"Person","@id":"https:\/\/conversesacatalunya.cat\/#\/schema\/person\/a7a9496a363cd9847daf7cd659d92e64","name":"conversesacatalunya","image":{"@type":"ImageObject","inLanguage":"es","@id":"https:\/\/conversesacatalunya.cat\/#\/schema\/person\/image\/","url":"https:\/\/conversesacatalunya.cat\/wp-content\/litespeed\/avatar\/ff91582b44ff9c880dc9c5ac2f5c7e89.jpg?ver=1777372947","contentUrl":"https:\/\/conversesacatalunya.cat\/wp-content\/litespeed\/avatar\/ff91582b44ff9c880dc9c5ac2f5c7e89.jpg?ver=1777372947","caption":"conversesacatalunya"},"url":"https:\/\/conversesacatalunya.cat\/es\/author\/francisco_garcia\/"}]}},"wps_subtitle":"Seg\u00fan los \u00faltimos datos la UE apostar\u00eda por la relajaci\u00f3n de la normativa de los coches de combusti\u00f3n para suavizar la presi\u00f3n sobre la industria del autom\u00f3vil","_links":{"self":[{"href":"https:\/\/conversesacatalunya.cat\/es\/wp-json\/wp\/v2\/posts\/47392","targetHints":{"allow":["GET"]}}],"collection":[{"href":"https:\/\/conversesacatalunya.cat\/es\/wp-json\/wp\/v2\/posts"}],"about":[{"href":"https:\/\/conversesacatalunya.cat\/es\/wp-json\/wp\/v2\/types\/post"}],"author":[{"embeddable":true,"href":"https:\/\/conversesacatalunya.cat\/es\/wp-json\/wp\/v2\/users\/20"}],"replies":[{"embeddable":true,"href":"https:\/\/conversesacatalunya.cat\/es\/wp-json\/wp\/v2\/comments?post=47392"}],"version-history":[{"count":3,"href":"https:\/\/conversesacatalunya.cat\/es\/wp-json\/wp\/v2\/posts\/47392\/revisions"}],"predecessor-version":[{"id":47395,"href":"https:\/\/conversesacatalunya.cat\/es\/wp-json\/wp\/v2\/posts\/47392\/revisions\/47395"}],"wp:featuredmedia":[{"embeddable":true,"href":"https:\/\/conversesacatalunya.cat\/es\/wp-json\/wp\/v2\/media\/47387"}],"wp:attachment":[{"href":"https:\/\/conversesacatalunya.cat\/es\/wp-json\/wp\/v2\/media?parent=47392"}],"wp:term":[{"taxonomy":"category","embeddable":true,"href":"https:\/\/conversesacatalunya.cat\/es\/wp-json\/wp\/v2\/categories?post=47392"},{"taxonomy":"post_tag","embeddable":true,"href":"https:\/\/conversesacatalunya.cat\/es\/wp-json\/wp\/v2\/tags?post=47392"}],"curies":[{"name":"wp","href":"https:\/\/api.w.org\/{rel}","templated":true}]}}