{"id":47380,"date":"2021-04-26T07:59:00","date_gmt":"2021-04-26T05:59:00","guid":{"rendered":"https:\/\/conversesacatalunya.cat\/conferencia-el-futur-deuropa\/"},"modified":"2021-04-27T11:45:43","modified_gmt":"2021-04-27T09:45:43","slug":"conferencia-futuro-europa","status":"publish","type":"post","link":"https:\/\/conversesacatalunya.cat\/es\/conferencia-futuro-europa\/","title":{"rendered":"El pr\u00f3ximo 9 de mayo comienza la Conferencia sobre el futuro de Europa"},"content":{"rendered":"<p><strong><span class=\"goog-text-highlight\">El arranque de la Conferencia sobre el futuro de Europa coincide con el d\u00eda de Europa, que se celebra cada a\u00f1o precisamente el 9 de mayo, en conmemoraci\u00f3n de la presentaci\u00f3n de la Declaraci\u00f3n Schumann en 1950,<\/span><\/strong><span class=\"goog-text-highlight\">\u00a0que dio lugar a la creaci\u00f3n de la primera Comunidad Europea, la CECA (Comunidad Europea del Carb\u00f3n y del Acero), con la que comenz\u00f3 el proceso de integraci\u00f3n europea por la v\u00eda comunitaria, que hoy todos conocemos con el nombre de Uni\u00f3n Europea ( UE). En aquella Declaraci\u00f3n, el entonces ministro de Asuntos Exteriores franc\u00e9s, Robert Schumann, uno de los\u00a0\u00a0<\/span><a href=\"https:\/\/conversesacatalunya.cat\/es\/la-identidad-europea-iii-cal-una-renovacio-profunda-de-la-ue\/\" target=\"_blank\" rel=\"noopener\"><span class=\"goog-text-highlight\">Padres de Europa<\/span><\/a>, propuso la creaci\u00f3n de una Europa unida que se fuera haciendo gradualmente, a trav\u00e9s de \u00abrealizaciones concretas\u00bb. La primera de ellas fue la puesta en com\u00fan de la producci\u00f3n del carb\u00f3n y del acero entre los seis Estados fundadores de la CECA: Francia, Alemania Occidental, Italia, Pa\u00edses Bajos, B\u00e9lgica y Luxemburgo.<\/p>\n<blockquote><p><strong>En su discurso de presentaci\u00f3n ante el Parlamento Europeo, el mes de julio de 2019, la nueva presidenta de la Comisi\u00f3n Europea, la alemana \u00darsula von der Leyen, se comprometi\u00f3 a convocar la Conferencia sobre el Futuro de Europa<\/strong><\/p><\/blockquote>\n<p><strong>En su discurso de presentaci\u00f3n ante el Parlamento Europeo, el mes de julio de 2019, la nueva presidenta de la Comisi\u00f3n Europea, la alemana \u00darsula von der Leyen, se comprometi\u00f3 a convocar la Conferencia sobre el Futuro de Europa<\/strong>\u00a0.\u00a0<strong>Dijo que se tratar\u00eda de un gran <\/strong><strong>evento<\/strong>,\u00a0<strong>abierto a la participaci\u00f3n de la ciudadan\u00eda europea, que se encargar\u00eda de establecer los grandes objetivos del futuro de la UE, para implementar a partir de 2022<\/strong>.\u00a0La presidenta agreg\u00f3 que \u00abse trata de dar un mayor peso a los ciudadanos europeos en la toma de decisiones en la UE\u00bb y que la Conferencia est\u00e1 programada para que sirva de oportunidad para \u00abreunir ciudadanos y decisores no s\u00f3lo para debatir los retos de presente y futuro de Europa, sino tambi\u00e9n para mejorar el funcionamiento de las instituciones europeas\u00bb.<\/p>\n<p><strong><span class=\"\">Esta propuesta de la Comisi\u00f3n se vio inmediatamente avalada por la presentaci\u00f3n, el mes de noviembre de 2019, de un documento informal (<\/span><em><span class=\"\">non paper)<\/span><\/em><span class=\"\">\u00a0elaborado por los dos Estados que forman el n\u00facleo duro de la UE &#8211; Francia y Alemania &#8211;<\/span><\/strong><span class=\"\">\u00a0\u00a0en el que invitaban al resto de Estados miembros a apoyar la Conferencia, que deber\u00eda revisar el estado de la UE e identificar las pol\u00edticas que \u00abse deben priorizar, reformar o mejorar\u00bb, abriendo incluso la puerta a una \u00abrevisi\u00f3n de los Tratados\u00bb.<\/span><\/p>\n<p><strong>Von der Leyen pensaba que la Conferencia podr\u00eda comenzar el 9 de mayo de 2020 y que durar\u00eda dos a\u00f1os, pero la llegada de la pandemia el a\u00f1o pasado lo alter\u00f3 casi todo y la Conferencia no fue una excepci\u00f3n<\/strong>.\u00a0Despu\u00e9s de algunos meses de tira y afloja, el 10 de marzo pasado se adopt\u00f3 una Declaraci\u00f3n com\u00fan firmada por la presidenta de la Comisi\u00f3n, el presidente del Parlamento Europeo, el italiano David Sassoli, y el presidente de Portugal, Antonio Costa, que ocupa durante el primer semestre del a\u00f1o en curso la Presidencia del Consejo de la UE.\u00a0Esta Declaraci\u00f3n establece que\u00a0<strong>la Conferencia comenzar\u00e1 el 12 de mayo de 2021 y finalizar\u00e1 en la primavera de 2022<\/strong>, en el marco de la presidencia semestral francesa de la UE. Su duraci\u00f3n ser\u00e1, por tanto, de un a\u00f1o y no de dos, como se hab\u00eda previsto inicialmente.<\/p>\n<h3><strong>Hasta ahora, los preparativos del gran acto se han dedicado principalmente a debatir sobre qui\u00e9n deb\u00eda presidir la Conferencia, m\u00e1s que sobre su contenido.<\/strong><\/h3>\n<p>Se ha desestimado como presidente la candidatura del parlamentario y ex primer ministro belga, Guy Verhofstadt, por ser considerado demasiado federalista.\u00a0Se acab\u00f3 acordando que ser\u00e1 presidida por los tres presidentes de la Comisi\u00f3n, Parlamento y Consejo.\u00a0Bajo la triple presidencia se crear\u00e1 un Comit\u00e9 Ejecutivo con igual representaci\u00f3n de las tres instituciones.\u00a0Los parlamentos nacionales tendr\u00e1n un estatuto de observadores.<\/p>\n<h4><strong>La Conferencia tiene muchos detractores<\/strong>.<\/h4>\n<p>Algunos argumentan que ahora es hora de priorizar la pandemia y no de abrir conferencias sobre el futuro de la integraci\u00f3n europea.\u00a0Otros piensan que la UE ya dispone de otros medios para conocer la opini\u00f3n de los ciudadanos sobre el futuro de la UE.\u00a0As\u00ed, el Parlamento Europeo es considerado como el foro m\u00e1s adecuado para debatir sobre estos temas y la publicaci\u00f3n denominada Eurobar\u00f3metro de la UE se dedica precisamente a sondear peri\u00f3dicamente la opini\u00f3n de los ciudadanos europeos.\u00a0A pesar de estas cr\u00edticas, todo indica que la Conferencia se acabar\u00e1 realizando.<\/p>\n<blockquote><p><strong>La idea principal subyacente de la Conferencia es que debe ser una oportunidad para implicar a la ciudadan\u00eda en lo posible y hacerla participar cada vez m\u00e1s en el proceso de integraci\u00f3n<\/strong><\/p><\/blockquote>\n<p><strong>La idea principal subyacente de la Conferencia es que debe ser una oportunidad para implicar a la ciudadan\u00eda en lo posible y hacerla participar cada vez m\u00e1s en el proceso de integraci\u00f3n.<\/strong> \u00a0Se considera que este proceso se ha hecho tradicionalmente de arriba hacia abajo, con poca participaci\u00f3n ciudadana. Durante sus primeras d\u00e9cadas, los ciudadanos se limitaban a dar su \u00abconsenso pasivo\u00bb a las propuestas o relatos que proven\u00edan de arriba, de las \u00e9lites pol\u00edticas y administrativas. Con el paso de los a\u00f1os, se ha comprobado que esta manera de hacer hab\u00eda que cambiar para <strong>abrirse m\u00e1s a la participaci\u00f3n ciudadana<\/strong>. Esto se ha visto muy claro tras el rechazo ciudadano de diferentes propuestas importantes propuestas desde las instituciones europeas. Los casos m\u00e1s emblem\u00e1ticos han sido el rechazo del proyecto de Tratado constitucional en 2005 en refer\u00e9ndum por parte de los Pa\u00edses Bajos y Francia, que supuso el fracaso del proyecto, o el rechazo dan\u00e9s tambi\u00e9n en refer\u00e9ndum al Tratado de Maastricht de 1992, creador del euro. <strong>Maastricht<\/strong> marc\u00f3 un antes y un despu\u00e9s en materia de \u00abconsenso pasivo\u00bb de los ciudadanos a las propuestas comunitarias europeas que llegaban de las alturas.<\/p>\n<h4><strong>La Conferencia quiere permitir un di\u00e1logo abierto sobre pol\u00edticas de la UE, procesos de toma de decisiones y cuestiones institucionales.<\/strong><\/h4>\n<p>Se ha anunciado que se debatir\u00e1n \u00edntegramente los puntos program\u00e1ticos de la Comisi\u00f3n Von der Leyen: lucha contra el cambio clim\u00e1tico, Pacto Verde, transici\u00f3n energ\u00e9tica, igualdad y justicia social, inmigraci\u00f3n, valores y derechos fundamentales, digitalizaci\u00f3n, papel de la UE en el mundo y futuro de la defensa europea. Obviamente la pandemia a\u00f1adir\u00e1 la salud como tema inevitable y previsiblemente tambi\u00e9n el plan\u00a0<em>Next Generation EU<\/em>\u00a0(NGEU) contra el virus, la movilizaci\u00f3n de los recursos financieros correspondientes y la relaci\u00f3n entre el acceso a los fondos europeos y el respeto a los valores fundamentales de la UE.<\/p>\n<p><strong>La presidenta de la Comisi\u00f3n se juega buena parte de su liderazgo con el \u00e9xito o el fracaso de la iniciativa.<\/strong>\u00a0Despu\u00e9s de quince a\u00f1os (2005-2019) de \u00abcrisis existencial\u00bb de la UE &#8211; seg\u00fan palabras pronunciadas por el anterior presidente, el luxemburgu\u00e9s Jean-Claude Juncker &#8211; la Comisi\u00f3n Von der Leyen (2019-2024) pretende un relanzamiento del proceso de integraci\u00f3n a trav\u00e9s de la consecuci\u00f3n de las metas propuestas en su programa de acci\u00f3n.<\/p>\n<p><strong>La Conferencia abre la puerta a todos los Estados miembros y a su ciudadan\u00eda a debatir sobre el futuro de la UE. En Bruselas las expectativas son altas.\u00a0<span class=\"goog-text-highlight\">Es razonable pensar que, para evitar una decepci\u00f3n,\u00a0<\/span><\/strong><strong><span class=\"goog-text-highlight\">como m\u00ednimo deber\u00edan alcanzar resultados como estos: vertebrar la consulta a la ciudadan\u00eda de manera permanente junto al funcionamiento normal de las instituciones, adopci\u00f3n de una hoja de ruta para las futuras reformas necesarias de la UE y aprobaci\u00f3n de alguna acci\u00f3n concreta, tangible y comprensible, que quedara claramente asociada a la Conferencia.<\/span><\/strong><\/p>\n<span class='bctt-click-to-tweet'><span class='bctt-ctt-text'><a href='https:\/\/twitter.com\/intent\/tweet?url=https%3A%2F%2Fconversesacatalunya.cat%2Fes%2Fconferencia-futuro-europa%2F&#038;text=La%20Conferencia%20comenzar%C3%A1%20el%2012%20de%20mayo%20de%202021%20y%20finalizar%C3%A1%20en%20la%20primavera%20de%202022%2C%20en%20el%20marco%20de%20la%20presidencia%20semestral%20francesa%20de%20la%20UE&#038;via=conversesacat&#038;related=conversesacat' target='_blank'rel=\"noopener noreferrer\">La Conferencia comenzar\u00e1 el 12 de mayo de 2021 y finalizar\u00e1 en la primavera de 2022, en el marco de la presidencia semestral francesa de la UE <\/a><\/span><a href='https:\/\/twitter.com\/intent\/tweet?url=https%3A%2F%2Fconversesacatalunya.cat%2Fes%2Fconferencia-futuro-europa%2F&#038;text=La%20Conferencia%20comenzar%C3%A1%20el%2012%20de%20mayo%20de%202021%20y%20finalizar%C3%A1%20en%20la%20primavera%20de%202022%2C%20en%20el%20marco%20de%20la%20presidencia%20semestral%20francesa%20de%20la%20UE&#038;via=conversesacat&#038;related=conversesacat' target='_blank' class='bctt-ctt-btn'rel=\"noopener noreferrer\">Compartir en X<\/a><\/span>\n<div id=\"polls-101\" class=\"wp-polls\">\n\t<form id=\"polls_form_101\" class=\"wp-polls-form\" action=\"\/index.php\" method=\"post\">\n\t\t<p style=\"display: none;\"><input type=\"hidden\" id=\"poll_101_nonce\" name=\"wp-polls-nonce\" value=\"6157ddd443\" \/><\/p>\n\t\t<p style=\"display: none;\"><input type=\"hidden\" name=\"poll_id\" value=\"101\" \/><\/p>\n\t\t<p style=\"text-align: center\"><strong>Creus que els partits pol\u00edtics han de practicar cordons sanitaris contra altres partits amb representaci\u00f3 parlament\u00e0ria?<\/strong><\/p><div id=\"polls-101-ans\" class=\"wp-polls-ans\"><ul class=\"wp-polls-ul\">\n\t\t<li><input type=\"radio\" id=\"poll-answer-237\" name=\"poll_101\" value=\"237\" \/> <label for=\"poll-answer-237\">Si<\/label><\/li>\n\t\t<li><input type=\"radio\" id=\"poll-answer-238\" name=\"poll_101\" value=\"238\" \/> <label for=\"poll-answer-238\">No<\/label><\/li>\n\t\t<\/ul><p style=\"text-align: center\"><input type=\"button\" name=\"vote\" value=\"   Vota   \" class=\"Buttons\" onclick=\"poll_vote(101);\" \/><\/p><p style=\"text-align: center\"><a href=\"#ViewPollResults\" onclick=\"poll_result(101); return false;\" title=\"View Results Of This Poll\">Mira els resultats<\/a><\/p><\/div>\n\t<\/form>\n<\/div>\n<div id=\"polls-101-loading\" class=\"wp-polls-loading\"><img decoding=\"async\" data-src=\"https:\/\/conversesacatalunya.cat\/wp-content\/plugins\/wp-polls\/images\/loading.gif\" width=\"16\" height=\"16\" alt=\"Cargando ...\" title=\"Cargando ...\" class=\"wp-polls-image lazyload\" src=\"data:image\/svg+xml;base64,PHN2ZyB3aWR0aD0iMSIgaGVpZ2h0PSIxIiB4bWxucz0iaHR0cDovL3d3dy53My5vcmcvMjAwMC9zdmciPjwvc3ZnPg==\" style=\"--smush-placeholder-width: 16px; --smush-placeholder-aspect-ratio: 16\/16;\" \/>&nbsp;Cargando ...<\/div>\n\n<p>&nbsp;<\/p>\n","protected":false},"excerpt":{"rendered":"<p>El arranque de la Conferencia sobre el futuro de Europa coincide con el d\u00eda de Europa, que se celebra cada a\u00f1o precisamente el 9 de mayo, en conmemoraci\u00f3n de la presentaci\u00f3n de la Declaraci\u00f3n Schumann en 1950,\u00a0que dio lugar a la creaci\u00f3n de la primera Comunidad Europea, la CECA (Comunidad Europea del Carb\u00f3n y del Acero), con la que comenz\u00f3 el proceso de integraci\u00f3n europea por la v\u00eda comunitaria, que hoy todos conocemos con el nombre de Uni\u00f3n Europea ( UE). En aquella Declaraci\u00f3n, el entonces ministro de Asuntos Exteriores franc\u00e9s, Robert Schumann, uno de los\u00a0\u00a0Padres de Europa, propuso la creaci\u00f3n de una Europa unida que se fuera haciendo gradualmente, a trav\u00e9s de \u00abrealizaciones concretas\u00bb. La primera de ellas fue la puesta en com\u00fan de la producci\u00f3n del carb\u00f3n y del acero entre los seis Estados fundadores de la CECA: Francia, Alemania Occidental, Italia, Pa\u00edses Bajos, B\u00e9lgica y Luxemburgo. En su discurso de presentaci\u00f3n ante el Parlamento Europeo, el mes de julio de 2019, la nueva presidenta de la Comisi\u00f3n Europea, la alemana \u00darsula von der Leyen, se comprometi\u00f3 a convocar la Conferencia sobre el Futuro de Europa En su discurso de presentaci\u00f3n ante el Parlamento Europeo, el mes de julio de 2019, la nueva presidenta de la Comisi\u00f3n Europea, la alemana \u00darsula von der Leyen, se comprometi\u00f3 a convocar la Conferencia sobre el Futuro de Europa\u00a0.\u00a0Dijo que se tratar\u00eda de un gran evento,\u00a0abierto a la participaci\u00f3n de la ciudadan\u00eda europea, que se encargar\u00eda de establecer los grandes objetivos del futuro de la UE, para implementar a partir de 2022.\u00a0La presidenta agreg\u00f3 que \u00abse trata de dar un mayor peso a los ciudadanos europeos en la toma de decisiones en la UE\u00bb y que la Conferencia est\u00e1 programada para que sirva de oportunidad para \u00abreunir ciudadanos y decisores no s\u00f3lo para debatir los retos de presente y futuro de Europa, sino tambi\u00e9n para mejorar el funcionamiento de las instituciones europeas\u00bb. Esta propuesta de la Comisi\u00f3n se vio inmediatamente avalada por la presentaci\u00f3n, el mes de noviembre de 2019, de un documento informal (non paper)\u00a0elaborado por los dos Estados que forman el n\u00facleo duro de la UE &#8211; Francia y Alemania &#8211;\u00a0\u00a0en el que invitaban al resto de Estados miembros a apoyar la Conferencia, que deber\u00eda revisar el estado de la UE e identificar las pol\u00edticas que \u00abse deben priorizar, reformar o mejorar\u00bb, abriendo incluso la puerta a una \u00abrevisi\u00f3n de los Tratados\u00bb. Von der Leyen pensaba que la Conferencia podr\u00eda comenzar el 9 de mayo de 2020 y que durar\u00eda dos a\u00f1os, pero la llegada de la pandemia el a\u00f1o pasado lo alter\u00f3 casi todo y la Conferencia no fue una excepci\u00f3n.\u00a0Despu\u00e9s de algunos meses de tira y afloja, el 10 de marzo pasado se adopt\u00f3 una Declaraci\u00f3n com\u00fan firmada por la presidenta de la Comisi\u00f3n, el presidente del Parlamento Europeo, el italiano David Sassoli, y el presidente de Portugal, Antonio Costa, que ocupa durante el primer semestre del a\u00f1o en curso la Presidencia del Consejo de la UE.\u00a0Esta Declaraci\u00f3n establece que\u00a0la Conferencia comenzar\u00e1 el 12 de mayo de 2021 y finalizar\u00e1 en la primavera de 2022, en el marco de la presidencia semestral francesa de la UE. Su duraci\u00f3n ser\u00e1, por tanto, de un a\u00f1o y no de dos, como se hab\u00eda previsto inicialmente. Hasta ahora, los preparativos del gran acto se han dedicado principalmente a debatir sobre qui\u00e9n deb\u00eda presidir la Conferencia, m\u00e1s que sobre su contenido. Se ha desestimado como presidente la candidatura del parlamentario y ex primer ministro belga, Guy Verhofstadt, por ser considerado demasiado federalista.\u00a0Se acab\u00f3 acordando que ser\u00e1 presidida por los tres presidentes de la Comisi\u00f3n, Parlamento y Consejo.\u00a0Bajo la triple presidencia se crear\u00e1 un Comit\u00e9 Ejecutivo con igual representaci\u00f3n de las tres instituciones.\u00a0Los parlamentos nacionales tendr\u00e1n un estatuto de observadores. La Conferencia tiene muchos detractores. Algunos argumentan que ahora es hora de priorizar la pandemia y no de abrir conferencias sobre el futuro de la integraci\u00f3n europea.\u00a0Otros piensan que la UE ya dispone de otros medios para conocer la opini\u00f3n de los ciudadanos sobre el futuro de la UE.\u00a0As\u00ed, el Parlamento Europeo es considerado como el foro m\u00e1s adecuado para debatir sobre estos temas y la publicaci\u00f3n denominada Eurobar\u00f3metro de la UE se dedica precisamente a sondear peri\u00f3dicamente la opini\u00f3n de los ciudadanos europeos.\u00a0A pesar de estas cr\u00edticas, todo indica que la Conferencia se acabar\u00e1 realizando. La idea principal subyacente de la Conferencia es que debe ser una oportunidad para implicar a la ciudadan\u00eda en lo posible y hacerla participar cada vez m\u00e1s en el proceso de integraci\u00f3n La idea principal subyacente de la Conferencia es que debe ser una oportunidad para implicar a la ciudadan\u00eda en lo posible y hacerla participar cada vez m\u00e1s en el proceso de integraci\u00f3n. \u00a0Se considera que este proceso se ha hecho tradicionalmente de arriba hacia abajo, con poca participaci\u00f3n ciudadana. Durante sus primeras d\u00e9cadas, los ciudadanos se limitaban a dar su \u00abconsenso pasivo\u00bb a las propuestas o relatos que proven\u00edan de arriba, de las \u00e9lites pol\u00edticas y administrativas. Con el paso de los a\u00f1os, se ha comprobado que esta manera de hacer hab\u00eda que cambiar para abrirse m\u00e1s a la participaci\u00f3n ciudadana. Esto se ha visto muy claro tras el rechazo ciudadano de diferentes propuestas importantes propuestas desde las instituciones europeas. Los casos m\u00e1s emblem\u00e1ticos han sido el rechazo del proyecto de Tratado constitucional en 2005 en refer\u00e9ndum por parte de los Pa\u00edses Bajos y Francia, que supuso el fracaso del proyecto, o el rechazo dan\u00e9s tambi\u00e9n en refer\u00e9ndum al Tratado de Maastricht de 1992, creador del euro. Maastricht marc\u00f3 un antes y un despu\u00e9s en materia de \u00abconsenso pasivo\u00bb de los ciudadanos a las propuestas comunitarias europeas que llegaban de las alturas. La Conferencia quiere permitir un di\u00e1logo abierto sobre pol\u00edticas de la UE, procesos de toma de decisiones y cuestiones institucionales. Se ha anunciado que se debatir\u00e1n \u00edntegramente los puntos program\u00e1ticos de la Comisi\u00f3n Von der Leyen: lucha contra el cambio clim\u00e1tico, Pacto Verde, transici\u00f3n energ\u00e9tica, igualdad y justicia social, inmigraci\u00f3n, valores y&#8230;<\/p>\n","protected":false},"author":38,"featured_media":47366,"comment_status":"open","ping_status":"open","sticky":false,"template":"","format":"standard","meta":{"_FSMCFIC_featured_image_caption":"","_FSMCFIC_featured_image_nocaption":"","_FSMCFIC_featured_image_hide":"","footnotes":""},"categories":[798],"tags":[1683,3702,875,2903],"class_list":["post-47380","post","type-post","status-publish","format-standard","has-post-thumbnail","hentry","category-pro-europa-es","tag-comision-europea-es","tag-conferencia-sobre-el-futuro-de-europa","tag-europa-es","tag-padres-de-europa"],"yoast_head":"<!-- This site is optimized with the Yoast SEO plugin v26.8 - https:\/\/yoast.com\/product\/yoast-seo-wordpress\/ -->\n<title>El pr\u00f3ximo 9 de mayo comienza la Conferencia sobre el futuro de Europa - Converses a Catalunya<\/title>\n<meta name=\"description\" content=\"El arranque de la Conferencia sobre el futuro de Europa coincide con el d\u00eda de Europa, que se celebra cada a\u00f1o precisamente el 9 de mayo\" \/>\n<meta name=\"robots\" content=\"index, follow, max-snippet:-1, max-image-preview:large, max-video-preview:-1\" \/>\n<link rel=\"canonical\" href=\"https:\/\/conversesacatalunya.cat\/es\/conferencia-futuro-europa\/\" \/>\n<meta property=\"og:locale\" content=\"es_ES\" \/>\n<meta property=\"og:type\" content=\"article\" \/>\n<meta property=\"og:title\" content=\"El pr\u00f3ximo 9 de mayo comienza la Conferencia sobre el futuro de Europa - Converses a Catalunya\" \/>\n<meta property=\"og:description\" content=\"El arranque de la Conferencia sobre el futuro de Europa coincide con el d\u00eda de Europa, que se celebra cada a\u00f1o precisamente el 9 de mayo\" \/>\n<meta property=\"og:url\" content=\"https:\/\/conversesacatalunya.cat\/es\/conferencia-futuro-europa\/\" \/>\n<meta property=\"og:site_name\" content=\"Converses a Catalunya\" \/>\n<meta property=\"article:published_time\" content=\"2021-04-26T05:59:00+00:00\" \/>\n<meta property=\"article:modified_time\" content=\"2021-04-27T09:45:43+00:00\" \/>\n<meta property=\"og:image\" content=\"https:\/\/conversesacatalunya.cat\/wp-content\/uploads\/2021\/04\/conferencia-sobre-el-futur-dEuropa.jpg\" \/>\n\t<meta property=\"og:image:width\" content=\"640\" \/>\n\t<meta property=\"og:image:height\" content=\"427\" \/>\n\t<meta property=\"og:image:type\" content=\"image\/jpeg\" \/>\n<meta name=\"author\" content=\"Victor Pou\" \/>\n<meta name=\"twitter:card\" content=\"summary_large_image\" \/>\n<meta name=\"twitter:label1\" content=\"Escrito por\" \/>\n\t<meta name=\"twitter:data1\" content=\"Victor Pou\" \/>\n\t<meta name=\"twitter:label2\" content=\"Tiempo de lectura\" \/>\n\t<meta name=\"twitter:data2\" content=\"6 minutos\" \/>\n<script type=\"application\/ld+json\" class=\"yoast-schema-graph\">{\"@context\":\"https:\/\/schema.org\",\"@graph\":[{\"@type\":\"Article\",\"@id\":\"https:\/\/conversesacatalunya.cat\/es\/conferencia-futuro-europa\/#article\",\"isPartOf\":{\"@id\":\"https:\/\/conversesacatalunya.cat\/es\/conferencia-futuro-europa\/\"},\"author\":{\"name\":\"Victor Pou\",\"@id\":\"https:\/\/conversesacatalunya.cat\/#\/schema\/person\/1b0082ee920b837be791bee630d460b2\"},\"headline\":\"El pr\u00f3ximo 9 de mayo comienza la Conferencia sobre el futuro de Europa\",\"datePublished\":\"2021-04-26T05:59:00+00:00\",\"dateModified\":\"2021-04-27T09:45:43+00:00\",\"mainEntityOfPage\":{\"@id\":\"https:\/\/conversesacatalunya.cat\/es\/conferencia-futuro-europa\/\"},\"wordCount\":1386,\"commentCount\":0,\"image\":{\"@id\":\"https:\/\/conversesacatalunya.cat\/es\/conferencia-futuro-europa\/#primaryimage\"},\"thumbnailUrl\":\"https:\/\/conversesacatalunya.cat\/wp-content\/uploads\/2021\/04\/conferencia-sobre-el-futur-dEuropa.jpg\",\"keywords\":[\"comisi\u00f3n europea\",\"Conferencia sobre el futuro de Europa\",\"Europa\",\"Padres de Europa\"],\"articleSection\":[\"Pro Europa (ES)\"],\"inLanguage\":\"es\",\"potentialAction\":[{\"@type\":\"CommentAction\",\"name\":\"Comment\",\"target\":[\"https:\/\/conversesacatalunya.cat\/es\/conferencia-futuro-europa\/#respond\"]}]},{\"@type\":\"WebPage\",\"@id\":\"https:\/\/conversesacatalunya.cat\/es\/conferencia-futuro-europa\/\",\"url\":\"https:\/\/conversesacatalunya.cat\/es\/conferencia-futuro-europa\/\",\"name\":\"El pr\u00f3ximo 9 de mayo comienza la Conferencia sobre el futuro de Europa - Converses a Catalunya\",\"isPartOf\":{\"@id\":\"https:\/\/conversesacatalunya.cat\/#website\"},\"primaryImageOfPage\":{\"@id\":\"https:\/\/conversesacatalunya.cat\/es\/conferencia-futuro-europa\/#primaryimage\"},\"image\":{\"@id\":\"https:\/\/conversesacatalunya.cat\/es\/conferencia-futuro-europa\/#primaryimage\"},\"thumbnailUrl\":\"https:\/\/conversesacatalunya.cat\/wp-content\/uploads\/2021\/04\/conferencia-sobre-el-futur-dEuropa.jpg\",\"datePublished\":\"2021-04-26T05:59:00+00:00\",\"dateModified\":\"2021-04-27T09:45:43+00:00\",\"author\":{\"@id\":\"https:\/\/conversesacatalunya.cat\/#\/schema\/person\/1b0082ee920b837be791bee630d460b2\"},\"description\":\"El arranque de la Conferencia sobre el futuro de Europa coincide con el d\u00eda de Europa, que se celebra cada a\u00f1o precisamente el 9 de mayo\",\"breadcrumb\":{\"@id\":\"https:\/\/conversesacatalunya.cat\/es\/conferencia-futuro-europa\/#breadcrumb\"},\"inLanguage\":\"es\",\"potentialAction\":[{\"@type\":\"ReadAction\",\"target\":[\"https:\/\/conversesacatalunya.cat\/es\/conferencia-futuro-europa\/\"]}]},{\"@type\":\"ImageObject\",\"inLanguage\":\"es\",\"@id\":\"https:\/\/conversesacatalunya.cat\/es\/conferencia-futuro-europa\/#primaryimage\",\"url\":\"https:\/\/conversesacatalunya.cat\/wp-content\/uploads\/2021\/04\/conferencia-sobre-el-futur-dEuropa.jpg\",\"contentUrl\":\"https:\/\/conversesacatalunya.cat\/wp-content\/uploads\/2021\/04\/conferencia-sobre-el-futur-dEuropa.jpg\",\"width\":640,\"height\":427,\"caption\":\"Conferencia sobre el futuro de Europa\"},{\"@type\":\"BreadcrumbList\",\"@id\":\"https:\/\/conversesacatalunya.cat\/es\/conferencia-futuro-europa\/#breadcrumb\",\"itemListElement\":[{\"@type\":\"ListItem\",\"position\":1,\"name\":\"Inici\",\"item\":\"https:\/\/conversesacatalunya.cat\/es\/\"},{\"@type\":\"ListItem\",\"position\":2,\"name\":\"El pr\u00f3ximo 9 de mayo comienza la Conferencia sobre el futuro de Europa\"}]},{\"@type\":\"WebSite\",\"@id\":\"https:\/\/conversesacatalunya.cat\/#website\",\"url\":\"https:\/\/conversesacatalunya.cat\/\",\"name\":\"Converses a Catalunya\",\"description\":\"\",\"potentialAction\":[{\"@type\":\"SearchAction\",\"target\":{\"@type\":\"EntryPoint\",\"urlTemplate\":\"https:\/\/conversesacatalunya.cat\/?s={search_term_string}\"},\"query-input\":{\"@type\":\"PropertyValueSpecification\",\"valueRequired\":true,\"valueName\":\"search_term_string\"}}],\"inLanguage\":\"es\"},{\"@type\":\"Person\",\"@id\":\"https:\/\/conversesacatalunya.cat\/#\/schema\/person\/1b0082ee920b837be791bee630d460b2\",\"name\":\"Victor Pou\",\"image\":{\"@type\":\"ImageObject\",\"inLanguage\":\"es\",\"@id\":\"https:\/\/conversesacatalunya.cat\/#\/schema\/person\/image\/\",\"url\":\"https:\/\/conversesacatalunya.cat\/wp-content\/litespeed\/avatar\/b9b32a5f987117ce72836d050f735d2b.jpg?ver=1777366285\",\"contentUrl\":\"https:\/\/conversesacatalunya.cat\/wp-content\/litespeed\/avatar\/b9b32a5f987117ce72836d050f735d2b.jpg?ver=1777366285\",\"caption\":\"Victor Pou\"},\"url\":\"https:\/\/conversesacatalunya.cat\/es\/author\/victor_pou\/\"}]}<\/script>\n<!-- \/ Yoast SEO plugin. -->","yoast_head_json":{"title":"El pr\u00f3ximo 9 de mayo comienza la Conferencia sobre el futuro de Europa - Converses a Catalunya","description":"El arranque de la Conferencia sobre el futuro de Europa coincide con el d\u00eda de Europa, que se celebra cada a\u00f1o precisamente el 9 de mayo","robots":{"index":"index","follow":"follow","max-snippet":"max-snippet:-1","max-image-preview":"max-image-preview:large","max-video-preview":"max-video-preview:-1"},"canonical":"https:\/\/conversesacatalunya.cat\/es\/conferencia-futuro-europa\/","og_locale":"es_ES","og_type":"article","og_title":"El pr\u00f3ximo 9 de mayo comienza la Conferencia sobre el futuro de Europa - Converses a Catalunya","og_description":"El arranque de la Conferencia sobre el futuro de Europa coincide con el d\u00eda de Europa, que se celebra cada a\u00f1o precisamente el 9 de mayo","og_url":"https:\/\/conversesacatalunya.cat\/es\/conferencia-futuro-europa\/","og_site_name":"Converses a Catalunya","article_published_time":"2021-04-26T05:59:00+00:00","article_modified_time":"2021-04-27T09:45:43+00:00","og_image":[{"width":640,"height":427,"url":"https:\/\/conversesacatalunya.cat\/wp-content\/uploads\/2021\/04\/conferencia-sobre-el-futur-dEuropa.jpg","type":"image\/jpeg"}],"author":"Victor Pou","twitter_card":"summary_large_image","twitter_misc":{"Escrito por":"Victor Pou","Tiempo de lectura":"6 minutos"},"schema":{"@context":"https:\/\/schema.org","@graph":[{"@type":"Article","@id":"https:\/\/conversesacatalunya.cat\/es\/conferencia-futuro-europa\/#article","isPartOf":{"@id":"https:\/\/conversesacatalunya.cat\/es\/conferencia-futuro-europa\/"},"author":{"name":"Victor Pou","@id":"https:\/\/conversesacatalunya.cat\/#\/schema\/person\/1b0082ee920b837be791bee630d460b2"},"headline":"El pr\u00f3ximo 9 de mayo comienza la Conferencia sobre el futuro de Europa","datePublished":"2021-04-26T05:59:00+00:00","dateModified":"2021-04-27T09:45:43+00:00","mainEntityOfPage":{"@id":"https:\/\/conversesacatalunya.cat\/es\/conferencia-futuro-europa\/"},"wordCount":1386,"commentCount":0,"image":{"@id":"https:\/\/conversesacatalunya.cat\/es\/conferencia-futuro-europa\/#primaryimage"},"thumbnailUrl":"https:\/\/conversesacatalunya.cat\/wp-content\/uploads\/2021\/04\/conferencia-sobre-el-futur-dEuropa.jpg","keywords":["comisi\u00f3n europea","Conferencia sobre el futuro de Europa","Europa","Padres de Europa"],"articleSection":["Pro Europa (ES)"],"inLanguage":"es","potentialAction":[{"@type":"CommentAction","name":"Comment","target":["https:\/\/conversesacatalunya.cat\/es\/conferencia-futuro-europa\/#respond"]}]},{"@type":"WebPage","@id":"https:\/\/conversesacatalunya.cat\/es\/conferencia-futuro-europa\/","url":"https:\/\/conversesacatalunya.cat\/es\/conferencia-futuro-europa\/","name":"El pr\u00f3ximo 9 de mayo comienza la Conferencia sobre el futuro de Europa - Converses a Catalunya","isPartOf":{"@id":"https:\/\/conversesacatalunya.cat\/#website"},"primaryImageOfPage":{"@id":"https:\/\/conversesacatalunya.cat\/es\/conferencia-futuro-europa\/#primaryimage"},"image":{"@id":"https:\/\/conversesacatalunya.cat\/es\/conferencia-futuro-europa\/#primaryimage"},"thumbnailUrl":"https:\/\/conversesacatalunya.cat\/wp-content\/uploads\/2021\/04\/conferencia-sobre-el-futur-dEuropa.jpg","datePublished":"2021-04-26T05:59:00+00:00","dateModified":"2021-04-27T09:45:43+00:00","author":{"@id":"https:\/\/conversesacatalunya.cat\/#\/schema\/person\/1b0082ee920b837be791bee630d460b2"},"description":"El arranque de la Conferencia sobre el futuro de Europa coincide con el d\u00eda de Europa, que se celebra cada a\u00f1o precisamente el 9 de mayo","breadcrumb":{"@id":"https:\/\/conversesacatalunya.cat\/es\/conferencia-futuro-europa\/#breadcrumb"},"inLanguage":"es","potentialAction":[{"@type":"ReadAction","target":["https:\/\/conversesacatalunya.cat\/es\/conferencia-futuro-europa\/"]}]},{"@type":"ImageObject","inLanguage":"es","@id":"https:\/\/conversesacatalunya.cat\/es\/conferencia-futuro-europa\/#primaryimage","url":"https:\/\/conversesacatalunya.cat\/wp-content\/uploads\/2021\/04\/conferencia-sobre-el-futur-dEuropa.jpg","contentUrl":"https:\/\/conversesacatalunya.cat\/wp-content\/uploads\/2021\/04\/conferencia-sobre-el-futur-dEuropa.jpg","width":640,"height":427,"caption":"Conferencia sobre el futuro de Europa"},{"@type":"BreadcrumbList","@id":"https:\/\/conversesacatalunya.cat\/es\/conferencia-futuro-europa\/#breadcrumb","itemListElement":[{"@type":"ListItem","position":1,"name":"Inici","item":"https:\/\/conversesacatalunya.cat\/es\/"},{"@type":"ListItem","position":2,"name":"El pr\u00f3ximo 9 de mayo comienza la Conferencia sobre el futuro de Europa"}]},{"@type":"WebSite","@id":"https:\/\/conversesacatalunya.cat\/#website","url":"https:\/\/conversesacatalunya.cat\/","name":"Converses a Catalunya","description":"","potentialAction":[{"@type":"SearchAction","target":{"@type":"EntryPoint","urlTemplate":"https:\/\/conversesacatalunya.cat\/?s={search_term_string}"},"query-input":{"@type":"PropertyValueSpecification","valueRequired":true,"valueName":"search_term_string"}}],"inLanguage":"es"},{"@type":"Person","@id":"https:\/\/conversesacatalunya.cat\/#\/schema\/person\/1b0082ee920b837be791bee630d460b2","name":"Victor Pou","image":{"@type":"ImageObject","inLanguage":"es","@id":"https:\/\/conversesacatalunya.cat\/#\/schema\/person\/image\/","url":"https:\/\/conversesacatalunya.cat\/wp-content\/litespeed\/avatar\/b9b32a5f987117ce72836d050f735d2b.jpg?ver=1777366285","contentUrl":"https:\/\/conversesacatalunya.cat\/wp-content\/litespeed\/avatar\/b9b32a5f987117ce72836d050f735d2b.jpg?ver=1777366285","caption":"Victor Pou"},"url":"https:\/\/conversesacatalunya.cat\/es\/author\/victor_pou\/"}]}},"wps_subtitle":"Una iniciativa de di\u00e1logo entre las instituciones europeas y la sociedad civil, inspirada en anteriores consultas ciudadanas organizadas por la UE","_links":{"self":[{"href":"https:\/\/conversesacatalunya.cat\/es\/wp-json\/wp\/v2\/posts\/47380","targetHints":{"allow":["GET"]}}],"collection":[{"href":"https:\/\/conversesacatalunya.cat\/es\/wp-json\/wp\/v2\/posts"}],"about":[{"href":"https:\/\/conversesacatalunya.cat\/es\/wp-json\/wp\/v2\/types\/post"}],"author":[{"embeddable":true,"href":"https:\/\/conversesacatalunya.cat\/es\/wp-json\/wp\/v2\/users\/38"}],"replies":[{"embeddable":true,"href":"https:\/\/conversesacatalunya.cat\/es\/wp-json\/wp\/v2\/comments?post=47380"}],"version-history":[{"count":5,"href":"https:\/\/conversesacatalunya.cat\/es\/wp-json\/wp\/v2\/posts\/47380\/revisions"}],"predecessor-version":[{"id":47427,"href":"https:\/\/conversesacatalunya.cat\/es\/wp-json\/wp\/v2\/posts\/47380\/revisions\/47427"}],"wp:featuredmedia":[{"embeddable":true,"href":"https:\/\/conversesacatalunya.cat\/es\/wp-json\/wp\/v2\/media\/47366"}],"wp:attachment":[{"href":"https:\/\/conversesacatalunya.cat\/es\/wp-json\/wp\/v2\/media?parent=47380"}],"wp:term":[{"taxonomy":"category","embeddable":true,"href":"https:\/\/conversesacatalunya.cat\/es\/wp-json\/wp\/v2\/categories?post=47380"},{"taxonomy":"post_tag","embeddable":true,"href":"https:\/\/conversesacatalunya.cat\/es\/wp-json\/wp\/v2\/tags?post=47380"}],"curies":[{"name":"wp","href":"https:\/\/api.w.org\/{rel}","templated":true}]}}