{"id":47147,"date":"2021-04-19T11:00:14","date_gmt":"2021-04-19T09:00:14","guid":{"rendered":"https:\/\/conversesacatalunya.cat\/ministeri-treball-repartira-3-500-milions-deuros-amb-condicionants\/"},"modified":"2021-04-19T11:11:01","modified_gmt":"2021-04-19T09:11:01","slug":"el-ministerio-de-trabajo-repartira-3-500-millones-de-euros-con-condicionantes","status":"publish","type":"post","link":"https:\/\/conversesacatalunya.cat\/es\/el-ministerio-de-trabajo-repartira-3-500-millones-de-euros-con-condicionantes\/","title":{"rendered":"El Ministerio de Trabajo repartir\u00e1 3.500 millones de euros con condicionantes"},"content":{"rendered":"<p>En dos semanas, el 28 de abril, las Comunidades Aut\u00f3nomas est\u00e1n convocadas por el gobierno para <strong>negociar el reparto de 2.100 millones de euros<\/strong>. El objetivo es la puesta en marcha de todo un nuevo sistema de pol\u00edticas activas de empleo para reducir el paro en sus respectivos territorios. El volumen presupuestario destinado a este fin supera los 3.500 millones de euros si se incluyen m\u00e1s de 1.100 millones con los que el Ministerio de Trabajo impulsar\u00e1 por su cuenta estas medidas, adem\u00e1s de otros 258 millones para fomentar el empleo agrario.<\/p>\n<p>As\u00ed lo han detallado la vicepresidenta tercera del Gobierno y ministra de Trabajo, Yolanda D\u00edaz, y el secretario de Estado de Empleo, Joaqu\u00edn P\u00e9rez Rey, durante la presentaci\u00f3n de la propuesta para la Conferencia Sectorial en materia de pol\u00edticas activas de empleo.<\/p>\n<p>Entre las principales novedades D\u00edaz ha explicado que el reparto de los fondos a las regiones <strong>estar\u00e1 condicionado al cumplimiento de una serie de objetivos y resultados<\/strong>, de forma que habr\u00e1 \u201cbonus positivos y negativos\u201d y \u201ccambia radicalmente el modelo\u201d. En este sentido, ha indicado que hay \u201cejemplos\u201d de CCAA que han desplegado buenas <a href=\"https:\/\/conversesacatalunya.cat\/es\/trabajo-jornada-completa\/\" target=\"_blank\" rel=\"noopener\">pol\u00edticas de empleo<\/a> y \u201cotras que no\u201d, por lo que se van a condicionar los recursos a resultados y har\u00e1 una \u201cevaluaci\u00f3n permanente\u201d, tanto a las regiones como al propio Ministerio de Trabajo de la que se encargar\u00e1 la Autoridad Independiente de Responsabilidad Fiscal (AIReF).<\/p>\n<p>De esta forma, la AIREF evaluar\u00e1 desde este ejercicio el gasto p\u00fablico en programas de ocupaci\u00f3n, formaci\u00f3n e incentivos a la contrataci\u00f3n para determinar la eficacia, es decir, qu\u00e9 est\u00e1 funcionando y qu\u00e9 no. La intenci\u00f3n de D\u00edaz es que el 45% de la financiaci\u00f3n a las CCAA en esta materia est\u00e9 condicionada a los resultados en el despliegue y ejecuci\u00f3n de las pol\u00edticas activas.<\/p>\n<p>Tambi\u00e9n ha se\u00f1alado el desarrollo de una \u00abgran plataforma com\u00fan\u00bb, un portal p\u00fablico de empleo en el que est\u00e9n todas las acciones. Seg\u00fan ha matizado, es necesario \u00abafrontar cambios de envergadura, tras m\u00e1s de cuarenta a\u00f1os de un dise\u00f1o un\u00edvoco, en el que las PAE han operado de manera deficiente, con un sesgo pasivo, centrado en el desempleo, y en direcci\u00f3n contraria a lo que Europa nos pide, que ha cuestionado reiteradamente los \u00edndices de precariedad, temporalidad y rotaci\u00f3n de nuestro mercado laboral.<\/p>\n<p>En la misma rueda de prensa, el secretario de Estado de Empleo y Econom\u00eda Social, Joaqu\u00edn P\u00e9rez Rey, ha indicado que las personas trabajadoras bajo un expediente de regulaci\u00f3n temporal del empleo (Erte) ser\u00e1n objetivo prioritario del impulso formativo.<\/p>\n<span class='bctt-click-to-tweet'><span class='bctt-ctt-text'><a href='https:\/\/twitter.com\/intent\/tweet?url=https%3A%2F%2Fconversesacatalunya.cat%2Fes%2Fel-ministerio-de-trabajo-repartira-3-500-millones-de-euros-con-condicionantes%2F&#038;text=Entre%20las%20principales%20novedades%20D%C3%ADaz%20ha%20explicado%20que%20el%20reparto%20de%20los%20fondos%20a%20las%20regiones%20estar%C3%A1%20condicionado%20al%20cumplimiento%20de%20una%20serie%20de%20objetivos%20y%20resultados%2C%20de%20forma%20que%20habr%C3%A1%20bonus%20positivos%20y%20negativos&#038;via=conversesacat&#038;related=conversesacat' target='_blank'rel=\"noopener noreferrer\">Entre las principales novedades D\u00edaz ha explicado que el reparto de los fondos a las regiones estar\u00e1 condicionado al cumplimiento de una serie de objetivos y resultados, de forma que habr\u00e1 bonus positivos y negativos <\/a><\/span><a href='https:\/\/twitter.com\/intent\/tweet?url=https%3A%2F%2Fconversesacatalunya.cat%2Fes%2Fel-ministerio-de-trabajo-repartira-3-500-millones-de-euros-con-condicionantes%2F&#038;text=Entre%20las%20principales%20novedades%20D%C3%ADaz%20ha%20explicado%20que%20el%20reparto%20de%20los%20fondos%20a%20las%20regiones%20estar%C3%A1%20condicionado%20al%20cumplimiento%20de%20una%20serie%20de%20objetivos%20y%20resultados%2C%20de%20forma%20que%20habr%C3%A1%20bonus%20positivos%20y%20negativos&#038;via=conversesacat&#038;related=conversesacat' target='_blank' class='bctt-ctt-btn'rel=\"noopener noreferrer\">Compartir en X<\/a><\/span>\n<div id=\"polls-99\" class=\"wp-polls\">\n\t<form id=\"polls_form_99\" class=\"wp-polls-form\" action=\"\/index.php\" method=\"post\">\n\t\t<p style=\"display: none;\"><input type=\"hidden\" id=\"poll_99_nonce\" name=\"wp-polls-nonce\" value=\"dc516b49a5\" \/><\/p>\n\t\t<p style=\"display: none;\"><input type=\"hidden\" name=\"poll_id\" value=\"99\" \/><\/p>\n\t\t<p style=\"text-align: center\"><strong>Ada Colau ha abandonat el seu compte de Twitter perqu\u00e8 rebia un exc\u00e9s de cr\u00edtiques?<\/strong><\/p><div id=\"polls-99-ans\" class=\"wp-polls-ans\"><ul class=\"wp-polls-ul\">\n\t\t<li><input type=\"radio\" id=\"poll-answer-232\" name=\"poll_99\" value=\"232\" \/> <label for=\"poll-answer-232\">Si<\/label><\/li>\n\t\t<li><input type=\"radio\" id=\"poll-answer-233\" name=\"poll_99\" value=\"233\" \/> <label for=\"poll-answer-233\">No<\/label><\/li>\n\t\t<\/ul><p style=\"text-align: center\"><input type=\"button\" name=\"vote\" value=\"   Vota   \" class=\"Buttons\" onclick=\"poll_vote(99);\" \/><\/p><p style=\"text-align: center\"><a href=\"#ViewPollResults\" onclick=\"poll_result(99); return false;\" title=\"View Results Of This Poll\">Mira els resultats<\/a><\/p><\/div>\n\t<\/form>\n<\/div>\n<div id=\"polls-99-loading\" class=\"wp-polls-loading\"><img decoding=\"async\" data-src=\"https:\/\/conversesacatalunya.cat\/wp-content\/plugins\/wp-polls\/images\/loading.gif\" width=\"16\" height=\"16\" alt=\"Cargando ...\" title=\"Cargando ...\" class=\"wp-polls-image lazyload\" src=\"data:image\/svg+xml;base64,PHN2ZyB3aWR0aD0iMSIgaGVpZ2h0PSIxIiB4bWxucz0iaHR0cDovL3d3dy53My5vcmcvMjAwMC9zdmciPjwvc3ZnPg==\" style=\"--smush-placeholder-width: 16px; --smush-placeholder-aspect-ratio: 16\/16;\" \/>&nbsp;Cargando ...<\/div>\n\n","protected":false},"excerpt":{"rendered":"<p>En dos semanas, el 28 de abril, las Comunidades Aut\u00f3nomas est\u00e1n convocadas por el gobierno para negociar el reparto de 2.100 millones de euros. El objetivo es la puesta en marcha de todo un nuevo sistema de pol\u00edticas activas de empleo para reducir el paro en sus respectivos territorios. El volumen presupuestario destinado a este fin supera los 3.500 millones de euros si se incluyen m\u00e1s de 1.100 millones con los que el Ministerio de Trabajo impulsar\u00e1 por su cuenta estas medidas, adem\u00e1s de otros 258 millones para fomentar el empleo agrario. As\u00ed lo han detallado la vicepresidenta tercera del Gobierno y ministra de Trabajo, Yolanda D\u00edaz, y el secretario de Estado de Empleo, Joaqu\u00edn P\u00e9rez Rey, durante la presentaci\u00f3n de la propuesta para la Conferencia Sectorial en materia de pol\u00edticas activas de empleo. Entre las principales novedades D\u00edaz ha explicado que el reparto de los fondos a las regiones estar\u00e1 condicionado al cumplimiento de una serie de objetivos y resultados, de forma que habr\u00e1 \u201cbonus positivos y negativos\u201d y \u201ccambia radicalmente el modelo\u201d. En este sentido, ha indicado que hay \u201cejemplos\u201d de CCAA que han desplegado buenas pol\u00edticas de empleo y \u201cotras que no\u201d, por lo que se van a condicionar los recursos a resultados y har\u00e1 una \u201cevaluaci\u00f3n permanente\u201d, tanto a las regiones como al propio Ministerio de Trabajo de la que se encargar\u00e1 la Autoridad Independiente de Responsabilidad Fiscal (AIReF). De esta forma, la AIREF evaluar\u00e1 desde este ejercicio el gasto p\u00fablico en programas de ocupaci\u00f3n, formaci\u00f3n e incentivos a la contrataci\u00f3n para determinar la eficacia, es decir, qu\u00e9 est\u00e1 funcionando y qu\u00e9 no. La intenci\u00f3n de D\u00edaz es que el 45% de la financiaci\u00f3n a las CCAA en esta materia est\u00e9 condicionada a los resultados en el despliegue y ejecuci\u00f3n de las pol\u00edticas activas. Tambi\u00e9n ha se\u00f1alado el desarrollo de una \u00abgran plataforma com\u00fan\u00bb, un portal p\u00fablico de empleo en el que est\u00e9n todas las acciones. Seg\u00fan ha matizado, es necesario \u00abafrontar cambios de envergadura, tras m\u00e1s de cuarenta a\u00f1os de un dise\u00f1o un\u00edvoco, en el que las PAE han operado de manera deficiente, con un sesgo pasivo, centrado en el desempleo, y en direcci\u00f3n contraria a lo que Europa nos pide, que ha cuestionado reiteradamente los \u00edndices de precariedad, temporalidad y rotaci\u00f3n de nuestro mercado laboral. En la misma rueda de prensa, el secretario de Estado de Empleo y Econom\u00eda Social, Joaqu\u00edn P\u00e9rez Rey, ha indicado que las personas trabajadoras bajo un expediente de regulaci\u00f3n temporal del empleo (Erte) ser\u00e1n objetivo prioritario del impulso formativo.<\/p>\n","protected":false},"author":20,"featured_media":47140,"comment_status":"open","ping_status":"open","sticky":false,"template":"","format":"standard","meta":{"_FSMCFIC_featured_image_caption":"","_FSMCFIC_featured_image_nocaption":"","_FSMCFIC_featured_image_hide":"","footnotes":""},"categories":[806],"tags":[1135,995,3006,1580,831,1579,2113],"class_list":["post-47147","post","type-post","status-publish","format-standard","has-post-thumbnail","hentry","category-punts-claus-del-dia-es","tag-atur-es","tag-crisi-es","tag-crisis-coronavirus","tag-desempleo","tag-economia-es","tag-paro","tag-treball-es"],"yoast_head":"<!-- This site is optimized with the Yoast SEO plugin v26.8 - https:\/\/yoast.com\/product\/yoast-seo-wordpress\/ -->\n<title>El Ministerio de Trabajo repartir\u00e1 3.500 millones de euros con condicionantes -<\/title>\n<meta name=\"description\" content=\"La ministra de Trabajo Yolanda D\u00edaz ha anunciado que la puesta en marcha del plan de ayudas al empleo vendr\u00e1 condicionado\" \/>\n<meta name=\"robots\" content=\"index, follow, max-snippet:-1, max-image-preview:large, max-video-preview:-1\" \/>\n<link rel=\"canonical\" href=\"https:\/\/conversesacatalunya.cat\/es\/el-ministerio-de-trabajo-repartira-3-500-millones-de-euros-con-condicionantes\/\" \/>\n<meta property=\"og:locale\" content=\"es_ES\" \/>\n<meta property=\"og:type\" content=\"article\" \/>\n<meta property=\"og:title\" content=\"El Ministerio de Trabajo repartir\u00e1 3.500 millones de euros con condicionantes -\" \/>\n<meta property=\"og:description\" content=\"La ministra de Trabajo Yolanda D\u00edaz ha anunciado que la puesta en marcha del plan de ayudas al empleo vendr\u00e1 condicionado\" \/>\n<meta property=\"og:url\" content=\"https:\/\/conversesacatalunya.cat\/es\/el-ministerio-de-trabajo-repartira-3-500-millones-de-euros-con-condicionantes\/\" \/>\n<meta property=\"og:site_name\" content=\"Converses a Catalunya\" \/>\n<meta property=\"article:published_time\" content=\"2021-04-19T09:00:14+00:00\" \/>\n<meta property=\"article:modified_time\" content=\"2021-04-19T09:11:01+00:00\" \/>\n<meta property=\"og:image\" content=\"https:\/\/conversesacatalunya.cat\/wp-content\/uploads\/2021\/04\/Capture-9.png\" \/>\n\t<meta property=\"og:image:width\" content=\"1127\" \/>\n\t<meta property=\"og:image:height\" content=\"674\" \/>\n\t<meta property=\"og:image:type\" content=\"image\/png\" \/>\n<meta name=\"author\" content=\"conversesacatalunya\" \/>\n<meta name=\"twitter:card\" content=\"summary_large_image\" \/>\n<meta name=\"twitter:label1\" content=\"Escrito por\" \/>\n\t<meta name=\"twitter:data1\" content=\"conversesacatalunya\" \/>\n\t<meta name=\"twitter:label2\" content=\"Tiempo de lectura\" \/>\n\t<meta name=\"twitter:data2\" content=\"3 minutos\" \/>\n<script type=\"application\/ld+json\" class=\"yoast-schema-graph\">{\"@context\":\"https:\/\/schema.org\",\"@graph\":[{\"@type\":\"Article\",\"@id\":\"https:\/\/conversesacatalunya.cat\/es\/el-ministerio-de-trabajo-repartira-3-500-millones-de-euros-con-condicionantes\/#article\",\"isPartOf\":{\"@id\":\"https:\/\/conversesacatalunya.cat\/es\/el-ministerio-de-trabajo-repartira-3-500-millones-de-euros-con-condicionantes\/\"},\"author\":{\"name\":\"conversesacatalunya\",\"@id\":\"https:\/\/conversesacatalunya.cat\/#\/schema\/person\/a7a9496a363cd9847daf7cd659d92e64\"},\"headline\":\"El Ministerio de Trabajo repartir\u00e1 3.500 millones de euros con condicionantes\",\"datePublished\":\"2021-04-19T09:00:14+00:00\",\"dateModified\":\"2021-04-19T09:11:01+00:00\",\"mainEntityOfPage\":{\"@id\":\"https:\/\/conversesacatalunya.cat\/es\/el-ministerio-de-trabajo-repartira-3-500-millones-de-euros-con-condicionantes\/\"},\"wordCount\":505,\"commentCount\":0,\"image\":{\"@id\":\"https:\/\/conversesacatalunya.cat\/es\/el-ministerio-de-trabajo-repartira-3-500-millones-de-euros-con-condicionantes\/#primaryimage\"},\"thumbnailUrl\":\"https:\/\/conversesacatalunya.cat\/wp-content\/uploads\/2021\/04\/Capture-9.png\",\"keywords\":[\"atur\",\"crisi\",\"crisis coronavirus\",\"Desempleo\",\"Economia\",\"Paro\",\"Treball\"],\"articleSection\":[\"Punts clau del dia (ES)\"],\"inLanguage\":\"es\",\"potentialAction\":[{\"@type\":\"CommentAction\",\"name\":\"Comment\",\"target\":[\"https:\/\/conversesacatalunya.cat\/es\/el-ministerio-de-trabajo-repartira-3-500-millones-de-euros-con-condicionantes\/#respond\"]}]},{\"@type\":\"WebPage\",\"@id\":\"https:\/\/conversesacatalunya.cat\/es\/el-ministerio-de-trabajo-repartira-3-500-millones-de-euros-con-condicionantes\/\",\"url\":\"https:\/\/conversesacatalunya.cat\/es\/el-ministerio-de-trabajo-repartira-3-500-millones-de-euros-con-condicionantes\/\",\"name\":\"El Ministerio de Trabajo repartir\u00e1 3.500 millones de euros con condicionantes -\",\"isPartOf\":{\"@id\":\"https:\/\/conversesacatalunya.cat\/#website\"},\"primaryImageOfPage\":{\"@id\":\"https:\/\/conversesacatalunya.cat\/es\/el-ministerio-de-trabajo-repartira-3-500-millones-de-euros-con-condicionantes\/#primaryimage\"},\"image\":{\"@id\":\"https:\/\/conversesacatalunya.cat\/es\/el-ministerio-de-trabajo-repartira-3-500-millones-de-euros-con-condicionantes\/#primaryimage\"},\"thumbnailUrl\":\"https:\/\/conversesacatalunya.cat\/wp-content\/uploads\/2021\/04\/Capture-9.png\",\"datePublished\":\"2021-04-19T09:00:14+00:00\",\"dateModified\":\"2021-04-19T09:11:01+00:00\",\"author\":{\"@id\":\"https:\/\/conversesacatalunya.cat\/#\/schema\/person\/a7a9496a363cd9847daf7cd659d92e64\"},\"description\":\"La ministra de Trabajo Yolanda D\u00edaz ha anunciado que la puesta en marcha del plan de ayudas al empleo vendr\u00e1 condicionado\",\"breadcrumb\":{\"@id\":\"https:\/\/conversesacatalunya.cat\/es\/el-ministerio-de-trabajo-repartira-3-500-millones-de-euros-con-condicionantes\/#breadcrumb\"},\"inLanguage\":\"es\",\"potentialAction\":[{\"@type\":\"ReadAction\",\"target\":[\"https:\/\/conversesacatalunya.cat\/es\/el-ministerio-de-trabajo-repartira-3-500-millones-de-euros-con-condicionantes\/\"]}]},{\"@type\":\"ImageObject\",\"inLanguage\":\"es\",\"@id\":\"https:\/\/conversesacatalunya.cat\/es\/el-ministerio-de-trabajo-repartira-3-500-millones-de-euros-con-condicionantes\/#primaryimage\",\"url\":\"https:\/\/conversesacatalunya.cat\/wp-content\/uploads\/2021\/04\/Capture-9.png\",\"contentUrl\":\"https:\/\/conversesacatalunya.cat\/wp-content\/uploads\/2021\/04\/Capture-9.png\",\"width\":1127,\"height\":674,\"caption\":\"treball\"},{\"@type\":\"BreadcrumbList\",\"@id\":\"https:\/\/conversesacatalunya.cat\/es\/el-ministerio-de-trabajo-repartira-3-500-millones-de-euros-con-condicionantes\/#breadcrumb\",\"itemListElement\":[{\"@type\":\"ListItem\",\"position\":1,\"name\":\"Inici\",\"item\":\"https:\/\/conversesacatalunya.cat\/es\/\"},{\"@type\":\"ListItem\",\"position\":2,\"name\":\"El Ministerio de Trabajo repartir\u00e1 3.500 millones de euros con condicionantes\"}]},{\"@type\":\"WebSite\",\"@id\":\"https:\/\/conversesacatalunya.cat\/#website\",\"url\":\"https:\/\/conversesacatalunya.cat\/\",\"name\":\"Converses a Catalunya\",\"description\":\"\",\"potentialAction\":[{\"@type\":\"SearchAction\",\"target\":{\"@type\":\"EntryPoint\",\"urlTemplate\":\"https:\/\/conversesacatalunya.cat\/?s={search_term_string}\"},\"query-input\":{\"@type\":\"PropertyValueSpecification\",\"valueRequired\":true,\"valueName\":\"search_term_string\"}}],\"inLanguage\":\"es\"},{\"@type\":\"Person\",\"@id\":\"https:\/\/conversesacatalunya.cat\/#\/schema\/person\/a7a9496a363cd9847daf7cd659d92e64\",\"name\":\"conversesacatalunya\",\"image\":{\"@type\":\"ImageObject\",\"inLanguage\":\"es\",\"@id\":\"https:\/\/conversesacatalunya.cat\/#\/schema\/person\/image\/\",\"url\":\"https:\/\/conversesacatalunya.cat\/wp-content\/litespeed\/avatar\/ff91582b44ff9c880dc9c5ac2f5c7e89.jpg?ver=1777372947\",\"contentUrl\":\"https:\/\/conversesacatalunya.cat\/wp-content\/litespeed\/avatar\/ff91582b44ff9c880dc9c5ac2f5c7e89.jpg?ver=1777372947\",\"caption\":\"conversesacatalunya\"},\"url\":\"https:\/\/conversesacatalunya.cat\/es\/author\/francisco_garcia\/\"}]}<\/script>\n<!-- \/ Yoast SEO plugin. -->","yoast_head_json":{"title":"El Ministerio de Trabajo repartir\u00e1 3.500 millones de euros con condicionantes -","description":"La ministra de Trabajo Yolanda D\u00edaz ha anunciado que la puesta en marcha del plan de ayudas al empleo vendr\u00e1 condicionado","robots":{"index":"index","follow":"follow","max-snippet":"max-snippet:-1","max-image-preview":"max-image-preview:large","max-video-preview":"max-video-preview:-1"},"canonical":"https:\/\/conversesacatalunya.cat\/es\/el-ministerio-de-trabajo-repartira-3-500-millones-de-euros-con-condicionantes\/","og_locale":"es_ES","og_type":"article","og_title":"El Ministerio de Trabajo repartir\u00e1 3.500 millones de euros con condicionantes -","og_description":"La ministra de Trabajo Yolanda D\u00edaz ha anunciado que la puesta en marcha del plan de ayudas al empleo vendr\u00e1 condicionado","og_url":"https:\/\/conversesacatalunya.cat\/es\/el-ministerio-de-trabajo-repartira-3-500-millones-de-euros-con-condicionantes\/","og_site_name":"Converses a Catalunya","article_published_time":"2021-04-19T09:00:14+00:00","article_modified_time":"2021-04-19T09:11:01+00:00","og_image":[{"width":1127,"height":674,"url":"https:\/\/conversesacatalunya.cat\/wp-content\/uploads\/2021\/04\/Capture-9.png","type":"image\/png"}],"author":"conversesacatalunya","twitter_card":"summary_large_image","twitter_misc":{"Escrito por":"conversesacatalunya","Tiempo de lectura":"3 minutos"},"schema":{"@context":"https:\/\/schema.org","@graph":[{"@type":"Article","@id":"https:\/\/conversesacatalunya.cat\/es\/el-ministerio-de-trabajo-repartira-3-500-millones-de-euros-con-condicionantes\/#article","isPartOf":{"@id":"https:\/\/conversesacatalunya.cat\/es\/el-ministerio-de-trabajo-repartira-3-500-millones-de-euros-con-condicionantes\/"},"author":{"name":"conversesacatalunya","@id":"https:\/\/conversesacatalunya.cat\/#\/schema\/person\/a7a9496a363cd9847daf7cd659d92e64"},"headline":"El Ministerio de Trabajo repartir\u00e1 3.500 millones de euros con condicionantes","datePublished":"2021-04-19T09:00:14+00:00","dateModified":"2021-04-19T09:11:01+00:00","mainEntityOfPage":{"@id":"https:\/\/conversesacatalunya.cat\/es\/el-ministerio-de-trabajo-repartira-3-500-millones-de-euros-con-condicionantes\/"},"wordCount":505,"commentCount":0,"image":{"@id":"https:\/\/conversesacatalunya.cat\/es\/el-ministerio-de-trabajo-repartira-3-500-millones-de-euros-con-condicionantes\/#primaryimage"},"thumbnailUrl":"https:\/\/conversesacatalunya.cat\/wp-content\/uploads\/2021\/04\/Capture-9.png","keywords":["atur","crisi","crisis coronavirus","Desempleo","Economia","Paro","Treball"],"articleSection":["Punts clau del dia (ES)"],"inLanguage":"es","potentialAction":[{"@type":"CommentAction","name":"Comment","target":["https:\/\/conversesacatalunya.cat\/es\/el-ministerio-de-trabajo-repartira-3-500-millones-de-euros-con-condicionantes\/#respond"]}]},{"@type":"WebPage","@id":"https:\/\/conversesacatalunya.cat\/es\/el-ministerio-de-trabajo-repartira-3-500-millones-de-euros-con-condicionantes\/","url":"https:\/\/conversesacatalunya.cat\/es\/el-ministerio-de-trabajo-repartira-3-500-millones-de-euros-con-condicionantes\/","name":"El Ministerio de Trabajo repartir\u00e1 3.500 millones de euros con condicionantes -","isPartOf":{"@id":"https:\/\/conversesacatalunya.cat\/#website"},"primaryImageOfPage":{"@id":"https:\/\/conversesacatalunya.cat\/es\/el-ministerio-de-trabajo-repartira-3-500-millones-de-euros-con-condicionantes\/#primaryimage"},"image":{"@id":"https:\/\/conversesacatalunya.cat\/es\/el-ministerio-de-trabajo-repartira-3-500-millones-de-euros-con-condicionantes\/#primaryimage"},"thumbnailUrl":"https:\/\/conversesacatalunya.cat\/wp-content\/uploads\/2021\/04\/Capture-9.png","datePublished":"2021-04-19T09:00:14+00:00","dateModified":"2021-04-19T09:11:01+00:00","author":{"@id":"https:\/\/conversesacatalunya.cat\/#\/schema\/person\/a7a9496a363cd9847daf7cd659d92e64"},"description":"La ministra de Trabajo Yolanda D\u00edaz ha anunciado que la puesta en marcha del plan de ayudas al empleo vendr\u00e1 condicionado","breadcrumb":{"@id":"https:\/\/conversesacatalunya.cat\/es\/el-ministerio-de-trabajo-repartira-3-500-millones-de-euros-con-condicionantes\/#breadcrumb"},"inLanguage":"es","potentialAction":[{"@type":"ReadAction","target":["https:\/\/conversesacatalunya.cat\/es\/el-ministerio-de-trabajo-repartira-3-500-millones-de-euros-con-condicionantes\/"]}]},{"@type":"ImageObject","inLanguage":"es","@id":"https:\/\/conversesacatalunya.cat\/es\/el-ministerio-de-trabajo-repartira-3-500-millones-de-euros-con-condicionantes\/#primaryimage","url":"https:\/\/conversesacatalunya.cat\/wp-content\/uploads\/2021\/04\/Capture-9.png","contentUrl":"https:\/\/conversesacatalunya.cat\/wp-content\/uploads\/2021\/04\/Capture-9.png","width":1127,"height":674,"caption":"treball"},{"@type":"BreadcrumbList","@id":"https:\/\/conversesacatalunya.cat\/es\/el-ministerio-de-trabajo-repartira-3-500-millones-de-euros-con-condicionantes\/#breadcrumb","itemListElement":[{"@type":"ListItem","position":1,"name":"Inici","item":"https:\/\/conversesacatalunya.cat\/es\/"},{"@type":"ListItem","position":2,"name":"El Ministerio de Trabajo repartir\u00e1 3.500 millones de euros con condicionantes"}]},{"@type":"WebSite","@id":"https:\/\/conversesacatalunya.cat\/#website","url":"https:\/\/conversesacatalunya.cat\/","name":"Converses a Catalunya","description":"","potentialAction":[{"@type":"SearchAction","target":{"@type":"EntryPoint","urlTemplate":"https:\/\/conversesacatalunya.cat\/?s={search_term_string}"},"query-input":{"@type":"PropertyValueSpecification","valueRequired":true,"valueName":"search_term_string"}}],"inLanguage":"es"},{"@type":"Person","@id":"https:\/\/conversesacatalunya.cat\/#\/schema\/person\/a7a9496a363cd9847daf7cd659d92e64","name":"conversesacatalunya","image":{"@type":"ImageObject","inLanguage":"es","@id":"https:\/\/conversesacatalunya.cat\/#\/schema\/person\/image\/","url":"https:\/\/conversesacatalunya.cat\/wp-content\/litespeed\/avatar\/ff91582b44ff9c880dc9c5ac2f5c7e89.jpg?ver=1777372947","contentUrl":"https:\/\/conversesacatalunya.cat\/wp-content\/litespeed\/avatar\/ff91582b44ff9c880dc9c5ac2f5c7e89.jpg?ver=1777372947","caption":"conversesacatalunya"},"url":"https:\/\/conversesacatalunya.cat\/es\/author\/francisco_garcia\/"}]}},"wps_subtitle":"La ministra de Trabajo Yolanda D\u00edaz ha anunciado que la puesta en marcha del plan de ayudas al empleo vendr\u00e1 condicionado por el cumplimiento de objetivos y resultados por parte de las Comunidades Aut\u00f3nomas","_links":{"self":[{"href":"https:\/\/conversesacatalunya.cat\/es\/wp-json\/wp\/v2\/posts\/47147","targetHints":{"allow":["GET"]}}],"collection":[{"href":"https:\/\/conversesacatalunya.cat\/es\/wp-json\/wp\/v2\/posts"}],"about":[{"href":"https:\/\/conversesacatalunya.cat\/es\/wp-json\/wp\/v2\/types\/post"}],"author":[{"embeddable":true,"href":"https:\/\/conversesacatalunya.cat\/es\/wp-json\/wp\/v2\/users\/20"}],"replies":[{"embeddable":true,"href":"https:\/\/conversesacatalunya.cat\/es\/wp-json\/wp\/v2\/comments?post=47147"}],"version-history":[{"count":2,"href":"https:\/\/conversesacatalunya.cat\/es\/wp-json\/wp\/v2\/posts\/47147\/revisions"}],"predecessor-version":[{"id":47149,"href":"https:\/\/conversesacatalunya.cat\/es\/wp-json\/wp\/v2\/posts\/47147\/revisions\/47149"}],"wp:featuredmedia":[{"embeddable":true,"href":"https:\/\/conversesacatalunya.cat\/es\/wp-json\/wp\/v2\/media\/47140"}],"wp:attachment":[{"href":"https:\/\/conversesacatalunya.cat\/es\/wp-json\/wp\/v2\/media?parent=47147"}],"wp:term":[{"taxonomy":"category","embeddable":true,"href":"https:\/\/conversesacatalunya.cat\/es\/wp-json\/wp\/v2\/categories?post=47147"},{"taxonomy":"post_tag","embeddable":true,"href":"https:\/\/conversesacatalunya.cat\/es\/wp-json\/wp\/v2\/tags?post=47147"}],"curies":[{"name":"wp","href":"https:\/\/api.w.org\/{rel}","templated":true}]}}